{"id":10274,"date":"2022-05-23T10:27:50","date_gmt":"2022-05-23T09:27:50","guid":{"rendered":"https:\/\/www.welovecycling.com\/de\/?p=10274"},"modified":"2022-05-23T10:27:50","modified_gmt":"2022-05-23T09:27:50","slug":"ciccone-gewinnt-die-15-etappe-beim-giro-und-mehr-neuigkeiten-aus-der-radsportwelt","status":"publish","type":"post","link":"https:\/\/www.welovecycling.com\/de\/2022\/05\/23\/ciccone-gewinnt-die-15-etappe-beim-giro-und-mehr-neuigkeiten-aus-der-radsportwelt\/","title":{"rendered":"Ciccone gewinnt die 15. Etappe beim Giro und mehr Neuigkeiten aus der Radsportwelt"},"content":{"rendered":"<p><strong>Es ist wieder Montag und somit Zeit f\u00fcr Neuigkeiten aus der Radsportwelt! Hier ein \u00dcberblick, damit ihr auch nichts verpasst.<\/strong><\/p>\n<p><!--more--><\/p>\n<h2><strong>Der unantastbare Italiener<\/strong><\/h2>\n<p>Giulio Ciccone (Trek-Segafredo) hat die 15. Etappe des Giro d&#8217;Italia in beeindruckender Manier gewonnen. Er griff am letzten Anstieg nach Cogne an und lie\u00df 18 km vor dem Ziel alle anderen hinter sich. Am Ende gewann er mit \u00fcber einer Minute Vorsprung. Es war erst der dritte Giro-Etappensieg in der Geschichte von Trek-Segafredo. Ein sch\u00f6nes Trostpflaster, nachdem am Vortag das Rosa Trikot an Ineos Grenadiers verloren ging. Richard Carapaz bleibt in der Gesamtwertung in F\u00fchrung, nachdem sein Team das Peloton kontrollierte und keinen der Favoriten auf den Gesamtsieg Zeit gewinnen lie\u00df.<\/p>\n<div class=\"embed-controller-wrapper\">\n<blockquote class=\"twitter-tweet\" data-width=\"500\" data-dnt=\"true\">\n<p lang=\"en\" dir=\"ltr\">You can see how much this meant to <a href=\"https:\/\/twitter.com\/giuliocicco1?ref_src=twsrc%5Etfw\">@giuliocicco1<\/a> \ud83d\ude2d <a href=\"https:\/\/twitter.com\/hashtag\/Giro?src=hash&amp;ref_src=twsrc%5Etfw\">#Giro<\/a> <a href=\"https:\/\/twitter.com\/hashtag\/GiroDItalia?src=hash&amp;ref_src=twsrc%5Etfw\">#GiroDItalia<\/a> <a href=\"https:\/\/t.co\/PZeJ2aj5x0\">pic.twitter.com\/PZeJ2aj5x0<\/a><\/p>\n<p>&mdash; Lidl-Trek (@LidlTrek) <a href=\"https:\/\/twitter.com\/LidlTrek\/status\/1528392521591754752?ref_src=twsrc%5Etfw\">May 22, 2022<\/a><\/p><\/blockquote>\n<p><script async data-src=\"https:\/\/platform.twitter.com\/widgets.js\" charset=\"utf-8\"><\/script><\/div>\n<h4><strong>Giro d\u2019Italia 2022 \u2013 Ergenisse Etappe 15 (Rivarolo Canavese to Cogne, 177km)<\/strong><\/h4>\n<ol>\n<li>Giulio Ciccone (Trek-Segafredo) \u2013 4:37:41<\/li>\n<li>Santiago Buitrago (Bahrain-Victorious) + 1:31<\/li>\n<li>Antonio Pedrero (Movistar) + 2:19<\/li>\n<\/ol>\n<h4><strong>Giro d\u2019Italia 2022 \u2013 <\/strong><strong>Gesamtwertung<\/strong><\/h4>\n<ol>\n<li>Richard Carapaz (Ineos Grenadiers) \u2013 63:06:57<\/li>\n<li>Jai Hindley (BORA-Hansgrohe) + 7 seconds<\/li>\n<li>Jo\u00e3o Almeida (UAE Team Emirates) + 30 seconds<\/li>\n<li>Mikel Landa (Bahrain-Victorious) + 59 seconds<\/li>\n<li>Domenico Pozzovivo (Intermarch\u00e9-Wanty-Gobert Mat\u00e9riaux) + 1:01<\/li>\n<li>Pello Bilbao (Bahrain-Victorious) + 1:52<\/li>\n<li>Emanuel Buchmann (BORA-Hansgrohe) + 1:58<\/li>\n<li>Vincenzo Nibali (Astana Qazaqstan Team) + 2:58<\/li>\n<li>Juan Pedro L\u00f3pez (Trek-Segafredo) + 4:04<\/li>\n<li>Guillaume Martin (Cofidis) + 8:02<\/li>\n<\/ol>\n<h2><strong>Verdient<\/strong><\/h2>\n<div class=\"embed-controller-wrapper\">\n<blockquote class=\"twitter-tweet\" data-width=\"500\" data-dnt=\"true\">\n<p lang=\"zxx\" dir=\"ltr\"><a href=\"https:\/\/t.co\/cFk3qIZM2E\">pic.twitter.com\/cFk3qIZM2E<\/a><\/p>\n<p>&mdash; Cycling out of context (@OutOfCycling) <a href=\"https:\/\/twitter.com\/OutOfCycling\/status\/1528429258946883585?ref_src=twsrc%5Etfw\">May 22, 2022<\/a><\/p><\/blockquote>\n<p><script async data-src=\"https:\/\/platform.twitter.com\/widgets.js\" charset=\"utf-8\"><\/script><\/div>\n<h2><strong>Do it<\/strong><\/h2>\n<div class=\"embed-controller-wrapper\">\n<blockquote class=\"twitter-tweet\" data-width=\"500\" data-dnt=\"true\">\n<p lang=\"en\" dir=\"ltr\">If you\u2019re wondering about taking up cycling, DO IT!<br \/>Cycling and the awesome cycling community has changed my life. Here is me 10 years apart. I was unfit, depressed and struggling. Now I\u2019m breaking records, making positive changes and HAPPY!!! \ud83d\udc97 <a href=\"https:\/\/twitter.com\/hashtag\/MentalHealthAwarenessMonth?src=hash&amp;ref_src=twsrc%5Etfw\">#MentalHealthAwarenessMonth<\/a> <a href=\"https:\/\/t.co\/U9azHGDe6Z\">pic.twitter.com\/U9azHGDe6Z<\/a><\/p>\n<p>&mdash; Louise Vardeman (@lougloug) <a href=\"https:\/\/twitter.com\/lougloug\/status\/1526890382956560385?ref_src=twsrc%5Etfw\">May 18, 2022<\/a><\/p><\/blockquote>\n<p><script async data-src=\"https:\/\/platform.twitter.com\/widgets.js\" charset=\"utf-8\"><\/script><\/div>\n<h2><strong>Auf ins Abenteuer!<\/strong><\/h2>\n<div class=\"embed-controller-wrapper\">\n<blockquote class=\"twitter-tweet\" data-width=\"500\" data-dnt=\"true\">\n<p lang=\"en\" dir=\"ltr\">Misty Mountains at the <a href=\"https:\/\/twitter.com\/hashtag\/Giro?src=hash&amp;ref_src=twsrc%5Etfw\">#Giro<\/a>.<\/p>\n<p>Makes you wonder what Bilbo Baggins and the rest of the dwarves are doing nowadays. <a href=\"https:\/\/t.co\/nPARzspLsO\">pic.twitter.com\/nPARzspLsO<\/a><\/p>\n<p>&mdash; Soudal Quick-Step Pro Cycling Team (@soudalquickstep) <a href=\"https:\/\/twitter.com\/soudalquickstep\/status\/1528377564112232450?ref_src=twsrc%5Etfw\">May 22, 2022<\/a><\/p><\/blockquote>\n<p><script async data-src=\"https:\/\/platform.twitter.com\/widgets.js\" charset=\"utf-8\"><\/script><\/div>\n<h2><strong>Das tut weh<\/strong><\/h2>\n<div class=\"embed-controller-wrapper\">\n<blockquote class=\"twitter-tweet\" data-width=\"500\" data-dnt=\"true\">\n<p lang=\"en\" dir=\"ltr\">When you look on the TV schedule and see there\u2019s no cycling today&#8230;<\/p>\n<p>Photo: <a href=\"https:\/\/twitter.com\/BeelWout?ref_src=twsrc%5Etfw\">@BeelWout<\/a> <a href=\"https:\/\/t.co\/b7hXEC2dFj\">pic.twitter.com\/b7hXEC2dFj<\/a><\/p>\n<p>&mdash; Soudal Quick-Step Pro Cycling Team (@soudalquickstep) <a href=\"https:\/\/twitter.com\/soudalquickstep\/status\/1526120936432361472?ref_src=twsrc%5Etfw\">May 16, 2022<\/a><\/p><\/blockquote>\n<p><script async data-src=\"https:\/\/platform.twitter.com\/widgets.js\" charset=\"utf-8\"><\/script><\/div>\n<h2><strong>Auf jeden Fall!<\/strong><\/h2>\n<div class=\"embed-controller-wrapper\">\n<blockquote class=\"twitter-tweet\" data-width=\"500\" data-dnt=\"true\">\n<p lang=\"en\" dir=\"ltr\">This is what shouting a rider to the finishline sounds like! <a href=\"https:\/\/twitter.com\/nikolas_maes?ref_src=twsrc%5Etfw\">@nikolas_maes<\/a> telling <a href=\"https:\/\/twitter.com\/FlorianVermeers?ref_src=twsrc%5Etfw\">@FlorianVermeers<\/a> to \u2018bluv\u2019n boren\u2019. <a href=\"https:\/\/t.co\/CqnHxH6nR1\">pic.twitter.com\/CqnHxH6nR1<\/a><\/p>\n<p>&mdash; Lotto Dstny (@lotto_dstny) <a href=\"https:\/\/twitter.com\/lotto_dstny\/status\/1528462802817540096?ref_src=twsrc%5Etfw\">May 22, 2022<\/a><\/p><\/blockquote>\n<p><script async data-src=\"https:\/\/platform.twitter.com\/widgets.js\" charset=\"utf-8\"><\/script><\/div>\n","protected":false},"excerpt":{"rendered":"<p>Es ist wieder Montag und somit Zeit f\u00fcr Neuigkeiten aus der Radsportwelt! Hier ein \u00dcberblick, damit ihr auch nichts verpasst.<\/p>\n","protected":false},"author":115,"featured_media":10281,"comment_status":"open","ping_status":"open","sticky":false,"template":"","format":"standard","meta":{"footnotes":""},"categories":[1],"tags":[],"global-categories":[],"class_list":["post-10274","post","type-post","status-publish","format-standard","has-post-thumbnail","hentry","category-allgemein"],"yoast_head":"<!-- This site is optimized with the Yoast SEO Premium plugin v25.3 (Yoast SEO v25.9) - https:\/\/yoast.com\/wordpress\/plugins\/seo\/ -->\n<title>Ciccone Wins Stage 15 at the Giro - We Love Cycling<\/title>\n<meta name=\"description\" content=\"Es ist wieder Montag und somit Zeit f\u00fcr Neuigkeiten aus der Radsportwelt! Hier ein \u00dcberblick, damit ihr auch nichts verpasst.\" \/>\n<meta name=\"robots\" content=\"index, follow, max-snippet:-1, max-image-preview:large, max-video-preview:-1\" \/>\n<link rel=\"canonical\" href=\"https:\/\/www.welovecycling.com\/de\/2022\/05\/23\/ciccone-gewinnt-die-15-etappe-beim-giro-und-mehr-neuigkeiten-aus-der-radsportwelt\/\" \/>\n<meta property=\"og:locale\" content=\"de_DE\" \/>\n<meta property=\"og:type\" content=\"article\" \/>\n<meta property=\"og:title\" content=\"Ciccone gewinnt die 15. Etappe beim Giro und mehr Neuigkeiten aus der Radsportwelt\" \/>\n<meta property=\"og:description\" content=\"Es ist wieder Montag und somit Zeit f\u00fcr Neuigkeiten aus der Radsportwelt! Hier ein \u00dcberblick, damit ihr auch nichts verpasst.\" \/>\n<meta property=\"og:url\" content=\"https:\/\/www.welovecycling.com\/de\/2022\/05\/23\/ciccone-gewinnt-die-15-etappe-beim-giro-und-mehr-neuigkeiten-aus-der-radsportwelt\/\" \/>\n<meta property=\"og:site_name\" content=\"\u0160koda We Love Cycling - Deutschland\" \/>\n<meta property=\"article:published_time\" content=\"2022-05-23T09:27:50+00:00\" \/>\n<meta property=\"og:image\" content=\"https:\/\/d2p6e6u75xmxt8.cloudfront.net\/10\/2022\/05\/Giulio-Ciccone-Giro-2022-profimedia-0693544519-CVR.jpg\" \/>\n\t<meta property=\"og:image:width\" content=\"990\" \/>\n\t<meta property=\"og:image:height\" content=\"660\" \/>\n\t<meta property=\"og:image:type\" content=\"image\/jpeg\" \/>\n<meta name=\"author\" content=\"jbraeker\" \/>\n<meta name=\"twitter:card\" content=\"summary_large_image\" \/>\n<meta name=\"twitter:label1\" content=\"Written by\" \/>\n\t<meta name=\"twitter:data1\" content=\"WeLoveCycling\" \/>\n\t<meta name=\"twitter:label2\" content=\"Est. reading time\" \/>\n\t<meta name=\"twitter:data2\" content=\"4\" \/>\n<script type=\"application\/ld+json\" class=\"yoast-schema-graph\">{\"@context\":\"https:\/\/schema.org\",\"@graph\":[{\"@type\":\"WebPage\",\"@id\":\"https:\/\/www.welovecycling.com\/de\/2022\/05\/23\/ciccone-gewinnt-die-15-etappe-beim-giro-und-mehr-neuigkeiten-aus-der-radsportwelt\/\",\"url\":\"https:\/\/www.welovecycling.com\/de\/2022\/05\/23\/ciccone-gewinnt-die-15-etappe-beim-giro-und-mehr-neuigkeiten-aus-der-radsportwelt\/\",\"name\":\"Ciccone Wins Stage 15 at the Giro - We Love Cycling\",\"isPartOf\":{\"@id\":\"https:\/\/www.welovecycling.com\/de\/#website\"},\"primaryImageOfPage\":{\"@id\":\"https:\/\/www.welovecycling.com\/de\/2022\/05\/23\/ciccone-gewinnt-die-15-etappe-beim-giro-und-mehr-neuigkeiten-aus-der-radsportwelt\/#primaryimage\"},\"image\":{\"@id\":\"https:\/\/www.welovecycling.com\/de\/2022\/05\/23\/ciccone-gewinnt-die-15-etappe-beim-giro-und-mehr-neuigkeiten-aus-der-radsportwelt\/#primaryimage\"},\"thumbnailUrl\":\"https:\/\/d2p6e6u75xmxt8.cloudfront.net\/10\/2022\/05\/Giulio-Ciccone-Giro-2022-profimedia-0693544519-CVR.jpg\",\"datePublished\":\"2022-05-23T09:27:50+00:00\",\"author\":{\"@id\":\"https:\/\/www.welovecycling.com\/de\/#\/schema\/person\/915694b3c8d0de9019932587781ba6b3\"},\"description\":\"Es ist wieder Montag und somit Zeit f\u00fcr Neuigkeiten aus der Radsportwelt! Hier ein \u00dcberblick, damit ihr auch nichts verpasst.\",\"breadcrumb\":{\"@id\":\"https:\/\/www.welovecycling.com\/de\/2022\/05\/23\/ciccone-gewinnt-die-15-etappe-beim-giro-und-mehr-neuigkeiten-aus-der-radsportwelt\/#breadcrumb\"},\"inLanguage\":\"de-DE\",\"potentialAction\":[{\"@type\":\"ReadAction\",\"target\":[\"https:\/\/www.welovecycling.com\/de\/2022\/05\/23\/ciccone-gewinnt-die-15-etappe-beim-giro-und-mehr-neuigkeiten-aus-der-radsportwelt\/\"]}]},{\"@type\":\"ImageObject\",\"inLanguage\":\"de-DE\",\"@id\":\"https:\/\/www.welovecycling.com\/de\/2022\/05\/23\/ciccone-gewinnt-die-15-etappe-beim-giro-und-mehr-neuigkeiten-aus-der-radsportwelt\/#primaryimage\",\"url\":\"https:\/\/d2p6e6u75xmxt8.cloudfront.net\/10\/2022\/05\/Giulio-Ciccone-Giro-2022-profimedia-0693544519-CVR.jpg\",\"contentUrl\":\"https:\/\/d2p6e6u75xmxt8.cloudfront.net\/10\/2022\/05\/Giulio-Ciccone-Giro-2022-profimedia-0693544519-CVR.jpg\",\"width\":990,\"height\":660,\"caption\":\"Giulio Ciccone\"},{\"@type\":\"BreadcrumbList\",\"@id\":\"https:\/\/www.welovecycling.com\/de\/2022\/05\/23\/ciccone-gewinnt-die-15-etappe-beim-giro-und-mehr-neuigkeiten-aus-der-radsportwelt\/#breadcrumb\",\"itemListElement\":[{\"@type\":\"ListItem\",\"position\":1,\"name\":\"Home\",\"item\":\"https:\/\/www.welovecycling.com\/de\/\"},{\"@type\":\"ListItem\",\"position\":2,\"name\":\"Ciccone gewinnt die 15. Etappe beim Giro und mehr Neuigkeiten aus der Radsportwelt\"}]},{\"@type\":\"WebSite\",\"@id\":\"https:\/\/www.welovecycling.com\/de\/#website\",\"url\":\"https:\/\/www.welovecycling.com\/de\/\",\"name\":\"\u0160koda We Love Cycling - Deutschland\",\"description\":\"Just another \u0160koda WeLoveCycling Sites site\",\"potentialAction\":[{\"@type\":\"SearchAction\",\"target\":{\"@type\":\"EntryPoint\",\"urlTemplate\":\"https:\/\/www.welovecycling.com\/de\/?s={search_term_string}\"},\"query-input\":{\"@type\":\"PropertyValueSpecification\",\"valueRequired\":true,\"valueName\":\"search_term_string\"}}],\"inLanguage\":\"de-DE\"},{\"@type\":\"Person\",\"@id\":\"https:\/\/www.welovecycling.com\/de\/#\/schema\/person\/915694b3c8d0de9019932587781ba6b3\",\"name\":\"jbraeker\",\"image\":{\"@type\":\"ImageObject\",\"inLanguage\":\"de-DE\",\"@id\":\"https:\/\/www.welovecycling.com\/de\/#\/schema\/person\/image\/\",\"url\":\"https:\/\/secure.gravatar.com\/avatar\/8b4aea90e4535aae30b5b720249e5b723ae59fcf3d54757dd8b748d97b46d3c9?s=96&d=mm&r=g\",\"contentUrl\":\"https:\/\/secure.gravatar.com\/avatar\/8b4aea90e4535aae30b5b720249e5b723ae59fcf3d54757dd8b748d97b46d3c9?s=96&d=mm&r=g\",\"caption\":\"jbraeker\"},\"url\":\"https:\/\/www.welovecycling.com\/de\/author\/jbraeker\/\"}]}<\/script>\n<!-- \/ Yoast SEO Premium plugin. -->","yoast_head_json":{"title":"Ciccone Wins Stage 15 at the Giro - We Love Cycling","description":"Es ist wieder Montag und somit Zeit f\u00fcr Neuigkeiten aus der Radsportwelt! Hier ein \u00dcberblick, damit ihr auch nichts verpasst.","robots":{"index":"index","follow":"follow","max-snippet":"max-snippet:-1","max-image-preview":"max-image-preview:large","max-video-preview":"max-video-preview:-1"},"canonical":"https:\/\/www.welovecycling.com\/de\/2022\/05\/23\/ciccone-gewinnt-die-15-etappe-beim-giro-und-mehr-neuigkeiten-aus-der-radsportwelt\/","og_locale":"de_DE","og_type":"article","og_title":"Ciccone gewinnt die 15. Etappe beim Giro und mehr Neuigkeiten aus der Radsportwelt","og_description":"Es ist wieder Montag und somit Zeit f\u00fcr Neuigkeiten aus der Radsportwelt! Hier ein \u00dcberblick, damit ihr auch nichts verpasst.","og_url":"https:\/\/www.welovecycling.com\/de\/2022\/05\/23\/ciccone-gewinnt-die-15-etappe-beim-giro-und-mehr-neuigkeiten-aus-der-radsportwelt\/","og_site_name":"\u0160koda We Love Cycling - Deutschland","article_published_time":"2022-05-23T09:27:50+00:00","og_image":[{"width":990,"height":660,"url":"https:\/\/d2p6e6u75xmxt8.cloudfront.net\/10\/2022\/05\/Giulio-Ciccone-Giro-2022-profimedia-0693544519-CVR.jpg","type":"image\/jpeg"}],"author":"jbraeker","twitter_card":"summary_large_image","twitter_misc":{"Written by":"WeLoveCycling","Est. reading time":"4"},"schema":{"@context":"https:\/\/schema.org","@graph":[{"@type":"WebPage","@id":"https:\/\/www.welovecycling.com\/de\/2022\/05\/23\/ciccone-gewinnt-die-15-etappe-beim-giro-und-mehr-neuigkeiten-aus-der-radsportwelt\/","url":"https:\/\/www.welovecycling.com\/de\/2022\/05\/23\/ciccone-gewinnt-die-15-etappe-beim-giro-und-mehr-neuigkeiten-aus-der-radsportwelt\/","name":"Ciccone Wins Stage 15 at the Giro - We Love Cycling","isPartOf":{"@id":"https:\/\/www.welovecycling.com\/de\/#website"},"primaryImageOfPage":{"@id":"https:\/\/www.welovecycling.com\/de\/2022\/05\/23\/ciccone-gewinnt-die-15-etappe-beim-giro-und-mehr-neuigkeiten-aus-der-radsportwelt\/#primaryimage"},"image":{"@id":"https:\/\/www.welovecycling.com\/de\/2022\/05\/23\/ciccone-gewinnt-die-15-etappe-beim-giro-und-mehr-neuigkeiten-aus-der-radsportwelt\/#primaryimage"},"thumbnailUrl":"https:\/\/d2p6e6u75xmxt8.cloudfront.net\/10\/2022\/05\/Giulio-Ciccone-Giro-2022-profimedia-0693544519-CVR.jpg","datePublished":"2022-05-23T09:27:50+00:00","author":{"@id":"https:\/\/www.welovecycling.com\/de\/#\/schema\/person\/915694b3c8d0de9019932587781ba6b3"},"description":"Es ist wieder Montag und somit Zeit f\u00fcr Neuigkeiten aus der Radsportwelt! Hier ein \u00dcberblick, damit ihr auch nichts verpasst.","breadcrumb":{"@id":"https:\/\/www.welovecycling.com\/de\/2022\/05\/23\/ciccone-gewinnt-die-15-etappe-beim-giro-und-mehr-neuigkeiten-aus-der-radsportwelt\/#breadcrumb"},"inLanguage":"de-DE","potentialAction":[{"@type":"ReadAction","target":["https:\/\/www.welovecycling.com\/de\/2022\/05\/23\/ciccone-gewinnt-die-15-etappe-beim-giro-und-mehr-neuigkeiten-aus-der-radsportwelt\/"]}]},{"@type":"ImageObject","inLanguage":"de-DE","@id":"https:\/\/www.welovecycling.com\/de\/2022\/05\/23\/ciccone-gewinnt-die-15-etappe-beim-giro-und-mehr-neuigkeiten-aus-der-radsportwelt\/#primaryimage","url":"https:\/\/d2p6e6u75xmxt8.cloudfront.net\/10\/2022\/05\/Giulio-Ciccone-Giro-2022-profimedia-0693544519-CVR.jpg","contentUrl":"https:\/\/d2p6e6u75xmxt8.cloudfront.net\/10\/2022\/05\/Giulio-Ciccone-Giro-2022-profimedia-0693544519-CVR.jpg","width":990,"height":660,"caption":"Giulio Ciccone"},{"@type":"BreadcrumbList","@id":"https:\/\/www.welovecycling.com\/de\/2022\/05\/23\/ciccone-gewinnt-die-15-etappe-beim-giro-und-mehr-neuigkeiten-aus-der-radsportwelt\/#breadcrumb","itemListElement":[{"@type":"ListItem","position":1,"name":"Home","item":"https:\/\/www.welovecycling.com\/de\/"},{"@type":"ListItem","position":2,"name":"Ciccone gewinnt die 15. Etappe beim Giro und mehr Neuigkeiten aus der Radsportwelt"}]},{"@type":"WebSite","@id":"https:\/\/www.welovecycling.com\/de\/#website","url":"https:\/\/www.welovecycling.com\/de\/","name":"\u0160koda We Love Cycling - Deutschland","description":"Just another \u0160koda WeLoveCycling Sites site","potentialAction":[{"@type":"SearchAction","target":{"@type":"EntryPoint","urlTemplate":"https:\/\/www.welovecycling.com\/de\/?s={search_term_string}"},"query-input":{"@type":"PropertyValueSpecification","valueRequired":true,"valueName":"search_term_string"}}],"inLanguage":"de-DE"},{"@type":"Person","@id":"https:\/\/www.welovecycling.com\/de\/#\/schema\/person\/915694b3c8d0de9019932587781ba6b3","name":"jbraeker","image":{"@type":"ImageObject","inLanguage":"de-DE","@id":"https:\/\/www.welovecycling.com\/de\/#\/schema\/person\/image\/","url":"https:\/\/secure.gravatar.com\/avatar\/8b4aea90e4535aae30b5b720249e5b723ae59fcf3d54757dd8b748d97b46d3c9?s=96&d=mm&r=g","contentUrl":"https:\/\/secure.gravatar.com\/avatar\/8b4aea90e4535aae30b5b720249e5b723ae59fcf3d54757dd8b748d97b46d3c9?s=96&d=mm&r=g","caption":"jbraeker"},"url":"https:\/\/www.welovecycling.com\/de\/author\/jbraeker\/"}]}},"_links":{"self":[{"href":"https:\/\/www.welovecycling.com\/de\/wp-json\/wp\/v2\/posts\/10274","targetHints":{"allow":["GET"]}}],"collection":[{"href":"https:\/\/www.welovecycling.com\/de\/wp-json\/wp\/v2\/posts"}],"about":[{"href":"https:\/\/www.welovecycling.com\/de\/wp-json\/wp\/v2\/types\/post"}],"author":[{"embeddable":true,"href":"https:\/\/www.welovecycling.com\/de\/wp-json\/wp\/v2\/users\/115"}],"replies":[{"embeddable":true,"href":"https:\/\/www.welovecycling.com\/de\/wp-json\/wp\/v2\/comments?post=10274"}],"version-history":[{"count":1,"href":"https:\/\/www.welovecycling.com\/de\/wp-json\/wp\/v2\/posts\/10274\/revisions"}],"predecessor-version":[{"id":10282,"href":"https:\/\/www.welovecycling.com\/de\/wp-json\/wp\/v2\/posts\/10274\/revisions\/10282"}],"wp:featuredmedia":[{"embeddable":true,"href":"https:\/\/www.welovecycling.com\/de\/wp-json\/wp\/v2\/media\/10281"}],"wp:attachment":[{"href":"https:\/\/www.welovecycling.com\/de\/wp-json\/wp\/v2\/media?parent=10274"}],"wp:term":[{"taxonomy":"category","embeddable":true,"href":"https:\/\/www.welovecycling.com\/de\/wp-json\/wp\/v2\/categories?post=10274"},{"taxonomy":"post_tag","embeddable":true,"href":"https:\/\/www.welovecycling.com\/de\/wp-json\/wp\/v2\/tags?post=10274"},{"taxonomy":"global-categories","embeddable":true,"href":"https:\/\/www.welovecycling.com\/de\/wp-json\/wp\/v2\/global-categories?post=10274"}],"curies":[{"name":"wp","href":"https:\/\/api.w.org\/{rel}","templated":true}]}}