{"id":10256,"date":"2022-05-16T11:29:37","date_gmt":"2022-05-16T10:29:37","guid":{"rendered":"https:\/\/www.welovecycling.com\/de\/?p=10256"},"modified":"2022-05-16T11:29:37","modified_gmt":"2022-05-16T10:29:37","slug":"juan-pedro-lopez-fuehrt-den-giro-an-und-mehr-neuigkeiten-aus-der-radsportwelt","status":"publish","type":"post","link":"https:\/\/www.welovecycling.com\/de\/2022\/05\/16\/juan-pedro-lopez-fuehrt-den-giro-an-und-mehr-neuigkeiten-aus-der-radsportwelt\/","title":{"rendered":"Juan Pedro L\u00f3pez f\u00fchrt den Giro an und mehr Neuigkeiten aus der Radsportwelt"},"content":{"rendered":"<p><strong>Es ist wieder Montag und somit Zeit f\u00fcr Neuigkeiten aus der Radsportwelt! Hier ein \u00dcberblick, damit ihr auch nichts verpasst.<\/strong><\/p>\n<p><!--more--><\/p>\n<h2><strong>Ergebnisse Etappe 9<\/strong><\/h2>\n<p>Juan Pedro L\u00f3pez (Trek-Segafredo) konnte\u00a0 trotz eines Sturzes auf der Bergankunft am Blockhaus\u00a0<span style=\"font-size: 16px;\">das Rosa Trikot <\/span>verteidigen und \u00fcberquerte\u00a0 mit 1:46 R\u00fcckstand auf die Spitze <span style=\"font-size: 16px;\">die Ziellinie<\/span>. Jo\u00e3o Almeida (UAE Team Emirates) liegt zw\u00f6lf Sekunden hinter dem Gesamtf\u00fchrenden auf dem zweiten Platz. Arnaud D\u00e9mare (Groupama-FDJ) f\u00fchrt weiterhin die Punktewertung an, was keine \u00dcberraschung ist.\u00a0 Dank einer beeindruckenden Leistung in der Ausrei\u00dfergruppe auf der neunten Etappe konnte sich <span style=\"font-size: 16px;\">Diego Rosa (Eolo-Kometa)<\/span> das Blaue Trikot sichern.<\/p>\n<div class=\"embed-controller-wrapper\">\n<blockquote class=\"twitter-tweet\" data-width=\"500\" data-dnt=\"true\">\n<p lang=\"it\" dir=\"ltr\">Buonanotte dal <a href=\"https:\/\/twitter.com\/hashtag\/Giro?src=hash&amp;ref_src=twsrc%5Etfw\">#Giro<\/a> d\u2019Italia 2022 \ud83c\udf1b<\/p>\n<p>Powered by <a href=\"https:\/\/twitter.com\/ENIT_italia?ref_src=twsrc%5Etfw\">@ENIT_italia<\/a> <a href=\"https:\/\/t.co\/WTuvjFUHfY\">pic.twitter.com\/WTuvjFUHfY<\/a><\/p>\n<p>&mdash; Giro d&#39;Italia (@giroditalia) <a href=\"https:\/\/twitter.com\/giroditalia\/status\/1525944112389701634?ref_src=twsrc%5Etfw\">May 15, 2022<\/a><\/p><\/blockquote>\n<p><script async data-src=\"https:\/\/platform.twitter.com\/widgets.js\" charset=\"utf-8\"><\/script><\/div>\n<h4><strong>Giro d\u2019Italia 2022 \u2013 Ergebnisse Etappe 9<\/strong><\/h4>\n<ol>\n<li>Jai Hindley (Bora-Hansgrohe) \u2013 5:34:44<\/li>\n<li>Romain Bardet (Team DSM)<\/li>\n<li>Richard Carapaz (Ineos Grenadiers)<\/li>\n<li>Mikel Landa (Bahrain-Victorious)<\/li>\n<li>Jo\u00e3o Almeida (UAE Team Emirates)<\/li>\n<\/ol>\n<h4><strong>Giro d\u2019Italia &#8211; Gesamtwertung<\/strong><\/h4>\n<ol>\n<li>Juan Pedro L\u00f3pez (Trek-Segafredo) \u2013 37:52:01<\/li>\n<li>Jo\u00e3o Almeida (UAE Team Emirates) + 12 seconds<\/li>\n<li>Romain Bardet (Team DSM) + 14 seconds<\/li>\n<li>Richard Carapaz (Ineos Grenadiers) + 15 seconds<\/li>\n<li>Jai Hindley (Bora-Hansgrohe) + 20 seconds<\/li>\n<li>Guillaume Martin (Cofidis) + 28 seconds<\/li>\n<li>Mikel Landa (Bahrain-Victorious) + 29 seconds<\/li>\n<li>Domenico Pozzovivo (Intermarch\u00e9 &#8211; Wanty &#8211; Gobert Mat\u00e9riaux) + 54 seconds<\/li>\n<li>Emanuel Buchmann (Bora-Hansgrohe) + 1:09<\/li>\n<li>Pello Bilbao (Bahrain Victorious) + 1:22<\/li>\n<\/ol>\n<h2><strong>Na ja.<\/strong><\/h2>\n<div class=\"embed-controller-wrapper\">\n<blockquote class=\"twitter-tweet\" data-width=\"500\" data-dnt=\"true\">\n<p lang=\"en\" dir=\"ltr\">Actually yes. <a href=\"https:\/\/t.co\/aTU1aIupWD\">pic.twitter.com\/aTU1aIupWD<\/a><\/p>\n<p>&mdash; Cycling out of context (@OutOfCycling) <a href=\"https:\/\/twitter.com\/OutOfCycling\/status\/1525495711994871809?ref_src=twsrc%5Etfw\">May 14, 2022<\/a><\/p><\/blockquote>\n<p><script async data-src=\"https:\/\/platform.twitter.com\/widgets.js\" charset=\"utf-8\"><\/script><\/div>\n<h2><strong>Keine Spielchen&#8230;<\/strong><\/h2>\n<div class=\"embed-controller-wrapper\">\n<blockquote class=\"twitter-tweet\" data-width=\"500\" data-dnt=\"true\">\n<p lang=\"en\" dir=\"ltr\">\u201cStop playing &amp; come clean your room\u201d <a href=\"https:\/\/t.co\/7gSQJ6KKjN\">pic.twitter.com\/7gSQJ6KKjN<\/a><\/p>\n<p>&mdash; Intermarch\u00e9-Wanty (@IntermarcheW) <a href=\"https:\/\/twitter.com\/IntermarcheW\/status\/1523689275459784704?ref_src=twsrc%5Etfw\">May 9, 2022<\/a><\/p><\/blockquote>\n<p><script async data-src=\"https:\/\/platform.twitter.com\/widgets.js\" charset=\"utf-8\"><\/script><\/div>\n<h2><strong>Verwechselungsgefahr!<\/strong><\/h2>\n<div class=\"embed-controller-wrapper\">\n<blockquote class=\"twitter-tweet\" data-width=\"500\" data-dnt=\"true\">\n<p lang=\"en\" dir=\"ltr\">Who is the real one. <a href=\"https:\/\/t.co\/RvB65vtSeQ\">pic.twitter.com\/RvB65vtSeQ<\/a><\/p>\n<p>&mdash; Thomas De Gendt (@DeGendtThomas) <a href=\"https:\/\/twitter.com\/DeGendtThomas\/status\/1522616026466291714?ref_src=twsrc%5Etfw\">May 6, 2022<\/a><\/p><\/blockquote>\n<p><script async data-src=\"https:\/\/platform.twitter.com\/widgets.js\" charset=\"utf-8\"><\/script><\/div>\n<h2><strong>Das ist alles, was es braucht?<\/strong><\/h2>\n<div class=\"embed-controller-wrapper\">\n<blockquote class=\"twitter-tweet\" data-width=\"500\" data-dnt=\"true\">\n<p lang=\"en\" dir=\"ltr\">I need some longer arms.. <a href=\"https:\/\/t.co\/3tRFOJY15f\">pic.twitter.com\/3tRFOJY15f<\/a><\/p>\n<p>&mdash; Caleb Ewan (@CalebEwan) <a href=\"https:\/\/twitter.com\/CalebEwan\/status\/1524870943461498880?ref_src=twsrc%5Etfw\">May 12, 2022<\/a><\/p><\/blockquote>\n<p><script async data-src=\"https:\/\/platform.twitter.com\/widgets.js\" charset=\"utf-8\"><\/script><\/div>\n<h2><strong>Hier kommt Jo\u00e3o<\/strong><\/h2>\n<div class=\"embed-controller-wrapper\">\n<blockquote class=\"twitter-tweet\" data-width=\"500\" data-dnt=\"true\">\n<p lang=\"en\" dir=\"ltr\">Today&#39;s stage: <a href=\"https:\/\/t.co\/xDhQdrKN2Z\">pic.twitter.com\/xDhQdrKN2Z<\/a><\/p>\n<p>&mdash; Cycling out of context (@OutOfCycling) <a href=\"https:\/\/twitter.com\/OutOfCycling\/status\/1525857319912935424?ref_src=twsrc%5Etfw\">May 15, 2022<\/a><\/p><\/blockquote>\n<p><script async data-src=\"https:\/\/platform.twitter.com\/widgets.js\" charset=\"utf-8\"><\/script><\/div>\n","protected":false},"excerpt":{"rendered":"<p>Es ist wieder Montag und somit Zeit f\u00fcr Neuigkeiten aus der Radsportwelt! Hier ein \u00dcberblick, damit ihr auch nichts verpasst.<\/p>\n","protected":false},"author":115,"featured_media":10263,"comment_status":"open","ping_status":"open","sticky":false,"template":"","format":"standard","meta":{"footnotes":""},"categories":[1],"tags":[],"global-categories":[],"class_list":["post-10256","post","type-post","status-publish","format-standard","has-post-thumbnail","hentry","category-allgemein"],"yoast_head":"<!-- This site is optimized with the Yoast SEO Premium plugin v25.3 (Yoast SEO v25.9) - https:\/\/yoast.com\/wordpress\/plugins\/seo\/ -->\n<title>Juan Pedro L\u00f3pez in the Lead of the Giro - We Love Cycling<\/title>\n<meta name=\"description\" content=\"Es ist wieder Montag und somit Zeit f\u00fcr Neuigkeiten aus der Radsportwelt! Hier ein \u00dcberblick, damit ihr auch nichts verpasst.\" \/>\n<meta name=\"robots\" content=\"index, follow, max-snippet:-1, max-image-preview:large, max-video-preview:-1\" \/>\n<link rel=\"canonical\" href=\"https:\/\/www.welovecycling.com\/de\/2022\/05\/16\/juan-pedro-lopez-fuehrt-den-giro-an-und-mehr-neuigkeiten-aus-der-radsportwelt\/\" \/>\n<meta property=\"og:locale\" content=\"de_DE\" \/>\n<meta property=\"og:type\" content=\"article\" \/>\n<meta property=\"og:title\" content=\"Juan Pedro L\u00f3pez f\u00fchrt den Giro an und mehr Neuigkeiten aus der Radsportwelt\" \/>\n<meta property=\"og:description\" content=\"Es ist wieder Montag und somit Zeit f\u00fcr Neuigkeiten aus der Radsportwelt! Hier ein \u00dcberblick, damit ihr auch nichts verpasst.\" \/>\n<meta property=\"og:url\" content=\"https:\/\/www.welovecycling.com\/de\/2022\/05\/16\/juan-pedro-lopez-fuehrt-den-giro-an-und-mehr-neuigkeiten-aus-der-radsportwelt\/\" \/>\n<meta property=\"og:site_name\" content=\"\u0160koda We Love Cycling - Deutschland\" \/>\n<meta property=\"article:published_time\" content=\"2022-05-16T10:29:37+00:00\" \/>\n<meta property=\"og:image\" content=\"https:\/\/d2p6e6u75xmxt8.cloudfront.net\/10\/2022\/05\/Juan-Pedro-Lopez-profimedia-0691575054-CVR.jpg\" \/>\n\t<meta property=\"og:image:width\" content=\"990\" \/>\n\t<meta property=\"og:image:height\" content=\"660\" \/>\n\t<meta property=\"og:image:type\" content=\"image\/jpeg\" \/>\n<meta name=\"author\" content=\"jbraeker\" \/>\n<meta name=\"twitter:card\" content=\"summary_large_image\" \/>\n<meta name=\"twitter:label1\" content=\"Written by\" \/>\n\t<meta name=\"twitter:data1\" content=\"WeLoveCycling\" \/>\n\t<meta name=\"twitter:label2\" content=\"Est. reading time\" \/>\n\t<meta name=\"twitter:data2\" content=\"4\" \/>\n<script type=\"application\/ld+json\" class=\"yoast-schema-graph\">{\"@context\":\"https:\/\/schema.org\",\"@graph\":[{\"@type\":\"WebPage\",\"@id\":\"https:\/\/www.welovecycling.com\/de\/2022\/05\/16\/juan-pedro-lopez-fuehrt-den-giro-an-und-mehr-neuigkeiten-aus-der-radsportwelt\/\",\"url\":\"https:\/\/www.welovecycling.com\/de\/2022\/05\/16\/juan-pedro-lopez-fuehrt-den-giro-an-und-mehr-neuigkeiten-aus-der-radsportwelt\/\",\"name\":\"Juan Pedro L\u00f3pez in the Lead of the Giro - We Love Cycling\",\"isPartOf\":{\"@id\":\"https:\/\/www.welovecycling.com\/de\/#website\"},\"primaryImageOfPage\":{\"@id\":\"https:\/\/www.welovecycling.com\/de\/2022\/05\/16\/juan-pedro-lopez-fuehrt-den-giro-an-und-mehr-neuigkeiten-aus-der-radsportwelt\/#primaryimage\"},\"image\":{\"@id\":\"https:\/\/www.welovecycling.com\/de\/2022\/05\/16\/juan-pedro-lopez-fuehrt-den-giro-an-und-mehr-neuigkeiten-aus-der-radsportwelt\/#primaryimage\"},\"thumbnailUrl\":\"https:\/\/d2p6e6u75xmxt8.cloudfront.net\/10\/2022\/05\/Juan-Pedro-Lopez-profimedia-0691575054-CVR.jpg\",\"datePublished\":\"2022-05-16T10:29:37+00:00\",\"author\":{\"@id\":\"https:\/\/www.welovecycling.com\/de\/#\/schema\/person\/915694b3c8d0de9019932587781ba6b3\"},\"description\":\"Es ist wieder Montag und somit Zeit f\u00fcr Neuigkeiten aus der Radsportwelt! Hier ein \u00dcberblick, damit ihr auch nichts verpasst.\",\"breadcrumb\":{\"@id\":\"https:\/\/www.welovecycling.com\/de\/2022\/05\/16\/juan-pedro-lopez-fuehrt-den-giro-an-und-mehr-neuigkeiten-aus-der-radsportwelt\/#breadcrumb\"},\"inLanguage\":\"de-DE\",\"potentialAction\":[{\"@type\":\"ReadAction\",\"target\":[\"https:\/\/www.welovecycling.com\/de\/2022\/05\/16\/juan-pedro-lopez-fuehrt-den-giro-an-und-mehr-neuigkeiten-aus-der-radsportwelt\/\"]}]},{\"@type\":\"ImageObject\",\"inLanguage\":\"de-DE\",\"@id\":\"https:\/\/www.welovecycling.com\/de\/2022\/05\/16\/juan-pedro-lopez-fuehrt-den-giro-an-und-mehr-neuigkeiten-aus-der-radsportwelt\/#primaryimage\",\"url\":\"https:\/\/d2p6e6u75xmxt8.cloudfront.net\/10\/2022\/05\/Juan-Pedro-Lopez-profimedia-0691575054-CVR.jpg\",\"contentUrl\":\"https:\/\/d2p6e6u75xmxt8.cloudfront.net\/10\/2022\/05\/Juan-Pedro-Lopez-profimedia-0691575054-CVR.jpg\",\"width\":990,\"height\":660,\"caption\":\"Juan Pedro L\u00f3pez\"},{\"@type\":\"BreadcrumbList\",\"@id\":\"https:\/\/www.welovecycling.com\/de\/2022\/05\/16\/juan-pedro-lopez-fuehrt-den-giro-an-und-mehr-neuigkeiten-aus-der-radsportwelt\/#breadcrumb\",\"itemListElement\":[{\"@type\":\"ListItem\",\"position\":1,\"name\":\"Home\",\"item\":\"https:\/\/www.welovecycling.com\/de\/\"},{\"@type\":\"ListItem\",\"position\":2,\"name\":\"Juan Pedro L\u00f3pez f\u00fchrt den Giro an und mehr Neuigkeiten aus der Radsportwelt\"}]},{\"@type\":\"WebSite\",\"@id\":\"https:\/\/www.welovecycling.com\/de\/#website\",\"url\":\"https:\/\/www.welovecycling.com\/de\/\",\"name\":\"\u0160koda We Love Cycling - Deutschland\",\"description\":\"Just another \u0160koda WeLoveCycling Sites site\",\"potentialAction\":[{\"@type\":\"SearchAction\",\"target\":{\"@type\":\"EntryPoint\",\"urlTemplate\":\"https:\/\/www.welovecycling.com\/de\/?s={search_term_string}\"},\"query-input\":{\"@type\":\"PropertyValueSpecification\",\"valueRequired\":true,\"valueName\":\"search_term_string\"}}],\"inLanguage\":\"de-DE\"},{\"@type\":\"Person\",\"@id\":\"https:\/\/www.welovecycling.com\/de\/#\/schema\/person\/915694b3c8d0de9019932587781ba6b3\",\"name\":\"jbraeker\",\"image\":{\"@type\":\"ImageObject\",\"inLanguage\":\"de-DE\",\"@id\":\"https:\/\/www.welovecycling.com\/de\/#\/schema\/person\/image\/\",\"url\":\"https:\/\/secure.gravatar.com\/avatar\/8b4aea90e4535aae30b5b720249e5b723ae59fcf3d54757dd8b748d97b46d3c9?s=96&d=mm&r=g\",\"contentUrl\":\"https:\/\/secure.gravatar.com\/avatar\/8b4aea90e4535aae30b5b720249e5b723ae59fcf3d54757dd8b748d97b46d3c9?s=96&d=mm&r=g\",\"caption\":\"jbraeker\"},\"url\":\"https:\/\/www.welovecycling.com\/de\/author\/jbraeker\/\"}]}<\/script>\n<!-- \/ Yoast SEO Premium plugin. -->","yoast_head_json":{"title":"Juan Pedro L\u00f3pez in the Lead of the Giro - We Love Cycling","description":"Es ist wieder Montag und somit Zeit f\u00fcr Neuigkeiten aus der Radsportwelt! Hier ein \u00dcberblick, damit ihr auch nichts verpasst.","robots":{"index":"index","follow":"follow","max-snippet":"max-snippet:-1","max-image-preview":"max-image-preview:large","max-video-preview":"max-video-preview:-1"},"canonical":"https:\/\/www.welovecycling.com\/de\/2022\/05\/16\/juan-pedro-lopez-fuehrt-den-giro-an-und-mehr-neuigkeiten-aus-der-radsportwelt\/","og_locale":"de_DE","og_type":"article","og_title":"Juan Pedro L\u00f3pez f\u00fchrt den Giro an und mehr Neuigkeiten aus der Radsportwelt","og_description":"Es ist wieder Montag und somit Zeit f\u00fcr Neuigkeiten aus der Radsportwelt! Hier ein \u00dcberblick, damit ihr auch nichts verpasst.","og_url":"https:\/\/www.welovecycling.com\/de\/2022\/05\/16\/juan-pedro-lopez-fuehrt-den-giro-an-und-mehr-neuigkeiten-aus-der-radsportwelt\/","og_site_name":"\u0160koda We Love Cycling - Deutschland","article_published_time":"2022-05-16T10:29:37+00:00","og_image":[{"width":990,"height":660,"url":"https:\/\/d2p6e6u75xmxt8.cloudfront.net\/10\/2022\/05\/Juan-Pedro-Lopez-profimedia-0691575054-CVR.jpg","type":"image\/jpeg"}],"author":"jbraeker","twitter_card":"summary_large_image","twitter_misc":{"Written by":"WeLoveCycling","Est. reading time":"4"},"schema":{"@context":"https:\/\/schema.org","@graph":[{"@type":"WebPage","@id":"https:\/\/www.welovecycling.com\/de\/2022\/05\/16\/juan-pedro-lopez-fuehrt-den-giro-an-und-mehr-neuigkeiten-aus-der-radsportwelt\/","url":"https:\/\/www.welovecycling.com\/de\/2022\/05\/16\/juan-pedro-lopez-fuehrt-den-giro-an-und-mehr-neuigkeiten-aus-der-radsportwelt\/","name":"Juan Pedro L\u00f3pez in the Lead of the Giro - We Love Cycling","isPartOf":{"@id":"https:\/\/www.welovecycling.com\/de\/#website"},"primaryImageOfPage":{"@id":"https:\/\/www.welovecycling.com\/de\/2022\/05\/16\/juan-pedro-lopez-fuehrt-den-giro-an-und-mehr-neuigkeiten-aus-der-radsportwelt\/#primaryimage"},"image":{"@id":"https:\/\/www.welovecycling.com\/de\/2022\/05\/16\/juan-pedro-lopez-fuehrt-den-giro-an-und-mehr-neuigkeiten-aus-der-radsportwelt\/#primaryimage"},"thumbnailUrl":"https:\/\/d2p6e6u75xmxt8.cloudfront.net\/10\/2022\/05\/Juan-Pedro-Lopez-profimedia-0691575054-CVR.jpg","datePublished":"2022-05-16T10:29:37+00:00","author":{"@id":"https:\/\/www.welovecycling.com\/de\/#\/schema\/person\/915694b3c8d0de9019932587781ba6b3"},"description":"Es ist wieder Montag und somit Zeit f\u00fcr Neuigkeiten aus der Radsportwelt! Hier ein \u00dcberblick, damit ihr auch nichts verpasst.","breadcrumb":{"@id":"https:\/\/www.welovecycling.com\/de\/2022\/05\/16\/juan-pedro-lopez-fuehrt-den-giro-an-und-mehr-neuigkeiten-aus-der-radsportwelt\/#breadcrumb"},"inLanguage":"de-DE","potentialAction":[{"@type":"ReadAction","target":["https:\/\/www.welovecycling.com\/de\/2022\/05\/16\/juan-pedro-lopez-fuehrt-den-giro-an-und-mehr-neuigkeiten-aus-der-radsportwelt\/"]}]},{"@type":"ImageObject","inLanguage":"de-DE","@id":"https:\/\/www.welovecycling.com\/de\/2022\/05\/16\/juan-pedro-lopez-fuehrt-den-giro-an-und-mehr-neuigkeiten-aus-der-radsportwelt\/#primaryimage","url":"https:\/\/d2p6e6u75xmxt8.cloudfront.net\/10\/2022\/05\/Juan-Pedro-Lopez-profimedia-0691575054-CVR.jpg","contentUrl":"https:\/\/d2p6e6u75xmxt8.cloudfront.net\/10\/2022\/05\/Juan-Pedro-Lopez-profimedia-0691575054-CVR.jpg","width":990,"height":660,"caption":"Juan Pedro L\u00f3pez"},{"@type":"BreadcrumbList","@id":"https:\/\/www.welovecycling.com\/de\/2022\/05\/16\/juan-pedro-lopez-fuehrt-den-giro-an-und-mehr-neuigkeiten-aus-der-radsportwelt\/#breadcrumb","itemListElement":[{"@type":"ListItem","position":1,"name":"Home","item":"https:\/\/www.welovecycling.com\/de\/"},{"@type":"ListItem","position":2,"name":"Juan Pedro L\u00f3pez f\u00fchrt den Giro an und mehr Neuigkeiten aus der Radsportwelt"}]},{"@type":"WebSite","@id":"https:\/\/www.welovecycling.com\/de\/#website","url":"https:\/\/www.welovecycling.com\/de\/","name":"\u0160koda We Love Cycling - Deutschland","description":"Just another \u0160koda WeLoveCycling Sites site","potentialAction":[{"@type":"SearchAction","target":{"@type":"EntryPoint","urlTemplate":"https:\/\/www.welovecycling.com\/de\/?s={search_term_string}"},"query-input":{"@type":"PropertyValueSpecification","valueRequired":true,"valueName":"search_term_string"}}],"inLanguage":"de-DE"},{"@type":"Person","@id":"https:\/\/www.welovecycling.com\/de\/#\/schema\/person\/915694b3c8d0de9019932587781ba6b3","name":"jbraeker","image":{"@type":"ImageObject","inLanguage":"de-DE","@id":"https:\/\/www.welovecycling.com\/de\/#\/schema\/person\/image\/","url":"https:\/\/secure.gravatar.com\/avatar\/8b4aea90e4535aae30b5b720249e5b723ae59fcf3d54757dd8b748d97b46d3c9?s=96&d=mm&r=g","contentUrl":"https:\/\/secure.gravatar.com\/avatar\/8b4aea90e4535aae30b5b720249e5b723ae59fcf3d54757dd8b748d97b46d3c9?s=96&d=mm&r=g","caption":"jbraeker"},"url":"https:\/\/www.welovecycling.com\/de\/author\/jbraeker\/"}]}},"_links":{"self":[{"href":"https:\/\/www.welovecycling.com\/de\/wp-json\/wp\/v2\/posts\/10256","targetHints":{"allow":["GET"]}}],"collection":[{"href":"https:\/\/www.welovecycling.com\/de\/wp-json\/wp\/v2\/posts"}],"about":[{"href":"https:\/\/www.welovecycling.com\/de\/wp-json\/wp\/v2\/types\/post"}],"author":[{"embeddable":true,"href":"https:\/\/www.welovecycling.com\/de\/wp-json\/wp\/v2\/users\/115"}],"replies":[{"embeddable":true,"href":"https:\/\/www.welovecycling.com\/de\/wp-json\/wp\/v2\/comments?post=10256"}],"version-history":[{"count":1,"href":"https:\/\/www.welovecycling.com\/de\/wp-json\/wp\/v2\/posts\/10256\/revisions"}],"predecessor-version":[{"id":10264,"href":"https:\/\/www.welovecycling.com\/de\/wp-json\/wp\/v2\/posts\/10256\/revisions\/10264"}],"wp:featuredmedia":[{"embeddable":true,"href":"https:\/\/www.welovecycling.com\/de\/wp-json\/wp\/v2\/media\/10263"}],"wp:attachment":[{"href":"https:\/\/www.welovecycling.com\/de\/wp-json\/wp\/v2\/media?parent=10256"}],"wp:term":[{"taxonomy":"category","embeddable":true,"href":"https:\/\/www.welovecycling.com\/de\/wp-json\/wp\/v2\/categories?post=10256"},{"taxonomy":"post_tag","embeddable":true,"href":"https:\/\/www.welovecycling.com\/de\/wp-json\/wp\/v2\/tags?post=10256"},{"taxonomy":"global-categories","embeddable":true,"href":"https:\/\/www.welovecycling.com\/de\/wp-json\/wp\/v2\/global-categories?post=10256"}],"curies":[{"name":"wp","href":"https:\/\/api.w.org\/{rel}","templated":true}]}}