{"id":10243,"date":"2022-05-09T14:44:06","date_gmt":"2022-05-09T13:44:06","guid":{"rendered":"https:\/\/www.welovecycling.com\/de\/?p=10243"},"modified":"2022-05-09T14:44:46","modified_gmt":"2022-05-09T13:44:46","slug":"mark-cavendish-wins-stage-3-at-the-giro-ditalia-and-other-cool-news-from-the-world-of-cycling","status":"publish","type":"post","link":"https:\/\/www.welovecycling.com\/de\/2022\/05\/09\/mark-cavendish-wins-stage-3-at-the-giro-ditalia-and-other-cool-news-from-the-world-of-cycling\/","title":{"rendered":"Mark Cavendish gewinnt die dritte Etappe des Giro d\u2019Italia und mehr Neuigkeiten aus der Radsportwelt"},"content":{"rendered":"<p><strong>Es ist wieder Montag und somit Zeit f\u00fcr Neuigkeiten aus der Radsportwelt! Hier ein \u00dcberblick, damit ihr auch nichts verpasst.<\/strong><\/p>\n<p><!--more--><\/p>\n<h2><strong>Der Manxman wieder!<\/strong><\/h2>\n<p>Mark Cavendish hat den ersten Giro-Sieg seit 2013 errungen. Michael M\u00f8rk\u00f8v gab ihn knapp 300 Meter vor dem Ziel auf. Danach hielt der 36-J\u00e4hrige alle seine Gegner auf Distanz. Arnaud D\u00e9mare (Groupama-FDJ) wurde Zweiter und Fernando Gaviria (UAE Team Emirates) kam als Dritter ins Ziel. F\u00fcr Cavendish war es der 16. Etappensieg bei diesem Rennen und der erste seit der 21. Etappe im Jahr 2013.<\/p>\n<figure id=\"attachment_10248\" aria-describedby=\"caption-attachment-10248\" style=\"width: 1000px\" class=\"wp-caption alignnone\"><a href=\"https:\/\/d2p6e6u75xmxt8.cloudfront.net\/10\/2022\/05\/Mark-Cavendish-profimedia-0689620298.jpg\"><img loading=\"lazy\" decoding=\"async\" class=\"wp-image-10248 size-full\" src=\"https:\/\/d2p6e6u75xmxt8.cloudfront.net\/10\/2022\/05\/Mark-Cavendish-profimedia-0689620298.jpg\" alt=\"Mark Cavendish\" width=\"1000\" height=\"666\" srcset=\"https:\/\/d2p6e6u75xmxt8.cloudfront.net\/10\/2022\/05\/Mark-Cavendish-profimedia-0689620298.jpg 1000w, https:\/\/d2p6e6u75xmxt8.cloudfront.net\/10\/2022\/05\/Mark-Cavendish-profimedia-0689620298-300x200.jpg 300w, https:\/\/d2p6e6u75xmxt8.cloudfront.net\/10\/2022\/05\/Mark-Cavendish-profimedia-0689620298-768x511.jpg 768w, https:\/\/d2p6e6u75xmxt8.cloudfront.net\/10\/2022\/05\/Mark-Cavendish-profimedia-0689620298-272x182.jpg 272w\" sizes=\"auto, (max-width: 1000px) 100vw, 1000px\" \/><\/a><figcaption id=\"caption-attachment-10248\" class=\"wp-caption-text\">Cavendish did it again. \u00a9 Profimedia<\/figcaption><\/figure>\n<p>&#8222;Ich denke, es gibt ein paar Jungs, die genauso stark und schnell sind. St\u00e4rkster und Schnellster zu sein, bedeutet nicht unbedingt der Beste zu sein. <span style=\"font-size: 16px;\">Das war ich noch nie, aber ich gewinne.<\/span>&#8222;, sagte Cavendish nach der Etappe. &#8222;Caleb hat die schnellsten Beine, Fabio ist der St\u00e4rkste, aber das bedeutet nicht unbedingt, dass man Radrennen gewinnt. Sprinten ist wie Schach auf R\u00e4dern, man arbeitet daran, auf der Stra\u00dfe der St\u00e4rkste und Schnellste zu sein.&#8220;<\/p>\n<p>In der Gesamtwertung hat sich derweil nicht viel getan. Mathieu van der Poel (Alpecin-Fenix) beh\u00e4lt seinen Vorsprung von 11 Sekunden auf Simon Yates (BikeExchange-Jayco), nachdem er sicher im Hauptfeld angekommen ist.<\/p>\n<h4><strong>Giro d&#8217;Italia 2022 &#8211; Ergebnisse Etappe 3: Kaposv\u00e1r to Balatonf\u00fcred (201km)<\/strong><\/h4>\n<ol>\n<li>Mark Cavendish (Quick-Step Alpha Vinyl) \u2013 4:56:39<\/li>\n<li>Arnaud D\u00e9mare (Groupama-FDJ)<\/li>\n<li>Fernando Gaviria (UAE Team Emirates)<\/li>\n<\/ol>\n<h4><strong>Gesamtwertung:<\/strong><\/h4>\n<ol>\n<li>Mathieu van der Poel (Alpecin-Fenix) \u2013 9:43:50<\/li>\n<li>Simon Yates (Team BikeExchange-Jayco) + 11 seconds<\/li>\n<li>Tom Dumoulin (Jumbo-Visma) + 16 seconds<\/li>\n<li>Matteo Sobrero (Team BikeExchange-Jayco) + 24 seconds<\/li>\n<li>Wilco Kelderman (Bora-Hansgrohe)<\/li>\n<li>Ben Tulett (Ineos Grenadiers)<\/li>\n<li>Tobias Foss (Jumbo-Visma) + 28 seconds<\/li>\n<li>Bauke Mollema (Trek-Segafredo)<\/li>\n<li>Pello Bilbao (Bahrain-Victorious) + 29 seconds<\/li>\n<li>Mauro Schmid (Quick-Step Alpha Vinyl)<\/li>\n<\/ol>\n<h2><strong>Folgt uns auf IG!<\/strong><\/h2>\n<p>https:\/\/www.instagram.com\/p\/CdQri9Co6A4\/<\/p>\n<h2><strong>Es ist angerichtet<\/strong><\/h2>\n<p>https:\/\/www.instagram.com\/p\/CdT0lxUI-3H\/<\/p>\n<h2><strong>Love it<\/strong><\/h2>\n<div class=\"embed-controller-wrapper\">\n<blockquote class=\"twitter-tweet\" data-width=\"500\" data-dnt=\"true\">\n<p lang=\"en\" dir=\"ltr\">How to destroy your good name in one single move! <a href=\"https:\/\/t.co\/qTtHg9Cegc\">https:\/\/t.co\/qTtHg9Cegc<\/a><\/p>\n<p>&mdash; Matteo Trentin (@MATTEOTRENTIN) <a href=\"https:\/\/twitter.com\/MATTEOTRENTIN\/status\/1522918220646203396?ref_src=twsrc%5Etfw\">May 7, 2022<\/a><\/p><\/blockquote>\n<p><script async data-src=\"https:\/\/platform.twitter.com\/widgets.js\" charset=\"utf-8\"><\/script><\/div>\n<h2><strong>Meme heaven<\/strong><\/h2>\n<div class=\"embed-controller-wrapper\">\n<blockquote class=\"twitter-tweet\" data-width=\"500\" data-dnt=\"true\">\n<p lang=\"en\" dir=\"ltr\">Can&#39;t think of something more out of context than Hide the Pain Harold watching <a href=\"https:\/\/twitter.com\/giroditalia?ref_src=twsrc%5Etfw\">@giroditalia<\/a> live in Hungary. <a href=\"https:\/\/t.co\/E3FLSnANZb\">pic.twitter.com\/E3FLSnANZb<\/a><\/p>\n<p>&mdash; Cycling out of context (@OutOfCycling) <a href=\"https:\/\/twitter.com\/OutOfCycling\/status\/1522919019296264193?ref_src=twsrc%5Etfw\">May 7, 2022<\/a><\/p><\/blockquote>\n<p><script async data-src=\"https:\/\/platform.twitter.com\/widgets.js\" charset=\"utf-8\"><\/script><\/div>\n","protected":false},"excerpt":{"rendered":"<p>Es ist wieder Montag und somit Zeit f\u00fcr Neuigkeiten aus der Radsportwelt! Hier ein \u00dcberblick, damit ihr auch nichts verpasst.<\/p>\n","protected":false},"author":115,"featured_media":10250,"comment_status":"open","ping_status":"open","sticky":false,"template":"","format":"standard","meta":{"footnotes":""},"categories":[1],"tags":[],"global-categories":[],"class_list":["post-10243","post","type-post","status-publish","format-standard","has-post-thumbnail","hentry","category-allgemein"],"yoast_head":"<!-- This site is optimized with the Yoast SEO Premium plugin v25.3 (Yoast SEO v25.9) - https:\/\/yoast.com\/wordpress\/plugins\/seo\/ -->\n<title>Mark Cavendish Wins Stage 3 at the Giro d\u2019Italia - We Love Cycling<\/title>\n<meta name=\"description\" content=\"Es ist wieder Montag und somit Zeit f\u00fcr Neuigkeiten aus der Radsportwelt! Hier ein \u00dcberblick, damit ihr auch nichts verpasst.\" \/>\n<meta name=\"robots\" content=\"index, follow, max-snippet:-1, max-image-preview:large, max-video-preview:-1\" \/>\n<link rel=\"canonical\" href=\"https:\/\/www.welovecycling.com\/de\/2022\/05\/09\/mark-cavendish-wins-stage-3-at-the-giro-ditalia-and-other-cool-news-from-the-world-of-cycling\/\" \/>\n<meta property=\"og:locale\" content=\"de_DE\" \/>\n<meta property=\"og:type\" content=\"article\" \/>\n<meta property=\"og:title\" content=\"Mark Cavendish gewinnt die dritte Etappe des Giro d\u2019Italia und mehr Neuigkeiten aus der Radsportwelt\" \/>\n<meta property=\"og:description\" content=\"Es ist wieder Montag und somit Zeit f\u00fcr Neuigkeiten aus der Radsportwelt! Hier ein \u00dcberblick, damit ihr auch nichts verpasst.\" \/>\n<meta property=\"og:url\" content=\"https:\/\/www.welovecycling.com\/de\/2022\/05\/09\/mark-cavendish-wins-stage-3-at-the-giro-ditalia-and-other-cool-news-from-the-world-of-cycling\/\" \/>\n<meta property=\"og:site_name\" content=\"\u0160koda We Love Cycling - Deutschland\" \/>\n<meta property=\"article:published_time\" content=\"2022-05-09T13:44:06+00:00\" \/>\n<meta property=\"article:modified_time\" content=\"2022-05-09T13:44:46+00:00\" \/>\n<meta property=\"og:image\" content=\"https:\/\/d2p6e6u75xmxt8.cloudfront.net\/10\/2022\/05\/Mark-Cavendish-profimedia-0689619190-CVR.jpg\" \/>\n\t<meta property=\"og:image:width\" content=\"990\" \/>\n\t<meta property=\"og:image:height\" content=\"660\" \/>\n\t<meta property=\"og:image:type\" content=\"image\/jpeg\" \/>\n<meta name=\"author\" content=\"jbraeker\" \/>\n<meta name=\"twitter:card\" content=\"summary_large_image\" \/>\n<meta name=\"twitter:label1\" content=\"Written by\" \/>\n\t<meta name=\"twitter:data1\" content=\"WeLoveCycling\" \/>\n\t<meta name=\"twitter:label2\" content=\"Est. reading time\" \/>\n\t<meta name=\"twitter:data2\" content=\"2 minutes\" \/>\n<script type=\"application\/ld+json\" class=\"yoast-schema-graph\">{\"@context\":\"https:\/\/schema.org\",\"@graph\":[{\"@type\":\"WebPage\",\"@id\":\"https:\/\/www.welovecycling.com\/de\/2022\/05\/09\/mark-cavendish-wins-stage-3-at-the-giro-ditalia-and-other-cool-news-from-the-world-of-cycling\/\",\"url\":\"https:\/\/www.welovecycling.com\/de\/2022\/05\/09\/mark-cavendish-wins-stage-3-at-the-giro-ditalia-and-other-cool-news-from-the-world-of-cycling\/\",\"name\":\"Mark Cavendish Wins Stage 3 at the Giro d\u2019Italia - We Love Cycling\",\"isPartOf\":{\"@id\":\"https:\/\/www.welovecycling.com\/de\/#website\"},\"primaryImageOfPage\":{\"@id\":\"https:\/\/www.welovecycling.com\/de\/2022\/05\/09\/mark-cavendish-wins-stage-3-at-the-giro-ditalia-and-other-cool-news-from-the-world-of-cycling\/#primaryimage\"},\"image\":{\"@id\":\"https:\/\/www.welovecycling.com\/de\/2022\/05\/09\/mark-cavendish-wins-stage-3-at-the-giro-ditalia-and-other-cool-news-from-the-world-of-cycling\/#primaryimage\"},\"thumbnailUrl\":\"https:\/\/d2p6e6u75xmxt8.cloudfront.net\/10\/2022\/05\/Mark-Cavendish-profimedia-0689619190-CVR.jpg\",\"datePublished\":\"2022-05-09T13:44:06+00:00\",\"dateModified\":\"2022-05-09T13:44:46+00:00\",\"author\":{\"@id\":\"https:\/\/www.welovecycling.com\/de\/#\/schema\/person\/915694b3c8d0de9019932587781ba6b3\"},\"description\":\"Es ist wieder Montag und somit Zeit f\u00fcr Neuigkeiten aus der Radsportwelt! Hier ein \u00dcberblick, damit ihr auch nichts verpasst.\",\"breadcrumb\":{\"@id\":\"https:\/\/www.welovecycling.com\/de\/2022\/05\/09\/mark-cavendish-wins-stage-3-at-the-giro-ditalia-and-other-cool-news-from-the-world-of-cycling\/#breadcrumb\"},\"inLanguage\":\"de-DE\",\"potentialAction\":[{\"@type\":\"ReadAction\",\"target\":[\"https:\/\/www.welovecycling.com\/de\/2022\/05\/09\/mark-cavendish-wins-stage-3-at-the-giro-ditalia-and-other-cool-news-from-the-world-of-cycling\/\"]}]},{\"@type\":\"ImageObject\",\"inLanguage\":\"de-DE\",\"@id\":\"https:\/\/www.welovecycling.com\/de\/2022\/05\/09\/mark-cavendish-wins-stage-3-at-the-giro-ditalia-and-other-cool-news-from-the-world-of-cycling\/#primaryimage\",\"url\":\"https:\/\/d2p6e6u75xmxt8.cloudfront.net\/10\/2022\/05\/Mark-Cavendish-profimedia-0689619190-CVR.jpg\",\"contentUrl\":\"https:\/\/d2p6e6u75xmxt8.cloudfront.net\/10\/2022\/05\/Mark-Cavendish-profimedia-0689619190-CVR.jpg\",\"width\":990,\"height\":660,\"caption\":\"Mark Cavendish\"},{\"@type\":\"BreadcrumbList\",\"@id\":\"https:\/\/www.welovecycling.com\/de\/2022\/05\/09\/mark-cavendish-wins-stage-3-at-the-giro-ditalia-and-other-cool-news-from-the-world-of-cycling\/#breadcrumb\",\"itemListElement\":[{\"@type\":\"ListItem\",\"position\":1,\"name\":\"Home\",\"item\":\"https:\/\/www.welovecycling.com\/de\/\"},{\"@type\":\"ListItem\",\"position\":2,\"name\":\"Mark Cavendish gewinnt die dritte Etappe des Giro d\u2019Italia und mehr Neuigkeiten aus der Radsportwelt\"}]},{\"@type\":\"WebSite\",\"@id\":\"https:\/\/www.welovecycling.com\/de\/#website\",\"url\":\"https:\/\/www.welovecycling.com\/de\/\",\"name\":\"\u0160koda We Love Cycling - Deutschland\",\"description\":\"Just another \u0160koda WeLoveCycling Sites site\",\"potentialAction\":[{\"@type\":\"SearchAction\",\"target\":{\"@type\":\"EntryPoint\",\"urlTemplate\":\"https:\/\/www.welovecycling.com\/de\/?s={search_term_string}\"},\"query-input\":{\"@type\":\"PropertyValueSpecification\",\"valueRequired\":true,\"valueName\":\"search_term_string\"}}],\"inLanguage\":\"de-DE\"},{\"@type\":\"Person\",\"@id\":\"https:\/\/www.welovecycling.com\/de\/#\/schema\/person\/915694b3c8d0de9019932587781ba6b3\",\"name\":\"jbraeker\",\"image\":{\"@type\":\"ImageObject\",\"inLanguage\":\"de-DE\",\"@id\":\"https:\/\/www.welovecycling.com\/de\/#\/schema\/person\/image\/\",\"url\":\"https:\/\/secure.gravatar.com\/avatar\/8b4aea90e4535aae30b5b720249e5b723ae59fcf3d54757dd8b748d97b46d3c9?s=96&d=mm&r=g\",\"contentUrl\":\"https:\/\/secure.gravatar.com\/avatar\/8b4aea90e4535aae30b5b720249e5b723ae59fcf3d54757dd8b748d97b46d3c9?s=96&d=mm&r=g\",\"caption\":\"jbraeker\"},\"url\":\"https:\/\/www.welovecycling.com\/de\/author\/jbraeker\/\"}]}<\/script>\n<!-- \/ Yoast SEO Premium plugin. -->","yoast_head_json":{"title":"Mark Cavendish Wins Stage 3 at the Giro d\u2019Italia - We Love Cycling","description":"Es ist wieder Montag und somit Zeit f\u00fcr Neuigkeiten aus der Radsportwelt! Hier ein \u00dcberblick, damit ihr auch nichts verpasst.","robots":{"index":"index","follow":"follow","max-snippet":"max-snippet:-1","max-image-preview":"max-image-preview:large","max-video-preview":"max-video-preview:-1"},"canonical":"https:\/\/www.welovecycling.com\/de\/2022\/05\/09\/mark-cavendish-wins-stage-3-at-the-giro-ditalia-and-other-cool-news-from-the-world-of-cycling\/","og_locale":"de_DE","og_type":"article","og_title":"Mark Cavendish gewinnt die dritte Etappe des Giro d\u2019Italia und mehr Neuigkeiten aus der Radsportwelt","og_description":"Es ist wieder Montag und somit Zeit f\u00fcr Neuigkeiten aus der Radsportwelt! Hier ein \u00dcberblick, damit ihr auch nichts verpasst.","og_url":"https:\/\/www.welovecycling.com\/de\/2022\/05\/09\/mark-cavendish-wins-stage-3-at-the-giro-ditalia-and-other-cool-news-from-the-world-of-cycling\/","og_site_name":"\u0160koda We Love Cycling - Deutschland","article_published_time":"2022-05-09T13:44:06+00:00","article_modified_time":"2022-05-09T13:44:46+00:00","og_image":[{"width":990,"height":660,"url":"https:\/\/d2p6e6u75xmxt8.cloudfront.net\/10\/2022\/05\/Mark-Cavendish-profimedia-0689619190-CVR.jpg","type":"image\/jpeg"}],"author":"jbraeker","twitter_card":"summary_large_image","twitter_misc":{"Written by":"WeLoveCycling","Est. reading time":"2 minutes"},"schema":{"@context":"https:\/\/schema.org","@graph":[{"@type":"WebPage","@id":"https:\/\/www.welovecycling.com\/de\/2022\/05\/09\/mark-cavendish-wins-stage-3-at-the-giro-ditalia-and-other-cool-news-from-the-world-of-cycling\/","url":"https:\/\/www.welovecycling.com\/de\/2022\/05\/09\/mark-cavendish-wins-stage-3-at-the-giro-ditalia-and-other-cool-news-from-the-world-of-cycling\/","name":"Mark Cavendish Wins Stage 3 at the Giro d\u2019Italia - We Love Cycling","isPartOf":{"@id":"https:\/\/www.welovecycling.com\/de\/#website"},"primaryImageOfPage":{"@id":"https:\/\/www.welovecycling.com\/de\/2022\/05\/09\/mark-cavendish-wins-stage-3-at-the-giro-ditalia-and-other-cool-news-from-the-world-of-cycling\/#primaryimage"},"image":{"@id":"https:\/\/www.welovecycling.com\/de\/2022\/05\/09\/mark-cavendish-wins-stage-3-at-the-giro-ditalia-and-other-cool-news-from-the-world-of-cycling\/#primaryimage"},"thumbnailUrl":"https:\/\/d2p6e6u75xmxt8.cloudfront.net\/10\/2022\/05\/Mark-Cavendish-profimedia-0689619190-CVR.jpg","datePublished":"2022-05-09T13:44:06+00:00","dateModified":"2022-05-09T13:44:46+00:00","author":{"@id":"https:\/\/www.welovecycling.com\/de\/#\/schema\/person\/915694b3c8d0de9019932587781ba6b3"},"description":"Es ist wieder Montag und somit Zeit f\u00fcr Neuigkeiten aus der Radsportwelt! Hier ein \u00dcberblick, damit ihr auch nichts verpasst.","breadcrumb":{"@id":"https:\/\/www.welovecycling.com\/de\/2022\/05\/09\/mark-cavendish-wins-stage-3-at-the-giro-ditalia-and-other-cool-news-from-the-world-of-cycling\/#breadcrumb"},"inLanguage":"de-DE","potentialAction":[{"@type":"ReadAction","target":["https:\/\/www.welovecycling.com\/de\/2022\/05\/09\/mark-cavendish-wins-stage-3-at-the-giro-ditalia-and-other-cool-news-from-the-world-of-cycling\/"]}]},{"@type":"ImageObject","inLanguage":"de-DE","@id":"https:\/\/www.welovecycling.com\/de\/2022\/05\/09\/mark-cavendish-wins-stage-3-at-the-giro-ditalia-and-other-cool-news-from-the-world-of-cycling\/#primaryimage","url":"https:\/\/d2p6e6u75xmxt8.cloudfront.net\/10\/2022\/05\/Mark-Cavendish-profimedia-0689619190-CVR.jpg","contentUrl":"https:\/\/d2p6e6u75xmxt8.cloudfront.net\/10\/2022\/05\/Mark-Cavendish-profimedia-0689619190-CVR.jpg","width":990,"height":660,"caption":"Mark Cavendish"},{"@type":"BreadcrumbList","@id":"https:\/\/www.welovecycling.com\/de\/2022\/05\/09\/mark-cavendish-wins-stage-3-at-the-giro-ditalia-and-other-cool-news-from-the-world-of-cycling\/#breadcrumb","itemListElement":[{"@type":"ListItem","position":1,"name":"Home","item":"https:\/\/www.welovecycling.com\/de\/"},{"@type":"ListItem","position":2,"name":"Mark Cavendish gewinnt die dritte Etappe des Giro d\u2019Italia und mehr Neuigkeiten aus der Radsportwelt"}]},{"@type":"WebSite","@id":"https:\/\/www.welovecycling.com\/de\/#website","url":"https:\/\/www.welovecycling.com\/de\/","name":"\u0160koda We Love Cycling - Deutschland","description":"Just another \u0160koda WeLoveCycling Sites site","potentialAction":[{"@type":"SearchAction","target":{"@type":"EntryPoint","urlTemplate":"https:\/\/www.welovecycling.com\/de\/?s={search_term_string}"},"query-input":{"@type":"PropertyValueSpecification","valueRequired":true,"valueName":"search_term_string"}}],"inLanguage":"de-DE"},{"@type":"Person","@id":"https:\/\/www.welovecycling.com\/de\/#\/schema\/person\/915694b3c8d0de9019932587781ba6b3","name":"jbraeker","image":{"@type":"ImageObject","inLanguage":"de-DE","@id":"https:\/\/www.welovecycling.com\/de\/#\/schema\/person\/image\/","url":"https:\/\/secure.gravatar.com\/avatar\/8b4aea90e4535aae30b5b720249e5b723ae59fcf3d54757dd8b748d97b46d3c9?s=96&d=mm&r=g","contentUrl":"https:\/\/secure.gravatar.com\/avatar\/8b4aea90e4535aae30b5b720249e5b723ae59fcf3d54757dd8b748d97b46d3c9?s=96&d=mm&r=g","caption":"jbraeker"},"url":"https:\/\/www.welovecycling.com\/de\/author\/jbraeker\/"}]}},"_links":{"self":[{"href":"https:\/\/www.welovecycling.com\/de\/wp-json\/wp\/v2\/posts\/10243","targetHints":{"allow":["GET"]}}],"collection":[{"href":"https:\/\/www.welovecycling.com\/de\/wp-json\/wp\/v2\/posts"}],"about":[{"href":"https:\/\/www.welovecycling.com\/de\/wp-json\/wp\/v2\/types\/post"}],"author":[{"embeddable":true,"href":"https:\/\/www.welovecycling.com\/de\/wp-json\/wp\/v2\/users\/115"}],"replies":[{"embeddable":true,"href":"https:\/\/www.welovecycling.com\/de\/wp-json\/wp\/v2\/comments?post=10243"}],"version-history":[{"count":2,"href":"https:\/\/www.welovecycling.com\/de\/wp-json\/wp\/v2\/posts\/10243\/revisions"}],"predecessor-version":[{"id":10252,"href":"https:\/\/www.welovecycling.com\/de\/wp-json\/wp\/v2\/posts\/10243\/revisions\/10252"}],"wp:featuredmedia":[{"embeddable":true,"href":"https:\/\/www.welovecycling.com\/de\/wp-json\/wp\/v2\/media\/10250"}],"wp:attachment":[{"href":"https:\/\/www.welovecycling.com\/de\/wp-json\/wp\/v2\/media?parent=10243"}],"wp:term":[{"taxonomy":"category","embeddable":true,"href":"https:\/\/www.welovecycling.com\/de\/wp-json\/wp\/v2\/categories?post=10243"},{"taxonomy":"post_tag","embeddable":true,"href":"https:\/\/www.welovecycling.com\/de\/wp-json\/wp\/v2\/tags?post=10243"},{"taxonomy":"global-categories","embeddable":true,"href":"https:\/\/www.welovecycling.com\/de\/wp-json\/wp\/v2\/global-categories?post=10243"}],"curies":[{"name":"wp","href":"https:\/\/api.w.org\/{rel}","templated":true}]}}