{"id":10230,"date":"2022-05-02T14:27:13","date_gmt":"2022-05-02T13:27:13","guid":{"rendered":"https:\/\/www.welovecycling.com\/de\/?p=10230"},"modified":"2022-05-02T14:27:13","modified_gmt":"2022-05-02T13:27:13","slug":"vlasov-gewinnt-die-tour-de-romandie-und-mehr-neuigkeiten-aus-der-radsportwelt","status":"publish","type":"post","link":"https:\/\/www.welovecycling.com\/de\/2022\/05\/02\/vlasov-gewinnt-die-tour-de-romandie-und-mehr-neuigkeiten-aus-der-radsportwelt\/","title":{"rendered":"Vlasov gewinnt die Tour de Romandie und mehr Neuigkeiten aus der Radsportwelt"},"content":{"rendered":"<p><strong>Es ist wieder Montag und somit Zeit f\u00fcr Neuigkeiten aus der Radsportwelt! Hier ein \u00dcberblick, damit ihr auch nichts verpasst.<\/strong><\/p>\n<p><!--more--><\/p>\n<h2><strong>Vlasov macht es<\/strong><\/h2>\n<p>Der BORA-Hansgrohe-Fahrer gewinnt mit einer dominanten Zeitfahrleistung die f\u00fcnfte Etappe der Tour de Romandie mit 31 Sekunden Vorsprung und sichert sich damit den Gesamtsieg. Der 26-J\u00e4hrige setzte sich mit 50 Sekunden Vorsprung vor Gino M\u00e4der (Bahrain Victorious) durch. Auch Simon Geschke (Cofidis) lieferte eine beeindruckende Leistung ab. Er wurde \u00fcberraschend Zweiter im Zeitfahren und sicherte sich damit den letzten Platz auf dem Podium. Rohan Dennis, der zu Beginn des Tages in F\u00fchrung lag, k\u00e4mpfte mit der steilen Strecke und verlor zwei Minuten und 12 Sekunden auf Vlasov und fiel auf den achten Gesamtrang zur\u00fcck.<\/p>\n<p>https:\/\/www.instagram.com\/p\/CdDIb20udDa\/<\/p>\n<h4><strong>Tour de Romandie: Endergebnisse<\/strong><\/h4>\n<ol>\n<li>Aleksandr Vlasov (BORA-Hansgrohe) \u2013 18:00:59<\/li>\n<li>Gino M\u00e4der (Bahrain Victorious) + 50 seconds<\/li>\n<li>Simon Geschke (Cofidis) + 55 seconds<\/li>\n<li>Juan Ayuso (UAE Team Emirates) + 1:22<\/li>\n<li>Ben O&#8217;Connor (AG2R Citro\u00ebn Team) + 1:47<\/li>\n<li>Damian Caruso (Bahrain-Victorious) + 1:51<\/li>\n<li>Steven Kruijswijk (Jumbo-Visma) + 1:52<\/li>\n<li>Rohan Dennis (Jumbo-Visma) + 1:54<\/li>\n<li>Luke Plapp (Ineos Grenadiers) + 2:08<\/li>\n<li>Einer Rubio (Movistar Team) + 2:13<\/li>\n<\/ol>\n<h2><strong>Coole Br\u00fccke!<\/strong><\/h2>\n<div class=\"embed-controller-wrapper\">\n<blockquote class=\"twitter-tweet\" data-width=\"500\" data-dnt=\"true\">\n<p lang=\"en\" dir=\"ltr\">Yehudit Bridge: for pedestrians and cyclists<\/p>\n<p>18.04.2022 10:22 <a href=\"https:\/\/twitter.com\/hashtag\/TelAviv?src=hash&amp;ref_src=twsrc%5Etfw\">#TelAviv<\/a> <a href=\"https:\/\/twitter.com\/hashtag\/bikeTLV?src=hash&amp;ref_src=twsrc%5Etfw\">#bikeTLV<\/a> <a href=\"https:\/\/twitter.com\/hashtag\/cycling?src=hash&amp;ref_src=twsrc%5Etfw\">#cycling<\/a> <a href=\"https:\/\/twitter.com\/hashtag\/streetsforpeople?src=hash&amp;ref_src=twsrc%5Etfw\">#streetsforpeople<\/a> <a href=\"https:\/\/twitter.com\/hashtag\/%D7%A4%D7%99%D7%93%D7%AA%D7%97%D7%91%D7%95%D7%A8%D7%94?src=hash&amp;ref_src=twsrc%5Etfw\">#\u05e4\u05d9\u05d3\u05ea\u05d7\u05d1\u05d5\u05e8\u05d4<\/a> <a href=\"https:\/\/t.co\/nsSfZoFMxr\">pic.twitter.com\/nsSfZoFMxr<\/a><\/p>\n<p>&mdash; Thomas Schlijper \u05ea\u05d5\u05de\u05d0\u05e1 \u05e1\u05dc\u05d9\u05d9\u05e4\u05e8\ud83c\udf97\ufe0f (@schlijperisrael) <a href=\"https:\/\/twitter.com\/schlijperisrael\/status\/1520511646548041728?ref_src=twsrc%5Etfw\">April 30, 2022<\/a><\/p><\/blockquote>\n<p><script async data-src=\"https:\/\/platform.twitter.com\/widgets.js\" charset=\"utf-8\"><\/script><\/div>\n<h2><strong>Wie sieht es mit dem Heimweg aus?<\/strong><\/h2>\n<div class=\"embed-controller-wrapper\">\n<blockquote class=\"twitter-tweet\" data-width=\"500\" data-dnt=\"true\">\n<p lang=\"en\" dir=\"ltr\">Best commute to work ever! \ud83d\ude09<\/p>\n<p>I know from personal experience that <a href=\"https:\/\/twitter.com\/hashtag\/Chile?src=hash&amp;ref_src=twsrc%5Etfw\">#Chile<\/a> is making enormous strides in <a href=\"https:\/\/twitter.com\/hashtag\/cycling?src=hash&amp;ref_src=twsrc%5Etfw\">#cycling<\/a> culture, but this is next level stuff! \ud83c\udfd4\ud83d\udeb4\ud83c\udffb\u200d\u2642\ufe0f\ud83c\udfe1<a href=\"https:\/\/twitter.com\/hashtag\/Valparaiso?src=hash&amp;ref_src=twsrc%5Etfw\">#Valparaiso<\/a> | <a href=\"https:\/\/twitter.com\/bicicultura?ref_src=twsrc%5Etfw\">@bicicultura<\/a> \ud83c\udde8\ud83c\uddf1<a href=\"https:\/\/t.co\/ZUaRZZ09Be\">pic.twitter.com\/ZUaRZZ09Be<\/a><\/p>\n<p>&mdash; Anders Adamsen (@anderspreben) <a href=\"https:\/\/twitter.com\/anderspreben\/status\/1518928136599130112?ref_src=twsrc%5Etfw\">April 26, 2022<\/a><\/p><\/blockquote>\n<p><script async data-src=\"https:\/\/platform.twitter.com\/widgets.js\" charset=\"utf-8\"><\/script><\/div>\n<h2><strong>Aus dem Kontext gerissen&#8230;.<\/strong><\/h2>\n<div class=\"embed-controller-wrapper\">\n<blockquote class=\"twitter-tweet\" data-width=\"500\" data-dnt=\"true\">\n<p lang=\"en\" dir=\"ltr\">My favourite video of all time. <a href=\"https:\/\/t.co\/nwZzBV4ziE\">pic.twitter.com\/nwZzBV4ziE<\/a><\/p>\n<p>&mdash; Cycling out of context (@OutOfCycling) <a href=\"https:\/\/twitter.com\/OutOfCycling\/status\/1519584861232803840?ref_src=twsrc%5Etfw\">April 28, 2022<\/a><\/p><\/blockquote>\n<p><script async data-src=\"https:\/\/platform.twitter.com\/widgets.js\" charset=\"utf-8\"><\/script><\/div>\n<h2><strong>Watch this!<\/strong><\/h2>\n<p>https:\/\/www.instagram.com\/p\/CdBeazWI_4W\/<\/p>\n<p>&nbsp;<\/p>\n","protected":false},"excerpt":{"rendered":"<p>Es ist wieder Montag und somit Zeit f\u00fcr Neuigkeiten aus der Radsportwelt! Hier ein \u00dcberblick, damit ihr auch nichts verpasst.<\/p>\n","protected":false},"author":115,"featured_media":10236,"comment_status":"open","ping_status":"open","sticky":false,"template":"","format":"standard","meta":{"footnotes":""},"categories":[1],"tags":[],"global-categories":[],"class_list":["post-10230","post","type-post","status-publish","format-standard","has-post-thumbnail","hentry","category-allgemein"],"yoast_head":"<!-- This site is optimized with the Yoast SEO Premium plugin v25.3 (Yoast SEO v25.9) - https:\/\/yoast.com\/wordpress\/plugins\/seo\/ -->\n<title>Vlasov Wins Tour de Romandie - We Love Cycling Magazine<\/title>\n<meta name=\"description\" content=\"Es ist wieder Montag und somit Zeit f\u00fcr Neuigkeiten aus der Radsportwelt! Hier ein \u00dcberblick, damit ihr auch nichts verpasst.\" \/>\n<meta name=\"robots\" content=\"index, follow, max-snippet:-1, max-image-preview:large, max-video-preview:-1\" \/>\n<link rel=\"canonical\" href=\"https:\/\/www.welovecycling.com\/de\/2022\/05\/02\/vlasov-gewinnt-die-tour-de-romandie-und-mehr-neuigkeiten-aus-der-radsportwelt\/\" \/>\n<meta property=\"og:locale\" content=\"de_DE\" \/>\n<meta property=\"og:type\" content=\"article\" \/>\n<meta property=\"og:title\" content=\"Vlasov gewinnt die Tour de Romandie und mehr Neuigkeiten aus der Radsportwelt\" \/>\n<meta property=\"og:description\" content=\"Es ist wieder Montag und somit Zeit f\u00fcr Neuigkeiten aus der Radsportwelt! Hier ein \u00dcberblick, damit ihr auch nichts verpasst.\" \/>\n<meta property=\"og:url\" content=\"https:\/\/www.welovecycling.com\/de\/2022\/05\/02\/vlasov-gewinnt-die-tour-de-romandie-und-mehr-neuigkeiten-aus-der-radsportwelt\/\" \/>\n<meta property=\"og:site_name\" content=\"\u0160koda We Love Cycling - Deutschland\" \/>\n<meta property=\"article:published_time\" content=\"2022-05-02T13:27:13+00:00\" \/>\n<meta property=\"og:image\" content=\"https:\/\/d2p6e6u75xmxt8.cloudfront.net\/10\/2022\/05\/Aleksandr-Vlasov-Tour-de-Romandie-profimedia-0687703217-CVR.jpg\" \/>\n\t<meta property=\"og:image:width\" content=\"1366\" \/>\n\t<meta property=\"og:image:height\" content=\"601\" \/>\n\t<meta property=\"og:image:type\" content=\"image\/jpeg\" \/>\n<meta name=\"author\" content=\"jbraeker\" \/>\n<meta name=\"twitter:card\" content=\"summary_large_image\" \/>\n<meta name=\"twitter:label1\" content=\"Written by\" \/>\n\t<meta name=\"twitter:data1\" content=\"WeLoveCycling\" \/>\n\t<meta name=\"twitter:label2\" content=\"Est. reading time\" \/>\n\t<meta name=\"twitter:data2\" content=\"4\" \/>\n<script type=\"application\/ld+json\" class=\"yoast-schema-graph\">{\"@context\":\"https:\/\/schema.org\",\"@graph\":[{\"@type\":\"WebPage\",\"@id\":\"https:\/\/www.welovecycling.com\/de\/2022\/05\/02\/vlasov-gewinnt-die-tour-de-romandie-und-mehr-neuigkeiten-aus-der-radsportwelt\/\",\"url\":\"https:\/\/www.welovecycling.com\/de\/2022\/05\/02\/vlasov-gewinnt-die-tour-de-romandie-und-mehr-neuigkeiten-aus-der-radsportwelt\/\",\"name\":\"Vlasov Wins Tour de Romandie - We Love Cycling Magazine\",\"isPartOf\":{\"@id\":\"https:\/\/www.welovecycling.com\/de\/#website\"},\"primaryImageOfPage\":{\"@id\":\"https:\/\/www.welovecycling.com\/de\/2022\/05\/02\/vlasov-gewinnt-die-tour-de-romandie-und-mehr-neuigkeiten-aus-der-radsportwelt\/#primaryimage\"},\"image\":{\"@id\":\"https:\/\/www.welovecycling.com\/de\/2022\/05\/02\/vlasov-gewinnt-die-tour-de-romandie-und-mehr-neuigkeiten-aus-der-radsportwelt\/#primaryimage\"},\"thumbnailUrl\":\"https:\/\/d2p6e6u75xmxt8.cloudfront.net\/10\/2022\/05\/Aleksandr-Vlasov-Tour-de-Romandie-profimedia-0687703217-CVR.jpg\",\"datePublished\":\"2022-05-02T13:27:13+00:00\",\"author\":{\"@id\":\"https:\/\/www.welovecycling.com\/de\/#\/schema\/person\/915694b3c8d0de9019932587781ba6b3\"},\"description\":\"Es ist wieder Montag und somit Zeit f\u00fcr Neuigkeiten aus der Radsportwelt! Hier ein \u00dcberblick, damit ihr auch nichts verpasst.\",\"breadcrumb\":{\"@id\":\"https:\/\/www.welovecycling.com\/de\/2022\/05\/02\/vlasov-gewinnt-die-tour-de-romandie-und-mehr-neuigkeiten-aus-der-radsportwelt\/#breadcrumb\"},\"inLanguage\":\"de-DE\",\"potentialAction\":[{\"@type\":\"ReadAction\",\"target\":[\"https:\/\/www.welovecycling.com\/de\/2022\/05\/02\/vlasov-gewinnt-die-tour-de-romandie-und-mehr-neuigkeiten-aus-der-radsportwelt\/\"]}]},{\"@type\":\"ImageObject\",\"inLanguage\":\"de-DE\",\"@id\":\"https:\/\/www.welovecycling.com\/de\/2022\/05\/02\/vlasov-gewinnt-die-tour-de-romandie-und-mehr-neuigkeiten-aus-der-radsportwelt\/#primaryimage\",\"url\":\"https:\/\/d2p6e6u75xmxt8.cloudfront.net\/10\/2022\/05\/Aleksandr-Vlasov-Tour-de-Romandie-profimedia-0687703217-CVR.jpg\",\"contentUrl\":\"https:\/\/d2p6e6u75xmxt8.cloudfront.net\/10\/2022\/05\/Aleksandr-Vlasov-Tour-de-Romandie-profimedia-0687703217-CVR.jpg\",\"width\":1366,\"height\":601,\"caption\":\"Aleksandr Vlasov\"},{\"@type\":\"BreadcrumbList\",\"@id\":\"https:\/\/www.welovecycling.com\/de\/2022\/05\/02\/vlasov-gewinnt-die-tour-de-romandie-und-mehr-neuigkeiten-aus-der-radsportwelt\/#breadcrumb\",\"itemListElement\":[{\"@type\":\"ListItem\",\"position\":1,\"name\":\"Home\",\"item\":\"https:\/\/www.welovecycling.com\/de\/\"},{\"@type\":\"ListItem\",\"position\":2,\"name\":\"Vlasov gewinnt die Tour de Romandie und mehr Neuigkeiten aus der Radsportwelt\"}]},{\"@type\":\"WebSite\",\"@id\":\"https:\/\/www.welovecycling.com\/de\/#website\",\"url\":\"https:\/\/www.welovecycling.com\/de\/\",\"name\":\"\u0160koda We Love Cycling - Deutschland\",\"description\":\"Just another \u0160koda WeLoveCycling Sites site\",\"potentialAction\":[{\"@type\":\"SearchAction\",\"target\":{\"@type\":\"EntryPoint\",\"urlTemplate\":\"https:\/\/www.welovecycling.com\/de\/?s={search_term_string}\"},\"query-input\":{\"@type\":\"PropertyValueSpecification\",\"valueRequired\":true,\"valueName\":\"search_term_string\"}}],\"inLanguage\":\"de-DE\"},{\"@type\":\"Person\",\"@id\":\"https:\/\/www.welovecycling.com\/de\/#\/schema\/person\/915694b3c8d0de9019932587781ba6b3\",\"name\":\"jbraeker\",\"image\":{\"@type\":\"ImageObject\",\"inLanguage\":\"de-DE\",\"@id\":\"https:\/\/www.welovecycling.com\/de\/#\/schema\/person\/image\/\",\"url\":\"https:\/\/secure.gravatar.com\/avatar\/8b4aea90e4535aae30b5b720249e5b723ae59fcf3d54757dd8b748d97b46d3c9?s=96&d=mm&r=g\",\"contentUrl\":\"https:\/\/secure.gravatar.com\/avatar\/8b4aea90e4535aae30b5b720249e5b723ae59fcf3d54757dd8b748d97b46d3c9?s=96&d=mm&r=g\",\"caption\":\"jbraeker\"},\"url\":\"https:\/\/www.welovecycling.com\/de\/author\/jbraeker\/\"}]}<\/script>\n<!-- \/ Yoast SEO Premium plugin. -->","yoast_head_json":{"title":"Vlasov Wins Tour de Romandie - We Love Cycling Magazine","description":"Es ist wieder Montag und somit Zeit f\u00fcr Neuigkeiten aus der Radsportwelt! Hier ein \u00dcberblick, damit ihr auch nichts verpasst.","robots":{"index":"index","follow":"follow","max-snippet":"max-snippet:-1","max-image-preview":"max-image-preview:large","max-video-preview":"max-video-preview:-1"},"canonical":"https:\/\/www.welovecycling.com\/de\/2022\/05\/02\/vlasov-gewinnt-die-tour-de-romandie-und-mehr-neuigkeiten-aus-der-radsportwelt\/","og_locale":"de_DE","og_type":"article","og_title":"Vlasov gewinnt die Tour de Romandie und mehr Neuigkeiten aus der Radsportwelt","og_description":"Es ist wieder Montag und somit Zeit f\u00fcr Neuigkeiten aus der Radsportwelt! Hier ein \u00dcberblick, damit ihr auch nichts verpasst.","og_url":"https:\/\/www.welovecycling.com\/de\/2022\/05\/02\/vlasov-gewinnt-die-tour-de-romandie-und-mehr-neuigkeiten-aus-der-radsportwelt\/","og_site_name":"\u0160koda We Love Cycling - Deutschland","article_published_time":"2022-05-02T13:27:13+00:00","og_image":[{"width":1366,"height":601,"url":"https:\/\/d2p6e6u75xmxt8.cloudfront.net\/10\/2022\/05\/Aleksandr-Vlasov-Tour-de-Romandie-profimedia-0687703217-CVR.jpg","type":"image\/jpeg"}],"author":"jbraeker","twitter_card":"summary_large_image","twitter_misc":{"Written by":"WeLoveCycling","Est. reading time":"4"},"schema":{"@context":"https:\/\/schema.org","@graph":[{"@type":"WebPage","@id":"https:\/\/www.welovecycling.com\/de\/2022\/05\/02\/vlasov-gewinnt-die-tour-de-romandie-und-mehr-neuigkeiten-aus-der-radsportwelt\/","url":"https:\/\/www.welovecycling.com\/de\/2022\/05\/02\/vlasov-gewinnt-die-tour-de-romandie-und-mehr-neuigkeiten-aus-der-radsportwelt\/","name":"Vlasov Wins Tour de Romandie - We Love Cycling Magazine","isPartOf":{"@id":"https:\/\/www.welovecycling.com\/de\/#website"},"primaryImageOfPage":{"@id":"https:\/\/www.welovecycling.com\/de\/2022\/05\/02\/vlasov-gewinnt-die-tour-de-romandie-und-mehr-neuigkeiten-aus-der-radsportwelt\/#primaryimage"},"image":{"@id":"https:\/\/www.welovecycling.com\/de\/2022\/05\/02\/vlasov-gewinnt-die-tour-de-romandie-und-mehr-neuigkeiten-aus-der-radsportwelt\/#primaryimage"},"thumbnailUrl":"https:\/\/d2p6e6u75xmxt8.cloudfront.net\/10\/2022\/05\/Aleksandr-Vlasov-Tour-de-Romandie-profimedia-0687703217-CVR.jpg","datePublished":"2022-05-02T13:27:13+00:00","author":{"@id":"https:\/\/www.welovecycling.com\/de\/#\/schema\/person\/915694b3c8d0de9019932587781ba6b3"},"description":"Es ist wieder Montag und somit Zeit f\u00fcr Neuigkeiten aus der Radsportwelt! Hier ein \u00dcberblick, damit ihr auch nichts verpasst.","breadcrumb":{"@id":"https:\/\/www.welovecycling.com\/de\/2022\/05\/02\/vlasov-gewinnt-die-tour-de-romandie-und-mehr-neuigkeiten-aus-der-radsportwelt\/#breadcrumb"},"inLanguage":"de-DE","potentialAction":[{"@type":"ReadAction","target":["https:\/\/www.welovecycling.com\/de\/2022\/05\/02\/vlasov-gewinnt-die-tour-de-romandie-und-mehr-neuigkeiten-aus-der-radsportwelt\/"]}]},{"@type":"ImageObject","inLanguage":"de-DE","@id":"https:\/\/www.welovecycling.com\/de\/2022\/05\/02\/vlasov-gewinnt-die-tour-de-romandie-und-mehr-neuigkeiten-aus-der-radsportwelt\/#primaryimage","url":"https:\/\/d2p6e6u75xmxt8.cloudfront.net\/10\/2022\/05\/Aleksandr-Vlasov-Tour-de-Romandie-profimedia-0687703217-CVR.jpg","contentUrl":"https:\/\/d2p6e6u75xmxt8.cloudfront.net\/10\/2022\/05\/Aleksandr-Vlasov-Tour-de-Romandie-profimedia-0687703217-CVR.jpg","width":1366,"height":601,"caption":"Aleksandr Vlasov"},{"@type":"BreadcrumbList","@id":"https:\/\/www.welovecycling.com\/de\/2022\/05\/02\/vlasov-gewinnt-die-tour-de-romandie-und-mehr-neuigkeiten-aus-der-radsportwelt\/#breadcrumb","itemListElement":[{"@type":"ListItem","position":1,"name":"Home","item":"https:\/\/www.welovecycling.com\/de\/"},{"@type":"ListItem","position":2,"name":"Vlasov gewinnt die Tour de Romandie und mehr Neuigkeiten aus der Radsportwelt"}]},{"@type":"WebSite","@id":"https:\/\/www.welovecycling.com\/de\/#website","url":"https:\/\/www.welovecycling.com\/de\/","name":"\u0160koda We Love Cycling - Deutschland","description":"Just another \u0160koda WeLoveCycling Sites site","potentialAction":[{"@type":"SearchAction","target":{"@type":"EntryPoint","urlTemplate":"https:\/\/www.welovecycling.com\/de\/?s={search_term_string}"},"query-input":{"@type":"PropertyValueSpecification","valueRequired":true,"valueName":"search_term_string"}}],"inLanguage":"de-DE"},{"@type":"Person","@id":"https:\/\/www.welovecycling.com\/de\/#\/schema\/person\/915694b3c8d0de9019932587781ba6b3","name":"jbraeker","image":{"@type":"ImageObject","inLanguage":"de-DE","@id":"https:\/\/www.welovecycling.com\/de\/#\/schema\/person\/image\/","url":"https:\/\/secure.gravatar.com\/avatar\/8b4aea90e4535aae30b5b720249e5b723ae59fcf3d54757dd8b748d97b46d3c9?s=96&d=mm&r=g","contentUrl":"https:\/\/secure.gravatar.com\/avatar\/8b4aea90e4535aae30b5b720249e5b723ae59fcf3d54757dd8b748d97b46d3c9?s=96&d=mm&r=g","caption":"jbraeker"},"url":"https:\/\/www.welovecycling.com\/de\/author\/jbraeker\/"}]}},"_links":{"self":[{"href":"https:\/\/www.welovecycling.com\/de\/wp-json\/wp\/v2\/posts\/10230","targetHints":{"allow":["GET"]}}],"collection":[{"href":"https:\/\/www.welovecycling.com\/de\/wp-json\/wp\/v2\/posts"}],"about":[{"href":"https:\/\/www.welovecycling.com\/de\/wp-json\/wp\/v2\/types\/post"}],"author":[{"embeddable":true,"href":"https:\/\/www.welovecycling.com\/de\/wp-json\/wp\/v2\/users\/115"}],"replies":[{"embeddable":true,"href":"https:\/\/www.welovecycling.com\/de\/wp-json\/wp\/v2\/comments?post=10230"}],"version-history":[{"count":1,"href":"https:\/\/www.welovecycling.com\/de\/wp-json\/wp\/v2\/posts\/10230\/revisions"}],"predecessor-version":[{"id":10237,"href":"https:\/\/www.welovecycling.com\/de\/wp-json\/wp\/v2\/posts\/10230\/revisions\/10237"}],"wp:featuredmedia":[{"embeddable":true,"href":"https:\/\/www.welovecycling.com\/de\/wp-json\/wp\/v2\/media\/10236"}],"wp:attachment":[{"href":"https:\/\/www.welovecycling.com\/de\/wp-json\/wp\/v2\/media?parent=10230"}],"wp:term":[{"taxonomy":"category","embeddable":true,"href":"https:\/\/www.welovecycling.com\/de\/wp-json\/wp\/v2\/categories?post=10230"},{"taxonomy":"post_tag","embeddable":true,"href":"https:\/\/www.welovecycling.com\/de\/wp-json\/wp\/v2\/tags?post=10230"},{"taxonomy":"global-categories","embeddable":true,"href":"https:\/\/www.welovecycling.com\/de\/wp-json\/wp\/v2\/global-categories?post=10230"}],"curies":[{"name":"wp","href":"https:\/\/api.w.org\/{rel}","templated":true}]}}