{"id":10201,"date":"2022-04-26T09:15:30","date_gmt":"2022-04-26T08:15:30","guid":{"rendered":"https:\/\/www.welovecycling.com\/de\/?p=10201"},"modified":"2022-04-26T09:15:30","modified_gmt":"2022-04-26T08:15:30","slug":"evenepoel-and-van-vleuten-win-liege-bastogne-liege-and-other-cool-news-from-the-world-of-cycling","status":"publish","type":"post","link":"https:\/\/www.welovecycling.com\/de\/2022\/04\/26\/evenepoel-and-van-vleuten-win-liege-bastogne-liege-and-other-cool-news-from-the-world-of-cycling\/","title":{"rendered":"Evenepoel and Van Vleuten Win Li\u00e8ge-Bastogne-Li\u00e8ge and Other Cool News from the World of Cycling"},"content":{"rendered":"<p><strong>Es ist wieder Montag und somit Zeit f\u00fcr Neuigkeiten aus der Radsportwelt! Hier ein \u00dcberblick, damit ihr auch nichts verpasst.<\/strong><\/p>\n<p><!--more--><\/p>\n<h2><strong>Der Belgier macht es!<\/strong><\/h2>\n<p>Remco Evenepoel (Quick-Step Alpha Vinyl) gewinnt L\u00fcttich-Bastogne-L\u00fcttich mit einem Solosieg, nachdem er 29 km vor dem Ziel attackiert hat. Es war der erste Monument-Sieg f\u00fcr den 22-J\u00e4hrigen und auch das erste Mal seit 2011, dass ein einheimischer Fahrer La Doyenne gewonnen hat. Das Podium war rein belgisches besetzt, denn Quinten Hermans (Intermarch\u00e9-Wanty-Gobert Mat\u00e9riaux) wurde Zweiter und Wout van Aert (Jumbo-Visma) wurde Dritter.<\/p>\n<div class=\"embed-controller-wrapper\">\n<blockquote class=\"twitter-tweet\" data-width=\"500\" data-dnt=\"true\">\n<p lang=\"en\" dir=\"ltr\">What a day, a dream coming true! \ud83d\udc4a\ud83c\udffc\ud83c\udfc6\ud83d\ude0d<\/p>\n<p>Can&#39;t thank the team enough for all the hard work and support! Thank you to everyone for believing in me!! \ud83d\udc99\ud83d\udc3a <a href=\"https:\/\/twitter.com\/hashtag\/TheWolfpack?src=hash&amp;ref_src=twsrc%5Etfw\">#TheWolfpack<\/a><\/p>\n<p>I hope everything is well with the people involved in the crash, especially <a href=\"https:\/\/twitter.com\/IlanWilder?ref_src=twsrc%5Etfw\">@IlanWilder<\/a> and <a href=\"https:\/\/twitter.com\/alafpolak1?ref_src=twsrc%5Etfw\">@alafpolak1<\/a>! \ud83d\ude4f\ud83c\udffc <a href=\"https:\/\/t.co\/UH02FM272A\">pic.twitter.com\/UH02FM272A<\/a><\/p>\n<p>&mdash; Remco Evenepoel (@EvenepoelRemco) <a href=\"https:\/\/twitter.com\/EvenepoelRemco\/status\/1518266416268464128?ref_src=twsrc%5Etfw\">April 24, 2022<\/a><\/p><\/blockquote>\n<p><script async data-src=\"https:\/\/platform.twitter.com\/widgets.js\" charset=\"utf-8\"><\/script><\/div>\n<p>&#8222;Es war wirklich schwer mit dem Gegenwind, es war wirklich schwierig, weiter zu pushen&#8220;, sagte Evenepoel nach dem Rennen. &#8222;Aber ich wei\u00df, dass jeder schon den ganzen Tag gelitten hat; es war ein ziemlich harter Tag und auch ein langer Tag.&#8220;<\/p>\n<p>&#8222;Ich denke, heute war mein bester Tag auf dem Rad, vielleicht sogar der beste \u00fcberhaupt. Also ein perfekter Tag, um den besten Tag auf dem Rad zu haben, denke ich.&#8220;<\/p>\n<p>Der Sieg von Quick-Step Alpha Vinyl war umso ergreifender, nachdem Julian Alaphilippe in einen schweren Sturz verwickelt war und in ein Krankenhaus gebracht werden musste. Wir w\u00fcnschen dem franz\u00f6sischen Champion das Allerbeste und eine schnelle Genesung.<\/p>\n<h4><strong>Ergebnisse Li\u00e8ge-Bastogne-Li\u00e8ge 2022 (257.2KM)<\/strong><\/h4>\n<ol>\n<li>Remco Evenepoel (Quick-Step Alpha Vinyl) \u2013 6:12:38<\/li>\n<li>Quinten Hermans (Intermarch\u00e9-Wanty-Gobert Mat\u00e9riaux) + 48 seconds<\/li>\n<li>Wout van Aert (Jumbo-Visma)<\/li>\n<li>Daniel Martinez (Ineos Grenadiers)<\/li>\n<li>Sergio Higuita (BORA-Hansgrohe)<\/li>\n<li>Dylan Teuns (Bahrain-Victorious)<\/li>\n<li>Alejandro Valverde (Movistar)<\/li>\n<li>Neilson Powless (EF Education-EasyPost)<\/li>\n<li>Marc Hirschi (UAE Team Emirates)<\/li>\n<li>Michael Woods (Israel-Premier Tech)<\/li>\n<\/ol>\n<h2><strong>Van Vleutens Solo<\/strong><\/h2>\n<figure id=\"attachment_10207\" aria-describedby=\"caption-attachment-10207\" style=\"width: 1000px\" class=\"wp-caption alignnone\"><a href=\"https:\/\/d2p6e6u75xmxt8.cloudfront.net\/10\/2022\/04\/Annemiek-van-Vleuten-profimedia-0685704145.jpg\"><img loading=\"lazy\" decoding=\"async\" class=\"size-full wp-image-10207\" src=\"https:\/\/d2p6e6u75xmxt8.cloudfront.net\/10\/2022\/04\/Annemiek-van-Vleuten-profimedia-0685704145.jpg\" alt=\"Annemiek van Vleuten\" width=\"1000\" height=\"664\" srcset=\"https:\/\/d2p6e6u75xmxt8.cloudfront.net\/10\/2022\/04\/Annemiek-van-Vleuten-profimedia-0685704145.jpg 1000w, https:\/\/d2p6e6u75xmxt8.cloudfront.net\/10\/2022\/04\/Annemiek-van-Vleuten-profimedia-0685704145-300x199.jpg 300w, https:\/\/d2p6e6u75xmxt8.cloudfront.net\/10\/2022\/04\/Annemiek-van-Vleuten-profimedia-0685704145-768x510.jpg 768w, https:\/\/d2p6e6u75xmxt8.cloudfront.net\/10\/2022\/04\/Annemiek-van-Vleuten-profimedia-0685704145-272x182.jpg 272w\" sizes=\"auto, (max-width: 1000px) 100vw, 1000px\" \/><\/a><figcaption id=\"caption-attachment-10207\" class=\"wp-caption-text\">Van Vleuten did it again. \u00a9 Profimedia<\/figcaption><\/figure>\n<p>Die 39-J\u00e4hrige griff immer wieder an und setzte sich schlie\u00dflich am letzten klassifizierten Anstieg ab. Auf den letzten 10 Kilometern fuhr sie allein und holte sich einen \u00fcberw\u00e4ltigenden Sieg. Eine f\u00fcnfk\u00f6pfige Verfolgergruppe arbeitete gut zusammen, konnte sie aber trotz aller Bem\u00fchungen nicht mehr einholen.<\/p>\n<p>&#8222;Gewinnen ist im Frauenradsport schwieriger geworden&#8220;, sagte Annemiek Van Vleuten nach dem Rennen. &#8222;Ich denke, es gibt mehr Anw\u00e4rterinnen. Ich wei\u00df, dass ich diesen Fr\u00fchjahr besser bin als je zuvor, aber das bedeutet nicht, dass man immer gewinnen kann.<\/p>\n<h4><strong>Ergebnisse Li\u00e8ge-Bastogne-Li\u00e8ge Frauen 2022\u00a0 (142.1KM)<\/strong><\/h4>\n<ol>\n<li>Annemiek van Vleuten (Movistar) \u2013 3:52:32<\/li>\n<li>Grace Brown (FDJ-Nouvelle Aquitaine Futuroscope) + 43 seconds<\/li>\n<li>Demi Vollering (SD Worx)<\/li>\n<li>Ashleigh Moolman-Pasio (SD Worx)<\/li>\n<li>Elisa Longo Borghini (Trek-Segafredo)<\/li>\n<li>Marta Cavalli (FDJ-Nouvelle Aquitaine Futuroscope) + 47 seconds<\/li>\n<li>Arlenis Sierra (Movistar) + 1:58<\/li>\n<li>Liane Lippert (Team DSM)<\/li>\n<li>Kasia Niewiadoma (Canyon-SRAM)<\/li>\n<li>Amanda Spratt (BikeExchange-Jayco)<\/li>\n<\/ol>\n<h2><strong>Was haben wir hier?<\/strong><\/h2>\n<p>https:\/\/www.instagram.com\/p\/CcvPGrMITyt\/<\/p>\n<h2><strong>Es ist Remco Zeit<\/strong><\/h2>\n<div class=\"embed-controller-wrapper\">\n<blockquote class=\"twitter-tweet\" data-width=\"500\" data-dnt=\"true\">\n<p lang=\"en\" dir=\"ltr\">IT&#39;S REMCO TIME <a href=\"https:\/\/t.co\/MWMxSjITiQ\">pic.twitter.com\/MWMxSjITiQ<\/a><\/p>\n<p>&mdash; Cycling out of context (@OutOfCycling) <a href=\"https:\/\/twitter.com\/OutOfCycling\/status\/1518237970372911107?ref_src=twsrc%5Etfw\">April 24, 2022<\/a><\/p><\/blockquote>\n<p><script async data-src=\"https:\/\/platform.twitter.com\/widgets.js\" charset=\"utf-8\"><\/script><\/div>\n<h2><strong>Das ist wundervoll<\/strong><\/h2>\n<div class=\"embed-controller-wrapper\">\n<blockquote class=\"twitter-tweet\" data-width=\"500\" data-dnt=\"true\">\n<p lang=\"en\" dir=\"ltr\">Cycling ensemble, 1896. Philadelphia Museum of Art. <a href=\"https:\/\/t.co\/nHE6fjtx3V\">pic.twitter.com\/nHE6fjtx3V<\/a><\/p>\n<p>&mdash; WikiVictorian (@wikivictorian) <a href=\"https:\/\/twitter.com\/wikivictorian\/status\/1518344131117993985?ref_src=twsrc%5Etfw\">April 24, 2022<\/a><\/p><\/blockquote>\n<p><script async data-src=\"https:\/\/platform.twitter.com\/widgets.js\" charset=\"utf-8\"><\/script><\/div>\n<h2><strong>Stay on the safe side<\/strong><\/h2>\n<div class=\"embed-controller-wrapper\">\n<blockquote class=\"twitter-tweet\" data-width=\"500\" data-dnt=\"true\">\n<p lang=\"en\" dir=\"ltr\">We all have roads near us where \u201cthere isn\u2019t space for safe cycling infrastructure\u201d.<\/p>\n<p>There almost always is with enough vision.<\/p>\n<p>via <a href=\"https:\/\/twitter.com\/InfraCGI?ref_src=twsrc%5Etfw\">@InfraCGI<\/a> <a href=\"https:\/\/t.co\/BxwuAfDmPp\">pic.twitter.com\/BxwuAfDmPp<\/a><\/p>\n<p>&mdash; Adam Tranter (@adamtranter) <a href=\"https:\/\/twitter.com\/adamtranter\/status\/1517051458566463488?ref_src=twsrc%5Etfw\">April 21, 2022<\/a><\/p><\/blockquote>\n<p><script async data-src=\"https:\/\/platform.twitter.com\/widgets.js\" charset=\"utf-8\"><\/script><\/div>\n","protected":false},"excerpt":{"rendered":"<p>Es ist wieder Montag und somit Zeit f\u00fcr Neuigkeiten aus der Radsportwelt! Hier ein \u00dcberblick, damit ihr auch nichts verpasst.<\/p>\n","protected":false},"author":115,"featured_media":10209,"comment_status":"open","ping_status":"open","sticky":false,"template":"","format":"standard","meta":{"footnotes":""},"categories":[1],"tags":[],"global-categories":[],"class_list":["post-10201","post","type-post","status-publish","format-standard","has-post-thumbnail","hentry","category-allgemein"],"yoast_head":"<!-- This site is optimized with the Yoast SEO Premium plugin v25.3 (Yoast SEO v25.9) - https:\/\/yoast.com\/wordpress\/plugins\/seo\/ -->\n<title>Evenepoel and Van Vleuten Win Li\u00e8ge-Bastogne-Li\u00e8ge<\/title>\n<meta name=\"description\" content=\"Es ist wieder Montag und somit Zeit f\u00fcr Neuigkeiten aus der Radsportwelt! Hier ein \u00dcberblick, damit ihr auch nichts verpasst.\" \/>\n<meta name=\"robots\" content=\"index, follow, max-snippet:-1, max-image-preview:large, max-video-preview:-1\" \/>\n<link rel=\"canonical\" href=\"https:\/\/www.welovecycling.com\/de\/2022\/04\/26\/evenepoel-and-van-vleuten-win-liege-bastogne-liege-and-other-cool-news-from-the-world-of-cycling\/\" \/>\n<meta property=\"og:locale\" content=\"de_DE\" \/>\n<meta property=\"og:type\" content=\"article\" \/>\n<meta property=\"og:title\" content=\"Evenepoel and Van Vleuten Win Li\u00e8ge-Bastogne-Li\u00e8ge and Other Cool News from the World of Cycling\" \/>\n<meta property=\"og:description\" content=\"Es ist wieder Montag und somit Zeit f\u00fcr Neuigkeiten aus der Radsportwelt! Hier ein \u00dcberblick, damit ihr auch nichts verpasst.\" \/>\n<meta property=\"og:url\" content=\"https:\/\/www.welovecycling.com\/de\/2022\/04\/26\/evenepoel-and-van-vleuten-win-liege-bastogne-liege-and-other-cool-news-from-the-world-of-cycling\/\" \/>\n<meta property=\"og:site_name\" content=\"\u0160koda We Love Cycling - Deutschland\" \/>\n<meta property=\"article:published_time\" content=\"2022-04-26T08:15:30+00:00\" \/>\n<meta property=\"og:image\" content=\"https:\/\/d2p6e6u75xmxt8.cloudfront.net\/10\/2022\/04\/Remco-Evenepoel-profimedia-0685716605-CVR.jpg\" \/>\n\t<meta property=\"og:image:width\" content=\"1366\" \/>\n\t<meta property=\"og:image:height\" content=\"600\" \/>\n\t<meta property=\"og:image:type\" content=\"image\/jpeg\" \/>\n<meta name=\"author\" content=\"jbraeker\" \/>\n<meta name=\"twitter:card\" content=\"summary_large_image\" \/>\n<meta name=\"twitter:label1\" content=\"Written by\" \/>\n\t<meta name=\"twitter:data1\" content=\"WeLoveCycling\" \/>\n\t<meta name=\"twitter:label2\" content=\"Est. reading time\" \/>\n\t<meta name=\"twitter:data2\" content=\"4\" \/>\n<script type=\"application\/ld+json\" class=\"yoast-schema-graph\">{\"@context\":\"https:\/\/schema.org\",\"@graph\":[{\"@type\":\"WebPage\",\"@id\":\"https:\/\/www.welovecycling.com\/de\/2022\/04\/26\/evenepoel-and-van-vleuten-win-liege-bastogne-liege-and-other-cool-news-from-the-world-of-cycling\/\",\"url\":\"https:\/\/www.welovecycling.com\/de\/2022\/04\/26\/evenepoel-and-van-vleuten-win-liege-bastogne-liege-and-other-cool-news-from-the-world-of-cycling\/\",\"name\":\"Evenepoel and Van Vleuten Win Li\u00e8ge-Bastogne-Li\u00e8ge\",\"isPartOf\":{\"@id\":\"https:\/\/www.welovecycling.com\/de\/#website\"},\"primaryImageOfPage\":{\"@id\":\"https:\/\/www.welovecycling.com\/de\/2022\/04\/26\/evenepoel-and-van-vleuten-win-liege-bastogne-liege-and-other-cool-news-from-the-world-of-cycling\/#primaryimage\"},\"image\":{\"@id\":\"https:\/\/www.welovecycling.com\/de\/2022\/04\/26\/evenepoel-and-van-vleuten-win-liege-bastogne-liege-and-other-cool-news-from-the-world-of-cycling\/#primaryimage\"},\"thumbnailUrl\":\"https:\/\/d2p6e6u75xmxt8.cloudfront.net\/10\/2022\/04\/Remco-Evenepoel-profimedia-0685716605-CVR.jpg\",\"datePublished\":\"2022-04-26T08:15:30+00:00\",\"author\":{\"@id\":\"https:\/\/www.welovecycling.com\/de\/#\/schema\/person\/915694b3c8d0de9019932587781ba6b3\"},\"description\":\"Es ist wieder Montag und somit Zeit f\u00fcr Neuigkeiten aus der Radsportwelt! Hier ein \u00dcberblick, damit ihr auch nichts verpasst.\",\"breadcrumb\":{\"@id\":\"https:\/\/www.welovecycling.com\/de\/2022\/04\/26\/evenepoel-and-van-vleuten-win-liege-bastogne-liege-and-other-cool-news-from-the-world-of-cycling\/#breadcrumb\"},\"inLanguage\":\"de-DE\",\"potentialAction\":[{\"@type\":\"ReadAction\",\"target\":[\"https:\/\/www.welovecycling.com\/de\/2022\/04\/26\/evenepoel-and-van-vleuten-win-liege-bastogne-liege-and-other-cool-news-from-the-world-of-cycling\/\"]}]},{\"@type\":\"ImageObject\",\"inLanguage\":\"de-DE\",\"@id\":\"https:\/\/www.welovecycling.com\/de\/2022\/04\/26\/evenepoel-and-van-vleuten-win-liege-bastogne-liege-and-other-cool-news-from-the-world-of-cycling\/#primaryimage\",\"url\":\"https:\/\/d2p6e6u75xmxt8.cloudfront.net\/10\/2022\/04\/Remco-Evenepoel-profimedia-0685716605-CVR.jpg\",\"contentUrl\":\"https:\/\/d2p6e6u75xmxt8.cloudfront.net\/10\/2022\/04\/Remco-Evenepoel-profimedia-0685716605-CVR.jpg\",\"width\":1366,\"height\":600,\"caption\":\"Remco Evenepoel\"},{\"@type\":\"BreadcrumbList\",\"@id\":\"https:\/\/www.welovecycling.com\/de\/2022\/04\/26\/evenepoel-and-van-vleuten-win-liege-bastogne-liege-and-other-cool-news-from-the-world-of-cycling\/#breadcrumb\",\"itemListElement\":[{\"@type\":\"ListItem\",\"position\":1,\"name\":\"Home\",\"item\":\"https:\/\/www.welovecycling.com\/de\/\"},{\"@type\":\"ListItem\",\"position\":2,\"name\":\"Evenepoel and Van Vleuten Win Li\u00e8ge-Bastogne-Li\u00e8ge and Other Cool News from the World of Cycling\"}]},{\"@type\":\"WebSite\",\"@id\":\"https:\/\/www.welovecycling.com\/de\/#website\",\"url\":\"https:\/\/www.welovecycling.com\/de\/\",\"name\":\"\u0160koda We Love Cycling - Deutschland\",\"description\":\"Just another \u0160koda WeLoveCycling Sites site\",\"potentialAction\":[{\"@type\":\"SearchAction\",\"target\":{\"@type\":\"EntryPoint\",\"urlTemplate\":\"https:\/\/www.welovecycling.com\/de\/?s={search_term_string}\"},\"query-input\":{\"@type\":\"PropertyValueSpecification\",\"valueRequired\":true,\"valueName\":\"search_term_string\"}}],\"inLanguage\":\"de-DE\"},{\"@type\":\"Person\",\"@id\":\"https:\/\/www.welovecycling.com\/de\/#\/schema\/person\/915694b3c8d0de9019932587781ba6b3\",\"name\":\"jbraeker\",\"image\":{\"@type\":\"ImageObject\",\"inLanguage\":\"de-DE\",\"@id\":\"https:\/\/www.welovecycling.com\/de\/#\/schema\/person\/image\/\",\"url\":\"https:\/\/secure.gravatar.com\/avatar\/8b4aea90e4535aae30b5b720249e5b723ae59fcf3d54757dd8b748d97b46d3c9?s=96&d=mm&r=g\",\"contentUrl\":\"https:\/\/secure.gravatar.com\/avatar\/8b4aea90e4535aae30b5b720249e5b723ae59fcf3d54757dd8b748d97b46d3c9?s=96&d=mm&r=g\",\"caption\":\"jbraeker\"},\"url\":\"https:\/\/www.welovecycling.com\/de\/author\/jbraeker\/\"}]}<\/script>\n<!-- \/ Yoast SEO Premium plugin. -->","yoast_head_json":{"title":"Evenepoel and Van Vleuten Win Li\u00e8ge-Bastogne-Li\u00e8ge","description":"Es ist wieder Montag und somit Zeit f\u00fcr Neuigkeiten aus der Radsportwelt! Hier ein \u00dcberblick, damit ihr auch nichts verpasst.","robots":{"index":"index","follow":"follow","max-snippet":"max-snippet:-1","max-image-preview":"max-image-preview:large","max-video-preview":"max-video-preview:-1"},"canonical":"https:\/\/www.welovecycling.com\/de\/2022\/04\/26\/evenepoel-and-van-vleuten-win-liege-bastogne-liege-and-other-cool-news-from-the-world-of-cycling\/","og_locale":"de_DE","og_type":"article","og_title":"Evenepoel and Van Vleuten Win Li\u00e8ge-Bastogne-Li\u00e8ge and Other Cool News from the World of Cycling","og_description":"Es ist wieder Montag und somit Zeit f\u00fcr Neuigkeiten aus der Radsportwelt! Hier ein \u00dcberblick, damit ihr auch nichts verpasst.","og_url":"https:\/\/www.welovecycling.com\/de\/2022\/04\/26\/evenepoel-and-van-vleuten-win-liege-bastogne-liege-and-other-cool-news-from-the-world-of-cycling\/","og_site_name":"\u0160koda We Love Cycling - Deutschland","article_published_time":"2022-04-26T08:15:30+00:00","og_image":[{"width":1366,"height":600,"url":"https:\/\/d2p6e6u75xmxt8.cloudfront.net\/10\/2022\/04\/Remco-Evenepoel-profimedia-0685716605-CVR.jpg","type":"image\/jpeg"}],"author":"jbraeker","twitter_card":"summary_large_image","twitter_misc":{"Written by":"WeLoveCycling","Est. reading time":"4"},"schema":{"@context":"https:\/\/schema.org","@graph":[{"@type":"WebPage","@id":"https:\/\/www.welovecycling.com\/de\/2022\/04\/26\/evenepoel-and-van-vleuten-win-liege-bastogne-liege-and-other-cool-news-from-the-world-of-cycling\/","url":"https:\/\/www.welovecycling.com\/de\/2022\/04\/26\/evenepoel-and-van-vleuten-win-liege-bastogne-liege-and-other-cool-news-from-the-world-of-cycling\/","name":"Evenepoel and Van Vleuten Win Li\u00e8ge-Bastogne-Li\u00e8ge","isPartOf":{"@id":"https:\/\/www.welovecycling.com\/de\/#website"},"primaryImageOfPage":{"@id":"https:\/\/www.welovecycling.com\/de\/2022\/04\/26\/evenepoel-and-van-vleuten-win-liege-bastogne-liege-and-other-cool-news-from-the-world-of-cycling\/#primaryimage"},"image":{"@id":"https:\/\/www.welovecycling.com\/de\/2022\/04\/26\/evenepoel-and-van-vleuten-win-liege-bastogne-liege-and-other-cool-news-from-the-world-of-cycling\/#primaryimage"},"thumbnailUrl":"https:\/\/d2p6e6u75xmxt8.cloudfront.net\/10\/2022\/04\/Remco-Evenepoel-profimedia-0685716605-CVR.jpg","datePublished":"2022-04-26T08:15:30+00:00","author":{"@id":"https:\/\/www.welovecycling.com\/de\/#\/schema\/person\/915694b3c8d0de9019932587781ba6b3"},"description":"Es ist wieder Montag und somit Zeit f\u00fcr Neuigkeiten aus der Radsportwelt! Hier ein \u00dcberblick, damit ihr auch nichts verpasst.","breadcrumb":{"@id":"https:\/\/www.welovecycling.com\/de\/2022\/04\/26\/evenepoel-and-van-vleuten-win-liege-bastogne-liege-and-other-cool-news-from-the-world-of-cycling\/#breadcrumb"},"inLanguage":"de-DE","potentialAction":[{"@type":"ReadAction","target":["https:\/\/www.welovecycling.com\/de\/2022\/04\/26\/evenepoel-and-van-vleuten-win-liege-bastogne-liege-and-other-cool-news-from-the-world-of-cycling\/"]}]},{"@type":"ImageObject","inLanguage":"de-DE","@id":"https:\/\/www.welovecycling.com\/de\/2022\/04\/26\/evenepoel-and-van-vleuten-win-liege-bastogne-liege-and-other-cool-news-from-the-world-of-cycling\/#primaryimage","url":"https:\/\/d2p6e6u75xmxt8.cloudfront.net\/10\/2022\/04\/Remco-Evenepoel-profimedia-0685716605-CVR.jpg","contentUrl":"https:\/\/d2p6e6u75xmxt8.cloudfront.net\/10\/2022\/04\/Remco-Evenepoel-profimedia-0685716605-CVR.jpg","width":1366,"height":600,"caption":"Remco Evenepoel"},{"@type":"BreadcrumbList","@id":"https:\/\/www.welovecycling.com\/de\/2022\/04\/26\/evenepoel-and-van-vleuten-win-liege-bastogne-liege-and-other-cool-news-from-the-world-of-cycling\/#breadcrumb","itemListElement":[{"@type":"ListItem","position":1,"name":"Home","item":"https:\/\/www.welovecycling.com\/de\/"},{"@type":"ListItem","position":2,"name":"Evenepoel and Van Vleuten Win Li\u00e8ge-Bastogne-Li\u00e8ge and Other Cool News from the World of Cycling"}]},{"@type":"WebSite","@id":"https:\/\/www.welovecycling.com\/de\/#website","url":"https:\/\/www.welovecycling.com\/de\/","name":"\u0160koda We Love Cycling - Deutschland","description":"Just another \u0160koda WeLoveCycling Sites site","potentialAction":[{"@type":"SearchAction","target":{"@type":"EntryPoint","urlTemplate":"https:\/\/www.welovecycling.com\/de\/?s={search_term_string}"},"query-input":{"@type":"PropertyValueSpecification","valueRequired":true,"valueName":"search_term_string"}}],"inLanguage":"de-DE"},{"@type":"Person","@id":"https:\/\/www.welovecycling.com\/de\/#\/schema\/person\/915694b3c8d0de9019932587781ba6b3","name":"jbraeker","image":{"@type":"ImageObject","inLanguage":"de-DE","@id":"https:\/\/www.welovecycling.com\/de\/#\/schema\/person\/image\/","url":"https:\/\/secure.gravatar.com\/avatar\/8b4aea90e4535aae30b5b720249e5b723ae59fcf3d54757dd8b748d97b46d3c9?s=96&d=mm&r=g","contentUrl":"https:\/\/secure.gravatar.com\/avatar\/8b4aea90e4535aae30b5b720249e5b723ae59fcf3d54757dd8b748d97b46d3c9?s=96&d=mm&r=g","caption":"jbraeker"},"url":"https:\/\/www.welovecycling.com\/de\/author\/jbraeker\/"}]}},"_links":{"self":[{"href":"https:\/\/www.welovecycling.com\/de\/wp-json\/wp\/v2\/posts\/10201","targetHints":{"allow":["GET"]}}],"collection":[{"href":"https:\/\/www.welovecycling.com\/de\/wp-json\/wp\/v2\/posts"}],"about":[{"href":"https:\/\/www.welovecycling.com\/de\/wp-json\/wp\/v2\/types\/post"}],"author":[{"embeddable":true,"href":"https:\/\/www.welovecycling.com\/de\/wp-json\/wp\/v2\/users\/115"}],"replies":[{"embeddable":true,"href":"https:\/\/www.welovecycling.com\/de\/wp-json\/wp\/v2\/comments?post=10201"}],"version-history":[{"count":2,"href":"https:\/\/www.welovecycling.com\/de\/wp-json\/wp\/v2\/posts\/10201\/revisions"}],"predecessor-version":[{"id":10210,"href":"https:\/\/www.welovecycling.com\/de\/wp-json\/wp\/v2\/posts\/10201\/revisions\/10210"}],"wp:featuredmedia":[{"embeddable":true,"href":"https:\/\/www.welovecycling.com\/de\/wp-json\/wp\/v2\/media\/10209"}],"wp:attachment":[{"href":"https:\/\/www.welovecycling.com\/de\/wp-json\/wp\/v2\/media?parent=10201"}],"wp:term":[{"taxonomy":"category","embeddable":true,"href":"https:\/\/www.welovecycling.com\/de\/wp-json\/wp\/v2\/categories?post=10201"},{"taxonomy":"post_tag","embeddable":true,"href":"https:\/\/www.welovecycling.com\/de\/wp-json\/wp\/v2\/tags?post=10201"},{"taxonomy":"global-categories","embeddable":true,"href":"https:\/\/www.welovecycling.com\/de\/wp-json\/wp\/v2\/global-categories?post=10201"}],"curies":[{"name":"wp","href":"https:\/\/api.w.org\/{rel}","templated":true}]}}