{"id":10191,"date":"2022-04-05T11:38:14","date_gmt":"2022-04-05T10:38:14","guid":{"rendered":"https:\/\/www.welovecycling.com\/de\/?p=10191"},"modified":"2022-04-05T11:38:14","modified_gmt":"2022-04-05T10:38:14","slug":"kopecky-und-van-der-poel-gewinnen-die-flandern-rundfahrt-und-mehr-neuigkeiten-aus-der-radsportwelt","status":"publish","type":"post","link":"https:\/\/www.welovecycling.com\/de\/2022\/04\/05\/kopecky-und-van-der-poel-gewinnen-die-flandern-rundfahrt-und-mehr-neuigkeiten-aus-der-radsportwelt\/","title":{"rendered":"Kopecky und van der Poel gewinnen die Flandern-Rundfahrt und mehr Neuigkeiten aus der Radsportwelt"},"content":{"rendered":"<p><strong>Es ist wieder Montag und somit Zeit f\u00fcr Neuigkeiten aus der Radsportwelt! Hier ein \u00dcberblick, damit ihr auch nichts verpasst.<\/strong><\/p>\n<p><!--more--><\/p>\n<h2><strong>Erneut der Niederl\u00e4nder<\/strong><\/h2>\n<p>Mathieu van der Poel (Alpecin-Fenix) hat am Sonntag seine zweite Flandern-Rundfahrt gewonnen. Er setzt sich in einem dramatischen Schlussspurt gegen Dylan van Baarle (Ineos Grenadiers) und Valentin Madouas (Grouoama-FDJ) durch. Der 27-J\u00e4hrige gewann den Sprint, nachdem er sich am Schlussanstieg des Oude Kwaremont von Tadej Poga\u010dar (UAE Team Emirates) absetzen konnte. Madouas und van Baarle schlossen auf der Zielgeraden wieder zu den F\u00fchrenden auf und verdr\u00e4ngten Poga\u010dar vom Podium.<\/p>\n<ol>\n<li>Mathieu van der Poel (Alpecin-Fenix) \u2013 6:18:30<br \/>\n2. Dylan van Baarle (Ineos Grenadiers)<\/li>\n<\/ol>\n<p>3. Valentin Madouas (Groupama-FDJ)<br \/>\n4. Tadej Poga\u010dar (UAE Team Emirates)<br \/>\n5. Stefan K\u00fcng (Groupama-FDJ) + 2 seconds<br \/>\n6. Dylan Teuns (Bahrain-Victorious)<br \/>\n7. Fred Wright (Bahrain-Victorious) + 11 seconds<br \/>\n8. Mads Pedersen (Trek-Segafredo) + 48 seconds<br \/>\n9. Christophe Laporte (Jumbo-Visma)<br \/>\n10. Alexander Kristoff (Intermarch\u00e9-Wanty-Gobert Mat\u00e9riaux)<\/p>\n<h2><strong>Kopecky gewinnt<\/strong><\/h2>\n<p>Lotte Kopecky (SD Worx) ist erst die zweite Belgierin, die ihr Heimrennen in Flandern gewinnt. Kopecky wiederholt damit ihren Erfolg von Strade Bianche vor einem Monat und gewinnt das Rennen vor Annemiek van Vleuten. Ihr Team zeigt w\u00e4hrend des gesamten Rennens eine souver\u00e4ne Leistung. Drei der sechs Frauen in der Spitzengruppe stammen von SD Worx.<\/p>\n<ol>\n<li>Lotte Kopecky (SDWorx) \u2013 4:11:21<\/li>\n<li>Annemiek van Vleuten (Movistar)<\/li>\n<li>Chantal van den Broek-Blaak (SDWorx) + 2 seconds<\/li>\n<li>Arlenis Sierra (Movistar) + 40 seconds<\/li>\n<li>Marlen Reusser (SDworx)<\/li>\n<li>Cecilie Uttrup Ludwig (FDJ-Nouvelle Aquitaine Futuroscope)<\/li>\n<li>Grace Brown (FDJ-Nouvelle Aquitaine Futuroscope)<\/li>\n<li>Kasia Niewiadoma (Canyon-SRAM) all at same time<\/li>\n<li>Brodie Chapman (FDJ-Nouvelle Aquitaine Futuroscope) + 42 seconds<\/li>\n<li>Marta Bastianelli (UAE Team ADQ) + 1:10<\/li>\n<\/ol>\n<h2><strong>Verdient<\/strong><\/h2>\n<div class=\"embed-controller-wrapper\">\n<blockquote class=\"twitter-tweet\" data-width=\"500\" data-dnt=\"true\">\n<p lang=\"zxx\" dir=\"ltr\"><a href=\"https:\/\/t.co\/wrIcdRgEwg\">pic.twitter.com\/wrIcdRgEwg<\/a><\/p>\n<p>&mdash; Cycling out of context (@OutOfCycling) <a href=\"https:\/\/twitter.com\/OutOfCycling\/status\/1510680749107777538?ref_src=twsrc%5Etfw\">April 3, 2022<\/a><\/p><\/blockquote>\n<p><script async data-src=\"https:\/\/platform.twitter.com\/widgets.js\" charset=\"utf-8\"><\/script><\/div>\n<h2><strong>Geschichte schreiben<\/strong><\/h2>\n<div class=\"embed-controller-wrapper\">\n<blockquote class=\"twitter-tweet\" data-width=\"500\" data-dnt=\"true\">\n<p lang=\"en\" dir=\"ltr\">A hero welcome for History Maker <a href=\"https:\/\/twitter.com\/GrmayeBiniam?ref_src=twsrc%5Etfw\">@GrmayeBiniam<\/a> on his return to Eritrea \ud83c\uddea\ud83c\uddf7 \ud83e\udd70 <a href=\"https:\/\/t.co\/Zy703GInWr\">pic.twitter.com\/Zy703GInWr<\/a><\/p>\n<p>&mdash; Intermarch\u00e9-Wanty (@IntermarcheW) <a href=\"https:\/\/twitter.com\/IntermarcheW\/status\/1509138475571990534?ref_src=twsrc%5Etfw\">March 30, 2022<\/a><\/p><\/blockquote>\n<p><script async data-src=\"https:\/\/platform.twitter.com\/widgets.js\" charset=\"utf-8\"><\/script><\/div>\n<h2><strong>Autsch<\/strong><\/h2>\n<div class=\"embed-controller-wrapper\">\n<blockquote class=\"twitter-tweet\" data-width=\"500\" data-dnt=\"true\">\n<p lang=\"en\" dir=\"ltr\">The stuff of (my) nightmares\u2026<br \/>TT bike caught by a gust of wind \ud83d\ude16 <a href=\"https:\/\/t.co\/TRZIKZICtC\">https:\/\/t.co\/TRZIKZICtC<\/a><\/p>\n<p>&mdash; Chris Froome (@chrisfroome) <a href=\"https:\/\/twitter.com\/chrisfroome\/status\/1509453253255311360?ref_src=twsrc%5Etfw\">March 31, 2022<\/a><\/p><\/blockquote>\n<p><script async data-src=\"https:\/\/platform.twitter.com\/widgets.js\" charset=\"utf-8\"><\/script><\/div>\n<h2><strong>Wiederholung, bitte!<\/strong><\/h2>\n<div class=\"embed-controller-wrapper\">\n<blockquote class=\"twitter-tweet\" data-width=\"500\" data-dnt=\"true\">\n<p lang=\"en\" dir=\"ltr\">I once jumped in a u23 race in the ardennes. When it is one line on a climb it can be easily done. After 20kms the commissaire noticed a vacansoleil rider and took my out of the race.<\/p>\n<p>&mdash; Thomas De Gendt (@DeGendtThomas) <a href=\"https:\/\/twitter.com\/DeGendtThomas\/status\/1509075987748859906?ref_src=twsrc%5Etfw\">March 30, 2022<\/a><\/p><\/blockquote>\n<p><script async data-src=\"https:\/\/platform.twitter.com\/widgets.js\" charset=\"utf-8\"><\/script><\/div>\n","protected":false},"excerpt":{"rendered":"<p>Es ist wieder Montag und somit Zeit f\u00fcr Neuigkeiten aus der Radsportwelt! Hier ein \u00dcberblick, damit ihr auch nichts verpasst.<\/p>\n","protected":false},"author":115,"featured_media":10196,"comment_status":"open","ping_status":"open","sticky":false,"template":"","format":"standard","meta":{"footnotes":""},"categories":[1],"tags":[],"global-categories":[],"class_list":["post-10191","post","type-post","status-publish","format-standard","has-post-thumbnail","hentry","category-allgemein"],"yoast_head":"<!-- This site is optimized with the Yoast SEO Premium plugin v25.3 (Yoast SEO v25.9) - https:\/\/yoast.com\/wordpress\/plugins\/seo\/ -->\n<title>Kopecky and van der Poel Win Tour of Flanders - We Love Cycling<\/title>\n<meta name=\"description\" content=\"Es ist wieder Montag und somit Zeit f\u00fcr Neuigkeiten aus der Radsportwelt! Hier ein \u00dcberblick, damit ihr auch nichts verpasst.\" \/>\n<meta name=\"robots\" content=\"index, follow, max-snippet:-1, max-image-preview:large, max-video-preview:-1\" \/>\n<link rel=\"canonical\" href=\"https:\/\/www.welovecycling.com\/de\/2022\/04\/05\/kopecky-und-van-der-poel-gewinnen-die-flandern-rundfahrt-und-mehr-neuigkeiten-aus-der-radsportwelt\/\" \/>\n<meta property=\"og:locale\" content=\"de_DE\" \/>\n<meta property=\"og:type\" content=\"article\" \/>\n<meta property=\"og:title\" content=\"Kopecky und van der Poel gewinnen die Flandern-Rundfahrt und mehr Neuigkeiten aus der Radsportwelt\" \/>\n<meta property=\"og:description\" content=\"Es ist wieder Montag und somit Zeit f\u00fcr Neuigkeiten aus der Radsportwelt! Hier ein \u00dcberblick, damit ihr auch nichts verpasst.\" \/>\n<meta property=\"og:url\" content=\"https:\/\/www.welovecycling.com\/de\/2022\/04\/05\/kopecky-und-van-der-poel-gewinnen-die-flandern-rundfahrt-und-mehr-neuigkeiten-aus-der-radsportwelt\/\" \/>\n<meta property=\"og:site_name\" content=\"\u0160koda We Love Cycling - Deutschland\" \/>\n<meta property=\"article:published_time\" content=\"2022-04-05T10:38:14+00:00\" \/>\n<meta property=\"og:image\" content=\"https:\/\/d2p6e6u75xmxt8.cloudfront.net\/10\/2022\/04\/Kopecky-van-der-Poel-Tour-of-Flander-profimedia-0678675089-CVR.jpg\" \/>\n\t<meta property=\"og:image:width\" content=\"1366\" \/>\n\t<meta property=\"og:image:height\" content=\"600\" \/>\n\t<meta property=\"og:image:type\" content=\"image\/jpeg\" \/>\n<meta name=\"author\" content=\"jbraeker\" \/>\n<meta name=\"twitter:card\" content=\"summary_large_image\" \/>\n<meta name=\"twitter:label1\" content=\"Written by\" \/>\n\t<meta name=\"twitter:data1\" content=\"WeLoveCycling\" \/>\n\t<meta name=\"twitter:label2\" content=\"Est. reading time\" \/>\n\t<meta name=\"twitter:data2\" content=\"4\" \/>\n<script type=\"application\/ld+json\" class=\"yoast-schema-graph\">{\"@context\":\"https:\/\/schema.org\",\"@graph\":[{\"@type\":\"WebPage\",\"@id\":\"https:\/\/www.welovecycling.com\/de\/2022\/04\/05\/kopecky-und-van-der-poel-gewinnen-die-flandern-rundfahrt-und-mehr-neuigkeiten-aus-der-radsportwelt\/\",\"url\":\"https:\/\/www.welovecycling.com\/de\/2022\/04\/05\/kopecky-und-van-der-poel-gewinnen-die-flandern-rundfahrt-und-mehr-neuigkeiten-aus-der-radsportwelt\/\",\"name\":\"Kopecky and van der Poel Win Tour of Flanders - We Love Cycling\",\"isPartOf\":{\"@id\":\"https:\/\/www.welovecycling.com\/de\/#website\"},\"primaryImageOfPage\":{\"@id\":\"https:\/\/www.welovecycling.com\/de\/2022\/04\/05\/kopecky-und-van-der-poel-gewinnen-die-flandern-rundfahrt-und-mehr-neuigkeiten-aus-der-radsportwelt\/#primaryimage\"},\"image\":{\"@id\":\"https:\/\/www.welovecycling.com\/de\/2022\/04\/05\/kopecky-und-van-der-poel-gewinnen-die-flandern-rundfahrt-und-mehr-neuigkeiten-aus-der-radsportwelt\/#primaryimage\"},\"thumbnailUrl\":\"https:\/\/d2p6e6u75xmxt8.cloudfront.net\/10\/2022\/04\/Kopecky-van-der-Poel-Tour-of-Flander-profimedia-0678675089-CVR.jpg\",\"datePublished\":\"2022-04-05T10:38:14+00:00\",\"author\":{\"@id\":\"https:\/\/www.welovecycling.com\/de\/#\/schema\/person\/915694b3c8d0de9019932587781ba6b3\"},\"description\":\"Es ist wieder Montag und somit Zeit f\u00fcr Neuigkeiten aus der Radsportwelt! Hier ein \u00dcberblick, damit ihr auch nichts verpasst.\",\"breadcrumb\":{\"@id\":\"https:\/\/www.welovecycling.com\/de\/2022\/04\/05\/kopecky-und-van-der-poel-gewinnen-die-flandern-rundfahrt-und-mehr-neuigkeiten-aus-der-radsportwelt\/#breadcrumb\"},\"inLanguage\":\"de-DE\",\"potentialAction\":[{\"@type\":\"ReadAction\",\"target\":[\"https:\/\/www.welovecycling.com\/de\/2022\/04\/05\/kopecky-und-van-der-poel-gewinnen-die-flandern-rundfahrt-und-mehr-neuigkeiten-aus-der-radsportwelt\/\"]}]},{\"@type\":\"ImageObject\",\"inLanguage\":\"de-DE\",\"@id\":\"https:\/\/www.welovecycling.com\/de\/2022\/04\/05\/kopecky-und-van-der-poel-gewinnen-die-flandern-rundfahrt-und-mehr-neuigkeiten-aus-der-radsportwelt\/#primaryimage\",\"url\":\"https:\/\/d2p6e6u75xmxt8.cloudfront.net\/10\/2022\/04\/Kopecky-van-der-Poel-Tour-of-Flander-profimedia-0678675089-CVR.jpg\",\"contentUrl\":\"https:\/\/d2p6e6u75xmxt8.cloudfront.net\/10\/2022\/04\/Kopecky-van-der-Poel-Tour-of-Flander-profimedia-0678675089-CVR.jpg\",\"width\":1366,\"height\":600,\"caption\":\"Lotte Kopecky and Mathieu van der Poel\"},{\"@type\":\"BreadcrumbList\",\"@id\":\"https:\/\/www.welovecycling.com\/de\/2022\/04\/05\/kopecky-und-van-der-poel-gewinnen-die-flandern-rundfahrt-und-mehr-neuigkeiten-aus-der-radsportwelt\/#breadcrumb\",\"itemListElement\":[{\"@type\":\"ListItem\",\"position\":1,\"name\":\"Home\",\"item\":\"https:\/\/www.welovecycling.com\/de\/\"},{\"@type\":\"ListItem\",\"position\":2,\"name\":\"Kopecky und van der Poel gewinnen die Flandern-Rundfahrt und mehr Neuigkeiten aus der Radsportwelt\"}]},{\"@type\":\"WebSite\",\"@id\":\"https:\/\/www.welovecycling.com\/de\/#website\",\"url\":\"https:\/\/www.welovecycling.com\/de\/\",\"name\":\"\u0160koda We Love Cycling - Deutschland\",\"description\":\"Just another \u0160koda WeLoveCycling Sites site\",\"potentialAction\":[{\"@type\":\"SearchAction\",\"target\":{\"@type\":\"EntryPoint\",\"urlTemplate\":\"https:\/\/www.welovecycling.com\/de\/?s={search_term_string}\"},\"query-input\":{\"@type\":\"PropertyValueSpecification\",\"valueRequired\":true,\"valueName\":\"search_term_string\"}}],\"inLanguage\":\"de-DE\"},{\"@type\":\"Person\",\"@id\":\"https:\/\/www.welovecycling.com\/de\/#\/schema\/person\/915694b3c8d0de9019932587781ba6b3\",\"name\":\"jbraeker\",\"image\":{\"@type\":\"ImageObject\",\"inLanguage\":\"de-DE\",\"@id\":\"https:\/\/www.welovecycling.com\/de\/#\/schema\/person\/image\/\",\"url\":\"https:\/\/secure.gravatar.com\/avatar\/8b4aea90e4535aae30b5b720249e5b723ae59fcf3d54757dd8b748d97b46d3c9?s=96&d=mm&r=g\",\"contentUrl\":\"https:\/\/secure.gravatar.com\/avatar\/8b4aea90e4535aae30b5b720249e5b723ae59fcf3d54757dd8b748d97b46d3c9?s=96&d=mm&r=g\",\"caption\":\"jbraeker\"},\"url\":\"https:\/\/www.welovecycling.com\/de\/author\/jbraeker\/\"}]}<\/script>\n<!-- \/ Yoast SEO Premium plugin. -->","yoast_head_json":{"title":"Kopecky and van der Poel Win Tour of Flanders - We Love Cycling","description":"Es ist wieder Montag und somit Zeit f\u00fcr Neuigkeiten aus der Radsportwelt! Hier ein \u00dcberblick, damit ihr auch nichts verpasst.","robots":{"index":"index","follow":"follow","max-snippet":"max-snippet:-1","max-image-preview":"max-image-preview:large","max-video-preview":"max-video-preview:-1"},"canonical":"https:\/\/www.welovecycling.com\/de\/2022\/04\/05\/kopecky-und-van-der-poel-gewinnen-die-flandern-rundfahrt-und-mehr-neuigkeiten-aus-der-radsportwelt\/","og_locale":"de_DE","og_type":"article","og_title":"Kopecky und van der Poel gewinnen die Flandern-Rundfahrt und mehr Neuigkeiten aus der Radsportwelt","og_description":"Es ist wieder Montag und somit Zeit f\u00fcr Neuigkeiten aus der Radsportwelt! Hier ein \u00dcberblick, damit ihr auch nichts verpasst.","og_url":"https:\/\/www.welovecycling.com\/de\/2022\/04\/05\/kopecky-und-van-der-poel-gewinnen-die-flandern-rundfahrt-und-mehr-neuigkeiten-aus-der-radsportwelt\/","og_site_name":"\u0160koda We Love Cycling - Deutschland","article_published_time":"2022-04-05T10:38:14+00:00","og_image":[{"width":1366,"height":600,"url":"https:\/\/d2p6e6u75xmxt8.cloudfront.net\/10\/2022\/04\/Kopecky-van-der-Poel-Tour-of-Flander-profimedia-0678675089-CVR.jpg","type":"image\/jpeg"}],"author":"jbraeker","twitter_card":"summary_large_image","twitter_misc":{"Written by":"WeLoveCycling","Est. reading time":"4"},"schema":{"@context":"https:\/\/schema.org","@graph":[{"@type":"WebPage","@id":"https:\/\/www.welovecycling.com\/de\/2022\/04\/05\/kopecky-und-van-der-poel-gewinnen-die-flandern-rundfahrt-und-mehr-neuigkeiten-aus-der-radsportwelt\/","url":"https:\/\/www.welovecycling.com\/de\/2022\/04\/05\/kopecky-und-van-der-poel-gewinnen-die-flandern-rundfahrt-und-mehr-neuigkeiten-aus-der-radsportwelt\/","name":"Kopecky and van der Poel Win Tour of Flanders - We Love Cycling","isPartOf":{"@id":"https:\/\/www.welovecycling.com\/de\/#website"},"primaryImageOfPage":{"@id":"https:\/\/www.welovecycling.com\/de\/2022\/04\/05\/kopecky-und-van-der-poel-gewinnen-die-flandern-rundfahrt-und-mehr-neuigkeiten-aus-der-radsportwelt\/#primaryimage"},"image":{"@id":"https:\/\/www.welovecycling.com\/de\/2022\/04\/05\/kopecky-und-van-der-poel-gewinnen-die-flandern-rundfahrt-und-mehr-neuigkeiten-aus-der-radsportwelt\/#primaryimage"},"thumbnailUrl":"https:\/\/d2p6e6u75xmxt8.cloudfront.net\/10\/2022\/04\/Kopecky-van-der-Poel-Tour-of-Flander-profimedia-0678675089-CVR.jpg","datePublished":"2022-04-05T10:38:14+00:00","author":{"@id":"https:\/\/www.welovecycling.com\/de\/#\/schema\/person\/915694b3c8d0de9019932587781ba6b3"},"description":"Es ist wieder Montag und somit Zeit f\u00fcr Neuigkeiten aus der Radsportwelt! Hier ein \u00dcberblick, damit ihr auch nichts verpasst.","breadcrumb":{"@id":"https:\/\/www.welovecycling.com\/de\/2022\/04\/05\/kopecky-und-van-der-poel-gewinnen-die-flandern-rundfahrt-und-mehr-neuigkeiten-aus-der-radsportwelt\/#breadcrumb"},"inLanguage":"de-DE","potentialAction":[{"@type":"ReadAction","target":["https:\/\/www.welovecycling.com\/de\/2022\/04\/05\/kopecky-und-van-der-poel-gewinnen-die-flandern-rundfahrt-und-mehr-neuigkeiten-aus-der-radsportwelt\/"]}]},{"@type":"ImageObject","inLanguage":"de-DE","@id":"https:\/\/www.welovecycling.com\/de\/2022\/04\/05\/kopecky-und-van-der-poel-gewinnen-die-flandern-rundfahrt-und-mehr-neuigkeiten-aus-der-radsportwelt\/#primaryimage","url":"https:\/\/d2p6e6u75xmxt8.cloudfront.net\/10\/2022\/04\/Kopecky-van-der-Poel-Tour-of-Flander-profimedia-0678675089-CVR.jpg","contentUrl":"https:\/\/d2p6e6u75xmxt8.cloudfront.net\/10\/2022\/04\/Kopecky-van-der-Poel-Tour-of-Flander-profimedia-0678675089-CVR.jpg","width":1366,"height":600,"caption":"Lotte Kopecky and Mathieu van der Poel"},{"@type":"BreadcrumbList","@id":"https:\/\/www.welovecycling.com\/de\/2022\/04\/05\/kopecky-und-van-der-poel-gewinnen-die-flandern-rundfahrt-und-mehr-neuigkeiten-aus-der-radsportwelt\/#breadcrumb","itemListElement":[{"@type":"ListItem","position":1,"name":"Home","item":"https:\/\/www.welovecycling.com\/de\/"},{"@type":"ListItem","position":2,"name":"Kopecky und van der Poel gewinnen die Flandern-Rundfahrt und mehr Neuigkeiten aus der Radsportwelt"}]},{"@type":"WebSite","@id":"https:\/\/www.welovecycling.com\/de\/#website","url":"https:\/\/www.welovecycling.com\/de\/","name":"\u0160koda We Love Cycling - Deutschland","description":"Just another \u0160koda WeLoveCycling Sites site","potentialAction":[{"@type":"SearchAction","target":{"@type":"EntryPoint","urlTemplate":"https:\/\/www.welovecycling.com\/de\/?s={search_term_string}"},"query-input":{"@type":"PropertyValueSpecification","valueRequired":true,"valueName":"search_term_string"}}],"inLanguage":"de-DE"},{"@type":"Person","@id":"https:\/\/www.welovecycling.com\/de\/#\/schema\/person\/915694b3c8d0de9019932587781ba6b3","name":"jbraeker","image":{"@type":"ImageObject","inLanguage":"de-DE","@id":"https:\/\/www.welovecycling.com\/de\/#\/schema\/person\/image\/","url":"https:\/\/secure.gravatar.com\/avatar\/8b4aea90e4535aae30b5b720249e5b723ae59fcf3d54757dd8b748d97b46d3c9?s=96&d=mm&r=g","contentUrl":"https:\/\/secure.gravatar.com\/avatar\/8b4aea90e4535aae30b5b720249e5b723ae59fcf3d54757dd8b748d97b46d3c9?s=96&d=mm&r=g","caption":"jbraeker"},"url":"https:\/\/www.welovecycling.com\/de\/author\/jbraeker\/"}]}},"_links":{"self":[{"href":"https:\/\/www.welovecycling.com\/de\/wp-json\/wp\/v2\/posts\/10191","targetHints":{"allow":["GET"]}}],"collection":[{"href":"https:\/\/www.welovecycling.com\/de\/wp-json\/wp\/v2\/posts"}],"about":[{"href":"https:\/\/www.welovecycling.com\/de\/wp-json\/wp\/v2\/types\/post"}],"author":[{"embeddable":true,"href":"https:\/\/www.welovecycling.com\/de\/wp-json\/wp\/v2\/users\/115"}],"replies":[{"embeddable":true,"href":"https:\/\/www.welovecycling.com\/de\/wp-json\/wp\/v2\/comments?post=10191"}],"version-history":[{"count":1,"href":"https:\/\/www.welovecycling.com\/de\/wp-json\/wp\/v2\/posts\/10191\/revisions"}],"predecessor-version":[{"id":10197,"href":"https:\/\/www.welovecycling.com\/de\/wp-json\/wp\/v2\/posts\/10191\/revisions\/10197"}],"wp:featuredmedia":[{"embeddable":true,"href":"https:\/\/www.welovecycling.com\/de\/wp-json\/wp\/v2\/media\/10196"}],"wp:attachment":[{"href":"https:\/\/www.welovecycling.com\/de\/wp-json\/wp\/v2\/media?parent=10191"}],"wp:term":[{"taxonomy":"category","embeddable":true,"href":"https:\/\/www.welovecycling.com\/de\/wp-json\/wp\/v2\/categories?post=10191"},{"taxonomy":"post_tag","embeddable":true,"href":"https:\/\/www.welovecycling.com\/de\/wp-json\/wp\/v2\/tags?post=10191"},{"taxonomy":"global-categories","embeddable":true,"href":"https:\/\/www.welovecycling.com\/de\/wp-json\/wp\/v2\/global-categories?post=10191"}],"curies":[{"name":"wp","href":"https:\/\/api.w.org\/{rel}","templated":true}]}}