{"id":10151,"date":"2022-02-21T12:57:37","date_gmt":"2022-02-21T11:57:37","guid":{"rendered":"https:\/\/www.welovecycling.com\/de\/?p=10151"},"modified":"2022-02-21T12:57:37","modified_gmt":"2022-02-21T11:57:37","slug":"evenepoel-gewinnt-die-volta-ao-algarve-und-mehr-neuigkeiten-aus-der-radsportwelt","status":"publish","type":"post","link":"https:\/\/www.welovecycling.com\/de\/2022\/02\/21\/evenepoel-gewinnt-die-volta-ao-algarve-und-mehr-neuigkeiten-aus-der-radsportwelt\/","title":{"rendered":"Evenepoel gewinnt die Volta ao Algarve und mehr Neuigkeiten aus der Radsportwelt"},"content":{"rendered":"<p><strong>Es ist wieder Montag und somit Zeit f\u00fcr Neuigkeiten aus der Radsportwelt! Hier ein \u00dcberblick, damit ihr auch nichts verpasst.<\/strong><\/p>\n<p><!--more--><\/p>\n<h2><strong>Der Belgier macht es<\/strong><\/h2>\n<p>Remco Evenepoel (Quick-Step-Alpha Vinyl) beendet die f\u00fcnfte Etappe der Volta ao Algarve in der Spitzengruppe und beh\u00e4lt gen\u00fcgend Sekunden Vorsprung, um sich den Gesamtsieg zu sichern. Brandon McNulty (UAE Team Emirates), der ebenfalls in der Spitzengruppe fuhr, wurde mit 1:17 Sekunden R\u00fcckstand auf Evenepoel Gesamtzweiter.<\/p>\n<div class=\"embed-controller-wrapper\">\n<blockquote class=\"twitter-tweet\" data-width=\"500\" data-dnt=\"true\">\n<p lang=\"art\" dir=\"ltr\">\ud83d\ude0d\ud83d\ude0d\ud83d\ude0d <a href=\"https:\/\/t.co\/4G997HeODI\">https:\/\/t.co\/4G997HeODI<\/a><\/p>\n<p>&mdash; Remco Evenepoel (@EvenepoelRemco) <a href=\"https:\/\/twitter.com\/EvenepoelRemco\/status\/1495497971487629313?ref_src=twsrc%5Etfw\">February 20, 2022<\/a><\/p><\/blockquote>\n<p><script async data-src=\"https:\/\/platform.twitter.com\/widgets.js\" charset=\"utf-8\"><\/script><\/div>\n<p>Sergio Higuita (Bora-Hansgrohe) setzt sich bei der Bergankunft knapp gegen seinen kolumbianischen Landsmann Dani Mart\u00ednez (Ineos Grenadiers) durch und gewinnt die Etappe.<\/p>\n<div class=\"embed-controller-wrapper\">\n<blockquote class=\"twitter-tweet\" data-width=\"500\" data-dnt=\"true\">\n<p lang=\"es\" dir=\"ltr\">Sprint entre colombianos: Higuita bate Mart\u00ednez!<br \/>Two colombians sprint for the stage. Higuita better than Mart\u00ednez.<a href=\"https:\/\/twitter.com\/hashtag\/VAlgarve2022?src=hash&amp;ref_src=twsrc%5Etfw\">#VAlgarve2022<\/a> <a href=\"https:\/\/t.co\/KIO8oCUQKo\">pic.twitter.com\/KIO8oCUQKo<\/a><\/p>\n<p>&mdash; Volta ao Algarve (@VoltAlgarve) <a href=\"https:\/\/twitter.com\/VoltAlgarve\/status\/1495454788481392640?ref_src=twsrc%5Etfw\">February 20, 2022<\/a><\/p><\/blockquote>\n<p><script async data-src=\"https:\/\/platform.twitter.com\/widgets.js\" charset=\"utf-8\"><\/script><\/div>\n<h4><strong>Ergebnisse Etappe f\u00fcnf:<br \/>\nLagoa &#8211; Malh\u00e3o (173km)<\/strong><\/h4>\n<p>1. Sergio Higuita (Bora-Hansgrohe) \u2013 4:14:53<br \/>\n2. Dani Mart\u00ednez (Ineos Grenadiers)<br \/>\n3. Brandon McNulty (UAE Team Emirates)<br \/>\n4. David Gaudu (Groupama-FDJ)<br \/>\n5. Remco Evenepoel (Quick-Step Alpha Vinyl)<br \/>\n6. Tobias Foss (Jumbo-Visma) + 22 s<br \/>\n7. Jay Vine (Alpecin-Fenix) + 23 s<br \/>\n8. Frederico Figueiredo (Glassdrive Q8 Anicolor) + 40 s<br \/>\n9. Sven Erik Bystr\u00f8m (Intermarch\u00e9-Wanty-Gobert Mat\u00e9riaux) + 42 s<br \/>\n10. Ethan Hayter (Ineos Grenadiers) + 43 s<\/p>\n<h4>Gesamtwertung:<\/h4>\n<p>1. Remco Evenepoel (Quick-Step Alpha Vinyl) \u2013 19:35:03<br \/>\n2. Brandon McNulty (UAE Team Emirates) + 1:17<br \/>\n3. Dani Mart\u00ednez (Ineos Grenadiers) + 1:21<br \/>\n4. Ethan Hayter (Ineos Grenadiers) + 1:39<br \/>\n5. David Gaudu (Groupama-FDJ) + 2:00<\/p>\n<h2><strong>Wir werden dabei sein! Wie sieht es bei Euch aus?<\/strong><\/h2>\n<p>https:\/\/www.instagram.com\/p\/CaCmq13Asgw\/<\/p>\n<h2><strong>Das gef\u00e4llt uns<\/strong><\/h2>\n<div class=\"embed-controller-wrapper\">\n<blockquote class=\"twitter-tweet\" data-width=\"500\" data-dnt=\"true\">\n<p lang=\"en\" dir=\"ltr\">How to make a nice pic? \ud83d\ude05<br \/>Ask to <a href=\"https:\/\/twitter.com\/MichaelMorkov?ref_src=twsrc%5Etfw\">@MichaelMorkov<\/a> and <a href=\"https:\/\/twitter.com\/MarkCavendish?ref_src=twsrc%5Etfw\">@MarkCavendish<\/a> \ud83d\ude0e<a href=\"https:\/\/twitter.com\/qst_alphavinyl?ref_src=twsrc%5Etfw\">@qst_alphavinyl<\/a> \ud83d\udc3a <a href=\"https:\/\/t.co\/8oXaoh0WIi\">pic.twitter.com\/8oXaoh0WIi<\/a><\/p>\n<p>&mdash; Fausto Masnada (@masnada_fausto) <a href=\"https:\/\/twitter.com\/masnada_fausto\/status\/1494662286832717830?ref_src=twsrc%5Etfw\">February 18, 2022<\/a><\/p><\/blockquote>\n<p><script async data-src=\"https:\/\/platform.twitter.com\/widgets.js\" charset=\"utf-8\"><\/script><\/div>\n<h2><strong>Hallo<\/strong><\/h2>\n<div class=\"embed-controller-wrapper\">\n<blockquote class=\"twitter-tweet\" data-width=\"500\" data-dnt=\"true\">\n<p lang=\"fr\" dir=\"ltr\">Our Valentines \ud83d\ude0d <a href=\"https:\/\/t.co\/YOUVNUPfsR\">pic.twitter.com\/YOUVNUPfsR<\/a><\/p>\n<p>&mdash; INEOS Grenadiers (@INEOSGrenadiers) <a href=\"https:\/\/twitter.com\/INEOSGrenadiers\/status\/1493204323848830977?ref_src=twsrc%5Etfw\">February 14, 2022<\/a><\/p><\/blockquote>\n<p><script async data-src=\"https:\/\/platform.twitter.com\/widgets.js\" charset=\"utf-8\"><\/script><\/div>\n<h2><strong>Welches ist Euer Favorit?<\/strong><\/h2>\n<p>https:\/\/www.instagram.com\/p\/CaM9CH8IucA\/<\/p>\n<h2><strong>Neue Boyband der Stadt<\/strong><\/h2>\n<div class=\"embed-controller-wrapper\">\n<blockquote class=\"twitter-tweet\" data-width=\"500\" data-dnt=\"true\">\n<p lang=\"es\" dir=\"ltr\">Los chicos de Antioqu\u00eda \ud83c\udde8\ud83c\uddf4\u2728 <a href=\"https:\/\/t.co\/lHr7iBLCLB\">pic.twitter.com\/lHr7iBLCLB<\/a><\/p>\n<p>&mdash; EF Pro Cycling (@EFprocycling) <a href=\"https:\/\/twitter.com\/EFprocycling\/status\/1493687432830664711?ref_src=twsrc%5Etfw\">February 15, 2022<\/a><\/p><\/blockquote>\n<p><script async data-src=\"https:\/\/platform.twitter.com\/widgets.js\" charset=\"utf-8\"><\/script><\/div>\n","protected":false},"excerpt":{"rendered":"<p>Es ist wieder Montag und somit Zeit f\u00fcr Neuigkeiten aus der Radsportwelt! Hier ein \u00dcberblick, damit ihr auch nichts verpasst.<\/p>\n","protected":false},"author":115,"featured_media":10159,"comment_status":"open","ping_status":"open","sticky":false,"template":"","format":"standard","meta":{"footnotes":""},"categories":[1],"tags":[],"global-categories":[],"class_list":["post-10151","post","type-post","status-publish","format-standard","has-post-thumbnail","hentry","category-allgemein"],"yoast_head":"<!-- This site is optimized with the Yoast SEO Premium plugin v25.3 (Yoast SEO v25.9) - https:\/\/yoast.com\/wordpress\/plugins\/seo\/ -->\n<title>Evenepoel gewinnt die Volta ao Algarve - We Love Cycling Magazine<\/title>\n<meta name=\"description\" content=\"Es ist wieder Montag und somit Zeit f\u00fcr Neuigkeiten aus der Radsportwelt! Hier ein \u00dcberblick, damit ihr auch nichts verpasst.\" \/>\n<meta name=\"robots\" content=\"index, follow, max-snippet:-1, max-image-preview:large, max-video-preview:-1\" \/>\n<link rel=\"canonical\" href=\"https:\/\/www.welovecycling.com\/de\/2022\/02\/21\/evenepoel-gewinnt-die-volta-ao-algarve-und-mehr-neuigkeiten-aus-der-radsportwelt\/\" \/>\n<meta property=\"og:locale\" content=\"de_DE\" \/>\n<meta property=\"og:type\" content=\"article\" \/>\n<meta property=\"og:title\" content=\"Evenepoel gewinnt die Volta ao Algarve und mehr Neuigkeiten aus der Radsportwelt\" \/>\n<meta property=\"og:description\" content=\"Es ist wieder Montag und somit Zeit f\u00fcr Neuigkeiten aus der Radsportwelt! Hier ein \u00dcberblick, damit ihr auch nichts verpasst.\" \/>\n<meta property=\"og:url\" content=\"https:\/\/www.welovecycling.com\/de\/2022\/02\/21\/evenepoel-gewinnt-die-volta-ao-algarve-und-mehr-neuigkeiten-aus-der-radsportwelt\/\" \/>\n<meta property=\"og:site_name\" content=\"\u0160koda We Love Cycling - Deutschland\" \/>\n<meta property=\"article:published_time\" content=\"2022-02-21T11:57:37+00:00\" \/>\n<meta property=\"og:image\" content=\"https:\/\/d2p6e6u75xmxt8.cloudfront.net\/10\/2022\/02\/Remco-Evenepoel-profimedia-0663834003-CVR.jpg\" \/>\n\t<meta property=\"og:image:width\" content=\"1366\" \/>\n\t<meta property=\"og:image:height\" content=\"600\" \/>\n\t<meta property=\"og:image:type\" content=\"image\/jpeg\" \/>\n<meta name=\"author\" content=\"jbraeker\" \/>\n<meta name=\"twitter:card\" content=\"summary_large_image\" \/>\n<meta name=\"twitter:label1\" content=\"Written by\" \/>\n\t<meta name=\"twitter:data1\" content=\"WeLoveCycling\" \/>\n\t<meta name=\"twitter:label2\" content=\"Est. reading time\" \/>\n\t<meta name=\"twitter:data2\" content=\"4\" \/>\n<script type=\"application\/ld+json\" class=\"yoast-schema-graph\">{\"@context\":\"https:\/\/schema.org\",\"@graph\":[{\"@type\":\"WebPage\",\"@id\":\"https:\/\/www.welovecycling.com\/de\/2022\/02\/21\/evenepoel-gewinnt-die-volta-ao-algarve-und-mehr-neuigkeiten-aus-der-radsportwelt\/\",\"url\":\"https:\/\/www.welovecycling.com\/de\/2022\/02\/21\/evenepoel-gewinnt-die-volta-ao-algarve-und-mehr-neuigkeiten-aus-der-radsportwelt\/\",\"name\":\"Evenepoel gewinnt die Volta ao Algarve - We Love Cycling Magazine\",\"isPartOf\":{\"@id\":\"https:\/\/www.welovecycling.com\/de\/#website\"},\"primaryImageOfPage\":{\"@id\":\"https:\/\/www.welovecycling.com\/de\/2022\/02\/21\/evenepoel-gewinnt-die-volta-ao-algarve-und-mehr-neuigkeiten-aus-der-radsportwelt\/#primaryimage\"},\"image\":{\"@id\":\"https:\/\/www.welovecycling.com\/de\/2022\/02\/21\/evenepoel-gewinnt-die-volta-ao-algarve-und-mehr-neuigkeiten-aus-der-radsportwelt\/#primaryimage\"},\"thumbnailUrl\":\"https:\/\/d2p6e6u75xmxt8.cloudfront.net\/10\/2022\/02\/Remco-Evenepoel-profimedia-0663834003-CVR.jpg\",\"datePublished\":\"2022-02-21T11:57:37+00:00\",\"author\":{\"@id\":\"https:\/\/www.welovecycling.com\/de\/#\/schema\/person\/915694b3c8d0de9019932587781ba6b3\"},\"description\":\"Es ist wieder Montag und somit Zeit f\u00fcr Neuigkeiten aus der Radsportwelt! Hier ein \u00dcberblick, damit ihr auch nichts verpasst.\",\"breadcrumb\":{\"@id\":\"https:\/\/www.welovecycling.com\/de\/2022\/02\/21\/evenepoel-gewinnt-die-volta-ao-algarve-und-mehr-neuigkeiten-aus-der-radsportwelt\/#breadcrumb\"},\"inLanguage\":\"de-DE\",\"potentialAction\":[{\"@type\":\"ReadAction\",\"target\":[\"https:\/\/www.welovecycling.com\/de\/2022\/02\/21\/evenepoel-gewinnt-die-volta-ao-algarve-und-mehr-neuigkeiten-aus-der-radsportwelt\/\"]}]},{\"@type\":\"ImageObject\",\"inLanguage\":\"de-DE\",\"@id\":\"https:\/\/www.welovecycling.com\/de\/2022\/02\/21\/evenepoel-gewinnt-die-volta-ao-algarve-und-mehr-neuigkeiten-aus-der-radsportwelt\/#primaryimage\",\"url\":\"https:\/\/d2p6e6u75xmxt8.cloudfront.net\/10\/2022\/02\/Remco-Evenepoel-profimedia-0663834003-CVR.jpg\",\"contentUrl\":\"https:\/\/d2p6e6u75xmxt8.cloudfront.net\/10\/2022\/02\/Remco-Evenepoel-profimedia-0663834003-CVR.jpg\",\"width\":1366,\"height\":600,\"caption\":\"Remco Evenepoel\"},{\"@type\":\"BreadcrumbList\",\"@id\":\"https:\/\/www.welovecycling.com\/de\/2022\/02\/21\/evenepoel-gewinnt-die-volta-ao-algarve-und-mehr-neuigkeiten-aus-der-radsportwelt\/#breadcrumb\",\"itemListElement\":[{\"@type\":\"ListItem\",\"position\":1,\"name\":\"Home\",\"item\":\"https:\/\/www.welovecycling.com\/de\/\"},{\"@type\":\"ListItem\",\"position\":2,\"name\":\"Evenepoel gewinnt die Volta ao Algarve und mehr Neuigkeiten aus der Radsportwelt\"}]},{\"@type\":\"WebSite\",\"@id\":\"https:\/\/www.welovecycling.com\/de\/#website\",\"url\":\"https:\/\/www.welovecycling.com\/de\/\",\"name\":\"\u0160koda We Love Cycling - Deutschland\",\"description\":\"Just another \u0160koda WeLoveCycling Sites site\",\"potentialAction\":[{\"@type\":\"SearchAction\",\"target\":{\"@type\":\"EntryPoint\",\"urlTemplate\":\"https:\/\/www.welovecycling.com\/de\/?s={search_term_string}\"},\"query-input\":{\"@type\":\"PropertyValueSpecification\",\"valueRequired\":true,\"valueName\":\"search_term_string\"}}],\"inLanguage\":\"de-DE\"},{\"@type\":\"Person\",\"@id\":\"https:\/\/www.welovecycling.com\/de\/#\/schema\/person\/915694b3c8d0de9019932587781ba6b3\",\"name\":\"jbraeker\",\"image\":{\"@type\":\"ImageObject\",\"inLanguage\":\"de-DE\",\"@id\":\"https:\/\/www.welovecycling.com\/de\/#\/schema\/person\/image\/\",\"url\":\"https:\/\/secure.gravatar.com\/avatar\/8b4aea90e4535aae30b5b720249e5b723ae59fcf3d54757dd8b748d97b46d3c9?s=96&d=mm&r=g\",\"contentUrl\":\"https:\/\/secure.gravatar.com\/avatar\/8b4aea90e4535aae30b5b720249e5b723ae59fcf3d54757dd8b748d97b46d3c9?s=96&d=mm&r=g\",\"caption\":\"jbraeker\"},\"url\":\"https:\/\/www.welovecycling.com\/de\/author\/jbraeker\/\"}]}<\/script>\n<!-- \/ Yoast SEO Premium plugin. -->","yoast_head_json":{"title":"Evenepoel gewinnt die Volta ao Algarve - We Love Cycling Magazine","description":"Es ist wieder Montag und somit Zeit f\u00fcr Neuigkeiten aus der Radsportwelt! Hier ein \u00dcberblick, damit ihr auch nichts verpasst.","robots":{"index":"index","follow":"follow","max-snippet":"max-snippet:-1","max-image-preview":"max-image-preview:large","max-video-preview":"max-video-preview:-1"},"canonical":"https:\/\/www.welovecycling.com\/de\/2022\/02\/21\/evenepoel-gewinnt-die-volta-ao-algarve-und-mehr-neuigkeiten-aus-der-radsportwelt\/","og_locale":"de_DE","og_type":"article","og_title":"Evenepoel gewinnt die Volta ao Algarve und mehr Neuigkeiten aus der Radsportwelt","og_description":"Es ist wieder Montag und somit Zeit f\u00fcr Neuigkeiten aus der Radsportwelt! Hier ein \u00dcberblick, damit ihr auch nichts verpasst.","og_url":"https:\/\/www.welovecycling.com\/de\/2022\/02\/21\/evenepoel-gewinnt-die-volta-ao-algarve-und-mehr-neuigkeiten-aus-der-radsportwelt\/","og_site_name":"\u0160koda We Love Cycling - Deutschland","article_published_time":"2022-02-21T11:57:37+00:00","og_image":[{"width":1366,"height":600,"url":"https:\/\/d2p6e6u75xmxt8.cloudfront.net\/10\/2022\/02\/Remco-Evenepoel-profimedia-0663834003-CVR.jpg","type":"image\/jpeg"}],"author":"jbraeker","twitter_card":"summary_large_image","twitter_misc":{"Written by":"WeLoveCycling","Est. reading time":"4"},"schema":{"@context":"https:\/\/schema.org","@graph":[{"@type":"WebPage","@id":"https:\/\/www.welovecycling.com\/de\/2022\/02\/21\/evenepoel-gewinnt-die-volta-ao-algarve-und-mehr-neuigkeiten-aus-der-radsportwelt\/","url":"https:\/\/www.welovecycling.com\/de\/2022\/02\/21\/evenepoel-gewinnt-die-volta-ao-algarve-und-mehr-neuigkeiten-aus-der-radsportwelt\/","name":"Evenepoel gewinnt die Volta ao Algarve - We Love Cycling Magazine","isPartOf":{"@id":"https:\/\/www.welovecycling.com\/de\/#website"},"primaryImageOfPage":{"@id":"https:\/\/www.welovecycling.com\/de\/2022\/02\/21\/evenepoel-gewinnt-die-volta-ao-algarve-und-mehr-neuigkeiten-aus-der-radsportwelt\/#primaryimage"},"image":{"@id":"https:\/\/www.welovecycling.com\/de\/2022\/02\/21\/evenepoel-gewinnt-die-volta-ao-algarve-und-mehr-neuigkeiten-aus-der-radsportwelt\/#primaryimage"},"thumbnailUrl":"https:\/\/d2p6e6u75xmxt8.cloudfront.net\/10\/2022\/02\/Remco-Evenepoel-profimedia-0663834003-CVR.jpg","datePublished":"2022-02-21T11:57:37+00:00","author":{"@id":"https:\/\/www.welovecycling.com\/de\/#\/schema\/person\/915694b3c8d0de9019932587781ba6b3"},"description":"Es ist wieder Montag und somit Zeit f\u00fcr Neuigkeiten aus der Radsportwelt! Hier ein \u00dcberblick, damit ihr auch nichts verpasst.","breadcrumb":{"@id":"https:\/\/www.welovecycling.com\/de\/2022\/02\/21\/evenepoel-gewinnt-die-volta-ao-algarve-und-mehr-neuigkeiten-aus-der-radsportwelt\/#breadcrumb"},"inLanguage":"de-DE","potentialAction":[{"@type":"ReadAction","target":["https:\/\/www.welovecycling.com\/de\/2022\/02\/21\/evenepoel-gewinnt-die-volta-ao-algarve-und-mehr-neuigkeiten-aus-der-radsportwelt\/"]}]},{"@type":"ImageObject","inLanguage":"de-DE","@id":"https:\/\/www.welovecycling.com\/de\/2022\/02\/21\/evenepoel-gewinnt-die-volta-ao-algarve-und-mehr-neuigkeiten-aus-der-radsportwelt\/#primaryimage","url":"https:\/\/d2p6e6u75xmxt8.cloudfront.net\/10\/2022\/02\/Remco-Evenepoel-profimedia-0663834003-CVR.jpg","contentUrl":"https:\/\/d2p6e6u75xmxt8.cloudfront.net\/10\/2022\/02\/Remco-Evenepoel-profimedia-0663834003-CVR.jpg","width":1366,"height":600,"caption":"Remco Evenepoel"},{"@type":"BreadcrumbList","@id":"https:\/\/www.welovecycling.com\/de\/2022\/02\/21\/evenepoel-gewinnt-die-volta-ao-algarve-und-mehr-neuigkeiten-aus-der-radsportwelt\/#breadcrumb","itemListElement":[{"@type":"ListItem","position":1,"name":"Home","item":"https:\/\/www.welovecycling.com\/de\/"},{"@type":"ListItem","position":2,"name":"Evenepoel gewinnt die Volta ao Algarve und mehr Neuigkeiten aus der Radsportwelt"}]},{"@type":"WebSite","@id":"https:\/\/www.welovecycling.com\/de\/#website","url":"https:\/\/www.welovecycling.com\/de\/","name":"\u0160koda We Love Cycling - Deutschland","description":"Just another \u0160koda WeLoveCycling Sites site","potentialAction":[{"@type":"SearchAction","target":{"@type":"EntryPoint","urlTemplate":"https:\/\/www.welovecycling.com\/de\/?s={search_term_string}"},"query-input":{"@type":"PropertyValueSpecification","valueRequired":true,"valueName":"search_term_string"}}],"inLanguage":"de-DE"},{"@type":"Person","@id":"https:\/\/www.welovecycling.com\/de\/#\/schema\/person\/915694b3c8d0de9019932587781ba6b3","name":"jbraeker","image":{"@type":"ImageObject","inLanguage":"de-DE","@id":"https:\/\/www.welovecycling.com\/de\/#\/schema\/person\/image\/","url":"https:\/\/secure.gravatar.com\/avatar\/8b4aea90e4535aae30b5b720249e5b723ae59fcf3d54757dd8b748d97b46d3c9?s=96&d=mm&r=g","contentUrl":"https:\/\/secure.gravatar.com\/avatar\/8b4aea90e4535aae30b5b720249e5b723ae59fcf3d54757dd8b748d97b46d3c9?s=96&d=mm&r=g","caption":"jbraeker"},"url":"https:\/\/www.welovecycling.com\/de\/author\/jbraeker\/"}]}},"_links":{"self":[{"href":"https:\/\/www.welovecycling.com\/de\/wp-json\/wp\/v2\/posts\/10151","targetHints":{"allow":["GET"]}}],"collection":[{"href":"https:\/\/www.welovecycling.com\/de\/wp-json\/wp\/v2\/posts"}],"about":[{"href":"https:\/\/www.welovecycling.com\/de\/wp-json\/wp\/v2\/types\/post"}],"author":[{"embeddable":true,"href":"https:\/\/www.welovecycling.com\/de\/wp-json\/wp\/v2\/users\/115"}],"replies":[{"embeddable":true,"href":"https:\/\/www.welovecycling.com\/de\/wp-json\/wp\/v2\/comments?post=10151"}],"version-history":[{"count":1,"href":"https:\/\/www.welovecycling.com\/de\/wp-json\/wp\/v2\/posts\/10151\/revisions"}],"predecessor-version":[{"id":10160,"href":"https:\/\/www.welovecycling.com\/de\/wp-json\/wp\/v2\/posts\/10151\/revisions\/10160"}],"wp:featuredmedia":[{"embeddable":true,"href":"https:\/\/www.welovecycling.com\/de\/wp-json\/wp\/v2\/media\/10159"}],"wp:attachment":[{"href":"https:\/\/www.welovecycling.com\/de\/wp-json\/wp\/v2\/media?parent=10151"}],"wp:term":[{"taxonomy":"category","embeddable":true,"href":"https:\/\/www.welovecycling.com\/de\/wp-json\/wp\/v2\/categories?post=10151"},{"taxonomy":"post_tag","embeddable":true,"href":"https:\/\/www.welovecycling.com\/de\/wp-json\/wp\/v2\/tags?post=10151"},{"taxonomy":"global-categories","embeddable":true,"href":"https:\/\/www.welovecycling.com\/de\/wp-json\/wp\/v2\/global-categories?post=10151"}],"curies":[{"name":"wp","href":"https:\/\/api.w.org\/{rel}","templated":true}]}}