{"id":10083,"date":"2022-02-07T14:43:30","date_gmt":"2022-02-07T13:43:30","guid":{"rendered":"https:\/\/www.welovecycling.com\/de\/?p=10083"},"modified":"2022-02-07T14:43:30","modified_gmt":"2022-02-07T13:43:30","slug":"vlasov-gewinnt-die-valencia-rundfahrt-und-mehr-neuigkeiten-aus-der-radsportwelt","status":"publish","type":"post","link":"https:\/\/www.welovecycling.com\/de\/2022\/02\/07\/vlasov-gewinnt-die-valencia-rundfahrt-und-mehr-neuigkeiten-aus-der-radsportwelt\/","title":{"rendered":"Vlasov gewinnt die Valencia-Rundfahrt und mehr Neuigkeiten aus der Radsportwelt"},"content":{"rendered":"<p><strong>Es ist wieder Montag und somit Zeit f\u00fcr Neuigkeiten aus der Radsportwelt! Hier ein \u00dcberblick, damit ihr auch nichts verpasst.<\/strong><\/p>\n<p><!--more--><\/p>\n<h2><strong>Vlasov hat es geschafft<\/strong><\/h2>\n<p>Aleksandr Vlasov (Bora-Hansgrohe) konnte sich auf der f\u00fcnften Etappe der Valencia-Rundfahrt im Feld absetzen und hat sich den Gesamtsieg gesichert. Der 25-j\u00e4hrige Russe feierte damit seinen ersten Etappenerfolg \u00fcberhaupt. Remco Evenepoel (Quick-Step-Alpha Vinyl) kam mit 32 Sekunden R\u00fcckstand ins Ziel. Der 21-j\u00e4hrige Carlos Rodr\u00edguez (Ineos Grenadiers) wurde mit 36 Sekunden R\u00fcckstand Gesamtdritter. Auf der dritten Etappe\u00a0<span style=\"font-size: 16px;\">auf dem unbefestigten Anstieg zur Bergankunft Antenas del Maigm\u00f3<\/span><span style=\"font-size: 16px;\">\u00a0<\/span>\u00fcbernahm\u00a0<span style=\"font-size: 16px;\">Vlasov<\/span><span style=\"font-size: 16px;\">\u00a0<\/span>das Gelbe Trikot von Evenepoel, sein Team sorgte dann daf\u00fcr, dass er die beiden folgenden Sprintetappen unbeschadet \u00fcberstand.<\/p>\n<div class=\"embed-controller-wrapper\">\n<blockquote class=\"twitter-tweet\" data-width=\"500\" data-dnt=\"true\">\n<p lang=\"fr\" dir=\"ltr\">Tour de Valence : Aleksandr Vlasov vainqueur : &quot;On a eu 5 jours parfaits&quot; <a href=\"https:\/\/twitter.com\/hashtag\/VCV2022?src=hash&amp;ref_src=twsrc%5Etfw\">#VCV2022<\/a> <a href=\"https:\/\/twitter.com\/hashtag\/Vlasov?src=hash&amp;ref_src=twsrc%5Etfw\">#Vlasov<\/a> <a href=\"https:\/\/twitter.com\/hashtag\/Evenepoel?src=hash&amp;ref_src=twsrc%5Etfw\">#Evenepoel<\/a> <a href=\"https:\/\/twitter.com\/hashtag\/Jakobsen?src=hash&amp;ref_src=twsrc%5Etfw\">#Jakobsen<\/a> <a href=\"https:\/\/twitter.com\/hashtag\/Rodriguez?src=hash&amp;ref_src=twsrc%5Etfw\">#Rodriguez<\/a> <a href=\"https:\/\/t.co\/dGC8PTl0Wi\">https:\/\/t.co\/dGC8PTl0Wi<\/a><\/p>\n<p>&mdash; Cyclism&#39;Actu (@cyclismactu) <a href=\"https:\/\/twitter.com\/cyclismactu\/status\/1490584627274207232?ref_src=twsrc%5Etfw\">February 7, 2022<\/a><\/p><\/blockquote>\n<p><script async data-src=\"https:\/\/platform.twitter.com\/widgets.js\" charset=\"utf-8\"><\/script><\/div>\n<p>Die letzte Etappe f\u00fchrte \u00fcber 92 km von Paterna nach Valencia. Fabio Jakobsen wurde beim Sprint am Samstag eingeklemmt und das Team QuickStep-AlphaVinyl lie\u00df sich den Triumph nicht zweimal in Folge verwehren. Auch Remco Evenepoel und Yves Lampaert beteiligten sich an der Kontrolle der letzten drei Kilometer. Michael Morkov positionierte Jakobsen dann auf den letzten 500 Metern perfekt. Der 25-j\u00e4hrige Niederl\u00e4nder er\u00f6ffnete dann auf den letzten 150 Metern den Sprint und lie\u00df seinen Konkurrenten keine Chance. Elia Viviani (Ineos Grenadiers) wurde Zweiter und Alexander Kristoff (Intermarch\u00e9-Wanty-Gobert Mat\u00e9riaux) \u00fcberquerte die Ziellinie als Dritter.<\/p>\n<h4><strong>Valencia-Rundfahrt \u2013 Ergebnisse Etappe 5<\/strong><\/h4>\n<p>1. Fabio Jakobsen (Quick-Step\u2013Alpha Vinyl) \u2013 1:55:49<br \/>\n2. Elia Viviani (Ineos Grenadiers)<br \/>\n3. Alexander Kristoff (Intermarch\u00e9-Wanty-Gobert)<\/p>\n<h4><strong>Gesamtergebnisse<\/strong><\/h4>\n<p>1. Alexandr Vlasov (Bora-Hansgrohe)<br \/>\n2. Remco Evenepoul (Quick-Step\u2013Alpha Vinyl) + 32 s<br \/>\n3. Carlos Rodriguez (Ineos Grenadiers) + 36 s<br \/>\n4. Enric Mas (Movistar) + 50 s<br \/>\n5. Alejandro Valverde (Movistar) + 1:02<br \/>\n6. Jacob Fuglsang (Israel-Premier Tech) + 1:05<br \/>\n7. Luis Le\u00f3n Sanchez (Bahrain Victorious) + 1:14<br \/>\n8. Giulio Ciccone (Trek-Segafredo) + 2:00<br \/>\n9. David de la Cruz (Astana Qazaqstan) + 2:28<br \/>\n10. Matej Mohori\u010d (Bahrain Victorious) + 2:54<\/p>\n<h2><strong>Was passiert hier?<\/strong><\/h2>\n<div class=\"embed-controller-wrapper\">\n<blockquote class=\"twitter-tweet\" data-width=\"500\" data-dnt=\"true\">\n<p lang=\"en\" dir=\"ltr\">Have a good night, everyone \ud83d\ude01 <a href=\"https:\/\/t.co\/R7WOJX9eAP\">pic.twitter.com\/R7WOJX9eAP<\/a><\/p>\n<p>&mdash; Soudal Quick-Step Pro Cycling Team (@soudalquickstep) <a href=\"https:\/\/twitter.com\/soudalquickstep\/status\/1488607411728490497?ref_src=twsrc%5Etfw\">February 1, 2022<\/a><\/p><\/blockquote>\n<p><script async data-src=\"https:\/\/platform.twitter.com\/widgets.js\" charset=\"utf-8\"><\/script><\/div>\n<h2><strong><span style=\"font-size: 18pt;\">Absicht, Peter?<\/span><\/strong><\/h2>\n<div class=\"embed-controller-wrapper\">\n<blockquote class=\"twitter-tweet\" data-width=\"500\" data-dnt=\"true\">\n<p lang=\"fr\" dir=\"ltr\">I think we took a wrong turn somewhere today&#8230; \ud83d\ude1c\ud83d\ude1c\ud83d\udeb4\u200d\u2642\ufe0f<\/p>\n<p>Je crois qu&#39;on s&#39;est tromp\u00e9 de chemin quelque part aujourd&#39;hui&#8230; \ud83d\ude1c\ud83d\ude1c\ud83d\udeb4\u200d\u2642\ufe0f<a href=\"https:\/\/twitter.com\/TeamTotalEnrg?ref_src=twsrc%5Etfw\">@TeamTotalEnrg<\/a> <a href=\"https:\/\/twitter.com\/TotalEnergies?ref_src=twsrc%5Etfw\">@TotalEnergies<\/a> <a href=\"https:\/\/twitter.com\/iamspecialized?ref_src=twsrc%5Etfw\">@iamspecialized<\/a> <a href=\"https:\/\/twitter.com\/sportful?ref_src=twsrc%5Etfw\">@sportful<\/a> <a href=\"https:\/\/twitter.com\/ride100percent?ref_src=twsrc%5Etfw\">@ride100percent<\/a> <a href=\"https:\/\/t.co\/tVXLysAVEi\">pic.twitter.com\/tVXLysAVEi<\/a><\/p>\n<p>&mdash; Peter Sagan (@petosagan) <a href=\"https:\/\/twitter.com\/petosagan\/status\/1488946324833767433?ref_src=twsrc%5Etfw\">February 2, 2022<\/a><\/p><\/blockquote>\n<p><script async data-src=\"https:\/\/platform.twitter.com\/widgets.js\" charset=\"utf-8\"><\/script><\/div>\n<h2><strong>Gold<\/strong><\/h2>\n<div class=\"embed-controller-wrapper\">\n<blockquote class=\"twitter-tweet\" data-width=\"500\" data-dnt=\"true\">\n<p lang=\"en\" dir=\"ltr\">\ud83c\udfbc Astana Is My Team &#8211; Cycling Rap Music Video!<\/p>\n<p>The path to big goals is best started by rallying together as united and motivated team!<br \/>Today we are setting the tone for the whole season, which, we are sure, will be successful!<a href=\"https:\/\/twitter.com\/hashtag\/AstanaQazaqstanTeam?src=hash&amp;ref_src=twsrc%5Etfw\">#AstanaQazaqstanTeam<\/a> <a href=\"https:\/\/t.co\/B13l6JA4gr\">pic.twitter.com\/B13l6JA4gr<\/a><\/p>\n<p>&mdash; Astana Qazaqstan Team (@AstanaQazTeam) <a href=\"https:\/\/twitter.com\/AstanaQazTeam\/status\/1488479125589442561?ref_src=twsrc%5Etfw\">February 1, 2022<\/a><\/p><\/blockquote>\n<p><script async data-src=\"https:\/\/platform.twitter.com\/widgets.js\" charset=\"utf-8\"><\/script><\/div>\n<h2><strong>Triathlon Versuche<\/strong><\/h2>\n<p>https:\/\/www.instagram.com\/p\/CZXOeDvohWt\/<\/p>\n<h2><strong>Legenden<\/strong><\/h2>\n<div class=\"embed-controller-wrapper\">\n<blockquote class=\"twitter-tweet\" data-width=\"500\" data-dnt=\"true\">\n<p lang=\"zxx\" dir=\"ltr\"><a href=\"https:\/\/t.co\/fcYR7kgypA\">pic.twitter.com\/fcYR7kgypA<\/a><\/p>\n<p>&mdash; Cycling out of context (@OutOfCycling) <a href=\"https:\/\/twitter.com\/OutOfCycling\/status\/1490391952667418624?ref_src=twsrc%5Etfw\">February 6, 2022<\/a><\/p><\/blockquote>\n<p><script async data-src=\"https:\/\/platform.twitter.com\/widgets.js\" charset=\"utf-8\"><\/script><\/div>\n","protected":false},"excerpt":{"rendered":"<p>Es ist wieder Montag und somit Zeit f\u00fcr Neuigkeiten aus der Radsportwelt! Hier ein \u00dcberblick, damit ihr auch nichts verpasst.<\/p>\n","protected":false},"author":115,"featured_media":10090,"comment_status":"open","ping_status":"open","sticky":false,"template":"","format":"standard","meta":{"footnotes":""},"categories":[1],"tags":[],"global-categories":[],"class_list":["post-10083","post","type-post","status-publish","format-standard","has-post-thumbnail","hentry","category-allgemein"],"yoast_head":"<!-- This site is optimized with the Yoast SEO Premium plugin v25.3 (Yoast SEO v25.9) - https:\/\/yoast.com\/wordpress\/plugins\/seo\/ -->\n<title>Vlasov wins Volta a la Comunitat Valenciana - We Love Cycling<\/title>\n<meta name=\"description\" content=\"Es ist wieder Montag und somit Zeit f\u00fcr Neuigkeiten aus der Radsportwelt! Hier ein \u00dcberblick, damit ihr auch nichts verpasst.\" \/>\n<meta name=\"robots\" content=\"index, follow, max-snippet:-1, max-image-preview:large, max-video-preview:-1\" \/>\n<link rel=\"canonical\" href=\"https:\/\/www.welovecycling.com\/de\/2022\/02\/07\/vlasov-gewinnt-die-valencia-rundfahrt-und-mehr-neuigkeiten-aus-der-radsportwelt\/\" \/>\n<meta property=\"og:locale\" content=\"de_DE\" \/>\n<meta property=\"og:type\" content=\"article\" \/>\n<meta property=\"og:title\" content=\"Vlasov gewinnt die Valencia-Rundfahrt und mehr Neuigkeiten aus der Radsportwelt\" \/>\n<meta property=\"og:description\" content=\"Es ist wieder Montag und somit Zeit f\u00fcr Neuigkeiten aus der Radsportwelt! Hier ein \u00dcberblick, damit ihr auch nichts verpasst.\" \/>\n<meta property=\"og:url\" content=\"https:\/\/www.welovecycling.com\/de\/2022\/02\/07\/vlasov-gewinnt-die-valencia-rundfahrt-und-mehr-neuigkeiten-aus-der-radsportwelt\/\" \/>\n<meta property=\"og:site_name\" content=\"\u0160koda We Love Cycling - Deutschland\" \/>\n<meta property=\"article:published_time\" content=\"2022-02-07T13:43:30+00:00\" \/>\n<meta property=\"og:image\" content=\"https:\/\/d2p6e6u75xmxt8.cloudfront.net\/10\/2022\/02\/Aleksandr-Vlasov-profimedia-0660018874-CVR.jpg\" \/>\n\t<meta property=\"og:image:width\" content=\"1366\" \/>\n\t<meta property=\"og:image:height\" content=\"600\" \/>\n\t<meta property=\"og:image:type\" content=\"image\/jpeg\" \/>\n<meta name=\"author\" content=\"jbraeker\" \/>\n<meta name=\"twitter:card\" content=\"summary_large_image\" \/>\n<meta name=\"twitter:label1\" content=\"Written by\" \/>\n\t<meta name=\"twitter:data1\" content=\"WeLoveCycling\" \/>\n\t<meta name=\"twitter:label2\" content=\"Est. reading time\" \/>\n\t<meta name=\"twitter:data2\" content=\"5\" \/>\n<script type=\"application\/ld+json\" class=\"yoast-schema-graph\">{\"@context\":\"https:\/\/schema.org\",\"@graph\":[{\"@type\":\"WebPage\",\"@id\":\"https:\/\/www.welovecycling.com\/de\/2022\/02\/07\/vlasov-gewinnt-die-valencia-rundfahrt-und-mehr-neuigkeiten-aus-der-radsportwelt\/\",\"url\":\"https:\/\/www.welovecycling.com\/de\/2022\/02\/07\/vlasov-gewinnt-die-valencia-rundfahrt-und-mehr-neuigkeiten-aus-der-radsportwelt\/\",\"name\":\"Vlasov wins Volta a la Comunitat Valenciana - We Love Cycling\",\"isPartOf\":{\"@id\":\"https:\/\/www.welovecycling.com\/de\/#website\"},\"primaryImageOfPage\":{\"@id\":\"https:\/\/www.welovecycling.com\/de\/2022\/02\/07\/vlasov-gewinnt-die-valencia-rundfahrt-und-mehr-neuigkeiten-aus-der-radsportwelt\/#primaryimage\"},\"image\":{\"@id\":\"https:\/\/www.welovecycling.com\/de\/2022\/02\/07\/vlasov-gewinnt-die-valencia-rundfahrt-und-mehr-neuigkeiten-aus-der-radsportwelt\/#primaryimage\"},\"thumbnailUrl\":\"https:\/\/d2p6e6u75xmxt8.cloudfront.net\/10\/2022\/02\/Aleksandr-Vlasov-profimedia-0660018874-CVR.jpg\",\"datePublished\":\"2022-02-07T13:43:30+00:00\",\"author\":{\"@id\":\"https:\/\/www.welovecycling.com\/de\/#\/schema\/person\/915694b3c8d0de9019932587781ba6b3\"},\"description\":\"Es ist wieder Montag und somit Zeit f\u00fcr Neuigkeiten aus der Radsportwelt! Hier ein \u00dcberblick, damit ihr auch nichts verpasst.\",\"breadcrumb\":{\"@id\":\"https:\/\/www.welovecycling.com\/de\/2022\/02\/07\/vlasov-gewinnt-die-valencia-rundfahrt-und-mehr-neuigkeiten-aus-der-radsportwelt\/#breadcrumb\"},\"inLanguage\":\"de-DE\",\"potentialAction\":[{\"@type\":\"ReadAction\",\"target\":[\"https:\/\/www.welovecycling.com\/de\/2022\/02\/07\/vlasov-gewinnt-die-valencia-rundfahrt-und-mehr-neuigkeiten-aus-der-radsportwelt\/\"]}]},{\"@type\":\"ImageObject\",\"inLanguage\":\"de-DE\",\"@id\":\"https:\/\/www.welovecycling.com\/de\/2022\/02\/07\/vlasov-gewinnt-die-valencia-rundfahrt-und-mehr-neuigkeiten-aus-der-radsportwelt\/#primaryimage\",\"url\":\"https:\/\/d2p6e6u75xmxt8.cloudfront.net\/10\/2022\/02\/Aleksandr-Vlasov-profimedia-0660018874-CVR.jpg\",\"contentUrl\":\"https:\/\/d2p6e6u75xmxt8.cloudfront.net\/10\/2022\/02\/Aleksandr-Vlasov-profimedia-0660018874-CVR.jpg\",\"width\":1366,\"height\":600,\"caption\":\"Aleksandr Vlasov\"},{\"@type\":\"BreadcrumbList\",\"@id\":\"https:\/\/www.welovecycling.com\/de\/2022\/02\/07\/vlasov-gewinnt-die-valencia-rundfahrt-und-mehr-neuigkeiten-aus-der-radsportwelt\/#breadcrumb\",\"itemListElement\":[{\"@type\":\"ListItem\",\"position\":1,\"name\":\"Home\",\"item\":\"https:\/\/www.welovecycling.com\/de\/\"},{\"@type\":\"ListItem\",\"position\":2,\"name\":\"Vlasov gewinnt die Valencia-Rundfahrt und mehr Neuigkeiten aus der Radsportwelt\"}]},{\"@type\":\"WebSite\",\"@id\":\"https:\/\/www.welovecycling.com\/de\/#website\",\"url\":\"https:\/\/www.welovecycling.com\/de\/\",\"name\":\"\u0160koda We Love Cycling - Deutschland\",\"description\":\"Just another \u0160koda WeLoveCycling Sites site\",\"potentialAction\":[{\"@type\":\"SearchAction\",\"target\":{\"@type\":\"EntryPoint\",\"urlTemplate\":\"https:\/\/www.welovecycling.com\/de\/?s={search_term_string}\"},\"query-input\":{\"@type\":\"PropertyValueSpecification\",\"valueRequired\":true,\"valueName\":\"search_term_string\"}}],\"inLanguage\":\"de-DE\"},{\"@type\":\"Person\",\"@id\":\"https:\/\/www.welovecycling.com\/de\/#\/schema\/person\/915694b3c8d0de9019932587781ba6b3\",\"name\":\"jbraeker\",\"image\":{\"@type\":\"ImageObject\",\"inLanguage\":\"de-DE\",\"@id\":\"https:\/\/www.welovecycling.com\/de\/#\/schema\/person\/image\/\",\"url\":\"https:\/\/secure.gravatar.com\/avatar\/8b4aea90e4535aae30b5b720249e5b723ae59fcf3d54757dd8b748d97b46d3c9?s=96&d=mm&r=g\",\"contentUrl\":\"https:\/\/secure.gravatar.com\/avatar\/8b4aea90e4535aae30b5b720249e5b723ae59fcf3d54757dd8b748d97b46d3c9?s=96&d=mm&r=g\",\"caption\":\"jbraeker\"},\"url\":\"https:\/\/www.welovecycling.com\/de\/author\/jbraeker\/\"}]}<\/script>\n<!-- \/ Yoast SEO Premium plugin. -->","yoast_head_json":{"title":"Vlasov wins Volta a la Comunitat Valenciana - We Love Cycling","description":"Es ist wieder Montag und somit Zeit f\u00fcr Neuigkeiten aus der Radsportwelt! Hier ein \u00dcberblick, damit ihr auch nichts verpasst.","robots":{"index":"index","follow":"follow","max-snippet":"max-snippet:-1","max-image-preview":"max-image-preview:large","max-video-preview":"max-video-preview:-1"},"canonical":"https:\/\/www.welovecycling.com\/de\/2022\/02\/07\/vlasov-gewinnt-die-valencia-rundfahrt-und-mehr-neuigkeiten-aus-der-radsportwelt\/","og_locale":"de_DE","og_type":"article","og_title":"Vlasov gewinnt die Valencia-Rundfahrt und mehr Neuigkeiten aus der Radsportwelt","og_description":"Es ist wieder Montag und somit Zeit f\u00fcr Neuigkeiten aus der Radsportwelt! Hier ein \u00dcberblick, damit ihr auch nichts verpasst.","og_url":"https:\/\/www.welovecycling.com\/de\/2022\/02\/07\/vlasov-gewinnt-die-valencia-rundfahrt-und-mehr-neuigkeiten-aus-der-radsportwelt\/","og_site_name":"\u0160koda We Love Cycling - Deutschland","article_published_time":"2022-02-07T13:43:30+00:00","og_image":[{"width":1366,"height":600,"url":"https:\/\/d2p6e6u75xmxt8.cloudfront.net\/10\/2022\/02\/Aleksandr-Vlasov-profimedia-0660018874-CVR.jpg","type":"image\/jpeg"}],"author":"jbraeker","twitter_card":"summary_large_image","twitter_misc":{"Written by":"WeLoveCycling","Est. reading time":"5"},"schema":{"@context":"https:\/\/schema.org","@graph":[{"@type":"WebPage","@id":"https:\/\/www.welovecycling.com\/de\/2022\/02\/07\/vlasov-gewinnt-die-valencia-rundfahrt-und-mehr-neuigkeiten-aus-der-radsportwelt\/","url":"https:\/\/www.welovecycling.com\/de\/2022\/02\/07\/vlasov-gewinnt-die-valencia-rundfahrt-und-mehr-neuigkeiten-aus-der-radsportwelt\/","name":"Vlasov wins Volta a la Comunitat Valenciana - We Love Cycling","isPartOf":{"@id":"https:\/\/www.welovecycling.com\/de\/#website"},"primaryImageOfPage":{"@id":"https:\/\/www.welovecycling.com\/de\/2022\/02\/07\/vlasov-gewinnt-die-valencia-rundfahrt-und-mehr-neuigkeiten-aus-der-radsportwelt\/#primaryimage"},"image":{"@id":"https:\/\/www.welovecycling.com\/de\/2022\/02\/07\/vlasov-gewinnt-die-valencia-rundfahrt-und-mehr-neuigkeiten-aus-der-radsportwelt\/#primaryimage"},"thumbnailUrl":"https:\/\/d2p6e6u75xmxt8.cloudfront.net\/10\/2022\/02\/Aleksandr-Vlasov-profimedia-0660018874-CVR.jpg","datePublished":"2022-02-07T13:43:30+00:00","author":{"@id":"https:\/\/www.welovecycling.com\/de\/#\/schema\/person\/915694b3c8d0de9019932587781ba6b3"},"description":"Es ist wieder Montag und somit Zeit f\u00fcr Neuigkeiten aus der Radsportwelt! Hier ein \u00dcberblick, damit ihr auch nichts verpasst.","breadcrumb":{"@id":"https:\/\/www.welovecycling.com\/de\/2022\/02\/07\/vlasov-gewinnt-die-valencia-rundfahrt-und-mehr-neuigkeiten-aus-der-radsportwelt\/#breadcrumb"},"inLanguage":"de-DE","potentialAction":[{"@type":"ReadAction","target":["https:\/\/www.welovecycling.com\/de\/2022\/02\/07\/vlasov-gewinnt-die-valencia-rundfahrt-und-mehr-neuigkeiten-aus-der-radsportwelt\/"]}]},{"@type":"ImageObject","inLanguage":"de-DE","@id":"https:\/\/www.welovecycling.com\/de\/2022\/02\/07\/vlasov-gewinnt-die-valencia-rundfahrt-und-mehr-neuigkeiten-aus-der-radsportwelt\/#primaryimage","url":"https:\/\/d2p6e6u75xmxt8.cloudfront.net\/10\/2022\/02\/Aleksandr-Vlasov-profimedia-0660018874-CVR.jpg","contentUrl":"https:\/\/d2p6e6u75xmxt8.cloudfront.net\/10\/2022\/02\/Aleksandr-Vlasov-profimedia-0660018874-CVR.jpg","width":1366,"height":600,"caption":"Aleksandr Vlasov"},{"@type":"BreadcrumbList","@id":"https:\/\/www.welovecycling.com\/de\/2022\/02\/07\/vlasov-gewinnt-die-valencia-rundfahrt-und-mehr-neuigkeiten-aus-der-radsportwelt\/#breadcrumb","itemListElement":[{"@type":"ListItem","position":1,"name":"Home","item":"https:\/\/www.welovecycling.com\/de\/"},{"@type":"ListItem","position":2,"name":"Vlasov gewinnt die Valencia-Rundfahrt und mehr Neuigkeiten aus der Radsportwelt"}]},{"@type":"WebSite","@id":"https:\/\/www.welovecycling.com\/de\/#website","url":"https:\/\/www.welovecycling.com\/de\/","name":"\u0160koda We Love Cycling - Deutschland","description":"Just another \u0160koda WeLoveCycling Sites site","potentialAction":[{"@type":"SearchAction","target":{"@type":"EntryPoint","urlTemplate":"https:\/\/www.welovecycling.com\/de\/?s={search_term_string}"},"query-input":{"@type":"PropertyValueSpecification","valueRequired":true,"valueName":"search_term_string"}}],"inLanguage":"de-DE"},{"@type":"Person","@id":"https:\/\/www.welovecycling.com\/de\/#\/schema\/person\/915694b3c8d0de9019932587781ba6b3","name":"jbraeker","image":{"@type":"ImageObject","inLanguage":"de-DE","@id":"https:\/\/www.welovecycling.com\/de\/#\/schema\/person\/image\/","url":"https:\/\/secure.gravatar.com\/avatar\/8b4aea90e4535aae30b5b720249e5b723ae59fcf3d54757dd8b748d97b46d3c9?s=96&d=mm&r=g","contentUrl":"https:\/\/secure.gravatar.com\/avatar\/8b4aea90e4535aae30b5b720249e5b723ae59fcf3d54757dd8b748d97b46d3c9?s=96&d=mm&r=g","caption":"jbraeker"},"url":"https:\/\/www.welovecycling.com\/de\/author\/jbraeker\/"}]}},"_links":{"self":[{"href":"https:\/\/www.welovecycling.com\/de\/wp-json\/wp\/v2\/posts\/10083","targetHints":{"allow":["GET"]}}],"collection":[{"href":"https:\/\/www.welovecycling.com\/de\/wp-json\/wp\/v2\/posts"}],"about":[{"href":"https:\/\/www.welovecycling.com\/de\/wp-json\/wp\/v2\/types\/post"}],"author":[{"embeddable":true,"href":"https:\/\/www.welovecycling.com\/de\/wp-json\/wp\/v2\/users\/115"}],"replies":[{"embeddable":true,"href":"https:\/\/www.welovecycling.com\/de\/wp-json\/wp\/v2\/comments?post=10083"}],"version-history":[{"count":1,"href":"https:\/\/www.welovecycling.com\/de\/wp-json\/wp\/v2\/posts\/10083\/revisions"}],"predecessor-version":[{"id":10091,"href":"https:\/\/www.welovecycling.com\/de\/wp-json\/wp\/v2\/posts\/10083\/revisions\/10091"}],"wp:featuredmedia":[{"embeddable":true,"href":"https:\/\/www.welovecycling.com\/de\/wp-json\/wp\/v2\/media\/10090"}],"wp:attachment":[{"href":"https:\/\/www.welovecycling.com\/de\/wp-json\/wp\/v2\/media?parent=10083"}],"wp:term":[{"taxonomy":"category","embeddable":true,"href":"https:\/\/www.welovecycling.com\/de\/wp-json\/wp\/v2\/categories?post=10083"},{"taxonomy":"post_tag","embeddable":true,"href":"https:\/\/www.welovecycling.com\/de\/wp-json\/wp\/v2\/tags?post=10083"},{"taxonomy":"global-categories","embeddable":true,"href":"https:\/\/www.welovecycling.com\/de\/wp-json\/wp\/v2\/global-categories?post=10083"}],"curies":[{"name":"wp","href":"https:\/\/api.w.org\/{rel}","templated":true}]}}