{"id":10067,"date":"2022-01-31T15:20:26","date_gmt":"2022-01-31T14:20:26","guid":{"rendered":"https:\/\/www.welovecycling.com\/de\/?p=10067"},"modified":"2022-01-31T15:20:26","modified_gmt":"2022-01-31T14:20:26","slug":"pidcock-und-vos-gewinnen-cyclocross-weltmeistertitel-und-mehr-neuigkeiten-aus-der-radsportwelt","status":"publish","type":"post","link":"https:\/\/www.welovecycling.com\/de\/2022\/01\/31\/pidcock-und-vos-gewinnen-cyclocross-weltmeistertitel-und-mehr-neuigkeiten-aus-der-radsportwelt\/","title":{"rendered":"Pidcock und Vos gewinnen Cyclocross-Weltmeistertitel und mehr Neuigkeiten aus der Radsportwelt"},"content":{"rendered":"<p><strong>Es ist wieder Montag und somit Zeit f\u00fcr Neuigkeiten aus der Radsportwelt! Hier ein \u00dcberblick, damit ihr auch nichts verpasst.<\/strong><\/p>\n<p><!--more--><\/p>\n<h2><strong>Vos holt achtes Regenbogentrikot beim Cyclocross<\/strong><\/h2>\n<p>Ein weiterer unglaublicher Erfolg in einer langen Reihe von unglaublichen Erfolgen f\u00fcr Marianne Vos. Die 34-J\u00e4hrige gewann nach einem engen Kampf mit ihrer Landsfrau Lucinda Brand ihren achten Weltmeistertitel.<\/p>\n<p>&#8222;Das ist wirklich unglaublich&#8220;, sagte Vos nach ihrem Sieg. &#8222;Es kommt nicht oft vor, dass man in seiner Karriere auf eine gewonnene Weltmeisterschaft zur\u00fcckblicken kann. Ich kann es wirklich nicht glauben.&#8220;<\/p>\n<div class=\"embed-controller-wrapper\">\n<blockquote class=\"twitter-tweet\" data-width=\"500\" data-dnt=\"true\">\n<p lang=\"en\" dir=\"ltr\">From \ud83e\udd42 to \u2708\ufe0f!<\/p>\n<p>An interview with <a href=\"https:\/\/twitter.com\/marianne_vos?ref_src=twsrc%5Etfw\">@marianne_vos<\/a> just before she started the long journey home\u2712\ufe0f<\/p>\n<p>\ud83d\udde3\ufe0f\u201cThe jersey and the medal were on my bedside table as a nice, tangible memory of the title.&quot;<\/p>\n<p>&mdash; Team Visma | Lease a Bike Women (@visma_lab_women) <a href=\"https:\/\/twitter.com\/visma_lab_women\/status\/1487844973571620868?ref_src=twsrc%5Etfw\">January 30, 2022<\/a><\/p><\/blockquote>\n<p><script async data-src=\"https:\/\/platform.twitter.com\/widgets.js\" charset=\"utf-8\"><\/script><\/div>\n<p>Der Niederl\u00e4nderin war klar, dass sie Lucinda Brand im Rennen nicht w\u00fcrde abh\u00e4ngen k\u00f6nnen. Sie wartete ab, bis sie sie im Endspurt \u00fcberholte.<\/p>\n<p>&#8222;Es war wirklich sehr schwierig. Lucinda ist schwer zu schlagen und das wusste ich. Sie hat w\u00e4hrend des Rennens Druck gemacht und ich habe es versucht, aber es war schwierig, wegzufahren. Also musste ich ruhig bleiben und in der letzten Runde richtig handeln und mich auf den Sprint konzentrieren.&#8220;<\/p>\n<p>Vos Cyclocross-Weltmeistertitel erstrecken sich nun \u00fcber 16 Jahre, beginnend im Jahr 2006. Dann kam die Siegesserie von 2009 bis 2014. Zu ihren acht Cyclocross-Regenbogentrikots gesellen sich drei Stra\u00dfenweltmeistertitel.<\/p>\n<h4>Rennergebnisse der Elite Frauen<\/h4>\n<ol>\n<li>Marianne Vos (Ned) \u2013 55:00<\/li>\n<li>Lucinda Brand (Ned) + 1s<\/li>\n<li>Silvia Persico (Ita) + 51s<\/li>\n<li>Ceylin del Carmen Alvarado (Ned) + 1:04<\/li>\n<li>Yara Kastelijn (Ned) + 1:05<\/li>\n<li>Manon Bakker (Ned)<\/li>\n<li>Maghalie Rochette (Can) + 1:39<\/li>\n<li>H\u00e9l\u00e8ne Clauzel (Fra) + 1:59<\/li>\n<li>Inge van der Heijden (Ned)<\/li>\n<li>Sanne Cant (Bel) + 2:12<\/li>\n<\/ol>\n<h2><strong>Tom Pidcock dominiert und gewinnt sein Regenbogentrikot<\/strong><\/h2>\n<p>In Abwesenheit von Mathieu van der Poel und Wout van Aert konnte niemand Tom Pidcock davon abhalten, sich den Cyclocross-Weltmeistertitel zu holen. Der Brite ging in der vierten Runde in die Offensive, l\u00f6ste sich vom Rest des Feldes und lie\u00df sich nicht mehr zur\u00fcckfallen. Bis zum Schluss hielt er einen komfortablen 30-Sekunden-Vorsprung. Lars van der Haar wurde Zweiter und Eli Iserbyt belegte den dritten Platz.<\/p>\n<div class=\"embed-controller-wrapper\">\n<blockquote class=\"twitter-tweet\" data-width=\"500\" data-dnt=\"true\">\n<p lang=\"en\" dir=\"ltr\">CHAMPION OF THE WORLD <br \/>\ud83d\udc99\u2764\ufe0f\ud83d\udda4\ud83d\udc9b\ud83d\udc9a<br \/>A day I won\u2019t forget<br \/>Thank you \ud83c\uddfa\ud83c\uddf8 <a href=\"https:\/\/t.co\/lI9295h9Ga\">pic.twitter.com\/lI9295h9Ga<\/a><\/p>\n<p>&mdash; Tom Pidcock (@tompidcock) <a href=\"https:\/\/twitter.com\/tompidcock\/status\/1488139154038927360?ref_src=twsrc%5Etfw\">January 31, 2022<\/a><\/p><\/blockquote>\n<p><script async data-src=\"https:\/\/platform.twitter.com\/widgets.js\" charset=\"utf-8\"><\/script><\/div>\n<p>&#8222;Es war ein superhartes Rennen. Es war wie ein Krieg&#8220;, sagte Pidcock zu den Reportern. &#8222;Doch ich sah die Chance und das hat am Ende gut geklappt. Ich denke, ohne Wout und Mathieu w\u00e4re es schwierig gewesen, Weltmeister zu werden. Aber weil sie nicht da sind, erwartet jeder, dass es einfacher wird, was es mental schwieriger macht.&#8220;<\/p>\n<h4>Rennergebnisse der Elite M\u00e4nner<\/h4>\n<ol>\n<li>Tom Pidcock (GBr) \u2013 1:00:36<\/li>\n<li>Lars van der Haar (Ned) + 30s<\/li>\n<li>Eli Iserbyt (Bel) + 32s<\/li>\n<li>Michael Vanthourenhout (Bel) + 52s<\/li>\n<li>Cl\u00e9ment Venturini (Fra) + 57s<\/li>\n<li>Toon Aerts (Bel) + 1:02<\/li>\n<li>Jens Adams (Bel) + 1:06<\/li>\n<li>Laurens Sweeck (Bel) + 1:16<\/li>\n<li>Kevin Kuhn (Sui) + 1:36<\/li>\n<li>Daan Soete (Bel) + 1:44<\/li>\n<\/ol>\n<h2><strong>Gute Besserung, Champion<\/strong><\/h2>\n<div class=\"embed-controller-wrapper\">\n<blockquote class=\"twitter-tweet\" data-width=\"500\" data-dnt=\"true\">\n<p lang=\"en\" dir=\"ltr\">The road to recovery starts with a \ud83d\udc4c<\/p>\n<p>We&#39;re so happy to share this from <a href=\"https:\/\/twitter.com\/Eganbernal?ref_src=twsrc%5Etfw\">@Eganbernal<\/a> \u2764\ufe0f <a href=\"https:\/\/t.co\/g8FMytzPg5\">pic.twitter.com\/g8FMytzPg5<\/a><\/p>\n<p>&mdash; INEOS Grenadiers (@INEOSGrenadiers) <a href=\"https:\/\/twitter.com\/INEOSGrenadiers\/status\/1487114247767273480?ref_src=twsrc%5Etfw\">January 28, 2022<\/a><\/p><\/blockquote>\n<p><script async data-src=\"https:\/\/platform.twitter.com\/widgets.js\" charset=\"utf-8\"><\/script><\/div>\n<h2><strong>Das dritte: Fahrrad<\/strong><\/h2>\n<div class=\"embed-controller-wrapper\">\n<blockquote class=\"twitter-tweet\" data-width=\"500\" data-dnt=\"true\">\n<p lang=\"en\" dir=\"ltr\">My sons first word &#8211; Mum.<br \/>My sons second word &#8211; Dog!!!<\/p>\n<p>FFS !!!! \ud83d\ude48<\/p>\n<p>&mdash; Luke Rowe (@LukeRowe1990) <a href=\"https:\/\/twitter.com\/LukeRowe1990\/status\/1486353534480232452?ref_src=twsrc%5Etfw\">January 26, 2022<\/a><\/p><\/blockquote>\n<p><script async data-src=\"https:\/\/platform.twitter.com\/widgets.js\" charset=\"utf-8\"><\/script><\/div>\n<h2><strong>Legend\u00e4r aussehend<\/strong><\/h2>\n<div class=\"embed-controller-wrapper\">\n<blockquote class=\"twitter-tweet\" data-width=\"500\" data-dnt=\"true\">\n<p lang=\"en\" dir=\"ltr\">Racing the sunset home \ud83e\udde1 <a href=\"https:\/\/twitter.com\/hashtag\/cycling?src=hash&amp;ref_src=twsrc%5Etfw\">#cycling<\/a> <a href=\"https:\/\/t.co\/ADrUm2iWbM\">pic.twitter.com\/ADrUm2iWbM<\/a><\/p>\n<p>&mdash; Chris Froome (@chrisfroome) <a href=\"https:\/\/twitter.com\/chrisfroome\/status\/1486815103685173258?ref_src=twsrc%5Etfw\">January 27, 2022<\/a><\/p><\/blockquote>\n<p><script async data-src=\"https:\/\/platform.twitter.com\/widgets.js\" charset=\"utf-8\"><\/script><\/div>\n<h2><strong>Fantastisch<\/strong><\/h2>\n<p>https:\/\/twitter.com\/_shanmoho\/status\/1486615097015300097<\/p>\n<h2><strong>Er war WAS?!<\/strong><\/h2>\n<div class=\"embed-controller-wrapper\">\n<blockquote class=\"twitter-tweet\" data-width=\"500\" data-dnt=\"true\">\n<p lang=\"en\" dir=\"ltr\">We wish @JumboVismaIce good luck at the Olympics!\ud83d\udcaa\ud83c\udffc<br \/>Here are 5 tips from our side\ud83d\ude1c<a href=\"https:\/\/twitter.com\/hashtag\/olympics?src=hash&amp;ref_src=twsrc%5Etfw\">#olympics<\/a> <a href=\"https:\/\/twitter.com\/hashtag\/Beijing2022?src=hash&amp;ref_src=twsrc%5Etfw\">#Beijing2022<\/a> <a href=\"https:\/\/t.co\/lCj1cimEJF\">pic.twitter.com\/lCj1cimEJF<\/a><\/p>\n<p>&mdash; Team Visma | Lease a Bike (@vismaleaseabike) <a href=\"https:\/\/twitter.com\/vismaleaseabike\/status\/1487025478703722501?ref_src=twsrc%5Etfw\">January 28, 2022<\/a><\/p><\/blockquote>\n<p><script async data-src=\"https:\/\/platform.twitter.com\/widgets.js\" charset=\"utf-8\"><\/script><\/div>\n","protected":false},"excerpt":{"rendered":"<p>Es ist wieder Montag und somit Zeit f\u00fcr Neuigkeiten aus der Radsportwelt! Hier ein \u00dcberblick, damit ihr auch nichts verpasst.<\/p>\n","protected":false},"author":115,"featured_media":10075,"comment_status":"open","ping_status":"open","sticky":false,"template":"","format":"standard","meta":{"footnotes":""},"categories":[1],"tags":[],"global-categories":[],"class_list":["post-10067","post","type-post","status-publish","format-standard","has-post-thumbnail","hentry","category-allgemein"],"yoast_head":"<!-- This site is optimized with the Yoast SEO Premium plugin v25.3 (Yoast SEO v25.9) - https:\/\/yoast.com\/wordpress\/plugins\/seo\/ -->\n<title>Pidcock and Vos Win Cyclocross World Titles - We Love Cycling Magazine<\/title>\n<meta name=\"description\" content=\"Es ist wieder Montag und somit Zeit f\u00fcr Neuigkeiten aus der Radsportwelt! Hier ein \u00dcberblick, damit ihr auch nichts verpasst.\" \/>\n<meta name=\"robots\" content=\"index, follow, max-snippet:-1, max-image-preview:large, max-video-preview:-1\" \/>\n<link rel=\"canonical\" href=\"https:\/\/www.welovecycling.com\/de\/2022\/01\/31\/pidcock-und-vos-gewinnen-cyclocross-weltmeistertitel-und-mehr-neuigkeiten-aus-der-radsportwelt\/\" \/>\n<meta property=\"og:locale\" content=\"de_DE\" \/>\n<meta property=\"og:type\" content=\"article\" \/>\n<meta property=\"og:title\" content=\"Pidcock und Vos gewinnen Cyclocross-Weltmeistertitel und mehr Neuigkeiten aus der Radsportwelt\" \/>\n<meta property=\"og:description\" content=\"Another Monday is here, and so is our news from the world of cycling. So, what did you miss?\" \/>\n<meta property=\"og:url\" content=\"https:\/\/www.welovecycling.com\/de\/2022\/01\/31\/pidcock-und-vos-gewinnen-cyclocross-weltmeistertitel-und-mehr-neuigkeiten-aus-der-radsportwelt\/\" \/>\n<meta property=\"og:site_name\" content=\"\u0160koda We Love Cycling - Deutschland\" \/>\n<meta property=\"article:published_time\" content=\"2022-01-31T14:20:26+00:00\" \/>\n<meta name=\"author\" content=\"jbraeker\" \/>\n<meta name=\"twitter:card\" content=\"summary_large_image\" \/>\n<meta name=\"twitter:image\" content=\"https:\/\/d2p6e6u75xmxt8.cloudfront.net\/10\/2022\/01\/Marianne-Vos-profimedia-0657539172-CVR-1.jpg\" \/>\n<meta name=\"twitter:label1\" content=\"Written by\" \/>\n\t<meta name=\"twitter:data1\" content=\"WeLoveCycling\" \/>\n\t<meta name=\"twitter:label2\" content=\"Est. reading time\" \/>\n\t<meta name=\"twitter:data2\" content=\"5\" \/>\n<script type=\"application\/ld+json\" class=\"yoast-schema-graph\">{\"@context\":\"https:\/\/schema.org\",\"@graph\":[{\"@type\":\"WebPage\",\"@id\":\"https:\/\/www.welovecycling.com\/de\/2022\/01\/31\/pidcock-und-vos-gewinnen-cyclocross-weltmeistertitel-und-mehr-neuigkeiten-aus-der-radsportwelt\/\",\"url\":\"https:\/\/www.welovecycling.com\/de\/2022\/01\/31\/pidcock-und-vos-gewinnen-cyclocross-weltmeistertitel-und-mehr-neuigkeiten-aus-der-radsportwelt\/\",\"name\":\"Pidcock and Vos Win Cyclocross World Titles - We Love Cycling Magazine\",\"isPartOf\":{\"@id\":\"https:\/\/www.welovecycling.com\/de\/#website\"},\"primaryImageOfPage\":{\"@id\":\"https:\/\/www.welovecycling.com\/de\/2022\/01\/31\/pidcock-und-vos-gewinnen-cyclocross-weltmeistertitel-und-mehr-neuigkeiten-aus-der-radsportwelt\/#primaryimage\"},\"image\":{\"@id\":\"https:\/\/www.welovecycling.com\/de\/2022\/01\/31\/pidcock-und-vos-gewinnen-cyclocross-weltmeistertitel-und-mehr-neuigkeiten-aus-der-radsportwelt\/#primaryimage\"},\"thumbnailUrl\":\"https:\/\/d2p6e6u75xmxt8.cloudfront.net\/10\/2022\/01\/Marianne-Vos-profimedia-0657539172-CVR-1.jpg\",\"datePublished\":\"2022-01-31T14:20:26+00:00\",\"author\":{\"@id\":\"https:\/\/www.welovecycling.com\/de\/#\/schema\/person\/915694b3c8d0de9019932587781ba6b3\"},\"description\":\"Es ist wieder Montag und somit Zeit f\u00fcr Neuigkeiten aus der Radsportwelt! Hier ein \u00dcberblick, damit ihr auch nichts verpasst.\",\"breadcrumb\":{\"@id\":\"https:\/\/www.welovecycling.com\/de\/2022\/01\/31\/pidcock-und-vos-gewinnen-cyclocross-weltmeistertitel-und-mehr-neuigkeiten-aus-der-radsportwelt\/#breadcrumb\"},\"inLanguage\":\"de-DE\",\"potentialAction\":[{\"@type\":\"ReadAction\",\"target\":[\"https:\/\/www.welovecycling.com\/de\/2022\/01\/31\/pidcock-und-vos-gewinnen-cyclocross-weltmeistertitel-und-mehr-neuigkeiten-aus-der-radsportwelt\/\"]}]},{\"@type\":\"ImageObject\",\"inLanguage\":\"de-DE\",\"@id\":\"https:\/\/www.welovecycling.com\/de\/2022\/01\/31\/pidcock-und-vos-gewinnen-cyclocross-weltmeistertitel-und-mehr-neuigkeiten-aus-der-radsportwelt\/#primaryimage\",\"url\":\"https:\/\/d2p6e6u75xmxt8.cloudfront.net\/10\/2022\/01\/Marianne-Vos-profimedia-0657539172-CVR-1.jpg\",\"contentUrl\":\"https:\/\/d2p6e6u75xmxt8.cloudfront.net\/10\/2022\/01\/Marianne-Vos-profimedia-0657539172-CVR-1.jpg\",\"width\":1377,\"height\":600,\"caption\":\"Marianne Vos\"},{\"@type\":\"BreadcrumbList\",\"@id\":\"https:\/\/www.welovecycling.com\/de\/2022\/01\/31\/pidcock-und-vos-gewinnen-cyclocross-weltmeistertitel-und-mehr-neuigkeiten-aus-der-radsportwelt\/#breadcrumb\",\"itemListElement\":[{\"@type\":\"ListItem\",\"position\":1,\"name\":\"Home\",\"item\":\"https:\/\/www.welovecycling.com\/de\/\"},{\"@type\":\"ListItem\",\"position\":2,\"name\":\"Pidcock und Vos gewinnen Cyclocross-Weltmeistertitel und mehr Neuigkeiten aus der Radsportwelt\"}]},{\"@type\":\"WebSite\",\"@id\":\"https:\/\/www.welovecycling.com\/de\/#website\",\"url\":\"https:\/\/www.welovecycling.com\/de\/\",\"name\":\"\u0160koda We Love Cycling - Deutschland\",\"description\":\"Just another \u0160koda WeLoveCycling Sites site\",\"potentialAction\":[{\"@type\":\"SearchAction\",\"target\":{\"@type\":\"EntryPoint\",\"urlTemplate\":\"https:\/\/www.welovecycling.com\/de\/?s={search_term_string}\"},\"query-input\":{\"@type\":\"PropertyValueSpecification\",\"valueRequired\":true,\"valueName\":\"search_term_string\"}}],\"inLanguage\":\"de-DE\"},{\"@type\":\"Person\",\"@id\":\"https:\/\/www.welovecycling.com\/de\/#\/schema\/person\/915694b3c8d0de9019932587781ba6b3\",\"name\":\"jbraeker\",\"image\":{\"@type\":\"ImageObject\",\"inLanguage\":\"de-DE\",\"@id\":\"https:\/\/www.welovecycling.com\/de\/#\/schema\/person\/image\/\",\"url\":\"https:\/\/secure.gravatar.com\/avatar\/8b4aea90e4535aae30b5b720249e5b723ae59fcf3d54757dd8b748d97b46d3c9?s=96&d=mm&r=g\",\"contentUrl\":\"https:\/\/secure.gravatar.com\/avatar\/8b4aea90e4535aae30b5b720249e5b723ae59fcf3d54757dd8b748d97b46d3c9?s=96&d=mm&r=g\",\"caption\":\"jbraeker\"},\"url\":\"https:\/\/www.welovecycling.com\/de\/author\/jbraeker\/\"}]}<\/script>\n<!-- \/ Yoast SEO Premium plugin. -->","yoast_head_json":{"title":"Pidcock and Vos Win Cyclocross World Titles - We Love Cycling Magazine","description":"Es ist wieder Montag und somit Zeit f\u00fcr Neuigkeiten aus der Radsportwelt! Hier ein \u00dcberblick, damit ihr auch nichts verpasst.","robots":{"index":"index","follow":"follow","max-snippet":"max-snippet:-1","max-image-preview":"max-image-preview:large","max-video-preview":"max-video-preview:-1"},"canonical":"https:\/\/www.welovecycling.com\/de\/2022\/01\/31\/pidcock-und-vos-gewinnen-cyclocross-weltmeistertitel-und-mehr-neuigkeiten-aus-der-radsportwelt\/","og_locale":"de_DE","og_type":"article","og_title":"Pidcock und Vos gewinnen Cyclocross-Weltmeistertitel und mehr Neuigkeiten aus der Radsportwelt","og_description":"Another Monday is here, and so is our news from the world of cycling. So, what did you miss?","og_url":"https:\/\/www.welovecycling.com\/de\/2022\/01\/31\/pidcock-und-vos-gewinnen-cyclocross-weltmeistertitel-und-mehr-neuigkeiten-aus-der-radsportwelt\/","og_site_name":"\u0160koda We Love Cycling - Deutschland","article_published_time":"2022-01-31T14:20:26+00:00","author":"jbraeker","twitter_card":"summary_large_image","twitter_image":"https:\/\/d2p6e6u75xmxt8.cloudfront.net\/10\/2022\/01\/Marianne-Vos-profimedia-0657539172-CVR-1.jpg","twitter_misc":{"Written by":"WeLoveCycling","Est. reading time":"5"},"schema":{"@context":"https:\/\/schema.org","@graph":[{"@type":"WebPage","@id":"https:\/\/www.welovecycling.com\/de\/2022\/01\/31\/pidcock-und-vos-gewinnen-cyclocross-weltmeistertitel-und-mehr-neuigkeiten-aus-der-radsportwelt\/","url":"https:\/\/www.welovecycling.com\/de\/2022\/01\/31\/pidcock-und-vos-gewinnen-cyclocross-weltmeistertitel-und-mehr-neuigkeiten-aus-der-radsportwelt\/","name":"Pidcock and Vos Win Cyclocross World Titles - We Love Cycling Magazine","isPartOf":{"@id":"https:\/\/www.welovecycling.com\/de\/#website"},"primaryImageOfPage":{"@id":"https:\/\/www.welovecycling.com\/de\/2022\/01\/31\/pidcock-und-vos-gewinnen-cyclocross-weltmeistertitel-und-mehr-neuigkeiten-aus-der-radsportwelt\/#primaryimage"},"image":{"@id":"https:\/\/www.welovecycling.com\/de\/2022\/01\/31\/pidcock-und-vos-gewinnen-cyclocross-weltmeistertitel-und-mehr-neuigkeiten-aus-der-radsportwelt\/#primaryimage"},"thumbnailUrl":"https:\/\/d2p6e6u75xmxt8.cloudfront.net\/10\/2022\/01\/Marianne-Vos-profimedia-0657539172-CVR-1.jpg","datePublished":"2022-01-31T14:20:26+00:00","author":{"@id":"https:\/\/www.welovecycling.com\/de\/#\/schema\/person\/915694b3c8d0de9019932587781ba6b3"},"description":"Es ist wieder Montag und somit Zeit f\u00fcr Neuigkeiten aus der Radsportwelt! Hier ein \u00dcberblick, damit ihr auch nichts verpasst.","breadcrumb":{"@id":"https:\/\/www.welovecycling.com\/de\/2022\/01\/31\/pidcock-und-vos-gewinnen-cyclocross-weltmeistertitel-und-mehr-neuigkeiten-aus-der-radsportwelt\/#breadcrumb"},"inLanguage":"de-DE","potentialAction":[{"@type":"ReadAction","target":["https:\/\/www.welovecycling.com\/de\/2022\/01\/31\/pidcock-und-vos-gewinnen-cyclocross-weltmeistertitel-und-mehr-neuigkeiten-aus-der-radsportwelt\/"]}]},{"@type":"ImageObject","inLanguage":"de-DE","@id":"https:\/\/www.welovecycling.com\/de\/2022\/01\/31\/pidcock-und-vos-gewinnen-cyclocross-weltmeistertitel-und-mehr-neuigkeiten-aus-der-radsportwelt\/#primaryimage","url":"https:\/\/d2p6e6u75xmxt8.cloudfront.net\/10\/2022\/01\/Marianne-Vos-profimedia-0657539172-CVR-1.jpg","contentUrl":"https:\/\/d2p6e6u75xmxt8.cloudfront.net\/10\/2022\/01\/Marianne-Vos-profimedia-0657539172-CVR-1.jpg","width":1377,"height":600,"caption":"Marianne Vos"},{"@type":"BreadcrumbList","@id":"https:\/\/www.welovecycling.com\/de\/2022\/01\/31\/pidcock-und-vos-gewinnen-cyclocross-weltmeistertitel-und-mehr-neuigkeiten-aus-der-radsportwelt\/#breadcrumb","itemListElement":[{"@type":"ListItem","position":1,"name":"Home","item":"https:\/\/www.welovecycling.com\/de\/"},{"@type":"ListItem","position":2,"name":"Pidcock und Vos gewinnen Cyclocross-Weltmeistertitel und mehr Neuigkeiten aus der Radsportwelt"}]},{"@type":"WebSite","@id":"https:\/\/www.welovecycling.com\/de\/#website","url":"https:\/\/www.welovecycling.com\/de\/","name":"\u0160koda We Love Cycling - Deutschland","description":"Just another \u0160koda WeLoveCycling Sites site","potentialAction":[{"@type":"SearchAction","target":{"@type":"EntryPoint","urlTemplate":"https:\/\/www.welovecycling.com\/de\/?s={search_term_string}"},"query-input":{"@type":"PropertyValueSpecification","valueRequired":true,"valueName":"search_term_string"}}],"inLanguage":"de-DE"},{"@type":"Person","@id":"https:\/\/www.welovecycling.com\/de\/#\/schema\/person\/915694b3c8d0de9019932587781ba6b3","name":"jbraeker","image":{"@type":"ImageObject","inLanguage":"de-DE","@id":"https:\/\/www.welovecycling.com\/de\/#\/schema\/person\/image\/","url":"https:\/\/secure.gravatar.com\/avatar\/8b4aea90e4535aae30b5b720249e5b723ae59fcf3d54757dd8b748d97b46d3c9?s=96&d=mm&r=g","contentUrl":"https:\/\/secure.gravatar.com\/avatar\/8b4aea90e4535aae30b5b720249e5b723ae59fcf3d54757dd8b748d97b46d3c9?s=96&d=mm&r=g","caption":"jbraeker"},"url":"https:\/\/www.welovecycling.com\/de\/author\/jbraeker\/"}]}},"_links":{"self":[{"href":"https:\/\/www.welovecycling.com\/de\/wp-json\/wp\/v2\/posts\/10067","targetHints":{"allow":["GET"]}}],"collection":[{"href":"https:\/\/www.welovecycling.com\/de\/wp-json\/wp\/v2\/posts"}],"about":[{"href":"https:\/\/www.welovecycling.com\/de\/wp-json\/wp\/v2\/types\/post"}],"author":[{"embeddable":true,"href":"https:\/\/www.welovecycling.com\/de\/wp-json\/wp\/v2\/users\/115"}],"replies":[{"embeddable":true,"href":"https:\/\/www.welovecycling.com\/de\/wp-json\/wp\/v2\/comments?post=10067"}],"version-history":[{"count":1,"href":"https:\/\/www.welovecycling.com\/de\/wp-json\/wp\/v2\/posts\/10067\/revisions"}],"predecessor-version":[{"id":10076,"href":"https:\/\/www.welovecycling.com\/de\/wp-json\/wp\/v2\/posts\/10067\/revisions\/10076"}],"wp:featuredmedia":[{"embeddable":true,"href":"https:\/\/www.welovecycling.com\/de\/wp-json\/wp\/v2\/media\/10075"}],"wp:attachment":[{"href":"https:\/\/www.welovecycling.com\/de\/wp-json\/wp\/v2\/media?parent=10067"}],"wp:term":[{"taxonomy":"category","embeddable":true,"href":"https:\/\/www.welovecycling.com\/de\/wp-json\/wp\/v2\/categories?post=10067"},{"taxonomy":"post_tag","embeddable":true,"href":"https:\/\/www.welovecycling.com\/de\/wp-json\/wp\/v2\/tags?post=10067"},{"taxonomy":"global-categories","embeddable":true,"href":"https:\/\/www.welovecycling.com\/de\/wp-json\/wp\/v2\/global-categories?post=10067"}],"curies":[{"name":"wp","href":"https:\/\/api.w.org\/{rel}","templated":true}]}}