{"id":10022,"date":"2022-01-24T12:25:48","date_gmt":"2022-01-24T11:25:48","guid":{"rendered":"https:\/\/www.welovecycling.com\/de\/?p=10022"},"modified":"2022-01-24T12:25:48","modified_gmt":"2022-01-24T11:25:48","slug":"brand-and-iserbyt-gewinnen-die-cyclocross-weltcup-serie-und-mehr-neuigkeiten-aus-der-radsportwelt","status":"publish","type":"post","link":"https:\/\/www.welovecycling.com\/de\/2022\/01\/24\/brand-and-iserbyt-gewinnen-die-cyclocross-weltcup-serie-und-mehr-neuigkeiten-aus-der-radsportwelt\/","title":{"rendered":"Brand and Iserbyt gewinnen die Cyclocross-Weltcup-Serie und mehr Neuigkeiten aus der Radsportwelt"},"content":{"rendered":"<p><strong>Es ist wieder Montag und somit Zeit f\u00fcr Neuigkeiten aus der Radsportwelt! Hier ein \u00dcberblick, damit ihr auch nichts verpasst.<\/strong><br \/>\n<!--more--><\/p>\n<h2><strong>Die Gewinner als Favoriten f\u00fcr die Weltmeisterschaften<\/strong><\/h2>\n<p>Lucinda Brand (Baloise-Trek Lions) und Eli Iserbyt (Pauwels Sauzen-Bingoal) haben die Gesamtserie des UCI-Cyclocross-Weltcups bei den Damen und Herren gewonnen. Brand wurde im letzten Rennen in Hoogerheide Zweite, Marianne Vos (Jumbo-Visma) konnte sie am Sonntag noch schlagen. Brand sammelte im Laufe der Saison 432 Punkte. Denise Betsema (Pauwels Sauzen-Bingoal) wurde mit einem R\u00fcckstand von 71 Punkten Zweite. Puck Pieterse (Alpecin-Fenix) wurde mit 82 Punkten R\u00fcckstand Gesamtdritte. Lucinda Brand gewann sechs Rennen und stand in sechs weiteren der 15 Rennen auf dem Podium.<\/p>\n<p>https:\/\/www.instagram.com\/p\/CZFUHJhMhAK\/<\/p>\n<p>Eli Iserbyt sicherte sich den Gesamttitel der Herren mit einem \u00fcberw\u00e4ltigenden Sieg in Hoogerheide. Er gewann 7 Rennen und stand in f\u00fcnf weiteren auf dem Podium. Am Ende sammelte er insgesamt 485 Punkte. Michael Vanthourenhout (Pauwels Sauzen &#8211; Bingoal) wurde mit 128 Punkten R\u00fcckstand Zweiter und der Drittplatzierte Toon Aerts (Baloise Trek Lions) hatte 137 Punkte R\u00fcckstand.<\/p>\n<figure id=\"attachment_10028\" aria-describedby=\"caption-attachment-10028\" style=\"width: 1250px\" class=\"wp-caption alignnone\"><img loading=\"lazy\" decoding=\"async\" class=\"size-full wp-image-10028\" src=\"https:\/\/d2p6e6u75xmxt8.cloudfront.net\/10\/2022\/01\/profimedia-0655676884.jpg\" alt=\"Eli Iserbyt\" width=\"1250\" height=\"902\" srcset=\"https:\/\/d2p6e6u75xmxt8.cloudfront.net\/10\/2022\/01\/profimedia-0655676884.jpg 1250w, https:\/\/d2p6e6u75xmxt8.cloudfront.net\/10\/2022\/01\/profimedia-0655676884-300x216.jpg 300w, https:\/\/d2p6e6u75xmxt8.cloudfront.net\/10\/2022\/01\/profimedia-0655676884-1024x739.jpg 1024w, https:\/\/d2p6e6u75xmxt8.cloudfront.net\/10\/2022\/01\/profimedia-0655676884-768x554.jpg 768w\" sizes=\"auto, (max-width: 1250px) 100vw, 1250px\" \/><figcaption id=\"caption-attachment-10028\" class=\"wp-caption-text\">Der Belgier Eli Iserbyt \u00fcberquert die Ziellinie und gewinnt den UCI Cyclocross Weltcup in Hoogerheide am 23. Januar. \u00a9 Profimedia<\/figcaption><\/figure>\n<p>&nbsp;<\/p>\n<p>Brand und Iserbyt geh\u00f6ren damit nat\u00fcrlich zu den Favoriten auf den Weltmeistertitel bei den UCI-Cyclocross-Meisterschaften in Fayetteville, Arkansas (vom 28. bis 31. Januar). Glaubt Ihr, dass sie den Wettbewerb f\u00fcr sich entscheiden werden? Oder gewinnt jemand anderen? Lasst es uns wissen!<\/p>\n<h2><strong>Bleiben Sie beim Radfahren!<\/strong><\/h2>\n<div class=\"embed-controller-wrapper\">\n<blockquote class=\"twitter-tweet\" data-width=\"500\" data-dnt=\"true\">\n<p lang=\"en\" dir=\"ltr\">Not taking up golf any time soon \ud83d\ude48 <a href=\"https:\/\/twitter.com\/rudybarbier75?ref_src=twsrc%5Etfw\">@rudybarbier75<\/a> <a href=\"https:\/\/t.co\/LCNVQtGtRy\">pic.twitter.com\/LCNVQtGtRy<\/a><\/p>\n<p>&mdash; Chris Froome (@chrisfroome) <a href=\"https:\/\/twitter.com\/chrisfroome\/status\/1483854891537907722?ref_src=twsrc%5Etfw\">January 19, 2022<\/a><\/p><\/blockquote>\n<p><script async data-src=\"https:\/\/platform.twitter.com\/widgets.js\" charset=\"utf-8\"><\/script><\/div>\n<h2><strong>Klassisch<\/strong><\/h2>\n<div class=\"embed-controller-wrapper\">\n<blockquote class=\"twitter-tweet\" data-width=\"500\" data-dnt=\"true\">\n<p lang=\"en\" dir=\"ltr\">Photobombing <a href=\"https:\/\/twitter.com\/cameronwurf?ref_src=twsrc%5Etfw\">@cameronwurf<\/a> to get the shot \ud83d\udc4c Great to be back in LA <a href=\"https:\/\/t.co\/s2EPs55VC2\">pic.twitter.com\/s2EPs55VC2<\/a><\/p>\n<p>&mdash; Geraint Thomas (@GeraintThomas86) <a href=\"https:\/\/twitter.com\/GeraintThomas86\/status\/1482734481433845764?ref_src=twsrc%5Etfw\">January 16, 2022<\/a><\/p><\/blockquote>\n<p><script async data-src=\"https:\/\/platform.twitter.com\/widgets.js\" charset=\"utf-8\"><\/script><\/div>\n<h2><strong>Gefl\u00fcgel-Kurs<\/strong><\/h2>\n<div class=\"embed-controller-wrapper\">\n<blockquote class=\"twitter-tweet\" data-width=\"500\" data-dnt=\"true\">\n<p lang=\"zxx\" dir=\"ltr\"><a href=\"https:\/\/t.co\/Kr2K1ynlqo\">pic.twitter.com\/Kr2K1ynlqo<\/a><\/p>\n<p>&mdash; Cycling out of context (@OutOfCycling) <a href=\"https:\/\/twitter.com\/OutOfCycling\/status\/1485224853351321603?ref_src=twsrc%5Etfw\">January 23, 2022<\/a><\/p><\/blockquote>\n<p><script async data-src=\"https:\/\/platform.twitter.com\/widgets.js\" charset=\"utf-8\"><\/script><\/div>\n<h2><strong>Schafs-Kurs<\/strong><\/h2>\n<div class=\"embed-controller-wrapper\">\n<blockquote class=\"twitter-tweet\" data-width=\"500\" data-dnt=\"true\">\n<p lang=\"en\" dir=\"ltr\">\u201cGuys, we have to hurry up a little bit\u201d <a href=\"https:\/\/twitter.com\/jakob_fuglsang?ref_src=twsrc%5Etfw\">@jakob_fuglsang<\/a>\u2019s TT victory was stolen today \ud83e\udd23 <a href=\"https:\/\/t.co\/uvKH1uuMVl\">pic.twitter.com\/uvKH1uuMVl<\/a><\/p>\n<p>&mdash; Israel \u2013 Premier Tech (@IsraelPremTech) <a href=\"https:\/\/twitter.com\/IsraelPremTech\/status\/1483054605474881536?ref_src=twsrc%5Etfw\">January 17, 2022<\/a><\/p><\/blockquote>\n<p><script async data-src=\"https:\/\/platform.twitter.com\/widgets.js\" charset=\"utf-8\"><\/script><\/div>\n<p>&nbsp;<\/p>\n","protected":false},"excerpt":{"rendered":"<p>Es ist wieder Montag und somit Zeit f\u00fcr Neuigkeiten aus der Radsportwelt! Hier ein \u00dcberblick, damit ihr auch nichts verpasst.<\/p>\n","protected":false},"author":115,"featured_media":10030,"comment_status":"open","ping_status":"open","sticky":false,"template":"","format":"standard","meta":{"footnotes":""},"categories":[1],"tags":[],"global-categories":[],"class_list":["post-10022","post","type-post","status-publish","format-standard","has-post-thumbnail","hentry","category-allgemein"],"yoast_head":"<!-- This site is optimized with the Yoast SEO Premium plugin v25.3 (Yoast SEO v25.9) - https:\/\/yoast.com\/wordpress\/plugins\/seo\/ -->\n<title>Brand, Iserbyt gewinnen die Cyclocross-Weltcup-Serie - We Love Cycling<\/title>\n<meta name=\"description\" content=\"Es ist wieder Montag und somit Zeit f\u00fcr Neuigkeiten aus der Radsportwelt! Hier ein \u00dcberblick, damit ihr auch nichts verpasst.\" \/>\n<meta name=\"robots\" content=\"index, follow, max-snippet:-1, max-image-preview:large, max-video-preview:-1\" \/>\n<link rel=\"canonical\" href=\"https:\/\/www.welovecycling.com\/de\/2022\/01\/24\/brand-and-iserbyt-gewinnen-die-cyclocross-weltcup-serie-und-mehr-neuigkeiten-aus-der-radsportwelt\/\" \/>\n<meta property=\"og:locale\" content=\"de_DE\" \/>\n<meta property=\"og:type\" content=\"article\" \/>\n<meta property=\"og:title\" content=\"Brand and Iserbyt gewinnen die Cyclocross-Weltcup-Serie und mehr Neuigkeiten aus der Radsportwelt\" \/>\n<meta property=\"og:description\" content=\"Es ist wieder Montag und somit Zeit f\u00fcr Neuigkeiten aus der Radsportwelt! Hier ein \u00dcberblick, damit ihr auch nichts verpasst.\" \/>\n<meta property=\"og:url\" content=\"https:\/\/www.welovecycling.com\/de\/2022\/01\/24\/brand-and-iserbyt-gewinnen-die-cyclocross-weltcup-serie-und-mehr-neuigkeiten-aus-der-radsportwelt\/\" \/>\n<meta property=\"og:site_name\" content=\"\u0160koda We Love Cycling - Deutschland\" \/>\n<meta property=\"article:published_time\" content=\"2022-01-24T11:25:48+00:00\" \/>\n<meta property=\"og:image\" content=\"https:\/\/d2p6e6u75xmxt8.cloudfront.net\/10\/2022\/01\/Lucinda-Brand-CVR-profimedia-0649448615.jpg\" \/>\n\t<meta property=\"og:image:width\" content=\"1366\" \/>\n\t<meta property=\"og:image:height\" content=\"600\" \/>\n\t<meta property=\"og:image:type\" content=\"image\/jpeg\" \/>\n<meta name=\"author\" content=\"jbraeker\" \/>\n<meta name=\"twitter:card\" content=\"summary_large_image\" \/>\n<meta name=\"twitter:label1\" content=\"Written by\" \/>\n\t<meta name=\"twitter:data1\" content=\"WeLoveCycling\" \/>\n\t<meta name=\"twitter:label2\" content=\"Est. reading time\" \/>\n\t<meta name=\"twitter:data2\" content=\"3\" \/>\n<script type=\"application\/ld+json\" class=\"yoast-schema-graph\">{\"@context\":\"https:\/\/schema.org\",\"@graph\":[{\"@type\":\"WebPage\",\"@id\":\"https:\/\/www.welovecycling.com\/de\/2022\/01\/24\/brand-and-iserbyt-gewinnen-die-cyclocross-weltcup-serie-und-mehr-neuigkeiten-aus-der-radsportwelt\/\",\"url\":\"https:\/\/www.welovecycling.com\/de\/2022\/01\/24\/brand-and-iserbyt-gewinnen-die-cyclocross-weltcup-serie-und-mehr-neuigkeiten-aus-der-radsportwelt\/\",\"name\":\"Brand, Iserbyt gewinnen die Cyclocross-Weltcup-Serie - We Love Cycling\",\"isPartOf\":{\"@id\":\"https:\/\/www.welovecycling.com\/de\/#website\"},\"primaryImageOfPage\":{\"@id\":\"https:\/\/www.welovecycling.com\/de\/2022\/01\/24\/brand-and-iserbyt-gewinnen-die-cyclocross-weltcup-serie-und-mehr-neuigkeiten-aus-der-radsportwelt\/#primaryimage\"},\"image\":{\"@id\":\"https:\/\/www.welovecycling.com\/de\/2022\/01\/24\/brand-and-iserbyt-gewinnen-die-cyclocross-weltcup-serie-und-mehr-neuigkeiten-aus-der-radsportwelt\/#primaryimage\"},\"thumbnailUrl\":\"https:\/\/d2p6e6u75xmxt8.cloudfront.net\/10\/2022\/01\/Lucinda-Brand-CVR-profimedia-0649448615.jpg\",\"datePublished\":\"2022-01-24T11:25:48+00:00\",\"author\":{\"@id\":\"https:\/\/www.welovecycling.com\/de\/#\/schema\/person\/915694b3c8d0de9019932587781ba6b3\"},\"description\":\"Es ist wieder Montag und somit Zeit f\u00fcr Neuigkeiten aus der Radsportwelt! Hier ein \u00dcberblick, damit ihr auch nichts verpasst.\",\"breadcrumb\":{\"@id\":\"https:\/\/www.welovecycling.com\/de\/2022\/01\/24\/brand-and-iserbyt-gewinnen-die-cyclocross-weltcup-serie-und-mehr-neuigkeiten-aus-der-radsportwelt\/#breadcrumb\"},\"inLanguage\":\"de-DE\",\"potentialAction\":[{\"@type\":\"ReadAction\",\"target\":[\"https:\/\/www.welovecycling.com\/de\/2022\/01\/24\/brand-and-iserbyt-gewinnen-die-cyclocross-weltcup-serie-und-mehr-neuigkeiten-aus-der-radsportwelt\/\"]}]},{\"@type\":\"ImageObject\",\"inLanguage\":\"de-DE\",\"@id\":\"https:\/\/www.welovecycling.com\/de\/2022\/01\/24\/brand-and-iserbyt-gewinnen-die-cyclocross-weltcup-serie-und-mehr-neuigkeiten-aus-der-radsportwelt\/#primaryimage\",\"url\":\"https:\/\/d2p6e6u75xmxt8.cloudfront.net\/10\/2022\/01\/Lucinda-Brand-CVR-profimedia-0649448615.jpg\",\"contentUrl\":\"https:\/\/d2p6e6u75xmxt8.cloudfront.net\/10\/2022\/01\/Lucinda-Brand-CVR-profimedia-0649448615.jpg\",\"width\":1366,\"height\":600,\"caption\":\"Lucinda Brand\"},{\"@type\":\"BreadcrumbList\",\"@id\":\"https:\/\/www.welovecycling.com\/de\/2022\/01\/24\/brand-and-iserbyt-gewinnen-die-cyclocross-weltcup-serie-und-mehr-neuigkeiten-aus-der-radsportwelt\/#breadcrumb\",\"itemListElement\":[{\"@type\":\"ListItem\",\"position\":1,\"name\":\"Home\",\"item\":\"https:\/\/www.welovecycling.com\/de\/\"},{\"@type\":\"ListItem\",\"position\":2,\"name\":\"Brand and Iserbyt gewinnen die Cyclocross-Weltcup-Serie und mehr Neuigkeiten aus der Radsportwelt\"}]},{\"@type\":\"WebSite\",\"@id\":\"https:\/\/www.welovecycling.com\/de\/#website\",\"url\":\"https:\/\/www.welovecycling.com\/de\/\",\"name\":\"\u0160koda We Love Cycling - Deutschland\",\"description\":\"Just another \u0160koda WeLoveCycling Sites site\",\"potentialAction\":[{\"@type\":\"SearchAction\",\"target\":{\"@type\":\"EntryPoint\",\"urlTemplate\":\"https:\/\/www.welovecycling.com\/de\/?s={search_term_string}\"},\"query-input\":{\"@type\":\"PropertyValueSpecification\",\"valueRequired\":true,\"valueName\":\"search_term_string\"}}],\"inLanguage\":\"de-DE\"},{\"@type\":\"Person\",\"@id\":\"https:\/\/www.welovecycling.com\/de\/#\/schema\/person\/915694b3c8d0de9019932587781ba6b3\",\"name\":\"jbraeker\",\"image\":{\"@type\":\"ImageObject\",\"inLanguage\":\"de-DE\",\"@id\":\"https:\/\/www.welovecycling.com\/de\/#\/schema\/person\/image\/\",\"url\":\"https:\/\/secure.gravatar.com\/avatar\/8b4aea90e4535aae30b5b720249e5b723ae59fcf3d54757dd8b748d97b46d3c9?s=96&d=mm&r=g\",\"contentUrl\":\"https:\/\/secure.gravatar.com\/avatar\/8b4aea90e4535aae30b5b720249e5b723ae59fcf3d54757dd8b748d97b46d3c9?s=96&d=mm&r=g\",\"caption\":\"jbraeker\"},\"url\":\"https:\/\/www.welovecycling.com\/de\/author\/jbraeker\/\"}]}<\/script>\n<!-- \/ Yoast SEO Premium plugin. -->","yoast_head_json":{"title":"Brand, Iserbyt gewinnen die Cyclocross-Weltcup-Serie - We Love Cycling","description":"Es ist wieder Montag und somit Zeit f\u00fcr Neuigkeiten aus der Radsportwelt! Hier ein \u00dcberblick, damit ihr auch nichts verpasst.","robots":{"index":"index","follow":"follow","max-snippet":"max-snippet:-1","max-image-preview":"max-image-preview:large","max-video-preview":"max-video-preview:-1"},"canonical":"https:\/\/www.welovecycling.com\/de\/2022\/01\/24\/brand-and-iserbyt-gewinnen-die-cyclocross-weltcup-serie-und-mehr-neuigkeiten-aus-der-radsportwelt\/","og_locale":"de_DE","og_type":"article","og_title":"Brand and Iserbyt gewinnen die Cyclocross-Weltcup-Serie und mehr Neuigkeiten aus der Radsportwelt","og_description":"Es ist wieder Montag und somit Zeit f\u00fcr Neuigkeiten aus der Radsportwelt! Hier ein \u00dcberblick, damit ihr auch nichts verpasst.","og_url":"https:\/\/www.welovecycling.com\/de\/2022\/01\/24\/brand-and-iserbyt-gewinnen-die-cyclocross-weltcup-serie-und-mehr-neuigkeiten-aus-der-radsportwelt\/","og_site_name":"\u0160koda We Love Cycling - Deutschland","article_published_time":"2022-01-24T11:25:48+00:00","og_image":[{"width":1366,"height":600,"url":"https:\/\/d2p6e6u75xmxt8.cloudfront.net\/10\/2022\/01\/Lucinda-Brand-CVR-profimedia-0649448615.jpg","type":"image\/jpeg"}],"author":"jbraeker","twitter_card":"summary_large_image","twitter_misc":{"Written by":"WeLoveCycling","Est. reading time":"3"},"schema":{"@context":"https:\/\/schema.org","@graph":[{"@type":"WebPage","@id":"https:\/\/www.welovecycling.com\/de\/2022\/01\/24\/brand-and-iserbyt-gewinnen-die-cyclocross-weltcup-serie-und-mehr-neuigkeiten-aus-der-radsportwelt\/","url":"https:\/\/www.welovecycling.com\/de\/2022\/01\/24\/brand-and-iserbyt-gewinnen-die-cyclocross-weltcup-serie-und-mehr-neuigkeiten-aus-der-radsportwelt\/","name":"Brand, Iserbyt gewinnen die Cyclocross-Weltcup-Serie - We Love Cycling","isPartOf":{"@id":"https:\/\/www.welovecycling.com\/de\/#website"},"primaryImageOfPage":{"@id":"https:\/\/www.welovecycling.com\/de\/2022\/01\/24\/brand-and-iserbyt-gewinnen-die-cyclocross-weltcup-serie-und-mehr-neuigkeiten-aus-der-radsportwelt\/#primaryimage"},"image":{"@id":"https:\/\/www.welovecycling.com\/de\/2022\/01\/24\/brand-and-iserbyt-gewinnen-die-cyclocross-weltcup-serie-und-mehr-neuigkeiten-aus-der-radsportwelt\/#primaryimage"},"thumbnailUrl":"https:\/\/d2p6e6u75xmxt8.cloudfront.net\/10\/2022\/01\/Lucinda-Brand-CVR-profimedia-0649448615.jpg","datePublished":"2022-01-24T11:25:48+00:00","author":{"@id":"https:\/\/www.welovecycling.com\/de\/#\/schema\/person\/915694b3c8d0de9019932587781ba6b3"},"description":"Es ist wieder Montag und somit Zeit f\u00fcr Neuigkeiten aus der Radsportwelt! Hier ein \u00dcberblick, damit ihr auch nichts verpasst.","breadcrumb":{"@id":"https:\/\/www.welovecycling.com\/de\/2022\/01\/24\/brand-and-iserbyt-gewinnen-die-cyclocross-weltcup-serie-und-mehr-neuigkeiten-aus-der-radsportwelt\/#breadcrumb"},"inLanguage":"de-DE","potentialAction":[{"@type":"ReadAction","target":["https:\/\/www.welovecycling.com\/de\/2022\/01\/24\/brand-and-iserbyt-gewinnen-die-cyclocross-weltcup-serie-und-mehr-neuigkeiten-aus-der-radsportwelt\/"]}]},{"@type":"ImageObject","inLanguage":"de-DE","@id":"https:\/\/www.welovecycling.com\/de\/2022\/01\/24\/brand-and-iserbyt-gewinnen-die-cyclocross-weltcup-serie-und-mehr-neuigkeiten-aus-der-radsportwelt\/#primaryimage","url":"https:\/\/d2p6e6u75xmxt8.cloudfront.net\/10\/2022\/01\/Lucinda-Brand-CVR-profimedia-0649448615.jpg","contentUrl":"https:\/\/d2p6e6u75xmxt8.cloudfront.net\/10\/2022\/01\/Lucinda-Brand-CVR-profimedia-0649448615.jpg","width":1366,"height":600,"caption":"Lucinda Brand"},{"@type":"BreadcrumbList","@id":"https:\/\/www.welovecycling.com\/de\/2022\/01\/24\/brand-and-iserbyt-gewinnen-die-cyclocross-weltcup-serie-und-mehr-neuigkeiten-aus-der-radsportwelt\/#breadcrumb","itemListElement":[{"@type":"ListItem","position":1,"name":"Home","item":"https:\/\/www.welovecycling.com\/de\/"},{"@type":"ListItem","position":2,"name":"Brand and Iserbyt gewinnen die Cyclocross-Weltcup-Serie und mehr Neuigkeiten aus der Radsportwelt"}]},{"@type":"WebSite","@id":"https:\/\/www.welovecycling.com\/de\/#website","url":"https:\/\/www.welovecycling.com\/de\/","name":"\u0160koda We Love Cycling - Deutschland","description":"Just another \u0160koda WeLoveCycling Sites site","potentialAction":[{"@type":"SearchAction","target":{"@type":"EntryPoint","urlTemplate":"https:\/\/www.welovecycling.com\/de\/?s={search_term_string}"},"query-input":{"@type":"PropertyValueSpecification","valueRequired":true,"valueName":"search_term_string"}}],"inLanguage":"de-DE"},{"@type":"Person","@id":"https:\/\/www.welovecycling.com\/de\/#\/schema\/person\/915694b3c8d0de9019932587781ba6b3","name":"jbraeker","image":{"@type":"ImageObject","inLanguage":"de-DE","@id":"https:\/\/www.welovecycling.com\/de\/#\/schema\/person\/image\/","url":"https:\/\/secure.gravatar.com\/avatar\/8b4aea90e4535aae30b5b720249e5b723ae59fcf3d54757dd8b748d97b46d3c9?s=96&d=mm&r=g","contentUrl":"https:\/\/secure.gravatar.com\/avatar\/8b4aea90e4535aae30b5b720249e5b723ae59fcf3d54757dd8b748d97b46d3c9?s=96&d=mm&r=g","caption":"jbraeker"},"url":"https:\/\/www.welovecycling.com\/de\/author\/jbraeker\/"}]}},"_links":{"self":[{"href":"https:\/\/www.welovecycling.com\/de\/wp-json\/wp\/v2\/posts\/10022","targetHints":{"allow":["GET"]}}],"collection":[{"href":"https:\/\/www.welovecycling.com\/de\/wp-json\/wp\/v2\/posts"}],"about":[{"href":"https:\/\/www.welovecycling.com\/de\/wp-json\/wp\/v2\/types\/post"}],"author":[{"embeddable":true,"href":"https:\/\/www.welovecycling.com\/de\/wp-json\/wp\/v2\/users\/115"}],"replies":[{"embeddable":true,"href":"https:\/\/www.welovecycling.com\/de\/wp-json\/wp\/v2\/comments?post=10022"}],"version-history":[{"count":2,"href":"https:\/\/www.welovecycling.com\/de\/wp-json\/wp\/v2\/posts\/10022\/revisions"}],"predecessor-version":[{"id":10031,"href":"https:\/\/www.welovecycling.com\/de\/wp-json\/wp\/v2\/posts\/10022\/revisions\/10031"}],"wp:featuredmedia":[{"embeddable":true,"href":"https:\/\/www.welovecycling.com\/de\/wp-json\/wp\/v2\/media\/10030"}],"wp:attachment":[{"href":"https:\/\/www.welovecycling.com\/de\/wp-json\/wp\/v2\/media?parent=10022"}],"wp:term":[{"taxonomy":"category","embeddable":true,"href":"https:\/\/www.welovecycling.com\/de\/wp-json\/wp\/v2\/categories?post=10022"},{"taxonomy":"post_tag","embeddable":true,"href":"https:\/\/www.welovecycling.com\/de\/wp-json\/wp\/v2\/tags?post=10022"},{"taxonomy":"global-categories","embeddable":true,"href":"https:\/\/www.welovecycling.com\/de\/wp-json\/wp\/v2\/global-categories?post=10022"}],"curies":[{"name":"wp","href":"https:\/\/api.w.org\/{rel}","templated":true}]}}