{"id":10016,"date":"2022-01-17T13:58:50","date_gmt":"2022-01-17T12:58:50","guid":{"rendered":"https:\/\/www.welovecycling.com\/de\/?p=10016"},"modified":"2022-01-17T13:58:50","modified_gmt":"2022-01-17T12:58:50","slug":"gilbert-zielt-in-seiner-letzten-saison-auf-mailand-san-remo-und-mehr-neuigkeiten-aus-der-radsportwelt","status":"publish","type":"post","link":"https:\/\/www.welovecycling.com\/de\/2022\/01\/17\/gilbert-zielt-in-seiner-letzten-saison-auf-mailand-san-remo-und-mehr-neuigkeiten-aus-der-radsportwelt\/","title":{"rendered":"Gilbert zielt in seiner letzten Saison auf Mailand-San Remo und mehr Neuigkeiten aus der Radsportwelt"},"content":{"rendered":"<p><strong>Es ist wieder Montag und somit Zeit f\u00fcr Neuigkeiten aus der Radsportwelt! Hier ein \u00dcberblick, damit ihr auch nichts verpasst.<\/strong><\/p>\n<p><!--more--><\/p>\n<h2><strong>Gilberts Finale<\/strong><\/h2>\n<p>Der 39-J\u00e4hrige war in den vergangenen zwei Jahrzehnten auf der Strecke pr\u00e4sent und hat dabei vier von f\u00fcnf Monumenten gewonnen. Philippe Gilbert gewann die Lombardei zuerst in 2009, dann erneut in 2010. Es folgte L\u00fcttich-Bastogne-L\u00fcttich im Jahr 2011, bevor er sechs weitere Jahre warten musste, um in 2017 endlich die Flandern-Rundfahrt zu gewinnen. Der Triumph bei Paris-Roubaix in 2019 brachte ihn dann bis auf einen Schlag an den kompletten Satz heran. Ein Kunstst\u00fcck, das bisher nur Eddy Merckx, Roger De Vlaeminck und Rik Van Looy gelungen ist. In seiner letzten Saison wird er nun das letzte der f\u00fcnf Monumente anstreben.<\/p>\n<p>&#8222;Ich werde den fehlenden Sieg in Mailand-San Remo anstreben&#8220;, sagte Gilbert gegen\u00fcber RTBF, &#8222;denn ich wei\u00df, wie besonders ein Sieg in San Remo ist. Das gibt meiner Karriere eine zus\u00e4tzliche Dimension. Aber ich konzentriere mich nicht nur auf dieses Rennen. Ich wei\u00df, wie schwierig es ist, dort zu gewinnen.<\/p>\n<p>&#8222;Ich bin sehr motiviert, meine Karriere auf eine positive Weise zu beenden. Es ist sch\u00f6n, all die Rennen, in denen ich so viele gute Momente hatte, noch einmal fahren zu k\u00f6nnen. Wenn ich sehe, wie hart wir mit dem ganzen Team und allen drum herum gearbeitet haben, denke ich, dass wir eine sehr sch\u00f6ne Fr\u00fchjahrssaison haben werden.&#8220;<\/p>\n<p>Wir w\u00fcnschen dir viel Gl\u00fcck f\u00fcr deine letzte Saison, Philippe!<\/p>\n<h2><strong>Liebe<\/strong><\/h2>\n<p>https:\/\/www.instagram.com\/p\/CYrIJJvvnUy\/<\/p>\n<h2><strong>Herzlichen Gl\u00fcckwunsch!<\/strong><\/h2>\n<div class=\"embed-controller-wrapper\">\n<blockquote class=\"twitter-tweet\" data-width=\"500\" data-dnt=\"true\">\n<p lang=\"en\" dir=\"ltr\">Did a thing<br \/>Bought a ring<br \/>Just enough bling<br \/>Chanel liked it <a href=\"https:\/\/t.co\/KKsfps2Z9f\">pic.twitter.com\/KKsfps2Z9f<\/a><\/p>\n<p>&mdash; Alex Dowsett (@alexdowsett) <a href=\"https:\/\/twitter.com\/alexdowsett\/status\/1481351562089930762?ref_src=twsrc%5Etfw\">January 12, 2022<\/a><\/p><\/blockquote>\n<p><script async data-src=\"https:\/\/platform.twitter.com\/widgets.js\" charset=\"utf-8\"><\/script><\/div>\n<h2><strong>Legende<\/strong><\/h2>\n<div class=\"embed-controller-wrapper\">\n<blockquote class=\"twitter-tweet\" data-width=\"500\" data-dnt=\"true\">\n<p lang=\"en\" dir=\"ltr\">Thank you for your time. You my day<\/p>\n<p>&mdash; Daryl Impey (@darylimpey) <a href=\"https:\/\/twitter.com\/darylimpey\/status\/1481737697614049291?ref_src=twsrc%5Etfw\">January 13, 2022<\/a><\/p><\/blockquote>\n<p><script async data-src=\"https:\/\/platform.twitter.com\/widgets.js\" charset=\"utf-8\"><\/script><\/div>\n","protected":false},"excerpt":{"rendered":"<p>Es ist wieder Montag und somit Zeit f\u00fcr Neuigkeiten aus der Radsportwelt! Hier ein \u00dcberblick, damit ihr auch nichts verpasst.<\/p>\n","protected":false},"author":115,"featured_media":10020,"comment_status":"open","ping_status":"open","sticky":false,"template":"","format":"standard","meta":{"footnotes":""},"categories":[1],"tags":[],"global-categories":[],"class_list":["post-10016","post","type-post","status-publish","format-standard","has-post-thumbnail","hentry","category-allgemein"],"yoast_head":"<!-- This site is optimized with the Yoast SEO Premium plugin v25.3 (Yoast SEO v25.9) - https:\/\/yoast.com\/wordpress\/plugins\/seo\/ -->\n<title>Gilbert to Target Milan-San Remo in Final Season - We Love Cycling<\/title>\n<meta name=\"description\" content=\"Es ist wieder Montag und somit Zeit f\u00fcr Neuigkeiten aus der Radsportwelt! Hier ein \u00dcberblick, damit ihr auch nichts verpasst.\" \/>\n<meta name=\"robots\" content=\"index, follow, max-snippet:-1, max-image-preview:large, max-video-preview:-1\" \/>\n<link rel=\"canonical\" href=\"https:\/\/www.welovecycling.com\/de\/2022\/01\/17\/gilbert-zielt-in-seiner-letzten-saison-auf-mailand-san-remo-und-mehr-neuigkeiten-aus-der-radsportwelt\/\" \/>\n<meta property=\"og:locale\" content=\"de_DE\" \/>\n<meta property=\"og:type\" content=\"article\" \/>\n<meta property=\"og:title\" content=\"Gilbert zielt in seiner letzten Saison auf Mailand-San Remo und mehr Neuigkeiten aus der Radsportwelt\" \/>\n<meta property=\"og:description\" content=\"Es ist wieder Montag und somit Zeit f\u00fcr Neuigkeiten aus der Radsportwelt! Hier ein \u00dcberblick, damit ihr auch nichts verpasst.\" \/>\n<meta property=\"og:url\" content=\"https:\/\/www.welovecycling.com\/de\/2022\/01\/17\/gilbert-zielt-in-seiner-letzten-saison-auf-mailand-san-remo-und-mehr-neuigkeiten-aus-der-radsportwelt\/\" \/>\n<meta property=\"og:site_name\" content=\"\u0160koda We Love Cycling - Deutschland\" \/>\n<meta property=\"article:published_time\" content=\"2022-01-17T12:58:50+00:00\" \/>\n<meta property=\"og:image\" content=\"https:\/\/d2p6e6u75xmxt8.cloudfront.net\/10\/2022\/01\/Philippe-Gilbert-profimedia-0653224186-CVR.jpg\" \/>\n\t<meta property=\"og:image:width\" content=\"1366\" \/>\n\t<meta property=\"og:image:height\" content=\"600\" \/>\n\t<meta property=\"og:image:type\" content=\"image\/jpeg\" \/>\n<meta name=\"author\" content=\"jbraeker\" \/>\n<meta name=\"twitter:card\" content=\"summary_large_image\" \/>\n<meta name=\"twitter:label1\" content=\"Written by\" \/>\n\t<meta name=\"twitter:data1\" content=\"WeLoveCycling\" \/>\n\t<meta name=\"twitter:label2\" content=\"Est. reading time\" \/>\n\t<meta name=\"twitter:data2\" content=\"4\" \/>\n<script type=\"application\/ld+json\" class=\"yoast-schema-graph\">{\"@context\":\"https:\/\/schema.org\",\"@graph\":[{\"@type\":\"WebPage\",\"@id\":\"https:\/\/www.welovecycling.com\/de\/2022\/01\/17\/gilbert-zielt-in-seiner-letzten-saison-auf-mailand-san-remo-und-mehr-neuigkeiten-aus-der-radsportwelt\/\",\"url\":\"https:\/\/www.welovecycling.com\/de\/2022\/01\/17\/gilbert-zielt-in-seiner-letzten-saison-auf-mailand-san-remo-und-mehr-neuigkeiten-aus-der-radsportwelt\/\",\"name\":\"Gilbert to Target Milan-San Remo in Final Season - We Love Cycling\",\"isPartOf\":{\"@id\":\"https:\/\/www.welovecycling.com\/de\/#website\"},\"primaryImageOfPage\":{\"@id\":\"https:\/\/www.welovecycling.com\/de\/2022\/01\/17\/gilbert-zielt-in-seiner-letzten-saison-auf-mailand-san-remo-und-mehr-neuigkeiten-aus-der-radsportwelt\/#primaryimage\"},\"image\":{\"@id\":\"https:\/\/www.welovecycling.com\/de\/2022\/01\/17\/gilbert-zielt-in-seiner-letzten-saison-auf-mailand-san-remo-und-mehr-neuigkeiten-aus-der-radsportwelt\/#primaryimage\"},\"thumbnailUrl\":\"https:\/\/d2p6e6u75xmxt8.cloudfront.net\/10\/2022\/01\/Philippe-Gilbert-profimedia-0653224186-CVR.jpg\",\"datePublished\":\"2022-01-17T12:58:50+00:00\",\"author\":{\"@id\":\"https:\/\/www.welovecycling.com\/de\/#\/schema\/person\/915694b3c8d0de9019932587781ba6b3\"},\"description\":\"Es ist wieder Montag und somit Zeit f\u00fcr Neuigkeiten aus der Radsportwelt! Hier ein \u00dcberblick, damit ihr auch nichts verpasst.\",\"breadcrumb\":{\"@id\":\"https:\/\/www.welovecycling.com\/de\/2022\/01\/17\/gilbert-zielt-in-seiner-letzten-saison-auf-mailand-san-remo-und-mehr-neuigkeiten-aus-der-radsportwelt\/#breadcrumb\"},\"inLanguage\":\"de-DE\",\"potentialAction\":[{\"@type\":\"ReadAction\",\"target\":[\"https:\/\/www.welovecycling.com\/de\/2022\/01\/17\/gilbert-zielt-in-seiner-letzten-saison-auf-mailand-san-remo-und-mehr-neuigkeiten-aus-der-radsportwelt\/\"]}]},{\"@type\":\"ImageObject\",\"inLanguage\":\"de-DE\",\"@id\":\"https:\/\/www.welovecycling.com\/de\/2022\/01\/17\/gilbert-zielt-in-seiner-letzten-saison-auf-mailand-san-remo-und-mehr-neuigkeiten-aus-der-radsportwelt\/#primaryimage\",\"url\":\"https:\/\/d2p6e6u75xmxt8.cloudfront.net\/10\/2022\/01\/Philippe-Gilbert-profimedia-0653224186-CVR.jpg\",\"contentUrl\":\"https:\/\/d2p6e6u75xmxt8.cloudfront.net\/10\/2022\/01\/Philippe-Gilbert-profimedia-0653224186-CVR.jpg\",\"width\":1366,\"height\":600,\"caption\":\"Philippe Gilbert\"},{\"@type\":\"BreadcrumbList\",\"@id\":\"https:\/\/www.welovecycling.com\/de\/2022\/01\/17\/gilbert-zielt-in-seiner-letzten-saison-auf-mailand-san-remo-und-mehr-neuigkeiten-aus-der-radsportwelt\/#breadcrumb\",\"itemListElement\":[{\"@type\":\"ListItem\",\"position\":1,\"name\":\"Home\",\"item\":\"https:\/\/www.welovecycling.com\/de\/\"},{\"@type\":\"ListItem\",\"position\":2,\"name\":\"Gilbert zielt in seiner letzten Saison auf Mailand-San Remo und mehr Neuigkeiten aus der Radsportwelt\"}]},{\"@type\":\"WebSite\",\"@id\":\"https:\/\/www.welovecycling.com\/de\/#website\",\"url\":\"https:\/\/www.welovecycling.com\/de\/\",\"name\":\"\u0160koda We Love Cycling - Deutschland\",\"description\":\"Just another \u0160koda WeLoveCycling Sites site\",\"potentialAction\":[{\"@type\":\"SearchAction\",\"target\":{\"@type\":\"EntryPoint\",\"urlTemplate\":\"https:\/\/www.welovecycling.com\/de\/?s={search_term_string}\"},\"query-input\":{\"@type\":\"PropertyValueSpecification\",\"valueRequired\":true,\"valueName\":\"search_term_string\"}}],\"inLanguage\":\"de-DE\"},{\"@type\":\"Person\",\"@id\":\"https:\/\/www.welovecycling.com\/de\/#\/schema\/person\/915694b3c8d0de9019932587781ba6b3\",\"name\":\"jbraeker\",\"image\":{\"@type\":\"ImageObject\",\"inLanguage\":\"de-DE\",\"@id\":\"https:\/\/www.welovecycling.com\/de\/#\/schema\/person\/image\/\",\"url\":\"https:\/\/secure.gravatar.com\/avatar\/8b4aea90e4535aae30b5b720249e5b723ae59fcf3d54757dd8b748d97b46d3c9?s=96&d=mm&r=g\",\"contentUrl\":\"https:\/\/secure.gravatar.com\/avatar\/8b4aea90e4535aae30b5b720249e5b723ae59fcf3d54757dd8b748d97b46d3c9?s=96&d=mm&r=g\",\"caption\":\"jbraeker\"},\"url\":\"https:\/\/www.welovecycling.com\/de\/author\/jbraeker\/\"}]}<\/script>\n<!-- \/ Yoast SEO Premium plugin. -->","yoast_head_json":{"title":"Gilbert to Target Milan-San Remo in Final Season - We Love Cycling","description":"Es ist wieder Montag und somit Zeit f\u00fcr Neuigkeiten aus der Radsportwelt! Hier ein \u00dcberblick, damit ihr auch nichts verpasst.","robots":{"index":"index","follow":"follow","max-snippet":"max-snippet:-1","max-image-preview":"max-image-preview:large","max-video-preview":"max-video-preview:-1"},"canonical":"https:\/\/www.welovecycling.com\/de\/2022\/01\/17\/gilbert-zielt-in-seiner-letzten-saison-auf-mailand-san-remo-und-mehr-neuigkeiten-aus-der-radsportwelt\/","og_locale":"de_DE","og_type":"article","og_title":"Gilbert zielt in seiner letzten Saison auf Mailand-San Remo und mehr Neuigkeiten aus der Radsportwelt","og_description":"Es ist wieder Montag und somit Zeit f\u00fcr Neuigkeiten aus der Radsportwelt! Hier ein \u00dcberblick, damit ihr auch nichts verpasst.","og_url":"https:\/\/www.welovecycling.com\/de\/2022\/01\/17\/gilbert-zielt-in-seiner-letzten-saison-auf-mailand-san-remo-und-mehr-neuigkeiten-aus-der-radsportwelt\/","og_site_name":"\u0160koda We Love Cycling - Deutschland","article_published_time":"2022-01-17T12:58:50+00:00","og_image":[{"width":1366,"height":600,"url":"https:\/\/d2p6e6u75xmxt8.cloudfront.net\/10\/2022\/01\/Philippe-Gilbert-profimedia-0653224186-CVR.jpg","type":"image\/jpeg"}],"author":"jbraeker","twitter_card":"summary_large_image","twitter_misc":{"Written by":"WeLoveCycling","Est. reading time":"4"},"schema":{"@context":"https:\/\/schema.org","@graph":[{"@type":"WebPage","@id":"https:\/\/www.welovecycling.com\/de\/2022\/01\/17\/gilbert-zielt-in-seiner-letzten-saison-auf-mailand-san-remo-und-mehr-neuigkeiten-aus-der-radsportwelt\/","url":"https:\/\/www.welovecycling.com\/de\/2022\/01\/17\/gilbert-zielt-in-seiner-letzten-saison-auf-mailand-san-remo-und-mehr-neuigkeiten-aus-der-radsportwelt\/","name":"Gilbert to Target Milan-San Remo in Final Season - We Love Cycling","isPartOf":{"@id":"https:\/\/www.welovecycling.com\/de\/#website"},"primaryImageOfPage":{"@id":"https:\/\/www.welovecycling.com\/de\/2022\/01\/17\/gilbert-zielt-in-seiner-letzten-saison-auf-mailand-san-remo-und-mehr-neuigkeiten-aus-der-radsportwelt\/#primaryimage"},"image":{"@id":"https:\/\/www.welovecycling.com\/de\/2022\/01\/17\/gilbert-zielt-in-seiner-letzten-saison-auf-mailand-san-remo-und-mehr-neuigkeiten-aus-der-radsportwelt\/#primaryimage"},"thumbnailUrl":"https:\/\/d2p6e6u75xmxt8.cloudfront.net\/10\/2022\/01\/Philippe-Gilbert-profimedia-0653224186-CVR.jpg","datePublished":"2022-01-17T12:58:50+00:00","author":{"@id":"https:\/\/www.welovecycling.com\/de\/#\/schema\/person\/915694b3c8d0de9019932587781ba6b3"},"description":"Es ist wieder Montag und somit Zeit f\u00fcr Neuigkeiten aus der Radsportwelt! Hier ein \u00dcberblick, damit ihr auch nichts verpasst.","breadcrumb":{"@id":"https:\/\/www.welovecycling.com\/de\/2022\/01\/17\/gilbert-zielt-in-seiner-letzten-saison-auf-mailand-san-remo-und-mehr-neuigkeiten-aus-der-radsportwelt\/#breadcrumb"},"inLanguage":"de-DE","potentialAction":[{"@type":"ReadAction","target":["https:\/\/www.welovecycling.com\/de\/2022\/01\/17\/gilbert-zielt-in-seiner-letzten-saison-auf-mailand-san-remo-und-mehr-neuigkeiten-aus-der-radsportwelt\/"]}]},{"@type":"ImageObject","inLanguage":"de-DE","@id":"https:\/\/www.welovecycling.com\/de\/2022\/01\/17\/gilbert-zielt-in-seiner-letzten-saison-auf-mailand-san-remo-und-mehr-neuigkeiten-aus-der-radsportwelt\/#primaryimage","url":"https:\/\/d2p6e6u75xmxt8.cloudfront.net\/10\/2022\/01\/Philippe-Gilbert-profimedia-0653224186-CVR.jpg","contentUrl":"https:\/\/d2p6e6u75xmxt8.cloudfront.net\/10\/2022\/01\/Philippe-Gilbert-profimedia-0653224186-CVR.jpg","width":1366,"height":600,"caption":"Philippe Gilbert"},{"@type":"BreadcrumbList","@id":"https:\/\/www.welovecycling.com\/de\/2022\/01\/17\/gilbert-zielt-in-seiner-letzten-saison-auf-mailand-san-remo-und-mehr-neuigkeiten-aus-der-radsportwelt\/#breadcrumb","itemListElement":[{"@type":"ListItem","position":1,"name":"Home","item":"https:\/\/www.welovecycling.com\/de\/"},{"@type":"ListItem","position":2,"name":"Gilbert zielt in seiner letzten Saison auf Mailand-San Remo und mehr Neuigkeiten aus der Radsportwelt"}]},{"@type":"WebSite","@id":"https:\/\/www.welovecycling.com\/de\/#website","url":"https:\/\/www.welovecycling.com\/de\/","name":"\u0160koda We Love Cycling - Deutschland","description":"Just another \u0160koda WeLoveCycling Sites site","potentialAction":[{"@type":"SearchAction","target":{"@type":"EntryPoint","urlTemplate":"https:\/\/www.welovecycling.com\/de\/?s={search_term_string}"},"query-input":{"@type":"PropertyValueSpecification","valueRequired":true,"valueName":"search_term_string"}}],"inLanguage":"de-DE"},{"@type":"Person","@id":"https:\/\/www.welovecycling.com\/de\/#\/schema\/person\/915694b3c8d0de9019932587781ba6b3","name":"jbraeker","image":{"@type":"ImageObject","inLanguage":"de-DE","@id":"https:\/\/www.welovecycling.com\/de\/#\/schema\/person\/image\/","url":"https:\/\/secure.gravatar.com\/avatar\/8b4aea90e4535aae30b5b720249e5b723ae59fcf3d54757dd8b748d97b46d3c9?s=96&d=mm&r=g","contentUrl":"https:\/\/secure.gravatar.com\/avatar\/8b4aea90e4535aae30b5b720249e5b723ae59fcf3d54757dd8b748d97b46d3c9?s=96&d=mm&r=g","caption":"jbraeker"},"url":"https:\/\/www.welovecycling.com\/de\/author\/jbraeker\/"}]}},"_links":{"self":[{"href":"https:\/\/www.welovecycling.com\/de\/wp-json\/wp\/v2\/posts\/10016","targetHints":{"allow":["GET"]}}],"collection":[{"href":"https:\/\/www.welovecycling.com\/de\/wp-json\/wp\/v2\/posts"}],"about":[{"href":"https:\/\/www.welovecycling.com\/de\/wp-json\/wp\/v2\/types\/post"}],"author":[{"embeddable":true,"href":"https:\/\/www.welovecycling.com\/de\/wp-json\/wp\/v2\/users\/115"}],"replies":[{"embeddable":true,"href":"https:\/\/www.welovecycling.com\/de\/wp-json\/wp\/v2\/comments?post=10016"}],"version-history":[{"count":1,"href":"https:\/\/www.welovecycling.com\/de\/wp-json\/wp\/v2\/posts\/10016\/revisions"}],"predecessor-version":[{"id":10021,"href":"https:\/\/www.welovecycling.com\/de\/wp-json\/wp\/v2\/posts\/10016\/revisions\/10021"}],"wp:featuredmedia":[{"embeddable":true,"href":"https:\/\/www.welovecycling.com\/de\/wp-json\/wp\/v2\/media\/10020"}],"wp:attachment":[{"href":"https:\/\/www.welovecycling.com\/de\/wp-json\/wp\/v2\/media?parent=10016"}],"wp:term":[{"taxonomy":"category","embeddable":true,"href":"https:\/\/www.welovecycling.com\/de\/wp-json\/wp\/v2\/categories?post=10016"},{"taxonomy":"post_tag","embeddable":true,"href":"https:\/\/www.welovecycling.com\/de\/wp-json\/wp\/v2\/tags?post=10016"},{"taxonomy":"global-categories","embeddable":true,"href":"https:\/\/www.welovecycling.com\/de\/wp-json\/wp\/v2\/global-categories?post=10016"}],"curies":[{"name":"wp","href":"https:\/\/api.w.org\/{rel}","templated":true}]}}