{"id":9985,"date":"2020-09-28T16:30:05","date_gmt":"2020-09-28T14:30:05","guid":{"rendered":"https:\/\/www.welovecycling.com\/cs\/?p=9985"},"modified":"2020-09-28T16:15:06","modified_gmt":"2020-09-28T14:15:06","slug":"francouzsky-bojovnik-julian-alaphilippe-dosahl-na-vysnenou-duhu","status":"publish","type":"post","link":"https:\/\/www.welovecycling.com\/cs\/2020\/09\/28\/francouzsky-bojovnik-julian-alaphilippe-dosahl-na-vysnenou-duhu\/","title":{"rendered":"Francouzsk\u00fd bojovn\u00edk Julian Alaphilippe dos\u00e1hl na vysn\u011bnou duhu"},"content":{"rendered":"<p><strong>Vloni do posledn\u00ed chv\u00edle \u017eivil sen na \u017elut\u00fd dres na Tour de France, ale nakonec mu nebylo souzeno a skon\u010dil celkov\u011b p\u00e1t\u00fd. Letos Francouz Julian Alaphilippe na Grand Boucle vyhr\u00e1l hned na za\u010d\u00e1tku jednu etapu, chodil d\u00e1l ne\u00fanavn\u011b do \u00fanik\u016f, bojoval jako lev, ale dal\u0161\u00ed z\u00e1\u0159ez u\u017e nep\u0159idal.\u00a0<\/strong><strong>Nen\u00ed tak siln\u00fd jako vloni, oz\u00fdvaly se hlasy expert\u016f. T\u00fdden po skon\u010den\u00ed Tour se stal v Imole mistrem sv\u011bta a a\u017e do \u0161ampion\u00e1tu v roce 2021 bude vozit duhov\u00fd dres.<\/strong><\/p>\n<p>\u201eTohle se ned\u00e1 srovnat s ni\u010d\u00edm jin\u00fdm,\u201c p\u0159iznal 28let\u00fd z\u00e1vodn\u00edk belgick\u00e9 st\u00e1je Deceuninck Quick Step. \u201ePoka\u017ed\u00e9, kdy\u017e vyhrajete n\u011bjak\u00fd velk\u00fd z\u00e1vod, za\u017e\u00edv\u00e1te neskute\u010dn\u00fd p\u0159\u00edval emoc\u00ed. Ale duhov\u00fd dres, to je meta, o kter\u00e9 ka\u017ed\u00fd cyklista sn\u00ed. A pro m\u011b byl tohle sen cel\u00e9 dosavadn\u00ed kari\u00e9ry,\u201c prozradil Alaphilippe.<\/p>\n<h2><strong>P\u011bt etap na Tour, Strade Bianche i dal\u0161\u00ed klasiky<\/strong><\/h2>\n<p>Je to borec, kter\u00fd vyhr\u00e1l p\u011bt etap na Tour de France, slavn\u00e9 klasiky jako Mil\u00e1n-San Remo, Strade Bianche, Valonsk\u00fd \u0161\u00edp nebo Cl\u00e1sicu San Sebastian. Ale titul mistra sv\u011bta v\u0161echno tohle p\u0159ebije. \u201eNeskute\u010dn\u00e9,\u201c kroutil hlavou je\u0161t\u011b n\u011bkolik hodin pot\u00e9, co v\u00edce ne\u017e po \u0161esti a p\u016fl hodin\u00e1ch projel osamocen\u00fd c\u00edlem na slavn\u00e9m okruhu formule 1.<\/p>\n<div class=\"shortcode-ys-post-pinup\"><article class=\"loop-simple post-9968 post type-post status-publish format-standard has-post-thumbnail hentry category-horska-cyklistika tag-ondrej-cink tag-sp-nove-mesto-na-morave tag-svetovy-pohar tag-svetovy-pohar-cross-country global-categories-cycling\" data-postid=\"9968\" role=\"article\" data-post-id=\"9968\" data-word-count=\"587\" data-headline-length=\"64\" data-category=\"Horsk\u00e1 cyklistika\" data-global-category=\"Cycling\" data-author=\"Radek Malina\" data-published=\"2020-09-27T18:00:22+02:00\" data-published-day=\"Sunday\">\n    <div class=\"entry-thumbnail article-thumbnail\" content=\"https:\/\/d2p6e6u75xmxt8.cloudfront.net\/13\/2020\/07\/wlc-cink-pec-detail-\u010derven\u00fd-150x150.webp\"><a href=\"https:\/\/www.welovecycling.com\/cs\/2020\/09\/27\/zenac-cink-snad-se-telo-probudi-chci-na-stupne-vitezu\/\" class=\"image-holder\" target=\"_self\"><img decoding=\"async\" loading=\"lazy\" class=\"\" src=\"https:\/\/d2p6e6u75xmxt8.cloudfront.net\/13\/2020\/07\/wlc-cink-pec-detail-\u010derven\u00fd-1024x683.webp\" srcset=\"https:\/\/d2p6e6u75xmxt8.cloudfront.net\/13\/2020\/07\/wlc-cink-pec-detail-\u010derven\u00fd.webp 1600w, https:\/\/d2p6e6u75xmxt8.cloudfront.net\/13\/2020\/07\/wlc-cink-pec-detail-\u010derven\u00fd-300x200.webp 300w, https:\/\/d2p6e6u75xmxt8.cloudfront.net\/13\/2020\/07\/wlc-cink-pec-detail-\u010derven\u00fd-1024x683.webp 1024w, https:\/\/d2p6e6u75xmxt8.cloudfront.net\/13\/2020\/07\/wlc-cink-pec-detail-\u010derven\u00fd-768x512.webp 768w, https:\/\/d2p6e6u75xmxt8.cloudfront.net\/13\/2020\/07\/wlc-cink-pec-detail-\u010derven\u00fd-1536x1024.webp 1536w, https:\/\/d2p6e6u75xmxt8.cloudfront.net\/13\/2020\/07\/wlc-cink-pec-detail-\u010derven\u00fd-272x182.webp 272w\" width=\"1024\" height=\"683\" sizes=\"auto, (min-width: 1200px) 300px, (min-width: 768px) 25vw, 100vw\" alt=\"zenac-cink-snad-se-telo-probudi-chci-na-stupne-vitezu\"\/><\/a><\/div>    <div class=\"entry-meta\">\n        <a class=\"label label-secondary post-category\" href=\"https:\/\/www.welovecycling.com\/cs\/category\/horska-cyklistika\/\" title=\"Horsk\u00e1 cyklistika\">Horsk\u00e1 cyklistika<\/a>\n    <\/div>\n    <div class=\"entry-details\">\n        <a href=\"https:\/\/www.welovecycling.com\/cs\/2020\/09\/27\/zenac-cink-snad-se-telo-probudi-chci-na-stupne-vitezu\/\" class='entry-title-wrapper'>\n            <h3 class=\"entry-title\"><span>\u017den\u00e1\u010d Cink: Snad se t\u011blo probud\u00ed, chci na stupn\u011b v\u00edt\u011bz\u016f<\/span><\/h3>\n        <\/a>\n    <\/div>\n    <\/article>\n<\/div>\n<p>Alaphilippe v\u011bd\u011bl, \u017ee mus\u00ed p\u0159ijet v ide\u00e1ln\u00edm p\u0159\u00edpad\u011b s\u00e1m. Kdyby si s sebou p\u0159ivezl Belgi\u010dana Wouta van Aerta, ve spurtu by na n\u011bj skoro jist\u011b nem\u011bl. \u201eB\u00e1l jsem se ho nejv\u00edc ze v\u0161ech. Proto jsem si \u0159ekl, \u017ee mus\u00edm zkusit n\u011bjak\u00fd \u00fatok,\u201c vysv\u011btloval.<\/p>\n<p>Francouz\u016fv atak p\u0159i\u0161el 12 kilometr\u016f p\u0159ed c\u00edlem v nejt\u011b\u017e\u0161\u00ed pas\u00e1\u017ei stoup\u00e1n\u00ed Gallisterna kr\u00e1tce p\u0159ed vrcholem. Naho\u0159e m\u011bl p\u00e1r vte\u0159in k dobru, na nic ne\u010dekal a jel nadoraz. D\u00edky tomu, \u017ee skupinka za n\u00edm taktizovala, byl za odvahu odm\u011bn\u011bn t\u00edm nejkr\u00e1sn\u011bj\u0161\u00edm d\u00e1rkem. \u201eTen z\u00e1v\u011br jsem jel \u00fapln\u011b na hran\u011b, byl to m\u016fj limit, p\u0159es kter\u00fd u\u017e ne\u0161lo j\u00edt,\u201c popisoval.<\/p>\n<h2><strong>Alaphilippe nav\u00e1zal na Laurenta Brocharda<\/strong><\/h2>\n<p>Francie oslavuje mistra sv\u011bta po dlouh\u00fdch 23 letech. Posledn\u00edm \u0161ampi\u00f3nem mu\u017esk\u00e9 elity ze zem\u011b galsk\u00e9ho kohouta byl Laurent Brochard, jen\u017e ovl\u00e1dl MS v\u00a0San Sebastianu 1997.<\/p>\n<figure id=\"attachment_9987\" aria-describedby=\"caption-attachment-9987\" style=\"width: 1920px\" class=\"wp-caption alignnone\"><a href=\"https:\/\/d2p6e6u75xmxt8.cloudfront.net\/13\/2020\/09\/Julian-Alaphilippe-World-Champion-_Tim-De-Waele-Getty-Images-scaled.jpg\"><img loading=\"lazy\" decoding=\"async\" class=\"size-extra-large wp-image-9987\" src=\"https:\/\/d2p6e6u75xmxt8.cloudfront.net\/13\/2020\/09\/Julian-Alaphilippe-World-Champion-_Tim-De-Waele-Getty-Images-1920x1280.jpg\" alt=\"Julian Alaphilippe proj\u00ed\u017ed\u00ed triumf\u00e1ln\u011b c\u00edlem mistrovstv\u00ed sv\u011bta v Imole. Foto: Tim De Waele\/Getty Images\/Deceuninck Quick Step\" width=\"1920\" height=\"1280\" \/><\/a><figcaption id=\"caption-attachment-9987\" class=\"wp-caption-text\"><em>Julian Alaphilippe proj\u00ed\u017ed\u00ed triumf\u00e1ln\u011b c\u00edlem mistrovstv\u00ed sv\u011bta v Imole. Foto: Tim De Waele\/Getty Images\/Deceuninck Quick Step<\/em><\/figcaption><\/figure>\n<p>Alaphilippe m\u00e1 v pelotonu pov\u011bst skromn\u00e9ho kluka a jak\u00e9hosi ryt\u00ed\u0159e. Je to hodn\u011b emotivn\u00ed z\u00e1vodn\u00edk, jemu\u017e kamar\u00e1di ne\u0159eknou jinak ne\u017e Loulou. Nezkaz\u00ed \u017e\u00e1dnou legraci, mo\u017en\u00e1 i d\u00edky cyklokrosu skv\u011ble ovl\u00e1d\u00e1 kolo a um\u00ed na n\u011bm neuv\u011b\u0159iteln\u00e9 kousky.<\/p>\n<h2><strong>Velk\u00e9 v\u00edt\u011bzstv\u00ed, kter\u00e9 sl\u00edbil t\u00e1tovi<\/strong><\/h2>\n<p>Emoce jsou na n\u011bm mo\u017en\u00e1 posledn\u00ed dobou vid\u011bt je\u0161t\u011b v\u00edc. V \u010dervnu mu po dlouh\u00e9 t\u011b\u017ek\u00e9 nemoci zem\u0159el t\u00e1ta Jo, kter\u00e9mu bylo 80 let.<\/p>\n<p>Kdy\u017e vyhr\u00e1l na Tour de France 2. etapu, v\u011bnoval ji pr\u00e1v\u011b otci. \u201eBylo to moje prvn\u00ed v\u00edt\u011bzstv\u00ed v sezon\u011b a moc jsem ho cht\u011bl urvat pr\u00e1v\u011b pro t\u00e1tu,\u201c \u0159\u00edkal novin\u00e1\u0159\u016fm se slzami v o\u010d\u00edch.<\/p>\n<div class=\"shortcode-ys-post-pinup\"><article class=\"loop-simple post-9196 post type-post status-publish format-standard has-post-thumbnail hentry category-rady-tipy category-zdravi-a-trenink tag-cyklistika tag-kava tag-kava-a-cyklistika tag-kava-a-trenink tag-kava-a-vykonnost tag-vyziva global-categories-cycling\" data-postid=\"9196\" role=\"article\" data-post-id=\"9196\" data-word-count=\"259\" data-headline-length=\"49\" data-category=\"Zdrav\u00ed a tr\u00e9nink\" data-global-category=\"Cycling\" data-author=\"Ji\u0159\u00ed Kalo\u010d\" data-published=\"2020-08-12T06:30:47+02:00\" data-published-day=\"Wednesday\">\n    <div class=\"entry-thumbnail article-thumbnail\" content=\"https:\/\/d2p6e6u75xmxt8.cloudfront.net\/13\/2020\/07\/WLC-k\u00e1va-\u010derven\u00fd-michal-150x150.webp\"><a href=\"https:\/\/www.welovecycling.com\/cs\/2020\/08\/12\/kava-a-cyklistika-jak-ji-zaradit-do-treninku\/\" class=\"image-holder\" target=\"_self\"><img decoding=\"async\" loading=\"lazy\" class=\"\" src=\"https:\/\/d2p6e6u75xmxt8.cloudfront.net\/13\/2020\/07\/WLC-k\u00e1va-\u010derven\u00fd-michal-1024x683.webp\" srcset=\"https:\/\/d2p6e6u75xmxt8.cloudfront.net\/13\/2020\/07\/WLC-k\u00e1va-\u010derven\u00fd-michal.webp 1600w, https:\/\/d2p6e6u75xmxt8.cloudfront.net\/13\/2020\/07\/WLC-k\u00e1va-\u010derven\u00fd-michal-300x200.webp 300w, https:\/\/d2p6e6u75xmxt8.cloudfront.net\/13\/2020\/07\/WLC-k\u00e1va-\u010derven\u00fd-michal-1024x683.webp 1024w, https:\/\/d2p6e6u75xmxt8.cloudfront.net\/13\/2020\/07\/WLC-k\u00e1va-\u010derven\u00fd-michal-768x512.webp 768w, https:\/\/d2p6e6u75xmxt8.cloudfront.net\/13\/2020\/07\/WLC-k\u00e1va-\u010derven\u00fd-michal-1536x1024.webp 1536w, https:\/\/d2p6e6u75xmxt8.cloudfront.net\/13\/2020\/07\/WLC-k\u00e1va-\u010derven\u00fd-michal-272x182.webp 272w\" width=\"1024\" height=\"683\" sizes=\"auto, (min-width: 1200px) 300px, (min-width: 768px) 25vw, 100vw\" alt=\"kava-a-cyklistika-jak-ji-zaradit-do-treninku\"\/><\/a><\/div>    <div class=\"entry-meta\">\n        <a class=\"label label-secondary post-category\" href=\"https:\/\/www.welovecycling.com\/cs\/category\/zdravi-a-trenink\/\" title=\"Zdrav\u00ed a tr\u00e9nink\">Zdrav\u00ed a tr\u00e9nink<\/a>\n    <\/div>\n    <div class=\"entry-details\">\n        <a href=\"https:\/\/www.welovecycling.com\/cs\/2020\/08\/12\/kava-a-cyklistika-jak-ji-zaradit-do-treninku\/\" class='entry-title-wrapper'>\n            <h3 class=\"entry-title\"><span>K\u00e1va a cyklistika. Jak ji za\u0159adit do tr\u00e9ninku?<\/span><\/h3>\n        <\/a>\n    <\/div>\n    <\/article>\n<\/div>\n<p>A nejinak tomu bylo v ned\u011bli v Imole. \u201eJe to nejv\u011bt\u0161\u00ed v\u00edt\u011bzstv\u00ed m\u00e9 kari\u00e9ry, kter\u00e9 jsem t\u00e1tovi sl\u00edbil. \u0158ekl jsem mu, \u017ee to jednou dok\u00e1\u017eu a te\u010f jde o realitu. V\u011b\u0159\u00edm, \u017ee by na m\u011b byl hodn\u011b py\u0161n\u00fd,\u201c l\u00ed\u010dil Alaphilippe.<\/p>\n<figure id=\"attachment_9986\" aria-describedby=\"caption-attachment-9986\" style=\"width: 1920px\" class=\"wp-caption alignnone\"><a href=\"https:\/\/d2p6e6u75xmxt8.cloudfront.net\/13\/2020\/09\/Julian-Alaphilippe-Rainbow-Jersey-_Tim-De-Waele-Getty-Images-scaled.jpg\"><img loading=\"lazy\" decoding=\"async\" class=\"size-extra-large wp-image-9986\" src=\"https:\/\/d2p6e6u75xmxt8.cloudfront.net\/13\/2020\/09\/Julian-Alaphilippe-Rainbow-Jersey-_Tim-De-Waele-Getty-Images-1920x1280.jpg\" alt=\"Julian Alaphilippe se zlatou medail\u00ed a dresu mistra sv\u011bta po z\u00e1vod\u011b v Imole. Foto: Tim De Waele\/Getty Images\/Deceuninck Quick Step\" width=\"1920\" height=\"1280\" \/><\/a><figcaption id=\"caption-attachment-9986\" class=\"wp-caption-text\"><em>Julian Alaphilippe se zlatou medail\u00ed a dresu mistra sv\u011bta po z\u00e1vod\u011b v Imole. Foto: Tim De Waele\/Getty Images\/Deceuninck Quick Step<\/em><\/figcaption><\/figure>\n<p>Kdy\u017e mu na podiu hr\u00e1li Marseillaisu, z o\u010d\u00ed Alaphilippa tekly slzy a hled\u011bl do nebe. \u201eKa\u017ed\u00fd za\u017eije v \u017eivot\u011b t\u011b\u017ek\u00e9 chv\u00edle. Ale v\u017edy v sob\u011b mus\u00edte naj\u00edt s\u00edlu vst\u00e1t a oklepat se z t\u011bch ran. J\u00e1 s\u00edlu poka\u017ed\u00e9 na\u0161el, a i to mi pomohlo k titulu,\u201c prohl\u00e1sil novope\u010den\u00fd \u0161ampion.<\/p>\n<p>U\u017e skoro dva roky \u017eije v Ando\u0159e. Pr\u00fd i d\u00edky tomu zaznamenal velk\u00fd progres v dlouh\u00fdch kopc\u00edch, co\u017e p\u0159edvedl hlavn\u011b na lo\u0148sk\u00e9 Tour.<\/p>\n<p>Jeho partnerkou je b\u00fdval\u00e1 francouzsk\u00e1 cyklistka Marion Rousseov\u00e1, kter\u00e1 je mistryn\u00ed sv\u00e9 zem\u011b v silni\u010dn\u00edm z\u00e1vod\u011b, ale kari\u00e9ru ve 24 letech ukon\u010dila a dnes pracuje jako spolukoment\u00e1torka cyklistick\u00fdch p\u0159enos\u016f ve francouzsk\u00e9 televizi i na Eurosportu.<\/p>\n<h2><strong>Partnerka j\u00e1sala<\/strong><\/h2>\n<p>K cyklist\u016fm m\u00e1 odjak\u017eiva bl\u00edzko. Dlouh\u00e1 l\u00e9ta byla partnerkou dal\u0161\u00edho francouzsk\u00e9ho profesion\u00e1la Tonyho Gallopina, za n\u011bho\u017e se dokonce provdala, te\u010f je vyvolenou Alaphilippa. Samoz\u0159ejm\u011b, \u017ee nechyb\u011bla ani v Imole. Jeho z\u00e1vod emotivn\u011b pro\u017e\u00edvala a po n\u011bm byla z\u0159ejm\u011b nejpy\u0161n\u011bj\u0161\u00ed \u017eenou na sv\u011bt\u011b. Na soci\u00e1ln\u00ed s\u00edt\u011b um\u00edstila fotku se sv\u00fdm drah\u00fdm v duhov\u00e9m dresu a pod n\u00ed p\u0159idala n\u011bkolik srd\u00ed\u010dek v barv\u00e1ch prou\u017ek\u016f, jimi\u017e\u00a0 se py\u0161n\u00ed jen sv\u011btov\u00fd \u0161ampion.<\/p>\n<figure id=\"attachment_9991\" aria-describedby=\"caption-attachment-9991\" style=\"width: 1080px\" class=\"wp-caption alignnone\"><a href=\"https:\/\/d2p6e6u75xmxt8.cloudfront.net\/13\/2020\/09\/marion-rousse-alaphilippe.jpg\"><img loading=\"lazy\" decoding=\"async\" class=\"size-full wp-image-9991\" src=\"https:\/\/d2p6e6u75xmxt8.cloudfront.net\/13\/2020\/09\/marion-rousse-alaphilippe.jpg\" alt=\"Julian Alaphilippe s p\u0159\u00edtelkyn\u00ed a televizn\u00ed koment\u00e1torkou Marion Foto: instagram\" width=\"1080\" height=\"1350\" \/><\/a><figcaption id=\"caption-attachment-9991\" class=\"wp-caption-text\"><em>Julian Alaphilippe, mistr sv\u011bta v silni\u010dn\u00ed cyklistice, s p\u0159\u00edtelkyn\u00ed a televizn\u00ed koment\u00e1torkou Marion Rousseovou. Foto: instagram<\/em><\/figcaption><\/figure>\n<p>Alaphilippe m\u00e1 mo\u017en\u00e1 dresem mistra sv\u011bta letos spln\u011bno, ale on s\u00e1m to tak rozhodn\u011b nec\u00edt\u00ed. Poprv\u00e9 ho v\u00a0z\u00e1vod\u011b oble\u010de u\u017e ve st\u0159edu na milovan\u00e9 klasice Valonsk\u00fd \u0161\u00edp, kterou u\u017e dvakr\u00e1t vyhr\u00e1l. A pak budou n\u00e1sledovat dal\u0161\u00ed slavn\u00e9 jednor\u00e1zovky Lutych, Amstel a tak\u00e9 kostkov\u00e9 peklo Kolem Flander, kde bude startovat \u00fapln\u011b poprv\u00e9 v\u00a0kari\u00e9\u0159e.<\/p>\n<figure id=\"attachment_9601\" aria-describedby=\"caption-attachment-9601\" style=\"width: 1200px\" class=\"wp-caption alignnone\"><a href=\"https:\/\/d2p6e6u75xmxt8.cloudfront.net\/13\/2020\/09\/Alaphilippe-1270228282_1599069449.jpg\"><img loading=\"lazy\" decoding=\"async\" class=\"size-full wp-image-9601\" src=\"https:\/\/d2p6e6u75xmxt8.cloudfront.net\/13\/2020\/09\/Alaphilippe-1270228282_1599069449.jpg\" alt=\"Julian Alaphilippe je\u0161t\u011b ve \u017elut\u00e9m dresu l\u00eddra Tour de France. Foto: Stephane Mahe - Pool\/Getty Images\/Deceuninck Quick Step\" width=\"1200\" height=\"800\" \/><\/a><figcaption id=\"caption-attachment-9601\" class=\"wp-caption-text\"><em>Julian Alaphilippe ve \u017elut\u00e9m dresu l\u00eddra Tour de France. Foto: Stephane Mahe &#8211; Pool\/Getty Images\/Deceuninck Quick Step<\/em><\/figcaption><\/figure>\n<p>Jist\u00e9 je, \u017ee vylet\u00ed jeho cena. Boss st\u00e1je Deceuninck-Quick Step Patrick Lefevere si m\u016f\u017ee mnout ruce, proto\u017ee m\u00e1 Alaphilippa podepsan\u00e9ho i na p\u0159\u00ed\u0161t\u00ed rok. Ale i tak si finan\u010dn\u011b ur\u010dit\u011b polep\u0161\u00ed, z\u00e1vodn\u00edci jeho kalibru maj\u00ed ve smlouv\u00e1ch bonusy za p\u0159\u00edpadn\u00e9 v\u00edt\u011bzstv\u00ed na z\u00e1vod\u011b jako je mistrovstv\u00ed sv\u011bta pevn\u011b stanoveny.<\/p>\n<p>A Lefevere bude m\u00edt daleko lep\u0161\u00ed pozici p\u0159i jedn\u00e1n\u00ed se sponzory v t\u00e9to nelehk\u00e9 dob\u011b, kdy n\u011bkter\u00e9 t\u00fdmy z\u0159ejm\u011b zkrachuj\u00ed. M\u016f\u017ee d\u011bkovat sv\u00e9mu obl\u00edbenci Loulou. Na mistra sv\u011bta toti\u017e sly\u0161\u00ed v\u0161ichni&#8230;<\/p>\n","protected":false},"excerpt":{"rendered":"<p>Vloni do posledn\u00ed chv\u00edle \u017eivil sen na \u017elut\u00fd dres na Tour de France, ale nakonec mu nebylo souzeno a skon\u010dil [&hellip;]<\/p>\n","protected":false},"author":122,"featured_media":9986,"comment_status":"open","ping_status":"open","sticky":false,"template":"","format":"standard","meta":{"footnotes":""},"categories":[10],"tags":[126,90,91,1172,1155,1171,1170],"global-categories":[411],"class_list":["post-9985","post","type-post","status-publish","format-standard","has-post-thumbnail","hentry","category-silnicni-cyklistika","tag-cyklistika","tag-deceuninck-quick-step","tag-julian-alaphilippe","tag-marion-rousse","tag-ms-2020","tag-ms-v-imole","tag-ms-v-silnicni-cyklistice","global-categories-cycling"],"yoast_head":"<!-- This site is optimized with the Yoast SEO Premium plugin v25.3 (Yoast SEO v25.9) - https:\/\/yoast.com\/wordpress\/plugins\/seo\/ -->\n<title>Francouzsk\u00fd bojovn\u00edk Julian Alaphilippe dos\u00e1hl na vysn\u011bnou duhu | \u0160koda We Love Cycling - \u010cesk\u00e1 republika<\/title>\n<meta name=\"robots\" content=\"index, follow, max-snippet:-1, max-image-preview:large, max-video-preview:-1\" \/>\n<link rel=\"canonical\" href=\"https:\/\/www.welovecycling.com\/cs\/2020\/09\/28\/francouzsky-bojovnik-julian-alaphilippe-dosahl-na-vysnenou-duhu\/\" \/>\n<meta property=\"og:locale\" content=\"cs_CZ\" \/>\n<meta property=\"og:type\" content=\"article\" \/>\n<meta property=\"og:title\" content=\"Francouzsk\u00fd bojovn\u00edk Julian Alaphilippe dos\u00e1hl na vysn\u011bnou duhu\" \/>\n<meta property=\"og:description\" content=\"Vloni do posledn\u00ed chv\u00edle \u017eivil sen na \u017elut\u00fd dres na Tour de France, ale nakonec mu nebylo souzeno a skon\u010dil [&hellip;]\" \/>\n<meta property=\"og:url\" content=\"https:\/\/www.welovecycling.com\/cs\/2020\/09\/28\/francouzsky-bojovnik-julian-alaphilippe-dosahl-na-vysnenou-duhu\/\" \/>\n<meta property=\"og:site_name\" content=\"\u0160koda We Love Cycling - \u010cesk\u00e1 republika\" \/>\n<meta property=\"article:published_time\" content=\"2020-09-28T14:30:05+00:00\" \/>\n<meta property=\"og:image\" content=\"https:\/\/d2p6e6u75xmxt8.cloudfront.net\/13\/2020\/09\/Julian-Alaphilippe-Rainbow-Jersey-_Tim-De-Waele-Getty-Images-scaled.webp\" \/>\n\t<meta property=\"og:image:width\" content=\"2560\" \/>\n\t<meta property=\"og:image:height\" content=\"1707\" \/>\n\t<meta property=\"og:image:type\" content=\"image\/webp\" \/>\n<meta name=\"twitter:card\" content=\"summary_large_image\" \/>\n<meta name=\"twitter:label1\" content=\"Written by\" \/>\n\t<meta name=\"twitter:data1\" content=\"Ji\u0159\u00ed Kalo\u010d\" \/>\n\t<meta name=\"twitter:label2\" content=\"Est. reading time\" \/>\n\t<meta name=\"twitter:data2\" content=\"5\" \/>\n<script type=\"application\/ld+json\" class=\"yoast-schema-graph\">{\"@context\":\"https:\/\/schema.org\",\"@graph\":[{\"@type\":\"WebPage\",\"@id\":\"https:\/\/www.welovecycling.com\/cs\/2020\/09\/28\/francouzsky-bojovnik-julian-alaphilippe-dosahl-na-vysnenou-duhu\/\",\"url\":\"https:\/\/www.welovecycling.com\/cs\/2020\/09\/28\/francouzsky-bojovnik-julian-alaphilippe-dosahl-na-vysnenou-duhu\/\",\"name\":\"Francouzsk\u00fd bojovn\u00edk Julian Alaphilippe dos\u00e1hl na vysn\u011bnou duhu | \u0160koda We Love Cycling - \u010cesk\u00e1 republika\",\"isPartOf\":{\"@id\":\"https:\/\/www.welovecycling.com\/cs\/#website\"},\"primaryImageOfPage\":{\"@id\":\"https:\/\/www.welovecycling.com\/cs\/2020\/09\/28\/francouzsky-bojovnik-julian-alaphilippe-dosahl-na-vysnenou-duhu\/#primaryimage\"},\"image\":{\"@id\":\"https:\/\/www.welovecycling.com\/cs\/2020\/09\/28\/francouzsky-bojovnik-julian-alaphilippe-dosahl-na-vysnenou-duhu\/#primaryimage\"},\"thumbnailUrl\":\"https:\/\/d2p6e6u75xmxt8.cloudfront.net\/13\/2020\/09\/Julian-Alaphilippe-Rainbow-Jersey-_Tim-De-Waele-Getty-Images-scaled.webp\",\"datePublished\":\"2020-09-28T14:30:05+00:00\",\"author\":{\"@id\":\"\"},\"inLanguage\":\"cs\",\"potentialAction\":[{\"@type\":\"ReadAction\",\"target\":[\"https:\/\/www.welovecycling.com\/cs\/2020\/09\/28\/francouzsky-bojovnik-julian-alaphilippe-dosahl-na-vysnenou-duhu\/\"]}]},{\"@type\":\"ImageObject\",\"inLanguage\":\"cs\",\"@id\":\"https:\/\/www.welovecycling.com\/cs\/2020\/09\/28\/francouzsky-bojovnik-julian-alaphilippe-dosahl-na-vysnenou-duhu\/#primaryimage\",\"url\":\"https:\/\/d2p6e6u75xmxt8.cloudfront.net\/13\/2020\/09\/Julian-Alaphilippe-Rainbow-Jersey-_Tim-De-Waele-Getty-Images-scaled.webp\",\"contentUrl\":\"https:\/\/d2p6e6u75xmxt8.cloudfront.net\/13\/2020\/09\/Julian-Alaphilippe-Rainbow-Jersey-_Tim-De-Waele-Getty-Images-scaled.webp\",\"width\":2560,\"height\":1707,\"caption\":\"Julian Alaphilippe se zlatou medail\u00ed a dresu mistra sv\u011bta po z\u00e1vod\u011b v Imole. Foto: Tim De Waele\/Getty Images\/Deceuninck Quick Step\"},{\"@type\":\"WebSite\",\"@id\":\"https:\/\/www.welovecycling.com\/cs\/#website\",\"url\":\"https:\/\/www.welovecycling.com\/cs\/\",\"name\":\"\u0160koda We Love Cycling - \u010cesk\u00e1 republika\",\"description\":\"WeLoveCycling.cz je online magaz\u00edn, kter\u00fd v\u00e1m pravideln\u011b p\u0159in\u00e1\u0161\u00ed rady a tipy, zaj\u00edmav\u00e9 \u010dl\u00e1nky, videa a jedine\u010dn\u00e9 report\u00e1\u017ee ze sv\u011bta cyklistiky.\",\"potentialAction\":[{\"@type\":\"SearchAction\",\"target\":{\"@type\":\"EntryPoint\",\"urlTemplate\":\"https:\/\/www.welovecycling.com\/cs\/?s={search_term_string}\"},\"query-input\":{\"@type\":\"PropertyValueSpecification\",\"valueRequired\":true,\"valueName\":\"search_term_string\"}}],\"inLanguage\":\"cs\"},{\"@type\":\"Person\",\"@id\":\"\",\"url\":\"https:\/\/www.welovecycling.com\/cs\/author\/\"}]}<\/script>\n<!-- \/ Yoast SEO Premium plugin. -->","yoast_head_json":{"title":"Francouzsk\u00fd bojovn\u00edk Julian Alaphilippe dos\u00e1hl na vysn\u011bnou duhu | \u0160koda We Love Cycling - \u010cesk\u00e1 republika","robots":{"index":"index","follow":"follow","max-snippet":"max-snippet:-1","max-image-preview":"max-image-preview:large","max-video-preview":"max-video-preview:-1"},"canonical":"https:\/\/www.welovecycling.com\/cs\/2020\/09\/28\/francouzsky-bojovnik-julian-alaphilippe-dosahl-na-vysnenou-duhu\/","og_locale":"cs_CZ","og_type":"article","og_title":"Francouzsk\u00fd bojovn\u00edk Julian Alaphilippe dos\u00e1hl na vysn\u011bnou duhu","og_description":"Vloni do posledn\u00ed chv\u00edle \u017eivil sen na \u017elut\u00fd dres na Tour de France, ale nakonec mu nebylo souzeno a skon\u010dil [&hellip;]","og_url":"https:\/\/www.welovecycling.com\/cs\/2020\/09\/28\/francouzsky-bojovnik-julian-alaphilippe-dosahl-na-vysnenou-duhu\/","og_site_name":"\u0160koda We Love Cycling - \u010cesk\u00e1 republika","article_published_time":"2020-09-28T14:30:05+00:00","og_image":[{"width":2560,"height":1707,"url":"https:\/\/d2p6e6u75xmxt8.cloudfront.net\/13\/2020\/09\/Julian-Alaphilippe-Rainbow-Jersey-_Tim-De-Waele-Getty-Images-scaled.webp","type":"image\/webp"}],"twitter_card":"summary_large_image","twitter_misc":{"Written by":"Ji\u0159\u00ed Kalo\u010d","Est. reading time":"5"},"schema":{"@context":"https:\/\/schema.org","@graph":[{"@type":"WebPage","@id":"https:\/\/www.welovecycling.com\/cs\/2020\/09\/28\/francouzsky-bojovnik-julian-alaphilippe-dosahl-na-vysnenou-duhu\/","url":"https:\/\/www.welovecycling.com\/cs\/2020\/09\/28\/francouzsky-bojovnik-julian-alaphilippe-dosahl-na-vysnenou-duhu\/","name":"Francouzsk\u00fd bojovn\u00edk Julian Alaphilippe dos\u00e1hl na vysn\u011bnou duhu | \u0160koda We Love Cycling - \u010cesk\u00e1 republika","isPartOf":{"@id":"https:\/\/www.welovecycling.com\/cs\/#website"},"primaryImageOfPage":{"@id":"https:\/\/www.welovecycling.com\/cs\/2020\/09\/28\/francouzsky-bojovnik-julian-alaphilippe-dosahl-na-vysnenou-duhu\/#primaryimage"},"image":{"@id":"https:\/\/www.welovecycling.com\/cs\/2020\/09\/28\/francouzsky-bojovnik-julian-alaphilippe-dosahl-na-vysnenou-duhu\/#primaryimage"},"thumbnailUrl":"https:\/\/d2p6e6u75xmxt8.cloudfront.net\/13\/2020\/09\/Julian-Alaphilippe-Rainbow-Jersey-_Tim-De-Waele-Getty-Images-scaled.webp","datePublished":"2020-09-28T14:30:05+00:00","author":{"@id":""},"inLanguage":"cs","potentialAction":[{"@type":"ReadAction","target":["https:\/\/www.welovecycling.com\/cs\/2020\/09\/28\/francouzsky-bojovnik-julian-alaphilippe-dosahl-na-vysnenou-duhu\/"]}]},{"@type":"ImageObject","inLanguage":"cs","@id":"https:\/\/www.welovecycling.com\/cs\/2020\/09\/28\/francouzsky-bojovnik-julian-alaphilippe-dosahl-na-vysnenou-duhu\/#primaryimage","url":"https:\/\/d2p6e6u75xmxt8.cloudfront.net\/13\/2020\/09\/Julian-Alaphilippe-Rainbow-Jersey-_Tim-De-Waele-Getty-Images-scaled.webp","contentUrl":"https:\/\/d2p6e6u75xmxt8.cloudfront.net\/13\/2020\/09\/Julian-Alaphilippe-Rainbow-Jersey-_Tim-De-Waele-Getty-Images-scaled.webp","width":2560,"height":1707,"caption":"Julian Alaphilippe se zlatou medail\u00ed a dresu mistra sv\u011bta po z\u00e1vod\u011b v Imole. Foto: Tim De Waele\/Getty Images\/Deceuninck Quick Step"},{"@type":"WebSite","@id":"https:\/\/www.welovecycling.com\/cs\/#website","url":"https:\/\/www.welovecycling.com\/cs\/","name":"\u0160koda We Love Cycling - \u010cesk\u00e1 republika","description":"WeLoveCycling.cz je online magaz\u00edn, kter\u00fd v\u00e1m pravideln\u011b p\u0159in\u00e1\u0161\u00ed rady a tipy, zaj\u00edmav\u00e9 \u010dl\u00e1nky, videa a jedine\u010dn\u00e9 report\u00e1\u017ee ze sv\u011bta cyklistiky.","potentialAction":[{"@type":"SearchAction","target":{"@type":"EntryPoint","urlTemplate":"https:\/\/www.welovecycling.com\/cs\/?s={search_term_string}"},"query-input":{"@type":"PropertyValueSpecification","valueRequired":true,"valueName":"search_term_string"}}],"inLanguage":"cs"},{"@type":"Person","@id":"","url":"https:\/\/www.welovecycling.com\/cs\/author\/"}]}},"_links":{"self":[{"href":"https:\/\/www.welovecycling.com\/cs\/wp-json\/wp\/v2\/posts\/9985","targetHints":{"allow":["GET"]}}],"collection":[{"href":"https:\/\/www.welovecycling.com\/cs\/wp-json\/wp\/v2\/posts"}],"about":[{"href":"https:\/\/www.welovecycling.com\/cs\/wp-json\/wp\/v2\/types\/post"}],"author":[{"embeddable":true,"href":"https:\/\/www.welovecycling.com\/cs\/wp-json\/wp\/v2\/users\/122"}],"replies":[{"embeddable":true,"href":"https:\/\/www.welovecycling.com\/cs\/wp-json\/wp\/v2\/comments?post=9985"}],"version-history":[{"count":2,"href":"https:\/\/www.welovecycling.com\/cs\/wp-json\/wp\/v2\/posts\/9985\/revisions"}],"predecessor-version":[{"id":10600,"href":"https:\/\/www.welovecycling.com\/cs\/wp-json\/wp\/v2\/posts\/9985\/revisions\/10600"}],"wp:featuredmedia":[{"embeddable":true,"href":"https:\/\/www.welovecycling.com\/cs\/wp-json\/wp\/v2\/media\/9986"}],"wp:attachment":[{"href":"https:\/\/www.welovecycling.com\/cs\/wp-json\/wp\/v2\/media?parent=9985"}],"wp:term":[{"taxonomy":"category","embeddable":true,"href":"https:\/\/www.welovecycling.com\/cs\/wp-json\/wp\/v2\/categories?post=9985"},{"taxonomy":"post_tag","embeddable":true,"href":"https:\/\/www.welovecycling.com\/cs\/wp-json\/wp\/v2\/tags?post=9985"},{"taxonomy":"global-categories","embeddable":true,"href":"https:\/\/www.welovecycling.com\/cs\/wp-json\/wp\/v2\/global-categories?post=9985"}],"curies":[{"name":"wp","href":"https:\/\/api.w.org\/{rel}","templated":true}]}}