{"id":9847,"date":"2020-09-20T08:00:49","date_gmt":"2020-09-20T06:00:49","guid":{"rendered":"https:\/\/www.welovecycling.com\/cs\/?p=9847"},"modified":"2020-09-20T11:50:19","modified_gmt":"2020-09-20T09:50:19","slug":"champs-elysees-droga-sprinterskych-es","status":"publish","type":"post","link":"https:\/\/www.welovecycling.com\/cs\/2020\/09\/20\/champs-elysees-droga-sprinterskych-es\/","title":{"rendered":"Champs-\u00c9lys\u00e9es, droga sprintersk\u00fdch es"},"content":{"rendered":"<p><strong>U\u017e asi nikdo si neum\u00ed p\u0159edstavit c\u00edl Tour de France jinde ne\u017e na Champs-\u00c9lys\u00e9es, nejkr\u00e1sn\u011bj\u0161\u00edm bulv\u00e1ru sv\u011bta, kter\u00fd pro Ludv\u00edka XIV. stvo\u0159il architekt Le Vau. A stejn\u011b nemysliteln\u00e9 je, aby dojezd na tamn\u00edch kostk\u00e1ch nepat\u0159il nejrychlej\u0161\u00edm mu\u017e\u016fm pelotonu, novodob\u00fdm kr\u00e1l\u016fm slunce. Dnes za soumraku skon\u010d\u00ed v srdci Pa\u0159\u00ed\u017ee 107. ro\u010dn\u00edk z\u00e1vodu o \u017elut\u00fd dres.<\/strong><\/p>\n<p>Z\u00e1vodit tady je droga, \u0159\u00edkaj\u00ed sprinte\u0159i a tolik tou\u017e\u00ed po svat\u00e9m gr\u00e1lu s n\u00e1pisem Champs-\u00c9lys\u00e9es, dost mo\u017en\u00e1 nejcenn\u011bj\u0161\u00ed spurtersk\u00e9 trofeji. Z\u00e1vodn\u00edci, kdy\u017e vid\u00ed Arc de Triomphe, symbol Napoleonova v\u00edt\u011bzstv\u00ed u Slavkova, p\u0159edstavuj\u00ed si to sv\u00e9.<\/p>\n<p>T\u0159i t\u00fddny bolesti jsou r\u00e1zem zapomenuty, je\u0161t\u011b jednou a naposledy se jede fofrem, proto\u017ee u\u017e nen\u00ed na co se \u0161et\u0159it. Dal\u0161\u00ed den u\u017e nehroz\u00ed \u017e\u00e1dn\u00e9 hory, \u017e\u00e1dn\u00e9 kilometry, jen letadlo dom\u016f.<\/p>\n<h2><strong>Slavil zde i J\u00e1n Svorada<\/strong><\/h2>\n<p>Od roku 1975, kdy se na Elysejsk\u00e1 pole doj\u00ed\u017ed\u011blo prvn\u011b, se tu konal jeden prolog (2003) a \u010dasovka (1989), do\u0161lo na \u010dty\u0159i zda\u0159il\u00e9 \u00faniky (1977, 1979, 1994 a 2005) a 39 spurt\u016f pelotonu. V roce 2001 tu s rozp\u0159a\u017een\u00fdma rukama oslavoval J\u00e1n Svorada, kter\u00fd zasko\u010dil peloton dlouh\u00fdm n\u00e1stupem.<\/p>\n<figure id=\"attachment_9848\" aria-describedby=\"caption-attachment-9848\" style=\"width: 1800px\" class=\"wp-caption alignnone\"><a href=\"https:\/\/d2p6e6u75xmxt8.cloudfront.net\/13\/2020\/09\/WLC-svorada-profimedia-0069147095.jpg\"><img loading=\"lazy\" decoding=\"async\" class=\"size-full wp-image-9848\" src=\"https:\/\/d2p6e6u75xmxt8.cloudfront.net\/13\/2020\/09\/WLC-svorada-profimedia-0069147095.jpg\" alt=\"Den, kter\u00fd se zapsal do historie \u010desk\u00e9 cyklistiky. J\u00e1n Svorada 29. \u010dervence 2001 vyhr\u00e1v\u00e1 z\u00e1v\u011bre\u010dnou etapu na Tour de France. Foto: profimedia\" width=\"1800\" height=\"1144\" \/><\/a><figcaption id=\"caption-attachment-9848\" class=\"wp-caption-text\"><em>Den, kter\u00fd se zapsal do historie \u010desk\u00e9 cyklistiky. J\u00e1n Svorada 29. \u010dervence 2001 vyhr\u00e1v\u00e1 z\u00e1v\u011bre\u010dnou etapu na Tour de France. Foto: profimedia<\/em><\/figcaption><\/figure>\n<p>Prvn\u00ed opravdov\u00fd spurter byl Charles P\u00e9lissier, kter\u00fd na Tour de France 1930 z\u00edskal osm etap, co\u017e je dodnes rekord vyrovnan\u00fd jen bo\u017esk\u00fdm Merckxem o \u010dty\u0159i dek\u00e1dy pozd\u011bji a jeho krajanem Maertensem.<\/p>\n<div class=\"shortcode-ys-post-pinup\"><article class=\"loop-simple post-9763 post type-post status-publish format-standard has-post-thumbnail hentry category-welovecycling-com-cs-tdf category-zdravi-a-trenink tag-cyklistika tag-silnicni-cyklistika tag-tour-de-france tag-tour-de-france-2020 tag-vyziva tag-zdravi global-categories-cycling\" data-postid=\"9763\" role=\"article\" data-post-id=\"9763\" data-word-count=\"332\" data-headline-length=\"51\" data-category=\"TdF\" data-global-category=\"Cycling\" data-author=\"Ji\u0159\u00ed Kalo\u010d\" data-published=\"2020-09-16T15:00:19+02:00\" data-published-day=\"Wednesday\">\n    <div class=\"entry-thumbnail article-thumbnail\" content=\"https:\/\/d2p6e6u75xmxt8.cloudfront.net\/13\/2020\/09\/wlc-bur\u00e1kov\u00e9-m\u00e1slo-150x150.webp\"><a href=\"https:\/\/www.welovecycling.com\/cs\/2020\/09\/16\/vyziva-cyklistu-na-tour-de-france-horske-etapy\/\" class=\"image-holder\" target=\"_self\"><img decoding=\"async\" loading=\"lazy\" class=\"\" src=\"https:\/\/d2p6e6u75xmxt8.cloudfront.net\/13\/2020\/09\/wlc-bur\u00e1kov\u00e9-m\u00e1slo-1024x683.webp\" srcset=\"https:\/\/d2p6e6u75xmxt8.cloudfront.net\/13\/2020\/09\/wlc-bur\u00e1kov\u00e9-m\u00e1slo.webp 1600w, https:\/\/d2p6e6u75xmxt8.cloudfront.net\/13\/2020\/09\/wlc-bur\u00e1kov\u00e9-m\u00e1slo-300x200.webp 300w, https:\/\/d2p6e6u75xmxt8.cloudfront.net\/13\/2020\/09\/wlc-bur\u00e1kov\u00e9-m\u00e1slo-1024x683.webp 1024w, https:\/\/d2p6e6u75xmxt8.cloudfront.net\/13\/2020\/09\/wlc-bur\u00e1kov\u00e9-m\u00e1slo-768x512.webp 768w, https:\/\/d2p6e6u75xmxt8.cloudfront.net\/13\/2020\/09\/wlc-bur\u00e1kov\u00e9-m\u00e1slo-1536x1024.webp 1536w, https:\/\/d2p6e6u75xmxt8.cloudfront.net\/13\/2020\/09\/wlc-bur\u00e1kov\u00e9-m\u00e1slo-272x182.webp 272w\" width=\"1024\" height=\"683\" sizes=\"auto, (min-width: 1200px) 300px, (min-width: 768px) 25vw, 100vw\" alt=\"vyziva-cyklistu-na-tour-de-france-horske-etapy\"\/><\/a><\/div>    <div class=\"entry-meta\">\n        <a class=\"label label-secondary post-category\" href=\"https:\/\/www.welovecycling.com\/cs\/category\/welovecycling-com-cs-tdf\/\" title=\"TdF\">TdF<\/a>\n    <\/div>\n    <div class=\"entry-details\">\n        <a href=\"https:\/\/www.welovecycling.com\/cs\/2020\/09\/16\/vyziva-cyklistu-na-tour-de-france-horske-etapy\/\" class='entry-title-wrapper'>\n            <h3 class=\"entry-title\"><span>V\u00fd\u017eiva cyklist\u016f na Tour de France: horsk\u00e9 etapy<\/span><\/h3>\n        <\/a>\n    <\/div>\n    <\/article>\n<\/div>\n<p>V 80. letech se z pelotonu vyd\u011blila skupina mu\u017e\u016f, kte\u0159\u00ed v\u00edt\u011bzstv\u00ed hledali pr\u00e1v\u011b skrze hromadn\u00e9 spurty. Bontempi, Van Poppel, Cipollini, rekordman mezi sprintery v po\u010dtu v\u00edt\u011bzstv\u00ed na Grand Tours a mu\u017e, kter\u00fd k dokonalosti dovedl sehranost sv\u00e9ho vl\u00e1\u010dku.<\/p>\n<h2><strong>Cavendish? Brit obdivovan\u00fd Francouzi<\/strong><\/h2>\n<p>Po n\u011bm n\u00e1sledovala novodob\u00e1 generace, z n\u00ed\u017e nejv\u00edc \u010dn\u011bl britsk\u00fd bou\u0159liv\u00e1k Mark Cavendish, jeho\u017e francouzsk\u00fd sportovn\u00ed den\u00edk L\u00b4\u00c9quipe vyhl\u00e1sil nejlep\u0161\u00edm sprinterem historie Tour de France. Ch\u00e1pete? Brit obdivov\u00e1n Francouzi!<\/p>\n<p>Ale jedno \u2013 a\u0165 se cyklistika vyvinula rychlostn\u011b nebo t\u0159eba i materi\u00e1lov\u011b \u2013 v\u0161ak z\u016fst\u00e1v\u00e1 za celou dobu od pion\u00fdra P\u00e9lissiera po dnes zelen\u00e9ho Bennetta nem\u011bnn\u00e9: Kdo je prvn\u00ed na c\u00edlov\u00e9 \u010d\u00e1\u0159e, je v\u00edt\u011bz. Jak ban\u00e1ln\u00ed, \u017ee?<\/p>\n<figure id=\"attachment_6904\" aria-describedby=\"caption-attachment-6904\" style=\"width: 960px\" class=\"wp-caption alignnone\"><a href=\"https:\/\/d2p6e6u75xmxt8.cloudfront.net\/13\/2020\/04\/cavendish-skoda-tour-2016.jpg\"><img loading=\"lazy\" decoding=\"async\" class=\"size-full wp-image-6904\" src=\"https:\/\/d2p6e6u75xmxt8.cloudfront.net\/13\/2020\/04\/cavendish-skoda-tour-2016.jpg\" alt=\"Mark Cavendish v zelen\u00e9m dresu na Tour de France 2016. Foto: facebook Marka Cavendishe\" width=\"960\" height=\"960\" \/><\/a><figcaption id=\"caption-attachment-6904\" class=\"wp-caption-text\"><em>Mark Cavendish v zelen\u00e9m dresu na Tour de France 2016. Foto: facebook Marka Cavendishe<\/em><\/figcaption><\/figure>\n<p>Jenom\u017ee \u00fasp\u011b\u0161n\u00fd spurt je alchymie, pe\u010dliv\u011b uspo\u0159\u00e1dan\u00e1 a tr\u00e9novan\u00e1 choreografie, kter\u00e1 ale stejn\u011b p\u0159i pohledu zven\u010d\u00ed d\u00e1v\u00e1 pocit chaosu. Zvl\u00e1\u0161\u0165 kdy\u017e si domysl\u00edme, \u017ee tihle chrti se st\u00edhaj\u00ed ve spurtu je\u0161t\u011b po\u0161\u0165uchovat lokty a k c\u00edlov\u00e9 p\u00e1sce val\u00ed t\u0159eba osmdes\u00e1tkou, jako se to stalo letos v Polsku (a pro Nizozemce Jakobsena to tam neskon\u010dilo zrovna valn\u011b).<\/p>\n<p>Star\u00e1 atletick\u00e1 pravda \u0159\u00edk\u00e1, \u017ee ten, kdo je prvn\u00ed v c\u00edli stovky, nen\u00ed t\u00edm nejrychlej\u0161\u00edm, ale t\u00edm, kter\u00fd nejm\u00e9n\u011b zpomalil, a na kole to je stejn\u00e9. Ale ani nadlidsk\u00e9 watty nemusej\u00ed garantovat prvenstv\u00ed, proto\u017ee vyhr\u00e1v\u00e1 ten nejchyt\u0159ej\u0161\u00ed.<\/p>\n<h2><strong>Rozsv\u00edt\u00ed 107 \u017e\u00e1rovek<\/strong><\/h2>\n<p>A propos \u2013 v\u00fdkon. Zkuste si spo\u010d\u00edtat, kolik by spurter p\u0159i maxim\u00e1ln\u00edm v\u00fdkonu p\u0159es 1600 watt\u016f rozsv\u00edtil \u00fasporn\u00fdch 15wattov\u00fdch \u017e\u00e1rovek. 107! Jestli\u017ee pr\u016fm\u011brn\u00fd d\u016fm jich provozuje 30, mohl by takov\u00fd spurter oz\u00e1\u0159it zhruba t\u0159i dom\u00e1cnosti. By\u0165 mo\u017en\u00e1 jen na deset sekund.<\/p>\n<p>P\u0159esto\u017ee ve spurtu jde zpravidla o posledn\u00edch 200 metr\u016f, kde \u201eza\u010d\u00ednaj\u00ed sv\u00edtit \u017e\u00e1rovky\u201c, cel\u00e1 tahle show startuje zhruba 30 kilometr\u016f od c\u00edle. Tam se za\u010d\u00edn\u00e1 t\u00fdm formovat pro sv\u00e9ho spurtera, kter\u00fd naposled zhltne kofeinov\u00fd gel, proto\u017ee pak u\u017e je radno dr\u017eet ruce jen na \u0159\u00edd\u00edtk\u00e1ch.<\/p>\n<figure id=\"attachment_9849\" aria-describedby=\"caption-attachment-9849\" style=\"width: 1800px\" class=\"wp-caption alignnone\"><a href=\"https:\/\/d2p6e6u75xmxt8.cloudfront.net\/13\/2020\/09\/WLC-tour-finish-profimedia-0380258377.jpg\"><img loading=\"lazy\" decoding=\"async\" class=\"size-full wp-image-9849\" src=\"https:\/\/d2p6e6u75xmxt8.cloudfront.net\/13\/2020\/09\/WLC-tour-finish-profimedia-0380258377.jpg\" alt=\"Peloton se b\u011bhem z\u00e1v\u011bre\u010dn\u00e9 etapy \u0159\u00edt\u00ed po xxx. Foto: profimedia\" width=\"1800\" height=\"1200\" \/><\/a><figcaption id=\"caption-attachment-9849\" class=\"wp-caption-text\"><em>Peloton se b\u011bhem z\u00e1v\u011bre\u010dn\u00e9 etapy \u0159\u00edt\u00ed po Champs-\u00c9lys\u00e9es. Foto: profimedia<\/em><\/figcaption><\/figure>\n<p>Kdy\u017e zb\u00fdv\u00e1 dvac\u00edtka do c\u00edle, je to boj o udr\u017een\u00ed pozice. Nikdo nechce tahat, proto\u017ee je moc daleko, ale sou\u010dasn\u011b chce ka\u017ed\u00fd b\u00fdt vp\u0159edu. Po n\u00e1jezdu do m\u011bsta, kde zpravidla etapa kon\u010d\u00ed, p\u0159ich\u00e1z\u00ed opravdov\u00e1 nervozita, proto\u017ee vedle pozi\u010dn\u00edho boje je tu taky boj s kulisami: kruhov\u00e9 objezdy, zat\u00e1\u010dky, z\u00fa\u017een\u00ed. Ide\u00e1ln\u00ed je, kdy\u017e se spurter\u016fv t\u00fdm usad\u00ed v \u010dele a nepust\u00ed p\u0159ed sebe jin\u00e9.<\/p>\n<div class=\"shortcode-ys-post-pinup\"><article class=\"loop-simple post-9638 post type-post status-publish format-standard has-post-thumbnail hentry category-welovecycling-com-cs-tdf tag-cyklistika tag-peter-olah tag-silnicni-cyklistika tag-tour-de-france-2020 tag-trofej-pro-viteze-tour-de-france global-categories-cycling\" data-postid=\"9638\" role=\"article\" data-post-id=\"9638\" data-word-count=\"304\" data-headline-length=\"73\" data-category=\"TdF\" data-global-category=\"Cycling\" data-author=\"Adam Bouda\" data-published=\"2020-09-08T11:00:45+02:00\" data-published-day=\"Tuesday\">\n    <div class=\"entry-thumbnail article-thumbnail\" content=\"https:\/\/d2p6e6u75xmxt8.cloudfront.net\/13\/2020\/09\/trofej-tour-de-france-2-1-scaled-150x150.webp\"><a href=\"https:\/\/www.welovecycling.com\/cs\/2020\/09\/08\/ctyri-kilogramy-kristalu-pro-viteze-tour-de-france-znovu-z-ceska\/\" class=\"image-holder\" target=\"_self\"><img decoding=\"async\" loading=\"lazy\" class=\"\" src=\"https:\/\/d2p6e6u75xmxt8.cloudfront.net\/13\/2020\/09\/trofej-tour-de-france-2-1-scaled-1024x683.webp\" srcset=\"https:\/\/d2p6e6u75xmxt8.cloudfront.net\/13\/2020\/09\/trofej-tour-de-france-2-1-scaled.webp 2560w, https:\/\/d2p6e6u75xmxt8.cloudfront.net\/13\/2020\/09\/trofej-tour-de-france-2-1-scaled-300x200.webp 300w, https:\/\/d2p6e6u75xmxt8.cloudfront.net\/13\/2020\/09\/trofej-tour-de-france-2-1-scaled-1024x683.webp 1024w, https:\/\/d2p6e6u75xmxt8.cloudfront.net\/13\/2020\/09\/trofej-tour-de-france-2-1-scaled-768x512.webp 768w, https:\/\/d2p6e6u75xmxt8.cloudfront.net\/13\/2020\/09\/trofej-tour-de-france-2-1-scaled-1536x1024.webp 1536w, https:\/\/d2p6e6u75xmxt8.cloudfront.net\/13\/2020\/09\/trofej-tour-de-france-2-1-scaled-2048x1366.webp 2048w, https:\/\/d2p6e6u75xmxt8.cloudfront.net\/13\/2020\/09\/trofej-tour-de-france-2-1-scaled-1920x1280.webp 1920w, https:\/\/d2p6e6u75xmxt8.cloudfront.net\/13\/2020\/09\/trofej-tour-de-france-2-1-scaled-272x182.webp 272w, https:\/\/d2p6e6u75xmxt8.cloudfront.net\/13\/2020\/09\/trofej-tour-de-france-2-1-scaled-1920x1280.webp 1920w\" width=\"1024\" height=\"683\" sizes=\"auto, (min-width: 1200px) 300px, (min-width: 768px) 25vw, 100vw\" alt=\"ctyri-kilogramy-kristalu-pro-viteze-tour-de-france-znovu-z-ceska\"\/><\/a><\/div>    <div class=\"entry-meta\">\n        <a class=\"label label-secondary post-category\" href=\"https:\/\/www.welovecycling.com\/cs\/category\/welovecycling-com-cs-tdf\/\" title=\"TdF\">TdF<\/a>\n    <\/div>\n    <div class=\"entry-details\">\n        <a href=\"https:\/\/www.welovecycling.com\/cs\/2020\/09\/08\/ctyri-kilogramy-kristalu-pro-viteze-tour-de-france-znovu-z-ceska\/\" class='entry-title-wrapper'>\n            <h3 class=\"entry-title\"><span>\u010cty\u0159i kilogramy k\u0159i\u0161\u0165\u00e1lu pro v\u00edt\u011bze Tour de France znovu z \u010ceska<\/span><\/h3>\n        <\/a>\n    <\/div>\n    <\/article>\n<\/div>\n<p>Na dvoustovce pak za\u010d\u00edn\u00e1 posledn\u00ed kus pr\u00e1ce, kdy se p\u0159ed spurterem otev\u0159e propast d\u011bl\u00edc\u00ed ho od v\u00edt\u011bzstv\u00ed, nebo prohry. Hlava dol\u016f, o\u010di i vzadu, a pak v ko\u010di\u010d\u00edm h\u0159betu spr\u00e1vn\u011b na\u010dasovat hozen\u00ed kola.<\/p>\n<p>Ve\u010der kolem sedm\u00e9 bude tohle divadlo zase k vid\u011bn\u00ed. Bitva na Elysejsk\u00fdch pol\u00edch neboli mal\u00e9 mistrovstv\u00ed sv\u011bta spurter\u016f letos uvede svoji 45. repr\u00edzu.<\/p>\n","protected":false},"excerpt":{"rendered":"<p>U\u017e asi nikdo si neum\u00ed p\u0159edstavit c\u00edl Tour de France jinde ne\u017e na Champs-\u00c9lys\u00e9es, nejkr\u00e1sn\u011bj\u0161\u00edm bulv\u00e1ru sv\u011bta, kter\u00fd pro Ludv\u00edka [&hellip;]<\/p>\n","protected":false},"author":122,"featured_media":9849,"comment_status":"open","ping_status":"open","sticky":false,"template":"","format":"standard","meta":{"footnotes":""},"categories":[243],"tags":[1146,126,1097,9,23],"global-categories":[411],"class_list":["post-9847","post","type-post","status-publish","format-standard","has-post-thumbnail","hentry","category-welovecycling-com-cs-tdf","tag-champs-elysees","tag-cyklistika","tag-etapy-tour-de-france-2020","tag-silnicni-cyklistika","tag-tour-de-france","global-categories-cycling"],"yoast_head":"<!-- This site is optimized with the Yoast SEO Premium plugin v25.3 (Yoast SEO v25.9) - https:\/\/yoast.com\/wordpress\/plugins\/seo\/ -->\n<title>Champs-\u00c9lys\u00e9es, droga sprintersk\u00fdch es | \u0160koda We Love Cycling - \u010cesk\u00e1 republika<\/title>\n<meta name=\"robots\" content=\"index, follow, max-snippet:-1, max-image-preview:large, max-video-preview:-1\" \/>\n<link rel=\"canonical\" href=\"https:\/\/www.welovecycling.com\/cs\/2020\/09\/20\/champs-elysees-droga-sprinterskych-es\/\" \/>\n<meta property=\"og:locale\" content=\"cs_CZ\" \/>\n<meta property=\"og:type\" content=\"article\" \/>\n<meta property=\"og:title\" content=\"Champs-\u00c9lys\u00e9es, droga sprintersk\u00fdch es\" \/>\n<meta property=\"og:description\" content=\"U\u017e asi nikdo si neum\u00ed p\u0159edstavit c\u00edl Tour de France jinde ne\u017e na Champs-\u00c9lys\u00e9es, nejkr\u00e1sn\u011bj\u0161\u00edm bulv\u00e1ru sv\u011bta, kter\u00fd pro Ludv\u00edka [&hellip;]\" \/>\n<meta property=\"og:url\" content=\"https:\/\/www.welovecycling.com\/cs\/2020\/09\/20\/champs-elysees-droga-sprinterskych-es\/\" \/>\n<meta property=\"og:site_name\" content=\"\u0160koda We Love Cycling - \u010cesk\u00e1 republika\" \/>\n<meta property=\"article:published_time\" content=\"2020-09-20T06:00:49+00:00\" \/>\n<meta property=\"article:modified_time\" content=\"2020-09-20T09:50:19+00:00\" \/>\n<meta property=\"og:image\" content=\"https:\/\/d2p6e6u75xmxt8.cloudfront.net\/13\/2020\/09\/WLC-tour-finish-profimedia-0380258377.webp\" \/>\n\t<meta property=\"og:image:width\" content=\"1800\" \/>\n\t<meta property=\"og:image:height\" content=\"1200\" \/>\n\t<meta property=\"og:image:type\" content=\"image\/webp\" \/>\n<meta name=\"twitter:card\" content=\"summary_large_image\" \/>\n<meta name=\"twitter:label1\" content=\"Written by\" \/>\n\t<meta name=\"twitter:data1\" content=\"Adam Bouda\" \/>\n\t<meta name=\"twitter:label2\" content=\"Est. reading time\" \/>\n\t<meta name=\"twitter:data2\" content=\"5\" \/>\n<script type=\"application\/ld+json\" class=\"yoast-schema-graph\">{\"@context\":\"https:\/\/schema.org\",\"@graph\":[{\"@type\":\"WebPage\",\"@id\":\"https:\/\/www.welovecycling.com\/cs\/2020\/09\/20\/champs-elysees-droga-sprinterskych-es\/\",\"url\":\"https:\/\/www.welovecycling.com\/cs\/2020\/09\/20\/champs-elysees-droga-sprinterskych-es\/\",\"name\":\"Champs-\u00c9lys\u00e9es, droga sprintersk\u00fdch es | \u0160koda We Love Cycling - \u010cesk\u00e1 republika\",\"isPartOf\":{\"@id\":\"https:\/\/www.welovecycling.com\/cs\/#website\"},\"primaryImageOfPage\":{\"@id\":\"https:\/\/www.welovecycling.com\/cs\/2020\/09\/20\/champs-elysees-droga-sprinterskych-es\/#primaryimage\"},\"image\":{\"@id\":\"https:\/\/www.welovecycling.com\/cs\/2020\/09\/20\/champs-elysees-droga-sprinterskych-es\/#primaryimage\"},\"thumbnailUrl\":\"https:\/\/d2p6e6u75xmxt8.cloudfront.net\/13\/2020\/09\/WLC-tour-finish-profimedia-0380258377.webp\",\"datePublished\":\"2020-09-20T06:00:49+00:00\",\"dateModified\":\"2020-09-20T09:50:19+00:00\",\"author\":{\"@id\":\"\"},\"inLanguage\":\"cs\",\"potentialAction\":[{\"@type\":\"ReadAction\",\"target\":[\"https:\/\/www.welovecycling.com\/cs\/2020\/09\/20\/champs-elysees-droga-sprinterskych-es\/\"]}]},{\"@type\":\"ImageObject\",\"inLanguage\":\"cs\",\"@id\":\"https:\/\/www.welovecycling.com\/cs\/2020\/09\/20\/champs-elysees-droga-sprinterskych-es\/#primaryimage\",\"url\":\"https:\/\/d2p6e6u75xmxt8.cloudfront.net\/13\/2020\/09\/WLC-tour-finish-profimedia-0380258377.webp\",\"contentUrl\":\"https:\/\/d2p6e6u75xmxt8.cloudfront.net\/13\/2020\/09\/WLC-tour-finish-profimedia-0380258377.webp\",\"width\":1800,\"height\":1200,\"caption\":\"Peloton se b\u011bhem z\u00e1v\u011bre\u010dn\u00e9 etapy \u0159\u00edt\u00ed po xxx. Foto: profimedia\"},{\"@type\":\"WebSite\",\"@id\":\"https:\/\/www.welovecycling.com\/cs\/#website\",\"url\":\"https:\/\/www.welovecycling.com\/cs\/\",\"name\":\"\u0160koda We Love Cycling - \u010cesk\u00e1 republika\",\"description\":\"WeLoveCycling.cz je online magaz\u00edn, kter\u00fd v\u00e1m pravideln\u011b p\u0159in\u00e1\u0161\u00ed rady a tipy, zaj\u00edmav\u00e9 \u010dl\u00e1nky, videa a jedine\u010dn\u00e9 report\u00e1\u017ee ze sv\u011bta cyklistiky.\",\"potentialAction\":[{\"@type\":\"SearchAction\",\"target\":{\"@type\":\"EntryPoint\",\"urlTemplate\":\"https:\/\/www.welovecycling.com\/cs\/?s={search_term_string}\"},\"query-input\":{\"@type\":\"PropertyValueSpecification\",\"valueRequired\":true,\"valueName\":\"search_term_string\"}}],\"inLanguage\":\"cs\"},{\"@type\":\"Person\",\"@id\":\"\",\"url\":\"https:\/\/www.welovecycling.com\/cs\/author\/\"}]}<\/script>\n<!-- \/ Yoast SEO Premium plugin. -->","yoast_head_json":{"title":"Champs-\u00c9lys\u00e9es, droga sprintersk\u00fdch es | \u0160koda We Love Cycling - \u010cesk\u00e1 republika","robots":{"index":"index","follow":"follow","max-snippet":"max-snippet:-1","max-image-preview":"max-image-preview:large","max-video-preview":"max-video-preview:-1"},"canonical":"https:\/\/www.welovecycling.com\/cs\/2020\/09\/20\/champs-elysees-droga-sprinterskych-es\/","og_locale":"cs_CZ","og_type":"article","og_title":"Champs-\u00c9lys\u00e9es, droga sprintersk\u00fdch es","og_description":"U\u017e asi nikdo si neum\u00ed p\u0159edstavit c\u00edl Tour de France jinde ne\u017e na Champs-\u00c9lys\u00e9es, nejkr\u00e1sn\u011bj\u0161\u00edm bulv\u00e1ru sv\u011bta, kter\u00fd pro Ludv\u00edka [&hellip;]","og_url":"https:\/\/www.welovecycling.com\/cs\/2020\/09\/20\/champs-elysees-droga-sprinterskych-es\/","og_site_name":"\u0160koda We Love Cycling - \u010cesk\u00e1 republika","article_published_time":"2020-09-20T06:00:49+00:00","article_modified_time":"2020-09-20T09:50:19+00:00","og_image":[{"width":1800,"height":1200,"url":"https:\/\/d2p6e6u75xmxt8.cloudfront.net\/13\/2020\/09\/WLC-tour-finish-profimedia-0380258377.webp","type":"image\/webp"}],"twitter_card":"summary_large_image","twitter_misc":{"Written by":"Adam Bouda","Est. reading time":"5"},"schema":{"@context":"https:\/\/schema.org","@graph":[{"@type":"WebPage","@id":"https:\/\/www.welovecycling.com\/cs\/2020\/09\/20\/champs-elysees-droga-sprinterskych-es\/","url":"https:\/\/www.welovecycling.com\/cs\/2020\/09\/20\/champs-elysees-droga-sprinterskych-es\/","name":"Champs-\u00c9lys\u00e9es, droga sprintersk\u00fdch es | \u0160koda We Love Cycling - \u010cesk\u00e1 republika","isPartOf":{"@id":"https:\/\/www.welovecycling.com\/cs\/#website"},"primaryImageOfPage":{"@id":"https:\/\/www.welovecycling.com\/cs\/2020\/09\/20\/champs-elysees-droga-sprinterskych-es\/#primaryimage"},"image":{"@id":"https:\/\/www.welovecycling.com\/cs\/2020\/09\/20\/champs-elysees-droga-sprinterskych-es\/#primaryimage"},"thumbnailUrl":"https:\/\/d2p6e6u75xmxt8.cloudfront.net\/13\/2020\/09\/WLC-tour-finish-profimedia-0380258377.webp","datePublished":"2020-09-20T06:00:49+00:00","dateModified":"2020-09-20T09:50:19+00:00","author":{"@id":""},"inLanguage":"cs","potentialAction":[{"@type":"ReadAction","target":["https:\/\/www.welovecycling.com\/cs\/2020\/09\/20\/champs-elysees-droga-sprinterskych-es\/"]}]},{"@type":"ImageObject","inLanguage":"cs","@id":"https:\/\/www.welovecycling.com\/cs\/2020\/09\/20\/champs-elysees-droga-sprinterskych-es\/#primaryimage","url":"https:\/\/d2p6e6u75xmxt8.cloudfront.net\/13\/2020\/09\/WLC-tour-finish-profimedia-0380258377.webp","contentUrl":"https:\/\/d2p6e6u75xmxt8.cloudfront.net\/13\/2020\/09\/WLC-tour-finish-profimedia-0380258377.webp","width":1800,"height":1200,"caption":"Peloton se b\u011bhem z\u00e1v\u011bre\u010dn\u00e9 etapy \u0159\u00edt\u00ed po xxx. Foto: profimedia"},{"@type":"WebSite","@id":"https:\/\/www.welovecycling.com\/cs\/#website","url":"https:\/\/www.welovecycling.com\/cs\/","name":"\u0160koda We Love Cycling - \u010cesk\u00e1 republika","description":"WeLoveCycling.cz je online magaz\u00edn, kter\u00fd v\u00e1m pravideln\u011b p\u0159in\u00e1\u0161\u00ed rady a tipy, zaj\u00edmav\u00e9 \u010dl\u00e1nky, videa a jedine\u010dn\u00e9 report\u00e1\u017ee ze sv\u011bta cyklistiky.","potentialAction":[{"@type":"SearchAction","target":{"@type":"EntryPoint","urlTemplate":"https:\/\/www.welovecycling.com\/cs\/?s={search_term_string}"},"query-input":{"@type":"PropertyValueSpecification","valueRequired":true,"valueName":"search_term_string"}}],"inLanguage":"cs"},{"@type":"Person","@id":"","url":"https:\/\/www.welovecycling.com\/cs\/author\/"}]}},"_links":{"self":[{"href":"https:\/\/www.welovecycling.com\/cs\/wp-json\/wp\/v2\/posts\/9847","targetHints":{"allow":["GET"]}}],"collection":[{"href":"https:\/\/www.welovecycling.com\/cs\/wp-json\/wp\/v2\/posts"}],"about":[{"href":"https:\/\/www.welovecycling.com\/cs\/wp-json\/wp\/v2\/types\/post"}],"author":[{"embeddable":true,"href":"https:\/\/www.welovecycling.com\/cs\/wp-json\/wp\/v2\/users\/122"}],"replies":[{"embeddable":true,"href":"https:\/\/www.welovecycling.com\/cs\/wp-json\/wp\/v2\/comments?post=9847"}],"version-history":[{"count":2,"href":"https:\/\/www.welovecycling.com\/cs\/wp-json\/wp\/v2\/posts\/9847\/revisions"}],"predecessor-version":[{"id":9856,"href":"https:\/\/www.welovecycling.com\/cs\/wp-json\/wp\/v2\/posts\/9847\/revisions\/9856"}],"wp:featuredmedia":[{"embeddable":true,"href":"https:\/\/www.welovecycling.com\/cs\/wp-json\/wp\/v2\/media\/9849"}],"wp:attachment":[{"href":"https:\/\/www.welovecycling.com\/cs\/wp-json\/wp\/v2\/media?parent=9847"}],"wp:term":[{"taxonomy":"category","embeddable":true,"href":"https:\/\/www.welovecycling.com\/cs\/wp-json\/wp\/v2\/categories?post=9847"},{"taxonomy":"post_tag","embeddable":true,"href":"https:\/\/www.welovecycling.com\/cs\/wp-json\/wp\/v2\/tags?post=9847"},{"taxonomy":"global-categories","embeddable":true,"href":"https:\/\/www.welovecycling.com\/cs\/wp-json\/wp\/v2\/global-categories?post=9847"}],"curies":[{"name":"wp","href":"https:\/\/api.w.org\/{rel}","templated":true}]}}