{"id":9806,"date":"2020-09-18T18:01:11","date_gmt":"2020-09-18T16:01:11","guid":{"rendered":"https:\/\/www.welovecycling.com\/cs\/?p=9806"},"modified":"2020-09-18T18:03:02","modified_gmt":"2020-09-18T16:03:02","slug":"tour-de-france-hydratace-cyklistu","status":"publish","type":"post","link":"https:\/\/www.welovecycling.com\/cs\/2020\/09\/18\/tour-de-france-hydratace-cyklistu\/","title":{"rendered":"Tour de France: hydratace cyklist\u016f"},"content":{"rendered":"<p><strong>Kolik tekutin vypij\u00ed profesion\u00e1lov\u00e9 b\u011bhem etap Tour de France? Hydratace je naprosto kl\u00ed\u010dov\u00e1 pro v\u00fdkonnost na kole i pro regeneraci mezi etapami. Schopnost naplno z\u00e1vodit cel\u00fdch 21 dn\u00ed z\u00e1vis\u00ed nejen na spr\u00e1vn\u00e9 strategii na silnici. \u010c\u00edm dopl\u0148ovali tekutiny z\u00e1vodn\u00edci v za\u010d\u00e1tc\u00edch Tour de France? A jak\u00e9 jsou standardy dnes?<\/strong><\/p>\n<h2><strong>Alkohol, \u010daj a hork\u00e1 \u010dokol\u00e1da<\/strong><\/h2>\n<p>A\u017e do \u0161edes\u00e1t\u00fdch let minul\u00e9ho stolet\u00ed, kdy byla ofici\u00e1ln\u011b zak\u00e1z\u00e1na konzumace stimulant\u016f, z\u00e1vodn\u00edci na Tour pom\u011brn\u011b b\u011b\u017en\u00e9 pili alkohol.<\/p>\n<p>Zp\u0159\u00edjem\u0148ovali si j\u00edzdu v\u0161\u00edm mo\u017en\u00fdm od piva, p\u0159es v\u00edno a\u017e k\u00a0\u0161ampa\u0148sk\u00e9mu. Nap\u0159\u00edklad v\u00edt\u011bz Tour z\u00a0roku 1904 Henri Cornet za jeden den vypil 11 litr\u016f hork\u00e9 \u010dokol\u00e1dy, 4 litry \u010daje a jedno \u0161ampa\u0148sk\u00e9. Na dne\u0161n\u00ed pom\u011bry se to asi zd\u00e1 trochu \u0161\u00edlen\u00e9, ale mus\u00edme vz\u00edt v\u00a0potaz, \u017ee tehdej\u0161\u00ed etapy vy\u017eadovaly klidn\u011b 18 hodin v\u00a0sedle za den.<\/p>\n<figure id=\"attachment_3015\" aria-describedby=\"caption-attachment-3015\" style=\"width: 779px\" class=\"wp-caption alignnone\"><a href=\"https:\/\/d2p6e6u75xmxt8.cloudfront.net\/13\/2019\/07\/Gastone-Nencini-drinking-wine-in-1958-.jpg\"><img loading=\"lazy\" decoding=\"async\" class=\" wp-image-3015\" src=\"https:\/\/d2p6e6u75xmxt8.cloudfront.net\/13\/2019\/07\/Gastone-Nencini-drinking-wine-in-1958-.jpg\" alt=\"Gastone Nencini se ob\u010derstvuje v\u00ednem b\u011bhem etapy Tour de France v roce 1958. O dva roky pozd\u011bji slavn\u00fd z\u00e1vod vyhr\u00e1l. \" width=\"779\" height=\"1093\" \/><\/a><figcaption id=\"caption-attachment-3015\" class=\"wp-caption-text\"><em>Gastone Nencini se ob\u010derstvuje v\u00ednem b\u011bhem etapy Tour de France v roce 1958. O dva roky pozd\u011bji slavn\u00fd z\u00e1vod vyhr\u00e1l.<\/em><\/figcaption><\/figure>\n<p>Dnes ji\u017e v\u00edme, \u017ee konzumace alkoholu nen\u00ed vhodn\u00e1 kv\u016fli jeho schopnosti zpomalovat regeneraci. Jako n\u00e1stroj pro hydrataci tak\u00e9 alkohol nen\u00ed optim\u00e1ln\u00ed. Nap\u0159\u00edklad b\u011b\u017en\u00fd p\u016fllitr piva obsahuje okolo 130 mg drasl\u00edku a 20 mg sod\u00edku, co\u017e nen\u00ed k zahozen\u00ed, ale nelze to srovn\u00e1vat se speci\u00e1ln\u00edmi iontov\u00fdmi n\u00e1poji.<\/p>\n<div class=\"shortcode-ys-post-pinup\"><article class=\"loop-simple post-9743 post type-post status-publish format-standard has-post-thumbnail hentry category-welovecycling-com-cs-tdf tag-andre-greipel tag-cyklistika tag-etapy-tour-de-france-2020 tag-pady tag-romain-bardet tag-silnicni-cyklistika tag-thibaut-pinot tag-toms-skujins tag-tour-de-france tag-zraneni global-categories-cycling\" data-postid=\"9743\" role=\"article\" data-post-id=\"9743\" data-word-count=\"572\" data-headline-length=\"59\" data-category=\"TdF\" data-global-category=\"Cycling\" data-author=\"Radek Malina\" data-published=\"2020-09-15T17:00:36+02:00\" data-published-day=\"Tuesday\">\n    <div class=\"entry-thumbnail article-thumbnail\" content=\"https:\/\/d2p6e6u75xmxt8.cloudfront.net\/13\/2020\/09\/wlc-p\u00e1dy-.PNG-150x150.webp\"><a href=\"https:\/\/www.welovecycling.com\/cs\/2020\/09\/15\/krev-zlomeniny-krvaceni-do-mozku-drsna-tour-de-france\/\" class=\"image-holder\" target=\"_self\"><img decoding=\"async\" loading=\"lazy\" class=\"\" src=\"https:\/\/d2p6e6u75xmxt8.cloudfront.net\/13\/2020\/09\/wlc-p\u00e1dy-.PNG.webp\" srcset=\"https:\/\/d2p6e6u75xmxt8.cloudfront.net\/13\/2020\/09\/wlc-p\u00e1dy-.PNG.webp 942w, https:\/\/d2p6e6u75xmxt8.cloudfront.net\/13\/2020\/09\/wlc-p\u00e1dy-.PNG-300x119.webp 300w, https:\/\/d2p6e6u75xmxt8.cloudfront.net\/13\/2020\/09\/wlc-p\u00e1dy-.PNG-768x304.webp 768w\" width=\"942\" height=\"373\" sizes=\"auto, (min-width: 1200px) 506px, (min-width: 768px) 42vw, 100vw\" alt=\"krev-zlomeniny-krvaceni-do-mozku-drsna-tour-de-france\"\/><\/a><\/div>    <div class=\"entry-meta\">\n        <a class=\"label label-secondary post-category\" href=\"https:\/\/www.welovecycling.com\/cs\/category\/welovecycling-com-cs-tdf\/\" title=\"TdF\">TdF<\/a>\n    <\/div>\n    <div class=\"entry-details\">\n        <a href=\"https:\/\/www.welovecycling.com\/cs\/2020\/09\/15\/krev-zlomeniny-krvaceni-do-mozku-drsna-tour-de-france\/\" class='entry-title-wrapper'>\n            <h3 class=\"entry-title\"><span>Krev, zlomeniny, krv\u00e1cen\u00ed do mozku. Drsn\u00e1 Tour de France<\/span><\/h3>\n        <\/a>\n    <\/div>\n    <\/article>\n<\/div>\n<p>Studie sice ukazuj\u00ed, \u017ee jedno pivo po tr\u00e9ninku v kombinaci s vodou hydrataci nezhor\u0161\u00ed, ale ur\u010dit\u011b existuj\u00ed efektivn\u011bj\u0161\u00ed zp\u016fsoby. To je tak\u00e9 d\u016fvodem, pro\u010d dnes t\u00fdmy na Tour alkohol u sv\u00fdch jezdc\u016f netoleruj\u00ed.<\/p>\n<h2><strong>10 litr\u016f tekutin za den<\/strong><\/h2>\n<p>Profesion\u00e1lov\u00e9 si dnes sice nepochutnaj\u00ed na hork\u00e9 \u010dokol\u00e1d\u011b nebo \u0161ampa\u0148sk\u00e9m, za to objem tekutin, kter\u00fd mus\u00ed b\u011bhem dne vyp\u00edt, se od star\u00fdch \u010das\u016f zase tolik neli\u0161\u00ed. A\u017e polovinu ze z\u00e1vratn\u00fdch 10 litr\u016f za den vypij\u00ed na kole, kde konzumuj\u00ed dva bidony za hodinu neboli n\u011bco mezi 500-1000 ml.<\/p>\n<p><a href=\"https:\/\/d2p6e6u75xmxt8.cloudfront.net\/13\/2020\/09\/hydratace-voda-\u010derven\u00fd.jpg\"><img loading=\"lazy\" decoding=\"async\" class=\"alignnone size-full wp-image-9838\" src=\"https:\/\/d2p6e6u75xmxt8.cloudfront.net\/13\/2020\/09\/hydratace-voda-\u010derven\u00fd.jpg\" alt=\"\" width=\"1067\" height=\"1600\" \/><\/a><\/p>\n<p>P\u0159esn\u00fd objem tekutin se v\u0161ak m\u016f\u017ee v\u00fdrazn\u011b li\u0161it v\u00a0z\u00e1vislosti na fyziologii jednotliv\u00fdch z\u00e1vodn\u00edk\u016f. T\u00fdmy proto p\u0159ed Tour pe\u010dliv\u011b m\u011b\u0159\u00ed m\u00edru pocen\u00ed ka\u017ed\u00e9ho sv\u00e9ho z\u00e1vodn\u00edka a d\u00edky tomu pak v\u00ed, kolik tekutin je pot\u0159eba doplnit. Mno\u017estv\u00ed tekutin se tak\u00e9 li\u0161\u00ed podle prost\u0159ed\u00ed. Nap\u0159\u00edklad zvy\u0161uj\u00edc\u00ed se p\u0159ev\u00fd\u0161en\u00ed a stoup\u00e1n\u00ed zp\u016fsobuje mnohem intenzivn\u011bj\u0161\u00ed pocen\u00ed, a tak klade zv\u00fd\u0161en\u00e9 n\u00e1roky na p\u0159\u00edjem tekutin.<\/p>\n<h2><strong>Speci\u00e1ln\u00ed n\u00e1poje<\/strong><\/h2>\n<p>Voda m\u016f\u017ee v\u00fdborn\u011b fungovat pro p\u0159\u00edjem tekutin u n\u00e1s hobby cyklist\u016f, na Tour v\u0161ak z\u00e1vodn\u00edci spol\u00e9haj\u00ed na speci\u00e1ln\u00ed n\u00e1poje. Ka\u017ed\u00fd litr potu obsahuje p\u0159ibli\u017en\u011b 900 mg sod\u00edku, 1 mg magnesia, 300 mg drasl\u00edku a 15 mg kalcia. Ji\u017e zm\u00edn\u011bn\u00e1 anal\u00fdza m\u00edry pocen\u00ed slou\u017e\u00ed tak\u00e9 ke stanoven\u00ed toho, jak\u00e9 mno\u017estv\u00ed elektrolyt\u016f z\u00e1vodn\u00edk pot\u0159ebuje prost\u0159ednictv\u00edm tekutin p\u0159ijmout.<\/p>\n<p><a href=\"https:\/\/d2p6e6u75xmxt8.cloudfront.net\/13\/2020\/09\/hydratace-bidon-\u010derven\u00fd.jpg\"><img loading=\"lazy\" decoding=\"async\" class=\"alignnone size-full wp-image-9836\" src=\"https:\/\/d2p6e6u75xmxt8.cloudfront.net\/13\/2020\/09\/hydratace-bidon-\u010derven\u00fd.jpg\" alt=\"\" width=\"1600\" height=\"1067\" \/><\/a><\/p>\n<p>N\u00e1poje se tak\u00e9 li\u0161\u00ed podle obsahu sacharid\u016f.<\/p>\n<p>Hypotonick\u00e9 n\u00e1poje s velmi n\u00edzk\u00fdm obsahem sacharid\u016f se za\u0159azuj\u00ed zejm\u00e9na v hork\u00fdch dnech a p\u0159i stoup\u00e1n\u00edch, kde je pot\u0159eba pod\u00e1vat maxim\u00e1ln\u00ed v\u00fdkon, zajistit kvalitn\u00ed hydrataci a z\u00e1rove\u0148 nezat\u00ed\u017eit \u017ealudek tr\u00e1ven\u00edm mnoha sacharid\u016f.<\/p>\n<div class=\"shortcode-ys-post-pinup\"><article class=\"loop-simple post-9698 post type-post status-publish format-standard has-post-thumbnail hentry category-welovecycling-com-cs-tdf tag-cyklistika tag-silnicni-cyklistika tag-strava-na-tour-de-france tag-tour-de-france tag-tour-de-france-2020 tag-vyziva global-categories-cycling\" data-postid=\"9698\" role=\"article\" data-post-id=\"9698\" data-word-count=\"272\" data-headline-length=\"53\" data-category=\"TdF\" data-global-category=\"Cycling\" data-author=\"Ji\u0159\u00ed Kalo\u010d\" data-published=\"2020-09-13T07:00:52+02:00\" data-published-day=\"Sunday\">\n    <div class=\"entry-thumbnail article-thumbnail\" content=\"https:\/\/d2p6e6u75xmxt8.cloudfront.net\/13\/2020\/09\/WLC-sn\u00eddan\u011b-150x150.webp\"><a href=\"https:\/\/www.welovecycling.com\/cs\/2020\/09\/13\/vyziva-cyklistu-na-tour-de-france-rovinate-etapy\/\" class=\"image-holder\" target=\"_self\"><img decoding=\"async\" loading=\"lazy\" class=\"\" src=\"https:\/\/d2p6e6u75xmxt8.cloudfront.net\/13\/2020\/09\/WLC-sn\u00eddan\u011b-1024x640.webp\" srcset=\"https:\/\/d2p6e6u75xmxt8.cloudfront.net\/13\/2020\/09\/WLC-sn\u00eddan\u011b.webp 1080w, https:\/\/d2p6e6u75xmxt8.cloudfront.net\/13\/2020\/09\/WLC-sn\u00eddan\u011b-300x188.webp 300w, https:\/\/d2p6e6u75xmxt8.cloudfront.net\/13\/2020\/09\/WLC-sn\u00eddan\u011b-1024x640.webp 1024w, https:\/\/d2p6e6u75xmxt8.cloudfront.net\/13\/2020\/09\/WLC-sn\u00eddan\u011b-768x480.webp 768w\" width=\"1024\" height=\"640\" sizes=\"auto, (min-width: 1200px) 320px, (min-width: 768px) 27vw, 100vw\" alt=\"vyziva-cyklistu-na-tour-de-france-rovinate-etapy\"\/><\/a><\/div>    <div class=\"entry-meta\">\n        <a class=\"label label-secondary post-category\" href=\"https:\/\/www.welovecycling.com\/cs\/category\/welovecycling-com-cs-tdf\/\" title=\"TdF\">TdF<\/a>\n    <\/div>\n    <div class=\"entry-details\">\n        <a href=\"https:\/\/www.welovecycling.com\/cs\/2020\/09\/13\/vyziva-cyklistu-na-tour-de-france-rovinate-etapy\/\" class='entry-title-wrapper'>\n            <h3 class=\"entry-title\"><span>V\u00fd\u017eiva cyklist\u016f na Tour de France: rovinat\u00e9 etapy<\/span><\/h3>\n        <\/a>\n    <\/div>\n    <\/article>\n<\/div>\n<p>Isotonick\u00e9 n\u00e1poje pak obsahuj\u00ed sacharid\u016f i energie v\u00edce a jezdci je konzumuj\u00ed na rovink\u00e1ch jako raketov\u00fd pohon.<\/p>\n<h2><strong>Domestici jsou sou\u010d\u00e1st\u00ed hydrata\u010dn\u00ed strategie<\/strong><\/h2>\n<p>Mno\u017estv\u00ed tekutin a typ\u016f n\u00e1poj\u016f, kter\u00e9 z\u00e1vodn\u00edci na Tour pot\u0159ebuj\u00ed, je opravdu z\u00e1vratn\u00e9. D\u016fle\u017eitou sou\u010d\u00e1st\u00ed hydrata\u010dn\u00ed strategie jsou tak i podp\u016frn\u00e9 t\u00fdmov\u00e9 vozy a domestici pe\u010duj\u00edc\u00ed, aby t\u00fdmov\u00fd l\u00eddr v\u017edy m\u011bl v\u0161e, co pot\u0159ebuje.<\/p>\n<p>V\u0161ichni to zn\u00e1me, v z\u00e1palu boje je snadn\u00e9 zapomenout p\u00edt. A to je jenom jeden z d\u016fvod\u016f, pro\u010d je Tour de France t\u00fdmov\u00fdm sportem.<\/p>\n","protected":false},"excerpt":{"rendered":"<p>Kolik tekutin vypij\u00ed profesion\u00e1lov\u00e9 b\u011bhem etap Tour de France? Hydratace je naprosto kl\u00ed\u010dov\u00e1 pro v\u00fdkonnost na kole i pro regeneraci [&hellip;]<\/p>\n","protected":false},"author":122,"featured_media":9837,"comment_status":"open","ping_status":"open","sticky":false,"template":"","format":"standard","meta":{"footnotes":""},"categories":[243,6],"tags":[126,334,974,972,268,23,17],"global-categories":[411],"class_list":["post-9806","post","type-post","status-publish","format-standard","has-post-thumbnail","hentry","category-welovecycling-com-cs-tdf","category-zdravi-a-trenink","tag-cyklistika","tag-hydratace","tag-hypotonicky-napoj","tag-isotonicky-napoj","tag-pitny-rezim","tag-tour-de-france","tag-vyziva","global-categories-cycling"],"yoast_head":"<!-- This site is optimized with the Yoast SEO Premium plugin v25.3 (Yoast SEO v25.9) - https:\/\/yoast.com\/wordpress\/plugins\/seo\/ -->\n<title>Tour de France: hydratace cyklist\u016f | \u0160koda We Love Cycling - \u010cesk\u00e1 republika<\/title>\n<meta name=\"robots\" content=\"index, follow, max-snippet:-1, max-image-preview:large, max-video-preview:-1\" \/>\n<link rel=\"canonical\" href=\"https:\/\/www.welovecycling.com\/cs\/2020\/09\/18\/tour-de-france-hydratace-cyklistu\/\" \/>\n<meta property=\"og:locale\" content=\"cs_CZ\" \/>\n<meta property=\"og:type\" content=\"article\" \/>\n<meta property=\"og:title\" content=\"Tour de France: hydratace cyklist\u016f\" \/>\n<meta property=\"og:description\" content=\"Kolik tekutin vypij\u00ed profesion\u00e1lov\u00e9 b\u011bhem etap Tour de France? Hydratace je naprosto kl\u00ed\u010dov\u00e1 pro v\u00fdkonnost na kole i pro regeneraci [&hellip;]\" \/>\n<meta property=\"og:url\" content=\"https:\/\/www.welovecycling.com\/cs\/2020\/09\/18\/tour-de-france-hydratace-cyklistu\/\" \/>\n<meta property=\"og:site_name\" content=\"\u0160koda We Love Cycling - \u010cesk\u00e1 republika\" \/>\n<meta property=\"article:published_time\" content=\"2020-09-18T16:01:11+00:00\" \/>\n<meta property=\"article:modified_time\" content=\"2020-09-18T16:03:02+00:00\" \/>\n<meta property=\"og:image\" content=\"https:\/\/d2p6e6u75xmxt8.cloudfront.net\/13\/2020\/09\/Hydratace-\u010derven\u00fd.webp\" \/>\n\t<meta property=\"og:image:width\" content=\"1600\" \/>\n\t<meta property=\"og:image:height\" content=\"1067\" \/>\n\t<meta property=\"og:image:type\" content=\"image\/webp\" \/>\n<meta name=\"twitter:card\" content=\"summary_large_image\" \/>\n<meta name=\"twitter:label1\" content=\"Written by\" \/>\n\t<meta name=\"twitter:data1\" content=\"Ji\u0159\u00ed Kalo\u010d\" \/>\n\t<meta name=\"twitter:label2\" content=\"Est. reading time\" \/>\n\t<meta name=\"twitter:data2\" content=\"6\" \/>\n<script type=\"application\/ld+json\" class=\"yoast-schema-graph\">{\"@context\":\"https:\/\/schema.org\",\"@graph\":[{\"@type\":\"WebPage\",\"@id\":\"https:\/\/www.welovecycling.com\/cs\/2020\/09\/18\/tour-de-france-hydratace-cyklistu\/\",\"url\":\"https:\/\/www.welovecycling.com\/cs\/2020\/09\/18\/tour-de-france-hydratace-cyklistu\/\",\"name\":\"Tour de France: hydratace cyklist\u016f | \u0160koda We Love Cycling - \u010cesk\u00e1 republika\",\"isPartOf\":{\"@id\":\"https:\/\/www.welovecycling.com\/cs\/#website\"},\"primaryImageOfPage\":{\"@id\":\"https:\/\/www.welovecycling.com\/cs\/2020\/09\/18\/tour-de-france-hydratace-cyklistu\/#primaryimage\"},\"image\":{\"@id\":\"https:\/\/www.welovecycling.com\/cs\/2020\/09\/18\/tour-de-france-hydratace-cyklistu\/#primaryimage\"},\"thumbnailUrl\":\"https:\/\/d2p6e6u75xmxt8.cloudfront.net\/13\/2020\/09\/Hydratace-\u010derven\u00fd.webp\",\"datePublished\":\"2020-09-18T16:01:11+00:00\",\"dateModified\":\"2020-09-18T16:03:02+00:00\",\"author\":{\"@id\":\"\"},\"inLanguage\":\"cs\",\"potentialAction\":[{\"@type\":\"ReadAction\",\"target\":[\"https:\/\/www.welovecycling.com\/cs\/2020\/09\/18\/tour-de-france-hydratace-cyklistu\/\"]}]},{\"@type\":\"ImageObject\",\"inLanguage\":\"cs\",\"@id\":\"https:\/\/www.welovecycling.com\/cs\/2020\/09\/18\/tour-de-france-hydratace-cyklistu\/#primaryimage\",\"url\":\"https:\/\/d2p6e6u75xmxt8.cloudfront.net\/13\/2020\/09\/Hydratace-\u010derven\u00fd.webp\",\"contentUrl\":\"https:\/\/d2p6e6u75xmxt8.cloudfront.net\/13\/2020\/09\/Hydratace-\u010derven\u00fd.webp\",\"width\":1600,\"height\":1067},{\"@type\":\"WebSite\",\"@id\":\"https:\/\/www.welovecycling.com\/cs\/#website\",\"url\":\"https:\/\/www.welovecycling.com\/cs\/\",\"name\":\"\u0160koda We Love Cycling - \u010cesk\u00e1 republika\",\"description\":\"WeLoveCycling.cz je online magaz\u00edn, kter\u00fd v\u00e1m pravideln\u011b p\u0159in\u00e1\u0161\u00ed rady a tipy, zaj\u00edmav\u00e9 \u010dl\u00e1nky, videa a jedine\u010dn\u00e9 report\u00e1\u017ee ze sv\u011bta cyklistiky.\",\"potentialAction\":[{\"@type\":\"SearchAction\",\"target\":{\"@type\":\"EntryPoint\",\"urlTemplate\":\"https:\/\/www.welovecycling.com\/cs\/?s={search_term_string}\"},\"query-input\":{\"@type\":\"PropertyValueSpecification\",\"valueRequired\":true,\"valueName\":\"search_term_string\"}}],\"inLanguage\":\"cs\"},{\"@type\":\"Person\",\"@id\":\"\",\"url\":\"https:\/\/www.welovecycling.com\/cs\/author\/\"}]}<\/script>\n<!-- \/ Yoast SEO Premium plugin. -->","yoast_head_json":{"title":"Tour de France: hydratace cyklist\u016f | \u0160koda We Love Cycling - \u010cesk\u00e1 republika","robots":{"index":"index","follow":"follow","max-snippet":"max-snippet:-1","max-image-preview":"max-image-preview:large","max-video-preview":"max-video-preview:-1"},"canonical":"https:\/\/www.welovecycling.com\/cs\/2020\/09\/18\/tour-de-france-hydratace-cyklistu\/","og_locale":"cs_CZ","og_type":"article","og_title":"Tour de France: hydratace cyklist\u016f","og_description":"Kolik tekutin vypij\u00ed profesion\u00e1lov\u00e9 b\u011bhem etap Tour de France? Hydratace je naprosto kl\u00ed\u010dov\u00e1 pro v\u00fdkonnost na kole i pro regeneraci [&hellip;]","og_url":"https:\/\/www.welovecycling.com\/cs\/2020\/09\/18\/tour-de-france-hydratace-cyklistu\/","og_site_name":"\u0160koda We Love Cycling - \u010cesk\u00e1 republika","article_published_time":"2020-09-18T16:01:11+00:00","article_modified_time":"2020-09-18T16:03:02+00:00","og_image":[{"width":1600,"height":1067,"url":"https:\/\/d2p6e6u75xmxt8.cloudfront.net\/13\/2020\/09\/Hydratace-\u010derven\u00fd.webp","type":"image\/webp"}],"twitter_card":"summary_large_image","twitter_misc":{"Written by":"Ji\u0159\u00ed Kalo\u010d","Est. reading time":"6"},"schema":{"@context":"https:\/\/schema.org","@graph":[{"@type":"WebPage","@id":"https:\/\/www.welovecycling.com\/cs\/2020\/09\/18\/tour-de-france-hydratace-cyklistu\/","url":"https:\/\/www.welovecycling.com\/cs\/2020\/09\/18\/tour-de-france-hydratace-cyklistu\/","name":"Tour de France: hydratace cyklist\u016f | \u0160koda We Love Cycling - \u010cesk\u00e1 republika","isPartOf":{"@id":"https:\/\/www.welovecycling.com\/cs\/#website"},"primaryImageOfPage":{"@id":"https:\/\/www.welovecycling.com\/cs\/2020\/09\/18\/tour-de-france-hydratace-cyklistu\/#primaryimage"},"image":{"@id":"https:\/\/www.welovecycling.com\/cs\/2020\/09\/18\/tour-de-france-hydratace-cyklistu\/#primaryimage"},"thumbnailUrl":"https:\/\/d2p6e6u75xmxt8.cloudfront.net\/13\/2020\/09\/Hydratace-\u010derven\u00fd.webp","datePublished":"2020-09-18T16:01:11+00:00","dateModified":"2020-09-18T16:03:02+00:00","author":{"@id":""},"inLanguage":"cs","potentialAction":[{"@type":"ReadAction","target":["https:\/\/www.welovecycling.com\/cs\/2020\/09\/18\/tour-de-france-hydratace-cyklistu\/"]}]},{"@type":"ImageObject","inLanguage":"cs","@id":"https:\/\/www.welovecycling.com\/cs\/2020\/09\/18\/tour-de-france-hydratace-cyklistu\/#primaryimage","url":"https:\/\/d2p6e6u75xmxt8.cloudfront.net\/13\/2020\/09\/Hydratace-\u010derven\u00fd.webp","contentUrl":"https:\/\/d2p6e6u75xmxt8.cloudfront.net\/13\/2020\/09\/Hydratace-\u010derven\u00fd.webp","width":1600,"height":1067},{"@type":"WebSite","@id":"https:\/\/www.welovecycling.com\/cs\/#website","url":"https:\/\/www.welovecycling.com\/cs\/","name":"\u0160koda We Love Cycling - \u010cesk\u00e1 republika","description":"WeLoveCycling.cz je online magaz\u00edn, kter\u00fd v\u00e1m pravideln\u011b p\u0159in\u00e1\u0161\u00ed rady a tipy, zaj\u00edmav\u00e9 \u010dl\u00e1nky, videa a jedine\u010dn\u00e9 report\u00e1\u017ee ze sv\u011bta cyklistiky.","potentialAction":[{"@type":"SearchAction","target":{"@type":"EntryPoint","urlTemplate":"https:\/\/www.welovecycling.com\/cs\/?s={search_term_string}"},"query-input":{"@type":"PropertyValueSpecification","valueRequired":true,"valueName":"search_term_string"}}],"inLanguage":"cs"},{"@type":"Person","@id":"","url":"https:\/\/www.welovecycling.com\/cs\/author\/"}]}},"_links":{"self":[{"href":"https:\/\/www.welovecycling.com\/cs\/wp-json\/wp\/v2\/posts\/9806","targetHints":{"allow":["GET"]}}],"collection":[{"href":"https:\/\/www.welovecycling.com\/cs\/wp-json\/wp\/v2\/posts"}],"about":[{"href":"https:\/\/www.welovecycling.com\/cs\/wp-json\/wp\/v2\/types\/post"}],"author":[{"embeddable":true,"href":"https:\/\/www.welovecycling.com\/cs\/wp-json\/wp\/v2\/users\/122"}],"replies":[{"embeddable":true,"href":"https:\/\/www.welovecycling.com\/cs\/wp-json\/wp\/v2\/comments?post=9806"}],"version-history":[{"count":2,"href":"https:\/\/www.welovecycling.com\/cs\/wp-json\/wp\/v2\/posts\/9806\/revisions"}],"predecessor-version":[{"id":9842,"href":"https:\/\/www.welovecycling.com\/cs\/wp-json\/wp\/v2\/posts\/9806\/revisions\/9842"}],"wp:featuredmedia":[{"embeddable":true,"href":"https:\/\/www.welovecycling.com\/cs\/wp-json\/wp\/v2\/media\/9837"}],"wp:attachment":[{"href":"https:\/\/www.welovecycling.com\/cs\/wp-json\/wp\/v2\/media?parent=9806"}],"wp:term":[{"taxonomy":"category","embeddable":true,"href":"https:\/\/www.welovecycling.com\/cs\/wp-json\/wp\/v2\/categories?post=9806"},{"taxonomy":"post_tag","embeddable":true,"href":"https:\/\/www.welovecycling.com\/cs\/wp-json\/wp\/v2\/tags?post=9806"},{"taxonomy":"global-categories","embeddable":true,"href":"https:\/\/www.welovecycling.com\/cs\/wp-json\/wp\/v2\/global-categories?post=9806"}],"curies":[{"name":"wp","href":"https:\/\/api.w.org\/{rel}","templated":true}]}}