{"id":9763,"date":"2020-09-16T15:00:19","date_gmt":"2020-09-16T13:00:19","guid":{"rendered":"https:\/\/www.welovecycling.com\/cs\/?p=9763"},"modified":"2020-09-16T14:54:51","modified_gmt":"2020-09-16T12:54:51","slug":"vyziva-cyklistu-na-tour-de-france-horske-etapy","status":"publish","type":"post","link":"https:\/\/www.welovecycling.com\/cs\/2020\/09\/16\/vyziva-cyklistu-na-tour-de-france-horske-etapy\/","title":{"rendered":"V\u00fd\u017eiva cyklist\u016f na Tour de France: horsk\u00e9 etapy"},"content":{"rendered":"<p><strong>Mno\u017estv\u00ed j\u00eddla, kter\u00e9 cyklist\u00e9 na Tour de France mus\u00ed sn\u00edst, se m\u011bn\u00ed ze dne na den. Rovinat\u00e9 etapy vy\u017eaduj\u00ed daleko m\u00e9n\u011b sacharid\u016f a kalori\u00ed, ne\u017e by se zd\u00e1lo. Horsk\u00e9 etapy pln\u00e9 n\u00e1ro\u010dn\u00fdch stoup\u00e1n\u00ed jsou prav\u00fdm opakem. Pro jezdce je opravdov\u00e1 v\u00fdzva spo\u0159\u00e1dat a \u00fasp\u011b\u0161n\u011b str\u00e1vit p\u0159i zdol\u00e1v\u00e1n\u00ed vrcha\u0159sk\u00fdch pr\u00e9mi\u00ed po\u017eadovan\u00e9 mno\u017estv\u00ed j\u00eddla.<\/strong><\/p>\n<p>Horsk\u00e9 etapy jsou velmi \u010dasto kl\u00ed\u010dov\u00e9 pro v\u00fdsledky celkov\u00e9 klasifikace. V\u00fd\u017eivov\u00fdm c\u00edlem ka\u017ed\u00e9ho z\u00e1vodn\u00edka s ambicemi na v\u00edt\u011bzstv\u00ed je za\u010d\u00edt etapu s vrchovat\u011b pln\u00fdmi z\u00e1sobn\u00edky energie, sn\u00edst ohromn\u00e9 mno\u017estv\u00ed sacharid\u016f na kole a pokra\u010dovat v nadlidsk\u00fdch porc\u00edch hned po fini\u0161i pro spr\u00e1vnou regeneraci. Jak\u00fd je stravovac\u00ed re\u017eim na horsk\u00e9 etapy?<\/p>\n<h2><strong>Den p\u0159edem<\/strong><\/h2>\n<p>P\u0159\u00edprava na n\u00e1ro\u010dnou horskou etapu za\u010d\u00edn\u00e1 v\u017edy ji\u017e ve\u010der p\u0159ed cestou do hor. Ve\u010de\u0159e mus\u00ed obsahovat dostatek sacharid\u016f, aby se p\u0159es noc stihly obnovit z\u00e1soby glykogenu ve svalech. Sou\u010d\u00e1st\u00ed je proto zpravidla velk\u00e1 porce b\u00edl\u00e9 r\u00fd\u017ee. Nechyb\u00ed ani zdroj b\u00edlkovin v podob\u011b ku\u0159ec\u00edho masa.<\/p>\n<p><a href=\"https:\/\/d2p6e6u75xmxt8.cloudfront.net\/13\/2020\/09\/wlc-ovoce-j\u00eddlo-ban\u00e1n-meloun.jpg\"><img loading=\"lazy\" decoding=\"async\" class=\"alignnone size-full wp-image-9766\" src=\"https:\/\/d2p6e6u75xmxt8.cloudfront.net\/13\/2020\/09\/wlc-ovoce-j\u00eddlo-ban\u00e1n-meloun.jpg\" alt=\"\" width=\"1600\" height=\"1067\" \/><\/a><\/p>\n<p>P\u0159\u00edjemn\u00fdm aspektem je pak i povinn\u00fd sladk\u00fd dezert jako nap\u0159\u00edklad pala\u010dinky nebo ovocn\u00fd dort\u00edk, kter\u00fd m\u00e1 pomoct z\u00e1vodn\u00edk\u016fm dostat to ohromn\u00e9 mno\u017estv\u00ed kalori\u00ed do b\u0159icha. C\u00edlem je dos\u00e1hnout p\u0159\u00edjmu 2-3 gram\u016f sacharid\u016f na 1 kilogram t\u011blesn\u00e9 v\u00e1hy.<\/p>\n<h2><strong>Sn\u00eddan\u011b<\/strong><\/h2>\n<p>Sn\u00eddan\u011b se skl\u00e1d\u00e1 jako obvykle z omelety, r\u00fd\u017ee a ovocn\u00e9ho d\u017eusu. Tentokr\u00e1t jsou to v\u0161ak daleko v\u011bt\u0161\u00ed porce a z\u00e1vodn\u00edci maj\u00ed mo\u017enost p\u0159idat je\u0161t\u011b pala\u010dinky s d\u017eemem, aby pojistili p\u0159\u00edjem sacharid\u016f znovu v rozmez\u00ed 2-3 gram\u016f na 1 kilogram t\u011blesn\u00e9 v\u00e1hy.<\/p>\n<h2><strong>Na kole<\/strong><\/h2>\n<p>Mno\u017estv\u00ed energetick\u00fdch gel\u016f, ty\u010dinek a r\u00fd\u017eov\u00fdch dort\u00edk\u016f, kter\u00e9 cyklist\u00e9 mus\u00ed b\u011bhem etapy sn\u00edst je opravdu z\u00e1vratn\u00e9. Nap\u0159\u00edklad horsk\u00e1 etapa trvaj\u00edc\u00ed \u0161est hodin m\u016f\u017ee znamenat i 20 takov\u00fdch sacharidov\u00fdch sva\u010dinek.<\/p>\n<div class=\"shortcode-ys-post-pinup\"><article class=\"loop-simple post-9698 post type-post status-publish format-standard has-post-thumbnail hentry category-welovecycling-com-cs-tdf tag-cyklistika tag-silnicni-cyklistika tag-strava-na-tour-de-france tag-tour-de-france tag-tour-de-france-2020 tag-vyziva global-categories-cycling\" data-postid=\"9698\" role=\"article\" data-post-id=\"9698\" data-word-count=\"272\" data-headline-length=\"53\" data-category=\"TdF\" data-global-category=\"Cycling\" data-author=\"Ji\u0159\u00ed Kalo\u010d\" data-published=\"2020-09-13T07:00:52+02:00\" data-published-day=\"Sunday\">\n    <div class=\"entry-thumbnail article-thumbnail\" content=\"https:\/\/d2p6e6u75xmxt8.cloudfront.net\/13\/2020\/09\/WLC-sn\u00eddan\u011b-150x150.webp\"><a href=\"https:\/\/www.welovecycling.com\/cs\/2020\/09\/13\/vyziva-cyklistu-na-tour-de-france-rovinate-etapy\/\" class=\"image-holder\" target=\"_self\"><img decoding=\"async\" loading=\"lazy\" class=\"\" src=\"https:\/\/d2p6e6u75xmxt8.cloudfront.net\/13\/2020\/09\/WLC-sn\u00eddan\u011b-1024x640.webp\" srcset=\"https:\/\/d2p6e6u75xmxt8.cloudfront.net\/13\/2020\/09\/WLC-sn\u00eddan\u011b.webp 1080w, https:\/\/d2p6e6u75xmxt8.cloudfront.net\/13\/2020\/09\/WLC-sn\u00eddan\u011b-300x188.webp 300w, https:\/\/d2p6e6u75xmxt8.cloudfront.net\/13\/2020\/09\/WLC-sn\u00eddan\u011b-1024x640.webp 1024w, https:\/\/d2p6e6u75xmxt8.cloudfront.net\/13\/2020\/09\/WLC-sn\u00eddan\u011b-768x480.webp 768w\" width=\"1024\" height=\"640\" sizes=\"auto, (min-width: 1200px) 320px, (min-width: 768px) 27vw, 100vw\" alt=\"vyziva-cyklistu-na-tour-de-france-rovinate-etapy\"\/><\/a><\/div>    <div class=\"entry-meta\">\n        <a class=\"label label-secondary post-category\" href=\"https:\/\/www.welovecycling.com\/cs\/category\/welovecycling-com-cs-tdf\/\" title=\"TdF\">TdF<\/a>\n    <\/div>\n    <div class=\"entry-details\">\n        <a href=\"https:\/\/www.welovecycling.com\/cs\/2020\/09\/13\/vyziva-cyklistu-na-tour-de-france-rovinate-etapy\/\" class='entry-title-wrapper'>\n            <h3 class=\"entry-title\"><span>V\u00fd\u017eiva cyklist\u016f na Tour de France: rovinat\u00e9 etapy<\/span><\/h3>\n        <\/a>\n    <\/div>\n    <\/article>\n<\/div>\n<p>Skrytou zbran\u00ed horsk\u00fdch etap jsou v\u0161ak speci\u00e1ln\u00ed energetick\u00e9 n\u00e1poje. Profesion\u00e1ln\u00ed t\u00fdmy pou\u017e\u00edvaj\u00ed n\u00e1poje s v\u00edce zdroji monosacharid\u016f, kter\u00e9 z\u00e1vodn\u00edk\u016fm umo\u017en\u00ed vst\u0159ebat a\u017e neuv\u011b\u0159iteln\u00fdch 90 gram\u016f sacharid\u016f za hodinu j\u00edzdy.<\/p>\n<h2><strong>Regenerace<\/strong><\/h2>\n<p>Tohle \u201enacp\u00e1v\u00e1n\u00ed\u201c pokra\u010duje i po dojezdu do c\u00edle. Na za\u010d\u00e1tek si cyklist\u00e9 daj\u00ed velk\u00fd regenera\u010dn\u00ed n\u00e1poj a zanedlouho pot\u00e9 pokra\u010duj\u00ed r\u00fd\u017e\u00ed se sirupem, aby doplnili maxim\u00e1ln\u00ed mno\u017estv\u00ed spot\u0159ebovan\u00e9ho glykogenu.<\/p>\n<figure id=\"attachment_9770\" aria-describedby=\"caption-attachment-9770\" style=\"width: 1600px\" class=\"wp-caption alignnone\"><a href=\"https:\/\/d2p6e6u75xmxt8.cloudfront.net\/13\/2020\/09\/WLC-haribo-j\u00eddlo.jpg\"><img loading=\"lazy\" decoding=\"async\" class=\"size-full wp-image-9770\" src=\"https:\/\/d2p6e6u75xmxt8.cloudfront.net\/13\/2020\/09\/WLC-haribo-j\u00eddlo.jpg\" alt=\"Bonbony pat\u0159\u00ed mezi cyklisty k obl\u00edben\u00fdm zp\u016fsob\u016fm dopln\u011bn\u00ed energie. Foto: Michal \u010cerven\u00fd\" width=\"1600\" height=\"1067\" \/><\/a><figcaption id=\"caption-attachment-9770\" class=\"wp-caption-text\"><em>Bonbony pat\u0159\u00ed mezi cyklisty k obl\u00edben\u00fdm zp\u016fsob\u016fm dopln\u011bn\u00ed energie. Foto: Michal \u010cerven\u00fd<\/em><\/figcaption><\/figure>\n<p>Zpravidla pak pokra\u010duj\u00ed v j\u00eddle d\u00e1l a dop\u0159\u00e1vaj\u00ed si energetick\u00e9 ty\u010dinky, ovoce \u010di bonb\u00f3ny. Tato regenera\u010dn\u00ed f\u00e1ze si \u017e\u00e1d\u00e1 p\u0159\u00edjem a\u017e 5 gram\u016f sacharid\u016f na 1 kilogram t\u011blesn\u00e9 v\u00e1hy.<\/p>\n<h2><strong>Ve\u010de\u0159e<\/strong><\/h2>\n<p>Velikost ve\u010de\u0159e se odv\u00edj\u00ed od toho, jak\u00e1 etapa je v pl\u00e1nu n\u00e1sleduj\u00edc\u00ed den. Pokud nejde o lehkou rovinatou etapu nebo odpo\u010dinkov\u00fd den, tak maj\u00ed z\u00e1vodn\u00edci za c\u00edl op\u011bt p\u0159\u00edjem sacharid\u016f v rozmez\u00ed 2-3 gram\u016f na 1 kilogram t\u011blesn\u00e9 v\u00e1hy a k tomu i slu\u0161nou porci proteinu. Velmi \u010dastou volbou je losos s r\u00fd\u017e\u00ed a ovocn\u00fdm d\u017eusem.<\/p>\n<div class=\"shortcode-ys-post-pinup\"><article class=\"loop-simple post-7960 post type-post status-publish format-standard has-post-thumbnail hentry category-silnicni-cyklistika category-welovecycling-com-cs-tdf category-https-www-welovecycling-com-cs-category-zabava tag-cyklistika tag-eddy-merckx tag-fausto-coppi tag-gino-bartali tag-silnicni-cyklistika tag-tour-de-france tag-vyziva global-categories-cycling\" data-postid=\"7960\" role=\"article\" data-post-id=\"7960\" data-word-count=\"568\" data-headline-length=\"92\" data-category=\"Silni\u010dn\u00ed cyklistika\" data-global-category=\"Cycling\" data-author=\"Adam Bouda\" data-published=\"2020-06-29T07:00:56+02:00\" data-published-day=\"Monday\">\n    <div class=\"entry-thumbnail article-thumbnail\" content=\"https:\/\/d2p6e6u75xmxt8.cloudfront.net\/13\/2020\/06\/Merckx-profimedia-0068242989-150x150.webp\"><a href=\"https:\/\/www.welovecycling.com\/cs\/2020\/06\/29\/rad-jsem-na-tour-de-france-zakouril-zivotosprava-cyklistickeho-davnoveku\/\" class=\"image-holder\" target=\"_self\"><img decoding=\"async\" loading=\"lazy\" class=\"\" src=\"https:\/\/d2p6e6u75xmxt8.cloudfront.net\/13\/2020\/06\/Merckx-profimedia-0068242989-1024x720.webp\" srcset=\"https:\/\/d2p6e6u75xmxt8.cloudfront.net\/13\/2020\/06\/Merckx-profimedia-0068242989.webp 1800w, https:\/\/d2p6e6u75xmxt8.cloudfront.net\/13\/2020\/06\/Merckx-profimedia-0068242989-300x211.webp 300w, https:\/\/d2p6e6u75xmxt8.cloudfront.net\/13\/2020\/06\/Merckx-profimedia-0068242989-1024x720.webp 1024w, https:\/\/d2p6e6u75xmxt8.cloudfront.net\/13\/2020\/06\/Merckx-profimedia-0068242989-768x540.webp 768w, https:\/\/d2p6e6u75xmxt8.cloudfront.net\/13\/2020\/06\/Merckx-profimedia-0068242989-1536x1079.webp 1536w\" width=\"1024\" height=\"720\" sizes=\"auto, (min-width: 1200px) 300px, (min-width: 768px) 25vw, 100vw\" alt=\"rad-jsem-na-tour-de-france-zakouril-zivotosprava-cyklistickeho-davnoveku\"\/><\/a><\/div>    <div class=\"entry-meta\">\n        <a class=\"label label-secondary post-category\" href=\"https:\/\/www.welovecycling.com\/cs\/category\/silnicni-cyklistika\/\" title=\"Silni\u010dn\u00ed cyklistika\">Silni\u010dn\u00ed cyklistika<\/a>\n    <\/div>\n    <div class=\"entry-details\">\n        <a href=\"https:\/\/www.welovecycling.com\/cs\/2020\/06\/29\/rad-jsem-na-tour-de-france-zakouril-zivotosprava-cyklistickeho-davnoveku\/\" class='entry-title-wrapper'>\n            <h3 class=\"entry-title\"><span>Merckx si na Tour de France r\u00e1d zakou\u0159il. \u017divotospr\u00e1va cyklistick\u00e9ho d\u00e1vnov\u011bku&#8230;<\/span><\/h3>\n        <\/a>\n    <\/div>\n    <\/article>\n<\/div>\n<p>Profesion\u00e1lov\u00e9 na Tour de France den s tvrdou horskou etapou kon\u010d\u00ed s p\u0159\u00edjmem okolo 15 gram\u016f sacharid\u016f na 1 kilogram t\u011blesn\u00e9 v\u00e1hy. Tohle doma opravu nezkou\u0161ejte!<\/p>\n","protected":false},"excerpt":{"rendered":"<p>Mno\u017estv\u00ed j\u00eddla, kter\u00e9 cyklist\u00e9 na Tour de France mus\u00ed sn\u00edst, se m\u011bn\u00ed ze dne na den. Rovinat\u00e9 etapy vy\u017eaduj\u00ed daleko [&hellip;]<\/p>\n","protected":false},"author":122,"featured_media":9769,"comment_status":"open","ping_status":"open","sticky":false,"template":"","format":"standard","meta":{"footnotes":""},"categories":[243,6],"tags":[126,9,23,998,17,28],"global-categories":[411],"class_list":["post-9763","post","type-post","status-publish","format-standard","has-post-thumbnail","hentry","category-welovecycling-com-cs-tdf","category-zdravi-a-trenink","tag-cyklistika","tag-silnicni-cyklistika","tag-tour-de-france","tag-tour-de-france-2020","tag-vyziva","tag-zdravi","global-categories-cycling"],"yoast_head":"<!-- This site is optimized with the Yoast SEO Premium plugin v25.3 (Yoast SEO v25.9) - https:\/\/yoast.com\/wordpress\/plugins\/seo\/ -->\n<title>V\u00fd\u017eiva cyklist\u016f na Tour de France: horsk\u00e9 etapy | \u0160koda We Love Cycling - \u010cesk\u00e1 republika<\/title>\n<meta name=\"robots\" content=\"index, follow, max-snippet:-1, max-image-preview:large, max-video-preview:-1\" \/>\n<link rel=\"canonical\" href=\"https:\/\/www.welovecycling.com\/cs\/2020\/09\/16\/vyziva-cyklistu-na-tour-de-france-horske-etapy\/\" \/>\n<meta property=\"og:locale\" content=\"cs_CZ\" \/>\n<meta property=\"og:type\" content=\"article\" \/>\n<meta property=\"og:title\" content=\"V\u00fd\u017eiva cyklist\u016f na Tour de France: horsk\u00e9 etapy\" \/>\n<meta property=\"og:description\" content=\"Mno\u017estv\u00ed j\u00eddla, kter\u00e9 cyklist\u00e9 na Tour de France mus\u00ed sn\u00edst, se m\u011bn\u00ed ze dne na den. Rovinat\u00e9 etapy vy\u017eaduj\u00ed daleko [&hellip;]\" \/>\n<meta property=\"og:url\" content=\"https:\/\/www.welovecycling.com\/cs\/2020\/09\/16\/vyziva-cyklistu-na-tour-de-france-horske-etapy\/\" \/>\n<meta property=\"og:site_name\" content=\"\u0160koda We Love Cycling - \u010cesk\u00e1 republika\" \/>\n<meta property=\"article:published_time\" content=\"2020-09-16T13:00:19+00:00\" \/>\n<meta property=\"og:image\" content=\"https:\/\/d2p6e6u75xmxt8.cloudfront.net\/13\/2020\/09\/wlc-bur\u00e1kov\u00e9-m\u00e1slo.webp\" \/>\n\t<meta property=\"og:image:width\" content=\"1600\" \/>\n\t<meta property=\"og:image:height\" content=\"1067\" \/>\n\t<meta property=\"og:image:type\" content=\"image\/webp\" \/>\n<meta name=\"twitter:card\" content=\"summary_large_image\" \/>\n<meta name=\"twitter:label1\" content=\"Written by\" \/>\n\t<meta name=\"twitter:data1\" content=\"Adam Bouda\" \/>\n\t<meta name=\"twitter:label2\" content=\"Est. reading time\" \/>\n\t<meta name=\"twitter:data2\" content=\"7\" \/>\n<script type=\"application\/ld+json\" class=\"yoast-schema-graph\">{\"@context\":\"https:\/\/schema.org\",\"@graph\":[{\"@type\":\"WebPage\",\"@id\":\"https:\/\/www.welovecycling.com\/cs\/2020\/09\/16\/vyziva-cyklistu-na-tour-de-france-horske-etapy\/\",\"url\":\"https:\/\/www.welovecycling.com\/cs\/2020\/09\/16\/vyziva-cyklistu-na-tour-de-france-horske-etapy\/\",\"name\":\"V\u00fd\u017eiva cyklist\u016f na Tour de France: horsk\u00e9 etapy | \u0160koda We Love Cycling - \u010cesk\u00e1 republika\",\"isPartOf\":{\"@id\":\"https:\/\/www.welovecycling.com\/cs\/#website\"},\"primaryImageOfPage\":{\"@id\":\"https:\/\/www.welovecycling.com\/cs\/2020\/09\/16\/vyziva-cyklistu-na-tour-de-france-horske-etapy\/#primaryimage\"},\"image\":{\"@id\":\"https:\/\/www.welovecycling.com\/cs\/2020\/09\/16\/vyziva-cyklistu-na-tour-de-france-horske-etapy\/#primaryimage\"},\"thumbnailUrl\":\"https:\/\/d2p6e6u75xmxt8.cloudfront.net\/13\/2020\/09\/wlc-bur\u00e1kov\u00e9-m\u00e1slo.webp\",\"datePublished\":\"2020-09-16T13:00:19+00:00\",\"author\":{\"@id\":\"\"},\"inLanguage\":\"cs\",\"potentialAction\":[{\"@type\":\"ReadAction\",\"target\":[\"https:\/\/www.welovecycling.com\/cs\/2020\/09\/16\/vyziva-cyklistu-na-tour-de-france-horske-etapy\/\"]}]},{\"@type\":\"ImageObject\",\"inLanguage\":\"cs\",\"@id\":\"https:\/\/www.welovecycling.com\/cs\/2020\/09\/16\/vyziva-cyklistu-na-tour-de-france-horske-etapy\/#primaryimage\",\"url\":\"https:\/\/d2p6e6u75xmxt8.cloudfront.net\/13\/2020\/09\/wlc-bur\u00e1kov\u00e9-m\u00e1slo.webp\",\"contentUrl\":\"https:\/\/d2p6e6u75xmxt8.cloudfront.net\/13\/2020\/09\/wlc-bur\u00e1kov\u00e9-m\u00e1slo.webp\",\"width\":1600,\"height\":1067},{\"@type\":\"WebSite\",\"@id\":\"https:\/\/www.welovecycling.com\/cs\/#website\",\"url\":\"https:\/\/www.welovecycling.com\/cs\/\",\"name\":\"\u0160koda We Love Cycling - \u010cesk\u00e1 republika\",\"description\":\"WeLoveCycling.cz je online magaz\u00edn, kter\u00fd v\u00e1m pravideln\u011b p\u0159in\u00e1\u0161\u00ed rady a tipy, zaj\u00edmav\u00e9 \u010dl\u00e1nky, videa a jedine\u010dn\u00e9 report\u00e1\u017ee ze sv\u011bta cyklistiky.\",\"potentialAction\":[{\"@type\":\"SearchAction\",\"target\":{\"@type\":\"EntryPoint\",\"urlTemplate\":\"https:\/\/www.welovecycling.com\/cs\/?s={search_term_string}\"},\"query-input\":{\"@type\":\"PropertyValueSpecification\",\"valueRequired\":true,\"valueName\":\"search_term_string\"}}],\"inLanguage\":\"cs\"},{\"@type\":\"Person\",\"@id\":\"\",\"url\":\"https:\/\/www.welovecycling.com\/cs\/author\/\"}]}<\/script>\n<!-- \/ Yoast SEO Premium plugin. -->","yoast_head_json":{"title":"V\u00fd\u017eiva cyklist\u016f na Tour de France: horsk\u00e9 etapy | \u0160koda We Love Cycling - \u010cesk\u00e1 republika","robots":{"index":"index","follow":"follow","max-snippet":"max-snippet:-1","max-image-preview":"max-image-preview:large","max-video-preview":"max-video-preview:-1"},"canonical":"https:\/\/www.welovecycling.com\/cs\/2020\/09\/16\/vyziva-cyklistu-na-tour-de-france-horske-etapy\/","og_locale":"cs_CZ","og_type":"article","og_title":"V\u00fd\u017eiva cyklist\u016f na Tour de France: horsk\u00e9 etapy","og_description":"Mno\u017estv\u00ed j\u00eddla, kter\u00e9 cyklist\u00e9 na Tour de France mus\u00ed sn\u00edst, se m\u011bn\u00ed ze dne na den. Rovinat\u00e9 etapy vy\u017eaduj\u00ed daleko [&hellip;]","og_url":"https:\/\/www.welovecycling.com\/cs\/2020\/09\/16\/vyziva-cyklistu-na-tour-de-france-horske-etapy\/","og_site_name":"\u0160koda We Love Cycling - \u010cesk\u00e1 republika","article_published_time":"2020-09-16T13:00:19+00:00","og_image":[{"width":1600,"height":1067,"url":"https:\/\/d2p6e6u75xmxt8.cloudfront.net\/13\/2020\/09\/wlc-bur\u00e1kov\u00e9-m\u00e1slo.webp","type":"image\/webp"}],"twitter_card":"summary_large_image","twitter_misc":{"Written by":"Adam Bouda","Est. reading time":"7"},"schema":{"@context":"https:\/\/schema.org","@graph":[{"@type":"WebPage","@id":"https:\/\/www.welovecycling.com\/cs\/2020\/09\/16\/vyziva-cyklistu-na-tour-de-france-horske-etapy\/","url":"https:\/\/www.welovecycling.com\/cs\/2020\/09\/16\/vyziva-cyklistu-na-tour-de-france-horske-etapy\/","name":"V\u00fd\u017eiva cyklist\u016f na Tour de France: horsk\u00e9 etapy | \u0160koda We Love Cycling - \u010cesk\u00e1 republika","isPartOf":{"@id":"https:\/\/www.welovecycling.com\/cs\/#website"},"primaryImageOfPage":{"@id":"https:\/\/www.welovecycling.com\/cs\/2020\/09\/16\/vyziva-cyklistu-na-tour-de-france-horske-etapy\/#primaryimage"},"image":{"@id":"https:\/\/www.welovecycling.com\/cs\/2020\/09\/16\/vyziva-cyklistu-na-tour-de-france-horske-etapy\/#primaryimage"},"thumbnailUrl":"https:\/\/d2p6e6u75xmxt8.cloudfront.net\/13\/2020\/09\/wlc-bur\u00e1kov\u00e9-m\u00e1slo.webp","datePublished":"2020-09-16T13:00:19+00:00","author":{"@id":""},"inLanguage":"cs","potentialAction":[{"@type":"ReadAction","target":["https:\/\/www.welovecycling.com\/cs\/2020\/09\/16\/vyziva-cyklistu-na-tour-de-france-horske-etapy\/"]}]},{"@type":"ImageObject","inLanguage":"cs","@id":"https:\/\/www.welovecycling.com\/cs\/2020\/09\/16\/vyziva-cyklistu-na-tour-de-france-horske-etapy\/#primaryimage","url":"https:\/\/d2p6e6u75xmxt8.cloudfront.net\/13\/2020\/09\/wlc-bur\u00e1kov\u00e9-m\u00e1slo.webp","contentUrl":"https:\/\/d2p6e6u75xmxt8.cloudfront.net\/13\/2020\/09\/wlc-bur\u00e1kov\u00e9-m\u00e1slo.webp","width":1600,"height":1067},{"@type":"WebSite","@id":"https:\/\/www.welovecycling.com\/cs\/#website","url":"https:\/\/www.welovecycling.com\/cs\/","name":"\u0160koda We Love Cycling - \u010cesk\u00e1 republika","description":"WeLoveCycling.cz je online magaz\u00edn, kter\u00fd v\u00e1m pravideln\u011b p\u0159in\u00e1\u0161\u00ed rady a tipy, zaj\u00edmav\u00e9 \u010dl\u00e1nky, videa a jedine\u010dn\u00e9 report\u00e1\u017ee ze sv\u011bta cyklistiky.","potentialAction":[{"@type":"SearchAction","target":{"@type":"EntryPoint","urlTemplate":"https:\/\/www.welovecycling.com\/cs\/?s={search_term_string}"},"query-input":{"@type":"PropertyValueSpecification","valueRequired":true,"valueName":"search_term_string"}}],"inLanguage":"cs"},{"@type":"Person","@id":"","url":"https:\/\/www.welovecycling.com\/cs\/author\/"}]}},"_links":{"self":[{"href":"https:\/\/www.welovecycling.com\/cs\/wp-json\/wp\/v2\/posts\/9763","targetHints":{"allow":["GET"]}}],"collection":[{"href":"https:\/\/www.welovecycling.com\/cs\/wp-json\/wp\/v2\/posts"}],"about":[{"href":"https:\/\/www.welovecycling.com\/cs\/wp-json\/wp\/v2\/types\/post"}],"author":[{"embeddable":true,"href":"https:\/\/www.welovecycling.com\/cs\/wp-json\/wp\/v2\/users\/122"}],"replies":[{"embeddable":true,"href":"https:\/\/www.welovecycling.com\/cs\/wp-json\/wp\/v2\/comments?post=9763"}],"version-history":[{"count":2,"href":"https:\/\/www.welovecycling.com\/cs\/wp-json\/wp\/v2\/posts\/9763\/revisions"}],"predecessor-version":[{"id":9773,"href":"https:\/\/www.welovecycling.com\/cs\/wp-json\/wp\/v2\/posts\/9763\/revisions\/9773"}],"wp:featuredmedia":[{"embeddable":true,"href":"https:\/\/www.welovecycling.com\/cs\/wp-json\/wp\/v2\/media\/9769"}],"wp:attachment":[{"href":"https:\/\/www.welovecycling.com\/cs\/wp-json\/wp\/v2\/media?parent=9763"}],"wp:term":[{"taxonomy":"category","embeddable":true,"href":"https:\/\/www.welovecycling.com\/cs\/wp-json\/wp\/v2\/categories?post=9763"},{"taxonomy":"post_tag","embeddable":true,"href":"https:\/\/www.welovecycling.com\/cs\/wp-json\/wp\/v2\/tags?post=9763"},{"taxonomy":"global-categories","embeddable":true,"href":"https:\/\/www.welovecycling.com\/cs\/wp-json\/wp\/v2\/global-categories?post=9763"}],"curies":[{"name":"wp","href":"https:\/\/api.w.org\/{rel}","templated":true}]}}