{"id":9743,"date":"2020-09-15T17:00:36","date_gmt":"2020-09-15T15:00:36","guid":{"rendered":"https:\/\/www.welovecycling.com\/cs\/?p=9743"},"modified":"2020-09-15T15:43:24","modified_gmt":"2020-09-15T13:43:24","slug":"krev-zlomeniny-krvaceni-do-mozku-drsna-tour-de-france","status":"publish","type":"post","link":"https:\/\/www.welovecycling.com\/cs\/2020\/09\/15\/krev-zlomeniny-krvaceni-do-mozku-drsna-tour-de-france\/","title":{"rendered":"Krev, zlomeniny, krv\u00e1cen\u00ed do mozku. Drsn\u00e1 Tour de France"},"content":{"rendered":"<p><strong>Zlomen\u00e9 kl\u00ed\u010dn\u00ed kosti, p\u0159era\u017een\u00e9 stehenn\u00ed a pa\u017en\u00ed kosti, prsty na rukou, dresy roztrhan\u00e9 na cucky, krvav\u00e9 od\u0159eniny a t\u011bla servan\u00e1 do masa. Cyklistika pat\u0159\u00ed k nejdrsn\u011bj\u0161\u00edm sport\u016fm sv\u011bta. Tour de France, jej\u00ed\u017e sto sedm\u00fd ro\u010dn\u00edk je v pln\u00e9m proudu, dokumentuje, s jak\u00fdm \u00fasil\u00edm, odhodl\u00e1n\u00edm a zaujet\u00edm se z\u00e1vodn\u00edci rvou o sl\u00e1vu na nejv\u011bt\u0161\u00edm etapov\u00e9m z\u00e1vod\u011b planety.\u00a0<\/strong><\/p>\n<p>V\u011bt\u0161ina zran\u011bn\u00ed p\u0159ich\u00e1z\u00ed v d\u016fsledku drsn\u00fdch p\u00e1d\u016f. Star\u00e1 d\u00e1ma je zkou\u0161kou odolnosti a charakteru. Jednadvacet dn\u016f utrpen\u00ed. Z\u00e1vodn\u00edci \u010dasto na start etap nastupuj\u00ed ve stavu, kdy b\u011b\u017en\u00fd smrteln\u00edk neopou\u0161t\u00ed postel. Cyklisti\u010dt\u00ed &#8222;gladi\u00e1to\u0159i&#8220; v\u0161ak zafa\u010dov\u00e1n\u00ed na mnoha m\u00edstech t\u011bla bojuj\u00ed hodiny v sedle kola den za dnem, aby se p\u0159ibl\u00ed\u017eili snu o etapov\u00e9m v\u00edt\u011bzstv\u00ed \u010di celkov\u00e9m p\u00f3diu v Pa\u0159\u00ed\u017ei.<\/p>\n<h2><strong>\u0160tybar: \u010clov\u011bk Tour prokl\u00edn\u00e1, ale t\u00fdden po c\u00edli chce jet znovu<\/strong><\/h2>\n<p>\u201eJde o nejd\u016fle\u017eit\u011bj\u0161\u00ed akci roku a nejv\u011bt\u0161\u00ed z\u00e1vod sv\u011bta, kter\u00fd chce jet ka\u017ed\u00fd cyklista. P\u0159i obou sv\u00fdch startech jsem se ohromn\u011b t\u011b\u0161il. Postupn\u011b nad\u0161en\u00ed tro\u0161ku vy\u0161um\u00ed a \u010dlov\u011bk u\u017e vn\u00edm\u00e1 jen tu d\u0159inu. P\u0159i druh\u00e9m t\u00fddnu m\u00e1 cyklista Tour pln\u00e9 zuby a t\u011b\u0161\u00ed se, a\u017e bude v Pa\u0159\u00ed\u017ei. B\u011bhem z\u00e1v\u011bre\u010dn\u00fdch dn\u00ed u\u017e je to \u010dist\u00e1 bolest. \u010clov\u011bk z\u00e1vod prokl\u00edn\u00e1. Hlavou se hon\u00ed jen my\u0161lenky na posledn\u00ed den a pivo v c\u00edli. Pak p\u0159ijedu do Pa\u0159\u00ed\u017ee a \u0159\u00edk\u00e1m si: Nikdy v\u00edc! Nikdy!!! Ale po t\u00fddnu si uv\u011bdom\u00edm, jak\u00e9 to bylo kr\u00e1sn\u00e9 a chci jet znovu,&#8220; vypravuje Zden\u011bk \u0160tybar, \u010desk\u00fd cyklista t\u00fdmu Deceuninck Quick Step, kter\u00fd letos o start p\u0159i\u0161el kv\u016fli zran\u011bn\u00ed t\u011bsn\u011b p\u0159ed startem.<\/p>\n<figure id=\"attachment_9745\" aria-describedby=\"caption-attachment-9745\" style=\"width: 1800px\" class=\"wp-caption alignnone\"><a href=\"https:\/\/d2p6e6u75xmxt8.cloudfront.net\/13\/2020\/09\/WLC-p\u00e1dy-greipel-profimedia-0555449421.jpg\"><img loading=\"lazy\" decoding=\"async\" class=\"size-full wp-image-9745\" src=\"https:\/\/d2p6e6u75xmxt8.cloudfront.net\/13\/2020\/09\/WLC-p\u00e1dy-greipel-profimedia-0555449421.jpg\" alt=\"Andr\u00e9 Greipel. Foto: profimedia\" width=\"1800\" height=\"1199\" \/><\/a><figcaption id=\"caption-attachment-9745\" class=\"wp-caption-text\"><em>Andr\u00e9 Greipel z t\u00fdmu Israel Start-Up Nation se p\u0159imotal do p\u00e1du hned v 1. etap\u011b. Vyv\u00e1zl s od\u0159eninami na ruce, z\u00e1dech, stehn\u011b a koleni. Foto: profimedia<\/em><\/figcaption><\/figure>\n<p>B\u011bhem patn\u00e1cti etap sto sedm\u00e9ho ro\u010dn\u00edku Tour de France odstoupilo dvacet cyklist\u016f. V\u011bt\u0161ina z nich kv\u016fli zran\u011bn\u00ed zp\u016fsoben\u00fdch drsn\u00fdmi p\u00e1dy.<\/p>\n<h2><strong>Pinot sn\u00ed o n\u00e1plasti v podob\u011b etapov\u00e9 v\u00fdhry<\/strong><\/h2>\n<p>Mezi &#8222;ob\u011bti&#8220; karambol\u016f se \u0159ad\u00ed i velk\u00e1 jm\u00e9na. Andr\u00e9 Greipel v osmat\u0159iceti snil o dvan\u00e1ct\u00e9m etapov\u00e9m v\u00edt\u011bzstv\u00ed. Ale od prvn\u00edho dne bojuje s n\u00e1sledky p\u00e1du a p\u00f3diu se ani nep\u0159ibl\u00ed\u017eil.<\/p>\n<figure id=\"attachment_9740\" aria-describedby=\"caption-attachment-9740\" style=\"width: 1800px\" class=\"wp-caption alignnone\"><a href=\"https:\/\/d2p6e6u75xmxt8.cloudfront.net\/13\/2020\/09\/wlc-p\u00e1dy-pinot-profimedia-0555453036.jpg\"><img loading=\"lazy\" decoding=\"async\" class=\"size-full wp-image-9740\" src=\"https:\/\/d2p6e6u75xmxt8.cloudfront.net\/13\/2020\/09\/wlc-p\u00e1dy-pinot-profimedia-0555453036.jpg\" alt=\"Frustrovan\u00fd Thibaut Pinot. K zemi \u0161el hned prvn\u00ed den Tour de France. Sed\u0159el si z\u00e1da, nohu a rameno. A t\u011b\u017ece poranil z\u00e1da. Foto: profimedia\" width=\"1800\" height=\"1200\" \/><\/a><figcaption id=\"caption-attachment-9740\" class=\"wp-caption-text\"><em>Frustrovan\u00fd Thibaut Pinot. K zemi \u0161el hned prvn\u00ed den Tour de France. Sed\u0159el si z\u00e1da, nohu a rameno. A t\u011b\u017ece poranil z\u00e1da. Foto: profimedia<\/em><\/figcaption><\/figure>\n<p>Do hromadn\u00e9ho p\u00e1du na pob\u0159e\u017e\u00ed v Nice se hned prvn\u00ed den p\u0159imotal i dom\u00e1c\u00ed mil\u00e1\u010dek Thibaut Pinot. Francouzsk\u00fd cyklista, kter\u00fd m\u011bl ukon\u010dit \u010dek\u00e1n\u00ed po\u0159adatelsk\u00e9 zem\u011b na celkov\u00e9 v\u00edt\u011bzstv\u00ed od Hinaultova triumfu v roce 1985 letech, si sice notn\u011b potrhal t\u011blo, mnohem hor\u0161\u00ed v\u0161ak bylo zran\u011bn\u00ed zad, kter\u00e9 mu o n\u011bkolik dn\u016f pozd\u011bji neumo\u017enilo jet naplno v kopc\u00edch, a tak se sen o absolutn\u00edm v\u00edt\u011bzstv\u00ed rozplynul. Pinot te\u010f douf\u00e1, \u017ee n\u00e1rod i sebe ukonej\u0161\u00ed etapov\u00fdm vav\u0159\u00ednem.<\/p>\n<figure id=\"attachment_9742\" aria-describedby=\"caption-attachment-9742\" style=\"width: 1800px\" class=\"wp-caption alignnone\"><a href=\"https:\/\/d2p6e6u75xmxt8.cloudfront.net\/13\/2020\/09\/WLC-p\u00e1dy-valls-profimedia-0555457087.jpg\"><img loading=\"lazy\" decoding=\"async\" class=\"size-full wp-image-9742\" src=\"https:\/\/d2p6e6u75xmxt8.cloudfront.net\/13\/2020\/09\/WLC-p\u00e1dy-valls-profimedia-0555457087.jpg\" alt=\"Rafael Valls z t\u00fdmu Bahrajn Merida na nos\u00edtk\u00e1ch po p\u00e1du, p\u0159i n\u011bm\u017e utrp\u011bl zlomeninu stehenn\u00ed kosti. Foto: profimedia\" width=\"1800\" height=\"1200\" \/><\/a><figcaption id=\"caption-attachment-9742\" class=\"wp-caption-text\"><em>Rafael Valls z t\u00fdmu Bahrajn Merida na nos\u00edtk\u00e1ch po p\u00e1du, p\u0159i n\u011bm\u017e utrp\u011bl zlomeninu stehenn\u00ed kosti. Foto: profimedia<\/em><\/figcaption><\/figure>\n<p>Jakoby nem\u011bli cyklist\u00e9 dost starost\u00ed s hygienick\u00fdmi opat\u0159en\u00edmi v d\u016fsledku pandemie koronaviru. P\u0159ed startem museli podstoupit dva testy s negativn\u00edm v\u00fdsledkem, n\u00e1sledn\u011b pro\u0161li testy b\u011bhem prvn\u00edho voln\u00e9ho dne a p\u0159ed patn\u00e1ctou etapou. Ob\u010das z\u00e1vodn\u00edky vy\u0159ad\u00ed i ban\u00e1ln\u00ed ch\u0159ipka \u010di st\u0159evn\u00ed pot\u00ed\u017ee, Fabio Aru odstoupil kv\u016fli nevysv\u011btliteln\u00fdm fyzick\u00fdm pot\u00ed\u017e\u00edm.<\/p>\n<figure id=\"attachment_9741\" aria-describedby=\"caption-attachment-9741\" style=\"width: 1800px\" class=\"wp-caption alignnone\"><a href=\"https:\/\/d2p6e6u75xmxt8.cloudfront.net\/13\/2020\/09\/wlc-p\u00e1dy-skuijn\u0161-profimedia-0556834297.jpg\"><img loading=\"lazy\" decoding=\"async\" class=\"size-full wp-image-9741\" src=\"https:\/\/d2p6e6u75xmxt8.cloudfront.net\/13\/2020\/09\/wlc-p\u00e1dy-skuijn\u0161-profimedia-0556834297.jpg\" alt=\"Toms Skujin\u0161 spadl drsn\u011b v des\u00e1t\u00e9 etap\u011b Tour de France. P\u0159esto se dostal do c\u00edle a v z\u00e1vod\u011b pokra\u010duje. Foto: profimedia\" width=\"1800\" height=\"1200\" \/><\/a><figcaption id=\"caption-attachment-9741\" class=\"wp-caption-text\"><em>Toms Skujin\u0161 spadl drsn\u011b v des\u00e1t\u00e9 etap\u011b Tour de France. P\u0159esto se dostal do c\u00edle a v z\u00e1vod\u011b pokra\u010duje. Foto: profimedia<\/em><\/figcaption><\/figure>\n<h2><strong>Hamilton jel 20 dn\u016f se zlomenou kl\u00ed\u010dn\u00ed kost\u00ed<\/strong><\/h2>\n<p>Mnoz\u00ed jsou schopn\u00ed vypo\u0159\u00e1dat se s naprosto nelidsk\u00fdmi zran\u011bn\u00edmi. A\u010d potrhan\u00ed do krve, pokra\u010duj\u00ed v z\u00e1vod\u011b.<\/p>\n<p>U\u017e legend\u00e1rn\u00ed je p\u0159\u00edb\u011bh Tylera Hamiltona, kter\u00fd v roce 2003 po p\u00e1du v \u00favodn\u00ed etap\u011b zvl\u00e1dl celou Tour de France s dvojitou zlomeninou kl\u00ed\u010dn\u00ed kosti. Trp\u011bl bolest\u00ed, na kterou se sna\u017eil zapomenout tak, \u017ee si b\u011bhem etap neust\u00e1l\u00fdm zat\u00edn\u00e1n\u00edm zub\u016f obrousil chrup.<\/p>\n<figure id=\"attachment_9746\" aria-describedby=\"caption-attachment-9746\" style=\"width: 1800px\" class=\"wp-caption alignnone\"><a href=\"https:\/\/d2p6e6u75xmxt8.cloudfront.net\/13\/2020\/09\/WLC-p\u00e1dy-rosa-profimedia-0556413495.jpg\"><img loading=\"lazy\" decoding=\"async\" class=\"size-full wp-image-9746\" src=\"https:\/\/d2p6e6u75xmxt8.cloudfront.net\/13\/2020\/09\/WLC-p\u00e1dy-rosa-profimedia-0556413495.jpg\" alt=\"Diego Rosa z formace Arkea Samsic p\u0159i karambolu v osm\u00e9m d\u011bjstv\u00ed utrp\u011bl krom\u011b \u010detn\u00fdch od\u0159enin zlomeninu kl\u00ed\u010dn\u00ed kosti. Foto: profimedia\" width=\"1800\" height=\"1200\" \/><\/a><figcaption id=\"caption-attachment-9746\" class=\"wp-caption-text\"><em>Diego Rosa z formace Arkea Samsic p\u0159i karambolu v osm\u00e9m d\u011bjstv\u00ed utrp\u011bl krom\u011b \u010detn\u00fdch od\u0159enin zlomeninu kl\u00ed\u010dn\u00ed kosti. Foto: profimedia<\/em><\/figcaption><\/figure>\n<p>Lawson Craddock si p\u0159edloni vyslou\u017eil mo\u017en\u00e1 stejnou pozornost jako nakonec v\u00edt\u011bzn\u00fd Thomas, proto\u017ee cel\u00fd sv\u011bt sledoval jeho boj s vlasovou zlomeninou lopatky. Mo\u017en\u00e1 za to mohlo jeho startovn\u00ed \u010d\u00edslo 13, kter\u00e9 mu p\u0159ineslo hned v 1. etap\u011b sm\u016flu, ale Ameri\u010dan se nevzdal a sl\u00edbil d\u00e1t za ka\u017edou etapu, ve kter\u00e9 &#8222;p\u0159e\u017eije&#8220;, 100 dolar\u016f spolku Greater Houston Cycling Association na opravu velodromu Alkek, kde za\u010d\u00ednal s cyklistikou a kter\u00fd poni\u010dil hurik\u00e1n Harvey. Tehdy 26let\u00fd Texasan sv\u016fj boj dot\u00e1hl a\u017e do Pa\u0159\u00ed\u017ee, kde z\u00edskal \u010dervenou lucernu, pomyslnou cenu pro posledn\u00edho mu\u017ee v po\u0159ad\u00ed Tour de France.<\/p>\n<p>Philippe Gilbert si p\u0159i Tour de France 2019 po p\u00e1du do hlubok\u00e9 rokle zlomil \u010d\u00e9\u0161ku. P\u0159esto sedl na kolo a etapu dokon\u010dil. A\u017e dal\u0161\u00ed den ze z\u00e1vodu odstoupil.<\/p>\n<figure id=\"attachment_9739\" aria-describedby=\"caption-attachment-9739\" style=\"width: 1800px\" class=\"wp-caption alignnone\"><a href=\"https:\/\/d2p6e6u75xmxt8.cloudfront.net\/13\/2020\/09\/WLC-p\u00e1dy-bardet-profimedia-0557558417.jpg\"><img loading=\"lazy\" decoding=\"async\" class=\"size-full wp-image-9739\" src=\"https:\/\/d2p6e6u75xmxt8.cloudfront.net\/13\/2020\/09\/WLC-p\u00e1dy-bardet-profimedia-0557558417.jpg\" alt=\"Romain Bardet v c\u00edli 13. etapy vypadal po p\u00e1du relativn\u011b dob\u0159e. Od\u0159eniny na ruce, stehn\u011b a rameni se nezd\u00e1ly b\u00fdt nijak problematick\u00e9. Ve skute\u010dnosti krv\u00e1cel do mozku. Foto: profimedia\" width=\"1800\" height=\"1132\" \/><\/a><figcaption id=\"caption-attachment-9739\" class=\"wp-caption-text\"><em>Romain Bardet v c\u00edli 13. etapy vypadal po p\u00e1du relativn\u011b dob\u0159e. Od\u0159eniny na ruce, stehn\u011b a rameni se nezd\u00e1ly b\u00fdt z\u00e1sadn\u00ed. Ve skute\u010dnosti krv\u00e1cel do mozku. Foto: profimedia<\/em><\/figcaption><\/figure>\n<p>Podobnou odolnost uk\u00e1zal i Romain Bardet. Dal\u0161\u00ed z dom\u00e1c\u00edch hrdin\u016f. B\u011bhem t\u0159in\u00e1ct\u00e9 etapy drsn\u011b spadl. Kdy\u017e se postavil na nohy, vr\u00e1voral a nohy jej neudr\u017eely. P\u0159esto sedl na kolo a etapu dokon\u010dil. A\u017e n\u00e1sledn\u011b byl autem transportov\u00e1n do nemocnice, kdy vy\u0161et\u0159en\u00ed magnetickou rezonanc\u00ed odhalilo mal\u00e9 krv\u00e1cen\u00ed do mozku.<\/p>\n","protected":false},"excerpt":{"rendered":"<p>Zlomen\u00e9 kl\u00ed\u010dn\u00ed kosti, p\u0159era\u017een\u00e9 stehenn\u00ed a pa\u017en\u00ed kosti, prsty na rukou, dresy roztrhan\u00e9 na cucky, krvav\u00e9 od\u0159eniny a t\u011bla servan\u00e1 [&hellip;]<\/p>\n","protected":false},"author":122,"featured_media":9747,"comment_status":"open","ping_status":"open","sticky":false,"template":"","format":"standard","meta":{"footnotes":""},"categories":[243],"tags":[1139,126,1097,365,799,9,1129,1140,23,113],"global-categories":[411],"class_list":["post-9743","post","type-post","status-publish","format-standard","has-post-thumbnail","hentry","category-welovecycling-com-cs-tdf","tag-andre-greipel","tag-cyklistika","tag-etapy-tour-de-france-2020","tag-pady","tag-romain-bardet","tag-silnicni-cyklistika","tag-thibaut-pinot","tag-toms-skujins","tag-tour-de-france","tag-zraneni","global-categories-cycling"],"yoast_head":"<!-- This site is optimized with the Yoast SEO Premium plugin v25.3 (Yoast SEO v25.9) - https:\/\/yoast.com\/wordpress\/plugins\/seo\/ -->\n<title>Krev, zlomeniny, krv\u00e1cen\u00ed do mozku. Drsn\u00e1 Tour de France | \u0160koda We Love Cycling - \u010cesk\u00e1 republika<\/title>\n<meta name=\"robots\" content=\"index, follow, max-snippet:-1, max-image-preview:large, max-video-preview:-1\" \/>\n<link rel=\"canonical\" href=\"https:\/\/www.welovecycling.com\/cs\/2020\/09\/15\/krev-zlomeniny-krvaceni-do-mozku-drsna-tour-de-france\/\" \/>\n<meta property=\"og:locale\" content=\"cs_CZ\" \/>\n<meta property=\"og:type\" content=\"article\" \/>\n<meta property=\"og:title\" content=\"Krev, zlomeniny, krv\u00e1cen\u00ed do mozku. Drsn\u00e1 Tour de France\" \/>\n<meta property=\"og:description\" content=\"Zlomen\u00e9 kl\u00ed\u010dn\u00ed kosti, p\u0159era\u017een\u00e9 stehenn\u00ed a pa\u017en\u00ed kosti, prsty na rukou, dresy roztrhan\u00e9 na cucky, krvav\u00e9 od\u0159eniny a t\u011bla servan\u00e1 [&hellip;]\" \/>\n<meta property=\"og:url\" content=\"https:\/\/www.welovecycling.com\/cs\/2020\/09\/15\/krev-zlomeniny-krvaceni-do-mozku-drsna-tour-de-france\/\" \/>\n<meta property=\"og:site_name\" content=\"\u0160koda We Love Cycling - \u010cesk\u00e1 republika\" \/>\n<meta property=\"article:published_time\" content=\"2020-09-15T15:00:36+00:00\" \/>\n<meta property=\"og:image\" content=\"https:\/\/d2p6e6u75xmxt8.cloudfront.net\/13\/2020\/09\/wlc-p\u00e1dy-.PNG.webp\" \/>\n\t<meta property=\"og:image:width\" content=\"942\" \/>\n\t<meta property=\"og:image:height\" content=\"373\" \/>\n\t<meta property=\"og:image:type\" content=\"image\/webp\" \/>\n<meta name=\"twitter:card\" content=\"summary_large_image\" \/>\n<meta name=\"twitter:label1\" content=\"Written by\" \/>\n\t<meta name=\"twitter:data1\" content=\"Radek Malina\" \/>\n\t<meta name=\"twitter:label2\" content=\"Est. reading time\" \/>\n\t<meta name=\"twitter:data2\" content=\"6\" \/>\n<script type=\"application\/ld+json\" class=\"yoast-schema-graph\">{\"@context\":\"https:\/\/schema.org\",\"@graph\":[{\"@type\":\"WebPage\",\"@id\":\"https:\/\/www.welovecycling.com\/cs\/2020\/09\/15\/krev-zlomeniny-krvaceni-do-mozku-drsna-tour-de-france\/\",\"url\":\"https:\/\/www.welovecycling.com\/cs\/2020\/09\/15\/krev-zlomeniny-krvaceni-do-mozku-drsna-tour-de-france\/\",\"name\":\"Krev, zlomeniny, krv\u00e1cen\u00ed do mozku. Drsn\u00e1 Tour de France | \u0160koda We Love Cycling - \u010cesk\u00e1 republika\",\"isPartOf\":{\"@id\":\"https:\/\/www.welovecycling.com\/cs\/#website\"},\"primaryImageOfPage\":{\"@id\":\"https:\/\/www.welovecycling.com\/cs\/2020\/09\/15\/krev-zlomeniny-krvaceni-do-mozku-drsna-tour-de-france\/#primaryimage\"},\"image\":{\"@id\":\"https:\/\/www.welovecycling.com\/cs\/2020\/09\/15\/krev-zlomeniny-krvaceni-do-mozku-drsna-tour-de-france\/#primaryimage\"},\"thumbnailUrl\":\"https:\/\/d2p6e6u75xmxt8.cloudfront.net\/13\/2020\/09\/wlc-p\u00e1dy-.PNG.webp\",\"datePublished\":\"2020-09-15T15:00:36+00:00\",\"author\":{\"@id\":\"\"},\"inLanguage\":\"cs\",\"potentialAction\":[{\"@type\":\"ReadAction\",\"target\":[\"https:\/\/www.welovecycling.com\/cs\/2020\/09\/15\/krev-zlomeniny-krvaceni-do-mozku-drsna-tour-de-france\/\"]}]},{\"@type\":\"ImageObject\",\"inLanguage\":\"cs\",\"@id\":\"https:\/\/www.welovecycling.com\/cs\/2020\/09\/15\/krev-zlomeniny-krvaceni-do-mozku-drsna-tour-de-france\/#primaryimage\",\"url\":\"https:\/\/d2p6e6u75xmxt8.cloudfront.net\/13\/2020\/09\/wlc-p\u00e1dy-.PNG.webp\",\"contentUrl\":\"https:\/\/d2p6e6u75xmxt8.cloudfront.net\/13\/2020\/09\/wlc-p\u00e1dy-.PNG.webp\",\"width\":942,\"height\":373},{\"@type\":\"WebSite\",\"@id\":\"https:\/\/www.welovecycling.com\/cs\/#website\",\"url\":\"https:\/\/www.welovecycling.com\/cs\/\",\"name\":\"\u0160koda We Love Cycling - \u010cesk\u00e1 republika\",\"description\":\"WeLoveCycling.cz je online magaz\u00edn, kter\u00fd v\u00e1m pravideln\u011b p\u0159in\u00e1\u0161\u00ed rady a tipy, zaj\u00edmav\u00e9 \u010dl\u00e1nky, videa a jedine\u010dn\u00e9 report\u00e1\u017ee ze sv\u011bta cyklistiky.\",\"potentialAction\":[{\"@type\":\"SearchAction\",\"target\":{\"@type\":\"EntryPoint\",\"urlTemplate\":\"https:\/\/www.welovecycling.com\/cs\/?s={search_term_string}\"},\"query-input\":{\"@type\":\"PropertyValueSpecification\",\"valueRequired\":true,\"valueName\":\"search_term_string\"}}],\"inLanguage\":\"cs\"},{\"@type\":\"Person\",\"@id\":\"\",\"url\":\"https:\/\/www.welovecycling.com\/cs\/author\/\"}]}<\/script>\n<!-- \/ Yoast SEO Premium plugin. -->","yoast_head_json":{"title":"Krev, zlomeniny, krv\u00e1cen\u00ed do mozku. Drsn\u00e1 Tour de France | \u0160koda We Love Cycling - \u010cesk\u00e1 republika","robots":{"index":"index","follow":"follow","max-snippet":"max-snippet:-1","max-image-preview":"max-image-preview:large","max-video-preview":"max-video-preview:-1"},"canonical":"https:\/\/www.welovecycling.com\/cs\/2020\/09\/15\/krev-zlomeniny-krvaceni-do-mozku-drsna-tour-de-france\/","og_locale":"cs_CZ","og_type":"article","og_title":"Krev, zlomeniny, krv\u00e1cen\u00ed do mozku. Drsn\u00e1 Tour de France","og_description":"Zlomen\u00e9 kl\u00ed\u010dn\u00ed kosti, p\u0159era\u017een\u00e9 stehenn\u00ed a pa\u017en\u00ed kosti, prsty na rukou, dresy roztrhan\u00e9 na cucky, krvav\u00e9 od\u0159eniny a t\u011bla servan\u00e1 [&hellip;]","og_url":"https:\/\/www.welovecycling.com\/cs\/2020\/09\/15\/krev-zlomeniny-krvaceni-do-mozku-drsna-tour-de-france\/","og_site_name":"\u0160koda We Love Cycling - \u010cesk\u00e1 republika","article_published_time":"2020-09-15T15:00:36+00:00","og_image":[{"width":942,"height":373,"url":"https:\/\/d2p6e6u75xmxt8.cloudfront.net\/13\/2020\/09\/wlc-p\u00e1dy-.PNG.webp","type":"image\/webp"}],"twitter_card":"summary_large_image","twitter_misc":{"Written by":"Radek Malina","Est. reading time":"6"},"schema":{"@context":"https:\/\/schema.org","@graph":[{"@type":"WebPage","@id":"https:\/\/www.welovecycling.com\/cs\/2020\/09\/15\/krev-zlomeniny-krvaceni-do-mozku-drsna-tour-de-france\/","url":"https:\/\/www.welovecycling.com\/cs\/2020\/09\/15\/krev-zlomeniny-krvaceni-do-mozku-drsna-tour-de-france\/","name":"Krev, zlomeniny, krv\u00e1cen\u00ed do mozku. Drsn\u00e1 Tour de France | \u0160koda We Love Cycling - \u010cesk\u00e1 republika","isPartOf":{"@id":"https:\/\/www.welovecycling.com\/cs\/#website"},"primaryImageOfPage":{"@id":"https:\/\/www.welovecycling.com\/cs\/2020\/09\/15\/krev-zlomeniny-krvaceni-do-mozku-drsna-tour-de-france\/#primaryimage"},"image":{"@id":"https:\/\/www.welovecycling.com\/cs\/2020\/09\/15\/krev-zlomeniny-krvaceni-do-mozku-drsna-tour-de-france\/#primaryimage"},"thumbnailUrl":"https:\/\/d2p6e6u75xmxt8.cloudfront.net\/13\/2020\/09\/wlc-p\u00e1dy-.PNG.webp","datePublished":"2020-09-15T15:00:36+00:00","author":{"@id":""},"inLanguage":"cs","potentialAction":[{"@type":"ReadAction","target":["https:\/\/www.welovecycling.com\/cs\/2020\/09\/15\/krev-zlomeniny-krvaceni-do-mozku-drsna-tour-de-france\/"]}]},{"@type":"ImageObject","inLanguage":"cs","@id":"https:\/\/www.welovecycling.com\/cs\/2020\/09\/15\/krev-zlomeniny-krvaceni-do-mozku-drsna-tour-de-france\/#primaryimage","url":"https:\/\/d2p6e6u75xmxt8.cloudfront.net\/13\/2020\/09\/wlc-p\u00e1dy-.PNG.webp","contentUrl":"https:\/\/d2p6e6u75xmxt8.cloudfront.net\/13\/2020\/09\/wlc-p\u00e1dy-.PNG.webp","width":942,"height":373},{"@type":"WebSite","@id":"https:\/\/www.welovecycling.com\/cs\/#website","url":"https:\/\/www.welovecycling.com\/cs\/","name":"\u0160koda We Love Cycling - \u010cesk\u00e1 republika","description":"WeLoveCycling.cz je online magaz\u00edn, kter\u00fd v\u00e1m pravideln\u011b p\u0159in\u00e1\u0161\u00ed rady a tipy, zaj\u00edmav\u00e9 \u010dl\u00e1nky, videa a jedine\u010dn\u00e9 report\u00e1\u017ee ze sv\u011bta cyklistiky.","potentialAction":[{"@type":"SearchAction","target":{"@type":"EntryPoint","urlTemplate":"https:\/\/www.welovecycling.com\/cs\/?s={search_term_string}"},"query-input":{"@type":"PropertyValueSpecification","valueRequired":true,"valueName":"search_term_string"}}],"inLanguage":"cs"},{"@type":"Person","@id":"","url":"https:\/\/www.welovecycling.com\/cs\/author\/"}]}},"_links":{"self":[{"href":"https:\/\/www.welovecycling.com\/cs\/wp-json\/wp\/v2\/posts\/9743","targetHints":{"allow":["GET"]}}],"collection":[{"href":"https:\/\/www.welovecycling.com\/cs\/wp-json\/wp\/v2\/posts"}],"about":[{"href":"https:\/\/www.welovecycling.com\/cs\/wp-json\/wp\/v2\/types\/post"}],"author":[{"embeddable":true,"href":"https:\/\/www.welovecycling.com\/cs\/wp-json\/wp\/v2\/users\/122"}],"replies":[{"embeddable":true,"href":"https:\/\/www.welovecycling.com\/cs\/wp-json\/wp\/v2\/comments?post=9743"}],"version-history":[{"count":2,"href":"https:\/\/www.welovecycling.com\/cs\/wp-json\/wp\/v2\/posts\/9743\/revisions"}],"predecessor-version":[{"id":9762,"href":"https:\/\/www.welovecycling.com\/cs\/wp-json\/wp\/v2\/posts\/9743\/revisions\/9762"}],"wp:featuredmedia":[{"embeddable":true,"href":"https:\/\/www.welovecycling.com\/cs\/wp-json\/wp\/v2\/media\/9747"}],"wp:attachment":[{"href":"https:\/\/www.welovecycling.com\/cs\/wp-json\/wp\/v2\/media?parent=9743"}],"wp:term":[{"taxonomy":"category","embeddable":true,"href":"https:\/\/www.welovecycling.com\/cs\/wp-json\/wp\/v2\/categories?post=9743"},{"taxonomy":"post_tag","embeddable":true,"href":"https:\/\/www.welovecycling.com\/cs\/wp-json\/wp\/v2\/tags?post=9743"},{"taxonomy":"global-categories","embeddable":true,"href":"https:\/\/www.welovecycling.com\/cs\/wp-json\/wp\/v2\/global-categories?post=9743"}],"curies":[{"name":"wp","href":"https:\/\/api.w.org\/{rel}","templated":true}]}}