{"id":9698,"date":"2020-09-13T07:00:52","date_gmt":"2020-09-13T05:00:52","guid":{"rendered":"https:\/\/www.welovecycling.com\/cs\/?p=9698"},"modified":"2020-09-12T17:06:19","modified_gmt":"2020-09-12T15:06:19","slug":"vyziva-cyklistu-na-tour-de-france-rovinate-etapy","status":"publish","type":"post","link":"https:\/\/www.welovecycling.com\/cs\/2020\/09\/13\/vyziva-cyklistu-na-tour-de-france-rovinate-etapy\/","title":{"rendered":"V\u00fd\u017eiva cyklist\u016f na Tour de France: rovinat\u00e9 etapy"},"content":{"rendered":"<p><strong>Cyklist\u00e9 na Tour de France jsou pov\u011bstn\u00ed t\u00edm, kolik j\u00eddla za 21 dn\u00ed z\u00e1vod\u011bn\u00ed spo\u0159\u00e1daj\u00ed. Jejich c\u00edlem ale nen\u00ed sn\u00edst co nejv\u00edc j\u00eddla, i kdy\u017e se to m\u016f\u017ee zd\u00e1t. Jejich strava se m\u011bn\u00ed ka\u017ed\u00fd den podle toho, jak\u00fd typ etapy je \u010dek\u00e1. Poj\u010fme se pod\u00edvat, jak\u00e9 \u00fapravy z\u00e1vodn\u00edci na nejslavn\u011bj\u0161\u00edm etapov\u00e9m z\u00e1vod\u011b sv\u011bta ve strav\u011b d\u011blaj\u00ed p\u0159ed rovinatou etapou.<\/strong><\/p>\n<p>J\u00eddlo je pro cyklisty na Tour n\u00e1strojem, d\u00edky n\u011bmu\u017e jsou schopn\u00ed balancovat mezi hubnut\u00edm a p\u0159ib\u00edr\u00e1n\u00edm na v\u00e1ze. Je to vratk\u00e1 rovnov\u00e1ha, i m\u00edrn\u00e1 podv\u00fd\u017eiva se snadno zm\u011bn\u00ed ve ztr\u00e1tu v\u00fdkonnosti a p\u0159\u00edli\u0161 j\u00eddla zase v kilogramy nav\u00edc, co\u017e se negativn\u011b projev\u00ed p\u0159i ka\u017ed\u00e9m stoup\u00e1n\u00ed.<\/p>\n<p>Nespr\u00e1vn\u00e1 taktika ve strav\u011b m\u016f\u017ee st\u00e1t z\u00e1vodn\u00edka etapu a v hor\u0161\u00edm p\u0159\u00edpad\u011b i cel\u00fd z\u00e1vod. Rovinat\u00e9 etapy jsou v\u011bt\u0161inou m\u00e9n\u011b energeticky n\u00e1ro\u010dn\u00e9, a to se mus\u00ed projevit i v p\u0159ijat\u00e9m mno\u017estv\u00ed kalori\u00ed.<\/p>\n<h2><strong>Den p\u0159edem<\/strong><\/h2>\n<p>Spr\u00e1vn\u00fd v\u00fd\u017eivov\u00fd pl\u00e1n v\u017edy za\u010d\u00edn\u00e1 den p\u0159edem. Snadn\u011bj\u0161\u00ed rovinat\u00e1 etapa znamen\u00e1, \u017ee si na ve\u010de\u0159i den p\u0159ed n\u00ed mohou dovolit sn\u00edst m\u00e9n\u011b kalori\u00ed, zejm\u00e9na tedy m\u00e9n\u011b sacharid\u016f.<\/p>\n<div class=\"shortcode-ys-post-pinup\"><article class=\"loop-simple post-9460 post type-post status-publish format-standard has-post-thumbnail hentry category-silnicni-cyklistika category-welovecycling-com-cs-tdf tag-cyklistika tag-reklamni-karavana tag-tour-de-france tag-tour-de-france-1930 global-categories-cycling\" data-postid=\"9460\" role=\"article\" data-post-id=\"9460\" data-word-count=\"549\" data-headline-length=\"76\" data-category=\"Silni\u010dn\u00ed cyklistika\" data-global-category=\"Cycling\" data-author=\"Adam Bouda\" data-published=\"2020-09-02T13:00:14+02:00\" data-published-day=\"Wednesday\">\n    <div class=\"entry-thumbnail article-thumbnail\" content=\"https:\/\/d2p6e6u75xmxt8.cloudfront.net\/13\/2020\/08\/reklamn\u00ed-karavana-\u0161koda-20190717TDF2063-A.S.O._Thomas_MAHEUX-150x150.webp\"><a href=\"https:\/\/www.welovecycling.com\/cs\/2020\/09\/02\/retro-tour-de-france-vanoce-v-cervenci-aneb-reklamni-karavana-startuje-1930\/\" class=\"image-holder\" target=\"_self\"><img decoding=\"async\" loading=\"lazy\" class=\"\" src=\"https:\/\/d2p6e6u75xmxt8.cloudfront.net\/13\/2020\/08\/reklamn\u00ed-karavana-\u0161koda-20190717TDF2063-A.S.O._Thomas_MAHEUX.webp\" srcset=\"https:\/\/d2p6e6u75xmxt8.cloudfront.net\/13\/2020\/08\/reklamn\u00ed-karavana-\u0161koda-20190717TDF2063-A.S.O._Thomas_MAHEUX.webp 1000w, https:\/\/d2p6e6u75xmxt8.cloudfront.net\/13\/2020\/08\/reklamn\u00ed-karavana-\u0161koda-20190717TDF2063-A.S.O._Thomas_MAHEUX-300x200.webp 300w, https:\/\/d2p6e6u75xmxt8.cloudfront.net\/13\/2020\/08\/reklamn\u00ed-karavana-\u0161koda-20190717TDF2063-A.S.O._Thomas_MAHEUX-768x512.webp 768w, https:\/\/d2p6e6u75xmxt8.cloudfront.net\/13\/2020\/08\/reklamn\u00ed-karavana-\u0161koda-20190717TDF2063-A.S.O._Thomas_MAHEUX-272x182.webp 272w\" width=\"1000\" height=\"667\" sizes=\"auto, (min-width: 1200px) 300px, (min-width: 768px) 25vw, 100vw\" alt=\"retro-tour-de-france-vanoce-v-cervenci-aneb-reklamni-karavana-startuje-1930\"\/><\/a><\/div>    <div class=\"entry-meta\">\n        <a class=\"label label-secondary post-category\" href=\"https:\/\/www.welovecycling.com\/cs\/category\/silnicni-cyklistika\/\" title=\"Silni\u010dn\u00ed cyklistika\">Silni\u010dn\u00ed cyklistika<\/a>\n    <\/div>\n    <div class=\"entry-details\">\n        <a href=\"https:\/\/www.welovecycling.com\/cs\/2020\/09\/02\/retro-tour-de-france-vanoce-v-cervenci-aneb-reklamni-karavana-startuje-1930\/\" class='entry-title-wrapper'>\n            <h3 class=\"entry-title\"><span>Tour de France: V\u00e1noce v \u010dervenci, aneb reklamn\u00ed karavana startuje (1930)<\/span><\/h3>\n        <\/a>\n    <\/div>\n    <\/article>\n<\/div>\n<p>V praxi m\u016f\u017ee takov\u00e1 ve\u010de\u0159e vypadat n\u00e1sledovn\u011b. Zeleninov\u00fd sal\u00e1t, celozrnn\u00fd zdroj sacharid\u016f jako quinoa, divok\u00e1 r\u00fd\u017ee \u010di celozrnn\u00e9 t\u011bstoviny, kus masa a n\u011bjak\u00fd leh\u010d\u00ed dezert v podob\u011b kousku ovoce. C\u00edlem je udr\u017eet p\u0159\u00edjem sacharid\u016f pod 1 g na 1 kg t\u011blesn\u00e9 v\u00e1hy.<\/p>\n<h2><strong>Sn\u00eddan\u011b<\/strong><\/h2>\n<p>Z\u00e1klad sn\u00eddan\u011b je v\u017edy podobn\u00fd. Omeleta, r\u00fd\u017ee, ovocn\u00fd d\u017eus a k\u00e1va. V\u00edce toho cyklista p\u0159ed rovinatou etapou nedostane, \u017e\u00e1dn\u00e9 pala\u010dinky, \u017e\u00e1dn\u00fd n\u00e1\u0161up. C\u00edlem je p\u0159\u00edjem okolo 1 g sacharid\u016f na 1 kg t\u011blesn\u00e9 v\u00e1hy.<\/p>\n<h2><strong>Na kole<\/strong><\/h2>\n<p>Mno\u017estv\u00ed energetick\u00fdch gel\u016f, sendvi\u010d\u016f \u010di r\u00fd\u017eov\u00fdch dort\u00edk\u016f z\u00e1vis\u00ed na konkr\u00e9tn\u00ed d\u00e9lce dan\u00e9 etapy, t\u00fdmov\u00e9 taktice pro dan\u00fd den a individu\u00e1ln\u00edch pot\u0159eb\u00e1ch. Obecn\u011b ale lze \u0159\u00edci, \u017ee cyklist\u00e9 na Tour budou p\u0159i rovinat\u00e9 etap\u011b c\u00edlit na konzervativn\u00edch 50\u201360 g sacharid\u016f za hodinu j\u00edzdy.<\/p>\n<p><a href=\"https:\/\/d2p6e6u75xmxt8.cloudfront.net\/13\/2020\/09\/WLC-energetick\u00fd-gel.jpg\"><img loading=\"lazy\" decoding=\"async\" class=\"alignnone size-full wp-image-9703\" src=\"https:\/\/d2p6e6u75xmxt8.cloudfront.net\/13\/2020\/09\/WLC-energetick\u00fd-gel.jpg\" alt=\"\" width=\"1080\" height=\"720\" \/><\/a><\/p>\n<h2><strong>Regenerace<\/strong><\/h2>\n<p>Strava na podporu regenerace za\u010d\u00edn\u00e1 hned po dojezdu do c\u00edle. V\u011bt\u0161inou to za\u010d\u00edn\u00e1 regenera\u010dn\u00edm n\u00e1pojem, pokra\u010duje ob\u011bdem a kon\u010d\u00ed dal\u0161\u00ed sva\u010dinou. St\u0159edn\u011b velk\u00fd regenera\u010dn\u00ed n\u00e1poj spolu s\u00a0ku\u0159ec\u00edm masem a r\u00fd\u017e\u00ed budou tvo\u0159it z\u00e1klad regenera\u010dn\u00ed stravy po m\u00edrn\u011bj\u0161\u00ed etap\u011b. C\u00edlem bude op\u011bt udr\u017eet p\u0159\u00edjem sacharid\u016f pod 1 g na 1 kg t\u011blesn\u00e9 v\u00e1hy.<\/p>\n<h2><strong>Ve\u010de\u0159e<\/strong><\/h2>\n<p>Ve\u010de\u0159e z\u00e1vis\u00ed do zna\u010dn\u00e9 m\u00edry na tom, jak\u00e1 etapa bude n\u00e1sledovat dal\u0161\u00ed den. Pokud to bude dal\u0161\u00ed rovinat\u00e1 etapa nebo dokonce odpo\u010dinkov\u00fd den, tak bude ve\u010de\u0159e stejn\u00e1 jako den p\u0159edem. Pokud jsou na druh\u00fd den v pl\u00e1nu stoup\u00e1n\u00ed a hory, tak se zastoupen\u00ed sacharid\u016f podstatn\u011b zv\u00fd\u0161\u00ed.<\/p>\n<div class=\"shortcode-ys-post-pinup\"><article class=\"loop-simple post-9628 post type-post status-publish format-standard has-post-thumbnail hentry category-welovecycling-com-cs-tdf tag-cyklistika tag-roger-riviere tag-silnicni-cyklistika tag-tour-de-france tag-tour-de-france-1960 global-categories-cycling\" data-postid=\"9628\" role=\"article\" data-post-id=\"9628\" data-word-count=\"519\" data-headline-length=\"51\" data-category=\"TdF\" data-global-category=\"Cycling\" data-author=\"Adam Bouda\" data-published=\"2020-09-09T19:30:26+02:00\" data-published-day=\"Wednesday\">\n    <div class=\"entry-thumbnail article-thumbnail\" content=\"https:\/\/d2p6e6u75xmxt8.cloudfront.net\/13\/2020\/09\/WLC-Rivi\u00e8re-profimedia-0068072229-150x150.webp\"><a href=\"https:\/\/www.welovecycling.com\/cs\/2020\/09\/09\/retro-tour-de-france-zluty-sen-utopeny-v-rokli-1960\/\" class=\"image-holder\" target=\"_self\"><img decoding=\"async\" loading=\"lazy\" class=\"\" src=\"https:\/\/d2p6e6u75xmxt8.cloudfront.net\/13\/2020\/09\/WLC-Rivi\u00e8re-profimedia-0068072229-1024x627.webp\" srcset=\"https:\/\/d2p6e6u75xmxt8.cloudfront.net\/13\/2020\/09\/WLC-Rivi\u00e8re-profimedia-0068072229.webp 1800w, https:\/\/d2p6e6u75xmxt8.cloudfront.net\/13\/2020\/09\/WLC-Rivi\u00e8re-profimedia-0068072229-300x184.webp 300w, https:\/\/d2p6e6u75xmxt8.cloudfront.net\/13\/2020\/09\/WLC-Rivi\u00e8re-profimedia-0068072229-1024x627.webp 1024w, https:\/\/d2p6e6u75xmxt8.cloudfront.net\/13\/2020\/09\/WLC-Rivi\u00e8re-profimedia-0068072229-768x471.webp 768w, https:\/\/d2p6e6u75xmxt8.cloudfront.net\/13\/2020\/09\/WLC-Rivi\u00e8re-profimedia-0068072229-1536x941.webp 1536w\" width=\"1024\" height=\"627\" sizes=\"auto, (min-width: 1200px) 326px, (min-width: 768px) 27vw, 100vw\" alt=\"retro-tour-de-france-zluty-sen-utopeny-v-rokli-1960\"\/><\/a><\/div>    <div class=\"entry-meta\">\n        <a class=\"label label-secondary post-category\" href=\"https:\/\/www.welovecycling.com\/cs\/category\/welovecycling-com-cs-tdf\/\" title=\"TdF\">TdF<\/a>\n    <\/div>\n    <div class=\"entry-details\">\n        <a href=\"https:\/\/www.welovecycling.com\/cs\/2020\/09\/09\/retro-tour-de-france-zluty-sen-utopeny-v-rokli-1960\/\" class='entry-title-wrapper'>\n            <h3 class=\"entry-title\"><span>Tour de France: \u017elut\u00fd sen utopen\u00fd v rokli (1960)<\/span><\/h3>\n        <\/a>\n    <\/div>\n    <\/article>\n<\/div>\n<p>Celkov\u011b se v den rovinat\u00e9 etapy z\u00e1vodn\u00edci zastav\u00ed n\u011bkde okolo pouh\u00fdch 5 g sacharid\u016f na 1 kg t\u011blesn\u00e9 v\u00e1hy, co\u017e ve sv\u011bt\u011b vrcholov\u00e9 cyklistiky nen\u00ed mnoho. U horsk\u00fdch etap vypad\u00e1 denn\u00ed strava v\u00fdrazn\u011b jinak.<\/p>\n","protected":false},"excerpt":{"rendered":"<p>Cyklist\u00e9 na Tour de France jsou pov\u011bstn\u00ed t\u00edm, kolik j\u00eddla za 21 dn\u00ed z\u00e1vod\u011bn\u00ed spo\u0159\u00e1daj\u00ed. Jejich c\u00edlem ale nen\u00ed sn\u00edst [&hellip;]<\/p>\n","protected":false},"author":122,"featured_media":9701,"comment_status":"open","ping_status":"open","sticky":false,"template":"","format":"standard","meta":{"footnotes":""},"categories":[243],"tags":[126,9,1130,23,998,17],"global-categories":[411],"class_list":["post-9698","post","type-post","status-publish","format-standard","has-post-thumbnail","hentry","category-welovecycling-com-cs-tdf","tag-cyklistika","tag-silnicni-cyklistika","tag-strava-na-tour-de-france","tag-tour-de-france","tag-tour-de-france-2020","tag-vyziva","global-categories-cycling"],"yoast_head":"<!-- This site is optimized with the Yoast SEO Premium plugin v25.3 (Yoast SEO v25.9) - https:\/\/yoast.com\/wordpress\/plugins\/seo\/ -->\n<title>V\u00fd\u017eiva cyklist\u016f na Tour de France: rovinat\u00e9 etapy | \u0160koda We Love Cycling - \u010cesk\u00e1 republika<\/title>\n<meta name=\"robots\" content=\"index, follow, max-snippet:-1, max-image-preview:large, max-video-preview:-1\" \/>\n<link rel=\"canonical\" href=\"https:\/\/www.welovecycling.com\/cs\/2020\/09\/13\/vyziva-cyklistu-na-tour-de-france-rovinate-etapy\/\" \/>\n<meta property=\"og:locale\" content=\"cs_CZ\" \/>\n<meta property=\"og:type\" content=\"article\" \/>\n<meta property=\"og:title\" content=\"V\u00fd\u017eiva cyklist\u016f na Tour de France: rovinat\u00e9 etapy\" \/>\n<meta property=\"og:description\" content=\"Cyklist\u00e9 na Tour de France jsou pov\u011bstn\u00ed t\u00edm, kolik j\u00eddla za 21 dn\u00ed z\u00e1vod\u011bn\u00ed spo\u0159\u00e1daj\u00ed. Jejich c\u00edlem ale nen\u00ed sn\u00edst [&hellip;]\" \/>\n<meta property=\"og:url\" content=\"https:\/\/www.welovecycling.com\/cs\/2020\/09\/13\/vyziva-cyklistu-na-tour-de-france-rovinate-etapy\/\" \/>\n<meta property=\"og:site_name\" content=\"\u0160koda We Love Cycling - \u010cesk\u00e1 republika\" \/>\n<meta property=\"article:published_time\" content=\"2020-09-13T05:00:52+00:00\" \/>\n<meta property=\"og:image\" content=\"https:\/\/d2p6e6u75xmxt8.cloudfront.net\/13\/2020\/09\/WLC-sn\u00eddan\u011b.webp\" \/>\n\t<meta property=\"og:image:width\" content=\"1080\" \/>\n\t<meta property=\"og:image:height\" content=\"675\" \/>\n\t<meta property=\"og:image:type\" content=\"image\/webp\" \/>\n<meta name=\"twitter:card\" content=\"summary_large_image\" \/>\n<meta name=\"twitter:label1\" content=\"Written by\" \/>\n\t<meta name=\"twitter:data1\" content=\"Adam Bouda\" \/>\n\t<meta name=\"twitter:label2\" content=\"Est. reading time\" \/>\n\t<meta name=\"twitter:data2\" content=\"6\" \/>\n<script type=\"application\/ld+json\" class=\"yoast-schema-graph\">{\"@context\":\"https:\/\/schema.org\",\"@graph\":[{\"@type\":\"WebPage\",\"@id\":\"https:\/\/www.welovecycling.com\/cs\/2020\/09\/13\/vyziva-cyklistu-na-tour-de-france-rovinate-etapy\/\",\"url\":\"https:\/\/www.welovecycling.com\/cs\/2020\/09\/13\/vyziva-cyklistu-na-tour-de-france-rovinate-etapy\/\",\"name\":\"V\u00fd\u017eiva cyklist\u016f na Tour de France: rovinat\u00e9 etapy | \u0160koda We Love Cycling - \u010cesk\u00e1 republika\",\"isPartOf\":{\"@id\":\"https:\/\/www.welovecycling.com\/cs\/#website\"},\"primaryImageOfPage\":{\"@id\":\"https:\/\/www.welovecycling.com\/cs\/2020\/09\/13\/vyziva-cyklistu-na-tour-de-france-rovinate-etapy\/#primaryimage\"},\"image\":{\"@id\":\"https:\/\/www.welovecycling.com\/cs\/2020\/09\/13\/vyziva-cyklistu-na-tour-de-france-rovinate-etapy\/#primaryimage\"},\"thumbnailUrl\":\"https:\/\/d2p6e6u75xmxt8.cloudfront.net\/13\/2020\/09\/WLC-sn\u00eddan\u011b.webp\",\"datePublished\":\"2020-09-13T05:00:52+00:00\",\"author\":{\"@id\":\"\"},\"inLanguage\":\"cs\",\"potentialAction\":[{\"@type\":\"ReadAction\",\"target\":[\"https:\/\/www.welovecycling.com\/cs\/2020\/09\/13\/vyziva-cyklistu-na-tour-de-france-rovinate-etapy\/\"]}]},{\"@type\":\"ImageObject\",\"inLanguage\":\"cs\",\"@id\":\"https:\/\/www.welovecycling.com\/cs\/2020\/09\/13\/vyziva-cyklistu-na-tour-de-france-rovinate-etapy\/#primaryimage\",\"url\":\"https:\/\/d2p6e6u75xmxt8.cloudfront.net\/13\/2020\/09\/WLC-sn\u00eddan\u011b.webp\",\"contentUrl\":\"https:\/\/d2p6e6u75xmxt8.cloudfront.net\/13\/2020\/09\/WLC-sn\u00eddan\u011b.webp\",\"width\":1080,\"height\":675,\"caption\":\"Sn\u00eddan\u011b by nem\u011bla chyb\u011bt\"},{\"@type\":\"WebSite\",\"@id\":\"https:\/\/www.welovecycling.com\/cs\/#website\",\"url\":\"https:\/\/www.welovecycling.com\/cs\/\",\"name\":\"\u0160koda We Love Cycling - \u010cesk\u00e1 republika\",\"description\":\"WeLoveCycling.cz je online magaz\u00edn, kter\u00fd v\u00e1m pravideln\u011b p\u0159in\u00e1\u0161\u00ed rady a tipy, zaj\u00edmav\u00e9 \u010dl\u00e1nky, videa a jedine\u010dn\u00e9 report\u00e1\u017ee ze sv\u011bta cyklistiky.\",\"potentialAction\":[{\"@type\":\"SearchAction\",\"target\":{\"@type\":\"EntryPoint\",\"urlTemplate\":\"https:\/\/www.welovecycling.com\/cs\/?s={search_term_string}\"},\"query-input\":{\"@type\":\"PropertyValueSpecification\",\"valueRequired\":true,\"valueName\":\"search_term_string\"}}],\"inLanguage\":\"cs\"},{\"@type\":\"Person\",\"@id\":\"\",\"url\":\"https:\/\/www.welovecycling.com\/cs\/author\/\"}]}<\/script>\n<!-- \/ Yoast SEO Premium plugin. -->","yoast_head_json":{"title":"V\u00fd\u017eiva cyklist\u016f na Tour de France: rovinat\u00e9 etapy | \u0160koda We Love Cycling - \u010cesk\u00e1 republika","robots":{"index":"index","follow":"follow","max-snippet":"max-snippet:-1","max-image-preview":"max-image-preview:large","max-video-preview":"max-video-preview:-1"},"canonical":"https:\/\/www.welovecycling.com\/cs\/2020\/09\/13\/vyziva-cyklistu-na-tour-de-france-rovinate-etapy\/","og_locale":"cs_CZ","og_type":"article","og_title":"V\u00fd\u017eiva cyklist\u016f na Tour de France: rovinat\u00e9 etapy","og_description":"Cyklist\u00e9 na Tour de France jsou pov\u011bstn\u00ed t\u00edm, kolik j\u00eddla za 21 dn\u00ed z\u00e1vod\u011bn\u00ed spo\u0159\u00e1daj\u00ed. Jejich c\u00edlem ale nen\u00ed sn\u00edst [&hellip;]","og_url":"https:\/\/www.welovecycling.com\/cs\/2020\/09\/13\/vyziva-cyklistu-na-tour-de-france-rovinate-etapy\/","og_site_name":"\u0160koda We Love Cycling - \u010cesk\u00e1 republika","article_published_time":"2020-09-13T05:00:52+00:00","og_image":[{"width":1080,"height":675,"url":"https:\/\/d2p6e6u75xmxt8.cloudfront.net\/13\/2020\/09\/WLC-sn\u00eddan\u011b.webp","type":"image\/webp"}],"twitter_card":"summary_large_image","twitter_misc":{"Written by":"Adam Bouda","Est. reading time":"6"},"schema":{"@context":"https:\/\/schema.org","@graph":[{"@type":"WebPage","@id":"https:\/\/www.welovecycling.com\/cs\/2020\/09\/13\/vyziva-cyklistu-na-tour-de-france-rovinate-etapy\/","url":"https:\/\/www.welovecycling.com\/cs\/2020\/09\/13\/vyziva-cyklistu-na-tour-de-france-rovinate-etapy\/","name":"V\u00fd\u017eiva cyklist\u016f na Tour de France: rovinat\u00e9 etapy | \u0160koda We Love Cycling - \u010cesk\u00e1 republika","isPartOf":{"@id":"https:\/\/www.welovecycling.com\/cs\/#website"},"primaryImageOfPage":{"@id":"https:\/\/www.welovecycling.com\/cs\/2020\/09\/13\/vyziva-cyklistu-na-tour-de-france-rovinate-etapy\/#primaryimage"},"image":{"@id":"https:\/\/www.welovecycling.com\/cs\/2020\/09\/13\/vyziva-cyklistu-na-tour-de-france-rovinate-etapy\/#primaryimage"},"thumbnailUrl":"https:\/\/d2p6e6u75xmxt8.cloudfront.net\/13\/2020\/09\/WLC-sn\u00eddan\u011b.webp","datePublished":"2020-09-13T05:00:52+00:00","author":{"@id":""},"inLanguage":"cs","potentialAction":[{"@type":"ReadAction","target":["https:\/\/www.welovecycling.com\/cs\/2020\/09\/13\/vyziva-cyklistu-na-tour-de-france-rovinate-etapy\/"]}]},{"@type":"ImageObject","inLanguage":"cs","@id":"https:\/\/www.welovecycling.com\/cs\/2020\/09\/13\/vyziva-cyklistu-na-tour-de-france-rovinate-etapy\/#primaryimage","url":"https:\/\/d2p6e6u75xmxt8.cloudfront.net\/13\/2020\/09\/WLC-sn\u00eddan\u011b.webp","contentUrl":"https:\/\/d2p6e6u75xmxt8.cloudfront.net\/13\/2020\/09\/WLC-sn\u00eddan\u011b.webp","width":1080,"height":675,"caption":"Sn\u00eddan\u011b by nem\u011bla chyb\u011bt"},{"@type":"WebSite","@id":"https:\/\/www.welovecycling.com\/cs\/#website","url":"https:\/\/www.welovecycling.com\/cs\/","name":"\u0160koda We Love Cycling - \u010cesk\u00e1 republika","description":"WeLoveCycling.cz je online magaz\u00edn, kter\u00fd v\u00e1m pravideln\u011b p\u0159in\u00e1\u0161\u00ed rady a tipy, zaj\u00edmav\u00e9 \u010dl\u00e1nky, videa a jedine\u010dn\u00e9 report\u00e1\u017ee ze sv\u011bta cyklistiky.","potentialAction":[{"@type":"SearchAction","target":{"@type":"EntryPoint","urlTemplate":"https:\/\/www.welovecycling.com\/cs\/?s={search_term_string}"},"query-input":{"@type":"PropertyValueSpecification","valueRequired":true,"valueName":"search_term_string"}}],"inLanguage":"cs"},{"@type":"Person","@id":"","url":"https:\/\/www.welovecycling.com\/cs\/author\/"}]}},"_links":{"self":[{"href":"https:\/\/www.welovecycling.com\/cs\/wp-json\/wp\/v2\/posts\/9698","targetHints":{"allow":["GET"]}}],"collection":[{"href":"https:\/\/www.welovecycling.com\/cs\/wp-json\/wp\/v2\/posts"}],"about":[{"href":"https:\/\/www.welovecycling.com\/cs\/wp-json\/wp\/v2\/types\/post"}],"author":[{"embeddable":true,"href":"https:\/\/www.welovecycling.com\/cs\/wp-json\/wp\/v2\/users\/122"}],"replies":[{"embeddable":true,"href":"https:\/\/www.welovecycling.com\/cs\/wp-json\/wp\/v2\/comments?post=9698"}],"version-history":[{"count":2,"href":"https:\/\/www.welovecycling.com\/cs\/wp-json\/wp\/v2\/posts\/9698\/revisions"}],"predecessor-version":[{"id":9708,"href":"https:\/\/www.welovecycling.com\/cs\/wp-json\/wp\/v2\/posts\/9698\/revisions\/9708"}],"wp:featuredmedia":[{"embeddable":true,"href":"https:\/\/www.welovecycling.com\/cs\/wp-json\/wp\/v2\/media\/9701"}],"wp:attachment":[{"href":"https:\/\/www.welovecycling.com\/cs\/wp-json\/wp\/v2\/media?parent=9698"}],"wp:term":[{"taxonomy":"category","embeddable":true,"href":"https:\/\/www.welovecycling.com\/cs\/wp-json\/wp\/v2\/categories?post=9698"},{"taxonomy":"post_tag","embeddable":true,"href":"https:\/\/www.welovecycling.com\/cs\/wp-json\/wp\/v2\/tags?post=9698"},{"taxonomy":"global-categories","embeddable":true,"href":"https:\/\/www.welovecycling.com\/cs\/wp-json\/wp\/v2\/global-categories?post=9698"}],"curies":[{"name":"wp","href":"https:\/\/api.w.org\/{rel}","templated":true}]}}