{"id":9665,"date":"2020-09-10T13:00:09","date_gmt":"2020-09-10T11:00:09","guid":{"rendered":"https:\/\/www.welovecycling.com\/cs\/?p=9665"},"modified":"2020-09-10T11:45:44","modified_gmt":"2020-09-10T09:45:44","slug":"zazij-tour-de-france-v-mlade-boleslavi","status":"publish","type":"post","link":"https:\/\/www.welovecycling.com\/cs\/2020\/09\/10\/zazij-tour-de-france-v-mlade-boleslavi\/","title":{"rendered":"Za\u017eij Tour de France v Mlad\u00e9 Boleslavi!"},"content":{"rendered":"<p><strong>U\u017e des\u00e1t\u00fdm d\u00edlem pokra\u010duje seri\u00e1l bikov\u00fdch z\u00e1vod\u016f Kolo pro \u017eivot. Tentokr\u00e1t\u00a0 se milovn\u00edci horsk\u00e9 cyklistiky sejdou v sobotu 12. z\u00e1\u0159\u00ed v Mlad\u00e9 Boleslavi. Pro v\u0161echny, a\u0165 u\u017e jde o \u00fa\u010dastn\u00edky n\u011bkter\u00e9ho ze z\u00e1vod\u016f, fanou\u0161ky \u010di \u010dleny doprovodu je p\u0159ipraven v\u00fdjime\u010dn\u00fd z\u00e1\u017eitek v podob\u011b \u0161ance p\u0159en\u00e9st se na p\u00e1r okam\u017eik\u016f do Francie. Ta moment\u00e1ln\u011b host\u00ed nejslavn\u011bj\u0161\u00ed cyklistick\u00fd z\u00e1vod Tour de France!<\/strong><\/p>\n<p>Den Kola pro \u017eivot s hlavn\u00edmi z\u00e1vody u\u017e tradi\u010dn\u011b startuj\u00edc\u00edmi v Mlad\u00e9 Boleslavi p\u0159ed s\u00eddlem automobilky \u0160koda Auto za nabl\u00fdskan\u00fdmi zav\u00e1d\u011bc\u00edmi vozy s rychlou rovinatou trat\u00ed oko\u0159en\u011bnou pr\u016fjezdem z\u0159\u00edceniny hradu Zv\u00ed\u0159etice m\u016f\u017ee pro z\u00e1jemce dostat v\u00fdjime\u010dn\u00fd punc.<\/p>\n<h2><strong>Na nejslavn\u011bj\u0161\u00ed z\u00e1vod ze st\u00e1nku \u0160koda Auto s Rouvy<\/strong><\/h2>\n<p>V are\u00e1lu na Kr\u00e1sn\u00e9 louce bude krom\u011b d\u011btsk\u00fdch z\u00e1vod\u016f a spousty nez\u00e1vodn\u00edch aktivit na st\u00e1nku \u0160koda Auto mo\u017enost okusit aplikaci Rouvy, jej\u00edm\u017e prost\u0159ednictv\u00edm dostane kdokoliv \u0161anci zaz\u00e1vodit si na \u010d\u00e1sti \u00faseku ikonick\u00e9 trasy z etapy Tour de France.<\/p>\n<div class=\"shortcode-ys-post-pinup\"><article class=\"loop-simple post-5470 post type-post status-publish format-standard has-post-thumbnail hentry category-zdravi-a-trenink tag-indoor-trenink tag-katerina-nash tag-kpz-2020-rouvy-virtualni-zavod tag-rouvy tag-sam-jirous tag-tereza-hurikova tag-virtualni-trenink\" data-postid=\"5470\" role=\"article\" data-post-id=\"5470\" data-word-count=\"805\" data-headline-length=\"58\" data-category=\"Zdrav\u00ed a tr\u00e9nink\" data-author=\"Adam Marsal, Ji\u0159\u00ed Kalo\u010d\" data-published=\"2020-02-13T13:46:55+02:00\" data-published-day=\"Thursday\">\n    <div class=\"entry-thumbnail article-thumbnail\" content=\"https:\/\/d2p6e6u75xmxt8.cloudfront.net\/13\/2020\/02\/Rouvy-CVR-1-150x150.webp\"><a href=\"https:\/\/www.welovecycling.com\/cs\/2020\/02\/13\/virtualni-trenink-jen-pro-profiky-nebo-i-pro-hobiky-welovecycling-cr\/\" class=\"image-holder\" target=\"_self\"><img decoding=\"async\" loading=\"lazy\" class=\"\" src=\"https:\/\/d2p6e6u75xmxt8.cloudfront.net\/13\/2020\/02\/Rouvy-CVR-1-1024x450.webp\" srcset=\"https:\/\/d2p6e6u75xmxt8.cloudfront.net\/13\/2020\/02\/Rouvy-CVR-1.webp 1366w, https:\/\/d2p6e6u75xmxt8.cloudfront.net\/13\/2020\/02\/Rouvy-CVR-1-300x132.webp 300w, https:\/\/d2p6e6u75xmxt8.cloudfront.net\/13\/2020\/02\/Rouvy-CVR-1-1024x450.webp 1024w, https:\/\/d2p6e6u75xmxt8.cloudfront.net\/13\/2020\/02\/Rouvy-CVR-1-768x337.webp 768w\" width=\"1024\" height=\"450\" sizes=\"auto, (min-width: 1200px) 456px, (min-width: 768px) 38vw, 100vw\" alt=\"virtualni-trenink-jen-pro-profiky-nebo-i-pro-hobiky-welovecycling-cr\"\/><\/a><\/div>    <div class=\"entry-meta\">\n        <a class=\"label label-secondary post-category\" href=\"https:\/\/www.welovecycling.com\/cs\/category\/zdravi-a-trenink\/\" title=\"Zdrav\u00ed a tr\u00e9nink\">Zdrav\u00ed a tr\u00e9nink<\/a>\n    <\/div>\n    <div class=\"entry-details\">\n        <a href=\"https:\/\/www.welovecycling.com\/cs\/2020\/02\/13\/virtualni-trenink-jen-pro-profiky-nebo-i-pro-hobiky-welovecycling-cr\/\" class='entry-title-wrapper'>\n            <h3 class=\"entry-title\"><span>Virtu\u00e1ln\u00ed tr\u00e9nink jen pro prof\u00edky, nebo i pro hob\u00edky?<\/span><\/h3>\n        <\/a>\n    <\/div>\n    <\/article>\n<\/div>\n<p>V origin\u00e1le na aplikaci Rouvy m\u011b\u0159\u00ed etapa, kter\u00e1 se jela v \u00favodu Tour de France nedaleko Nice 55,37 kilometr\u016f. Cyklist\u00e9 na trena\u017e\u00e9rech b\u011bhem n\u00ed absolvuj\u00ed 1447 v\u00fd\u0161kov\u00fdch metr\u016f, kde je v z\u00e1v\u011bru brut\u00e1ln\u00ed kopec se sklonem patn\u00e1cti procent. Ov\u0161em nen\u00ed t\u0159eba se strachovat. V sobotu \u010dek\u00e1 na z\u00e1jemce jen 880 metr\u016f!<\/p>\n<p><a href=\"https:\/\/d2p6e6u75xmxt8.cloudfront.net\/13\/2020\/09\/rouvy-IMG_0394.jpg\"><img loading=\"lazy\" decoding=\"async\" class=\"alignnone size-extra-large wp-image-9663\" src=\"https:\/\/d2p6e6u75xmxt8.cloudfront.net\/13\/2020\/09\/rouvy-IMG_0394-1920x1440.jpg\" alt=\"\" width=\"1920\" height=\"1440\" \/><\/a><\/p>\n<p>Kdo p\u0159ekon\u00e1 rekordn\u00ed \u010das, m\u016f\u017ee vyhr\u00e1t zaj\u00edmav\u00e9 ceny od Rouvy \u010di \u0160koda Auto. Ka\u017ed\u00fd se m\u016f\u017ee z\u00e1rove\u0148 zapsat do sout\u011b\u017ee o p\u016flro\u010dn\u00ed zap\u016fj\u010den\u00ed kompletu pro sv\u016fj zimn\u00ed tr\u00e9nink a zpest\u0159it si tak celou zimn\u00ed sezonu! Sou\u010d\u00e1st\u00ed kompletu je trena\u017eer zna\u010dky ELITE, p\u016flro\u010dn\u00ed Rouvy p\u0159edplatn\u00e9 v setu s kolem od spole\u010dnosti \u0160koda Auto!<\/p>\n<div class=\"shortcode-ys-post-pinup\"><article class=\"loop-simple post-9386 post type-post status-publish format-standard has-post-thumbnail hentry category-welovecycling-com-cs-tdf category-https-www-welovecycling-com-cs-category-zabava tag-col-du-tourmalet tag-cyklistika tag-tour-de-france tag-tourmalet global-categories-cycling\" data-postid=\"9386\" role=\"article\" data-post-id=\"9386\" data-word-count=\"509\" data-headline-length=\"52\" data-category=\"TdF\" data-global-category=\"Cycling\" data-author=\"Adam Bouda\" data-published=\"2020-08-29T08:00:06+02:00\" data-published-day=\"Saturday\">\n    <div class=\"entry-thumbnail article-thumbnail\" content=\"https:\/\/d2p6e6u75xmxt8.cloudfront.net\/13\/2020\/08\/WLC-TOURMALET-20190720TDF2027-A.S.O._Thomas_MAHEUX-150x150.webp\"><a href=\"https:\/\/www.welovecycling.com\/cs\/2020\/08\/29\/retro-tour-de-france-kdyz-se-peloton-vyda-k-nebi-1910\/\" class=\"image-holder\" target=\"_self\"><img decoding=\"async\" loading=\"lazy\" class=\"\" src=\"https:\/\/d2p6e6u75xmxt8.cloudfront.net\/13\/2020\/08\/WLC-TOURMALET-20190720TDF2027-A.S.O._Thomas_MAHEUX.webp\" srcset=\"https:\/\/d2p6e6u75xmxt8.cloudfront.net\/13\/2020\/08\/WLC-TOURMALET-20190720TDF2027-A.S.O._Thomas_MAHEUX.webp 1000w, https:\/\/d2p6e6u75xmxt8.cloudfront.net\/13\/2020\/08\/WLC-TOURMALET-20190720TDF2027-A.S.O._Thomas_MAHEUX-300x200.webp 300w, https:\/\/d2p6e6u75xmxt8.cloudfront.net\/13\/2020\/08\/WLC-TOURMALET-20190720TDF2027-A.S.O._Thomas_MAHEUX-768x512.webp 768w, https:\/\/d2p6e6u75xmxt8.cloudfront.net\/13\/2020\/08\/WLC-TOURMALET-20190720TDF2027-A.S.O._Thomas_MAHEUX-272x182.webp 272w\" width=\"1000\" height=\"667\" sizes=\"auto, (min-width: 1200px) 300px, (min-width: 768px) 25vw, 100vw\" alt=\"retro-tour-de-france-kdyz-se-peloton-vyda-k-nebi-1910\"\/><\/a><\/div>    <div class=\"entry-meta\">\n        <a class=\"label label-secondary post-category\" href=\"https:\/\/www.welovecycling.com\/cs\/category\/welovecycling-com-cs-tdf\/\" title=\"TdF\">TdF<\/a>\n    <\/div>\n    <div class=\"entry-details\">\n        <a href=\"https:\/\/www.welovecycling.com\/cs\/2020\/08\/29\/retro-tour-de-france-kdyz-se-peloton-vyda-k-nebi-1910\/\" class='entry-title-wrapper'>\n            <h3 class=\"entry-title\"><span>Tour de France: kdy\u017e se peloton vyd\u00e1 k nebi (1910)<\/span><\/h3>\n        <\/a>\n    <\/div>\n    <\/article>\n<\/div>\n<p>M\u016f\u017eete tak snadno tr\u00e9novat na Rouvy po celou zimu z pohodl\u00ed domova! Z\u00e1rove\u0148 v zimn\u00ed sezon\u011b bude pro milovn\u00edky cyklistiky nachyst\u00e1n seri\u00e1l digit\u00e1ln\u00edch z\u00e1vod\u016f ve spolupr\u00e1ci s Kolem pro \u017divot. A pr\u00e1v\u011b i t\u011bchto z\u00e1vod\u016f se d\u00edky v\u00fdh\u0159e na st\u00e1nku \u0160koda Auto budete moci z\u00fa\u010dastnit!<\/p>\n<h2><strong>Co je Rouvy?<\/strong><\/h2>\n<p>Rouvy\u00a0 je aplikace pro cyklisty, kter\u00e1 umo\u017e\u0148uje jezdit po zn\u00e1m\u00fdch alpsk\u00fdch silnic\u00edch a p\u0159itom neopustit domov. Aplikace simuluje re\u00e1lnou venkovn\u00ed j\u00edzdu pomoc\u00ed roz\u0161\u00ed\u0159en\u00e9 reality a \u0161pi\u010dkov\u00fdch vide\u00ed s GPS profilem trasy.<\/p>\n<p>Trasy s roz\u0161\u00ed\u0159enou realitou kombinuj\u00ed animovan\u00e9 3D jezdce s re\u00e1ln\u00fdm videem, tak\u017ee si mohou cyklist\u00e9 u\u017e\u00edvat pestrost a z\u00e1bavu cyklistiky i doma.<\/p>\n<figure id=\"attachment_9664\" aria-describedby=\"caption-attachment-9664\" style=\"width: 1920px\" class=\"wp-caption alignnone\"><a href=\"https:\/\/d2p6e6u75xmxt8.cloudfront.net\/13\/2020\/09\/rouvy-IMG_0399.jpg\"><img loading=\"lazy\" decoding=\"async\" class=\"size-extra-large wp-image-9664\" src=\"https:\/\/d2p6e6u75xmxt8.cloudfront.net\/13\/2020\/09\/rouvy-IMG_0399-1920x1440.jpg\" alt=\"Kola upnut\u00e1 do trena\u017e\u00e9r\u016f p\u0159ipojen\u00fdch na aplikaci Rouvy nab\u00edz\u00ed origin\u00e1ln\u00ed tr\u00e9ninkov\u00fd z\u00e1\u017eitek. Foto: Rouvy\" width=\"1920\" height=\"1440\" \/><\/a><figcaption id=\"caption-attachment-9664\" class=\"wp-caption-text\"><em>Kola upnut\u00e1 do trena\u017e\u00e9r\u016f p\u0159ipojen\u00fdch na aplikaci Rouvy nab\u00edz\u00ed origin\u00e1ln\u00ed tr\u00e9ninkov\u00fd z\u00e1\u017eitek. Foto: Rouvy<\/em><\/figcaption><\/figure>\n<p>S Rouvy nesetrv\u00e1vaj\u00ed v monot\u00f3nn\u00edm tempu ub\u00edjej\u00edc\u00edho indoorov\u00e9ho tr\u00e9ninku, ale mohou i v zimn\u00edm obdob\u00ed zdol\u00e1vat vyhl\u00e1\u0161en\u00e9 trasy z cel\u00e9ho sv\u011bta. Sta\u010d\u00ed p\u0159ipojit cyklistick\u00fd trena\u017eer k aplikaci Rouvy a zvolit si z v\u00edce ne\u017e 3000 tras podle d\u00e9lky nebo profilu, aby ka\u017ed\u00e9mu kdykoliv zapadly do tr\u00e9ninkov\u00e9ho pl\u00e1nu. Data aktivity je mo\u017en\u00e9 synchronizovat s popul\u00e1rn\u00edmi aplikacemi jako je Strava nebo TrainingPeaks.<\/p>\n","protected":false},"excerpt":{"rendered":"<p>U\u017e des\u00e1t\u00fdm d\u00edlem pokra\u010duje seri\u00e1l bikov\u00fdch z\u00e1vod\u016f Kolo pro \u017eivot. Tentokr\u00e1t\u00a0 se milovn\u00edci horsk\u00e9 cyklistiky sejdou v sobotu 12. z\u00e1\u0159\u00ed [&hellip;]<\/p>\n","protected":false},"author":122,"featured_media":9661,"comment_status":"open","ping_status":"open","sticky":false,"template":"","format":"standard","meta":{"footnotes":""},"categories":[660],"tags":[126,206,792,27,1127],"global-categories":[411],"class_list":["post-9665","post","type-post","status-publish","format-standard","has-post-thumbnail","hentry","category-https-www-welovecycling-com-cs-category-zabava","tag-cyklistika","tag-kolo-pro-zivot","tag-rouvy","tag-trenink","tag-virtualni-zavod-rouvy","global-categories-cycling"],"yoast_head":"<!-- This site is optimized with the Yoast SEO Premium plugin v25.3 (Yoast SEO v25.9) - https:\/\/yoast.com\/wordpress\/plugins\/seo\/ -->\n<title>Za\u017eij Tour de France v Mlad\u00e9 Boleslavi! | \u0160koda We Love Cycling - \u010cesk\u00e1 republika<\/title>\n<meta name=\"robots\" content=\"index, follow, max-snippet:-1, max-image-preview:large, max-video-preview:-1\" \/>\n<link rel=\"canonical\" href=\"https:\/\/www.welovecycling.com\/cs\/2020\/09\/10\/zazij-tour-de-france-v-mlade-boleslavi\/\" \/>\n<meta property=\"og:locale\" content=\"cs_CZ\" \/>\n<meta property=\"og:type\" content=\"article\" \/>\n<meta property=\"og:title\" content=\"Za\u017eij Tour de France v Mlad\u00e9 Boleslavi!\" \/>\n<meta property=\"og:description\" content=\"U\u017e des\u00e1t\u00fdm d\u00edlem pokra\u010duje seri\u00e1l bikov\u00fdch z\u00e1vod\u016f Kolo pro \u017eivot. Tentokr\u00e1t\u00a0 se milovn\u00edci horsk\u00e9 cyklistiky sejdou v sobotu 12. z\u00e1\u0159\u00ed [&hellip;]\" \/>\n<meta property=\"og:url\" content=\"https:\/\/www.welovecycling.com\/cs\/2020\/09\/10\/zazij-tour-de-france-v-mlade-boleslavi\/\" \/>\n<meta property=\"og:site_name\" content=\"\u0160koda We Love Cycling - \u010cesk\u00e1 republika\" \/>\n<meta property=\"article:published_time\" content=\"2020-09-10T11:00:09+00:00\" \/>\n<meta property=\"og:image\" content=\"https:\/\/d2p6e6u75xmxt8.cloudfront.net\/13\/2020\/09\/rouvy-DSC_0192-scaled.webp\" \/>\n\t<meta property=\"og:image:width\" content=\"2560\" \/>\n\t<meta property=\"og:image:height\" content=\"1707\" \/>\n\t<meta property=\"og:image:type\" content=\"image\/webp\" \/>\n<meta name=\"twitter:card\" content=\"summary_large_image\" \/>\n<meta name=\"twitter:label1\" content=\"Written by\" \/>\n\t<meta name=\"twitter:data1\" content=\"Adam Bouda\" \/>\n\t<meta name=\"twitter:label2\" content=\"Est. reading time\" \/>\n\t<meta name=\"twitter:data2\" content=\"7\" \/>\n<script type=\"application\/ld+json\" class=\"yoast-schema-graph\">{\"@context\":\"https:\/\/schema.org\",\"@graph\":[{\"@type\":\"WebPage\",\"@id\":\"https:\/\/www.welovecycling.com\/cs\/2020\/09\/10\/zazij-tour-de-france-v-mlade-boleslavi\/\",\"url\":\"https:\/\/www.welovecycling.com\/cs\/2020\/09\/10\/zazij-tour-de-france-v-mlade-boleslavi\/\",\"name\":\"Za\u017eij Tour de France v Mlad\u00e9 Boleslavi! | \u0160koda We Love Cycling - \u010cesk\u00e1 republika\",\"isPartOf\":{\"@id\":\"https:\/\/www.welovecycling.com\/cs\/#website\"},\"primaryImageOfPage\":{\"@id\":\"https:\/\/www.welovecycling.com\/cs\/2020\/09\/10\/zazij-tour-de-france-v-mlade-boleslavi\/#primaryimage\"},\"image\":{\"@id\":\"https:\/\/www.welovecycling.com\/cs\/2020\/09\/10\/zazij-tour-de-france-v-mlade-boleslavi\/#primaryimage\"},\"thumbnailUrl\":\"https:\/\/d2p6e6u75xmxt8.cloudfront.net\/13\/2020\/09\/rouvy-DSC_0192-scaled.webp\",\"datePublished\":\"2020-09-10T11:00:09+00:00\",\"author\":{\"@id\":\"\"},\"inLanguage\":\"cs\",\"potentialAction\":[{\"@type\":\"ReadAction\",\"target\":[\"https:\/\/www.welovecycling.com\/cs\/2020\/09\/10\/zazij-tour-de-france-v-mlade-boleslavi\/\"]}]},{\"@type\":\"ImageObject\",\"inLanguage\":\"cs\",\"@id\":\"https:\/\/www.welovecycling.com\/cs\/2020\/09\/10\/zazij-tour-de-france-v-mlade-boleslavi\/#primaryimage\",\"url\":\"https:\/\/d2p6e6u75xmxt8.cloudfront.net\/13\/2020\/09\/rouvy-DSC_0192-scaled.webp\",\"contentUrl\":\"https:\/\/d2p6e6u75xmxt8.cloudfront.net\/13\/2020\/09\/rouvy-DSC_0192-scaled.webp\",\"width\":2560,\"height\":1707},{\"@type\":\"WebSite\",\"@id\":\"https:\/\/www.welovecycling.com\/cs\/#website\",\"url\":\"https:\/\/www.welovecycling.com\/cs\/\",\"name\":\"\u0160koda We Love Cycling - \u010cesk\u00e1 republika\",\"description\":\"WeLoveCycling.cz je online magaz\u00edn, kter\u00fd v\u00e1m pravideln\u011b p\u0159in\u00e1\u0161\u00ed rady a tipy, zaj\u00edmav\u00e9 \u010dl\u00e1nky, videa a jedine\u010dn\u00e9 report\u00e1\u017ee ze sv\u011bta cyklistiky.\",\"potentialAction\":[{\"@type\":\"SearchAction\",\"target\":{\"@type\":\"EntryPoint\",\"urlTemplate\":\"https:\/\/www.welovecycling.com\/cs\/?s={search_term_string}\"},\"query-input\":{\"@type\":\"PropertyValueSpecification\",\"valueRequired\":true,\"valueName\":\"search_term_string\"}}],\"inLanguage\":\"cs\"},{\"@type\":\"Person\",\"@id\":\"\",\"url\":\"https:\/\/www.welovecycling.com\/cs\/author\/\"}]}<\/script>\n<!-- \/ Yoast SEO Premium plugin. -->","yoast_head_json":{"title":"Za\u017eij Tour de France v Mlad\u00e9 Boleslavi! | \u0160koda We Love Cycling - \u010cesk\u00e1 republika","robots":{"index":"index","follow":"follow","max-snippet":"max-snippet:-1","max-image-preview":"max-image-preview:large","max-video-preview":"max-video-preview:-1"},"canonical":"https:\/\/www.welovecycling.com\/cs\/2020\/09\/10\/zazij-tour-de-france-v-mlade-boleslavi\/","og_locale":"cs_CZ","og_type":"article","og_title":"Za\u017eij Tour de France v Mlad\u00e9 Boleslavi!","og_description":"U\u017e des\u00e1t\u00fdm d\u00edlem pokra\u010duje seri\u00e1l bikov\u00fdch z\u00e1vod\u016f Kolo pro \u017eivot. Tentokr\u00e1t\u00a0 se milovn\u00edci horsk\u00e9 cyklistiky sejdou v sobotu 12. z\u00e1\u0159\u00ed [&hellip;]","og_url":"https:\/\/www.welovecycling.com\/cs\/2020\/09\/10\/zazij-tour-de-france-v-mlade-boleslavi\/","og_site_name":"\u0160koda We Love Cycling - \u010cesk\u00e1 republika","article_published_time":"2020-09-10T11:00:09+00:00","og_image":[{"width":2560,"height":1707,"url":"https:\/\/d2p6e6u75xmxt8.cloudfront.net\/13\/2020\/09\/rouvy-DSC_0192-scaled.webp","type":"image\/webp"}],"twitter_card":"summary_large_image","twitter_misc":{"Written by":"Adam Bouda","Est. reading time":"7"},"schema":{"@context":"https:\/\/schema.org","@graph":[{"@type":"WebPage","@id":"https:\/\/www.welovecycling.com\/cs\/2020\/09\/10\/zazij-tour-de-france-v-mlade-boleslavi\/","url":"https:\/\/www.welovecycling.com\/cs\/2020\/09\/10\/zazij-tour-de-france-v-mlade-boleslavi\/","name":"Za\u017eij Tour de France v Mlad\u00e9 Boleslavi! | \u0160koda We Love Cycling - \u010cesk\u00e1 republika","isPartOf":{"@id":"https:\/\/www.welovecycling.com\/cs\/#website"},"primaryImageOfPage":{"@id":"https:\/\/www.welovecycling.com\/cs\/2020\/09\/10\/zazij-tour-de-france-v-mlade-boleslavi\/#primaryimage"},"image":{"@id":"https:\/\/www.welovecycling.com\/cs\/2020\/09\/10\/zazij-tour-de-france-v-mlade-boleslavi\/#primaryimage"},"thumbnailUrl":"https:\/\/d2p6e6u75xmxt8.cloudfront.net\/13\/2020\/09\/rouvy-DSC_0192-scaled.webp","datePublished":"2020-09-10T11:00:09+00:00","author":{"@id":""},"inLanguage":"cs","potentialAction":[{"@type":"ReadAction","target":["https:\/\/www.welovecycling.com\/cs\/2020\/09\/10\/zazij-tour-de-france-v-mlade-boleslavi\/"]}]},{"@type":"ImageObject","inLanguage":"cs","@id":"https:\/\/www.welovecycling.com\/cs\/2020\/09\/10\/zazij-tour-de-france-v-mlade-boleslavi\/#primaryimage","url":"https:\/\/d2p6e6u75xmxt8.cloudfront.net\/13\/2020\/09\/rouvy-DSC_0192-scaled.webp","contentUrl":"https:\/\/d2p6e6u75xmxt8.cloudfront.net\/13\/2020\/09\/rouvy-DSC_0192-scaled.webp","width":2560,"height":1707},{"@type":"WebSite","@id":"https:\/\/www.welovecycling.com\/cs\/#website","url":"https:\/\/www.welovecycling.com\/cs\/","name":"\u0160koda We Love Cycling - \u010cesk\u00e1 republika","description":"WeLoveCycling.cz je online magaz\u00edn, kter\u00fd v\u00e1m pravideln\u011b p\u0159in\u00e1\u0161\u00ed rady a tipy, zaj\u00edmav\u00e9 \u010dl\u00e1nky, videa a jedine\u010dn\u00e9 report\u00e1\u017ee ze sv\u011bta cyklistiky.","potentialAction":[{"@type":"SearchAction","target":{"@type":"EntryPoint","urlTemplate":"https:\/\/www.welovecycling.com\/cs\/?s={search_term_string}"},"query-input":{"@type":"PropertyValueSpecification","valueRequired":true,"valueName":"search_term_string"}}],"inLanguage":"cs"},{"@type":"Person","@id":"","url":"https:\/\/www.welovecycling.com\/cs\/author\/"}]}},"_links":{"self":[{"href":"https:\/\/www.welovecycling.com\/cs\/wp-json\/wp\/v2\/posts\/9665","targetHints":{"allow":["GET"]}}],"collection":[{"href":"https:\/\/www.welovecycling.com\/cs\/wp-json\/wp\/v2\/posts"}],"about":[{"href":"https:\/\/www.welovecycling.com\/cs\/wp-json\/wp\/v2\/types\/post"}],"author":[{"embeddable":true,"href":"https:\/\/www.welovecycling.com\/cs\/wp-json\/wp\/v2\/users\/122"}],"replies":[{"embeddable":true,"href":"https:\/\/www.welovecycling.com\/cs\/wp-json\/wp\/v2\/comments?post=9665"}],"version-history":[{"count":2,"href":"https:\/\/www.welovecycling.com\/cs\/wp-json\/wp\/v2\/posts\/9665\/revisions"}],"predecessor-version":[{"id":9667,"href":"https:\/\/www.welovecycling.com\/cs\/wp-json\/wp\/v2\/posts\/9665\/revisions\/9667"}],"wp:featuredmedia":[{"embeddable":true,"href":"https:\/\/www.welovecycling.com\/cs\/wp-json\/wp\/v2\/media\/9661"}],"wp:attachment":[{"href":"https:\/\/www.welovecycling.com\/cs\/wp-json\/wp\/v2\/media?parent=9665"}],"wp:term":[{"taxonomy":"category","embeddable":true,"href":"https:\/\/www.welovecycling.com\/cs\/wp-json\/wp\/v2\/categories?post=9665"},{"taxonomy":"post_tag","embeddable":true,"href":"https:\/\/www.welovecycling.com\/cs\/wp-json\/wp\/v2\/tags?post=9665"},{"taxonomy":"global-categories","embeddable":true,"href":"https:\/\/www.welovecycling.com\/cs\/wp-json\/wp\/v2\/global-categories?post=9665"}],"curies":[{"name":"wp","href":"https:\/\/api.w.org\/{rel}","templated":true}]}}