{"id":9630,"date":"2020-09-07T09:31:03","date_gmt":"2020-09-07T07:31:03","guid":{"rendered":"https:\/\/www.welovecycling.com\/cs\/?p=9630"},"modified":"2020-09-07T09:32:05","modified_gmt":"2020-09-07T07:32:05","slug":"prvni-tyden-tour-de-france-ocima-experta-nejsilneji-vypadaji-roglic-bernal-a-pogacar","status":"publish","type":"post","link":"https:\/\/www.welovecycling.com\/cs\/2020\/09\/07\/prvni-tyden-tour-de-france-ocima-experta-nejsilneji-vypadaji-roglic-bernal-a-pogacar\/","title":{"rendered":"Prvn\u00ed t\u00fdden Tour de France o\u010dima experta: Nejsiln\u011bji vypadaj\u00ed Rogli\u010d, Bernal a Poga\u010dar"},"content":{"rendered":"<p><strong>Tour de France m\u00e1 za sebou prvn\u00ed t\u00fdden a z dev\u00edti odjet\u00fdch etap se fanou\u0161ek nemohl nudit ani p\u0159i jedn\u00e9. \u201eVlastn\u011b ka\u017ed\u00fd den p\u00ed\u0161e n\u011bjak\u00fd zaj\u00edmav\u00fd p\u0159\u00edb\u011bh a Tour m\u011b zat\u00edm hodn\u011b bav\u00ed,\u201c \u0159\u00edk\u00e1 b\u00fdval\u00fd profesion\u00e1l Franti\u0161ek Rabo\u0148, kter\u00fd absolvoval p\u011btkr\u00e1t italsk\u00e9 Giro a dvakr\u00e1t \u0161pan\u011blskou Vueltu. P\u0159ed p\u011bti lety peloton World Tour opustil a <\/strong><strong>\u00a0pracuje v t\u00e1borsk\u00e9 firm\u011b na v\u00fdrobu cyklistick\u00e9ho oble\u010den\u00ed KALAS, sou\u010dasn\u011b p\u016fsob\u00ed jako televizn\u00ed expert p\u0159i komentov\u00e1n\u00ed p\u0159enos\u016f z Tour.<\/strong><\/p>\n<p>Kdy\u017e \u0161estat\u0159icetilet\u00fd Rabo\u0148 hodnot\u00ed boje o \u017elut\u00fd dres, nejsiln\u011bj\u0161\u00ed se mu jev\u00ed trojice Rogli\u010d, Bernal, Poga\u010dar. \u201eKdy\u017e bych si tipl, \u017ee v Pa\u0159\u00ed\u017ei budou st\u00e1t v\u0161ichni t\u0159i na p\u00f3diu, tak si mysl\u00edm, \u017ee nebudu daleko od pravdy. Nen\u00ed tam klasick\u00e1 rovinat\u00e1 \u010dasovka, tak je ot\u00e1zkou, jestli to Rogli\u010de bude nutit v\u00edc \u00fato\u010dit. Ale ka\u017edop\u00e1dn\u011b bude z\u00e1vod v kopc\u00edch v\u00edc otev\u0159en\u00fd,\u201c m\u00edn\u00ed Rabo\u0148, kter\u00fd pro We Love Cycling okomentoval kl\u00ed\u010dov\u00e9 momenty prvn\u00edho t\u00fddne 107. ro\u010dn\u00edku Tour de France.<\/p>\n<h2><strong>L\u00edd\u0159i, kte\u0159\u00ed zklamali<\/strong><\/h2>\n<p>\u201eZ pohledu boj\u016f o celkov\u00e9 po\u0159ad\u00ed byly asi nejzaj\u00edmav\u011bj\u0161\u00ed dva v\u00edkendov\u00e9 dny v Pyrenej\u00edch. Pro n\u011bkolik l\u00eddr\u016f byly no\u010dn\u00ed m\u016frou. V sobotu se zlomil Thibaut Pinot, v ned\u011bli odstoupil Fabio Aru. Myslel jsem si, \u017ee kdy\u017e tam m\u00e1 Poga\u010dara jako l\u00eddra a nebude pod takov\u00fdm tlakem, tak mu tato pozice bude vyhovovat. Ale jak je vid\u011bt, za jeho poklesem v\u00fdkonnosti je n\u011bco hlub\u0161\u00edho.&#8220;<\/p>\n<h2><strong>Jumbo versus Ineos<\/strong><\/h2>\n<p>\u201eZat\u00edm Tour l\u00e9pe vyzn\u00edv\u00e1 pro Jumbo-Visma. Ale \u010dekal jsem, \u017ee budou cht\u00edt dr\u017eet krom\u011b Rogli\u010de v pop\u0159ed\u00ed i Dumoulina, kte\u0159\u00ed budou v po\u0159ad\u00ed skoro vedle sebe. Takhle je jasn\u00e9, \u017ee jasn\u00fdm l\u00eddrem je Rogli\u010d. Dumoulin na tom a\u017e tak dob\u0159e nen\u00ed, a i kdy\u017e se sna\u017e\u00ed, sp\u00ed\u0161 bude pracovat pro Rogli\u010de.<\/p>\n<figure id=\"attachment_9632\" aria-describedby=\"caption-attachment-9632\" style=\"width: 1080px\" class=\"wp-caption alignnone\"><a href=\"https:\/\/d2p6e6u75xmxt8.cloudfront.net\/13\/2020\/09\/WLC-bernal-tour.jpg\"><img loading=\"lazy\" decoding=\"async\" class=\"size-full wp-image-9632\" src=\"https:\/\/d2p6e6u75xmxt8.cloudfront.net\/13\/2020\/09\/WLC-bernal-tour.jpg\" alt=\"Egan Bernal uk\u00e1zal v Pyrenej\u00edch s\u00edlu. Ov\u0161em v kl\u00ed\u010dov\u00fdch f\u00e1z\u00edch dal\u0161\u00edch etap si z\u0159ejm\u011b bude muset poradit s\u00e1m. Foto: instagram\" width=\"1080\" height=\"1350\" \/><\/a><figcaption id=\"caption-attachment-9632\" class=\"wp-caption-text\"><em>Egan Bernal uk\u00e1zal v Pyrenej\u00edch s\u00edlu. Ov\u0161em v kl\u00ed\u010dov\u00fdch f\u00e1z\u00edch dal\u0161\u00edch etap si z\u0159ejm\u011b bude muset poradit s\u00e1m. Foto: instagram<\/em><\/figcaption><\/figure>\n<p>V Ineosu je to stejn\u00e9. Je tam Bernal a Carapaz jako druh\u00fd l\u00eddr u\u017e taky n\u011bco ztr\u00e1c\u00ed. Je mo\u017en\u00e9, \u017ee v kl\u00ed\u010dov\u00fdch pas\u00e1\u017e\u00edch si bude muset Bernal poradit s\u00e1m. Uvid\u00edme, co p\u0159inesou dal\u0161\u00ed t\u011b\u017ek\u00e9 etapy, ale Jumbo zat\u00edm vypad\u00e1 l\u00e9pe. Van Aert nebo Rogli\u010d se sna\u017e\u00ed vyu\u017e\u00edt ka\u017edou \u0161anci, maj\u00ed instinkt zabij\u00e1ka. No a na konci prvn\u00edho t\u00fddne maj\u00ed \u017elu\u0165\u00e1ka a t\u0159i vyhran\u00e9 etapy, co\u017e hovo\u0159\u00ed za v\u0161e.&#8220;<\/p>\n<h2><strong>Sagan a zelen\u00fd dres<\/strong><\/h2>\n<p>\u201eJe vid\u011bt, \u017ee Peter zat\u00edm nen\u00ed \u00fapln\u011b v pohod\u011b. Snad nikdy jsem ho nevid\u011bl spurtovat na pr\u00e9mi\u00edch uprost\u0159ed etapy, v\u011bt\u0161inou nasb\u00edral body v c\u00edli. Letos je pod v\u011bt\u0161\u00edm tlakem.<\/p>\n<div class=\"shortcode-ys-post-pinup\"><article class=\"loop-simple post-9569 post type-post status-publish format-standard has-post-thumbnail hentry category-welovecycling-com-cs-tdf tag-cyklistika tag-henri-desgrange tag-silnicni-cyklistika tag-tour-de-france tag-tour-de-france-1940 global-categories-cycling\" data-postid=\"9569\" role=\"article\" data-post-id=\"9569\" data-word-count=\"552\" data-headline-length=\"50\" data-category=\"TdF\" data-global-category=\"Cycling\" data-author=\"Adam Bouda\" data-published=\"2020-09-06T08:00:09+02:00\" data-published-day=\"Sunday\">\n    <div class=\"entry-thumbnail article-thumbnail\" content=\"https:\/\/d2p6e6u75xmxt8.cloudfront.net\/13\/2020\/09\/WLC-desgrange-maes-profimedia-0067998948-150x150.webp\"><a href=\"https:\/\/www.welovecycling.com\/cs\/2020\/09\/06\/retro-tour-de-france-rok-kdy-zvitezila-valka-1940\/\" class=\"image-holder\" target=\"_self\"><img decoding=\"async\" loading=\"lazy\" class=\"\" src=\"https:\/\/d2p6e6u75xmxt8.cloudfront.net\/13\/2020\/09\/WLC-desgrange-maes-profimedia-0067998948-1024x709.webp\" srcset=\"https:\/\/d2p6e6u75xmxt8.cloudfront.net\/13\/2020\/09\/WLC-desgrange-maes-profimedia-0067998948.webp 1800w, https:\/\/d2p6e6u75xmxt8.cloudfront.net\/13\/2020\/09\/WLC-desgrange-maes-profimedia-0067998948-300x208.webp 300w, https:\/\/d2p6e6u75xmxt8.cloudfront.net\/13\/2020\/09\/WLC-desgrange-maes-profimedia-0067998948-1024x709.webp 1024w, https:\/\/d2p6e6u75xmxt8.cloudfront.net\/13\/2020\/09\/WLC-desgrange-maes-profimedia-0067998948-768x532.webp 768w, https:\/\/d2p6e6u75xmxt8.cloudfront.net\/13\/2020\/09\/WLC-desgrange-maes-profimedia-0067998948-1536x1064.webp 1536w\" width=\"1024\" height=\"709\" sizes=\"auto, (min-width: 1200px) 300px, (min-width: 768px) 25vw, 100vw\" alt=\"retro-tour-de-france-rok-kdy-zvitezila-valka-1940\"\/><\/a><\/div>    <div class=\"entry-meta\">\n        <a class=\"label label-secondary post-category\" href=\"https:\/\/www.welovecycling.com\/cs\/category\/welovecycling-com-cs-tdf\/\" title=\"TdF\">TdF<\/a>\n    <\/div>\n    <div class=\"entry-details\">\n        <a href=\"https:\/\/www.welovecycling.com\/cs\/2020\/09\/06\/retro-tour-de-france-rok-kdy-zvitezila-valka-1940\/\" class='entry-title-wrapper'>\n            <h3 class=\"entry-title\"><span>Tour de France: rok, kdy zv\u00edt\u011bzila v\u00e1lka (1940)<\/span><\/h3>\n        <\/a>\n    <\/div>\n    <\/article>\n<\/div>\n<p>Bitva o zelen\u00fd trikot je vyrovnan\u011bj\u0161\u00ed a na zelen\u00fd dres je v\u00edc adept\u016f. Mo\u017en\u00e1, \u017ee nejv\u011bt\u0161\u00ed soupe\u0159em Sagana bude nakonec Wout van Aert, kter\u00fd kopce p\u0159ejede taky. Jen z\u00e1le\u017e\u00ed, jak\u00e9 bude m\u00edt priority. Tou hlavn\u00ed bude ur\u010dit\u011b pr\u00e1ce pro Rogli\u010de a jestli mu to d\u00e1 i na zelen\u00fd dres, co\u017e se d\u00e1 te\u010f t\u011b\u017eko odhadovat.&#8220;<\/p>\n<h2><strong>Fenom\u00e9n Wout van Aert<\/strong><\/h2>\n<p>\u201eCo Wout van Aert zat\u00edm p\u0159edv\u00e1d\u00ed, je neskute\u010dn\u00e9. Podle m\u011b snese p\u0159irovn\u00e1n\u00ed s Merckxem, kter\u00fd jeden den vyhr\u00e1l horsk\u00fd dojezd a druh\u00fd den sprinterskou etapu. Van Aert sice horsk\u00fd dojezd nevyhr\u00e1l, ale jeden den jede v kopci tak, \u017ee tempem odp\u00e1r\u00e1 i \u0159adu favorit\u016f na celkov\u00e9 po\u0159ad\u00ed a dal\u0161\u00ed den poraz\u00ed \u010distokrevn\u00e9 sprintery. A to je\u0161t\u011b v etap\u011b, kde celou dobu jede n\u011bkomu na v\u011btru. Sprinte\u0159i jako Bennett nebo Ewan maj\u00ed svoje rozj\u00ed\u017ed\u011b\u010de, Wout van Aert nikoho, ale pohl\u00edd\u00e1 si to s\u00e1m. Nedivil bych se, kdyby je\u0161t\u011b dv\u011b etapy vyhr\u00e1l.<\/p>\n<figure id=\"attachment_9631\" aria-describedby=\"caption-attachment-9631\" style=\"width: 1080px\" class=\"wp-caption alignnone\"><a href=\"https:\/\/d2p6e6u75xmxt8.cloudfront.net\/13\/2020\/09\/WLC-wout-van-aert-.jpg\"><img loading=\"lazy\" decoding=\"async\" class=\"size-full wp-image-9631\" src=\"https:\/\/d2p6e6u75xmxt8.cloudfront.net\/13\/2020\/09\/WLC-wout-van-aert-.jpg\" alt=\"Wout van Aert ukazuje, jak moc se vyplatila d\u0159ina b\u011bhem jarn\u00edch t\u00fddn\u016f v sezon\u011b p\u0159eru\u0161en\u00e9 koronavirem. Foto: instagram\" width=\"1080\" height=\"719\" \/><\/a><figcaption id=\"caption-attachment-9631\" class=\"wp-caption-text\"><em>Wout van Aert ukazuje, jak moc se vyplatila d\u0159ina b\u011bhem jarn\u00edch t\u00fddn\u016f v sezon\u011b p\u0159eru\u0161en\u00e9 koronavirem. Foto: instagram<\/em><\/figcaption><\/figure>\n<p>\u010cetl jsem n\u011bkde slova Bradleyho Wigginse, kter\u00fd tvrdil, \u017ee je Wout van Aert nejlep\u0161\u00edm cyklistou sou\u010dasnosti. J\u00e1 bych se pod to podepsal, a na paty mu \u0161lape Rogli\u010d. Van Aert jede skv\u011ble na v\u011btru, kr\u00e1tk\u00e9 i dlouh\u00e9 kopce, um\u00ed \u010dasovku i zaspurtovat. Klobouk dol\u016f.<\/p>\n<div class=\"shortcode-ys-post-pinup\"><article class=\"loop-simple post-9386 post type-post status-publish format-standard has-post-thumbnail hentry category-welovecycling-com-cs-tdf category-https-www-welovecycling-com-cs-category-zabava tag-col-du-tourmalet tag-cyklistika tag-tour-de-france tag-tourmalet global-categories-cycling\" data-postid=\"9386\" role=\"article\" data-post-id=\"9386\" data-word-count=\"509\" data-headline-length=\"52\" data-category=\"TdF\" data-global-category=\"Cycling\" data-author=\"Adam Bouda\" data-published=\"2020-08-29T08:00:06+02:00\" data-published-day=\"Saturday\">\n    <div class=\"entry-thumbnail article-thumbnail\" content=\"https:\/\/d2p6e6u75xmxt8.cloudfront.net\/13\/2020\/08\/WLC-TOURMALET-20190720TDF2027-A.S.O._Thomas_MAHEUX-150x150.webp\"><a href=\"https:\/\/www.welovecycling.com\/cs\/2020\/08\/29\/retro-tour-de-france-kdyz-se-peloton-vyda-k-nebi-1910\/\" class=\"image-holder\" target=\"_self\"><img decoding=\"async\" loading=\"lazy\" class=\"\" src=\"https:\/\/d2p6e6u75xmxt8.cloudfront.net\/13\/2020\/08\/WLC-TOURMALET-20190720TDF2027-A.S.O._Thomas_MAHEUX.webp\" srcset=\"https:\/\/d2p6e6u75xmxt8.cloudfront.net\/13\/2020\/08\/WLC-TOURMALET-20190720TDF2027-A.S.O._Thomas_MAHEUX.webp 1000w, https:\/\/d2p6e6u75xmxt8.cloudfront.net\/13\/2020\/08\/WLC-TOURMALET-20190720TDF2027-A.S.O._Thomas_MAHEUX-300x200.webp 300w, https:\/\/d2p6e6u75xmxt8.cloudfront.net\/13\/2020\/08\/WLC-TOURMALET-20190720TDF2027-A.S.O._Thomas_MAHEUX-768x512.webp 768w, https:\/\/d2p6e6u75xmxt8.cloudfront.net\/13\/2020\/08\/WLC-TOURMALET-20190720TDF2027-A.S.O._Thomas_MAHEUX-272x182.webp 272w\" width=\"1000\" height=\"667\" sizes=\"auto, (min-width: 1200px) 300px, (min-width: 768px) 25vw, 100vw\" alt=\"retro-tour-de-france-kdyz-se-peloton-vyda-k-nebi-1910\"\/><\/a><\/div>    <div class=\"entry-meta\">\n        <a class=\"label label-secondary post-category\" href=\"https:\/\/www.welovecycling.com\/cs\/category\/welovecycling-com-cs-tdf\/\" title=\"TdF\">TdF<\/a>\n    <\/div>\n    <div class=\"entry-details\">\n        <a href=\"https:\/\/www.welovecycling.com\/cs\/2020\/08\/29\/retro-tour-de-france-kdyz-se-peloton-vyda-k-nebi-1910\/\" class='entry-title-wrapper'>\n            <h3 class=\"entry-title\"><span>Tour de France: kdy\u017e se peloton vyd\u00e1 k nebi (1910)<\/span><\/h3>\n        <\/a>\n    <\/div>\n    <\/article>\n<\/div>\n<p>U\u017e p\u0159ed Tour m\u011bl fantastick\u00e9 v\u00fdsledky &#8211; vyhr\u00e1l Strade Bianche, Mil\u00e1n-San Remo, z\u00edskal titul mistra Belgie v \u010dasovce, kde porazil Campenaertse. Nav\u00edc nem\u00e1 \u017e\u00e1dn\u00e9 man\u00fdry hv\u011bzdy, tak\u017ee se rychle stal mil\u00e1\u010dkem fanou\u0161k\u016f. Je to hodn\u011b zaj\u00edmav\u00fd z\u00e1vodn\u00edk, kter\u00e9ho mus\u00ed ka\u017ed\u00fd r\u00e1d sledovat.&#8220;<\/p>\n<h2><strong>\u010ce\u0161i hodn\u011b ztr\u00e1cej\u00ed<\/strong><\/h2>\n<p>\u201eJe jasn\u00e9, \u017ee v\u0161ichni \u010de\u0161t\u00ed fanou\u0161ci asi \u010dekali od Romana Kreuzigera i Honzy Hirta v\u00edc. Ne, \u017ee by m\u011bli hned v prvn\u00edm t\u00fddnu vyhr\u00e1vat, ale sp\u00ed\u0161 se ne\u010dekaly tak velk\u00e9 ztr\u00e1ty v n\u011bkter\u00fdch etap\u00e1ch. Honza m\u011bl zran\u011bn\u00e9 z\u00e1p\u011bst\u00ed a hned prvn\u00ed etapa na mokru pro n\u011bj musela b\u00fdt o\u010distcem.<\/p>\n<figure id=\"attachment_9633\" aria-describedby=\"caption-attachment-9633\" style=\"width: 1080px\" class=\"wp-caption alignnone\"><a href=\"https:\/\/d2p6e6u75xmxt8.cloudfront.net\/13\/2020\/09\/WLC-kreuziger-tour.jpg\"><img loading=\"lazy\" decoding=\"async\" class=\"size-full wp-image-9633\" src=\"https:\/\/d2p6e6u75xmxt8.cloudfront.net\/13\/2020\/09\/WLC-kreuziger-tour.jpg\" alt=\"Roman Kreuziger hled\u00ed optimisticky k etap\u00e1m druh\u00e9ho a t\u0159et\u00edho t\u00fddne Tour de France 2020. Foto: instagram\" width=\"1080\" height=\"1350\" \/><\/a><figcaption id=\"caption-attachment-9633\" class=\"wp-caption-text\"><em>Roman Kreuziger hled\u00ed optimisticky k etap\u00e1m druh\u00e9ho a t\u0159et\u00edho t\u00fddne Tour de France 2020. Foto: instagram<\/em><\/figcaption><\/figure>\n<p>Ale v\u011b\u0159\u00edm, \u017ee budou den ode dne lep\u0161\u00ed, zkus\u00ed sko\u010dit do n\u011bjak\u00fdch \u00fanik\u016f a pokus\u00ed se o etapov\u00e9 v\u00edt\u011bzstv\u00ed. Romanovi zabalil sprinter Nizzolo i Pozzovivo, tak bude m\u00edt ur\u010dit\u011b voln\u011bj\u0161\u00ed ruku. Honza je m\u016fj \u010dern\u00fd k\u016f\u0148 na n\u011bkterou z alpsk\u00fdch etap.&#8220;<\/p>\n<h2><strong>Dojede se do Pa\u0159\u00ed\u017ee?<\/strong><\/h2>\n<p>\u201eKoronavirus, to je t\u00e9ma, kter\u00e9 stra\u0161\u00ed cel\u00fd peloton Tour. V\u011b\u0159\u00edm, \u017ee to z\u00e1vod nijak nepoznamen\u00e1 a dojede se a\u017e do Pa\u0159\u00ed\u017ee. Ale v pond\u011bl\u00ed maj\u00ed j\u00edt v\u0161ichni na povinn\u00e9 testy a uvid\u00edme, jak dopadnou.<\/p>\n<div class=\"shortcode-ys-post-pinup\"><article class=\"loop-simple post-9233 post type-post status-publish format-standard has-post-thumbnail hentry category-rady-tipy category-https-www-welovecycling-com-cs-category-zabava tag-aplikace-strava tag-cyklistika tag-cyklotrenink tag-horska-cyklistika tag-segmenty-strava tag-silnicni-cyklistika tag-strava tag-trenink global-categories-cycling\" data-postid=\"9233\" role=\"article\" data-post-id=\"9233\" data-word-count=\"337\" data-headline-length=\"55\" data-category=\"Rady &amp; tipy\" data-global-category=\"Cycling\" data-author=\"Ji\u0159\u00ed Kalo\u010d\" data-published=\"2020-08-16T09:00:15+02:00\" data-published-day=\"Sunday\">\n    <div class=\"entry-thumbnail article-thumbnail\" content=\"https:\/\/d2p6e6u75xmxt8.cloudfront.net\/13\/2020\/08\/WLC-strava-profimedia-0536370272-150x150.webp\"><a href=\"https:\/\/www.welovecycling.com\/cs\/2020\/08\/16\/jak-se-posunout-na-vrchol-zebricku-strava-segmentu\/\" class=\"image-holder\" target=\"_self\"><img decoding=\"async\" loading=\"lazy\" class=\"\" src=\"https:\/\/d2p6e6u75xmxt8.cloudfront.net\/13\/2020\/08\/WLC-strava-profimedia-0536370272-1024x683.webp\" srcset=\"https:\/\/d2p6e6u75xmxt8.cloudfront.net\/13\/2020\/08\/WLC-strava-profimedia-0536370272.webp 1800w, https:\/\/d2p6e6u75xmxt8.cloudfront.net\/13\/2020\/08\/WLC-strava-profimedia-0536370272-300x200.webp 300w, https:\/\/d2p6e6u75xmxt8.cloudfront.net\/13\/2020\/08\/WLC-strava-profimedia-0536370272-1024x683.webp 1024w, https:\/\/d2p6e6u75xmxt8.cloudfront.net\/13\/2020\/08\/WLC-strava-profimedia-0536370272-768x512.webp 768w, https:\/\/d2p6e6u75xmxt8.cloudfront.net\/13\/2020\/08\/WLC-strava-profimedia-0536370272-1536x1024.webp 1536w, https:\/\/d2p6e6u75xmxt8.cloudfront.net\/13\/2020\/08\/WLC-strava-profimedia-0536370272-272x182.webp 272w\" width=\"1024\" height=\"683\" sizes=\"auto, (min-width: 1200px) 300px, (min-width: 768px) 25vw, 100vw\" alt=\"jak-se-posunout-na-vrchol-zebricku-strava-segmentu\"\/><\/a><\/div>    <div class=\"entry-meta\">\n        <a class=\"label label-secondary post-category\" href=\"https:\/\/www.welovecycling.com\/cs\/category\/rady-tipy\/\" title=\"Rady &amp; tipy\">Rady &amp; tipy<\/a>\n    <\/div>\n    <div class=\"entry-details\">\n        <a href=\"https:\/\/www.welovecycling.com\/cs\/2020\/08\/16\/jak-se-posunout-na-vrchol-zebricku-strava-segmentu\/\" class='entry-title-wrapper'>\n            <h3 class=\"entry-title\"><span>Jak se posunout na vrchol \u017eeb\u0159\u00ed\u010dku Strava segmentu?<\/span><\/h3>\n        <\/a>\n    <\/div>\n    <\/article>\n<\/div>\n<p>Hrozba se vzn\u00e1\u0161\u00ed nad cel\u00fdm z\u00e1vodem. Vezm\u011bte si, \u017ee m\u016f\u017ee b\u00fdt pozitivn\u00ed t\u0159eba \u0159idi\u010d autobusu a mas\u00e9r a cel\u00fd t\u00fdm po\u0161lou dom\u016f. To by byla trag\u00e9die. Douf\u00e1m, \u017ee se to nestane.&#8220;<\/p>\n","protected":false},"excerpt":{"rendered":"<p>Tour de France m\u00e1 za sebou prvn\u00ed t\u00fdden a z dev\u00edti odjet\u00fdch etap se fanou\u0161ek nemohl nudit ani p\u0159i jedn\u00e9. [&hellip;]<\/p>\n","protected":false},"author":122,"featured_media":9634,"comment_status":"open","ping_status":"open","sticky":false,"template":"","format":"standard","meta":{"footnotes":""},"categories":[243],"tags":[126,103,1087,215,18,102,92,9,502,23,998,1073],"global-categories":[411],"class_list":["post-9630","post","type-post","status-publish","format-standard","has-post-thumbnail","hentry","category-welovecycling-com-cs-tdf","tag-cyklistika","tag-egan-bernal","tag-frantisek-rabon","tag-jan-hirt","tag-peter-sagan","tag-primoz-roglic","tag-roman-kreuziger","tag-silnicni-cyklistika","tag-tadej-pogacar","tag-tour-de-france","tag-tour-de-france-2020","tag-wout-van-aert","global-categories-cycling"],"yoast_head":"<!-- This site is optimized with the Yoast SEO Premium plugin v25.3 (Yoast SEO v25.9) - https:\/\/yoast.com\/wordpress\/plugins\/seo\/ -->\n<title>Prvn\u00ed t\u00fdden Tour de France o\u010dima experta: Nejsiln\u011bji vypadaj\u00ed Rogli\u010d, Bernal a Poga\u010dar | \u0160koda We Love Cycling - \u010cesk\u00e1 republika<\/title>\n<meta name=\"robots\" content=\"index, follow, max-snippet:-1, max-image-preview:large, max-video-preview:-1\" \/>\n<link rel=\"canonical\" href=\"https:\/\/www.welovecycling.com\/cs\/2020\/09\/07\/prvni-tyden-tour-de-france-ocima-experta-nejsilneji-vypadaji-roglic-bernal-a-pogacar\/\" \/>\n<meta property=\"og:locale\" content=\"cs_CZ\" \/>\n<meta property=\"og:type\" content=\"article\" \/>\n<meta property=\"og:title\" content=\"Prvn\u00ed t\u00fdden Tour de France o\u010dima experta: Nejsiln\u011bji vypadaj\u00ed Rogli\u010d, Bernal a Poga\u010dar\" \/>\n<meta property=\"og:description\" content=\"Tour de France m\u00e1 za sebou prvn\u00ed t\u00fdden a z dev\u00edti odjet\u00fdch etap se fanou\u0161ek nemohl nudit ani p\u0159i jedn\u00e9. [&hellip;]\" \/>\n<meta property=\"og:url\" content=\"https:\/\/www.welovecycling.com\/cs\/2020\/09\/07\/prvni-tyden-tour-de-france-ocima-experta-nejsilneji-vypadaji-roglic-bernal-a-pogacar\/\" \/>\n<meta property=\"og:site_name\" content=\"\u0160koda We Love Cycling - \u010cesk\u00e1 republika\" \/>\n<meta property=\"article:published_time\" content=\"2020-09-07T07:31:03+00:00\" \/>\n<meta property=\"article:modified_time\" content=\"2020-09-07T07:32:05+00:00\" \/>\n<meta property=\"og:image\" content=\"https:\/\/d2p6e6u75xmxt8.cloudfront.net\/13\/2020\/09\/WLC-rogli\u010d-.webp\" \/>\n\t<meta property=\"og:image:width\" content=\"1080\" \/>\n\t<meta property=\"og:image:height\" content=\"810\" \/>\n\t<meta property=\"og:image:type\" content=\"image\/webp\" \/>\n<meta name=\"twitter:card\" content=\"summary_large_image\" \/>\n<meta name=\"twitter:label1\" content=\"Written by\" \/>\n\t<meta name=\"twitter:data1\" content=\"Ji\u0159\u00ed Kalo\u010d\" \/>\n\t<meta name=\"twitter:label2\" content=\"Est. reading time\" \/>\n\t<meta name=\"twitter:data2\" content=\"5\" \/>\n<script type=\"application\/ld+json\" class=\"yoast-schema-graph\">{\"@context\":\"https:\/\/schema.org\",\"@graph\":[{\"@type\":\"WebPage\",\"@id\":\"https:\/\/www.welovecycling.com\/cs\/2020\/09\/07\/prvni-tyden-tour-de-france-ocima-experta-nejsilneji-vypadaji-roglic-bernal-a-pogacar\/\",\"url\":\"https:\/\/www.welovecycling.com\/cs\/2020\/09\/07\/prvni-tyden-tour-de-france-ocima-experta-nejsilneji-vypadaji-roglic-bernal-a-pogacar\/\",\"name\":\"Prvn\u00ed t\u00fdden Tour de France o\u010dima experta: Nejsiln\u011bji vypadaj\u00ed Rogli\u010d, Bernal a Poga\u010dar | \u0160koda We Love Cycling - \u010cesk\u00e1 republika\",\"isPartOf\":{\"@id\":\"https:\/\/www.welovecycling.com\/cs\/#website\"},\"primaryImageOfPage\":{\"@id\":\"https:\/\/www.welovecycling.com\/cs\/2020\/09\/07\/prvni-tyden-tour-de-france-ocima-experta-nejsilneji-vypadaji-roglic-bernal-a-pogacar\/#primaryimage\"},\"image\":{\"@id\":\"https:\/\/www.welovecycling.com\/cs\/2020\/09\/07\/prvni-tyden-tour-de-france-ocima-experta-nejsilneji-vypadaji-roglic-bernal-a-pogacar\/#primaryimage\"},\"thumbnailUrl\":\"https:\/\/d2p6e6u75xmxt8.cloudfront.net\/13\/2020\/09\/WLC-rogli\u010d-.webp\",\"datePublished\":\"2020-09-07T07:31:03+00:00\",\"dateModified\":\"2020-09-07T07:32:05+00:00\",\"author\":{\"@id\":\"\"},\"inLanguage\":\"cs\",\"potentialAction\":[{\"@type\":\"ReadAction\",\"target\":[\"https:\/\/www.welovecycling.com\/cs\/2020\/09\/07\/prvni-tyden-tour-de-france-ocima-experta-nejsilneji-vypadaji-roglic-bernal-a-pogacar\/\"]}]},{\"@type\":\"ImageObject\",\"inLanguage\":\"cs\",\"@id\":\"https:\/\/www.welovecycling.com\/cs\/2020\/09\/07\/prvni-tyden-tour-de-france-ocima-experta-nejsilneji-vypadaji-roglic-bernal-a-pogacar\/#primaryimage\",\"url\":\"https:\/\/d2p6e6u75xmxt8.cloudfront.net\/13\/2020\/09\/WLC-rogli\u010d-.webp\",\"contentUrl\":\"https:\/\/d2p6e6u75xmxt8.cloudfront.net\/13\/2020\/09\/WLC-rogli\u010d-.webp\",\"width\":1080,\"height\":810},{\"@type\":\"WebSite\",\"@id\":\"https:\/\/www.welovecycling.com\/cs\/#website\",\"url\":\"https:\/\/www.welovecycling.com\/cs\/\",\"name\":\"\u0160koda We Love Cycling - \u010cesk\u00e1 republika\",\"description\":\"WeLoveCycling.cz je online magaz\u00edn, kter\u00fd v\u00e1m pravideln\u011b p\u0159in\u00e1\u0161\u00ed rady a tipy, zaj\u00edmav\u00e9 \u010dl\u00e1nky, videa a jedine\u010dn\u00e9 report\u00e1\u017ee ze sv\u011bta cyklistiky.\",\"potentialAction\":[{\"@type\":\"SearchAction\",\"target\":{\"@type\":\"EntryPoint\",\"urlTemplate\":\"https:\/\/www.welovecycling.com\/cs\/?s={search_term_string}\"},\"query-input\":{\"@type\":\"PropertyValueSpecification\",\"valueRequired\":true,\"valueName\":\"search_term_string\"}}],\"inLanguage\":\"cs\"},{\"@type\":\"Person\",\"@id\":\"\",\"url\":\"https:\/\/www.welovecycling.com\/cs\/author\/\"}]}<\/script>\n<!-- \/ Yoast SEO Premium plugin. -->","yoast_head_json":{"title":"Prvn\u00ed t\u00fdden Tour de France o\u010dima experta: Nejsiln\u011bji vypadaj\u00ed Rogli\u010d, Bernal a Poga\u010dar | \u0160koda We Love Cycling - \u010cesk\u00e1 republika","robots":{"index":"index","follow":"follow","max-snippet":"max-snippet:-1","max-image-preview":"max-image-preview:large","max-video-preview":"max-video-preview:-1"},"canonical":"https:\/\/www.welovecycling.com\/cs\/2020\/09\/07\/prvni-tyden-tour-de-france-ocima-experta-nejsilneji-vypadaji-roglic-bernal-a-pogacar\/","og_locale":"cs_CZ","og_type":"article","og_title":"Prvn\u00ed t\u00fdden Tour de France o\u010dima experta: Nejsiln\u011bji vypadaj\u00ed Rogli\u010d, Bernal a Poga\u010dar","og_description":"Tour de France m\u00e1 za sebou prvn\u00ed t\u00fdden a z dev\u00edti odjet\u00fdch etap se fanou\u0161ek nemohl nudit ani p\u0159i jedn\u00e9. [&hellip;]","og_url":"https:\/\/www.welovecycling.com\/cs\/2020\/09\/07\/prvni-tyden-tour-de-france-ocima-experta-nejsilneji-vypadaji-roglic-bernal-a-pogacar\/","og_site_name":"\u0160koda We Love Cycling - \u010cesk\u00e1 republika","article_published_time":"2020-09-07T07:31:03+00:00","article_modified_time":"2020-09-07T07:32:05+00:00","og_image":[{"width":1080,"height":810,"url":"https:\/\/d2p6e6u75xmxt8.cloudfront.net\/13\/2020\/09\/WLC-rogli\u010d-.webp","type":"image\/webp"}],"twitter_card":"summary_large_image","twitter_misc":{"Written by":"Ji\u0159\u00ed Kalo\u010d","Est. reading time":"5"},"schema":{"@context":"https:\/\/schema.org","@graph":[{"@type":"WebPage","@id":"https:\/\/www.welovecycling.com\/cs\/2020\/09\/07\/prvni-tyden-tour-de-france-ocima-experta-nejsilneji-vypadaji-roglic-bernal-a-pogacar\/","url":"https:\/\/www.welovecycling.com\/cs\/2020\/09\/07\/prvni-tyden-tour-de-france-ocima-experta-nejsilneji-vypadaji-roglic-bernal-a-pogacar\/","name":"Prvn\u00ed t\u00fdden Tour de France o\u010dima experta: Nejsiln\u011bji vypadaj\u00ed Rogli\u010d, Bernal a Poga\u010dar | \u0160koda We Love Cycling - \u010cesk\u00e1 republika","isPartOf":{"@id":"https:\/\/www.welovecycling.com\/cs\/#website"},"primaryImageOfPage":{"@id":"https:\/\/www.welovecycling.com\/cs\/2020\/09\/07\/prvni-tyden-tour-de-france-ocima-experta-nejsilneji-vypadaji-roglic-bernal-a-pogacar\/#primaryimage"},"image":{"@id":"https:\/\/www.welovecycling.com\/cs\/2020\/09\/07\/prvni-tyden-tour-de-france-ocima-experta-nejsilneji-vypadaji-roglic-bernal-a-pogacar\/#primaryimage"},"thumbnailUrl":"https:\/\/d2p6e6u75xmxt8.cloudfront.net\/13\/2020\/09\/WLC-rogli\u010d-.webp","datePublished":"2020-09-07T07:31:03+00:00","dateModified":"2020-09-07T07:32:05+00:00","author":{"@id":""},"inLanguage":"cs","potentialAction":[{"@type":"ReadAction","target":["https:\/\/www.welovecycling.com\/cs\/2020\/09\/07\/prvni-tyden-tour-de-france-ocima-experta-nejsilneji-vypadaji-roglic-bernal-a-pogacar\/"]}]},{"@type":"ImageObject","inLanguage":"cs","@id":"https:\/\/www.welovecycling.com\/cs\/2020\/09\/07\/prvni-tyden-tour-de-france-ocima-experta-nejsilneji-vypadaji-roglic-bernal-a-pogacar\/#primaryimage","url":"https:\/\/d2p6e6u75xmxt8.cloudfront.net\/13\/2020\/09\/WLC-rogli\u010d-.webp","contentUrl":"https:\/\/d2p6e6u75xmxt8.cloudfront.net\/13\/2020\/09\/WLC-rogli\u010d-.webp","width":1080,"height":810},{"@type":"WebSite","@id":"https:\/\/www.welovecycling.com\/cs\/#website","url":"https:\/\/www.welovecycling.com\/cs\/","name":"\u0160koda We Love Cycling - \u010cesk\u00e1 republika","description":"WeLoveCycling.cz je online magaz\u00edn, kter\u00fd v\u00e1m pravideln\u011b p\u0159in\u00e1\u0161\u00ed rady a tipy, zaj\u00edmav\u00e9 \u010dl\u00e1nky, videa a jedine\u010dn\u00e9 report\u00e1\u017ee ze sv\u011bta cyklistiky.","potentialAction":[{"@type":"SearchAction","target":{"@type":"EntryPoint","urlTemplate":"https:\/\/www.welovecycling.com\/cs\/?s={search_term_string}"},"query-input":{"@type":"PropertyValueSpecification","valueRequired":true,"valueName":"search_term_string"}}],"inLanguage":"cs"},{"@type":"Person","@id":"","url":"https:\/\/www.welovecycling.com\/cs\/author\/"}]}},"_links":{"self":[{"href":"https:\/\/www.welovecycling.com\/cs\/wp-json\/wp\/v2\/posts\/9630","targetHints":{"allow":["GET"]}}],"collection":[{"href":"https:\/\/www.welovecycling.com\/cs\/wp-json\/wp\/v2\/posts"}],"about":[{"href":"https:\/\/www.welovecycling.com\/cs\/wp-json\/wp\/v2\/types\/post"}],"author":[{"embeddable":true,"href":"https:\/\/www.welovecycling.com\/cs\/wp-json\/wp\/v2\/users\/122"}],"replies":[{"embeddable":true,"href":"https:\/\/www.welovecycling.com\/cs\/wp-json\/wp\/v2\/comments?post=9630"}],"version-history":[{"count":2,"href":"https:\/\/www.welovecycling.com\/cs\/wp-json\/wp\/v2\/posts\/9630\/revisions"}],"predecessor-version":[{"id":9637,"href":"https:\/\/www.welovecycling.com\/cs\/wp-json\/wp\/v2\/posts\/9630\/revisions\/9637"}],"wp:featuredmedia":[{"embeddable":true,"href":"https:\/\/www.welovecycling.com\/cs\/wp-json\/wp\/v2\/media\/9634"}],"wp:attachment":[{"href":"https:\/\/www.welovecycling.com\/cs\/wp-json\/wp\/v2\/media?parent=9630"}],"wp:term":[{"taxonomy":"category","embeddable":true,"href":"https:\/\/www.welovecycling.com\/cs\/wp-json\/wp\/v2\/categories?post=9630"},{"taxonomy":"post_tag","embeddable":true,"href":"https:\/\/www.welovecycling.com\/cs\/wp-json\/wp\/v2\/tags?post=9630"},{"taxonomy":"global-categories","embeddable":true,"href":"https:\/\/www.welovecycling.com\/cs\/wp-json\/wp\/v2\/global-categories?post=9630"}],"curies":[{"name":"wp","href":"https:\/\/api.w.org\/{rel}","templated":true}]}}