{"id":9609,"date":"2020-09-05T11:00:29","date_gmt":"2020-09-05T09:00:29","guid":{"rendered":"https:\/\/www.welovecycling.com\/cs\/?p=9609"},"modified":"2020-09-05T11:22:14","modified_gmt":"2020-09-05T09:22:14","slug":"sagan-a-zeleny-trikot-neco-mu-letos-chybi-mini-experti","status":"publish","type":"post","link":"https:\/\/www.welovecycling.com\/cs\/2020\/09\/05\/sagan-a-zeleny-trikot-neco-mu-letos-chybi-mini-experti\/","title":{"rendered":"Sagan a zelen\u00fd trikot? N\u011bco mu letos chyb\u00ed, m\u00edn\u00ed experti"},"content":{"rendered":"<p><strong>U\u017e sedmkr\u00e1t vyhr\u00e1l Peter Sagan zelen\u00fd dres pro v\u00edt\u011bze bodovac\u00ed sout\u011b\u017ee Tour de France, jeho\u017e ofici\u00e1ln\u00edm partnerem je od roku 2014 \u0160koda Auto. Neb\u00fdt diskvalifikace v roce 2017, asi by to bylo ji\u017e osmkr\u00e1t. Letos nastoupil slovensk\u00fd expres ze st\u00e1je Bora-Hansgrohe na start 107. ro\u010dn\u00edku s c\u00edlem vybojovat dres pro nejlep\u0161\u00edho sprintera znovu, ale zat\u00edm zdaleka tak suver\u00e9nn\u00ed nen\u00ed.<\/strong><\/p>\n<p>\u201eKa\u017ed\u00fd den p\u016fsob\u00ed dojmem zbit\u00e9ho mu\u017ee a ne jako ten Sagan z minulosti, na kter\u00e9ho jsme byli zvykl\u00ed,\u201c \u0159ekl b\u00fdval\u00fd \u0161ampion Tour Bradley Wiggins, kter\u00fd p\u016fsob\u00ed jako expert stanice Eurosport.<\/p>\n<p>B\u011bhem prvn\u00ed t\u0159etiny z\u00e1vodu byl Sagan nejl\u00e9pe jednou \u010dtvrt\u00fd, dvakr\u00e1t p\u00e1t\u00fd, jednou t\u0159in\u00e1ct\u00fd, t\u0159ikr\u00e1t kon\u010dil v druh\u00e9 stovce. V\u00edt\u011bzstv\u00ed \u017e\u00e1dn\u00e9. P\u0159esto se v p\u00e1tek vr\u00e1til do \u010dela bodovac\u00ed sout\u011b\u017ee, kdy\u017e ze zelen\u00e9ho vysvl\u00e9kl irsk\u00e9ho sprintera st\u00e1je Deceuninck-Quick Step Sama Bennetta. Hlavn\u011b d\u00edky skv\u011bl\u00e9mu v\u00fdkonu st\u00e1jov\u00fdch koleg\u016f, kte\u0159\u00ed na v\u011btru rozjeli takov\u00e9 tempo, \u017ee v kopc\u00edch na za\u010d\u00e1tku etapy odp\u00e1rali \u0159adu sprinter\u016f v\u010detn\u011b Bennetta.<\/p>\n<div class=\"shortcode-ys-post-pinup\"><article class=\"loop-simple post-9386 post type-post status-publish format-standard has-post-thumbnail hentry category-welovecycling-com-cs-tdf category-https-www-welovecycling-com-cs-category-zabava tag-col-du-tourmalet tag-cyklistika tag-tour-de-france tag-tourmalet global-categories-cycling\" data-postid=\"9386\" role=\"article\" data-post-id=\"9386\" data-word-count=\"509\" data-headline-length=\"52\" data-category=\"TdF\" data-global-category=\"Cycling\" data-author=\"Adam Bouda\" data-published=\"2020-08-29T08:00:06+02:00\" data-published-day=\"Saturday\">\n    <div class=\"entry-thumbnail article-thumbnail\" content=\"https:\/\/d2p6e6u75xmxt8.cloudfront.net\/13\/2020\/08\/WLC-TOURMALET-20190720TDF2027-A.S.O._Thomas_MAHEUX-150x150.webp\"><a href=\"https:\/\/www.welovecycling.com\/cs\/2020\/08\/29\/retro-tour-de-france-kdyz-se-peloton-vyda-k-nebi-1910\/\" class=\"image-holder\" target=\"_self\"><img decoding=\"async\" loading=\"lazy\" class=\"\" src=\"https:\/\/d2p6e6u75xmxt8.cloudfront.net\/13\/2020\/08\/WLC-TOURMALET-20190720TDF2027-A.S.O._Thomas_MAHEUX.webp\" srcset=\"https:\/\/d2p6e6u75xmxt8.cloudfront.net\/13\/2020\/08\/WLC-TOURMALET-20190720TDF2027-A.S.O._Thomas_MAHEUX.webp 1000w, https:\/\/d2p6e6u75xmxt8.cloudfront.net\/13\/2020\/08\/WLC-TOURMALET-20190720TDF2027-A.S.O._Thomas_MAHEUX-300x200.webp 300w, https:\/\/d2p6e6u75xmxt8.cloudfront.net\/13\/2020\/08\/WLC-TOURMALET-20190720TDF2027-A.S.O._Thomas_MAHEUX-768x512.webp 768w, https:\/\/d2p6e6u75xmxt8.cloudfront.net\/13\/2020\/08\/WLC-TOURMALET-20190720TDF2027-A.S.O._Thomas_MAHEUX-272x182.webp 272w\" width=\"1000\" height=\"667\" sizes=\"auto, (min-width: 1200px) 300px, (min-width: 768px) 25vw, 100vw\" alt=\"retro-tour-de-france-kdyz-se-peloton-vyda-k-nebi-1910\"\/><\/a><\/div>    <div class=\"entry-meta\">\n        <a class=\"label label-secondary post-category\" href=\"https:\/\/www.welovecycling.com\/cs\/category\/welovecycling-com-cs-tdf\/\" title=\"TdF\">TdF<\/a>\n    <\/div>\n    <div class=\"entry-details\">\n        <a href=\"https:\/\/www.welovecycling.com\/cs\/2020\/08\/29\/retro-tour-de-france-kdyz-se-peloton-vyda-k-nebi-1910\/\" class='entry-title-wrapper'>\n            <h3 class=\"entry-title\"><span>Tour de France: kdy\u017e se peloton vyd\u00e1 k nebi (1910)<\/span><\/h3>\n        <\/a>\n    <\/div>\n    <\/article>\n<\/div>\n<p>Sagan si proto brousil zuby na nejvy\u0161\u0161\u00ed p\u0159\u00ed\u010dky, na spurt si hodn\u011b v\u011b\u0159il. Ale skon\u010dil a\u017e t\u0159in\u00e1ct\u00fd. Ov\u0161em ne kv\u016fli hor\u0161\u00ed v\u00fdkonnosti. \u201eBohu\u017eel mi ve fin\u00e1le spadl \u0159et\u011bz a nemohl jsem naplno spurtovat a\u017e do konce. Uteklo mi hodn\u011b bod\u016f, ale nic s t\u00edm neud\u011bl\u00e1m. I takov\u00e1 je cyklistika,\u201c \u0159ekl Sagan. \u201eAle jsem velmi hrd\u00fd na sv\u00e9 kolegy, kte\u0159\u00ed odvedli fantastickou pr\u00e1ci. V\u0161ichni d\u0159eli na \u0161pici od za\u010d\u00e1tku do konce,\u201c dodal po sedm\u00e9\u00a0 etap\u011b.<\/p>\n<h2><strong>Wout van Aert nejv\u011bt\u0161\u00edm soupe\u0159em?<\/strong><\/h2>\n<p>Vyhr\u00e1l ji Belgi\u010dan Wout van Aert, posledn\u00ed dobou ve fantastick\u00e9 form\u011b jezd\u00edc\u00ed silni\u010d\u00e1\u0159 t\u00fdmu Jumbo-Visma, ale tak\u00e9 trojn\u00e1sobn\u00fd mistr sv\u011bta v cyklokrosu elitn\u00ed kategorie z let 2016-2018. Ten zat\u00edm na Tour p\u0159edv\u00e1d\u00ed fantastick\u00e9 v\u00fdkony. Tvrd\u011b pracuje ve prosp\u011bch l\u00eddra Rogli\u010de, ukazuje skv\u011blou v\u00fdkonnost nejen na rovin\u011b, ale i v kopc\u00edch a vyhr\u00e1l u\u017e dv\u011b etapy ve spurtu. A pr\u00e1v\u011b Wout van Aert m\u016f\u017ee b\u00fdt nejv\u011bt\u0161\u00edm soupe\u0159em Sagana, proto\u017ee na rozd\u00edl od Bennetta dok\u00e1\u017ee p\u0159ejet i kopce a ve spurtech t\u011b\u017e\u0161\u00edch etap vypad\u00e1 l\u00e9pe ne\u017e Sagan.<\/p>\n<p>Ot\u00e1zkou je, jak bude Van Aerta v dal\u0161\u00edm pr\u016fb\u011bhu Tour limitovat pr\u00e1ce pro Rogli\u010de, kter\u00e9 ur\u010dit\u011b bude p\u0159ib\u00fdvat Pro nizozemskou st\u00e1j Jumbo-Visma je prioritou celkov\u00e9 po\u0159ad\u00ed. \u201eZat\u00edm je neskute\u010dn\u00fd,\u201c pochv\u00e1lil t\u00fdmov\u00e9ho kolegu Tom Dumoulin.<\/p>\n<figure id=\"attachment_9611\" aria-describedby=\"caption-attachment-9611\" style=\"width: 1800px\" class=\"wp-caption alignnone\"><a href=\"https:\/\/d2p6e6u75xmxt8.cloudfront.net\/13\/2020\/09\/sagan-profimedia-0555821496.jpg\"><img loading=\"lazy\" decoding=\"async\" class=\"size-full wp-image-9611\" src=\"https:\/\/d2p6e6u75xmxt8.cloudfront.net\/13\/2020\/09\/sagan-profimedia-0555821496.jpg\" alt=\"Peter Sagan po t\u0159etin\u011b Tour de France 2020 vl\u00e1dl bodovac\u00ed sout\u011b\u017ei. Doveze zelen\u00fd trikot a\u017e do Pa\u0159\u00ed\u017ee? Foto: profimedia\" width=\"1800\" height=\"1200\" \/><\/a><figcaption id=\"caption-attachment-9611\" class=\"wp-caption-text\"><em>Peter Sagan po t\u0159etin\u011b Tour de France 2020 vl\u00e1dl bodovac\u00ed sout\u011b\u017ei. Doveze zelen\u00fd trikot a\u017e do Pa\u0159\u00ed\u017ee? Foto: profimedia<\/em><\/figcaption><\/figure>\n<p>Ka\u017edop\u00e1dn\u011b to vypad\u00e1, \u017ee boj o zelen\u00fd dres bude letos daleko vyrovnan\u011bj\u0161\u00ed ne\u017e v letech p\u0159edchoz\u00edch, kdy bitva o \u0161ampiona bodovac\u00ed sout\u011b\u017ee byla jen o tom, o kolik Sagan vyhraje&#8230; \u00a0Je vid\u011bt, \u017ee slovensk\u00fd z\u00e1vodn\u00edk je\u0161t\u011b zdaleka nen\u00ed v top form\u011b.<\/p>\n<p>\u201ePoprv\u00e9 za sedm let to vypad\u00e1, \u017ee m\u016f\u017ee m\u00edt konkurenci v boji o zelen\u00fd dres. B\u00fdval naprosto dominantn\u00ed, ale te\u010f to nen\u00ed ono,\u201c mysl\u00ed si Wiggins, v\u00edt\u011bz Tour 2012. \u201eJsem optimista, nejt\u011b\u017e\u0161\u00ed etapy teprve p\u0159ijdou. Bennett je sprinter a uvid\u00edme, jak mu to p\u016fjde v kopc\u00edch,\u201c uvedl Sagan. Bennett s n\u00edm asi krok neudr\u017e\u00ed, ale Van Aert ur\u010dit\u011b ano.<\/p>\n<p>\u201eJe vid\u011bt, \u017ee se sezonou p\u0159eru\u0161enou koronavirem se vyrovn\u00e1v\u00e1 ka\u017ed\u00fd jinak. N\u011bkdo je ve form\u011b d\u0159\u00edve, jin\u00fd se do n\u00ed dostane pozd\u011bji. Sagan pot\u0159ebuje n\u011bjak\u00fd \u010das,\u201c mysl\u00ed si b\u00fdval\u00fd profesion\u00e1l Lubor Tesa\u0159. \u201ePeter b\u00fdv\u00e1 nejsiln\u011bj\u0161\u00ed v posledn\u00edm t\u00fddnu a tam se Tour rozhoduje,\u201c tvrd\u00ed slovensk\u00fd sportovn\u00ed \u0159editel t\u00fdmu Bora-Hansgrohe J\u00e1n Valach.<\/p>\n<h2><strong>B\u00fdval\u00fd tren\u00e9r: Nem\u00e1 takovou rychlost<\/strong><\/h2>\n<p>\u201eVe spurtech je vid\u011bt, \u017ee jsou v pelotonu rychlej\u0161\u00ed z\u00e1vodn\u00edci na etapov\u00e1 v\u00edt\u011bzstv\u00ed. Nen\u00ed to zat\u00edm to prav\u00e9 o\u0159echov\u00e9. Peter nem\u00e1 rychlost jako v minul\u00fdch letech, ale st\u00e1le pou\u017e\u00edv\u00e1 hlavu. V\u011b\u0159\u00edm, \u017ee v n\u011bkter\u00e9m ze sprintersk\u00fdch dojezd\u016f m\u016f\u017ee vybojovat v\u00edt\u011bzstv\u00ed,\u201c \u0159ekl pro server sport.sk Sagan\u016fv prvn\u00ed tren\u00e9r Peter Z\u00e1nick\u00fd.<\/p>\n<div class=\"shortcode-ys-post-pinup\"><article class=\"loop-simple post-9460 post type-post status-publish format-standard has-post-thumbnail hentry category-silnicni-cyklistika category-welovecycling-com-cs-tdf tag-cyklistika tag-reklamni-karavana tag-tour-de-france tag-tour-de-france-1930 global-categories-cycling\" data-postid=\"9460\" role=\"article\" data-post-id=\"9460\" data-word-count=\"549\" data-headline-length=\"76\" data-category=\"Silni\u010dn\u00ed cyklistika\" data-global-category=\"Cycling\" data-author=\"Adam Bouda\" data-published=\"2020-09-02T13:00:14+02:00\" data-published-day=\"Wednesday\">\n    <div class=\"entry-thumbnail article-thumbnail\" content=\"https:\/\/d2p6e6u75xmxt8.cloudfront.net\/13\/2020\/08\/reklamn\u00ed-karavana-\u0161koda-20190717TDF2063-A.S.O._Thomas_MAHEUX-150x150.webp\"><a href=\"https:\/\/www.welovecycling.com\/cs\/2020\/09\/02\/retro-tour-de-france-vanoce-v-cervenci-aneb-reklamni-karavana-startuje-1930\/\" class=\"image-holder\" target=\"_self\"><img decoding=\"async\" loading=\"lazy\" class=\"\" src=\"https:\/\/d2p6e6u75xmxt8.cloudfront.net\/13\/2020\/08\/reklamn\u00ed-karavana-\u0161koda-20190717TDF2063-A.S.O._Thomas_MAHEUX.webp\" srcset=\"https:\/\/d2p6e6u75xmxt8.cloudfront.net\/13\/2020\/08\/reklamn\u00ed-karavana-\u0161koda-20190717TDF2063-A.S.O._Thomas_MAHEUX.webp 1000w, https:\/\/d2p6e6u75xmxt8.cloudfront.net\/13\/2020\/08\/reklamn\u00ed-karavana-\u0161koda-20190717TDF2063-A.S.O._Thomas_MAHEUX-300x200.webp 300w, https:\/\/d2p6e6u75xmxt8.cloudfront.net\/13\/2020\/08\/reklamn\u00ed-karavana-\u0161koda-20190717TDF2063-A.S.O._Thomas_MAHEUX-768x512.webp 768w, https:\/\/d2p6e6u75xmxt8.cloudfront.net\/13\/2020\/08\/reklamn\u00ed-karavana-\u0161koda-20190717TDF2063-A.S.O._Thomas_MAHEUX-272x182.webp 272w\" width=\"1000\" height=\"667\" sizes=\"auto, (min-width: 1200px) 300px, (min-width: 768px) 25vw, 100vw\" alt=\"retro-tour-de-france-vanoce-v-cervenci-aneb-reklamni-karavana-startuje-1930\"\/><\/a><\/div>    <div class=\"entry-meta\">\n        <a class=\"label label-secondary post-category\" href=\"https:\/\/www.welovecycling.com\/cs\/category\/silnicni-cyklistika\/\" title=\"Silni\u010dn\u00ed cyklistika\">Silni\u010dn\u00ed cyklistika<\/a>\n    <\/div>\n    <div class=\"entry-details\">\n        <a href=\"https:\/\/www.welovecycling.com\/cs\/2020\/09\/02\/retro-tour-de-france-vanoce-v-cervenci-aneb-reklamni-karavana-startuje-1930\/\" class='entry-title-wrapper'>\n            <h3 class=\"entry-title\"><span>Tour de France: V\u00e1noce v \u010dervenci, aneb reklamn\u00ed karavana startuje (1930)<\/span><\/h3>\n        <\/a>\n    <\/div>\n    <\/article>\n<\/div>\n<p>Sagan je p\u0159esto zp\u00e1tky v\u00a0zelen\u00e9m dresu, kter\u00fd k\u00a0n\u011bmu u\u017e tak n\u011bjak samoz\u0159ejm\u011b pat\u0159\u00ed. V\u0161ak tak\u00e9 Sam Bennett, kter\u00fd dres l\u00eddra sprintersk\u00e9 sout\u011b\u017ee obl\u00e9kl po 5. etap\u011b a vezl ho dva dny, p\u0159iznal: \u201eJe to legra\u010dn\u00ed, proto\u017ee spousta lid\u00ed si mysl\u00ed, \u017ee jsem Sagan. Maj\u00ed tu barvu dresu spojenou s\u00a0n\u00edm, a kdy\u017e jsme jeli, \u010dasto na m\u011b u silnice pok\u0159ikovali: Sagan, Sagan,\u201c p\u0159iznal irsk\u00fd z\u00e1vodn\u00edk.<\/p>\n<p>Sagan po t\u0159etin\u011b Tour de France bodovac\u00ed sout\u011b\u017ei sponzorovan\u00e9 \u0160koda Auto vl\u00e1dl o 9 bod\u016f p\u0159ed Bennettem, t\u0159et\u00ed van Aert ztr\u00e1cel bod\u016f 32. Ale ka\u017ed\u00fdm dnem m\u016f\u017ee b\u00fdt v\u0161echno \u00fapln\u011b jinak.<\/p>\n","protected":false},"excerpt":{"rendered":"<p>U\u017e sedmkr\u00e1t vyhr\u00e1l Peter Sagan zelen\u00fd dres pro v\u00edt\u011bze bodovac\u00ed sout\u011b\u017ee Tour de France, jeho\u017e ofici\u00e1ln\u00edm partnerem je od roku [&hellip;]<\/p>\n","protected":false},"author":122,"featured_media":9610,"comment_status":"open","ping_status":"open","sticky":false,"template":"","format":"standard","meta":{"footnotes":""},"categories":[243],"tags":[1117,18,1118,23,998,1073,1116],"global-categories":[411],"class_list":["post-9609","post","type-post","status-publish","format-standard","has-post-thumbnail","hentry","category-welovecycling-com-cs-tdf","tag-bodovaci-soutez","tag-peter-sagan","tag-sam-bennett","tag-tour-de-france","tag-tour-de-france-2020","tag-wout-van-aert","tag-zeleny-trikot","global-categories-cycling"],"yoast_head":"<!-- This site is optimized with the Yoast SEO Premium plugin v25.3 (Yoast SEO v25.9) - https:\/\/yoast.com\/wordpress\/plugins\/seo\/ -->\n<title>Sagan a zelen\u00fd trikot? N\u011bco mu letos chyb\u00ed, m\u00edn\u00ed experti | \u0160koda We Love Cycling - \u010cesk\u00e1 republika<\/title>\n<meta name=\"robots\" content=\"index, follow, max-snippet:-1, max-image-preview:large, max-video-preview:-1\" \/>\n<link rel=\"canonical\" href=\"https:\/\/www.welovecycling.com\/cs\/2020\/09\/05\/sagan-a-zeleny-trikot-neco-mu-letos-chybi-mini-experti\/\" \/>\n<meta property=\"og:locale\" content=\"cs_CZ\" \/>\n<meta property=\"og:type\" content=\"article\" \/>\n<meta property=\"og:title\" content=\"Sagan a zelen\u00fd trikot? N\u011bco mu letos chyb\u00ed, m\u00edn\u00ed experti\" \/>\n<meta property=\"og:description\" content=\"U\u017e sedmkr\u00e1t vyhr\u00e1l Peter Sagan zelen\u00fd dres pro v\u00edt\u011bze bodovac\u00ed sout\u011b\u017ee Tour de France, jeho\u017e ofici\u00e1ln\u00edm partnerem je od roku [&hellip;]\" \/>\n<meta property=\"og:url\" content=\"https:\/\/www.welovecycling.com\/cs\/2020\/09\/05\/sagan-a-zeleny-trikot-neco-mu-letos-chybi-mini-experti\/\" \/>\n<meta property=\"og:site_name\" content=\"\u0160koda We Love Cycling - \u010cesk\u00e1 republika\" \/>\n<meta property=\"article:published_time\" content=\"2020-09-05T09:00:29+00:00\" \/>\n<meta property=\"article:modified_time\" content=\"2020-09-05T09:22:14+00:00\" \/>\n<meta property=\"og:image\" content=\"https:\/\/d2p6e6u75xmxt8.cloudfront.net\/13\/2020\/09\/sagan-profimedia-0555604156.webp\" \/>\n\t<meta property=\"og:image:width\" content=\"1800\" \/>\n\t<meta property=\"og:image:height\" content=\"1198\" \/>\n\t<meta property=\"og:image:type\" content=\"image\/webp\" \/>\n<meta name=\"twitter:card\" content=\"summary_large_image\" \/>\n<meta name=\"twitter:label1\" content=\"Written by\" \/>\n\t<meta name=\"twitter:data1\" content=\"Adam Bouda\" \/>\n\t<meta name=\"twitter:label2\" content=\"Est. reading time\" \/>\n\t<meta name=\"twitter:data2\" content=\"6\" \/>\n<script type=\"application\/ld+json\" class=\"yoast-schema-graph\">{\"@context\":\"https:\/\/schema.org\",\"@graph\":[{\"@type\":\"WebPage\",\"@id\":\"https:\/\/www.welovecycling.com\/cs\/2020\/09\/05\/sagan-a-zeleny-trikot-neco-mu-letos-chybi-mini-experti\/\",\"url\":\"https:\/\/www.welovecycling.com\/cs\/2020\/09\/05\/sagan-a-zeleny-trikot-neco-mu-letos-chybi-mini-experti\/\",\"name\":\"Sagan a zelen\u00fd trikot? N\u011bco mu letos chyb\u00ed, m\u00edn\u00ed experti | \u0160koda We Love Cycling - \u010cesk\u00e1 republika\",\"isPartOf\":{\"@id\":\"https:\/\/www.welovecycling.com\/cs\/#website\"},\"primaryImageOfPage\":{\"@id\":\"https:\/\/www.welovecycling.com\/cs\/2020\/09\/05\/sagan-a-zeleny-trikot-neco-mu-letos-chybi-mini-experti\/#primaryimage\"},\"image\":{\"@id\":\"https:\/\/www.welovecycling.com\/cs\/2020\/09\/05\/sagan-a-zeleny-trikot-neco-mu-letos-chybi-mini-experti\/#primaryimage\"},\"thumbnailUrl\":\"https:\/\/d2p6e6u75xmxt8.cloudfront.net\/13\/2020\/09\/sagan-profimedia-0555604156.webp\",\"datePublished\":\"2020-09-05T09:00:29+00:00\",\"dateModified\":\"2020-09-05T09:22:14+00:00\",\"author\":{\"@id\":\"\"},\"inLanguage\":\"cs\",\"potentialAction\":[{\"@type\":\"ReadAction\",\"target\":[\"https:\/\/www.welovecycling.com\/cs\/2020\/09\/05\/sagan-a-zeleny-trikot-neco-mu-letos-chybi-mini-experti\/\"]}]},{\"@type\":\"ImageObject\",\"inLanguage\":\"cs\",\"@id\":\"https:\/\/www.welovecycling.com\/cs\/2020\/09\/05\/sagan-a-zeleny-trikot-neco-mu-letos-chybi-mini-experti\/#primaryimage\",\"url\":\"https:\/\/d2p6e6u75xmxt8.cloudfront.net\/13\/2020\/09\/sagan-profimedia-0555604156.webp\",\"contentUrl\":\"https:\/\/d2p6e6u75xmxt8.cloudfront.net\/13\/2020\/09\/sagan-profimedia-0555604156.webp\",\"width\":1800,\"height\":1198,\"caption\":\"Covid 19, respektive rou\u0161ky symbolizuj\u00edc\u00ed pandemii budou v pelotonu i d\u00e1l.\"},{\"@type\":\"WebSite\",\"@id\":\"https:\/\/www.welovecycling.com\/cs\/#website\",\"url\":\"https:\/\/www.welovecycling.com\/cs\/\",\"name\":\"\u0160koda We Love Cycling - \u010cesk\u00e1 republika\",\"description\":\"WeLoveCycling.cz je online magaz\u00edn, kter\u00fd v\u00e1m pravideln\u011b p\u0159in\u00e1\u0161\u00ed rady a tipy, zaj\u00edmav\u00e9 \u010dl\u00e1nky, videa a jedine\u010dn\u00e9 report\u00e1\u017ee ze sv\u011bta cyklistiky.\",\"potentialAction\":[{\"@type\":\"SearchAction\",\"target\":{\"@type\":\"EntryPoint\",\"urlTemplate\":\"https:\/\/www.welovecycling.com\/cs\/?s={search_term_string}\"},\"query-input\":{\"@type\":\"PropertyValueSpecification\",\"valueRequired\":true,\"valueName\":\"search_term_string\"}}],\"inLanguage\":\"cs\"},{\"@type\":\"Person\",\"@id\":\"\",\"url\":\"https:\/\/www.welovecycling.com\/cs\/author\/\"}]}<\/script>\n<!-- \/ Yoast SEO Premium plugin. -->","yoast_head_json":{"title":"Sagan a zelen\u00fd trikot? N\u011bco mu letos chyb\u00ed, m\u00edn\u00ed experti | \u0160koda We Love Cycling - \u010cesk\u00e1 republika","robots":{"index":"index","follow":"follow","max-snippet":"max-snippet:-1","max-image-preview":"max-image-preview:large","max-video-preview":"max-video-preview:-1"},"canonical":"https:\/\/www.welovecycling.com\/cs\/2020\/09\/05\/sagan-a-zeleny-trikot-neco-mu-letos-chybi-mini-experti\/","og_locale":"cs_CZ","og_type":"article","og_title":"Sagan a zelen\u00fd trikot? N\u011bco mu letos chyb\u00ed, m\u00edn\u00ed experti","og_description":"U\u017e sedmkr\u00e1t vyhr\u00e1l Peter Sagan zelen\u00fd dres pro v\u00edt\u011bze bodovac\u00ed sout\u011b\u017ee Tour de France, jeho\u017e ofici\u00e1ln\u00edm partnerem je od roku [&hellip;]","og_url":"https:\/\/www.welovecycling.com\/cs\/2020\/09\/05\/sagan-a-zeleny-trikot-neco-mu-letos-chybi-mini-experti\/","og_site_name":"\u0160koda We Love Cycling - \u010cesk\u00e1 republika","article_published_time":"2020-09-05T09:00:29+00:00","article_modified_time":"2020-09-05T09:22:14+00:00","og_image":[{"width":1800,"height":1198,"url":"https:\/\/d2p6e6u75xmxt8.cloudfront.net\/13\/2020\/09\/sagan-profimedia-0555604156.webp","type":"image\/webp"}],"twitter_card":"summary_large_image","twitter_misc":{"Written by":"Adam Bouda","Est. reading time":"6"},"schema":{"@context":"https:\/\/schema.org","@graph":[{"@type":"WebPage","@id":"https:\/\/www.welovecycling.com\/cs\/2020\/09\/05\/sagan-a-zeleny-trikot-neco-mu-letos-chybi-mini-experti\/","url":"https:\/\/www.welovecycling.com\/cs\/2020\/09\/05\/sagan-a-zeleny-trikot-neco-mu-letos-chybi-mini-experti\/","name":"Sagan a zelen\u00fd trikot? N\u011bco mu letos chyb\u00ed, m\u00edn\u00ed experti | \u0160koda We Love Cycling - \u010cesk\u00e1 republika","isPartOf":{"@id":"https:\/\/www.welovecycling.com\/cs\/#website"},"primaryImageOfPage":{"@id":"https:\/\/www.welovecycling.com\/cs\/2020\/09\/05\/sagan-a-zeleny-trikot-neco-mu-letos-chybi-mini-experti\/#primaryimage"},"image":{"@id":"https:\/\/www.welovecycling.com\/cs\/2020\/09\/05\/sagan-a-zeleny-trikot-neco-mu-letos-chybi-mini-experti\/#primaryimage"},"thumbnailUrl":"https:\/\/d2p6e6u75xmxt8.cloudfront.net\/13\/2020\/09\/sagan-profimedia-0555604156.webp","datePublished":"2020-09-05T09:00:29+00:00","dateModified":"2020-09-05T09:22:14+00:00","author":{"@id":""},"inLanguage":"cs","potentialAction":[{"@type":"ReadAction","target":["https:\/\/www.welovecycling.com\/cs\/2020\/09\/05\/sagan-a-zeleny-trikot-neco-mu-letos-chybi-mini-experti\/"]}]},{"@type":"ImageObject","inLanguage":"cs","@id":"https:\/\/www.welovecycling.com\/cs\/2020\/09\/05\/sagan-a-zeleny-trikot-neco-mu-letos-chybi-mini-experti\/#primaryimage","url":"https:\/\/d2p6e6u75xmxt8.cloudfront.net\/13\/2020\/09\/sagan-profimedia-0555604156.webp","contentUrl":"https:\/\/d2p6e6u75xmxt8.cloudfront.net\/13\/2020\/09\/sagan-profimedia-0555604156.webp","width":1800,"height":1198,"caption":"Covid 19, respektive rou\u0161ky symbolizuj\u00edc\u00ed pandemii budou v pelotonu i d\u00e1l."},{"@type":"WebSite","@id":"https:\/\/www.welovecycling.com\/cs\/#website","url":"https:\/\/www.welovecycling.com\/cs\/","name":"\u0160koda We Love Cycling - \u010cesk\u00e1 republika","description":"WeLoveCycling.cz je online magaz\u00edn, kter\u00fd v\u00e1m pravideln\u011b p\u0159in\u00e1\u0161\u00ed rady a tipy, zaj\u00edmav\u00e9 \u010dl\u00e1nky, videa a jedine\u010dn\u00e9 report\u00e1\u017ee ze sv\u011bta cyklistiky.","potentialAction":[{"@type":"SearchAction","target":{"@type":"EntryPoint","urlTemplate":"https:\/\/www.welovecycling.com\/cs\/?s={search_term_string}"},"query-input":{"@type":"PropertyValueSpecification","valueRequired":true,"valueName":"search_term_string"}}],"inLanguage":"cs"},{"@type":"Person","@id":"","url":"https:\/\/www.welovecycling.com\/cs\/author\/"}]}},"_links":{"self":[{"href":"https:\/\/www.welovecycling.com\/cs\/wp-json\/wp\/v2\/posts\/9609","targetHints":{"allow":["GET"]}}],"collection":[{"href":"https:\/\/www.welovecycling.com\/cs\/wp-json\/wp\/v2\/posts"}],"about":[{"href":"https:\/\/www.welovecycling.com\/cs\/wp-json\/wp\/v2\/types\/post"}],"author":[{"embeddable":true,"href":"https:\/\/www.welovecycling.com\/cs\/wp-json\/wp\/v2\/users\/122"}],"replies":[{"embeddable":true,"href":"https:\/\/www.welovecycling.com\/cs\/wp-json\/wp\/v2\/comments?post=9609"}],"version-history":[{"count":2,"href":"https:\/\/www.welovecycling.com\/cs\/wp-json\/wp\/v2\/posts\/9609\/revisions"}],"predecessor-version":[{"id":9614,"href":"https:\/\/www.welovecycling.com\/cs\/wp-json\/wp\/v2\/posts\/9609\/revisions\/9614"}],"wp:featuredmedia":[{"embeddable":true,"href":"https:\/\/www.welovecycling.com\/cs\/wp-json\/wp\/v2\/media\/9610"}],"wp:attachment":[{"href":"https:\/\/www.welovecycling.com\/cs\/wp-json\/wp\/v2\/media?parent=9609"}],"wp:term":[{"taxonomy":"category","embeddable":true,"href":"https:\/\/www.welovecycling.com\/cs\/wp-json\/wp\/v2\/categories?post=9609"},{"taxonomy":"post_tag","embeddable":true,"href":"https:\/\/www.welovecycling.com\/cs\/wp-json\/wp\/v2\/tags?post=9609"},{"taxonomy":"global-categories","embeddable":true,"href":"https:\/\/www.welovecycling.com\/cs\/wp-json\/wp\/v2\/global-categories?post=9609"}],"curies":[{"name":"wp","href":"https:\/\/api.w.org\/{rel}","templated":true}]}}