{"id":9589,"date":"2020-09-04T06:30:22","date_gmt":"2020-09-04T04:30:22","guid":{"rendered":"https:\/\/www.welovecycling.com\/cs\/?p=9589"},"modified":"2020-09-05T12:01:43","modified_gmt":"2020-09-05T10:01:43","slug":"kdyz-na-tour-de-france-foukne-do-zad-a-do-pelotonu-strili-snajpr","status":"publish","type":"post","link":"https:\/\/www.welovecycling.com\/cs\/2020\/09\/04\/kdyz-na-tour-de-france-foukne-do-zad-a-do-pelotonu-strili-snajpr\/","title":{"rendered":"Kdy\u017e na Tour de France foukne do zad a do pelotonu st\u0159\u00edl\u00ed snajpr"},"content":{"rendered":"<p><strong>Hork\u00fd a v\u011btrn\u00fd byl den v Centr\u00e1ln\u00edm masivu na palub\u011b kor\u00e1bu s identifika\u010dn\u00edm \u010d\u00edslem 1459. Jeho kapit\u00e1nem \u2013 sice bez \u010depice se \u0161t\u00edtkem, zato s rou\u0161kou na tv\u00e1\u0159i \u2013 byl Pedro Horrillo. Baskick\u00fd p\u011bta\u010dty\u0159icetilet\u00fd cyklistick\u00fd exprofesion\u00e1l, jemu\u017e kari\u00e9ru fakticky ukon\u010dil p\u00e1d do \u0161edes\u00e1t metr\u016f hlubok\u00e9 str\u017ee na italsk\u00e9m Giru 2009.<\/strong><\/p>\n<p>Atmosf\u00e9ra v Le Teil, odkud 6. etapa startovala, byla obrazem cel\u00e9 leto\u0161n\u00ed Tour de France. Skromn\u00e1, ne tak hlasit\u00e1 jako v minulosti. Cel\u00fd sv\u011bt m\u00e1 je\u0161t\u011b po\u0159\u00e1d strach z n\u00e1kazy, kter\u00e1 se odrazila i na tv\u00e1\u0159i nejslavn\u011bj\u0161\u00edho cyklistick\u00e9ho z\u00e1vodu planety.<\/p>\n<p>Te\u010f je tu jeho \u0161est\u00fd d\u00edl a na \u00favod 4 kilometry voln\u00e9 j\u00edzdy od slavnostn\u00edho startu po ten ofici\u00e1ln\u00ed nad m\u011bstem. A\u017e odtud se po\u010d\u00edt\u00e1 nult\u00fd kilometr 191 kilometr\u016f m\u011b\u0159\u00edc\u00ed etapy na dosud nikdy nezdolan\u00fd vrchol uprost\u0159ed Centr\u00e1ln\u00edho masivu \u2013 Mont Aigoual.<\/p>\n<h2><strong>V barv\u00e1ch \u0160kody jede p\u00e1tou Tour<\/strong><\/h2>\n<p>Pedro Horrillo, kter\u00fd pro \u0160kodu jede u\u017e p\u00e1tou Tour de France, \u0159\u00edk\u00e1: \u201eKdy\u017e si spo\u010d\u00edt\u00e1te v\u0161echny p\u0159esuny v tomto \u00fazem\u00ed bez z\u00e1vod\u011bn\u00ed, vyd\u00e1 v\u00e1m to na celou dal\u0161\u00ed etapu. N\u011bkdy je to klidn\u011b dvacet kilometr\u016f dlouh\u00fd p\u0159esun.\u201c<\/p>\n<p>A pak p\u0159i pohledu do Livre de route, co\u017e je Bible Tour obsahuj\u00edc\u00ed v\u0161echny rozpisy etap, jejich detaily a mapy, p\u0159edv\u00edd\u00e1: \u201e\u00danik vznikne na prvn\u00edch 16 kilometrech.\u201c Tam se toti\u017e prvn\u011b v etap\u011b bude stoupat, ze 130 v\u00fd\u0161kov\u00fdch metr\u016f o 216 metr\u016f v\u00fd\u0161. Ale o tom a\u017e za chv\u00edli.<\/p>\n<figure id=\"attachment_9592\" aria-describedby=\"caption-attachment-9592\" style=\"width: 1031px\" class=\"wp-caption alignnone\"><a href=\"https:\/\/d2p6e6u75xmxt8.cloudfront.net\/13\/2020\/09\/wlc-pedro-III.PNG.png\"><img loading=\"lazy\" decoding=\"async\" class=\" wp-image-9592\" src=\"https:\/\/d2p6e6u75xmxt8.cloudfront.net\/13\/2020\/09\/wlc-pedro-III.PNG.png\" alt=\"Pedro Horrilo pat\u0159\u00ed ke st\u00e1lic\u00edm pelotonu Tour de France. Starou d\u00e1mu absolvoval dvakr\u00e1t v sedle, a letos pop\u00e1t\u00e9 za volantem \u0160kody. Foto: We Love Cycling\" width=\"1031\" height=\"655\" \/><\/a><figcaption id=\"caption-attachment-9592\" class=\"wp-caption-text\"><em>Pedro Horrilo pat\u0159\u00ed ke st\u00e1lic\u00edm pelotonu Tour de France. Starou d\u00e1mu absolvoval dvakr\u00e1t v sedle, a letos pop\u00e1t\u00e9 za volantem \u0160kody. Foto: We Love Cycling<\/em><\/figcaption><\/figure>\n<p>Te\u010f u cesty stoj\u00ed zaparkovan\u00fd karavan a o n\u011bj op\u0159en\u00e1 cedule s n\u00e1pisem \u201eYates, you can\u201c, tak\u017ee je asi jasn\u00e9, komu se tady bude fandit. \u017dlut\u00fd dres Britovi spadl do kl\u00edna, kdy\u017e dom\u00e1\u010d\u00ed mil\u00e1\u010dek Julian Alaphilippe sp\u00e1chal p\u0159edchoz\u00ed den p\u0159estupek a pykal za n\u011bj odebr\u00e1n\u00edm v\u00fdsostn\u00e9ho postaven\u00ed.<\/p>\n<p>Tak\u017ee kdy\u017e dojde na intern\u00ed tipova\u010dku, kdo \u017ee by mohl \u0161est\u00fd z\u00e1vodn\u00ed den Grande Boucle opanovat, zazn\u00ed i jm\u00e9no francouzsk\u00e9ho mu\u0161ket\u00fdra. \u201eBude cht\u00edt vendetu?\u201c zam\u00fd\u0161l\u00ed se Horrillo. Ale i o tomto bude \u0159e\u010d a\u017e o kousek d\u00e1l.<\/p>\n<h2><strong>Trest pro Alaphilippa? Stupidn\u00ed rozhodnut\u00ed<\/strong><\/h2>\n<p>Proto\u017ee te\u010f to zaprsk\u00e1 v reproduktoru, kter\u00fd do v\u0161ech vozidel v kolon\u011b Tour de France p\u0159en\u00e1\u0161\u00ed z intern\u00edho r\u00e1diov\u00e9ho okruhu z\u00e1vodu informace o jeho pr\u016fb\u011bhu. Hlasatel informuje: \u201e\u010cty\u0159i mu\u017ei za\u00fato\u010dili a maj\u00ed n\u00e1skok 10 sekund.\u201c<\/p>\n<p>Chv\u00edli pot\u00e9 u\u017e je jich \u0161est, ale ztr\u00e1ta pelotonu se d\u00e1l dr\u017e\u00ed na \u00fanosn\u00e9 mezi, proto\u017ee mezi uprchl\u00edky nemaj\u00ed sv\u00e9 z\u00e1stupce nejsiln\u011bj\u0161\u00ed formace, tedy Ineos ani Jumbo.<\/p>\n<div class=\"shortcode-ys-post-pinup\"><article class=\"loop-simple post-9386 post type-post status-publish format-standard has-post-thumbnail hentry category-welovecycling-com-cs-tdf category-https-www-welovecycling-com-cs-category-zabava tag-col-du-tourmalet tag-cyklistika tag-tour-de-france tag-tourmalet global-categories-cycling\" data-postid=\"9386\" role=\"article\" data-post-id=\"9386\" data-word-count=\"509\" data-headline-length=\"52\" data-category=\"TdF\" data-global-category=\"Cycling\" data-author=\"Adam Bouda\" data-published=\"2020-08-29T08:00:06+02:00\" data-published-day=\"Saturday\">\n    <div class=\"entry-thumbnail article-thumbnail\" content=\"https:\/\/d2p6e6u75xmxt8.cloudfront.net\/13\/2020\/08\/WLC-TOURMALET-20190720TDF2027-A.S.O._Thomas_MAHEUX-150x150.webp\"><a href=\"https:\/\/www.welovecycling.com\/cs\/2020\/08\/29\/retro-tour-de-france-kdyz-se-peloton-vyda-k-nebi-1910\/\" class=\"image-holder\" target=\"_self\"><img decoding=\"async\" loading=\"lazy\" class=\"\" src=\"https:\/\/d2p6e6u75xmxt8.cloudfront.net\/13\/2020\/08\/WLC-TOURMALET-20190720TDF2027-A.S.O._Thomas_MAHEUX.webp\" srcset=\"https:\/\/d2p6e6u75xmxt8.cloudfront.net\/13\/2020\/08\/WLC-TOURMALET-20190720TDF2027-A.S.O._Thomas_MAHEUX.webp 1000w, https:\/\/d2p6e6u75xmxt8.cloudfront.net\/13\/2020\/08\/WLC-TOURMALET-20190720TDF2027-A.S.O._Thomas_MAHEUX-300x200.webp 300w, https:\/\/d2p6e6u75xmxt8.cloudfront.net\/13\/2020\/08\/WLC-TOURMALET-20190720TDF2027-A.S.O._Thomas_MAHEUX-768x512.webp 768w, https:\/\/d2p6e6u75xmxt8.cloudfront.net\/13\/2020\/08\/WLC-TOURMALET-20190720TDF2027-A.S.O._Thomas_MAHEUX-272x182.webp 272w\" width=\"1000\" height=\"667\" sizes=\"auto, (min-width: 1200px) 300px, (min-width: 768px) 25vw, 100vw\" alt=\"retro-tour-de-france-kdyz-se-peloton-vyda-k-nebi-1910\"\/><\/a><\/div>    <div class=\"entry-meta\">\n        <a class=\"label label-secondary post-category\" href=\"https:\/\/www.welovecycling.com\/cs\/category\/welovecycling-com-cs-tdf\/\" title=\"TdF\">TdF<\/a>\n    <\/div>\n    <div class=\"entry-details\">\n        <a href=\"https:\/\/www.welovecycling.com\/cs\/2020\/08\/29\/retro-tour-de-france-kdyz-se-peloton-vyda-k-nebi-1910\/\" class='entry-title-wrapper'>\n            <h3 class=\"entry-title\"><span>Tour de France: kdy\u017e se peloton vyd\u00e1 k nebi (1910)<\/span><\/h3>\n        <\/a>\n    <\/div>\n    <\/article>\n<\/div>\n<p>Na 30. kilometru se ve v\u011btru kl\u00e1t\u00ed cedule s n\u00e1pisem \u201eza\u010d\u00e1tek ob\u010derstvovac\u00ed stanice\u201c, co\u017e pr\u00e1v\u011b byl v p\u0159edchoz\u00ed etap\u011b ten bod sv\u00e1ru. Alaphilippe, po sv\u00e9m v\u00edt\u011bzstv\u00ed v Nice \u017elut\u00fd mu\u017e, toti\u017e o den d\u0159\u00edve p\u0159ijal lahev s pit\u00edm mimo tuto vymezenou hranici a st\u00e1lo ho to 20 sekund penalizace a k tomu i \u017elut\u00fd trikot. A p\u0159evzal ho, nejsp\u00ed\u0161 s velkou nelibost\u00ed, pr\u00e1v\u011b Yates, l\u00eddr st\u00e1je Mitchelton-Scott.<\/p>\n<p>\u201eVid\u00edte?\u201c ukazuje Pedro ten nicotn\u00fd rozd\u00edl mezi radost\u00ed a vztekem. \u201eTady je to s trestem.\u201c A jakmile ceduli mineme, dod\u00e1: \u201eA tady u\u017e je to v po\u0159\u00e1dku. Pravidla jsou pravidla, proti tomu nic nem\u00e1m, ale tohle bylo stupidn\u00ed rozhodnut\u00ed.\u201c<\/p>\n<figure id=\"attachment_9601\" aria-describedby=\"caption-attachment-9601\" style=\"width: 1200px\" class=\"wp-caption alignnone\"><a href=\"https:\/\/d2p6e6u75xmxt8.cloudfront.net\/13\/2020\/09\/Alaphilippe-1270228282_1599069449.jpg\"><img loading=\"lazy\" decoding=\"async\" class=\"size-full wp-image-9601\" src=\"https:\/\/d2p6e6u75xmxt8.cloudfront.net\/13\/2020\/09\/Alaphilippe-1270228282_1599069449.jpg\" alt=\"Julian Alaphilippe je\u0161t\u011b ve \u017elut\u00e9m dresu l\u00eddra Tour de France. Foto: Stephane Mahe - Pool\/Getty Images\/Deceuninck Quick Step\" width=\"1200\" height=\"800\" \/><\/a><figcaption id=\"caption-attachment-9601\" class=\"wp-caption-text\"><em>Julian Alaphilippe je\u0161t\u011b ve \u017elut\u00e9m dresu l\u00eddra Tour de France. Foto: Stephane Mahe &#8211; Pool\/Getty Images\/Deceuninck Quick Step<\/em><\/figcaption><\/figure>\n<p>N\u00e1skok 8 sekund, vyprskne znovu vys\u00edla\u010dka. Peloton zat\u00edm nen\u00ed p\u0159esv\u011bd\u010den, \u017ee by cht\u011bl cel\u00e9 odpoledne nah\u00e1n\u011bt partu uprchl\u00edk\u016f, a tak jim d\u00e1v\u00e1 jen minimum \u017eivotn\u00edho prostoru.<\/p>\n<p>\u201eBude to asi rychl\u00fd den,\u201c tu\u0161\u00ed Horrillo, kdy\u017e sleduje sm\u011br v\u011btru. Duje do zad a po prvn\u00ed hodin\u011b z\u00e1vodu tak tachometry cyklist\u016f ukazuj\u00ed pr\u016fm\u011brnou rychlost 51,56 km\/h. \u201eV p\u0159edchoz\u00ed etap\u011b se moc nez\u00e1vodilo, tak maj\u00ed dost sil.\u201c<\/p>\n<div class=\"shortcode-ys-post-pinup\"><article class=\"loop-simple post-9486 post type-post status-publish format-standard has-post-thumbnail hentry category-welovecycling-com-cs-tdf tag-jan-barta tag-jan-svorada tag-leopold-konig tag-pavel-padrnos tag-roman-kreuziger tag-tour-de-france tag-tour-de-france-2020 tag-zdenek-stybar global-categories-cycling\" data-postid=\"9486\" role=\"article\" data-post-id=\"9486\" data-word-count=\"513\" data-headline-length=\"80\" data-category=\"TdF\" data-global-category=\"Cycling\" data-author=\"Jan Kr\u016fta\" data-published=\"2020-08-30T08:00:00+02:00\" data-published-day=\"Sunday\">\n    <div class=\"entry-thumbnail article-thumbnail\" content=\"https:\/\/d2p6e6u75xmxt8.cloudfront.net\/13\/2020\/08\/roman-Kreuziger1-@damianmurphy28-150x150.webp\"><a href=\"https:\/\/www.welovecycling.com\/cs\/2020\/08\/30\/ceska-stopa-na-tour-de-france-trinact-jmen-kreuziger-slavi-desaty-start\/\" class=\"image-holder\" target=\"_self\"><img decoding=\"async\" loading=\"lazy\" class=\"\" src=\"https:\/\/d2p6e6u75xmxt8.cloudfront.net\/13\/2020\/08\/roman-Kreuziger1-@damianmurphy28-1024x683.webp\" srcset=\"https:\/\/d2p6e6u75xmxt8.cloudfront.net\/13\/2020\/08\/roman-Kreuziger1-@damianmurphy28.webp 2048w, https:\/\/d2p6e6u75xmxt8.cloudfront.net\/13\/2020\/08\/roman-Kreuziger1-@damianmurphy28-300x200.webp 300w, https:\/\/d2p6e6u75xmxt8.cloudfront.net\/13\/2020\/08\/roman-Kreuziger1-@damianmurphy28-1024x683.webp 1024w, https:\/\/d2p6e6u75xmxt8.cloudfront.net\/13\/2020\/08\/roman-Kreuziger1-@damianmurphy28-768x512.webp 768w, https:\/\/d2p6e6u75xmxt8.cloudfront.net\/13\/2020\/08\/roman-Kreuziger1-@damianmurphy28-1536x1024.webp 1536w, https:\/\/d2p6e6u75xmxt8.cloudfront.net\/13\/2020\/08\/roman-Kreuziger1-@damianmurphy28-1920x1280.webp 1920w, https:\/\/d2p6e6u75xmxt8.cloudfront.net\/13\/2020\/08\/roman-Kreuziger1-@damianmurphy28-272x182.webp 272w, https:\/\/d2p6e6u75xmxt8.cloudfront.net\/13\/2020\/08\/roman-Kreuziger1-@damianmurphy28-1920x1280.webp 1920w\" width=\"1024\" height=\"683\" sizes=\"auto, (min-width: 1200px) 300px, (min-width: 768px) 25vw, 100vw\" alt=\"ceska-stopa-na-tour-de-france-trinact-jmen-kreuziger-slavi-desaty-start\"\/><\/a><\/div>    <div class=\"entry-meta\">\n        <a class=\"label label-secondary post-category\" href=\"https:\/\/www.welovecycling.com\/cs\/category\/welovecycling-com-cs-tdf\/\" title=\"TdF\">TdF<\/a>\n    <\/div>\n    <div class=\"entry-details\">\n        <a href=\"https:\/\/www.welovecycling.com\/cs\/2020\/08\/30\/ceska-stopa-na-tour-de-france-trinact-jmen-kreuziger-slavi-desaty-start\/\" class='entry-title-wrapper'>\n            <h3 class=\"entry-title\"><span>\u010cesk\u00e1 stopa na Tour de France: t\u0159in\u00e1ct jmen, Kreuziger slav\u00ed des\u00e1t\u00fd start<\/span><\/h3>\n        <\/a>\n    <\/div>\n    <\/article>\n<\/div>\n<p>Za kruhov\u00fdm objezdem povykuje hlasit\u00e1 skupinka sn\u011bd\u00fdch fanou\u0161k\u016f a jej\u00ed kapit\u00e1n hrd\u011b m\u00e1ch\u00e1 cedul\u00ed s n\u00e1pisem Argentina. Tuhle je fanda z Jihoafrick\u00e9 republiky s n\u00e1rodn\u00ed z\u00e1stavou, taky slovensk\u00e1 na podporu Sagana se u silnice objev\u00ed, ale francouzsk\u00fdch vlajek je tu stejn\u011b nejv\u00edc. A u jedn\u00e9 stoj\u00ed vzkaz: Thibaut, on t\u00b4aime. Thibaute, milujeme t\u011b.<\/p>\n<p>Proto\u017ee Thibaut Pinot, asi nejpravd\u011bpodobn\u011bj\u0161\u00ed z francouzsk\u00fdch uchaze\u010d\u016f o titul, m\u00e1 sv\u00e9 zemi po 35 letech a po u\u017e hodn\u011b zapr\u00e1\u0161en\u00e9m v\u00edt\u011bzstv\u00ed Bernarda Hinaulta kone\u010dn\u011b zase p\u0159in\u00e9st radost.<\/p>\n<figure id=\"attachment_9594\" aria-describedby=\"caption-attachment-9594\" style=\"width: 1054px\" class=\"wp-caption alignnone\"><a href=\"https:\/\/d2p6e6u75xmxt8.cloudfront.net\/13\/2020\/09\/WLC-Pedro-IV.PNG.png\"><img loading=\"lazy\" decoding=\"async\" class=\" wp-image-9594\" src=\"https:\/\/d2p6e6u75xmxt8.cloudfront.net\/13\/2020\/09\/WLC-Pedro-IV.PNG.png\" alt=\"Pedro Horillo za volantem hybridn\u00ed \u0160kody Superb, s n\u00ed\u017e absolvuje leto\u0161n\u00ed 107. ro\u010dn\u00edk Tour de France. Foto: We Love Cycling\" width=\"1054\" height=\"985\" \/><\/a><figcaption id=\"caption-attachment-9594\" class=\"wp-caption-text\"><em>Pedro Horrillo za volantem hybridn\u00ed \u0160kody Superb, s n\u00ed\u017e absolvuje leto\u0161n\u00ed 107. ro\u010dn\u00edk Tour de France. Foto: We Love Cycling<\/em><\/figcaption><\/figure>\n<p>\u201eM\u00e1m ho r\u00e1d,\u201c reaguje na to od volantu sv\u00e9ho hybridn\u00edho superbu Pedro, ale hned svou \u00favahu dovysv\u011btl\u00ed: \u201eM\u00e1m ho r\u00e1d, ale nev\u011b\u0159\u00edm mu.\u201c Tak\u017ee kdo by tuhle Tour mohl vyhr\u00e1t? Snad Ineos, kter\u00fd posledn\u00edch\u00a0 p\u00e1r let vlastn\u00ed patent na \u00fasp\u011bch v Pa\u0159\u00ed\u017ei? \u201eNejsou tak dob\u0159\u00ed jako loni.\u201c<\/p>\n<h2><strong>Jumbo Visma? Vyrostli na z\u00e1kladech Horrillovy formace<\/strong><\/h2>\n<p>Tak\u017ee Jumbo-Visma, nejv\u011bt\u0161\u00ed vyzyvatel Brit\u016f? \u201eCo tu p\u0159edv\u00e1d\u00ed, je neskute\u010dn\u00e9. Dv\u011b v\u00edt\u011bzn\u00e9 etapy v p\u011bti dnech se dv\u011bma r\u016fzn\u00fdmi lidmi? M\u00e1m z toho radost,\u201c \u0159\u00edk\u00e1 \u0160pan\u011bl, proto\u017ee tento t\u00fdm vyrostl v Nizozemsku na z\u00e1kladech n\u011bkdej\u0161\u00ed megast\u00e1je Rabobank, za kterou Horrillo p\u011bt let z\u00e1vodil. \u201eTak\u017ee je to vlastn\u011b m\u016fj t\u00fdm.\u201c<\/p>\n<div class=\"shortcode-ys-post-pinup\"><article class=\"loop-simple post-9460 post type-post status-publish format-standard has-post-thumbnail hentry category-silnicni-cyklistika category-welovecycling-com-cs-tdf tag-cyklistika tag-reklamni-karavana tag-tour-de-france tag-tour-de-france-1930 global-categories-cycling\" data-postid=\"9460\" role=\"article\" data-post-id=\"9460\" data-word-count=\"549\" data-headline-length=\"76\" data-category=\"Silni\u010dn\u00ed cyklistika\" data-global-category=\"Cycling\" data-author=\"Adam Bouda\" data-published=\"2020-09-02T13:00:14+02:00\" data-published-day=\"Wednesday\">\n    <div class=\"entry-thumbnail article-thumbnail\" content=\"https:\/\/d2p6e6u75xmxt8.cloudfront.net\/13\/2020\/08\/reklamn\u00ed-karavana-\u0161koda-20190717TDF2063-A.S.O._Thomas_MAHEUX-150x150.webp\"><a href=\"https:\/\/www.welovecycling.com\/cs\/2020\/09\/02\/retro-tour-de-france-vanoce-v-cervenci-aneb-reklamni-karavana-startuje-1930\/\" class=\"image-holder\" target=\"_self\"><img decoding=\"async\" loading=\"lazy\" class=\"\" src=\"https:\/\/d2p6e6u75xmxt8.cloudfront.net\/13\/2020\/08\/reklamn\u00ed-karavana-\u0161koda-20190717TDF2063-A.S.O._Thomas_MAHEUX.webp\" srcset=\"https:\/\/d2p6e6u75xmxt8.cloudfront.net\/13\/2020\/08\/reklamn\u00ed-karavana-\u0161koda-20190717TDF2063-A.S.O._Thomas_MAHEUX.webp 1000w, https:\/\/d2p6e6u75xmxt8.cloudfront.net\/13\/2020\/08\/reklamn\u00ed-karavana-\u0161koda-20190717TDF2063-A.S.O._Thomas_MAHEUX-300x200.webp 300w, https:\/\/d2p6e6u75xmxt8.cloudfront.net\/13\/2020\/08\/reklamn\u00ed-karavana-\u0161koda-20190717TDF2063-A.S.O._Thomas_MAHEUX-768x512.webp 768w, https:\/\/d2p6e6u75xmxt8.cloudfront.net\/13\/2020\/08\/reklamn\u00ed-karavana-\u0161koda-20190717TDF2063-A.S.O._Thomas_MAHEUX-272x182.webp 272w\" width=\"1000\" height=\"667\" sizes=\"auto, (min-width: 1200px) 300px, (min-width: 768px) 25vw, 100vw\" alt=\"retro-tour-de-france-vanoce-v-cervenci-aneb-reklamni-karavana-startuje-1930\"\/><\/a><\/div>    <div class=\"entry-meta\">\n        <a class=\"label label-secondary post-category\" href=\"https:\/\/www.welovecycling.com\/cs\/category\/silnicni-cyklistika\/\" title=\"Silni\u010dn\u00ed cyklistika\">Silni\u010dn\u00ed cyklistika<\/a>\n    <\/div>\n    <div class=\"entry-details\">\n        <a href=\"https:\/\/www.welovecycling.com\/cs\/2020\/09\/02\/retro-tour-de-france-vanoce-v-cervenci-aneb-reklamni-karavana-startuje-1930\/\" class='entry-title-wrapper'>\n            <h3 class=\"entry-title\"><span>Tour de France: V\u00e1noce v \u010dervenci, aneb reklamn\u00ed karavana startuje (1930)<\/span><\/h3>\n        <\/a>\n    <\/div>\n    <\/article>\n<\/div>\n<p>I po druh\u00e9 hodin\u011b z\u00e1vod\u011bn\u00ed po v\u011btru se rychlost p\u0159\u00edli\u0161 nevzdaluje od 50kilometrov\u00e9 hranice, ale zm\u011bna tu p\u0159eci jen je \u2013 uprchl\u00edci se m\u00edsty dostanou a\u017e k v\u00fdhod\u011b 6:40 minuty. \u201eV\u00edt\u011bz je mezi nimi,\u201c p\u0159edpov\u00edd\u00e1 u\u017e s jistotou Horrillo. \u201eKdy\u017e budou m\u00edt 4 minuty n\u00e1skok pod prvn\u00edm kopce, u\u017e ho udr\u017e\u00ed.\u201c<\/p>\n<p>Svorn\u011b spolupracuj\u00edc\u00ed skupina se na Cap de Coste, prvn\u00edm vrcholu dne 3. kategorie rozkl\u00ed\u017e\u00ed. Kaza\u0161sk\u00fd \u0161ampion Lucenko demonstruje svoji v\u00edt\u011bznou n\u00e1ladu a hrne se vp\u0159ed, tak\u017ee utrhne i olympijsk\u00e9ho v\u00edt\u011bze Van Avermaeta z Belgie.<\/p>\n<h2><strong>Pape\u017e? Superman?<\/strong><\/h2>\n<p>Druh\u00fd vrchol 3. kategorie je jen p\u0159edkrmem toho, co m\u00e1 p\u0159ij\u00edt ve fin\u00e1le. Pelotonem Tour dosud nikdy neobjeven\u00fd vrchol Mont Aigoual, kde se sklon m\u00edsty zved\u00e1 ke 12 procent\u016fm, je prvn\u00edm vrcholov\u00fdm dojezdem 107. ro\u010dn\u00edku a m\u00edstem definitivn\u00edho rozd\u011blen\u00ed prvn\u00ed skupiny.<\/p>\n<p>U cesty k nebi stoj\u00ed&#8230; Pape\u017e? Tuhle zase fanda v kost\u00fdmu Supermana, pak skupina v m\u00edstn\u00edch kroj\u00edch. \u201eNa tohle byla fantastick\u00e1 Kalifornie,\u201c vybav\u00ed si hned Horrillo.<\/p>\n<p>\u201eKdy\u017e jsme tam z\u00e1vodili, vypadalo to jako sout\u011b\u017e nejv\u011bt\u0161\u00edch \u0161\u00edlenc\u016f. Tolik p\u0159evlek\u016f jsem nikdy nikde nevid\u011bl. Ale \u010dasto jsou to lidi, kte\u0159\u00ed t\u00edm vyjad\u0159uj\u00ed svoji ne\u00factu z\u00e1vodn\u00edk\u016fm. D\u011blaj\u00ed si z nich legraci.\u201c<\/p>\n<figure id=\"attachment_9595\" aria-describedby=\"caption-attachment-9595\" style=\"width: 957px\" class=\"wp-caption alignnone\"><a href=\"https:\/\/d2p6e6u75xmxt8.cloudfront.net\/13\/2020\/09\/WLC-Pedro-5.PNG.png\"><img loading=\"lazy\" decoding=\"async\" class=\" wp-image-9595\" src=\"https:\/\/d2p6e6u75xmxt8.cloudfront.net\/13\/2020\/09\/WLC-Pedro-5.PNG.png\" alt=\"Pedro Horrillo se ka\u017ed\u00e9 r\u00e1no p\u0159ed etapou prot\u00e1hne v sedle kola, kter\u00e9 prov\u00e1z\u00ed cel\u00fd jeho \u017eivot. Foto. We Love Cycling\" width=\"957\" height=\"804\" \/><\/a><figcaption id=\"caption-attachment-9595\" class=\"wp-caption-text\"><em>Pedro Horrillo se ka\u017ed\u00e9 r\u00e1no p\u0159ed etapou prot\u00e1hne v sedle kola, kter\u00e9 prov\u00e1z\u00ed cel\u00fd jeho \u017eivot. Foto. We Love Cycling<\/em><\/figcaption><\/figure>\n<p>Silnice s hrub\u00fdm povrchem stoup\u00e1 st\u00e1le v\u00fd\u0161 a v\u00fd\u0161. Lucenko na n\u00ed nem\u00e1 konkurenci. Horrillo p\u0159isp\u011bch\u00e1 s pochvaln\u00fdm koment\u00e1\u0159em a varov\u00e1n\u00edm pro jeho soupe\u0159e, kter\u00e9 je u\u017e ale v tuto chv\u00edli zbyte\u010dn\u00e9.<\/p>\n<div class=\"shortcode-ys-post-pinup\"><article class=\"loop-simple post-8833 post type-post status-publish format-standard has-post-thumbnail hentry category-rady-tipy category-zdravi-a-trenink tag-kava tag-kava-a-vykonnost tag-vyziva tag-zdravi-a-trenink global-categories-cycling\" data-postid=\"8833\" role=\"article\" data-post-id=\"8833\" data-word-count=\"221\" data-headline-length=\"54\" data-category=\"Zdrav\u00ed a tr\u00e9nink\" data-global-category=\"Cycling\" data-author=\"Ji\u0159\u00ed Kalo\u010d\" data-published=\"2020-07-22T07:00:09+02:00\" data-published-day=\"Wednesday\">\n    <div class=\"entry-thumbnail article-thumbnail\" content=\"https:\/\/d2p6e6u75xmxt8.cloudfront.net\/13\/2020\/07\/WLC-k\u00e1va-3-\u010derven\u00fd-michal-150x150.webp\"><a href=\"https:\/\/www.welovecycling.com\/cs\/2020\/07\/22\/kava-a-cyklistika-kolik-salku-denne-mohu-vypit\/\" class=\"image-holder\" target=\"_self\"><img decoding=\"async\" loading=\"lazy\" class=\"\" src=\"https:\/\/d2p6e6u75xmxt8.cloudfront.net\/13\/2020\/07\/WLC-k\u00e1va-3-\u010derven\u00fd-michal-1024x683.webp\" srcset=\"https:\/\/d2p6e6u75xmxt8.cloudfront.net\/13\/2020\/07\/WLC-k\u00e1va-3-\u010derven\u00fd-michal.webp 1600w, https:\/\/d2p6e6u75xmxt8.cloudfront.net\/13\/2020\/07\/WLC-k\u00e1va-3-\u010derven\u00fd-michal-300x200.webp 300w, https:\/\/d2p6e6u75xmxt8.cloudfront.net\/13\/2020\/07\/WLC-k\u00e1va-3-\u010derven\u00fd-michal-1024x683.webp 1024w, https:\/\/d2p6e6u75xmxt8.cloudfront.net\/13\/2020\/07\/WLC-k\u00e1va-3-\u010derven\u00fd-michal-768x512.webp 768w, https:\/\/d2p6e6u75xmxt8.cloudfront.net\/13\/2020\/07\/WLC-k\u00e1va-3-\u010derven\u00fd-michal-1536x1024.webp 1536w, https:\/\/d2p6e6u75xmxt8.cloudfront.net\/13\/2020\/07\/WLC-k\u00e1va-3-\u010derven\u00fd-michal-272x182.webp 272w\" width=\"1024\" height=\"683\" sizes=\"auto, (min-width: 1200px) 300px, (min-width: 768px) 25vw, 100vw\" alt=\"kava-a-cyklistika-kolik-salku-denne-mohu-vypit\"\/><\/a><\/div>    <div class=\"entry-meta\">\n        <a class=\"label label-secondary post-category\" href=\"https:\/\/www.welovecycling.com\/cs\/category\/zdravi-a-trenink\/\" title=\"Zdrav\u00ed a tr\u00e9nink\">Zdrav\u00ed a tr\u00e9nink<\/a>\n    <\/div>\n    <div class=\"entry-details\">\n        <a href=\"https:\/\/www.welovecycling.com\/cs\/2020\/07\/22\/kava-a-cyklistika-kolik-salku-denne-mohu-vypit\/\" class='entry-title-wrapper'>\n            <h3 class=\"entry-title\"><span>K\u00e1va a cyklistika. Kolik \u0161\u00e1lk\u016f denn\u011b mohu vyp\u00edt?<\/span><\/h3>\n        <\/a>\n    <\/div>\n    <\/article>\n<\/div>\n<p>\u201eKdy\u017e on vyraz\u00ed, tak si mus\u00edte d\u00e1t pozor. M\u00e1 instinkt na spr\u00e1vn\u00e9 \u00faniky. On je snajpr. Musel m\u00edt etapu dokonale nastudovanou a v\u011bd\u011bt, \u017ee je to den pro n\u011bj. Ale taky v\u011bd\u011bl, \u017ee kdy\u017e se t\u0159eba do 50. kilometru nedostane do \u00faniku, nech\u00e1 svoji zbra\u0148 v pouzd\u0159e.\u201c<\/p>\n<p>Lucenko ji v\u0161ak na Mont Aigoual tasil a trefil s n\u00ed st\u0159ed ter\u010de.<\/p>\n","protected":false},"excerpt":{"rendered":"<p>Hork\u00fd a v\u011btrn\u00fd byl den v Centr\u00e1ln\u00edm masivu na palub\u011b kor\u00e1bu s identifika\u010dn\u00edm \u010d\u00edslem 1459. Jeho kapit\u00e1nem \u2013 sice bez [&hellip;]<\/p>\n","protected":false},"author":122,"featured_media":9599,"comment_status":"open","ping_status":"open","sticky":false,"template":"","format":"standard","meta":{"footnotes":""},"categories":[10,243],"tags":[1115,126,1114,9,998],"global-categories":[411],"class_list":["post-9589","post","type-post","status-publish","format-standard","has-post-thumbnail","hentry","category-silnicni-cyklistika","category-welovecycling-com-cs-tdf","tag-alexej-lucenko","tag-cyklistika","tag-pedro-horrillo","tag-silnicni-cyklistika","tag-tour-de-france-2020","global-categories-cycling"],"yoast_head":"<!-- This site is optimized with the Yoast SEO Premium plugin v25.3 (Yoast SEO v25.9) - https:\/\/yoast.com\/wordpress\/plugins\/seo\/ -->\n<title>Kdy\u017e na Tour de France foukne do zad a do pelotonu st\u0159\u00edl\u00ed snajpr | \u0160koda We Love Cycling - \u010cesk\u00e1 republika<\/title>\n<meta name=\"robots\" content=\"index, follow, max-snippet:-1, max-image-preview:large, max-video-preview:-1\" \/>\n<link rel=\"canonical\" href=\"https:\/\/www.welovecycling.com\/cs\/2020\/09\/04\/kdyz-na-tour-de-france-foukne-do-zad-a-do-pelotonu-strili-snajpr\/\" \/>\n<meta property=\"og:locale\" content=\"cs_CZ\" \/>\n<meta property=\"og:type\" content=\"article\" \/>\n<meta property=\"og:title\" content=\"Kdy\u017e na Tour de France foukne do zad a do pelotonu st\u0159\u00edl\u00ed snajpr\" \/>\n<meta property=\"og:description\" content=\"Hork\u00fd a v\u011btrn\u00fd byl den v Centr\u00e1ln\u00edm masivu na palub\u011b kor\u00e1bu s identifika\u010dn\u00edm \u010d\u00edslem 1459. Jeho kapit\u00e1nem \u2013 sice bez [&hellip;]\" \/>\n<meta property=\"og:url\" content=\"https:\/\/www.welovecycling.com\/cs\/2020\/09\/04\/kdyz-na-tour-de-france-foukne-do-zad-a-do-pelotonu-strili-snajpr\/\" \/>\n<meta property=\"og:site_name\" content=\"\u0160koda We Love Cycling - \u010cesk\u00e1 republika\" \/>\n<meta property=\"article:published_time\" content=\"2020-09-04T04:30:22+00:00\" \/>\n<meta property=\"article:modified_time\" content=\"2020-09-05T10:01:43+00:00\" \/>\n<meta property=\"og:image\" content=\"https:\/\/d2p6e6u75xmxt8.cloudfront.net\/13\/2020\/09\/lucenko.PNG.webp\" \/>\n\t<meta property=\"og:image:width\" content=\"935\" \/>\n\t<meta property=\"og:image:height\" content=\"465\" \/>\n\t<meta property=\"og:image:type\" content=\"image\/webp\" \/>\n<meta name=\"twitter:card\" content=\"summary_large_image\" \/>\n<meta name=\"twitter:label1\" content=\"Written by\" \/>\n\t<meta name=\"twitter:data1\" content=\"Ji\u0159\u00ed Kalo\u010d\" \/>\n\t<meta name=\"twitter:label2\" content=\"Est. reading time\" \/>\n\t<meta name=\"twitter:data2\" content=\"5\" \/>\n<script type=\"application\/ld+json\" class=\"yoast-schema-graph\">{\"@context\":\"https:\/\/schema.org\",\"@graph\":[{\"@type\":\"WebPage\",\"@id\":\"https:\/\/www.welovecycling.com\/cs\/2020\/09\/04\/kdyz-na-tour-de-france-foukne-do-zad-a-do-pelotonu-strili-snajpr\/\",\"url\":\"https:\/\/www.welovecycling.com\/cs\/2020\/09\/04\/kdyz-na-tour-de-france-foukne-do-zad-a-do-pelotonu-strili-snajpr\/\",\"name\":\"Kdy\u017e na Tour de France foukne do zad a do pelotonu st\u0159\u00edl\u00ed snajpr | \u0160koda We Love Cycling - \u010cesk\u00e1 republika\",\"isPartOf\":{\"@id\":\"https:\/\/www.welovecycling.com\/cs\/#website\"},\"primaryImageOfPage\":{\"@id\":\"https:\/\/www.welovecycling.com\/cs\/2020\/09\/04\/kdyz-na-tour-de-france-foukne-do-zad-a-do-pelotonu-strili-snajpr\/#primaryimage\"},\"image\":{\"@id\":\"https:\/\/www.welovecycling.com\/cs\/2020\/09\/04\/kdyz-na-tour-de-france-foukne-do-zad-a-do-pelotonu-strili-snajpr\/#primaryimage\"},\"thumbnailUrl\":\"https:\/\/d2p6e6u75xmxt8.cloudfront.net\/13\/2020\/09\/lucenko.PNG.webp\",\"datePublished\":\"2020-09-04T04:30:22+00:00\",\"dateModified\":\"2020-09-05T10:01:43+00:00\",\"author\":{\"@id\":\"\"},\"inLanguage\":\"cs\",\"potentialAction\":[{\"@type\":\"ReadAction\",\"target\":[\"https:\/\/www.welovecycling.com\/cs\/2020\/09\/04\/kdyz-na-tour-de-france-foukne-do-zad-a-do-pelotonu-strili-snajpr\/\"]}]},{\"@type\":\"ImageObject\",\"inLanguage\":\"cs\",\"@id\":\"https:\/\/www.welovecycling.com\/cs\/2020\/09\/04\/kdyz-na-tour-de-france-foukne-do-zad-a-do-pelotonu-strili-snajpr\/#primaryimage\",\"url\":\"https:\/\/d2p6e6u75xmxt8.cloudfront.net\/13\/2020\/09\/lucenko.PNG.webp\",\"contentUrl\":\"https:\/\/d2p6e6u75xmxt8.cloudfront.net\/13\/2020\/09\/lucenko.PNG.webp\",\"width\":935,\"height\":465},{\"@type\":\"WebSite\",\"@id\":\"https:\/\/www.welovecycling.com\/cs\/#website\",\"url\":\"https:\/\/www.welovecycling.com\/cs\/\",\"name\":\"\u0160koda We Love Cycling - \u010cesk\u00e1 republika\",\"description\":\"WeLoveCycling.cz je online magaz\u00edn, kter\u00fd v\u00e1m pravideln\u011b p\u0159in\u00e1\u0161\u00ed rady a tipy, zaj\u00edmav\u00e9 \u010dl\u00e1nky, videa a jedine\u010dn\u00e9 report\u00e1\u017ee ze sv\u011bta cyklistiky.\",\"potentialAction\":[{\"@type\":\"SearchAction\",\"target\":{\"@type\":\"EntryPoint\",\"urlTemplate\":\"https:\/\/www.welovecycling.com\/cs\/?s={search_term_string}\"},\"query-input\":{\"@type\":\"PropertyValueSpecification\",\"valueRequired\":true,\"valueName\":\"search_term_string\"}}],\"inLanguage\":\"cs\"},{\"@type\":\"Person\",\"@id\":\"\",\"url\":\"https:\/\/www.welovecycling.com\/cs\/author\/\"}]}<\/script>\n<!-- \/ Yoast SEO Premium plugin. -->","yoast_head_json":{"title":"Kdy\u017e na Tour de France foukne do zad a do pelotonu st\u0159\u00edl\u00ed snajpr | \u0160koda We Love Cycling - \u010cesk\u00e1 republika","robots":{"index":"index","follow":"follow","max-snippet":"max-snippet:-1","max-image-preview":"max-image-preview:large","max-video-preview":"max-video-preview:-1"},"canonical":"https:\/\/www.welovecycling.com\/cs\/2020\/09\/04\/kdyz-na-tour-de-france-foukne-do-zad-a-do-pelotonu-strili-snajpr\/","og_locale":"cs_CZ","og_type":"article","og_title":"Kdy\u017e na Tour de France foukne do zad a do pelotonu st\u0159\u00edl\u00ed snajpr","og_description":"Hork\u00fd a v\u011btrn\u00fd byl den v Centr\u00e1ln\u00edm masivu na palub\u011b kor\u00e1bu s identifika\u010dn\u00edm \u010d\u00edslem 1459. Jeho kapit\u00e1nem \u2013 sice bez [&hellip;]","og_url":"https:\/\/www.welovecycling.com\/cs\/2020\/09\/04\/kdyz-na-tour-de-france-foukne-do-zad-a-do-pelotonu-strili-snajpr\/","og_site_name":"\u0160koda We Love Cycling - \u010cesk\u00e1 republika","article_published_time":"2020-09-04T04:30:22+00:00","article_modified_time":"2020-09-05T10:01:43+00:00","og_image":[{"width":935,"height":465,"url":"https:\/\/d2p6e6u75xmxt8.cloudfront.net\/13\/2020\/09\/lucenko.PNG.webp","type":"image\/webp"}],"twitter_card":"summary_large_image","twitter_misc":{"Written by":"Ji\u0159\u00ed Kalo\u010d","Est. reading time":"5"},"schema":{"@context":"https:\/\/schema.org","@graph":[{"@type":"WebPage","@id":"https:\/\/www.welovecycling.com\/cs\/2020\/09\/04\/kdyz-na-tour-de-france-foukne-do-zad-a-do-pelotonu-strili-snajpr\/","url":"https:\/\/www.welovecycling.com\/cs\/2020\/09\/04\/kdyz-na-tour-de-france-foukne-do-zad-a-do-pelotonu-strili-snajpr\/","name":"Kdy\u017e na Tour de France foukne do zad a do pelotonu st\u0159\u00edl\u00ed snajpr | \u0160koda We Love Cycling - \u010cesk\u00e1 republika","isPartOf":{"@id":"https:\/\/www.welovecycling.com\/cs\/#website"},"primaryImageOfPage":{"@id":"https:\/\/www.welovecycling.com\/cs\/2020\/09\/04\/kdyz-na-tour-de-france-foukne-do-zad-a-do-pelotonu-strili-snajpr\/#primaryimage"},"image":{"@id":"https:\/\/www.welovecycling.com\/cs\/2020\/09\/04\/kdyz-na-tour-de-france-foukne-do-zad-a-do-pelotonu-strili-snajpr\/#primaryimage"},"thumbnailUrl":"https:\/\/d2p6e6u75xmxt8.cloudfront.net\/13\/2020\/09\/lucenko.PNG.webp","datePublished":"2020-09-04T04:30:22+00:00","dateModified":"2020-09-05T10:01:43+00:00","author":{"@id":""},"inLanguage":"cs","potentialAction":[{"@type":"ReadAction","target":["https:\/\/www.welovecycling.com\/cs\/2020\/09\/04\/kdyz-na-tour-de-france-foukne-do-zad-a-do-pelotonu-strili-snajpr\/"]}]},{"@type":"ImageObject","inLanguage":"cs","@id":"https:\/\/www.welovecycling.com\/cs\/2020\/09\/04\/kdyz-na-tour-de-france-foukne-do-zad-a-do-pelotonu-strili-snajpr\/#primaryimage","url":"https:\/\/d2p6e6u75xmxt8.cloudfront.net\/13\/2020\/09\/lucenko.PNG.webp","contentUrl":"https:\/\/d2p6e6u75xmxt8.cloudfront.net\/13\/2020\/09\/lucenko.PNG.webp","width":935,"height":465},{"@type":"WebSite","@id":"https:\/\/www.welovecycling.com\/cs\/#website","url":"https:\/\/www.welovecycling.com\/cs\/","name":"\u0160koda We Love Cycling - \u010cesk\u00e1 republika","description":"WeLoveCycling.cz je online magaz\u00edn, kter\u00fd v\u00e1m pravideln\u011b p\u0159in\u00e1\u0161\u00ed rady a tipy, zaj\u00edmav\u00e9 \u010dl\u00e1nky, videa a jedine\u010dn\u00e9 report\u00e1\u017ee ze sv\u011bta cyklistiky.","potentialAction":[{"@type":"SearchAction","target":{"@type":"EntryPoint","urlTemplate":"https:\/\/www.welovecycling.com\/cs\/?s={search_term_string}"},"query-input":{"@type":"PropertyValueSpecification","valueRequired":true,"valueName":"search_term_string"}}],"inLanguage":"cs"},{"@type":"Person","@id":"","url":"https:\/\/www.welovecycling.com\/cs\/author\/"}]}},"_links":{"self":[{"href":"https:\/\/www.welovecycling.com\/cs\/wp-json\/wp\/v2\/posts\/9589","targetHints":{"allow":["GET"]}}],"collection":[{"href":"https:\/\/www.welovecycling.com\/cs\/wp-json\/wp\/v2\/posts"}],"about":[{"href":"https:\/\/www.welovecycling.com\/cs\/wp-json\/wp\/v2\/types\/post"}],"author":[{"embeddable":true,"href":"https:\/\/www.welovecycling.com\/cs\/wp-json\/wp\/v2\/users\/122"}],"replies":[{"embeddable":true,"href":"https:\/\/www.welovecycling.com\/cs\/wp-json\/wp\/v2\/comments?post=9589"}],"version-history":[{"count":2,"href":"https:\/\/www.welovecycling.com\/cs\/wp-json\/wp\/v2\/posts\/9589\/revisions"}],"predecessor-version":[{"id":9605,"href":"https:\/\/www.welovecycling.com\/cs\/wp-json\/wp\/v2\/posts\/9589\/revisions\/9605"}],"wp:featuredmedia":[{"embeddable":true,"href":"https:\/\/www.welovecycling.com\/cs\/wp-json\/wp\/v2\/media\/9599"}],"wp:attachment":[{"href":"https:\/\/www.welovecycling.com\/cs\/wp-json\/wp\/v2\/media?parent=9589"}],"wp:term":[{"taxonomy":"category","embeddable":true,"href":"https:\/\/www.welovecycling.com\/cs\/wp-json\/wp\/v2\/categories?post=9589"},{"taxonomy":"post_tag","embeddable":true,"href":"https:\/\/www.welovecycling.com\/cs\/wp-json\/wp\/v2\/tags?post=9589"},{"taxonomy":"global-categories","embeddable":true,"href":"https:\/\/www.welovecycling.com\/cs\/wp-json\/wp\/v2\/global-categories?post=9589"}],"curies":[{"name":"wp","href":"https:\/\/api.w.org\/{rel}","templated":true}]}}