{"id":9569,"date":"2020-09-06T08:00:09","date_gmt":"2020-09-06T06:00:09","guid":{"rendered":"https:\/\/www.welovecycling.com\/cs\/?p=9569"},"modified":"2020-09-10T20:21:11","modified_gmt":"2020-09-10T18:21:11","slug":"retro-tour-de-france-rok-kdy-zvitezila-valka-1940","status":"publish","type":"post","link":"https:\/\/www.welovecycling.com\/cs\/2020\/09\/06\/retro-tour-de-france-rok-kdy-zvitezila-valka-1940\/","title":{"rendered":"Tour de France: rok, kdy zv\u00edt\u011bzila v\u00e1lka (1940)"},"content":{"rendered":"<p><strong>Pokud koronavirus letos d\u00e1, z\u016fstane Tour de France 1940 jedinou, kter\u00e1 kdy byla zru\u0161ena. P\u0159i pohledu na datum mus\u00ed b\u00fdt jasn\u00e9, co bylo d\u016fvodem bezprecedentn\u00edho kroku. A\u0165 se \u0159editel Star\u00e9 d\u00e1my Henri Desgrange a\u017e do jara toho roku sna\u017e\u00ed sebev\u00edc sv\u016fj z\u00e1vod udr\u017eet p\u0159i \u017eivot\u011b, mus\u00ed nakonec rezignovat a 34. ro\u010dn\u00edk odvolat. Cyklistiku zastav\u00ed nacistick\u00e1 okupace.<\/strong><\/p>\n<p>P\u0159esto\u017ee detaily ohledn\u011b trasy nejsou nikdy zve\u0159ejn\u011bny a data jednotliv\u00fdch etap neup\u0159esn\u011bna, je Tour de France s kulat\u00fdm letopo\u010dtem dob\u0159e promy\u0161len\u00fd pl\u00e1n. Desgrange jej se sv\u00fdm t\u00fdmem v kancel\u00e1\u0159\u00edch po\u0159adatelsk\u00e9ho den\u00edku L\u00b4Auto p\u0159ipravuje od p\u0159edchoz\u00edho podzimu.<\/p>\n<p>Ale zapom\u00ednaj\u00ed snad, co se venku za okny d\u011bje? \u017de je v\u00e1lka a jde o \u017eivot? Bylo by nef\u00e9r podez\u00edrat organiz\u00e1tory z naivity uvnit\u0159 sportovn\u00ed bubliny, kter\u00e1 by ignorovala skute\u010dnost na bitevn\u00edch pol\u00edch v\u0161ude kolem. Dob\u0159e ch\u00e1pali realitu, co\u017e dok\u00e1\u017eou t\u00edm, jak od poloviny z\u00e1\u0159\u00ed 1939 pozm\u011bn\u00ed na po\u010dest voj\u00e1k\u016f sv\u00e9 jm\u00e9no na L&#8217;Auto-Soldat.<\/p>\n<h2><strong>Cyklistika jako vzkaz, \u017ee Francie \u017eije?<\/strong><\/h2>\n<p>Na str\u00e1nk\u00e1ch \u017eurn\u00e1lu se m\u00eds\u00ed zpr\u00e1vy o sv\u011btov\u00e9m konfliktu, anal\u00fdzy sportovn\u00edch ud\u00e1lost\u00ed, kter\u00e9 v\u00e1lce navzdory prob\u00edhaj\u00ed. Nechyb\u00ed zpr\u00e1vy o \u0161ampionech povolan\u00fdch do zbran\u011b a m\u00ed\u0159\u00edc\u00edch na frontu. V z\u00e1hlav\u00ed tituln\u00ed strany se pak jednoho dne vedle n\u00e1zvu den\u00edku objev\u00ed Voltair\u016fv cit\u00e1t: \u201eKa\u017ed\u00fd \u010dlov\u011bk je voj\u00e1kem v boji proti tyranii.\u201c Sport, kter\u00fd m\u00e1 b\u00fdt nez\u00e1visl\u00fd na politice, je j\u00ed nyn\u00ed zasa\u017een.<\/p>\n<div class=\"shortcode-ys-post-pinup\"><article class=\"loop-simple post-9549 post type-post status-publish format-standard has-post-thumbnail hentry category-welovecycling-com-cs-tdf tag-chris-froome tag-cyklistika tag-geraint-thomas tag-jakob-fuglsang tag-mark-cavendish tag-silnicni-cyklistika tag-simon-yates tag-tour-de-france-2020 tag-vincenzo-nibali global-categories-cycling\" data-postid=\"9549\" role=\"article\" data-post-id=\"9549\" data-word-count=\"535\" data-headline-length=\"67\" data-category=\"TdF\" data-global-category=\"Cycling\" data-author=\"Jan Kr\u016fta\" data-published=\"2020-09-03T08:00:58+02:00\" data-published-day=\"Thursday\">\n    <div class=\"entry-thumbnail article-thumbnail\" content=\"https:\/\/d2p6e6u75xmxt8.cloudfront.net\/13\/2020\/07\/NIBALI-vincenzo-150x150.webp\"><a href=\"https:\/\/www.welovecycling.com\/cs\/2020\/09\/03\/froome-thomas-ci-nibali-hvezdy-ktere-chybi-na-tour-de-france\/\" class=\"image-holder\" target=\"_self\"><img decoding=\"async\" loading=\"lazy\" class=\"\" src=\"https:\/\/d2p6e6u75xmxt8.cloudfront.net\/13\/2020\/07\/NIBALI-vincenzo-1024x850.webp\" srcset=\"https:\/\/d2p6e6u75xmxt8.cloudfront.net\/13\/2020\/07\/NIBALI-vincenzo.webp 1080w, https:\/\/d2p6e6u75xmxt8.cloudfront.net\/13\/2020\/07\/NIBALI-vincenzo-300x249.webp 300w, https:\/\/d2p6e6u75xmxt8.cloudfront.net\/13\/2020\/07\/NIBALI-vincenzo-1024x850.webp 1024w, https:\/\/d2p6e6u75xmxt8.cloudfront.net\/13\/2020\/07\/NIBALI-vincenzo-768x637.webp 768w\" width=\"1024\" height=\"850\" sizes=\"auto, (min-width: 1200px) 300px, (min-width: 768px) 25vw, 100vw\" alt=\"froome-thomas-ci-nibali-hvezdy-ktere-chybi-na-tour-de-france\"\/><\/a><\/div>    <div class=\"entry-meta\">\n        <a class=\"label label-secondary post-category\" href=\"https:\/\/www.welovecycling.com\/cs\/category\/welovecycling-com-cs-tdf\/\" title=\"TdF\">TdF<\/a>\n    <\/div>\n    <div class=\"entry-details\">\n        <a href=\"https:\/\/www.welovecycling.com\/cs\/2020\/09\/03\/froome-thomas-ci-nibali-hvezdy-ktere-chybi-na-tour-de-france\/\" class='entry-title-wrapper'>\n            <h3 class=\"entry-title\"><span>Froome, Thomas \u010di Nibali. Hv\u011bzdy, kter\u00e9 chyb\u00ed na Tour de France<\/span><\/h3>\n        <\/a>\n    <\/div>\n    <\/article>\n<\/div>\n<p>Henri Desgrange je v\u00e1\u017en\u011b nemocn\u00fd, tak\u017ee se sportovn\u00edch akc\u00ed u\u017e osobn\u011b ne\u00fa\u010dastn\u00ed. Ale d\u00e1l maluje sv\u00fdm perem p\u00edsmena a sype z ruk\u00e1vu jeden patriotick\u00fd editorial za druh\u00fdm. Vedle toho se sv\u00fdmi kolegy bojuje za udr\u017een\u00ed cyklistick\u00e9ho d\u011bn\u00ed, kter\u00e9 by vyslalo okupant\u016fm vzkaz, \u017ee zem\u011b \u017eije.<\/p>\n<figure id=\"attachment_9574\" aria-describedby=\"caption-attachment-9574\" style=\"width: 1800px\" class=\"wp-caption alignnone\"><a href=\"https:\/\/d2p6e6u75xmxt8.cloudfront.net\/13\/2020\/09\/wlc-desgrange-profimedia-0067925949.jpg\"><img loading=\"lazy\" decoding=\"async\" class=\"size-full wp-image-9574\" src=\"https:\/\/d2p6e6u75xmxt8.cloudfront.net\/13\/2020\/09\/wlc-desgrange-profimedia-0067925949.jpg\" alt=\"Henri Desgrange musel ud\u011blat v roce 1940 t\u011b\u017ek\u00e9 rozhodnut\u00ed a zru\u0161it Tour de France. Foto: profimedia\" width=\"1800\" height=\"1308\" \/><\/a><figcaption id=\"caption-attachment-9574\" class=\"wp-caption-text\"><em>Henri Desgrange, \u0159editel Tour de France, musel ud\u011blat v roce 1940 t\u011b\u017ek\u00e9 rozhodnut\u00ed a zru\u0161it nejslavn\u011bj\u0161\u00ed z\u00e1vod planety. Foto: profimedia<\/em><\/figcaption><\/figure>\n<p>V srpnu 1939 kr\u00e1tce po vyhl\u00e1\u0161en\u00ed v\u00edt\u011bz\u016f 33. Tour prob\u011bhne velk\u00e1 diskuze s hlavami cyklistick\u00e9ho pr\u016fmyslu, jejich\u017e spole\u010dnou snahou je stvo\u0159it nov\u00fd kalend\u00e1\u0159 z\u00e1vod\u016f a jejich nov\u00fd form\u00e1t.<\/p>\n<p>Jak ale poskl\u00e1dat peloton cyklist\u016f, kdy\u017e v\u011bt\u0161ina z t\u011bch, co sout\u011b\u017eili o \u017elut\u00fd dres v ro\u010dn\u00edku 1939, nyn\u00ed m\u00edsto \u0159\u00edd\u00edtek dr\u017e\u00ed v rukou kv\u00e9r? Budou zahrani\u010dn\u00ed z\u00e1vodn\u00edci z neutr\u00e1ln\u00edch zem\u00ed p\u0159ijati? Kde se se\u017eenou z\u00e1vodn\u00ed stroje, kdy\u017e cel\u00fd cyklistick\u00fd pr\u016fmysl obr\u00e1til svou pozornost k v\u00e1le\u010dn\u00fdm pot\u0159eb\u00e1m?<\/p>\n<h2><strong>M\u00edsto Pa\u0159\u00ed\u017e-Roubaix se jede Le Mans-Pa\u0159\u00ed\u017e<\/strong><\/h2>\n<p>Jedni mluv\u00ed o tom, \u017ee zbyte\u010dnost cyklistick\u00fdch z\u00e1vod\u016f je v sou\u010dasn\u00e9m klimatu v\u00edc ne\u017e evidentn\u00ed. Druz\u00ed oponuj\u00ed t\u00edm, \u017ee z\u00e1vody nem\u016f\u017ee nic, tedy ani v\u00e1lka zni\u010dit. Dohoda z rokov\u00e1n\u00ed, kterou otiskne list L\u00b4Auto 6. b\u0159ezna 1940 nakonec zn\u00ed takto: \u201eDo z\u00e1vod\u016f budou sm\u011bt nastoupit jedin\u011b tak mlad\u00ed z\u00e1vodn\u00edci, kter\u00fdm je\u0161t\u011b nen\u00ed dovoleno dr\u017eet zbra\u0148, a pom\u011br zahrani\u010dn\u00edch \u00fa\u010dastn\u00edk\u016f bude omezen na t\u0159etinu pelotonu.\u201c<\/p>\n<figure id=\"attachment_9573\" aria-describedby=\"caption-attachment-9573\" style=\"width: 1800px\" class=\"wp-caption alignnone\"><a href=\"https:\/\/d2p6e6u75xmxt8.cloudfront.net\/13\/2020\/09\/WLC-desgrange-maes-profimedia-0067998948.jpg\"><img loading=\"lazy\" decoding=\"async\" class=\"size-full wp-image-9573\" src=\"https:\/\/d2p6e6u75xmxt8.cloudfront.net\/13\/2020\/09\/WLC-desgrange-maes-profimedia-0067998948.jpg\" alt=\"Henri Desgrange, \u0159editel Tour de France, sleduje opravu kola v pod\u00e1n\u00ed belgick\u00e9ho cyklisty Sylvera Maese p\u0159i etap\u011b posledn\u00edho p\u0159edv\u00e1le\u010dn\u00e9ho ro\u010dn\u00edku Tour de France 1939. Foto: profimedia\" width=\"1800\" height=\"1247\" \/><\/a><figcaption id=\"caption-attachment-9573\" class=\"wp-caption-text\"><em>Henri Desgrange, \u0159editel Tour de France, sleduje opravu kola v pod\u00e1n\u00ed belgick\u00e9ho cyklisty Sylvera Maese p\u0159i etap\u011b posledn\u00edho p\u0159edv\u00e1le\u010dn\u00e9ho ro\u010dn\u00edku Tour de France 1939. Foto: profimedia<\/em><\/figcaption><\/figure>\n<p>P\u0159esto\u017ee ve sv\u011bt\u011b pl\u00e1pol\u00e1 ohe\u0148 v\u00e1lky, z cyklistick\u00e9ho pohledu se zd\u00e1 b\u00fdt v\u0161echno v po\u0159\u00e1dku. Tedy aspo\u0148 pokud jde o z\u00e1vod\u011bn\u00ed na velodromech v zim\u011b. Velk\u00e9 pot\u00ed\u017ee ale vytanou, jakmile se m\u00e1 zjara nastartovat silni\u010d\u00e1\u0159sk\u00e1 sezona. Pa\u0159\u00ed\u017e-Roubaix, jej\u00ed\u017e trasu vojensk\u00e9 \u00fa\u0159ady nejd\u0159\u00edve schv\u00e1l\u00ed, se mus\u00ed prom\u011bnit v Roubaix-Pa\u0159\u00ed\u017e a nakonec je z\u00e1vod zachr\u00e1n\u011bn aspo\u0148 na trase Le Mans-Pa\u0159\u00ed\u017e. Mraky se stahuj\u00ed nad etapami Pa\u0159\u00ed\u017e-Nice, zat\u00edmco italsk\u00e9 Giro se je\u0161t\u011b uskute\u010dn\u00ed v pln\u00e9m rozsahu. Bude ale posledn\u00edm na dal\u0161\u00edch \u0161est let.<\/p>\n<div class=\"shortcode-ys-post-pinup\"><article class=\"loop-simple post-9386 post type-post status-publish format-standard has-post-thumbnail hentry category-welovecycling-com-cs-tdf category-https-www-welovecycling-com-cs-category-zabava tag-col-du-tourmalet tag-cyklistika tag-tour-de-france tag-tourmalet global-categories-cycling\" data-postid=\"9386\" role=\"article\" data-post-id=\"9386\" data-word-count=\"509\" data-headline-length=\"52\" data-category=\"TdF\" data-global-category=\"Cycling\" data-author=\"Adam Bouda\" data-published=\"2020-08-29T08:00:06+02:00\" data-published-day=\"Saturday\">\n    <div class=\"entry-thumbnail article-thumbnail\" content=\"https:\/\/d2p6e6u75xmxt8.cloudfront.net\/13\/2020\/08\/WLC-TOURMALET-20190720TDF2027-A.S.O._Thomas_MAHEUX-150x150.webp\"><a href=\"https:\/\/www.welovecycling.com\/cs\/2020\/08\/29\/retro-tour-de-france-kdyz-se-peloton-vyda-k-nebi-1910\/\" class=\"image-holder\" target=\"_self\"><img decoding=\"async\" loading=\"lazy\" class=\"\" src=\"https:\/\/d2p6e6u75xmxt8.cloudfront.net\/13\/2020\/08\/WLC-TOURMALET-20190720TDF2027-A.S.O._Thomas_MAHEUX.webp\" srcset=\"https:\/\/d2p6e6u75xmxt8.cloudfront.net\/13\/2020\/08\/WLC-TOURMALET-20190720TDF2027-A.S.O._Thomas_MAHEUX.webp 1000w, https:\/\/d2p6e6u75xmxt8.cloudfront.net\/13\/2020\/08\/WLC-TOURMALET-20190720TDF2027-A.S.O._Thomas_MAHEUX-300x200.webp 300w, https:\/\/d2p6e6u75xmxt8.cloudfront.net\/13\/2020\/08\/WLC-TOURMALET-20190720TDF2027-A.S.O._Thomas_MAHEUX-768x512.webp 768w, https:\/\/d2p6e6u75xmxt8.cloudfront.net\/13\/2020\/08\/WLC-TOURMALET-20190720TDF2027-A.S.O._Thomas_MAHEUX-272x182.webp 272w\" width=\"1000\" height=\"667\" sizes=\"auto, (min-width: 1200px) 300px, (min-width: 768px) 25vw, 100vw\" alt=\"retro-tour-de-france-kdyz-se-peloton-vyda-k-nebi-1910\"\/><\/a><\/div>    <div class=\"entry-meta\">\n        <a class=\"label label-secondary post-category\" href=\"https:\/\/www.welovecycling.com\/cs\/category\/welovecycling-com-cs-tdf\/\" title=\"TdF\">TdF<\/a>\n    <\/div>\n    <div class=\"entry-details\">\n        <a href=\"https:\/\/www.welovecycling.com\/cs\/2020\/08\/29\/retro-tour-de-france-kdyz-se-peloton-vyda-k-nebi-1910\/\" class='entry-title-wrapper'>\n            <h3 class=\"entry-title\"><span>Tour de France: kdy\u017e se peloton vyd\u00e1 k nebi (1910)<\/span><\/h3>\n        <\/a>\n    <\/div>\n    <\/article>\n<\/div>\n<p>A tehdy Desgrange nap\u00ed\u0161e dal\u0161\u00ed ze sv\u00fdch koment\u00e1\u0159\u016f s velmi pesimistick\u00fdm t\u00f3nem, v n\u011bm\u017e za\u010d\u00edn\u00e1 zpochyb\u0148ovat budoucnost Tour de France 1940. A zakon\u010d\u00ed ho slovy: \u201eMo\u017en\u00e1 \u010dek\u00e1te, \u017ee te\u010f ozn\u00e1m\u00edm zru\u0161en\u00ed ro\u010dn\u00edku 1940. Zat\u00edm ne, zat\u00edm st\u00e1le \u017eiv\u00edm nad\u011bji, \u017ee zv\u00edt\u011bz\u00edme nad v\u0161emi t\u011b\u017ekostmi. Je\u0161t\u011b se o to chceme pokusit.\u201c<\/p>\n<h2><strong>Kdyby Evropa \u017eila v m\u00edru&#8230;<\/strong><\/h2>\n<p>Desgrangeova v\u00edra v\u0161ak nem\u00e1 dlouh\u00e9ho trv\u00e1n\u00ed, proto\u017ee o \u010dty\u0159i dny pozd\u011bji se na prvn\u00ed stran\u011b novin objev\u00ed toto ozn\u00e1men\u00ed: \u201eTour de France organizovan\u00e1 od roku 1903 se tento rok neuskute\u010dn\u00ed. Bude odlo\u017eena na rok 1941.\u201c<\/p>\n<figure id=\"attachment_9572\" aria-describedby=\"caption-attachment-9572\" style=\"width: 1800px\" class=\"wp-caption alignnone\"><a href=\"https:\/\/d2p6e6u75xmxt8.cloudfront.net\/13\/2020\/09\/WLC-TOUR-1947-profimedia-0309688274.jpg\"><img loading=\"lazy\" decoding=\"async\" class=\"size-full wp-image-9572\" src=\"https:\/\/d2p6e6u75xmxt8.cloudfront.net\/13\/2020\/09\/WLC-TOUR-1947-profimedia-0309688274.jpg\" alt=\"Ferdinant Kubler nad hlavami fanou\u0161k\u016f po v\u00edt\u011bzstv\u00ed v prvn\u00ed pov\u00e1le\u010dn\u00e9 etap\u011b Tour de France v roce 1947. Foto: profimedia\" width=\"1800\" height=\"1294\" \/><\/a><figcaption id=\"caption-attachment-9572\" class=\"wp-caption-text\">Ferdinant Kubler nad hlavami fanou\u0161k\u016f po v\u00edt\u011bzstv\u00ed v prvn\u00ed pov\u00e1le\u010dn\u00e9 etap\u011b Tour de France v roce 1947. Foto: profimedia<\/figcaption><\/figure>\n<p>Enkl\u00e1va Francouz\u016f v lond\u00fdnsk\u00e9m exilu se rozhodne chovat, jako by se nic ned\u011blo, a skrze BBC ka\u017ed\u00fd den vys\u00edl\u00e1 p\u016flhodinov\u00fd po\u0159ad Ici La France \u2013 Tady Francie, j\u00edm\u017e chce sv\u00fdm spoluob\u010dan\u016fm v nacistick\u00e9m zajet\u00ed dodat nad\u011bji. Anonymn\u00ed koment\u00e1tor si 11. \u010dervence zvol\u00ed za sv\u00e9 t\u00e9ma sport a z Lond\u00fdna ohl\u00e1s\u00ed: \u201eDnes, kdyby pan Hitler souhlasil, aby Evropa \u017eila v m\u00edru, by radostn\u011b odstartovala 34. Tour de France.\u201c<\/p>\n<div class=\"shortcode-ys-post-pinup\"><article class=\"loop-simple post-9223 post type-post status-publish format-standard has-post-thumbnail hentry category-bezpecnost category-rady-tipy tag-bezpecnost tag-cyklisticke-prilby tag-cyklistika tag-jak-vybrat-cyklistickou-prilbu tag-trenink global-categories-cycling\" data-postid=\"9223\" role=\"article\" data-post-id=\"9223\" data-word-count=\"464\" data-headline-length=\"32\" data-category=\"Bezpe\u010dnost\" data-global-category=\"Cycling\" data-author=\"Radek Malina\" data-published=\"2020-08-25T14:00:05+02:00\" data-published-day=\"Tuesday\">\n    <div class=\"entry-thumbnail article-thumbnail\" content=\"https:\/\/d2p6e6u75xmxt8.cloudfront.net\/13\/2020\/08\/WLC-p\u0159ilby-150x150.webp\"><a href=\"https:\/\/www.welovecycling.com\/cs\/2020\/08\/25\/jak-vybrat-cyklistickou-prilbu\/\" class=\"image-holder\" target=\"_self\"><img decoding=\"async\" loading=\"lazy\" class=\"\" src=\"https:\/\/d2p6e6u75xmxt8.cloudfront.net\/13\/2020\/08\/WLC-p\u0159ilby-1024x683.webp\" srcset=\"https:\/\/d2p6e6u75xmxt8.cloudfront.net\/13\/2020\/08\/WLC-p\u0159ilby.webp 1600w, https:\/\/d2p6e6u75xmxt8.cloudfront.net\/13\/2020\/08\/WLC-p\u0159ilby-300x200.webp 300w, https:\/\/d2p6e6u75xmxt8.cloudfront.net\/13\/2020\/08\/WLC-p\u0159ilby-1024x683.webp 1024w, https:\/\/d2p6e6u75xmxt8.cloudfront.net\/13\/2020\/08\/WLC-p\u0159ilby-768x512.webp 768w, https:\/\/d2p6e6u75xmxt8.cloudfront.net\/13\/2020\/08\/WLC-p\u0159ilby-1536x1024.webp 1536w, https:\/\/d2p6e6u75xmxt8.cloudfront.net\/13\/2020\/08\/WLC-p\u0159ilby-272x182.webp 272w\" width=\"1024\" height=\"683\" sizes=\"auto, (min-width: 1200px) 300px, (min-width: 768px) 25vw, 100vw\" alt=\"jak-vybrat-cyklistickou-prilbu\"\/><\/a><\/div>    <div class=\"entry-meta\">\n        <a class=\"label label-secondary post-category\" href=\"https:\/\/www.welovecycling.com\/cs\/category\/bezpecnost\/\" title=\"Bezpe\u010dnost\">Bezpe\u010dnost<\/a>\n    <\/div>\n    <div class=\"entry-details\">\n        <a href=\"https:\/\/www.welovecycling.com\/cs\/2020\/08\/25\/jak-vybrat-cyklistickou-prilbu\/\" class='entry-title-wrapper'>\n            <h3 class=\"entry-title\"><span>Jak vybrat cyklistickou p\u0159ilbu?<\/span><\/h3>\n        <\/a>\n    <\/div>\n    <\/article>\n<\/div>\n<p>Po\u0159\u00e1daj\u00ed se sice z\u00e1vody jako Circuit de France a Grand Prix du Tour de France, ale \u0159editel d\u00e1v\u00e1 jasn\u011b najevo, \u017ee to nen\u00ed ani chab\u00e1 n\u00e1hra\u017eka Tour de France. Ta dal\u0161\u00ed se pojede a\u017e sedm let pot\u00e9, jako prvn\u00edm m\u00edrov\u00fd ro\u010dn\u00edk nov\u00e9 \u00e9ry v roce 1947.<\/p>\n","protected":false},"excerpt":{"rendered":"<p>Pokud koronavirus letos d\u00e1, z\u016fstane Tour de France 1940 jedinou, kter\u00e1 kdy byla zru\u0161ena. P\u0159i pohledu na datum mus\u00ed b\u00fdt [&hellip;]<\/p>\n","protected":false},"author":122,"featured_media":9573,"comment_status":"open","ping_status":"open","sticky":false,"template":"","format":"standard","meta":{"footnotes":""},"categories":[243],"tags":[126,1112,9,23,1111],"global-categories":[411],"class_list":["post-9569","post","type-post","status-publish","format-standard","has-post-thumbnail","hentry","category-welovecycling-com-cs-tdf","tag-cyklistika","tag-henri-desgrange","tag-silnicni-cyklistika","tag-tour-de-france","tag-tour-de-france-1940","global-categories-cycling"],"yoast_head":"<!-- This site is optimized with the Yoast SEO Premium plugin v25.3 (Yoast SEO v25.9) - https:\/\/yoast.com\/wordpress\/plugins\/seo\/ -->\n<title>Tour de France: rok, kdy zv\u00edt\u011bzila v\u00e1lka (1940) | \u0160koda We Love Cycling - \u010cesk\u00e1 republika<\/title>\n<meta name=\"robots\" content=\"index, follow, max-snippet:-1, max-image-preview:large, max-video-preview:-1\" \/>\n<link rel=\"canonical\" href=\"https:\/\/www.welovecycling.com\/cs\/2020\/09\/06\/retro-tour-de-france-rok-kdy-zvitezila-valka-1940\/\" \/>\n<meta property=\"og:locale\" content=\"cs_CZ\" \/>\n<meta property=\"og:type\" content=\"article\" \/>\n<meta property=\"og:title\" content=\"Tour de France: rok, kdy zv\u00edt\u011bzila v\u00e1lka (1940)\" \/>\n<meta property=\"og:description\" content=\"Pokud koronavirus letos d\u00e1, z\u016fstane Tour de France 1940 jedinou, kter\u00e1 kdy byla zru\u0161ena. P\u0159i pohledu na datum mus\u00ed b\u00fdt [&hellip;]\" \/>\n<meta property=\"og:url\" content=\"https:\/\/www.welovecycling.com\/cs\/2020\/09\/06\/retro-tour-de-france-rok-kdy-zvitezila-valka-1940\/\" \/>\n<meta property=\"og:site_name\" content=\"\u0160koda We Love Cycling - \u010cesk\u00e1 republika\" \/>\n<meta property=\"article:published_time\" content=\"2020-09-06T06:00:09+00:00\" \/>\n<meta property=\"article:modified_time\" content=\"2020-09-10T18:21:11+00:00\" \/>\n<meta property=\"og:image\" content=\"https:\/\/d2p6e6u75xmxt8.cloudfront.net\/13\/2020\/09\/WLC-desgrange-maes-profimedia-0067998948.webp\" \/>\n\t<meta property=\"og:image:width\" content=\"1800\" \/>\n\t<meta property=\"og:image:height\" content=\"1247\" \/>\n\t<meta property=\"og:image:type\" content=\"image\/webp\" \/>\n<meta name=\"twitter:card\" content=\"summary_large_image\" \/>\n<meta name=\"twitter:label1\" content=\"Written by\" \/>\n\t<meta name=\"twitter:data1\" content=\"Radek Malina\" \/>\n\t<meta name=\"twitter:label2\" content=\"Est. reading time\" \/>\n\t<meta name=\"twitter:data2\" content=\"6\" \/>\n<script type=\"application\/ld+json\" class=\"yoast-schema-graph\">{\"@context\":\"https:\/\/schema.org\",\"@graph\":[{\"@type\":\"WebPage\",\"@id\":\"https:\/\/www.welovecycling.com\/cs\/2020\/09\/06\/retro-tour-de-france-rok-kdy-zvitezila-valka-1940\/\",\"url\":\"https:\/\/www.welovecycling.com\/cs\/2020\/09\/06\/retro-tour-de-france-rok-kdy-zvitezila-valka-1940\/\",\"name\":\"Tour de France: rok, kdy zv\u00edt\u011bzila v\u00e1lka (1940) | \u0160koda We Love Cycling - \u010cesk\u00e1 republika\",\"isPartOf\":{\"@id\":\"https:\/\/www.welovecycling.com\/cs\/#website\"},\"primaryImageOfPage\":{\"@id\":\"https:\/\/www.welovecycling.com\/cs\/2020\/09\/06\/retro-tour-de-france-rok-kdy-zvitezila-valka-1940\/#primaryimage\"},\"image\":{\"@id\":\"https:\/\/www.welovecycling.com\/cs\/2020\/09\/06\/retro-tour-de-france-rok-kdy-zvitezila-valka-1940\/#primaryimage\"},\"thumbnailUrl\":\"https:\/\/d2p6e6u75xmxt8.cloudfront.net\/13\/2020\/09\/WLC-desgrange-maes-profimedia-0067998948.webp\",\"datePublished\":\"2020-09-06T06:00:09+00:00\",\"dateModified\":\"2020-09-10T18:21:11+00:00\",\"author\":{\"@id\":\"\"},\"inLanguage\":\"cs\",\"potentialAction\":[{\"@type\":\"ReadAction\",\"target\":[\"https:\/\/www.welovecycling.com\/cs\/2020\/09\/06\/retro-tour-de-france-rok-kdy-zvitezila-valka-1940\/\"]}]},{\"@type\":\"ImageObject\",\"inLanguage\":\"cs\",\"@id\":\"https:\/\/www.welovecycling.com\/cs\/2020\/09\/06\/retro-tour-de-france-rok-kdy-zvitezila-valka-1940\/#primaryimage\",\"url\":\"https:\/\/d2p6e6u75xmxt8.cloudfront.net\/13\/2020\/09\/WLC-desgrange-maes-profimedia-0067998948.webp\",\"contentUrl\":\"https:\/\/d2p6e6u75xmxt8.cloudfront.net\/13\/2020\/09\/WLC-desgrange-maes-profimedia-0067998948.webp\",\"width\":1800,\"height\":1247,\"caption\":\"Henri Desgrange, \u0159editel Tour de France, sleduje opravu kola v pod\u00e1n\u00ed belgick\u00e9ho cyklisty Sylvera Maese p\u0159i etap\u011b posledn\u00edho p\u0159edv\u00e1le\u010dn\u00e9ho ro\u010dn\u00edku Tour de France 1939. Foto: profimedia\"},{\"@type\":\"WebSite\",\"@id\":\"https:\/\/www.welovecycling.com\/cs\/#website\",\"url\":\"https:\/\/www.welovecycling.com\/cs\/\",\"name\":\"\u0160koda We Love Cycling - \u010cesk\u00e1 republika\",\"description\":\"WeLoveCycling.cz je online magaz\u00edn, kter\u00fd v\u00e1m pravideln\u011b p\u0159in\u00e1\u0161\u00ed rady a tipy, zaj\u00edmav\u00e9 \u010dl\u00e1nky, videa a jedine\u010dn\u00e9 report\u00e1\u017ee ze sv\u011bta cyklistiky.\",\"potentialAction\":[{\"@type\":\"SearchAction\",\"target\":{\"@type\":\"EntryPoint\",\"urlTemplate\":\"https:\/\/www.welovecycling.com\/cs\/?s={search_term_string}\"},\"query-input\":{\"@type\":\"PropertyValueSpecification\",\"valueRequired\":true,\"valueName\":\"search_term_string\"}}],\"inLanguage\":\"cs\"},{\"@type\":\"Person\",\"@id\":\"\",\"url\":\"https:\/\/www.welovecycling.com\/cs\/author\/\"}]}<\/script>\n<!-- \/ Yoast SEO Premium plugin. -->","yoast_head_json":{"title":"Tour de France: rok, kdy zv\u00edt\u011bzila v\u00e1lka (1940) | \u0160koda We Love Cycling - \u010cesk\u00e1 republika","robots":{"index":"index","follow":"follow","max-snippet":"max-snippet:-1","max-image-preview":"max-image-preview:large","max-video-preview":"max-video-preview:-1"},"canonical":"https:\/\/www.welovecycling.com\/cs\/2020\/09\/06\/retro-tour-de-france-rok-kdy-zvitezila-valka-1940\/","og_locale":"cs_CZ","og_type":"article","og_title":"Tour de France: rok, kdy zv\u00edt\u011bzila v\u00e1lka (1940)","og_description":"Pokud koronavirus letos d\u00e1, z\u016fstane Tour de France 1940 jedinou, kter\u00e1 kdy byla zru\u0161ena. P\u0159i pohledu na datum mus\u00ed b\u00fdt [&hellip;]","og_url":"https:\/\/www.welovecycling.com\/cs\/2020\/09\/06\/retro-tour-de-france-rok-kdy-zvitezila-valka-1940\/","og_site_name":"\u0160koda We Love Cycling - \u010cesk\u00e1 republika","article_published_time":"2020-09-06T06:00:09+00:00","article_modified_time":"2020-09-10T18:21:11+00:00","og_image":[{"width":1800,"height":1247,"url":"https:\/\/d2p6e6u75xmxt8.cloudfront.net\/13\/2020\/09\/WLC-desgrange-maes-profimedia-0067998948.webp","type":"image\/webp"}],"twitter_card":"summary_large_image","twitter_misc":{"Written by":"Radek Malina","Est. reading time":"6"},"schema":{"@context":"https:\/\/schema.org","@graph":[{"@type":"WebPage","@id":"https:\/\/www.welovecycling.com\/cs\/2020\/09\/06\/retro-tour-de-france-rok-kdy-zvitezila-valka-1940\/","url":"https:\/\/www.welovecycling.com\/cs\/2020\/09\/06\/retro-tour-de-france-rok-kdy-zvitezila-valka-1940\/","name":"Tour de France: rok, kdy zv\u00edt\u011bzila v\u00e1lka (1940) | \u0160koda We Love Cycling - \u010cesk\u00e1 republika","isPartOf":{"@id":"https:\/\/www.welovecycling.com\/cs\/#website"},"primaryImageOfPage":{"@id":"https:\/\/www.welovecycling.com\/cs\/2020\/09\/06\/retro-tour-de-france-rok-kdy-zvitezila-valka-1940\/#primaryimage"},"image":{"@id":"https:\/\/www.welovecycling.com\/cs\/2020\/09\/06\/retro-tour-de-france-rok-kdy-zvitezila-valka-1940\/#primaryimage"},"thumbnailUrl":"https:\/\/d2p6e6u75xmxt8.cloudfront.net\/13\/2020\/09\/WLC-desgrange-maes-profimedia-0067998948.webp","datePublished":"2020-09-06T06:00:09+00:00","dateModified":"2020-09-10T18:21:11+00:00","author":{"@id":""},"inLanguage":"cs","potentialAction":[{"@type":"ReadAction","target":["https:\/\/www.welovecycling.com\/cs\/2020\/09\/06\/retro-tour-de-france-rok-kdy-zvitezila-valka-1940\/"]}]},{"@type":"ImageObject","inLanguage":"cs","@id":"https:\/\/www.welovecycling.com\/cs\/2020\/09\/06\/retro-tour-de-france-rok-kdy-zvitezila-valka-1940\/#primaryimage","url":"https:\/\/d2p6e6u75xmxt8.cloudfront.net\/13\/2020\/09\/WLC-desgrange-maes-profimedia-0067998948.webp","contentUrl":"https:\/\/d2p6e6u75xmxt8.cloudfront.net\/13\/2020\/09\/WLC-desgrange-maes-profimedia-0067998948.webp","width":1800,"height":1247,"caption":"Henri Desgrange, \u0159editel Tour de France, sleduje opravu kola v pod\u00e1n\u00ed belgick\u00e9ho cyklisty Sylvera Maese p\u0159i etap\u011b posledn\u00edho p\u0159edv\u00e1le\u010dn\u00e9ho ro\u010dn\u00edku Tour de France 1939. Foto: profimedia"},{"@type":"WebSite","@id":"https:\/\/www.welovecycling.com\/cs\/#website","url":"https:\/\/www.welovecycling.com\/cs\/","name":"\u0160koda We Love Cycling - \u010cesk\u00e1 republika","description":"WeLoveCycling.cz je online magaz\u00edn, kter\u00fd v\u00e1m pravideln\u011b p\u0159in\u00e1\u0161\u00ed rady a tipy, zaj\u00edmav\u00e9 \u010dl\u00e1nky, videa a jedine\u010dn\u00e9 report\u00e1\u017ee ze sv\u011bta cyklistiky.","potentialAction":[{"@type":"SearchAction","target":{"@type":"EntryPoint","urlTemplate":"https:\/\/www.welovecycling.com\/cs\/?s={search_term_string}"},"query-input":{"@type":"PropertyValueSpecification","valueRequired":true,"valueName":"search_term_string"}}],"inLanguage":"cs"},{"@type":"Person","@id":"","url":"https:\/\/www.welovecycling.com\/cs\/author\/"}]}},"_links":{"self":[{"href":"https:\/\/www.welovecycling.com\/cs\/wp-json\/wp\/v2\/posts\/9569","targetHints":{"allow":["GET"]}}],"collection":[{"href":"https:\/\/www.welovecycling.com\/cs\/wp-json\/wp\/v2\/posts"}],"about":[{"href":"https:\/\/www.welovecycling.com\/cs\/wp-json\/wp\/v2\/types\/post"}],"author":[{"embeddable":true,"href":"https:\/\/www.welovecycling.com\/cs\/wp-json\/wp\/v2\/users\/122"}],"replies":[{"embeddable":true,"href":"https:\/\/www.welovecycling.com\/cs\/wp-json\/wp\/v2\/comments?post=9569"}],"version-history":[{"count":2,"href":"https:\/\/www.welovecycling.com\/cs\/wp-json\/wp\/v2\/posts\/9569\/revisions"}],"predecessor-version":[{"id":9677,"href":"https:\/\/www.welovecycling.com\/cs\/wp-json\/wp\/v2\/posts\/9569\/revisions\/9677"}],"wp:featuredmedia":[{"embeddable":true,"href":"https:\/\/www.welovecycling.com\/cs\/wp-json\/wp\/v2\/media\/9573"}],"wp:attachment":[{"href":"https:\/\/www.welovecycling.com\/cs\/wp-json\/wp\/v2\/media?parent=9569"}],"wp:term":[{"taxonomy":"category","embeddable":true,"href":"https:\/\/www.welovecycling.com\/cs\/wp-json\/wp\/v2\/categories?post=9569"},{"taxonomy":"post_tag","embeddable":true,"href":"https:\/\/www.welovecycling.com\/cs\/wp-json\/wp\/v2\/tags?post=9569"},{"taxonomy":"global-categories","embeddable":true,"href":"https:\/\/www.welovecycling.com\/cs\/wp-json\/wp\/v2\/global-categories?post=9569"}],"curies":[{"name":"wp","href":"https:\/\/api.w.org\/{rel}","templated":true}]}}