{"id":9486,"date":"2020-08-30T08:00:00","date_gmt":"2020-08-30T06:00:00","guid":{"rendered":"https:\/\/www.welovecycling.com\/cs\/?p=9486"},"modified":"2020-09-01T21:31:45","modified_gmt":"2020-09-01T19:31:45","slug":"ceska-stopa-na-tour-de-france-trinact-jmen-kreuziger-slavi-desaty-start","status":"publish","type":"post","link":"https:\/\/www.welovecycling.com\/cs\/2020\/08\/30\/ceska-stopa-na-tour-de-france-trinact-jmen-kreuziger-slavi-desaty-start\/","title":{"rendered":"\u010cesk\u00e1 stopa na Tour de France: t\u0159in\u00e1ct jmen, Kreuziger slav\u00ed des\u00e1t\u00fd start"},"content":{"rendered":"<p><strong>T\u0159in\u00e1ct \u010desk\u00fdch jmen se objevilo na startovn\u00ed listin\u011b n\u011bkter\u00e9ho ze sto sedmi ro\u010dn\u00edk\u016f Tour de France, nejslavn\u011bj\u0161\u00edho cyklistick\u00e9ho etapov\u00e9ho z\u00e1vodu sv\u011bta. Jako prvn\u00ed se na Star\u00e9 d\u00e1m\u011b, jak je z\u00e1vodu p\u0159ezd\u00edv\u00e1no, p\u0159edstavil Kv\u011btoslav Palov v roce 1987. Jako dosud posledn\u00ed si premi\u00e9rov\u00fd start p\u0159ipsal v sobotu v Nice Jan Hirt. Jak\u00e1 je bilance borc\u016f pod \u010deskou vlajkou?<\/strong><\/p>\n<p><strong>Roman Kreuziger<\/strong> z\u00a0t\u00fdmu NTT Pro Cycling je z\u00a0pohledu start\u016f na Tour de France nej\u00fasp\u011b\u0161n\u011bj\u0161\u00edm \u010desk\u00fdm z\u00e1vodn\u00edkem. V\u00a0sobotu se postavil u\u017e na start des\u00e1t\u00e9 Tour. V\u0161echny p\u0159edchoz\u00ed dokon\u010dil.<\/p>\n<p>\u201eJe to specifick\u00fd z\u00e1vod, kter\u00fd n\u011bkdy milujete a jindy nen\u00e1vid\u00edte. Ale kdy\u017e p\u0159ij\u00ed\u017ed\u00edte v Pa\u0159\u00ed\u017ei do c\u00edle, tak si to v\u017edy u\u017e\u00edv\u00e1te,\u201c \u0159ekl Kreuziger, jeho\u017e maximem je p\u00e1t\u00e9 m\u00edsto z roku 2013, do elitn\u00ed des\u00edtky se dostal je\u0161t\u011b t\u0159ikr\u00e1t &#8211; v letech 2009 a 2010 skon\u010dil osm\u00fd a v roce 2016 des\u00e1t\u00fd.<\/p>\n<figure id=\"attachment_9488\" aria-describedby=\"caption-attachment-9488\" style=\"width: 1280px\" class=\"wp-caption alignnone\"><a href=\"https:\/\/d2p6e6u75xmxt8.cloudfront.net\/13\/2020\/08\/Roman-Kreuziger-SaudiTour_GettySport6.jpg\"><img loading=\"lazy\" decoding=\"async\" class=\"size-full wp-image-9488\" src=\"https:\/\/d2p6e6u75xmxt8.cloudfront.net\/13\/2020\/08\/Roman-Kreuziger-SaudiTour_GettySport6.jpg\" alt=\"Roman Kreuziger se py\u0161n\u00ed nejlep\u0161\u00edm \u010desk\u00fdm v\u00fdsledkem v historii Tour de France i nejv\u011bt\u0161\u00edm po\u010dtem start\u016f. Foto: Getty Sport\" width=\"1280\" height=\"853\" \/><\/a><figcaption id=\"caption-attachment-9488\" class=\"wp-caption-text\"><em>Roman Kreuziger se py\u0161n\u00ed nejlep\u0161\u00edm \u010desk\u00fdm v\u00fdsledkem v historii Tour de France i nejv\u011bt\u0161\u00edm po\u010dtem start\u016f. Foto: Getty Sport<\/em><\/figcaption><\/figure>\n<p>Tour absolvoval v dresech n\u011bkolika t\u00fdm\u016f: Liquigasu (3x), Astany (1x), Tinkoff-Saxo (3x), Orica-Scott (1x) a minul\u00fd rok v barv\u00e1ch st\u00e1je Dimension Data, kter\u00e1 pro leto\u0161n\u00ed sezonu zm\u011bnila n\u00e1zev na NTT Pro Cycling.<\/p>\n<p>Zat\u00edmco v\u011bt\u0161inou jezdil na Tour bojovat o celkov\u00e9 po\u0159ad\u00ed, letos by r\u00e1d zkusil vybojovat d\u00edl\u010d\u00ed \u00fasp\u011bch v n\u011bkter\u00e9 z etap. Ostatn\u011b jako cel\u00fd t\u00fdm NTT. \u201eNa\u0161e sestava je hodn\u011b pestr\u00e1, m\u00e1me lidi na nejr\u016fzn\u011bj\u0161\u00ed typy etap. V hromadn\u00fdch dojezdech spol\u00e9h\u00e1me hlavn\u011b na \u010derstv\u00e9ho italsk\u00e9ho mistra a evropsk\u00e9ho \u0161ampi\u00f3na Nizzola. V kopc\u00edch by mohl z\u016fst\u00e1vat Pozzovivo, co\u017e je \u010dist\u00fd vrcha\u0159, mal\u00fd a lehk\u00fd z\u00e1vodn\u00edk. A m\u00e1me i kluky na zvln\u011bn\u00e9 etapy,\u201c odhadoval Kreuziger.<\/p>\n<div class=\"shortcode-ys-post-pinup\"><article class=\"loop-simple post-9283 post type-post status-publish format-standard has-post-thumbnail hentry category-rady-tipy tag-cyklistika tag-horska-cyklistika tag-kazeta-1x11 tag-kazeta-1x12 tag-prevodnik tag-trenink global-categories-cycling\" data-postid=\"9283\" role=\"article\" data-post-id=\"9283\" data-word-count=\"472\" data-headline-length=\"32\" data-category=\"Rady &amp; tipy\" data-global-category=\"Cycling\" data-author=\"Kry\u0161tof Kopic\" data-published=\"2020-08-23T09:00:15+02:00\" data-published-day=\"Sunday\">\n    <div class=\"entry-thumbnail article-thumbnail\" content=\"https:\/\/d2p6e6u75xmxt8.cloudfront.net\/13\/2020\/08\/WLC-p\u0159ehazova\u010dka-kazeta-2-150x150.webp\"><a href=\"https:\/\/www.welovecycling.com\/cs\/2020\/08\/23\/kdyz-prevody-na-kole-nestaci\/\" class=\"image-holder\" target=\"_self\"><img decoding=\"async\" loading=\"lazy\" class=\"\" src=\"https:\/\/d2p6e6u75xmxt8.cloudfront.net\/13\/2020\/08\/WLC-p\u0159ehazova\u010dka-kazeta-2-1024x683.webp\" srcset=\"https:\/\/d2p6e6u75xmxt8.cloudfront.net\/13\/2020\/08\/WLC-p\u0159ehazova\u010dka-kazeta-2.webp 1600w, https:\/\/d2p6e6u75xmxt8.cloudfront.net\/13\/2020\/08\/WLC-p\u0159ehazova\u010dka-kazeta-2-300x200.webp 300w, https:\/\/d2p6e6u75xmxt8.cloudfront.net\/13\/2020\/08\/WLC-p\u0159ehazova\u010dka-kazeta-2-1024x683.webp 1024w, https:\/\/d2p6e6u75xmxt8.cloudfront.net\/13\/2020\/08\/WLC-p\u0159ehazova\u010dka-kazeta-2-768x512.webp 768w, https:\/\/d2p6e6u75xmxt8.cloudfront.net\/13\/2020\/08\/WLC-p\u0159ehazova\u010dka-kazeta-2-1536x1024.webp 1536w, https:\/\/d2p6e6u75xmxt8.cloudfront.net\/13\/2020\/08\/WLC-p\u0159ehazova\u010dka-kazeta-2-272x182.webp 272w\" width=\"1024\" height=\"683\" sizes=\"auto, (min-width: 1200px) 300px, (min-width: 768px) 25vw, 100vw\" alt=\"kdyz-prevody-na-kole-nestaci\"\/><\/a><\/div>    <div class=\"entry-meta\">\n        <a class=\"label label-secondary post-category\" href=\"https:\/\/www.welovecycling.com\/cs\/category\/rady-tipy\/\" title=\"Rady &amp; tipy\">Rady &amp; tipy<\/a>\n    <\/div>\n    <div class=\"entry-details\">\n        <a href=\"https:\/\/www.welovecycling.com\/cs\/2020\/08\/23\/kdyz-prevody-na-kole-nestaci\/\" class='entry-title-wrapper'>\n            <h3 class=\"entry-title\"><span>Kdy\u017e p\u0159evody na kole nesta\u010d\u00ed<\/span><\/h3>\n        <\/a>\n    <\/div>\n    <\/article>\n<\/div>\n<p>S\u00e1m v\u011b\u0159\u00ed, \u017ee se bude pozvolna rozj\u00ed\u017ed\u011bt. \u201eDlouho jsme kv\u016fli koronaviru nez\u00e1vodili a n\u011bkdo se do kondice dost\u00e1v\u00e1 l\u00edp, jin\u00fd h\u016f\u0159. J\u00e1 jsem p\u0159ece jen u\u017e trochu star\u0161\u00ed a pot\u0159ebuji t\u011bch z\u00e1vodn\u00edch kilometr\u016f v\u00edc. V\u011b\u0159\u00edm, \u017ee se na Tour budu ka\u017ed\u00fdm dnem rozj\u00ed\u017ed\u011bt, v z\u00e1v\u011bru budu schopen b\u00fdt vp\u0159edu a o n\u011bco se pokus\u00edm,\u201c dodal \u010dty\u0159iat\u0159icetilet\u00fd borec.<\/p>\n<h2><strong>Svorada vyhr\u00e1l t\u0159i etapy v\u010detn\u011b spurtu na Champs Elys\u00e9es<\/strong><\/h2>\n<p>Co do po\u010dtu d\u00edl\u010d\u00edch v\u00edt\u011bzstv\u00ed na Tour je nej\u00fasp\u011b\u0161n\u011bj\u0161\u00edm \u010cechem b\u00fdval\u00fd excelentn\u00ed sprinter <strong>J\u00e1n Svorada<\/strong>. Na Tour startoval osmkr\u00e1t (1993, 1994, 1995, 1996, 1998, 1999, 2001, 2002) a vyhr\u00e1l t\u0159i etapy v\u010detn\u011b nesm\u00edrn\u011b presti\u017en\u00edho z\u00e1v\u011bre\u010dn\u00e9ho d\u011bjstv\u00ed v\u00a0Pa\u0159\u00ed\u017ei na Champs Elys\u00e9es v\u00a0roce 2001.<\/p>\n<figure id=\"attachment_6874\" aria-describedby=\"caption-attachment-6874\" style=\"width: 1800px\" class=\"wp-caption alignnone\"><a href=\"https:\/\/d2p6e6u75xmxt8.cloudfront.net\/13\/2020\/04\/svorada-j\u00e1n-civiln\u00ed-profimedia.jpg\"><img loading=\"lazy\" decoding=\"async\" class=\"size-full wp-image-6874\" src=\"https:\/\/d2p6e6u75xmxt8.cloudfront.net\/13\/2020\/04\/svorada-j\u00e1n-civiln\u00ed-profimedia.jpg\" alt=\"J\u00e1n Svorada, v\u00edt\u011bz t\u0159\u00ed etap na Tour de France. Foto: Michal Ber\u00e1nek\/CNC \/Profimedia\" width=\"1800\" height=\"1197\" \/><\/a><figcaption id=\"caption-attachment-6874\" class=\"wp-caption-text\"><em>J\u00e1n Svorada, v\u00edt\u011bz t\u0159\u00ed etap na Tour de France. Foto: Michal Ber\u00e1nek\/CNC \/Profimedia<\/em><\/figcaption><\/figure>\n<p>Stejn\u00fd po\u010det start\u016f jako Svorada m\u00e1 na kont\u011b i <strong>Pavel Padrnos<\/strong>, sv\u00e9ho \u010dasu jeden z nejlep\u0161\u00edch domestik\u016f v profipelotonu. Startoval hned na 18 Grand Tours, z toho osmkr\u00e1t na Tour de France.<\/p>\n<p>Jednu jel v dresu Roslotta, po jedn\u00e9 Tour de France si p\u0159ipsal v dresech Lampre a Saeca a zb\u00fdvaj\u00edc\u00ed v trikotu US Postal resp. Discovery Channel. Padrnos nikdy nebyl z\u00e1vodn\u00edkem, kter\u00fd bojuje o nejvy\u0161\u0161\u00ed p\u0159\u00ed\u010dky, ale zato odv\u00e1d\u011bl neskute\u010dn\u00e9 penzum pr\u00e1ce ve prosp\u011bch l\u00eddr\u016f.<\/p>\n<div class=\"shortcode-ys-post-pinup\"><article class=\"loop-simple post-9386 post type-post status-publish format-standard has-post-thumbnail hentry category-welovecycling-com-cs-tdf category-https-www-welovecycling-com-cs-category-zabava tag-col-du-tourmalet tag-cyklistika tag-tour-de-france tag-tourmalet global-categories-cycling\" data-postid=\"9386\" role=\"article\" data-post-id=\"9386\" data-word-count=\"509\" data-headline-length=\"52\" data-category=\"TdF\" data-global-category=\"Cycling\" data-author=\"Adam Bouda\" data-published=\"2020-08-29T08:00:06+02:00\" data-published-day=\"Saturday\">\n    <div class=\"entry-thumbnail article-thumbnail\" content=\"https:\/\/d2p6e6u75xmxt8.cloudfront.net\/13\/2020\/08\/WLC-TOURMALET-20190720TDF2027-A.S.O._Thomas_MAHEUX-150x150.webp\"><a href=\"https:\/\/www.welovecycling.com\/cs\/2020\/08\/29\/retro-tour-de-france-kdyz-se-peloton-vyda-k-nebi-1910\/\" class=\"image-holder\" target=\"_self\"><img decoding=\"async\" loading=\"lazy\" class=\"\" src=\"https:\/\/d2p6e6u75xmxt8.cloudfront.net\/13\/2020\/08\/WLC-TOURMALET-20190720TDF2027-A.S.O._Thomas_MAHEUX.webp\" srcset=\"https:\/\/d2p6e6u75xmxt8.cloudfront.net\/13\/2020\/08\/WLC-TOURMALET-20190720TDF2027-A.S.O._Thomas_MAHEUX.webp 1000w, https:\/\/d2p6e6u75xmxt8.cloudfront.net\/13\/2020\/08\/WLC-TOURMALET-20190720TDF2027-A.S.O._Thomas_MAHEUX-300x200.webp 300w, https:\/\/d2p6e6u75xmxt8.cloudfront.net\/13\/2020\/08\/WLC-TOURMALET-20190720TDF2027-A.S.O._Thomas_MAHEUX-768x512.webp 768w, https:\/\/d2p6e6u75xmxt8.cloudfront.net\/13\/2020\/08\/WLC-TOURMALET-20190720TDF2027-A.S.O._Thomas_MAHEUX-272x182.webp 272w\" width=\"1000\" height=\"667\" sizes=\"auto, (min-width: 1200px) 300px, (min-width: 768px) 25vw, 100vw\" alt=\"retro-tour-de-france-kdyz-se-peloton-vyda-k-nebi-1910\"\/><\/a><\/div>    <div class=\"entry-meta\">\n        <a class=\"label label-secondary post-category\" href=\"https:\/\/www.welovecycling.com\/cs\/category\/welovecycling-com-cs-tdf\/\" title=\"TdF\">TdF<\/a>\n    <\/div>\n    <div class=\"entry-details\">\n        <a href=\"https:\/\/www.welovecycling.com\/cs\/2020\/08\/29\/retro-tour-de-france-kdyz-se-peloton-vyda-k-nebi-1910\/\" class='entry-title-wrapper'>\n            <h3 class=\"entry-title\"><span>Tour de France: kdy\u017e se peloton vyd\u00e1 k nebi (1910)<\/span><\/h3>\n        <\/a>\n    <\/div>\n    <\/article>\n<\/div>\n<p>Byl jedn\u00edm z kl\u00ed\u010dov\u00fdch mu\u017e\u016f Lance Armstronga p\u0159i jeho v\u00edt\u011bzstv\u00edch na Tour. \u00a0Pracoval hlavn\u011b na rovin\u00e1ch, ale postupem \u010dasu se velmi zlep\u0161oval i v kopc\u00edch.<\/p>\n<h2><strong>Za Padrnosem je s t\u0159emi starty B\u00e1rta<\/strong><\/h2>\n<p>T\u0159i starty na Tour v\u00a0\u0159ad\u011b za sebou (2014-2016) si p\u0159ipsal excelentn\u00ed \u010dasovk\u00e1\u0159 <strong>Jan B\u00e1rta<\/strong>. Bylo to v n\u011bmeck\u00e9m t\u00fdmu Bora, respektive jeho p\u0159edch\u016fdci v podob\u011b formace NetApp.<\/p>\n<p>Nejv\u011bt\u0161\u00ed \u00fasp\u011bch si p\u0159ipsal hned p\u0159i debutu na Tour de France, kdy v p\u0159edposledn\u00ed den z\u00e1vodu skon\u010dil t\u0159et\u00ed v \u010dasovce na 54 kilometr\u016f za Tony Martinem a Tomem Dumoulinem. O rok pozd\u011bji p\u0159ekvapil 25. m\u00edstem v celkov\u00e9 klasifikaci a \u0161est\u00fdm m\u00edstem v kr\u00e1lovsk\u00e9 etap\u011b d\u00edky \u00faniku.<\/p>\n<figure id=\"attachment_9364\" aria-describedby=\"caption-attachment-9364\" style=\"width: 1600px\" class=\"wp-caption alignnone\"><a href=\"https:\/\/d2p6e6u75xmxt8.cloudfront.net\/13\/2020\/08\/B\u00e1rta-IMG-20200820-WA0011.jpg\"><img loading=\"lazy\" decoding=\"async\" class=\"size-full wp-image-9364\" src=\"https:\/\/d2p6e6u75xmxt8.cloudfront.net\/13\/2020\/08\/B\u00e1rta-IMG-20200820-WA0011.jpg\" alt=\"Jan B\u00e1rta se v \u010dasovce na Tour de France zaskv\u011bl t\u0159et\u00ed p\u0159\u00ed\u010dkou. Foto: Jan Brychta\" width=\"1600\" height=\"1063\" \/><\/a><figcaption id=\"caption-attachment-9364\" class=\"wp-caption-text\"><em>Jan B\u00e1rta, nyn\u00ed z\u00e1vodn\u00edk formace Elkov Kasper, se v \u010dasovce na Tour de France 2014 zaskv\u011bl t\u0159et\u00ed p\u0159\u00ed\u010dkou. Foto: Jan Brychta<\/em><\/figcaption><\/figure>\n<p>Dvakr\u00e1t absolvoval Tour De France <strong>Leopold K\u00f6nig<\/strong>, p\u0159i premi\u00e9\u0159e v roce 2014 obsadil velmi dobr\u00e9 sedm\u00e9 m\u00edsto. V tom ro\u010dn\u00edku si p\u0159ipsal p\u011bt d\u00edl\u010d\u00edch um\u00edst\u011bn\u00ed v top 10, nejl\u00e9pe byl t\u0159et\u00ed v horsk\u00e9 etap\u011b do Chamrousse\u00a0 za Nibalim a Majkou. O rok pozd\u011bji byl \u010dlenem t\u00fdmu Sky, jeho\u017e l\u00eddr Chris Froome slavil celkov\u00e9 prvenstv\u00ed.<\/p>\n<h2><strong>\u0160tybar posledn\u00edm \u010desk\u00fdm v\u00edt\u011bzem etapy<\/strong><\/h2>\n<p>Dva starty na Tour m\u00e1 i <strong>Zden\u011bk \u0160tybar<\/strong> (2015 a 2017) a je jedn\u00edm ze dvou \u010cech\u016f, kte\u0159\u00ed na Star\u00e9 d\u00e1m\u011b vyhr\u00e1li etapu. Povedlo se mu to v roce 2015, kdy ovl\u00e1dl dojezd v Le Havru, kdy\u017e n\u00e1stupem v sam\u00e9m z\u00e1v\u011bru zasko\u010dil v\u0161echny sprintery a m\u00edrn\u00fd n\u00e1skok udr\u017eel.<\/p>\n<figure id=\"attachment_9370\" aria-describedby=\"caption-attachment-9370\" style=\"width: 1920px\" class=\"wp-caption alignnone\"><a href=\"https:\/\/d2p6e6u75xmxt8.cloudfront.net\/13\/2020\/08\/tybar-brychta-m\u010dr-scaled.jpg\"><img loading=\"lazy\" decoding=\"async\" class=\"size-extra-large wp-image-9370\" src=\"https:\/\/d2p6e6u75xmxt8.cloudfront.net\/13\/2020\/08\/tybar-brychta-m\u010dr-1920x1278.jpg\" alt=\"Zklaman\u00fd Zden\u011bk \u0160tybar, cyklistika Deceuninck Quick Step, v c\u00edli n\u00e1rodn\u00edho \u0161ampion\u00e1tu v Mlad\u00e9 Boleslavi. Foto: Jan Brychta\" width=\"1920\" height=\"1278\" \/><\/a><figcaption id=\"caption-attachment-9370\" class=\"wp-caption-text\"><em>Zklaman\u00fd Zden\u011bk \u0160tybar, cyklistika t\u00fdmu Deceuninck Quick Step. Foto: Jan Brychta<\/em><\/figcaption><\/figure>\n<p>Letos mohl svou sb\u00edrku start\u016f roz\u0161\u00ed\u0159it na t\u0159i, ale kv\u016fli probl\u00e9m\u016fm s kolenn\u00ed \u0161lachou ho t\u00fdm Deceuninck Quick Step u\u017e z Nice na posledn\u00ed chv\u00edli poslal dom\u016f a v nominaci jej nahradil Cavagna.<\/p>\n<p>Po 1 startu na Tour maj\u00ed <strong>Kv\u011btoslav Palov<\/strong> (1987), <strong>Tom\u00e1\u0161 Kone\u010dn\u00fd<\/strong> (2002), <strong>Ren\u00e9 Andrle<\/strong> (2003<strong>), Jan Hru\u0161ka<\/strong> (2004), <strong>Petr Vako\u010d<\/strong> (2016) a <strong>Ond\u0159ej Cink<\/strong> (2017).<\/p>\n","protected":false},"excerpt":{"rendered":"<p>T\u0159in\u00e1ct \u010desk\u00fdch jmen se objevilo na startovn\u00ed listin\u011b n\u011bkter\u00e9ho ze sto sedmi ro\u010dn\u00edk\u016f Tour de France, nejslavn\u011bj\u0161\u00edho cyklistick\u00e9ho etapov\u00e9ho z\u00e1vodu [&hellip;]<\/p>\n","protected":false},"author":122,"featured_media":9489,"comment_status":"open","ping_status":"open","sticky":false,"template":"","format":"standard","meta":{"footnotes":""},"categories":[243],"tags":[281,303,304,1106,92,23,998,73],"global-categories":[411],"class_list":["post-9486","post","type-post","status-publish","format-standard","has-post-thumbnail","hentry","category-welovecycling-com-cs-tdf","tag-jan-barta","tag-jan-svorada","tag-leopold-konig","tag-pavel-padrnos","tag-roman-kreuziger","tag-tour-de-france","tag-tour-de-france-2020","tag-zdenek-stybar","global-categories-cycling"],"yoast_head":"<!-- This site is optimized with the Yoast SEO Premium plugin v25.3 (Yoast SEO v25.9) - https:\/\/yoast.com\/wordpress\/plugins\/seo\/ -->\n<title>\u010cesk\u00e1 stopa na Tour de France: t\u0159in\u00e1ct jmen, Kreuziger slav\u00ed des\u00e1t\u00fd start | \u0160koda We Love Cycling - \u010cesk\u00e1 republika<\/title>\n<meta name=\"robots\" content=\"index, follow, max-snippet:-1, max-image-preview:large, max-video-preview:-1\" \/>\n<link rel=\"canonical\" href=\"https:\/\/www.welovecycling.com\/cs\/2020\/08\/30\/ceska-stopa-na-tour-de-france-trinact-jmen-kreuziger-slavi-desaty-start\/\" \/>\n<meta property=\"og:locale\" content=\"cs_CZ\" \/>\n<meta property=\"og:type\" content=\"article\" \/>\n<meta property=\"og:title\" content=\"\u010cesk\u00e1 stopa na Tour de France: t\u0159in\u00e1ct jmen, Kreuziger slav\u00ed des\u00e1t\u00fd start\" \/>\n<meta property=\"og:description\" content=\"T\u0159in\u00e1ct \u010desk\u00fdch jmen se objevilo na startovn\u00ed listin\u011b n\u011bkter\u00e9ho ze sto sedmi ro\u010dn\u00edk\u016f Tour de France, nejslavn\u011bj\u0161\u00edho cyklistick\u00e9ho etapov\u00e9ho z\u00e1vodu [&hellip;]\" \/>\n<meta property=\"og:url\" content=\"https:\/\/www.welovecycling.com\/cs\/2020\/08\/30\/ceska-stopa-na-tour-de-france-trinact-jmen-kreuziger-slavi-desaty-start\/\" \/>\n<meta property=\"og:site_name\" content=\"\u0160koda We Love Cycling - \u010cesk\u00e1 republika\" \/>\n<meta property=\"article:published_time\" content=\"2020-08-30T06:00:00+00:00\" \/>\n<meta property=\"article:modified_time\" content=\"2020-09-01T19:31:45+00:00\" \/>\n<meta property=\"og:image\" content=\"https:\/\/d2p6e6u75xmxt8.cloudfront.net\/13\/2020\/08\/roman-Kreuziger1-@damianmurphy28.webp\" \/>\n\t<meta property=\"og:image:width\" content=\"2048\" \/>\n\t<meta property=\"og:image:height\" content=\"1365\" \/>\n\t<meta property=\"og:image:type\" content=\"image\/webp\" \/>\n<meta name=\"twitter:card\" content=\"summary_large_image\" \/>\n<meta name=\"twitter:label1\" content=\"Written by\" \/>\n\t<meta name=\"twitter:data1\" content=\"Adam Bouda\" \/>\n\t<meta name=\"twitter:label2\" content=\"Est. reading time\" \/>\n\t<meta name=\"twitter:data2\" content=\"7\" \/>\n<script type=\"application\/ld+json\" class=\"yoast-schema-graph\">{\"@context\":\"https:\/\/schema.org\",\"@graph\":[{\"@type\":\"WebPage\",\"@id\":\"https:\/\/www.welovecycling.com\/cs\/2020\/08\/30\/ceska-stopa-na-tour-de-france-trinact-jmen-kreuziger-slavi-desaty-start\/\",\"url\":\"https:\/\/www.welovecycling.com\/cs\/2020\/08\/30\/ceska-stopa-na-tour-de-france-trinact-jmen-kreuziger-slavi-desaty-start\/\",\"name\":\"\u010cesk\u00e1 stopa na Tour de France: t\u0159in\u00e1ct jmen, Kreuziger slav\u00ed des\u00e1t\u00fd start | \u0160koda We Love Cycling - \u010cesk\u00e1 republika\",\"isPartOf\":{\"@id\":\"https:\/\/www.welovecycling.com\/cs\/#website\"},\"primaryImageOfPage\":{\"@id\":\"https:\/\/www.welovecycling.com\/cs\/2020\/08\/30\/ceska-stopa-na-tour-de-france-trinact-jmen-kreuziger-slavi-desaty-start\/#primaryimage\"},\"image\":{\"@id\":\"https:\/\/www.welovecycling.com\/cs\/2020\/08\/30\/ceska-stopa-na-tour-de-france-trinact-jmen-kreuziger-slavi-desaty-start\/#primaryimage\"},\"thumbnailUrl\":\"https:\/\/d2p6e6u75xmxt8.cloudfront.net\/13\/2020\/08\/roman-Kreuziger1-@damianmurphy28.webp\",\"datePublished\":\"2020-08-30T06:00:00+00:00\",\"dateModified\":\"2020-09-01T19:31:45+00:00\",\"author\":{\"@id\":\"\"},\"inLanguage\":\"cs\",\"potentialAction\":[{\"@type\":\"ReadAction\",\"target\":[\"https:\/\/www.welovecycling.com\/cs\/2020\/08\/30\/ceska-stopa-na-tour-de-france-trinact-jmen-kreuziger-slavi-desaty-start\/\"]}]},{\"@type\":\"ImageObject\",\"inLanguage\":\"cs\",\"@id\":\"https:\/\/www.welovecycling.com\/cs\/2020\/08\/30\/ceska-stopa-na-tour-de-france-trinact-jmen-kreuziger-slavi-desaty-start\/#primaryimage\",\"url\":\"https:\/\/d2p6e6u75xmxt8.cloudfront.net\/13\/2020\/08\/roman-Kreuziger1-@damianmurphy28.webp\",\"contentUrl\":\"https:\/\/d2p6e6u75xmxt8.cloudfront.net\/13\/2020\/08\/roman-Kreuziger1-@damianmurphy28.webp\",\"width\":2048,\"height\":1365},{\"@type\":\"WebSite\",\"@id\":\"https:\/\/www.welovecycling.com\/cs\/#website\",\"url\":\"https:\/\/www.welovecycling.com\/cs\/\",\"name\":\"\u0160koda We Love Cycling - \u010cesk\u00e1 republika\",\"description\":\"WeLoveCycling.cz je online magaz\u00edn, kter\u00fd v\u00e1m pravideln\u011b p\u0159in\u00e1\u0161\u00ed rady a tipy, zaj\u00edmav\u00e9 \u010dl\u00e1nky, videa a jedine\u010dn\u00e9 report\u00e1\u017ee ze sv\u011bta cyklistiky.\",\"potentialAction\":[{\"@type\":\"SearchAction\",\"target\":{\"@type\":\"EntryPoint\",\"urlTemplate\":\"https:\/\/www.welovecycling.com\/cs\/?s={search_term_string}\"},\"query-input\":{\"@type\":\"PropertyValueSpecification\",\"valueRequired\":true,\"valueName\":\"search_term_string\"}}],\"inLanguage\":\"cs\"},{\"@type\":\"Person\",\"@id\":\"\",\"url\":\"https:\/\/www.welovecycling.com\/cs\/author\/\"}]}<\/script>\n<!-- \/ Yoast SEO Premium plugin. -->","yoast_head_json":{"title":"\u010cesk\u00e1 stopa na Tour de France: t\u0159in\u00e1ct jmen, Kreuziger slav\u00ed des\u00e1t\u00fd start | \u0160koda We Love Cycling - \u010cesk\u00e1 republika","robots":{"index":"index","follow":"follow","max-snippet":"max-snippet:-1","max-image-preview":"max-image-preview:large","max-video-preview":"max-video-preview:-1"},"canonical":"https:\/\/www.welovecycling.com\/cs\/2020\/08\/30\/ceska-stopa-na-tour-de-france-trinact-jmen-kreuziger-slavi-desaty-start\/","og_locale":"cs_CZ","og_type":"article","og_title":"\u010cesk\u00e1 stopa na Tour de France: t\u0159in\u00e1ct jmen, Kreuziger slav\u00ed des\u00e1t\u00fd start","og_description":"T\u0159in\u00e1ct \u010desk\u00fdch jmen se objevilo na startovn\u00ed listin\u011b n\u011bkter\u00e9ho ze sto sedmi ro\u010dn\u00edk\u016f Tour de France, nejslavn\u011bj\u0161\u00edho cyklistick\u00e9ho etapov\u00e9ho z\u00e1vodu [&hellip;]","og_url":"https:\/\/www.welovecycling.com\/cs\/2020\/08\/30\/ceska-stopa-na-tour-de-france-trinact-jmen-kreuziger-slavi-desaty-start\/","og_site_name":"\u0160koda We Love Cycling - \u010cesk\u00e1 republika","article_published_time":"2020-08-30T06:00:00+00:00","article_modified_time":"2020-09-01T19:31:45+00:00","og_image":[{"width":2048,"height":1365,"url":"https:\/\/d2p6e6u75xmxt8.cloudfront.net\/13\/2020\/08\/roman-Kreuziger1-@damianmurphy28.webp","type":"image\/webp"}],"twitter_card":"summary_large_image","twitter_misc":{"Written by":"Adam Bouda","Est. reading time":"7"},"schema":{"@context":"https:\/\/schema.org","@graph":[{"@type":"WebPage","@id":"https:\/\/www.welovecycling.com\/cs\/2020\/08\/30\/ceska-stopa-na-tour-de-france-trinact-jmen-kreuziger-slavi-desaty-start\/","url":"https:\/\/www.welovecycling.com\/cs\/2020\/08\/30\/ceska-stopa-na-tour-de-france-trinact-jmen-kreuziger-slavi-desaty-start\/","name":"\u010cesk\u00e1 stopa na Tour de France: t\u0159in\u00e1ct jmen, Kreuziger slav\u00ed des\u00e1t\u00fd start | \u0160koda We Love Cycling - \u010cesk\u00e1 republika","isPartOf":{"@id":"https:\/\/www.welovecycling.com\/cs\/#website"},"primaryImageOfPage":{"@id":"https:\/\/www.welovecycling.com\/cs\/2020\/08\/30\/ceska-stopa-na-tour-de-france-trinact-jmen-kreuziger-slavi-desaty-start\/#primaryimage"},"image":{"@id":"https:\/\/www.welovecycling.com\/cs\/2020\/08\/30\/ceska-stopa-na-tour-de-france-trinact-jmen-kreuziger-slavi-desaty-start\/#primaryimage"},"thumbnailUrl":"https:\/\/d2p6e6u75xmxt8.cloudfront.net\/13\/2020\/08\/roman-Kreuziger1-@damianmurphy28.webp","datePublished":"2020-08-30T06:00:00+00:00","dateModified":"2020-09-01T19:31:45+00:00","author":{"@id":""},"inLanguage":"cs","potentialAction":[{"@type":"ReadAction","target":["https:\/\/www.welovecycling.com\/cs\/2020\/08\/30\/ceska-stopa-na-tour-de-france-trinact-jmen-kreuziger-slavi-desaty-start\/"]}]},{"@type":"ImageObject","inLanguage":"cs","@id":"https:\/\/www.welovecycling.com\/cs\/2020\/08\/30\/ceska-stopa-na-tour-de-france-trinact-jmen-kreuziger-slavi-desaty-start\/#primaryimage","url":"https:\/\/d2p6e6u75xmxt8.cloudfront.net\/13\/2020\/08\/roman-Kreuziger1-@damianmurphy28.webp","contentUrl":"https:\/\/d2p6e6u75xmxt8.cloudfront.net\/13\/2020\/08\/roman-Kreuziger1-@damianmurphy28.webp","width":2048,"height":1365},{"@type":"WebSite","@id":"https:\/\/www.welovecycling.com\/cs\/#website","url":"https:\/\/www.welovecycling.com\/cs\/","name":"\u0160koda We Love Cycling - \u010cesk\u00e1 republika","description":"WeLoveCycling.cz je online magaz\u00edn, kter\u00fd v\u00e1m pravideln\u011b p\u0159in\u00e1\u0161\u00ed rady a tipy, zaj\u00edmav\u00e9 \u010dl\u00e1nky, videa a jedine\u010dn\u00e9 report\u00e1\u017ee ze sv\u011bta cyklistiky.","potentialAction":[{"@type":"SearchAction","target":{"@type":"EntryPoint","urlTemplate":"https:\/\/www.welovecycling.com\/cs\/?s={search_term_string}"},"query-input":{"@type":"PropertyValueSpecification","valueRequired":true,"valueName":"search_term_string"}}],"inLanguage":"cs"},{"@type":"Person","@id":"","url":"https:\/\/www.welovecycling.com\/cs\/author\/"}]}},"_links":{"self":[{"href":"https:\/\/www.welovecycling.com\/cs\/wp-json\/wp\/v2\/posts\/9486","targetHints":{"allow":["GET"]}}],"collection":[{"href":"https:\/\/www.welovecycling.com\/cs\/wp-json\/wp\/v2\/posts"}],"about":[{"href":"https:\/\/www.welovecycling.com\/cs\/wp-json\/wp\/v2\/types\/post"}],"author":[{"embeddable":true,"href":"https:\/\/www.welovecycling.com\/cs\/wp-json\/wp\/v2\/users\/122"}],"replies":[{"embeddable":true,"href":"https:\/\/www.welovecycling.com\/cs\/wp-json\/wp\/v2\/comments?post=9486"}],"version-history":[{"count":2,"href":"https:\/\/www.welovecycling.com\/cs\/wp-json\/wp\/v2\/posts\/9486\/revisions"}],"predecessor-version":[{"id":9548,"href":"https:\/\/www.welovecycling.com\/cs\/wp-json\/wp\/v2\/posts\/9486\/revisions\/9548"}],"wp:featuredmedia":[{"embeddable":true,"href":"https:\/\/www.welovecycling.com\/cs\/wp-json\/wp\/v2\/media\/9489"}],"wp:attachment":[{"href":"https:\/\/www.welovecycling.com\/cs\/wp-json\/wp\/v2\/media?parent=9486"}],"wp:term":[{"taxonomy":"category","embeddable":true,"href":"https:\/\/www.welovecycling.com\/cs\/wp-json\/wp\/v2\/categories?post=9486"},{"taxonomy":"post_tag","embeddable":true,"href":"https:\/\/www.welovecycling.com\/cs\/wp-json\/wp\/v2\/tags?post=9486"},{"taxonomy":"global-categories","embeddable":true,"href":"https:\/\/www.welovecycling.com\/cs\/wp-json\/wp\/v2\/global-categories?post=9486"}],"curies":[{"name":"wp","href":"https:\/\/api.w.org\/{rel}","templated":true}]}}