{"id":9390,"date":"2020-08-27T10:30:38","date_gmt":"2020-08-27T08:30:38","guid":{"rendered":"https:\/\/www.welovecycling.com\/cs\/?p=9390"},"modified":"2020-08-27T15:38:24","modified_gmt":"2020-08-27T13:38:24","slug":"tour-de-france-2020-kolos-se-rozjizdi-byt-s-radou-obav-a-omezeni","status":"publish","type":"post","link":"https:\/\/www.welovecycling.com\/cs\/2020\/08\/27\/tour-de-france-2020-kolos-se-rozjizdi-byt-s-radou-obav-a-omezeni\/","title":{"rendered":"Tour de France 2020: kolos se rozj\u00ed\u017ed\u00ed, by\u0165 s\u00a0\u0159adou obav a omezen\u00ed"},"content":{"rendered":"<p><strong>Nejv\u011bt\u0161\u00ed sportovn\u00ed ud\u00e1lost roku poznamenan\u00e9ho pandemi\u00ed koronaviru je zde. Tour de France 2020 odstartuje v p\u00e1tek v Nice. V pozd\u011bj\u0161\u00edm term\u00ednu, bez n\u011bkter\u00fdch hv\u011bzd, s po\u010detnou \u010deskou stopou, ale s \u0159adou nejistot. Nikdo nev\u00ed, zda Covid 19 v\u00e1\u017en\u011bji neohroz\u00ed peloton Tour. Organiz\u00e1to\u0159i nejv\u011bt\u0161\u00edho cyklistick\u00e9ho podniku planety museli pro uspo\u0159\u00e1d\u00e1n\u00ed u\u010dinit \u0159adu \u00fastupk\u016f a nezbytn\u00fdch opat\u0159en\u00ed.<\/strong><\/p>\n<p>Nikdy v historii se takov\u00e1 Tour de France nejela. 107. ro\u010dn\u00edk nejslavn\u011bj\u0161\u00edho cyklistick\u00e9ho z\u00e1vodu sice bude m\u00edt stejnou d\u00e9lku 3470 kilometr\u016f, jakou organiz\u00e1to\u0159i ozn\u00e1mili na prezentaci minul\u00fd rok v \u0159\u00edjnu, ale jinak dozn\u00e1 spoustu zm\u011bn.<\/p>\n<div class=\"shortcode-ys-post-pinup\"><article class=\"loop-simple post-7960 post type-post status-publish format-standard has-post-thumbnail hentry category-silnicni-cyklistika category-welovecycling-com-cs-tdf category-https-www-welovecycling-com-cs-category-zabava tag-cyklistika tag-eddy-merckx tag-fausto-coppi tag-gino-bartali tag-silnicni-cyklistika tag-tour-de-france tag-vyziva global-categories-cycling\" data-postid=\"7960\" role=\"article\" data-post-id=\"7960\" data-word-count=\"568\" data-headline-length=\"92\" data-category=\"Silni\u010dn\u00ed cyklistika\" data-global-category=\"Cycling\" data-author=\"Adam Bouda\" data-published=\"2020-06-29T07:00:56+02:00\" data-published-day=\"Monday\">\n    <div class=\"entry-thumbnail article-thumbnail\" content=\"https:\/\/d2p6e6u75xmxt8.cloudfront.net\/13\/2020\/06\/Merckx-profimedia-0068242989-150x150.webp\"><a href=\"https:\/\/www.welovecycling.com\/cs\/2020\/06\/29\/rad-jsem-na-tour-de-france-zakouril-zivotosprava-cyklistickeho-davnoveku\/\" class=\"image-holder\" target=\"_self\"><img decoding=\"async\" loading=\"lazy\" class=\"\" src=\"https:\/\/d2p6e6u75xmxt8.cloudfront.net\/13\/2020\/06\/Merckx-profimedia-0068242989-1024x720.webp\" srcset=\"https:\/\/d2p6e6u75xmxt8.cloudfront.net\/13\/2020\/06\/Merckx-profimedia-0068242989.webp 1800w, https:\/\/d2p6e6u75xmxt8.cloudfront.net\/13\/2020\/06\/Merckx-profimedia-0068242989-300x211.webp 300w, https:\/\/d2p6e6u75xmxt8.cloudfront.net\/13\/2020\/06\/Merckx-profimedia-0068242989-1024x720.webp 1024w, https:\/\/d2p6e6u75xmxt8.cloudfront.net\/13\/2020\/06\/Merckx-profimedia-0068242989-768x540.webp 768w, https:\/\/d2p6e6u75xmxt8.cloudfront.net\/13\/2020\/06\/Merckx-profimedia-0068242989-1536x1079.webp 1536w\" width=\"1024\" height=\"720\" sizes=\"auto, (min-width: 1200px) 300px, (min-width: 768px) 25vw, 100vw\" alt=\"rad-jsem-na-tour-de-france-zakouril-zivotosprava-cyklistickeho-davnoveku\"\/><\/a><\/div>    <div class=\"entry-meta\">\n        <a class=\"label label-secondary post-category\" href=\"https:\/\/www.welovecycling.com\/cs\/category\/silnicni-cyklistika\/\" title=\"Silni\u010dn\u00ed cyklistika\">Silni\u010dn\u00ed cyklistika<\/a>\n    <\/div>\n    <div class=\"entry-details\">\n        <a href=\"https:\/\/www.welovecycling.com\/cs\/2020\/06\/29\/rad-jsem-na-tour-de-france-zakouril-zivotosprava-cyklistickeho-davnoveku\/\" class='entry-title-wrapper'>\n            <h3 class=\"entry-title\"><span>Merckx si na Tour de France r\u00e1d zakou\u0159il. \u017divotospr\u00e1va cyklistick\u00e9ho d\u00e1vnov\u011bku&#8230;<\/span><\/h3>\n        <\/a>\n    <\/div>\n    <\/article>\n<\/div>\n<p>Term\u00edn se oproti klasick\u00e9mu \u010dervencov\u00e9mu posunul kv\u016fli pandemii na konec srpna a prvn\u00ed t\u0159i t\u00fddny v z\u00e1\u0159\u00ed. Ka\u017ed\u00fd, kdo bude sou\u010d\u00e1st\u00ed z\u00e1vodu, mus\u00ed dodr\u017eovat p\u0159\u00edsn\u00fd protokol Covid 19. A na Tour nad n\u00edm nebude nikdo mhou\u0159it oko. Organiz\u00e1to\u0159i se sna\u017e\u00ed v\u0161emi mo\u017en\u00fdmi zp\u016fsoby minimalizovat riziko, \u017ee by Tour nedojela a\u017e do pa\u0159\u00ed\u017esk\u00e9ho c\u00edle napl\u00e1novan\u00e9ho na 20. z\u00e1\u0159\u00ed.<\/p>\n<p>Po\u010det pozitivn\u00edch p\u0159\u00edpad\u016f ve Francii za posledn\u00ed t\u00fddny op\u011bt hodn\u011b vzrostl, nikdo si v\u0161ak zat\u00edm nep\u0159ipou\u0161t\u00ed, \u017ee by koronavirus z\u00e1vod zastavil. Cyklist\u00e9 mus\u00ed b\u00fdt v m\u00edst\u011b startu Nice u\u017e ve st\u0159edu a \u010dekaj\u00ed je fin\u00e1ln\u00ed testy.<\/p>\n<h2><strong>Rou\u0161ky, \u017e\u00e1dn\u00e1 objet\u00ed a \u017e\u00e1dn\u00e9 polibky<\/strong><\/h2>\n<p>Omezen\u00ed \u010dekaj\u00ed i div\u00e1ky, podle aktu\u00e1ln\u00edch pravidel m\u016f\u017ee b\u00fdt ve Francii na jednom m\u00edst\u011b maxim\u00e1ln\u011b 5000 fanou\u0161k\u016f. \u0158editel z\u00e1vodu je vyzval, aby v\u0161ichni m\u011bli rou\u0161ky. \u201eBudeme muset div\u00e1ky n\u011bjak\u00fdm zp\u016fsobem filtrovat. Rozhodn\u011b neuvid\u00edme \u017e\u00e1dn\u00e1 objet\u00ed a polibky na p\u00f3di\u00edch. Tento ro\u010dn\u00edk bude hodn\u011b smutn\u00fd i pro sb\u011bra\u010de autogram\u016f,\u201c uvedl \u0159editel Tour Christian Prudhomme. Z\u00e1vodn\u00edci s\u00a0fanou\u0161ky prakticky nep\u0159ijdou do styku. Ot\u00e1zkou je, jak se organiz\u00e1tor\u016fm poda\u0159\u00ed omezit maxim\u00e1ln\u00ed po\u010det div\u00e1k\u016f zejm\u00e9na na startu v\u00a0Nice \u010di pa\u0159\u00ed\u017esk\u00e9m c\u00edli.<\/p>\n<figure id=\"attachment_9412\" aria-describedby=\"caption-attachment-9412\" style=\"width: 1920px\" class=\"wp-caption alignnone\"><a href=\"https:\/\/d2p6e6u75xmxt8.cloudfront.net\/13\/2020\/08\/WLC-Cofidis_2.jpg\"><img loading=\"lazy\" decoding=\"async\" class=\"size-extra-large wp-image-9412\" src=\"https:\/\/d2p6e6u75xmxt8.cloudfront.net\/13\/2020\/08\/WLC-Cofidis_2-1920x1280.jpg\" alt=\"Rou\u0161ky budou na Tour de France 2020 sou\u010d\u00e1st\u00ed ka\u017ed\u00e9ho dne. Foto: Cofidis\" width=\"1920\" height=\"1280\" \/><\/a><figcaption id=\"caption-attachment-9412\" class=\"wp-caption-text\"><em>Rou\u0161ky budou na Tour de France 2020 sou\u010d\u00e1st\u00ed ka\u017ed\u00e9ho dne. Foto: Cofidis<\/em><\/figcaption><\/figure>\n<p>T\u00fdmy maj\u00ed bydlet co nejv\u00edce odd\u011blen\u011b, dodr\u017eovat co nejp\u0159\u00edsn\u011bj\u0161\u00ed hygienick\u00e1 opat\u0159en\u00ed. Letos budou v\u00edce ne\u017e kdy jindy vyu\u017e\u00edvat slu\u017eeb sv\u00fdch kucha\u0159\u016f, aby se minimalizovalo riziko n\u00e1kazy z\u00e1vodn\u00edk\u016f p\u0159i styku s v\u00edce lidmi nap\u0159\u00edklad v restauraci. Ale to zase takov\u00e1 novinka nen\u00ed, na Tour u\u017e to takhle praktikuj\u00ed skoro v\u0161echny t\u00fdmy n\u011bkolik let.<\/p>\n<h2><strong>Dva pozitivn\u00ed b\u011bhem t\u00fddne v t\u00fdmu = konec na Tour<\/strong><\/h2>\n<p>P\u0159\u00edsn\u00e9 bude i testov\u00e1n\u00ed z\u00e1vodn\u00edk\u016f. Dva testy maj\u00ed podstoupit p\u0159ed startem a dal\u0161\u00ed pak pr\u016fb\u011b\u017en\u011b b\u011bhem cel\u00e9ho z\u00e1vodu. A organiz\u00e1to\u0159i dop\u0159edu vyhl\u00e1sili, \u017ee p\u0159i dvou pozitivn\u00edch testech na Covid 19 u z\u00e1vodn\u00edk\u016f nebo n\u011bkoho jin\u00e9ho z t\u00fdmu (l\u00e9ka\u0159\u016f, mechanik\u016f, mas\u00e9r\u016f atd.) b\u011bhem t\u00fddne st\u00e1j ze z\u00e1vodu vylou\u010d\u00ed. I proto cyklist\u00e9 neberou v\u0161echna na\u0159\u00edzen\u00ed na lehkou v\u00e1hu. \u201eP\u0159\u00edpadn\u00e9 vylou\u010den\u00ed by pro n\u00e1s p\u0159edstavovalo trag\u00e9dii. Tour je nesm\u00edrn\u011b d\u016fle\u017eit\u00e1. Mohlo by to ohrozit i dal\u0161\u00ed chod t\u00fdmu,\u201c nechal se sly\u0161et Zden\u011bk \u0160tybar, cyklista t\u00fdmu Deceuninck Quick Step, jeho\u017e o start p\u0159ipravilo zran\u011bn\u00e9 koleno.<\/p>\n<div class=\"shortcode-ys-post-pinup\"><article class=\"loop-simple post-8948 post type-post status-publish format-standard has-post-thumbnail hentry category-silnicni-cyklistika tag-cyklistika tag-miroslav-janout tag-pravidla-cyklistiky tag-uci-pravidla global-categories-cycling\" data-postid=\"8948\" role=\"article\" data-post-id=\"8948\" data-word-count=\"808\" data-headline-length=\"80\" data-category=\"Silni\u010dn\u00ed cyklistika\" data-global-category=\"Cycling\" data-author=\"Adam Bouda\" data-published=\"2020-08-03T07:00:55+02:00\" data-published-day=\"Monday\">\n    <div class=\"entry-thumbnail article-thumbnail\" content=\"https:\/\/d2p6e6u75xmxt8.cloudfront.net\/13\/2020\/07\/kolo-sunweb-150x150.webp\"><a href=\"https:\/\/www.welovecycling.com\/cs\/2020\/08\/03\/vaha-z-davnoveku-sedlo-do-roviny-a-ponozky-proc-pravidla-cyklistiky-spi\/\" class=\"image-holder\" target=\"_self\"><img decoding=\"async\" loading=\"lazy\" class=\"\" src=\"https:\/\/d2p6e6u75xmxt8.cloudfront.net\/13\/2020\/07\/kolo-sunweb-1024x683.webp\" srcset=\"https:\/\/d2p6e6u75xmxt8.cloudfront.net\/13\/2020\/07\/kolo-sunweb.webp 1080w, https:\/\/d2p6e6u75xmxt8.cloudfront.net\/13\/2020\/07\/kolo-sunweb-300x200.webp 300w, https:\/\/d2p6e6u75xmxt8.cloudfront.net\/13\/2020\/07\/kolo-sunweb-1024x683.webp 1024w, https:\/\/d2p6e6u75xmxt8.cloudfront.net\/13\/2020\/07\/kolo-sunweb-768x512.webp 768w, https:\/\/d2p6e6u75xmxt8.cloudfront.net\/13\/2020\/07\/kolo-sunweb-272x182.webp 272w\" width=\"1024\" height=\"683\" sizes=\"auto, (min-width: 1200px) 300px, (min-width: 768px) 25vw, 100vw\" alt=\"vaha-z-davnoveku-sedlo-do-roviny-a-ponozky-proc-pravidla-cyklistiky-spi\"\/><\/a><\/div>    <div class=\"entry-meta\">\n        <a class=\"label label-secondary post-category\" href=\"https:\/\/www.welovecycling.com\/cs\/category\/silnicni-cyklistika\/\" title=\"Silni\u010dn\u00ed cyklistika\">Silni\u010dn\u00ed cyklistika<\/a>\n    <\/div>\n    <div class=\"entry-details\">\n        <a href=\"https:\/\/www.welovecycling.com\/cs\/2020\/08\/03\/vaha-z-davnoveku-sedlo-do-roviny-a-ponozky-proc-pravidla-cyklistiky-spi\/\" class='entry-title-wrapper'>\n            <h3 class=\"entry-title\"><span>V\u00e1ha z d\u00e1vnov\u011bku, sedlo do roviny a pono\u017eky. Pro\u010d pravidla cyklistiky sp\u00ed?<\/span><\/h3>\n        <\/a>\n    <\/div>\n    <\/article>\n<\/div>\n<p>Celkov\u00e1 d\u00e9lka ro\u010dn\u00edku 2020 startuj\u00edc\u00edho 29. srpna v Nice je 3470 kilometr\u016f. Z\u00e1vod tvo\u0159\u00ed 21 etap. Dev\u011bt z nich je rovinat\u00fdch, t\u0159i kopcovit\u00e9 a osm m\u00e1 dojezd na kopec. K tomu jedna \u010dasovka jednotlivc\u016f na 36 km v p\u0159edposledn\u00ed den z\u00e1vodu s t\u011b\u017ek\u00fdm stoup\u00e1n\u00edm v z\u00e1v\u011bru na La Planche des Belles Filles. Ta by m\u011bla definitivn\u011b ur\u010dit v\u00edt\u011bze 107. ro\u010dn\u00edku, kter\u00fd bude korunov\u00e1n tradi\u010dn\u011b v Pa\u0159\u00ed\u017ei, ov\u0161em netradi\u010dn\u011b a\u017e 20. z\u00e1\u0159\u00ed.<\/p>\n<p>Na startu se p\u0159edstav\u00ed 22 osmi\u010dlenn\u00fdch t\u00fdm\u016f &#8211; devaten\u00e1ct z World Tour a t\u0159i z druh\u00e9 divize startuj\u00edc\u00edch na divokou kartu. Mezi nimi i dva \u010ce\u0161i: Roman Kreuziger (NTT Pro Cycling) a Jan Hirt (CCC). Z velk\u00fdch jmen budou letos chyb\u011bt nap\u0159. Chris Froome, Geraint Thomas nebo Vincenzo Nibali, ale i tak bude m\u00edt Tour skv\u011bl\u00e9 obsazen\u00ed (favorit\u016fm se budeme v\u011bnovat v dal\u0161\u00edm \u010dl\u00e1nku).<\/p>\n<h2><strong>Sagan chce poosm\u00e9 zelen\u00fd dres<\/strong><\/h2>\n<p>Nejen o celkov\u00e9 prvenstv\u00ed a tradi\u010dn\u00ed \u017elut\u00fd dres, francouzsky Maillot jaune, jde na Tour. Celkov\u00fd v\u00edt\u011bz je samoz\u0159ejm\u011b obletov\u00e1n a oslavov\u00e1n nejv\u00edc ze v\u0161ech, a tak\u00e9 si p\u0159ijde na nejv\u011bt\u0161\u00ed prize money &#8211; 500\u00a0000 eur. Ov\u0161em v\u0161echny vyd\u011blan\u00e9 pen\u00edze v\u010detn\u011b etap a \u00fasp\u011bch v\u00a0dal\u0161\u00edch sout\u011b\u017e\u00edch se v\u011bt\u0161inou rovnom\u011brn\u011b d\u011bl\u00ed mezi cel\u00fd t\u00fdm a ur\u010ditou \u010d\u00e1st dostanou i \u010dlenov\u00e9 realiza\u010dn\u00edho t\u00fdmu.<\/p>\n<div class=\"shortcode-ys-post-pinup\"><article class=\"loop-simple post-7773 post type-post status-publish format-standard has-post-thumbnail hentry category-silnicni-cyklistika tag-bora-hansgrohe tag-giro-ditalia tag-peter-sagan tag-tour-de-france global-categories-cycling\" data-postid=\"7773\" role=\"article\" data-post-id=\"7773\" data-word-count=\"514\" data-headline-length=\"70\" data-category=\"Silni\u010dn\u00ed cyklistika\" data-global-category=\"Cycling\" data-author=\"Jan Kr\u016fta\" data-published=\"2020-06-17T07:45:07+02:00\" data-published-day=\"Wednesday\">\n    <div class=\"entry-thumbnail article-thumbnail\" content=\"https:\/\/d2p6e6u75xmxt8.cloudfront.net\/13\/2019\/06\/Sagan-BORA-Hansgrohe-Bettini-150x150.webp\"><a href=\"https:\/\/www.welovecycling.com\/cs\/2020\/06\/17\/giro-ma-prednost-sagan-vysvetluje-proc-obetuje-kralovny-klasik\/\" class=\"image-holder\" target=\"_self\"><img decoding=\"async\" loading=\"lazy\" class=\"\" src=\"https:\/\/d2p6e6u75xmxt8.cloudfront.net\/13\/2019\/06\/Sagan-BORA-Hansgrohe-Bettini-1024x669.webp\" srcset=\"https:\/\/d2p6e6u75xmxt8.cloudfront.net\/13\/2019\/06\/Sagan-BORA-Hansgrohe-Bettini.webp 2000w, https:\/\/d2p6e6u75xmxt8.cloudfront.net\/13\/2019\/06\/Sagan-BORA-Hansgrohe-Bettini-300x196.webp 300w, https:\/\/d2p6e6u75xmxt8.cloudfront.net\/13\/2019\/06\/Sagan-BORA-Hansgrohe-Bettini-1024x669.webp 1024w, https:\/\/d2p6e6u75xmxt8.cloudfront.net\/13\/2019\/06\/Sagan-BORA-Hansgrohe-Bettini-768x502.webp 768w, https:\/\/d2p6e6u75xmxt8.cloudfront.net\/13\/2019\/06\/Sagan-BORA-Hansgrohe-Bettini-1536x1004.webp 1536w, https:\/\/d2p6e6u75xmxt8.cloudfront.net\/13\/2019\/06\/Sagan-BORA-Hansgrohe-Bettini-1920x1255.webp 1920w, https:\/\/d2p6e6u75xmxt8.cloudfront.net\/13\/2019\/06\/Sagan-BORA-Hansgrohe-Bettini-1920x1255.webp 1920w\" width=\"1024\" height=\"669\" sizes=\"auto, (min-width: 1200px) 306px, (min-width: 768px) 26vw, 100vw\" alt=\"giro-ma-prednost-sagan-vysvetluje-proc-obetuje-kralovny-klasik\"\/><\/a><\/div>    <div class=\"entry-meta\">\n        <a class=\"label label-secondary post-category\" href=\"https:\/\/www.welovecycling.com\/cs\/category\/silnicni-cyklistika\/\" title=\"Silni\u010dn\u00ed cyklistika\">Silni\u010dn\u00ed cyklistika<\/a>\n    <\/div>\n    <div class=\"entry-details\">\n        <a href=\"https:\/\/www.welovecycling.com\/cs\/2020\/06\/17\/giro-ma-prednost-sagan-vysvetluje-proc-obetuje-kralovny-klasik\/\" class='entry-title-wrapper'>\n            <h3 class=\"entry-title\"><span>Giro m\u00e1 p\u0159ednost! Sagan vysv\u011btluje, pro\u010d ob\u011btuje kr\u00e1lovny klasik<\/span><\/h3>\n        <\/a>\n    <\/div>\n    <\/article>\n<\/div>\n<p>Ve h\u0159e jsou i dal\u0161\u00ed dresy. V\u00edt\u011bz sprintersk\u00e9 (bodovac\u00ed sout\u011b\u017ee) z\u00edsk\u00e1 zelen\u00fd dres a v tomto p\u0159\u00edpad\u011b je nejv\u011bt\u0161\u00ed favorit dop\u0159edu jasn\u00fd: Peter Sagan z t\u00fdmu Bora-Hansgrohe ho z\u00edskal u\u017e sedmkr\u00e1t a tenhle slovensk\u00fd expres by svou sb\u00edrku r\u00e1d roz\u0161\u00ed\u0159il. Sponzorem sout\u011b\u017ee o zelen\u00fd trikot je \u0160koda Auto, kter\u00e1 je u\u017e posedmn\u00e1ct\u00e9 ofici\u00e1ln\u00edm hlavn\u00edm partnerem Tour de France.<\/p>\n<p>Nejlep\u0161\u00ed vrcha\u0159 veze b\u00edl\u00fd dres s \u010derven\u00fdmi punt\u00edky a v b\u00edl\u00e9m dresu jede l\u00eddr sout\u011b\u017ee o nejlep\u0161\u00edho mlad\u00e9ho z\u00e1vodn\u00edka (do 25 let). Nejlep\u0161\u00ed t\u00fdm pozn\u00e1te podle startovn\u00edch \u010d\u00edsel se \u017elut\u00fdm podkladem.<\/p>\n<h2><strong>P\u0159ehled etap 107. ro\u010dn\u00edku Tour de France <\/strong><\/h2>\n<h2><span style=\"font-size: 12pt;\">29. srpna &#8211; 1. etapa: Nice Moyen Pays \u2192 Nice (156 km)<\/span><\/h2>\n<h2><span style=\"font-size: 12pt;\">30. srpna &#8211; 2. etapa: Nice Haut Pays \u2192 Nice (187 km)<\/span><\/h2>\n<h2><span style=\"font-size: 12pt;\">31. srpna &#8211; 3. etapa: Nice \u2192 Sisteron (198 km)<\/span><\/h2>\n<h2><span style=\"font-size: 12pt;\">1. z\u00e1\u0159\u00ed &#8211; 4. etapa: Sisteron \u2192 Orci\u00e8res-Merlette (157 km)<\/span><\/h2>\n<h2><span style=\"font-size: 12pt;\">2. z\u00e1\u0159\u00ed &#8211; 5. etapa: Gap \u2192 Privas (183 km)<\/span><\/h2>\n<h2><span style=\"font-size: 12pt;\">3. z\u00e1\u0159\u00ed &#8211; 6. etapa: Le Teil \u2192 Mont Aigoual (191 km)<\/span><\/h2>\n<h2><span style=\"font-size: 12pt;\">4. z\u00e1\u0159\u00ed &#8211; 7. etapa: Millau \u2192 Lavaur (168 km)<\/span><\/h2>\n<h2><span style=\"font-size: 12pt;\">5. z\u00e1\u0159\u00ed &#8211; 8. etapa: Caz\u00e8res-sur-Garonne \u2192 Loudenvielle (140 km)<\/span><\/h2>\n<h2><span style=\"font-size: 12pt;\">6. z\u00e1\u0159\u00ed &#8211; 9. etapa: Pau \u2192 Laruns (154 km)<\/span><\/h2>\n<h2><span style=\"font-size: 12pt;\">7. z\u00e1\u0159\u00ed &#8211; <strong>voln\u00fd den<\/strong><\/span><\/h2>\n<figure id=\"attachment_9414\" aria-describedby=\"caption-attachment-9414\" style=\"width: 1000px\" class=\"wp-caption alignnone\"><a href=\"https:\/\/d2p6e6u75xmxt8.cloudfront.net\/13\/2020\/08\/WLC-Tour-slune\u010dnice-20190717TDF0012-A.S.O._Alex_BROADWAY.jpg\"><img loading=\"lazy\" decoding=\"async\" class=\"size-full wp-image-9414\" src=\"https:\/\/d2p6e6u75xmxt8.cloudfront.net\/13\/2020\/08\/WLC-Tour-slune\u010dnice-20190717TDF0012-A.S.O._Alex_BROADWAY.jpg\" alt=\"Tour de France se letos kv\u016fli pandemii koronaviru uskute\u010dn\u00ed o dva m\u011bs\u00edce pozd\u011bji, a tak tradi\u010dn\u00ed kulisy div\u00e1ci neuvid\u00ed. Foto: A.S.O.\/Alex BROADWAY\" width=\"1000\" height=\"666\" \/><\/a><figcaption id=\"caption-attachment-9414\" class=\"wp-caption-text\"><em>Tour de France se letos kv\u016fli pandemii koronaviru uskute\u010dn\u00ed o dva m\u011bs\u00edce pozd\u011bji, a tak tradi\u010dn\u00ed kulisy div\u00e1ci neuvid\u00ed. Foto: A.S.O.\/Alex Broadway<\/em><\/figcaption><\/figure>\n<h2><span style=\"font-size: 12pt;\">8. z\u00e1\u0159\u00ed &#8211; 10. etapa: \u00cele d&#8217;Ol\u00e9ron \u2192 \u00cele de R\u00e9 (170 km)<\/span><\/h2>\n<h2><span style=\"font-size: 12pt;\">9. z\u00e1\u0159\u00ed &#8211; 11. etapa: Ch\u00e2telaillon-Plage \u2192 Poitiers (167 km)<\/span><\/h2>\n<h2><span style=\"font-size: 12pt;\">10. z\u00e1\u0159\u00ed &#8211; 12. etapa: Chauvigny \u2192 Sarran Corr\u00e8ze (218 km)<\/span><\/h2>\n<h2><span style=\"font-size: 12pt;\">11. z\u00e1\u0159\u00ed &#8211; 13. etapa: Ch\u00e2tel-Guyon \u2192 Puy Mary Cantal (191 km)<\/span><\/h2>\n<h2><span style=\"font-size: 12pt;\">12. z\u00e1\u0159\u00ed &#8211; 14. etapa: Clermont-Ferrand \u2192 Lyon (197 km)<\/span><\/h2>\n<h2><span style=\"font-size: 12pt;\">13. z\u00e1\u0159\u00ed &#8211; 15. etapa: Lyon \u2192 Grand Colombier (175 km)<\/span><\/h2>\n<h2><span style=\"font-size: 12pt;\">14. z\u00e1\u0159\u00ed &#8211; <strong>voln\u00fd den<\/strong><\/span><\/h2>\n<h2><span style=\"font-size: 12pt;\">15. z\u00e1\u0159\u00ed &#8211; 16. etapa: La Tour-du-Pin \u2192 Villard-de-Lans (164 km)<\/span><\/h2>\n<h2><span style=\"font-size: 12pt;\">16. z\u00e1\u0159\u00ed &#8211; 17. etapa: Grenoble \u2192 M\u00e9ribel col de la Loze (168 km)<\/span><\/h2>\n<h2><span style=\"font-size: 12pt;\">17. z\u00e1\u0159\u00ed &#8211; 18. etapa: M\u00e9ribel \u2192 La Roche-sur-Foron (168 km)<\/span><\/h2>\n<h2><span style=\"font-size: 12pt;\">18. z\u00e1\u0159\u00ed &#8211; 19. etapa: Bourg-en-Bresse \u2192 Champagnole (160 km)<\/span><\/h2>\n<h2><span style=\"font-size: 12pt;\">19. z\u00e1\u0159\u00ed &#8211; 20. etapa: Lure \u2192 La Planche des Belles Filles (36 km, \u010dasovka jednotlivc\u016f)<\/span><\/h2>\n<h2><span style=\"font-size: 12pt;\">20. z\u00e1\u0159\u00ed &#8211; 21. etapa: Mantes-la-Jolie \u2192 Pa\u0159\u00ed\u017e Champs-\u00c9lys\u00e9es (122 km)<\/span><\/h2>\n","protected":false},"excerpt":{"rendered":"<p>Nejv\u011bt\u0161\u00ed sportovn\u00ed ud\u00e1lost roku poznamenan\u00e9ho pandemi\u00ed koronaviru je zde. Tour de France 2020 odstartuje v p\u00e1tek v Nice. V pozd\u011bj\u0161\u00edm [&hellip;]<\/p>\n","protected":false},"author":122,"featured_media":9415,"comment_status":"open","ping_status":"open","sticky":false,"template":"","format":"standard","meta":{"footnotes":""},"categories":[10,243],"tags":[126,1097,1098,9,23,998],"global-categories":[411],"class_list":["post-9390","post","type-post","status-publish","format-standard","has-post-thumbnail","hentry","category-silnicni-cyklistika","category-welovecycling-com-cs-tdf","tag-cyklistika","tag-etapy-tour-de-france-2020","tag-program-tour-de-france-2020","tag-silnicni-cyklistika","tag-tour-de-france","tag-tour-de-france-2020","global-categories-cycling"],"yoast_head":"<!-- This site is optimized with the Yoast SEO Premium plugin v25.3 (Yoast SEO v25.9) - https:\/\/yoast.com\/wordpress\/plugins\/seo\/ -->\n<title>Tour de France 2020: kolos se rozj\u00ed\u017ed\u00ed, by\u0165 s\u00a0\u0159adou obav a omezen\u00ed | \u0160koda We Love Cycling - \u010cesk\u00e1 republika<\/title>\n<meta name=\"robots\" content=\"index, follow, max-snippet:-1, max-image-preview:large, max-video-preview:-1\" \/>\n<link rel=\"canonical\" href=\"https:\/\/www.welovecycling.com\/cs\/2020\/08\/27\/tour-de-france-2020-kolos-se-rozjizdi-byt-s-radou-obav-a-omezeni\/\" \/>\n<meta property=\"og:locale\" content=\"cs_CZ\" \/>\n<meta property=\"og:type\" content=\"article\" \/>\n<meta property=\"og:title\" content=\"Tour de France 2020: kolos se rozj\u00ed\u017ed\u00ed, by\u0165 s\u00a0\u0159adou obav a omezen\u00ed\" \/>\n<meta property=\"og:description\" content=\"Nejv\u011bt\u0161\u00ed sportovn\u00ed ud\u00e1lost roku poznamenan\u00e9ho pandemi\u00ed koronaviru je zde. Tour de France 2020 odstartuje v p\u00e1tek v Nice. V pozd\u011bj\u0161\u00edm [&hellip;]\" \/>\n<meta property=\"og:url\" content=\"https:\/\/www.welovecycling.com\/cs\/2020\/08\/27\/tour-de-france-2020-kolos-se-rozjizdi-byt-s-radou-obav-a-omezeni\/\" \/>\n<meta property=\"og:site_name\" content=\"\u0160koda We Love Cycling - \u010cesk\u00e1 republika\" \/>\n<meta property=\"article:published_time\" content=\"2020-08-27T08:30:38+00:00\" \/>\n<meta property=\"article:modified_time\" content=\"2020-08-27T13:38:24+00:00\" \/>\n<meta property=\"og:image\" content=\"https:\/\/d2p6e6u75xmxt8.cloudfront.net\/13\/2020\/08\/WLC-Tour-Nice-20180312GDTDF012-ASO_B.Bade_.webp\" \/>\n\t<meta property=\"og:image:width\" content=\"1000\" \/>\n\t<meta property=\"og:image:height\" content=\"667\" \/>\n\t<meta property=\"og:image:type\" content=\"image\/webp\" \/>\n<meta name=\"twitter:card\" content=\"summary_large_image\" \/>\n<meta name=\"twitter:label1\" content=\"Written by\" \/>\n\t<meta name=\"twitter:data1\" content=\"Jan Kr\u016fta\" \/>\n\t<meta name=\"twitter:label2\" content=\"Est. reading time\" \/>\n\t<meta name=\"twitter:data2\" content=\"6\" \/>\n<script type=\"application\/ld+json\" class=\"yoast-schema-graph\">{\"@context\":\"https:\/\/schema.org\",\"@graph\":[{\"@type\":\"WebPage\",\"@id\":\"https:\/\/www.welovecycling.com\/cs\/2020\/08\/27\/tour-de-france-2020-kolos-se-rozjizdi-byt-s-radou-obav-a-omezeni\/\",\"url\":\"https:\/\/www.welovecycling.com\/cs\/2020\/08\/27\/tour-de-france-2020-kolos-se-rozjizdi-byt-s-radou-obav-a-omezeni\/\",\"name\":\"Tour de France 2020: kolos se rozj\u00ed\u017ed\u00ed, by\u0165 s\u00a0\u0159adou obav a omezen\u00ed | \u0160koda We Love Cycling - \u010cesk\u00e1 republika\",\"isPartOf\":{\"@id\":\"https:\/\/www.welovecycling.com\/cs\/#website\"},\"primaryImageOfPage\":{\"@id\":\"https:\/\/www.welovecycling.com\/cs\/2020\/08\/27\/tour-de-france-2020-kolos-se-rozjizdi-byt-s-radou-obav-a-omezeni\/#primaryimage\"},\"image\":{\"@id\":\"https:\/\/www.welovecycling.com\/cs\/2020\/08\/27\/tour-de-france-2020-kolos-se-rozjizdi-byt-s-radou-obav-a-omezeni\/#primaryimage\"},\"thumbnailUrl\":\"https:\/\/d2p6e6u75xmxt8.cloudfront.net\/13\/2020\/08\/WLC-Tour-Nice-20180312GDTDF012-ASO_B.Bade_.webp\",\"datePublished\":\"2020-08-27T08:30:38+00:00\",\"dateModified\":\"2020-08-27T13:38:24+00:00\",\"author\":{\"@id\":\"\"},\"inLanguage\":\"cs\",\"potentialAction\":[{\"@type\":\"ReadAction\",\"target\":[\"https:\/\/www.welovecycling.com\/cs\/2020\/08\/27\/tour-de-france-2020-kolos-se-rozjizdi-byt-s-radou-obav-a-omezeni\/\"]}]},{\"@type\":\"ImageObject\",\"inLanguage\":\"cs\",\"@id\":\"https:\/\/www.welovecycling.com\/cs\/2020\/08\/27\/tour-de-france-2020-kolos-se-rozjizdi-byt-s-radou-obav-a-omezeni\/#primaryimage\",\"url\":\"https:\/\/d2p6e6u75xmxt8.cloudfront.net\/13\/2020\/08\/WLC-Tour-Nice-20180312GDTDF012-ASO_B.Bade_.webp\",\"contentUrl\":\"https:\/\/d2p6e6u75xmxt8.cloudfront.net\/13\/2020\/08\/WLC-Tour-Nice-20180312GDTDF012-ASO_B.Bade_.webp\",\"width\":1000,\"height\":667,\"caption\":\"Tour de France 2020 odstartuje v sobotu v Nice. Foto: ASO\/Bruno Bade\"},{\"@type\":\"WebSite\",\"@id\":\"https:\/\/www.welovecycling.com\/cs\/#website\",\"url\":\"https:\/\/www.welovecycling.com\/cs\/\",\"name\":\"\u0160koda We Love Cycling - \u010cesk\u00e1 republika\",\"description\":\"WeLoveCycling.cz je online magaz\u00edn, kter\u00fd v\u00e1m pravideln\u011b p\u0159in\u00e1\u0161\u00ed rady a tipy, zaj\u00edmav\u00e9 \u010dl\u00e1nky, videa a jedine\u010dn\u00e9 report\u00e1\u017ee ze sv\u011bta cyklistiky.\",\"potentialAction\":[{\"@type\":\"SearchAction\",\"target\":{\"@type\":\"EntryPoint\",\"urlTemplate\":\"https:\/\/www.welovecycling.com\/cs\/?s={search_term_string}\"},\"query-input\":{\"@type\":\"PropertyValueSpecification\",\"valueRequired\":true,\"valueName\":\"search_term_string\"}}],\"inLanguage\":\"cs\"},{\"@type\":\"Person\",\"@id\":\"\",\"url\":\"https:\/\/www.welovecycling.com\/cs\/author\/\"}]}<\/script>\n<!-- \/ Yoast SEO Premium plugin. -->","yoast_head_json":{"title":"Tour de France 2020: kolos se rozj\u00ed\u017ed\u00ed, by\u0165 s\u00a0\u0159adou obav a omezen\u00ed | \u0160koda We Love Cycling - \u010cesk\u00e1 republika","robots":{"index":"index","follow":"follow","max-snippet":"max-snippet:-1","max-image-preview":"max-image-preview:large","max-video-preview":"max-video-preview:-1"},"canonical":"https:\/\/www.welovecycling.com\/cs\/2020\/08\/27\/tour-de-france-2020-kolos-se-rozjizdi-byt-s-radou-obav-a-omezeni\/","og_locale":"cs_CZ","og_type":"article","og_title":"Tour de France 2020: kolos se rozj\u00ed\u017ed\u00ed, by\u0165 s\u00a0\u0159adou obav a omezen\u00ed","og_description":"Nejv\u011bt\u0161\u00ed sportovn\u00ed ud\u00e1lost roku poznamenan\u00e9ho pandemi\u00ed koronaviru je zde. Tour de France 2020 odstartuje v p\u00e1tek v Nice. V pozd\u011bj\u0161\u00edm [&hellip;]","og_url":"https:\/\/www.welovecycling.com\/cs\/2020\/08\/27\/tour-de-france-2020-kolos-se-rozjizdi-byt-s-radou-obav-a-omezeni\/","og_site_name":"\u0160koda We Love Cycling - \u010cesk\u00e1 republika","article_published_time":"2020-08-27T08:30:38+00:00","article_modified_time":"2020-08-27T13:38:24+00:00","og_image":[{"width":1000,"height":667,"url":"https:\/\/d2p6e6u75xmxt8.cloudfront.net\/13\/2020\/08\/WLC-Tour-Nice-20180312GDTDF012-ASO_B.Bade_.webp","type":"image\/webp"}],"twitter_card":"summary_large_image","twitter_misc":{"Written by":"Jan Kr\u016fta","Est. reading time":"6"},"schema":{"@context":"https:\/\/schema.org","@graph":[{"@type":"WebPage","@id":"https:\/\/www.welovecycling.com\/cs\/2020\/08\/27\/tour-de-france-2020-kolos-se-rozjizdi-byt-s-radou-obav-a-omezeni\/","url":"https:\/\/www.welovecycling.com\/cs\/2020\/08\/27\/tour-de-france-2020-kolos-se-rozjizdi-byt-s-radou-obav-a-omezeni\/","name":"Tour de France 2020: kolos se rozj\u00ed\u017ed\u00ed, by\u0165 s\u00a0\u0159adou obav a omezen\u00ed | \u0160koda We Love Cycling - \u010cesk\u00e1 republika","isPartOf":{"@id":"https:\/\/www.welovecycling.com\/cs\/#website"},"primaryImageOfPage":{"@id":"https:\/\/www.welovecycling.com\/cs\/2020\/08\/27\/tour-de-france-2020-kolos-se-rozjizdi-byt-s-radou-obav-a-omezeni\/#primaryimage"},"image":{"@id":"https:\/\/www.welovecycling.com\/cs\/2020\/08\/27\/tour-de-france-2020-kolos-se-rozjizdi-byt-s-radou-obav-a-omezeni\/#primaryimage"},"thumbnailUrl":"https:\/\/d2p6e6u75xmxt8.cloudfront.net\/13\/2020\/08\/WLC-Tour-Nice-20180312GDTDF012-ASO_B.Bade_.webp","datePublished":"2020-08-27T08:30:38+00:00","dateModified":"2020-08-27T13:38:24+00:00","author":{"@id":""},"inLanguage":"cs","potentialAction":[{"@type":"ReadAction","target":["https:\/\/www.welovecycling.com\/cs\/2020\/08\/27\/tour-de-france-2020-kolos-se-rozjizdi-byt-s-radou-obav-a-omezeni\/"]}]},{"@type":"ImageObject","inLanguage":"cs","@id":"https:\/\/www.welovecycling.com\/cs\/2020\/08\/27\/tour-de-france-2020-kolos-se-rozjizdi-byt-s-radou-obav-a-omezeni\/#primaryimage","url":"https:\/\/d2p6e6u75xmxt8.cloudfront.net\/13\/2020\/08\/WLC-Tour-Nice-20180312GDTDF012-ASO_B.Bade_.webp","contentUrl":"https:\/\/d2p6e6u75xmxt8.cloudfront.net\/13\/2020\/08\/WLC-Tour-Nice-20180312GDTDF012-ASO_B.Bade_.webp","width":1000,"height":667,"caption":"Tour de France 2020 odstartuje v sobotu v Nice. Foto: ASO\/Bruno Bade"},{"@type":"WebSite","@id":"https:\/\/www.welovecycling.com\/cs\/#website","url":"https:\/\/www.welovecycling.com\/cs\/","name":"\u0160koda We Love Cycling - \u010cesk\u00e1 republika","description":"WeLoveCycling.cz je online magaz\u00edn, kter\u00fd v\u00e1m pravideln\u011b p\u0159in\u00e1\u0161\u00ed rady a tipy, zaj\u00edmav\u00e9 \u010dl\u00e1nky, videa a jedine\u010dn\u00e9 report\u00e1\u017ee ze sv\u011bta cyklistiky.","potentialAction":[{"@type":"SearchAction","target":{"@type":"EntryPoint","urlTemplate":"https:\/\/www.welovecycling.com\/cs\/?s={search_term_string}"},"query-input":{"@type":"PropertyValueSpecification","valueRequired":true,"valueName":"search_term_string"}}],"inLanguage":"cs"},{"@type":"Person","@id":"","url":"https:\/\/www.welovecycling.com\/cs\/author\/"}]}},"_links":{"self":[{"href":"https:\/\/www.welovecycling.com\/cs\/wp-json\/wp\/v2\/posts\/9390","targetHints":{"allow":["GET"]}}],"collection":[{"href":"https:\/\/www.welovecycling.com\/cs\/wp-json\/wp\/v2\/posts"}],"about":[{"href":"https:\/\/www.welovecycling.com\/cs\/wp-json\/wp\/v2\/types\/post"}],"author":[{"embeddable":true,"href":"https:\/\/www.welovecycling.com\/cs\/wp-json\/wp\/v2\/users\/122"}],"replies":[{"embeddable":true,"href":"https:\/\/www.welovecycling.com\/cs\/wp-json\/wp\/v2\/comments?post=9390"}],"version-history":[{"count":2,"href":"https:\/\/www.welovecycling.com\/cs\/wp-json\/wp\/v2\/posts\/9390\/revisions"}],"predecessor-version":[{"id":9454,"href":"https:\/\/www.welovecycling.com\/cs\/wp-json\/wp\/v2\/posts\/9390\/revisions\/9454"}],"wp:featuredmedia":[{"embeddable":true,"href":"https:\/\/www.welovecycling.com\/cs\/wp-json\/wp\/v2\/media\/9415"}],"wp:attachment":[{"href":"https:\/\/www.welovecycling.com\/cs\/wp-json\/wp\/v2\/media?parent=9390"}],"wp:term":[{"taxonomy":"category","embeddable":true,"href":"https:\/\/www.welovecycling.com\/cs\/wp-json\/wp\/v2\/categories?post=9390"},{"taxonomy":"post_tag","embeddable":true,"href":"https:\/\/www.welovecycling.com\/cs\/wp-json\/wp\/v2\/tags?post=9390"},{"taxonomy":"global-categories","embeddable":true,"href":"https:\/\/www.welovecycling.com\/cs\/wp-json\/wp\/v2\/global-categories?post=9390"}],"curies":[{"name":"wp","href":"https:\/\/api.w.org\/{rel}","templated":true}]}}