{"id":9333,"date":"2020-08-20T13:00:16","date_gmt":"2020-08-20T11:00:16","guid":{"rendered":"https:\/\/www.welovecycling.com\/cs\/?p=9333"},"modified":"2020-08-27T16:43:32","modified_gmt":"2020-08-27T14:43:32","slug":"cink-cerpal-energii-v-kopcich-nad-gardou-a-se-snoubenkou-v-benatkach","status":"publish","type":"post","link":"https:\/\/www.welovecycling.com\/cs\/2020\/08\/20\/cink-cerpal-energii-v-kopcich-nad-gardou-a-se-snoubenkou-v-benatkach\/","title":{"rendered":"Cink \u010derpal energii v kopc\u00edch nad Gardou a se snoubenkou v Ben\u00e1tk\u00e1ch"},"content":{"rendered":"<p><strong>Italsk\u00e9 kopce a stoup\u00e1n\u00ed v sedle kola trvaj\u00edc\u00ed mnohdy hodinu? Pro Ond\u0159eje Cinka ide\u00e1ln\u00ed zp\u016fsob zpest\u0159en\u00ed p\u0159\u00edpravy. \u010cesk\u00fd reprezentant v cross country pro\u017eil druh\u00fd srpnov\u00fd t\u00fdden u italsk\u00e9ho jezera Lago di Garda. \u201ePar\u00e1dn\u00edm zp\u016fsobem jsem na\u010derpal energii na zbytek sezony,&#8220; lebedil si dev\u011btadvacetilet\u00fd rod\u00e1k z Rokycan.<\/strong><\/p>\n<p>\u201eJ\u00e1 m\u011bl v pl\u00e1nu po \u010cesk\u00e9m poh\u00e1ru na Zadov\u011b absolvovat soust\u0159ed\u011bn\u00ed na \u0160umav\u011b. Jen\u017ee jsem c\u00edtil, \u017ee pot\u0159ebuji n\u011bjakou zm\u011bnu. Od b\u0159ezna se p\u0159ipravuji vlastn\u011b doma. Cht\u011bl jsem tr\u00e9novat tro\u0161ku jinak ne\u017e vylo\u017een\u011b na olympijsk\u00e9 cross country. V z\u00e1\u0159\u00ed a \u0159\u00edjnu u\u017e se do zahrani\u010d\u00ed nedostanu. Nyn\u00ed se naskytla \u0161ance vycestovat. Dukla mi vy\u0161la vst\u0159\u00edc a se soust\u0159ed\u011bn\u00edm pomohla,\u201c vysv\u011btlil Ond\u0159ej Cink, pro\u010d absolvoval t\u00fddenn\u00ed tr\u00e9ninkov\u00fd blok na Apeninsk\u00e9m poloostrov\u011b.<\/p>\n<h2><strong>Jezero na severu It\u00e1lie nevybral n\u00e1hodou<\/strong><\/h2>\n<p>Italskou Gardu nevybral n\u00e1hodou. \u201eL\u00edb\u00ed se mi tamn\u00ed prost\u0159ed\u00ed. Je skv\u011bl\u00e9 pro tr\u00e9nink a sou\u010dasn\u011b super pro relaxaci. U\u017e\u00edval jsem si kopce, kter\u00e9 \u010dlov\u011bk jede t\u0159eba i hodinu. Nijak jsem se ne\u0161et\u0159il a jezdil v\u00a0ostr\u00e9m tempu,\u201c vykl\u00e1dal Cink.<\/p>\n<figure id=\"attachment_9287\" aria-describedby=\"caption-attachment-9287\" style=\"width: 1200px\" class=\"wp-caption alignnone\"><a href=\"https:\/\/d2p6e6u75xmxt8.cloudfront.net\/13\/2020\/08\/WLC-Cink-garda-2.jpg\"><img loading=\"lazy\" decoding=\"async\" class=\"size-full wp-image-9287\" src=\"https:\/\/d2p6e6u75xmxt8.cloudfront.net\/13\/2020\/08\/WLC-Cink-garda-2.jpg\" alt=\"Ond\u0159ej Cink v sedle kola v hor\u00e1ch nad jezerem Lago di Garda. Foto: archiv Ond\u0159ej Cinka\" width=\"1200\" height=\"1600\" \/><\/a><figcaption id=\"caption-attachment-9287\" class=\"wp-caption-text\"><em>Ond\u0159ej Cink v sedle kola v hor\u00e1ch nad jezerem Lago di Garda. Foto: archiv Ond\u0159ej Cinka<\/em><\/figcaption><\/figure>\n<p>Pobyt na severu jezera v\u00a0lokalit\u011b Nago Torbole nebyl pro \u00fa\u0159aduj\u00edc\u00edho \u010desk\u00e9ho \u0161ampiona v\u00a0cross country i maratonu novinkou. \u201eByl jsem tam dvakr\u00e1t na dovolen\u00e9, a je\u0161t\u011b p\u0159i anga\u017em\u00e1 v\u00a0t\u00fdmu Merida pod veden\u00edm Jana Svorady jsme na stejn\u00e9 m\u00edsto jezdili na soust\u0159ed\u011bn\u00ed. Ale tehdy jsme m\u011bli silni\u010dn\u00ed kola. Nyn\u00ed jsem m\u011bl jen horsk\u00e9 a n\u00e1ramn\u011b si to u\u017eil,\u201c \u0159\u00edkal Cink.<\/p>\n<p>P\u0159itom v\u011bt\u0161inu kilometr\u016f b\u011bhem t\u00fddne na severu It\u00e1lie absolvoval na silnic\u00edch. \u201eT\u0159eba na Kan\u00e1rsk\u00fdch ostrovech tr\u00e9nuji rovn\u011b\u017e na asfaltu, ale v\u0161echno jezd\u00edm na biku. Kdy\u017e si chci tr\u00e9nink zpest\u0159it v ter\u00e9nu, nejsem ni\u010d\u00edm limitov\u00e1n. Nevad\u00ed mi d\u0159\u00edt na horsk\u00e9m kole,&#8220; uvedl Cink.<\/p>\n<p>\u201eNa hrub\u00fdch pl\u00e1\u0161t\u00edch tr\u00e9nink moc neodsejp\u00e1. Ale v\u017edy po n\u00e1vratu se c\u00edt\u00edm, jako kdy\u017e jedu na elektrokole. Sednu na silni\u010dn\u00ed kolo a p\u0159ipad\u00e1m si jako kdy\u017e l\u00e9t\u00e1m. Po n\u00e1vratu z Gardy jsem absolvoval stokilometrov\u00fd tr\u00e9nink s pr\u016fm\u011brem p\u011btat\u0159icet kilometr\u016f,\u201c lebedil si Cink.<\/p>\n<figure id=\"attachment_9286\" aria-describedby=\"caption-attachment-9286\" style=\"width: 1080px\" class=\"wp-caption alignnone\"><a href=\"https:\/\/d2p6e6u75xmxt8.cloudfront.net\/13\/2020\/08\/wlc-cink-ben\u00e1tky.jpg\"><img loading=\"lazy\" decoding=\"async\" class=\"size-full wp-image-9286\" src=\"https:\/\/d2p6e6u75xmxt8.cloudfront.net\/13\/2020\/08\/wlc-cink-ben\u00e1tky.jpg\" alt=\"Ond\u0159ej Cink si soust\u0159ed\u011bn\u00ed u jezera Lago di Garda zpest\u0159il v\u00fdletem do Ben\u00e1tek se snoubenkou Pavl\u00ednou. Foto: archiv Ond\u0159ej Cinka\" width=\"1080\" height=\"1350\" \/><\/a><figcaption id=\"caption-attachment-9286\" class=\"wp-caption-text\"><em>Ond\u0159ej Cink si soust\u0159ed\u011bn\u00ed u jezera Lago di Garda zpest\u0159il v\u00fdletem do Ben\u00e1tek se snoubenkou Pavl\u00ednou. Foto: archiv Ond\u0159ej Cinka<\/em><\/figcaption><\/figure>\n<p>Pobyt v It\u00e1lii, kde jej prov\u00e1zela snoubenka Pavl\u00edna, si zpest\u0159il v\u00fdletem do Ben\u00e1tek. \u201eNikdy jsem tam nebyl a Pavl\u00ednka tak\u00e9 ne. Celkov\u011b m\u011blo soust\u0159ed\u011bn\u00ed p\u0159edstavovat i psychick\u00fd odpo\u010dinek. C\u00edtil jsem, \u017ee pot\u0159ebuji vypnout a odfrknout si p\u0159ed vyvrcholen\u00edm sezony, kter\u00e9 bude mimo\u0159\u00e1dn\u011b n\u00e1ro\u010dn\u00e9,&#8220; vysv\u011btloval Cink.<\/p>\n<p>\u201eMoc jsem si prohl\u00eddku m\u011bsta u\u017eil, by\u0165 jsme nachodili hodn\u011b kilometr\u016f, co\u017e \u00fapln\u011b nen\u00ed pro cyklistu pozitivn\u00ed. Ale \u0161lo o tak pozitivn\u00ed impuls, \u017ee dal\u0161\u00ed dny na kolech jsem se c\u00edtil fantasticky,\u201c popisoval Cink, kter\u00fd si po d\u00e1vk\u00e1ch bl\u00ed\u017e\u00edc\u00edch se denn\u011b t\u0159em tis\u00edc\u016fm v\u00fd\u0161kov\u00fdch metr\u016f dop\u0159\u00e1val chladivou koupel v jeze\u0159e a vyjet\u00ed po cyklostezk\u00e1ch se snoubenkou po boku.<\/p>\n<p>\u201eDoma nem\u00e1me tak dlouh\u00e9 kopce. Tr\u00e9nink byl naprosto odli\u0161n\u00fd a p\u0159edstavoval super zm\u011bnu. \u0160lo vlastn\u011b i o ur\u010dit\u00fd test sm\u011brem k olympi\u00e1d\u011b, proto\u017ee m\u00e1m vyzkou\u0161en\u00e9, \u017ee p\u0159\u00edprava ve vy\u0161\u0161\u00ed nadmo\u0159sk\u00e9 v\u00fd\u0161ce mi prosp\u00edv\u00e1. Po n\u00e1vratu jsem sko\u010dil zase do vysok\u00e9 intenzity,\u201c nechal do p\u0159\u00edpravy nahl\u00e9dnout Cink.<\/p>\n<h2><strong>Fin\u00e1le poh\u00e1ru v Brn\u011b, svatba a sv\u011btov\u00e9 poh\u00e1ry<\/strong><\/h2>\n<p>Posledn\u00ed srpnov\u00fd v\u00edkend jej \u010dek\u00e1 fin\u00e1le \u010cesk\u00e9ho poh\u00e1ru cross country v Brn\u011b, n\u00e1sledn\u011b na p\u0159elomu z\u00e1\u0159\u00ed a \u0159\u00edjna dva d\u00edly sv\u011btov\u00e9ho poh\u00e1ru v Nov\u00e9m M\u011bst\u011b na Morav\u011b.<\/p>\n<p>\u201eP\u016fjde vlastn\u011b o \u010dty\u0159i z\u00e1vody v sedmi dnech. Je t\u0159eba se dob\u0159e p\u0159ipravit. Pokud se naskytne \u0161ance za\u0159adit do programu je\u0161t\u011b n\u011bjak\u00fd dal\u0161\u00ed z\u00e1vod, \u0161lo by o super zpest\u0159en\u00ed. Pokud nic nebude, vysta\u010d\u00edm si s rychlostn\u00edm tr\u00e9ninku za motorkou \u010di autem,\u201c nast\u00ednil tr\u00e9ninkov\u00e9 pl\u00e1ny\u00a0 Cink.<\/p>\n<p><a href=\"https:\/\/d2p6e6u75xmxt8.cloudfront.net\/13\/2020\/08\/wlc-cink-garda.jpg\"><img loading=\"lazy\" decoding=\"async\" class=\"alignnone size-full wp-image-9289\" src=\"https:\/\/d2p6e6u75xmxt8.cloudfront.net\/13\/2020\/08\/wlc-cink-garda.jpg\" alt=\"\" width=\"1080\" height=\"1350\" \/><\/a><\/p>\n<p>Na tolik o\u010dek\u00e1van\u00e9 bitvy ve Vyso\u010dina Ar\u00e9n\u011b doraz\u00ed u\u017e jako \u017een\u00e1\u010d. B\u011bhem z\u00e1\u0159\u00ed toti\u017e stihne svatbu, kterou bylo pr\u00e1v\u011b kv\u016fli sv\u011btov\u00e9mu poh\u00e1ru pot\u0159eba o p\u00e1r t\u00fddn\u016f usp\u00ed\u0161it. \u201eP\u016fjde o p\u0159\u00edjemn\u00e9 nabour\u00e1n\u00ed tr\u00e9ninkov\u00e9ho procestu. Den p\u0159ed ob\u0159adem ur\u010dit\u011b na kolo p\u016fjdu, pak si d\u00e1m dva dny volno, odpo\u010dinu si od kola a zase sko\u010d\u00edm do p\u0159\u00edpravy, abych mohl v Nov\u00e9m M\u011bst\u011b \u00fato\u010dit na p\u00f3dium.&#8220;<\/p>\n","protected":false},"excerpt":{"rendered":"<p>Italsk\u00e9 kopce a stoup\u00e1n\u00ed v sedle kola trvaj\u00edc\u00ed mnohdy hodinu? Pro Ond\u0159eje Cinka ide\u00e1ln\u00ed zp\u016fsob zpest\u0159en\u00ed p\u0159\u00edpravy. \u010cesk\u00fd reprezentant v [&hellip;]<\/p>\n","protected":false},"author":122,"featured_media":9288,"comment_status":"open","ping_status":"open","sticky":false,"template":"","format":"standard","meta":{"footnotes":""},"categories":[11],"tags":[126,1089,205,27],"global-categories":[411],"class_list":["post-9333","post","type-post","status-publish","format-standard","has-post-thumbnail","hentry","category-horska-cyklistika","tag-cyklistika","tag-lago-di-garda","tag-ondrej-cink","tag-trenink","global-categories-cycling"],"yoast_head":"<!-- This site is optimized with the Yoast SEO Premium plugin v25.3 (Yoast SEO v25.9) - https:\/\/yoast.com\/wordpress\/plugins\/seo\/ -->\n<title>Cink \u010derpal energii v kopc\u00edch nad Gardou a se snoubenkou v Ben\u00e1tk\u00e1ch | \u0160koda We Love Cycling - \u010cesk\u00e1 republika<\/title>\n<meta name=\"robots\" content=\"index, follow, max-snippet:-1, max-image-preview:large, max-video-preview:-1\" \/>\n<link rel=\"canonical\" href=\"https:\/\/www.welovecycling.com\/cs\/2020\/08\/20\/cink-cerpal-energii-v-kopcich-nad-gardou-a-se-snoubenkou-v-benatkach\/\" \/>\n<meta property=\"og:locale\" content=\"cs_CZ\" \/>\n<meta property=\"og:type\" content=\"article\" \/>\n<meta property=\"og:title\" content=\"Cink \u010derpal energii v kopc\u00edch nad Gardou a se snoubenkou v Ben\u00e1tk\u00e1ch\" \/>\n<meta property=\"og:description\" content=\"Italsk\u00e9 kopce a stoup\u00e1n\u00ed v sedle kola trvaj\u00edc\u00ed mnohdy hodinu? Pro Ond\u0159eje Cinka ide\u00e1ln\u00ed zp\u016fsob zpest\u0159en\u00ed p\u0159\u00edpravy. \u010cesk\u00fd reprezentant v [&hellip;]\" \/>\n<meta property=\"og:url\" content=\"https:\/\/www.welovecycling.com\/cs\/2020\/08\/20\/cink-cerpal-energii-v-kopcich-nad-gardou-a-se-snoubenkou-v-benatkach\/\" \/>\n<meta property=\"og:site_name\" content=\"\u0160koda We Love Cycling - \u010cesk\u00e1 republika\" \/>\n<meta property=\"article:published_time\" content=\"2020-08-20T11:00:16+00:00\" \/>\n<meta property=\"article:modified_time\" content=\"2020-08-27T14:43:32+00:00\" \/>\n<meta property=\"og:image\" content=\"https:\/\/d2p6e6u75xmxt8.cloudfront.net\/13\/2020\/08\/wlc-cink-garda-3.webp\" \/>\n\t<meta property=\"og:image:width\" content=\"1200\" \/>\n\t<meta property=\"og:image:height\" content=\"1600\" \/>\n\t<meta property=\"og:image:type\" content=\"image\/webp\" \/>\n<meta name=\"twitter:card\" content=\"summary_large_image\" \/>\n<meta name=\"twitter:label1\" content=\"Written by\" \/>\n\t<meta name=\"twitter:data1\" content=\"Radek Malina\" \/>\n\t<meta name=\"twitter:label2\" content=\"Est. reading time\" \/>\n\t<meta name=\"twitter:data2\" content=\"6\" \/>\n<script type=\"application\/ld+json\" class=\"yoast-schema-graph\">{\"@context\":\"https:\/\/schema.org\",\"@graph\":[{\"@type\":\"WebPage\",\"@id\":\"https:\/\/www.welovecycling.com\/cs\/2020\/08\/20\/cink-cerpal-energii-v-kopcich-nad-gardou-a-se-snoubenkou-v-benatkach\/\",\"url\":\"https:\/\/www.welovecycling.com\/cs\/2020\/08\/20\/cink-cerpal-energii-v-kopcich-nad-gardou-a-se-snoubenkou-v-benatkach\/\",\"name\":\"Cink \u010derpal energii v kopc\u00edch nad Gardou a se snoubenkou v Ben\u00e1tk\u00e1ch | \u0160koda We Love Cycling - \u010cesk\u00e1 republika\",\"isPartOf\":{\"@id\":\"https:\/\/www.welovecycling.com\/cs\/#website\"},\"primaryImageOfPage\":{\"@id\":\"https:\/\/www.welovecycling.com\/cs\/2020\/08\/20\/cink-cerpal-energii-v-kopcich-nad-gardou-a-se-snoubenkou-v-benatkach\/#primaryimage\"},\"image\":{\"@id\":\"https:\/\/www.welovecycling.com\/cs\/2020\/08\/20\/cink-cerpal-energii-v-kopcich-nad-gardou-a-se-snoubenkou-v-benatkach\/#primaryimage\"},\"thumbnailUrl\":\"https:\/\/d2p6e6u75xmxt8.cloudfront.net\/13\/2020\/08\/wlc-cink-garda-3.webp\",\"datePublished\":\"2020-08-20T11:00:16+00:00\",\"dateModified\":\"2020-08-27T14:43:32+00:00\",\"author\":{\"@id\":\"\"},\"inLanguage\":\"cs\",\"potentialAction\":[{\"@type\":\"ReadAction\",\"target\":[\"https:\/\/www.welovecycling.com\/cs\/2020\/08\/20\/cink-cerpal-energii-v-kopcich-nad-gardou-a-se-snoubenkou-v-benatkach\/\"]}]},{\"@type\":\"ImageObject\",\"inLanguage\":\"cs\",\"@id\":\"https:\/\/www.welovecycling.com\/cs\/2020\/08\/20\/cink-cerpal-energii-v-kopcich-nad-gardou-a-se-snoubenkou-v-benatkach\/#primaryimage\",\"url\":\"https:\/\/d2p6e6u75xmxt8.cloudfront.net\/13\/2020\/08\/wlc-cink-garda-3.webp\",\"contentUrl\":\"https:\/\/d2p6e6u75xmxt8.cloudfront.net\/13\/2020\/08\/wlc-cink-garda-3.webp\",\"width\":1200,\"height\":1600},{\"@type\":\"WebSite\",\"@id\":\"https:\/\/www.welovecycling.com\/cs\/#website\",\"url\":\"https:\/\/www.welovecycling.com\/cs\/\",\"name\":\"\u0160koda We Love Cycling - \u010cesk\u00e1 republika\",\"description\":\"WeLoveCycling.cz je online magaz\u00edn, kter\u00fd v\u00e1m pravideln\u011b p\u0159in\u00e1\u0161\u00ed rady a tipy, zaj\u00edmav\u00e9 \u010dl\u00e1nky, videa a jedine\u010dn\u00e9 report\u00e1\u017ee ze sv\u011bta cyklistiky.\",\"potentialAction\":[{\"@type\":\"SearchAction\",\"target\":{\"@type\":\"EntryPoint\",\"urlTemplate\":\"https:\/\/www.welovecycling.com\/cs\/?s={search_term_string}\"},\"query-input\":{\"@type\":\"PropertyValueSpecification\",\"valueRequired\":true,\"valueName\":\"search_term_string\"}}],\"inLanguage\":\"cs\"},{\"@type\":\"Person\",\"@id\":\"\",\"url\":\"https:\/\/www.welovecycling.com\/cs\/author\/\"}]}<\/script>\n<!-- \/ Yoast SEO Premium plugin. -->","yoast_head_json":{"title":"Cink \u010derpal energii v kopc\u00edch nad Gardou a se snoubenkou v Ben\u00e1tk\u00e1ch | \u0160koda We Love Cycling - \u010cesk\u00e1 republika","robots":{"index":"index","follow":"follow","max-snippet":"max-snippet:-1","max-image-preview":"max-image-preview:large","max-video-preview":"max-video-preview:-1"},"canonical":"https:\/\/www.welovecycling.com\/cs\/2020\/08\/20\/cink-cerpal-energii-v-kopcich-nad-gardou-a-se-snoubenkou-v-benatkach\/","og_locale":"cs_CZ","og_type":"article","og_title":"Cink \u010derpal energii v kopc\u00edch nad Gardou a se snoubenkou v Ben\u00e1tk\u00e1ch","og_description":"Italsk\u00e9 kopce a stoup\u00e1n\u00ed v sedle kola trvaj\u00edc\u00ed mnohdy hodinu? Pro Ond\u0159eje Cinka ide\u00e1ln\u00ed zp\u016fsob zpest\u0159en\u00ed p\u0159\u00edpravy. \u010cesk\u00fd reprezentant v [&hellip;]","og_url":"https:\/\/www.welovecycling.com\/cs\/2020\/08\/20\/cink-cerpal-energii-v-kopcich-nad-gardou-a-se-snoubenkou-v-benatkach\/","og_site_name":"\u0160koda We Love Cycling - \u010cesk\u00e1 republika","article_published_time":"2020-08-20T11:00:16+00:00","article_modified_time":"2020-08-27T14:43:32+00:00","og_image":[{"width":1200,"height":1600,"url":"https:\/\/d2p6e6u75xmxt8.cloudfront.net\/13\/2020\/08\/wlc-cink-garda-3.webp","type":"image\/webp"}],"twitter_card":"summary_large_image","twitter_misc":{"Written by":"Radek Malina","Est. reading time":"6"},"schema":{"@context":"https:\/\/schema.org","@graph":[{"@type":"WebPage","@id":"https:\/\/www.welovecycling.com\/cs\/2020\/08\/20\/cink-cerpal-energii-v-kopcich-nad-gardou-a-se-snoubenkou-v-benatkach\/","url":"https:\/\/www.welovecycling.com\/cs\/2020\/08\/20\/cink-cerpal-energii-v-kopcich-nad-gardou-a-se-snoubenkou-v-benatkach\/","name":"Cink \u010derpal energii v kopc\u00edch nad Gardou a se snoubenkou v Ben\u00e1tk\u00e1ch | \u0160koda We Love Cycling - \u010cesk\u00e1 republika","isPartOf":{"@id":"https:\/\/www.welovecycling.com\/cs\/#website"},"primaryImageOfPage":{"@id":"https:\/\/www.welovecycling.com\/cs\/2020\/08\/20\/cink-cerpal-energii-v-kopcich-nad-gardou-a-se-snoubenkou-v-benatkach\/#primaryimage"},"image":{"@id":"https:\/\/www.welovecycling.com\/cs\/2020\/08\/20\/cink-cerpal-energii-v-kopcich-nad-gardou-a-se-snoubenkou-v-benatkach\/#primaryimage"},"thumbnailUrl":"https:\/\/d2p6e6u75xmxt8.cloudfront.net\/13\/2020\/08\/wlc-cink-garda-3.webp","datePublished":"2020-08-20T11:00:16+00:00","dateModified":"2020-08-27T14:43:32+00:00","author":{"@id":""},"inLanguage":"cs","potentialAction":[{"@type":"ReadAction","target":["https:\/\/www.welovecycling.com\/cs\/2020\/08\/20\/cink-cerpal-energii-v-kopcich-nad-gardou-a-se-snoubenkou-v-benatkach\/"]}]},{"@type":"ImageObject","inLanguage":"cs","@id":"https:\/\/www.welovecycling.com\/cs\/2020\/08\/20\/cink-cerpal-energii-v-kopcich-nad-gardou-a-se-snoubenkou-v-benatkach\/#primaryimage","url":"https:\/\/d2p6e6u75xmxt8.cloudfront.net\/13\/2020\/08\/wlc-cink-garda-3.webp","contentUrl":"https:\/\/d2p6e6u75xmxt8.cloudfront.net\/13\/2020\/08\/wlc-cink-garda-3.webp","width":1200,"height":1600},{"@type":"WebSite","@id":"https:\/\/www.welovecycling.com\/cs\/#website","url":"https:\/\/www.welovecycling.com\/cs\/","name":"\u0160koda We Love Cycling - \u010cesk\u00e1 republika","description":"WeLoveCycling.cz je online magaz\u00edn, kter\u00fd v\u00e1m pravideln\u011b p\u0159in\u00e1\u0161\u00ed rady a tipy, zaj\u00edmav\u00e9 \u010dl\u00e1nky, videa a jedine\u010dn\u00e9 report\u00e1\u017ee ze sv\u011bta cyklistiky.","potentialAction":[{"@type":"SearchAction","target":{"@type":"EntryPoint","urlTemplate":"https:\/\/www.welovecycling.com\/cs\/?s={search_term_string}"},"query-input":{"@type":"PropertyValueSpecification","valueRequired":true,"valueName":"search_term_string"}}],"inLanguage":"cs"},{"@type":"Person","@id":"","url":"https:\/\/www.welovecycling.com\/cs\/author\/"}]}},"_links":{"self":[{"href":"https:\/\/www.welovecycling.com\/cs\/wp-json\/wp\/v2\/posts\/9333","targetHints":{"allow":["GET"]}}],"collection":[{"href":"https:\/\/www.welovecycling.com\/cs\/wp-json\/wp\/v2\/posts"}],"about":[{"href":"https:\/\/www.welovecycling.com\/cs\/wp-json\/wp\/v2\/types\/post"}],"author":[{"embeddable":true,"href":"https:\/\/www.welovecycling.com\/cs\/wp-json\/wp\/v2\/users\/122"}],"replies":[{"embeddable":true,"href":"https:\/\/www.welovecycling.com\/cs\/wp-json\/wp\/v2\/comments?post=9333"}],"version-history":[{"count":2,"href":"https:\/\/www.welovecycling.com\/cs\/wp-json\/wp\/v2\/posts\/9333\/revisions"}],"predecessor-version":[{"id":9467,"href":"https:\/\/www.welovecycling.com\/cs\/wp-json\/wp\/v2\/posts\/9333\/revisions\/9467"}],"wp:featuredmedia":[{"embeddable":true,"href":"https:\/\/www.welovecycling.com\/cs\/wp-json\/wp\/v2\/media\/9288"}],"wp:attachment":[{"href":"https:\/\/www.welovecycling.com\/cs\/wp-json\/wp\/v2\/media?parent=9333"}],"wp:term":[{"taxonomy":"category","embeddable":true,"href":"https:\/\/www.welovecycling.com\/cs\/wp-json\/wp\/v2\/categories?post=9333"},{"taxonomy":"post_tag","embeddable":true,"href":"https:\/\/www.welovecycling.com\/cs\/wp-json\/wp\/v2\/tags?post=9333"},{"taxonomy":"global-categories","embeddable":true,"href":"https:\/\/www.welovecycling.com\/cs\/wp-json\/wp\/v2\/global-categories?post=9333"}],"curies":[{"name":"wp","href":"https:\/\/api.w.org\/{rel}","templated":true}]}}