{"id":9322,"date":"2020-08-21T09:00:05","date_gmt":"2020-08-21T07:00:05","guid":{"rendered":"https:\/\/www.welovecycling.com\/cs\/?p=9322"},"modified":"2020-08-19T13:39:50","modified_gmt":"2020-08-19T11:39:50","slug":"trojnasobny-cesky-mistr-petr-bencik-jen-dobra-forma-na-titul-nestaci","status":"publish","type":"post","link":"https:\/\/www.welovecycling.com\/cs\/2020\/08\/21\/trojnasobny-cesky-mistr-petr-bencik-jen-dobra-forma-na-titul-nestaci\/","title":{"rendered":"Trojn\u00e1sobn\u00fd \u010desk\u00fd mistr Petr Ben\u010d\u00edk: Jen dobr\u00e1 forma na titul nesta\u010d\u00ed"},"content":{"rendered":"<p>Dlouho usiloval o vysn\u011bn\u00fd titul, ale po\u0159\u00e1d ne a ne to klapnout. Petr Ben\u010d\u00edk se premi\u00e9rov\u00e9ho v\u00edt\u011bzstv\u00ed na mistrovstv\u00ed republiky do\u010dkal a\u017e ve dvaat\u0159iceti letech (2008) a pak dok\u00e1zal v dresu t\u00fdmu PSK Whirlpool-Author vyhr\u00e1t je\u0161t\u011b dvakr\u00e1t (2010, 2011). \u201eJe to z\u00e1vod, kdy jen dobr\u00e1 forma nesta\u010d\u00ed. Mus\u00ed se sej\u00edt \u00fapln\u011b v\u0161echno,\u201c \u0159\u00edk\u00e1 b\u00fdval\u00fd \u00fasp\u011b\u0161n\u00fd z\u00e1vodn\u00edk a dnes nem\u00e9n\u011b \u00fasp\u011b\u0161n\u00fd prodejce kol Colnago a oble\u010den\u00ed Assos. I kdy\u017e v\u00ed, jak moc p\u0159i dom\u00e1c\u00edm \u0161ampion\u00e1tu znamen\u00e1 t\u00fdmov\u00e1 po\u010detn\u00ed v\u00fdhoda, favorizuje p\u0159ed sobotn\u00edm mistrovstv\u00ed \u0160koda Auto v silni\u010dn\u00ed cyklistice Zde\u0148ka \u0160tybara ze st\u00e1je Deceuninck-Quick Step.<\/p>\n<h2><strong>Pet\u0159e, jak moc je t\u011b\u017ek\u00e9 vyhr\u00e1t mistrovstv\u00ed republiky?<\/strong><\/h2>\n<p>Nechci, aby to zn\u011blo jako fr\u00e1ze, ale moc&#8230; J\u00e1 se ho sna\u017eil vyhr\u00e1t deset let. M\u011bl jsem na to v\u00fdkonnost, ale \u010dasto to neznamenalo, \u017ee \u010dlov\u011bk vyhraje. Velikou roli hraje i taktika a m\u011b \u010dasto porazila i taktika vlastn\u00edho t\u00fdmu. Aby \u010dlov\u011bk vyhr\u00e1l, mus\u00ed se sej\u00edt \u00fapln\u011b v\u0161echno. J\u00e1 byl snad v\u017edycky do des\u00edtky, mockr\u00e1t v top p\u011bt, n\u011bkolikr\u00e1t na bedn\u011b, ale je stra\u0161n\u00fd rozd\u00edl mezi t\u00edm, b\u00fdt prvn\u00ed nebo druh\u00fd. To v\u00e1m potvrd\u00ed ka\u017ed\u00fd. A spoust\u011b dobr\u00fdch lid\u00ed se vyhr\u00e1t nikdy nepovedlo. T\u0159eba takov\u00fd Honza Hirt by si ur\u010dit\u011b titul zaslou\u017eil, ale pokud n\u011bkdo neud\u011bl\u00e1 vylo\u017een\u011b t\u011b\u017ek\u00fd mistr\u00e1k s dojezdem na kopec, tak moc \u0161anc\u00ed nem\u00e1.<\/p>\n<div class=\"shortcode-ys-post-pinup\"><article class=\"loop-simple post-9125 post type-post status-publish format-standard has-post-thumbnail hentry category-soutez category-welovecycling-com-cs-tdf tag-cyklistika tag-pobyt-na-tour-de-france tag-silnicni-cyklistika tag-soutez tag-tour-de-france global-categories-cycling\" data-postid=\"9125\" role=\"article\" data-post-id=\"9125\" data-word-count=\"234\" data-headline-length=\"69\" data-category=\"Sout\u011b\u017e\" data-global-category=\"Cycling\" data-author=\"We Love Cycling\" data-published=\"2020-08-10T11:42:46+02:00\" data-published-day=\"Monday\">\n    <div class=\"entry-thumbnail article-thumbnail\" content=\"https:\/\/d2p6e6u75xmxt8.cloudfront.net\/13\/2020\/08\/TourSKO033_TDF_desktop-1380x600-1-150x150.webp\"><a href=\"https:\/\/www.welovecycling.com\/cs\/2020\/08\/10\/vzhuru-do-sedel-soutez-o-3denni-vip-navstevu-tour-de-france-startuje\/\" class=\"image-holder\" target=\"_self\"><img decoding=\"async\" loading=\"lazy\" class=\"\" src=\"https:\/\/d2p6e6u75xmxt8.cloudfront.net\/13\/2020\/08\/TourSKO033_TDF_desktop-1380x600-1-1024x445.webp\" srcset=\"https:\/\/d2p6e6u75xmxt8.cloudfront.net\/13\/2020\/08\/TourSKO033_TDF_desktop-1380x600-1.webp 1380w, https:\/\/d2p6e6u75xmxt8.cloudfront.net\/13\/2020\/08\/TourSKO033_TDF_desktop-1380x600-1-300x130.webp 300w, https:\/\/d2p6e6u75xmxt8.cloudfront.net\/13\/2020\/08\/TourSKO033_TDF_desktop-1380x600-1-1024x445.webp 1024w, https:\/\/d2p6e6u75xmxt8.cloudfront.net\/13\/2020\/08\/TourSKO033_TDF_desktop-1380x600-1-768x334.webp 768w\" width=\"1024\" height=\"445\" sizes=\"auto, (min-width: 1200px) 460px, (min-width: 768px) 38vw, 100vw\" alt=\"vzhuru-do-sedel-soutez-o-3denni-vip-navstevu-tour-de-france-startuje\"\/><\/a><\/div>    <div class=\"entry-meta\">\n        <a class=\"label label-secondary post-category\" href=\"https:\/\/www.welovecycling.com\/cs\/category\/soutez\/\" title=\"Sout\u011b\u017e\">Sout\u011b\u017e<\/a>\n    <\/div>\n    <div class=\"entry-details\">\n        <a href=\"https:\/\/www.welovecycling.com\/cs\/2020\/08\/10\/vzhuru-do-sedel-soutez-o-3denni-vip-navstevu-tour-de-france-startuje\/\" class='entry-title-wrapper'>\n            <h3 class=\"entry-title\"><span>Sout\u011b\u017e o 3denn\u00ed VIP n\u00e1v\u0161t\u011bvu Tour de France zn\u00e1 sv\u00e9 v\u00edt\u011bze!<\/span><\/h3>\n        <\/a>\n    <\/div>\n    <\/article>\n<\/div>\n<h2><strong>P\u0159es dlouh\u00e9 \u010dek\u00e1n\u00ed jste nakonec mistrovsk\u00fd titul ale slavil hned t\u0159ikr\u00e1t&#8230;<\/strong><\/h2>\n<p>Bylo to i o \u0161t\u011bst\u00ed. Myslel jsem si, \u017ee se to povede d\u0159\u00edv, proto\u017ee n\u011bkter\u00e9 roky p\u0159ed prvn\u00edm triumfem jsem na tom byl fakt hodn\u011b dob\u0159e.\u00a0 A s\u00e1m jsem se divil, \u017ee v\u00edt\u011bzstv\u00ed na \u010desk\u00e9m \u0161ampion\u00e1tu nevy\u0161lo. Jen\u017ee jak u\u017e jsem \u0159\u00edkal, jen top forma \u010dasto nesta\u010d\u00ed.\u00a0 Chce to b\u00fdt i ve spr\u00e1vnou chv\u00edli na spr\u00e1vn\u00e9m m\u00edst\u011b a j\u00edt tomu hodn\u011b naproti. A taky m\u00edt co nejl\u00edp zmapovan\u00e9 soupe\u0159e: v\u011bd\u011bt, jak asi pojedou, n\u011bkdy je i trochu zblbnout. Kdy\u017e jsem vyhr\u00e1l posledn\u00ed titul v Olomouci, m\u011bl jsem super formu. Porazil jsem tenkr\u00e1t K\u00f6niga se \u0160tybarem. Ob\u011btoval jsem cel\u00fd man\u010daft a byli tam kluci, kte\u0159\u00ed mohli rovn\u011b\u017e klidn\u011b vyhr\u00e1t. V\u011bd\u011bl jsem, \u017ee kdy\u017e si do spurtu p\u0159ivezu \u010derstv\u00e9ho \u0160tybara, tak asi prohraju. Tak jsem \u0159\u00edkal: jedin\u00e1 \u0161ance je u\u0161tvat ho, aby v z\u00e1v\u011bru lezl po \u010dty\u0159ech a nem\u011bl tolik sil. To se povedlo.<\/p>\n<h2><strong>T\u00e9m\u011b\u0159 v\u017edy je mistrovstv\u00ed \u010cesk\u00e9 republiky z velk\u00e9 \u010d\u00e1sti i loterie, \u017ee?<\/strong><\/h2>\n<p>Je to stejn\u00e9 jako mistrovstv\u00ed sv\u011bta. Vezm\u011bte si t\u0159eba Valverdeho. Skoro v\u017edy tam v kl\u00ed\u010dov\u00fd moment je a \u010dasto mu kous\u00ed\u010dek chyb\u00ed. Kolikr\u00e1t st\u00e1l na bedn\u011b, ale ten titul z\u00edskal jen jednou. P\u0159itom u\u017e jich mohl m\u00edt klidn\u011b p\u011bt. Naproti tomu t\u0159eba Sagan &#8211; ten na co s\u00e1hl, to mu vy\u0161lo. Z\u00edskal t\u0159i tituly po sob\u011b a ne v\u017edy byl nejlep\u0161\u00ed ze v\u0161ech. Ale t\u0159eba m\u011bl odvahu ve spr\u00e1vnou chv\u00edli nastoupit a vyplatilo se mu to.<\/p>\n<figure id=\"attachment_8603\" aria-describedby=\"caption-attachment-8603\" style=\"width: 900px\" class=\"wp-caption alignnone\"><a href=\"https:\/\/d2p6e6u75xmxt8.cloudfront.net\/13\/2020\/07\/WLC-ben\u010d\u00edk-colnago.jpg\"><img loading=\"lazy\" decoding=\"async\" class=\"size-full wp-image-8603\" src=\"https:\/\/d2p6e6u75xmxt8.cloudfront.net\/13\/2020\/07\/WLC-ben\u010d\u00edk-colnago.jpg\" alt=\"Petr Ben\u010d\u00edk, b\u00fdval\u00fd reprezentant a profesion\u00e1ln\u00ed z\u00e1vodn\u00edk, je milovn\u00edkem italsk\u00e9 zna\u010dky Colnago.\" width=\"900\" height=\"1125\" \/><\/a><figcaption id=\"caption-attachment-8603\" class=\"wp-caption-text\">Petr Ben\u010d\u00edk, b\u00fdval\u00fd reprezentant a profesion\u00e1ln\u00ed z\u00e1vodn\u00edk, je milovn\u00edkem italsk\u00e9 zna\u010dky Colnago.<\/figcaption><\/figure>\n<h2><strong>Posledn\u00ed roky to v \u010desk\u00e9m \u0161ampion\u00e1tu b\u00fdv\u00e1 v\u011bt\u0161inou souboj t\u00fdmu Elkov Kasper proti nejlep\u0161\u00edm profesion\u00e1l\u016fm ze zahrani\u010d\u00ed. \u010cek\u00e1te letos stejn\u00fd v\u00fdvoj?<\/strong><\/h2>\n<p>Ur\u010dit\u011b. Z\u00e1le\u017e\u00ed, jak se kluci, co p\u016fsob\u00ed venku, domluv\u00ed. Ale \u00fapln\u011b ne v\u0161ichni jsou t\u00fdmov\u00ed hr\u00e1\u010di a vyhr\u00e1t by cht\u011bl ka\u017ed\u00fd. Elkov znovu p\u0159ijede na mistr\u00e1k s nejvy\u0161\u0161\u00edmi ambicemi. Je vid\u011bt, \u017ee jsou na tom hodn\u011b dob\u0159e. Zajeli v\u00fdborn\u011b Czech Tour. Jejich dominance doma je obrovsk\u00e1 a bu\u010fme r\u00e1di, \u017ee takov\u00fd man\u010daft m\u00e1me. Kdyby nebyl, skoro nikdo se nedostane ven. Hradec d\u011bl\u00e1 neuv\u011b\u0159itelnou slu\u017ebu cel\u00e9 na\u0161\u00ed cyklistice. Maj\u00ed super program, vyhr\u00e1vaj\u00ed velk\u00e9 z\u00e1vody, v\u0161ude je zvou, maj\u00ed v Evrop\u011b kredit. Kluci se mohou zviditelnit a to je zatracen\u011b dob\u0159e vy\u0161lapan\u00e1 cesti\u010dka k prof\u00edk\u016fm. Z\u00e1vodn\u00edci jako \u0164oupal\u00edk nebo Kukrle ur\u010dit\u011b m\u016f\u017eou j\u00edt ven, maj\u00ed dob\u0159e na\u0161l\u00e1pnuto.<\/p>\n<h2><strong>Tak\u017ee p\u0159ed sobotn\u00edm z\u00e1vodem v Mlad\u00e9 Boleslavi favorizujete n\u011bkter\u00e9ho z borc\u016f v dresu Elkov Kasper?<\/strong><\/h2>\n<p>T\u011b\u017eko se dop\u0159edu odhaduje. Jak jsem \u0159\u00edkal, z\u00e1le\u017e\u00ed i na \u0161t\u011bst\u00ed. Ale ur\u010dit\u011b budou pou\u017e\u00edvat svou s\u00edlu, aby n\u011bkdo od nich vyhr\u00e1l. A jedn\u00edm z t\u011bch, kdo by to mohl dok\u00e1zat, je Adam \u0164oupal\u00edk. Ale v m\u00fdch o\u010d\u00edch je nejv\u011bt\u0161\u00edm favoritem Zden\u011bk \u0160tybar. P\u0159ijde mi, \u017ee je na tom v\u00fdborn\u011b, tra\u0165 mu bude sed\u011bt. Ale to i kluk\u016fm jako Petr Vako\u010d nebo Pepa \u010cern\u00fd.<\/p>\n<div class=\"shortcode-ys-post-pinup\"><article class=\"loop-simple post-9204 post type-post status-publish format-standard has-post-thumbnail hentry category-silnicni-cyklistika tag-cyklistika tag-mcr-v-silnicni-cyklistice-2020 tag-petr-vakoc global-categories-cycling\" data-postid=\"9204\" role=\"article\" data-post-id=\"9204\" data-word-count=\"577\" data-headline-length=\"82\" data-category=\"Silni\u010dn\u00ed cyklistika\" data-global-category=\"Cycling\" data-author=\"Jan Kr\u016fta\" data-published=\"2020-08-15T07:30:31+02:00\" data-published-day=\"Saturday\">\n    <div class=\"entry-thumbnail article-thumbnail\" content=\"https:\/\/d2p6e6u75xmxt8.cloudfront.net\/13\/2020\/08\/vako\u010d-krakono\u0161-2-150x150.webp\"><a href=\"https:\/\/www.welovecycling.com\/cs\/2020\/08\/15\/ma-uz-devet-medaili-a-nema-dost-petr-vakoc-po-peti-letech-chci-zase-titul\/\" class=\"image-holder\" target=\"_self\"><img decoding=\"async\" loading=\"lazy\" class=\"\" src=\"https:\/\/d2p6e6u75xmxt8.cloudfront.net\/13\/2020\/08\/vako\u010d-krakono\u0161-2-1024x683.webp\" srcset=\"https:\/\/d2p6e6u75xmxt8.cloudfront.net\/13\/2020\/08\/vako\u010d-krakono\u0161-2.webp 1932w, https:\/\/d2p6e6u75xmxt8.cloudfront.net\/13\/2020\/08\/vako\u010d-krakono\u0161-2-300x200.webp 300w, https:\/\/d2p6e6u75xmxt8.cloudfront.net\/13\/2020\/08\/vako\u010d-krakono\u0161-2-1024x683.webp 1024w, https:\/\/d2p6e6u75xmxt8.cloudfront.net\/13\/2020\/08\/vako\u010d-krakono\u0161-2-768x512.webp 768w, https:\/\/d2p6e6u75xmxt8.cloudfront.net\/13\/2020\/08\/vako\u010d-krakono\u0161-2-1536x1024.webp 1536w, https:\/\/d2p6e6u75xmxt8.cloudfront.net\/13\/2020\/08\/vako\u010d-krakono\u0161-2-1920x1280.webp 1920w, https:\/\/d2p6e6u75xmxt8.cloudfront.net\/13\/2020\/08\/vako\u010d-krakono\u0161-2-272x182.webp 272w, https:\/\/d2p6e6u75xmxt8.cloudfront.net\/13\/2020\/08\/vako\u010d-krakono\u0161-2-1920x1280.webp 1920w\" width=\"1024\" height=\"683\" sizes=\"auto, (min-width: 1200px) 300px, (min-width: 768px) 25vw, 100vw\" alt=\"ma-uz-devet-medaili-a-nema-dost-petr-vakoc-po-peti-letech-chci-zase-titul\"\/><\/a><\/div>    <div class=\"entry-meta\">\n        <a class=\"label label-secondary post-category\" href=\"https:\/\/www.welovecycling.com\/cs\/category\/silnicni-cyklistika\/\" title=\"Silni\u010dn\u00ed cyklistika\">Silni\u010dn\u00ed cyklistika<\/a>\n    <\/div>\n    <div class=\"entry-details\">\n        <a href=\"https:\/\/www.welovecycling.com\/cs\/2020\/08\/15\/ma-uz-devet-medaili-a-nema-dost-petr-vakoc-po-peti-letech-chci-zase-titul\/\" class='entry-title-wrapper'>\n            <h3 class=\"entry-title\"><span>Z\u00edskal dev\u011bt medail\u00ed a nem\u00e1 dost! Petr Vako\u010d: Po p\u011bti letech chci zase titul<\/span><\/h3>\n        <\/a>\n    <\/div>\n    <\/article>\n<\/div>\n<h2><strong>Na \u0161ampion\u00e1tu se nakonec neobjev\u00ed Roman Kreuziger ani Peter Sagan. Jejich t\u00fdmy jim start p\u0159ed Tour nedoporu\u010dily nebo zak\u00e1zaly. Jde pro mistrovstv\u00ed o velk\u00e9 ochuzen\u00ed?<\/strong><\/h2>\n<p>S\u00a0t\u00edm se ned\u00e1 nic d\u011blat. Kdyby se nedej bo\u017ee na mistr\u00e1ku nakazili a p\u0159ivezli koronavirus do t\u00fdmu, bude probl\u00e9m. Sice by \u00fa\u010dast Sagana s\u00a0Kreuzigerem dodala mistr\u00e1ku je\u0161t\u011b lep\u0161\u00ed punc, ale je to realita. Pokud to t\u00fdmy maj\u00ed n\u011bjak nastaven\u00e9 a boj\u00ed se rizika, kluci proti nim nep\u016fjdou.<\/p>\n","protected":false},"excerpt":{"rendered":"<p>Dlouho usiloval o vysn\u011bn\u00fd titul, ale po\u0159\u00e1d ne a ne to klapnout. Petr Ben\u010d\u00edk se premi\u00e9rov\u00e9ho v\u00edt\u011bzstv\u00ed na mistrovstv\u00ed republiky [&hellip;]<\/p>\n","protected":false},"author":122,"featured_media":8602,"comment_status":"open","ping_status":"open","sticky":false,"template":"","format":"standard","meta":{"footnotes":""},"categories":[10],"tags":[126,1081,885,1014,9],"global-categories":[411],"class_list":["post-9322","post","type-post","status-publish","format-standard","has-post-thumbnail","hentry","category-silnicni-cyklistika","tag-cyklistika","tag-mcr-skoda-auto-2020","tag-mcr-v-silnicni-cyklistice-2020","tag-petr-bencik","tag-silnicni-cyklistika","global-categories-cycling"],"yoast_head":"<!-- This site is optimized with the Yoast SEO Premium plugin v25.3 (Yoast SEO v25.9) - https:\/\/yoast.com\/wordpress\/plugins\/seo\/ -->\n<title>Trojn\u00e1sobn\u00fd \u010desk\u00fd mistr Petr Ben\u010d\u00edk: Jen dobr\u00e1 forma na titul nesta\u010d\u00ed | \u0160koda We Love Cycling - \u010cesk\u00e1 republika<\/title>\n<meta name=\"robots\" content=\"index, follow, max-snippet:-1, max-image-preview:large, max-video-preview:-1\" \/>\n<link rel=\"canonical\" href=\"https:\/\/www.welovecycling.com\/cs\/2020\/08\/21\/trojnasobny-cesky-mistr-petr-bencik-jen-dobra-forma-na-titul-nestaci\/\" \/>\n<meta property=\"og:locale\" content=\"cs_CZ\" \/>\n<meta property=\"og:type\" content=\"article\" \/>\n<meta property=\"og:title\" content=\"Trojn\u00e1sobn\u00fd \u010desk\u00fd mistr Petr Ben\u010d\u00edk: Jen dobr\u00e1 forma na titul nesta\u010d\u00ed\" \/>\n<meta property=\"og:description\" content=\"Dlouho usiloval o vysn\u011bn\u00fd titul, ale po\u0159\u00e1d ne a ne to klapnout. Petr Ben\u010d\u00edk se premi\u00e9rov\u00e9ho v\u00edt\u011bzstv\u00ed na mistrovstv\u00ed republiky [&hellip;]\" \/>\n<meta property=\"og:url\" content=\"https:\/\/www.welovecycling.com\/cs\/2020\/08\/21\/trojnasobny-cesky-mistr-petr-bencik-jen-dobra-forma-na-titul-nestaci\/\" \/>\n<meta property=\"og:site_name\" content=\"\u0160koda We Love Cycling - \u010cesk\u00e1 republika\" \/>\n<meta property=\"article:published_time\" content=\"2020-08-21T07:00:05+00:00\" \/>\n<meta property=\"og:image\" content=\"https:\/\/d2p6e6u75xmxt8.cloudfront.net\/13\/2020\/07\/WLC-BENCIK-michal-\u010derven\u00fd.webp\" \/>\n\t<meta property=\"og:image:width\" content=\"1232\" \/>\n\t<meta property=\"og:image:height\" content=\"821\" \/>\n\t<meta property=\"og:image:type\" content=\"image\/webp\" \/>\n<meta name=\"twitter:card\" content=\"summary_large_image\" \/>\n<meta name=\"twitter:label1\" content=\"Written by\" \/>\n\t<meta name=\"twitter:data1\" content=\"Jan Kr\u016fta\" \/>\n\t<meta name=\"twitter:label2\" content=\"Est. reading time\" \/>\n\t<meta name=\"twitter:data2\" content=\"5 minut\" \/>\n<script type=\"application\/ld+json\" class=\"yoast-schema-graph\">{\"@context\":\"https:\/\/schema.org\",\"@graph\":[{\"@type\":\"WebPage\",\"@id\":\"https:\/\/www.welovecycling.com\/cs\/2020\/08\/21\/trojnasobny-cesky-mistr-petr-bencik-jen-dobra-forma-na-titul-nestaci\/\",\"url\":\"https:\/\/www.welovecycling.com\/cs\/2020\/08\/21\/trojnasobny-cesky-mistr-petr-bencik-jen-dobra-forma-na-titul-nestaci\/\",\"name\":\"Trojn\u00e1sobn\u00fd \u010desk\u00fd mistr Petr Ben\u010d\u00edk: Jen dobr\u00e1 forma na titul nesta\u010d\u00ed | \u0160koda We Love Cycling - \u010cesk\u00e1 republika\",\"isPartOf\":{\"@id\":\"https:\/\/www.welovecycling.com\/cs\/#website\"},\"primaryImageOfPage\":{\"@id\":\"https:\/\/www.welovecycling.com\/cs\/2020\/08\/21\/trojnasobny-cesky-mistr-petr-bencik-jen-dobra-forma-na-titul-nestaci\/#primaryimage\"},\"image\":{\"@id\":\"https:\/\/www.welovecycling.com\/cs\/2020\/08\/21\/trojnasobny-cesky-mistr-petr-bencik-jen-dobra-forma-na-titul-nestaci\/#primaryimage\"},\"thumbnailUrl\":\"https:\/\/d2p6e6u75xmxt8.cloudfront.net\/13\/2020\/07\/WLC-BENCIK-michal-\u010derven\u00fd.webp\",\"datePublished\":\"2020-08-21T07:00:05+00:00\",\"author\":{\"@id\":\"\"},\"inLanguage\":\"cs\",\"potentialAction\":[{\"@type\":\"ReadAction\",\"target\":[\"https:\/\/www.welovecycling.com\/cs\/2020\/08\/21\/trojnasobny-cesky-mistr-petr-bencik-jen-dobra-forma-na-titul-nestaci\/\"]}]},{\"@type\":\"ImageObject\",\"inLanguage\":\"cs\",\"@id\":\"https:\/\/www.welovecycling.com\/cs\/2020\/08\/21\/trojnasobny-cesky-mistr-petr-bencik-jen-dobra-forma-na-titul-nestaci\/#primaryimage\",\"url\":\"https:\/\/d2p6e6u75xmxt8.cloudfront.net\/13\/2020\/07\/WLC-BENCIK-michal-\u010derven\u00fd.webp\",\"contentUrl\":\"https:\/\/d2p6e6u75xmxt8.cloudfront.net\/13\/2020\/07\/WLC-BENCIK-michal-\u010derven\u00fd.webp\",\"width\":1232,\"height\":821},{\"@type\":\"WebSite\",\"@id\":\"https:\/\/www.welovecycling.com\/cs\/#website\",\"url\":\"https:\/\/www.welovecycling.com\/cs\/\",\"name\":\"\u0160koda We Love Cycling - \u010cesk\u00e1 republika\",\"description\":\"WeLoveCycling.cz je online magaz\u00edn, kter\u00fd v\u00e1m pravideln\u011b p\u0159in\u00e1\u0161\u00ed rady a tipy, zaj\u00edmav\u00e9 \u010dl\u00e1nky, videa a jedine\u010dn\u00e9 report\u00e1\u017ee ze sv\u011bta cyklistiky.\",\"potentialAction\":[{\"@type\":\"SearchAction\",\"target\":{\"@type\":\"EntryPoint\",\"urlTemplate\":\"https:\/\/www.welovecycling.com\/cs\/?s={search_term_string}\"},\"query-input\":{\"@type\":\"PropertyValueSpecification\",\"valueRequired\":true,\"valueName\":\"search_term_string\"}}],\"inLanguage\":\"cs\"},{\"@type\":\"Person\",\"@id\":\"\",\"url\":\"https:\/\/www.welovecycling.com\/cs\/author\/\"}]}<\/script>\n<!-- \/ Yoast SEO Premium plugin. -->","yoast_head_json":{"title":"Trojn\u00e1sobn\u00fd \u010desk\u00fd mistr Petr Ben\u010d\u00edk: Jen dobr\u00e1 forma na titul nesta\u010d\u00ed | \u0160koda We Love Cycling - \u010cesk\u00e1 republika","robots":{"index":"index","follow":"follow","max-snippet":"max-snippet:-1","max-image-preview":"max-image-preview:large","max-video-preview":"max-video-preview:-1"},"canonical":"https:\/\/www.welovecycling.com\/cs\/2020\/08\/21\/trojnasobny-cesky-mistr-petr-bencik-jen-dobra-forma-na-titul-nestaci\/","og_locale":"cs_CZ","og_type":"article","og_title":"Trojn\u00e1sobn\u00fd \u010desk\u00fd mistr Petr Ben\u010d\u00edk: Jen dobr\u00e1 forma na titul nesta\u010d\u00ed","og_description":"Dlouho usiloval o vysn\u011bn\u00fd titul, ale po\u0159\u00e1d ne a ne to klapnout. Petr Ben\u010d\u00edk se premi\u00e9rov\u00e9ho v\u00edt\u011bzstv\u00ed na mistrovstv\u00ed republiky [&hellip;]","og_url":"https:\/\/www.welovecycling.com\/cs\/2020\/08\/21\/trojnasobny-cesky-mistr-petr-bencik-jen-dobra-forma-na-titul-nestaci\/","og_site_name":"\u0160koda We Love Cycling - \u010cesk\u00e1 republika","article_published_time":"2020-08-21T07:00:05+00:00","og_image":[{"width":1232,"height":821,"url":"https:\/\/d2p6e6u75xmxt8.cloudfront.net\/13\/2020\/07\/WLC-BENCIK-michal-\u010derven\u00fd.webp","type":"image\/webp"}],"twitter_card":"summary_large_image","twitter_misc":{"Written by":"Jan Kr\u016fta","Est. reading time":"5 minut"},"schema":{"@context":"https:\/\/schema.org","@graph":[{"@type":"WebPage","@id":"https:\/\/www.welovecycling.com\/cs\/2020\/08\/21\/trojnasobny-cesky-mistr-petr-bencik-jen-dobra-forma-na-titul-nestaci\/","url":"https:\/\/www.welovecycling.com\/cs\/2020\/08\/21\/trojnasobny-cesky-mistr-petr-bencik-jen-dobra-forma-na-titul-nestaci\/","name":"Trojn\u00e1sobn\u00fd \u010desk\u00fd mistr Petr Ben\u010d\u00edk: Jen dobr\u00e1 forma na titul nesta\u010d\u00ed | \u0160koda We Love Cycling - \u010cesk\u00e1 republika","isPartOf":{"@id":"https:\/\/www.welovecycling.com\/cs\/#website"},"primaryImageOfPage":{"@id":"https:\/\/www.welovecycling.com\/cs\/2020\/08\/21\/trojnasobny-cesky-mistr-petr-bencik-jen-dobra-forma-na-titul-nestaci\/#primaryimage"},"image":{"@id":"https:\/\/www.welovecycling.com\/cs\/2020\/08\/21\/trojnasobny-cesky-mistr-petr-bencik-jen-dobra-forma-na-titul-nestaci\/#primaryimage"},"thumbnailUrl":"https:\/\/d2p6e6u75xmxt8.cloudfront.net\/13\/2020\/07\/WLC-BENCIK-michal-\u010derven\u00fd.webp","datePublished":"2020-08-21T07:00:05+00:00","author":{"@id":""},"inLanguage":"cs","potentialAction":[{"@type":"ReadAction","target":["https:\/\/www.welovecycling.com\/cs\/2020\/08\/21\/trojnasobny-cesky-mistr-petr-bencik-jen-dobra-forma-na-titul-nestaci\/"]}]},{"@type":"ImageObject","inLanguage":"cs","@id":"https:\/\/www.welovecycling.com\/cs\/2020\/08\/21\/trojnasobny-cesky-mistr-petr-bencik-jen-dobra-forma-na-titul-nestaci\/#primaryimage","url":"https:\/\/d2p6e6u75xmxt8.cloudfront.net\/13\/2020\/07\/WLC-BENCIK-michal-\u010derven\u00fd.webp","contentUrl":"https:\/\/d2p6e6u75xmxt8.cloudfront.net\/13\/2020\/07\/WLC-BENCIK-michal-\u010derven\u00fd.webp","width":1232,"height":821},{"@type":"WebSite","@id":"https:\/\/www.welovecycling.com\/cs\/#website","url":"https:\/\/www.welovecycling.com\/cs\/","name":"\u0160koda We Love Cycling - \u010cesk\u00e1 republika","description":"WeLoveCycling.cz je online magaz\u00edn, kter\u00fd v\u00e1m pravideln\u011b p\u0159in\u00e1\u0161\u00ed rady a tipy, zaj\u00edmav\u00e9 \u010dl\u00e1nky, videa a jedine\u010dn\u00e9 report\u00e1\u017ee ze sv\u011bta cyklistiky.","potentialAction":[{"@type":"SearchAction","target":{"@type":"EntryPoint","urlTemplate":"https:\/\/www.welovecycling.com\/cs\/?s={search_term_string}"},"query-input":{"@type":"PropertyValueSpecification","valueRequired":true,"valueName":"search_term_string"}}],"inLanguage":"cs"},{"@type":"Person","@id":"","url":"https:\/\/www.welovecycling.com\/cs\/author\/"}]}},"_links":{"self":[{"href":"https:\/\/www.welovecycling.com\/cs\/wp-json\/wp\/v2\/posts\/9322","targetHints":{"allow":["GET"]}}],"collection":[{"href":"https:\/\/www.welovecycling.com\/cs\/wp-json\/wp\/v2\/posts"}],"about":[{"href":"https:\/\/www.welovecycling.com\/cs\/wp-json\/wp\/v2\/types\/post"}],"author":[{"embeddable":true,"href":"https:\/\/www.welovecycling.com\/cs\/wp-json\/wp\/v2\/users\/122"}],"replies":[{"embeddable":true,"href":"https:\/\/www.welovecycling.com\/cs\/wp-json\/wp\/v2\/comments?post=9322"}],"version-history":[{"count":2,"href":"https:\/\/www.welovecycling.com\/cs\/wp-json\/wp\/v2\/posts\/9322\/revisions"}],"predecessor-version":[{"id":9324,"href":"https:\/\/www.welovecycling.com\/cs\/wp-json\/wp\/v2\/posts\/9322\/revisions\/9324"}],"wp:featuredmedia":[{"embeddable":true,"href":"https:\/\/www.welovecycling.com\/cs\/wp-json\/wp\/v2\/media\/8602"}],"wp:attachment":[{"href":"https:\/\/www.welovecycling.com\/cs\/wp-json\/wp\/v2\/media?parent=9322"}],"wp:term":[{"taxonomy":"category","embeddable":true,"href":"https:\/\/www.welovecycling.com\/cs\/wp-json\/wp\/v2\/categories?post=9322"},{"taxonomy":"post_tag","embeddable":true,"href":"https:\/\/www.welovecycling.com\/cs\/wp-json\/wp\/v2\/tags?post=9322"},{"taxonomy":"global-categories","embeddable":true,"href":"https:\/\/www.welovecycling.com\/cs\/wp-json\/wp\/v2\/global-categories?post=9322"}],"curies":[{"name":"wp","href":"https:\/\/api.w.org\/{rel}","templated":true}]}}