{"id":9125,"date":"2020-08-10T11:42:46","date_gmt":"2020-08-10T09:42:46","guid":{"rendered":"https:\/\/www.welovecycling.com\/cs\/?p=9125"},"modified":"2020-08-29T09:15:45","modified_gmt":"2020-08-29T07:15:45","slug":"vzhuru-do-sedel-soutez-o-3denni-vip-navstevu-tour-de-france-startuje","status":"publish","type":"post","link":"https:\/\/www.welovecycling.com\/cs\/2020\/08\/10\/vzhuru-do-sedel-soutez-o-3denni-vip-navstevu-tour-de-france-startuje\/","title":{"rendered":"Sout\u011b\u017e o 3denn\u00ed VIP n\u00e1v\u0161t\u011bvu Tour de France zn\u00e1 sv\u00e9 v\u00edt\u011bze!"},"content":{"rendered":"<p>Jen nejv\u011bt\u0161\u00ed hv\u011bzdy sv\u011btov\u00e9 cyklistiky maj\u00ed garantovan\u00e1 m\u00edsta na Tour de France, nejv\u011bt\u0161\u00edm z\u00e1vod\u011b planety! \u0160koda We Love Cycling v\u00e1m i v tomto ro\u010dn\u00edku nab\u00eddla pozici v pelotonu p\u0159i jedn\u00e9 z etap nejslavn\u011bj\u0161\u00edho cyklistick\u00e9ho kl\u00e1n\u00ed.<\/p>\n<p>Ji\u017e po sedmn\u00e1ct\u00e9 se st\u00e1v\u00e1 \u0160koda AUTO ofici\u00e1ln\u00edm partnerem Tour de France a op\u011bt d\u00e1v\u00e1 sv\u00fdm p\u0159\u00edznivc\u016fm \u0161anci pro\u017e\u00edt z\u00e1vod tak, jak se v\u00e1m ani nesnilo. Sout\u011b\u017e o 3denn\u00ed VIP n\u00e1v\u0161t\u011bvu Tour de France s par\u00e1dn\u011b na\u0161l\u00e1pnut\u00fdm programem byla ukon\u010dena \u00a0a zn\u00e1 sv\u00e9 v\u00edt\u011bze, je\u017e se stanou VIP n\u00e1v\u0161t\u011bvn\u00edky Tour. A t\u011b\u0161it se m\u016f\u017eou na profesion\u00e1ln\u00ed servis od za\u010d\u00e1tku do konce!<\/p>\n<h2><strong>Tr\u00e9nink s v\u00edt\u011bzem Tour de France<\/strong><\/h2>\n<p>Bud\u00ed\u010dek! Hned prvn\u00ed r\u00e1no po p\u0159\u00edletu budou m\u00edt v\u00edt\u011bzov\u00e9 na\u0161\u00ed sout\u011b\u017ee mo\u017enost potr\u00e9novat na kole s\u00a0b\u00fdval\u00fdm profi cyklistou Andy Schleckem, v\u00edt\u011bzem Tour de France 2010.<\/p>\n<p>Po vydechnut\u00ed a skv\u011bl\u00e9 sn\u00eddani odstartuje ten prav\u00fd z\u00e1vodn\u00ed koloto\u010d.<\/p>\n<p>T\u011bsn\u011b p\u0159ed startem se pod\u00edv\u00e1me do z\u00e1vodn\u00ed vesni\u010dky, abychom nas\u00e1li neopakovatelnou atmosf\u00e9ru ze z\u00e1zem\u00ed sv\u011btov\u00fdch t\u00fdm\u016f. Potom nasedneme do doprovodn\u00e9ho vozu cel\u00e9ho pelotonu a vyraz\u00edme na tra\u0165 spolu s z\u00e1vodn\u00edky.<\/p>\n<h2><strong>Helikopt\u00e9rou nad peloton<\/strong><\/h2>\n<p>V\u00edt\u011bz\u016fm na\u0161\u00ed sout\u011b\u017ee v\u0161ak umo\u017en\u00edme i zm\u011bnit \u00fahel pohledu na z\u00e1vod. Priv\u00e1tn\u00ed helikopt\u00e9ra ji\u017e \u010dek\u00e1 na povel vzl\u00e9tnout. Vzneseme se v\u00a0n\u00ed nad z\u00e1vodn\u00ed pole a dop\u0159ejeme si kr\u00e1lovsk\u00fd v\u00fdhled!<\/p>\n<p>A co d\u00e1l? P\u0159eci po\u0159\u00e1dn\u011b si zafandit. Pro takov\u00fd \u00fa\u010del je nejlep\u0161\u00ed zastavit se na pikniku u cesty, kolem kter\u00e9ho se u\u017e za chv\u00edli pro\u017eenou v\u0161ichni jezdci.<\/p>\n<p>A ani v\u00a0c\u00edli nebudeme chyb\u011bt. \u0160koda WeLoveCycling tam dostane na\u0161e v\u00edt\u011bze pr\u00e1v\u011b v\u010das pro sledov\u00e1n\u00ed nap\u00ednav\u00fdch z\u00e1v\u011bre\u010dn\u00e9 boj\u016f o etapovou bednu.<\/p>\n<p>Slibujeme, \u017ee to bude j\u00edzda, jakou jste neza\u017eili!<\/p>\n<ul>\n<li><strong>Letenky<\/strong><\/li>\n<li><strong>VIP hotel a program<\/strong><\/li>\n<li><strong>Atmosf\u00e9ra z\u00e1vodn\u00edch t\u00fdm\u016f<\/strong><\/li>\n<li><strong>Proj\u00ed\u017e\u010fka s\u00a0cyklistickou legendou<\/strong><\/li>\n<li><strong>Let vrtuln\u00edkem nad pelotonem<\/strong><\/li>\n<li><strong>J\u00edzda v\u00a0tra\u0165ov\u00e9m voze s pelotonem<\/strong><\/li>\n<\/ul>\n<p><a href=\"https:\/\/d2p6e6u75xmxt8.cloudfront.net\/13\/2020\/08\/SKO033_TDF_desktop-clanek-1920x1106-hlavni-3.png\"><img loading=\"lazy\" decoding=\"async\" class=\"alignnone size-full wp-image-9162\" src=\"https:\/\/d2p6e6u75xmxt8.cloudfront.net\/13\/2020\/08\/SKO033_TDF_desktop-clanek-1920x1106-hlavni-3.png\" alt=\"\" width=\"1920\" height=\"1106\" \/><\/a><\/p>\n<h2><strong>T\u011b\u0161te se i na spoustu dal\u0161\u00edch naTOURovan\u00fdch cen<\/strong><\/h2>\n<p>Sledujte po dobu Tour de France \u010dl\u00e1nky na We Love Cycling a na\u0161e soci\u00e1ln\u00ed s\u00edt\u011b <a href=\"https:\/\/www.facebook.com\/welovecycling.cz\" target=\"_blank\" rel=\"noopener noreferrer\">Facebook<\/a>\u00a0i\u00a0<a href=\"https:\/\/www.instagram.com\/welovecycling.cz\/\" target=\"_blank\" rel=\"noopener noreferrer\">Instagram<\/a>\u00a0a bu\u010fte p\u0159ipraveni na nov\u00e9 v\u00fdzvy, tipovac\u00ed ot\u00e1zky a cyklo kv\u00edzy. Ne\u017e z\u00e1vodn\u00edci prol\u00e9tnou Champs Elys\u00e9es a ukon\u010d\u00ed leto\u0161n\u00ed Tour, d\u00e1me v\u00e1m \u0161anci z\u00edskat 1 zelen\u00fd trikot podepsan\u00fd nejrychlej\u0161\u00edm z\u00e1vodn\u00edkem leto\u0161n\u00ed tour a celou \u0159adu skv\u011bl\u00fdch cyklo dopl\u0148k\u016f.<\/p>\n<p>Kompletn\u00ed pravidla sout\u011b\u017ee najdete <u><a href=\"https:\/\/d2p6e6u75xmxt8.cloudfront.net\/13\/2020\/08\/TOUR-200807_S\u00eeA_Pravidla-soute\u00eez\u00eee-na-TdF.pdf\" target=\"_blank\" rel=\"noopener noreferrer\">zde<\/a>.<\/u><\/p>\n","protected":false},"excerpt":{"rendered":"<p>Jen nejv\u011bt\u0161\u00ed hv\u011bzdy sv\u011btov\u00e9 cyklistiky maj\u00ed garantovan\u00e1 m\u00edsta na Tour de France, nejv\u011bt\u0161\u00edm z\u00e1vod\u011b planety! \u0160koda We Love Cycling v\u00e1m [&hellip;]<\/p>\n","protected":false},"author":122,"featured_media":9126,"comment_status":"open","ping_status":"open","sticky":false,"template":"","format":"standard","meta":{"footnotes":""},"categories":[150,243],"tags":[126,1068,9,1069,23],"global-categories":[411],"class_list":["post-9125","post","type-post","status-publish","format-standard","has-post-thumbnail","hentry","category-soutez","category-welovecycling-com-cs-tdf","tag-cyklistika","tag-pobyt-na-tour-de-france","tag-silnicni-cyklistika","tag-soutez","tag-tour-de-france","global-categories-cycling"],"yoast_head":"<!-- This site is optimized with the Yoast SEO Premium plugin v25.3 (Yoast SEO v25.9) - https:\/\/yoast.com\/wordpress\/plugins\/seo\/ -->\n<title>Sout\u011b\u017e o 3denn\u00ed VIP n\u00e1v\u0161t\u011bvu Tour de France zn\u00e1 sv\u00e9 v\u00edt\u011bze! | \u0160koda We Love Cycling - \u010cesk\u00e1 republika<\/title>\n<meta name=\"robots\" content=\"index, follow, max-snippet:-1, max-image-preview:large, max-video-preview:-1\" \/>\n<link rel=\"canonical\" href=\"https:\/\/www.welovecycling.com\/cs\/2020\/08\/10\/vzhuru-do-sedel-soutez-o-3denni-vip-navstevu-tour-de-france-startuje\/\" \/>\n<meta property=\"og:locale\" content=\"cs_CZ\" \/>\n<meta property=\"og:type\" content=\"article\" \/>\n<meta property=\"og:title\" content=\"Sout\u011b\u017e o 3denn\u00ed VIP n\u00e1v\u0161t\u011bvu Tour de France zn\u00e1 sv\u00e9 v\u00edt\u011bze!\" \/>\n<meta property=\"og:description\" content=\"Jen nejv\u011bt\u0161\u00ed hv\u011bzdy sv\u011btov\u00e9 cyklistiky maj\u00ed garantovan\u00e1 m\u00edsta na Tour de France, nejv\u011bt\u0161\u00edm z\u00e1vod\u011b planety! \u0160koda We Love Cycling v\u00e1m [&hellip;]\" \/>\n<meta property=\"og:url\" content=\"https:\/\/www.welovecycling.com\/cs\/2020\/08\/10\/vzhuru-do-sedel-soutez-o-3denni-vip-navstevu-tour-de-france-startuje\/\" \/>\n<meta property=\"og:site_name\" content=\"\u0160koda We Love Cycling - \u010cesk\u00e1 republika\" \/>\n<meta property=\"article:published_time\" content=\"2020-08-10T09:42:46+00:00\" \/>\n<meta property=\"article:modified_time\" content=\"2020-08-29T07:15:45+00:00\" \/>\n<meta property=\"og:image\" content=\"https:\/\/d2p6e6u75xmxt8.cloudfront.net\/13\/2020\/08\/TourSKO033_TDF_desktop-1380x600-1.webp\" \/>\n\t<meta property=\"og:image:width\" content=\"1380\" \/>\n\t<meta property=\"og:image:height\" content=\"600\" \/>\n\t<meta property=\"og:image:type\" content=\"image\/webp\" \/>\n<meta name=\"twitter:card\" content=\"summary_large_image\" \/>\n<meta name=\"twitter:label1\" content=\"Written by\" \/>\n\t<meta name=\"twitter:data1\" content=\"We Love Cycling\" \/>\n\t<meta name=\"twitter:label2\" content=\"Est. reading time\" \/>\n\t<meta name=\"twitter:data2\" content=\"5\" \/>\n<script type=\"application\/ld+json\" class=\"yoast-schema-graph\">{\"@context\":\"https:\/\/schema.org\",\"@graph\":[{\"@type\":\"WebPage\",\"@id\":\"https:\/\/www.welovecycling.com\/cs\/2020\/08\/10\/vzhuru-do-sedel-soutez-o-3denni-vip-navstevu-tour-de-france-startuje\/\",\"url\":\"https:\/\/www.welovecycling.com\/cs\/2020\/08\/10\/vzhuru-do-sedel-soutez-o-3denni-vip-navstevu-tour-de-france-startuje\/\",\"name\":\"Sout\u011b\u017e o 3denn\u00ed VIP n\u00e1v\u0161t\u011bvu Tour de France zn\u00e1 sv\u00e9 v\u00edt\u011bze! | \u0160koda We Love Cycling - \u010cesk\u00e1 republika\",\"isPartOf\":{\"@id\":\"https:\/\/www.welovecycling.com\/cs\/#website\"},\"primaryImageOfPage\":{\"@id\":\"https:\/\/www.welovecycling.com\/cs\/2020\/08\/10\/vzhuru-do-sedel-soutez-o-3denni-vip-navstevu-tour-de-france-startuje\/#primaryimage\"},\"image\":{\"@id\":\"https:\/\/www.welovecycling.com\/cs\/2020\/08\/10\/vzhuru-do-sedel-soutez-o-3denni-vip-navstevu-tour-de-france-startuje\/#primaryimage\"},\"thumbnailUrl\":\"https:\/\/d2p6e6u75xmxt8.cloudfront.net\/13\/2020\/08\/TourSKO033_TDF_desktop-1380x600-1.webp\",\"datePublished\":\"2020-08-10T09:42:46+00:00\",\"dateModified\":\"2020-08-29T07:15:45+00:00\",\"author\":{\"@id\":\"\"},\"inLanguage\":\"cs\",\"potentialAction\":[{\"@type\":\"ReadAction\",\"target\":[\"https:\/\/www.welovecycling.com\/cs\/2020\/08\/10\/vzhuru-do-sedel-soutez-o-3denni-vip-navstevu-tour-de-france-startuje\/\"]}]},{\"@type\":\"ImageObject\",\"inLanguage\":\"cs\",\"@id\":\"https:\/\/www.welovecycling.com\/cs\/2020\/08\/10\/vzhuru-do-sedel-soutez-o-3denni-vip-navstevu-tour-de-france-startuje\/#primaryimage\",\"url\":\"https:\/\/d2p6e6u75xmxt8.cloudfront.net\/13\/2020\/08\/TourSKO033_TDF_desktop-1380x600-1.webp\",\"contentUrl\":\"https:\/\/d2p6e6u75xmxt8.cloudfront.net\/13\/2020\/08\/TourSKO033_TDF_desktop-1380x600-1.webp\",\"width\":1380,\"height\":600},{\"@type\":\"WebSite\",\"@id\":\"https:\/\/www.welovecycling.com\/cs\/#website\",\"url\":\"https:\/\/www.welovecycling.com\/cs\/\",\"name\":\"\u0160koda We Love Cycling - \u010cesk\u00e1 republika\",\"description\":\"WeLoveCycling.cz je online magaz\u00edn, kter\u00fd v\u00e1m pravideln\u011b p\u0159in\u00e1\u0161\u00ed rady a tipy, zaj\u00edmav\u00e9 \u010dl\u00e1nky, videa a jedine\u010dn\u00e9 report\u00e1\u017ee ze sv\u011bta cyklistiky.\",\"potentialAction\":[{\"@type\":\"SearchAction\",\"target\":{\"@type\":\"EntryPoint\",\"urlTemplate\":\"https:\/\/www.welovecycling.com\/cs\/?s={search_term_string}\"},\"query-input\":{\"@type\":\"PropertyValueSpecification\",\"valueRequired\":true,\"valueName\":\"search_term_string\"}}],\"inLanguage\":\"cs\"},{\"@type\":\"Person\",\"@id\":\"\",\"url\":\"https:\/\/www.welovecycling.com\/cs\/author\/\"}]}<\/script>\n<!-- \/ Yoast SEO Premium plugin. -->","yoast_head_json":{"title":"Sout\u011b\u017e o 3denn\u00ed VIP n\u00e1v\u0161t\u011bvu Tour de France zn\u00e1 sv\u00e9 v\u00edt\u011bze! | \u0160koda We Love Cycling - \u010cesk\u00e1 republika","robots":{"index":"index","follow":"follow","max-snippet":"max-snippet:-1","max-image-preview":"max-image-preview:large","max-video-preview":"max-video-preview:-1"},"canonical":"https:\/\/www.welovecycling.com\/cs\/2020\/08\/10\/vzhuru-do-sedel-soutez-o-3denni-vip-navstevu-tour-de-france-startuje\/","og_locale":"cs_CZ","og_type":"article","og_title":"Sout\u011b\u017e o 3denn\u00ed VIP n\u00e1v\u0161t\u011bvu Tour de France zn\u00e1 sv\u00e9 v\u00edt\u011bze!","og_description":"Jen nejv\u011bt\u0161\u00ed hv\u011bzdy sv\u011btov\u00e9 cyklistiky maj\u00ed garantovan\u00e1 m\u00edsta na Tour de France, nejv\u011bt\u0161\u00edm z\u00e1vod\u011b planety! \u0160koda We Love Cycling v\u00e1m [&hellip;]","og_url":"https:\/\/www.welovecycling.com\/cs\/2020\/08\/10\/vzhuru-do-sedel-soutez-o-3denni-vip-navstevu-tour-de-france-startuje\/","og_site_name":"\u0160koda We Love Cycling - \u010cesk\u00e1 republika","article_published_time":"2020-08-10T09:42:46+00:00","article_modified_time":"2020-08-29T07:15:45+00:00","og_image":[{"width":1380,"height":600,"url":"https:\/\/d2p6e6u75xmxt8.cloudfront.net\/13\/2020\/08\/TourSKO033_TDF_desktop-1380x600-1.webp","type":"image\/webp"}],"twitter_card":"summary_large_image","twitter_misc":{"Written by":"We Love Cycling","Est. reading time":"5"},"schema":{"@context":"https:\/\/schema.org","@graph":[{"@type":"WebPage","@id":"https:\/\/www.welovecycling.com\/cs\/2020\/08\/10\/vzhuru-do-sedel-soutez-o-3denni-vip-navstevu-tour-de-france-startuje\/","url":"https:\/\/www.welovecycling.com\/cs\/2020\/08\/10\/vzhuru-do-sedel-soutez-o-3denni-vip-navstevu-tour-de-france-startuje\/","name":"Sout\u011b\u017e o 3denn\u00ed VIP n\u00e1v\u0161t\u011bvu Tour de France zn\u00e1 sv\u00e9 v\u00edt\u011bze! | \u0160koda We Love Cycling - \u010cesk\u00e1 republika","isPartOf":{"@id":"https:\/\/www.welovecycling.com\/cs\/#website"},"primaryImageOfPage":{"@id":"https:\/\/www.welovecycling.com\/cs\/2020\/08\/10\/vzhuru-do-sedel-soutez-o-3denni-vip-navstevu-tour-de-france-startuje\/#primaryimage"},"image":{"@id":"https:\/\/www.welovecycling.com\/cs\/2020\/08\/10\/vzhuru-do-sedel-soutez-o-3denni-vip-navstevu-tour-de-france-startuje\/#primaryimage"},"thumbnailUrl":"https:\/\/d2p6e6u75xmxt8.cloudfront.net\/13\/2020\/08\/TourSKO033_TDF_desktop-1380x600-1.webp","datePublished":"2020-08-10T09:42:46+00:00","dateModified":"2020-08-29T07:15:45+00:00","author":{"@id":""},"inLanguage":"cs","potentialAction":[{"@type":"ReadAction","target":["https:\/\/www.welovecycling.com\/cs\/2020\/08\/10\/vzhuru-do-sedel-soutez-o-3denni-vip-navstevu-tour-de-france-startuje\/"]}]},{"@type":"ImageObject","inLanguage":"cs","@id":"https:\/\/www.welovecycling.com\/cs\/2020\/08\/10\/vzhuru-do-sedel-soutez-o-3denni-vip-navstevu-tour-de-france-startuje\/#primaryimage","url":"https:\/\/d2p6e6u75xmxt8.cloudfront.net\/13\/2020\/08\/TourSKO033_TDF_desktop-1380x600-1.webp","contentUrl":"https:\/\/d2p6e6u75xmxt8.cloudfront.net\/13\/2020\/08\/TourSKO033_TDF_desktop-1380x600-1.webp","width":1380,"height":600},{"@type":"WebSite","@id":"https:\/\/www.welovecycling.com\/cs\/#website","url":"https:\/\/www.welovecycling.com\/cs\/","name":"\u0160koda We Love Cycling - \u010cesk\u00e1 republika","description":"WeLoveCycling.cz je online magaz\u00edn, kter\u00fd v\u00e1m pravideln\u011b p\u0159in\u00e1\u0161\u00ed rady a tipy, zaj\u00edmav\u00e9 \u010dl\u00e1nky, videa a jedine\u010dn\u00e9 report\u00e1\u017ee ze sv\u011bta cyklistiky.","potentialAction":[{"@type":"SearchAction","target":{"@type":"EntryPoint","urlTemplate":"https:\/\/www.welovecycling.com\/cs\/?s={search_term_string}"},"query-input":{"@type":"PropertyValueSpecification","valueRequired":true,"valueName":"search_term_string"}}],"inLanguage":"cs"},{"@type":"Person","@id":"","url":"https:\/\/www.welovecycling.com\/cs\/author\/"}]}},"_links":{"self":[{"href":"https:\/\/www.welovecycling.com\/cs\/wp-json\/wp\/v2\/posts\/9125","targetHints":{"allow":["GET"]}}],"collection":[{"href":"https:\/\/www.welovecycling.com\/cs\/wp-json\/wp\/v2\/posts"}],"about":[{"href":"https:\/\/www.welovecycling.com\/cs\/wp-json\/wp\/v2\/types\/post"}],"author":[{"embeddable":true,"href":"https:\/\/www.welovecycling.com\/cs\/wp-json\/wp\/v2\/users\/122"}],"replies":[{"embeddable":true,"href":"https:\/\/www.welovecycling.com\/cs\/wp-json\/wp\/v2\/comments?post=9125"}],"version-history":[{"count":2,"href":"https:\/\/www.welovecycling.com\/cs\/wp-json\/wp\/v2\/posts\/9125\/revisions"}],"predecessor-version":[{"id":9485,"href":"https:\/\/www.welovecycling.com\/cs\/wp-json\/wp\/v2\/posts\/9125\/revisions\/9485"}],"wp:featuredmedia":[{"embeddable":true,"href":"https:\/\/www.welovecycling.com\/cs\/wp-json\/wp\/v2\/media\/9126"}],"wp:attachment":[{"href":"https:\/\/www.welovecycling.com\/cs\/wp-json\/wp\/v2\/media?parent=9125"}],"wp:term":[{"taxonomy":"category","embeddable":true,"href":"https:\/\/www.welovecycling.com\/cs\/wp-json\/wp\/v2\/categories?post=9125"},{"taxonomy":"post_tag","embeddable":true,"href":"https:\/\/www.welovecycling.com\/cs\/wp-json\/wp\/v2\/tags?post=9125"},{"taxonomy":"global-categories","embeddable":true,"href":"https:\/\/www.welovecycling.com\/cs\/wp-json\/wp\/v2\/global-categories?post=9125"}],"curies":[{"name":"wp","href":"https:\/\/api.w.org\/{rel}","templated":true}]}}