{"id":9050,"date":"2020-08-04T07:00:00","date_gmt":"2020-08-04T05:00:00","guid":{"rendered":"https:\/\/www.welovecycling.com\/cs\/?p=9050"},"modified":"2020-08-03T19:22:33","modified_gmt":"2020-08-03T17:22:33","slug":"80-000-ucastniku-virtualni-tour-de-france-tahla-nad-ocekavani","status":"publish","type":"post","link":"https:\/\/www.welovecycling.com\/cs\/2020\/08\/04\/80-000-ucastniku-virtualni-tour-de-france-tahla-nad-ocekavani\/","title":{"rendered":"80\u00a0000 \u00fa\u010dastn\u00edk\u016f? Virtu\u00e1ln\u00ed Tour de France t\u00e1hla nad o\u010dek\u00e1v\u00e1n\u00ed"},"content":{"rendered":"<p><strong>Rok 2020 kv\u016fli pandemii koronaviru po\u0159\u00e1dn\u011b zat\u0159\u00e1sl celou planetou a krizov\u00e9 sc\u00e9n\u00e1\u0159e se nevyhnuly ani sv\u011btu cyklistiky. V\u016fbec poprv\u00e9 tak \u010dervenec nepat\u0159il legend\u00e1rn\u00ed Tour de France, n\u00fdbr\u017e jej\u00ed virtu\u00e1ln\u00ed podob\u011b. A jak poznamenal v\u00a0na\u0161em po\u0159adu #Ride2Unite \u0161\u00e9f medi\u00e1ln\u00ed sekce Amaury Sports Organization Julien Goupil, byla nejist\u00e1 premi\u00e9ra nadm\u00edru \u00fasp\u011b\u0161n\u00e1.<\/strong><\/p>\n<p>Virtu\u00e1ln\u00ed Tour se jela na digit\u00e1ln\u00ed platform\u011b Zwift b\u011bhem t\u0159\u00ed \u010dervencov\u00fdch v\u00edkend\u016f a do boje o v\u0161echny \u010dty\u0159i ikonick\u00e9 dresy v\u010detn\u011b zelen\u00e9ho \u0160koda trikotu pro nejlep\u0161\u00edho sprintera se se\u0161ikovaly elitn\u00ed st\u00e1je ProTour. Pro triumf si po \u0161esti etap\u00e1ch, kter\u00e9 si na platform\u011b mohli odjet i amat\u00e9r\u0161t\u00ed cyklist\u00e9, dojel t\u00fdm Romana Kreuzigera NTT Pro Cycling.<\/p>\n<h2><strong>\u010cervenec bez Tour je nemysliteln\u00fd<\/strong><\/h2>\n<p>Jak vlastn\u011b n\u00e1pad uspo\u0159\u00e1dat digit\u00e1ln\u00ed Tour vznikl? Podle Goupila se uk\u00e1zala jako hlavn\u00ed idea, \u017ee \u010dervenec prost\u011b bez Star\u00e9 d\u00e1my nem\u016f\u017ee b\u00fdt (re\u00e1ln\u00e1 Tour m\u011bla startovat 27. \u010dervna a po odkladu by m\u011bla za\u010d\u00edt 29. srpna). A spole\u010dnost A.S.O. rovn\u011b\u017e spojila virtu\u00e1ln\u00ed z\u00e1vod s\u00a0charitou na podporu subjekt\u016f zasa\u017een\u00fdch koronavirovou kriz\u00ed.<\/p>\n<div class=\"shortcode-ys-post-pinup\"><article class=\"loop-simple post-8214 post type-post status-publish format-standard has-post-thumbnail hentry category-welovecycling-com-cs-tdf tag-christian-prudhomme tag-cyklistika tag-silnicni-cyklistika tag-tour-de-france-2020 global-categories-cycling\" data-postid=\"8214\" role=\"article\" data-post-id=\"8214\" data-word-count=\"695\" data-headline-length=\"80\" data-category=\"TdF\" data-global-category=\"Cycling\" data-author=\"Adam Bouda\" data-published=\"2020-07-08T18:30:18+02:00\" data-published-day=\"Wednesday\">\n    <div class=\"entry-thumbnail article-thumbnail\" content=\"https:\/\/d2p6e6u75xmxt8.cloudfront.net\/13\/2019\/08\/Obrazek1-150x150.webp\"><a href=\"https:\/\/www.welovecycling.com\/cs\/2020\/07\/08\/jak-francouzi-meli-tri-mesice-na-pripravy-nove-a-lepsi-tour-de-france\/\" class=\"image-holder\" target=\"_self\"><img decoding=\"async\" loading=\"lazy\" class=\"\" src=\"https:\/\/d2p6e6u75xmxt8.cloudfront.net\/13\/2019\/08\/Obrazek1.webp\" srcset=\"https:\/\/d2p6e6u75xmxt8.cloudfront.net\/13\/2019\/08\/Obrazek1.webp 943w, https:\/\/d2p6e6u75xmxt8.cloudfront.net\/13\/2019\/08\/Obrazek1-300x200.webp 300w, https:\/\/d2p6e6u75xmxt8.cloudfront.net\/13\/2019\/08\/Obrazek1-768x512.webp 768w, https:\/\/d2p6e6u75xmxt8.cloudfront.net\/13\/2019\/08\/Obrazek1-272x182.webp 272w\" width=\"943\" height=\"629\" sizes=\"auto, (min-width: 1200px) 300px, (min-width: 768px) 25vw, 100vw\" alt=\"jak-francouzi-meli-tri-mesice-na-pripravy-nove-a-lepsi-tour-de-france\"\/><\/a><\/div>    <div class=\"entry-meta\">\n        <a class=\"label label-secondary post-category\" href=\"https:\/\/www.welovecycling.com\/cs\/category\/welovecycling-com-cs-tdf\/\" title=\"TdF\">TdF<\/a>\n    <\/div>\n    <div class=\"entry-details\">\n        <a href=\"https:\/\/www.welovecycling.com\/cs\/2020\/07\/08\/jak-francouzi-meli-tri-mesice-na-pripravy-nove-a-lepsi-tour-de-france\/\" class='entry-title-wrapper'>\n            <h3 class=\"entry-title\"><span>Jak Francouzi m\u011bli t\u0159i m\u011bs\u00edce na p\u0159\u00edpravy nov\u00e9 (a lep\u0161\u00ed) Tour de France<\/span><\/h3>\n        <\/a>\n    <\/div>\n    <\/article>\n<\/div>\n<p>Pr\u016fb\u011bh \u010dervencov\u00e9ho z\u00e1vodu samotn\u00e9 organiz\u00e1tory p\u0159ekvapil. \u201ePopravd\u011b, byl to velk\u00fd \u00fasp\u011bch. M\u00e1me skv\u011blou zp\u011btnou vazbu od cyklistick\u00e9 komunity, zejm\u00e9na od t\u00fdm\u016f a jezdc\u016f, pro kter\u00e9 to byla skv\u011bl\u00e1 p\u0159\u00edle\u017eitost, jak se uk\u00e1zat. N\u00e1pad si rovn\u011b\u017e pochvalovaly televize, p\u0159\u00edm\u00e9 p\u0159enosy \u0161ly na dvaceti stanic\u00edch nap\u0159\u00ed\u010d planetou. A rovn\u011b\u017e jsme m\u011bli osmdes\u00e1t tis\u00edc zaregistrovan\u00fdch cyklist\u016f, kte\u0159\u00ed se virtu\u00e1ln\u00edho z\u00e1vodu z\u00fa\u010dastnili. To, mysl\u00edm, nebyl \u0161patn\u00fd start,\u201c poznamenal Goupil v #Ride2Unite.<\/p>\n<h2><strong>Zwift jako konzistentn\u00ed platforma<\/strong><\/h2>\n<p>Veden\u00ed Tour rozhodlo o p\u0159elo\u017een\u00ed startu z\u00e1vodu v\u00a0polovin\u011b dubna a nedlouho pot\u00e9 za\u010daly intenzivn\u00ed p\u0159\u00edpravy na virtu\u00e1ln\u00ed podobu Star\u00e9 d\u00e1my. Co pat\u0159ilo k\u00a0nejv\u011bt\u0161\u00edm v\u00fdzv\u00e1m?<\/p>\n<p><a href=\"https:\/\/d2p6e6u75xmxt8.cloudfront.net\/13\/2020\/07\/WLC-virtual-tour.jpg\"><img loading=\"lazy\" decoding=\"async\" class=\"alignnone size-full wp-image-8218\" src=\"https:\/\/d2p6e6u75xmxt8.cloudfront.net\/13\/2020\/07\/WLC-virtual-tour.jpg\" alt=\"\" width=\"1712\" height=\"960\" \/><\/a><\/p>\n<p>\u201eNejt\u011b\u017e\u0161\u00ed bylo vymyslet koncept cel\u00e9ho z\u00e1vodu, s\u00a0ohledem na v\u00fdvoj situace jsme jej museli n\u011bkolikr\u00e1t m\u011bnit. Nedok\u00e1zali jsme si p\u0159edstavit, jak budeme schopni sladit program jezdc\u016f, kte\u0159\u00ed byli rozeseti na r\u016fzn\u00fdch m\u00edstech a v\u00a0r\u016fzn\u00fdch f\u00e1z\u00edch p\u0159\u00edpravy,\u201c p\u0159ibl\u00ed\u017eil Goupil.<\/p>\n<p>Jak si v\u0161echno nakonec sedlo? \u201eRozhodli jsme se zapojit do p\u0159\u00edpravy celou komunitu, st\u00e1je i jejich z\u00e1vodn\u00edky. To se uk\u00e1zalo jako kl\u00ed\u010dov\u00e1 v\u011bc, kter\u00e1 se podle m\u00e9ho n\u00e1zoru opravdu povedla. Druh\u00fd o\u0159\u00ed\u0161ek se t\u00fdkal v\u00fdb\u011bru technick\u00fdch partner\u016f. I v tomto ohledu jsme m\u011bli \u0161\u0165astnou ruku, proto\u017ee se Zwift uk\u00e1zal jako zcela konzistentn\u00ed platforma. T\u0159et\u00ed slo\u017eitou v\u011bc\u00ed pak bylo zaji\u0161t\u011bn\u00ed dobr\u00e9 prezentace v\u0161ech na\u0161ich partner\u016f,\u201c poznamenal Goupil.<\/p>\n<div class=\"shortcode-ys-post-pinup\"><article class=\"loop-simple post-8293 post type-post status-publish format-standard has-post-thumbnail hentry category-silnicni-cyklistika tag-cyklistika tag-luke-roberts tag-sunweb tag-trenink tag-virtualni-zavody global-categories-cycling\" data-postid=\"8293\" role=\"article\" data-post-id=\"8293\" data-word-count=\"405\" data-headline-length=\"65\" data-category=\"Silni\u010dn\u00ed cyklistika\" data-global-category=\"Cycling\" data-author=\"Ji\u0159\u00ed Kalo\u010d\" data-published=\"2020-07-07T18:00:23+02:00\" data-published-day=\"Tuesday\">\n    <div class=\"entry-thumbnail article-thumbnail\" content=\"https:\/\/d2p6e6u75xmxt8.cloudfront.net\/13\/2020\/07\/Sunweb-virtu\u00e1ln\u00ed-z\u00e1vody-150x150.webp\"><a href=\"https:\/\/www.welovecycling.com\/cs\/2020\/07\/07\/jak-se-profesionalni-tymy-pripravuji-na-virtualni-zavody\/\" class=\"image-holder\" target=\"_self\"><img decoding=\"async\" loading=\"lazy\" class=\"\" src=\"https:\/\/d2p6e6u75xmxt8.cloudfront.net\/13\/2020\/07\/Sunweb-virtu\u00e1ln\u00ed-z\u00e1vody-1024x683.webp\" srcset=\"https:\/\/d2p6e6u75xmxt8.cloudfront.net\/13\/2020\/07\/Sunweb-virtu\u00e1ln\u00ed-z\u00e1vody.webp 1080w, https:\/\/d2p6e6u75xmxt8.cloudfront.net\/13\/2020\/07\/Sunweb-virtu\u00e1ln\u00ed-z\u00e1vody-300x200.webp 300w, https:\/\/d2p6e6u75xmxt8.cloudfront.net\/13\/2020\/07\/Sunweb-virtu\u00e1ln\u00ed-z\u00e1vody-1024x683.webp 1024w, https:\/\/d2p6e6u75xmxt8.cloudfront.net\/13\/2020\/07\/Sunweb-virtu\u00e1ln\u00ed-z\u00e1vody-768x512.webp 768w, https:\/\/d2p6e6u75xmxt8.cloudfront.net\/13\/2020\/07\/Sunweb-virtu\u00e1ln\u00ed-z\u00e1vody-272x182.webp 272w\" width=\"1024\" height=\"683\" sizes=\"auto, (min-width: 1200px) 300px, (min-width: 768px) 25vw, 100vw\" alt=\"jak-se-profesionalni-tymy-pripravuji-na-virtualni-zavody\"\/><\/a><\/div>    <div class=\"entry-meta\">\n        <a class=\"label label-secondary post-category\" href=\"https:\/\/www.welovecycling.com\/cs\/category\/silnicni-cyklistika\/\" title=\"Silni\u010dn\u00ed cyklistika\">Silni\u010dn\u00ed cyklistika<\/a>\n    <\/div>\n    <div class=\"entry-details\">\n        <a href=\"https:\/\/www.welovecycling.com\/cs\/2020\/07\/07\/jak-se-profesionalni-tymy-pripravuji-na-virtualni-zavody\/\" class='entry-title-wrapper'>\n            <h3 class=\"entry-title\"><span>Jak se profesion\u00e1ln\u00ed t\u00fdmy p\u0159ipravuj\u00ed na virtu\u00e1ln\u00ed z\u00e1vody?<\/span><\/h3>\n        <\/a>\n    <\/div>\n    <\/article>\n<\/div>\n<p>P\u0159\u00edprava nakonec zabrala po\u0159adatel\u016fm dobr\u00e9 dva m\u011bs\u00edce, vypln\u011bn\u00e9 pl\u00e1nov\u00e1n\u00edm, \u0159e\u0161en\u00edm probl\u00e9m\u016f, stovkami telefon\u00e1t\u016f a bezesn\u00fdch noc\u00ed. Nakonec premi\u00e9rov\u00e1 virtu\u00e1ln\u00ed Tour prob\u011bhla podle p\u0159edstav. A nyn\u00ed u\u017e cyklistick\u00fd sv\u011bt vzhl\u00ed\u017e\u00ed k 29. srpnu, kdy by m\u011bl podle pl\u00e1nu odstartovat v Nice 107. ro\u010dn\u00edk skute\u010dn\u00e9 Star\u00e9 d\u00e1my.<\/p>\n","protected":false},"excerpt":{"rendered":"<p>Rok 2020 kv\u016fli pandemii koronaviru po\u0159\u00e1dn\u011b zat\u0159\u00e1sl celou planetou a krizov\u00e9 sc\u00e9n\u00e1\u0159e se nevyhnuly ani sv\u011btu cyklistiky. V\u016fbec poprv\u00e9 tak [&hellip;]<\/p>\n","protected":false},"author":122,"featured_media":9052,"comment_status":"open","ping_status":"open","sticky":false,"template":"","format":"standard","meta":{"footnotes":""},"categories":[243],"tags":[278,23,27,999,790,1002],"global-categories":[411],"class_list":["post-9050","post","type-post","status-publish","format-standard","has-post-thumbnail","hentry","category-welovecycling-com-cs-tdf","tag-cyklotrenink","tag-tour-de-france","tag-trenink","tag-virtualni-tour-de-france","tag-virtualni-trenink","tag-zwift","global-categories-cycling"],"yoast_head":"<!-- This site is optimized with the Yoast SEO Premium plugin v25.3 (Yoast SEO v25.9) - https:\/\/yoast.com\/wordpress\/plugins\/seo\/ -->\n<title>80\u00a0000 \u00fa\u010dastn\u00edk\u016f? Virtu\u00e1ln\u00ed Tour de France t\u00e1hla nad o\u010dek\u00e1v\u00e1n\u00ed | \u0160koda We Love Cycling - \u010cesk\u00e1 republika<\/title>\n<meta name=\"robots\" content=\"index, follow, max-snippet:-1, max-image-preview:large, max-video-preview:-1\" \/>\n<link rel=\"canonical\" href=\"https:\/\/www.welovecycling.com\/cs\/2020\/08\/04\/80-000-ucastniku-virtualni-tour-de-france-tahla-nad-ocekavani\/\" \/>\n<meta property=\"og:locale\" content=\"cs_CZ\" \/>\n<meta property=\"og:type\" content=\"article\" \/>\n<meta property=\"og:title\" content=\"80\u00a0000 \u00fa\u010dastn\u00edk\u016f? Virtu\u00e1ln\u00ed Tour de France t\u00e1hla nad o\u010dek\u00e1v\u00e1n\u00ed\" \/>\n<meta property=\"og:description\" content=\"Rok 2020 kv\u016fli pandemii koronaviru po\u0159\u00e1dn\u011b zat\u0159\u00e1sl celou planetou a krizov\u00e9 sc\u00e9n\u00e1\u0159e se nevyhnuly ani sv\u011btu cyklistiky. V\u016fbec poprv\u00e9 tak [&hellip;]\" \/>\n<meta property=\"og:url\" content=\"https:\/\/www.welovecycling.com\/cs\/2020\/08\/04\/80-000-ucastniku-virtualni-tour-de-france-tahla-nad-ocekavani\/\" \/>\n<meta property=\"og:site_name\" content=\"\u0160koda We Love Cycling - \u010cesk\u00e1 republika\" \/>\n<meta property=\"article:published_time\" content=\"2020-08-04T05:00:00+00:00\" \/>\n<meta property=\"og:image\" content=\"https:\/\/d2p6e6u75xmxt8.cloudfront.net\/13\/2020\/08\/Virtual-TdF-CVR-1.webp\" \/>\n\t<meta property=\"og:image:width\" content=\"1366\" \/>\n\t<meta property=\"og:image:height\" content=\"600\" \/>\n\t<meta property=\"og:image:type\" content=\"image\/webp\" \/>\n<meta name=\"twitter:card\" content=\"summary_large_image\" \/>\n<meta name=\"twitter:label1\" content=\"Written by\" \/>\n\t<meta name=\"twitter:data1\" content=\"Ji\u0159\u00ed Kalo\u010d\" \/>\n\t<meta name=\"twitter:label2\" content=\"Est. reading time\" \/>\n\t<meta name=\"twitter:data2\" content=\"6\" \/>\n<script type=\"application\/ld+json\" class=\"yoast-schema-graph\">{\"@context\":\"https:\/\/schema.org\",\"@graph\":[{\"@type\":\"WebPage\",\"@id\":\"https:\/\/www.welovecycling.com\/cs\/2020\/08\/04\/80-000-ucastniku-virtualni-tour-de-france-tahla-nad-ocekavani\/\",\"url\":\"https:\/\/www.welovecycling.com\/cs\/2020\/08\/04\/80-000-ucastniku-virtualni-tour-de-france-tahla-nad-ocekavani\/\",\"name\":\"80\u00a0000 \u00fa\u010dastn\u00edk\u016f? Virtu\u00e1ln\u00ed Tour de France t\u00e1hla nad o\u010dek\u00e1v\u00e1n\u00ed | \u0160koda We Love Cycling - \u010cesk\u00e1 republika\",\"isPartOf\":{\"@id\":\"https:\/\/www.welovecycling.com\/cs\/#website\"},\"primaryImageOfPage\":{\"@id\":\"https:\/\/www.welovecycling.com\/cs\/2020\/08\/04\/80-000-ucastniku-virtualni-tour-de-france-tahla-nad-ocekavani\/#primaryimage\"},\"image\":{\"@id\":\"https:\/\/www.welovecycling.com\/cs\/2020\/08\/04\/80-000-ucastniku-virtualni-tour-de-france-tahla-nad-ocekavani\/#primaryimage\"},\"thumbnailUrl\":\"https:\/\/d2p6e6u75xmxt8.cloudfront.net\/13\/2020\/08\/Virtual-TdF-CVR-1.webp\",\"datePublished\":\"2020-08-04T05:00:00+00:00\",\"author\":{\"@id\":\"\"},\"inLanguage\":\"cs\",\"potentialAction\":[{\"@type\":\"ReadAction\",\"target\":[\"https:\/\/www.welovecycling.com\/cs\/2020\/08\/04\/80-000-ucastniku-virtualni-tour-de-france-tahla-nad-ocekavani\/\"]}]},{\"@type\":\"ImageObject\",\"inLanguage\":\"cs\",\"@id\":\"https:\/\/www.welovecycling.com\/cs\/2020\/08\/04\/80-000-ucastniku-virtualni-tour-de-france-tahla-nad-ocekavani\/#primaryimage\",\"url\":\"https:\/\/d2p6e6u75xmxt8.cloudfront.net\/13\/2020\/08\/Virtual-TdF-CVR-1.webp\",\"contentUrl\":\"https:\/\/d2p6e6u75xmxt8.cloudfront.net\/13\/2020\/08\/Virtual-TdF-CVR-1.webp\",\"width\":1366,\"height\":600},{\"@type\":\"WebSite\",\"@id\":\"https:\/\/www.welovecycling.com\/cs\/#website\",\"url\":\"https:\/\/www.welovecycling.com\/cs\/\",\"name\":\"\u0160koda We Love Cycling - \u010cesk\u00e1 republika\",\"description\":\"WeLoveCycling.cz je online magaz\u00edn, kter\u00fd v\u00e1m pravideln\u011b p\u0159in\u00e1\u0161\u00ed rady a tipy, zaj\u00edmav\u00e9 \u010dl\u00e1nky, videa a jedine\u010dn\u00e9 report\u00e1\u017ee ze sv\u011bta cyklistiky.\",\"potentialAction\":[{\"@type\":\"SearchAction\",\"target\":{\"@type\":\"EntryPoint\",\"urlTemplate\":\"https:\/\/www.welovecycling.com\/cs\/?s={search_term_string}\"},\"query-input\":{\"@type\":\"PropertyValueSpecification\",\"valueRequired\":true,\"valueName\":\"search_term_string\"}}],\"inLanguage\":\"cs\"},{\"@type\":\"Person\",\"@id\":\"\",\"url\":\"https:\/\/www.welovecycling.com\/cs\/author\/\"}]}<\/script>\n<!-- \/ Yoast SEO Premium plugin. -->","yoast_head_json":{"title":"80\u00a0000 \u00fa\u010dastn\u00edk\u016f? Virtu\u00e1ln\u00ed Tour de France t\u00e1hla nad o\u010dek\u00e1v\u00e1n\u00ed | \u0160koda We Love Cycling - \u010cesk\u00e1 republika","robots":{"index":"index","follow":"follow","max-snippet":"max-snippet:-1","max-image-preview":"max-image-preview:large","max-video-preview":"max-video-preview:-1"},"canonical":"https:\/\/www.welovecycling.com\/cs\/2020\/08\/04\/80-000-ucastniku-virtualni-tour-de-france-tahla-nad-ocekavani\/","og_locale":"cs_CZ","og_type":"article","og_title":"80\u00a0000 \u00fa\u010dastn\u00edk\u016f? Virtu\u00e1ln\u00ed Tour de France t\u00e1hla nad o\u010dek\u00e1v\u00e1n\u00ed","og_description":"Rok 2020 kv\u016fli pandemii koronaviru po\u0159\u00e1dn\u011b zat\u0159\u00e1sl celou planetou a krizov\u00e9 sc\u00e9n\u00e1\u0159e se nevyhnuly ani sv\u011btu cyklistiky. V\u016fbec poprv\u00e9 tak [&hellip;]","og_url":"https:\/\/www.welovecycling.com\/cs\/2020\/08\/04\/80-000-ucastniku-virtualni-tour-de-france-tahla-nad-ocekavani\/","og_site_name":"\u0160koda We Love Cycling - \u010cesk\u00e1 republika","article_published_time":"2020-08-04T05:00:00+00:00","og_image":[{"width":1366,"height":600,"url":"https:\/\/d2p6e6u75xmxt8.cloudfront.net\/13\/2020\/08\/Virtual-TdF-CVR-1.webp","type":"image\/webp"}],"twitter_card":"summary_large_image","twitter_misc":{"Written by":"Ji\u0159\u00ed Kalo\u010d","Est. reading time":"6"},"schema":{"@context":"https:\/\/schema.org","@graph":[{"@type":"WebPage","@id":"https:\/\/www.welovecycling.com\/cs\/2020\/08\/04\/80-000-ucastniku-virtualni-tour-de-france-tahla-nad-ocekavani\/","url":"https:\/\/www.welovecycling.com\/cs\/2020\/08\/04\/80-000-ucastniku-virtualni-tour-de-france-tahla-nad-ocekavani\/","name":"80\u00a0000 \u00fa\u010dastn\u00edk\u016f? Virtu\u00e1ln\u00ed Tour de France t\u00e1hla nad o\u010dek\u00e1v\u00e1n\u00ed | \u0160koda We Love Cycling - \u010cesk\u00e1 republika","isPartOf":{"@id":"https:\/\/www.welovecycling.com\/cs\/#website"},"primaryImageOfPage":{"@id":"https:\/\/www.welovecycling.com\/cs\/2020\/08\/04\/80-000-ucastniku-virtualni-tour-de-france-tahla-nad-ocekavani\/#primaryimage"},"image":{"@id":"https:\/\/www.welovecycling.com\/cs\/2020\/08\/04\/80-000-ucastniku-virtualni-tour-de-france-tahla-nad-ocekavani\/#primaryimage"},"thumbnailUrl":"https:\/\/d2p6e6u75xmxt8.cloudfront.net\/13\/2020\/08\/Virtual-TdF-CVR-1.webp","datePublished":"2020-08-04T05:00:00+00:00","author":{"@id":""},"inLanguage":"cs","potentialAction":[{"@type":"ReadAction","target":["https:\/\/www.welovecycling.com\/cs\/2020\/08\/04\/80-000-ucastniku-virtualni-tour-de-france-tahla-nad-ocekavani\/"]}]},{"@type":"ImageObject","inLanguage":"cs","@id":"https:\/\/www.welovecycling.com\/cs\/2020\/08\/04\/80-000-ucastniku-virtualni-tour-de-france-tahla-nad-ocekavani\/#primaryimage","url":"https:\/\/d2p6e6u75xmxt8.cloudfront.net\/13\/2020\/08\/Virtual-TdF-CVR-1.webp","contentUrl":"https:\/\/d2p6e6u75xmxt8.cloudfront.net\/13\/2020\/08\/Virtual-TdF-CVR-1.webp","width":1366,"height":600},{"@type":"WebSite","@id":"https:\/\/www.welovecycling.com\/cs\/#website","url":"https:\/\/www.welovecycling.com\/cs\/","name":"\u0160koda We Love Cycling - \u010cesk\u00e1 republika","description":"WeLoveCycling.cz je online magaz\u00edn, kter\u00fd v\u00e1m pravideln\u011b p\u0159in\u00e1\u0161\u00ed rady a tipy, zaj\u00edmav\u00e9 \u010dl\u00e1nky, videa a jedine\u010dn\u00e9 report\u00e1\u017ee ze sv\u011bta cyklistiky.","potentialAction":[{"@type":"SearchAction","target":{"@type":"EntryPoint","urlTemplate":"https:\/\/www.welovecycling.com\/cs\/?s={search_term_string}"},"query-input":{"@type":"PropertyValueSpecification","valueRequired":true,"valueName":"search_term_string"}}],"inLanguage":"cs"},{"@type":"Person","@id":"","url":"https:\/\/www.welovecycling.com\/cs\/author\/"}]}},"_links":{"self":[{"href":"https:\/\/www.welovecycling.com\/cs\/wp-json\/wp\/v2\/posts\/9050","targetHints":{"allow":["GET"]}}],"collection":[{"href":"https:\/\/www.welovecycling.com\/cs\/wp-json\/wp\/v2\/posts"}],"about":[{"href":"https:\/\/www.welovecycling.com\/cs\/wp-json\/wp\/v2\/types\/post"}],"author":[{"embeddable":true,"href":"https:\/\/www.welovecycling.com\/cs\/wp-json\/wp\/v2\/users\/122"}],"replies":[{"embeddable":true,"href":"https:\/\/www.welovecycling.com\/cs\/wp-json\/wp\/v2\/comments?post=9050"}],"version-history":[{"count":2,"href":"https:\/\/www.welovecycling.com\/cs\/wp-json\/wp\/v2\/posts\/9050\/revisions"}],"predecessor-version":[{"id":9054,"href":"https:\/\/www.welovecycling.com\/cs\/wp-json\/wp\/v2\/posts\/9050\/revisions\/9054"}],"wp:featuredmedia":[{"embeddable":true,"href":"https:\/\/www.welovecycling.com\/cs\/wp-json\/wp\/v2\/media\/9052"}],"wp:attachment":[{"href":"https:\/\/www.welovecycling.com\/cs\/wp-json\/wp\/v2\/media?parent=9050"}],"wp:term":[{"taxonomy":"category","embeddable":true,"href":"https:\/\/www.welovecycling.com\/cs\/wp-json\/wp\/v2\/categories?post=9050"},{"taxonomy":"post_tag","embeddable":true,"href":"https:\/\/www.welovecycling.com\/cs\/wp-json\/wp\/v2\/tags?post=9050"},{"taxonomy":"global-categories","embeddable":true,"href":"https:\/\/www.welovecycling.com\/cs\/wp-json\/wp\/v2\/global-categories?post=9050"}],"curies":[{"name":"wp","href":"https:\/\/api.w.org\/{rel}","templated":true}]}}