{"id":9017,"date":"2020-08-01T07:00:47","date_gmt":"2020-08-01T05:00:47","guid":{"rendered":"https:\/\/www.welovecycling.com\/cs\/?p=9017"},"modified":"2020-07-31T19:30:55","modified_gmt":"2020-07-31T17:30:55","slug":"opona-world-tour-se-zveda-jak-dlouho-zustane-roztazena","status":"publish","type":"post","link":"https:\/\/www.welovecycling.com\/cs\/2020\/08\/01\/opona-world-tour-se-zveda-jak-dlouho-zustane-roztazena\/","title":{"rendered":"Opona World Tour se zved\u00e1. Jak dlouho z\u016fstane rozta\u017een\u00e1?"},"content":{"rendered":"<p><strong>Dny \u010dek\u00e1n\u00ed jsou u konce. Silni\u010dn\u00ed sezona nejvy\u0161\u0161\u00ed divize World Tour se po koronavirov\u00e9 nucen\u00e9 pauze probouz\u00ed ze sp\u00e1nku. Bude okle\u0161t\u011bn\u00e1, na\u0161lapan\u00e1 a jisto jist\u011b chaotick\u00e1. B\u011bhem t\u0159\u00ed m\u011bs\u00edc\u016f se m\u00e1 zvl\u00e1dnout v\u011bt\u0161ina d\u016fle\u017eit\u00fdch z\u00e1vod\u016f v\u010detn\u011b t\u0159\u00ed Grand Tours. Opona se zvedne v sobotu 1. srpna na italsk\u00e9 klasice Strade Bianche.<\/strong><\/p>\n<p>Je zde ale po\u0159\u00e1d spousta otazn\u00edk\u016f. Nikdo nen\u00ed schopen \u0159\u00edci, zda pomysln\u00e1 opona z\u016fstane po celou dobu rozta\u017eena, nebo ji nep\u0159\u00edzniv\u00e9 okolnosti souvisej\u00edc\u00ed s pandemi\u00ed koronaviru donut\u00ed p\u0159ed\u010dasn\u011b zat\u00e1hnout.<\/p>\n<p>Sezona bude prob\u00edhat v souladu s protokolem Covid-19. T\u00fdmy mus\u00ed p\u0159ed startem ka\u017ed\u00e9ho z\u00e1vodu p\u0159edlo\u017eit \u010derstv\u00e9 negativn\u00ed testy v\u0161ech z\u00e1vodn\u00edk\u016f. Kdo test m\u00edt nebude, nepojede a t\u00fdm dostane od UCI pokutu. Rovn\u011b\u017e organiz\u00e1to\u0159i mus\u00ed dodr\u017eovat p\u0159\u00edsn\u00e1 opat\u0159en\u00ed, kter\u00e1 jim vymezila Mezin\u00e1rodn\u00ed cyklistick\u00e1 unie. Fanou\u0161ci pod\u00e9l trati by m\u011bli v ide\u00e1ln\u00edm p\u0159\u00edpad\u011b m\u00edt rou\u0161ky, hlavn\u011b v zem\u00edch, kde vzr\u016fstaj\u00ed po\u010dty naka\u017een\u00fdch.<\/p>\n<div class=\"shortcode-ys-post-pinup\"><article class=\"loop-simple post-8929 post type-post status-publish format-standard has-post-thumbnail hentry category-zdravi-a-trenink tag-cyklistika tag-kava tag-kava-a-vykonnost tag-vyziva global-categories-cycling\" data-postid=\"8929\" role=\"article\" data-post-id=\"8929\" data-word-count=\"288\" data-headline-length=\"43\" data-category=\"Zdrav\u00ed a tr\u00e9nink\" data-global-category=\"Cycling\" data-author=\"Ji\u0159\u00ed Kalo\u010d\" data-published=\"2020-07-29T06:30:13+02:00\" data-published-day=\"Wednesday\">\n    <div class=\"entry-thumbnail article-thumbnail\" content=\"https:\/\/d2p6e6u75xmxt8.cloudfront.net\/13\/2020\/07\/wlc-k\u00e1va-2-\u010derven\u00fd-michal-150x150.webp\"><a href=\"https:\/\/www.welovecycling.com\/cs\/2020\/07\/29\/kava-a-cyklistika-pomuze-mi-zhubnout\/\" class=\"image-holder\" target=\"_self\"><img decoding=\"async\" loading=\"lazy\" class=\"\" src=\"https:\/\/d2p6e6u75xmxt8.cloudfront.net\/13\/2020\/07\/wlc-k\u00e1va-2-\u010derven\u00fd-michal-1024x683.webp\" srcset=\"https:\/\/d2p6e6u75xmxt8.cloudfront.net\/13\/2020\/07\/wlc-k\u00e1va-2-\u010derven\u00fd-michal.webp 1600w, https:\/\/d2p6e6u75xmxt8.cloudfront.net\/13\/2020\/07\/wlc-k\u00e1va-2-\u010derven\u00fd-michal-300x200.webp 300w, https:\/\/d2p6e6u75xmxt8.cloudfront.net\/13\/2020\/07\/wlc-k\u00e1va-2-\u010derven\u00fd-michal-1024x683.webp 1024w, https:\/\/d2p6e6u75xmxt8.cloudfront.net\/13\/2020\/07\/wlc-k\u00e1va-2-\u010derven\u00fd-michal-768x512.webp 768w, https:\/\/d2p6e6u75xmxt8.cloudfront.net\/13\/2020\/07\/wlc-k\u00e1va-2-\u010derven\u00fd-michal-1536x1024.webp 1536w, https:\/\/d2p6e6u75xmxt8.cloudfront.net\/13\/2020\/07\/wlc-k\u00e1va-2-\u010derven\u00fd-michal-272x182.webp 272w\" width=\"1024\" height=\"683\" sizes=\"auto, (min-width: 1200px) 300px, (min-width: 768px) 25vw, 100vw\" alt=\"kava-a-cyklistika-pomuze-mi-zhubnout\"\/><\/a><\/div>    <div class=\"entry-meta\">\n        <a class=\"label label-secondary post-category\" href=\"https:\/\/www.welovecycling.com\/cs\/category\/zdravi-a-trenink\/\" title=\"Zdrav\u00ed a tr\u00e9nink\">Zdrav\u00ed a tr\u00e9nink<\/a>\n    <\/div>\n    <div class=\"entry-details\">\n        <a href=\"https:\/\/www.welovecycling.com\/cs\/2020\/07\/29\/kava-a-cyklistika-pomuze-mi-zhubnout\/\" class='entry-title-wrapper'>\n            <h3 class=\"entry-title\"><span>K\u00e1va a cyklistika. Pom\u016f\u017ee v\u00e1m zhubnout?<\/span><\/h3>\n        <\/a>\n    <\/div>\n    <\/article>\n<\/div>\n<p>Prvn\u00ed probl\u00e9my se objevily u\u017e na prob\u00edhaj\u00edc\u00edm z\u00e1vod\u011b Kolem Burgosu ve \u0160pan\u011blsku, kter\u00fd sice nepat\u0159\u00ed mezi World Tour kategorii, ale byl mimo\u0159\u00e1dn\u011b obsazen\u00fd. T\u00fdmy Israel Start-Up Nation a UAE Team Emirates poslaly n\u011bkter\u00e9 ze sv\u00fdch z\u00e1vodn\u00edk\u016f dom\u016f, proto\u017ee p\u0159i\u0161li do kontaktu s osobou pozitivn\u011b testovanou na Covid-19. A to je teprve za\u010d\u00e1tek.<\/p>\n<figure id=\"attachment_9021\" aria-describedby=\"caption-attachment-9021\" style=\"width: 1080px\" class=\"wp-caption alignnone\"><a href=\"https:\/\/d2p6e6u75xmxt8.cloudfront.net\/13\/2020\/07\/NIBALI-vincenzo.jpg\"><img loading=\"lazy\" decoding=\"async\" class=\"size-full wp-image-9021\" src=\"https:\/\/d2p6e6u75xmxt8.cloudfront.net\/13\/2020\/07\/NIBALI-vincenzo.jpg\" alt=\"Vincenzo Nibali m\u016f\u017ee b\u00fdt s podporou dom\u00e1c\u00edch fanou\u0161k\u016f v n\u00e1ro\u010dn\u00e9m ter\u00e9nu hork\u00fdm adeptem na v\u00edt\u011bzstv\u00ed. Foto: instagram\" width=\"1080\" height=\"896\" \/><\/a><figcaption id=\"caption-attachment-9021\" class=\"wp-caption-text\"><em>Vincenzo Nibali m\u016f\u017ee b\u00fdt s podporou dom\u00e1c\u00edch fanou\u0161k\u016f v n\u00e1ro\u010dn\u00e9m ter\u00e9nu hork\u00fdm adeptem na v\u00edt\u011bzstv\u00ed. Foto: instagram<\/em><\/figcaption><\/figure>\n<p>Riziko mo\u017en\u00e9 n\u00e1kazy se sna\u017e\u00ed eliminovat i samotn\u00e9 t\u00fdmy. Zru\u0161ily nap\u0159\u00edklad medi\u00e1ln\u00ed aktivity z\u00e1vodn\u00edk\u016f, v\u0161e bude prob\u00edhat prost\u0159ednictv\u00edm video rozhovor\u016f nebo nahr\u00e1n\u00edm audia do skupin na whatsapp bezprost\u0159edn\u011b po z\u00e1vod\u011b. St\u00e1je by nem\u011bly bydlet v jednom hotelu, jak \u010dasto b\u00fdv\u00e1 zvykem, ale organiz\u00e1to\u0159i je mus\u00ed rozm\u00edstit do men\u0161\u00edch ubytovac\u00edch za\u0159\u00edzen\u00ed, aby riziko n\u00e1kazy bylo co nejmen\u0161\u00ed.<\/p>\n<p>\u201eMus\u00edme b\u00fdt p\u0159\u00edsn\u00ed. Cyklistika nen\u00ed formule 1, kter\u00e1 m\u00e1 jen 20 z\u00e1vodn\u00edk\u016f. My m\u00e1me 2000 cyklist\u016f a cyklistek po cel\u00e9m sv\u011bt\u011b, tak pot\u0159ebujeme tvrd\u00e1 pravidla. Nen\u00ed jin\u00e1 volba, v\u0161ichni je mus\u00ed respektovat,\u201c uvedl prezident UCI David Lappartient.<\/p>\n<h2><strong>Restart sezony obstar\u00e1 Strade Bianche<\/strong><\/h2>\n<p>Strade Bianche, daleko nejmlad\u0161\u00ed ze slavn\u00fdch klasik (jede se teprve po 14.), norm\u00e1ln\u011b startuje za\u010d\u00e1tkem b\u0159ezna. Te\u010f se jede v\u00a0srpnu, kdy panuj\u00ed v\u00a0Tosk\u00e1nsku velk\u00e1 vedra. Na sobotu m\u00e1 b\u00fdt b\u011bhem z\u00e1vodu a\u017e 36 stup\u0148\u016f ve st\u00ednu. \u201eHorko bude hr\u00e1t kl\u00ed\u010dovou roli. \u010cek\u00e1m \u00fapln\u011b jin\u00fd z\u00e1vod ne\u017e v\u00a0b\u0159eznu. Douf\u00e1m, \u017ee to zvl\u00e1dnu,\u201c prohl\u00e1sil excelentn\u00ed belgick\u00fd klasik\u00e1\u0159 Greg van Avermaet (CCC), kter\u00fd u\u017e byl v\u00a0z\u00e1vod\u011b s\u00a0c\u00edlem na Piazza del Campo v\u00a0Sien\u011b dvakr\u00e1t druh\u00fd a celkem sedmkr\u00e1t skon\u010dil v\u00a0top 10.<\/p>\n<p>\u201eTohle bude \u00fapln\u011b jin\u00e9 Strade Bianche. V\u00a0tom vedru mus\u00edme \u010dekat i daleko v\u00edc prachu,\u201c odhadoval sportovn\u00ed \u0159editel st\u00e1je Deceuninck Quick-Step Davide Bramati. \u201eMo\u017en\u00e1 se mus\u00edme p\u0159ipravit na daleko v\u00edc sc\u00e9n\u00e1\u0159\u016f ne\u017e obvykle. Ale po\u0159\u00e1d plat\u00ed, \u017ee v\u00edt\u011bz mus\u00ed b\u00fdt neust\u00e1le ve st\u0159ehu a vydr\u017eet se silami a\u017e do konce,\u201c dodal.<\/p>\n<div class=\"shortcode-ys-post-pinup\"><article class=\"loop-simple post-7327 post type-post status-publish format-standard has-post-thumbnail hentry category-silnicni-cyklistika tag-giro-ditalia tag-kalendar-world-tour-2020 tag-rene-andrle tag-tour-de-france global-categories-cycling\" data-postid=\"7327\" role=\"article\" data-post-id=\"7327\" data-word-count=\"501\" data-headline-length=\"93\" data-category=\"Silni\u010dn\u00ed cyklistika\" data-global-category=\"Cycling\" data-author=\"Jan Kr\u016fta\" data-published=\"2020-05-25T08:00:50+02:00\" data-published-day=\"Monday\">\n    <div class=\"entry-thumbnail article-thumbnail\" content=\"https:\/\/d2p6e6u75xmxt8.cloudfront.net\/13\/2019\/09\/AB2_8586.JPG-150x150.webp\"><a href=\"https:\/\/www.welovecycling.com\/cs\/2020\/05\/25\/naslapany-silnicni-kalendar-maji-tymy-dostatecne-kapacity-snad-ano-doufa-andrle\/\" class=\"image-holder\" target=\"_self\"><img decoding=\"async\" loading=\"lazy\" class=\"\" src=\"https:\/\/d2p6e6u75xmxt8.cloudfront.net\/13\/2019\/09\/AB2_8586.JPG-1024x682.webp\" srcset=\"https:\/\/d2p6e6u75xmxt8.cloudfront.net\/13\/2019\/09\/AB2_8586.JPG.webp 2400w, https:\/\/d2p6e6u75xmxt8.cloudfront.net\/13\/2019\/09\/AB2_8586.JPG-300x200.webp 300w, https:\/\/d2p6e6u75xmxt8.cloudfront.net\/13\/2019\/09\/AB2_8586.JPG-1024x682.webp 1024w, https:\/\/d2p6e6u75xmxt8.cloudfront.net\/13\/2019\/09\/AB2_8586.JPG-768x512.webp 768w, https:\/\/d2p6e6u75xmxt8.cloudfront.net\/13\/2019\/09\/AB2_8586.JPG-1536x1023.webp 1536w, https:\/\/d2p6e6u75xmxt8.cloudfront.net\/13\/2019\/09\/AB2_8586.JPG-2048x1364.webp 2048w, https:\/\/d2p6e6u75xmxt8.cloudfront.net\/13\/2019\/09\/AB2_8586.JPG-1920x1279.webp 1920w, https:\/\/d2p6e6u75xmxt8.cloudfront.net\/13\/2019\/09\/AB2_8586.JPG-272x182.webp 272w, https:\/\/d2p6e6u75xmxt8.cloudfront.net\/13\/2019\/09\/AB2_8586.JPG-1920x1279.webp 1920w\" width=\"1024\" height=\"682\" sizes=\"auto, (min-width: 1200px) 300px, (min-width: 768px) 25vw, 100vw\" alt=\"naslapany-silnicni-kalendar-maji-tymy-dostatecne-kapacity-snad-ano-doufa-andrle\"\/><\/a><\/div>    <div class=\"entry-meta\">\n        <a class=\"label label-secondary post-category\" href=\"https:\/\/www.welovecycling.com\/cs\/category\/silnicni-cyklistika\/\" title=\"Silni\u010dn\u00ed cyklistika\">Silni\u010dn\u00ed cyklistika<\/a>\n    <\/div>\n    <div class=\"entry-details\">\n        <a href=\"https:\/\/www.welovecycling.com\/cs\/2020\/05\/25\/naslapany-silnicni-kalendar-maji-tymy-dostatecne-kapacity-snad-ano-doufa-andrle\/\" class='entry-title-wrapper'>\n            <h3 class=\"entry-title\"><span>Na\u0161lapan\u00fd silni\u010dn\u00ed kalend\u00e1\u0159. Maj\u00ed t\u00fdmy dostate\u010dn\u00e9 kapacity? Snad ano, douf\u00e1 Andrle<\/span><\/h3>\n        <\/a>\n    <\/div>\n    <\/article>\n<\/div>\n<p>V\u00a0 sestav\u011b belgick\u00e9ho t\u00fdmu nechyb\u00ed obh\u00e1jce prvenstv\u00ed Julian Alaphilippe a spolu s n\u00edm bude l\u00eddrem i Zden\u011bk \u0160tybar. Pro n\u011bj je z\u00e1vod jednou ze srdcovek a v\u011bt\u0161inou se mu na n\u011bm hodn\u011b da\u0159\u00ed. P\u0159ed p\u011bti lety ho vyhr\u00e1l, jednou byl druh\u00fd, dvakr\u00e1t \u010dtvrt\u00fd a jednou sedm\u00fd.<\/p>\n<p>\u201eStrade u\u017e jsme t\u0159ikr\u00e1t vyhr\u00e1li a chceme o v\u00edt\u011bzstv\u00ed bojovat znovu. M\u00e1me obrovskou motivaci usp\u011bt a mysl\u00edm, \u017ee kluci jsou na tom po tr\u00e9ninkov\u00e9m kempu ve Val di Fassa excelentn\u011b,\u201c uvedl Bramati.<\/p>\n<h2><strong>Kreuziger, \u0160tybar a Vako\u010d hned na prvn\u00edm z\u00e1vod\u011b<\/strong><\/h2>\n<p>Snad v\u0161ichni z\u00e1vodn\u00edci se shodnou, \u017ee nucen\u00e1 pauza byla neskute\u010dn\u011b dlouh\u00e1. \u201eNemohl jsem se do\u010dkat, tak\u017ee si budu u\u017e\u00edvat ka\u017ed\u00fd z\u00e1vod,\u201c p\u0159iznal van Avermaet. \u201eM\u00e1m za sebou tr\u00e9ninkov\u00fd kemp v\u00a0Livignu a mysl\u00edm, \u017ee moje forma je takov\u00e1, jakou jsem cht\u011bl m\u00edt,\u201c dodal.<\/p>\n<figure id=\"attachment_9020\" aria-describedby=\"caption-attachment-9020\" style=\"width: 1080px\" class=\"wp-caption alignnone\"><a href=\"https:\/\/d2p6e6u75xmxt8.cloudfront.net\/13\/2020\/07\/vako\u010d-petr-.jpg\"><img loading=\"lazy\" decoding=\"async\" class=\"size-full wp-image-9020\" src=\"https:\/\/d2p6e6u75xmxt8.cloudfront.net\/13\/2020\/07\/vako\u010d-petr-.jpg\" alt=\"Petr Vako\u010d b\u011bhem soust\u0159ed\u011bn\u00ed v Alp\u00e1ch b\u011bhem sedmi dn\u016f nastoupal 22 tis\u00edc v\u00fd\u0161kov\u00fdch metr\u016f. Foto: instagram\" width=\"1080\" height=\"1080\" \/><\/a><figcaption id=\"caption-attachment-9020\" class=\"wp-caption-text\"><em>Petr Vako\u010d b\u011bhem soust\u0159ed\u011bn\u00ed v Alp\u00e1ch b\u011bhem sedmi dn\u016f nastoupal 22 tis\u00edc v\u00fd\u0161kov\u00fdch metr\u016f. Foto: instagram<\/em><\/figcaption><\/figure>\n<p>Hned prvn\u00ed z\u00e1vod bude m\u00edt i v\u00fdraznou \u010deskou stopu. Krom\u011b \u0160tybara jsou ve startovn\u00ed listin\u011b i Roman Kreuziger (NTT Pro Cycling) a Petr Vako\u010d (Alpecin Fenix). Ob\u011bma Strade Bianche sed\u00ed, ot\u00e1zkou je jejich aktu\u00e1ln\u00ed forma i to, zda dostanou od sv\u00fdch t\u00fdm\u016f prostor na napln\u011bn\u00ed sv\u00fdch ambic\u00ed nebo se budou muset ob\u011btovat pro n\u011bkter\u00e9ho z koleg\u016f. U Petra Vako\u010de je to velmi pravd\u011bpodobn\u00e9, proto\u017ee l\u00eddrem t\u00fdmu je velk\u00fd favorit Mathieu van der Poel.<\/p>\n<p>Adept\u016f na v\u00edt\u011bzstv\u00ed je ale v\u00edc. Peter Sagan, Michal Kwiatkowski, Philippe Gilbert, Wout van Aert, Jakob Fuglsang a mnoz\u00ed dal\u0161\u00ed. Ov\u0161em forma pap\u00edrov\u00fdch favorit\u016f je v prvn\u00edm World Tour z\u00e1vod\u011b velkou nezn\u00e1mou.<\/p>\n","protected":false},"excerpt":{"rendered":"<p>Dny \u010dek\u00e1n\u00ed jsou u konce. Silni\u010dn\u00ed sezona nejvy\u0161\u0161\u00ed divize World Tour se po koronavirov\u00e9 nucen\u00e9 pauze probouz\u00ed ze sp\u00e1nku. Bude [&hellip;]<\/p>\n","protected":false},"author":122,"featured_media":9019,"comment_status":"open","ping_status":"open","sticky":false,"template":"","format":"standard","meta":{"footnotes":""},"categories":[10],"tags":[126,864,257,92,1057,73],"global-categories":[411],"class_list":["post-9017","post","type-post","status-publish","format-standard","has-post-thumbnail","hentry","category-silnicni-cyklistika","tag-cyklistika","tag-greg-van-avermaet","tag-petr-vakoc","tag-roman-kreuziger","tag-strade-bianche","tag-zdenek-stybar","global-categories-cycling"],"yoast_head":"<!-- This site is optimized with the Yoast SEO Premium plugin v25.3 (Yoast SEO v25.9) - https:\/\/yoast.com\/wordpress\/plugins\/seo\/ -->\n<title>Opona World Tour se zved\u00e1. Jak dlouho z\u016fstane rozta\u017een\u00e1? | \u0160koda We Love Cycling - \u010cesk\u00e1 republika<\/title>\n<meta name=\"robots\" content=\"index, follow, max-snippet:-1, max-image-preview:large, max-video-preview:-1\" \/>\n<link rel=\"canonical\" href=\"https:\/\/www.welovecycling.com\/cs\/2020\/08\/01\/opona-world-tour-se-zveda-jak-dlouho-zustane-roztazena\/\" \/>\n<meta property=\"og:locale\" content=\"cs_CZ\" \/>\n<meta property=\"og:type\" content=\"article\" \/>\n<meta property=\"og:title\" content=\"Opona World Tour se zved\u00e1. Jak dlouho z\u016fstane rozta\u017een\u00e1?\" \/>\n<meta property=\"og:description\" content=\"Dny \u010dek\u00e1n\u00ed jsou u konce. Silni\u010dn\u00ed sezona nejvy\u0161\u0161\u00ed divize World Tour se po koronavirov\u00e9 nucen\u00e9 pauze probouz\u00ed ze sp\u00e1nku. Bude [&hellip;]\" \/>\n<meta property=\"og:url\" content=\"https:\/\/www.welovecycling.com\/cs\/2020\/08\/01\/opona-world-tour-se-zveda-jak-dlouho-zustane-roztazena\/\" \/>\n<meta property=\"og:site_name\" content=\"\u0160koda We Love Cycling - \u010cesk\u00e1 republika\" \/>\n<meta property=\"article:published_time\" content=\"2020-08-01T05:00:47+00:00\" \/>\n<meta property=\"og:image\" content=\"https:\/\/d2p6e6u75xmxt8.cloudfront.net\/13\/2020\/07\/greg-van-avermaet.webp\" \/>\n\t<meta property=\"og:image:width\" content=\"1080\" \/>\n\t<meta property=\"og:image:height\" content=\"1080\" \/>\n\t<meta property=\"og:image:type\" content=\"image\/webp\" \/>\n<meta name=\"twitter:card\" content=\"summary_large_image\" \/>\n<meta name=\"twitter:label1\" content=\"Written by\" \/>\n\t<meta name=\"twitter:data1\" content=\"Jan Kr\u016fta\" \/>\n\t<meta name=\"twitter:label2\" content=\"Est. reading time\" \/>\n\t<meta name=\"twitter:data2\" content=\"6\" \/>\n<script type=\"application\/ld+json\" class=\"yoast-schema-graph\">{\"@context\":\"https:\/\/schema.org\",\"@graph\":[{\"@type\":\"WebPage\",\"@id\":\"https:\/\/www.welovecycling.com\/cs\/2020\/08\/01\/opona-world-tour-se-zveda-jak-dlouho-zustane-roztazena\/\",\"url\":\"https:\/\/www.welovecycling.com\/cs\/2020\/08\/01\/opona-world-tour-se-zveda-jak-dlouho-zustane-roztazena\/\",\"name\":\"Opona World Tour se zved\u00e1. Jak dlouho z\u016fstane rozta\u017een\u00e1? | \u0160koda We Love Cycling - \u010cesk\u00e1 republika\",\"isPartOf\":{\"@id\":\"https:\/\/www.welovecycling.com\/cs\/#website\"},\"primaryImageOfPage\":{\"@id\":\"https:\/\/www.welovecycling.com\/cs\/2020\/08\/01\/opona-world-tour-se-zveda-jak-dlouho-zustane-roztazena\/#primaryimage\"},\"image\":{\"@id\":\"https:\/\/www.welovecycling.com\/cs\/2020\/08\/01\/opona-world-tour-se-zveda-jak-dlouho-zustane-roztazena\/#primaryimage\"},\"thumbnailUrl\":\"https:\/\/d2p6e6u75xmxt8.cloudfront.net\/13\/2020\/07\/greg-van-avermaet.webp\",\"datePublished\":\"2020-08-01T05:00:47+00:00\",\"author\":{\"@id\":\"\"},\"inLanguage\":\"cs\",\"potentialAction\":[{\"@type\":\"ReadAction\",\"target\":[\"https:\/\/www.welovecycling.com\/cs\/2020\/08\/01\/opona-world-tour-se-zveda-jak-dlouho-zustane-roztazena\/\"]}]},{\"@type\":\"ImageObject\",\"inLanguage\":\"cs\",\"@id\":\"https:\/\/www.welovecycling.com\/cs\/2020\/08\/01\/opona-world-tour-se-zveda-jak-dlouho-zustane-roztazena\/#primaryimage\",\"url\":\"https:\/\/d2p6e6u75xmxt8.cloudfront.net\/13\/2020\/07\/greg-van-avermaet.webp\",\"contentUrl\":\"https:\/\/d2p6e6u75xmxt8.cloudfront.net\/13\/2020\/07\/greg-van-avermaet.webp\",\"width\":1080,\"height\":1080},{\"@type\":\"WebSite\",\"@id\":\"https:\/\/www.welovecycling.com\/cs\/#website\",\"url\":\"https:\/\/www.welovecycling.com\/cs\/\",\"name\":\"\u0160koda We Love Cycling - \u010cesk\u00e1 republika\",\"description\":\"WeLoveCycling.cz je online magaz\u00edn, kter\u00fd v\u00e1m pravideln\u011b p\u0159in\u00e1\u0161\u00ed rady a tipy, zaj\u00edmav\u00e9 \u010dl\u00e1nky, videa a jedine\u010dn\u00e9 report\u00e1\u017ee ze sv\u011bta cyklistiky.\",\"potentialAction\":[{\"@type\":\"SearchAction\",\"target\":{\"@type\":\"EntryPoint\",\"urlTemplate\":\"https:\/\/www.welovecycling.com\/cs\/?s={search_term_string}\"},\"query-input\":{\"@type\":\"PropertyValueSpecification\",\"valueRequired\":true,\"valueName\":\"search_term_string\"}}],\"inLanguage\":\"cs\"},{\"@type\":\"Person\",\"@id\":\"\",\"url\":\"https:\/\/www.welovecycling.com\/cs\/author\/\"}]}<\/script>\n<!-- \/ Yoast SEO Premium plugin. -->","yoast_head_json":{"title":"Opona World Tour se zved\u00e1. Jak dlouho z\u016fstane rozta\u017een\u00e1? | \u0160koda We Love Cycling - \u010cesk\u00e1 republika","robots":{"index":"index","follow":"follow","max-snippet":"max-snippet:-1","max-image-preview":"max-image-preview:large","max-video-preview":"max-video-preview:-1"},"canonical":"https:\/\/www.welovecycling.com\/cs\/2020\/08\/01\/opona-world-tour-se-zveda-jak-dlouho-zustane-roztazena\/","og_locale":"cs_CZ","og_type":"article","og_title":"Opona World Tour se zved\u00e1. Jak dlouho z\u016fstane rozta\u017een\u00e1?","og_description":"Dny \u010dek\u00e1n\u00ed jsou u konce. Silni\u010dn\u00ed sezona nejvy\u0161\u0161\u00ed divize World Tour se po koronavirov\u00e9 nucen\u00e9 pauze probouz\u00ed ze sp\u00e1nku. Bude [&hellip;]","og_url":"https:\/\/www.welovecycling.com\/cs\/2020\/08\/01\/opona-world-tour-se-zveda-jak-dlouho-zustane-roztazena\/","og_site_name":"\u0160koda We Love Cycling - \u010cesk\u00e1 republika","article_published_time":"2020-08-01T05:00:47+00:00","og_image":[{"width":1080,"height":1080,"url":"https:\/\/d2p6e6u75xmxt8.cloudfront.net\/13\/2020\/07\/greg-van-avermaet.webp","type":"image\/webp"}],"twitter_card":"summary_large_image","twitter_misc":{"Written by":"Jan Kr\u016fta","Est. reading time":"6"},"schema":{"@context":"https:\/\/schema.org","@graph":[{"@type":"WebPage","@id":"https:\/\/www.welovecycling.com\/cs\/2020\/08\/01\/opona-world-tour-se-zveda-jak-dlouho-zustane-roztazena\/","url":"https:\/\/www.welovecycling.com\/cs\/2020\/08\/01\/opona-world-tour-se-zveda-jak-dlouho-zustane-roztazena\/","name":"Opona World Tour se zved\u00e1. Jak dlouho z\u016fstane rozta\u017een\u00e1? | \u0160koda We Love Cycling - \u010cesk\u00e1 republika","isPartOf":{"@id":"https:\/\/www.welovecycling.com\/cs\/#website"},"primaryImageOfPage":{"@id":"https:\/\/www.welovecycling.com\/cs\/2020\/08\/01\/opona-world-tour-se-zveda-jak-dlouho-zustane-roztazena\/#primaryimage"},"image":{"@id":"https:\/\/www.welovecycling.com\/cs\/2020\/08\/01\/opona-world-tour-se-zveda-jak-dlouho-zustane-roztazena\/#primaryimage"},"thumbnailUrl":"https:\/\/d2p6e6u75xmxt8.cloudfront.net\/13\/2020\/07\/greg-van-avermaet.webp","datePublished":"2020-08-01T05:00:47+00:00","author":{"@id":""},"inLanguage":"cs","potentialAction":[{"@type":"ReadAction","target":["https:\/\/www.welovecycling.com\/cs\/2020\/08\/01\/opona-world-tour-se-zveda-jak-dlouho-zustane-roztazena\/"]}]},{"@type":"ImageObject","inLanguage":"cs","@id":"https:\/\/www.welovecycling.com\/cs\/2020\/08\/01\/opona-world-tour-se-zveda-jak-dlouho-zustane-roztazena\/#primaryimage","url":"https:\/\/d2p6e6u75xmxt8.cloudfront.net\/13\/2020\/07\/greg-van-avermaet.webp","contentUrl":"https:\/\/d2p6e6u75xmxt8.cloudfront.net\/13\/2020\/07\/greg-van-avermaet.webp","width":1080,"height":1080},{"@type":"WebSite","@id":"https:\/\/www.welovecycling.com\/cs\/#website","url":"https:\/\/www.welovecycling.com\/cs\/","name":"\u0160koda We Love Cycling - \u010cesk\u00e1 republika","description":"WeLoveCycling.cz je online magaz\u00edn, kter\u00fd v\u00e1m pravideln\u011b p\u0159in\u00e1\u0161\u00ed rady a tipy, zaj\u00edmav\u00e9 \u010dl\u00e1nky, videa a jedine\u010dn\u00e9 report\u00e1\u017ee ze sv\u011bta cyklistiky.","potentialAction":[{"@type":"SearchAction","target":{"@type":"EntryPoint","urlTemplate":"https:\/\/www.welovecycling.com\/cs\/?s={search_term_string}"},"query-input":{"@type":"PropertyValueSpecification","valueRequired":true,"valueName":"search_term_string"}}],"inLanguage":"cs"},{"@type":"Person","@id":"","url":"https:\/\/www.welovecycling.com\/cs\/author\/"}]}},"_links":{"self":[{"href":"https:\/\/www.welovecycling.com\/cs\/wp-json\/wp\/v2\/posts\/9017","targetHints":{"allow":["GET"]}}],"collection":[{"href":"https:\/\/www.welovecycling.com\/cs\/wp-json\/wp\/v2\/posts"}],"about":[{"href":"https:\/\/www.welovecycling.com\/cs\/wp-json\/wp\/v2\/types\/post"}],"author":[{"embeddable":true,"href":"https:\/\/www.welovecycling.com\/cs\/wp-json\/wp\/v2\/users\/122"}],"replies":[{"embeddable":true,"href":"https:\/\/www.welovecycling.com\/cs\/wp-json\/wp\/v2\/comments?post=9017"}],"version-history":[{"count":2,"href":"https:\/\/www.welovecycling.com\/cs\/wp-json\/wp\/v2\/posts\/9017\/revisions"}],"predecessor-version":[{"id":9024,"href":"https:\/\/www.welovecycling.com\/cs\/wp-json\/wp\/v2\/posts\/9017\/revisions\/9024"}],"wp:featuredmedia":[{"embeddable":true,"href":"https:\/\/www.welovecycling.com\/cs\/wp-json\/wp\/v2\/media\/9019"}],"wp:attachment":[{"href":"https:\/\/www.welovecycling.com\/cs\/wp-json\/wp\/v2\/media?parent=9017"}],"wp:term":[{"taxonomy":"category","embeddable":true,"href":"https:\/\/www.welovecycling.com\/cs\/wp-json\/wp\/v2\/categories?post=9017"},{"taxonomy":"post_tag","embeddable":true,"href":"https:\/\/www.welovecycling.com\/cs\/wp-json\/wp\/v2\/tags?post=9017"},{"taxonomy":"global-categories","embeddable":true,"href":"https:\/\/www.welovecycling.com\/cs\/wp-json\/wp\/v2\/global-categories?post=9017"}],"curies":[{"name":"wp","href":"https:\/\/api.w.org\/{rel}","templated":true}]}}