{"id":9014,"date":"2020-07-30T11:00:12","date_gmt":"2020-07-30T09:00:12","guid":{"rendered":"https:\/\/www.welovecycling.com\/cs\/?p=9014"},"modified":"2020-07-29T22:49:50","modified_gmt":"2020-07-29T20:49:50","slug":"deti-a-pumptrack-kdy-zacit-na-cem-jezdit-rady-a-tipy-experta-michala-marosiho","status":"publish","type":"post","link":"https:\/\/www.welovecycling.com\/cs\/2020\/07\/30\/deti-a-pumptrack-kdy-zacit-na-cem-jezdit-rady-a-tipy-experta-michala-marosiho\/","title":{"rendered":"D\u011bti a pumptrack: kdy za\u010d\u00edt, na \u010dem jezdit. Rady a tipy experta Michala Maro\u0161iho"},"content":{"rendered":"<p><strong>Pumptrack, st\u00e1le popul\u00e1rn\u011bj\u0161\u00ed cyklistick\u00e1 discipl\u00edna, kde se na um\u011ble vytvo\u0159en\u00e9m okruhu s \u0159adou ter\u00e9nn\u00edch vln a zat\u00e1\u010dek ne\u0161lape a rychlost se zvy\u0161uje pomoc\u00ed tzv. pumpov\u00e1n\u00ed kola nahoru a dol\u016f. A proto\u017ee si pumptrack z\u00edsk\u00e1v\u00e1 st\u00e1le v\u00edce p\u0159\u00edznivc\u016f, p\u0159ipravila platforma We Love Cycling pro v\u0161echny fanou\u0161ky cyklistiky projekt, jeho\u017e patronem je biker Michal Maro\u0161i.<\/strong><\/p>\n<p>Jde o jednoho z pr\u016fkopn\u00edk\u016f t\u00e9to discipl\u00edny u n\u00e1s, stavitele pumptrack\u016f a tak\u00e9 b\u00fdval\u00e9ho vynikaj\u00edc\u00edho sjezda\u0159e \u010di fourcrossa\u0159e. V\u00a0dne\u0161n\u00edm d\u00edle na\u0161eho seri\u00e1lu se s\u00a0Michalem pod\u00edv\u00e1me, v\u00a0kolika letech je mo\u017en\u00e9 na pumptracku za\u010d\u00edt jezdit a jak moc je pro d\u011bti prosp\u011b\u0161n\u00fd.<\/p>\n<h2><strong>Na pumptrack m\u016f\u017ee i dvoulet\u00e9 d\u00edt\u011b<\/strong><\/h2>\n<p>\u201eNa za\u010d\u00e1tku je t\u0159eba \u0159\u00edct, \u017ee vlastn\u011b \u017e\u00e1dn\u00e1 v\u011bkov\u00e1 hranice neexistuje. Z\u00e1le\u017e\u00ed, kdo jak na \u010dem um\u00ed. Na pumptrack m\u016f\u017ee j\u00edt dvoulet\u00e9 d\u011bcko na odr\u00e1\u017eedle nebo \u0161estilet\u00e9 d\u00edt\u011b s kolem. Na odr\u00e1\u017eedle a kolob\u011b\u017ece m\u016f\u017eou j\u00edt na pumptrack opravdu mal\u00e9 d\u011bti, ale mus\u00ed ten sv\u016fj stroj trochu um\u011bt ovl\u00e1dat. Z\u00e1le\u017e\u00ed, co je rodi\u010de neu\u010dili. Kdy\u017e na pumptrack p\u016fjde d\u00edt\u011b s kolem, tak je pot\u0159eba, aby na n\u011bm dr\u017eelo rovnov\u00e1hu a m\u011blo t\u0159eba n\u011bjak\u00e9 z\u00e1klady z cyklostezek.<\/p>\n<div class=\"shortcode-ys-post-pinup\"><article class=\"loop-simple post-5182 post type-post status-publish format-standard has-post-thumbnail hentry category-pumptrack category-https-www-welovecycling-com-cs-category-zabava tag-michal-marosi tag-pumptrack tag-red-bull global-categories-cycling\" data-postid=\"5182\" role=\"article\" data-post-id=\"5182\" data-word-count=\"363\" data-headline-length=\"62\" data-category=\"Pumptrack\" data-global-category=\"Cycling\" data-author=\"Adam Marsal &amp; We Love Cycling \u010cR\" data-published=\"2020-01-15T12:39:48+02:00\" data-published-day=\"Wednesday\">\n    <div class=\"entry-thumbnail article-thumbnail\" content=\"https:\/\/d2p6e6u75xmxt8.cloudfront.net\/13\/2020\/01\/PSX_20191103_123347-150x150.webp\"><a href=\"https:\/\/www.welovecycling.com\/cs\/2020\/01\/15\/pumptracky-dobyvaji-svet-i-srdce-bikeru-welovecycling-cr\/\" class=\"image-holder\" target=\"_self\"><img decoding=\"async\" loading=\"lazy\" class=\"\" src=\"https:\/\/d2p6e6u75xmxt8.cloudfront.net\/13\/2020\/01\/PSX_20191103_123347-1024x682.webp\" srcset=\"https:\/\/d2p6e6u75xmxt8.cloudfront.net\/13\/2020\/01\/PSX_20191103_123347.webp 2000w, https:\/\/d2p6e6u75xmxt8.cloudfront.net\/13\/2020\/01\/PSX_20191103_123347-300x200.webp 300w, https:\/\/d2p6e6u75xmxt8.cloudfront.net\/13\/2020\/01\/PSX_20191103_123347-1024x682.webp 1024w, https:\/\/d2p6e6u75xmxt8.cloudfront.net\/13\/2020\/01\/PSX_20191103_123347-768x512.webp 768w, https:\/\/d2p6e6u75xmxt8.cloudfront.net\/13\/2020\/01\/PSX_20191103_123347-1536x1024.webp 1536w, https:\/\/d2p6e6u75xmxt8.cloudfront.net\/13\/2020\/01\/PSX_20191103_123347-1920x1280.webp 1920w, https:\/\/d2p6e6u75xmxt8.cloudfront.net\/13\/2020\/01\/PSX_20191103_123347-272x182.webp 272w, https:\/\/d2p6e6u75xmxt8.cloudfront.net\/13\/2020\/01\/PSX_20191103_123347-1920x1280.webp 1920w\" width=\"1024\" height=\"682\" sizes=\"auto, (min-width: 1200px) 300px, (min-width: 768px) 25vw, 100vw\" alt=\"pumptracky-dobyvaji-svet-i-srdce-bikeru-welovecycling-cr\"\/><\/a><\/div>    <div class=\"entry-meta\">\n        <a class=\"label label-secondary post-category\" href=\"https:\/\/www.welovecycling.com\/cs\/category\/pumptrack\/\" title=\"Pumptrack\">Pumptrack<\/a>\n    <\/div>\n    <div class=\"entry-details\">\n        <a href=\"https:\/\/www.welovecycling.com\/cs\/2020\/01\/15\/pumptracky-dobyvaji-svet-i-srdce-bikeru-welovecycling-cr\/\" class='entry-title-wrapper'>\n            <h3 class=\"entry-title\"><span>Pumptracky dob\u00fdvaj\u00ed sv\u011bt i srdce velk\u00fdch a mal\u00fdch biker\u016f<\/span><\/h3>\n        <\/a>\n    <\/div>\n    <\/article>\n<\/div>\n<p>Pumptracky se v\u011bt\u0161inou stav\u00ed tak, \u017ee jsou v nich i segmenty pro men\u0161\u00ed d\u011bti. Zat\u00e1\u010dky jsou ni\u017e\u0161\u00ed, boule otev\u0159en\u011bj\u0161\u00ed. Z d\u011btsk\u00e9ho segmentu se d\u00e1 u n\u011bkter\u00fdch pumptrack\u016f p\u0159ejet do velk\u00e9ho segmentu, u jin\u00fdch se d\u011btsk\u00e9 d\u011blaj\u00ed mimo hlavn\u00ed dr\u00e1hu.<\/p>\n<p>Neexistuj\u00ed \u017e\u00e1dn\u00e1 pravidla a z\u00e1le\u017e\u00ed na dan\u00e9 firm\u011b, kter\u00e1 pumptrack stav\u00ed.<\/p>\n<figure id=\"attachment_7769\" aria-describedby=\"caption-attachment-7769\" style=\"width: 1600px\" class=\"wp-caption alignnone\"><a href=\"https:\/\/d2p6e6u75xmxt8.cloudfront.net\/13\/2020\/06\/pumptrack-michal-\u010derven\u00fd-5.jpg\"><img loading=\"lazy\" decoding=\"async\" class=\"size-full wp-image-7769\" src=\"https:\/\/d2p6e6u75xmxt8.cloudfront.net\/13\/2020\/06\/pumptrack-michal-\u010derven\u00fd-5.jpg\" alt=\"Pumptrack je ur\u010den v\u0161em v\u011bkov\u00fdm kategori\u00edm. Je vhodn\u00fd i pro d\u011bti, kter\u00e9 se kolo teprve u\u010d\u00ed ovl\u00e1dat. Foto: Michal \u010cerven\u00fd\" width=\"1600\" height=\"1067\" \/><\/a><figcaption id=\"caption-attachment-7769\" class=\"wp-caption-text\"><em>Pumptrack je ur\u010den v\u0161em v\u011bkov\u00fdm kategori\u00edm. Je vhodn\u00fd i pro d\u011bti, kter\u00e9 se kolo teprve u\u010d\u00ed ovl\u00e1dat. Foto: Michal \u010cerven\u00fd<\/em><\/figcaption><\/figure>\n<p>Na\u0161e firma budovala pumptrack v\u00a0Nupak\u00e1ch u Prahy a tam jsou dva segmenty v\u00a0jednom: z\u00e1kladn\u00ed velk\u00fd okruh, odpo\u010dinkov\u00e1 rovn\u00e1 z\u00f3na a d\u011btsk\u00fd pumptrack. Pravidla to nem\u00e1 v\u00a0podstat\u011b \u017e\u00e1dn\u00e1. D\u00e1 se p\u0159ej\u00ed\u017ed\u011bt z\u00a0jednoho na druh\u00fd, ob\u010das si sko\u010dit. Mo\u017enost\u00ed je spousta.<\/p>\n<p>Pumptrack je pro d\u011bti ide\u00e1ln\u00ed mo\u017enost, jak zlep\u0161ovat schopnosti a dovednosti na kole. D\u00edt\u011b se kr\u00e1sn\u011b nau\u010d\u00ed pracovat s rovnov\u00e1hou, p\u0159ej\u00ed\u017ed\u011bt boule, proj\u00ed\u017ed\u011bt zat\u00e1\u010dky. Zji\u0161\u0165uje, jak t\u011blo pracuje, pou\u017e\u00edv\u00e1 ruce i nohy, b\u0159i\u0161n\u00ed i z\u00e1dov\u00e9 svalstvo a hlavn\u011b hlavu, prost\u011b do toho zapoj\u00ed cel\u00e9ho \u010dlov\u011bka.<\/p>\n<h2><strong>Bezpe\u010dn\u00fd i pro mal\u00e9 d\u011bti, sta\u010d\u00ed helma<\/strong><\/h2>\n<p>No, a kdy\u017e n\u011bco odjezd\u00ed na pumptracku a p\u0159ijde do ter\u00e9nu, je na tom daleko l\u00edp. Automaticky za\u010dne pou\u017e\u00edvat n\u00e1vyky z pumptracku a najednou vid\u00ed, \u017ee kolo bez probl\u00e9m\u016f ovl\u00e1d\u00e1 i v t\u011b\u017e\u0161\u00edm ter\u00e9nu. Jen do toho p\u0159id\u00e1 i brzdy, kter\u00e9 na pumptracku nepou\u017eije.<\/p>\n<div class=\"shortcode-ys-post-pinup\"><article class=\"loop-simple post-8241 post type-post status-publish format-standard has-post-thumbnail hentry category-pumptrack category-rady-tipy category-https-www-welovecycling-com-cs-category-zabava tag-cyklistika tag-michal-marosi tag-pumptrack tag-trenink global-categories-cycling\" data-postid=\"8241\" role=\"article\" data-post-id=\"8241\" data-word-count=\"280\" data-headline-length=\"63\" data-category=\"Pumptrack\" data-global-category=\"Cycling\" data-author=\"Jan Kr\u016fta\" data-published=\"2020-07-03T17:00:00+02:00\" data-published-day=\"Friday\">\n    <div class=\"entry-thumbnail article-thumbnail\" content=\"https:\/\/d2p6e6u75xmxt8.cloudfront.net\/13\/2020\/01\/20191014-IMG_1163ok-150x150.webp\"><a href=\"https:\/\/www.welovecycling.com\/cs\/2020\/07\/03\/jak-spravne-jezdit-na-pumptracku-radi-expert-michal-marosi\/\" class=\"image-holder\" target=\"_self\"><img decoding=\"async\" loading=\"lazy\" class=\"\" src=\"https:\/\/d2p6e6u75xmxt8.cloudfront.net\/13\/2020\/01\/20191014-IMG_1163ok-1024x632.webp\" srcset=\"https:\/\/d2p6e6u75xmxt8.cloudfront.net\/13\/2020\/01\/20191014-IMG_1163ok.webp 2000w, https:\/\/d2p6e6u75xmxt8.cloudfront.net\/13\/2020\/01\/20191014-IMG_1163ok-300x185.webp 300w, https:\/\/d2p6e6u75xmxt8.cloudfront.net\/13\/2020\/01\/20191014-IMG_1163ok-1024x632.webp 1024w, https:\/\/d2p6e6u75xmxt8.cloudfront.net\/13\/2020\/01\/20191014-IMG_1163ok-768x474.webp 768w, https:\/\/d2p6e6u75xmxt8.cloudfront.net\/13\/2020\/01\/20191014-IMG_1163ok-1536x948.webp 1536w, https:\/\/d2p6e6u75xmxt8.cloudfront.net\/13\/2020\/01\/20191014-IMG_1163ok-1920x1185.webp 1920w, https:\/\/d2p6e6u75xmxt8.cloudfront.net\/13\/2020\/01\/20191014-IMG_1163ok-1920x1185.webp 1920w\" width=\"1024\" height=\"632\" sizes=\"auto, (min-width: 1200px) 324px, (min-width: 768px) 27vw, 100vw\" alt=\"jak-spravne-jezdit-na-pumptracku-radi-expert-michal-marosi\"\/><\/a><\/div>    <div class=\"entry-meta\">\n        <a class=\"label label-secondary post-category\" href=\"https:\/\/www.welovecycling.com\/cs\/category\/pumptrack\/\" title=\"Pumptrack\">Pumptrack<\/a>\n    <\/div>\n    <div class=\"entry-details\">\n        <a href=\"https:\/\/www.welovecycling.com\/cs\/2020\/07\/03\/jak-spravne-jezdit-na-pumptracku-radi-expert-michal-marosi\/\" class='entry-title-wrapper'>\n            <h3 class=\"entry-title\"><span>Jak spr\u00e1vn\u011b jezdit na pumptracku? Rad\u00ed expert Michal Maro\u0161i<\/span><\/h3>\n        <\/a>\n    <\/div>\n    <\/article>\n<\/div>\n<p>Pumptrack je bezpe\u010dn\u00fd i pro mal\u00e9 d\u011bti. Jasn\u011b, upadnout m\u016f\u017ee ka\u017ed\u00fd, ale stejn\u011b tak upadne na silnici. Sta\u010d\u00ed m\u00edt helmu a je to v pohod\u011b.<\/p>\n<p>Pro mal\u00e9 d\u011bti u\u017e za\u010d\u00ednaj\u00ed existovat i \u0161koli\u010dky j\u00edzdy na pumptracku. T\u0159eba Katar\u00edna T\u00f3thov\u00e1, mistryn\u011b republiky ve sjezdu, d\u011bl\u00e1 \u0161kolu j\u00edzdy na pumptracku v Tehov\u011b u \u0158\u00ed\u010dan. Je hlin\u011bn\u00fd a pom\u00e1hal jsem ho stav\u011bt. Katar\u00edna u\u010d\u00ed mal\u00e9 i velk\u00e9 a je o to velk\u00fd z\u00e1jem.&#8220;<\/p>\n","protected":false},"excerpt":{"rendered":"<p>Pumptrack, st\u00e1le popul\u00e1rn\u011bj\u0161\u00ed cyklistick\u00e1 discipl\u00edna, kde se na um\u011ble vytvo\u0159en\u00e9m okruhu s \u0159adou ter\u00e9nn\u00edch vln a zat\u00e1\u010dek ne\u0161lape a rychlost [&hellip;]<\/p>\n","protected":false},"author":122,"featured_media":7768,"comment_status":"open","ping_status":"open","sticky":false,"template":"","format":"standard","meta":{"footnotes":""},"categories":[1003],"tags":[587,1056],"global-categories":[411],"class_list":["post-9014","post","type-post","status-publish","format-standard","has-post-thumbnail","hentry","category-pumptrack","tag-michal-marosi","tag-pumptrack-a-deti","global-categories-cycling"],"yoast_head":"<!-- This site is optimized with the Yoast SEO Premium plugin v25.3 (Yoast SEO v25.9) - https:\/\/yoast.com\/wordpress\/plugins\/seo\/ -->\n<title>D\u011bti a pumptrack: kdy za\u010d\u00edt, na \u010dem jezdit. Rady a tipy experta Michala Maro\u0161iho | \u0160koda We Love Cycling - \u010cesk\u00e1 republika<\/title>\n<meta name=\"robots\" content=\"index, follow, max-snippet:-1, max-image-preview:large, max-video-preview:-1\" \/>\n<link rel=\"canonical\" href=\"https:\/\/www.welovecycling.com\/cs\/2020\/07\/30\/deti-a-pumptrack-kdy-zacit-na-cem-jezdit-rady-a-tipy-experta-michala-marosiho\/\" \/>\n<meta property=\"og:locale\" content=\"cs_CZ\" \/>\n<meta property=\"og:type\" content=\"article\" \/>\n<meta property=\"og:title\" content=\"D\u011bti a pumptrack: kdy za\u010d\u00edt, na \u010dem jezdit. Rady a tipy experta Michala Maro\u0161iho\" \/>\n<meta property=\"og:description\" content=\"Pumptrack, st\u00e1le popul\u00e1rn\u011bj\u0161\u00ed cyklistick\u00e1 discipl\u00edna, kde se na um\u011ble vytvo\u0159en\u00e9m okruhu s \u0159adou ter\u00e9nn\u00edch vln a zat\u00e1\u010dek ne\u0161lape a rychlost [&hellip;]\" \/>\n<meta property=\"og:url\" content=\"https:\/\/www.welovecycling.com\/cs\/2020\/07\/30\/deti-a-pumptrack-kdy-zacit-na-cem-jezdit-rady-a-tipy-experta-michala-marosiho\/\" \/>\n<meta property=\"og:site_name\" content=\"\u0160koda We Love Cycling - \u010cesk\u00e1 republika\" \/>\n<meta property=\"article:published_time\" content=\"2020-07-30T09:00:12+00:00\" \/>\n<meta property=\"og:image\" content=\"https:\/\/d2p6e6u75xmxt8.cloudfront.net\/13\/2020\/06\/pumptrack-michal-\u010derven\u00fd-4.webp\" \/>\n\t<meta property=\"og:image:width\" content=\"1600\" \/>\n\t<meta property=\"og:image:height\" content=\"1067\" \/>\n\t<meta property=\"og:image:type\" content=\"image\/webp\" \/>\n<meta name=\"twitter:card\" content=\"summary_large_image\" \/>\n<meta name=\"twitter:label1\" content=\"Written by\" \/>\n\t<meta name=\"twitter:data1\" content=\"Jan Kr\u016fta\" \/>\n\t<meta name=\"twitter:label2\" content=\"Est. reading time\" \/>\n\t<meta name=\"twitter:data2\" content=\"5\" \/>\n<script type=\"application\/ld+json\" class=\"yoast-schema-graph\">{\"@context\":\"https:\/\/schema.org\",\"@graph\":[{\"@type\":\"WebPage\",\"@id\":\"https:\/\/www.welovecycling.com\/cs\/2020\/07\/30\/deti-a-pumptrack-kdy-zacit-na-cem-jezdit-rady-a-tipy-experta-michala-marosiho\/\",\"url\":\"https:\/\/www.welovecycling.com\/cs\/2020\/07\/30\/deti-a-pumptrack-kdy-zacit-na-cem-jezdit-rady-a-tipy-experta-michala-marosiho\/\",\"name\":\"D\u011bti a pumptrack: kdy za\u010d\u00edt, na \u010dem jezdit. Rady a tipy experta Michala Maro\u0161iho | \u0160koda We Love Cycling - \u010cesk\u00e1 republika\",\"isPartOf\":{\"@id\":\"https:\/\/www.welovecycling.com\/cs\/#website\"},\"primaryImageOfPage\":{\"@id\":\"https:\/\/www.welovecycling.com\/cs\/2020\/07\/30\/deti-a-pumptrack-kdy-zacit-na-cem-jezdit-rady-a-tipy-experta-michala-marosiho\/#primaryimage\"},\"image\":{\"@id\":\"https:\/\/www.welovecycling.com\/cs\/2020\/07\/30\/deti-a-pumptrack-kdy-zacit-na-cem-jezdit-rady-a-tipy-experta-michala-marosiho\/#primaryimage\"},\"thumbnailUrl\":\"https:\/\/d2p6e6u75xmxt8.cloudfront.net\/13\/2020\/06\/pumptrack-michal-\u010derven\u00fd-4.webp\",\"datePublished\":\"2020-07-30T09:00:12+00:00\",\"author\":{\"@id\":\"\"},\"inLanguage\":\"cs\",\"potentialAction\":[{\"@type\":\"ReadAction\",\"target\":[\"https:\/\/www.welovecycling.com\/cs\/2020\/07\/30\/deti-a-pumptrack-kdy-zacit-na-cem-jezdit-rady-a-tipy-experta-michala-marosiho\/\"]}]},{\"@type\":\"ImageObject\",\"inLanguage\":\"cs\",\"@id\":\"https:\/\/www.welovecycling.com\/cs\/2020\/07\/30\/deti-a-pumptrack-kdy-zacit-na-cem-jezdit-rady-a-tipy-experta-michala-marosiho\/#primaryimage\",\"url\":\"https:\/\/d2p6e6u75xmxt8.cloudfront.net\/13\/2020\/06\/pumptrack-michal-\u010derven\u00fd-4.webp\",\"contentUrl\":\"https:\/\/d2p6e6u75xmxt8.cloudfront.net\/13\/2020\/06\/pumptrack-michal-\u010derven\u00fd-4.webp\",\"width\":1600,\"height\":1067},{\"@type\":\"WebSite\",\"@id\":\"https:\/\/www.welovecycling.com\/cs\/#website\",\"url\":\"https:\/\/www.welovecycling.com\/cs\/\",\"name\":\"\u0160koda We Love Cycling - \u010cesk\u00e1 republika\",\"description\":\"WeLoveCycling.cz je online magaz\u00edn, kter\u00fd v\u00e1m pravideln\u011b p\u0159in\u00e1\u0161\u00ed rady a tipy, zaj\u00edmav\u00e9 \u010dl\u00e1nky, videa a jedine\u010dn\u00e9 report\u00e1\u017ee ze sv\u011bta cyklistiky.\",\"potentialAction\":[{\"@type\":\"SearchAction\",\"target\":{\"@type\":\"EntryPoint\",\"urlTemplate\":\"https:\/\/www.welovecycling.com\/cs\/?s={search_term_string}\"},\"query-input\":{\"@type\":\"PropertyValueSpecification\",\"valueRequired\":true,\"valueName\":\"search_term_string\"}}],\"inLanguage\":\"cs\"},{\"@type\":\"Person\",\"@id\":\"\",\"url\":\"https:\/\/www.welovecycling.com\/cs\/author\/\"}]}<\/script>\n<!-- \/ Yoast SEO Premium plugin. -->","yoast_head_json":{"title":"D\u011bti a pumptrack: kdy za\u010d\u00edt, na \u010dem jezdit. Rady a tipy experta Michala Maro\u0161iho | \u0160koda We Love Cycling - \u010cesk\u00e1 republika","robots":{"index":"index","follow":"follow","max-snippet":"max-snippet:-1","max-image-preview":"max-image-preview:large","max-video-preview":"max-video-preview:-1"},"canonical":"https:\/\/www.welovecycling.com\/cs\/2020\/07\/30\/deti-a-pumptrack-kdy-zacit-na-cem-jezdit-rady-a-tipy-experta-michala-marosiho\/","og_locale":"cs_CZ","og_type":"article","og_title":"D\u011bti a pumptrack: kdy za\u010d\u00edt, na \u010dem jezdit. Rady a tipy experta Michala Maro\u0161iho","og_description":"Pumptrack, st\u00e1le popul\u00e1rn\u011bj\u0161\u00ed cyklistick\u00e1 discipl\u00edna, kde se na um\u011ble vytvo\u0159en\u00e9m okruhu s \u0159adou ter\u00e9nn\u00edch vln a zat\u00e1\u010dek ne\u0161lape a rychlost [&hellip;]","og_url":"https:\/\/www.welovecycling.com\/cs\/2020\/07\/30\/deti-a-pumptrack-kdy-zacit-na-cem-jezdit-rady-a-tipy-experta-michala-marosiho\/","og_site_name":"\u0160koda We Love Cycling - \u010cesk\u00e1 republika","article_published_time":"2020-07-30T09:00:12+00:00","og_image":[{"width":1600,"height":1067,"url":"https:\/\/d2p6e6u75xmxt8.cloudfront.net\/13\/2020\/06\/pumptrack-michal-\u010derven\u00fd-4.webp","type":"image\/webp"}],"twitter_card":"summary_large_image","twitter_misc":{"Written by":"Jan Kr\u016fta","Est. reading time":"5"},"schema":{"@context":"https:\/\/schema.org","@graph":[{"@type":"WebPage","@id":"https:\/\/www.welovecycling.com\/cs\/2020\/07\/30\/deti-a-pumptrack-kdy-zacit-na-cem-jezdit-rady-a-tipy-experta-michala-marosiho\/","url":"https:\/\/www.welovecycling.com\/cs\/2020\/07\/30\/deti-a-pumptrack-kdy-zacit-na-cem-jezdit-rady-a-tipy-experta-michala-marosiho\/","name":"D\u011bti a pumptrack: kdy za\u010d\u00edt, na \u010dem jezdit. Rady a tipy experta Michala Maro\u0161iho | \u0160koda We Love Cycling - \u010cesk\u00e1 republika","isPartOf":{"@id":"https:\/\/www.welovecycling.com\/cs\/#website"},"primaryImageOfPage":{"@id":"https:\/\/www.welovecycling.com\/cs\/2020\/07\/30\/deti-a-pumptrack-kdy-zacit-na-cem-jezdit-rady-a-tipy-experta-michala-marosiho\/#primaryimage"},"image":{"@id":"https:\/\/www.welovecycling.com\/cs\/2020\/07\/30\/deti-a-pumptrack-kdy-zacit-na-cem-jezdit-rady-a-tipy-experta-michala-marosiho\/#primaryimage"},"thumbnailUrl":"https:\/\/d2p6e6u75xmxt8.cloudfront.net\/13\/2020\/06\/pumptrack-michal-\u010derven\u00fd-4.webp","datePublished":"2020-07-30T09:00:12+00:00","author":{"@id":""},"inLanguage":"cs","potentialAction":[{"@type":"ReadAction","target":["https:\/\/www.welovecycling.com\/cs\/2020\/07\/30\/deti-a-pumptrack-kdy-zacit-na-cem-jezdit-rady-a-tipy-experta-michala-marosiho\/"]}]},{"@type":"ImageObject","inLanguage":"cs","@id":"https:\/\/www.welovecycling.com\/cs\/2020\/07\/30\/deti-a-pumptrack-kdy-zacit-na-cem-jezdit-rady-a-tipy-experta-michala-marosiho\/#primaryimage","url":"https:\/\/d2p6e6u75xmxt8.cloudfront.net\/13\/2020\/06\/pumptrack-michal-\u010derven\u00fd-4.webp","contentUrl":"https:\/\/d2p6e6u75xmxt8.cloudfront.net\/13\/2020\/06\/pumptrack-michal-\u010derven\u00fd-4.webp","width":1600,"height":1067},{"@type":"WebSite","@id":"https:\/\/www.welovecycling.com\/cs\/#website","url":"https:\/\/www.welovecycling.com\/cs\/","name":"\u0160koda We Love Cycling - \u010cesk\u00e1 republika","description":"WeLoveCycling.cz je online magaz\u00edn, kter\u00fd v\u00e1m pravideln\u011b p\u0159in\u00e1\u0161\u00ed rady a tipy, zaj\u00edmav\u00e9 \u010dl\u00e1nky, videa a jedine\u010dn\u00e9 report\u00e1\u017ee ze sv\u011bta cyklistiky.","potentialAction":[{"@type":"SearchAction","target":{"@type":"EntryPoint","urlTemplate":"https:\/\/www.welovecycling.com\/cs\/?s={search_term_string}"},"query-input":{"@type":"PropertyValueSpecification","valueRequired":true,"valueName":"search_term_string"}}],"inLanguage":"cs"},{"@type":"Person","@id":"","url":"https:\/\/www.welovecycling.com\/cs\/author\/"}]}},"_links":{"self":[{"href":"https:\/\/www.welovecycling.com\/cs\/wp-json\/wp\/v2\/posts\/9014","targetHints":{"allow":["GET"]}}],"collection":[{"href":"https:\/\/www.welovecycling.com\/cs\/wp-json\/wp\/v2\/posts"}],"about":[{"href":"https:\/\/www.welovecycling.com\/cs\/wp-json\/wp\/v2\/types\/post"}],"author":[{"embeddable":true,"href":"https:\/\/www.welovecycling.com\/cs\/wp-json\/wp\/v2\/users\/122"}],"replies":[{"embeddable":true,"href":"https:\/\/www.welovecycling.com\/cs\/wp-json\/wp\/v2\/comments?post=9014"}],"version-history":[{"count":2,"href":"https:\/\/www.welovecycling.com\/cs\/wp-json\/wp\/v2\/posts\/9014\/revisions"}],"predecessor-version":[{"id":9016,"href":"https:\/\/www.welovecycling.com\/cs\/wp-json\/wp\/v2\/posts\/9014\/revisions\/9016"}],"wp:featuredmedia":[{"embeddable":true,"href":"https:\/\/www.welovecycling.com\/cs\/wp-json\/wp\/v2\/media\/7768"}],"wp:attachment":[{"href":"https:\/\/www.welovecycling.com\/cs\/wp-json\/wp\/v2\/media?parent=9014"}],"wp:term":[{"taxonomy":"category","embeddable":true,"href":"https:\/\/www.welovecycling.com\/cs\/wp-json\/wp\/v2\/categories?post=9014"},{"taxonomy":"post_tag","embeddable":true,"href":"https:\/\/www.welovecycling.com\/cs\/wp-json\/wp\/v2\/tags?post=9014"},{"taxonomy":"global-categories","embeddable":true,"href":"https:\/\/www.welovecycling.com\/cs\/wp-json\/wp\/v2\/global-categories?post=9014"}],"curies":[{"name":"wp","href":"https:\/\/api.w.org\/{rel}","templated":true}]}}