{"id":8925,"date":"2020-07-29T18:30:05","date_gmt":"2020-07-29T16:30:05","guid":{"rendered":"https:\/\/www.welovecycling.com\/cs\/?p=8925"},"modified":"2020-07-28T10:27:50","modified_gmt":"2020-07-28T08:27:50","slug":"cink-se-vraci-domu-do-stupna-privede-i-absolutni-elitu","status":"publish","type":"post","link":"https:\/\/www.welovecycling.com\/cs\/2020\/07\/29\/cink-se-vraci-domu-do-stupna-privede-i-absolutni-elitu\/","title":{"rendered":"Cink se vrac\u00ed dom\u016f. Do Stupna p\u0159ivede i absolutn\u00ed elitu"},"content":{"rendered":"<p><strong>U\u010dil se tam cyklistick\u00fdm dovednostem a v\u00a0sedle kola ujel prvn\u00ed metry. Na Stupno nedaleko Rokycan ned\u00e1 \u010desk\u00fd reprezenta\u010dn\u00ed biker Ond\u0159ej Cink dopustit. I proto se pravideln\u011b vrac\u00ed do m\u00edst, z\u00a0nich\u017e se odrazil do sv\u011bta velk\u00e9 cyklistiky. \u00da\u0159aduj\u00edc\u00ed \u010desk\u00fd \u0161ampion v\u00a0cross country bude v\u00a0ned\u011bli 2. srpna hlavn\u00ed tv\u00e1\u0159\u00ed z\u00e1vodu Horsk\u00e1 kola Stupno 2020. Na startu v\u0161ak bude prakticky kompletn\u00ed tuzemsk\u00e1 elita, a tak se fanou\u0161ci cyklistiky maj\u00ed na co t\u011b\u0161it.<\/strong><\/p>\n<p>\u201eStupno je moje srde\u010dn\u00ed z\u00e1le\u017eitost. S\u00a0Ondrou Paurem jsem tam vyrostl a r\u00e1d se vrac\u00edm. Moje kari\u00e9ra vlastn\u011b za\u010dala pr\u00e1v\u011b tady, ve\u0161ker\u00e9 moje z\u00e1vod\u011bn\u00ed,\u201c \u0161\u00e1tr\u00e1 vzpom\u00ednkami dev\u011btadvacetilet\u00fd Ond\u0159ej Cink.<\/p>\n<p>\u201eJezdil jsem na akci i v\u00a0dob\u011b, kdy mi ostatn\u00ed dom\u00e1c\u00ed z\u00e1vody p\u0159\u00edli\u0161 nezapadaly do kalend\u00e1\u0159e a j\u00e1 se fanou\u0161k\u016fm v\u00a0\u010cesku p\u0159edstavil jen v\u00fdjime\u010dn\u011b,\u201c potvrzuje rod\u00e1k z\u00a0Rokycan, \u017ee je pro n\u011bj akce ve Stupn\u011b ka\u017edoro\u010dn\u011b jednou z\u00a0priorit.<\/p>\n<h2><strong>Na startu Sto\u0161ek, Hynek \u010di \u010c\u00e1belick\u00e1<\/strong><\/h2>\n<p>Krom\u011b \u00fa\u0159aduj\u00edc\u00edho \u010desk\u00e9ho \u0161ampiona v cross country i maratonu bude na startu p\u00e1t\u00e9ho ro\u010dn\u00edku absolutn\u00ed elita tuzemsk\u00e9 bikov\u00e9 sc\u00e9ny. \u00da\u010dast potvrdil vicemistr z maratonu Martin Sto\u0161ek, st\u0159\u00edbrem z mistrovstv\u00ed v cross country ov\u011bn\u010den\u00fd Jan \u0160karnitzl, vicemistr sv\u011bta v maratonu Kristian Hynek \u010di Marek Rauchfus, Michael Boro\u0161, Matou\u0161 Ulman \u010di cyklokrosov\u00fd \u0161ampion Emil Hekele.<\/p>\n<p>\u201eNa z\u00e1vod se velice t\u011b\u0161\u00edm velice, o Stupn\u011b jsem sly\u0161el v p\u0159edchoz\u00edch letech chv\u00e1lu, co se trat\u011b t\u00fd\u010de a p\u0159edev\u0161\u00edm div\u00e1ck\u00e9 kulisy. Na biku jsem jezdil sp\u00ed\u0161e men\u0161\u00ed z\u00e1vody. Takto nabit\u00e9 startovn\u00ed pole je pro m\u011b obrovsk\u00e1 v\u00fdzva a moc se t\u011b\u0161\u00edm,&#8220; \u0159\u00edk\u00e1 Hekele.<\/p>\n<p>Mimo\u0159\u00e1dn\u011b nabit\u00e9 bude i \u017eensk\u00e9 startovn\u00ed pole. V elitn\u00ed kategorii pojede \u0161ampionka cross country Jitka \u010c\u00e1belick\u00e1, postav\u00ed se j\u00ed Jana Czeczinkarov\u00e1 py\u0161n\u00edc\u00ed se titulem \u010desk\u00e9 mistryn\u011b z maratonu na brut\u00e1ln\u00ed trati na Doln\u00ed Morav\u011b. Vedle Terezy Tvar\u016f\u017ekov\u00e9, Terezy Neumanov\u00e9 \u010di Terezy S\u00e1skov\u00e9 se pak p\u0159edstav\u00ed i nizozemsk\u00e1 hv\u011bzda Anne Terpstra.<\/p>\n<p><a href=\"https:\/\/d2p6e6u75xmxt8.cloudfront.net\/13\/2020\/07\/stupno-plak\u00e1t.jpg\"><img loading=\"lazy\" decoding=\"async\" class=\"alignnone size-full wp-image-8882\" src=\"https:\/\/d2p6e6u75xmxt8.cloudfront.net\/13\/2020\/07\/stupno-plak\u00e1t.jpg\" alt=\"\" width=\"707\" height=\"1000\" \/><\/a><\/p>\n<p>Z\u00e1vod bude m\u00edt nov\u00e9 z\u00e1zem\u00ed. \u201ePojede se v\u00a0multifunk\u010dn\u00edm sportovn\u00edm are\u00e1lu Ultramarinka v\u00a0B\u0159as\u00edch, kde je asfaltov\u00fd pumptrack, relax zona, workoutov\u00e9 h\u0159i\u0161t\u011b, innline dr\u00e1ha \u010di mini skatepark,\u201c l\u00e1k\u00e1 na z\u00e1vod Ond\u0159ej Paur, jeden z\u00a0organiz\u00e1tor\u016f z\u00e1vodu Horsk\u00e1 kola Stupno 2020. \u201eOkruh v\u0161ak nic neztratil na atraktivit\u011b. Obl\u00edben\u00e1 \u010d\u00e1st uprost\u0159ed lesa v\u010detn\u011b dvou skok\u016f z\u016fstala, bonusem bude pr\u016fjezd asfaltov\u00fdm pumptrackem um\u00edst\u011bn\u00fdm v\u00a0srdci are\u00e1lu p\u0159\u00edmo mezi fanou\u0161ky,\u201c \u0159\u00edk\u00e1 Ond\u0159ej Paur.<\/p>\n<div class=\"shortcode-ys-post-pinup\"><article class=\"loop-simple post-7026 post type-post status-publish format-standard has-post-thumbnail hentry category-horska-cyklistika category-zdravi-a-trenink tag-karel-martinek tag-ondrej-cink tag-trenink global-categories-cycling\" data-postid=\"7026\" role=\"article\" data-post-id=\"7026\" data-word-count=\"465\" data-headline-length=\"69\" data-category=\"Horsk\u00e1 cyklistika\" data-global-category=\"Cycling\" data-author=\"Radek Malina\" data-published=\"2020-05-07T07:00:48+02:00\" data-published-day=\"Thursday\">\n    <div class=\"entry-thumbnail article-thumbnail\" content=\"https:\/\/d2p6e6u75xmxt8.cloudfront.net\/13\/2019\/05\/cink-150x150.webp\"><a href=\"https:\/\/www.welovecycling.com\/cs\/2020\/05\/07\/ondra-cink-v-treninku-se-rad-gumuje-rika-kouc-karel-martinek\/\" class=\"image-holder\" target=\"_self\"><img decoding=\"async\" loading=\"lazy\" class=\"\" src=\"https:\/\/d2p6e6u75xmxt8.cloudfront.net\/13\/2019\/05\/cink.webp\" srcset=\"https:\/\/d2p6e6u75xmxt8.cloudfront.net\/13\/2019\/05\/cink.webp 960w, https:\/\/d2p6e6u75xmxt8.cloudfront.net\/13\/2019\/05\/cink-300x199.webp 300w, https:\/\/d2p6e6u75xmxt8.cloudfront.net\/13\/2019\/05\/cink-768x510.webp 768w, https:\/\/d2p6e6u75xmxt8.cloudfront.net\/13\/2019\/05\/cink-272x182.webp 272w\" width=\"960\" height=\"638\" sizes=\"auto, (min-width: 1200px) 300px, (min-width: 768px) 25vw, 100vw\" alt=\"ondra-cink-v-treninku-se-rad-gumuje-rika-kouc-karel-martinek\"\/><\/a><\/div>    <div class=\"entry-meta\">\n        <a class=\"label label-secondary post-category\" href=\"https:\/\/www.welovecycling.com\/cs\/category\/horska-cyklistika\/\" title=\"Horsk\u00e1 cyklistika\">Horsk\u00e1 cyklistika<\/a>\n    <\/div>\n    <div class=\"entry-details\">\n        <a href=\"https:\/\/www.welovecycling.com\/cs\/2020\/05\/07\/ondra-cink-v-treninku-se-rad-gumuje-rika-kouc-karel-martinek\/\" class='entry-title-wrapper'>\n            <h3 class=\"entry-title\"><span>Ondra Cink? V\u00a0tr\u00e9ninku se r\u00e1d gumuje, \u0159\u00edk\u00e1 kou\u010d Karel Martinek<\/span><\/h3>\n        <\/a>\n    <\/div>\n    <\/article>\n<\/div>\n<p>Pokud si pl\u00e1nujete na prvn\u00ed srpnov\u00fd v\u00edkend rodinn\u00fd v\u00fdlet, dost mo\u017en\u00e1 budou pr\u00e1v\u011b z\u00e1padn\u00ed \u010cechy ide\u00e1ln\u00ed destinac\u00ed. V sobotu se kon\u00e1 na Zadov\u011b dal\u0161\u00ed d\u00edl seri\u00e1lu Kolo pro \u017eivot, o den pozd\u011bji se nejlep\u0161\u00ed tuzem\u0161t\u00ed bike\u0159i sejdou ve Stupn\u011b. Pro d\u011bti bude p\u0159ipraven\u00fd pumptrack s instruktory, samoz\u0159ejmost\u00ed budou i z\u00e1vody pro kategorie nejmen\u0161\u00edch.<\/p>\n<h2><strong>Pojedou pro \u0161estiletou Nat\u00e1lku<\/strong><\/h2>\n<p>Cink a jeho par\u0165\u00e1ci v\u0161ak ve Stupn\u011b nebudou bojovat jen o sl\u00e1vu a presti\u017e. Pojedou i pro dobrou v\u011bc. V\u00a0are\u00e1lu ve Stupn\u011b budou k\u00a0dispozici dresy a dal\u0161\u00ed cyklistick\u00e9 p\u0159edm\u011bty v\u011bnovan\u00e9 v\u0161emi hv\u011bzdami ze startovn\u00ed listiny. Jejich d\u00e1rky budou vydra\u017eeny a v\u00fdt\u011b\u017eek poputuje na transparentn\u00ed \u00fa\u010det pro \u0161estiletou Nat\u00e1lku.<\/p>\n<figure id=\"attachment_8881\" aria-describedby=\"caption-attachment-8881\" style=\"width: 1000px\" class=\"wp-caption alignnone\"><a href=\"https:\/\/d2p6e6u75xmxt8.cloudfront.net\/13\/2020\/07\/stupno-d\u011bti.jpg\"><img loading=\"lazy\" decoding=\"async\" class=\"size-full wp-image-8881\" src=\"https:\/\/d2p6e6u75xmxt8.cloudfront.net\/13\/2020\/07\/stupno-d\u011bti.jpg\" alt=\"Ve Stupn\u011b p\u0159i z\u00e1vodu horsk\u00fdch kol budou p\u0159ipraveny i sout\u011b\u017ee pro d\u011bti.\" width=\"1000\" height=\"667\" \/><\/a><figcaption id=\"caption-attachment-8881\" class=\"wp-caption-text\"><em>Ve Stupn\u011b p\u0159i z\u00e1vodu horsk\u00fdch kol budou p\u0159ipraveny i sout\u011b\u017ee pro d\u011bti.<\/em><\/figcaption><\/figure>\n<p>Ta utrp\u011bla p\u0159i nevyda\u0159en\u00e9m chemick\u00e9m pokusu na d\u011btsk\u00e9m t\u00e1bo\u0159e v\u00a0Rokycanech na konci pr\u00e1zdnin lo\u0148sk\u00e9ho roku pop\u00e1leniny II. a III. stupn\u011b na t\u0159ia\u010dty\u0159icetiprocentech t\u011bla. Ve\u0161ker\u00e9 podrobnosti m\u016f\u017eete zjistit na facebookov\u00e9 str\u00e1nce \u201ePom\u00e1h\u00e1me Nat\u00e1lce zp\u011bt do \u017eivota\u201c.<\/p>\n<p>\u201eU\u017e pot\u0159et\u00ed jsme se rozhodli d\u00e1t z\u00e1vodu charitativn\u00ed podtext. Je fajn, kdy\u017e m\u016f\u017eeme pomoci,\u201c tvrd\u00ed Ond\u0159ej Cink, \u017ee kombinace z\u00e1vodn\u00edho nasazen\u00ed s charitativn\u00edm zam\u011b\u0159en\u00edm je ide\u00e1ln\u00edm spojen\u00edm.<\/p>\n<div class=\"shortcode-ys-post-pinup\"><article class=\"loop-simple post-8833 post type-post status-publish format-standard has-post-thumbnail hentry category-rady-tipy category-zdravi-a-trenink tag-kava tag-kava-a-vykonnost tag-vyziva tag-zdravi-a-trenink global-categories-cycling\" data-postid=\"8833\" role=\"article\" data-post-id=\"8833\" data-word-count=\"221\" data-headline-length=\"54\" data-category=\"Zdrav\u00ed a tr\u00e9nink\" data-global-category=\"Cycling\" data-author=\"Ji\u0159\u00ed Kalo\u010d\" data-published=\"2020-07-22T07:00:09+02:00\" data-published-day=\"Wednesday\">\n    <div class=\"entry-thumbnail article-thumbnail\" content=\"https:\/\/d2p6e6u75xmxt8.cloudfront.net\/13\/2020\/07\/WLC-k\u00e1va-3-\u010derven\u00fd-michal-150x150.webp\"><a href=\"https:\/\/www.welovecycling.com\/cs\/2020\/07\/22\/kava-a-cyklistika-kolik-salku-denne-mohu-vypit\/\" class=\"image-holder\" target=\"_self\"><img decoding=\"async\" loading=\"lazy\" class=\"\" src=\"https:\/\/d2p6e6u75xmxt8.cloudfront.net\/13\/2020\/07\/WLC-k\u00e1va-3-\u010derven\u00fd-michal-1024x683.webp\" srcset=\"https:\/\/d2p6e6u75xmxt8.cloudfront.net\/13\/2020\/07\/WLC-k\u00e1va-3-\u010derven\u00fd-michal.webp 1600w, https:\/\/d2p6e6u75xmxt8.cloudfront.net\/13\/2020\/07\/WLC-k\u00e1va-3-\u010derven\u00fd-michal-300x200.webp 300w, https:\/\/d2p6e6u75xmxt8.cloudfront.net\/13\/2020\/07\/WLC-k\u00e1va-3-\u010derven\u00fd-michal-1024x683.webp 1024w, https:\/\/d2p6e6u75xmxt8.cloudfront.net\/13\/2020\/07\/WLC-k\u00e1va-3-\u010derven\u00fd-michal-768x512.webp 768w, https:\/\/d2p6e6u75xmxt8.cloudfront.net\/13\/2020\/07\/WLC-k\u00e1va-3-\u010derven\u00fd-michal-1536x1024.webp 1536w, https:\/\/d2p6e6u75xmxt8.cloudfront.net\/13\/2020\/07\/WLC-k\u00e1va-3-\u010derven\u00fd-michal-272x182.webp 272w\" width=\"1024\" height=\"683\" sizes=\"auto, (min-width: 1200px) 300px, (min-width: 768px) 25vw, 100vw\" alt=\"kava-a-cyklistika-kolik-salku-denne-mohu-vypit\"\/><\/a><\/div>    <div class=\"entry-meta\">\n        <a class=\"label label-secondary post-category\" href=\"https:\/\/www.welovecycling.com\/cs\/category\/zdravi-a-trenink\/\" title=\"Zdrav\u00ed a tr\u00e9nink\">Zdrav\u00ed a tr\u00e9nink<\/a>\n    <\/div>\n    <div class=\"entry-details\">\n        <a href=\"https:\/\/www.welovecycling.com\/cs\/2020\/07\/22\/kava-a-cyklistika-kolik-salku-denne-mohu-vypit\/\" class='entry-title-wrapper'>\n            <h3 class=\"entry-title\"><span>K\u00e1va a cyklistika. Kolik \u0161\u00e1lk\u016f denn\u011b mohu vyp\u00edt?<\/span><\/h3>\n        <\/a>\n    <\/div>\n    <\/article>\n<\/div>\n<p>Fanou\u0161ci se p\u0159i programu startuj\u00edc\u00edm ve Stupn\u011b v ned\u011bli v dev\u011bt hodin r\u00e1no mohou t\u011b\u0161it na v\u00fdjime\u010dn\u00e9 zpest\u0159en\u00ed, kdy c\u00edlovou br\u00e1nu bude tvo\u0159it rameno ob\u0159\u00edho stavebn\u00edho bagru. \u201eS n\u00edm bude spojen\u00e9 i p\u0159edstaven\u00ed elitn\u00edch z\u00e1vodn\u00edk\u016f. Ale podrobnosti nechceme prozrazovat, p\u0159ije\u010fte se pod\u00edvat,\u201c l\u00e1k\u00e1 p\u0159\u00edznivce Ond\u0159ej Paur na exhibi\u010dn\u00ed z\u00e1vod Horsk\u00e1 kola Stupno 2020 (pal-mtb.cz).<\/p>\n","protected":false},"excerpt":{"rendered":"<p>U\u010dil se tam cyklistick\u00fdm dovednostem a v\u00a0sedle kola ujel prvn\u00ed metry. Na Stupno nedaleko Rokycan ned\u00e1 \u010desk\u00fd reprezenta\u010dn\u00ed biker Ond\u0159ej [&hellip;]<\/p>\n","protected":false},"author":122,"featured_media":8608,"comment_status":"open","ping_status":"open","sticky":false,"template":"","format":"standard","meta":{"footnotes":""},"categories":[11,660],"tags":[1044,219,863,205,1043],"global-categories":[411],"class_list":["post-8925","post","type-post","status-publish","format-standard","has-post-thumbnail","hentry","category-horska-cyklistika","category-https-www-welovecycling-com-cs-category-zabava","tag-horska-kola-stupno","tag-jitka-cabelicka","tag-martin-stosek","tag-ondrej-cink","tag-stupno","global-categories-cycling"],"yoast_head":"<!-- This site is optimized with the Yoast SEO Premium plugin v25.3 (Yoast SEO v25.9) - https:\/\/yoast.com\/wordpress\/plugins\/seo\/ -->\n<title>Cink se vrac\u00ed dom\u016f. Do Stupna p\u0159ivede i absolutn\u00ed elitu | \u0160koda We Love Cycling - \u010cesk\u00e1 republika<\/title>\n<meta name=\"robots\" content=\"index, follow, max-snippet:-1, max-image-preview:large, max-video-preview:-1\" \/>\n<link rel=\"canonical\" href=\"https:\/\/www.welovecycling.com\/cs\/2020\/07\/29\/cink-se-vraci-domu-do-stupna-privede-i-absolutni-elitu\/\" \/>\n<meta property=\"og:locale\" content=\"cs_CZ\" \/>\n<meta property=\"og:type\" content=\"article\" \/>\n<meta property=\"og:title\" content=\"Cink se vrac\u00ed dom\u016f. Do Stupna p\u0159ivede i absolutn\u00ed elitu\" \/>\n<meta property=\"og:description\" content=\"U\u010dil se tam cyklistick\u00fdm dovednostem a v\u00a0sedle kola ujel prvn\u00ed metry. Na Stupno nedaleko Rokycan ned\u00e1 \u010desk\u00fd reprezenta\u010dn\u00ed biker Ond\u0159ej [&hellip;]\" \/>\n<meta property=\"og:url\" content=\"https:\/\/www.welovecycling.com\/cs\/2020\/07\/29\/cink-se-vraci-domu-do-stupna-privede-i-absolutni-elitu\/\" \/>\n<meta property=\"og:site_name\" content=\"\u0160koda We Love Cycling - \u010cesk\u00e1 republika\" \/>\n<meta property=\"article:published_time\" content=\"2020-07-29T16:30:05+00:00\" \/>\n<meta property=\"og:image\" content=\"https:\/\/d2p6e6u75xmxt8.cloudfront.net\/13\/2020\/07\/wlc-cink-koncentrace-pec-pod-sn\u011b\u017ekou-\u010derven\u00fd.webp\" \/>\n\t<meta property=\"og:image:width\" content=\"1600\" \/>\n\t<meta property=\"og:image:height\" content=\"1067\" \/>\n\t<meta property=\"og:image:type\" content=\"image\/webp\" \/>\n<meta name=\"twitter:card\" content=\"summary_large_image\" \/>\n<meta name=\"twitter:label1\" content=\"Written by\" \/>\n\t<meta name=\"twitter:data1\" content=\"Ji\u0159\u00ed Kalo\u010d\" \/>\n\t<meta name=\"twitter:label2\" content=\"Est. reading time\" \/>\n\t<meta name=\"twitter:data2\" content=\"5\" \/>\n<script type=\"application\/ld+json\" class=\"yoast-schema-graph\">{\"@context\":\"https:\/\/schema.org\",\"@graph\":[{\"@type\":\"WebPage\",\"@id\":\"https:\/\/www.welovecycling.com\/cs\/2020\/07\/29\/cink-se-vraci-domu-do-stupna-privede-i-absolutni-elitu\/\",\"url\":\"https:\/\/www.welovecycling.com\/cs\/2020\/07\/29\/cink-se-vraci-domu-do-stupna-privede-i-absolutni-elitu\/\",\"name\":\"Cink se vrac\u00ed dom\u016f. Do Stupna p\u0159ivede i absolutn\u00ed elitu | \u0160koda We Love Cycling - \u010cesk\u00e1 republika\",\"isPartOf\":{\"@id\":\"https:\/\/www.welovecycling.com\/cs\/#website\"},\"primaryImageOfPage\":{\"@id\":\"https:\/\/www.welovecycling.com\/cs\/2020\/07\/29\/cink-se-vraci-domu-do-stupna-privede-i-absolutni-elitu\/#primaryimage\"},\"image\":{\"@id\":\"https:\/\/www.welovecycling.com\/cs\/2020\/07\/29\/cink-se-vraci-domu-do-stupna-privede-i-absolutni-elitu\/#primaryimage\"},\"thumbnailUrl\":\"https:\/\/d2p6e6u75xmxt8.cloudfront.net\/13\/2020\/07\/wlc-cink-koncentrace-pec-pod-sn\u011b\u017ekou-\u010derven\u00fd.webp\",\"datePublished\":\"2020-07-29T16:30:05+00:00\",\"author\":{\"@id\":\"\"},\"inLanguage\":\"cs\",\"potentialAction\":[{\"@type\":\"ReadAction\",\"target\":[\"https:\/\/www.welovecycling.com\/cs\/2020\/07\/29\/cink-se-vraci-domu-do-stupna-privede-i-absolutni-elitu\/\"]}]},{\"@type\":\"ImageObject\",\"inLanguage\":\"cs\",\"@id\":\"https:\/\/www.welovecycling.com\/cs\/2020\/07\/29\/cink-se-vraci-domu-do-stupna-privede-i-absolutni-elitu\/#primaryimage\",\"url\":\"https:\/\/d2p6e6u75xmxt8.cloudfront.net\/13\/2020\/07\/wlc-cink-koncentrace-pec-pod-sn\u011b\u017ekou-\u010derven\u00fd.webp\",\"contentUrl\":\"https:\/\/d2p6e6u75xmxt8.cloudfront.net\/13\/2020\/07\/wlc-cink-koncentrace-pec-pod-sn\u011b\u017ekou-\u010derven\u00fd.webp\",\"width\":1600,\"height\":1067,\"caption\":\"P\u0159edstartovn\u00ed koncentrace obh\u00e1jce titulu v cross country Ond\u0159eje Cinka. Foto: Michal \u010cerven\u00fd\"},{\"@type\":\"WebSite\",\"@id\":\"https:\/\/www.welovecycling.com\/cs\/#website\",\"url\":\"https:\/\/www.welovecycling.com\/cs\/\",\"name\":\"\u0160koda We Love Cycling - \u010cesk\u00e1 republika\",\"description\":\"WeLoveCycling.cz je online magaz\u00edn, kter\u00fd v\u00e1m pravideln\u011b p\u0159in\u00e1\u0161\u00ed rady a tipy, zaj\u00edmav\u00e9 \u010dl\u00e1nky, videa a jedine\u010dn\u00e9 report\u00e1\u017ee ze sv\u011bta cyklistiky.\",\"potentialAction\":[{\"@type\":\"SearchAction\",\"target\":{\"@type\":\"EntryPoint\",\"urlTemplate\":\"https:\/\/www.welovecycling.com\/cs\/?s={search_term_string}\"},\"query-input\":{\"@type\":\"PropertyValueSpecification\",\"valueRequired\":true,\"valueName\":\"search_term_string\"}}],\"inLanguage\":\"cs\"},{\"@type\":\"Person\",\"@id\":\"\",\"url\":\"https:\/\/www.welovecycling.com\/cs\/author\/\"}]}<\/script>\n<!-- \/ Yoast SEO Premium plugin. -->","yoast_head_json":{"title":"Cink se vrac\u00ed dom\u016f. Do Stupna p\u0159ivede i absolutn\u00ed elitu | \u0160koda We Love Cycling - \u010cesk\u00e1 republika","robots":{"index":"index","follow":"follow","max-snippet":"max-snippet:-1","max-image-preview":"max-image-preview:large","max-video-preview":"max-video-preview:-1"},"canonical":"https:\/\/www.welovecycling.com\/cs\/2020\/07\/29\/cink-se-vraci-domu-do-stupna-privede-i-absolutni-elitu\/","og_locale":"cs_CZ","og_type":"article","og_title":"Cink se vrac\u00ed dom\u016f. Do Stupna p\u0159ivede i absolutn\u00ed elitu","og_description":"U\u010dil se tam cyklistick\u00fdm dovednostem a v\u00a0sedle kola ujel prvn\u00ed metry. Na Stupno nedaleko Rokycan ned\u00e1 \u010desk\u00fd reprezenta\u010dn\u00ed biker Ond\u0159ej [&hellip;]","og_url":"https:\/\/www.welovecycling.com\/cs\/2020\/07\/29\/cink-se-vraci-domu-do-stupna-privede-i-absolutni-elitu\/","og_site_name":"\u0160koda We Love Cycling - \u010cesk\u00e1 republika","article_published_time":"2020-07-29T16:30:05+00:00","og_image":[{"width":1600,"height":1067,"url":"https:\/\/d2p6e6u75xmxt8.cloudfront.net\/13\/2020\/07\/wlc-cink-koncentrace-pec-pod-sn\u011b\u017ekou-\u010derven\u00fd.webp","type":"image\/webp"}],"twitter_card":"summary_large_image","twitter_misc":{"Written by":"Ji\u0159\u00ed Kalo\u010d","Est. reading time":"5"},"schema":{"@context":"https:\/\/schema.org","@graph":[{"@type":"WebPage","@id":"https:\/\/www.welovecycling.com\/cs\/2020\/07\/29\/cink-se-vraci-domu-do-stupna-privede-i-absolutni-elitu\/","url":"https:\/\/www.welovecycling.com\/cs\/2020\/07\/29\/cink-se-vraci-domu-do-stupna-privede-i-absolutni-elitu\/","name":"Cink se vrac\u00ed dom\u016f. Do Stupna p\u0159ivede i absolutn\u00ed elitu | \u0160koda We Love Cycling - \u010cesk\u00e1 republika","isPartOf":{"@id":"https:\/\/www.welovecycling.com\/cs\/#website"},"primaryImageOfPage":{"@id":"https:\/\/www.welovecycling.com\/cs\/2020\/07\/29\/cink-se-vraci-domu-do-stupna-privede-i-absolutni-elitu\/#primaryimage"},"image":{"@id":"https:\/\/www.welovecycling.com\/cs\/2020\/07\/29\/cink-se-vraci-domu-do-stupna-privede-i-absolutni-elitu\/#primaryimage"},"thumbnailUrl":"https:\/\/d2p6e6u75xmxt8.cloudfront.net\/13\/2020\/07\/wlc-cink-koncentrace-pec-pod-sn\u011b\u017ekou-\u010derven\u00fd.webp","datePublished":"2020-07-29T16:30:05+00:00","author":{"@id":""},"inLanguage":"cs","potentialAction":[{"@type":"ReadAction","target":["https:\/\/www.welovecycling.com\/cs\/2020\/07\/29\/cink-se-vraci-domu-do-stupna-privede-i-absolutni-elitu\/"]}]},{"@type":"ImageObject","inLanguage":"cs","@id":"https:\/\/www.welovecycling.com\/cs\/2020\/07\/29\/cink-se-vraci-domu-do-stupna-privede-i-absolutni-elitu\/#primaryimage","url":"https:\/\/d2p6e6u75xmxt8.cloudfront.net\/13\/2020\/07\/wlc-cink-koncentrace-pec-pod-sn\u011b\u017ekou-\u010derven\u00fd.webp","contentUrl":"https:\/\/d2p6e6u75xmxt8.cloudfront.net\/13\/2020\/07\/wlc-cink-koncentrace-pec-pod-sn\u011b\u017ekou-\u010derven\u00fd.webp","width":1600,"height":1067,"caption":"P\u0159edstartovn\u00ed koncentrace obh\u00e1jce titulu v cross country Ond\u0159eje Cinka. Foto: Michal \u010cerven\u00fd"},{"@type":"WebSite","@id":"https:\/\/www.welovecycling.com\/cs\/#website","url":"https:\/\/www.welovecycling.com\/cs\/","name":"\u0160koda We Love Cycling - \u010cesk\u00e1 republika","description":"WeLoveCycling.cz je online magaz\u00edn, kter\u00fd v\u00e1m pravideln\u011b p\u0159in\u00e1\u0161\u00ed rady a tipy, zaj\u00edmav\u00e9 \u010dl\u00e1nky, videa a jedine\u010dn\u00e9 report\u00e1\u017ee ze sv\u011bta cyklistiky.","potentialAction":[{"@type":"SearchAction","target":{"@type":"EntryPoint","urlTemplate":"https:\/\/www.welovecycling.com\/cs\/?s={search_term_string}"},"query-input":{"@type":"PropertyValueSpecification","valueRequired":true,"valueName":"search_term_string"}}],"inLanguage":"cs"},{"@type":"Person","@id":"","url":"https:\/\/www.welovecycling.com\/cs\/author\/"}]}},"_links":{"self":[{"href":"https:\/\/www.welovecycling.com\/cs\/wp-json\/wp\/v2\/posts\/8925","targetHints":{"allow":["GET"]}}],"collection":[{"href":"https:\/\/www.welovecycling.com\/cs\/wp-json\/wp\/v2\/posts"}],"about":[{"href":"https:\/\/www.welovecycling.com\/cs\/wp-json\/wp\/v2\/types\/post"}],"author":[{"embeddable":true,"href":"https:\/\/www.welovecycling.com\/cs\/wp-json\/wp\/v2\/users\/122"}],"replies":[{"embeddable":true,"href":"https:\/\/www.welovecycling.com\/cs\/wp-json\/wp\/v2\/comments?post=8925"}],"version-history":[{"count":2,"href":"https:\/\/www.welovecycling.com\/cs\/wp-json\/wp\/v2\/posts\/8925\/revisions"}],"predecessor-version":[{"id":8997,"href":"https:\/\/www.welovecycling.com\/cs\/wp-json\/wp\/v2\/posts\/8925\/revisions\/8997"}],"wp:featuredmedia":[{"embeddable":true,"href":"https:\/\/www.welovecycling.com\/cs\/wp-json\/wp\/v2\/media\/8608"}],"wp:attachment":[{"href":"https:\/\/www.welovecycling.com\/cs\/wp-json\/wp\/v2\/media?parent=8925"}],"wp:term":[{"taxonomy":"category","embeddable":true,"href":"https:\/\/www.welovecycling.com\/cs\/wp-json\/wp\/v2\/categories?post=8925"},{"taxonomy":"post_tag","embeddable":true,"href":"https:\/\/www.welovecycling.com\/cs\/wp-json\/wp\/v2\/tags?post=8925"},{"taxonomy":"global-categories","embeddable":true,"href":"https:\/\/www.welovecycling.com\/cs\/wp-json\/wp\/v2\/global-categories?post=8925"}],"curies":[{"name":"wp","href":"https:\/\/api.w.org\/{rel}","templated":true}]}}