{"id":8839,"date":"2020-07-25T11:00:21","date_gmt":"2020-07-25T09:00:21","guid":{"rendered":"https:\/\/www.welovecycling.com\/cs\/?p=8839"},"modified":"2020-07-22T11:34:28","modified_gmt":"2020-07-22T09:34:28","slug":"zamykate-sve-kolo-dobre","status":"publish","type":"post","link":"https:\/\/www.welovecycling.com\/cs\/2020\/07\/25\/zamykate-sve-kolo-dobre\/","title":{"rendered":"Zamyk\u00e1te kolo dob\u0159e? Zvolte spr\u00e1vn\u00e9 m\u00edsto"},"content":{"rendered":"<p><strong>Nejhor\u0161\u00ed mo\u017en\u00e1 varianta a situace, kterou nikomu nep\u0159ejeme. Nic jsme nepodcenili, za prov\u011b\u0159en\u00fd syst\u00e9m zabezpe\u010den\u00ed vyhodili nemal\u00e9 pen\u00edze, na\u0161e kolo je ale stejn\u011b v prachu. Jak se to mohlo st\u00e1t? O \u0161anci, \u017ee sv\u00e9 kolo najdete, kde jste jej zanechali, zdaleka nerozhoduje jen to, \u017ee jste pou\u017eili odpov\u00eddaj\u00edc\u00ed z\u00e1mek. V\u00fdznamnou roli ale hraje i fakt, jak\u00fdm zp\u016fsobem jste bicykl zamkli.<\/strong><\/p>\n<p>Mo\u017en\u00e1 se to nezd\u00e1, ale jde o faktor, kter\u00fd sehr\u00e1v\u00e1 skute\u010dn\u011b kl\u00ed\u010dovou roli. Proto\u017ee i kdy\u017e pou\u017eijete sebelep\u0161\u00ed z\u00e1mek \u0161patn\u011b, va\u0161e kolo zmiz\u00ed jako p\u00e1ra nad hrncem. Proto se v\u00e1m pokus\u00edme v\u00a0n\u00e1sleduj\u00edc\u00edch odstavc\u00edch uk\u00e1zat, jak byste m\u011bli sv\u016fj stroj zamykat &#8211; a tak\u00e9 to, jak byste kolo zamykat nem\u011bli.<\/p>\n<h2><strong>Vyberte ru\u0161n\u00e9 m\u00edsto, ide\u00e1ln\u011b pod kamerou<\/strong><\/h2>\n<p>Prvn\u00ed pravidlo, kter\u00e9 bychom m\u011bli m\u00edt na pam\u011bti, je spojen\u00e9 s v\u00fdb\u011brem m\u00edsta, kde kolo zanech\u00e1me. Sna\u017ete se v\u017edy vyb\u00edrat m\u00edsta, kde se pohybuje co nejv\u00edc lid\u00ed. Je\u0161t\u011b l\u00e9pe pak ta, kter\u00e1 jsou na dohled kamerov\u00fdch syst\u00e9m\u016f. Proto\u017ee jak jsme zmi\u0148ovali ji\u017e v prvn\u00edm d\u00edle: zlod\u011bje limituje \u010das na p\u0159ekon\u00e1n\u00ed z\u00e1mku a p\u0159\u00edtomnost ru\u0161iv\u00fdch element\u016f v podob\u011b lid\u00ed nebo kamer jej prim\u00e1rn\u011b odrazuje.<\/p>\n<div class=\"shortcode-ys-post-pinup\"><article class=\"loop-simple post-8764 post type-post status-publish format-standard has-post-thumbnail hentry category-rady-tipy tag-cyklistika tag-jak-zamykat-kolo tag-lankovy-zamek tag-retezovy-zamek tag-skladaci-zamek tag-u-zamek global-categories-cycling\" data-postid=\"8764\" role=\"article\" data-post-id=\"8764\" data-word-count=\"621\" data-headline-length=\"69\" data-category=\"Rady &amp; tipy\" data-global-category=\"Cycling\" data-author=\"Marek Novotn\u00fd\" data-published=\"2020-07-17T07:00:39+02:00\" data-published-day=\"Friday\">\n    <div class=\"entry-thumbnail article-thumbnail\" content=\"https:\/\/d2p6e6u75xmxt8.cloudfront.net\/13\/2020\/07\/z\u00e1mek-lankov\u00fd.PNG-150x150.webp\"><a href=\"https:\/\/www.welovecycling.com\/cs\/2020\/07\/17\/jak-vybrat-zamek-ke-kolu-tri-kroky-aby-nezustaly-oci-pro-plac\/\" class=\"image-holder\" target=\"_self\"><img decoding=\"async\" loading=\"lazy\" class=\"\" src=\"https:\/\/d2p6e6u75xmxt8.cloudfront.net\/13\/2020\/07\/z\u00e1mek-lankov\u00fd.PNG.webp\" srcset=\"https:\/\/d2p6e6u75xmxt8.cloudfront.net\/13\/2020\/07\/z\u00e1mek-lankov\u00fd.PNG.webp 945w, https:\/\/d2p6e6u75xmxt8.cloudfront.net\/13\/2020\/07\/z\u00e1mek-lankov\u00fd.PNG-300x155.webp 300w, https:\/\/d2p6e6u75xmxt8.cloudfront.net\/13\/2020\/07\/z\u00e1mek-lankov\u00fd.PNG-768x396.webp 768w\" width=\"945\" height=\"487\" sizes=\"auto, (min-width: 1200px) 388px, (min-width: 768px) 32vw, 100vw\" alt=\"jak-vybrat-zamek-ke-kolu-tri-kroky-aby-nezustaly-oci-pro-plac\"\/><\/a><\/div>    <div class=\"entry-meta\">\n        <a class=\"label label-secondary post-category\" href=\"https:\/\/www.welovecycling.com\/cs\/category\/rady-tipy\/\" title=\"Rady &amp; tipy\">Rady &amp; tipy<\/a>\n    <\/div>\n    <div class=\"entry-details\">\n        <a href=\"https:\/\/www.welovecycling.com\/cs\/2020\/07\/17\/jak-vybrat-zamek-ke-kolu-tri-kroky-aby-nezustaly-oci-pro-plac\/\" class='entry-title-wrapper'>\n            <h3 class=\"entry-title\"><span>Jak vybrat z\u00e1mek ke kolu? T\u0159i kroky, aby nez\u016fstaly o\u010di pro pl\u00e1\u010d<\/span><\/h3>\n        <\/a>\n    <\/div>\n    <\/article>\n<\/div>\n<p>Od v\u011bci rovn\u011b\u017e nen\u00ed p\u0159ipoutat kolo tam, kde ji\u017e stoj\u00ed dal\u0161\u00ed &#8211; ide\u00e1ln\u011b ale ne na kraj. Ve skupin\u011b kol toti\u017e bude zlod\u011bj vyb\u00edrat to, kter\u00e9 je zabezpe\u010deno nejh\u016f\u0159, a rovn\u011b\u017e je pro n\u011bj obt\u00ed\u017en\u011bj\u0161\u00ed v chumlu bicykl\u016f pou\u017e\u00edt n\u00e1stroje k p\u0159ekon\u00e1n\u00ed zabezpe\u010den\u00ed.<\/p>\n<p>Nav\u00edc je pravd\u011bpodobn\u00e9, \u017ee se k zaparkovan\u00fdm kol\u016fm p\u0159ibl\u00ed\u017e\u00ed dal\u0161\u00ed cyklista &#8211; a ten zpravidla na zlod\u011bje reaguje v\u00fdrazn\u011b aktivn\u011bji ne\u017e pouh\u00fd kolemjdouc\u00ed.<\/p>\n<p>Druh\u00e9 pravidlo sice nen\u00ed t\u0159eba extr\u00e9mn\u011b zd\u016fraz\u0148ovat &#8211; mo\u017en\u00e1 ale pr\u00e1v\u011b proto mu budeme rovn\u011b\u017e v\u011bnovat pozornost. Kolo v\u017edy poutejte ke stacion\u00e1rn\u00edmu, masivn\u00edmu objektu, kter\u00fd nelze jednodu\u0161e p\u0159est\u0159ihnout, p\u0159e\u0159\u00edznout, od\u0161roubovat \u010di zlomit.<\/p>\n<p>Rozhodn\u011b nedoporu\u010dujeme zamknout kolo ke stromu, d\u0159ev\u011bn\u00e9mu sloupku \u010di oby\u010dejn\u00e9mu dr\u00e1t\u011bn\u00e9mu plotu.<\/p>\n<p><a href=\"https:\/\/d2p6e6u75xmxt8.cloudfront.net\/13\/2020\/07\/z\u00e1mek-profimedia-0260577417.jpg\"><img loading=\"lazy\" decoding=\"async\" class=\"alignnone size-full wp-image-8883\" src=\"https:\/\/d2p6e6u75xmxt8.cloudfront.net\/13\/2020\/07\/z\u00e1mek-profimedia-0260577417.jpg\" alt=\"\" width=\"1199\" height=\"1800\" \/><\/a><\/p>\n<p>O\u010di na stopk\u00e1ch ale m\u011bjte i u speci\u00e1ln\u00edch stojan\u016f na kola. Staly se p\u0159\u00edpady, \u017ee zlod\u011bj pod pl\u00e1\u0161t\u011bm tmy bruskou p\u0159e\u0159\u00edzl trubku stojanu, \u0159ez p\u0159ekryl p\u00e1skou a pozd\u011bji jen p\u0159i\u0161el k p\u0159ipoutan\u00fdm bicykl\u016fm jako do samoobsluhy.<\/p>\n<p>T\u0159et\u00ed pravidlo zn\u00ed: ned\u00e1vejte zlod\u011bj\u016fm zbyte\u010dn\u011b \u0161anci. Pokud budete kolo zamykat p\u0159\u00edmo p\u0159ed kinem, bude ka\u017ed\u00e9mu potenci\u00e1ln\u00edmu dareb\u00e1kovi jasn\u00e9, \u017ee bude v\u00e1\u0161 bicykl dobr\u00e9 dv\u011b hodiny bez dozoru. Nenech\u00e1vejte kolo na m\u00edstech, kter\u00e1 na prvn\u00ed pohled nep\u016fsob\u00ed bezpe\u010dn\u011b.<\/p>\n<h2><strong>Poutejte kolo k pevn\u00e9mu bodu<\/strong><\/h2>\n<p>A kone\u010dn\u011b se dost\u00e1v\u00e1me k tomu, jak byste m\u011bli kolo v ide\u00e1ln\u00edm p\u0159\u00edpad\u011b (ne)zamykat.<\/p>\n<p>Pravidlo prvn\u00ed: m\u016f\u017ee zn\u00edt zbyte\u010dn\u011b, ale rozhodn\u011b stoj\u00ed za to ho zd\u016fraznit: v\u017edy poutejte k pevn\u00e9mu bodu r\u00e1m kola. Pokud p\u0159ipout\u00e1te p\u0159edn\u00ed \u010di zadn\u00ed kolo, nen\u00ed pro zlod\u011bje probl\u00e9m kolo odepnout a odkr\u00e1\u010det jen s cenn\u011bj\u0161\u00edm r\u00e1mem &#8211; to plat\u00ed zvl\u00e1\u0161\u0165 v p\u0159\u00edpad\u011b, pokud m\u00e1te na kole rychloup\u00edn\u00e1ky.<\/p>\n<p><a href=\"https:\/\/d2p6e6u75xmxt8.cloudfront.net\/13\/2020\/07\/z\u00e1mek-\u0159et\u011bzov\u00fd.PNG.png\"><img loading=\"lazy\" decoding=\"async\" class=\"alignnone size-full wp-image-8766\" src=\"https:\/\/d2p6e6u75xmxt8.cloudfront.net\/13\/2020\/07\/z\u00e1mek-\u0159et\u011bzov\u00fd.PNG.png\" alt=\"\u0158et\u011bzjeov\u00fd z\u00e1mek . Foto: Abus\" width=\"868\" height=\"589\" \/><\/a><\/p>\n<p>Pravidlo druh\u00e9: z\u00e1mek se sna\u017ete um\u00edstit v\u00fd\u0161 a nikdy jej nenechte na zemi. Pokud le\u017e\u00ed na zemi, m\u016f\u017ee se ho zlod\u011bj pokusit rozb\u00edt kladivem, p\u0159\u00edpadn\u011b m\u016f\u017ee vyu\u017e\u00edt pevn\u00e9 podlo\u017eky jako oporu pro efektivn\u011bj\u0161\u00ed p\u00e1ku \u0161t\u00edpac\u00edch kle\u0161t\u00ed. Sou\u010dasn\u011b ale nepoutejte bicykl za horn\u00ed r\u00e1movou trubku, proto\u017ee t\u00edm dovol\u00edte zlod\u011bji kolem oto\u010dit a pou\u017e\u00edt samotn\u00fd r\u00e1m jako \u0161t\u00edpa\u010dky. Ide\u00e1ln\u00ed je poutat kolo za sedlovku nebo spodn\u00ed r\u00e1movou trubku.<\/p>\n<div class=\"shortcode-ys-post-pinup\"><article class=\"loop-simple post-8214 post type-post status-publish format-standard has-post-thumbnail hentry category-welovecycling-com-cs-tdf tag-christian-prudhomme tag-cyklistika tag-silnicni-cyklistika tag-tour-de-france-2020 global-categories-cycling\" data-postid=\"8214\" role=\"article\" data-post-id=\"8214\" data-word-count=\"695\" data-headline-length=\"80\" data-category=\"TdF\" data-global-category=\"Cycling\" data-author=\"Adam Bouda\" data-published=\"2020-07-08T18:30:18+02:00\" data-published-day=\"Wednesday\">\n    <div class=\"entry-thumbnail article-thumbnail\" content=\"https:\/\/d2p6e6u75xmxt8.cloudfront.net\/13\/2019\/08\/Obrazek1-150x150.webp\"><a href=\"https:\/\/www.welovecycling.com\/cs\/2020\/07\/08\/jak-francouzi-meli-tri-mesice-na-pripravy-nove-a-lepsi-tour-de-france\/\" class=\"image-holder\" target=\"_self\"><img decoding=\"async\" loading=\"lazy\" class=\"\" src=\"https:\/\/d2p6e6u75xmxt8.cloudfront.net\/13\/2019\/08\/Obrazek1.webp\" srcset=\"https:\/\/d2p6e6u75xmxt8.cloudfront.net\/13\/2019\/08\/Obrazek1.webp 943w, https:\/\/d2p6e6u75xmxt8.cloudfront.net\/13\/2019\/08\/Obrazek1-300x200.webp 300w, https:\/\/d2p6e6u75xmxt8.cloudfront.net\/13\/2019\/08\/Obrazek1-768x512.webp 768w, https:\/\/d2p6e6u75xmxt8.cloudfront.net\/13\/2019\/08\/Obrazek1-272x182.webp 272w\" width=\"943\" height=\"629\" sizes=\"auto, (min-width: 1200px) 300px, (min-width: 768px) 25vw, 100vw\" alt=\"jak-francouzi-meli-tri-mesice-na-pripravy-nove-a-lepsi-tour-de-france\"\/><\/a><\/div>    <div class=\"entry-meta\">\n        <a class=\"label label-secondary post-category\" href=\"https:\/\/www.welovecycling.com\/cs\/category\/welovecycling-com-cs-tdf\/\" title=\"TdF\">TdF<\/a>\n    <\/div>\n    <div class=\"entry-details\">\n        <a href=\"https:\/\/www.welovecycling.com\/cs\/2020\/07\/08\/jak-francouzi-meli-tri-mesice-na-pripravy-nove-a-lepsi-tour-de-france\/\" class='entry-title-wrapper'>\n            <h3 class=\"entry-title\"><span>Jak Francouzi m\u011bli t\u0159i m\u011bs\u00edce na p\u0159\u00edpravy nov\u00e9 (a lep\u0161\u00ed) Tour de France<\/span><\/h3>\n        <\/a>\n    <\/div>\n    <\/article>\n<\/div>\n<p>Pravidlo t\u0159et\u00ed: zamezte p\u0159\u00edstupu k\u00a0z\u00e1mku. P\u0159i p\u0159ipout\u00e1n\u00ed kola byste se m\u011bli v\u017edy sna\u017eit, aby byl mechanismus z\u00e1mku co nejh\u016f\u0159e dosa\u017eiteln\u00fd a zlod\u011bj m\u011bl co nejzt\u00ed\u017een\u011bj\u0161\u00ed podm\u00ednky pro manipulaci s\u00a0n\u00edm. N\u011bkter\u00e9 jednodu\u0161\u0161\u00ed syst\u00e9my nen\u00ed t\u011b\u017ek\u00e9 odemknout \u0161perh\u00e1kem, jindy v\u00e1m zlod\u011bji mohou zalepit otvor pro kl\u00ed\u010d lepidlem s\u00a0v\u00edrou, \u017ee nech\u00e1te kolo na m\u00edst\u011b a poskytnete jim del\u0161\u00ed \u010das na pr\u00e1ci.<\/p>\n<h2><strong>Na ru\u0161n\u00e9m m\u00edst\u011b pou\u017eijte dva z\u00e1mky<\/strong><\/h2>\n<p>Pravidlo \u010dtvrt\u00e9: nenech\u00e1vejte v U-z\u00e1mku voln\u00fd prostor. V\u00a0prvn\u00edm d\u00edle jsme U-z\u00e1mek ozna\u010dili jako jednu z\u00a0nejlep\u0161\u00edch variant, jak kolo zabezpe\u010dit. M\u011bli bychom jej pou\u017e\u00edt tak, aby okem z\u00e1mku proch\u00e1zelo co nejv\u00edc p\u0159edm\u011bt\u016f &#8211; ide\u00e1ln\u011b t\u0159eba kotv\u00edc\u00ed bod, trubka r\u00e1mu, klika a je\u0161t\u011b r\u00e1fek. Pokud nech\u00e1me v\u00a0oblouku prostor, m\u016f\u017ee se zlod\u011bj pokusit zlomit jej p\u00e1\u010didlem nebo rozt\u00e1hnout heverem.<\/p>\n<p>Pravidlo p\u00e1t\u00e9: pokud si nejste jist\u00ed m\u00edstem, kde kolo nech\u00e1v\u00e1te, pou\u017eijte rad\u011bji z\u00e1mky dva, nebo alespo\u0148 zkombinujte jeden lep\u0161\u00ed a jeden hor\u0161\u00ed syst\u00e9m &#8211; t\u0159eba U-z\u00e1mek a lankov\u00fd z\u00e1mek. Jak u\u017e jsme zd\u016fraznili n\u011bkolikr\u00e1t, zlod\u011bj hraje o \u010das a v\u017edy si vybere kolo, kter\u00e9 mu na prvn\u00ed pohled d\u00e1v\u00e1 nejv\u011bt\u0161\u00ed \u0161anci na \u00fasp\u011bch.<\/p>\n","protected":false},"excerpt":{"rendered":"<p>Nejhor\u0161\u00ed mo\u017en\u00e1 varianta a situace, kterou nikomu nep\u0159ejeme. Nic jsme nepodcenili, za prov\u011b\u0159en\u00fd syst\u00e9m zabezpe\u010den\u00ed vyhodili nemal\u00e9 pen\u00edze, na\u0161e kolo [&hellip;]<\/p>\n","protected":false},"author":122,"featured_media":8884,"comment_status":"open","ping_status":"open","sticky":false,"template":"","format":"standard","meta":{"footnotes":""},"categories":[15],"tags":[1027,1040],"global-categories":[411],"class_list":["post-8839","post","type-post","status-publish","format-standard","has-post-thumbnail","hentry","category-rady-tipy","tag-jak-zamykat-kolo","tag-zamykani-kol","global-categories-cycling"],"yoast_head":"<!-- This site is optimized with the Yoast SEO Premium plugin v25.3 (Yoast SEO v25.9) - https:\/\/yoast.com\/wordpress\/plugins\/seo\/ -->\n<title>Zamyk\u00e1te kolo dob\u0159e? Zvolte spr\u00e1vn\u00e9 m\u00edsto | \u0160koda We Love Cycling - \u010cesk\u00e1 republika<\/title>\n<meta name=\"robots\" content=\"index, follow, max-snippet:-1, max-image-preview:large, max-video-preview:-1\" \/>\n<link rel=\"canonical\" href=\"https:\/\/www.welovecycling.com\/cs\/2020\/07\/25\/zamykate-sve-kolo-dobre\/\" \/>\n<meta property=\"og:locale\" content=\"cs_CZ\" \/>\n<meta property=\"og:type\" content=\"article\" \/>\n<meta property=\"og:title\" content=\"Zamyk\u00e1te kolo dob\u0159e? Zvolte spr\u00e1vn\u00e9 m\u00edsto\" \/>\n<meta property=\"og:description\" content=\"Nejhor\u0161\u00ed mo\u017en\u00e1 varianta a situace, kterou nikomu nep\u0159ejeme. Nic jsme nepodcenili, za prov\u011b\u0159en\u00fd syst\u00e9m zabezpe\u010den\u00ed vyhodili nemal\u00e9 pen\u00edze, na\u0161e kolo [&hellip;]\" \/>\n<meta property=\"og:url\" content=\"https:\/\/www.welovecycling.com\/cs\/2020\/07\/25\/zamykate-sve-kolo-dobre\/\" \/>\n<meta property=\"og:site_name\" content=\"\u0160koda We Love Cycling - \u010cesk\u00e1 republika\" \/>\n<meta property=\"article:published_time\" content=\"2020-07-25T09:00:21+00:00\" \/>\n<meta property=\"og:image\" content=\"https:\/\/d2p6e6u75xmxt8.cloudfront.net\/13\/2020\/07\/z\u00e1mek-profimedia-0368343460.webp\" \/>\n\t<meta property=\"og:image:width\" content=\"1800\" \/>\n\t<meta property=\"og:image:height\" content=\"1253\" \/>\n\t<meta property=\"og:image:type\" content=\"image\/webp\" \/>\n<meta name=\"twitter:card\" content=\"summary_large_image\" \/>\n<meta name=\"twitter:label1\" content=\"Written by\" \/>\n\t<meta name=\"twitter:data1\" content=\"Adam Bouda\" \/>\n\t<meta name=\"twitter:label2\" content=\"Est. reading time\" \/>\n\t<meta name=\"twitter:data2\" content=\"8\" \/>\n<script type=\"application\/ld+json\" class=\"yoast-schema-graph\">{\"@context\":\"https:\/\/schema.org\",\"@graph\":[{\"@type\":\"WebPage\",\"@id\":\"https:\/\/www.welovecycling.com\/cs\/2020\/07\/25\/zamykate-sve-kolo-dobre\/\",\"url\":\"https:\/\/www.welovecycling.com\/cs\/2020\/07\/25\/zamykate-sve-kolo-dobre\/\",\"name\":\"Zamyk\u00e1te kolo dob\u0159e? Zvolte spr\u00e1vn\u00e9 m\u00edsto | \u0160koda We Love Cycling - \u010cesk\u00e1 republika\",\"isPartOf\":{\"@id\":\"https:\/\/www.welovecycling.com\/cs\/#website\"},\"primaryImageOfPage\":{\"@id\":\"https:\/\/www.welovecycling.com\/cs\/2020\/07\/25\/zamykate-sve-kolo-dobre\/#primaryimage\"},\"image\":{\"@id\":\"https:\/\/www.welovecycling.com\/cs\/2020\/07\/25\/zamykate-sve-kolo-dobre\/#primaryimage\"},\"thumbnailUrl\":\"https:\/\/d2p6e6u75xmxt8.cloudfront.net\/13\/2020\/07\/z\u00e1mek-profimedia-0368343460.webp\",\"datePublished\":\"2020-07-25T09:00:21+00:00\",\"author\":{\"@id\":\"\"},\"inLanguage\":\"cs\",\"potentialAction\":[{\"@type\":\"ReadAction\",\"target\":[\"https:\/\/www.welovecycling.com\/cs\/2020\/07\/25\/zamykate-sve-kolo-dobre\/\"]}]},{\"@type\":\"ImageObject\",\"inLanguage\":\"cs\",\"@id\":\"https:\/\/www.welovecycling.com\/cs\/2020\/07\/25\/zamykate-sve-kolo-dobre\/#primaryimage\",\"url\":\"https:\/\/d2p6e6u75xmxt8.cloudfront.net\/13\/2020\/07\/z\u00e1mek-profimedia-0368343460.webp\",\"contentUrl\":\"https:\/\/d2p6e6u75xmxt8.cloudfront.net\/13\/2020\/07\/z\u00e1mek-profimedia-0368343460.webp\",\"width\":1800,\"height\":1253,\"caption\":\"Z\u00e1mek na kolo\"},{\"@type\":\"WebSite\",\"@id\":\"https:\/\/www.welovecycling.com\/cs\/#website\",\"url\":\"https:\/\/www.welovecycling.com\/cs\/\",\"name\":\"\u0160koda We Love Cycling - \u010cesk\u00e1 republika\",\"description\":\"WeLoveCycling.cz je online magaz\u00edn, kter\u00fd v\u00e1m pravideln\u011b p\u0159in\u00e1\u0161\u00ed rady a tipy, zaj\u00edmav\u00e9 \u010dl\u00e1nky, videa a jedine\u010dn\u00e9 report\u00e1\u017ee ze sv\u011bta cyklistiky.\",\"potentialAction\":[{\"@type\":\"SearchAction\",\"target\":{\"@type\":\"EntryPoint\",\"urlTemplate\":\"https:\/\/www.welovecycling.com\/cs\/?s={search_term_string}\"},\"query-input\":{\"@type\":\"PropertyValueSpecification\",\"valueRequired\":true,\"valueName\":\"search_term_string\"}}],\"inLanguage\":\"cs\"},{\"@type\":\"Person\",\"@id\":\"\",\"url\":\"https:\/\/www.welovecycling.com\/cs\/author\/\"}]}<\/script>\n<!-- \/ Yoast SEO Premium plugin. -->","yoast_head_json":{"title":"Zamyk\u00e1te kolo dob\u0159e? Zvolte spr\u00e1vn\u00e9 m\u00edsto | \u0160koda We Love Cycling - \u010cesk\u00e1 republika","robots":{"index":"index","follow":"follow","max-snippet":"max-snippet:-1","max-image-preview":"max-image-preview:large","max-video-preview":"max-video-preview:-1"},"canonical":"https:\/\/www.welovecycling.com\/cs\/2020\/07\/25\/zamykate-sve-kolo-dobre\/","og_locale":"cs_CZ","og_type":"article","og_title":"Zamyk\u00e1te kolo dob\u0159e? Zvolte spr\u00e1vn\u00e9 m\u00edsto","og_description":"Nejhor\u0161\u00ed mo\u017en\u00e1 varianta a situace, kterou nikomu nep\u0159ejeme. Nic jsme nepodcenili, za prov\u011b\u0159en\u00fd syst\u00e9m zabezpe\u010den\u00ed vyhodili nemal\u00e9 pen\u00edze, na\u0161e kolo [&hellip;]","og_url":"https:\/\/www.welovecycling.com\/cs\/2020\/07\/25\/zamykate-sve-kolo-dobre\/","og_site_name":"\u0160koda We Love Cycling - \u010cesk\u00e1 republika","article_published_time":"2020-07-25T09:00:21+00:00","og_image":[{"width":1800,"height":1253,"url":"https:\/\/d2p6e6u75xmxt8.cloudfront.net\/13\/2020\/07\/z\u00e1mek-profimedia-0368343460.webp","type":"image\/webp"}],"twitter_card":"summary_large_image","twitter_misc":{"Written by":"Adam Bouda","Est. reading time":"8"},"schema":{"@context":"https:\/\/schema.org","@graph":[{"@type":"WebPage","@id":"https:\/\/www.welovecycling.com\/cs\/2020\/07\/25\/zamykate-sve-kolo-dobre\/","url":"https:\/\/www.welovecycling.com\/cs\/2020\/07\/25\/zamykate-sve-kolo-dobre\/","name":"Zamyk\u00e1te kolo dob\u0159e? Zvolte spr\u00e1vn\u00e9 m\u00edsto | \u0160koda We Love Cycling - \u010cesk\u00e1 republika","isPartOf":{"@id":"https:\/\/www.welovecycling.com\/cs\/#website"},"primaryImageOfPage":{"@id":"https:\/\/www.welovecycling.com\/cs\/2020\/07\/25\/zamykate-sve-kolo-dobre\/#primaryimage"},"image":{"@id":"https:\/\/www.welovecycling.com\/cs\/2020\/07\/25\/zamykate-sve-kolo-dobre\/#primaryimage"},"thumbnailUrl":"https:\/\/d2p6e6u75xmxt8.cloudfront.net\/13\/2020\/07\/z\u00e1mek-profimedia-0368343460.webp","datePublished":"2020-07-25T09:00:21+00:00","author":{"@id":""},"inLanguage":"cs","potentialAction":[{"@type":"ReadAction","target":["https:\/\/www.welovecycling.com\/cs\/2020\/07\/25\/zamykate-sve-kolo-dobre\/"]}]},{"@type":"ImageObject","inLanguage":"cs","@id":"https:\/\/www.welovecycling.com\/cs\/2020\/07\/25\/zamykate-sve-kolo-dobre\/#primaryimage","url":"https:\/\/d2p6e6u75xmxt8.cloudfront.net\/13\/2020\/07\/z\u00e1mek-profimedia-0368343460.webp","contentUrl":"https:\/\/d2p6e6u75xmxt8.cloudfront.net\/13\/2020\/07\/z\u00e1mek-profimedia-0368343460.webp","width":1800,"height":1253,"caption":"Z\u00e1mek na kolo"},{"@type":"WebSite","@id":"https:\/\/www.welovecycling.com\/cs\/#website","url":"https:\/\/www.welovecycling.com\/cs\/","name":"\u0160koda We Love Cycling - \u010cesk\u00e1 republika","description":"WeLoveCycling.cz je online magaz\u00edn, kter\u00fd v\u00e1m pravideln\u011b p\u0159in\u00e1\u0161\u00ed rady a tipy, zaj\u00edmav\u00e9 \u010dl\u00e1nky, videa a jedine\u010dn\u00e9 report\u00e1\u017ee ze sv\u011bta cyklistiky.","potentialAction":[{"@type":"SearchAction","target":{"@type":"EntryPoint","urlTemplate":"https:\/\/www.welovecycling.com\/cs\/?s={search_term_string}"},"query-input":{"@type":"PropertyValueSpecification","valueRequired":true,"valueName":"search_term_string"}}],"inLanguage":"cs"},{"@type":"Person","@id":"","url":"https:\/\/www.welovecycling.com\/cs\/author\/"}]}},"_links":{"self":[{"href":"https:\/\/www.welovecycling.com\/cs\/wp-json\/wp\/v2\/posts\/8839","targetHints":{"allow":["GET"]}}],"collection":[{"href":"https:\/\/www.welovecycling.com\/cs\/wp-json\/wp\/v2\/posts"}],"about":[{"href":"https:\/\/www.welovecycling.com\/cs\/wp-json\/wp\/v2\/types\/post"}],"author":[{"embeddable":true,"href":"https:\/\/www.welovecycling.com\/cs\/wp-json\/wp\/v2\/users\/122"}],"replies":[{"embeddable":true,"href":"https:\/\/www.welovecycling.com\/cs\/wp-json\/wp\/v2\/comments?post=8839"}],"version-history":[{"count":2,"href":"https:\/\/www.welovecycling.com\/cs\/wp-json\/wp\/v2\/posts\/8839\/revisions"}],"predecessor-version":[{"id":8887,"href":"https:\/\/www.welovecycling.com\/cs\/wp-json\/wp\/v2\/posts\/8839\/revisions\/8887"}],"wp:featuredmedia":[{"embeddable":true,"href":"https:\/\/www.welovecycling.com\/cs\/wp-json\/wp\/v2\/media\/8884"}],"wp:attachment":[{"href":"https:\/\/www.welovecycling.com\/cs\/wp-json\/wp\/v2\/media?parent=8839"}],"wp:term":[{"taxonomy":"category","embeddable":true,"href":"https:\/\/www.welovecycling.com\/cs\/wp-json\/wp\/v2\/categories?post=8839"},{"taxonomy":"post_tag","embeddable":true,"href":"https:\/\/www.welovecycling.com\/cs\/wp-json\/wp\/v2\/tags?post=8839"},{"taxonomy":"global-categories","embeddable":true,"href":"https:\/\/www.welovecycling.com\/cs\/wp-json\/wp\/v2\/global-categories?post=8839"}],"curies":[{"name":"wp","href":"https:\/\/api.w.org\/{rel}","templated":true}]}}