{"id":8833,"date":"2020-07-22T07:00:09","date_gmt":"2020-07-22T05:00:09","guid":{"rendered":"https:\/\/www.welovecycling.com\/cs\/?p=8833"},"modified":"2020-07-29T13:42:46","modified_gmt":"2020-07-29T11:42:46","slug":"kava-a-cyklistika-kolik-salku-denne-mohu-vypit","status":"publish","type":"post","link":"https:\/\/www.welovecycling.com\/cs\/2020\/07\/22\/kava-a-cyklistika-kolik-salku-denne-mohu-vypit\/","title":{"rendered":"K\u00e1va a cyklistika. Kolik \u0161\u00e1lk\u016f denn\u011b mohu vyp\u00edt?"},"content":{"rendered":"<p><strong>Nej\u010dast\u011bj\u0161\u00ed ot\u00e1zka milovn\u00edk\u016f k\u00e1vy sm\u011b\u0159uje k bezpe\u010dn\u00e9mu mno\u017estv\u00ed z hlediska konzumace. Proto i cyklisty v\u017edy zaj\u00edm\u00e1, kolik k\u00e1v denn\u011b je je\u0161t\u011b v po\u0159\u00e1dku a kolik u\u017e je p\u0159\u00edli\u0161. V tomto \u010dl\u00e1nku se pod\u00edv\u00e1me, co na toto t\u00e9ma \u0159\u00edk\u00e1 odborn\u00e1 literatura, dopln\u00edme tak\u00e9, kdo by m\u011bl d\u00e1vat na konzumaci k\u00e1vy v\u011bt\u0161\u00ed pozor.<\/strong><\/p>\n<h2><strong>Vliv pit\u00ed k\u00e1vy lze vy\u010d\u00edst z gen\u016f<\/strong><\/h2>\n<p>Ned\u00e1vn\u00e1 studie v\u00fdzkumn\u00edk\u016f z\u00a0Univerzity of South Australia zkoumala spojen\u00ed mezi pravidelnou konzumac\u00ed k\u00e1vy a rizikem vzniku r\u016fzn\u00fdch chorob. Tento vztah byl historicky sledov\u00e1n pomoc\u00ed observa\u010dn\u00edch studi\u00ed.<\/p>\n<div class=\"shortcode-ys-post-pinup\"><article class=\"loop-simple post-8701 post type-post status-publish format-standard has-post-thumbnail hentry category-rady-tipy category-zdravi-a-trenink tag-cyklistika tag-espresso tag-french-press tag-kava tag-kava-a-vykonnost tag-vyziva tag-zdravi global-categories-cycling\" data-postid=\"8701\" role=\"article\" data-post-id=\"8701\" data-word-count=\"328\" data-headline-length=\"41\" data-category=\"Zdrav\u00ed a tr\u00e9nink\" data-global-category=\"Cycling\" data-author=\"Ji\u0159\u00ed Kalo\u010d\" data-published=\"2020-07-15T07:00:29+02:00\" data-published-day=\"Wednesday\">\n    <div class=\"entry-thumbnail article-thumbnail\" content=\"https:\/\/d2p6e6u75xmxt8.cloudfront.net\/13\/2020\/07\/k\u00e1va-profimedia-0372699698-150x150.webp\"><a href=\"https:\/\/www.welovecycling.com\/cs\/2020\/07\/15\/kava-a-cyklistika-jak-vybrat-tu-spravnou\/\" class=\"image-holder\" target=\"_self\"><img decoding=\"async\" loading=\"lazy\" class=\"\" src=\"https:\/\/d2p6e6u75xmxt8.cloudfront.net\/13\/2020\/07\/k\u00e1va-profimedia-0372699698-1024x683.webp\" srcset=\"https:\/\/d2p6e6u75xmxt8.cloudfront.net\/13\/2020\/07\/k\u00e1va-profimedia-0372699698.webp 1800w, https:\/\/d2p6e6u75xmxt8.cloudfront.net\/13\/2020\/07\/k\u00e1va-profimedia-0372699698-300x200.webp 300w, https:\/\/d2p6e6u75xmxt8.cloudfront.net\/13\/2020\/07\/k\u00e1va-profimedia-0372699698-1024x683.webp 1024w, https:\/\/d2p6e6u75xmxt8.cloudfront.net\/13\/2020\/07\/k\u00e1va-profimedia-0372699698-768x512.webp 768w, https:\/\/d2p6e6u75xmxt8.cloudfront.net\/13\/2020\/07\/k\u00e1va-profimedia-0372699698-1536x1024.webp 1536w, https:\/\/d2p6e6u75xmxt8.cloudfront.net\/13\/2020\/07\/k\u00e1va-profimedia-0372699698-272x182.webp 272w\" width=\"1024\" height=\"683\" sizes=\"auto, (min-width: 1200px) 300px, (min-width: 768px) 25vw, 100vw\" alt=\"kava-a-cyklistika-jak-vybrat-tu-spravnou\"\/><\/a><\/div>    <div class=\"entry-meta\">\n        <a class=\"label label-secondary post-category\" href=\"https:\/\/www.welovecycling.com\/cs\/category\/zdravi-a-trenink\/\" title=\"Zdrav\u00ed a tr\u00e9nink\">Zdrav\u00ed a tr\u00e9nink<\/a>\n    <\/div>\n    <div class=\"entry-details\">\n        <a href=\"https:\/\/www.welovecycling.com\/cs\/2020\/07\/15\/kava-a-cyklistika-jak-vybrat-tu-spravnou\/\" class='entry-title-wrapper'>\n            <h3 class=\"entry-title\"><span>K\u00e1va a cyklistika. Jak zvolit spr\u00e1vnou?<\/span><\/h3>\n        <\/a>\n    <\/div>\n    <\/article>\n<\/div>\n<p>Tyto sleduj\u00ed v\u00fdskyt chorob u t\u011bch, co pij\u00ed k\u00e1vu a porovn\u00e1vaj\u00ed jej se s\u00a0t\u011bmi, kte\u0159\u00ed ji nepij\u00ed. Styl v\u00fdzkumu v\u0161ak podl\u00e9h\u00e1 spoust\u011b zkreslen\u00ed a m\u016f\u017ee produkovat velice nep\u0159esn\u00e9 \u00fadaje.<\/p>\n<p>Zm\u00edn\u011bn\u00e1 nov\u00e1 studie byla inovativn\u00ed v\u00a0tom, \u017ee sledovala vztah na z\u00e1klad\u011b genetiky pomoc\u00ed MR-PheWAS anal\u00fdzy. V\u00fdzkumn\u00edci tak byli schopni vysledovat vliv pit\u00ed k\u00e1vy na riziko vzniku 1117 r\u016fzn\u00fdch nemoc\u00ed s\u00a0vysokou p\u0159esnost\u00ed.<\/p>\n<h2><strong>M\u00e9n\u011b ne\u017e 6 \u0161\u00e1lk\u016f k\u00e1vy za den<\/strong><\/h2>\n<p>Studie p\u0159inesla velice pozitivn\u00ed v\u00fdsledky. Auto\u0159i \u0159\u00edkaj\u00ed, \u017ee st\u0159\u00eddm\u00e1 konzumace k\u00e1vy je zcela bezpe\u010dn\u00e1. St\u0159\u00eddmou konzumaci definovali jako m\u00e9n\u011b ne\u017e 6 k\u00e1v denn\u011b. Tyto z\u00e1v\u011bry jsou v\u00a0souladu i s\u00a0dal\u0161\u00edm v\u00fdzkumem.<\/p>\n<p><a href=\"https:\/\/d2p6e6u75xmxt8.cloudfront.net\/13\/2020\/07\/WLC-k\u00e1va-\u010derven\u00fd-michal.jpg\"><img loading=\"lazy\" decoding=\"async\" class=\"alignnone size-full wp-image-8846\" src=\"https:\/\/d2p6e6u75xmxt8.cloudfront.net\/13\/2020\/07\/WLC-k\u00e1va-\u010derven\u00fd-michal.jpg\" alt=\"\" width=\"1600\" height=\"1067\" \/><\/a><\/p>\n<p>Jin\u00e9 studie, kter\u00e9 odhaduj\u00ed bezpe\u010dnost k\u00e1vy dle obsahu kofeinu, ukazuj\u00ed, \u017ee bezpe\u010dn\u00e1 horn\u00ed hranice je 400 mg kofeinu za den. To m\u016f\u017ee odpov\u00eddat a\u017e 8 slab\u00fdm k\u00e1v\u00e1m, 5-6 b\u011b\u017en\u00fdm espress\u016fm nebo 3 velmi siln\u00fdm k\u00e1v\u00e1m za den.<\/p>\n<h2><strong>Opatrn\u011b pokud trp\u00edte osteoartritidou, artropati\u00ed \u010di obezitou<\/strong><\/h2>\n<p>V\u00a0\u00favodu zmi\u0148ovan\u00e1 studie bohu\u017eel nep\u0159inesla pouze dobr\u00e9 zpr\u00e1vy. Uk\u00e1zala, \u017ee pravideln\u00e9 pit\u00ed k\u00e1vy m\u016f\u017ee zvy\u0161ovat riziko vzniku osteoartritidy (kloubn\u00ed onemocn\u011bn\u00ed), artropatie a obezity.<\/p>\n<div class=\"shortcode-ys-post-pinup\"><article class=\"loop-simple post-7185 post type-post status-publish format-standard has-post-thumbnail hentry category-rady-tipy category-zdravi-a-trenink tag-cyklistika tag-svacina-na-kolo tag-vyziva tag-zdravi tag-zdravi-a-trenink global-categories-cycling\" data-postid=\"7185\" role=\"article\" data-post-id=\"7185\" data-word-count=\"323\" data-headline-length=\"40\" data-category=\"Rady &amp; tipy\" data-global-category=\"Cycling\" data-author=\"Ji\u0159\u00ed Kalo\u010d\" data-published=\"2020-05-18T19:30:48+02:00\" data-published-day=\"Monday\">\n    <div class=\"entry-thumbnail article-thumbnail\" content=\"https:\/\/d2p6e6u75xmxt8.cloudfront.net\/13\/2020\/04\/nova-cup-ob\u010derstven\u00ed-ovoce-zelenina-150x150.webp\"><a href=\"https:\/\/www.welovecycling.com\/cs\/2020\/05\/18\/idealni-svacina-na-kolo-pro-sportovce\/\" class=\"image-holder\" target=\"_self\"><img decoding=\"async\" loading=\"lazy\" class=\"\" src=\"https:\/\/d2p6e6u75xmxt8.cloudfront.net\/13\/2020\/04\/nova-cup-ob\u010derstven\u00ed-ovoce-zelenina-1024x683.webp\" srcset=\"https:\/\/d2p6e6u75xmxt8.cloudfront.net\/13\/2020\/04\/nova-cup-ob\u010derstven\u00ed-ovoce-zelenina.webp 2048w, https:\/\/d2p6e6u75xmxt8.cloudfront.net\/13\/2020\/04\/nova-cup-ob\u010derstven\u00ed-ovoce-zelenina-300x200.webp 300w, https:\/\/d2p6e6u75xmxt8.cloudfront.net\/13\/2020\/04\/nova-cup-ob\u010derstven\u00ed-ovoce-zelenina-1024x683.webp 1024w, https:\/\/d2p6e6u75xmxt8.cloudfront.net\/13\/2020\/04\/nova-cup-ob\u010derstven\u00ed-ovoce-zelenina-768x512.webp 768w, https:\/\/d2p6e6u75xmxt8.cloudfront.net\/13\/2020\/04\/nova-cup-ob\u010derstven\u00ed-ovoce-zelenina-1536x1024.webp 1536w, https:\/\/d2p6e6u75xmxt8.cloudfront.net\/13\/2020\/04\/nova-cup-ob\u010derstven\u00ed-ovoce-zelenina-1920x1280.webp 1920w, https:\/\/d2p6e6u75xmxt8.cloudfront.net\/13\/2020\/04\/nova-cup-ob\u010derstven\u00ed-ovoce-zelenina-272x182.webp 272w, https:\/\/d2p6e6u75xmxt8.cloudfront.net\/13\/2020\/04\/nova-cup-ob\u010derstven\u00ed-ovoce-zelenina-1920x1280.webp 1920w\" width=\"1024\" height=\"683\" sizes=\"auto, (min-width: 1200px) 300px, (min-width: 768px) 25vw, 100vw\" alt=\"idealni-svacina-na-kolo-pro-sportovce\"\/><\/a><\/div>    <div class=\"entry-meta\">\n        <a class=\"label label-secondary post-category\" href=\"https:\/\/www.welovecycling.com\/cs\/category\/rady-tipy\/\" title=\"Rady &amp; tipy\">Rady &amp; tipy<\/a>\n    <\/div>\n    <div class=\"entry-details\">\n        <a href=\"https:\/\/www.welovecycling.com\/cs\/2020\/05\/18\/idealni-svacina-na-kolo-pro-sportovce\/\" class='entry-title-wrapper'>\n            <h3 class=\"entry-title\"><span>Ide\u00e1ln\u00ed sva\u010dina na kolo pro sportovce<\/span><\/h3>\n        <\/a>\n    <\/div>\n    <\/article>\n<\/div>\n<p>V\u00fdzkumn\u00edci varuj\u00ed, \u017ee lid\u00e9, kte\u0159\u00ed maj\u00ed v\u00a0rodin\u011b zv\u00fd\u0161en\u00e9 riziko t\u011bchto chorob, by m\u011bli mno\u017estv\u00ed vypit\u00e9 k\u00e1vy hl\u00eddat mnohem pozorn\u011bji, p\u0159\u00edpadn\u011b k\u00e1vu nep\u00edt pravideln\u011b.<\/p>\n<p><a href=\"https:\/\/d2p6e6u75xmxt8.cloudfront.net\/13\/2020\/07\/wlc-k\u00e1va-4-\u010derven\u00fdch-michal.jpg\"><img loading=\"lazy\" decoding=\"async\" class=\"alignnone size-full wp-image-8843\" src=\"https:\/\/d2p6e6u75xmxt8.cloudfront.net\/13\/2020\/07\/wlc-k\u00e1va-4-\u010derven\u00fdch-michal.jpg\" alt=\"\" width=\"1600\" height=\"1067\" \/><\/a><\/p>\n<p>Je tedy vid\u011bt, \u017ee v\u011bt\u0161ina z\u00a0n\u00e1s m\u016f\u017ee bezpe\u010dn\u00e9 vyp\u00edt docela slu\u0161n\u00e9 mno\u017estv\u00ed k\u00e1vy ka\u017ed\u00fd den. To jsou dobr\u00e9 zpr\u00e1vy.<\/p>\n<p>Je ale mo\u017en\u00e9, \u017ee by dokonce pit\u00ed k\u00e1vy bylo pro zdrav\u00ed prosp\u011b\u0161n\u00e9? M\u016f\u017ee k\u00e1va nap\u0159\u00edklad pom\u00e1hat v\u00a0hubnut\u00ed? To bude ot\u00e1zkou pro dal\u0161\u00ed d\u00edl t\u00e9to s\u00e9rie.<\/p>\n","protected":false},"excerpt":{"rendered":"<p>Nej\u010dast\u011bj\u0161\u00ed ot\u00e1zka milovn\u00edk\u016f k\u00e1vy sm\u011b\u0159uje k bezpe\u010dn\u00e9mu mno\u017estv\u00ed z hlediska konzumace. Proto i cyklisty v\u017edy zaj\u00edm\u00e1, kolik k\u00e1v denn\u011b je [&hellip;]<\/p>\n","protected":false},"author":122,"featured_media":8842,"comment_status":"open","ping_status":"open","sticky":false,"template":"","format":"standard","meta":{"footnotes":""},"categories":[15,6],"tags":[32,1024,17,67],"global-categories":[411],"class_list":["post-8833","post","type-post","status-publish","format-standard","has-post-thumbnail","hentry","category-rady-tipy","category-zdravi-a-trenink","tag-kava","tag-kava-a-vykonnost","tag-vyziva","tag-zdravi-a-trenink","global-categories-cycling"],"yoast_head":"<!-- This site is optimized with the Yoast SEO Premium plugin v25.3 (Yoast SEO v25.9) - https:\/\/yoast.com\/wordpress\/plugins\/seo\/ -->\n<title>K\u00e1va a cyklistika. Kolik \u0161\u00e1lk\u016f denn\u011b mohu vyp\u00edt? | \u0160koda We Love Cycling - \u010cesk\u00e1 republika<\/title>\n<meta name=\"robots\" content=\"index, follow, max-snippet:-1, max-image-preview:large, max-video-preview:-1\" \/>\n<link rel=\"canonical\" href=\"https:\/\/www.welovecycling.com\/cs\/2020\/07\/22\/kava-a-cyklistika-kolik-salku-denne-mohu-vypit\/\" \/>\n<meta property=\"og:locale\" content=\"cs_CZ\" \/>\n<meta property=\"og:type\" content=\"article\" \/>\n<meta property=\"og:title\" content=\"K\u00e1va a cyklistika. Kolik \u0161\u00e1lk\u016f denn\u011b mohu vyp\u00edt?\" \/>\n<meta property=\"og:description\" content=\"Nej\u010dast\u011bj\u0161\u00ed ot\u00e1zka milovn\u00edk\u016f k\u00e1vy sm\u011b\u0159uje k bezpe\u010dn\u00e9mu mno\u017estv\u00ed z hlediska konzumace. Proto i cyklisty v\u017edy zaj\u00edm\u00e1, kolik k\u00e1v denn\u011b je [&hellip;]\" \/>\n<meta property=\"og:url\" content=\"https:\/\/www.welovecycling.com\/cs\/2020\/07\/22\/kava-a-cyklistika-kolik-salku-denne-mohu-vypit\/\" \/>\n<meta property=\"og:site_name\" content=\"\u0160koda We Love Cycling - \u010cesk\u00e1 republika\" \/>\n<meta property=\"article:published_time\" content=\"2020-07-22T05:00:09+00:00\" \/>\n<meta property=\"article:modified_time\" content=\"2020-07-29T11:42:46+00:00\" \/>\n<meta property=\"og:image\" content=\"https:\/\/d2p6e6u75xmxt8.cloudfront.net\/13\/2020\/07\/WLC-k\u00e1va-3-\u010derven\u00fd-michal.webp\" \/>\n\t<meta property=\"og:image:width\" content=\"1600\" \/>\n\t<meta property=\"og:image:height\" content=\"1067\" \/>\n\t<meta property=\"og:image:type\" content=\"image\/webp\" \/>\n<meta name=\"twitter:card\" content=\"summary_large_image\" \/>\n<meta name=\"twitter:label1\" content=\"Written by\" \/>\n\t<meta name=\"twitter:data1\" content=\"Ji\u0159\u00ed Kalo\u010d\" \/>\n\t<meta name=\"twitter:label2\" content=\"Est. reading time\" \/>\n\t<meta name=\"twitter:data2\" content=\"5\" \/>\n<script type=\"application\/ld+json\" class=\"yoast-schema-graph\">{\"@context\":\"https:\/\/schema.org\",\"@graph\":[{\"@type\":\"WebPage\",\"@id\":\"https:\/\/www.welovecycling.com\/cs\/2020\/07\/22\/kava-a-cyklistika-kolik-salku-denne-mohu-vypit\/\",\"url\":\"https:\/\/www.welovecycling.com\/cs\/2020\/07\/22\/kava-a-cyklistika-kolik-salku-denne-mohu-vypit\/\",\"name\":\"K\u00e1va a cyklistika. Kolik \u0161\u00e1lk\u016f denn\u011b mohu vyp\u00edt? | \u0160koda We Love Cycling - \u010cesk\u00e1 republika\",\"isPartOf\":{\"@id\":\"https:\/\/www.welovecycling.com\/cs\/#website\"},\"primaryImageOfPage\":{\"@id\":\"https:\/\/www.welovecycling.com\/cs\/2020\/07\/22\/kava-a-cyklistika-kolik-salku-denne-mohu-vypit\/#primaryimage\"},\"image\":{\"@id\":\"https:\/\/www.welovecycling.com\/cs\/2020\/07\/22\/kava-a-cyklistika-kolik-salku-denne-mohu-vypit\/#primaryimage\"},\"thumbnailUrl\":\"https:\/\/d2p6e6u75xmxt8.cloudfront.net\/13\/2020\/07\/WLC-k\u00e1va-3-\u010derven\u00fd-michal.webp\",\"datePublished\":\"2020-07-22T05:00:09+00:00\",\"dateModified\":\"2020-07-29T11:42:46+00:00\",\"author\":{\"@id\":\"\"},\"inLanguage\":\"cs\",\"potentialAction\":[{\"@type\":\"ReadAction\",\"target\":[\"https:\/\/www.welovecycling.com\/cs\/2020\/07\/22\/kava-a-cyklistika-kolik-salku-denne-mohu-vypit\/\"]}]},{\"@type\":\"ImageObject\",\"inLanguage\":\"cs\",\"@id\":\"https:\/\/www.welovecycling.com\/cs\/2020\/07\/22\/kava-a-cyklistika-kolik-salku-denne-mohu-vypit\/#primaryimage\",\"url\":\"https:\/\/d2p6e6u75xmxt8.cloudfront.net\/13\/2020\/07\/WLC-k\u00e1va-3-\u010derven\u00fd-michal.webp\",\"contentUrl\":\"https:\/\/d2p6e6u75xmxt8.cloudfront.net\/13\/2020\/07\/WLC-k\u00e1va-3-\u010derven\u00fd-michal.webp\",\"width\":1600,\"height\":1067,\"caption\":\"Nejv\u011bt\u0161\u00ed cyklistick\u00e9 pov\u011bry? Bez k\u00e1vy nejedu...\"},{\"@type\":\"WebSite\",\"@id\":\"https:\/\/www.welovecycling.com\/cs\/#website\",\"url\":\"https:\/\/www.welovecycling.com\/cs\/\",\"name\":\"\u0160koda We Love Cycling - \u010cesk\u00e1 republika\",\"description\":\"WeLoveCycling.cz je online magaz\u00edn, kter\u00fd v\u00e1m pravideln\u011b p\u0159in\u00e1\u0161\u00ed rady a tipy, zaj\u00edmav\u00e9 \u010dl\u00e1nky, videa a jedine\u010dn\u00e9 report\u00e1\u017ee ze sv\u011bta cyklistiky.\",\"potentialAction\":[{\"@type\":\"SearchAction\",\"target\":{\"@type\":\"EntryPoint\",\"urlTemplate\":\"https:\/\/www.welovecycling.com\/cs\/?s={search_term_string}\"},\"query-input\":{\"@type\":\"PropertyValueSpecification\",\"valueRequired\":true,\"valueName\":\"search_term_string\"}}],\"inLanguage\":\"cs\"},{\"@type\":\"Person\",\"@id\":\"\",\"url\":\"https:\/\/www.welovecycling.com\/cs\/author\/\"}]}<\/script>\n<!-- \/ Yoast SEO Premium plugin. -->","yoast_head_json":{"title":"K\u00e1va a cyklistika. Kolik \u0161\u00e1lk\u016f denn\u011b mohu vyp\u00edt? | \u0160koda We Love Cycling - \u010cesk\u00e1 republika","robots":{"index":"index","follow":"follow","max-snippet":"max-snippet:-1","max-image-preview":"max-image-preview:large","max-video-preview":"max-video-preview:-1"},"canonical":"https:\/\/www.welovecycling.com\/cs\/2020\/07\/22\/kava-a-cyklistika-kolik-salku-denne-mohu-vypit\/","og_locale":"cs_CZ","og_type":"article","og_title":"K\u00e1va a cyklistika. Kolik \u0161\u00e1lk\u016f denn\u011b mohu vyp\u00edt?","og_description":"Nej\u010dast\u011bj\u0161\u00ed ot\u00e1zka milovn\u00edk\u016f k\u00e1vy sm\u011b\u0159uje k bezpe\u010dn\u00e9mu mno\u017estv\u00ed z hlediska konzumace. Proto i cyklisty v\u017edy zaj\u00edm\u00e1, kolik k\u00e1v denn\u011b je [&hellip;]","og_url":"https:\/\/www.welovecycling.com\/cs\/2020\/07\/22\/kava-a-cyklistika-kolik-salku-denne-mohu-vypit\/","og_site_name":"\u0160koda We Love Cycling - \u010cesk\u00e1 republika","article_published_time":"2020-07-22T05:00:09+00:00","article_modified_time":"2020-07-29T11:42:46+00:00","og_image":[{"width":1600,"height":1067,"url":"https:\/\/d2p6e6u75xmxt8.cloudfront.net\/13\/2020\/07\/WLC-k\u00e1va-3-\u010derven\u00fd-michal.webp","type":"image\/webp"}],"twitter_card":"summary_large_image","twitter_misc":{"Written by":"Ji\u0159\u00ed Kalo\u010d","Est. reading time":"5"},"schema":{"@context":"https:\/\/schema.org","@graph":[{"@type":"WebPage","@id":"https:\/\/www.welovecycling.com\/cs\/2020\/07\/22\/kava-a-cyklistika-kolik-salku-denne-mohu-vypit\/","url":"https:\/\/www.welovecycling.com\/cs\/2020\/07\/22\/kava-a-cyklistika-kolik-salku-denne-mohu-vypit\/","name":"K\u00e1va a cyklistika. Kolik \u0161\u00e1lk\u016f denn\u011b mohu vyp\u00edt? | \u0160koda We Love Cycling - \u010cesk\u00e1 republika","isPartOf":{"@id":"https:\/\/www.welovecycling.com\/cs\/#website"},"primaryImageOfPage":{"@id":"https:\/\/www.welovecycling.com\/cs\/2020\/07\/22\/kava-a-cyklistika-kolik-salku-denne-mohu-vypit\/#primaryimage"},"image":{"@id":"https:\/\/www.welovecycling.com\/cs\/2020\/07\/22\/kava-a-cyklistika-kolik-salku-denne-mohu-vypit\/#primaryimage"},"thumbnailUrl":"https:\/\/d2p6e6u75xmxt8.cloudfront.net\/13\/2020\/07\/WLC-k\u00e1va-3-\u010derven\u00fd-michal.webp","datePublished":"2020-07-22T05:00:09+00:00","dateModified":"2020-07-29T11:42:46+00:00","author":{"@id":""},"inLanguage":"cs","potentialAction":[{"@type":"ReadAction","target":["https:\/\/www.welovecycling.com\/cs\/2020\/07\/22\/kava-a-cyklistika-kolik-salku-denne-mohu-vypit\/"]}]},{"@type":"ImageObject","inLanguage":"cs","@id":"https:\/\/www.welovecycling.com\/cs\/2020\/07\/22\/kava-a-cyklistika-kolik-salku-denne-mohu-vypit\/#primaryimage","url":"https:\/\/d2p6e6u75xmxt8.cloudfront.net\/13\/2020\/07\/WLC-k\u00e1va-3-\u010derven\u00fd-michal.webp","contentUrl":"https:\/\/d2p6e6u75xmxt8.cloudfront.net\/13\/2020\/07\/WLC-k\u00e1va-3-\u010derven\u00fd-michal.webp","width":1600,"height":1067,"caption":"Nejv\u011bt\u0161\u00ed cyklistick\u00e9 pov\u011bry? Bez k\u00e1vy nejedu..."},{"@type":"WebSite","@id":"https:\/\/www.welovecycling.com\/cs\/#website","url":"https:\/\/www.welovecycling.com\/cs\/","name":"\u0160koda We Love Cycling - \u010cesk\u00e1 republika","description":"WeLoveCycling.cz je online magaz\u00edn, kter\u00fd v\u00e1m pravideln\u011b p\u0159in\u00e1\u0161\u00ed rady a tipy, zaj\u00edmav\u00e9 \u010dl\u00e1nky, videa a jedine\u010dn\u00e9 report\u00e1\u017ee ze sv\u011bta cyklistiky.","potentialAction":[{"@type":"SearchAction","target":{"@type":"EntryPoint","urlTemplate":"https:\/\/www.welovecycling.com\/cs\/?s={search_term_string}"},"query-input":{"@type":"PropertyValueSpecification","valueRequired":true,"valueName":"search_term_string"}}],"inLanguage":"cs"},{"@type":"Person","@id":"","url":"https:\/\/www.welovecycling.com\/cs\/author\/"}]}},"_links":{"self":[{"href":"https:\/\/www.welovecycling.com\/cs\/wp-json\/wp\/v2\/posts\/8833","targetHints":{"allow":["GET"]}}],"collection":[{"href":"https:\/\/www.welovecycling.com\/cs\/wp-json\/wp\/v2\/posts"}],"about":[{"href":"https:\/\/www.welovecycling.com\/cs\/wp-json\/wp\/v2\/types\/post"}],"author":[{"embeddable":true,"href":"https:\/\/www.welovecycling.com\/cs\/wp-json\/wp\/v2\/users\/122"}],"replies":[{"embeddable":true,"href":"https:\/\/www.welovecycling.com\/cs\/wp-json\/wp\/v2\/comments?post=8833"}],"version-history":[{"count":2,"href":"https:\/\/www.welovecycling.com\/cs\/wp-json\/wp\/v2\/posts\/8833\/revisions"}],"predecessor-version":[{"id":9009,"href":"https:\/\/www.welovecycling.com\/cs\/wp-json\/wp\/v2\/posts\/8833\/revisions\/9009"}],"wp:featuredmedia":[{"embeddable":true,"href":"https:\/\/www.welovecycling.com\/cs\/wp-json\/wp\/v2\/media\/8842"}],"wp:attachment":[{"href":"https:\/\/www.welovecycling.com\/cs\/wp-json\/wp\/v2\/media?parent=8833"}],"wp:term":[{"taxonomy":"category","embeddable":true,"href":"https:\/\/www.welovecycling.com\/cs\/wp-json\/wp\/v2\/categories?post=8833"},{"taxonomy":"post_tag","embeddable":true,"href":"https:\/\/www.welovecycling.com\/cs\/wp-json\/wp\/v2\/tags?post=8833"},{"taxonomy":"global-categories","embeddable":true,"href":"https:\/\/www.welovecycling.com\/cs\/wp-json\/wp\/v2\/global-categories?post=8833"}],"curies":[{"name":"wp","href":"https:\/\/api.w.org\/{rel}","templated":true}]}}