{"id":8808,"date":"2020-07-20T07:30:47","date_gmt":"2020-07-20T05:30:47","guid":{"rendered":"https:\/\/www.welovecycling.com\/cs\/?p=8808"},"modified":"2020-07-20T08:03:37","modified_gmt":"2020-07-20T06:03:37","slug":"prvni-zavody-v-evrope-cesky-uspech-a-zadna-prisna-opatreni","status":"publish","type":"post","link":"https:\/\/www.welovecycling.com\/cs\/2020\/07\/20\/prvni-zavody-v-evrope-cesky-uspech-a-zadna-prisna-opatreni\/","title":{"rendered":"Prvn\u00ed z\u00e1vody v\u00a0Evrop\u011b: \u010desk\u00fd \u00fasp\u011bch a \u017e\u00e1dn\u00e1 p\u0159\u00edsn\u00e1 opat\u0159en\u00ed"},"content":{"rendered":"<p><strong>Prvn\u00edm mezin\u00e1rodn\u00edm z\u00e1vodem po koronavirov\u00e9 pauze byl etapov\u00fd z\u00e1vod Kolem Mazovska v Polsku. \u010cesk\u00e1 cyklistika na n\u011bm zanechala v\u00fdznamnou stopu. Celkov\u00e9 v\u00edt\u011bzstv\u00ed vybojoval Michael Kukrle z t\u00fdmu Elkov-Kasper, druh\u00fd skon\u010dil Daniel Turek ze st\u00e1je Israel Cycling Academy.<\/strong><\/p>\n<p>\u010cekalo se, jak\u00e1 opat\u0159en\u00ed budou muset organiz\u00e1to\u0159i ud\u011blat kv\u016fli protokolu covid 19, ale nakonec se nic z\u00e1sadn\u00edho nekonalo. \u201eV podstat\u011b jsme museli jen na porady v rou\u0161ce, jinak to bylo jako ka\u017ed\u00e9 jin\u00e9 z\u00e1vody,\u201c prozradil Otakar Fiala, tren\u00e9r st\u00e1je Elkov-Kasper.<\/p>\n<p>\u201eTesty na covid jsou podle posledn\u00edch na\u0159\u00edzen\u00ed UCI povinn\u00e9 na z\u00e1vodech prvn\u00ed kategorie a vy\u0161\u0161\u00ed, tak\u017ee jsme nic absolvovat nemuseli. Z\u00e1sadn\u00ed odli\u0161nost p\u0159edstavoval fakt, \u017ee t\u00fdmy nebydlely v jednom hotelu, ale sp\u00ed\u0161 se n\u00e1s sna\u017eili rozstrkat do men\u0161\u00edch penzion\u016f. K dispozici byla v\u0161ude dezinfekce, ale nikdo nikomu nic nena\u0159izoval,\u201c \u0159ekl Fiala.<\/p>\n<div class=\"shortcode-ys-post-pinup\"><article class=\"loop-simple post-8010 post type-post status-publish format-standard has-post-thumbnail hentry category-silnicni-cyklistika tag-adam-toupalik tag-cyklistika tag-elkov-kasper tag-mathieu-van-der-poel tag-silnicni-cyklistika global-categories-cycling\" data-postid=\"8010\" role=\"article\" data-post-id=\"8010\" data-word-count=\"696\" data-headline-length=\"107\" data-category=\"Silni\u010dn\u00ed cyklistika\" data-global-category=\"Cycling\" data-author=\"Jan Kr\u016fta\" data-published=\"2020-06-27T07:30:41+02:00\" data-published-day=\"Saturday\">\n    <div class=\"entry-thumbnail article-thumbnail\" content=\"https:\/\/d2p6e6u75xmxt8.cloudfront.net\/13\/2020\/06\/WLC-adam-\u0165oupal\u00edk-portr\u00e9t-michal-\u010derven\u00fd-150x150.webp\"><a href=\"https:\/\/www.welovecycling.com\/cs\/2020\/06\/27\/adam-toupalik-vzdy-jsem-snil-o-tour-de-france-treba-se-to-jednou-splni-ale-ceka-me-dlouha-cesta\/\" class=\"image-holder\" target=\"_self\"><img decoding=\"async\" loading=\"lazy\" class=\"\" src=\"https:\/\/d2p6e6u75xmxt8.cloudfront.net\/13\/2020\/06\/WLC-adam-\u0165oupal\u00edk-portr\u00e9t-michal-\u010derven\u00fd-1024x683.webp\" srcset=\"https:\/\/d2p6e6u75xmxt8.cloudfront.net\/13\/2020\/06\/WLC-adam-\u0165oupal\u00edk-portr\u00e9t-michal-\u010derven\u00fd.webp 1960w, https:\/\/d2p6e6u75xmxt8.cloudfront.net\/13\/2020\/06\/WLC-adam-\u0165oupal\u00edk-portr\u00e9t-michal-\u010derven\u00fd-300x200.webp 300w, https:\/\/d2p6e6u75xmxt8.cloudfront.net\/13\/2020\/06\/WLC-adam-\u0165oupal\u00edk-portr\u00e9t-michal-\u010derven\u00fd-1024x683.webp 1024w, https:\/\/d2p6e6u75xmxt8.cloudfront.net\/13\/2020\/06\/WLC-adam-\u0165oupal\u00edk-portr\u00e9t-michal-\u010derven\u00fd-768x512.webp 768w, https:\/\/d2p6e6u75xmxt8.cloudfront.net\/13\/2020\/06\/WLC-adam-\u0165oupal\u00edk-portr\u00e9t-michal-\u010derven\u00fd-1536x1024.webp 1536w, https:\/\/d2p6e6u75xmxt8.cloudfront.net\/13\/2020\/06\/WLC-adam-\u0165oupal\u00edk-portr\u00e9t-michal-\u010derven\u00fd-1920x1280.webp 1920w, https:\/\/d2p6e6u75xmxt8.cloudfront.net\/13\/2020\/06\/WLC-adam-\u0165oupal\u00edk-portr\u00e9t-michal-\u010derven\u00fd-272x182.webp 272w, https:\/\/d2p6e6u75xmxt8.cloudfront.net\/13\/2020\/06\/WLC-adam-\u0165oupal\u00edk-portr\u00e9t-michal-\u010derven\u00fd-1920x1280.webp 1920w\" width=\"1024\" height=\"683\" sizes=\"auto, (min-width: 1200px) 300px, (min-width: 768px) 25vw, 100vw\" alt=\"adam-toupalik-vzdy-jsem-snil-o-tour-de-france-treba-se-to-jednou-splni-ale-ceka-me-dlouha-cesta\"\/><\/a><\/div>    <div class=\"entry-meta\">\n        <a class=\"label label-secondary post-category\" href=\"https:\/\/www.welovecycling.com\/cs\/category\/silnicni-cyklistika\/\" title=\"Silni\u010dn\u00ed cyklistika\">Silni\u010dn\u00ed cyklistika<\/a>\n    <\/div>\n    <div class=\"entry-details\">\n        <a href=\"https:\/\/www.welovecycling.com\/cs\/2020\/06\/27\/adam-toupalik-vzdy-jsem-snil-o-tour-de-france-treba-se-to-jednou-splni-ale-ceka-me-dlouha-cesta\/\" class='entry-title-wrapper'>\n            <h3 class=\"entry-title\"><span>Adam \u0164oupal\u00edk: V\u017edy jsem snil o Tour de France. T\u0159eba se to jednou spln\u00ed, ale \u010dek\u00e1 m\u011b dlouh\u00e1 cesta<\/span><\/h3>\n        <\/a>\n    <\/div>\n    <\/article>\n<\/div>\n<p>A tak se paradoxn\u011b o nejv\u011bt\u0161\u00ed vzruch b\u011bhem z\u00e1vodu postaral v\u00a0prvn\u00ed etap\u011b incident, p\u0159i n\u011bm\u017e do\u0161lo ke sr\u00e1\u017ece sb\u011brn\u00e9ho autobusu s\u00a0motocyklistou. \u201eAsi tam byla \u0161patn\u011b zaji\u0161t\u011bn\u00e1 silnice a ten \u010dlov\u011bk na motorce vjel do silnice, kde do\u0161lo ke sr\u00e1\u017ece. \u0158idi\u010d motorky byl zran\u011bn, odvezli ho do nemocnice. Nikoho ze z\u00e1vodn\u00edk\u016f to nijak nezas\u00e1hlo, ale organiz\u00e1to\u0159i etapu anulovali,\u201c popsal tren\u00e9r nejlep\u0161\u00ed \u010desk\u00e9 st\u00e1je.<\/p>\n<figure id=\"attachment_8810\" aria-describedby=\"caption-attachment-8810\" style=\"width: 1684px\" class=\"wp-caption alignnone\"><a href=\"https:\/\/d2p6e6u75xmxt8.cloudfront.net\/13\/2020\/07\/kukrle-mas\u00e1\u017e.jpg\"><img loading=\"lazy\" decoding=\"async\" class=\"size-full wp-image-8810\" src=\"https:\/\/d2p6e6u75xmxt8.cloudfront.net\/13\/2020\/07\/kukrle-mas\u00e1\u017e.jpg\" alt=\"Michael Kukrle na mas\u00e1\u017ei b\u011bhem etapov\u00e9ho z\u00e1vodu Kolem Mazovska. Foto: facebok Elkov Kasper\" width=\"1684\" height=\"1121\" \/><\/a><figcaption id=\"caption-attachment-8810\" class=\"wp-caption-text\"><em>Michael Kukrle na mas\u00e1\u017ei b\u011bhem etapov\u00e9ho z\u00e1vodu Kolem Mazovska. Foto: facebok Elkov Kasper<\/em><\/figcaption><\/figure>\n<p>Z pohledu v\u00fdvoje z\u00e1vodu byla kl\u00ed\u010dov\u00e1 p\u00e1te\u010dn\u00ed etapa. \u201eZ\u00e1vodilo se hned od startu, pr\u016fm\u011br p\u0159es pades\u00e1t kilometr\u016f. V rozhoduj\u00edc\u00edm momentu odjeli Kukrle, Turek a Pol\u00e1k Bernas. V\u0161ichni jsou dob\u0159\u00ed tempa\u0159i,&#8220; rekapituloval Fiala kl\u00ed\u010dov\u00fd okam\u017eik prvn\u00edho mezin\u00e1rodn\u00edho z\u00e1vodu po restartu silni\u010dn\u00ed sezony.<\/p>\n<h2><strong>Kukrle po \u00faniku ovl\u00e1dl spurt<\/strong><\/h2>\n<p>\u201eChvilku po nich nikdo z peloton ne\u0161el, a kdy\u017e to pak zkou\u0161eli, u\u017e je nebyli schopni sjet. Kdyby ti t\u0159i netaktizovali p\u0159ed spurtem, tak p\u0159ijeli do c\u00edle s minutov\u00fdm n\u00e1skokem,\u201c \u0159ekl Fiala. \u201eKukrle ten fini\u0161 zvl\u00e1dl s p\u0159ehledem. Do c\u00edlov\u00e9 rovinky naj\u00ed\u017ed\u011bl zezadu, a pak ty dva p\u0159espurtoval,\u201c popsal.<\/p>\n<p>Celkov\u00e9 po\u0159ad\u00ed u\u017e se nezm\u011bnilo ani po z\u00e1v\u011bre\u010dn\u00e9 etap\u011b, kterou rozhodoval hromadn\u00fd spurt. \u201eJe fajn, \u017ee n\u00e1m takhle vy\u0161ly hned prvn\u00ed z\u00e1vody, je to dobr\u00e9 pro sebev\u011bdom\u00ed. Je vid\u011bt, \u017ee n\u011bkte\u0159\u00ed z\u00e1vodn\u00edci nejsou je\u0161t\u011b \u00fapln\u011b rozje\u017ed\u011bni, ale te\u010f u\u017e nen\u00ed moc na co \u010dekat, proto\u017ee sezona bude hodn\u011b kr\u00e1tk\u00e1,\u201c uvedl kou\u010d Elkov-Kasper.<\/p>\n<figure id=\"attachment_8812\" aria-describedby=\"caption-attachment-8812\" style=\"width: 816px\" class=\"wp-caption alignnone\"><a href=\"https:\/\/d2p6e6u75xmxt8.cloudfront.net\/13\/2020\/07\/michale-kukrle-daniel-turek.PNG.png\"><img loading=\"lazy\" decoding=\"async\" class=\" wp-image-8812\" src=\"https:\/\/d2p6e6u75xmxt8.cloudfront.net\/13\/2020\/07\/michale-kukrle-daniel-turek.PNG.png\" alt=\"Stupn\u011b v\u00edt\u011bz\u016f pod \u010deskou nadvl\u00e1dou. Vlevo st\u0159\u00edbrn\u00fd Daniel Turek, uprost\u0159ed ve \u017elut\u00e9m dresu l\u00eddra z\u00e1vodu Michael Kukrle. Foto: facebook Elkov Kasper\" width=\"816\" height=\"600\" \/><\/a><figcaption id=\"caption-attachment-8812\" class=\"wp-caption-text\"><em>Stupn\u011b v\u00edt\u011bz\u016f pod \u010deskou nadvl\u00e1dou. Vlevo Daniel Turek, uprost\u0159ed ve \u017elut\u00e9m dresu Michael Kukrle. Foto: facebook Elkov Kasper<\/em><\/figcaption><\/figure>\n<p>Jeho sv\u011b\u0159enci se doma moc nezdr\u017e\u00ed, proto\u017ee u\u017e v \u00fater\u00fd odj\u00ed\u017ed\u00ed \u010d\u00e1st t\u00fdmu na presti\u017en\u00ed z\u00e1vod Sibiu Tour do Rumunska. Jde o etapov\u00fd z\u00e1vod vylo\u017een\u011b pro vrcha\u0159e a na startu se sejde opravdu v\u00fdborn\u00e1 konkurence v \u010dele s cyklisty World Tour t\u00fdmu Bora-Hansgrohe. Chyb\u011bt tam nebude ani Daniel Turek s jeho izraelskou formac\u00ed.<\/p>\n<h2><strong>Na Sibiu Tour a\u017e po testech<\/strong><\/h2>\n<p>Elkov-Kasper startuje v\u00a0sestav\u011b Schlegel, \u0164oupal\u00edk, Hn\u00edk, Kukrle, B\u00e1rta a Sisr. Prvn\u00ed t\u0159i jsou skv\u011bl\u00ed vrcha\u0159i a m\u011bli by promluvit do boje o celkov\u00e9 po\u0159ad\u00ed. \u201eSestavu m\u00e1me silnou, hlavn\u011b Schlegel vypad\u00e1 hodn\u011b dob\u0159e,\u201c \u0159ekl Fiala.<\/p>\n<div class=\"shortcode-ys-post-pinup\"><article class=\"loop-simple post-8755 post type-post status-publish format-standard has-post-thumbnail hentry category-silnicni-cyklistika tag-chris-froome tag-cyklistika tag-israel-start-up-nation tag-jan-hirt tag-rene-andrle global-categories-cycling\" data-postid=\"8755\" role=\"article\" data-post-id=\"8755\" data-word-count=\"409\" data-headline-length=\"62\" data-category=\"Silni\u010dn\u00ed cyklistika\" data-global-category=\"Cycling\" data-author=\"Jan Kr\u016fta\" data-published=\"2020-07-16T07:30:36+02:00\" data-published-day=\"Thursday\">\n    <div class=\"entry-thumbnail article-thumbnail\" content=\"https:\/\/d2p6e6u75xmxt8.cloudfront.net\/13\/2020\/07\/WLC-hirt-michal-\u010derven\u00fd-22-150x150.webp\"><a href=\"https:\/\/www.welovecycling.com\/cs\/2020\/07\/16\/andrleho-tym-laka-posily-k-froomovi-chce-ziskat-i-hirta\/\" class=\"image-holder\" target=\"_self\"><img decoding=\"async\" loading=\"lazy\" class=\"\" src=\"https:\/\/d2p6e6u75xmxt8.cloudfront.net\/13\/2020\/07\/WLC-hirt-michal-\u010derven\u00fd-22-1024x683.webp\" srcset=\"https:\/\/d2p6e6u75xmxt8.cloudfront.net\/13\/2020\/07\/WLC-hirt-michal-\u010derven\u00fd-22.webp 1529w, https:\/\/d2p6e6u75xmxt8.cloudfront.net\/13\/2020\/07\/WLC-hirt-michal-\u010derven\u00fd-22-300x200.webp 300w, https:\/\/d2p6e6u75xmxt8.cloudfront.net\/13\/2020\/07\/WLC-hirt-michal-\u010derven\u00fd-22-1024x683.webp 1024w, https:\/\/d2p6e6u75xmxt8.cloudfront.net\/13\/2020\/07\/WLC-hirt-michal-\u010derven\u00fd-22-768x512.webp 768w, https:\/\/d2p6e6u75xmxt8.cloudfront.net\/13\/2020\/07\/WLC-hirt-michal-\u010derven\u00fd-22-272x182.webp 272w\" width=\"1024\" height=\"683\" sizes=\"auto, (min-width: 1200px) 300px, (min-width: 768px) 25vw, 100vw\" alt=\"andrleho-tym-laka-posily-k-froomovi-chce-ziskat-i-hirta\"\/><\/a><\/div>    <div class=\"entry-meta\">\n        <a class=\"label label-secondary post-category\" href=\"https:\/\/www.welovecycling.com\/cs\/category\/silnicni-cyklistika\/\" title=\"Silni\u010dn\u00ed cyklistika\">Silni\u010dn\u00ed cyklistika<\/a>\n    <\/div>\n    <div class=\"entry-details\">\n        <a href=\"https:\/\/www.welovecycling.com\/cs\/2020\/07\/16\/andrleho-tym-laka-posily-k-froomovi-chce-ziskat-i-hirta\/\" class='entry-title-wrapper'>\n            <h3 class=\"entry-title\"><span>Andrleho t\u00fdm l\u00e1k\u00e1 posily k\u00a0Froomovi. Chce z\u00edskat i Hirta!<\/span><\/h3>\n        <\/a>\n    <\/div>\n    <\/article>\n<\/div>\n<p>Ov\u0161em ne\u017e do Rumunska jeho sv\u011b\u0159enci odcestuj\u00ed, mus\u00ed zm\u00edn\u011bn\u00e1 \u0161estice u\u017e v pond\u011bl\u00ed absolvovat povinn\u00e9 testy na covid 19, nebo\u0165 Sibiu Tour pat\u0159\u00ed do prvn\u00ed kategorie.<\/p>\n","protected":false},"excerpt":{"rendered":"<p>Prvn\u00edm mezin\u00e1rodn\u00edm z\u00e1vodem po koronavirov\u00e9 pauze byl etapov\u00fd z\u00e1vod Kolem Mazovska v Polsku. \u010cesk\u00e1 cyklistika na n\u011bm zanechala v\u00fdznamnou stopu. [&hellip;]<\/p>\n","protected":false},"author":122,"featured_media":8811,"comment_status":"open","ping_status":"open","sticky":false,"template":"","format":"standard","meta":{"footnotes":""},"categories":[10],"tags":[762,1035,1036,1037,1038],"global-categories":[411],"class_list":["post-8808","post","type-post","status-publish","format-standard","has-post-thumbnail","hentry","category-silnicni-cyklistika","tag-elkov-kasper","tag-kolem-mazovska","tag-michael-kukrle","tag-otakar-fiala","tag-sibiu-tour","global-categories-cycling"],"yoast_head":"<!-- This site is optimized with the Yoast SEO Premium plugin v25.3 (Yoast SEO v25.9) - https:\/\/yoast.com\/wordpress\/plugins\/seo\/ -->\n<title>Prvn\u00ed z\u00e1vody v\u00a0Evrop\u011b: \u010desk\u00fd \u00fasp\u011bch a \u017e\u00e1dn\u00e1 p\u0159\u00edsn\u00e1 opat\u0159en\u00ed | \u0160koda We Love Cycling - \u010cesk\u00e1 republika<\/title>\n<meta name=\"robots\" content=\"index, follow, max-snippet:-1, max-image-preview:large, max-video-preview:-1\" \/>\n<link rel=\"canonical\" href=\"https:\/\/www.welovecycling.com\/cs\/2020\/07\/20\/prvni-zavody-v-evrope-cesky-uspech-a-zadna-prisna-opatreni\/\" \/>\n<meta property=\"og:locale\" content=\"cs_CZ\" \/>\n<meta property=\"og:type\" content=\"article\" \/>\n<meta property=\"og:title\" content=\"Prvn\u00ed z\u00e1vody v\u00a0Evrop\u011b: \u010desk\u00fd \u00fasp\u011bch a \u017e\u00e1dn\u00e1 p\u0159\u00edsn\u00e1 opat\u0159en\u00ed\" \/>\n<meta property=\"og:description\" content=\"Prvn\u00edm mezin\u00e1rodn\u00edm z\u00e1vodem po koronavirov\u00e9 pauze byl etapov\u00fd z\u00e1vod Kolem Mazovska v Polsku. \u010cesk\u00e1 cyklistika na n\u011bm zanechala v\u00fdznamnou stopu. [&hellip;]\" \/>\n<meta property=\"og:url\" content=\"https:\/\/www.welovecycling.com\/cs\/2020\/07\/20\/prvni-zavody-v-evrope-cesky-uspech-a-zadna-prisna-opatreni\/\" \/>\n<meta property=\"og:site_name\" content=\"\u0160koda We Love Cycling - \u010cesk\u00e1 republika\" \/>\n<meta property=\"article:published_time\" content=\"2020-07-20T05:30:47+00:00\" \/>\n<meta property=\"article:modified_time\" content=\"2020-07-20T06:03:37+00:00\" \/>\n<meta property=\"og:image\" content=\"https:\/\/d2p6e6u75xmxt8.cloudfront.net\/13\/2020\/07\/Michael-Kukrle.PNG.webp\" \/>\n\t<meta property=\"og:image:width\" content=\"909\" \/>\n\t<meta property=\"og:image:height\" content=\"506\" \/>\n\t<meta property=\"og:image:type\" content=\"image\/webp\" \/>\n<meta name=\"twitter:card\" content=\"summary_large_image\" \/>\n<meta name=\"twitter:label1\" content=\"Written by\" \/>\n\t<meta name=\"twitter:data1\" content=\"Jan Kr\u016fta\" \/>\n\t<meta name=\"twitter:label2\" content=\"Est. reading time\" \/>\n\t<meta name=\"twitter:data2\" content=\"5\" \/>\n<script type=\"application\/ld+json\" class=\"yoast-schema-graph\">{\"@context\":\"https:\/\/schema.org\",\"@graph\":[{\"@type\":\"WebPage\",\"@id\":\"https:\/\/www.welovecycling.com\/cs\/2020\/07\/20\/prvni-zavody-v-evrope-cesky-uspech-a-zadna-prisna-opatreni\/\",\"url\":\"https:\/\/www.welovecycling.com\/cs\/2020\/07\/20\/prvni-zavody-v-evrope-cesky-uspech-a-zadna-prisna-opatreni\/\",\"name\":\"Prvn\u00ed z\u00e1vody v\u00a0Evrop\u011b: \u010desk\u00fd \u00fasp\u011bch a \u017e\u00e1dn\u00e1 p\u0159\u00edsn\u00e1 opat\u0159en\u00ed | \u0160koda We Love Cycling - \u010cesk\u00e1 republika\",\"isPartOf\":{\"@id\":\"https:\/\/www.welovecycling.com\/cs\/#website\"},\"primaryImageOfPage\":{\"@id\":\"https:\/\/www.welovecycling.com\/cs\/2020\/07\/20\/prvni-zavody-v-evrope-cesky-uspech-a-zadna-prisna-opatreni\/#primaryimage\"},\"image\":{\"@id\":\"https:\/\/www.welovecycling.com\/cs\/2020\/07\/20\/prvni-zavody-v-evrope-cesky-uspech-a-zadna-prisna-opatreni\/#primaryimage\"},\"thumbnailUrl\":\"https:\/\/d2p6e6u75xmxt8.cloudfront.net\/13\/2020\/07\/Michael-Kukrle.PNG.webp\",\"datePublished\":\"2020-07-20T05:30:47+00:00\",\"dateModified\":\"2020-07-20T06:03:37+00:00\",\"author\":{\"@id\":\"\"},\"inLanguage\":\"cs\",\"potentialAction\":[{\"@type\":\"ReadAction\",\"target\":[\"https:\/\/www.welovecycling.com\/cs\/2020\/07\/20\/prvni-zavody-v-evrope-cesky-uspech-a-zadna-prisna-opatreni\/\"]}]},{\"@type\":\"ImageObject\",\"inLanguage\":\"cs\",\"@id\":\"https:\/\/www.welovecycling.com\/cs\/2020\/07\/20\/prvni-zavody-v-evrope-cesky-uspech-a-zadna-prisna-opatreni\/#primaryimage\",\"url\":\"https:\/\/d2p6e6u75xmxt8.cloudfront.net\/13\/2020\/07\/Michael-Kukrle.PNG.webp\",\"contentUrl\":\"https:\/\/d2p6e6u75xmxt8.cloudfront.net\/13\/2020\/07\/Michael-Kukrle.PNG.webp\",\"width\":909,\"height\":506,\"caption\":\"Bal\u00edk! Hlavn\u00ed pole cyklistick\u00e9ho z\u00e1vodu. Foto: facebook Elkov Kasper\"},{\"@type\":\"WebSite\",\"@id\":\"https:\/\/www.welovecycling.com\/cs\/#website\",\"url\":\"https:\/\/www.welovecycling.com\/cs\/\",\"name\":\"\u0160koda We Love Cycling - \u010cesk\u00e1 republika\",\"description\":\"WeLoveCycling.cz je online magaz\u00edn, kter\u00fd v\u00e1m pravideln\u011b p\u0159in\u00e1\u0161\u00ed rady a tipy, zaj\u00edmav\u00e9 \u010dl\u00e1nky, videa a jedine\u010dn\u00e9 report\u00e1\u017ee ze sv\u011bta cyklistiky.\",\"potentialAction\":[{\"@type\":\"SearchAction\",\"target\":{\"@type\":\"EntryPoint\",\"urlTemplate\":\"https:\/\/www.welovecycling.com\/cs\/?s={search_term_string}\"},\"query-input\":{\"@type\":\"PropertyValueSpecification\",\"valueRequired\":true,\"valueName\":\"search_term_string\"}}],\"inLanguage\":\"cs\"},{\"@type\":\"Person\",\"@id\":\"\",\"url\":\"https:\/\/www.welovecycling.com\/cs\/author\/\"}]}<\/script>\n<!-- \/ Yoast SEO Premium plugin. -->","yoast_head_json":{"title":"Prvn\u00ed z\u00e1vody v\u00a0Evrop\u011b: \u010desk\u00fd \u00fasp\u011bch a \u017e\u00e1dn\u00e1 p\u0159\u00edsn\u00e1 opat\u0159en\u00ed | \u0160koda We Love Cycling - \u010cesk\u00e1 republika","robots":{"index":"index","follow":"follow","max-snippet":"max-snippet:-1","max-image-preview":"max-image-preview:large","max-video-preview":"max-video-preview:-1"},"canonical":"https:\/\/www.welovecycling.com\/cs\/2020\/07\/20\/prvni-zavody-v-evrope-cesky-uspech-a-zadna-prisna-opatreni\/","og_locale":"cs_CZ","og_type":"article","og_title":"Prvn\u00ed z\u00e1vody v\u00a0Evrop\u011b: \u010desk\u00fd \u00fasp\u011bch a \u017e\u00e1dn\u00e1 p\u0159\u00edsn\u00e1 opat\u0159en\u00ed","og_description":"Prvn\u00edm mezin\u00e1rodn\u00edm z\u00e1vodem po koronavirov\u00e9 pauze byl etapov\u00fd z\u00e1vod Kolem Mazovska v Polsku. \u010cesk\u00e1 cyklistika na n\u011bm zanechala v\u00fdznamnou stopu. [&hellip;]","og_url":"https:\/\/www.welovecycling.com\/cs\/2020\/07\/20\/prvni-zavody-v-evrope-cesky-uspech-a-zadna-prisna-opatreni\/","og_site_name":"\u0160koda We Love Cycling - \u010cesk\u00e1 republika","article_published_time":"2020-07-20T05:30:47+00:00","article_modified_time":"2020-07-20T06:03:37+00:00","og_image":[{"width":909,"height":506,"url":"https:\/\/d2p6e6u75xmxt8.cloudfront.net\/13\/2020\/07\/Michael-Kukrle.PNG.webp","type":"image\/webp"}],"twitter_card":"summary_large_image","twitter_misc":{"Written by":"Jan Kr\u016fta","Est. reading time":"5"},"schema":{"@context":"https:\/\/schema.org","@graph":[{"@type":"WebPage","@id":"https:\/\/www.welovecycling.com\/cs\/2020\/07\/20\/prvni-zavody-v-evrope-cesky-uspech-a-zadna-prisna-opatreni\/","url":"https:\/\/www.welovecycling.com\/cs\/2020\/07\/20\/prvni-zavody-v-evrope-cesky-uspech-a-zadna-prisna-opatreni\/","name":"Prvn\u00ed z\u00e1vody v\u00a0Evrop\u011b: \u010desk\u00fd \u00fasp\u011bch a \u017e\u00e1dn\u00e1 p\u0159\u00edsn\u00e1 opat\u0159en\u00ed | \u0160koda We Love Cycling - \u010cesk\u00e1 republika","isPartOf":{"@id":"https:\/\/www.welovecycling.com\/cs\/#website"},"primaryImageOfPage":{"@id":"https:\/\/www.welovecycling.com\/cs\/2020\/07\/20\/prvni-zavody-v-evrope-cesky-uspech-a-zadna-prisna-opatreni\/#primaryimage"},"image":{"@id":"https:\/\/www.welovecycling.com\/cs\/2020\/07\/20\/prvni-zavody-v-evrope-cesky-uspech-a-zadna-prisna-opatreni\/#primaryimage"},"thumbnailUrl":"https:\/\/d2p6e6u75xmxt8.cloudfront.net\/13\/2020\/07\/Michael-Kukrle.PNG.webp","datePublished":"2020-07-20T05:30:47+00:00","dateModified":"2020-07-20T06:03:37+00:00","author":{"@id":""},"inLanguage":"cs","potentialAction":[{"@type":"ReadAction","target":["https:\/\/www.welovecycling.com\/cs\/2020\/07\/20\/prvni-zavody-v-evrope-cesky-uspech-a-zadna-prisna-opatreni\/"]}]},{"@type":"ImageObject","inLanguage":"cs","@id":"https:\/\/www.welovecycling.com\/cs\/2020\/07\/20\/prvni-zavody-v-evrope-cesky-uspech-a-zadna-prisna-opatreni\/#primaryimage","url":"https:\/\/d2p6e6u75xmxt8.cloudfront.net\/13\/2020\/07\/Michael-Kukrle.PNG.webp","contentUrl":"https:\/\/d2p6e6u75xmxt8.cloudfront.net\/13\/2020\/07\/Michael-Kukrle.PNG.webp","width":909,"height":506,"caption":"Bal\u00edk! Hlavn\u00ed pole cyklistick\u00e9ho z\u00e1vodu. Foto: facebook Elkov Kasper"},{"@type":"WebSite","@id":"https:\/\/www.welovecycling.com\/cs\/#website","url":"https:\/\/www.welovecycling.com\/cs\/","name":"\u0160koda We Love Cycling - \u010cesk\u00e1 republika","description":"WeLoveCycling.cz je online magaz\u00edn, kter\u00fd v\u00e1m pravideln\u011b p\u0159in\u00e1\u0161\u00ed rady a tipy, zaj\u00edmav\u00e9 \u010dl\u00e1nky, videa a jedine\u010dn\u00e9 report\u00e1\u017ee ze sv\u011bta cyklistiky.","potentialAction":[{"@type":"SearchAction","target":{"@type":"EntryPoint","urlTemplate":"https:\/\/www.welovecycling.com\/cs\/?s={search_term_string}"},"query-input":{"@type":"PropertyValueSpecification","valueRequired":true,"valueName":"search_term_string"}}],"inLanguage":"cs"},{"@type":"Person","@id":"","url":"https:\/\/www.welovecycling.com\/cs\/author\/"}]}},"_links":{"self":[{"href":"https:\/\/www.welovecycling.com\/cs\/wp-json\/wp\/v2\/posts\/8808","targetHints":{"allow":["GET"]}}],"collection":[{"href":"https:\/\/www.welovecycling.com\/cs\/wp-json\/wp\/v2\/posts"}],"about":[{"href":"https:\/\/www.welovecycling.com\/cs\/wp-json\/wp\/v2\/types\/post"}],"author":[{"embeddable":true,"href":"https:\/\/www.welovecycling.com\/cs\/wp-json\/wp\/v2\/users\/122"}],"replies":[{"embeddable":true,"href":"https:\/\/www.welovecycling.com\/cs\/wp-json\/wp\/v2\/comments?post=8808"}],"version-history":[{"count":2,"href":"https:\/\/www.welovecycling.com\/cs\/wp-json\/wp\/v2\/posts\/8808\/revisions"}],"predecessor-version":[{"id":8823,"href":"https:\/\/www.welovecycling.com\/cs\/wp-json\/wp\/v2\/posts\/8808\/revisions\/8823"}],"wp:featuredmedia":[{"embeddable":true,"href":"https:\/\/www.welovecycling.com\/cs\/wp-json\/wp\/v2\/media\/8811"}],"wp:attachment":[{"href":"https:\/\/www.welovecycling.com\/cs\/wp-json\/wp\/v2\/media?parent=8808"}],"wp:term":[{"taxonomy":"category","embeddable":true,"href":"https:\/\/www.welovecycling.com\/cs\/wp-json\/wp\/v2\/categories?post=8808"},{"taxonomy":"post_tag","embeddable":true,"href":"https:\/\/www.welovecycling.com\/cs\/wp-json\/wp\/v2\/tags?post=8808"},{"taxonomy":"global-categories","embeddable":true,"href":"https:\/\/www.welovecycling.com\/cs\/wp-json\/wp\/v2\/global-categories?post=8808"}],"curies":[{"name":"wp","href":"https:\/\/api.w.org\/{rel}","templated":true}]}}