{"id":8796,"date":"2020-07-21T11:00:00","date_gmt":"2020-07-21T09:00:00","guid":{"rendered":"https:\/\/www.welovecycling.com\/cs\/?p=8796"},"modified":"2020-07-21T13:56:32","modified_gmt":"2020-07-21T11:56:32","slug":"disciplina-a-zkusenost-zbrane-k-vitezstvi-na-nove-tour-de-france","status":"publish","type":"post","link":"https:\/\/www.welovecycling.com\/cs\/2020\/07\/21\/disciplina-a-zkusenost-zbrane-k-vitezstvi-na-nove-tour-de-france\/","title":{"rendered":"Discipl\u00edna a zku\u0161enost, zbran\u011b k v\u00edt\u011bzstv\u00ed na nov\u00e9 Tour de France"},"content":{"rendered":"<p><strong>Nen\u00ed nic objevn\u00e9ho \u0159\u00edct, \u017ee vyhraje ten nejlep\u0161\u00ed. V\u00ed to cel\u00fd peloton favorit\u016f Tour de France, kte\u0159\u00ed se budou od konce srpna uch\u00e1zet o \u017elut\u00fd dres. Objev hodn\u00fd Nobelovy ceny v\u0161ak bude spo\u010d\u00edvat v tom, kdo tu s\u00edlu v t\u00e9to prapodivn\u00e9 sezon\u011b bez z\u00e1vod\u016f a u mnoh\u00fdch profesion\u00e1l\u016f i dlouho bez mo\u017enosti tr\u00e9novat venku dok\u00e1\u017ee vybudovat. Tradi\u010dn\u00ed postupy toti\u017e letos platit nebudou.<\/strong><\/p>\n<p>Bezprecendentn\u00ed p\u0159eru\u0161en\u00ed sezony v jej\u00ed t\u0159etin\u011b si vynutilo p\u0159eskl\u00e1d\u00e1n\u00ed z\u00e1vodn\u00edho kalend\u00e1\u0159e, kter\u00e9mu cht\u011b necht\u011b dominuje nejv\u011bhlasn\u011bj\u0161\u00ed z\u00e1vod planety. A pr\u00e1v\u011b letos, jak mnoz\u00ed tu\u0161\u00ed, by mohl p\u0159in\u00e9st p\u0159ekvapiv\u00e1 dramata, proto\u017ee nov\u00fd term\u00edn Tour od 29. srpna do 20. z\u00e1\u0159\u00ed nejsp\u00ed\u0161 bude nahr\u00e1vat jedn\u011bm a ub\u00edrat druh\u00fdm.<\/p>\n<h2><strong>Ide\u00e1ln\u00ed sc\u00e9n\u00e1\u0159 pro Chrise Frooma?<\/strong><\/h2>\n<p>\u201eNov\u00e1 podoba kalend\u00e1\u0159e bude sed\u011bt ur\u010dit\u00e9mu typu jezdc\u016f,\u201c odhadoval Matt White, sportovn\u00ed \u0159editel prvodivizn\u00ed st\u00e1je Mitchelton-Scott. \u201eBude vyhovovat takov\u00fdm, kte\u0159\u00ed svedou tr\u00e9novat velmi, ale opravdu velmi tvrd\u011b.\u201c<\/p>\n<p>Na jeho tvrzen\u00ed nen\u00ed nic p\u0159ekvapiv\u00e9ho, proto\u017ee jak\u00fdkoliv cyklista na nejvy\u0161\u0161\u00ed \u00farovni World Tour se mus\u00ed p\u0159ipravovat sv\u011bdomit\u011b. Jen je rozd\u00edl mezi z\u00e1vodn\u00edky, kte\u0159\u00ed se do top formy dost\u00e1vaj\u00ed d\u00edk z\u00e1vod\u016fm a pot\u0159ebuj\u00ed je k \u017eivotu, a t\u011bmi, co se dok\u00e1\u017eou vybi\u010dovat, aby tr\u00e9novali stejn\u011b naplno, jako kdy\u017e z\u00e1vod\u00ed.<\/p>\n<figure id=\"attachment_8828\" aria-describedby=\"caption-attachment-8828\" style=\"width: 1080px\" class=\"wp-caption alignnone\"><a href=\"https:\/\/d2p6e6u75xmxt8.cloudfront.net\/13\/2020\/07\/egan-bernal.jpg\"><img loading=\"lazy\" decoding=\"async\" class=\"size-full wp-image-8828\" src=\"https:\/\/d2p6e6u75xmxt8.cloudfront.net\/13\/2020\/07\/egan-bernal.jpg\" alt=\"Egan Bernal tvrd\u011b d\u0159e v rodn\u00e9 Kolumbii. Dlouh\u00e9 obdob\u00ed bez z\u00e1vod\u016f je pro obh\u00e1jce triumfu z Tour . Foto: instagram\" width=\"1080\" height=\"1349\" \/><\/a><figcaption id=\"caption-attachment-8828\" class=\"wp-caption-text\"><em>Egan Bernal tvrd\u011b d\u0159e v rodn\u00e9 Kolumbii. Zvl\u00e1dne obh\u00e1jce prvenstv\u00ed z Tour de France nezvyklou podobu p\u0159\u00edpravy bez z\u00e1vod\u016f. Foto: instagram<\/em><\/figcaption><\/figure>\n<p>A proto\u017ee se nez\u00e1vodilo od b\u0159ezna a etap mez\u00ed Pa\u0159\u00ed\u017e\u00ed a Nice, tak ti z druh\u00e9 skupiny, tedy zku\u0161en\u00ed a motivovan\u00ed m\u016f\u017eou m\u00edt v sezon\u011b 2020 a jej\u00edm kompaktn\u00edm kalend\u00e1\u0159i v\u00fdhodu.<\/p>\n<p>Tahle zem\u011b mo\u017en\u00e1 nen\u00ed pro star\u00fd, ale cyklistika tohoto roku m\u016f\u017ee uk\u00e1zat opak. Pr\u00e1v\u011b ti, kte\u0159\u00ed u\u017e maj\u00ed n\u011bco za sebou, znaj\u00ed sv\u00e9 t\u011blo a jeho pot\u0159eby a jeli t\u0159eba deset nebo patn\u00e1ct t\u0159\u00edt\u00fddenn\u00edch etap\u00e1k\u016f, se p\u0159iprav\u00ed nejl\u00e9pe.<\/p>\n<h2><strong>Nibali preferuje intenzitu z\u00e1vod\u016f<\/strong><\/h2>\n<p>Porovnejte si t\u0159eba Egana Bernala, v\u00edt\u011bze posledn\u00ed Tour de France a v jeho prozat\u00edm kr\u00e1tk\u00e9 kari\u00e9\u0159e \u00fa\u010dastn\u00edka jen dvou Grand Tours, s p\u0159edch\u016fdcem na tr\u016fnu Geraintem Thomasem a nebo i \u010dty\u0159n\u00e1sobn\u00fdm \u0161ampionem Grande Boucle Chrisem Froomem, kte\u0159\u00ed p\u0159\u00edpravu k velk\u00fdm vrchol\u016fm \u00fasp\u011b\u0161n\u011b pilovali posledn\u00ed dek\u00e1du.<\/p>\n<div class=\"shortcode-ys-post-pinup\"><article class=\"loop-simple post-8214 post type-post status-publish format-standard has-post-thumbnail hentry category-welovecycling-com-cs-tdf tag-christian-prudhomme tag-cyklistika tag-silnicni-cyklistika tag-tour-de-france-2020 global-categories-cycling\" data-postid=\"8214\" role=\"article\" data-post-id=\"8214\" data-word-count=\"695\" data-headline-length=\"80\" data-category=\"TdF\" data-global-category=\"Cycling\" data-author=\"Adam Bouda\" data-published=\"2020-07-08T18:30:18+02:00\" data-published-day=\"Wednesday\">\n    <div class=\"entry-thumbnail article-thumbnail\" content=\"https:\/\/d2p6e6u75xmxt8.cloudfront.net\/13\/2019\/08\/Obrazek1-150x150.webp\"><a href=\"https:\/\/www.welovecycling.com\/cs\/2020\/07\/08\/jak-francouzi-meli-tri-mesice-na-pripravy-nove-a-lepsi-tour-de-france\/\" class=\"image-holder\" target=\"_self\"><img decoding=\"async\" loading=\"lazy\" class=\"\" src=\"https:\/\/d2p6e6u75xmxt8.cloudfront.net\/13\/2019\/08\/Obrazek1.webp\" srcset=\"https:\/\/d2p6e6u75xmxt8.cloudfront.net\/13\/2019\/08\/Obrazek1.webp 943w, https:\/\/d2p6e6u75xmxt8.cloudfront.net\/13\/2019\/08\/Obrazek1-300x200.webp 300w, https:\/\/d2p6e6u75xmxt8.cloudfront.net\/13\/2019\/08\/Obrazek1-768x512.webp 768w, https:\/\/d2p6e6u75xmxt8.cloudfront.net\/13\/2019\/08\/Obrazek1-272x182.webp 272w\" width=\"943\" height=\"629\" sizes=\"auto, (min-width: 1200px) 300px, (min-width: 768px) 25vw, 100vw\" alt=\"jak-francouzi-meli-tri-mesice-na-pripravy-nove-a-lepsi-tour-de-france\"\/><\/a><\/div>    <div class=\"entry-meta\">\n        <a class=\"label label-secondary post-category\" href=\"https:\/\/www.welovecycling.com\/cs\/category\/welovecycling-com-cs-tdf\/\" title=\"TdF\">TdF<\/a>\n    <\/div>\n    <div class=\"entry-details\">\n        <a href=\"https:\/\/www.welovecycling.com\/cs\/2020\/07\/08\/jak-francouzi-meli-tri-mesice-na-pripravy-nove-a-lepsi-tour-de-france\/\" class='entry-title-wrapper'>\n            <h3 class=\"entry-title\"><span>Jak Francouzi m\u011bli t\u0159i m\u011bs\u00edce na p\u0159\u00edpravy nov\u00e9 (a lep\u0161\u00ed) Tour de France<\/span><\/h3>\n        <\/a>\n    <\/div>\n    <\/article>\n<\/div>\n<p>Kalend\u00e1\u0159 World Tour se rozjede v srpnu, tedy m\u00e9n\u011b ne\u017e m\u011bs\u00edc p\u0159ed startem 107. Tour de France, a z toho vych\u00e1z\u00ed jasn\u00e9 z\u00e1v\u011bry: ti, kte\u0159\u00ed dok\u00e1\u017eou nejl\u00e9pe posouvat sv\u00e9 limity v tr\u00e9ninku, budou m\u00edt navrch nad t\u011bmi, kte\u0159\u00ed pot\u0159ebuj\u00ed v\u00edce z\u00e1vodn\u00edch dn\u00ed.<\/p>\n<p>Froome je v\u0161eobecn\u011b zn\u00e1m pro svoji osobn\u00ed discipl\u00ednu a soust\u0159ed\u011bnost v tr\u00e9ninku, zato t\u0159eba Ital Vincenzo Nibali, v\u00edt\u011bz Grande Boucle 2014, se netaj\u00ed t\u00edm, \u017ee preferuje intenzitu z\u00e1vod\u016f p\u0159ed dlouh\u00fdmi dny o samot\u011b na kole.<\/p>\n<figure id=\"attachment_8827\" aria-describedby=\"caption-attachment-8827\" style=\"width: 1080px\" class=\"wp-caption alignnone\"><a href=\"https:\/\/d2p6e6u75xmxt8.cloudfront.net\/13\/2020\/07\/Nibali-vincenzo.jpg\"><img loading=\"lazy\" decoding=\"async\" class=\"size-full wp-image-8827\" src=\"https:\/\/d2p6e6u75xmxt8.cloudfront.net\/13\/2020\/07\/Nibali-vincenzo.jpg\" alt=\"Vincenzo Nibali lad\u00ed formu rad\u011bji se startovn\u00edm \u010d\u00edslem v ostr\u00e9m z\u00e1vodu. Foto: instagram\" width=\"1080\" height=\"1009\" \/><\/a><figcaption id=\"caption-attachment-8827\" class=\"wp-caption-text\"><em>Vincenzo Nibali lad\u00ed formu rad\u011bji se startovn\u00edm \u010d\u00edslem v ostr\u00e9m z\u00e1vodu. Foto: instagram<\/em><\/figcaption><\/figure>\n<p>Podoba z\u00e1vod\u011bn\u00ed na Tour, jak se za posledn\u00edch p\u00e1r let z\u00e1sluhou (\u010di snad vinou?) Froomova t\u00fdmu vyvinula, je tak vykalkulovan\u00e1, \u017ee jej\u00ed v\u00fdvoj a kone\u010dn\u00fd v\u00fdsledek ponech\u00e1vaj\u00ed jen m\u00e1lo prostoru pro p\u0159ekvapen\u00ed. Jenom\u017ee leto\u0161n\u00ed pandemie a t\u0159\u00edm\u011bs\u00ed\u010dn\u00ed karant\u00e9na ve v\u011bt\u0161in\u011b Evropy tohle v\u0161echno nabouraly.<\/p>\n<p>Taky fakt, \u017ee Tour bude letos nezvykle prvn\u00ed ze t\u0159\u00ed Grand Tours (obvykle je prvn\u00ed kv\u011btnov\u00e9 Giro, kter\u00e9 se letos m\u00e1 konat a\u017e na podzim) bude d\u00edlkem do nejistoty.<\/p>\n<h2><strong>Dumoulin jel s \u010d\u00edslem v \u010dervnu 2019<\/strong><\/h2>\n<p>Z\u00e1vodn\u00edci ze \u0160pan\u011blska, It\u00e1lie, Francie a Andorry byli v karant\u00e9n\u011b od osmi do dvan\u00e1cti t\u00fddn\u016f, dal\u0161\u00ed mohli d\u00e1l tr\u00e9novat venku, tak\u017ee ti posti\u017een\u00ed varovali p\u0159ed dvourychlostn\u00ed Tour. Profesion\u00e1ln\u00ed z\u00e1vody se nekonaj\u00ed od 15. b\u0159ezna a ka\u017ed\u00fd \u010dek\u00e1, zdali pl\u00e1novan\u00fd restart sezony opravdu nastane, nebo \u2013 jak se mnoz\u00ed ob\u00e1vaj\u00ed \u2013 p\u0159ijde druh\u00e1 vlna covid-19 a z n\u011bj plynouc\u00ed restrikce.<\/p>\n<div class=\"shortcode-ys-post-pinup\"><article class=\"loop-simple post-7960 post type-post status-publish format-standard has-post-thumbnail hentry category-silnicni-cyklistika category-welovecycling-com-cs-tdf category-https-www-welovecycling-com-cs-category-zabava tag-cyklistika tag-eddy-merckx tag-fausto-coppi tag-gino-bartali tag-silnicni-cyklistika tag-tour-de-france tag-vyziva global-categories-cycling\" data-postid=\"7960\" role=\"article\" data-post-id=\"7960\" data-word-count=\"568\" data-headline-length=\"92\" data-category=\"Silni\u010dn\u00ed cyklistika\" data-global-category=\"Cycling\" data-author=\"Adam Bouda\" data-published=\"2020-06-29T07:00:56+02:00\" data-published-day=\"Monday\">\n    <div class=\"entry-thumbnail article-thumbnail\" content=\"https:\/\/d2p6e6u75xmxt8.cloudfront.net\/13\/2020\/06\/Merckx-profimedia-0068242989-150x150.webp\"><a href=\"https:\/\/www.welovecycling.com\/cs\/2020\/06\/29\/rad-jsem-na-tour-de-france-zakouril-zivotosprava-cyklistickeho-davnoveku\/\" class=\"image-holder\" target=\"_self\"><img decoding=\"async\" loading=\"lazy\" class=\"\" src=\"https:\/\/d2p6e6u75xmxt8.cloudfront.net\/13\/2020\/06\/Merckx-profimedia-0068242989-1024x720.webp\" srcset=\"https:\/\/d2p6e6u75xmxt8.cloudfront.net\/13\/2020\/06\/Merckx-profimedia-0068242989.webp 1800w, https:\/\/d2p6e6u75xmxt8.cloudfront.net\/13\/2020\/06\/Merckx-profimedia-0068242989-300x211.webp 300w, https:\/\/d2p6e6u75xmxt8.cloudfront.net\/13\/2020\/06\/Merckx-profimedia-0068242989-1024x720.webp 1024w, https:\/\/d2p6e6u75xmxt8.cloudfront.net\/13\/2020\/06\/Merckx-profimedia-0068242989-768x540.webp 768w, https:\/\/d2p6e6u75xmxt8.cloudfront.net\/13\/2020\/06\/Merckx-profimedia-0068242989-1536x1079.webp 1536w\" width=\"1024\" height=\"720\" sizes=\"auto, (min-width: 1200px) 300px, (min-width: 768px) 25vw, 100vw\" alt=\"rad-jsem-na-tour-de-france-zakouril-zivotosprava-cyklistickeho-davnoveku\"\/><\/a><\/div>    <div class=\"entry-meta\">\n        <a class=\"label label-secondary post-category\" href=\"https:\/\/www.welovecycling.com\/cs\/category\/silnicni-cyklistika\/\" title=\"Silni\u010dn\u00ed cyklistika\">Silni\u010dn\u00ed cyklistika<\/a>\n    <\/div>\n    <div class=\"entry-details\">\n        <a href=\"https:\/\/www.welovecycling.com\/cs\/2020\/06\/29\/rad-jsem-na-tour-de-france-zakouril-zivotosprava-cyklistickeho-davnoveku\/\" class='entry-title-wrapper'>\n            <h3 class=\"entry-title\"><span>Merckx si na Tour de France r\u00e1d zakou\u0159il. \u017divotospr\u00e1va cyklistick\u00e9ho d\u00e1vnov\u011bku&#8230;<\/span><\/h3>\n        <\/a>\n    <\/div>\n    <\/article>\n<\/div>\n<p>Kv\u016fli dlouh\u00e9 z\u00e1vodn\u00ed v\u00fdluce a rozd\u00edln\u00fdm tr\u00e9ninkov\u00fdm mo\u017enostem se m\u016f\u017eeme do\u010dkat p\u0159ekvapen\u00ed, zvl\u00e1\u0161\u0165 v prvn\u00edm t\u00fddnu Tour. N\u011bkte\u0159\u00ed mu\u017ei letos v\u016fbec nez\u00e1vodili a taky jsou zde tac\u00ed \u2013 kup\u0159\u00edkladu Tom Dumoulin a Primo\u017e Rogli\u010d, oba v\u00edt\u011bzov\u00e9 Gira, kte\u0159\u00ed na sob\u011b m\u011bli startovn\u00ed \u010d\u00edslo naposledy loni. Nizozemsk\u00fd cyklista dokonce v \u010dervnu 2019&#8230;<\/p>\n<figure id=\"attachment_8826\" aria-describedby=\"caption-attachment-8826\" style=\"width: 1080px\" class=\"wp-caption alignnone\"><a href=\"https:\/\/d2p6e6u75xmxt8.cloudfront.net\/13\/2020\/07\/Dumoulin-Tom-instagram.jpg\"><img loading=\"lazy\" decoding=\"async\" class=\"size-full wp-image-8826\" src=\"https:\/\/d2p6e6u75xmxt8.cloudfront.net\/13\/2020\/07\/Dumoulin-Tom-instagram.jpg\" alt=\"Nizozemsk\u00fd cyklista Tom Dumoulin m\u00e1 z\u00e1vodn\u00ed pauzu u\u017e p\u0159es t\u0159in\u00e1ct m\u011bs\u00edc\u016f!\" width=\"1080\" height=\"810\" \/><\/a><figcaption id=\"caption-attachment-8826\" class=\"wp-caption-text\"><em>Nizozemsk\u00fd cyklista Tom Dumoulin m\u00e1 z\u00e1vodn\u00ed pauzu u\u017e p\u0159es t\u0159in\u00e1ct m\u011bs\u00edc\u016f! Foto: instagram<\/em><\/figcaption><\/figure>\n<p>Stejn\u00e9 \u0161oky m\u016f\u017ee p\u0159in\u00e9st posledn\u00ed t\u00fdden Tour de France, kdy se zase bude projevovat \u00fanava cyklist\u016f nezvykl\u00fdch na takov\u00e9 zat\u00ed\u017een\u00ed. Nikdo mo\u017en\u00e1 netu\u0161\u00ed, jak budou reagovat organizmy z\u00e1vodn\u00edk\u016f, ale co lze \u0159\u00edct s jistotou \u2013 v\u0161ichni u\u017e budou hladov\u00ed a motivovan\u00ed, n\u011bkte\u0159\u00ed mo\u017en\u00e1 a\u017e p\u0159\u00edli\u0161, tak\u017ee by se u\u017e tak dost nerv\u00f3zn\u00ed z\u00e1vod mohl st\u00e1t seri\u00e1lem p\u00e1d\u016f a zran\u011bn\u00ed.<\/p>\n<p>Cel\u00e9 to za\u010dne u\u017e 29. srpna v Nice. Bude to letos jin\u00e1 ne\u017e standardn\u00ed Tour a dost mo\u017en\u00e1 jedna z nej\u00fa\u017easn\u011bj\u0161\u00edch v posledn\u00edch letech. Proto\u017ee zase bude nep\u0159edv\u00eddateln\u00e1.<\/p>\n","protected":false},"excerpt":{"rendered":"<p>Nen\u00ed nic objevn\u00e9ho \u0159\u00edct, \u017ee vyhraje ten nejlep\u0161\u00ed. V\u00ed to cel\u00fd peloton favorit\u016f Tour de France, kte\u0159\u00ed se budou od [&hellip;]<\/p>\n","protected":false},"author":122,"featured_media":8758,"comment_status":"open","ping_status":"open","sticky":false,"template":"","format":"standard","meta":{"footnotes":""},"categories":[10,243],"tags":[19,126,9,582,23],"global-categories":[411],"class_list":["post-8796","post","type-post","status-publish","format-standard","has-post-thumbnail","hentry","category-silnicni-cyklistika","category-welovecycling-com-cs-tdf","tag-chris-froome","tag-cyklistika","tag-silnicni-cyklistika","tag-tom-dumoulin","tag-tour-de-france","global-categories-cycling"],"yoast_head":"<!-- This site is optimized with the Yoast SEO Premium plugin v25.3 (Yoast SEO v25.9) - https:\/\/yoast.com\/wordpress\/plugins\/seo\/ -->\n<title>Discipl\u00edna a zku\u0161enost, zbran\u011b k v\u00edt\u011bzstv\u00ed na nov\u00e9 Tour de France | \u0160koda We Love Cycling - \u010cesk\u00e1 republika<\/title>\n<meta name=\"robots\" content=\"index, follow, max-snippet:-1, max-image-preview:large, max-video-preview:-1\" \/>\n<link rel=\"canonical\" href=\"https:\/\/www.welovecycling.com\/cs\/2020\/07\/21\/disciplina-a-zkusenost-zbrane-k-vitezstvi-na-nove-tour-de-france\/\" \/>\n<meta property=\"og:locale\" content=\"cs_CZ\" \/>\n<meta property=\"og:type\" content=\"article\" \/>\n<meta property=\"og:title\" content=\"Discipl\u00edna a zku\u0161enost, zbran\u011b k v\u00edt\u011bzstv\u00ed na nov\u00e9 Tour de France\" \/>\n<meta property=\"og:description\" content=\"Nen\u00ed nic objevn\u00e9ho \u0159\u00edct, \u017ee vyhraje ten nejlep\u0161\u00ed. V\u00ed to cel\u00fd peloton favorit\u016f Tour de France, kte\u0159\u00ed se budou od [&hellip;]\" \/>\n<meta property=\"og:url\" content=\"https:\/\/www.welovecycling.com\/cs\/2020\/07\/21\/disciplina-a-zkusenost-zbrane-k-vitezstvi-na-nove-tour-de-france\/\" \/>\n<meta property=\"og:site_name\" content=\"\u0160koda We Love Cycling - \u010cesk\u00e1 republika\" \/>\n<meta property=\"article:published_time\" content=\"2020-07-21T09:00:00+00:00\" \/>\n<meta property=\"article:modified_time\" content=\"2020-07-21T11:56:32+00:00\" \/>\n<meta property=\"og:image\" content=\"https:\/\/d2p6e6u75xmxt8.cloudfront.net\/13\/2020\/07\/froome-chris-instagram.webp\" \/>\n\t<meta property=\"og:image:width\" content=\"1080\" \/>\n\t<meta property=\"og:image:height\" content=\"810\" \/>\n\t<meta property=\"og:image:type\" content=\"image\/webp\" \/>\n<meta name=\"twitter:card\" content=\"summary_large_image\" \/>\n<meta name=\"twitter:label1\" content=\"Written by\" \/>\n\t<meta name=\"twitter:data1\" content=\"Adam Bouda\" \/>\n\t<meta name=\"twitter:label2\" content=\"Est. reading time\" \/>\n\t<meta name=\"twitter:data2\" content=\"7\" \/>\n<script type=\"application\/ld+json\" class=\"yoast-schema-graph\">{\"@context\":\"https:\/\/schema.org\",\"@graph\":[{\"@type\":\"WebPage\",\"@id\":\"https:\/\/www.welovecycling.com\/cs\/2020\/07\/21\/disciplina-a-zkusenost-zbrane-k-vitezstvi-na-nove-tour-de-france\/\",\"url\":\"https:\/\/www.welovecycling.com\/cs\/2020\/07\/21\/disciplina-a-zkusenost-zbrane-k-vitezstvi-na-nove-tour-de-france\/\",\"name\":\"Discipl\u00edna a zku\u0161enost, zbran\u011b k v\u00edt\u011bzstv\u00ed na nov\u00e9 Tour de France | \u0160koda We Love Cycling - \u010cesk\u00e1 republika\",\"isPartOf\":{\"@id\":\"https:\/\/www.welovecycling.com\/cs\/#website\"},\"primaryImageOfPage\":{\"@id\":\"https:\/\/www.welovecycling.com\/cs\/2020\/07\/21\/disciplina-a-zkusenost-zbrane-k-vitezstvi-na-nove-tour-de-france\/#primaryimage\"},\"image\":{\"@id\":\"https:\/\/www.welovecycling.com\/cs\/2020\/07\/21\/disciplina-a-zkusenost-zbrane-k-vitezstvi-na-nove-tour-de-france\/#primaryimage\"},\"thumbnailUrl\":\"https:\/\/d2p6e6u75xmxt8.cloudfront.net\/13\/2020\/07\/froome-chris-instagram.webp\",\"datePublished\":\"2020-07-21T09:00:00+00:00\",\"dateModified\":\"2020-07-21T11:56:32+00:00\",\"author\":{\"@id\":\"\"},\"inLanguage\":\"cs\",\"potentialAction\":[{\"@type\":\"ReadAction\",\"target\":[\"https:\/\/www.welovecycling.com\/cs\/2020\/07\/21\/disciplina-a-zkusenost-zbrane-k-vitezstvi-na-nove-tour-de-france\/\"]}]},{\"@type\":\"ImageObject\",\"inLanguage\":\"cs\",\"@id\":\"https:\/\/www.welovecycling.com\/cs\/2020\/07\/21\/disciplina-a-zkusenost-zbrane-k-vitezstvi-na-nove-tour-de-france\/#primaryimage\",\"url\":\"https:\/\/d2p6e6u75xmxt8.cloudfront.net\/13\/2020\/07\/froome-chris-instagram.webp\",\"contentUrl\":\"https:\/\/d2p6e6u75xmxt8.cloudfront.net\/13\/2020\/07\/froome-chris-instagram.webp\",\"width\":1080,\"height\":810,\"caption\":\"Chris Froome v dresu Ineosu? Spojen\u00ed, kter\u00e9 potrv\u00e1 u\u017e jen necel\u00fdch \u0161est m\u011bs\u00edc\u016f. Foto: instagram\"},{\"@type\":\"WebSite\",\"@id\":\"https:\/\/www.welovecycling.com\/cs\/#website\",\"url\":\"https:\/\/www.welovecycling.com\/cs\/\",\"name\":\"\u0160koda We Love Cycling - \u010cesk\u00e1 republika\",\"description\":\"WeLoveCycling.cz je online magaz\u00edn, kter\u00fd v\u00e1m pravideln\u011b p\u0159in\u00e1\u0161\u00ed rady a tipy, zaj\u00edmav\u00e9 \u010dl\u00e1nky, videa a jedine\u010dn\u00e9 report\u00e1\u017ee ze sv\u011bta cyklistiky.\",\"potentialAction\":[{\"@type\":\"SearchAction\",\"target\":{\"@type\":\"EntryPoint\",\"urlTemplate\":\"https:\/\/www.welovecycling.com\/cs\/?s={search_term_string}\"},\"query-input\":{\"@type\":\"PropertyValueSpecification\",\"valueRequired\":true,\"valueName\":\"search_term_string\"}}],\"inLanguage\":\"cs\"},{\"@type\":\"Person\",\"@id\":\"\",\"url\":\"https:\/\/www.welovecycling.com\/cs\/author\/\"}]}<\/script>\n<!-- \/ Yoast SEO Premium plugin. -->","yoast_head_json":{"title":"Discipl\u00edna a zku\u0161enost, zbran\u011b k v\u00edt\u011bzstv\u00ed na nov\u00e9 Tour de France | \u0160koda We Love Cycling - \u010cesk\u00e1 republika","robots":{"index":"index","follow":"follow","max-snippet":"max-snippet:-1","max-image-preview":"max-image-preview:large","max-video-preview":"max-video-preview:-1"},"canonical":"https:\/\/www.welovecycling.com\/cs\/2020\/07\/21\/disciplina-a-zkusenost-zbrane-k-vitezstvi-na-nove-tour-de-france\/","og_locale":"cs_CZ","og_type":"article","og_title":"Discipl\u00edna a zku\u0161enost, zbran\u011b k v\u00edt\u011bzstv\u00ed na nov\u00e9 Tour de France","og_description":"Nen\u00ed nic objevn\u00e9ho \u0159\u00edct, \u017ee vyhraje ten nejlep\u0161\u00ed. V\u00ed to cel\u00fd peloton favorit\u016f Tour de France, kte\u0159\u00ed se budou od [&hellip;]","og_url":"https:\/\/www.welovecycling.com\/cs\/2020\/07\/21\/disciplina-a-zkusenost-zbrane-k-vitezstvi-na-nove-tour-de-france\/","og_site_name":"\u0160koda We Love Cycling - \u010cesk\u00e1 republika","article_published_time":"2020-07-21T09:00:00+00:00","article_modified_time":"2020-07-21T11:56:32+00:00","og_image":[{"width":1080,"height":810,"url":"https:\/\/d2p6e6u75xmxt8.cloudfront.net\/13\/2020\/07\/froome-chris-instagram.webp","type":"image\/webp"}],"twitter_card":"summary_large_image","twitter_misc":{"Written by":"Adam Bouda","Est. reading time":"7"},"schema":{"@context":"https:\/\/schema.org","@graph":[{"@type":"WebPage","@id":"https:\/\/www.welovecycling.com\/cs\/2020\/07\/21\/disciplina-a-zkusenost-zbrane-k-vitezstvi-na-nove-tour-de-france\/","url":"https:\/\/www.welovecycling.com\/cs\/2020\/07\/21\/disciplina-a-zkusenost-zbrane-k-vitezstvi-na-nove-tour-de-france\/","name":"Discipl\u00edna a zku\u0161enost, zbran\u011b k v\u00edt\u011bzstv\u00ed na nov\u00e9 Tour de France | \u0160koda We Love Cycling - \u010cesk\u00e1 republika","isPartOf":{"@id":"https:\/\/www.welovecycling.com\/cs\/#website"},"primaryImageOfPage":{"@id":"https:\/\/www.welovecycling.com\/cs\/2020\/07\/21\/disciplina-a-zkusenost-zbrane-k-vitezstvi-na-nove-tour-de-france\/#primaryimage"},"image":{"@id":"https:\/\/www.welovecycling.com\/cs\/2020\/07\/21\/disciplina-a-zkusenost-zbrane-k-vitezstvi-na-nove-tour-de-france\/#primaryimage"},"thumbnailUrl":"https:\/\/d2p6e6u75xmxt8.cloudfront.net\/13\/2020\/07\/froome-chris-instagram.webp","datePublished":"2020-07-21T09:00:00+00:00","dateModified":"2020-07-21T11:56:32+00:00","author":{"@id":""},"inLanguage":"cs","potentialAction":[{"@type":"ReadAction","target":["https:\/\/www.welovecycling.com\/cs\/2020\/07\/21\/disciplina-a-zkusenost-zbrane-k-vitezstvi-na-nove-tour-de-france\/"]}]},{"@type":"ImageObject","inLanguage":"cs","@id":"https:\/\/www.welovecycling.com\/cs\/2020\/07\/21\/disciplina-a-zkusenost-zbrane-k-vitezstvi-na-nove-tour-de-france\/#primaryimage","url":"https:\/\/d2p6e6u75xmxt8.cloudfront.net\/13\/2020\/07\/froome-chris-instagram.webp","contentUrl":"https:\/\/d2p6e6u75xmxt8.cloudfront.net\/13\/2020\/07\/froome-chris-instagram.webp","width":1080,"height":810,"caption":"Chris Froome v dresu Ineosu? Spojen\u00ed, kter\u00e9 potrv\u00e1 u\u017e jen necel\u00fdch \u0161est m\u011bs\u00edc\u016f. Foto: instagram"},{"@type":"WebSite","@id":"https:\/\/www.welovecycling.com\/cs\/#website","url":"https:\/\/www.welovecycling.com\/cs\/","name":"\u0160koda We Love Cycling - \u010cesk\u00e1 republika","description":"WeLoveCycling.cz je online magaz\u00edn, kter\u00fd v\u00e1m pravideln\u011b p\u0159in\u00e1\u0161\u00ed rady a tipy, zaj\u00edmav\u00e9 \u010dl\u00e1nky, videa a jedine\u010dn\u00e9 report\u00e1\u017ee ze sv\u011bta cyklistiky.","potentialAction":[{"@type":"SearchAction","target":{"@type":"EntryPoint","urlTemplate":"https:\/\/www.welovecycling.com\/cs\/?s={search_term_string}"},"query-input":{"@type":"PropertyValueSpecification","valueRequired":true,"valueName":"search_term_string"}}],"inLanguage":"cs"},{"@type":"Person","@id":"","url":"https:\/\/www.welovecycling.com\/cs\/author\/"}]}},"_links":{"self":[{"href":"https:\/\/www.welovecycling.com\/cs\/wp-json\/wp\/v2\/posts\/8796","targetHints":{"allow":["GET"]}}],"collection":[{"href":"https:\/\/www.welovecycling.com\/cs\/wp-json\/wp\/v2\/posts"}],"about":[{"href":"https:\/\/www.welovecycling.com\/cs\/wp-json\/wp\/v2\/types\/post"}],"author":[{"embeddable":true,"href":"https:\/\/www.welovecycling.com\/cs\/wp-json\/wp\/v2\/users\/122"}],"replies":[{"embeddable":true,"href":"https:\/\/www.welovecycling.com\/cs\/wp-json\/wp\/v2\/comments?post=8796"}],"version-history":[{"count":2,"href":"https:\/\/www.welovecycling.com\/cs\/wp-json\/wp\/v2\/posts\/8796\/revisions"}],"predecessor-version":[{"id":8832,"href":"https:\/\/www.welovecycling.com\/cs\/wp-json\/wp\/v2\/posts\/8796\/revisions\/8832"}],"wp:featuredmedia":[{"embeddable":true,"href":"https:\/\/www.welovecycling.com\/cs\/wp-json\/wp\/v2\/media\/8758"}],"wp:attachment":[{"href":"https:\/\/www.welovecycling.com\/cs\/wp-json\/wp\/v2\/media?parent=8796"}],"wp:term":[{"taxonomy":"category","embeddable":true,"href":"https:\/\/www.welovecycling.com\/cs\/wp-json\/wp\/v2\/categories?post=8796"},{"taxonomy":"post_tag","embeddable":true,"href":"https:\/\/www.welovecycling.com\/cs\/wp-json\/wp\/v2\/tags?post=8796"},{"taxonomy":"global-categories","embeddable":true,"href":"https:\/\/www.welovecycling.com\/cs\/wp-json\/wp\/v2\/global-categories?post=8796"}],"curies":[{"name":"wp","href":"https:\/\/api.w.org\/{rel}","templated":true}]}}