{"id":8564,"date":"2020-07-11T10:00:06","date_gmt":"2020-07-11T08:00:06","guid":{"rendered":"https:\/\/www.welovecycling.com\/cs\/?p=8564"},"modified":"2020-07-10T14:35:13","modified_gmt":"2020-07-10T12:35:13","slug":"s-jakym-kolem-vyrazit-na-pumptrack-idealni-je-pevne-kolo","status":"publish","type":"post","link":"https:\/\/www.welovecycling.com\/cs\/2020\/07\/11\/s-jakym-kolem-vyrazit-na-pumptrack-idealni-je-pevne-kolo\/","title":{"rendered":"S\u00a0jak\u00fdm kolem vyrazit na pumptrack? Ide\u00e1ln\u00ed je pevn\u00e9 kolo"},"content":{"rendered":"<p><strong>Pumptrack, st\u00e1le popul\u00e1rn\u011bj\u0161\u00ed cyklistick\u00e1 discipl\u00edna, kde se na um\u011ble vytvo\u0159en\u00e9m okruhu s \u0159adou ter\u00e9nn\u00edch vln a zat\u00e1\u010dek ne\u0161lape a rychlost se zvy\u0161uje pomoc\u00ed tzv. pumpov\u00e1n\u00ed kola nahoru a dol\u016f. A proto\u017ee si pumptrack z\u00edsk\u00e1v\u00e1 st\u00e1le v\u00edce p\u0159\u00edznivc\u016f, p\u0159ipravila platforma We Love Cycling pro v\u0161echny fanou\u0161ky cyklistiky projekt, jeho\u017e patronem je biker Michal Maro\u0161i.<\/strong><\/p>\n<p>Jde o jednoho z pr\u016fkopn\u00edk\u016f t\u00e9to discipl\u00edny u n\u00e1s, stavitele pumptrack\u016f a tak\u00e9 b\u00fdval\u00e9ho vynikaj\u00edc\u00edho sjezda\u0159e \u010di fourcrossa\u0159e. Tentokr\u00e1t\u00a0 Michal prozrad\u00ed, jak\u00e9 vybaven\u00ed je na pumptrack ide\u00e1ln\u00ed a v druh\u00e9 \u010d\u00e1sti pop\u00ed\u0161e, jak prob\u00edhaj\u00ed z\u00e1vody nejlep\u0161\u00edch borc\u016f, kte\u0159\u00ed bojuj\u00ed i o duhov\u00fd dres mistra sv\u011bta.<\/p>\n<h2><strong>Na pumptracku sedlovku dol\u016f<\/strong><\/h2>\n<p>\u201eKdy\u017e se budeme bavit o materi\u00e1lu, tak ide\u00e1ln\u00ed je na pumptrack pevn\u00e9 kolo, kter\u00e9 nepru\u017e\u00ed. Pokud m\u00e1m jak\u00e9koli odpru\u017een\u00ed, tak m\u011b zpomaluje. I kdy\u017e pou\u017eiji pevn\u00e9 kolo s vidlic\u00ed, tak ji doporu\u010duji vypnout. A dejte si sedlovku dol\u016f, je to lep\u0161\u00ed.<\/p>\n<p><a href=\"https:\/\/d2p6e6u75xmxt8.cloudfront.net\/13\/2020\/06\/pumptrack-michal-\u010derven\u00fd-2.jpg\"><img loading=\"lazy\" decoding=\"async\" class=\"alignnone size-full wp-image-7766\" src=\"https:\/\/d2p6e6u75xmxt8.cloudfront.net\/13\/2020\/06\/pumptrack-michal-\u010derven\u00fd-2.jpg\" alt=\"\" width=\"1600\" height=\"1067\" \/><\/a><\/p>\n<p>Kdo u\u017e na pumptracku trochu um\u00ed, tak nejv\u011bt\u0161\u00ed z\u00e1bavu za\u017eije na BMX kole. Je mal\u00e9, hrav\u00e9 a rychl\u00e9. No a nejv\u011bt\u0161\u00ed v\u00fdzvou na pumptracku je kolo freestylov\u00e9. Rozhodn\u011b bych na pumptrack nechodil s kolem m\u011bstsk\u00fdm nebo sjezdov\u00fdm.<\/p>\n<h2><strong>Helma a rukavice jsou z\u00e1klad, pro d\u011bti i chr\u00e1ni\u010de<\/strong><\/h2>\n<p>Ur\u010dit\u011b to chce n\u011bjakou bezpe\u010dnostn\u00ed v\u00fdbavu. Alespo\u0148 z\u00e1klad v podob\u011b helmy a z\u00e1kladn\u00edch cyklistick\u00fdch rukavic. Pak u\u017e je na ka\u017ed\u00e9m, jestli si vezme t\u0159eba chr\u00e1ni\u010de kolen a lokt\u016f. Kdy\u017e \u010dlov\u011bk spadne, nemus\u00ed se nutn\u011b od\u0159\u00edt, ale za\u010d\u00e1te\u010dn\u00edk\u016fm hlavn\u011b z \u0159ad d\u011bt\u00ed bych chr\u00e1ni\u010de rozhodn\u011b doporu\u010dil.<\/p>\n<figure id=\"attachment_7769\" aria-describedby=\"caption-attachment-7769\" style=\"width: 1600px\" class=\"wp-caption alignnone\"><a href=\"https:\/\/d2p6e6u75xmxt8.cloudfront.net\/13\/2020\/06\/pumptrack-michal-\u010derven\u00fd-5.jpg\"><img loading=\"lazy\" decoding=\"async\" class=\"size-full wp-image-7769\" src=\"https:\/\/d2p6e6u75xmxt8.cloudfront.net\/13\/2020\/06\/pumptrack-michal-\u010derven\u00fd-5.jpg\" alt=\"Pumptrack je ur\u010den v\u0161em v\u011bkov\u00fdm kategori\u00edm. Je vhodn\u00fd i pro d\u011bti, kter\u00e9 se kolo teprve u\u010d\u00ed ovl\u00e1dat. Foto: Michal \u010cerven\u00fd\" width=\"1600\" height=\"1067\" \/><\/a><figcaption id=\"caption-attachment-7769\" class=\"wp-caption-text\"><em>Pumptrack je ur\u010den v\u0161em v\u011bkov\u00fdm kategori\u00edm. Je vhodn\u00fd i pro d\u011bti, kter\u00e9 se kolo teprve u\u010d\u00ed ovl\u00e1dat. Foto: Michal \u010cerven\u00fd<\/em><\/figcaption><\/figure>\n<p>Jak u\u017e jsme v jednom z d\u00edl\u016f na\u0161eho seri\u00e1lu zm\u00ednili, pumptrack nen\u00ed jen z\u00e1bava a pilov\u00e1n\u00ed techniky, ale po\u0159\u00e1daj\u00ed se na n\u011bm regul\u00e9rn\u00ed z\u00e1vody. A nab\u00edz\u00ed hned n\u011bkolik mo\u017enost\u00ed. Mohou se jet zrcadlov\u011b dva paraleln\u00ed okruhy, kter\u00e9 se v jedn\u00e9 \u010d\u00e1sti spojuj\u00ed. Start t\u011bch dvou z\u00e1vodn\u00edk\u016f je stejn\u00fd, pak se rozd\u011bl\u00ed a spoj\u00ed a\u017e na druh\u00e9m konci.<\/p>\n<p>Druhou variantou je jeden okruh, kde ka\u017ed\u00fd startuje z\u00a0opa\u010dn\u00e9 poloviny, a z\u00e1vodn\u00edci se nah\u00e1n\u011bj\u00ed. Nebo z\u00e1vod jednotlivc\u016f, kde se od startu do c\u00edle klasicky m\u011b\u0159\u00ed \u010das a nejrychlej\u0161\u00ed vyhr\u00e1v\u00e1.<\/p>\n<h2><strong>Pumptrack je m\u00edsto neomezen\u00fdch mo\u017enost\u00ed<\/strong><\/h2>\n<p>Jak u\u017e jsme \u0159\u00edkali, tak na pumptracku by se nem\u011blo \u0161lapat a rychlost se zvy\u0161uje jen pumpov\u00e1n\u00edm. Proto si na seri\u00f3zn\u00edch z\u00e1vodech profesion\u00e1l\u016f mus\u00ed ka\u017ed\u00fd povinn\u011b sundat \u0159et\u011bz. Startuje se z\u00a0men\u0161\u00ed rampy, aby \u010dlov\u011bk z\u00edskal n\u011bjakou rychlost, a pak u\u017e se zrychluje jen pumpov\u00e1n\u00edm. Pak jsou z\u00e1vody, kdy je \u0159et\u011bz povolen\u00fd, ale \u0161lap\u00e1n\u00ed vyu\u017eijete jen od startu, pak u\u017e se stejn\u011b ne\u0161lape.<\/p>\n<div class=\"shortcode-ys-post-pinup\"><article class=\"loop-simple post-8241 post type-post status-publish format-standard has-post-thumbnail hentry category-pumptrack category-rady-tipy category-https-www-welovecycling-com-cs-category-zabava tag-cyklistika tag-michal-marosi tag-pumptrack tag-trenink global-categories-cycling\" data-postid=\"8241\" role=\"article\" data-post-id=\"8241\" data-word-count=\"280\" data-headline-length=\"63\" data-category=\"Pumptrack\" data-global-category=\"Cycling\" data-author=\"Jan Kr\u016fta\" data-published=\"2020-07-03T17:00:00+02:00\" data-published-day=\"Friday\">\n    <div class=\"entry-thumbnail article-thumbnail\" content=\"https:\/\/d2p6e6u75xmxt8.cloudfront.net\/13\/2020\/01\/20191014-IMG_1163ok-150x150.webp\"><a href=\"https:\/\/www.welovecycling.com\/cs\/2020\/07\/03\/jak-spravne-jezdit-na-pumptracku-radi-expert-michal-marosi\/\" class=\"image-holder\" target=\"_self\"><img decoding=\"async\" loading=\"lazy\" class=\"\" src=\"https:\/\/d2p6e6u75xmxt8.cloudfront.net\/13\/2020\/01\/20191014-IMG_1163ok-1024x632.webp\" srcset=\"https:\/\/d2p6e6u75xmxt8.cloudfront.net\/13\/2020\/01\/20191014-IMG_1163ok.webp 2000w, https:\/\/d2p6e6u75xmxt8.cloudfront.net\/13\/2020\/01\/20191014-IMG_1163ok-300x185.webp 300w, https:\/\/d2p6e6u75xmxt8.cloudfront.net\/13\/2020\/01\/20191014-IMG_1163ok-1024x632.webp 1024w, https:\/\/d2p6e6u75xmxt8.cloudfront.net\/13\/2020\/01\/20191014-IMG_1163ok-768x474.webp 768w, https:\/\/d2p6e6u75xmxt8.cloudfront.net\/13\/2020\/01\/20191014-IMG_1163ok-1536x948.webp 1536w, https:\/\/d2p6e6u75xmxt8.cloudfront.net\/13\/2020\/01\/20191014-IMG_1163ok-1920x1185.webp 1920w, https:\/\/d2p6e6u75xmxt8.cloudfront.net\/13\/2020\/01\/20191014-IMG_1163ok-1920x1185.webp 1920w\" width=\"1024\" height=\"632\" sizes=\"auto, (min-width: 1200px) 324px, (min-width: 768px) 27vw, 100vw\" alt=\"jak-spravne-jezdit-na-pumptracku-radi-expert-michal-marosi\"\/><\/a><\/div>    <div class=\"entry-meta\">\n        <a class=\"label label-secondary post-category\" href=\"https:\/\/www.welovecycling.com\/cs\/category\/pumptrack\/\" title=\"Pumptrack\">Pumptrack<\/a>\n    <\/div>\n    <div class=\"entry-details\">\n        <a href=\"https:\/\/www.welovecycling.com\/cs\/2020\/07\/03\/jak-spravne-jezdit-na-pumptracku-radi-expert-michal-marosi\/\" class='entry-title-wrapper'>\n            <h3 class=\"entry-title\"><span>Jak spr\u00e1vn\u011b jezdit na pumptracku? Rad\u00ed expert Michal Maro\u0161i<\/span><\/h3>\n        <\/a>\n    <\/div>\n    <\/article>\n<\/div>\n<p>Z\u00e1vody na pumptracku z\u00edsk\u00e1vaj\u00ed na st\u00e1le v\u011bt\u0161\u00ed popularit\u011b. U\u017e se v\u00a0n\u011bm pod hlavi\u010dkou Mezin\u00e1rodn\u00ed cyklistick\u00e9 unie jezd\u00ed o duhov\u00fd dres mistra sv\u011bta, div\u00e1cky atraktivn\u00ed jsou i r\u016fzn\u00e9 freestylov\u00e9 show na pumptracku. Nab\u00edz\u00ed toho spoustu: skoky, dvojskoky, lavice, p\u0159\u00edmo v\u00a0t\u00e9 dr\u00e1ze se d\u00e1 za\u010d\u00edt trikovat, d\u011blaj\u00ed se backflipy. Je to prost\u011b m\u00edsto neomezen\u00fdch mo\u017enost\u00ed. Pro hobb\u00edky i profesion\u00e1ly.\u201c<\/p>\n","protected":false},"excerpt":{"rendered":"<p>Pumptrack, st\u00e1le popul\u00e1rn\u011bj\u0161\u00ed cyklistick\u00e1 discipl\u00edna, kde se na um\u011ble vytvo\u0159en\u00e9m okruhu s \u0159adou ter\u00e9nn\u00edch vln a zat\u00e1\u010dek ne\u0161lape a rychlost [&hellip;]<\/p>\n","protected":false},"author":122,"featured_media":7767,"comment_status":"open","ping_status":"open","sticky":false,"template":"","format":"standard","meta":{"footnotes":""},"categories":[1003],"tags":[1010,587,726,27,1011],"global-categories":[411],"class_list":["post-8564","post","type-post","status-publish","format-standard","has-post-thumbnail","hentry","category-pumptrack","tag-kolo-na-pumptrack","tag-michal-marosi","tag-pumptrack","tag-trenink","tag-zavody-na-pumptracku","global-categories-cycling"],"yoast_head":"<!-- This site is optimized with the Yoast SEO Premium plugin v25.3 (Yoast SEO v25.9) - https:\/\/yoast.com\/wordpress\/plugins\/seo\/ -->\n<title>S\u00a0jak\u00fdm kolem vyrazit na pumptrack? Ide\u00e1ln\u00ed je pevn\u00e9 kolo | \u0160koda We Love Cycling - \u010cesk\u00e1 republika<\/title>\n<meta name=\"robots\" content=\"index, follow, max-snippet:-1, max-image-preview:large, max-video-preview:-1\" \/>\n<link rel=\"canonical\" href=\"https:\/\/www.welovecycling.com\/cs\/2020\/07\/11\/s-jakym-kolem-vyrazit-na-pumptrack-idealni-je-pevne-kolo\/\" \/>\n<meta property=\"og:locale\" content=\"cs_CZ\" \/>\n<meta property=\"og:type\" content=\"article\" \/>\n<meta property=\"og:title\" content=\"S\u00a0jak\u00fdm kolem vyrazit na pumptrack? Ide\u00e1ln\u00ed je pevn\u00e9 kolo\" \/>\n<meta property=\"og:description\" content=\"Pumptrack, st\u00e1le popul\u00e1rn\u011bj\u0161\u00ed cyklistick\u00e1 discipl\u00edna, kde se na um\u011ble vytvo\u0159en\u00e9m okruhu s \u0159adou ter\u00e9nn\u00edch vln a zat\u00e1\u010dek ne\u0161lape a rychlost [&hellip;]\" \/>\n<meta property=\"og:url\" content=\"https:\/\/www.welovecycling.com\/cs\/2020\/07\/11\/s-jakym-kolem-vyrazit-na-pumptrack-idealni-je-pevne-kolo\/\" \/>\n<meta property=\"og:site_name\" content=\"\u0160koda We Love Cycling - \u010cesk\u00e1 republika\" \/>\n<meta property=\"article:published_time\" content=\"2020-07-11T08:00:06+00:00\" \/>\n<meta property=\"og:image\" content=\"https:\/\/d2p6e6u75xmxt8.cloudfront.net\/13\/2020\/06\/pumptrack-michal-\u010derven\u00fd-3.webp\" \/>\n\t<meta property=\"og:image:width\" content=\"1600\" \/>\n\t<meta property=\"og:image:height\" content=\"1067\" \/>\n\t<meta property=\"og:image:type\" content=\"image\/webp\" \/>\n<meta name=\"twitter:card\" content=\"summary_large_image\" \/>\n<meta name=\"twitter:label1\" content=\"Written by\" \/>\n\t<meta name=\"twitter:data1\" content=\"Jan Kr\u016fta\" \/>\n\t<meta name=\"twitter:label2\" content=\"Est. reading time\" \/>\n\t<meta name=\"twitter:data2\" content=\"5\" \/>\n<script type=\"application\/ld+json\" class=\"yoast-schema-graph\">{\"@context\":\"https:\/\/schema.org\",\"@graph\":[{\"@type\":\"WebPage\",\"@id\":\"https:\/\/www.welovecycling.com\/cs\/2020\/07\/11\/s-jakym-kolem-vyrazit-na-pumptrack-idealni-je-pevne-kolo\/\",\"url\":\"https:\/\/www.welovecycling.com\/cs\/2020\/07\/11\/s-jakym-kolem-vyrazit-na-pumptrack-idealni-je-pevne-kolo\/\",\"name\":\"S\u00a0jak\u00fdm kolem vyrazit na pumptrack? Ide\u00e1ln\u00ed je pevn\u00e9 kolo | \u0160koda We Love Cycling - \u010cesk\u00e1 republika\",\"isPartOf\":{\"@id\":\"https:\/\/www.welovecycling.com\/cs\/#website\"},\"primaryImageOfPage\":{\"@id\":\"https:\/\/www.welovecycling.com\/cs\/2020\/07\/11\/s-jakym-kolem-vyrazit-na-pumptrack-idealni-je-pevne-kolo\/#primaryimage\"},\"image\":{\"@id\":\"https:\/\/www.welovecycling.com\/cs\/2020\/07\/11\/s-jakym-kolem-vyrazit-na-pumptrack-idealni-je-pevne-kolo\/#primaryimage\"},\"thumbnailUrl\":\"https:\/\/d2p6e6u75xmxt8.cloudfront.net\/13\/2020\/06\/pumptrack-michal-\u010derven\u00fd-3.webp\",\"datePublished\":\"2020-07-11T08:00:06+00:00\",\"author\":{\"@id\":\"\"},\"inLanguage\":\"cs\",\"potentialAction\":[{\"@type\":\"ReadAction\",\"target\":[\"https:\/\/www.welovecycling.com\/cs\/2020\/07\/11\/s-jakym-kolem-vyrazit-na-pumptrack-idealni-je-pevne-kolo\/\"]}]},{\"@type\":\"ImageObject\",\"inLanguage\":\"cs\",\"@id\":\"https:\/\/www.welovecycling.com\/cs\/2020\/07\/11\/s-jakym-kolem-vyrazit-na-pumptrack-idealni-je-pevne-kolo\/#primaryimage\",\"url\":\"https:\/\/d2p6e6u75xmxt8.cloudfront.net\/13\/2020\/06\/pumptrack-michal-\u010derven\u00fd-3.webp\",\"contentUrl\":\"https:\/\/d2p6e6u75xmxt8.cloudfront.net\/13\/2020\/06\/pumptrack-michal-\u010derven\u00fd-3.webp\",\"width\":1600,\"height\":1067},{\"@type\":\"WebSite\",\"@id\":\"https:\/\/www.welovecycling.com\/cs\/#website\",\"url\":\"https:\/\/www.welovecycling.com\/cs\/\",\"name\":\"\u0160koda We Love Cycling - \u010cesk\u00e1 republika\",\"description\":\"WeLoveCycling.cz je online magaz\u00edn, kter\u00fd v\u00e1m pravideln\u011b p\u0159in\u00e1\u0161\u00ed rady a tipy, zaj\u00edmav\u00e9 \u010dl\u00e1nky, videa a jedine\u010dn\u00e9 report\u00e1\u017ee ze sv\u011bta cyklistiky.\",\"potentialAction\":[{\"@type\":\"SearchAction\",\"target\":{\"@type\":\"EntryPoint\",\"urlTemplate\":\"https:\/\/www.welovecycling.com\/cs\/?s={search_term_string}\"},\"query-input\":{\"@type\":\"PropertyValueSpecification\",\"valueRequired\":true,\"valueName\":\"search_term_string\"}}],\"inLanguage\":\"cs\"},{\"@type\":\"Person\",\"@id\":\"\",\"url\":\"https:\/\/www.welovecycling.com\/cs\/author\/\"}]}<\/script>\n<!-- \/ Yoast SEO Premium plugin. -->","yoast_head_json":{"title":"S\u00a0jak\u00fdm kolem vyrazit na pumptrack? Ide\u00e1ln\u00ed je pevn\u00e9 kolo | \u0160koda We Love Cycling - \u010cesk\u00e1 republika","robots":{"index":"index","follow":"follow","max-snippet":"max-snippet:-1","max-image-preview":"max-image-preview:large","max-video-preview":"max-video-preview:-1"},"canonical":"https:\/\/www.welovecycling.com\/cs\/2020\/07\/11\/s-jakym-kolem-vyrazit-na-pumptrack-idealni-je-pevne-kolo\/","og_locale":"cs_CZ","og_type":"article","og_title":"S\u00a0jak\u00fdm kolem vyrazit na pumptrack? Ide\u00e1ln\u00ed je pevn\u00e9 kolo","og_description":"Pumptrack, st\u00e1le popul\u00e1rn\u011bj\u0161\u00ed cyklistick\u00e1 discipl\u00edna, kde se na um\u011ble vytvo\u0159en\u00e9m okruhu s \u0159adou ter\u00e9nn\u00edch vln a zat\u00e1\u010dek ne\u0161lape a rychlost [&hellip;]","og_url":"https:\/\/www.welovecycling.com\/cs\/2020\/07\/11\/s-jakym-kolem-vyrazit-na-pumptrack-idealni-je-pevne-kolo\/","og_site_name":"\u0160koda We Love Cycling - \u010cesk\u00e1 republika","article_published_time":"2020-07-11T08:00:06+00:00","og_image":[{"width":1600,"height":1067,"url":"https:\/\/d2p6e6u75xmxt8.cloudfront.net\/13\/2020\/06\/pumptrack-michal-\u010derven\u00fd-3.webp","type":"image\/webp"}],"twitter_card":"summary_large_image","twitter_misc":{"Written by":"Jan Kr\u016fta","Est. reading time":"5"},"schema":{"@context":"https:\/\/schema.org","@graph":[{"@type":"WebPage","@id":"https:\/\/www.welovecycling.com\/cs\/2020\/07\/11\/s-jakym-kolem-vyrazit-na-pumptrack-idealni-je-pevne-kolo\/","url":"https:\/\/www.welovecycling.com\/cs\/2020\/07\/11\/s-jakym-kolem-vyrazit-na-pumptrack-idealni-je-pevne-kolo\/","name":"S\u00a0jak\u00fdm kolem vyrazit na pumptrack? Ide\u00e1ln\u00ed je pevn\u00e9 kolo | \u0160koda We Love Cycling - \u010cesk\u00e1 republika","isPartOf":{"@id":"https:\/\/www.welovecycling.com\/cs\/#website"},"primaryImageOfPage":{"@id":"https:\/\/www.welovecycling.com\/cs\/2020\/07\/11\/s-jakym-kolem-vyrazit-na-pumptrack-idealni-je-pevne-kolo\/#primaryimage"},"image":{"@id":"https:\/\/www.welovecycling.com\/cs\/2020\/07\/11\/s-jakym-kolem-vyrazit-na-pumptrack-idealni-je-pevne-kolo\/#primaryimage"},"thumbnailUrl":"https:\/\/d2p6e6u75xmxt8.cloudfront.net\/13\/2020\/06\/pumptrack-michal-\u010derven\u00fd-3.webp","datePublished":"2020-07-11T08:00:06+00:00","author":{"@id":""},"inLanguage":"cs","potentialAction":[{"@type":"ReadAction","target":["https:\/\/www.welovecycling.com\/cs\/2020\/07\/11\/s-jakym-kolem-vyrazit-na-pumptrack-idealni-je-pevne-kolo\/"]}]},{"@type":"ImageObject","inLanguage":"cs","@id":"https:\/\/www.welovecycling.com\/cs\/2020\/07\/11\/s-jakym-kolem-vyrazit-na-pumptrack-idealni-je-pevne-kolo\/#primaryimage","url":"https:\/\/d2p6e6u75xmxt8.cloudfront.net\/13\/2020\/06\/pumptrack-michal-\u010derven\u00fd-3.webp","contentUrl":"https:\/\/d2p6e6u75xmxt8.cloudfront.net\/13\/2020\/06\/pumptrack-michal-\u010derven\u00fd-3.webp","width":1600,"height":1067},{"@type":"WebSite","@id":"https:\/\/www.welovecycling.com\/cs\/#website","url":"https:\/\/www.welovecycling.com\/cs\/","name":"\u0160koda We Love Cycling - \u010cesk\u00e1 republika","description":"WeLoveCycling.cz je online magaz\u00edn, kter\u00fd v\u00e1m pravideln\u011b p\u0159in\u00e1\u0161\u00ed rady a tipy, zaj\u00edmav\u00e9 \u010dl\u00e1nky, videa a jedine\u010dn\u00e9 report\u00e1\u017ee ze sv\u011bta cyklistiky.","potentialAction":[{"@type":"SearchAction","target":{"@type":"EntryPoint","urlTemplate":"https:\/\/www.welovecycling.com\/cs\/?s={search_term_string}"},"query-input":{"@type":"PropertyValueSpecification","valueRequired":true,"valueName":"search_term_string"}}],"inLanguage":"cs"},{"@type":"Person","@id":"","url":"https:\/\/www.welovecycling.com\/cs\/author\/"}]}},"_links":{"self":[{"href":"https:\/\/www.welovecycling.com\/cs\/wp-json\/wp\/v2\/posts\/8564","targetHints":{"allow":["GET"]}}],"collection":[{"href":"https:\/\/www.welovecycling.com\/cs\/wp-json\/wp\/v2\/posts"}],"about":[{"href":"https:\/\/www.welovecycling.com\/cs\/wp-json\/wp\/v2\/types\/post"}],"author":[{"embeddable":true,"href":"https:\/\/www.welovecycling.com\/cs\/wp-json\/wp\/v2\/users\/122"}],"replies":[{"embeddable":true,"href":"https:\/\/www.welovecycling.com\/cs\/wp-json\/wp\/v2\/comments?post=8564"}],"version-history":[{"count":2,"href":"https:\/\/www.welovecycling.com\/cs\/wp-json\/wp\/v2\/posts\/8564\/revisions"}],"predecessor-version":[{"id":8571,"href":"https:\/\/www.welovecycling.com\/cs\/wp-json\/wp\/v2\/posts\/8564\/revisions\/8571"}],"wp:featuredmedia":[{"embeddable":true,"href":"https:\/\/www.welovecycling.com\/cs\/wp-json\/wp\/v2\/media\/7767"}],"wp:attachment":[{"href":"https:\/\/www.welovecycling.com\/cs\/wp-json\/wp\/v2\/media?parent=8564"}],"wp:term":[{"taxonomy":"category","embeddable":true,"href":"https:\/\/www.welovecycling.com\/cs\/wp-json\/wp\/v2\/categories?post=8564"},{"taxonomy":"post_tag","embeddable":true,"href":"https:\/\/www.welovecycling.com\/cs\/wp-json\/wp\/v2\/tags?post=8564"},{"taxonomy":"global-categories","embeddable":true,"href":"https:\/\/www.welovecycling.com\/cs\/wp-json\/wp\/v2\/global-categories?post=8564"}],"curies":[{"name":"wp","href":"https:\/\/api.w.org\/{rel}","templated":true}]}}