{"id":834,"date":"2019-03-20T13:43:06","date_gmt":"2019-03-20T12:43:06","guid":{"rendered":"https:\/\/www.welovecycling.com\/cs\/?p=834"},"modified":"2019-08-16T09:45:03","modified_gmt":"2019-08-16T07:45:03","slug":"na-kole-se-sluchatky-nebo-bez","status":"publish","type":"post","link":"https:\/\/www.welovecycling.com\/cs\/2019\/03\/20\/na-kole-se-sluchatky-nebo-bez\/","title":{"rendered":"Na kole se sluch\u00e1tky, nebo bez?"},"content":{"rendered":"<p><strong>Profesion\u00e1ln\u00ed cyklist\u00e9 u\u017e\u00edvaj\u00ed v\u00a0pelotonu vys\u00edla\u010dku. M\u011bli byste je kop\u00edrovat? Pod\u00edvejme se na argumenty pro no\u0161en\u00ed sluch\u00e1tek a argumenty, pro\u010d je vynechat.<\/strong><!--more--><\/p>\n<h2><strong>Zvuk je sou\u010d\u00e1sti z\u00e1\u017eitku<\/strong><\/h2>\n<p>Je letn\u00ed r\u00e1no, 6:00, a vy jste vyjeli na kole, abyste si sami u\u017eili proj\u00ed\u017e\u010fku. Zvuk va\u0161eho d\u00fdch\u00e1n\u00ed se slu\u010duje s jemn\u00fdm n\u00e1dechem \u010derstv\u011b vy\u010di\u0161t\u011bn\u00e9ho a znovu namazan\u00e9ho \u0159et\u011bzu, kter\u00fd je p\u0159eru\u0161ov\u00e1n ob\u010dasn\u00fdm p\u0159e\u0159azen\u00edm. Tento rann\u00ed sbor hraje jen pro v\u00e1s.<\/p>\n<lite-youtube videoid=6kQGpDSD_94 params=\"enablejsapi=1\" style=\"background-image: url('https:\/\/i.ytimg.com\/vi_webp\/6kQGpDSD_94\/maxresdefault.webp');\"><\/lite-youtube>\n<p>Rafovo video by z\u0159ejm\u011b vypadalo l\u00e9pe bez zbyte\u010dn\u00e9ho klav\u00edrn\u00edho motivu &#8211; p\u0159esto si v\u0161ak tento po\u010din zaslou\u017e\u00ed ocen\u011bn\u00ed. J\u00edzda na kole zn\u00ed dob\u0159e a stoj\u00ed za to vn\u00edmat ty magick\u00e9 okam\u017eiky, kdy usly\u0161\u00edte rytmus j\u00edzdy t\u00e9m\u011b\u0159 stejn\u011b, jako byste ji c\u00edtili. Proto \u0159\u00edk\u00e1me: <em>\u201eSluch\u00e1tka pry\u010d.\u201c<\/em><\/p>\n<h2><strong>Poslech v\u00e1s udr\u017e\u00ed v bezpe\u010d\u00ed<\/strong><\/h2>\n<p>Dal\u0161\u00edm argumentem pro vynech\u00e1n\u00ed sluch\u00e1tek je, \u017ee v\u00e1s udr\u017e\u00ed v bezpe\u010d\u00ed. Pokud jezd\u00edte na kole ve m\u011bst\u011b, m\u011bli byste poslouchat, co se d\u011bje kolem v\u00e1s. Nach\u00e1z\u00edte se toti\u017e v\u00a0jin\u00e9 situaci ne\u017e \u0159idi\u010di usazen\u00ed v\u00a0modern\u00edch autech. Ti jsou chr\u00e1n\u011bni sv\u00fdmi vozy. Pro\u010d tedy riskovat?<\/p>\n<p>https:\/\/www.youtube.com\/watch?v=j4A-w5HkrZA<\/p>\n<p>Pearl Izumi tvrd\u00ed, \u017ee poslech hudby p\u0159i j\u00edzd\u011b na kole m\u016f\u017ee zpomalit reakci a tak\u00e9 sn\u00ed\u017eit pov\u011bdom\u00ed o bl\u00ed\u017e\u00edc\u00edch se autech. Tak jako je nebezpe\u010dn\u00e9 ned\u00e1vat pozor p\u0159i \u0159\u00edzen\u00ed auta, je stejn\u011b nebezpe\u010dn\u00e9 b\u00fdt rozptylov\u00e1n p\u0159i j\u00edzd\u011b na kole. Proti tomu je t\u011b\u017ek\u00e9 argumentovat.<\/p>\n<h2><strong>Udr\u017eov\u00e1n\u00ed kontaktu<\/strong><\/h2>\n<p>Osobn\u011b pat\u0159\u00edm mezi ty, kte\u0159\u00ed nemohou hudbu p\u0159i j\u00edzd\u011b poslouchat &#8211; m\u00e1m toti\u017e tendenci \u0161lapat do rytmu hudby, co\u017e je n\u011bkdy dost vysiluj\u00edc\u00ed. Proti j\u00edzd\u011b se sluch\u00e1tky v\u0161ak nic nem\u00e1m. P\u0159esto\u017ee m\u011b sluch\u00e1tka vyru\u0161uj\u00ed, m\u00e1m je v\u00a0z\u00e1sad\u011b r\u00e1d a vid\u00edm na nich i pozitiva. Nap\u0159\u00edklad pokud mi zavol\u00e1 moje \u017eena, jsem se sluch\u00e1tky schopen s\u00a0n\u00ed mluvit.<\/p>\n<lite-youtube videoid=dmZ7wTciFj0 params=\"enablejsapi=1\" style=\"background-image: url('https:\/\/i.ytimg.com\/vi_webp\/dmZ7wTciFj0\/maxresdefault.webp');\"><\/lite-youtube>\n<p>Souhlas\u00edm s t\u00edm, \u017ee sluch\u00e1tka mohou omezit m\u00e9 vn\u00edm\u00e1n\u00ed, tak\u017ee si d\u00e1v\u00e1m v\u011bt\u0161\u00ed pozor, abych si v\u0161\u00edmal sv\u00e9ho okol\u00ed. Sluch ale nen\u00ed v\u0161e. \u00a0I bez n\u011bj je mo\u017eno tr\u00e9novat a u\u017e\u00edvat si cyklistiky. Copak nesly\u0161\u00edc\u00ed nemohou \u0159\u00eddit auto?<\/p>\n<h2><strong>Cyklistika p\u0159edstavuje riziko pro v\u00e1\u0161 sluch<\/strong><\/h2>\n<p>Hluk v\u011btru se m\u016f\u017ee zvy\u0161ovat \u00fam\u011brn\u011b s rychlost\u00ed &#8211; p\u0159i pouh\u00fdch 15 km\/h vn\u00edm\u00e1te neuv\u011b\u0159iteln\u00fdch 85 decibel\u016f hluku v\u011btru. P\u0159i j\u00edzd\u011b v\u00a0protiv\u011btru je pak zvukov\u00fd efekt je\u0161t\u011b vy\u0161\u0161\u00ed. Pro va\u0161i lep\u0161\u00ed p\u0159edstavu je to p\u0159ibli\u017en\u011b stejn\u00fd zvuk jako hluk zapnut\u00e9ho mix\u00e9ru nebo \u0159ev motor\u016f p\u0159i p\u0159ist\u00e1n\u00ed Boeingu 737 vzd\u00e1len\u00e9ho jednu m\u00edli.<\/p>\n<p>https:\/\/www.youtube.com\/watch?v=1XUovxiTpVA<\/p>\n<p>Decibely stoupaj\u00ed p\u0159\u00edmou \u00fam\u011brou rychlosti, s\u00a0jakou jedete na kole. A\u0165 u\u017e se rozhodnete pro j\u00edzdu se sluch\u00e1tky \u010di bez nich, z\u016fsta\u0148te v bezpe\u010d\u00ed &#8211; a dbejte na sv\u00e9 zdrav\u00ed.<\/p>\n","protected":false},"excerpt":{"rendered":"<p>Profesion\u00e1ln\u00ed cyklist\u00e9 u\u017e\u00edvaj\u00ed v\u00a0pelotonu vys\u00edla\u010dku. M\u011bli byste je kop\u00edrovat? Pod\u00edvejme se na argumenty pro no\u0161en\u00ed sluch\u00e1tek a argumenty, pro\u010d je [&hellip;]<\/p>\n","protected":false},"author":95,"featured_media":839,"comment_status":"open","ping_status":"open","sticky":false,"template":"","format":"standard","meta":{"footnotes":""},"categories":[1,244],"tags":[13,104],"global-categories":[],"class_list":["post-834","post","type-post","status-publish","format-standard","has-post-thumbnail","hentry","category-bezpecnost","category-safety","tag-bezpecnost","tag-sluchatka"],"yoast_head":"<!-- This site is optimized with the Yoast SEO Premium plugin v25.3 (Yoast SEO v25.9) - https:\/\/yoast.com\/wordpress\/plugins\/seo\/ -->\n<title>Na kole se sluch\u00e1tky, nebo bez? | \u0160koda We Love Cycling - \u010cesk\u00e1 republika<\/title>\n<meta name=\"robots\" content=\"index, follow, max-snippet:-1, max-image-preview:large, max-video-preview:-1\" \/>\n<link rel=\"canonical\" href=\"https:\/\/www.welovecycling.com\/cs\/2019\/03\/20\/na-kole-se-sluchatky-nebo-bez\/\" \/>\n<meta property=\"og:locale\" content=\"cs_CZ\" \/>\n<meta property=\"og:type\" content=\"article\" \/>\n<meta property=\"og:title\" content=\"Na kole se sluch\u00e1tky, nebo bez?\" \/>\n<meta property=\"og:description\" content=\"Profesion\u00e1ln\u00ed cyklist\u00e9 u\u017e\u00edvaj\u00ed v\u00a0pelotonu vys\u00edla\u010dku. M\u011bli byste je kop\u00edrovat? Pod\u00edvejme se na argumenty pro no\u0161en\u00ed sluch\u00e1tek a argumenty, pro\u010d je [&hellip;]\" \/>\n<meta property=\"og:url\" content=\"https:\/\/www.welovecycling.com\/cs\/2019\/03\/20\/na-kole-se-sluchatky-nebo-bez\/\" \/>\n<meta property=\"og:site_name\" content=\"\u0160koda We Love Cycling - \u010cesk\u00e1 republika\" \/>\n<meta property=\"article:published_time\" content=\"2019-03-20T12:43:06+00:00\" \/>\n<meta property=\"article:modified_time\" content=\"2019-08-16T07:45:03+00:00\" \/>\n<meta property=\"og:image\" content=\"https:\/\/d2p6e6u75xmxt8.cloudfront.net\/13\/2019\/03\/Headphones-profimedia-03163753951.webp\" \/>\n\t<meta property=\"og:image:width\" content=\"1366\" \/>\n\t<meta property=\"og:image:height\" content=\"600\" \/>\n\t<meta property=\"og:image:type\" content=\"image\/webp\" \/>\n<meta name=\"twitter:card\" content=\"summary_large_image\" \/>\n<meta name=\"twitter:label1\" content=\"Written by\" \/>\n\t<meta name=\"twitter:data1\" content=\"Christopher Ashley\" \/>\n\t<meta name=\"twitter:label2\" content=\"Est. reading time\" \/>\n\t<meta name=\"twitter:data2\" content=\"5\" \/>\n<script type=\"application\/ld+json\" class=\"yoast-schema-graph\">{\"@context\":\"https:\/\/schema.org\",\"@graph\":[{\"@type\":\"WebPage\",\"@id\":\"https:\/\/www.welovecycling.com\/cs\/2019\/03\/20\/na-kole-se-sluchatky-nebo-bez\/\",\"url\":\"https:\/\/www.welovecycling.com\/cs\/2019\/03\/20\/na-kole-se-sluchatky-nebo-bez\/\",\"name\":\"Na kole se sluch\u00e1tky, nebo bez? | \u0160koda We Love Cycling - \u010cesk\u00e1 republika\",\"isPartOf\":{\"@id\":\"https:\/\/www.welovecycling.com\/cs\/#website\"},\"primaryImageOfPage\":{\"@id\":\"https:\/\/www.welovecycling.com\/cs\/2019\/03\/20\/na-kole-se-sluchatky-nebo-bez\/#primaryimage\"},\"image\":{\"@id\":\"https:\/\/www.welovecycling.com\/cs\/2019\/03\/20\/na-kole-se-sluchatky-nebo-bez\/#primaryimage\"},\"thumbnailUrl\":\"https:\/\/d2p6e6u75xmxt8.cloudfront.net\/13\/2019\/03\/Headphones-profimedia-03163753951.webp\",\"datePublished\":\"2019-03-20T12:43:06+00:00\",\"dateModified\":\"2019-08-16T07:45:03+00:00\",\"author\":{\"@id\":\"\"},\"inLanguage\":\"cs\",\"potentialAction\":[{\"@type\":\"ReadAction\",\"target\":[\"https:\/\/www.welovecycling.com\/cs\/2019\/03\/20\/na-kole-se-sluchatky-nebo-bez\/\"]}]},{\"@type\":\"ImageObject\",\"inLanguage\":\"cs\",\"@id\":\"https:\/\/www.welovecycling.com\/cs\/2019\/03\/20\/na-kole-se-sluchatky-nebo-bez\/#primaryimage\",\"url\":\"https:\/\/d2p6e6u75xmxt8.cloudfront.net\/13\/2019\/03\/Headphones-profimedia-03163753951.webp\",\"contentUrl\":\"https:\/\/d2p6e6u75xmxt8.cloudfront.net\/13\/2019\/03\/Headphones-profimedia-03163753951.webp\",\"width\":1366,\"height\":600},{\"@type\":\"WebSite\",\"@id\":\"https:\/\/www.welovecycling.com\/cs\/#website\",\"url\":\"https:\/\/www.welovecycling.com\/cs\/\",\"name\":\"\u0160koda We Love Cycling - \u010cesk\u00e1 republika\",\"description\":\"WeLoveCycling.cz je online magaz\u00edn, kter\u00fd v\u00e1m pravideln\u011b p\u0159in\u00e1\u0161\u00ed rady a tipy, zaj\u00edmav\u00e9 \u010dl\u00e1nky, videa a jedine\u010dn\u00e9 report\u00e1\u017ee ze sv\u011bta cyklistiky.\",\"potentialAction\":[{\"@type\":\"SearchAction\",\"target\":{\"@type\":\"EntryPoint\",\"urlTemplate\":\"https:\/\/www.welovecycling.com\/cs\/?s={search_term_string}\"},\"query-input\":{\"@type\":\"PropertyValueSpecification\",\"valueRequired\":true,\"valueName\":\"search_term_string\"}}],\"inLanguage\":\"cs\"},{\"@type\":\"Person\",\"@id\":\"\",\"url\":\"https:\/\/www.welovecycling.com\/cs\/author\/\"}]}<\/script>\n<!-- \/ Yoast SEO Premium plugin. -->","yoast_head_json":{"title":"Na kole se sluch\u00e1tky, nebo bez? | \u0160koda We Love Cycling - \u010cesk\u00e1 republika","robots":{"index":"index","follow":"follow","max-snippet":"max-snippet:-1","max-image-preview":"max-image-preview:large","max-video-preview":"max-video-preview:-1"},"canonical":"https:\/\/www.welovecycling.com\/cs\/2019\/03\/20\/na-kole-se-sluchatky-nebo-bez\/","og_locale":"cs_CZ","og_type":"article","og_title":"Na kole se sluch\u00e1tky, nebo bez?","og_description":"Profesion\u00e1ln\u00ed cyklist\u00e9 u\u017e\u00edvaj\u00ed v\u00a0pelotonu vys\u00edla\u010dku. M\u011bli byste je kop\u00edrovat? Pod\u00edvejme se na argumenty pro no\u0161en\u00ed sluch\u00e1tek a argumenty, pro\u010d je [&hellip;]","og_url":"https:\/\/www.welovecycling.com\/cs\/2019\/03\/20\/na-kole-se-sluchatky-nebo-bez\/","og_site_name":"\u0160koda We Love Cycling - \u010cesk\u00e1 republika","article_published_time":"2019-03-20T12:43:06+00:00","article_modified_time":"2019-08-16T07:45:03+00:00","og_image":[{"width":1366,"height":600,"url":"https:\/\/d2p6e6u75xmxt8.cloudfront.net\/13\/2019\/03\/Headphones-profimedia-03163753951.webp","type":"image\/webp"}],"twitter_card":"summary_large_image","twitter_misc":{"Written by":"Christopher Ashley","Est. reading time":"5"},"schema":{"@context":"https:\/\/schema.org","@graph":[{"@type":"WebPage","@id":"https:\/\/www.welovecycling.com\/cs\/2019\/03\/20\/na-kole-se-sluchatky-nebo-bez\/","url":"https:\/\/www.welovecycling.com\/cs\/2019\/03\/20\/na-kole-se-sluchatky-nebo-bez\/","name":"Na kole se sluch\u00e1tky, nebo bez? | \u0160koda We Love Cycling - \u010cesk\u00e1 republika","isPartOf":{"@id":"https:\/\/www.welovecycling.com\/cs\/#website"},"primaryImageOfPage":{"@id":"https:\/\/www.welovecycling.com\/cs\/2019\/03\/20\/na-kole-se-sluchatky-nebo-bez\/#primaryimage"},"image":{"@id":"https:\/\/www.welovecycling.com\/cs\/2019\/03\/20\/na-kole-se-sluchatky-nebo-bez\/#primaryimage"},"thumbnailUrl":"https:\/\/d2p6e6u75xmxt8.cloudfront.net\/13\/2019\/03\/Headphones-profimedia-03163753951.webp","datePublished":"2019-03-20T12:43:06+00:00","dateModified":"2019-08-16T07:45:03+00:00","author":{"@id":""},"inLanguage":"cs","potentialAction":[{"@type":"ReadAction","target":["https:\/\/www.welovecycling.com\/cs\/2019\/03\/20\/na-kole-se-sluchatky-nebo-bez\/"]}]},{"@type":"ImageObject","inLanguage":"cs","@id":"https:\/\/www.welovecycling.com\/cs\/2019\/03\/20\/na-kole-se-sluchatky-nebo-bez\/#primaryimage","url":"https:\/\/d2p6e6u75xmxt8.cloudfront.net\/13\/2019\/03\/Headphones-profimedia-03163753951.webp","contentUrl":"https:\/\/d2p6e6u75xmxt8.cloudfront.net\/13\/2019\/03\/Headphones-profimedia-03163753951.webp","width":1366,"height":600},{"@type":"WebSite","@id":"https:\/\/www.welovecycling.com\/cs\/#website","url":"https:\/\/www.welovecycling.com\/cs\/","name":"\u0160koda We Love Cycling - \u010cesk\u00e1 republika","description":"WeLoveCycling.cz je online magaz\u00edn, kter\u00fd v\u00e1m pravideln\u011b p\u0159in\u00e1\u0161\u00ed rady a tipy, zaj\u00edmav\u00e9 \u010dl\u00e1nky, videa a jedine\u010dn\u00e9 report\u00e1\u017ee ze sv\u011bta cyklistiky.","potentialAction":[{"@type":"SearchAction","target":{"@type":"EntryPoint","urlTemplate":"https:\/\/www.welovecycling.com\/cs\/?s={search_term_string}"},"query-input":{"@type":"PropertyValueSpecification","valueRequired":true,"valueName":"search_term_string"}}],"inLanguage":"cs"},{"@type":"Person","@id":"","url":"https:\/\/www.welovecycling.com\/cs\/author\/"}]}},"_links":{"self":[{"href":"https:\/\/www.welovecycling.com\/cs\/wp-json\/wp\/v2\/posts\/834","targetHints":{"allow":["GET"]}}],"collection":[{"href":"https:\/\/www.welovecycling.com\/cs\/wp-json\/wp\/v2\/posts"}],"about":[{"href":"https:\/\/www.welovecycling.com\/cs\/wp-json\/wp\/v2\/types\/post"}],"author":[{"embeddable":true,"href":"https:\/\/www.welovecycling.com\/cs\/wp-json\/wp\/v2\/users\/95"}],"replies":[{"embeddable":true,"href":"https:\/\/www.welovecycling.com\/cs\/wp-json\/wp\/v2\/comments?post=834"}],"version-history":[{"count":1,"href":"https:\/\/www.welovecycling.com\/cs\/wp-json\/wp\/v2\/posts\/834\/revisions"}],"predecessor-version":[{"id":840,"href":"https:\/\/www.welovecycling.com\/cs\/wp-json\/wp\/v2\/posts\/834\/revisions\/840"}],"wp:featuredmedia":[{"embeddable":true,"href":"https:\/\/www.welovecycling.com\/cs\/wp-json\/wp\/v2\/media\/839"}],"wp:attachment":[{"href":"https:\/\/www.welovecycling.com\/cs\/wp-json\/wp\/v2\/media?parent=834"}],"wp:term":[{"taxonomy":"category","embeddable":true,"href":"https:\/\/www.welovecycling.com\/cs\/wp-json\/wp\/v2\/categories?post=834"},{"taxonomy":"post_tag","embeddable":true,"href":"https:\/\/www.welovecycling.com\/cs\/wp-json\/wp\/v2\/tags?post=834"},{"taxonomy":"global-categories","embeddable":true,"href":"https:\/\/www.welovecycling.com\/cs\/wp-json\/wp\/v2\/global-categories?post=834"}],"curies":[{"name":"wp","href":"https:\/\/api.w.org\/{rel}","templated":true}]}}