{"id":828,"date":"2019-03-19T21:05:22","date_gmt":"2019-03-19T20:05:22","guid":{"rendered":"https:\/\/www.welovecycling.com\/cs\/?p=828"},"modified":"2019-03-19T21:05:22","modified_gmt":"2019-03-19T20:05:22","slug":"tirreno-a-pariz-nice-vitezstvi-pro-roglice-a-bernala","status":"publish","type":"post","link":"https:\/\/www.welovecycling.com\/cs\/2019\/03\/19\/tirreno-a-pariz-nice-vitezstvi-pro-roglice-a-bernala\/","title":{"rendered":"Tirreno a Pa\u0159\u00ed\u017e-Nice: v\u00edt\u011bzstv\u00ed pro Rogli\u010de a Bernala"},"content":{"rendered":"<p><strong>Dva nejv\u011bt\u0161\u00ed etapov\u00e9 z\u00e1vody prvn\u00ed \u010d\u00e1sti sez\u00f3ny znaj\u00ed sv\u00e9 v\u00edt\u011bze. Nesm\u00edrn\u011b dramatickou bitvu o v\u00edt\u011bze 54. ro\u010dn\u00edku Tirreno-Adriatico vyhr\u00e1l Slovinec Primo\u017e Rogli\u010d (Jumbo-Visma), z\u00e1vod Pa\u0159\u00ed\u017e-Nice ovl\u00e1dl p\u0159esv\u011bd\u010div\u011b kolumbijsk\u00fd mlad\u00edk z\u00a0t\u00fdmu Sky Egan Bernal.<\/strong><\/p>\n<p><!--more--><\/p>\n<p>Na Tirrenu, kter\u00e9 kon\u010dilo v\u00a0\u00fater\u00fd, to bylo drama a\u017e do posledn\u00edho minuty. P\u0159ed z\u00e1v\u011bre\u010dnou \u010dasovkou na 10 km v San Benedetto del Tronto vedl Brit Adam Yates (Mitchelton-Scott) o 25 vte\u0159in p\u0159ed Rogli\u010dem.<\/p>\n<h2><strong>Z\u00a0ly\u017ea\u0159sk\u00fdch v\u00fd\u0161in mezi cyklistickou \u0161pi\u010dku<\/strong><\/h2>\n<p>Slovinec v\u0161ak potvrdil pov\u011bst velmi dobr\u00e9ho \u010dasovk\u00e1\u0159e a na Yatese dok\u00e1zal najet 26 sekund. V\u00a0celkov\u00e9m po\u0159ad\u00ed to znamenalo jeho celkov\u00e9 v\u00edt\u011bzstv\u00ed s\u00a0n\u00e1skokem jedin\u00e9 vte\u0159iny!<\/p>\n<p><em>\u201eNem\u016f\u017eu tomu uv\u011b\u0159it. T\u011b\u017eko m\u016f\u017eu popsat svoje pocity,\u201c <\/em>uvedl 29let\u00fd Rogli\u010d.<em> \u201eBylo to velmi t\u011bsn\u00e9, ale n\u011bkdy pot\u0159ebujete i \u0161t\u011bst\u00ed. Jedin\u00e1 taktika byla jet naplno a \u010dekat, na co to bude sta\u010dit,\u201c<\/em> prozradil Slovinec, kter\u00fd skon\u010dil v\u00a0\u010dasovce 11. se ztr\u00e1tou 13 sekund na v\u00edt\u011bzn\u00e9ho Belgi\u010dana Victora Campenaertse.<\/p>\n<p>Slovinsk\u00fd v\u00edt\u011bz Tirrena je juniorsk\u00fdm mistrem sv\u011bta ve skoc\u00edch na ly\u017e\u00edch z\u00a0roku 2007, cyklistice se v\u011bnuje a\u017e od roku 2013. Ale ve sv\u011bt\u011b kol se rychle zabydlel. Dnes je to specialista na velk\u00e9 etapov\u00e9 z\u00e1vody.<\/p>\n<h2><strong>Dva \u010ce\u0161i v pelotonu<\/strong><\/h2>\n<p>Rogli\u010d um\u00ed v\u00fdborn\u011b \u010dasovky, neskute\u010dn\u011b se zlep\u0161il v\u00a0kopc\u00edch. Vloni skon\u010dil \u010dtvrt\u00fd na Tour de France, letos u\u017e vyhr\u00e1l z\u00e1vod UAE Tour ve Spojen\u00fdch arabsk\u00fdch emir\u00e1tech. A vypad\u00e1 to, \u017ee je skv\u011ble p\u0159ipraven na vrcholy sez\u00f3ny. M\u00e1 jet Giro i Tour.<\/p>\n<p><em>\u201eOb\u011b v\u00edt\u011bzstv\u00ed mi dodala sebev\u011bdom\u00ed sm\u011brem k\u00a0Giru. Jsem py\u0161n\u00fd, co jsme tady s\u00a0t\u00fdmem uk\u00e1zali. Bez koleg\u016f z\u00a0t\u00fdmu bych nic nedok\u00e1zal, moc mi pom\u00e1hali,\u201c<\/em> \u0159ekl Rogli\u010d.<\/p>\n<figure id=\"attachment_829\" aria-describedby=\"caption-attachment-829\" style=\"width: 800px\" class=\"wp-caption alignnone\"><a href=\"https:\/\/d2p6e6u75xmxt8.cloudfront.net\/13\/2019\/03\/foto-roglic-k-tirrenu.jpg\"><img loading=\"lazy\" decoding=\"async\" class=\"size-full wp-image-829\" src=\"https:\/\/d2p6e6u75xmxt8.cloudfront.net\/13\/2019\/03\/foto-roglic-k-tirrenu.jpg\" alt=\"\" width=\"800\" height=\"533\" \/><\/a><figcaption id=\"caption-attachment-829\" class=\"wp-caption-text\">Primo\u017e Rogli\u010d, Tirreno-Adriatico. Foto: Cor Vos<\/figcaption><\/figure>\n<p>Na Tirrenu startovali i dva \u010ce\u0161i &#8211; Zden\u011bk \u0160tybar (Deceuninck-Quick Step) a Roman Kreuziger (Dimension Data). Roman obsadil 27. m\u00edsto, Zden\u011bk byl 36. V\u00edce d\u016fvod\u016f k\u00a0radosti m\u011bl druh\u00fd jmenovan\u00fd, proto\u017ee jeho t\u00fdm z\u00e1\u0159il a vyhr\u00e1l hned t\u0159i etapy (dv\u011b Alaphilippe, jednu Viviani).<\/p>\n<h2><strong>V\u00a0re\u017eii Kolumbijc\u016f<\/strong><\/h2>\n<p>Kolumbij\u0161t\u00ed cyklist\u00e9 si podmanili 77. ro\u010dn\u00edk z\u00e1vodu Pa\u0159\u00ed\u017e-Nice. V\u00edt\u011bzstv\u00ed slavil 22let\u00fd Egan Bernal z\u00a0t\u00fdmu Sky p\u0159ed zku\u0161en\u011bj\u0161\u00edm a slavn\u011bj\u0161\u00edm krajanem Nairem Quintanou z\u00a0Movistaru. Toho v\u00a0celkov\u00e9 klasifikaci porazil o 39 vte\u0159in.<\/p>\n<p><em>\u201eJe to m\u011b neskute\u010dn\u00fd v\u00fdsledek,\u201c<\/em> \u0159\u00edkal Bernal. Nevyhr\u00e1l ani jednu etapu, ale p\u0159ed z\u00e1v\u011bre\u010dn\u00fdmi dv\u011bma horsk\u00fdmi prov\u011brkami m\u011bl z\u00a0favorit\u016f nejlep\u0161\u00ed v\u00fdchoz\u00ed pozici. \u017dlut\u00fd dres l\u00eddra obl\u00e9kl v\u00a0sobotu po dojezdu na vrchol Col de Turini.<\/p>\n<figure id=\"attachment_825\" aria-describedby=\"caption-attachment-825\" style=\"width: 1024px\" class=\"wp-caption alignnone\"><a href=\"https:\/\/d2p6e6u75xmxt8.cloudfront.net\/13\/2019\/03\/Bernal-profimedia-0420153496.jpg\"><img loading=\"lazy\" decoding=\"async\" class=\"size-large wp-image-825\" src=\"https:\/\/d2p6e6u75xmxt8.cloudfront.net\/13\/2019\/03\/Bernal-profimedia-0420153496-1024x682.jpg\" alt=\"\" width=\"1024\" height=\"682\" \/><\/a><figcaption id=\"caption-attachment-825\" class=\"wp-caption-text\">Kolumbijec Egan Bernal slav\u00ed sv\u00e9 v\u00edt\u011bzstv\u00ed v klasice Pa\u0159\u00ed\u017e-Nice. Foto: Profimedia, AFP<\/figcaption><\/figure>\n<p>Bernal potvrdil, \u017ee role l\u00eddra na leto\u0161n\u00edm Giru, kterou mu ve Sky sv\u011b\u0159ili, rozhodn\u011b nebyla \u017e\u00e1dn\u00fdm ukvapen\u00fdm rozhodnut\u00edm. \u201ePa\u0159\u00ed\u017e-Nice je jeden z nejv\u011bt\u0161\u00edch z\u00e1vod\u016f sv\u011bta a byla tu skv\u011bl\u00e1 konkurence. Dokonale n\u00e1m to vy\u0161lo z\u00a0t\u00fdmov\u00e9ho pohledu a je to dobr\u00e9 znamen\u00ed. Moc si tohoto v\u00fdsledku v\u00e1\u017e\u00edm,\u201c dodal Bernal po \u017eivotn\u00edm triumfu.<\/p>\n","protected":false},"excerpt":{"rendered":"<p>Dva nejv\u011bt\u0161\u00ed etapov\u00e9 z\u00e1vody prvn\u00ed \u010d\u00e1sti sez\u00f3ny znaj\u00ed sv\u00e9 v\u00edt\u011bze. Nesm\u00edrn\u011b dramatickou bitvu o v\u00edt\u011bze 54. ro\u010dn\u00edku Tirreno-Adriatico vyhr\u00e1l Slovinec [&hellip;]<\/p>\n","protected":false},"author":95,"featured_media":827,"comment_status":"open","ping_status":"open","sticky":false,"template":"","format":"standard","meta":{"footnotes":""},"categories":[10],"tags":[103,101,102,92,9,100,73],"global-categories":[],"class_list":["post-828","post","type-post","status-publish","format-standard","has-post-thumbnail","hentry","category-silnicni-cyklistika","tag-egan-bernal","tag-pariz-nice","tag-primoz-roglic","tag-roman-kreuziger","tag-silnicni-cyklistika","tag-tirreno-adriatico","tag-zdenek-stybar"],"yoast_head":"<!-- This site is optimized with the Yoast SEO Premium plugin v25.3 (Yoast SEO v25.9) - https:\/\/yoast.com\/wordpress\/plugins\/seo\/ -->\n<title>Tirreno a Pa\u0159\u00ed\u017e-Nice: v\u00edt\u011bzstv\u00ed pro Rogli\u010de a Bernala | \u0160koda We Love Cycling - \u010cesk\u00e1 republika<\/title>\n<meta name=\"robots\" content=\"index, follow, max-snippet:-1, max-image-preview:large, max-video-preview:-1\" \/>\n<link rel=\"canonical\" href=\"https:\/\/www.welovecycling.com\/cs\/2019\/03\/19\/tirreno-a-pariz-nice-vitezstvi-pro-roglice-a-bernala\/\" \/>\n<meta property=\"og:locale\" content=\"cs_CZ\" \/>\n<meta property=\"og:type\" content=\"article\" \/>\n<meta property=\"og:title\" content=\"Tirreno a Pa\u0159\u00ed\u017e-Nice: v\u00edt\u011bzstv\u00ed pro Rogli\u010de a Bernala\" \/>\n<meta property=\"og:description\" content=\"Dva nejv\u011bt\u0161\u00ed etapov\u00e9 z\u00e1vody prvn\u00ed \u010d\u00e1sti sez\u00f3ny znaj\u00ed sv\u00e9 v\u00edt\u011bze. Nesm\u00edrn\u011b dramatickou bitvu o v\u00edt\u011bze 54. ro\u010dn\u00edku Tirreno-Adriatico vyhr\u00e1l Slovinec [&hellip;]\" \/>\n<meta property=\"og:url\" content=\"https:\/\/www.welovecycling.com\/cs\/2019\/03\/19\/tirreno-a-pariz-nice-vitezstvi-pro-roglice-a-bernala\/\" \/>\n<meta property=\"og:site_name\" content=\"\u0160koda We Love Cycling - \u010cesk\u00e1 republika\" \/>\n<meta property=\"article:published_time\" content=\"2019-03-19T20:05:22+00:00\" \/>\n<meta property=\"og:image\" content=\"https:\/\/d2p6e6u75xmxt8.cloudfront.net\/13\/2019\/03\/Bernal-profimedia-0420157820.webp\" \/>\n\t<meta property=\"og:image:width\" content=\"1366\" \/>\n\t<meta property=\"og:image:height\" content=\"600\" \/>\n\t<meta property=\"og:image:type\" content=\"image\/webp\" \/>\n<meta name=\"twitter:card\" content=\"summary_large_image\" \/>\n<meta name=\"twitter:label1\" content=\"Written by\" \/>\n\t<meta name=\"twitter:data1\" content=\"Jan Kr\u016fta\" \/>\n\t<meta name=\"twitter:label2\" content=\"Est. reading time\" \/>\n\t<meta name=\"twitter:data2\" content=\"4\" \/>\n<script type=\"application\/ld+json\" class=\"yoast-schema-graph\">{\"@context\":\"https:\/\/schema.org\",\"@graph\":[{\"@type\":\"WebPage\",\"@id\":\"https:\/\/www.welovecycling.com\/cs\/2019\/03\/19\/tirreno-a-pariz-nice-vitezstvi-pro-roglice-a-bernala\/\",\"url\":\"https:\/\/www.welovecycling.com\/cs\/2019\/03\/19\/tirreno-a-pariz-nice-vitezstvi-pro-roglice-a-bernala\/\",\"name\":\"Tirreno a Pa\u0159\u00ed\u017e-Nice: v\u00edt\u011bzstv\u00ed pro Rogli\u010de a Bernala | \u0160koda We Love Cycling - \u010cesk\u00e1 republika\",\"isPartOf\":{\"@id\":\"https:\/\/www.welovecycling.com\/cs\/#website\"},\"primaryImageOfPage\":{\"@id\":\"https:\/\/www.welovecycling.com\/cs\/2019\/03\/19\/tirreno-a-pariz-nice-vitezstvi-pro-roglice-a-bernala\/#primaryimage\"},\"image\":{\"@id\":\"https:\/\/www.welovecycling.com\/cs\/2019\/03\/19\/tirreno-a-pariz-nice-vitezstvi-pro-roglice-a-bernala\/#primaryimage\"},\"thumbnailUrl\":\"https:\/\/d2p6e6u75xmxt8.cloudfront.net\/13\/2019\/03\/Bernal-profimedia-0420157820.webp\",\"datePublished\":\"2019-03-19T20:05:22+00:00\",\"author\":{\"@id\":\"\"},\"inLanguage\":\"cs\",\"potentialAction\":[{\"@type\":\"ReadAction\",\"target\":[\"https:\/\/www.welovecycling.com\/cs\/2019\/03\/19\/tirreno-a-pariz-nice-vitezstvi-pro-roglice-a-bernala\/\"]}]},{\"@type\":\"ImageObject\",\"inLanguage\":\"cs\",\"@id\":\"https:\/\/www.welovecycling.com\/cs\/2019\/03\/19\/tirreno-a-pariz-nice-vitezstvi-pro-roglice-a-bernala\/#primaryimage\",\"url\":\"https:\/\/d2p6e6u75xmxt8.cloudfront.net\/13\/2019\/03\/Bernal-profimedia-0420157820.webp\",\"contentUrl\":\"https:\/\/d2p6e6u75xmxt8.cloudfront.net\/13\/2019\/03\/Bernal-profimedia-0420157820.webp\",\"width\":1366,\"height\":600},{\"@type\":\"WebSite\",\"@id\":\"https:\/\/www.welovecycling.com\/cs\/#website\",\"url\":\"https:\/\/www.welovecycling.com\/cs\/\",\"name\":\"\u0160koda We Love Cycling - \u010cesk\u00e1 republika\",\"description\":\"WeLoveCycling.cz je online magaz\u00edn, kter\u00fd v\u00e1m pravideln\u011b p\u0159in\u00e1\u0161\u00ed rady a tipy, zaj\u00edmav\u00e9 \u010dl\u00e1nky, videa a jedine\u010dn\u00e9 report\u00e1\u017ee ze sv\u011bta cyklistiky.\",\"potentialAction\":[{\"@type\":\"SearchAction\",\"target\":{\"@type\":\"EntryPoint\",\"urlTemplate\":\"https:\/\/www.welovecycling.com\/cs\/?s={search_term_string}\"},\"query-input\":{\"@type\":\"PropertyValueSpecification\",\"valueRequired\":true,\"valueName\":\"search_term_string\"}}],\"inLanguage\":\"cs\"},{\"@type\":\"Person\",\"@id\":\"\",\"url\":\"https:\/\/www.welovecycling.com\/cs\/author\/\"}]}<\/script>\n<!-- \/ Yoast SEO Premium plugin. -->","yoast_head_json":{"title":"Tirreno a Pa\u0159\u00ed\u017e-Nice: v\u00edt\u011bzstv\u00ed pro Rogli\u010de a Bernala | \u0160koda We Love Cycling - \u010cesk\u00e1 republika","robots":{"index":"index","follow":"follow","max-snippet":"max-snippet:-1","max-image-preview":"max-image-preview:large","max-video-preview":"max-video-preview:-1"},"canonical":"https:\/\/www.welovecycling.com\/cs\/2019\/03\/19\/tirreno-a-pariz-nice-vitezstvi-pro-roglice-a-bernala\/","og_locale":"cs_CZ","og_type":"article","og_title":"Tirreno a Pa\u0159\u00ed\u017e-Nice: v\u00edt\u011bzstv\u00ed pro Rogli\u010de a Bernala","og_description":"Dva nejv\u011bt\u0161\u00ed etapov\u00e9 z\u00e1vody prvn\u00ed \u010d\u00e1sti sez\u00f3ny znaj\u00ed sv\u00e9 v\u00edt\u011bze. Nesm\u00edrn\u011b dramatickou bitvu o v\u00edt\u011bze 54. ro\u010dn\u00edku Tirreno-Adriatico vyhr\u00e1l Slovinec [&hellip;]","og_url":"https:\/\/www.welovecycling.com\/cs\/2019\/03\/19\/tirreno-a-pariz-nice-vitezstvi-pro-roglice-a-bernala\/","og_site_name":"\u0160koda We Love Cycling - \u010cesk\u00e1 republika","article_published_time":"2019-03-19T20:05:22+00:00","og_image":[{"width":1366,"height":600,"url":"https:\/\/d2p6e6u75xmxt8.cloudfront.net\/13\/2019\/03\/Bernal-profimedia-0420157820.webp","type":"image\/webp"}],"twitter_card":"summary_large_image","twitter_misc":{"Written by":"Jan Kr\u016fta","Est. reading time":"4"},"schema":{"@context":"https:\/\/schema.org","@graph":[{"@type":"WebPage","@id":"https:\/\/www.welovecycling.com\/cs\/2019\/03\/19\/tirreno-a-pariz-nice-vitezstvi-pro-roglice-a-bernala\/","url":"https:\/\/www.welovecycling.com\/cs\/2019\/03\/19\/tirreno-a-pariz-nice-vitezstvi-pro-roglice-a-bernala\/","name":"Tirreno a Pa\u0159\u00ed\u017e-Nice: v\u00edt\u011bzstv\u00ed pro Rogli\u010de a Bernala | \u0160koda We Love Cycling - \u010cesk\u00e1 republika","isPartOf":{"@id":"https:\/\/www.welovecycling.com\/cs\/#website"},"primaryImageOfPage":{"@id":"https:\/\/www.welovecycling.com\/cs\/2019\/03\/19\/tirreno-a-pariz-nice-vitezstvi-pro-roglice-a-bernala\/#primaryimage"},"image":{"@id":"https:\/\/www.welovecycling.com\/cs\/2019\/03\/19\/tirreno-a-pariz-nice-vitezstvi-pro-roglice-a-bernala\/#primaryimage"},"thumbnailUrl":"https:\/\/d2p6e6u75xmxt8.cloudfront.net\/13\/2019\/03\/Bernal-profimedia-0420157820.webp","datePublished":"2019-03-19T20:05:22+00:00","author":{"@id":""},"inLanguage":"cs","potentialAction":[{"@type":"ReadAction","target":["https:\/\/www.welovecycling.com\/cs\/2019\/03\/19\/tirreno-a-pariz-nice-vitezstvi-pro-roglice-a-bernala\/"]}]},{"@type":"ImageObject","inLanguage":"cs","@id":"https:\/\/www.welovecycling.com\/cs\/2019\/03\/19\/tirreno-a-pariz-nice-vitezstvi-pro-roglice-a-bernala\/#primaryimage","url":"https:\/\/d2p6e6u75xmxt8.cloudfront.net\/13\/2019\/03\/Bernal-profimedia-0420157820.webp","contentUrl":"https:\/\/d2p6e6u75xmxt8.cloudfront.net\/13\/2019\/03\/Bernal-profimedia-0420157820.webp","width":1366,"height":600},{"@type":"WebSite","@id":"https:\/\/www.welovecycling.com\/cs\/#website","url":"https:\/\/www.welovecycling.com\/cs\/","name":"\u0160koda We Love Cycling - \u010cesk\u00e1 republika","description":"WeLoveCycling.cz je online magaz\u00edn, kter\u00fd v\u00e1m pravideln\u011b p\u0159in\u00e1\u0161\u00ed rady a tipy, zaj\u00edmav\u00e9 \u010dl\u00e1nky, videa a jedine\u010dn\u00e9 report\u00e1\u017ee ze sv\u011bta cyklistiky.","potentialAction":[{"@type":"SearchAction","target":{"@type":"EntryPoint","urlTemplate":"https:\/\/www.welovecycling.com\/cs\/?s={search_term_string}"},"query-input":{"@type":"PropertyValueSpecification","valueRequired":true,"valueName":"search_term_string"}}],"inLanguage":"cs"},{"@type":"Person","@id":"","url":"https:\/\/www.welovecycling.com\/cs\/author\/"}]}},"_links":{"self":[{"href":"https:\/\/www.welovecycling.com\/cs\/wp-json\/wp\/v2\/posts\/828","targetHints":{"allow":["GET"]}}],"collection":[{"href":"https:\/\/www.welovecycling.com\/cs\/wp-json\/wp\/v2\/posts"}],"about":[{"href":"https:\/\/www.welovecycling.com\/cs\/wp-json\/wp\/v2\/types\/post"}],"author":[{"embeddable":true,"href":"https:\/\/www.welovecycling.com\/cs\/wp-json\/wp\/v2\/users\/95"}],"replies":[{"embeddable":true,"href":"https:\/\/www.welovecycling.com\/cs\/wp-json\/wp\/v2\/comments?post=828"}],"version-history":[{"count":2,"href":"https:\/\/www.welovecycling.com\/cs\/wp-json\/wp\/v2\/posts\/828\/revisions"}],"predecessor-version":[{"id":832,"href":"https:\/\/www.welovecycling.com\/cs\/wp-json\/wp\/v2\/posts\/828\/revisions\/832"}],"wp:featuredmedia":[{"embeddable":true,"href":"https:\/\/www.welovecycling.com\/cs\/wp-json\/wp\/v2\/media\/827"}],"wp:attachment":[{"href":"https:\/\/www.welovecycling.com\/cs\/wp-json\/wp\/v2\/media?parent=828"}],"wp:term":[{"taxonomy":"category","embeddable":true,"href":"https:\/\/www.welovecycling.com\/cs\/wp-json\/wp\/v2\/categories?post=828"},{"taxonomy":"post_tag","embeddable":true,"href":"https:\/\/www.welovecycling.com\/cs\/wp-json\/wp\/v2\/tags?post=828"},{"taxonomy":"global-categories","embeddable":true,"href":"https:\/\/www.welovecycling.com\/cs\/wp-json\/wp\/v2\/global-categories?post=828"}],"curies":[{"name":"wp","href":"https:\/\/api.w.org\/{rel}","templated":true}]}}