{"id":8117,"date":"2020-07-01T18:00:16","date_gmt":"2020-07-01T16:00:16","guid":{"rendered":"https:\/\/www.welovecycling.com\/cs\/?p=8117"},"modified":"2020-07-01T17:25:16","modified_gmt":"2020-07-01T15:25:16","slug":"schovky-pro-naradi-ii-univerzalni-reseni","status":"publish","type":"post","link":"https:\/\/www.welovecycling.com\/cs\/2020\/07\/01\/schovky-pro-naradi-ii-univerzalni-reseni\/","title":{"rendered":"Schovky pro n\u00e1\u0159ad\u00ed. Univerz\u00e1ln\u00ed \u0159e\u0161en\u00ed"},"content":{"rendered":"<p><strong>Nem\u00e1te-li na sv\u00e9m kole schr\u00e1nku na n\u00e1\u0159ad\u00ed ani jinou p\u0159\u00edpravu pro mont\u00e1\u017e multikl\u00ed\u010de rovnou z v\u00fdroby, mo\u017en\u00e1 v\u00e1s zaujme n\u011bkter\u00fd z univerz\u00e1ln\u00edch produkt\u016f, kter\u00e9 se daj\u00ed vtipn\u011b zakomponovat prakticky do ka\u017ed\u00e9ho kola. Tak\u017ee u\u017e \u017e\u00e1dn\u00e9 vytahan\u00e9<\/strong><strong> nebo roztrhan\u00e9 zadn\u00ed kapsy dresu, uklepan\u00e9 bra\u0161ni\u010dky, improvizace lepic\u00ed p\u00e1skou\u2026\u00a0<\/strong><\/p>\n<p>Mo\u017enosti nab\u00edzen\u00e9 v\u00fdrobci kol jsme si ji\u017e p\u0159edstavili, nyn\u00ed se pod\u00edv\u00e1me na integrovan\u00e9 imbusy, n\u00fdtova\u010de, opravn\u00e9 knoty, pumpi\u010dky a dal\u0161\u00ed dopl\u0148ky, kter\u00e9 jsou na zna\u010dce kola nez\u00e1visl\u00e9. Jejich nab\u00eddka se v posledn\u00edch letech roz\u0161\u00ed\u0159ila natolik, \u017ee nem\u00e1 smysl popisovat konkr\u00e9tn\u00ed v\u00fdrobky, zam\u011b\u0159\u00edme se proto sp\u00ed\u0161e na typologii, tedy na m\u00edsta, kam lze tyto n\u00e1stroje p\u0159ipevnit.<\/p>\n<div class=\"shortcode-ys-post-pinup\"><article class=\"loop-simple post-7942 post type-post status-publish format-standard has-post-thumbnail hentry category-rady-tipy tag-cyklisticke-naradi tag-cyklistika tag-integrovane-naradi tag-jak-ulozit-naradi global-categories-cycling\" data-postid=\"7942\" role=\"article\" data-post-id=\"7942\" data-word-count=\"636\" data-headline-length=\"70\" data-category=\"Rady &amp; tipy\" data-global-category=\"Cycling\" data-author=\"Kry\u0161tof Kopic\" data-published=\"2020-06-23T19:00:42+02:00\" data-published-day=\"Tuesday\">\n    <div class=\"entry-thumbnail article-thumbnail\" content=\"https:\/\/d2p6e6u75xmxt8.cloudfront.net\/13\/2020\/06\/WLC-n\u00e1\u0159ad\u00ed-bergamont1-150x150.webp\"><a href=\"https:\/\/www.welovecycling.com\/cs\/2020\/06\/23\/schovky-pro-naradi-kam-a-jak-ulozit-na-kole-klice-a-doplnky\/\" class=\"image-holder\" target=\"_self\"><img decoding=\"async\" loading=\"lazy\" class=\"\" src=\"https:\/\/d2p6e6u75xmxt8.cloudfront.net\/13\/2020\/06\/WLC-n\u00e1\u0159ad\u00ed-bergamont1-1024x576.webp\" srcset=\"https:\/\/d2p6e6u75xmxt8.cloudfront.net\/13\/2020\/06\/WLC-n\u00e1\u0159ad\u00ed-bergamont1.webp 1200w, https:\/\/d2p6e6u75xmxt8.cloudfront.net\/13\/2020\/06\/WLC-n\u00e1\u0159ad\u00ed-bergamont1-300x169.webp 300w, https:\/\/d2p6e6u75xmxt8.cloudfront.net\/13\/2020\/06\/WLC-n\u00e1\u0159ad\u00ed-bergamont1-1024x576.webp 1024w, https:\/\/d2p6e6u75xmxt8.cloudfront.net\/13\/2020\/06\/WLC-n\u00e1\u0159ad\u00ed-bergamont1-768x432.webp 768w\" width=\"1024\" height=\"576\" sizes=\"auto, (min-width: 1200px) 356px, (min-width: 768px) 30vw, 100vw\" alt=\"schovky-pro-naradi-kam-a-jak-ulozit-na-kole-klice-a-doplnky\"\/><\/a><\/div>    <div class=\"entry-meta\">\n        <a class=\"label label-secondary post-category\" href=\"https:\/\/www.welovecycling.com\/cs\/category\/rady-tipy\/\" title=\"Rady &amp; tipy\">Rady &amp; tipy<\/a>\n    <\/div>\n    <div class=\"entry-details\">\n        <a href=\"https:\/\/www.welovecycling.com\/cs\/2020\/06\/23\/schovky-pro-naradi-kam-a-jak-ulozit-na-kole-klice-a-doplnky\/\" class='entry-title-wrapper'>\n            <h3 class=\"entry-title\"><span>Schovky pro n\u00e1\u0159ad\u00ed. Kam a jak ulo\u017eit na kole kl\u00ed\u010de \u010di dopl\u0148ky?<\/span><\/h3>\n        <\/a>\n    <\/div>\n    <\/article>\n<\/div>\n<p>N\u011bkte\u0159\u00ed v\u00fdrobci nab\u00edz\u00ed jeden \u010di dva produkty, jin\u00ed z n\u00e1\u0159ad\u00ed vytv\u00e1\u0159\u00ed cel\u00e9 syst\u00e9my \u2013 kombinuj\u00ed nap\u0159\u00edklad um\u00edst\u011bn\u00ed n\u011bkter\u00fdch n\u00e1stroj\u016f ve sloupku vidlice a jin\u00fdch v konc\u00edch \u0159\u00edd\u00edtek. Pokud se jezdec vyd\u00e1 touto cestou, skute\u010dn\u011b dok\u00e1\u017ee bez probl\u00e9m\u016f p\u0159eskupit ve\u0161ker\u00e9 n\u00e1\u0159ad\u00ed z kapes \u010di batohu p\u0159\u00edmo na kolo.<\/p>\n<h2><strong>Sloupek vidlice\u00a0<\/strong><\/h2>\n<p>Krk vidlice zd\u00e1nliv\u011b nesk\u00fdt\u00e1 p\u0159\u00edli\u0161 prostoru, ale p\u0159i tro\u0161e d\u016fvtipu se do n\u011bj vejde hodn\u011b. Dovnit\u0159 m\u016f\u017eete schovat p\u00e1r imbus\u016f, n\u00fdtova\u010d s rychlospojkami \u0159et\u011bzu a dokonce je\u0161t\u011b v\u00edce.<\/p>\n<figure id=\"attachment_8121\" aria-describedby=\"caption-attachment-8121\" style=\"width: 864px\" class=\"wp-caption alignnone\"><a href=\"https:\/\/d2p6e6u75xmxt8.cloudfront.net\/13\/2020\/06\/WLC-schovky-pro-n\u00e1\u0159ad\u00ed-One-Up.jpg\"><img loading=\"lazy\" decoding=\"async\" class=\"size-full wp-image-8121\" src=\"https:\/\/d2p6e6u75xmxt8.cloudfront.net\/13\/2020\/06\/WLC-schovky-pro-n\u00e1\u0159ad\u00ed-One-Up.jpg\" alt=\"Produkt EDC od zna\u010dky OneUp pat\u0159\u00ed k vrcholn\u00fdm kousk\u016fm, jak maxim\u00e1ln\u011b vyu\u017e\u00edt m\u00edsto na kole pro n\u00e1\u0159ad\u00ed. \" width=\"864\" height=\"821\" \/><\/a><figcaption id=\"caption-attachment-8121\" class=\"wp-caption-text\"><em>Produkt EDC od zna\u010dky OneUp pat\u0159\u00ed k vrcholn\u00fdm kousk\u016fm, jak maxim\u00e1ln\u011b vyu\u017e\u00edt m\u00edsto na kole pro n\u00e1\u0159ad\u00ed.<\/em><\/figcaption><\/figure>\n<p>K vrcholn\u00fdm kousk\u016fm pat\u0159\u00ed nap\u0159\u00edklad produkt EDC od zna\u010dky OneUp, j\u00ed\u017e se do vidlice poda\u0159ilo vm\u011bstnat multikl\u00ed\u010d, n\u00fdtova\u010d s funkc\u00ed montp\u00e1ky, spojku \u0159et\u011bzu, n\u00e1hradn\u00ed \u0161roub p\u0159evodn\u00edku i pumpi\u010dku s CO<sub>2 <\/sub>bombi\u010dkou. P\u0159i volb\u011b tohoto m\u00edsta pro p\u0159evoz n\u00e1\u0159ad\u00ed je v\u0161ak nutn\u00e9 ov\u011b\u0159it kompatibilitu \u2013 sloupek vidlice mus\u00ed odpov\u00eddat po\u017eadovan\u00fdm rozm\u011br\u016fm.<\/p>\n<h2><strong>Konce \u0159\u00edd\u00edtek<\/strong><\/h2>\n<p>Konce \u0159\u00edd\u00edtek maj\u00ed z\u00e1sadn\u00ed v\u00fdhodu \u2013 jsou dva a z\u00e1rove\u0148 nemaj\u00ed komplikovan\u00fd tvar. Proto se staly pro p\u0159evoz n\u00e1\u0159ad\u00ed obl\u00edben\u00fdm m\u00edstem. I tady najdeme komplexn\u00ed \u0159e\u0161en\u00ed \u2013 multikl\u00ed\u010d, CO<sub>2 <\/sub>bombi\u010dka, n\u00fdtova\u010d, montp\u00e1ky, sada opravn\u00fdch knot\u016f, v\u0161e v jednom produktu.\u00a0Za v\u0161echny jmenujme nap\u0159\u00edklad produkt Wolf Tooth Encase.<\/p>\n<figure id=\"attachment_8120\" aria-describedby=\"caption-attachment-8120\" style=\"width: 2048px\" class=\"wp-caption alignnone\"><a href=\"https:\/\/d2p6e6u75xmxt8.cloudfront.net\/13\/2020\/06\/WLC-wolf_tooth_encase.jpg\"><img loading=\"lazy\" decoding=\"async\" class=\"size-full wp-image-8120\" src=\"https:\/\/d2p6e6u75xmxt8.cloudfront.net\/13\/2020\/06\/WLC-wolf_tooth_encase.jpg\" alt=\"Wolf Tooth Encase a jeho \u0159e\u0161en\u00ed, jak ulo\u017eit n\u00e1hradn\u00ed pot\u0159eby ke kolu do \u0159\u00edd\u00edtek.\" width=\"2048\" height=\"2048\" \/><\/a><figcaption id=\"caption-attachment-8120\" class=\"wp-caption-text\"><em>Wolf Tooth Encase a jeho \u0159e\u0161en\u00ed, jak ulo\u017eit n\u00e1hradn\u00ed pot\u0159eby ke kolu do \u0159\u00edd\u00edtek.<\/em><\/figcaption><\/figure>\n<p>\u0158\u00edd\u00edtka se ale hod\u00ed i pro jednoduch\u00e1 \u0159e\u0161en\u00ed, nap\u0159\u00edklad zna\u010dka Ritchey integrovala do ka\u017ed\u00e9 z\u00e1slepky \u0159\u00edd\u00edtek jednu montp\u00e1ku. Opravn\u00e1 sada pro bezdu\u0161ov\u00e9 pl\u00e1\u0161t\u011b Sahmurai Sword zase vyu\u017e\u00edv\u00e1 z\u00e1slepky jako rukojeti pro pr\u016fta\u017en\u00edk a vidli\u010dku k provle\u010den\u00ed knotu.<\/p>\n<h2><strong>Osa klik, osa n\u00e1boje, sedlo a sedlovka\u00a0<\/strong><\/h2>\n<p>\u0160lapac\u00ed st\u0159ed nen\u00ed tolik popul\u00e1rn\u00edm m\u00edstem jako \u0159\u00edd\u00edtka, ale i do klik se \u0161irokou dutou osou se p\u00e1r n\u00e1stroj\u016f vejde. Multikl\u00ed\u010d zde schovala nap\u0159\u00edklad zna\u010dka All In Multitool a v jeho posledn\u00ed verzi jej dokonce doplnila o n\u00fdtova\u010d a spojku \u0159et\u011bzu.<\/p>\n<figure id=\"attachment_8119\" aria-describedby=\"caption-attachment-8119\" style=\"width: 1980px\" class=\"wp-caption alignnone\"><a href=\"https:\/\/d2p6e6u75xmxt8.cloudfront.net\/13\/2020\/06\/WLC-all_in_multitool.jpg\"><img loading=\"lazy\" decoding=\"async\" class=\"size-full wp-image-8119\" src=\"https:\/\/d2p6e6u75xmxt8.cloudfront.net\/13\/2020\/06\/WLC-all_in_multitool.jpg\" alt=\"Multikl\u00ed\u010d ukryt\u00fd do dut\u00e9ho st\u0159edu v pod\u00e1n\u00ed All In Multitool.\" width=\"1980\" height=\"1980\" \/><\/a><figcaption id=\"caption-attachment-8119\" class=\"wp-caption-text\"><em>Multikl\u00ed\u010d ukryt\u00fd do dut\u00e9ho st\u0159edu v pod\u00e1n\u00ed All In Multitool.<\/em><\/figcaption><\/figure>\n<p>Osa n\u00e1boje je oproti ose klik je\u0161t\u011b mnohem st\u00edsn\u011bn\u011bj\u0161\u00ed, ale i sem zna\u010dka Industry Nine dok\u00e1zala vm\u011bstnat v\u011bt\u0161inu z pot\u0159ebn\u00fdch n\u00e1stroj\u016f. V jej\u00ed ose MatchStix najdete imbusy, n\u00fdtova\u010d i spojku.<\/p>\n<div class=\"shortcode-ys-post-pinup\"><article class=\"loop-simple post-7975 post type-post status-publish format-standard has-post-thumbnail hentry category-https-www-welovecycling-com-cs-category-zabava tag-cyklistika tag-festka tag-kola-na-miru tag-michael-mourecek tag-silnicni-cyklistika tag-tomas-berdych tag-zakaznicka-kola global-categories-cycling\" data-postid=\"7975\" role=\"article\" data-post-id=\"7975\" data-word-count=\"1015\" data-headline-length=\"55\" data-category=\"Z\u00c1BAVA\" data-global-category=\"Cycling\" data-author=\"Marek Novotn\u00fd\" data-published=\"2020-06-25T07:00:51+02:00\" data-published-day=\"Thursday\">\n    <div class=\"entry-thumbnail article-thumbnail\" content=\"https:\/\/d2p6e6u75xmxt8.cloudfront.net\/13\/2020\/06\/WLC-Moure\u010dek-festka-150x150.webp\"><a href=\"https:\/\/www.welovecycling.com\/cs\/2020\/06\/25\/made-in-festka-jedinecne-stroje-pro-jedinecne-lidi\/\" class=\"image-holder\" target=\"_self\"><img decoding=\"async\" loading=\"lazy\" class=\"\" src=\"https:\/\/d2p6e6u75xmxt8.cloudfront.net\/13\/2020\/06\/WLC-Moure\u010dek-festka-1024x683.webp\" srcset=\"https:\/\/d2p6e6u75xmxt8.cloudfront.net\/13\/2020\/06\/WLC-Moure\u010dek-festka.webp 1152w, https:\/\/d2p6e6u75xmxt8.cloudfront.net\/13\/2020\/06\/WLC-Moure\u010dek-festka-300x200.webp 300w, https:\/\/d2p6e6u75xmxt8.cloudfront.net\/13\/2020\/06\/WLC-Moure\u010dek-festka-1024x683.webp 1024w, https:\/\/d2p6e6u75xmxt8.cloudfront.net\/13\/2020\/06\/WLC-Moure\u010dek-festka-768x512.webp 768w, https:\/\/d2p6e6u75xmxt8.cloudfront.net\/13\/2020\/06\/WLC-Moure\u010dek-festka-272x182.webp 272w\" width=\"1024\" height=\"683\" sizes=\"auto, (min-width: 1200px) 300px, (min-width: 768px) 25vw, 100vw\" alt=\"made-in-festka-jedinecne-stroje-pro-jedinecne-lidi\"\/><\/a><\/div>    <div class=\"entry-meta\">\n        <a class=\"label label-secondary post-category\" href=\"https:\/\/www.welovecycling.com\/cs\/category\/https-www-welovecycling-com-cs-category-zabava\/\" title=\"Z\u00c1BAVA\">Z\u00c1BAVA<\/a>\n    <\/div>\n    <div class=\"entry-details\">\n        <a href=\"https:\/\/www.welovecycling.com\/cs\/2020\/06\/25\/made-in-festka-jedinecne-stroje-pro-jedinecne-lidi\/\" class='entry-title-wrapper'>\n            <h3 class=\"entry-title\"><span>Made in Festka. Jedine\u010dn\u00e9 stroje pro jedine\u010dn\u00e9 lidi<\/span><\/h3>\n        <\/a>\n    <\/div>\n    <\/article>\n<\/div>\n<p>Tak\u00e9 sedlo a sedlovka jsou komponenty, kter\u00e9 v\u00fdrobci nevyu\u017e\u00edvaj\u00ed p\u0159\u00edli\u0161 \u010dasto, ale najdou se v\u00fdjimky. Vedle v minul\u00e9m d\u00edle zmi\u0148ovan\u00e9 Meridy (multikl\u00ed\u010de pro syst\u00e9m V-Mount) je to i nap\u0159\u00edklad i n\u00e1stroj zna\u010dky PRO. Topeak zase um\u00ed do sedlovky integrovat pumpi\u010dku.<\/p>\n<h2><strong>Ko\u0161\u00edky na l\u00e1hev<\/strong><\/h2>\n<p>Toto m\u00edsto pat\u0159\u00ed k nejvyu\u017e\u00edvan\u011bj\u0161\u00edm. Pod \u0161rouby dr\u017e\u00e1ku bidonu se b\u011b\u017en\u011b umis\u0165uje \u00fachyt klasick\u00e9 pumpi\u010dky, ale to je jen za\u010d\u00e1tek. D\u00e1l to m\u016f\u017ee b\u00fdt nap\u0159\u00edklad multikl\u00ed\u010d, CO<sub>2 <\/sub>cartridge, rezervn\u00ed du\u0161e nebo jen univerz\u00e1ln\u00ed schr\u00e1nka na drobnosti.<\/p>\n<figure id=\"attachment_8122\" aria-describedby=\"caption-attachment-8122\" style=\"width: 1800px\" class=\"wp-caption alignnone\"><a href=\"https:\/\/d2p6e6u75xmxt8.cloudfront.net\/13\/2020\/06\/WLC-syncros.jpg\"><img loading=\"lazy\" decoding=\"async\" class=\"size-full wp-image-8122\" src=\"https:\/\/d2p6e6u75xmxt8.cloudfront.net\/13\/2020\/06\/WLC-syncros.jpg\" alt=\"Syncros a jeho d\u016fmysln\u00e9 \u0159e\u0161en\u00ed ulo\u017een\u00ed pot\u0159eb pro cyklistu pod ko\u0161\u00edk na bidon.\" width=\"1800\" height=\"1800\" \/><\/a><figcaption id=\"caption-attachment-8122\" class=\"wp-caption-text\"><em>Syncros a jeho d\u016fmysln\u00e9 \u0159e\u0161en\u00ed ulo\u017een\u00ed pot\u0159eb pro cyklistu pod ko\u0161\u00edk na bidon.<\/em><\/figcaption><\/figure>\n<p>Ko\u0161\u00edk s n\u00e1\u0159ad\u00edm nab\u00edz\u00ed \u0159ada v\u00fdrobc\u016f \u2013 Topeak, Syncros, Giant, Specialized, Lezyne&#8230; Mnoho z nich p\u0159ich\u00e1z\u00ed s v\u00edce r\u016fzn\u011b vybaven\u00fdmi variantami.<\/p>\n<h2><b>Gumov\u00e9 p\u00e1sky \u010di dr\u017e\u00e1ky na such\u00fd zip<\/b><\/h2>\n<p>Pakli\u017ee v\u00e1s \u017e\u00e1dn\u00e1 z nab\u00edzen\u00fdch variant nezaujala, m\u016f\u017eete n\u00e1\u0159ad\u00ed nebo rezervn\u00ed du\u0161i p\u0159ipevnit kamkoli na kolo (nej\u010dast\u011bji na sedlo, sedlovku nebo horn\u00ed r\u00e1movou trubku) pomoc\u00ed speci\u00e1ln\u00edch gumov\u00fdch p\u00e1sk\u016f nebo dr\u017e\u00e1k\u016f na such\u00fd zip.<\/p>\n<figure id=\"attachment_8125\" aria-describedby=\"caption-attachment-8125\" style=\"width: 1500px\" class=\"wp-caption alignnone\"><a href=\"https:\/\/d2p6e6u75xmxt8.cloudfront.net\/13\/2020\/06\/WLC-pasek.jpg\"><img loading=\"lazy\" decoding=\"async\" class=\"size-full wp-image-8125\" src=\"https:\/\/d2p6e6u75xmxt8.cloudfront.net\/13\/2020\/06\/WLC-pasek.jpg\" alt=\"\" width=\"1500\" height=\"1125\" \/><\/a><figcaption id=\"caption-attachment-8125\" class=\"wp-caption-text\"><em>N\u00e1hradn\u00ed du\u0161i a bombi\u010dky lze uchytit k r\u00e1mu i jednodu\u0161e pomoc\u00ed p\u00e1sku na such\u00fd zip.<\/em><\/figcaption><\/figure>\n<p>Tyto produkty n\u011bkdy m\u00edvaj\u00ed rovnou podobu organiz\u00e9ru, \u010d\u00edm\u017e zajist\u00ed p\u0159ehledn\u00e9 a hlavn\u011b jist\u00e9 ulo\u017een\u00ed p\u0159ev\u00e1\u017een\u00e9ho obsahu. V\u00fdrobc\u016f najdeme op\u011bt mnoho, od glob\u00e1ln\u00edch zna\u010dek jako je Specialized a\u017e po \u0159adu gar\u00e1\u017eov\u00fdch v\u00fdrobc\u016f.<\/p>\n","protected":false},"excerpt":{"rendered":"<p>Nem\u00e1te-li na sv\u00e9m kole schr\u00e1nku na n\u00e1\u0159ad\u00ed ani jinou p\u0159\u00edpravu pro mont\u00e1\u017e multikl\u00ed\u010de rovnou z v\u00fdroby, mo\u017en\u00e1 v\u00e1s zaujme n\u011bkter\u00fd [&hellip;]<\/p>\n","protected":false},"author":122,"featured_media":8124,"comment_status":"open","ping_status":"open","sticky":false,"template":"","format":"standard","meta":{"footnotes":""},"categories":[15],"tags":[967,56,969,968,9],"global-categories":[411],"class_list":["post-8117","post","type-post","status-publish","format-standard","has-post-thumbnail","hentry","category-rady-tipy","tag-cyklisticke-naradi","tag-horska-cyklistika","tag-integrovane-naradi","tag-jak-ulozit-naradi","tag-silnicni-cyklistika","global-categories-cycling"],"yoast_head":"<!-- This site is optimized with the Yoast SEO Premium plugin v25.3 (Yoast SEO v25.9) - https:\/\/yoast.com\/wordpress\/plugins\/seo\/ -->\n<title>Schovky pro n\u00e1\u0159ad\u00ed. Univerz\u00e1ln\u00ed \u0159e\u0161en\u00ed | \u0160koda We Love Cycling - \u010cesk\u00e1 republika<\/title>\n<meta name=\"robots\" content=\"index, follow, max-snippet:-1, max-image-preview:large, max-video-preview:-1\" \/>\n<link rel=\"canonical\" href=\"https:\/\/www.welovecycling.com\/cs\/2020\/07\/01\/schovky-pro-naradi-ii-univerzalni-reseni\/\" \/>\n<meta property=\"og:locale\" content=\"cs_CZ\" \/>\n<meta property=\"og:type\" content=\"article\" \/>\n<meta property=\"og:title\" content=\"Schovky pro n\u00e1\u0159ad\u00ed. Univerz\u00e1ln\u00ed \u0159e\u0161en\u00ed\" \/>\n<meta property=\"og:description\" content=\"Nem\u00e1te-li na sv\u00e9m kole schr\u00e1nku na n\u00e1\u0159ad\u00ed ani jinou p\u0159\u00edpravu pro mont\u00e1\u017e multikl\u00ed\u010de rovnou z v\u00fdroby, mo\u017en\u00e1 v\u00e1s zaujme n\u011bkter\u00fd [&hellip;]\" \/>\n<meta property=\"og:url\" content=\"https:\/\/www.welovecycling.com\/cs\/2020\/07\/01\/schovky-pro-naradi-ii-univerzalni-reseni\/\" \/>\n<meta property=\"og:site_name\" content=\"\u0160koda We Love Cycling - \u010cesk\u00e1 republika\" \/>\n<meta property=\"article:published_time\" content=\"2020-07-01T16:00:16+00:00\" \/>\n<meta property=\"og:image\" content=\"https:\/\/d2p6e6u75xmxt8.cloudfront.net\/13\/2020\/06\/WLC-DSC_3635-1170x781-1.webp\" \/>\n\t<meta property=\"og:image:width\" content=\"1170\" \/>\n\t<meta property=\"og:image:height\" content=\"781\" \/>\n\t<meta property=\"og:image:type\" content=\"image\/webp\" \/>\n<meta name=\"twitter:card\" content=\"summary_large_image\" \/>\n<meta name=\"twitter:label1\" content=\"Written by\" \/>\n\t<meta name=\"twitter:data1\" content=\"Marek Novotn\u00fd\" \/>\n\t<meta name=\"twitter:label2\" content=\"Est. reading time\" \/>\n\t<meta name=\"twitter:data2\" content=\"9\" \/>\n<script type=\"application\/ld+json\" class=\"yoast-schema-graph\">{\"@context\":\"https:\/\/schema.org\",\"@graph\":[{\"@type\":\"WebPage\",\"@id\":\"https:\/\/www.welovecycling.com\/cs\/2020\/07\/01\/schovky-pro-naradi-ii-univerzalni-reseni\/\",\"url\":\"https:\/\/www.welovecycling.com\/cs\/2020\/07\/01\/schovky-pro-naradi-ii-univerzalni-reseni\/\",\"name\":\"Schovky pro n\u00e1\u0159ad\u00ed. Univerz\u00e1ln\u00ed \u0159e\u0161en\u00ed | \u0160koda We Love Cycling - \u010cesk\u00e1 republika\",\"isPartOf\":{\"@id\":\"https:\/\/www.welovecycling.com\/cs\/#website\"},\"primaryImageOfPage\":{\"@id\":\"https:\/\/www.welovecycling.com\/cs\/2020\/07\/01\/schovky-pro-naradi-ii-univerzalni-reseni\/#primaryimage\"},\"image\":{\"@id\":\"https:\/\/www.welovecycling.com\/cs\/2020\/07\/01\/schovky-pro-naradi-ii-univerzalni-reseni\/#primaryimage\"},\"thumbnailUrl\":\"https:\/\/d2p6e6u75xmxt8.cloudfront.net\/13\/2020\/06\/WLC-DSC_3635-1170x781-1.webp\",\"datePublished\":\"2020-07-01T16:00:16+00:00\",\"author\":{\"@id\":\"\"},\"inLanguage\":\"cs\",\"potentialAction\":[{\"@type\":\"ReadAction\",\"target\":[\"https:\/\/www.welovecycling.com\/cs\/2020\/07\/01\/schovky-pro-naradi-ii-univerzalni-reseni\/\"]}]},{\"@type\":\"ImageObject\",\"inLanguage\":\"cs\",\"@id\":\"https:\/\/www.welovecycling.com\/cs\/2020\/07\/01\/schovky-pro-naradi-ii-univerzalni-reseni\/#primaryimage\",\"url\":\"https:\/\/d2p6e6u75xmxt8.cloudfront.net\/13\/2020\/06\/WLC-DSC_3635-1170x781-1.webp\",\"contentUrl\":\"https:\/\/d2p6e6u75xmxt8.cloudfront.net\/13\/2020\/06\/WLC-DSC_3635-1170x781-1.webp\",\"width\":1170,\"height\":781},{\"@type\":\"WebSite\",\"@id\":\"https:\/\/www.welovecycling.com\/cs\/#website\",\"url\":\"https:\/\/www.welovecycling.com\/cs\/\",\"name\":\"\u0160koda We Love Cycling - \u010cesk\u00e1 republika\",\"description\":\"WeLoveCycling.cz je online magaz\u00edn, kter\u00fd v\u00e1m pravideln\u011b p\u0159in\u00e1\u0161\u00ed rady a tipy, zaj\u00edmav\u00e9 \u010dl\u00e1nky, videa a jedine\u010dn\u00e9 report\u00e1\u017ee ze sv\u011bta cyklistiky.\",\"potentialAction\":[{\"@type\":\"SearchAction\",\"target\":{\"@type\":\"EntryPoint\",\"urlTemplate\":\"https:\/\/www.welovecycling.com\/cs\/?s={search_term_string}\"},\"query-input\":{\"@type\":\"PropertyValueSpecification\",\"valueRequired\":true,\"valueName\":\"search_term_string\"}}],\"inLanguage\":\"cs\"},{\"@type\":\"Person\",\"@id\":\"\",\"url\":\"https:\/\/www.welovecycling.com\/cs\/author\/\"}]}<\/script>\n<!-- \/ Yoast SEO Premium plugin. -->","yoast_head_json":{"title":"Schovky pro n\u00e1\u0159ad\u00ed. Univerz\u00e1ln\u00ed \u0159e\u0161en\u00ed | \u0160koda We Love Cycling - \u010cesk\u00e1 republika","robots":{"index":"index","follow":"follow","max-snippet":"max-snippet:-1","max-image-preview":"max-image-preview:large","max-video-preview":"max-video-preview:-1"},"canonical":"https:\/\/www.welovecycling.com\/cs\/2020\/07\/01\/schovky-pro-naradi-ii-univerzalni-reseni\/","og_locale":"cs_CZ","og_type":"article","og_title":"Schovky pro n\u00e1\u0159ad\u00ed. Univerz\u00e1ln\u00ed \u0159e\u0161en\u00ed","og_description":"Nem\u00e1te-li na sv\u00e9m kole schr\u00e1nku na n\u00e1\u0159ad\u00ed ani jinou p\u0159\u00edpravu pro mont\u00e1\u017e multikl\u00ed\u010de rovnou z v\u00fdroby, mo\u017en\u00e1 v\u00e1s zaujme n\u011bkter\u00fd [&hellip;]","og_url":"https:\/\/www.welovecycling.com\/cs\/2020\/07\/01\/schovky-pro-naradi-ii-univerzalni-reseni\/","og_site_name":"\u0160koda We Love Cycling - \u010cesk\u00e1 republika","article_published_time":"2020-07-01T16:00:16+00:00","og_image":[{"width":1170,"height":781,"url":"https:\/\/d2p6e6u75xmxt8.cloudfront.net\/13\/2020\/06\/WLC-DSC_3635-1170x781-1.webp","type":"image\/webp"}],"twitter_card":"summary_large_image","twitter_misc":{"Written by":"Marek Novotn\u00fd","Est. reading time":"9"},"schema":{"@context":"https:\/\/schema.org","@graph":[{"@type":"WebPage","@id":"https:\/\/www.welovecycling.com\/cs\/2020\/07\/01\/schovky-pro-naradi-ii-univerzalni-reseni\/","url":"https:\/\/www.welovecycling.com\/cs\/2020\/07\/01\/schovky-pro-naradi-ii-univerzalni-reseni\/","name":"Schovky pro n\u00e1\u0159ad\u00ed. Univerz\u00e1ln\u00ed \u0159e\u0161en\u00ed | \u0160koda We Love Cycling - \u010cesk\u00e1 republika","isPartOf":{"@id":"https:\/\/www.welovecycling.com\/cs\/#website"},"primaryImageOfPage":{"@id":"https:\/\/www.welovecycling.com\/cs\/2020\/07\/01\/schovky-pro-naradi-ii-univerzalni-reseni\/#primaryimage"},"image":{"@id":"https:\/\/www.welovecycling.com\/cs\/2020\/07\/01\/schovky-pro-naradi-ii-univerzalni-reseni\/#primaryimage"},"thumbnailUrl":"https:\/\/d2p6e6u75xmxt8.cloudfront.net\/13\/2020\/06\/WLC-DSC_3635-1170x781-1.webp","datePublished":"2020-07-01T16:00:16+00:00","author":{"@id":""},"inLanguage":"cs","potentialAction":[{"@type":"ReadAction","target":["https:\/\/www.welovecycling.com\/cs\/2020\/07\/01\/schovky-pro-naradi-ii-univerzalni-reseni\/"]}]},{"@type":"ImageObject","inLanguage":"cs","@id":"https:\/\/www.welovecycling.com\/cs\/2020\/07\/01\/schovky-pro-naradi-ii-univerzalni-reseni\/#primaryimage","url":"https:\/\/d2p6e6u75xmxt8.cloudfront.net\/13\/2020\/06\/WLC-DSC_3635-1170x781-1.webp","contentUrl":"https:\/\/d2p6e6u75xmxt8.cloudfront.net\/13\/2020\/06\/WLC-DSC_3635-1170x781-1.webp","width":1170,"height":781},{"@type":"WebSite","@id":"https:\/\/www.welovecycling.com\/cs\/#website","url":"https:\/\/www.welovecycling.com\/cs\/","name":"\u0160koda We Love Cycling - \u010cesk\u00e1 republika","description":"WeLoveCycling.cz je online magaz\u00edn, kter\u00fd v\u00e1m pravideln\u011b p\u0159in\u00e1\u0161\u00ed rady a tipy, zaj\u00edmav\u00e9 \u010dl\u00e1nky, videa a jedine\u010dn\u00e9 report\u00e1\u017ee ze sv\u011bta cyklistiky.","potentialAction":[{"@type":"SearchAction","target":{"@type":"EntryPoint","urlTemplate":"https:\/\/www.welovecycling.com\/cs\/?s={search_term_string}"},"query-input":{"@type":"PropertyValueSpecification","valueRequired":true,"valueName":"search_term_string"}}],"inLanguage":"cs"},{"@type":"Person","@id":"","url":"https:\/\/www.welovecycling.com\/cs\/author\/"}]}},"_links":{"self":[{"href":"https:\/\/www.welovecycling.com\/cs\/wp-json\/wp\/v2\/posts\/8117","targetHints":{"allow":["GET"]}}],"collection":[{"href":"https:\/\/www.welovecycling.com\/cs\/wp-json\/wp\/v2\/posts"}],"about":[{"href":"https:\/\/www.welovecycling.com\/cs\/wp-json\/wp\/v2\/types\/post"}],"author":[{"embeddable":true,"href":"https:\/\/www.welovecycling.com\/cs\/wp-json\/wp\/v2\/users\/122"}],"replies":[{"embeddable":true,"href":"https:\/\/www.welovecycling.com\/cs\/wp-json\/wp\/v2\/comments?post=8117"}],"version-history":[{"count":2,"href":"https:\/\/www.welovecycling.com\/cs\/wp-json\/wp\/v2\/posts\/8117\/revisions"}],"predecessor-version":[{"id":8207,"href":"https:\/\/www.welovecycling.com\/cs\/wp-json\/wp\/v2\/posts\/8117\/revisions\/8207"}],"wp:featuredmedia":[{"embeddable":true,"href":"https:\/\/www.welovecycling.com\/cs\/wp-json\/wp\/v2\/media\/8124"}],"wp:attachment":[{"href":"https:\/\/www.welovecycling.com\/cs\/wp-json\/wp\/v2\/media?parent=8117"}],"wp:term":[{"taxonomy":"category","embeddable":true,"href":"https:\/\/www.welovecycling.com\/cs\/wp-json\/wp\/v2\/categories?post=8117"},{"taxonomy":"post_tag","embeddable":true,"href":"https:\/\/www.welovecycling.com\/cs\/wp-json\/wp\/v2\/tags?post=8117"},{"taxonomy":"global-categories","embeddable":true,"href":"https:\/\/www.welovecycling.com\/cs\/wp-json\/wp\/v2\/global-categories?post=8117"}],"curies":[{"name":"wp","href":"https:\/\/api.w.org\/{rel}","templated":true}]}}