{"id":8010,"date":"2020-06-27T07:30:41","date_gmt":"2020-06-27T05:30:41","guid":{"rendered":"https:\/\/www.welovecycling.com\/cs\/?p=8010"},"modified":"2020-06-26T08:01:52","modified_gmt":"2020-06-26T06:01:52","slug":"adam-toupalik-vzdy-jsem-snil-o-tour-de-france-treba-se-to-jednou-splni-ale-ceka-me-dlouha-cesta","status":"publish","type":"post","link":"https:\/\/www.welovecycling.com\/cs\/2020\/06\/27\/adam-toupalik-vzdy-jsem-snil-o-tour-de-france-treba-se-to-jednou-splni-ale-ceka-me-dlouha-cesta\/","title":{"rendered":"Adam \u0164oupal\u00edk: V\u017edy jsem snil o Tour de France. T\u0159eba se to jednou spln\u00ed, ale \u010dek\u00e1 m\u011b dlouh\u00e1 cesta"},"content":{"rendered":"<p><strong>M\u00e1 medaile z mistrovstv\u00ed sv\u011bta v cyklokrosu, kde byl v ml\u00e1de\u017enick\u00fdch kategori\u00edch jedn\u00edm z nejlep\u0161\u00edch z\u00e1vodn\u00edk\u016f. P\u0159esto se dnes t\u00e1borsk\u00fd cyklista Adam \u0164oupal\u00edk profiluje v\u00edce jako silni\u010d\u00e1\u0159. P\u0159ed leto\u0161n\u00ed sezonou p\u0159estoupil do nejlep\u0161\u00ed dom\u00e1c\u00ed st\u00e1je Elkov Kasper a hned na prvn\u00edch po\u0159\u00e1dn\u00fdch z\u00e1vodech roku se uk\u00e1zal. V nabit\u00e9 konkurenci borc\u016f z World Tour vyhr\u00e1l Krakono\u0161\u016fv cyklomaraton. \u201eRadost jsem m\u011bl velikou, byl jsem hodn\u011b namotivovan\u00fd,\u201c \u0159\u00edk\u00e1 \u010dty\u0159iadvacetilet\u00fd cyklista, kter\u00fd formu potvrdil i n\u00e1sledn\u00fdm triumfem p\u0159i Han\u00e1ck\u00fdch okruz\u00edch.<\/strong><\/p>\n<h2><strong>Dva starty a dv\u011b v\u00edt\u011bzstv\u00ed. P\u0159edstavoval pro v\u00e1s restart sezony velk\u00e9 povzbuzen\u00ed?<\/strong><\/h2>\n<p>Pauza byla hodn\u011b dlouh\u00e1 a j\u00e1 se nemohl do\u010dkat, a\u017e do z\u00e1vodn\u00edho koloto\u010de znovu nasko\u010d\u00edm. Byl to takov\u00fd otv\u00edr\u00e1k. U\u017e p\u0159edt\u00edm jsem jel p\u00e1r n\u011bjak\u00fdch men\u0161\u00edch z\u00e1vod\u016f, ale v Krkono\u0161\u00edch jsem byl poprv\u00e9 s t\u00fdmem. Dal\u0161\u00ed den se mi poda\u0159ilo vyhr\u00e1t Han\u00e1ck\u00e9 okruhy a byl jsem moc spokojen\u00fd, jak v\u0161e vy\u0161lo. Douf\u00e1m, \u017ee v podobn\u00e9m duchu bude sezona pokra\u010dovat.<\/p>\n<h2><strong>Jak jste vn\u00edmal dlouhou z\u00e1vodn\u00ed pauzu zp\u016fsobenou pandemi\u00ed koronaviru?<\/strong><\/h2>\n<p>Byl to nezvyk, nikdy jsem nic takov\u00e9ho neza\u017eil. S nov\u00fdm t\u00fdmem jsem v \u00fanoru odjel do Chorvatska, stihli jsme jeden jednor\u00e1zov\u00fd z\u00e1vod a byl konec. Vlastn\u011b od \u0159\u00edjna dote\u010f jsme jen tr\u00e9novali a \u010dlov\u011bk po\u0159\u00e1dn\u011b nev\u011bd\u011bl, na co se m\u00e1 chystat. Ale sna\u017eil jsem se udr\u017eovat si v\u00fdkonnost, byl jsem hodn\u011b s rodinou a v\u011bt\u0161inu tr\u00e9nink\u016f jsem absolvoval s br\u00e1chou Jakubem, kter\u00fd jezd\u00ed za Topforex Lapierre.<\/p>\n<div class=\"shortcode-ys-post-pinup\"><article class=\"loop-simple post-7629 post type-post status-publish format-standard has-post-thumbnail hentry category-silnicni-cyklistika tag-elkov-kasper global-categories-cycling\" data-postid=\"7629\" role=\"article\" data-post-id=\"7629\" data-word-count=\"591\" data-headline-length=\"85\" data-category=\"Silni\u010dn\u00ed cyklistika\" data-global-category=\"Cycling\" data-author=\"Jan Kr\u016fta\" data-published=\"2020-06-09T18:00:09+02:00\" data-published-day=\"Tuesday\">\n    <div class=\"entry-thumbnail article-thumbnail\" content=\"https:\/\/d2p6e6u75xmxt8.cloudfront.net\/13\/2020\/06\/v\u00e1vra-elkov-kasper-150x150.webp\"><a href=\"https:\/\/www.welovecycling.com\/cs\/2020\/06\/09\/na-plat-nikomu-sahnout-nemuseli-jak-pandemie-zasahla-nejlepsi-cesky-profitym\/\" class=\"image-holder\" target=\"_self\"><img decoding=\"async\" loading=\"lazy\" class=\"\" src=\"https:\/\/d2p6e6u75xmxt8.cloudfront.net\/13\/2020\/06\/v\u00e1vra-elkov-kasper-1024x576.webp\" srcset=\"https:\/\/d2p6e6u75xmxt8.cloudfront.net\/13\/2020\/06\/v\u00e1vra-elkov-kasper.webp 2048w, https:\/\/d2p6e6u75xmxt8.cloudfront.net\/13\/2020\/06\/v\u00e1vra-elkov-kasper-300x169.webp 300w, https:\/\/d2p6e6u75xmxt8.cloudfront.net\/13\/2020\/06\/v\u00e1vra-elkov-kasper-1024x576.webp 1024w, https:\/\/d2p6e6u75xmxt8.cloudfront.net\/13\/2020\/06\/v\u00e1vra-elkov-kasper-768x432.webp 768w, https:\/\/d2p6e6u75xmxt8.cloudfront.net\/13\/2020\/06\/v\u00e1vra-elkov-kasper-1536x864.webp 1536w, https:\/\/d2p6e6u75xmxt8.cloudfront.net\/13\/2020\/06\/v\u00e1vra-elkov-kasper-1920x1080.webp 1920w, https:\/\/d2p6e6u75xmxt8.cloudfront.net\/13\/2020\/06\/v\u00e1vra-elkov-kasper-1920x1080.webp 1920w\" width=\"1024\" height=\"576\" sizes=\"auto, (min-width: 1200px) 356px, (min-width: 768px) 30vw, 100vw\" alt=\"na-plat-nikomu-sahnout-nemuseli-jak-pandemie-zasahla-nejlepsi-cesky-profitym\"\/><\/a><\/div>    <div class=\"entry-meta\">\n        <a class=\"label label-secondary post-category\" href=\"https:\/\/www.welovecycling.com\/cs\/category\/silnicni-cyklistika\/\" title=\"Silni\u010dn\u00ed cyklistika\">Silni\u010dn\u00ed cyklistika<\/a>\n    <\/div>\n    <div class=\"entry-details\">\n        <a href=\"https:\/\/www.welovecycling.com\/cs\/2020\/06\/09\/na-plat-nikomu-sahnout-nemuseli-jak-pandemie-zasahla-nejlepsi-cesky-profitym\/\" class='entry-title-wrapper'>\n            <h3 class=\"entry-title\"><span>Na plat nikomu s\u00e1hnout nemuseli! Jak pandemie zas\u00e1hla nejlep\u0161\u00ed \u010desk\u00fd profit\u00fdm?<\/span><\/h3>\n        <\/a>\n    <\/div>\n    <\/article>\n<\/div>\n<h2><strong>S bratrem \u0159e\u0161\u00edte cyklistiku nejv\u00edce?<\/strong><\/h2>\n<p>Stoj\u00ed za mnou cel\u00e1 rodina, pro m\u011b i pro br\u00e1chu toho ob\u011btovali hodn\u011b. Aspo\u0148 deset let osobn\u00edho \u017eivota, kdy s\u00a0n\u00e1mi jezdili po z\u00e1vodech. Te\u010f se jim to budeme sna\u017eit vynahradit.<\/p>\n<h2><strong>U\u017e v\u00edte, kter\u00e9 z\u00e1vody pojedete d\u00e1l? Po\u010d\u00edt\u00e1te se starty v zahrani\u010d\u00ed?<\/strong><\/h2>\n<p>Tento t\u00fdden jsme s Elkovem m\u011bli soust\u0159ed\u011bn\u00ed v Trutnov\u011b. V \u010dervenci p\u016flka t\u00fdmu pojede v Polsku etap\u00e1k Okolo Mazovska, druh\u00e1 \u010d\u00e1st t\u00fdmu v\u010detn\u011b m\u011b \u010cesk\u00fd poh\u00e1r a n\u00e1sledn\u011b etap\u00e1k Sibiu Tour v Rumunsku. To by m\u011bl b\u00fdt prvn\u00ed opravdu velk\u00fd z\u00e1vod, kde bych se cht\u011bl u\u017e uk\u00e1zat ve skv\u011bl\u00e9 form\u011b, stejn\u011b jako na mistrovstv\u00ed republiky. To jsou pro m\u011b i t\u00fdm d\u016fle\u017eit\u00e9 starty.<\/p>\n<figure id=\"attachment_8012\" aria-describedby=\"caption-attachment-8012\" style=\"width: 1600px\" class=\"wp-caption alignnone\"><a href=\"https:\/\/d2p6e6u75xmxt8.cloudfront.net\/13\/2020\/06\/WLC-toupal\u00edk-vi\u0161\u0148ovsk\u00fd-\u010dern\u00fd.jpg\"><img loading=\"lazy\" decoding=\"async\" class=\"size-full wp-image-8012\" src=\"https:\/\/d2p6e6u75xmxt8.cloudfront.net\/13\/2020\/06\/WLC-toupal\u00edk-vi\u0161\u0148ovsk\u00fd-\u010dern\u00fd.jpg\" alt=\"Adam \u0164oupal\u00edk (vpravo) p\u0159i stoup\u00e1n\u00ed na Pra\u017eskou boudu n\u00e1sledov\u00e1n Tom\u00e1\u0161em Vi\u0161\u0148ovsk\u00fdm a Josefem \u010cern\u00fdm. Foto: Michal \u010cerven\u00fd\" width=\"1600\" height=\"1067\" \/><\/a><figcaption id=\"caption-attachment-8012\" class=\"wp-caption-text\"><em>Adam \u0164oupal\u00edk (vpravo) p\u0159i stoup\u00e1n\u00ed na Pra\u017eskou boudu n\u00e1sledov\u00e1n Tom\u00e1\u0161em Vi\u0161\u0148ovsk\u00fdm a Josefem \u010cern\u00fdm. Foto: Michal \u010cerven\u00fd<\/em><\/figcaption><\/figure>\n<h2><strong>Kdy\u017e se v\u00e1m p\u0159ed sezonou ozval Elkov Kasper, pot\u011b\u0161il v\u00e1s jejich z\u00e1jem?<\/strong><\/h2>\n<p>M\u011bl jsem nab\u00eddku i z n\u011bmeck\u00e9ho t\u00fdmu, kde jsem p\u016fsobil minulou sezonu. Byli se mnou spokojeni, ale cht\u011bl jsem dom\u016f. Elkov m\u00e1 nav\u00edc garantovan\u00fd lep\u0161\u00ed program i z\u00e1zem\u00ed. Je zde prostor n\u011bco uk\u00e1zat a trochu se zviditelnit. Nav\u00edc jsem po p\u011bti letech v cizin\u011b doma, co\u017e je rovn\u011b\u017e p\u0159\u00edjemn\u00e1 zm\u011bna.<\/p>\n<h2><strong>Elkov v\u00e1s anga\u017eoval coby vrcha\u0159e. Jste s touto rol\u00ed sm\u00ed\u0159en?<\/strong><\/h2>\n<p>Bylo to tak dan\u00e9. V kopc\u00edch to snad um\u00edm, ale nejsem na to s\u00e1m. Skv\u011bl\u00ed vrcha\u0159i jsou i Karel Hn\u00edk a Michal Schlegel. M\u011bli bychom se o to n\u011bjak d\u011blit a sb\u00edrat v\u00fdsledky v t\u011b\u017ek\u00fdch etapov\u00fdch z\u00e1vodech, kde jsou kopce. Ale t\u00fdm je skv\u011ble vyv\u00e1\u017een\u00fd a m\u00e1me lidi v podstat\u011b na v\u0161echny typy z\u00e1vod\u016f. Sprintery, tempa\u0159e i \u010dasovk\u00e1\u0159e. Ka\u017ed\u00fd je n\u011bjak za\u0159azen\u00fd a v\u00ed, co se od n\u011bj \u010dek\u00e1. Nejd\u016fle\u017eit\u011bj\u0161\u00ed ze v\u0161eho je, abychom m\u011bli v\u00fdsledky jako t\u00fdm.<\/p>\n<div class=\"shortcode-ys-post-pinup\"><article class=\"loop-simple post-7882 post type-post status-publish format-standard has-post-thumbnail hentry category-silnicni-cyklistika category-https-www-welovecycling-com-cs-category-zabava tag-cyklistika tag-jiri-jezek global-categories-cycling\" data-postid=\"7882\" role=\"article\" data-post-id=\"7882\" data-word-count=\"539\" data-headline-length=\"85\" data-category=\"Silni\u010dn\u00ed cyklistika\" data-global-category=\"Cycling\" data-author=\"Radek Malina\" data-published=\"2020-06-22T09:00:27+02:00\" data-published-day=\"Monday\">\n    <div class=\"entry-thumbnail article-thumbnail\" content=\"https:\/\/d2p6e6u75xmxt8.cloudfront.net\/13\/2020\/04\/je\u017eek-ji\u0159\u00ed-150x150.webp\"><a href=\"https:\/\/www.welovecycling.com\/cs\/2020\/06\/22\/jezek-mezi-hvezdami-i-po-kariere-odmena-pro-cely-paralympijsky-sport-rika\/\" class=\"image-holder\" target=\"_self\"><img decoding=\"async\" loading=\"lazy\" class=\"\" src=\"https:\/\/d2p6e6u75xmxt8.cloudfront.net\/13\/2020\/04\/je\u017eek-ji\u0159\u00ed-1024x683.webp\" srcset=\"https:\/\/d2p6e6u75xmxt8.cloudfront.net\/13\/2020\/04\/je\u017eek-ji\u0159\u00ed.webp 2048w, https:\/\/d2p6e6u75xmxt8.cloudfront.net\/13\/2020\/04\/je\u017eek-ji\u0159\u00ed-300x200.webp 300w, https:\/\/d2p6e6u75xmxt8.cloudfront.net\/13\/2020\/04\/je\u017eek-ji\u0159\u00ed-1024x683.webp 1024w, https:\/\/d2p6e6u75xmxt8.cloudfront.net\/13\/2020\/04\/je\u017eek-ji\u0159\u00ed-768x512.webp 768w, https:\/\/d2p6e6u75xmxt8.cloudfront.net\/13\/2020\/04\/je\u017eek-ji\u0159\u00ed-1536x1024.webp 1536w, https:\/\/d2p6e6u75xmxt8.cloudfront.net\/13\/2020\/04\/je\u017eek-ji\u0159\u00ed-1920x1280.webp 1920w, https:\/\/d2p6e6u75xmxt8.cloudfront.net\/13\/2020\/04\/je\u017eek-ji\u0159\u00ed-272x182.webp 272w, https:\/\/d2p6e6u75xmxt8.cloudfront.net\/13\/2020\/04\/je\u017eek-ji\u0159\u00ed-1920x1280.webp 1920w\" width=\"1024\" height=\"683\" sizes=\"auto, (min-width: 1200px) 300px, (min-width: 768px) 25vw, 100vw\" alt=\"jezek-mezi-hvezdami-i-po-kariere-odmena-pro-cely-paralympijsky-sport-rika\"\/><\/a><\/div>    <div class=\"entry-meta\">\n        <a class=\"label label-secondary post-category\" href=\"https:\/\/www.welovecycling.com\/cs\/category\/silnicni-cyklistika\/\" title=\"Silni\u010dn\u00ed cyklistika\">Silni\u010dn\u00ed cyklistika<\/a>\n    <\/div>\n    <div class=\"entry-details\">\n        <a href=\"https:\/\/www.welovecycling.com\/cs\/2020\/06\/22\/jezek-mezi-hvezdami-i-po-kariere-odmena-pro-cely-paralympijsky-sport-rika\/\" class='entry-title-wrapper'>\n            <h3 class=\"entry-title\"><span>Je\u017eek mezi hv\u011bzdami i po kari\u00e9\u0159e. Odm\u011bna pro cel\u00fd paralympijsk\u00fd sport, \u0159\u00edk\u00e1<\/span><\/h3>\n        <\/a>\n    <\/div>\n    <\/article>\n<\/div>\n<h2><strong>Pro\u010d jste vlastn\u011b skon\u010dil v belgick\u00e9m t\u00fdmu Corendon Circus, jeho\u017e sou\u010d\u00e1st\u00ed byl Mathieu van der Poel?<\/strong><\/h2>\n<p>T\u00fdm postupoval do druh\u00e9 divize a j\u00e1 m\u011bl sl\u00edbenou novou smlouvu. Kv\u016fli cyklokrosu mi a\u017e do konce \u00fanora 2019 platil st\u00e1vaj\u00edc\u00ed kontrakt a od 1. b\u0159ezna jsem m\u011bl dostat nov\u00fd. Ale za\u010d\u00e1tkem \u00fanora mi \u0159ekli, \u017ee moji smlouvu neprodlou\u017e\u00ed.<\/p>\n<figure id=\"attachment_8013\" aria-describedby=\"caption-attachment-8013\" style=\"width: 1199px\" class=\"wp-caption alignnone\"><a href=\"https:\/\/d2p6e6u75xmxt8.cloudfront.net\/13\/2020\/06\/WLC-Adam-\u0164oupal\u00edk-josef-\u010dern\u00fd-vlevo-foto-michal-\u010derven\u00fd.jpg\"><img loading=\"lazy\" decoding=\"async\" class=\"size-full wp-image-8013\" src=\"https:\/\/d2p6e6u75xmxt8.cloudfront.net\/13\/2020\/06\/WLC-Adam-\u0164oupal\u00edk-josef-\u010dern\u00fd-vlevo-foto-michal-\u010derven\u00fd.jpg\" alt=\"Adam \u0164oupal\u00edk (vpravo) p\u0159i fini\u0161i prvn\u00edho z\u00e1vodu sezony po pauze zp\u016fsoben\u00e9 pandemi\u00ed koronaviru porazil Josefa \u010cern\u00e9ho. Foto: Michal \u010cerven\u00fd\" width=\"1199\" height=\"800\" \/><\/a><figcaption id=\"caption-attachment-8013\" class=\"wp-caption-text\"><em>Adam \u0164oupal\u00edk (vpravo) p\u0159i fini\u0161i prvn\u00edho z\u00e1vodu sezony po pauze zp\u016fsoben\u00e9 pandemi\u00ed koronaviru porazil Josefa \u010cern\u00e9ho. Foto: Michal \u010cerven\u00fd<\/em><\/figcaption><\/figure>\n<h2><strong>A dostal jste vysv\u011btlen\u00ed pro\u010d?<\/strong><\/h2>\n<p>Moc jsem tomu nerozum\u011bl. Byly tam r\u016fzn\u00e9 tlaky, do t\u00fdmu \u0161li z\u00e1vodn\u00edci, kte\u0159\u00ed dok\u00e1zali p\u0159in\u00e9st n\u011bjak\u00e9 pen\u00edze. A na m\u011b prost\u011b nezbylo m\u00edsto.<\/p>\n<h2><strong>Jak jste vzniklou situaci nesl?<\/strong><\/h2>\n<p>Hodn\u011b \u0161patn\u011b. Str\u00e1vil jsem tam \u010dty\u0159i roky, byl jsem v Corendonu od osmn\u00e1cti. V\u011b\u0159il jsem, \u017ee se nic nem\u016f\u017ee st\u00e1t. Byl jsem p\u0159ipraven j\u00edt k profesion\u00e1l\u016fm, t\u011b\u0161il jsem se na velk\u00e9 z\u00e1vody, kam jsme i d\u00edky van der Poelovi dost\u00e1vali \u010d\u00edm d\u00e1l v\u00edc pozv\u00e1nek. T\u011b\u0161il jsem se na to, \u017ee se budu moci uk\u00e1zat. Bohu\u017eel to dopadlo jinak a up\u0159\u00edmn\u011b \u0159\u00edk\u00e1m, \u017ee jsem nic podobn\u00e9ho ne\u010dekal. Cel\u00fd b\u0159ezen jsem c\u00edtil nechu\u0165 ke kolu i k cyklistice. Bylo to t\u011b\u017ek\u00e9 i s nov\u00fdm anga\u017em\u00e1, proto\u017ee bylo dost pozd\u011b. Ale na\u0161t\u011bst\u00ed se mi poda\u0159ilo sehnat m\u00edsto v n\u011bmeck\u00e9m t\u00fdmu Sauerland NRW a zase jsem se zvedl. Na\u0161el jsem tam dobr\u00e9 z\u00e1zem\u00ed. Byl to men\u0161\u00ed kontinent\u00e1ln\u00ed t\u00fdm, kter\u00fd se soust\u0159edil hlavn\u011b na z\u00e1vody v N\u011bmecku.<\/p>\n<figure id=\"attachment_8019\" aria-describedby=\"caption-attachment-8019\" style=\"width: 899px\" class=\"wp-caption alignnone\"><a href=\"https:\/\/d2p6e6u75xmxt8.cloudfront.net\/13\/2020\/06\/adam-\u0165oupal\u00edk-vpravo-jakub-\u0165oupal\u00edk.PNG.png\"><img loading=\"lazy\" decoding=\"async\" class=\" wp-image-8019\" src=\"https:\/\/d2p6e6u75xmxt8.cloudfront.net\/13\/2020\/06\/adam-\u0165oupal\u00edk-vpravo-jakub-\u0165oupal\u00edk.PNG.png\" alt=\"Adam \u0164oupal\u00edk (vpravo) s bratrem Jakubem z\u00e1vod\u00edc\u00edm za t\u00fdm Topforex Lapierre. Foto: facebook Topforex Lapierre\" width=\"899\" height=\"578\" \/><\/a><figcaption id=\"caption-attachment-8019\" class=\"wp-caption-text\"><em>Adam \u0164oupal\u00edk (vpravo) s bratrem Jakubem z\u00e1vod\u00edc\u00edm za t\u00fdm Topforex Lapierre. Foto: facebook Topforex Lapierre<\/em><\/figcaption><\/figure>\n<h2><strong>Co obn\u00e1\u0161ela a jak fungovala spolupr\u00e1ce s nejv\u011bt\u0161\u00ed hv\u011bzdou belgick\u00e9ho t\u00fdmu Mathieu van der Poelem?<\/strong><\/h2>\n<p>Byl \u00fapln\u011b v pohod\u011b. V\u017edycky jsme byli men\u0161\u00ed t\u00fdm s maxim\u00e1ln\u011b dvan\u00e1cti lidmi, poznal jsem ho hodn\u011b dob\u0159e. Oba jsme jezdili krosy, tr\u00e1vili jsme spolu hodn\u011b \u010dasu. Nevolali jsme si dvakr\u00e1t t\u00fddn\u011b, ale ten vztah byl p\u0159\u00e1telsk\u00fd. M\u011bli jsme si co \u0159\u00edct. M\u011bl r\u00e1d legraci, hodn\u011b se m\u011b vypt\u00e1val na \u010cesko, na \u010desk\u00e9 z\u00e1vodn\u00edky. Ale od doby, co jsem ode\u0161el, skoro v kontaktu nejsme. Napsali jsme si asi dvakr\u00e1t.<\/p>\n<div class=\"shortcode-ys-post-pinup\"><article class=\"loop-simple post-7773 post type-post status-publish format-standard has-post-thumbnail hentry category-silnicni-cyklistika tag-bora-hansgrohe tag-giro-ditalia tag-peter-sagan tag-tour-de-france global-categories-cycling\" data-postid=\"7773\" role=\"article\" data-post-id=\"7773\" data-word-count=\"514\" data-headline-length=\"70\" data-category=\"Silni\u010dn\u00ed cyklistika\" data-global-category=\"Cycling\" data-author=\"Jan Kr\u016fta\" data-published=\"2020-06-17T07:45:07+02:00\" data-published-day=\"Wednesday\">\n    <div class=\"entry-thumbnail article-thumbnail\" content=\"https:\/\/d2p6e6u75xmxt8.cloudfront.net\/13\/2019\/06\/Sagan-BORA-Hansgrohe-Bettini-150x150.webp\"><a href=\"https:\/\/www.welovecycling.com\/cs\/2020\/06\/17\/giro-ma-prednost-sagan-vysvetluje-proc-obetuje-kralovny-klasik\/\" class=\"image-holder\" target=\"_self\"><img decoding=\"async\" loading=\"lazy\" class=\"\" src=\"https:\/\/d2p6e6u75xmxt8.cloudfront.net\/13\/2019\/06\/Sagan-BORA-Hansgrohe-Bettini-1024x669.webp\" srcset=\"https:\/\/d2p6e6u75xmxt8.cloudfront.net\/13\/2019\/06\/Sagan-BORA-Hansgrohe-Bettini.webp 2000w, https:\/\/d2p6e6u75xmxt8.cloudfront.net\/13\/2019\/06\/Sagan-BORA-Hansgrohe-Bettini-300x196.webp 300w, https:\/\/d2p6e6u75xmxt8.cloudfront.net\/13\/2019\/06\/Sagan-BORA-Hansgrohe-Bettini-1024x669.webp 1024w, https:\/\/d2p6e6u75xmxt8.cloudfront.net\/13\/2019\/06\/Sagan-BORA-Hansgrohe-Bettini-768x502.webp 768w, https:\/\/d2p6e6u75xmxt8.cloudfront.net\/13\/2019\/06\/Sagan-BORA-Hansgrohe-Bettini-1536x1004.webp 1536w, https:\/\/d2p6e6u75xmxt8.cloudfront.net\/13\/2019\/06\/Sagan-BORA-Hansgrohe-Bettini-1920x1255.webp 1920w, https:\/\/d2p6e6u75xmxt8.cloudfront.net\/13\/2019\/06\/Sagan-BORA-Hansgrohe-Bettini-1920x1255.webp 1920w\" width=\"1024\" height=\"669\" sizes=\"auto, (min-width: 1200px) 306px, (min-width: 768px) 26vw, 100vw\" alt=\"giro-ma-prednost-sagan-vysvetluje-proc-obetuje-kralovny-klasik\"\/><\/a><\/div>    <div class=\"entry-meta\">\n        <a class=\"label label-secondary post-category\" href=\"https:\/\/www.welovecycling.com\/cs\/category\/silnicni-cyklistika\/\" title=\"Silni\u010dn\u00ed cyklistika\">Silni\u010dn\u00ed cyklistika<\/a>\n    <\/div>\n    <div class=\"entry-details\">\n        <a href=\"https:\/\/www.welovecycling.com\/cs\/2020\/06\/17\/giro-ma-prednost-sagan-vysvetluje-proc-obetuje-kralovny-klasik\/\" class='entry-title-wrapper'>\n            <h3 class=\"entry-title\"><span>Giro m\u00e1 p\u0159ednost! Sagan vysv\u011btluje, pro\u010d ob\u011btuje kr\u00e1lovny klasik<\/span><\/h3>\n        <\/a>\n    <\/div>\n    <\/article>\n<\/div>\n<h2><strong>Va\u0161\u00ed prioritou te\u010f bude v\u00fdhradn\u011b silnice?<\/strong><\/h2>\n<p>Chci vyhr\u00e1vat z\u00e1vody, a jestli na silnici nebo v krosu, to je mi celkem jedno. Nikdy jsem ne\u0159ekl, \u017ee jsem s cyklokrosem skon\u010dil. Po\u0159\u00e1d to nech\u00e1v\u00e1m otev\u0159en\u00e9. Uvid\u00edme, jak\u00e1 bude situace letos po zhu\u0161t\u011bn\u00e9 silni\u010dn\u00ed sez\u00f3n\u011b.<\/p>\n<figure id=\"attachment_8016\" aria-describedby=\"caption-attachment-8016\" style=\"width: 2064px\" class=\"wp-caption alignnone\"><a href=\"https:\/\/d2p6e6u75xmxt8.cloudfront.net\/13\/2020\/06\/WLC-adam-\u0165oupal\u00edk-krakono\u0161-trofej-portr\u00e9t-michal-\u010derven\u00fd.jpg\"><img loading=\"lazy\" decoding=\"async\" class=\"size-full wp-image-8016\" src=\"https:\/\/d2p6e6u75xmxt8.cloudfront.net\/13\/2020\/06\/WLC-adam-\u0165oupal\u00edk-krakono\u0161-trofej-portr\u00e9t-michal-\u010derven\u00fd.jpg\" alt=\"Adam \u0164oupal\u00edk s origin\u00e1ln\u00ed trofej\u00ed za v\u00edt\u011bzstv\u00ed v Krakono\u0161ov\u011b cyklomaratonu. Foto: Michal \u010cerven\u00fd\" width=\"2064\" height=\"1376\" \/><\/a><figcaption id=\"caption-attachment-8016\" class=\"wp-caption-text\">Adam \u0164oupal\u00edk s origin\u00e1ln\u00ed trofej\u00ed za v\u00edt\u011bzstv\u00ed v Krakono\u0161ov\u011b cyklomaratonu. Foto: Michal \u010cerven\u00fd<\/figcaption><\/figure>\n<h2><strong>V\u00e1\u0161 nejv\u011bt\u0161\u00ed cyklistick\u00fd sen je spojen\u00fd s cyklokrosem nebo silnic\u00ed?<\/strong><\/h2>\n<p>V\u017edycky jsem snil o tom, \u017ee si jednou zkus\u00edm Tour de France. Rozhodn\u011b to nevzd\u00e1v\u00e1m. Po\u0159\u00e1d v\u011b\u0159\u00edm, \u017ee se na velk\u00e9 z\u00e1vody je\u0161t\u011b pod\u00edv\u00e1m. Z\u00e1le\u017e\u00ed jen na mn\u011b, jak se mi bude da\u0159it.<\/p>\n<h2><strong>Ale cesta do World Tour m\u016f\u017ee b\u00fdt dost dlouh\u00e1&#8230;<\/strong><\/h2>\n<p>To je mi jasn\u00e9. Te\u010f jsem v\u00a0kontinent\u00e1ln\u00edm t\u00fdmu, i kdy\u017e ve velmi dobr\u00e9m. Ale v cyklistice m\u016f\u017ee jeden vyda\u0159en\u00fd z\u00e1vod v\u0161echno zm\u011bnit. N\u011bjak\u00e9 sny \u010dlov\u011bk m\u00edt mus\u00ed, jinak se sport d\u011blat ned\u00e1. M\u016f\u017ee to vyj\u00edt i nemus\u00ed.<\/p>\n","protected":false},"excerpt":{"rendered":"<p>M\u00e1 medaile z mistrovstv\u00ed sv\u011bta v cyklokrosu, kde byl v ml\u00e1de\u017enick\u00fdch kategori\u00edch jedn\u00edm z nejlep\u0161\u00edch z\u00e1vodn\u00edk\u016f. P\u0159esto se dnes t\u00e1borsk\u00fd [&hellip;]<\/p>\n","protected":false},"author":122,"featured_media":8017,"comment_status":"open","ping_status":"open","sticky":false,"template":"","format":"standard","meta":{"footnotes":""},"categories":[10],"tags":[983,126,762,178,9],"global-categories":[411],"class_list":["post-8010","post","type-post","status-publish","format-standard","has-post-thumbnail","hentry","category-silnicni-cyklistika","tag-adam-toupalik","tag-cyklistika","tag-elkov-kasper","tag-mathieu-van-der-poel","tag-silnicni-cyklistika","global-categories-cycling"],"yoast_head":"<!-- This site is optimized with the Yoast SEO Premium plugin v25.3 (Yoast SEO v25.9) - https:\/\/yoast.com\/wordpress\/plugins\/seo\/ -->\n<title>Adam \u0164oupal\u00edk: V\u017edy jsem snil o Tour de France. T\u0159eba se to jednou spln\u00ed, ale \u010dek\u00e1 m\u011b dlouh\u00e1 cesta | \u0160koda We Love Cycling - \u010cesk\u00e1 republika<\/title>\n<meta name=\"robots\" content=\"index, follow, max-snippet:-1, max-image-preview:large, max-video-preview:-1\" \/>\n<link rel=\"canonical\" href=\"https:\/\/www.welovecycling.com\/cs\/2020\/06\/27\/adam-toupalik-vzdy-jsem-snil-o-tour-de-france-treba-se-to-jednou-splni-ale-ceka-me-dlouha-cesta\/\" \/>\n<meta property=\"og:locale\" content=\"cs_CZ\" \/>\n<meta property=\"og:type\" content=\"article\" \/>\n<meta property=\"og:title\" content=\"Adam \u0164oupal\u00edk: V\u017edy jsem snil o Tour de France. T\u0159eba se to jednou spln\u00ed, ale \u010dek\u00e1 m\u011b dlouh\u00e1 cesta\" \/>\n<meta property=\"og:description\" content=\"M\u00e1 medaile z mistrovstv\u00ed sv\u011bta v cyklokrosu, kde byl v ml\u00e1de\u017enick\u00fdch kategori\u00edch jedn\u00edm z nejlep\u0161\u00edch z\u00e1vodn\u00edk\u016f. P\u0159esto se dnes t\u00e1borsk\u00fd [&hellip;]\" \/>\n<meta property=\"og:url\" content=\"https:\/\/www.welovecycling.com\/cs\/2020\/06\/27\/adam-toupalik-vzdy-jsem-snil-o-tour-de-france-treba-se-to-jednou-splni-ale-ceka-me-dlouha-cesta\/\" \/>\n<meta property=\"og:site_name\" content=\"\u0160koda We Love Cycling - \u010cesk\u00e1 republika\" \/>\n<meta property=\"article:published_time\" content=\"2020-06-27T05:30:41+00:00\" \/>\n<meta property=\"og:image\" content=\"https:\/\/d2p6e6u75xmxt8.cloudfront.net\/13\/2020\/06\/WLC-adam-\u0165oupal\u00edk-portr\u00e9t-michal-\u010derven\u00fd.webp\" \/>\n\t<meta property=\"og:image:width\" content=\"1960\" \/>\n\t<meta property=\"og:image:height\" content=\"1307\" \/>\n\t<meta property=\"og:image:type\" content=\"image\/webp\" \/>\n<meta name=\"twitter:card\" content=\"summary_large_image\" \/>\n<meta name=\"twitter:label1\" content=\"Written by\" \/>\n\t<meta name=\"twitter:data1\" content=\"Jan Kr\u016fta\" \/>\n\t<meta name=\"twitter:label2\" content=\"Est. reading time\" \/>\n\t<meta name=\"twitter:data2\" content=\"6\" \/>\n<script type=\"application\/ld+json\" class=\"yoast-schema-graph\">{\"@context\":\"https:\/\/schema.org\",\"@graph\":[{\"@type\":\"WebPage\",\"@id\":\"https:\/\/www.welovecycling.com\/cs\/2020\/06\/27\/adam-toupalik-vzdy-jsem-snil-o-tour-de-france-treba-se-to-jednou-splni-ale-ceka-me-dlouha-cesta\/\",\"url\":\"https:\/\/www.welovecycling.com\/cs\/2020\/06\/27\/adam-toupalik-vzdy-jsem-snil-o-tour-de-france-treba-se-to-jednou-splni-ale-ceka-me-dlouha-cesta\/\",\"name\":\"Adam \u0164oupal\u00edk: V\u017edy jsem snil o Tour de France. T\u0159eba se to jednou spln\u00ed, ale \u010dek\u00e1 m\u011b dlouh\u00e1 cesta | \u0160koda We Love Cycling - \u010cesk\u00e1 republika\",\"isPartOf\":{\"@id\":\"https:\/\/www.welovecycling.com\/cs\/#website\"},\"primaryImageOfPage\":{\"@id\":\"https:\/\/www.welovecycling.com\/cs\/2020\/06\/27\/adam-toupalik-vzdy-jsem-snil-o-tour-de-france-treba-se-to-jednou-splni-ale-ceka-me-dlouha-cesta\/#primaryimage\"},\"image\":{\"@id\":\"https:\/\/www.welovecycling.com\/cs\/2020\/06\/27\/adam-toupalik-vzdy-jsem-snil-o-tour-de-france-treba-se-to-jednou-splni-ale-ceka-me-dlouha-cesta\/#primaryimage\"},\"thumbnailUrl\":\"https:\/\/d2p6e6u75xmxt8.cloudfront.net\/13\/2020\/06\/WLC-adam-\u0165oupal\u00edk-portr\u00e9t-michal-\u010derven\u00fd.webp\",\"datePublished\":\"2020-06-27T05:30:41+00:00\",\"author\":{\"@id\":\"\"},\"inLanguage\":\"cs\",\"potentialAction\":[{\"@type\":\"ReadAction\",\"target\":[\"https:\/\/www.welovecycling.com\/cs\/2020\/06\/27\/adam-toupalik-vzdy-jsem-snil-o-tour-de-france-treba-se-to-jednou-splni-ale-ceka-me-dlouha-cesta\/\"]}]},{\"@type\":\"ImageObject\",\"inLanguage\":\"cs\",\"@id\":\"https:\/\/www.welovecycling.com\/cs\/2020\/06\/27\/adam-toupalik-vzdy-jsem-snil-o-tour-de-france-treba-se-to-jednou-splni-ale-ceka-me-dlouha-cesta\/#primaryimage\",\"url\":\"https:\/\/d2p6e6u75xmxt8.cloudfront.net\/13\/2020\/06\/WLC-adam-\u0165oupal\u00edk-portr\u00e9t-michal-\u010derven\u00fd.webp\",\"contentUrl\":\"https:\/\/d2p6e6u75xmxt8.cloudfront.net\/13\/2020\/06\/WLC-adam-\u0165oupal\u00edk-portr\u00e9t-michal-\u010derven\u00fd.webp\",\"width\":1960,\"height\":1307},{\"@type\":\"WebSite\",\"@id\":\"https:\/\/www.welovecycling.com\/cs\/#website\",\"url\":\"https:\/\/www.welovecycling.com\/cs\/\",\"name\":\"\u0160koda We Love Cycling - \u010cesk\u00e1 republika\",\"description\":\"WeLoveCycling.cz je online magaz\u00edn, kter\u00fd v\u00e1m pravideln\u011b p\u0159in\u00e1\u0161\u00ed rady a tipy, zaj\u00edmav\u00e9 \u010dl\u00e1nky, videa a jedine\u010dn\u00e9 report\u00e1\u017ee ze sv\u011bta cyklistiky.\",\"potentialAction\":[{\"@type\":\"SearchAction\",\"target\":{\"@type\":\"EntryPoint\",\"urlTemplate\":\"https:\/\/www.welovecycling.com\/cs\/?s={search_term_string}\"},\"query-input\":{\"@type\":\"PropertyValueSpecification\",\"valueRequired\":true,\"valueName\":\"search_term_string\"}}],\"inLanguage\":\"cs\"},{\"@type\":\"Person\",\"@id\":\"\",\"url\":\"https:\/\/www.welovecycling.com\/cs\/author\/\"}]}<\/script>\n<!-- \/ Yoast SEO Premium plugin. -->","yoast_head_json":{"title":"Adam \u0164oupal\u00edk: V\u017edy jsem snil o Tour de France. T\u0159eba se to jednou spln\u00ed, ale \u010dek\u00e1 m\u011b dlouh\u00e1 cesta | \u0160koda We Love Cycling - \u010cesk\u00e1 republika","robots":{"index":"index","follow":"follow","max-snippet":"max-snippet:-1","max-image-preview":"max-image-preview:large","max-video-preview":"max-video-preview:-1"},"canonical":"https:\/\/www.welovecycling.com\/cs\/2020\/06\/27\/adam-toupalik-vzdy-jsem-snil-o-tour-de-france-treba-se-to-jednou-splni-ale-ceka-me-dlouha-cesta\/","og_locale":"cs_CZ","og_type":"article","og_title":"Adam \u0164oupal\u00edk: V\u017edy jsem snil o Tour de France. T\u0159eba se to jednou spln\u00ed, ale \u010dek\u00e1 m\u011b dlouh\u00e1 cesta","og_description":"M\u00e1 medaile z mistrovstv\u00ed sv\u011bta v cyklokrosu, kde byl v ml\u00e1de\u017enick\u00fdch kategori\u00edch jedn\u00edm z nejlep\u0161\u00edch z\u00e1vodn\u00edk\u016f. P\u0159esto se dnes t\u00e1borsk\u00fd [&hellip;]","og_url":"https:\/\/www.welovecycling.com\/cs\/2020\/06\/27\/adam-toupalik-vzdy-jsem-snil-o-tour-de-france-treba-se-to-jednou-splni-ale-ceka-me-dlouha-cesta\/","og_site_name":"\u0160koda We Love Cycling - \u010cesk\u00e1 republika","article_published_time":"2020-06-27T05:30:41+00:00","og_image":[{"width":1960,"height":1307,"url":"https:\/\/d2p6e6u75xmxt8.cloudfront.net\/13\/2020\/06\/WLC-adam-\u0165oupal\u00edk-portr\u00e9t-michal-\u010derven\u00fd.webp","type":"image\/webp"}],"twitter_card":"summary_large_image","twitter_misc":{"Written by":"Jan Kr\u016fta","Est. reading time":"6"},"schema":{"@context":"https:\/\/schema.org","@graph":[{"@type":"WebPage","@id":"https:\/\/www.welovecycling.com\/cs\/2020\/06\/27\/adam-toupalik-vzdy-jsem-snil-o-tour-de-france-treba-se-to-jednou-splni-ale-ceka-me-dlouha-cesta\/","url":"https:\/\/www.welovecycling.com\/cs\/2020\/06\/27\/adam-toupalik-vzdy-jsem-snil-o-tour-de-france-treba-se-to-jednou-splni-ale-ceka-me-dlouha-cesta\/","name":"Adam \u0164oupal\u00edk: V\u017edy jsem snil o Tour de France. T\u0159eba se to jednou spln\u00ed, ale \u010dek\u00e1 m\u011b dlouh\u00e1 cesta | \u0160koda We Love Cycling - \u010cesk\u00e1 republika","isPartOf":{"@id":"https:\/\/www.welovecycling.com\/cs\/#website"},"primaryImageOfPage":{"@id":"https:\/\/www.welovecycling.com\/cs\/2020\/06\/27\/adam-toupalik-vzdy-jsem-snil-o-tour-de-france-treba-se-to-jednou-splni-ale-ceka-me-dlouha-cesta\/#primaryimage"},"image":{"@id":"https:\/\/www.welovecycling.com\/cs\/2020\/06\/27\/adam-toupalik-vzdy-jsem-snil-o-tour-de-france-treba-se-to-jednou-splni-ale-ceka-me-dlouha-cesta\/#primaryimage"},"thumbnailUrl":"https:\/\/d2p6e6u75xmxt8.cloudfront.net\/13\/2020\/06\/WLC-adam-\u0165oupal\u00edk-portr\u00e9t-michal-\u010derven\u00fd.webp","datePublished":"2020-06-27T05:30:41+00:00","author":{"@id":""},"inLanguage":"cs","potentialAction":[{"@type":"ReadAction","target":["https:\/\/www.welovecycling.com\/cs\/2020\/06\/27\/adam-toupalik-vzdy-jsem-snil-o-tour-de-france-treba-se-to-jednou-splni-ale-ceka-me-dlouha-cesta\/"]}]},{"@type":"ImageObject","inLanguage":"cs","@id":"https:\/\/www.welovecycling.com\/cs\/2020\/06\/27\/adam-toupalik-vzdy-jsem-snil-o-tour-de-france-treba-se-to-jednou-splni-ale-ceka-me-dlouha-cesta\/#primaryimage","url":"https:\/\/d2p6e6u75xmxt8.cloudfront.net\/13\/2020\/06\/WLC-adam-\u0165oupal\u00edk-portr\u00e9t-michal-\u010derven\u00fd.webp","contentUrl":"https:\/\/d2p6e6u75xmxt8.cloudfront.net\/13\/2020\/06\/WLC-adam-\u0165oupal\u00edk-portr\u00e9t-michal-\u010derven\u00fd.webp","width":1960,"height":1307},{"@type":"WebSite","@id":"https:\/\/www.welovecycling.com\/cs\/#website","url":"https:\/\/www.welovecycling.com\/cs\/","name":"\u0160koda We Love Cycling - \u010cesk\u00e1 republika","description":"WeLoveCycling.cz je online magaz\u00edn, kter\u00fd v\u00e1m pravideln\u011b p\u0159in\u00e1\u0161\u00ed rady a tipy, zaj\u00edmav\u00e9 \u010dl\u00e1nky, videa a jedine\u010dn\u00e9 report\u00e1\u017ee ze sv\u011bta cyklistiky.","potentialAction":[{"@type":"SearchAction","target":{"@type":"EntryPoint","urlTemplate":"https:\/\/www.welovecycling.com\/cs\/?s={search_term_string}"},"query-input":{"@type":"PropertyValueSpecification","valueRequired":true,"valueName":"search_term_string"}}],"inLanguage":"cs"},{"@type":"Person","@id":"","url":"https:\/\/www.welovecycling.com\/cs\/author\/"}]}},"_links":{"self":[{"href":"https:\/\/www.welovecycling.com\/cs\/wp-json\/wp\/v2\/posts\/8010","targetHints":{"allow":["GET"]}}],"collection":[{"href":"https:\/\/www.welovecycling.com\/cs\/wp-json\/wp\/v2\/posts"}],"about":[{"href":"https:\/\/www.welovecycling.com\/cs\/wp-json\/wp\/v2\/types\/post"}],"author":[{"embeddable":true,"href":"https:\/\/www.welovecycling.com\/cs\/wp-json\/wp\/v2\/users\/122"}],"replies":[{"embeddable":true,"href":"https:\/\/www.welovecycling.com\/cs\/wp-json\/wp\/v2\/comments?post=8010"}],"version-history":[{"count":2,"href":"https:\/\/www.welovecycling.com\/cs\/wp-json\/wp\/v2\/posts\/8010\/revisions"}],"predecessor-version":[{"id":8023,"href":"https:\/\/www.welovecycling.com\/cs\/wp-json\/wp\/v2\/posts\/8010\/revisions\/8023"}],"wp:featuredmedia":[{"embeddable":true,"href":"https:\/\/www.welovecycling.com\/cs\/wp-json\/wp\/v2\/media\/8017"}],"wp:attachment":[{"href":"https:\/\/www.welovecycling.com\/cs\/wp-json\/wp\/v2\/media?parent=8010"}],"wp:term":[{"taxonomy":"category","embeddable":true,"href":"https:\/\/www.welovecycling.com\/cs\/wp-json\/wp\/v2\/categories?post=8010"},{"taxonomy":"post_tag","embeddable":true,"href":"https:\/\/www.welovecycling.com\/cs\/wp-json\/wp\/v2\/tags?post=8010"},{"taxonomy":"global-categories","embeddable":true,"href":"https:\/\/www.welovecycling.com\/cs\/wp-json\/wp\/v2\/global-categories?post=8010"}],"curies":[{"name":"wp","href":"https:\/\/api.w.org\/{rel}","templated":true}]}}