{"id":8003,"date":"2020-06-26T08:00:53","date_gmt":"2020-06-26T06:00:53","guid":{"rendered":"https:\/\/www.welovecycling.com\/cs\/?p=8003"},"modified":"2020-07-03T15:57:11","modified_gmt":"2020-07-03T13:57:11","slug":"pumptrack-a-jeho-historie-od-hlinenych-trati-po-asfalt","status":"publish","type":"post","link":"https:\/\/www.welovecycling.com\/cs\/2020\/06\/26\/pumptrack-a-jeho-historie-od-hlinenych-trati-po-asfalt\/","title":{"rendered":"Pumptrack a jeho historie: od hlin\u011bn\u00fdch trat\u00ed po asfalt"},"content":{"rendered":"<p><strong>Pumptrack, st\u00e1le popul\u00e1rn\u011bj\u0161\u00ed cyklistick\u00e1 discipl\u00edna, kde se na um\u011ble vytvo\u0159en\u00e9m okruhu s \u0159adou ter\u00e9nn\u00edch vln a zat\u00e1\u010dek ne\u0161lape a rychlost se zvy\u0161uje pomoc\u00ed tzv. pumpov\u00e1n\u00ed kola nahoru a dol\u016f. A proto\u017ee si pumptrack z\u00edsk\u00e1v\u00e1 st\u00e1le v\u00edce p\u0159\u00edznivc\u016f, p\u0159ipravila platforma We Love Cycling pro v\u0161echny fanou\u0161ky cyklistiky projekt, jeho\u017e patronem je biker Michal Maro\u0161i.<\/strong><\/p>\n<p>Jde o jednoho z pr\u016fkopn\u00edk\u016f t\u00e9to discipl\u00edny u n\u00e1s, stavitele pumptrack\u016f a tak\u00e9 b\u00fdval\u00e9ho vynikaj\u00edc\u00edho sjezda\u0159e \u010di fourcrossa\u0159e. P\u0159e\u010dt\u011bte si, jak se \u0161\u00ed\u0159il pumptrack v \u010cesk\u00e9 republice a jak\u00e1 je situace dnes o\u010dima mu\u017ee nejpovolan\u011bj\u0161\u00edho &#8211; Michala Maro\u0161iho.<\/p>\n<h2><strong>Boom odstartoval event na \u0160tvanici<\/strong><\/h2>\n<p>\u201ePrvn\u00ed event, pokud se nepletu, jsem do \u010ceska p\u0159ivezl na popud Red Bullu, kter\u00fd u\u017e v Braz\u00edlii d\u011blal z\u00e1vod Pump Riders. Z\u00e1vodil jsem tam a dal\u0161\u00ed rok jsme akci zrealizovali v Praze na \u0160tvanici. To se psal rok 2012.<\/p>\n<div class=\"shortcode-ys-post-pinup\"><article class=\"loop-simple post-7569 post type-post status-publish format-standard has-post-thumbnail hentry category-horska-cyklistika category-pumptrack category-https-www-welovecycling-com-cs-category-zabava tag-bmx tag-fourcross tag-michal-marosi tag-pumptrack global-categories-cycling\" data-postid=\"7569\" role=\"article\" data-post-id=\"7569\" data-word-count=\"827\" data-headline-length=\"79\" data-category=\"Horsk\u00e1 cyklistika\" data-global-category=\"Cycling\" data-author=\"Jan Kr\u016fta\" data-published=\"2020-06-07T09:07:10+02:00\" data-published-day=\"Sunday\">\n    <div class=\"entry-thumbnail article-thumbnail\" content=\"https:\/\/d2p6e6u75xmxt8.cloudfront.net\/13\/2020\/06\/Maro\u0161i-Michal-WLC-3-150x150.webp\"><a href=\"https:\/\/www.welovecycling.com\/cs\/2020\/06\/07\/michal-marosi-nikdy-jsem-nebyl-ukazkovy-sportovec-ale-spis-zlobivy-kluk\/\" class=\"image-holder\" target=\"_self\"><img decoding=\"async\" loading=\"lazy\" class=\"\" src=\"https:\/\/d2p6e6u75xmxt8.cloudfront.net\/13\/2020\/06\/Maro\u0161i-Michal-WLC-3-1024x683.webp\" srcset=\"https:\/\/d2p6e6u75xmxt8.cloudfront.net\/13\/2020\/06\/Maro\u0161i-Michal-WLC-3.webp 1600w, https:\/\/d2p6e6u75xmxt8.cloudfront.net\/13\/2020\/06\/Maro\u0161i-Michal-WLC-3-300x200.webp 300w, https:\/\/d2p6e6u75xmxt8.cloudfront.net\/13\/2020\/06\/Maro\u0161i-Michal-WLC-3-1024x683.webp 1024w, https:\/\/d2p6e6u75xmxt8.cloudfront.net\/13\/2020\/06\/Maro\u0161i-Michal-WLC-3-768x512.webp 768w, https:\/\/d2p6e6u75xmxt8.cloudfront.net\/13\/2020\/06\/Maro\u0161i-Michal-WLC-3-1536x1024.webp 1536w, https:\/\/d2p6e6u75xmxt8.cloudfront.net\/13\/2020\/06\/Maro\u0161i-Michal-WLC-3-272x182.webp 272w\" width=\"1024\" height=\"683\" sizes=\"auto, (min-width: 1200px) 300px, (min-width: 768px) 25vw, 100vw\" alt=\"michal-marosi-nikdy-jsem-nebyl-ukazkovy-sportovec-ale-spis-zlobivy-kluk\"\/><\/a><\/div>    <div class=\"entry-meta\">\n        <a class=\"label label-secondary post-category\" href=\"https:\/\/www.welovecycling.com\/cs\/category\/horska-cyklistika\/\" title=\"Horsk\u00e1 cyklistika\">Horsk\u00e1 cyklistika<\/a>\n    <\/div>\n    <div class=\"entry-details\">\n        <a href=\"https:\/\/www.welovecycling.com\/cs\/2020\/06\/07\/michal-marosi-nikdy-jsem-nebyl-ukazkovy-sportovec-ale-spis-zlobivy-kluk\/\" class='entry-title-wrapper'>\n            <h3 class=\"entry-title\"><span>Michal Maro\u0161i: Nikdy jsem nebyl uk\u00e1zkov\u00fd sportovec, ale sp\u00ed\u0161 zlobiv\u00fd kluk<\/span><\/h3>\n        <\/a>\n    <\/div>\n    <\/article>\n<\/div>\n<p>Do \u010ceska tehdy dorazila \u0159ada zahrani\u010dn\u00edch z\u00e1vodn\u00edk\u016f a mezi fanou\u0161ky m\u011bla cel\u00e1 akce pom\u011brn\u011b velk\u00fd ohlas. D\u00e1 se \u0159\u00edci, \u017ee to odstartovalo pumptrackov\u00fd boom u n\u00e1s.<\/p>\n<p><a href=\"https:\/\/d2p6e6u75xmxt8.cloudfront.net\/13\/2020\/06\/Maro\u0161i-Michal-pumptrack-WLC.jpg\"><img loading=\"lazy\" decoding=\"async\" class=\"alignnone size-full wp-image-7573\" src=\"https:\/\/d2p6e6u75xmxt8.cloudfront.net\/13\/2020\/06\/Maro\u0161i-Michal-pumptrack-WLC.jpg\" alt=\"\" width=\"1600\" height=\"1067\" \/><\/a><\/p>\n<p>Ve sv\u011bt\u011b u\u017e se za\u010dal pumptrack jezdit jako samostatn\u00e1 discipl\u00edna, t\u0159eba v r\u00e1mci nejv\u011bt\u0161\u00edho bikov\u00e9ho festivalu Crankworx v USA. U n\u00e1s se toho chopily \u010desk\u00e9 firmy a za\u010daly se stav\u011bt dr\u00e1hy pro pumptrack.<\/p>\n<p>Nejd\u0159\u00edv to byly \u010dist\u011b hlin\u011bn\u00e9 pumptracky, pak se na n\u011b d\u00e1val drcen\u00fd v\u00e1penec. Postupn\u011b se za\u010daly stav\u011bt d\u0159ev\u011bn\u00e9 nebo lamin\u00e1tov\u00e9 dr\u00e1hy, ale nakonec se zjistilo, \u017ee nejlep\u0161\u00edm povrchem pro pumptracky na masov\u00e9 vyu\u017eit\u00ed je asfalt.<\/p>\n<h2><strong>Nejlep\u0161\u00edm povrchem pro dr\u00e1hu je asfalt<\/strong><\/h2>\n<p>D\u016fvod je prost\u00fd. Asfalt vydr\u017e\u00ed na dr\u00e1ze deset a\u017e dvan\u00e1ct let a sezona se d\u00edky asfaltu prot\u00e1hne skoro o p\u016fl roku. Pokud na dr\u00e1ze nen\u00ed sn\u00edh nebo led, d\u00e1 se jezdit vlastn\u011b po\u0159\u00e1d. Asfaltov\u00fdch pumptrack\u016f jsou dnes v \u010cesku des\u00edtky. Jejich obliba a po\u010det radik\u00e1ln\u011b stoup\u00e1.<\/p>\n<p>Pumptrackov\u00e9 ov\u00e1ly s asfaltov\u00fdm povrchem jsou prakticky bez\u00fadr\u017ebov\u00e1 sportovi\u0161t\u011b. Je to takov\u00fd kompromis mezi BMX a skateparky. Mohou na n\u011bj j\u00edt \u00fapln\u00ed amat\u00e9\u0159i, lid\u00e9 na kolech, na skejtu, longboardu nebo kolob\u011b\u017ece. Ka\u017ed\u00fd si na tom najde sv\u00e9. Za\u010d\u00e1te\u010dn\u00edk i profesion\u00e1l, v\u0161ichni mohou posouvat svoje hranice.<\/p>\n<p><a href=\"https:\/\/d2p6e6u75xmxt8.cloudfront.net\/13\/2020\/06\/pumptrack-michal-\u010derven\u00fd-3.jpg\"><img loading=\"lazy\" decoding=\"async\" class=\"alignnone size-full wp-image-7767\" src=\"https:\/\/d2p6e6u75xmxt8.cloudfront.net\/13\/2020\/06\/pumptrack-michal-\u010derven\u00fd-3.jpg\" alt=\"\" width=\"1600\" height=\"1067\" \/><\/a><\/p>\n<p>P\u0159i j\u00edzd\u011b na pumptracku se d\u00e1 pilovat technika, rychlost a skv\u011bl\u00e1 je i variabilita. Nejv\u00edc z\u00e1vis\u00ed na p\u0159en\u00e1\u0161en\u00ed v\u00e1hy, stabilit\u011b a postupn\u00e9m zrychlov\u00e1n\u00ed. A je to t\u0159eba u\u017e i pro d\u011bti ide\u00e1ln\u00ed n\u00e1stroj, aby pak dovednosti z pumptracku p\u0159enesly do ter\u00e9nu na horsk\u00e9 kolo.<\/p>\n<div class=\"shortcode-ys-post-pinup\"><article class=\"loop-simple post-7743 post type-post status-publish format-standard has-post-thumbnail hentry category-pumptrack category-rady-tipy category-https-www-welovecycling-com-cs-category-zabava tag-pumptrack global-categories-cycling\" data-postid=\"7743\" role=\"article\" data-post-id=\"7743\" data-word-count=\"257\" data-headline-length=\"47\" data-category=\"Pumptrack\" data-global-category=\"Cycling\" data-author=\"Jan Kr\u016fta\" data-published=\"2020-06-20T07:00:32+02:00\" data-published-day=\"Saturday\">\n    <div class=\"entry-thumbnail article-thumbnail\" content=\"https:\/\/d2p6e6u75xmxt8.cloudfront.net\/13\/2020\/06\/pumptrack-michal-\u010derven\u00fd-2-150x150.webp\"><a href=\"https:\/\/www.welovecycling.com\/cs\/2020\/06\/20\/pumptrack-pumpovani-na-draze-bez-slapani\/\" class=\"image-holder\" target=\"_self\"><img decoding=\"async\" loading=\"lazy\" class=\"\" src=\"https:\/\/d2p6e6u75xmxt8.cloudfront.net\/13\/2020\/06\/pumptrack-michal-\u010derven\u00fd-2-1024x683.webp\" srcset=\"https:\/\/d2p6e6u75xmxt8.cloudfront.net\/13\/2020\/06\/pumptrack-michal-\u010derven\u00fd-2.webp 1600w, https:\/\/d2p6e6u75xmxt8.cloudfront.net\/13\/2020\/06\/pumptrack-michal-\u010derven\u00fd-2-300x200.webp 300w, https:\/\/d2p6e6u75xmxt8.cloudfront.net\/13\/2020\/06\/pumptrack-michal-\u010derven\u00fd-2-1024x683.webp 1024w, https:\/\/d2p6e6u75xmxt8.cloudfront.net\/13\/2020\/06\/pumptrack-michal-\u010derven\u00fd-2-768x512.webp 768w, https:\/\/d2p6e6u75xmxt8.cloudfront.net\/13\/2020\/06\/pumptrack-michal-\u010derven\u00fd-2-1536x1024.webp 1536w, https:\/\/d2p6e6u75xmxt8.cloudfront.net\/13\/2020\/06\/pumptrack-michal-\u010derven\u00fd-2-272x182.webp 272w\" width=\"1024\" height=\"683\" sizes=\"auto, (min-width: 1200px) 300px, (min-width: 768px) 25vw, 100vw\" alt=\"pumptrack-pumpovani-na-draze-bez-slapani\"\/><\/a><\/div>    <div class=\"entry-meta\">\n        <a class=\"label label-secondary post-category\" href=\"https:\/\/www.welovecycling.com\/cs\/category\/pumptrack\/\" title=\"Pumptrack\">Pumptrack<\/a>\n    <\/div>\n    <div class=\"entry-details\">\n        <a href=\"https:\/\/www.welovecycling.com\/cs\/2020\/06\/20\/pumptrack-pumpovani-na-draze-bez-slapani\/\" class='entry-title-wrapper'>\n            <h3 class=\"entry-title\"><span>Pumptrack: pumpov\u00e1n\u00ed na dr\u00e1ze bez \u0161lap\u00e1n\u00ed<\/span><\/h3>\n        <\/a>\n    <\/div>\n    <\/article>\n<\/div>\n<p>V\u0161em ho mohu v\u0159ele doporu\u010dit. Je to relativn\u011b hodn\u011bj\u0161\u00ed discipl\u00edna. Asfalt sice taky um\u00ed p\u011bkn\u011b sp\u00e1lit, ale po\u0159\u00e1d je to lep\u0161\u00ed ne\u017e t\u0159eba \u0161t\u011brk. Nav\u00edc pokud nen\u00ed asfalt namrzl\u00fd nebo na dr\u00e1ze nen\u00ed n\u00e1nos pylu, tak s\u00e1m o sob\u011b neklou\u017ee.<\/p>\n<p>Pumptrack si rychle z\u00edsk\u00e1 ka\u017ed\u00e9ho. Na mezin\u00e1rodn\u00edm poli u\u017e to do\u0161lo tak daleko, \u017ee si ho pod sv\u00e1 k\u0159\u00eddla vzala Mezin\u00e1rodn\u00ed cyklistick\u00e1 unie a p\u0159i mistrovstv\u00ed sv\u011bta se i v\u00a0pumptracku bojuje o duhov\u00fd dres.\u201c<\/p>\n","protected":false},"excerpt":{"rendered":"<p>Pumptrack, st\u00e1le popul\u00e1rn\u011bj\u0161\u00ed cyklistick\u00e1 discipl\u00edna, kde se na um\u011ble vytvo\u0159en\u00e9m okruhu s \u0159adou ter\u00e9nn\u00edch vln a zat\u00e1\u010dek ne\u0161lape a rychlost [&hellip;]<\/p>\n","protected":false},"author":122,"featured_media":5177,"comment_status":"open","ping_status":"open","sticky":false,"template":"","format":"standard","meta":{"footnotes":""},"categories":[1003,15,660],"tags":[587,726],"global-categories":[411],"class_list":["post-8003","post","type-post","status-publish","format-standard","has-post-thumbnail","hentry","category-pumptrack","category-rady-tipy","category-https-www-welovecycling-com-cs-category-zabava","tag-michal-marosi","tag-pumptrack","global-categories-cycling"],"yoast_head":"<!-- This site is optimized with the Yoast SEO Premium plugin v25.3 (Yoast SEO v25.9) - https:\/\/yoast.com\/wordpress\/plugins\/seo\/ -->\n<title>Pumptrack a jeho historie: od hlin\u011bn\u00fdch trat\u00ed po asfalt | \u0160koda We Love Cycling - \u010cesk\u00e1 republika<\/title>\n<meta name=\"robots\" content=\"index, follow, max-snippet:-1, max-image-preview:large, max-video-preview:-1\" \/>\n<link rel=\"canonical\" href=\"https:\/\/www.welovecycling.com\/cs\/2020\/06\/26\/pumptrack-a-jeho-historie-od-hlinenych-trati-po-asfalt\/\" \/>\n<meta property=\"og:locale\" content=\"cs_CZ\" \/>\n<meta property=\"og:type\" content=\"article\" \/>\n<meta property=\"og:title\" content=\"Pumptrack a jeho historie: od hlin\u011bn\u00fdch trat\u00ed po asfalt\" \/>\n<meta property=\"og:description\" content=\"Pumptrack, st\u00e1le popul\u00e1rn\u011bj\u0161\u00ed cyklistick\u00e1 discipl\u00edna, kde se na um\u011ble vytvo\u0159en\u00e9m okruhu s \u0159adou ter\u00e9nn\u00edch vln a zat\u00e1\u010dek ne\u0161lape a rychlost [&hellip;]\" \/>\n<meta property=\"og:url\" content=\"https:\/\/www.welovecycling.com\/cs\/2020\/06\/26\/pumptrack-a-jeho-historie-od-hlinenych-trati-po-asfalt\/\" \/>\n<meta property=\"og:site_name\" content=\"\u0160koda We Love Cycling - \u010cesk\u00e1 republika\" \/>\n<meta property=\"article:published_time\" content=\"2020-06-26T06:00:53+00:00\" \/>\n<meta property=\"article:modified_time\" content=\"2020-07-03T13:57:11+00:00\" \/>\n<meta property=\"og:image\" content=\"https:\/\/d2p6e6u75xmxt8.cloudfront.net\/13\/2020\/01\/PSX_20191103_124129.webp\" \/>\n\t<meta property=\"og:image:width\" content=\"2000\" \/>\n\t<meta property=\"og:image:height\" content=\"1333\" \/>\n\t<meta property=\"og:image:type\" content=\"image\/webp\" \/>\n<meta name=\"twitter:card\" content=\"summary_large_image\" \/>\n<meta name=\"twitter:label1\" content=\"Written by\" \/>\n\t<meta name=\"twitter:data1\" content=\"Jan Kr\u016fta\" \/>\n\t<meta name=\"twitter:label2\" content=\"Est. reading time\" \/>\n\t<meta name=\"twitter:data2\" content=\"5\" \/>\n<script type=\"application\/ld+json\" class=\"yoast-schema-graph\">{\"@context\":\"https:\/\/schema.org\",\"@graph\":[{\"@type\":\"WebPage\",\"@id\":\"https:\/\/www.welovecycling.com\/cs\/2020\/06\/26\/pumptrack-a-jeho-historie-od-hlinenych-trati-po-asfalt\/\",\"url\":\"https:\/\/www.welovecycling.com\/cs\/2020\/06\/26\/pumptrack-a-jeho-historie-od-hlinenych-trati-po-asfalt\/\",\"name\":\"Pumptrack a jeho historie: od hlin\u011bn\u00fdch trat\u00ed po asfalt | \u0160koda We Love Cycling - \u010cesk\u00e1 republika\",\"isPartOf\":{\"@id\":\"https:\/\/www.welovecycling.com\/cs\/#website\"},\"primaryImageOfPage\":{\"@id\":\"https:\/\/www.welovecycling.com\/cs\/2020\/06\/26\/pumptrack-a-jeho-historie-od-hlinenych-trati-po-asfalt\/#primaryimage\"},\"image\":{\"@id\":\"https:\/\/www.welovecycling.com\/cs\/2020\/06\/26\/pumptrack-a-jeho-historie-od-hlinenych-trati-po-asfalt\/#primaryimage\"},\"thumbnailUrl\":\"https:\/\/d2p6e6u75xmxt8.cloudfront.net\/13\/2020\/01\/PSX_20191103_124129.webp\",\"datePublished\":\"2020-06-26T06:00:53+00:00\",\"dateModified\":\"2020-07-03T13:57:11+00:00\",\"author\":{\"@id\":\"\"},\"inLanguage\":\"cs\",\"potentialAction\":[{\"@type\":\"ReadAction\",\"target\":[\"https:\/\/www.welovecycling.com\/cs\/2020\/06\/26\/pumptrack-a-jeho-historie-od-hlinenych-trati-po-asfalt\/\"]}]},{\"@type\":\"ImageObject\",\"inLanguage\":\"cs\",\"@id\":\"https:\/\/www.welovecycling.com\/cs\/2020\/06\/26\/pumptrack-a-jeho-historie-od-hlinenych-trati-po-asfalt\/#primaryimage\",\"url\":\"https:\/\/d2p6e6u75xmxt8.cloudfront.net\/13\/2020\/01\/PSX_20191103_124129.webp\",\"contentUrl\":\"https:\/\/d2p6e6u75xmxt8.cloudfront.net\/13\/2020\/01\/PSX_20191103_124129.webp\",\"width\":2000,\"height\":1333,\"caption\":\"Michal Maro\u0161i v\u011b\u0159\u00ed, \u017ee v pr\u016fb\u011bhu roku 2020 se povede v \u010cR postavit 4 a\u017e 5 nov\u00fdch pumptrackov\u00fdch trat\u00ed.\"},{\"@type\":\"WebSite\",\"@id\":\"https:\/\/www.welovecycling.com\/cs\/#website\",\"url\":\"https:\/\/www.welovecycling.com\/cs\/\",\"name\":\"\u0160koda We Love Cycling - \u010cesk\u00e1 republika\",\"description\":\"WeLoveCycling.cz je online magaz\u00edn, kter\u00fd v\u00e1m pravideln\u011b p\u0159in\u00e1\u0161\u00ed rady a tipy, zaj\u00edmav\u00e9 \u010dl\u00e1nky, videa a jedine\u010dn\u00e9 report\u00e1\u017ee ze sv\u011bta cyklistiky.\",\"potentialAction\":[{\"@type\":\"SearchAction\",\"target\":{\"@type\":\"EntryPoint\",\"urlTemplate\":\"https:\/\/www.welovecycling.com\/cs\/?s={search_term_string}\"},\"query-input\":{\"@type\":\"PropertyValueSpecification\",\"valueRequired\":true,\"valueName\":\"search_term_string\"}}],\"inLanguage\":\"cs\"},{\"@type\":\"Person\",\"@id\":\"\",\"url\":\"https:\/\/www.welovecycling.com\/cs\/author\/\"}]}<\/script>\n<!-- \/ Yoast SEO Premium plugin. -->","yoast_head_json":{"title":"Pumptrack a jeho historie: od hlin\u011bn\u00fdch trat\u00ed po asfalt | \u0160koda We Love Cycling - \u010cesk\u00e1 republika","robots":{"index":"index","follow":"follow","max-snippet":"max-snippet:-1","max-image-preview":"max-image-preview:large","max-video-preview":"max-video-preview:-1"},"canonical":"https:\/\/www.welovecycling.com\/cs\/2020\/06\/26\/pumptrack-a-jeho-historie-od-hlinenych-trati-po-asfalt\/","og_locale":"cs_CZ","og_type":"article","og_title":"Pumptrack a jeho historie: od hlin\u011bn\u00fdch trat\u00ed po asfalt","og_description":"Pumptrack, st\u00e1le popul\u00e1rn\u011bj\u0161\u00ed cyklistick\u00e1 discipl\u00edna, kde se na um\u011ble vytvo\u0159en\u00e9m okruhu s \u0159adou ter\u00e9nn\u00edch vln a zat\u00e1\u010dek ne\u0161lape a rychlost [&hellip;]","og_url":"https:\/\/www.welovecycling.com\/cs\/2020\/06\/26\/pumptrack-a-jeho-historie-od-hlinenych-trati-po-asfalt\/","og_site_name":"\u0160koda We Love Cycling - \u010cesk\u00e1 republika","article_published_time":"2020-06-26T06:00:53+00:00","article_modified_time":"2020-07-03T13:57:11+00:00","og_image":[{"width":2000,"height":1333,"url":"https:\/\/d2p6e6u75xmxt8.cloudfront.net\/13\/2020\/01\/PSX_20191103_124129.webp","type":"image\/webp"}],"twitter_card":"summary_large_image","twitter_misc":{"Written by":"Jan Kr\u016fta","Est. reading time":"5"},"schema":{"@context":"https:\/\/schema.org","@graph":[{"@type":"WebPage","@id":"https:\/\/www.welovecycling.com\/cs\/2020\/06\/26\/pumptrack-a-jeho-historie-od-hlinenych-trati-po-asfalt\/","url":"https:\/\/www.welovecycling.com\/cs\/2020\/06\/26\/pumptrack-a-jeho-historie-od-hlinenych-trati-po-asfalt\/","name":"Pumptrack a jeho historie: od hlin\u011bn\u00fdch trat\u00ed po asfalt | \u0160koda We Love Cycling - \u010cesk\u00e1 republika","isPartOf":{"@id":"https:\/\/www.welovecycling.com\/cs\/#website"},"primaryImageOfPage":{"@id":"https:\/\/www.welovecycling.com\/cs\/2020\/06\/26\/pumptrack-a-jeho-historie-od-hlinenych-trati-po-asfalt\/#primaryimage"},"image":{"@id":"https:\/\/www.welovecycling.com\/cs\/2020\/06\/26\/pumptrack-a-jeho-historie-od-hlinenych-trati-po-asfalt\/#primaryimage"},"thumbnailUrl":"https:\/\/d2p6e6u75xmxt8.cloudfront.net\/13\/2020\/01\/PSX_20191103_124129.webp","datePublished":"2020-06-26T06:00:53+00:00","dateModified":"2020-07-03T13:57:11+00:00","author":{"@id":""},"inLanguage":"cs","potentialAction":[{"@type":"ReadAction","target":["https:\/\/www.welovecycling.com\/cs\/2020\/06\/26\/pumptrack-a-jeho-historie-od-hlinenych-trati-po-asfalt\/"]}]},{"@type":"ImageObject","inLanguage":"cs","@id":"https:\/\/www.welovecycling.com\/cs\/2020\/06\/26\/pumptrack-a-jeho-historie-od-hlinenych-trati-po-asfalt\/#primaryimage","url":"https:\/\/d2p6e6u75xmxt8.cloudfront.net\/13\/2020\/01\/PSX_20191103_124129.webp","contentUrl":"https:\/\/d2p6e6u75xmxt8.cloudfront.net\/13\/2020\/01\/PSX_20191103_124129.webp","width":2000,"height":1333,"caption":"Michal Maro\u0161i v\u011b\u0159\u00ed, \u017ee v pr\u016fb\u011bhu roku 2020 se povede v \u010cR postavit 4 a\u017e 5 nov\u00fdch pumptrackov\u00fdch trat\u00ed."},{"@type":"WebSite","@id":"https:\/\/www.welovecycling.com\/cs\/#website","url":"https:\/\/www.welovecycling.com\/cs\/","name":"\u0160koda We Love Cycling - \u010cesk\u00e1 republika","description":"WeLoveCycling.cz je online magaz\u00edn, kter\u00fd v\u00e1m pravideln\u011b p\u0159in\u00e1\u0161\u00ed rady a tipy, zaj\u00edmav\u00e9 \u010dl\u00e1nky, videa a jedine\u010dn\u00e9 report\u00e1\u017ee ze sv\u011bta cyklistiky.","potentialAction":[{"@type":"SearchAction","target":{"@type":"EntryPoint","urlTemplate":"https:\/\/www.welovecycling.com\/cs\/?s={search_term_string}"},"query-input":{"@type":"PropertyValueSpecification","valueRequired":true,"valueName":"search_term_string"}}],"inLanguage":"cs"},{"@type":"Person","@id":"","url":"https:\/\/www.welovecycling.com\/cs\/author\/"}]}},"_links":{"self":[{"href":"https:\/\/www.welovecycling.com\/cs\/wp-json\/wp\/v2\/posts\/8003","targetHints":{"allow":["GET"]}}],"collection":[{"href":"https:\/\/www.welovecycling.com\/cs\/wp-json\/wp\/v2\/posts"}],"about":[{"href":"https:\/\/www.welovecycling.com\/cs\/wp-json\/wp\/v2\/types\/post"}],"author":[{"embeddable":true,"href":"https:\/\/www.welovecycling.com\/cs\/wp-json\/wp\/v2\/users\/122"}],"replies":[{"embeddable":true,"href":"https:\/\/www.welovecycling.com\/cs\/wp-json\/wp\/v2\/comments?post=8003"}],"version-history":[{"count":2,"href":"https:\/\/www.welovecycling.com\/cs\/wp-json\/wp\/v2\/posts\/8003\/revisions"}],"predecessor-version":[{"id":8008,"href":"https:\/\/www.welovecycling.com\/cs\/wp-json\/wp\/v2\/posts\/8003\/revisions\/8008"}],"wp:featuredmedia":[{"embeddable":true,"href":"https:\/\/www.welovecycling.com\/cs\/wp-json\/wp\/v2\/media\/5177"}],"wp:attachment":[{"href":"https:\/\/www.welovecycling.com\/cs\/wp-json\/wp\/v2\/media?parent=8003"}],"wp:term":[{"taxonomy":"category","embeddable":true,"href":"https:\/\/www.welovecycling.com\/cs\/wp-json\/wp\/v2\/categories?post=8003"},{"taxonomy":"post_tag","embeddable":true,"href":"https:\/\/www.welovecycling.com\/cs\/wp-json\/wp\/v2\/tags?post=8003"},{"taxonomy":"global-categories","embeddable":true,"href":"https:\/\/www.welovecycling.com\/cs\/wp-json\/wp\/v2\/global-categories?post=8003"}],"curies":[{"name":"wp","href":"https:\/\/api.w.org\/{rel}","templated":true}]}}