{"id":7994,"date":"2020-06-25T18:30:06","date_gmt":"2020-06-25T16:30:06","guid":{"rendered":"https:\/\/www.welovecycling.com\/cs\/?p=7994"},"modified":"2020-06-25T18:30:06","modified_gmt":"2020-06-25T16:30:06","slug":"kolo-pro-zivot-se-roztaci-zavod-na-orliku-okoreni-rez-olympioniku","status":"publish","type":"post","link":"https:\/\/www.welovecycling.com\/cs\/2020\/06\/25\/kolo-pro-zivot-se-roztaci-zavod-na-orliku-okoreni-rez-olympioniku\/","title":{"rendered":"Kolo pro \u017eivot se rozt\u00e1\u010d\u00ed. Z\u00e1vod na Orl\u00edku oko\u0159en\u00ed \u0159e\u017e olympionik\u016f"},"content":{"rendered":"<p><strong>Netradi\u010dn\u011b a\u017e na konci \u010dervna a ve dvou dnech odstartuje o v\u00edkendu nejv\u011bt\u0161\u00ed cyklistick\u00fd seri\u00e1l v \u010cesku Kolo pro \u017eivot. V sezon\u011b ovlivn\u011bn\u00e9 pandemi\u00ed koronaviru bude \u00favodn\u00edm podnikem Orl\u00edk Tour Kooperativy a na maratonsk\u00e9 trati dlouh\u00e9 sedmapades\u00e1t kilometr\u016f si to v okol\u00ed Orlick\u00e9 p\u0159ehrady rozdaj\u00ed mimo jin\u00e9 kanoist\u00e9 Martin a Petr Fuchsovi s vesla\u0159em Ond\u0159ejem Synkem.<\/strong><\/p>\n<p>Organiz\u00e1to\u0159i st\u00e1li kv\u016fli pandemii p\u0159ed n\u00e1ro\u010dn\u00fdm \u00fakolem, jak rozjet seri\u00e1l s maxim\u00e1ln\u00ed \u00farovn\u00ed zaji\u0161t\u011bn\u00ed, sou\u010dasn\u011b ale s ohledem na aktu\u00e1ln\u00ed situaci. \u201eBylo pro n\u00e1s d\u016fle\u017eit\u00e9 vyhov\u011bt v\u0161em pot\u0159ebn\u00fdm doporu\u010den\u00edm. Na druhou stranu jsme necht\u011bli ochudit o mo\u017enost \u00fa\u010dastnit se tolik o\u010dek\u00e1van\u00e9ho za\u010d\u00e1tku sezony by\u0165 jen jedin\u00e9ho cyklistu a fanou\u0161ka Kola pro \u017eivot. I proto jsme p\u0159istoupili k variant\u011b rozlo\u017een\u00ed akce do dvou dn\u016f, d\u00edky \u010demu\u017e jsme schopni p\u0159iv\u00edtat na Orl\u00edku kompletn\u00ed \u0161k\u00e1lu z\u00e1vodn\u00edk\u016f v\u0161ech v\u011bkov\u00fdch i v\u00fdkonnostn\u00edch kategori\u00ed,\u201c p\u0159ibl\u00ed\u017eil trable Tom\u00e1\u0161 Pravenec, \u0159editel komunikace po\u0159adatelsk\u00e9 spole\u010dnosti Petr \u010cech Sport.<\/p>\n<h2><strong>Pojede i st\u0159\u00edbrn\u00fd olympionik Ond\u0159ej Synek<\/strong><\/h2>\n<p>Sobota bude na Orl\u00edku vyhrazena ostr\u00e9mu z\u00e1vodn\u00edmu tempu na tras\u00e1ch 57 a 31 km ozna\u010dovan\u00fdch jako B a C. Nejdel\u0161\u00ed tra\u0165 si op\u011bt nenech\u00e1 uj\u00edt vesla\u0159sk\u00fd mistr sv\u011bta Ond\u0159ej Synek, pro n\u011bho\u017e jsou bikersk\u00e9 z\u00e1vody u\u017e tradi\u010dn\u00edm zpest\u0159en\u00edm p\u0159\u00edpravy.<\/p>\n<p>\u201eNorm\u00e1ln\u011b bych touto dobou ladil formu n\u011bkde v zahrani\u010d\u00ed na vod\u011b. V\u011bt\u0161ina vrcholov\u00fdch sportovc\u016f ale musela zm\u011bnit pl\u00e1ny s ohledem na aktu\u00e1ln\u00ed situaci, co\u017e plat\u00ed i pro m\u011b. Z\u00e1vody Kola pro \u017eivot jsou tak v\u00edtan\u00fdm zpest\u0159en\u00edm v m\u00e9m tr\u00e9ninkov\u00e9m programu, nebo\u0165 m\u00e1m mo\u017enost pom\u011b\u0159it se s t\u011bmi nejlep\u0161\u00edmi. V\u0161echny akce KP\u017d nav\u00edc vynikaj\u00ed neopakovatelnou atmosf\u00e9rou,\u201c t\u011b\u0161il se na Orl\u00edk majitel olympijsk\u00e9ho st\u0159\u00edbra.<\/p>\n<p><a href=\"https:\/\/d2p6e6u75xmxt8.cloudfront.net\/13\/2020\/06\/WLC-KPZ-orl\u00edk-3.jpeg\"><img loading=\"lazy\" decoding=\"async\" class=\"alignnone size-full wp-image-8000\" src=\"https:\/\/d2p6e6u75xmxt8.cloudfront.net\/13\/2020\/06\/WLC-KPZ-orl\u00edk-3.jpeg\" alt=\"\" width=\"1920\" height=\"1279\" \/><\/a><\/p>\n<p>Letos ov\u0161em nebudou Synkovi konkurovat jen elitn\u00ed bike\u0159i, ale rovn\u011b\u017e kolegov\u00e9 vod\u00e1ci. Na start se toti\u017e postav\u00ed i kanoist\u00e9 Martin a Petr Fuchsovi. \u201eKdyby se m\u011b n\u011bkdo zeptal na \u010dervnov\u00fd program p\u0159ed \u010dty\u0159mi m\u011bs\u00edci, m\u011bl bych v di\u00e1\u0159i p\u0159\u00edpravu na olympijsk\u00e9 hry v Tokiu,&#8220; vykl\u00e1dal Martin Fuksa.<\/p>\n<div class=\"shortcode-ys-post-pinup\"><article class=\"loop-simple post-7864 post type-post status-publish format-standard has-post-thumbnail hentry category-horska-cyklistika tag-jan-skarnitzl global-categories-cycling\" data-postid=\"7864\" role=\"article\" data-post-id=\"7864\" data-word-count=\"747\" data-headline-length=\"86\" data-category=\"Horsk\u00e1 cyklistika\" data-global-category=\"Cycling\" data-author=\"Jan Kr\u016fta\" data-published=\"2020-06-21T07:30:15+02:00\" data-published-day=\"Sunday\">\n    <div class=\"entry-thumbnail article-thumbnail\" content=\"https:\/\/d2p6e6u75xmxt8.cloudfront.net\/13\/2020\/06\/jan-\u0161karnitzl-4-milo\u0161-lubas-150x150.webp\"><a href=\"https:\/\/www.welovecycling.com\/cs\/2020\/06\/21\/jan-skarnitzl-az-ucitim-ze-je-cas-z-pelotonu-vystoupit-tak-ten-krok-udelam\/\" class=\"image-holder\" target=\"_self\"><img decoding=\"async\" loading=\"lazy\" class=\"\" src=\"https:\/\/d2p6e6u75xmxt8.cloudfront.net\/13\/2020\/06\/jan-\u0161karnitzl-4-milo\u0161-lubas-1024x683.webp\" srcset=\"https:\/\/d2p6e6u75xmxt8.cloudfront.net\/13\/2020\/06\/jan-\u0161karnitzl-4-milo\u0161-lubas.webp 1920w, https:\/\/d2p6e6u75xmxt8.cloudfront.net\/13\/2020\/06\/jan-\u0161karnitzl-4-milo\u0161-lubas-300x200.webp 300w, https:\/\/d2p6e6u75xmxt8.cloudfront.net\/13\/2020\/06\/jan-\u0161karnitzl-4-milo\u0161-lubas-1024x683.webp 1024w, https:\/\/d2p6e6u75xmxt8.cloudfront.net\/13\/2020\/06\/jan-\u0161karnitzl-4-milo\u0161-lubas-768x512.webp 768w, https:\/\/d2p6e6u75xmxt8.cloudfront.net\/13\/2020\/06\/jan-\u0161karnitzl-4-milo\u0161-lubas-1536x1024.webp 1536w, https:\/\/d2p6e6u75xmxt8.cloudfront.net\/13\/2020\/06\/jan-\u0161karnitzl-4-milo\u0161-lubas-272x182.webp 272w\" width=\"1024\" height=\"683\" sizes=\"auto, (min-width: 1200px) 300px, (min-width: 768px) 25vw, 100vw\" alt=\"jan-skarnitzl-az-ucitim-ze-je-cas-z-pelotonu-vystoupit-tak-ten-krok-udelam\"\/><\/a><\/div>    <div class=\"entry-meta\">\n        <a class=\"label label-secondary post-category\" href=\"https:\/\/www.welovecycling.com\/cs\/category\/horska-cyklistika\/\" title=\"Horsk\u00e1 cyklistika\">Horsk\u00e1 cyklistika<\/a>\n    <\/div>\n    <div class=\"entry-details\">\n        <a href=\"https:\/\/www.welovecycling.com\/cs\/2020\/06\/21\/jan-skarnitzl-az-ucitim-ze-je-cas-z-pelotonu-vystoupit-tak-ten-krok-udelam\/\" class='entry-title-wrapper'>\n            <h3 class=\"entry-title\"><span>Jan \u0160karnitzl: A\u017e uc\u00edt\u00edm, \u017ee je \u010das z\u00a0pelotonu vystoupit, tak ten krok ud\u011bl\u00e1m<\/span><\/h3>\n        <\/a>\n    <\/div>\n    <\/article>\n<\/div>\n<p>Jen\u017ee i v jeho p\u0159\u00edpadn\u011b odlo\u017een\u00ed boj\u016f pod p\u011bti kruhy o dvan\u00e1ct m\u011bs\u00edc\u016f radik\u00e1ln\u011b zm\u011bnilo pl\u00e1ny. \u201eJe\u0161t\u011b nikdy jsem nejel z\u00e1vod na kole, nato\u017e trasu dlouhou sedmapades\u00e1t kilometr\u016f. Vlastn\u011b by se dalo spo\u010d\u00edtat na prstech jedn\u00e9 ruky, kolikr\u00e1t jsem takovou vzd\u00e1lenost ujel rekrea\u010dn\u011b. Je to pro m\u011b sportovn\u00ed v\u00fdzva, mo\u017enost vyzkou\u0161et si vlastn\u00ed limity,\u201c p\u0159em\u00edtal star\u0161\u00ed z bratr\u016f Martin, kter\u00fd se ov\u0161em mimo kanoistick\u00fdch \u00fasp\u011bch\u016f m\u016f\u017ee pochlubit t\u0159eba 57. m\u00edstem na lo\u0148sk\u00e9 Jizersk\u00e9 pades\u00e1tce.<\/p>\n<h2><strong>Cink p\u0159ijede ze soust\u0159ed\u011bn\u00ed na Zadov\u011b<\/strong><\/h2>\n<p>Mezi startuj\u00edc\u00edmi nebude v sobotu chyb\u011bt reprezenta\u010dn\u00ed biker Ond\u0159ej Cink, kter\u00fd si na Orl\u00edk odsko\u010d\u00ed ze soust\u0159ed\u011bn\u00ed na Zadov\u011b, kde se chyst\u00e1 na \u010dervencov\u00fd vrchol prvn\u00ed \u010d\u00e1sti sezony v podob\u011b republikov\u00e9ho \u0161ampion\u00e1tu v cross country.<\/p>\n<p>Ned\u011ble bude v romantick\u00e9m okol\u00ed Orlick\u00e9 p\u0159ehrady vyhrazena atraktivn\u00edmu rodinn\u00e9mu programu. Dopoledne se pojedou d\u011btsk\u00e9 z\u00e1vody v\u0161ech v\u011bkov\u00fdch kategori\u00ed a po nich Family j\u00edzda na trase D v d\u00e9lce 13 km.<\/p>\n<figure id=\"attachment_7997\" aria-describedby=\"caption-attachment-7997\" style=\"width: 1920px\" class=\"wp-caption alignnone\"><a href=\"https:\/\/d2p6e6u75xmxt8.cloudfront.net\/13\/2020\/06\/WLC-kpz-2-orl\u00edk.jpeg\"><img loading=\"lazy\" decoding=\"async\" class=\"size-full wp-image-7997\" src=\"https:\/\/d2p6e6u75xmxt8.cloudfront.net\/13\/2020\/06\/WLC-kpz-2-orl\u00edk.jpeg\" alt=\"Family j\u00edzda bude p\u0159i \u00favodn\u00edm d\u011bjstv\u00ed seri\u00e1lu Kola pro \u017eivot sou\u010d\u00e1st\u00ed ned\u011bln\u00edho programu. Foto: kolopro.cz\" width=\"1920\" height=\"1279\" \/><\/a><figcaption id=\"caption-attachment-7997\" class=\"wp-caption-text\"><em>Family j\u00edzda bude p\u0159i \u00favodn\u00edm d\u011bjstv\u00ed seri\u00e1lu Kola pro \u017eivot sou\u010d\u00e1st\u00ed ned\u011bln\u00edho programu. Foto: kolopro.cz<\/em><\/figcaption><\/figure>\n<p>Organiz\u00e1to\u0159i doporu\u010duj\u00ed v\u0161em \u00fa\u010dastn\u00edk\u016fm s ohledem na neust\u00e1l\u00fd v\u00fdvoj koronavirov\u00e9 krize sledovat webov\u00e9 str\u00e1nky seri\u00e1lu kolopro.cz, kde v\u0161ichni startuj\u00edc\u00ed najdou nejaktu\u00e1ln\u011bj\u0161\u00ed informace.<\/p>\n<h2><strong>Kolo pro \u017eivot 2020 &#8211; Orl\u00edk Tour Kooperativy<\/strong><\/h2>\n<p><strong>Sobota 27. \u010dervna<\/strong>:\u00a010.00 z\u00e1vod na trase C (31 km), 12.00 z\u00e1vod na trase B (57 km).\u00a0 <strong>Ned\u011ble 28. \u010dervna:<\/strong> 9.00-11.50 d\u011btsk\u00e9 z\u00e1vody Junior Trophy, 12.10 Junior Trophy Marathon (15 km), 12.20 Family j\u00edzda na trase D (13 km).<\/p>\n","protected":false},"excerpt":{"rendered":"<p>Netradi\u010dn\u011b a\u017e na konci \u010dervna a ve dvou dnech odstartuje o v\u00edkendu nejv\u011bt\u0161\u00ed cyklistick\u00fd seri\u00e1l v \u010cesku Kolo pro \u017eivot. [&hellip;]<\/p>\n","protected":false},"author":122,"featured_media":7998,"comment_status":"open","ping_status":"open","sticky":false,"template":"","format":"standard","meta":{"footnotes":""},"categories":[11],"tags":[126,206,980,982,205,981],"global-categories":[411],"class_list":["post-7994","post","type-post","status-publish","format-standard","has-post-thumbnail","hentry","category-horska-cyklistika","tag-cyklistika","tag-kolo-pro-zivot","tag-kolo-pro-zivot-2020","tag-martin-fuksa","tag-ondrej-cink","tag-ondrej-synek","global-categories-cycling"],"yoast_head":"<!-- This site is optimized with the Yoast SEO Premium plugin v25.3 (Yoast SEO v25.9) - https:\/\/yoast.com\/wordpress\/plugins\/seo\/ -->\n<title>Kolo pro \u017eivot se rozt\u00e1\u010d\u00ed. Z\u00e1vod na Orl\u00edku oko\u0159en\u00ed \u0159e\u017e olympionik\u016f | \u0160koda We Love Cycling - \u010cesk\u00e1 republika<\/title>\n<meta name=\"robots\" content=\"index, follow, max-snippet:-1, max-image-preview:large, max-video-preview:-1\" \/>\n<link rel=\"canonical\" href=\"https:\/\/www.welovecycling.com\/cs\/2020\/06\/25\/kolo-pro-zivot-se-roztaci-zavod-na-orliku-okoreni-rez-olympioniku\/\" \/>\n<meta property=\"og:locale\" content=\"cs_CZ\" \/>\n<meta property=\"og:type\" content=\"article\" \/>\n<meta property=\"og:title\" content=\"Kolo pro \u017eivot se rozt\u00e1\u010d\u00ed. Z\u00e1vod na Orl\u00edku oko\u0159en\u00ed \u0159e\u017e olympionik\u016f\" \/>\n<meta property=\"og:description\" content=\"Netradi\u010dn\u011b a\u017e na konci \u010dervna a ve dvou dnech odstartuje o v\u00edkendu nejv\u011bt\u0161\u00ed cyklistick\u00fd seri\u00e1l v \u010cesku Kolo pro \u017eivot. [&hellip;]\" \/>\n<meta property=\"og:url\" content=\"https:\/\/www.welovecycling.com\/cs\/2020\/06\/25\/kolo-pro-zivot-se-roztaci-zavod-na-orliku-okoreni-rez-olympioniku\/\" \/>\n<meta property=\"og:site_name\" content=\"\u0160koda We Love Cycling - \u010cesk\u00e1 republika\" \/>\n<meta property=\"article:published_time\" content=\"2020-06-25T16:30:06+00:00\" \/>\n<meta property=\"og:image\" content=\"https:\/\/d2p6e6u75xmxt8.cloudfront.net\/13\/2020\/06\/WLC-KPZ-orlik.webp\" \/>\n\t<meta property=\"og:image:width\" content=\"1920\" \/>\n\t<meta property=\"og:image:height\" content=\"1279\" \/>\n\t<meta property=\"og:image:type\" content=\"image\/webp\" \/>\n<meta name=\"twitter:card\" content=\"summary_large_image\" \/>\n<meta name=\"twitter:label1\" content=\"Written by\" \/>\n\t<meta name=\"twitter:data1\" content=\"Jan Kr\u016fta\" \/>\n\t<meta name=\"twitter:label2\" content=\"Est. reading time\" \/>\n\t<meta name=\"twitter:data2\" content=\"8\" \/>\n<script type=\"application\/ld+json\" class=\"yoast-schema-graph\">{\"@context\":\"https:\/\/schema.org\",\"@graph\":[{\"@type\":\"WebPage\",\"@id\":\"https:\/\/www.welovecycling.com\/cs\/2020\/06\/25\/kolo-pro-zivot-se-roztaci-zavod-na-orliku-okoreni-rez-olympioniku\/\",\"url\":\"https:\/\/www.welovecycling.com\/cs\/2020\/06\/25\/kolo-pro-zivot-se-roztaci-zavod-na-orliku-okoreni-rez-olympioniku\/\",\"name\":\"Kolo pro \u017eivot se rozt\u00e1\u010d\u00ed. Z\u00e1vod na Orl\u00edku oko\u0159en\u00ed \u0159e\u017e olympionik\u016f | \u0160koda We Love Cycling - \u010cesk\u00e1 republika\",\"isPartOf\":{\"@id\":\"https:\/\/www.welovecycling.com\/cs\/#website\"},\"primaryImageOfPage\":{\"@id\":\"https:\/\/www.welovecycling.com\/cs\/2020\/06\/25\/kolo-pro-zivot-se-roztaci-zavod-na-orliku-okoreni-rez-olympioniku\/#primaryimage\"},\"image\":{\"@id\":\"https:\/\/www.welovecycling.com\/cs\/2020\/06\/25\/kolo-pro-zivot-se-roztaci-zavod-na-orliku-okoreni-rez-olympioniku\/#primaryimage\"},\"thumbnailUrl\":\"https:\/\/d2p6e6u75xmxt8.cloudfront.net\/13\/2020\/06\/WLC-KPZ-orlik.webp\",\"datePublished\":\"2020-06-25T16:30:06+00:00\",\"author\":{\"@id\":\"\"},\"inLanguage\":\"cs\",\"potentialAction\":[{\"@type\":\"ReadAction\",\"target\":[\"https:\/\/www.welovecycling.com\/cs\/2020\/06\/25\/kolo-pro-zivot-se-roztaci-zavod-na-orliku-okoreni-rez-olympioniku\/\"]}]},{\"@type\":\"ImageObject\",\"inLanguage\":\"cs\",\"@id\":\"https:\/\/www.welovecycling.com\/cs\/2020\/06\/25\/kolo-pro-zivot-se-roztaci-zavod-na-orliku-okoreni-rez-olympioniku\/#primaryimage\",\"url\":\"https:\/\/d2p6e6u75xmxt8.cloudfront.net\/13\/2020\/06\/WLC-KPZ-orlik.webp\",\"contentUrl\":\"https:\/\/d2p6e6u75xmxt8.cloudfront.net\/13\/2020\/06\/WLC-KPZ-orlik.webp\",\"width\":1920,\"height\":1279},{\"@type\":\"WebSite\",\"@id\":\"https:\/\/www.welovecycling.com\/cs\/#website\",\"url\":\"https:\/\/www.welovecycling.com\/cs\/\",\"name\":\"\u0160koda We Love Cycling - \u010cesk\u00e1 republika\",\"description\":\"WeLoveCycling.cz je online magaz\u00edn, kter\u00fd v\u00e1m pravideln\u011b p\u0159in\u00e1\u0161\u00ed rady a tipy, zaj\u00edmav\u00e9 \u010dl\u00e1nky, videa a jedine\u010dn\u00e9 report\u00e1\u017ee ze sv\u011bta cyklistiky.\",\"potentialAction\":[{\"@type\":\"SearchAction\",\"target\":{\"@type\":\"EntryPoint\",\"urlTemplate\":\"https:\/\/www.welovecycling.com\/cs\/?s={search_term_string}\"},\"query-input\":{\"@type\":\"PropertyValueSpecification\",\"valueRequired\":true,\"valueName\":\"search_term_string\"}}],\"inLanguage\":\"cs\"},{\"@type\":\"Person\",\"@id\":\"\",\"url\":\"https:\/\/www.welovecycling.com\/cs\/author\/\"}]}<\/script>\n<!-- \/ Yoast SEO Premium plugin. -->","yoast_head_json":{"title":"Kolo pro \u017eivot se rozt\u00e1\u010d\u00ed. Z\u00e1vod na Orl\u00edku oko\u0159en\u00ed \u0159e\u017e olympionik\u016f | \u0160koda We Love Cycling - \u010cesk\u00e1 republika","robots":{"index":"index","follow":"follow","max-snippet":"max-snippet:-1","max-image-preview":"max-image-preview:large","max-video-preview":"max-video-preview:-1"},"canonical":"https:\/\/www.welovecycling.com\/cs\/2020\/06\/25\/kolo-pro-zivot-se-roztaci-zavod-na-orliku-okoreni-rez-olympioniku\/","og_locale":"cs_CZ","og_type":"article","og_title":"Kolo pro \u017eivot se rozt\u00e1\u010d\u00ed. Z\u00e1vod na Orl\u00edku oko\u0159en\u00ed \u0159e\u017e olympionik\u016f","og_description":"Netradi\u010dn\u011b a\u017e na konci \u010dervna a ve dvou dnech odstartuje o v\u00edkendu nejv\u011bt\u0161\u00ed cyklistick\u00fd seri\u00e1l v \u010cesku Kolo pro \u017eivot. [&hellip;]","og_url":"https:\/\/www.welovecycling.com\/cs\/2020\/06\/25\/kolo-pro-zivot-se-roztaci-zavod-na-orliku-okoreni-rez-olympioniku\/","og_site_name":"\u0160koda We Love Cycling - \u010cesk\u00e1 republika","article_published_time":"2020-06-25T16:30:06+00:00","og_image":[{"width":1920,"height":1279,"url":"https:\/\/d2p6e6u75xmxt8.cloudfront.net\/13\/2020\/06\/WLC-KPZ-orlik.webp","type":"image\/webp"}],"twitter_card":"summary_large_image","twitter_misc":{"Written by":"Jan Kr\u016fta","Est. reading time":"8"},"schema":{"@context":"https:\/\/schema.org","@graph":[{"@type":"WebPage","@id":"https:\/\/www.welovecycling.com\/cs\/2020\/06\/25\/kolo-pro-zivot-se-roztaci-zavod-na-orliku-okoreni-rez-olympioniku\/","url":"https:\/\/www.welovecycling.com\/cs\/2020\/06\/25\/kolo-pro-zivot-se-roztaci-zavod-na-orliku-okoreni-rez-olympioniku\/","name":"Kolo pro \u017eivot se rozt\u00e1\u010d\u00ed. Z\u00e1vod na Orl\u00edku oko\u0159en\u00ed \u0159e\u017e olympionik\u016f | \u0160koda We Love Cycling - \u010cesk\u00e1 republika","isPartOf":{"@id":"https:\/\/www.welovecycling.com\/cs\/#website"},"primaryImageOfPage":{"@id":"https:\/\/www.welovecycling.com\/cs\/2020\/06\/25\/kolo-pro-zivot-se-roztaci-zavod-na-orliku-okoreni-rez-olympioniku\/#primaryimage"},"image":{"@id":"https:\/\/www.welovecycling.com\/cs\/2020\/06\/25\/kolo-pro-zivot-se-roztaci-zavod-na-orliku-okoreni-rez-olympioniku\/#primaryimage"},"thumbnailUrl":"https:\/\/d2p6e6u75xmxt8.cloudfront.net\/13\/2020\/06\/WLC-KPZ-orlik.webp","datePublished":"2020-06-25T16:30:06+00:00","author":{"@id":""},"inLanguage":"cs","potentialAction":[{"@type":"ReadAction","target":["https:\/\/www.welovecycling.com\/cs\/2020\/06\/25\/kolo-pro-zivot-se-roztaci-zavod-na-orliku-okoreni-rez-olympioniku\/"]}]},{"@type":"ImageObject","inLanguage":"cs","@id":"https:\/\/www.welovecycling.com\/cs\/2020\/06\/25\/kolo-pro-zivot-se-roztaci-zavod-na-orliku-okoreni-rez-olympioniku\/#primaryimage","url":"https:\/\/d2p6e6u75xmxt8.cloudfront.net\/13\/2020\/06\/WLC-KPZ-orlik.webp","contentUrl":"https:\/\/d2p6e6u75xmxt8.cloudfront.net\/13\/2020\/06\/WLC-KPZ-orlik.webp","width":1920,"height":1279},{"@type":"WebSite","@id":"https:\/\/www.welovecycling.com\/cs\/#website","url":"https:\/\/www.welovecycling.com\/cs\/","name":"\u0160koda We Love Cycling - \u010cesk\u00e1 republika","description":"WeLoveCycling.cz je online magaz\u00edn, kter\u00fd v\u00e1m pravideln\u011b p\u0159in\u00e1\u0161\u00ed rady a tipy, zaj\u00edmav\u00e9 \u010dl\u00e1nky, videa a jedine\u010dn\u00e9 report\u00e1\u017ee ze sv\u011bta cyklistiky.","potentialAction":[{"@type":"SearchAction","target":{"@type":"EntryPoint","urlTemplate":"https:\/\/www.welovecycling.com\/cs\/?s={search_term_string}"},"query-input":{"@type":"PropertyValueSpecification","valueRequired":true,"valueName":"search_term_string"}}],"inLanguage":"cs"},{"@type":"Person","@id":"","url":"https:\/\/www.welovecycling.com\/cs\/author\/"}]}},"_links":{"self":[{"href":"https:\/\/www.welovecycling.com\/cs\/wp-json\/wp\/v2\/posts\/7994","targetHints":{"allow":["GET"]}}],"collection":[{"href":"https:\/\/www.welovecycling.com\/cs\/wp-json\/wp\/v2\/posts"}],"about":[{"href":"https:\/\/www.welovecycling.com\/cs\/wp-json\/wp\/v2\/types\/post"}],"author":[{"embeddable":true,"href":"https:\/\/www.welovecycling.com\/cs\/wp-json\/wp\/v2\/users\/122"}],"replies":[{"embeddable":true,"href":"https:\/\/www.welovecycling.com\/cs\/wp-json\/wp\/v2\/comments?post=7994"}],"version-history":[{"count":2,"href":"https:\/\/www.welovecycling.com\/cs\/wp-json\/wp\/v2\/posts\/7994\/revisions"}],"predecessor-version":[{"id":8007,"href":"https:\/\/www.welovecycling.com\/cs\/wp-json\/wp\/v2\/posts\/7994\/revisions\/8007"}],"wp:featuredmedia":[{"embeddable":true,"href":"https:\/\/www.welovecycling.com\/cs\/wp-json\/wp\/v2\/media\/7998"}],"wp:attachment":[{"href":"https:\/\/www.welovecycling.com\/cs\/wp-json\/wp\/v2\/media?parent=7994"}],"wp:term":[{"taxonomy":"category","embeddable":true,"href":"https:\/\/www.welovecycling.com\/cs\/wp-json\/wp\/v2\/categories?post=7994"},{"taxonomy":"post_tag","embeddable":true,"href":"https:\/\/www.welovecycling.com\/cs\/wp-json\/wp\/v2\/tags?post=7994"},{"taxonomy":"global-categories","embeddable":true,"href":"https:\/\/www.welovecycling.com\/cs\/wp-json\/wp\/v2\/global-categories?post=7994"}],"curies":[{"name":"wp","href":"https:\/\/api.w.org\/{rel}","templated":true}]}}