{"id":7975,"date":"2020-06-25T07:00:51","date_gmt":"2020-06-25T05:00:51","guid":{"rendered":"https:\/\/www.welovecycling.com\/cs\/?p=7975"},"modified":"2020-06-24T21:05:25","modified_gmt":"2020-06-24T19:05:25","slug":"made-in-festka-jedinecne-stroje-pro-jedinecne-lidi","status":"publish","type":"post","link":"https:\/\/www.welovecycling.com\/cs\/2020\/06\/25\/made-in-festka-jedinecne-stroje-pro-jedinecne-lidi\/","title":{"rendered":"Made in Festka. Jedine\u010dn\u00e9 stroje pro jedine\u010dn\u00e9 lidi"},"content":{"rendered":"<p><strong>Ryze \u010desk\u00e9 silni\u010dn\u00ed speci\u00e1ly, v\u00a0pr\u00e9miov\u00e9 kvalit\u011b i cen\u011b. To jsou kola Festka. Zna\u010dka z\u00a0pra\u017esk\u00fdch Vinohrad pln\u00ed sny z\u00e1kazn\u00edk\u016f po cel\u00e9m sv\u011bt\u011b u\u017e deset let. O za\u010d\u00e1tc\u00edch, filozofii firmy i budoucnosti si s\u00a0We Love Cycling p\u0159\u00edmo na d\u00edln\u011b pov\u00eddal spoluzakladatel spole\u010dnosti Michael Moure\u010dek.<\/strong><\/p>\n<h2><strong>Chyst\u00e1te k v\u00fdro\u010d\u00ed spole\u010dnosti Festka p\u0159ekvapen\u00ed pro klienty?<\/strong><\/h2>\n<p>Vznikne limitovan\u00e1 edice model\u016f Doppler, Rover a Scalatore. Chceme uk\u00e1zat lidem, jak si p\u0159edstavujeme ide\u00e1ln\u00ed produkt dne\u0161n\u00ed doby, v\u00a0kter\u00e9m bude ukryt\u00fd n\u00e1\u0161 ve\u0161ker\u00fd um. Zat\u00edm ale nechci v\u00edc prozrazovat, oslavy prob\u011bhnou v\u00a0polovin\u011b z\u00e1\u0159\u00ed.<\/p>\n<figure id=\"attachment_7983\" aria-describedby=\"caption-attachment-7983\" style=\"width: 640px\" class=\"wp-caption alignnone\"><a href=\"https:\/\/d2p6e6u75xmxt8.cloudfront.net\/13\/2020\/06\/WLC-Moure\u010dek-Festka-VII.jpg\"><img loading=\"lazy\" decoding=\"async\" class=\"size-full wp-image-7983\" src=\"https:\/\/d2p6e6u75xmxt8.cloudfront.net\/13\/2020\/06\/WLC-Moure\u010dek-Festka-VII.jpg\" alt=\"Jeden ze stroj\u016f vyroben\u00fdch v d\u00edln\u00e1ch spole\u010dnosti Festka.\" width=\"640\" height=\"426\" \/><\/a><figcaption id=\"caption-attachment-7983\" class=\"wp-caption-text\"><em>Jeden ze stroj\u016f vyroben\u00fdch v d\u00edln\u00e1ch spole\u010dnosti Festka. Foto: @Festka<\/em><\/figcaption><\/figure>\n<h2><strong>Vra\u0165me se o deset let zp\u011bt. Jak odstartoval p\u0159\u00edb\u011bh Festky?<\/strong><\/h2>\n<p>Ten okam\u017eik si pamatuji naprosto p\u0159esn\u011b, proto\u017ee k n\u011bmu do\u0161lo v den m\u00fdch t\u0159ic\u00e1t\u00fdch narozenin. Sed\u011bl jsem v baru, kam p\u0159i\u0161el m\u016fj kamar\u00e1d a pozd\u011bj\u0161\u00ed spoluzakladatel Festky Ond\u0159ej Novotn\u00fd. A byl sv\u011bdkem telefon\u00e1tu s mou rodinou, kter\u00e1 se rozhodla mi po\u0159\u00eddit silni\u010dn\u00ed kolo, na kter\u00e9m jsem od konce m\u00e9 cyklistick\u00e9 profikari\u00e9ry v roce 2006 nesed\u011bl.<\/p>\n<div class=\"shortcode-ys-post-pinup\"><article class=\"loop-simple post-7882 post type-post status-publish format-standard has-post-thumbnail hentry category-silnicni-cyklistika category-https-www-welovecycling-com-cs-category-zabava tag-cyklistika tag-jiri-jezek global-categories-cycling\" data-postid=\"7882\" role=\"article\" data-post-id=\"7882\" data-word-count=\"539\" data-headline-length=\"85\" data-category=\"Silni\u010dn\u00ed cyklistika\" data-global-category=\"Cycling\" data-author=\"Radek Malina\" data-published=\"2020-06-22T09:00:27+02:00\" data-published-day=\"Monday\">\n    <div class=\"entry-thumbnail article-thumbnail\" content=\"https:\/\/d2p6e6u75xmxt8.cloudfront.net\/13\/2020\/04\/je\u017eek-ji\u0159\u00ed-150x150.webp\"><a href=\"https:\/\/www.welovecycling.com\/cs\/2020\/06\/22\/jezek-mezi-hvezdami-i-po-kariere-odmena-pro-cely-paralympijsky-sport-rika\/\" class=\"image-holder\" target=\"_self\"><img decoding=\"async\" loading=\"lazy\" class=\"\" src=\"https:\/\/d2p6e6u75xmxt8.cloudfront.net\/13\/2020\/04\/je\u017eek-ji\u0159\u00ed-1024x683.webp\" srcset=\"https:\/\/d2p6e6u75xmxt8.cloudfront.net\/13\/2020\/04\/je\u017eek-ji\u0159\u00ed.webp 2048w, https:\/\/d2p6e6u75xmxt8.cloudfront.net\/13\/2020\/04\/je\u017eek-ji\u0159\u00ed-300x200.webp 300w, https:\/\/d2p6e6u75xmxt8.cloudfront.net\/13\/2020\/04\/je\u017eek-ji\u0159\u00ed-1024x683.webp 1024w, https:\/\/d2p6e6u75xmxt8.cloudfront.net\/13\/2020\/04\/je\u017eek-ji\u0159\u00ed-768x512.webp 768w, https:\/\/d2p6e6u75xmxt8.cloudfront.net\/13\/2020\/04\/je\u017eek-ji\u0159\u00ed-1536x1024.webp 1536w, https:\/\/d2p6e6u75xmxt8.cloudfront.net\/13\/2020\/04\/je\u017eek-ji\u0159\u00ed-1920x1280.webp 1920w, https:\/\/d2p6e6u75xmxt8.cloudfront.net\/13\/2020\/04\/je\u017eek-ji\u0159\u00ed-272x182.webp 272w, https:\/\/d2p6e6u75xmxt8.cloudfront.net\/13\/2020\/04\/je\u017eek-ji\u0159\u00ed-1920x1280.webp 1920w\" width=\"1024\" height=\"683\" sizes=\"auto, (min-width: 1200px) 300px, (min-width: 768px) 25vw, 100vw\" alt=\"jezek-mezi-hvezdami-i-po-kariere-odmena-pro-cely-paralympijsky-sport-rika\"\/><\/a><\/div>    <div class=\"entry-meta\">\n        <a class=\"label label-secondary post-category\" href=\"https:\/\/www.welovecycling.com\/cs\/category\/silnicni-cyklistika\/\" title=\"Silni\u010dn\u00ed cyklistika\">Silni\u010dn\u00ed cyklistika<\/a>\n    <\/div>\n    <div class=\"entry-details\">\n        <a href=\"https:\/\/www.welovecycling.com\/cs\/2020\/06\/22\/jezek-mezi-hvezdami-i-po-kariere-odmena-pro-cely-paralympijsky-sport-rika\/\" class='entry-title-wrapper'>\n            <h3 class=\"entry-title\"><span>Je\u017eek mezi hv\u011bzdami i po kari\u00e9\u0159e. Odm\u011bna pro cel\u00fd paralympijsk\u00fd sport, \u0159\u00edk\u00e1<\/span><\/h3>\n        <\/a>\n    <\/div>\n    <\/article>\n<\/div>\n<p>Zaj\u00edmav\u00e9 bylo, \u017ee jsem byl po dlouh\u00e9 dob\u011b v\u00a0situaci, kdy jsem si mohl kolo vybrat s\u00e1m. B\u011bhem kari\u00e9ry jsem toti\u017e v\u00fdb\u011br nemohl ovlivnit. To Ond\u0159eje zaujalo a ptal se, do jak\u00e9ho modelu a zna\u010dky p\u016fjdu. A byl hodn\u011b p\u0159ekvapen\u00fd, kdy\u017e jsem p\u0159i\u0161el s\u00a0my\u0161lenkou nechat si postavit kolo na ocelov\u00e9m r\u00e1mu. To ho za\u010dalo zaj\u00edmat je\u0161t\u011b v\u00edc a posl\u00e9ze se spolu se mnou vydal hledat r\u00e1ma\u0159e, kter\u00fd by m\u00e9 zad\u00e1n\u00ed vyplnil.<\/p>\n<h2><strong>Tu\u0161\u00edm dob\u0159e, \u017ee tak snadn\u00fd za\u010d\u00e1tek cel\u00e1 story nem\u00e1?<\/strong><\/h2>\n<p>P\u0159esn\u011b tak. Po n\u011bjak\u00e9 dob\u011b jsme toti\u017e zjistili, \u017ee t\u0159eba ani italsk\u00e9 firmy nedovedou m\u00e9 po\u017eadavky uspokojit, proto\u017ee snad nikdo, a to nechci nikomu k\u0159ivdit, nem\u011bl stoprocentn\u011b pod kontrolou v\u00fdrobn\u00ed proces. Tud\u00ed\u017e nemohli naplnit mou vizi a p\u0159en\u00e9st podobu r\u00e1mu do v\u00fdkresu mimo dan\u00e9 tabulky. A bylo jedno, jestli to byla mlad\u00e1 \u010desk\u00e1 zna\u010dka, nebo pades\u00e1t let star\u00fd italsk\u00fd brand. A kdy\u017e u\u017e by zvl\u00e1dli r\u00e1m, tak ho nedok\u00e1zali dob\u0159e nast\u0159\u00edkat, nebo zamrzli s\u00a0designem v\u00a080. letech a mysleli si, \u017ee je po\u0159\u00e1d cool. Byli jsme z\u00a0toho pom\u011brn\u011b frustrovan\u00ed.<\/p>\n<h2><strong>A \u0159e\u0161en\u00edm situace bylo zalo\u017een\u00ed vlastn\u00ed firmy.<\/strong><\/h2>\n<p>Nakonec jsme se se\u0161li s\u00a0Frantou Babick\u00fdm, kter\u00fd b\u00fdval hlavn\u00edm konstrukt\u00e9rem z\u00e1vodn\u00edch kol ve Favoritu, a ten n\u00e1m ve sv\u00fdch p\u011btasedmdes\u00e1ti letech snesl na st\u016fl v\u0161echny aktu\u00e1ln\u00ed trendy. To na n\u00e1s hodn\u011b zap\u016fsobilo a mo\u017en\u00e1 to byl moment, kter\u00fd zm\u011bnil na\u0161e uva\u017eov\u00e1n\u00ed a rozhodli jsme se pro vlastn\u00ed v\u00fdrobu. Zprvu sice jen p\u00e1r kol pro n\u00e1s a na\u0161e k\u00e1mo\u0161e. Z\u00a0nich si sice \u017e\u00e1dn\u00fd kolo nekoupil, ale jin\u00ed lid\u00e9 z\u00e1jem m\u011bli. V\u00a0z\u00e1\u0159\u00ed 2010 jsme zalo\u017eili firmu. Nicm\u00e9n\u011b re\u00e1ln\u011b trvalo p\u011bt let, ne\u017e jsme to m\u00e9 p\u016fvodn\u011b narozeninov\u00e9 kolo skute\u010dn\u011b postavili.<\/p>\n<p><a href=\"https:\/\/d2p6e6u75xmxt8.cloudfront.net\/13\/2020\/06\/WLC-Moure\u010dek-Festka-VI.jpg\"><img loading=\"lazy\" decoding=\"async\" class=\"alignnone size-full wp-image-7982\" src=\"https:\/\/d2p6e6u75xmxt8.cloudfront.net\/13\/2020\/06\/WLC-Moure\u010dek-Festka-VI.jpg\" alt=\"\" width=\"640\" height=\"426\" \/><\/a><\/p>\n<h2><strong>Pracovali jste od za\u010d\u00e1tku s\u00a0n\u00e1zvem Festka? P\u0159ece jen sp\u00ed\u0161e ne\u017e silni\u010dn\u00ed kolo, evokuje fixie&#8230;<\/strong><\/h2>\n<p>K\u00a0tomu vedly dv\u011b cesty. Zprvu jsem \u0159\u00edkal, poj\u010fme za\u010d\u00edt n\u011b\u010d\u00edm jednoduch\u00fdm, jako t\u0159eba fixie, na \u010dem se cel\u00fd proces nau\u010d\u00edme. Nicm\u00e9n\u011b jsem v\u011bd\u011bl, \u017ee se nechci pohybovat v\u00a0segmentu m\u011bstsk\u00fdch kol. Cel\u00fd \u017eivot jsem str\u00e1vil na silnici a vize byla d\u011blat \u0161pi\u010dkov\u00e1 silni\u010dn\u00ed kola. Vlastn\u011b jsem po m\u011bst\u011b nikdy na kole po\u0159\u00e1dn\u011b nejezdil. Na druhou stranu jsme cht\u011bli d\u011blat kola podle p\u0159\u00e1n\u00ed z\u00e1kazn\u00edk\u016f a fixie je p\u0159esn\u011b v\u011bc, kterou si lid\u00e9 stav\u00ed na m\u00edru. Sice jsme jich ud\u011blali jen asi dvacet, ale p\u0159i v\u00fdb\u011bru jm\u00e9na byla pr\u00e1v\u011b Festka od za\u010d\u00e1tku favorit. P\u0159ece jen voln\u00fdch dom\u00e9n se spr\u00e1vn\u00fdm po\u010dtem p\u00edsmen, p\u011bkn\u00fdm p\u00edsmenem na za\u010d\u00e1tku a vyslovitelnost\u00ed lidmi na cel\u00e9m sv\u011bt\u011b moc nen\u00ed.<\/p>\n<h2><strong>T\u011bch dvacet furto\u0161lap\u016f je dnes asi p\u011bkn\u00fd sb\u011bratelsk\u00fd artikl, \u017ee?<\/strong><\/h2>\n<p>Je pravda, \u017ee kolo s\u00a0po\u0159adov\u00fdm \u010d\u00edslem 001 tenhle atribut m\u00e1. \u00dapln\u011b p\u0159esn\u011b vid\u00edm, jak jsme ho dod\u011bl\u00e1vali do r\u00e1na u Ond\u0159eje v\u00a0ob\u00fdv\u00e1ku. To byl leden 2011. V\u00a0tom roce jsme pak ud\u011blali i prvn\u00ed silni\u010dn\u00ed kolo. Je\u0161t\u011b na ocelov\u00e9m r\u00e1mu. A zaj\u00edmav\u00e9 je, \u017ee jsme ho pozd\u011bji na\u0161\u00ed z\u00e1kaznici vym\u011bnili za karbonov\u00fd a ten p\u016fvodn\u00ed n\u00e1m vis\u00ed v\u00a0potenci\u00e1ln\u00edm muzeu.<\/p>\n<h2><strong>Sou\u010dasn\u011b by v\u00a0n\u011bm ale visela spousta kol, kter\u00e1 spadaj\u00ed do pr\u00e9miov\u00e9 kategorie&#8230;<\/strong><\/h2>\n<p>Na\u0161\u00ed filozofi\u00ed je, \u017ee ka\u017ed\u00fd \u010dlov\u011bk m\u00e1 jedine\u010dn\u00e9 t\u011blo i du\u0161i a jako takov\u00fd pot\u0159ebuje i jedine\u010dn\u00e9 kolo. U\u017e to m\u00e9 vysn\u011bn\u00e9 narozeninov\u00e9 kolo m\u011blo m\u00edt jasn\u00fd atribut, \u017ee pokud ho nech\u00e1m zaparkovan\u00e9 p\u0159ed hospodou a p\u016fjde okolo n\u011bkdo, kdo cyklistice opravdu rozum\u00ed, tak mu okam\u017eit\u011b nasko\u010d\u00ed, \u017ee je pobl\u00ed\u017e cyklista t\u011blem i du\u0161\u00ed. Tohle t\u0159eba ti r\u00e1ma\u0159i, o kter\u00fdch jsem mluvil v\u00fd\u0161e, nedok\u00e1zali pochopit. Dokonce mi n\u011bkte\u0159\u00ed \u0159\u00edkali, jak\u00fd jsem byl hodn\u00fd kluk, kdy\u017e jsem z\u00e1vodil, a te\u010f jsem takov\u00fd blbec. <em>(sm\u00edch)<\/em><\/p>\n<div class=\"embed-controller-wrapper\">\n<div class=\"embed-wrapper\"><iframe title=\"..\" width=\"500\" height=\"281\" data-src=\"https:\/\/www.youtube.com\/embed\/LU3uFhOH3j0?feature=oembed\" frameborder=\"0\" allow=\"accelerometer; autoplay; clipboard-write; encrypted-media; gyroscope; picture-in-picture; web-share\" referrerpolicy=\"strict-origin-when-cross-origin\" allowfullscreen><\/iframe><\/div>\n<\/div>\n<h2><strong>Co jste jim na to \u0159\u00edkal?<\/strong><\/h2>\n<p>T\u011b\u017eko jsem vysv\u011btloval, \u017ee jako z\u00e1vodn\u00edk jsem byl pouh\u00fd billboard pro zna\u010dku. Te\u010f jsem cht\u011bl, aby kolo reprezentovalo m\u011b, aby bylo moj\u00ed vizitkou. A to je fundament v\u0161eho. Spousta lid\u00ed mi \u0159\u00edk\u00e1: \u201eVy d\u011bl\u00e1te hrozn\u011b drah\u00e1 kola.\u201c A j\u00e1 jim na to \u0159\u00edk\u00e1m: \u201eNe, drah\u00e1 kola z\u00a0nich d\u011blaj\u00ed ti, kte\u0159\u00ed si je kupuj\u00ed.\u201c My od za\u010d\u00e1tku vyv\u00edj\u00edme program tak, \u017ee se sna\u017e\u00edme realizovat sny a p\u0159\u00e1n\u00ed z\u00e1kazn\u00edk\u016f. A p\u0159ekvapiv\u011b existuj\u00ed i relativn\u011b levn\u00e9 Festky, na kter\u00e9 jsme ale hrd\u00ed, proto\u017ee jsme jejich majitele ud\u011blali \u0161\u0165astn\u00fdmi. A pokud naopak n\u011bkoho u\u010din\u00ed \u0161\u0165astn\u00fdm kolo vykl\u00e1dan\u00e9 zlatem, tak jsme p\u0159ipraveni mu jeho p\u0159\u00e1n\u00ed splnit.<\/p>\n<h2><strong>Va\u0161\u00ed specialitou jsou nav\u00edjen\u00e9 karbonov\u00e9 trubky. Jak jste k\u00a0tomuto procesu do\u0161li?<\/strong><\/h2>\n<p>V\u00fdvoj je o neust\u00e1l\u00e9m vylep\u0161ov\u00e1n\u00ed produktu. Klasick\u00e1 v\u00fdroba monokokov\u00e9ho r\u00e1mu p\u0159edstavuje po\u010d\u00e1te\u010dn\u00ed velkou investici do forem a v\u00a0moment\u011b, kdy se produkce rozjede, se na r\u00e1mu ned\u00e1 nic moc zm\u011bnit. My jsme hledali \u0159e\u0161en\u00ed, jak m\u00edt proces v\u00edce pod kontrolou. Jednak, co se t\u00fdk\u00e1 velikost\u00ed, proto\u017ee kdy\u017e d\u011bl\u00e1te r\u00e1my pomoc\u00ed formy, tak jste limitovan\u00ed jejich po\u010dtem. Dnes nab\u00edz\u00ed cel\u00e1 \u0159ada sv\u011btov\u00fdch zna\u010dek jen \u010dty\u0159i velikosti.<\/p>\n<p><a href=\"https:\/\/d2p6e6u75xmxt8.cloudfront.net\/13\/2020\/06\/WLC-Moure\u010dek-Festka-V.jpg\"><img loading=\"lazy\" decoding=\"async\" class=\"alignnone size-full wp-image-7981\" src=\"https:\/\/d2p6e6u75xmxt8.cloudfront.net\/13\/2020\/06\/WLC-Moure\u010dek-Festka-V.jpg\" alt=\"\" width=\"640\" height=\"428\" \/><\/a><\/p>\n<h2><strong>A kolik velikost\u00ed r\u00e1mu nab\u00edz\u00ed Festka?<\/strong><\/h2>\n<p>My nab\u00edz\u00edme \u010dty\u0159iadvacet velikost\u00ed a r\u00e1m kompletn\u011b na m\u00edru navrch. Tohle hled\u00e1n\u00ed n\u00e1s p\u0159ivedlo k\u00a0\u0159e\u0161en\u00ed nav\u00edjen\u00fdch karbonov\u00fdch trubek. Nav\u00edc jsme se moc nekoukali, kde je cyklistick\u00fd sv\u011bt, ale sp\u00ed\u0161 jsme se inspirovali metodami jin\u00fdch firem, t\u0159eba z\u00a0leteck\u00e9ho pr\u016fmyslu. Sou\u010dasn\u011b ale zachov\u00e1v\u00e1me podobu r\u00e1m\u016f, u nich\u017e m\u011bn\u00edme k\u00a0lep\u0161\u00edmu jen technologii. Nechceme b\u00fdt jako \u0159adov\u00ed v\u00fdrobci, kte\u0159\u00ed co dva roky p\u0159ijdou s\u00a0nov\u00fdm r\u00e1mem a vnut\u00ed v\u00e1m, \u017ee ten v\u00e1\u0161 p\u016fvodn\u00ed je zastaral\u00fd.<\/p>\n<div class=\"shortcode-ys-post-pinup\"><article class=\"loop-simple post-7569 post type-post status-publish format-standard has-post-thumbnail hentry category-horska-cyklistika category-pumptrack category-https-www-welovecycling-com-cs-category-zabava tag-bmx tag-fourcross tag-michal-marosi tag-pumptrack global-categories-cycling\" data-postid=\"7569\" role=\"article\" data-post-id=\"7569\" data-word-count=\"827\" data-headline-length=\"79\" data-category=\"Horsk\u00e1 cyklistika\" data-global-category=\"Cycling\" data-author=\"Jan Kr\u016fta\" data-published=\"2020-06-07T09:07:10+02:00\" data-published-day=\"Sunday\">\n    <div class=\"entry-thumbnail article-thumbnail\" content=\"https:\/\/d2p6e6u75xmxt8.cloudfront.net\/13\/2020\/06\/Maro\u0161i-Michal-WLC-3-150x150.webp\"><a href=\"https:\/\/www.welovecycling.com\/cs\/2020\/06\/07\/michal-marosi-nikdy-jsem-nebyl-ukazkovy-sportovec-ale-spis-zlobivy-kluk\/\" class=\"image-holder\" target=\"_self\"><img decoding=\"async\" loading=\"lazy\" class=\"\" src=\"https:\/\/d2p6e6u75xmxt8.cloudfront.net\/13\/2020\/06\/Maro\u0161i-Michal-WLC-3-1024x683.webp\" srcset=\"https:\/\/d2p6e6u75xmxt8.cloudfront.net\/13\/2020\/06\/Maro\u0161i-Michal-WLC-3.webp 1600w, https:\/\/d2p6e6u75xmxt8.cloudfront.net\/13\/2020\/06\/Maro\u0161i-Michal-WLC-3-300x200.webp 300w, https:\/\/d2p6e6u75xmxt8.cloudfront.net\/13\/2020\/06\/Maro\u0161i-Michal-WLC-3-1024x683.webp 1024w, https:\/\/d2p6e6u75xmxt8.cloudfront.net\/13\/2020\/06\/Maro\u0161i-Michal-WLC-3-768x512.webp 768w, https:\/\/d2p6e6u75xmxt8.cloudfront.net\/13\/2020\/06\/Maro\u0161i-Michal-WLC-3-1536x1024.webp 1536w, https:\/\/d2p6e6u75xmxt8.cloudfront.net\/13\/2020\/06\/Maro\u0161i-Michal-WLC-3-272x182.webp 272w\" width=\"1024\" height=\"683\" sizes=\"auto, (min-width: 1200px) 300px, (min-width: 768px) 25vw, 100vw\" alt=\"michal-marosi-nikdy-jsem-nebyl-ukazkovy-sportovec-ale-spis-zlobivy-kluk\"\/><\/a><\/div>    <div class=\"entry-meta\">\n        <a class=\"label label-secondary post-category\" href=\"https:\/\/www.welovecycling.com\/cs\/category\/horska-cyklistika\/\" title=\"Horsk\u00e1 cyklistika\">Horsk\u00e1 cyklistika<\/a>\n    <\/div>\n    <div class=\"entry-details\">\n        <a href=\"https:\/\/www.welovecycling.com\/cs\/2020\/06\/07\/michal-marosi-nikdy-jsem-nebyl-ukazkovy-sportovec-ale-spis-zlobivy-kluk\/\" class='entry-title-wrapper'>\n            <h3 class=\"entry-title\"><span>Michal Maro\u0161i: Nikdy jsem nebyl uk\u00e1zkov\u00fd sportovec, ale sp\u00ed\u0161 zlobiv\u00fd kluk<\/span><\/h3>\n        <\/a>\n    <\/div>\n    <\/article>\n<\/div>\n<p>V\u00a0tomhle se inspirujeme t\u0159eba v\u00fdrobci hodinek, kte\u0159\u00ed produkuj\u00ed jeden model des\u00edtky let a jen ho materi\u00e1lov\u011b vylep\u0161uj\u00ed. Je to nekone\u010dn\u00fd p\u0159\u00edb\u011bh, n\u011bkdy snaz\u0161\u00ed, n\u011bkdy komplikovan\u011bj\u0161\u00ed. To byl t\u0159eba p\u0159\u00edpad n\u00e1stupu kotou\u010dov\u00fdch brzd, kter\u00e9 b\u011bhem dvou let zm\u011bnily t\u0159i za\u017eit\u00e9 standardy. Nav\u00edc v\u00fdvoj prob\u00edh\u00e1 ve vln\u00e1ch, je\u0161t\u011b ned\u00e1vno byla pro z\u00e1kazn\u00edky kl\u00ed\u010dov\u00e1 hmotnost r\u00e1mu, to u\u017e dnes nikoho nezaj\u00edm\u00e1. Pomalu odezn\u00edv\u00e1 i vlna aerodynamiky.<\/p>\n<h2><strong>Va\u0161e zna\u010dka je \u0159azen\u00e1 jednozna\u010dn\u011b do klientsk\u00e9ho high-endu. Byl to od za\u010d\u00e1tku z\u00e1m\u011br?<\/strong><\/h2>\n<p>Byl to sen. A bylo jasn\u00e9, \u017ee pokud chceme vyr\u00e1b\u011bt v\u00a0\u010cech\u00e1ch, tak pod ur\u010ditou cenu nem\u016f\u017eeme j\u00edt. Postupem \u010dasu jsme zjistili, \u017ee prvn\u00ed cenov\u00e1 relace, kde m\u016f\u017eeme konkurovat je zhruba sto dvacet tis\u00edc korun. Ne \u017ee bychom necht\u011bli, nebo neum\u011bli ud\u011blat levn\u011bj\u0161\u00ed kolo. Ale \u010c\u00edna v\u00e1m pod touto hranic\u00ed nab\u00eddne v\u017edy lep\u0161\u00ed pom\u011br cena-v\u00fdkon. Pak se ale za\u010dnou n\u016f\u017eky rozev\u00edrat a kdy\u017e se dostaneme na hranici \u0159ekn\u011bme 250 a\u017e 300 tis\u00edc korun, tak se misky vah p\u0159ehoupnou v\u00fdrazn\u011b v\u00a0n\u00e1\u0161 prosp\u011bch. A d\u00edky tomu dok\u00e1\u017eeme p\u0159e\u017e\u00edvat.<\/p>\n<div class=\"embed-controller-wrapper\">\n<div class=\"embed-wrapper\"><iframe title=\"ESA InsideArt Festka\" width=\"500\" height=\"281\" data-src=\"https:\/\/www.youtube.com\/embed\/tmECFEcH3QM?feature=oembed\" frameborder=\"0\" allow=\"accelerometer; autoplay; clipboard-write; encrypted-media; gyroscope; picture-in-picture; web-share\" referrerpolicy=\"strict-origin-when-cross-origin\" allowfullscreen><\/iframe><\/div>\n<\/div>\n<h2><strong>\u010cesk\u00fd rybn\u00edk je tradi\u010dn\u011b mal\u00fd a v\u00a0cyklistick\u00fdch kulo\u00e1rech ne\u0161lo v\u00a0ned\u00e1vn\u00e9 dob\u011b nezaslechnout \u0161eptandu o va\u0161ich ekonomick\u00fdch pot\u00ed\u017e\u00edch. Jak\u00e1 je realita?<\/strong><\/h2>\n<p>Mysl\u00edm, \u017ee tohle mohlo vzniknout na z\u00e1klad\u011b nespr\u00e1vn\u011b interpretovan\u00fdch \u010d\u00edsel v\u00a0m\u00e9di\u00edch. Z\u00a0ve\u0159ejn\u00fdch zdroj\u016f lze vy\u010d\u00edst, \u017ee jsme posledn\u00ed t\u0159i roky vykazovali nulu, nebo drobn\u00fd zisk. To ale bylo zp\u016fsoben\u00e9 t\u00edm, \u017ee jsme prost\u0159edky reinvestovali a m\u011bnili syst\u00e9m fungov\u00e1n\u00ed. Nap\u0159\u00edklad na d\u00edln\u011b je\u0161t\u011b loni pracovalo sedm lid\u00ed, te\u010f t\u0159i, ale s\u00a0dvojn\u00e1sobnou produkc\u00ed. Tak\u017ee je\u0161t\u011b do pr\u00e1zdnin dos\u00e1hneme produk\u010dn\u011b stejn\u00e9ho \u010d\u00edsla, jako loni za cel\u00fd rok.<\/p>\n<div class=\"shortcode-ys-post-pinup\"><article class=\"loop-simple post-7864 post type-post status-publish format-standard has-post-thumbnail hentry category-horska-cyklistika tag-jan-skarnitzl global-categories-cycling\" data-postid=\"7864\" role=\"article\" data-post-id=\"7864\" data-word-count=\"747\" data-headline-length=\"86\" data-category=\"Horsk\u00e1 cyklistika\" data-global-category=\"Cycling\" data-author=\"Jan Kr\u016fta\" data-published=\"2020-06-21T07:30:15+02:00\" data-published-day=\"Sunday\">\n    <div class=\"entry-thumbnail article-thumbnail\" content=\"https:\/\/d2p6e6u75xmxt8.cloudfront.net\/13\/2020\/06\/jan-\u0161karnitzl-4-milo\u0161-lubas-150x150.webp\"><a href=\"https:\/\/www.welovecycling.com\/cs\/2020\/06\/21\/jan-skarnitzl-az-ucitim-ze-je-cas-z-pelotonu-vystoupit-tak-ten-krok-udelam\/\" class=\"image-holder\" target=\"_self\"><img decoding=\"async\" loading=\"lazy\" class=\"\" src=\"https:\/\/d2p6e6u75xmxt8.cloudfront.net\/13\/2020\/06\/jan-\u0161karnitzl-4-milo\u0161-lubas-1024x683.webp\" srcset=\"https:\/\/d2p6e6u75xmxt8.cloudfront.net\/13\/2020\/06\/jan-\u0161karnitzl-4-milo\u0161-lubas.webp 1920w, https:\/\/d2p6e6u75xmxt8.cloudfront.net\/13\/2020\/06\/jan-\u0161karnitzl-4-milo\u0161-lubas-300x200.webp 300w, https:\/\/d2p6e6u75xmxt8.cloudfront.net\/13\/2020\/06\/jan-\u0161karnitzl-4-milo\u0161-lubas-1024x683.webp 1024w, https:\/\/d2p6e6u75xmxt8.cloudfront.net\/13\/2020\/06\/jan-\u0161karnitzl-4-milo\u0161-lubas-768x512.webp 768w, https:\/\/d2p6e6u75xmxt8.cloudfront.net\/13\/2020\/06\/jan-\u0161karnitzl-4-milo\u0161-lubas-1536x1024.webp 1536w, https:\/\/d2p6e6u75xmxt8.cloudfront.net\/13\/2020\/06\/jan-\u0161karnitzl-4-milo\u0161-lubas-272x182.webp 272w\" width=\"1024\" height=\"683\" sizes=\"auto, (min-width: 1200px) 300px, (min-width: 768px) 25vw, 100vw\" alt=\"jan-skarnitzl-az-ucitim-ze-je-cas-z-pelotonu-vystoupit-tak-ten-krok-udelam\"\/><\/a><\/div>    <div class=\"entry-meta\">\n        <a class=\"label label-secondary post-category\" href=\"https:\/\/www.welovecycling.com\/cs\/category\/horska-cyklistika\/\" title=\"Horsk\u00e1 cyklistika\">Horsk\u00e1 cyklistika<\/a>\n    <\/div>\n    <div class=\"entry-details\">\n        <a href=\"https:\/\/www.welovecycling.com\/cs\/2020\/06\/21\/jan-skarnitzl-az-ucitim-ze-je-cas-z-pelotonu-vystoupit-tak-ten-krok-udelam\/\" class='entry-title-wrapper'>\n            <h3 class=\"entry-title\"><span>Jan \u0160karnitzl: A\u017e uc\u00edt\u00edm, \u017ee je \u010das z\u00a0pelotonu vystoupit, tak ten krok ud\u011bl\u00e1m<\/span><\/h3>\n        <\/a>\n    <\/div>\n    <\/article>\n<\/div>\n<p>Jasn\u011b, b\u011b\u017eela \u0161eptanda, \u017ee od n\u00e1s odch\u00e1zej\u00ed lid\u00e9, ale to m\u011blo jasn\u00fd d\u016fvod. A dnes se n\u00e1m da\u0159\u00ed, \u017ee nest\u00edh\u00e1me vyr\u00e1b\u011bt. By\u0165 leto\u0161n\u00ed odhad zhruba dv\u011b st\u011b t\u0159icet kol n\u011bkomu m\u016f\u017ee p\u0159ipadat jako tit\u011brn\u00fd, je t\u0159eba si do cel\u00e9 v\u011bci prom\u00edtnout cenu. A my jsme se rad\u011bji zam\u011b\u0159ili na dra\u017e\u0161\u00ed kola za cenu toho, \u017ee jich vyrob\u00edme m\u00e9n\u011b. V\u00a0pr\u016fb\u011bhu p\u011bti let bychom cht\u011bli b\u00fdt zhruba na p\u011bti stech kusech ro\u010dn\u011b. Je tak\u00e9 t\u0159eba si uv\u011bdomit, \u017ee v\u00edc ne\u017e 97 procent na\u0161ich v\u00fdrobk\u016f se prod\u00e1 na\u00a0zahrani\u010dn\u00edch trz\u00edch, zejm\u00e9na v\u00a0Asii nebo v Americe.<\/p>\n<figure id=\"attachment_7979\" aria-describedby=\"caption-attachment-7979\" style=\"width: 1152px\" class=\"wp-caption alignnone\"><a href=\"https:\/\/d2p6e6u75xmxt8.cloudfront.net\/13\/2020\/06\/WLC-Moure\u010dek-Festka-III.jpg\"><img loading=\"lazy\" decoding=\"async\" class=\"size-full wp-image-7979\" src=\"https:\/\/d2p6e6u75xmxt8.cloudfront.net\/13\/2020\/06\/WLC-Moure\u010dek-Festka-III.jpg\" alt=\"Michael Moure\u010dek, spolumajitel a zakladatel spole\u010dnosti Festka zab\u00fdvaj\u00edc\u00ed se v\u00fdrobou kol na zak\u00e1zku.\" width=\"1152\" height=\"768\" \/><\/a><figcaption id=\"caption-attachment-7979\" class=\"wp-caption-text\"><em>Michael Moure\u010dek, spolumajitel a zakladatel spole\u010dnosti Festka zab\u00fdvaj\u00edc\u00ed se v\u00fdrobou kol na zak\u00e1zku. Foto: @Festka<\/em><\/figcaption><\/figure>\n<h2><strong>Stabilitu nazna\u010duje i p\u0159\u00edchod t\u0159\u00ed nov\u00fdch investor\u016f mezi nimi\u017e je b\u00fdval\u00fd \u0161pi\u010dkov\u00fd tenista Tom\u00e1\u0161 Berdych. Jak jste na sebe s dlouholet\u00fdm hr\u00e1\u010dem sv\u011btov\u00e9 des\u00edtky narazili?<\/strong><\/h2>\n<p>V\u0161ichni t\u0159i se rekrutovali z\u00a0\u0159ad na\u0161ich z\u00e1kazn\u00edk\u016f. M\u011bli dlouholetou zku\u0161enost s\u00a0na\u0161imi produkty, nav\u00edc tr\u00e1vili zna\u010dnou \u010d\u00e1st sv\u00e9ho \u017eivota v zahrani\u010d\u00ed a vn\u00edmali pozici zna\u010dky v\u00a0glob\u00e1ln\u00edm prost\u0159ed\u00ed. V\u017edy\u0165 ve m\u011bstech jako je\u00a0Miami, nebo Peking potk\u00e1te v\u00edc Festek ne\u017e v\u00a0cel\u00e9m \u010cesku.<\/p>\n","protected":false},"excerpt":{"rendered":"<p>Ryze \u010desk\u00e9 silni\u010dn\u00ed speci\u00e1ly, v\u00a0pr\u00e9miov\u00e9 kvalit\u011b i cen\u011b. To jsou kola Festka. Zna\u010dka z\u00a0pra\u017esk\u00fdch Vinohrad pln\u00ed sny z\u00e1kazn\u00edk\u016f po cel\u00e9m [&hellip;]<\/p>\n","protected":false},"author":122,"featured_media":7984,"comment_status":"open","ping_status":"open","sticky":false,"template":"","format":"standard","meta":{"footnotes":""},"categories":[660],"tags":[126,975,979,976,9,977,978],"global-categories":[411],"class_list":["post-7975","post","type-post","status-publish","format-standard","has-post-thumbnail","hentry","category-https-www-welovecycling-com-cs-category-zabava","tag-cyklistika","tag-festka","tag-kola-na-miru","tag-michael-mourecek","tag-silnicni-cyklistika","tag-tomas-berdych","tag-zakaznicka-kola","global-categories-cycling"],"yoast_head":"<!-- This site is optimized with the Yoast SEO Premium plugin v25.3 (Yoast SEO v25.9) - https:\/\/yoast.com\/wordpress\/plugins\/seo\/ -->\n<title>Made in Festka. Jedine\u010dn\u00e9 stroje pro jedine\u010dn\u00e9 lidi | \u0160koda We Love Cycling - \u010cesk\u00e1 republika<\/title>\n<meta name=\"robots\" content=\"index, follow, max-snippet:-1, max-image-preview:large, max-video-preview:-1\" \/>\n<link rel=\"canonical\" href=\"https:\/\/www.welovecycling.com\/cs\/2020\/06\/25\/made-in-festka-jedinecne-stroje-pro-jedinecne-lidi\/\" \/>\n<meta property=\"og:locale\" content=\"cs_CZ\" \/>\n<meta property=\"og:type\" content=\"article\" \/>\n<meta property=\"og:title\" content=\"Made in Festka. Jedine\u010dn\u00e9 stroje pro jedine\u010dn\u00e9 lidi\" \/>\n<meta property=\"og:description\" content=\"Ryze \u010desk\u00e9 silni\u010dn\u00ed speci\u00e1ly, v\u00a0pr\u00e9miov\u00e9 kvalit\u011b i cen\u011b. To jsou kola Festka. Zna\u010dka z\u00a0pra\u017esk\u00fdch Vinohrad pln\u00ed sny z\u00e1kazn\u00edk\u016f po cel\u00e9m [&hellip;]\" \/>\n<meta property=\"og:url\" content=\"https:\/\/www.welovecycling.com\/cs\/2020\/06\/25\/made-in-festka-jedinecne-stroje-pro-jedinecne-lidi\/\" \/>\n<meta property=\"og:site_name\" content=\"\u0160koda We Love Cycling - \u010cesk\u00e1 republika\" \/>\n<meta property=\"article:published_time\" content=\"2020-06-25T05:00:51+00:00\" \/>\n<meta property=\"og:image\" content=\"https:\/\/d2p6e6u75xmxt8.cloudfront.net\/13\/2020\/06\/WLC-Moure\u010dek-festka.webp\" \/>\n\t<meta property=\"og:image:width\" content=\"1152\" \/>\n\t<meta property=\"og:image:height\" content=\"768\" \/>\n\t<meta property=\"og:image:type\" content=\"image\/webp\" \/>\n<meta name=\"twitter:card\" content=\"summary_large_image\" \/>\n<meta name=\"twitter:label1\" content=\"Written by\" \/>\n\t<meta name=\"twitter:data1\" content=\"Jan Kr\u016fta\" \/>\n\t<meta name=\"twitter:label2\" content=\"Est. reading time\" \/>\n\t<meta name=\"twitter:data2\" content=\"8\" \/>\n<script type=\"application\/ld+json\" class=\"yoast-schema-graph\">{\"@context\":\"https:\/\/schema.org\",\"@graph\":[{\"@type\":\"WebPage\",\"@id\":\"https:\/\/www.welovecycling.com\/cs\/2020\/06\/25\/made-in-festka-jedinecne-stroje-pro-jedinecne-lidi\/\",\"url\":\"https:\/\/www.welovecycling.com\/cs\/2020\/06\/25\/made-in-festka-jedinecne-stroje-pro-jedinecne-lidi\/\",\"name\":\"Made in Festka. Jedine\u010dn\u00e9 stroje pro jedine\u010dn\u00e9 lidi | \u0160koda We Love Cycling - \u010cesk\u00e1 republika\",\"isPartOf\":{\"@id\":\"https:\/\/www.welovecycling.com\/cs\/#website\"},\"primaryImageOfPage\":{\"@id\":\"https:\/\/www.welovecycling.com\/cs\/2020\/06\/25\/made-in-festka-jedinecne-stroje-pro-jedinecne-lidi\/#primaryimage\"},\"image\":{\"@id\":\"https:\/\/www.welovecycling.com\/cs\/2020\/06\/25\/made-in-festka-jedinecne-stroje-pro-jedinecne-lidi\/#primaryimage\"},\"thumbnailUrl\":\"https:\/\/d2p6e6u75xmxt8.cloudfront.net\/13\/2020\/06\/WLC-Moure\u010dek-festka.webp\",\"datePublished\":\"2020-06-25T05:00:51+00:00\",\"author\":{\"@id\":\"\"},\"inLanguage\":\"cs\",\"potentialAction\":[{\"@type\":\"ReadAction\",\"target\":[\"https:\/\/www.welovecycling.com\/cs\/2020\/06\/25\/made-in-festka-jedinecne-stroje-pro-jedinecne-lidi\/\"]}]},{\"@type\":\"ImageObject\",\"inLanguage\":\"cs\",\"@id\":\"https:\/\/www.welovecycling.com\/cs\/2020\/06\/25\/made-in-festka-jedinecne-stroje-pro-jedinecne-lidi\/#primaryimage\",\"url\":\"https:\/\/d2p6e6u75xmxt8.cloudfront.net\/13\/2020\/06\/WLC-Moure\u010dek-festka.webp\",\"contentUrl\":\"https:\/\/d2p6e6u75xmxt8.cloudfront.net\/13\/2020\/06\/WLC-Moure\u010dek-festka.webp\",\"width\":1152,\"height\":768,\"caption\":\"Michael Moure\u010dek, \u0161\u00e9f firmy Festka. Netaj\u00ed, \u017ee\"},{\"@type\":\"WebSite\",\"@id\":\"https:\/\/www.welovecycling.com\/cs\/#website\",\"url\":\"https:\/\/www.welovecycling.com\/cs\/\",\"name\":\"\u0160koda We Love Cycling - \u010cesk\u00e1 republika\",\"description\":\"WeLoveCycling.cz je online magaz\u00edn, kter\u00fd v\u00e1m pravideln\u011b p\u0159in\u00e1\u0161\u00ed rady a tipy, zaj\u00edmav\u00e9 \u010dl\u00e1nky, videa a jedine\u010dn\u00e9 report\u00e1\u017ee ze sv\u011bta cyklistiky.\",\"potentialAction\":[{\"@type\":\"SearchAction\",\"target\":{\"@type\":\"EntryPoint\",\"urlTemplate\":\"https:\/\/www.welovecycling.com\/cs\/?s={search_term_string}\"},\"query-input\":{\"@type\":\"PropertyValueSpecification\",\"valueRequired\":true,\"valueName\":\"search_term_string\"}}],\"inLanguage\":\"cs\"},{\"@type\":\"Person\",\"@id\":\"\",\"url\":\"https:\/\/www.welovecycling.com\/cs\/author\/\"}]}<\/script>\n<!-- \/ Yoast SEO Premium plugin. -->","yoast_head_json":{"title":"Made in Festka. Jedine\u010dn\u00e9 stroje pro jedine\u010dn\u00e9 lidi | \u0160koda We Love Cycling - \u010cesk\u00e1 republika","robots":{"index":"index","follow":"follow","max-snippet":"max-snippet:-1","max-image-preview":"max-image-preview:large","max-video-preview":"max-video-preview:-1"},"canonical":"https:\/\/www.welovecycling.com\/cs\/2020\/06\/25\/made-in-festka-jedinecne-stroje-pro-jedinecne-lidi\/","og_locale":"cs_CZ","og_type":"article","og_title":"Made in Festka. Jedine\u010dn\u00e9 stroje pro jedine\u010dn\u00e9 lidi","og_description":"Ryze \u010desk\u00e9 silni\u010dn\u00ed speci\u00e1ly, v\u00a0pr\u00e9miov\u00e9 kvalit\u011b i cen\u011b. To jsou kola Festka. Zna\u010dka z\u00a0pra\u017esk\u00fdch Vinohrad pln\u00ed sny z\u00e1kazn\u00edk\u016f po cel\u00e9m [&hellip;]","og_url":"https:\/\/www.welovecycling.com\/cs\/2020\/06\/25\/made-in-festka-jedinecne-stroje-pro-jedinecne-lidi\/","og_site_name":"\u0160koda We Love Cycling - \u010cesk\u00e1 republika","article_published_time":"2020-06-25T05:00:51+00:00","og_image":[{"width":1152,"height":768,"url":"https:\/\/d2p6e6u75xmxt8.cloudfront.net\/13\/2020\/06\/WLC-Moure\u010dek-festka.webp","type":"image\/webp"}],"twitter_card":"summary_large_image","twitter_misc":{"Written by":"Jan Kr\u016fta","Est. reading time":"8"},"schema":{"@context":"https:\/\/schema.org","@graph":[{"@type":"WebPage","@id":"https:\/\/www.welovecycling.com\/cs\/2020\/06\/25\/made-in-festka-jedinecne-stroje-pro-jedinecne-lidi\/","url":"https:\/\/www.welovecycling.com\/cs\/2020\/06\/25\/made-in-festka-jedinecne-stroje-pro-jedinecne-lidi\/","name":"Made in Festka. Jedine\u010dn\u00e9 stroje pro jedine\u010dn\u00e9 lidi | \u0160koda We Love Cycling - \u010cesk\u00e1 republika","isPartOf":{"@id":"https:\/\/www.welovecycling.com\/cs\/#website"},"primaryImageOfPage":{"@id":"https:\/\/www.welovecycling.com\/cs\/2020\/06\/25\/made-in-festka-jedinecne-stroje-pro-jedinecne-lidi\/#primaryimage"},"image":{"@id":"https:\/\/www.welovecycling.com\/cs\/2020\/06\/25\/made-in-festka-jedinecne-stroje-pro-jedinecne-lidi\/#primaryimage"},"thumbnailUrl":"https:\/\/d2p6e6u75xmxt8.cloudfront.net\/13\/2020\/06\/WLC-Moure\u010dek-festka.webp","datePublished":"2020-06-25T05:00:51+00:00","author":{"@id":""},"inLanguage":"cs","potentialAction":[{"@type":"ReadAction","target":["https:\/\/www.welovecycling.com\/cs\/2020\/06\/25\/made-in-festka-jedinecne-stroje-pro-jedinecne-lidi\/"]}]},{"@type":"ImageObject","inLanguage":"cs","@id":"https:\/\/www.welovecycling.com\/cs\/2020\/06\/25\/made-in-festka-jedinecne-stroje-pro-jedinecne-lidi\/#primaryimage","url":"https:\/\/d2p6e6u75xmxt8.cloudfront.net\/13\/2020\/06\/WLC-Moure\u010dek-festka.webp","contentUrl":"https:\/\/d2p6e6u75xmxt8.cloudfront.net\/13\/2020\/06\/WLC-Moure\u010dek-festka.webp","width":1152,"height":768,"caption":"Michael Moure\u010dek, \u0161\u00e9f firmy Festka. Netaj\u00ed, \u017ee"},{"@type":"WebSite","@id":"https:\/\/www.welovecycling.com\/cs\/#website","url":"https:\/\/www.welovecycling.com\/cs\/","name":"\u0160koda We Love Cycling - \u010cesk\u00e1 republika","description":"WeLoveCycling.cz je online magaz\u00edn, kter\u00fd v\u00e1m pravideln\u011b p\u0159in\u00e1\u0161\u00ed rady a tipy, zaj\u00edmav\u00e9 \u010dl\u00e1nky, videa a jedine\u010dn\u00e9 report\u00e1\u017ee ze sv\u011bta cyklistiky.","potentialAction":[{"@type":"SearchAction","target":{"@type":"EntryPoint","urlTemplate":"https:\/\/www.welovecycling.com\/cs\/?s={search_term_string}"},"query-input":{"@type":"PropertyValueSpecification","valueRequired":true,"valueName":"search_term_string"}}],"inLanguage":"cs"},{"@type":"Person","@id":"","url":"https:\/\/www.welovecycling.com\/cs\/author\/"}]}},"_links":{"self":[{"href":"https:\/\/www.welovecycling.com\/cs\/wp-json\/wp\/v2\/posts\/7975","targetHints":{"allow":["GET"]}}],"collection":[{"href":"https:\/\/www.welovecycling.com\/cs\/wp-json\/wp\/v2\/posts"}],"about":[{"href":"https:\/\/www.welovecycling.com\/cs\/wp-json\/wp\/v2\/types\/post"}],"author":[{"embeddable":true,"href":"https:\/\/www.welovecycling.com\/cs\/wp-json\/wp\/v2\/users\/122"}],"replies":[{"embeddable":true,"href":"https:\/\/www.welovecycling.com\/cs\/wp-json\/wp\/v2\/comments?post=7975"}],"version-history":[{"count":2,"href":"https:\/\/www.welovecycling.com\/cs\/wp-json\/wp\/v2\/posts\/7975\/revisions"}],"predecessor-version":[{"id":7991,"href":"https:\/\/www.welovecycling.com\/cs\/wp-json\/wp\/v2\/posts\/7975\/revisions\/7991"}],"wp:featuredmedia":[{"embeddable":true,"href":"https:\/\/www.welovecycling.com\/cs\/wp-json\/wp\/v2\/media\/7984"}],"wp:attachment":[{"href":"https:\/\/www.welovecycling.com\/cs\/wp-json\/wp\/v2\/media?parent=7975"}],"wp:term":[{"taxonomy":"category","embeddable":true,"href":"https:\/\/www.welovecycling.com\/cs\/wp-json\/wp\/v2\/categories?post=7975"},{"taxonomy":"post_tag","embeddable":true,"href":"https:\/\/www.welovecycling.com\/cs\/wp-json\/wp\/v2\/tags?post=7975"},{"taxonomy":"global-categories","embeddable":true,"href":"https:\/\/www.welovecycling.com\/cs\/wp-json\/wp\/v2\/global-categories?post=7975"}],"curies":[{"name":"wp","href":"https:\/\/api.w.org\/{rel}","templated":true}]}}