{"id":7809,"date":"2020-06-19T10:00:47","date_gmt":"2020-06-19T08:00:47","guid":{"rendered":"https:\/\/www.welovecycling.com\/cs\/?p=7809"},"modified":"2020-06-19T07:18:23","modified_gmt":"2020-06-19T05:18:23","slug":"krakonosuv-maraton-prilaka-elitu-ale-dal-jsou-pro-nas-prioritou-amateri-hlasi-reditel","status":"publish","type":"post","link":"https:\/\/www.welovecycling.com\/cs\/2020\/06\/19\/krakonosuv-maraton-prilaka-elitu-ale-dal-jsou-pro-nas-prioritou-amateri-hlasi-reditel\/","title":{"rendered":"Krakono\u0161\u016fv maraton p\u0159il\u00e1k\u00e1 elitu! Ale d\u00e1l jsou pro n\u00e1s prioritou amat\u00e9\u0159i, hl\u00e1s\u00ed \u0159editel"},"content":{"rendered":"<p><strong>Krakono\u0161\u016fv maraton! Pokud nejste aktivn\u00ed silni\u010dn\u00ed cyklista \u010di alespo\u0148 fanou\u0161ek cyklistiky, dost mo\u017en\u00e1 jste o z\u00e1vod\u011b v\u00a0Krkono\u0161\u00edch nikdy nesly\u0161eli. P\u0159esto leto\u0161n\u00ed sedm\u00fd ro\u010dn\u00edk bude velmi pravd\u011bpodobn\u011b jedn\u00edm z\u00a0nejl\u00e9pe obsazen\u00fdch silni\u010dn\u00edch z\u00e1vod\u016f dom\u00e1c\u00ed sc\u00e9ny. V\u00a0sobotu v\u00a0Trutnov\u011b budou na startu dlouh\u00e9 trasy (134 kilometr\u016f, 2270 v\u00fd\u0161kov\u00fdch metr\u016f) Kreuziger, Vako\u010d, \u010cern\u00fd, Vacek, Boro\u0161, B\u00e1rta, Sisr a mnoz\u00ed dal\u0161\u00ed elitn\u00ed \u010de\u0161t\u00ed cyklist\u00e9.<\/strong><\/p>\n<p>\u0158editelem z\u00e1vodu je Jan Slav\u00ed\u010dek. B\u00fdval\u00fd cyklokrosa\u0159 a biker, kter\u00fd se py\u0161n\u00ed tuzemsk\u00fdm titulem na horsk\u00fdch kolech. P\u016fsobil v roli tren\u00e9ra \u010desk\u00e9 bikov\u00e9 reprezentace, v zahrani\u010dn\u00ed vedl Maju Wloszoczowskou, sv\u011btovou \u0161ampionku a olympijskou medailistku. Nyn\u00ed, kr\u00e1tce p\u0159ed jednapades\u00e1t\u00fdmi narozeninami, se v\u011bnuje mimo jin\u00e9ho i organizaci z\u00e1vod\u016f. \u201e\u00da\u010dast eli\u0165\u00e1k\u016f je jen bonusem,\u201c \u0159\u00edk\u00e1 v rozhovoru hlavn\u00ed organiz\u00e1tor, kter\u00fd je st\u00e1le i tren\u00e9rem a mana\u017eerem v klubu Expres CZ Tufo Kol\u00edn a vede St\u0159edo\u010desk\u00e9 sportovn\u00ed centrum ml\u00e1de\u017ee v Kol\u00edn\u011b.<\/p>\n<div class=\"shortcode-ys-post-pinup\"><article class=\"loop-simple post-7569 post type-post status-publish format-standard has-post-thumbnail hentry category-horska-cyklistika category-pumptrack category-https-www-welovecycling-com-cs-category-zabava tag-bmx tag-fourcross tag-michal-marosi tag-pumptrack global-categories-cycling\" data-postid=\"7569\" role=\"article\" data-post-id=\"7569\" data-word-count=\"827\" data-headline-length=\"79\" data-category=\"Horsk\u00e1 cyklistika\" data-global-category=\"Cycling\" data-author=\"Jan Kr\u016fta\" data-published=\"2020-06-07T09:07:10+02:00\" data-published-day=\"Sunday\">\n    <div class=\"entry-thumbnail article-thumbnail\" content=\"https:\/\/d2p6e6u75xmxt8.cloudfront.net\/13\/2020\/06\/Maro\u0161i-Michal-WLC-3-150x150.webp\"><a href=\"https:\/\/www.welovecycling.com\/cs\/2020\/06\/07\/michal-marosi-nikdy-jsem-nebyl-ukazkovy-sportovec-ale-spis-zlobivy-kluk\/\" class=\"image-holder\" target=\"_self\"><img decoding=\"async\" loading=\"lazy\" class=\"\" src=\"https:\/\/d2p6e6u75xmxt8.cloudfront.net\/13\/2020\/06\/Maro\u0161i-Michal-WLC-3-1024x683.webp\" srcset=\"https:\/\/d2p6e6u75xmxt8.cloudfront.net\/13\/2020\/06\/Maro\u0161i-Michal-WLC-3.webp 1600w, https:\/\/d2p6e6u75xmxt8.cloudfront.net\/13\/2020\/06\/Maro\u0161i-Michal-WLC-3-300x200.webp 300w, https:\/\/d2p6e6u75xmxt8.cloudfront.net\/13\/2020\/06\/Maro\u0161i-Michal-WLC-3-1024x683.webp 1024w, https:\/\/d2p6e6u75xmxt8.cloudfront.net\/13\/2020\/06\/Maro\u0161i-Michal-WLC-3-768x512.webp 768w, https:\/\/d2p6e6u75xmxt8.cloudfront.net\/13\/2020\/06\/Maro\u0161i-Michal-WLC-3-1536x1024.webp 1536w, https:\/\/d2p6e6u75xmxt8.cloudfront.net\/13\/2020\/06\/Maro\u0161i-Michal-WLC-3-272x182.webp 272w\" width=\"1024\" height=\"683\" sizes=\"auto, (min-width: 1200px) 300px, (min-width: 768px) 25vw, 100vw\" alt=\"michal-marosi-nikdy-jsem-nebyl-ukazkovy-sportovec-ale-spis-zlobivy-kluk\"\/><\/a><\/div>    <div class=\"entry-meta\">\n        <a class=\"label label-secondary post-category\" href=\"https:\/\/www.welovecycling.com\/cs\/category\/horska-cyklistika\/\" title=\"Horsk\u00e1 cyklistika\">Horsk\u00e1 cyklistika<\/a>\n    <\/div>\n    <div class=\"entry-details\">\n        <a href=\"https:\/\/www.welovecycling.com\/cs\/2020\/06\/07\/michal-marosi-nikdy-jsem-nebyl-ukazkovy-sportovec-ale-spis-zlobivy-kluk\/\" class='entry-title-wrapper'>\n            <h3 class=\"entry-title\"><span>Michal Maro\u0161i: Nikdy jsem nebyl uk\u00e1zkov\u00fd sportovec, ale sp\u00ed\u0161 zlobiv\u00fd kluk<\/span><\/h3>\n        <\/a>\n    <\/div>\n    <\/article>\n<\/div>\n<h2><strong>Co pro \u0161\u00e9fa organiza\u010dn\u00edho t\u00fdmu znamen\u00e1, kdy\u017e se do jeho amat\u00e9rsk\u00e9ho z\u00e1vodu p\u0159ihl\u00e1s\u00ed p\u00e1t\u00fd mu\u017e z Tour de France Roman Kreuziger \u010di elitn\u00ed cyklist\u00e9 Petr Vako\u010d nebo Josef \u010cern\u00fd?<\/strong><\/h2>\n<p>Samoz\u0159ejm\u011b si uv\u011bdomuji, \u017ee kdyby sezona prob\u00edhala norm\u00e1ln\u011b, tak bychom je na startu nevid\u011bli. Jsem r\u00e1d, \u017ee elitn\u00ed z\u00e1vodn\u00edci projevili z\u00e1jem o n\u00e1\u0161 z\u00e1vod. N\u011bkolik \u0161pi\u010dkov\u00fdch cyklist\u016f u n\u00e1s startovalo u\u017e v\u00a0minulosti. Jsem pochopiteln\u011b zv\u011bdav\u00fd, co na Krakono\u0161\u016fv maraton \u0159eknou.<\/p>\n<figure id=\"attachment_7814\" aria-describedby=\"caption-attachment-7814\" style=\"width: 1080px\" class=\"wp-caption alignnone\"><a href=\"https:\/\/d2p6e6u75xmxt8.cloudfront.net\/13\/2020\/06\/petr-vako\u010d-.jpg\"><img loading=\"lazy\" decoding=\"async\" class=\"size-full wp-image-7814\" src=\"https:\/\/d2p6e6u75xmxt8.cloudfront.net\/13\/2020\/06\/petr-vako\u010d-.jpg\" alt=\"Petr Vako\u010d by m\u011bl b\u00fdt jednou z hv\u011bzd Krakono\u0161ova cyklomaratonu b\u011bhem nadch\u00e1zej\u00edc\u00ed soboty. Foto: instagram Petra Vako\u010de\" width=\"1080\" height=\"1080\" \/><\/a><figcaption id=\"caption-attachment-7814\" class=\"wp-caption-text\"><em>Petr Vako\u010d by m\u011bl b\u00fdt jednou z hv\u011bzd Krakono\u0161ova cyklomaratonu b\u011bhem nadch\u00e1zej\u00edc\u00ed soboty. Foto: instagram Petra Vako\u010de<\/em><\/figcaption><\/figure>\n<h2><strong>Uva\u017eovali jste s\u00a0ohledem na panuj\u00edc\u00ed opat\u0159en\u00ed v\u00a0souvislosti s\u00a0pandemi\u00ed koronaviru o zru\u0161en\u00ed \u010di odlo\u017een\u00ed z\u00e1vodu?<\/strong><\/h2>\n<p>V\u016fbec. Cht\u011bli jsme jet i v\u00a0p\u0159\u00edpad\u011b je\u0161t\u011b men\u0161\u00edho po\u010dtu startuj\u00edc\u00edch. M\u00e1me velkou podporu Svazku obc\u00ed V\u00fdchodn\u00ed Krkono\u0161e, je to jedna z\u00a0nejv\u011bt\u0161\u00edch akc\u00ed v\u00a0oblasti. Podpo\u0159ili n\u00e1s rovn\u011b\u017e \u00fa\u0159edn\u00ed org\u00e1ny v\u00a0lokalit\u011b. Ne\u0159e\u0161ili jsme ani variantu odlo\u017een\u00ed. Nev\u011b\u0159\u00edm, \u017ee se opat\u0159en\u00ed tolik uvoln\u00ed. Nyn\u00ed maj\u00ed alespo\u0148 v\u0161ichni radost, \u017ee n\u011bkde mohou startovat. A jako bonus vn\u00edm\u00e1me pr\u00e1v\u011b \u00fa\u010dast profesion\u00e1l\u016f. Na startu bude konkurence jako na \u010desk\u00e9m \u0161ampion\u00e1tu.<\/p>\n<div class=\"shortcode-ys-post-pinup\"><article class=\"loop-simple post-7717 post type-post status-publish format-standard has-post-thumbnail hentry category-silnicni-cyklistika tag-doping tag-jan-ullrich tag-lance-armstrong global-categories-cycling\" data-postid=\"7717\" role=\"article\" data-post-id=\"7717\" data-word-count=\"449\" data-headline-length=\"61\" data-category=\"Silni\u010dn\u00ed cyklistika\" data-global-category=\"Cycling\" data-author=\"Jan Kr\u016fta\" data-published=\"2020-06-14T09:30:31+02:00\" data-published-day=\"Sunday\">\n    <div class=\"entry-thumbnail article-thumbnail\" content=\"https:\/\/d2p6e6u75xmxt8.cloudfront.net\/13\/2020\/06\/Jan-Ullrich-profimedia-150x150.webp\"><a href=\"https:\/\/www.welovecycling.com\/cs\/2020\/06\/14\/ullrich-spadl-na-same-dno-z-nejhorsiho-pomohl-i-armstrong\/\" class=\"image-holder\" target=\"_self\"><img decoding=\"async\" loading=\"lazy\" class=\"\" src=\"https:\/\/d2p6e6u75xmxt8.cloudfront.net\/13\/2020\/06\/Jan-Ullrich-profimedia-1024x656.webp\" srcset=\"https:\/\/d2p6e6u75xmxt8.cloudfront.net\/13\/2020\/06\/Jan-Ullrich-profimedia.webp 1800w, https:\/\/d2p6e6u75xmxt8.cloudfront.net\/13\/2020\/06\/Jan-Ullrich-profimedia-300x192.webp 300w, https:\/\/d2p6e6u75xmxt8.cloudfront.net\/13\/2020\/06\/Jan-Ullrich-profimedia-1024x656.webp 1024w, https:\/\/d2p6e6u75xmxt8.cloudfront.net\/13\/2020\/06\/Jan-Ullrich-profimedia-768x492.webp 768w, https:\/\/d2p6e6u75xmxt8.cloudfront.net\/13\/2020\/06\/Jan-Ullrich-profimedia-1536x984.webp 1536w\" width=\"1024\" height=\"656\" sizes=\"auto, (min-width: 1200px) 312px, (min-width: 768px) 26vw, 100vw\" alt=\"ullrich-spadl-na-same-dno-z-nejhorsiho-pomohl-i-armstrong\"\/><\/a><\/div>    <div class=\"entry-meta\">\n        <a class=\"label label-secondary post-category\" href=\"https:\/\/www.welovecycling.com\/cs\/category\/silnicni-cyklistika\/\" title=\"Silni\u010dn\u00ed cyklistika\">Silni\u010dn\u00ed cyklistika<\/a>\n    <\/div>\n    <div class=\"entry-details\">\n        <a href=\"https:\/\/www.welovecycling.com\/cs\/2020\/06\/14\/ullrich-spadl-na-same-dno-z-nejhorsiho-pomohl-i-armstrong\/\" class='entry-title-wrapper'>\n            <h3 class=\"entry-title\"><span>Ullrich spadl na sam\u00e9 dno. Z nejhor\u0161\u00edho pomohl i Armstrong<\/span><\/h3>\n        <\/a>\n    <\/div>\n    <\/article>\n<\/div>\n<h2><strong>Je pravda, \u017ee na n\u011bkter\u00e9 z\u00a0profesion\u00e1l\u016f se v\u00a0prvn\u00ed vln\u011b p\u0159ihl\u00e1\u0161ek nedostalo?<\/strong><\/h2>\n<p>Ano. Podle prvn\u00edch na\u0159\u00edzen\u00ed bylo mo\u017en\u00e9 uspo\u0159\u00e1dat z\u00e1vod jen pro t\u0159i stovky jezdc\u016f. A t\u0159eba Pepa \u010cern\u00fd nebo Petr Vako\u010d se ozvali a\u017e v okam\u017eiku, kdy byla kapacita napln\u011bn\u00e1. Stejn\u011b tak t\u0159eba Karel Vacek nebo Vojt\u011bch Sedl\u00e1\u010dek, mlad\u00ed kluci z\u00e1vod\u00edc\u00ed v zahrani\u010d\u00ed. Ale pak do\u0161lo k v\u011bt\u0161\u00edmu uvoln\u011bn\u00ed pravidel a roz\u0161\u00ed\u0159en\u00ed z\u00e1vodu o dal\u0161\u00edch dv\u011b st\u011b m\u00edst.<\/p>\n<h2><strong>A vy te\u010f budete po\u0159\u00e1dat z\u00e1vod, kter\u00fd dost mo\u017en\u00e1 z\u00a0hlediska konkurence p\u0159es\u00e1hne i \u00farove\u0148 republikov\u00e9ho \u0161ampion\u00e1tu.<\/strong><\/h2>\n<p>Z\u00a0absolutn\u00ed elity chyb\u00ed vlastn\u011b jen Zden\u011bk \u0160tybar a Jan Hirt. P\u0159i\u010dem\u017e \u0160tybar se ve startovn\u00ed listin\u011b mo\u017en\u00e1 objev\u00ed. Je na soust\u0159ed\u011bn\u00ed v\u00a0Belgii, kter\u00e9 mu kon\u010d\u00ed v\u00a0p\u00e1tek. Jsme ve spojen\u00ed, jeho \u00fa\u010dast nevylu\u010duji. Pro n\u00e1s p\u0159edstavuj\u00ed velk\u00e1 jm\u00e9na z\u00e1vazek uspo\u0159\u00e1dat kvalitn\u00ed z\u00e1vod.<\/p>\n<figure id=\"attachment_7818\" aria-describedby=\"caption-attachment-7818\" style=\"width: 1200px\" class=\"wp-caption alignnone\"><a href=\"https:\/\/d2p6e6u75xmxt8.cloudfront.net\/13\/2020\/06\/slav\u00ed\u010dek-biker.jpg\"><img loading=\"lazy\" decoding=\"async\" class=\"size-full wp-image-7818\" src=\"https:\/\/d2p6e6u75xmxt8.cloudfront.net\/13\/2020\/06\/slav\u00ed\u010dek-biker.jpg\" alt=\"Jan Slav\u00ed\u010dek, sou\u010dasn\u00fd \u0159editel z\u00e1vodu Krakono\u0161\u016fv cyklomaraton, v dob\u00e1ch, kdy s\u00e1m aktivn\u011b z\u00e1vodil. Foto: profimedia\" width=\"1200\" height=\"1800\" \/><\/a><figcaption id=\"caption-attachment-7818\" class=\"wp-caption-text\"><em>Jan Slav\u00ed\u010dek, sou\u010dasn\u00fd \u0159editel z\u00e1vodu Krakono\u0161\u016fv cyklomaraton, v dob\u00e1ch, kdy s\u00e1m aktivn\u011b z\u00e1vodil. Foto: profimedia<\/em><\/figcaption><\/figure>\n<h2><strong>Prim\u00e1rn\u011b je v\u00e1\u0161 z\u00e1vod ur\u010den hobby cyklist\u016fm. Jak za dan\u00e9 konstelace nalo\u017e\u00edte s\u00a0vyhla\u0161ov\u00e1n\u00edm po\u0159ad\u00ed?<\/strong><\/h2>\n<p>S ohledem na enormn\u00ed z\u00e1jem ze strany profesion\u00e1l\u016f jsme vypsali kategorii Elite, kterou jsme nikdy nevyhla\u0161ovali. P\u0159itom jsme kluk\u016fm z World Tour \u010di Pro Tour p\u0159ipravili jist\u00fd handicap. Odstartuj\u00ed a\u017e p\u011bt minut za hobby cyklisty na dlouh\u00e9 trase, ale v \u010dele pelotonu pro kr\u00e1tk\u00fd z\u00e1vod. \u00a0O\u010dek\u00e1v\u00e1m, \u017ee dojet\u00ed prvn\u00ed skupiny stejn\u011b nebude trvat dlouho. Nicm\u00e9n\u011b jsme cht\u011bli d\u00e1t amat\u00e9rsk\u00fdm cyklist\u016fm \u0161anci pom\u011b\u0159it se s eli\u0165\u00e1ky.<\/p>\n<h2><strong>Do\u017eadovali se profesion\u00e1lov\u00e9 pro svou \u00fa\u010dast n\u011b\u010deho speci\u00e1ln\u00edho?<\/strong><\/h2>\n<p>V\u016fbec. Jedn\u00e1n\u00ed byla velice p\u0159\u00edjemn\u00e1. V\u016fbec nediskutovali o doprovodn\u00fdch vozidlech. Domluvili jsme se jednodu\u0161e. V\u0161ichni byli r\u00e1di, \u017ee se Krakono\u0161\u016fv maraton po\u0159\u00e1d\u00e1. Tu\u0161\u00edm, \u017ee pro n\u011b bude z\u00e1vod p\u0159edstavovat sp\u00ed\u0161e m\u011b\u0159en\u00fd tr\u00e9nink. Ale jede se v\u00a0atraktivn\u00edch lokalit\u00e1ch Krkono\u0161sk\u00e9ho n\u00e1rodn\u00edho parku, nebude to zase \u00fapln\u00e1 rovinka. Sp\u00ed\u0161e pro n\u011b bude nezvyk, \u017ee p\u0159\u00edpadn\u00fd doprovod bude muset respektovat pravidla silni\u010dn\u00edho provozu, proto\u017ee se jede na otev\u0159en\u00e9 trase. Pochopiteln\u011b nebudou p\u0159\u00edtomni ani rozhod\u010d\u00ed. M\u00e1me hodn\u011b motork\u00e1\u0159\u016f, hodn\u011b po\u0159adatel\u016f, ale p\u0159eci jen zaji\u0161t\u011bn\u00ed je odli\u0161n\u00e9 proti zvyklostem z\u00a0Pro Tour z\u00e1vod\u016f.<\/p>\n<figure id=\"attachment_7815\" aria-describedby=\"caption-attachment-7815\" style=\"width: 1080px\" class=\"wp-caption alignnone\"><a href=\"https:\/\/d2p6e6u75xmxt8.cloudfront.net\/13\/2020\/06\/roman-kreuziger-instagram.jpg\"><img loading=\"lazy\" decoding=\"async\" class=\"size-full wp-image-7815\" src=\"https:\/\/d2p6e6u75xmxt8.cloudfront.net\/13\/2020\/06\/roman-kreuziger-instagram.jpg\" alt=\"Roman Kreuziger z t\u00fdmu NTT Pro Cycling je mezi p\u0159ihl\u00e1\u0161en\u00fdmi na Krakono\u0161\u016fv cyklomaraton. Foto: instagram R. Kreuzigera\" width=\"1080\" height=\"1350\" \/><\/a><figcaption id=\"caption-attachment-7815\" class=\"wp-caption-text\"><em>Roman Kreuziger z t\u00fdmu NTT Pro Cycling je mezi p\u0159ihl\u00e1\u0161en\u00fdmi na Krakono\u0161\u016fv cyklomaraton. Foto: instagram R. Kreuzigera<\/em><\/figcaption><\/figure>\n<h2><strong>Zaznamenal jste i negativn\u00ed ohlasy? Nest\u011b\u017eoval si n\u011bkdo, \u017ee jste do startovn\u00edho pole profesion\u00e1ly za\u0159adili?<\/strong><\/h2>\n<p>Ne. Hobby jezdci v\u011bd\u00ed, \u017ee prof\u00edci jsou v\u00fdkonnostn\u011b jinde. Cyklistika je z\u00e1le\u017eitost pro v\u0161echny a ka\u017ed\u00fd ji d\u011bl\u00e1 z jin\u00e9ho d\u016fvodu. Pro eli\u0165\u00e1ky je to pr\u00e1ce. Pro v\u011bt\u0161inu hobby jezdc\u016f je smyslem \u00fa\u010dast v z\u00e1vod\u011b, nikoliv v\u00edt\u011bzstv\u00ed. Cht\u011bj\u00ed se pom\u011b\u0159it sami se sebou. Nav\u00edc pro mnoh\u00e9 z nich je z\u00e1\u017eitek jet z\u00e1vod s klukem jako Roman Kreuziger, kter\u00fd byl p\u00e1t\u00fd na Tour de France. To je extra z\u00e1\u017eitek.<\/p>\n<h2><strong>P\u0159edstavuj\u00ed hv\u011bzdn\u00e1 jm\u00e9na na startu p\u0159\u00ednos pro ekonomickou str\u00e1nku?<\/strong><\/h2>\n<p>V\u016fbec ne. V\u0161echna rozhodnut\u00ed se v d\u016fsledku pandemie d\u011blala na posledn\u00ed chv\u00edli. Nebyl \u010das sh\u00e1n\u011bt extra partnery. S\u00e1z\u00edme na ty dlouhodob\u00e9, pro kter\u00e9 je \u00fa\u010dast eli\u0165\u00e1k\u016f odm\u011bnou. Mo\u017en\u00e1 se start kluk\u016f jako Kreuziger \u010di Vako\u010d projev\u00ed na z\u00e1jmu sponzor\u016f do budoucnosti, proto\u017ee z\u00e1vod je pochopiteln\u011b r\u00e1zem mnohem v\u00edce sledovan\u00fd.<\/p>\n<h2><strong>Je hodn\u011b slo\u017eit\u00e9 v\u00a0sou\u010dasn\u00e9 situaci, kdy v\u011bt\u0161ina firem \u0161et\u0159\u00ed v\u00a0d\u016fsledku pandemie koronaviru, z\u00e1vody uspo\u0159\u00e1dat a ekonomicky zajistit?<\/strong><\/h2>\n<p>Kdybychom skon\u010dili v \u010derven\u00fdch \u010d\u00edslech, nebyl bych spokojen\u00fd. Jde o celoro\u010dn\u00ed pr\u00e1ci. A \u010dlov\u011bk si nem\u016f\u017ee dovolit v\u011bnovat \u010das a energii ztr\u00e1tov\u00fdm v\u011bcem. V\u011b\u0159\u00edm, \u017ee Krakono\u0161\u016fv maraton ani letos nebude ztr\u00e1tovou akc\u00ed. Zejm\u00e9na d\u00edky z\u00e1stupc\u016fm partner\u016f, kte\u0159\u00ed se k n\u00e1m ani v n\u00e1ro\u010dn\u00e9 dob\u011b neobr\u00e1tili z\u00e1dy. Ale sou\u010dasn\u011b jsem p\u0159esv\u011bd\u010den\u00fd, \u017ee zdrav\u00e9 akce by m\u011bly i v t\u00e9to slo\u017eit\u00e9 dob\u011b p\u0159e\u017e\u00edt bez probl\u00e9m\u016f.<\/p>\n<div class=\"shortcode-ys-post-pinup\"><article class=\"loop-simple post-7685 post type-post status-publish format-standard has-post-thumbnail hentry category-https-www-welovecycling-com-cs-category-zabava tag-jan-pirk tag-na-kole-detem tag-nova-cup tag-trenink global-categories-cycling\" data-postid=\"7685\" role=\"article\" data-post-id=\"7685\" data-word-count=\"750\" data-headline-length=\"100\" data-category=\"Z\u00c1BAVA\" data-global-category=\"Cycling\" data-author=\"Radek Malina\" data-published=\"2020-06-16T10:00:08+02:00\" data-published-day=\"Tuesday\">\n    <div class=\"entry-thumbnail article-thumbnail\" content=\"https:\/\/d2p6e6u75xmxt8.cloudfront.net\/13\/2020\/04\/nova-cup-pirk-2-150x150.webp\"><a href=\"https:\/\/www.welovecycling.com\/cs\/2020\/06\/16\/po-pivu-mi-tezknou-nohy-smeje-se-svetovy-kardiochirurg-nejvetsi-adrenalin-zazil-na-draze\/\" class=\"image-holder\" target=\"_self\"><img decoding=\"async\" loading=\"lazy\" class=\"\" src=\"https:\/\/d2p6e6u75xmxt8.cloudfront.net\/13\/2020\/04\/nova-cup-pirk-2-1024x683.webp\" srcset=\"https:\/\/d2p6e6u75xmxt8.cloudfront.net\/13\/2020\/04\/nova-cup-pirk-2.webp 2048w, https:\/\/d2p6e6u75xmxt8.cloudfront.net\/13\/2020\/04\/nova-cup-pirk-2-300x200.webp 300w, https:\/\/d2p6e6u75xmxt8.cloudfront.net\/13\/2020\/04\/nova-cup-pirk-2-1024x683.webp 1024w, https:\/\/d2p6e6u75xmxt8.cloudfront.net\/13\/2020\/04\/nova-cup-pirk-2-768x512.webp 768w, https:\/\/d2p6e6u75xmxt8.cloudfront.net\/13\/2020\/04\/nova-cup-pirk-2-1536x1024.webp 1536w, https:\/\/d2p6e6u75xmxt8.cloudfront.net\/13\/2020\/04\/nova-cup-pirk-2-1920x1280.webp 1920w, https:\/\/d2p6e6u75xmxt8.cloudfront.net\/13\/2020\/04\/nova-cup-pirk-2-272x182.webp 272w, https:\/\/d2p6e6u75xmxt8.cloudfront.net\/13\/2020\/04\/nova-cup-pirk-2-1920x1280.webp 1920w\" width=\"1024\" height=\"683\" sizes=\"auto, (min-width: 1200px) 300px, (min-width: 768px) 25vw, 100vw\" alt=\"po-pivu-mi-tezknou-nohy-smeje-se-svetovy-kardiochirurg-nejvetsi-adrenalin-zazil-na-draze\"\/><\/a><\/div>    <div class=\"entry-meta\">\n        <a class=\"label label-secondary post-category\" href=\"https:\/\/www.welovecycling.com\/cs\/category\/https-www-welovecycling-com-cs-category-zabava\/\" title=\"Z\u00c1BAVA\">Z\u00c1BAVA<\/a>\n    <\/div>\n    <div class=\"entry-details\">\n        <a href=\"https:\/\/www.welovecycling.com\/cs\/2020\/06\/16\/po-pivu-mi-tezknou-nohy-smeje-se-svetovy-kardiochirurg-nejvetsi-adrenalin-zazil-na-draze\/\" class='entry-title-wrapper'>\n            <h3 class=\"entry-title\"><span>Po pivu mi t\u011b\u017eknou nohy, sm\u011bje se sv\u011btov\u00fd kardiochirurg. Nejv\u011bt\u0161\u00ed adrenalin za\u017eil na dr\u00e1ze<\/span><\/h3>\n        <\/a>\n    <\/div>\n    <\/article>\n<\/div>\n<h2><strong>V minulosti jste z\u00e1vodil a tr\u00e9noval. Ne\u0159\u00edk\u00e1te si nyn\u00ed s odstupem v pozici organiz\u00e1tora sout\u011b\u017e\u00ed, jak maj\u00ed z\u00e1vodn\u00edci v\u0161e snadn\u011bj\u0161\u00ed?<\/strong><\/h2>\n<p>Cyklistika je m\u016fj \u017eivot. Poznal jsem ji ze v\u0161ech stran. Od z\u00e1vodn\u00edka p\u0159es organiz\u00e1tora \u010di prodejce kol. Jsem i funkcion\u00e1\u0159 na krajsk\u00e9 \u00farovni a \u010dlen v\u00fdkonn\u00e9ho v\u00fdboru cyklistick\u00e9ho svazu. Bylo skv\u011bl\u00e9 okusit v\u0161e jako z\u00e1vodn\u00edk a u\u017eil jsem si to. Nyn\u00ed jsem r\u00e1d, kdy\u017e dok\u00e1\u017eu zabezpe\u010dit finance na z\u00e1vod a uspo\u0159\u00e1dat ho na vysok\u00e9 \u00farovni. Krakono\u0161\u016fv maraton nen\u00ed jedin\u00fd podnik, kter\u00fd organizujeme. A nejv\u011bt\u0161\u00ed odm\u011bnou v\u017edy je, kdy\u017e jsou lid\u00e9 spokojen\u00ed s\u00a0organizac\u00ed a vrac\u00ed se na na\u0161e z\u00e1vody. Pak m\u00e1m z\u00a0cyklistiky v\u00e1\u017en\u011b radost.<\/p>\n<h2><strong>Zm\u011bn\u00ed \u00fa\u010dast nejlep\u0161\u00edch dom\u00e1c\u00edch z\u00e1vodn\u00edk\u016f v\u00e1\u0161 p\u0159\u00edstup do budoucnosti z\u00a0hlediska startovn\u00ed listiny, respektive v\u00fdkonnostn\u00edch skupin na startu?<\/strong><\/h2>\n<p>Pro n\u00e1s nen\u00ed kl\u00ed\u010dov\u00e9, jestli p\u0159ijede t\u0159icet \u0161pi\u010dkov\u00fdch z\u00e1vodn\u00edk\u016f. Sm\u011brodatn\u00fdch je v\u00a0leto\u0161n\u00edm roce \u010dty\u0159i sta pades\u00e1t amat\u00e9r\u016f, pro n\u011b\u017e je kolo \u017eivotn\u00edm stylem. Pr\u00e1v\u011b pro n\u011b z\u00e1vody d\u011bl\u00e1me a chceme, aby byli spokojen\u00ed. Tak\u017ee ani do budoucnosti se nic nezm\u011bn\u00ed na tom, \u017ee jsme z\u00e1vodem pro hobby cyklisty. Leto\u0161n\u00ed \u00fa\u010dast profesion\u00e1l\u016f n\u00e1m zvedne kredit. Tak\u017ee po lo\u0148sk\u00e9 \u00fa\u010dasti atakuj\u00edc\u00ed osm set cyklist\u016f v\u011b\u0159\u00edm, \u017ee za rok m\u016f\u017ee m\u00edt Krakono\u0161\u016fv maraton t\u0159eba tis\u00edcovku \u00fa\u010dastn\u00edk\u016f.<\/p>\n","protected":false},"excerpt":{"rendered":"<p>Krakono\u0161\u016fv maraton! Pokud nejste aktivn\u00ed silni\u010dn\u00ed cyklista \u010di alespo\u0148 fanou\u0161ek cyklistiky, dost mo\u017en\u00e1 jste o z\u00e1vod\u011b v\u00a0Krkono\u0161\u00edch nikdy nesly\u0161eli. P\u0159esto [&hellip;]<\/p>\n","protected":false},"author":122,"featured_media":7813,"comment_status":"open","ping_status":"open","sticky":false,"template":"","format":"standard","meta":{"footnotes":""},"categories":[10,660],"tags":[126,283,216,961,257,92],"global-categories":[411],"class_list":["post-7809","post","type-post","status-publish","format-standard","has-post-thumbnail","hentry","category-silnicni-cyklistika","category-https-www-welovecycling-com-cs-category-zabava","tag-cyklistika","tag-frantisek-sisr","tag-josef-cerny","tag-krakonosuv-maraton","tag-petr-vakoc","tag-roman-kreuziger","global-categories-cycling"],"yoast_head":"<!-- This site is optimized with the Yoast SEO Premium plugin v25.3 (Yoast SEO v25.9) - https:\/\/yoast.com\/wordpress\/plugins\/seo\/ -->\n<title>Krakono\u0161\u016fv maraton p\u0159il\u00e1k\u00e1 elitu! Ale d\u00e1l jsou pro n\u00e1s prioritou amat\u00e9\u0159i, hl\u00e1s\u00ed \u0159editel | \u0160koda We Love Cycling - \u010cesk\u00e1 republika<\/title>\n<meta name=\"robots\" content=\"index, follow, max-snippet:-1, max-image-preview:large, max-video-preview:-1\" \/>\n<link rel=\"canonical\" href=\"https:\/\/www.welovecycling.com\/cs\/2020\/06\/19\/krakonosuv-maraton-prilaka-elitu-ale-dal-jsou-pro-nas-prioritou-amateri-hlasi-reditel\/\" \/>\n<meta property=\"og:locale\" content=\"cs_CZ\" \/>\n<meta property=\"og:type\" content=\"article\" \/>\n<meta property=\"og:title\" content=\"Krakono\u0161\u016fv maraton p\u0159il\u00e1k\u00e1 elitu! Ale d\u00e1l jsou pro n\u00e1s prioritou amat\u00e9\u0159i, hl\u00e1s\u00ed \u0159editel\" \/>\n<meta property=\"og:description\" content=\"Krakono\u0161\u016fv maraton! Pokud nejste aktivn\u00ed silni\u010dn\u00ed cyklista \u010di alespo\u0148 fanou\u0161ek cyklistiky, dost mo\u017en\u00e1 jste o z\u00e1vod\u011b v\u00a0Krkono\u0161\u00edch nikdy nesly\u0161eli. P\u0159esto [&hellip;]\" \/>\n<meta property=\"og:url\" content=\"https:\/\/www.welovecycling.com\/cs\/2020\/06\/19\/krakonosuv-maraton-prilaka-elitu-ale-dal-jsou-pro-nas-prioritou-amateri-hlasi-reditel\/\" \/>\n<meta property=\"og:site_name\" content=\"\u0160koda We Love Cycling - \u010cesk\u00e1 republika\" \/>\n<meta property=\"article:published_time\" content=\"2020-06-19T08:00:47+00:00\" \/>\n<meta property=\"og:image\" content=\"https:\/\/d2p6e6u75xmxt8.cloudfront.net\/13\/2020\/06\/pra\u017esk\u00e1-bouda-pec-pod-sn\u011b\u017ekou-profimedia.webp\" \/>\n\t<meta property=\"og:image:width\" content=\"1800\" \/>\n\t<meta property=\"og:image:height\" content=\"1200\" \/>\n\t<meta property=\"og:image:type\" content=\"image\/webp\" \/>\n<meta name=\"twitter:card\" content=\"summary_large_image\" \/>\n<meta name=\"twitter:label1\" content=\"Written by\" \/>\n\t<meta name=\"twitter:data1\" content=\"Radek Malina\" \/>\n\t<meta name=\"twitter:label2\" content=\"Est. reading time\" \/>\n\t<meta name=\"twitter:data2\" content=\"8\" \/>\n<script type=\"application\/ld+json\" class=\"yoast-schema-graph\">{\"@context\":\"https:\/\/schema.org\",\"@graph\":[{\"@type\":\"WebPage\",\"@id\":\"https:\/\/www.welovecycling.com\/cs\/2020\/06\/19\/krakonosuv-maraton-prilaka-elitu-ale-dal-jsou-pro-nas-prioritou-amateri-hlasi-reditel\/\",\"url\":\"https:\/\/www.welovecycling.com\/cs\/2020\/06\/19\/krakonosuv-maraton-prilaka-elitu-ale-dal-jsou-pro-nas-prioritou-amateri-hlasi-reditel\/\",\"name\":\"Krakono\u0161\u016fv maraton p\u0159il\u00e1k\u00e1 elitu! Ale d\u00e1l jsou pro n\u00e1s prioritou amat\u00e9\u0159i, hl\u00e1s\u00ed \u0159editel | \u0160koda We Love Cycling - \u010cesk\u00e1 republika\",\"isPartOf\":{\"@id\":\"https:\/\/www.welovecycling.com\/cs\/#website\"},\"primaryImageOfPage\":{\"@id\":\"https:\/\/www.welovecycling.com\/cs\/2020\/06\/19\/krakonosuv-maraton-prilaka-elitu-ale-dal-jsou-pro-nas-prioritou-amateri-hlasi-reditel\/#primaryimage\"},\"image\":{\"@id\":\"https:\/\/www.welovecycling.com\/cs\/2020\/06\/19\/krakonosuv-maraton-prilaka-elitu-ale-dal-jsou-pro-nas-prioritou-amateri-hlasi-reditel\/#primaryimage\"},\"thumbnailUrl\":\"https:\/\/d2p6e6u75xmxt8.cloudfront.net\/13\/2020\/06\/pra\u017esk\u00e1-bouda-pec-pod-sn\u011b\u017ekou-profimedia.webp\",\"datePublished\":\"2020-06-19T08:00:47+00:00\",\"author\":{\"@id\":\"\"},\"inLanguage\":\"cs\",\"potentialAction\":[{\"@type\":\"ReadAction\",\"target\":[\"https:\/\/www.welovecycling.com\/cs\/2020\/06\/19\/krakonosuv-maraton-prilaka-elitu-ale-dal-jsou-pro-nas-prioritou-amateri-hlasi-reditel\/\"]}]},{\"@type\":\"ImageObject\",\"inLanguage\":\"cs\",\"@id\":\"https:\/\/www.welovecycling.com\/cs\/2020\/06\/19\/krakonosuv-maraton-prilaka-elitu-ale-dal-jsou-pro-nas-prioritou-amateri-hlasi-reditel\/#primaryimage\",\"url\":\"https:\/\/d2p6e6u75xmxt8.cloudfront.net\/13\/2020\/06\/pra\u017esk\u00e1-bouda-pec-pod-sn\u011b\u017ekou-profimedia.webp\",\"contentUrl\":\"https:\/\/d2p6e6u75xmxt8.cloudfront.net\/13\/2020\/06\/pra\u017esk\u00e1-bouda-pec-pod-sn\u011b\u017ekou-profimedia.webp\",\"width\":1800,\"height\":1200},{\"@type\":\"WebSite\",\"@id\":\"https:\/\/www.welovecycling.com\/cs\/#website\",\"url\":\"https:\/\/www.welovecycling.com\/cs\/\",\"name\":\"\u0160koda We Love Cycling - \u010cesk\u00e1 republika\",\"description\":\"WeLoveCycling.cz je online magaz\u00edn, kter\u00fd v\u00e1m pravideln\u011b p\u0159in\u00e1\u0161\u00ed rady a tipy, zaj\u00edmav\u00e9 \u010dl\u00e1nky, videa a jedine\u010dn\u00e9 report\u00e1\u017ee ze sv\u011bta cyklistiky.\",\"potentialAction\":[{\"@type\":\"SearchAction\",\"target\":{\"@type\":\"EntryPoint\",\"urlTemplate\":\"https:\/\/www.welovecycling.com\/cs\/?s={search_term_string}\"},\"query-input\":{\"@type\":\"PropertyValueSpecification\",\"valueRequired\":true,\"valueName\":\"search_term_string\"}}],\"inLanguage\":\"cs\"},{\"@type\":\"Person\",\"@id\":\"\",\"url\":\"https:\/\/www.welovecycling.com\/cs\/author\/\"}]}<\/script>\n<!-- \/ Yoast SEO Premium plugin. -->","yoast_head_json":{"title":"Krakono\u0161\u016fv maraton p\u0159il\u00e1k\u00e1 elitu! Ale d\u00e1l jsou pro n\u00e1s prioritou amat\u00e9\u0159i, hl\u00e1s\u00ed \u0159editel | \u0160koda We Love Cycling - \u010cesk\u00e1 republika","robots":{"index":"index","follow":"follow","max-snippet":"max-snippet:-1","max-image-preview":"max-image-preview:large","max-video-preview":"max-video-preview:-1"},"canonical":"https:\/\/www.welovecycling.com\/cs\/2020\/06\/19\/krakonosuv-maraton-prilaka-elitu-ale-dal-jsou-pro-nas-prioritou-amateri-hlasi-reditel\/","og_locale":"cs_CZ","og_type":"article","og_title":"Krakono\u0161\u016fv maraton p\u0159il\u00e1k\u00e1 elitu! Ale d\u00e1l jsou pro n\u00e1s prioritou amat\u00e9\u0159i, hl\u00e1s\u00ed \u0159editel","og_description":"Krakono\u0161\u016fv maraton! Pokud nejste aktivn\u00ed silni\u010dn\u00ed cyklista \u010di alespo\u0148 fanou\u0161ek cyklistiky, dost mo\u017en\u00e1 jste o z\u00e1vod\u011b v\u00a0Krkono\u0161\u00edch nikdy nesly\u0161eli. P\u0159esto [&hellip;]","og_url":"https:\/\/www.welovecycling.com\/cs\/2020\/06\/19\/krakonosuv-maraton-prilaka-elitu-ale-dal-jsou-pro-nas-prioritou-amateri-hlasi-reditel\/","og_site_name":"\u0160koda We Love Cycling - \u010cesk\u00e1 republika","article_published_time":"2020-06-19T08:00:47+00:00","og_image":[{"width":1800,"height":1200,"url":"https:\/\/d2p6e6u75xmxt8.cloudfront.net\/13\/2020\/06\/pra\u017esk\u00e1-bouda-pec-pod-sn\u011b\u017ekou-profimedia.webp","type":"image\/webp"}],"twitter_card":"summary_large_image","twitter_misc":{"Written by":"Radek Malina","Est. reading time":"8"},"schema":{"@context":"https:\/\/schema.org","@graph":[{"@type":"WebPage","@id":"https:\/\/www.welovecycling.com\/cs\/2020\/06\/19\/krakonosuv-maraton-prilaka-elitu-ale-dal-jsou-pro-nas-prioritou-amateri-hlasi-reditel\/","url":"https:\/\/www.welovecycling.com\/cs\/2020\/06\/19\/krakonosuv-maraton-prilaka-elitu-ale-dal-jsou-pro-nas-prioritou-amateri-hlasi-reditel\/","name":"Krakono\u0161\u016fv maraton p\u0159il\u00e1k\u00e1 elitu! Ale d\u00e1l jsou pro n\u00e1s prioritou amat\u00e9\u0159i, hl\u00e1s\u00ed \u0159editel | \u0160koda We Love Cycling - \u010cesk\u00e1 republika","isPartOf":{"@id":"https:\/\/www.welovecycling.com\/cs\/#website"},"primaryImageOfPage":{"@id":"https:\/\/www.welovecycling.com\/cs\/2020\/06\/19\/krakonosuv-maraton-prilaka-elitu-ale-dal-jsou-pro-nas-prioritou-amateri-hlasi-reditel\/#primaryimage"},"image":{"@id":"https:\/\/www.welovecycling.com\/cs\/2020\/06\/19\/krakonosuv-maraton-prilaka-elitu-ale-dal-jsou-pro-nas-prioritou-amateri-hlasi-reditel\/#primaryimage"},"thumbnailUrl":"https:\/\/d2p6e6u75xmxt8.cloudfront.net\/13\/2020\/06\/pra\u017esk\u00e1-bouda-pec-pod-sn\u011b\u017ekou-profimedia.webp","datePublished":"2020-06-19T08:00:47+00:00","author":{"@id":""},"inLanguage":"cs","potentialAction":[{"@type":"ReadAction","target":["https:\/\/www.welovecycling.com\/cs\/2020\/06\/19\/krakonosuv-maraton-prilaka-elitu-ale-dal-jsou-pro-nas-prioritou-amateri-hlasi-reditel\/"]}]},{"@type":"ImageObject","inLanguage":"cs","@id":"https:\/\/www.welovecycling.com\/cs\/2020\/06\/19\/krakonosuv-maraton-prilaka-elitu-ale-dal-jsou-pro-nas-prioritou-amateri-hlasi-reditel\/#primaryimage","url":"https:\/\/d2p6e6u75xmxt8.cloudfront.net\/13\/2020\/06\/pra\u017esk\u00e1-bouda-pec-pod-sn\u011b\u017ekou-profimedia.webp","contentUrl":"https:\/\/d2p6e6u75xmxt8.cloudfront.net\/13\/2020\/06\/pra\u017esk\u00e1-bouda-pec-pod-sn\u011b\u017ekou-profimedia.webp","width":1800,"height":1200},{"@type":"WebSite","@id":"https:\/\/www.welovecycling.com\/cs\/#website","url":"https:\/\/www.welovecycling.com\/cs\/","name":"\u0160koda We Love Cycling - \u010cesk\u00e1 republika","description":"WeLoveCycling.cz je online magaz\u00edn, kter\u00fd v\u00e1m pravideln\u011b p\u0159in\u00e1\u0161\u00ed rady a tipy, zaj\u00edmav\u00e9 \u010dl\u00e1nky, videa a jedine\u010dn\u00e9 report\u00e1\u017ee ze sv\u011bta cyklistiky.","potentialAction":[{"@type":"SearchAction","target":{"@type":"EntryPoint","urlTemplate":"https:\/\/www.welovecycling.com\/cs\/?s={search_term_string}"},"query-input":{"@type":"PropertyValueSpecification","valueRequired":true,"valueName":"search_term_string"}}],"inLanguage":"cs"},{"@type":"Person","@id":"","url":"https:\/\/www.welovecycling.com\/cs\/author\/"}]}},"_links":{"self":[{"href":"https:\/\/www.welovecycling.com\/cs\/wp-json\/wp\/v2\/posts\/7809","targetHints":{"allow":["GET"]}}],"collection":[{"href":"https:\/\/www.welovecycling.com\/cs\/wp-json\/wp\/v2\/posts"}],"about":[{"href":"https:\/\/www.welovecycling.com\/cs\/wp-json\/wp\/v2\/types\/post"}],"author":[{"embeddable":true,"href":"https:\/\/www.welovecycling.com\/cs\/wp-json\/wp\/v2\/users\/122"}],"replies":[{"embeddable":true,"href":"https:\/\/www.welovecycling.com\/cs\/wp-json\/wp\/v2\/comments?post=7809"}],"version-history":[{"count":2,"href":"https:\/\/www.welovecycling.com\/cs\/wp-json\/wp\/v2\/posts\/7809\/revisions"}],"predecessor-version":[{"id":7837,"href":"https:\/\/www.welovecycling.com\/cs\/wp-json\/wp\/v2\/posts\/7809\/revisions\/7837"}],"wp:featuredmedia":[{"embeddable":true,"href":"https:\/\/www.welovecycling.com\/cs\/wp-json\/wp\/v2\/media\/7813"}],"wp:attachment":[{"href":"https:\/\/www.welovecycling.com\/cs\/wp-json\/wp\/v2\/media?parent=7809"}],"wp:term":[{"taxonomy":"category","embeddable":true,"href":"https:\/\/www.welovecycling.com\/cs\/wp-json\/wp\/v2\/categories?post=7809"},{"taxonomy":"post_tag","embeddable":true,"href":"https:\/\/www.welovecycling.com\/cs\/wp-json\/wp\/v2\/tags?post=7809"},{"taxonomy":"global-categories","embeddable":true,"href":"https:\/\/www.welovecycling.com\/cs\/wp-json\/wp\/v2\/global-categories?post=7809"}],"curies":[{"name":"wp","href":"https:\/\/api.w.org\/{rel}","templated":true}]}}