{"id":7685,"date":"2020-06-16T10:00:08","date_gmt":"2020-06-16T08:00:08","guid":{"rendered":"https:\/\/www.welovecycling.com\/cs\/?p=7685"},"modified":"2020-06-14T10:45:19","modified_gmt":"2020-06-14T08:45:19","slug":"po-pivu-mi-tezknou-nohy-smeje-se-svetovy-kardiochirurg-nejvetsi-adrenalin-zazil-na-draze","status":"publish","type":"post","link":"https:\/\/www.welovecycling.com\/cs\/2020\/06\/16\/po-pivu-mi-tezknou-nohy-smeje-se-svetovy-kardiochirurg-nejvetsi-adrenalin-zazil-na-draze\/","title":{"rendered":"Po pivu mi t\u011b\u017eknou nohy, sm\u011bje se sv\u011btov\u00fd kardiochirurg. Nejv\u011bt\u0161\u00ed adrenalin za\u017eil na dr\u00e1ze"},"content":{"rendered":"<p><strong>Je uzn\u00e1vanou a ct\u011bnou kapacitou v\u00a0oboru. Jeho n\u00e1zory jsou \u017e\u00e1dan\u00e9 na sv\u011btov\u00fdch f\u00f3rech. Jan Pirk, \u010desk\u00fd kardiochirurg a p\u0159ednosta Kadiocentra Institutu klinick\u00e9 a experiment\u00e1ln\u00ed medic\u00edny v\u00a0Praze, je v\u0161ak i v\u00e1\u0161niv\u00fdm cyklistou. Vlastn\u00ed mnoho silni\u010dn\u00edch i horsk\u00fdch kol, \u00fa\u010dastnil se cyklistick\u00e9ho sv\u011btov\u00e9ho \u0161ampion\u00e1tu l\u00e9ka\u0159\u016f a pravideln\u011b startuje jako \u010dlen t\u00fdmu We Love Cycling na vybran\u00fdch dom\u00e1c\u00edch z\u00e1vodech. Jak se ke kol\u016fm dostal? A co byl v\u00a0sedle kola pro dvaasedmdes\u00e1tilet\u00e9ho rod\u00e1ka z\u00a0Prahy nejv\u011bt\u0161\u00ed adrenalin?<\/strong><\/p>\n<h2><strong>S\u00a0cyklistikou jste za\u010dal u\u017e jako d\u00edt\u011b?<\/strong><\/h2>\n<p>Kdy\u017e jsem byl mal\u00fd, nebyly \u017e\u00e1dn\u00e9 mobily, po\u010d\u00edta\u010de a podobn\u00e9 v\u011bci, tud\u00ed\u017e jsem jezdil na kole. Vyr\u016fstal jsem na chat\u011b v\u00a0Konojedech, kde je spousta les\u016f. Jezdili jsme s kamar\u00e1dy hlavn\u011b v ter\u00e9nu, tak\u017ee jsme rodi\u010d\u016fm zlikvidovali jejich kola, kter\u00e1 by dnes m\u011bla velkou cenu. Tat\u00ednek m\u011bl z\u00a0prvn\u00ed republiky kolo s\u00a0p\u0159ehazova\u010dkou ulo\u017eenou ve st\u0159edov\u00e9m torp\u00e9du. M\u011blo d\u0159ev\u011bn\u00e9 blatn\u00edky, aby bylo lehk\u00e9. To jsem v\u0161echno zni\u010dil.<\/p>\n<h2><strong>A jak se kluk z\u00a0les\u016f kolem Konojed dostane k\u00a0z\u00e1vodn\u00ed cyklistice?<\/strong><\/h2>\n<p>Na konci dev\u00edtiletky jsem m\u011bl sam\u00e9 jedni\u010dky, tak jsem dostal Favorita. Vyr\u00e1b\u011bly se dva typy. Dra\u017e\u0161\u00ed m\u011bl \u010dty\u0159i kole\u010dka a vp\u0159edu dvojp\u0159evodn\u00edk. Levn\u011bj\u0161\u00ed, kter\u00fd jsem dostal, m\u011bl jeden p\u0159evodn\u00edk a t\u0159\u00edkole\u010dko. St\u00e1l 960 korun. \u010casem jsem si koupil dvojp\u0159evodn\u00edk, abych kolo vylep\u0161il. A p\u0159ihl\u00e1sil se na cyklistick\u00e9 krit\u00e9rium na Sm\u00edchov\u011b, co\u017e byl Memori\u00e1l Ev\u017eena Cihl\u00e1\u0159e. To byl prvn\u00ed z\u00e1vod, jeho\u017e jsem se \u00fa\u010dastnil.<\/p>\n<div class=\"shortcode-ys-post-pinup\"><article class=\"loop-simple post-7615 post type-post status-publish format-standard has-post-thumbnail hentry category-silnicni-cyklistika category-https-www-welovecycling-com-cs-category-zabava tag-josef-zimovcak tag-na-kole-detem global-categories-cycling\" data-postid=\"7615\" role=\"article\" data-post-id=\"7615\" data-word-count=\"555\" data-headline-length=\"98\" data-category=\"Silni\u010dn\u00ed cyklistika\" data-global-category=\"Cycling\" data-author=\"Radek Malina\" data-published=\"2020-06-10T09:00:45+02:00\" data-published-day=\"Wednesday\">\n    <div class=\"entry-thumbnail article-thumbnail\" content=\"https:\/\/d2p6e6u75xmxt8.cloudfront.net\/13\/2020\/06\/zimov\u010d\u00e1k-josef-4-150x150.webp\"><a href=\"https:\/\/www.welovecycling.com\/cs\/2020\/06\/10\/projekt-na-kole-detem-je-nejvetsi-vitezstvi-kariery-rika-svetovy-sampion-zimovcak\/\" class=\"image-holder\" target=\"_self\"><img decoding=\"async\" loading=\"lazy\" class=\"\" src=\"https:\/\/d2p6e6u75xmxt8.cloudfront.net\/13\/2020\/06\/zimov\u010d\u00e1k-josef-4.webp\" srcset=\"https:\/\/d2p6e6u75xmxt8.cloudfront.net\/13\/2020\/06\/zimov\u010d\u00e1k-josef-4.webp 1000w, https:\/\/d2p6e6u75xmxt8.cloudfront.net\/13\/2020\/06\/zimov\u010d\u00e1k-josef-4-300x200.webp 300w, https:\/\/d2p6e6u75xmxt8.cloudfront.net\/13\/2020\/06\/zimov\u010d\u00e1k-josef-4-768x512.webp 768w, https:\/\/d2p6e6u75xmxt8.cloudfront.net\/13\/2020\/06\/zimov\u010d\u00e1k-josef-4-272x182.webp 272w\" width=\"1000\" height=\"667\" sizes=\"auto, (min-width: 1200px) 300px, (min-width: 768px) 25vw, 100vw\" alt=\"projekt-na-kole-detem-je-nejvetsi-vitezstvi-kariery-rika-svetovy-sampion-zimovcak\"\/><\/a><\/div>    <div class=\"entry-meta\">\n        <a class=\"label label-secondary post-category\" href=\"https:\/\/www.welovecycling.com\/cs\/category\/silnicni-cyklistika\/\" title=\"Silni\u010dn\u00ed cyklistika\">Silni\u010dn\u00ed cyklistika<\/a>\n    <\/div>\n    <div class=\"entry-details\">\n        <a href=\"https:\/\/www.welovecycling.com\/cs\/2020\/06\/10\/projekt-na-kole-detem-je-nejvetsi-vitezstvi-kariery-rika-svetovy-sampion-zimovcak\/\" class='entry-title-wrapper'>\n            <h3 class=\"entry-title\"><span>Projekt Na kole d\u011btem je nejv\u011bt\u0161\u00ed v\u00edt\u011bzstv\u00ed kari\u00e9ry, \u0159\u00edk\u00e1 sv\u011btov\u00fd \u0161ampion Zimov\u010d\u00e1k<\/span><\/h3>\n        <\/a>\n    <\/div>\n    <\/article>\n<\/div>\n<h2><strong>Nikdy jste nem\u011bl obdob\u00ed, kdy v\u00e1s kolo \u0161tvalo a na cyklistiku jste zanev\u0159el?<\/strong><\/h2>\n<p>Ne. J\u00e1 se kolu v\u011bnoval hlavn\u011b v\u00a0souvislosti s\u00a0triatlonem. Prvn\u00ed prob\u011bhl u\u017e na podzim \u010dty\u0159iaosmdes\u00e1t\u00e9ho, kter\u00fd jsme uspo\u0159\u00e1dali s\u00a0kamar\u00e1dy z\u00a0plaveck\u00e9ho odd\u00edlu Bohemians. V\u00a0IKEMu m\u00e1me dokonce triatlonov\u00fd klub. J\u00e1 se \u00fa\u010dastnil mistrovstv\u00ed Evropy i sv\u011bta l\u00e9ka\u0159\u016f.<\/p>\n<h2><strong>Jste zast\u00e1ncem silni\u010dn\u00ed cyklistiky nebo sp\u00ed\u0161e t\u00edhnete do ter\u00e9nu a k\u00a0horsk\u00fdm kol\u016fm?<\/strong><\/h2>\n<p>V\u017edy si vyb\u00edr\u00e1m podle n\u00e1lady a chuti. Aktu\u00e1ln\u011b m\u00e1m t\u0159eba p\u016fj\u010den\u00e9 celoodpru\u017een\u00e9 horsk\u00e9 kolo s dev\u011btadvac\u00edtkov\u00fdmi koly. A je to fantazie. P\u0159itom jsem m\u011bl strach, \u017ee jsem na takov\u00fd stroj mal\u00fd. Kv\u016fli triatlonu jsem jezdil ale hlavn\u011b na silnici. U\u017e v ml\u00e1d\u00ed jsem si po\u0159\u00eddil lep\u0161\u00ed kolo, proto\u017ee Favorita jsem vym\u011bnil s rodi\u010di za kytaru a m\u016fj stroj dostala sestra. Dnes vlastn\u00edm dv\u011b kr\u00e1sn\u00e1 karbonov\u00e1 silni\u010dn\u00ed kola. Ale m\u00e1m i skv\u011bl\u00e9 biky. Pamatuji si, jak m\u016fj kamar\u00e1d Jan Vedral (b\u00fdval\u00fd sjezda\u0159 a tren\u00e9r na\u0161\u00ed sjezda\u0159sk\u00e9 reprezentace) dovezl do \u010ceska jedno z prvn\u00edch horsk\u00fdch kol. V Rokytnici nad Jizerou n\u00e1m uk\u00e1zal, \u017ee je mal\u00fd p\u0159evodn\u00edk vp\u0159edu men\u0161\u00ed ne\u017e nejv\u011bt\u0161\u00ed kole\u010dko na zadn\u00ed kazet\u011b.<\/p>\n<figure id=\"attachment_7737\" aria-describedby=\"caption-attachment-7737\" style=\"width: 1632px\" class=\"wp-caption alignnone\"><a href=\"https:\/\/d2p6e6u75xmxt8.cloudfront.net\/13\/2020\/06\/pirk-silni\u010dn\u00ed-kolo-WLC.jpg\"><img loading=\"lazy\" decoding=\"async\" class=\"size-full wp-image-7737\" src=\"https:\/\/d2p6e6u75xmxt8.cloudfront.net\/13\/2020\/06\/pirk-silni\u010dn\u00ed-kolo-WLC.jpg\" alt=\"Jan Pirk, p\u0159edn\u00ed \u010desk\u00fd kardiochirurg, s jedn\u00edm z mnoha sv\u00fdch kol. Foto: archiv Jana Pirka\" width=\"1632\" height=\"1224\" \/><\/a><figcaption id=\"caption-attachment-7737\" class=\"wp-caption-text\"><em>Jan Pirk, p\u0159edn\u00ed \u010desk\u00fd kardiochirurg, s jedn\u00edm z mnoha sv\u00fdch kol. Foto: archiv Jana Pirka<\/em><\/figcaption><\/figure>\n<h2><strong>Nov\u00fdm trend\u016fm v\u00a0cyklistice se nebr\u00e1n\u00edte?<\/strong><\/h2>\n<p>V\u016fbec ne. Byl jsem na bodyfitingu, abych m\u011bl vylad\u011bn\u00fd posed. A letos na ja\u0159e jsem testoval sedlo, kter\u00e9 p\u0159edstavuj\u00ed vlastn\u011b jen dv\u011b takov\u00e1 k\u0159id\u00e9lka. Zpo\u010d\u00e1tku jsem k tomu nem\u011bl moc velkou d\u016fv\u011bru. \u010casto jsem zastavoval a hledal spr\u00e1vn\u00e9 nastaven\u00ed. Ale kdy\u017e jsem polohu vyladil, byl jsem nad\u0161en\u00fd. V kopc\u00edch jsem se hezky zap\u0159el a nemusel v\u016fbec vst\u00e1vat. Nav\u00edc je to zdrav\u011bj\u0161\u00ed. Cyklist\u00e9, kte\u0159\u00ed najedou deset tis\u00edc kilometr\u016f za rok, tak maj\u00ed \u010dast\u011bji karcinom prostaty, co\u017e tento typ sedla vylu\u010duje. V\u00e1\u017en\u011b jsem byl p\u0159\u00edjemn\u011b p\u0159ekvapen\u00fd.<\/p>\n<h2><strong>Kolik kilometr\u016f v\u00a0sedle b\u011bhem sezony zvl\u00e1dnete?<\/strong><\/h2>\n<p>Netu\u0161\u00edm. Hlavn\u00ed d\u016fvod je, \u017ee nem\u00e1m na v\u0161ech kolech computer. Nav\u00edc jezd\u00edm nepravideln\u011b. \u010casto se chyst\u00e1m, a pak za\u010dne pr\u0161et. A j\u00e1 jezd\u00edm jen v\u00a0dobr\u00e9m po\u010das\u00ed. D\u011bl\u00e1m cyklistiku pro radost. Nav\u00edc jezd\u00edm minim\u00e1ln\u011b na \u010dty\u0159ech kolech sou\u010dasn\u011b, tak\u017ee dopo\u010d\u00edtat se na konci sezony najet\u00fdch kilometr\u016f je nemo\u017en\u00e9.<\/p>\n<figure id=\"attachment_7736\" aria-describedby=\"caption-attachment-7736\" style=\"width: 1434px\" class=\"wp-caption alignnone\"><a href=\"https:\/\/d2p6e6u75xmxt8.cloudfront.net\/13\/2020\/06\/pirk-na-kole-d\u011btem-WLC-2.jpg\"><img loading=\"lazy\" decoding=\"async\" class=\"size-full wp-image-7736\" src=\"https:\/\/d2p6e6u75xmxt8.cloudfront.net\/13\/2020\/06\/pirk-na-kole-d\u011btem-WLC-2.jpg\" alt=\"Jan Pirk v sedle kola b\u011bhem cyklotour Na kole d\u011btem. Foto: archiv Jana Pirka\" width=\"1434\" height=\"2160\" \/><\/a><figcaption id=\"caption-attachment-7736\" class=\"wp-caption-text\"><em>Jan Pirk v sedle kola b\u011bhem cyklotour Na kole d\u011btem. Foto: archiv Jana Pirka<\/em><\/figcaption><\/figure>\n<h2><strong>A kolik kol v\u00e1m doma vlastn\u011b stoj\u00ed?<\/strong><\/h2>\n<p>Hodn\u011b. K\u00a0sedmdes\u00e1tin\u00e1m mi v\u00a0IKEMu dali francouzsk\u00e9 z\u00e1vodn\u00ed silni\u010dn\u00ed kolo z\u00a0t\u0159ic\u00e1t\u00fdch let minul\u00e9ho stolet\u00ed bez p\u0159ehazova\u010dky s\u00a0karbidovou lampou. Tak\u00e9 m\u00e1m cestovn\u00ed kolo Peugeot z\u00a0rohu 1942. K\u00a0tomu silni\u010dn\u00ed kola a horsk\u00e1. Tak\u00e9 m\u00e1m Amuleta, co\u017e bylo moje prvn\u00ed bikov\u00e9 kolo.<\/p>\n<h2><strong>U\u017e jste si po\u0159\u00eddil i elektrokolo?<\/strong><\/h2>\n<p>Ne. Ale chci zd\u016fraznit, \u017ee proti elektrokol\u016fm nem\u00e1m v\u016fbec nic. D\u00edky nim se mnoho lid\u00ed dostalo do p\u0159\u00edrody. Nesed\u00ed u televiz\u00ed \u010di v\u00a0hospod\u00e1ch, ale h\u00fdbou se. Ur\u010dit\u011b dosp\u011bji do v\u011bku, kdy nebudu schopn\u00fd kopce u\u0161lapat a rovn\u011b\u017e si elektrokolo po\u0159\u00edd\u00edm. Man\u017eelce u\u017e jsem jej dokonce koupil. Ale rozhodn\u011b by si nikdo nem\u011bl nech\u00e1vat odblokovat motor, kter\u00fd standardn\u011b pom\u00e1h\u00e1 jen do ur\u010dit\u00e9 rychlosti.<\/p>\n<div class=\"shortcode-ys-post-pinup\"><article class=\"loop-simple post-7629 post type-post status-publish format-standard has-post-thumbnail hentry category-silnicni-cyklistika tag-elkov-kasper global-categories-cycling\" data-postid=\"7629\" role=\"article\" data-post-id=\"7629\" data-word-count=\"591\" data-headline-length=\"85\" data-category=\"Silni\u010dn\u00ed cyklistika\" data-global-category=\"Cycling\" data-author=\"Jan Kr\u016fta\" data-published=\"2020-06-09T18:00:09+02:00\" data-published-day=\"Tuesday\">\n    <div class=\"entry-thumbnail article-thumbnail\" content=\"https:\/\/d2p6e6u75xmxt8.cloudfront.net\/13\/2020\/06\/v\u00e1vra-elkov-kasper-150x150.webp\"><a href=\"https:\/\/www.welovecycling.com\/cs\/2020\/06\/09\/na-plat-nikomu-sahnout-nemuseli-jak-pandemie-zasahla-nejlepsi-cesky-profitym\/\" class=\"image-holder\" target=\"_self\"><img decoding=\"async\" loading=\"lazy\" class=\"\" src=\"https:\/\/d2p6e6u75xmxt8.cloudfront.net\/13\/2020\/06\/v\u00e1vra-elkov-kasper-1024x576.webp\" srcset=\"https:\/\/d2p6e6u75xmxt8.cloudfront.net\/13\/2020\/06\/v\u00e1vra-elkov-kasper.webp 2048w, https:\/\/d2p6e6u75xmxt8.cloudfront.net\/13\/2020\/06\/v\u00e1vra-elkov-kasper-300x169.webp 300w, https:\/\/d2p6e6u75xmxt8.cloudfront.net\/13\/2020\/06\/v\u00e1vra-elkov-kasper-1024x576.webp 1024w, https:\/\/d2p6e6u75xmxt8.cloudfront.net\/13\/2020\/06\/v\u00e1vra-elkov-kasper-768x432.webp 768w, https:\/\/d2p6e6u75xmxt8.cloudfront.net\/13\/2020\/06\/v\u00e1vra-elkov-kasper-1536x864.webp 1536w, https:\/\/d2p6e6u75xmxt8.cloudfront.net\/13\/2020\/06\/v\u00e1vra-elkov-kasper-1920x1080.webp 1920w, https:\/\/d2p6e6u75xmxt8.cloudfront.net\/13\/2020\/06\/v\u00e1vra-elkov-kasper-1920x1080.webp 1920w\" width=\"1024\" height=\"576\" sizes=\"auto, (min-width: 1200px) 356px, (min-width: 768px) 30vw, 100vw\" alt=\"na-plat-nikomu-sahnout-nemuseli-jak-pandemie-zasahla-nejlepsi-cesky-profitym\"\/><\/a><\/div>    <div class=\"entry-meta\">\n        <a class=\"label label-secondary post-category\" href=\"https:\/\/www.welovecycling.com\/cs\/category\/silnicni-cyklistika\/\" title=\"Silni\u010dn\u00ed cyklistika\">Silni\u010dn\u00ed cyklistika<\/a>\n    <\/div>\n    <div class=\"entry-details\">\n        <a href=\"https:\/\/www.welovecycling.com\/cs\/2020\/06\/09\/na-plat-nikomu-sahnout-nemuseli-jak-pandemie-zasahla-nejlepsi-cesky-profitym\/\" class='entry-title-wrapper'>\n            <h3 class=\"entry-title\"><span>Na plat nikomu s\u00e1hnout nemuseli! Jak pandemie zas\u00e1hla nejlep\u0161\u00ed \u010desk\u00fd profit\u00fdm?<\/span><\/h3>\n        <\/a>\n    <\/div>\n    <\/article>\n<\/div>\n<h2><strong>St\u00e1le se \u00fa\u010dastn\u00edte z\u00e1vod\u016f. Jsou pro v\u00e1s motivac\u00ed v\u00fdsledky nebo jde o radost z\u00a0pohybu? <\/strong><\/h2>\n<p>Jde o velkou v\u00fdzvu. Vyb\u00edr\u00e1m si z\u00e1vody, kdy si d\u00e1m v\u00e1\u017en\u011b do t\u011bla. V minulosti jsem absolvoval Jizerskou pades\u00e1tku a ta m\u011b nenadchla. Po panelech, \u0161otolinov\u00fdch cesti\u010dk\u00e1ch&#8230; Ale t\u0159eba nyn\u00ed o v\u00edkendu jsem jel \u00favodn\u00ed d\u00edl seri\u00e1lu Nova Cup v S\u00e1zav\u011b. Hodn\u011b t\u011b\u017ek\u00fd z\u00e1vod, kdy se jede v kopc\u00edch kolem \u0159eky S\u00e1zavy, jsou tam brody. Velk\u00e1 maka\u010dka. Jedn\u00edm z nejv\u011bt\u0161\u00edch z\u00e1\u017eitk\u016f v\u0161ak bylo mistrovstv\u00ed sv\u011bta l\u00e9ka\u0159\u016f, kde jsem skon\u010dil \u010dtvrt\u00fd.<\/p>\n<figure id=\"attachment_6706\" aria-describedby=\"caption-attachment-6706\" style=\"width: 1920px\" class=\"wp-caption alignnone\"><a href=\"https:\/\/d2p6e6u75xmxt8.cloudfront.net\/13\/2020\/04\/nova-cup-pirk.jpg\"><img loading=\"lazy\" decoding=\"async\" class=\"size-extra-large wp-image-6706\" src=\"https:\/\/d2p6e6u75xmxt8.cloudfront.net\/13\/2020\/04\/nova-cup-pirk-1920x1280.jpg\" alt=\"Jan Pirk, p\u0159edn\u00ed \u010desk\u00fd kardiochirurg, pravideln\u011b startuje v z\u00e1vodech horsk\u00fdch kol. Foto: We Love Cycling\" width=\"1920\" height=\"1280\" \/><\/a><figcaption id=\"caption-attachment-6706\" class=\"wp-caption-text\"><em>Jan Pirk, p\u0159edn\u00ed \u010desk\u00fd kardiochirurg, pravideln\u011b startuje v z\u00e1vodech horsk\u00fdch kol. Foto: We Love Cycling<\/em><\/figcaption><\/figure>\n<h2><strong>\u0160lo o m\u011b\u0159en\u00ed sil v\u00a0silni\u010dn\u00edm z\u00e1vod\u011b?<\/strong><\/h2>\n<p>\u0160ampion\u00e1t po\u0159\u00e1dan\u00fd v roce 2013 v \u010cesku se skl\u00e1dal z \u010dasovky jednotlivc\u016f, silni\u010dn\u00edho hromadn\u00e9ho z\u00e1vodu, bikov\u00e9ho z\u00e1vodu a dr\u00e1hy tvo\u0159en\u00e9 sprintem na p\u011bt set metr\u016f a st\u00edha\u010dkou na dva kilometry. \u00a0V\u017edy jsem si myslel, jak velk\u00e1 otrava je dr\u00e1hov\u00e1 cyklistika. Na T\u0159ebe\u0161\u00edn\u011b jsem ale pochopil ten adrenalin. Stra\u0161n\u011b jsem se b\u00e1l. Kdy\u017e jsem vyjel po dr\u00e1ze tro\u0161ku v\u00fd\u0161e a kolo se rozjelo, tak jsem si \u0159\u00edkal, \u017ee jestli se rozm\u00e1znu na ten beton, bude to pohroma. Dokonce m\u011b cyklist\u00e9 l\u00e1kali do Stromovky na kr\u00e1tkou dr\u00e1hu, ale netroufal jsem si. Nicm\u00e9n\u011b \u00fapln\u011b nejv\u011bt\u0161\u00ed akc\u00ed, kter\u00e9 se \u00fa\u010dastn\u00edm, je nesout\u011b\u017en\u00ed cyklotour Na kole d\u011btem. Letos jsem se kv\u016fli zm\u011bn\u011b term\u00ednu v d\u016fsledku pandemie koronaviru nemohl \u00fa\u010dastnit od za\u010d\u00e1tku, ale jde o par\u00e1dn\u00ed akci, kdy se z\u00edskaj\u00ed finan\u010dn\u00ed prost\u0159edky pro d\u011bti po onkologick\u00e9 l\u00e9\u010db\u011b.<\/p>\n<div class=\"shortcode-ys-post-pinup\"><article class=\"loop-simple post-7569 post type-post status-publish format-standard has-post-thumbnail hentry category-horska-cyklistika category-pumptrack category-https-www-welovecycling-com-cs-category-zabava tag-bmx tag-fourcross tag-michal-marosi tag-pumptrack global-categories-cycling\" data-postid=\"7569\" role=\"article\" data-post-id=\"7569\" data-word-count=\"827\" data-headline-length=\"79\" data-category=\"Horsk\u00e1 cyklistika\" data-global-category=\"Cycling\" data-author=\"Jan Kr\u016fta\" data-published=\"2020-06-07T09:07:10+02:00\" data-published-day=\"Sunday\">\n    <div class=\"entry-thumbnail article-thumbnail\" content=\"https:\/\/d2p6e6u75xmxt8.cloudfront.net\/13\/2020\/06\/Maro\u0161i-Michal-WLC-3-150x150.webp\"><a href=\"https:\/\/www.welovecycling.com\/cs\/2020\/06\/07\/michal-marosi-nikdy-jsem-nebyl-ukazkovy-sportovec-ale-spis-zlobivy-kluk\/\" class=\"image-holder\" target=\"_self\"><img decoding=\"async\" loading=\"lazy\" class=\"\" src=\"https:\/\/d2p6e6u75xmxt8.cloudfront.net\/13\/2020\/06\/Maro\u0161i-Michal-WLC-3-1024x683.webp\" srcset=\"https:\/\/d2p6e6u75xmxt8.cloudfront.net\/13\/2020\/06\/Maro\u0161i-Michal-WLC-3.webp 1600w, https:\/\/d2p6e6u75xmxt8.cloudfront.net\/13\/2020\/06\/Maro\u0161i-Michal-WLC-3-300x200.webp 300w, https:\/\/d2p6e6u75xmxt8.cloudfront.net\/13\/2020\/06\/Maro\u0161i-Michal-WLC-3-1024x683.webp 1024w, https:\/\/d2p6e6u75xmxt8.cloudfront.net\/13\/2020\/06\/Maro\u0161i-Michal-WLC-3-768x512.webp 768w, https:\/\/d2p6e6u75xmxt8.cloudfront.net\/13\/2020\/06\/Maro\u0161i-Michal-WLC-3-1536x1024.webp 1536w, https:\/\/d2p6e6u75xmxt8.cloudfront.net\/13\/2020\/06\/Maro\u0161i-Michal-WLC-3-272x182.webp 272w\" width=\"1024\" height=\"683\" sizes=\"auto, (min-width: 1200px) 300px, (min-width: 768px) 25vw, 100vw\" alt=\"michal-marosi-nikdy-jsem-nebyl-ukazkovy-sportovec-ale-spis-zlobivy-kluk\"\/><\/a><\/div>    <div class=\"entry-meta\">\n        <a class=\"label label-secondary post-category\" href=\"https:\/\/www.welovecycling.com\/cs\/category\/horska-cyklistika\/\" title=\"Horsk\u00e1 cyklistika\">Horsk\u00e1 cyklistika<\/a>\n    <\/div>\n    <div class=\"entry-details\">\n        <a href=\"https:\/\/www.welovecycling.com\/cs\/2020\/06\/07\/michal-marosi-nikdy-jsem-nebyl-ukazkovy-sportovec-ale-spis-zlobivy-kluk\/\" class='entry-title-wrapper'>\n            <h3 class=\"entry-title\"><span>Michal Maro\u0161i: Nikdy jsem nebyl uk\u00e1zkov\u00fd sportovec, ale sp\u00ed\u0161 zlobiv\u00fd kluk<\/span><\/h3>\n        <\/a>\n    <\/div>\n    <\/article>\n<\/div>\n<h2><strong>Kdy\u017e zrovna nez\u00e1vod\u00edte, jste cyklista po\u017eitk\u00e1\u0159, kter\u00fd si zastav\u00ed na k\u00e1vi\u010dku?<\/strong><\/h2>\n<p>\u010clov\u011bk se mus\u00ed sm\u00ed\u0159it s t\u00edm, \u017ee s p\u0159ib\u00fdvaj\u00edc\u00edm v\u011bkem kles\u00e1 maxim\u00e1ln\u00ed tepov\u00e1 frekvence. Tak\u017ee na silnici jezd\u00edm rad\u011bji s\u00e1m, na pohodu. A kdy\u017e m\u00e1m tr\u00e9nink dlouh\u00fd t\u0159eba pades\u00e1t kilometr\u016f, tak nestav\u00edm. Ale pokud jsem ve v\u00fdletn\u00edm m\u00f3du \u010di v\u011bt\u0161\u00ed skupin\u011b, tak se pod\u0159\u00edd\u00edm. V\u017edy m\u011b l\u00e1k\u00e1 pivo. Ale d\u00e1v\u00e1m si maxim\u00e1ln\u011b jednu des\u00edtku, proto\u017ee mi pak t\u011b\u017eknou nohy. Tud\u00ed\u017e cuc\u00e1m Kofolu a pivo p\u0159ijde na \u0159adu a\u017e v c\u00edli.<\/p>\n","protected":false},"excerpt":{"rendered":"<p>Je uzn\u00e1vanou a ct\u011bnou kapacitou v\u00a0oboru. Jeho n\u00e1zory jsou \u017e\u00e1dan\u00e9 na sv\u011btov\u00fdch f\u00f3rech. Jan Pirk, \u010desk\u00fd kardiochirurg a p\u0159ednosta Kadiocentra [&hellip;]<\/p>\n","protected":false},"author":122,"featured_media":6705,"comment_status":"open","ping_status":"open","sticky":false,"template":"","format":"standard","meta":{"footnotes":""},"categories":[660],"tags":[929,933,172,27],"global-categories":[411],"class_list":["post-7685","post","type-post","status-publish","format-standard","has-post-thumbnail","hentry","category-https-www-welovecycling-com-cs-category-zabava","tag-jan-pirk","tag-na-kole-detem","tag-nova-cup","tag-trenink","global-categories-cycling"],"yoast_head":"<!-- This site is optimized with the Yoast SEO Premium plugin v25.3 (Yoast SEO v25.9) - https:\/\/yoast.com\/wordpress\/plugins\/seo\/ -->\n<title>Po pivu mi t\u011b\u017eknou nohy, sm\u011bje se sv\u011btov\u00fd kardiochirurg. Nejv\u011bt\u0161\u00ed adrenalin za\u017eil na dr\u00e1ze | \u0160koda We Love Cycling - \u010cesk\u00e1 republika<\/title>\n<meta name=\"robots\" content=\"index, follow, max-snippet:-1, max-image-preview:large, max-video-preview:-1\" \/>\n<link rel=\"canonical\" href=\"https:\/\/www.welovecycling.com\/cs\/2020\/06\/16\/po-pivu-mi-tezknou-nohy-smeje-se-svetovy-kardiochirurg-nejvetsi-adrenalin-zazil-na-draze\/\" \/>\n<meta property=\"og:locale\" content=\"cs_CZ\" \/>\n<meta property=\"og:type\" content=\"article\" \/>\n<meta property=\"og:title\" content=\"Po pivu mi t\u011b\u017eknou nohy, sm\u011bje se sv\u011btov\u00fd kardiochirurg. Nejv\u011bt\u0161\u00ed adrenalin za\u017eil na dr\u00e1ze\" \/>\n<meta property=\"og:description\" content=\"Je uzn\u00e1vanou a ct\u011bnou kapacitou v\u00a0oboru. Jeho n\u00e1zory jsou \u017e\u00e1dan\u00e9 na sv\u011btov\u00fdch f\u00f3rech. Jan Pirk, \u010desk\u00fd kardiochirurg a p\u0159ednosta Kadiocentra [&hellip;]\" \/>\n<meta property=\"og:url\" content=\"https:\/\/www.welovecycling.com\/cs\/2020\/06\/16\/po-pivu-mi-tezknou-nohy-smeje-se-svetovy-kardiochirurg-nejvetsi-adrenalin-zazil-na-draze\/\" \/>\n<meta property=\"og:site_name\" content=\"\u0160koda We Love Cycling - \u010cesk\u00e1 republika\" \/>\n<meta property=\"article:published_time\" content=\"2020-06-16T08:00:08+00:00\" \/>\n<meta property=\"og:image\" content=\"https:\/\/d2p6e6u75xmxt8.cloudfront.net\/13\/2020\/04\/nova-cup-pirk-2.webp\" \/>\n\t<meta property=\"og:image:width\" content=\"2048\" \/>\n\t<meta property=\"og:image:height\" content=\"1365\" \/>\n\t<meta property=\"og:image:type\" content=\"image\/webp\" \/>\n<meta name=\"twitter:card\" content=\"summary_large_image\" \/>\n<meta name=\"twitter:label1\" content=\"Written by\" \/>\n\t<meta name=\"twitter:data1\" content=\"Jan Kr\u016fta\" \/>\n\t<meta name=\"twitter:label2\" content=\"Est. reading time\" \/>\n\t<meta name=\"twitter:data2\" content=\"9\" \/>\n<script type=\"application\/ld+json\" class=\"yoast-schema-graph\">{\"@context\":\"https:\/\/schema.org\",\"@graph\":[{\"@type\":\"WebPage\",\"@id\":\"https:\/\/www.welovecycling.com\/cs\/2020\/06\/16\/po-pivu-mi-tezknou-nohy-smeje-se-svetovy-kardiochirurg-nejvetsi-adrenalin-zazil-na-draze\/\",\"url\":\"https:\/\/www.welovecycling.com\/cs\/2020\/06\/16\/po-pivu-mi-tezknou-nohy-smeje-se-svetovy-kardiochirurg-nejvetsi-adrenalin-zazil-na-draze\/\",\"name\":\"Po pivu mi t\u011b\u017eknou nohy, sm\u011bje se sv\u011btov\u00fd kardiochirurg. Nejv\u011bt\u0161\u00ed adrenalin za\u017eil na dr\u00e1ze | \u0160koda We Love Cycling - \u010cesk\u00e1 republika\",\"isPartOf\":{\"@id\":\"https:\/\/www.welovecycling.com\/cs\/#website\"},\"primaryImageOfPage\":{\"@id\":\"https:\/\/www.welovecycling.com\/cs\/2020\/06\/16\/po-pivu-mi-tezknou-nohy-smeje-se-svetovy-kardiochirurg-nejvetsi-adrenalin-zazil-na-draze\/#primaryimage\"},\"image\":{\"@id\":\"https:\/\/www.welovecycling.com\/cs\/2020\/06\/16\/po-pivu-mi-tezknou-nohy-smeje-se-svetovy-kardiochirurg-nejvetsi-adrenalin-zazil-na-draze\/#primaryimage\"},\"thumbnailUrl\":\"https:\/\/d2p6e6u75xmxt8.cloudfront.net\/13\/2020\/04\/nova-cup-pirk-2.webp\",\"datePublished\":\"2020-06-16T08:00:08+00:00\",\"author\":{\"@id\":\"\"},\"inLanguage\":\"cs\",\"potentialAction\":[{\"@type\":\"ReadAction\",\"target\":[\"https:\/\/www.welovecycling.com\/cs\/2020\/06\/16\/po-pivu-mi-tezknou-nohy-smeje-se-svetovy-kardiochirurg-nejvetsi-adrenalin-zazil-na-draze\/\"]}]},{\"@type\":\"ImageObject\",\"inLanguage\":\"cs\",\"@id\":\"https:\/\/www.welovecycling.com\/cs\/2020\/06\/16\/po-pivu-mi-tezknou-nohy-smeje-se-svetovy-kardiochirurg-nejvetsi-adrenalin-zazil-na-draze\/#primaryimage\",\"url\":\"https:\/\/d2p6e6u75xmxt8.cloudfront.net\/13\/2020\/04\/nova-cup-pirk-2.webp\",\"contentUrl\":\"https:\/\/d2p6e6u75xmxt8.cloudfront.net\/13\/2020\/04\/nova-cup-pirk-2.webp\",\"width\":2048,\"height\":1365,\"caption\":\"Jan Pirk by nem\u011bl chyb\u011bt na startu \u00favodn\u00edho d\u00edlu seri\u00e1lu Nova Cup.\"},{\"@type\":\"WebSite\",\"@id\":\"https:\/\/www.welovecycling.com\/cs\/#website\",\"url\":\"https:\/\/www.welovecycling.com\/cs\/\",\"name\":\"\u0160koda We Love Cycling - \u010cesk\u00e1 republika\",\"description\":\"WeLoveCycling.cz je online magaz\u00edn, kter\u00fd v\u00e1m pravideln\u011b p\u0159in\u00e1\u0161\u00ed rady a tipy, zaj\u00edmav\u00e9 \u010dl\u00e1nky, videa a jedine\u010dn\u00e9 report\u00e1\u017ee ze sv\u011bta cyklistiky.\",\"potentialAction\":[{\"@type\":\"SearchAction\",\"target\":{\"@type\":\"EntryPoint\",\"urlTemplate\":\"https:\/\/www.welovecycling.com\/cs\/?s={search_term_string}\"},\"query-input\":{\"@type\":\"PropertyValueSpecification\",\"valueRequired\":true,\"valueName\":\"search_term_string\"}}],\"inLanguage\":\"cs\"},{\"@type\":\"Person\",\"@id\":\"\",\"url\":\"https:\/\/www.welovecycling.com\/cs\/author\/\"}]}<\/script>\n<!-- \/ Yoast SEO Premium plugin. -->","yoast_head_json":{"title":"Po pivu mi t\u011b\u017eknou nohy, sm\u011bje se sv\u011btov\u00fd kardiochirurg. Nejv\u011bt\u0161\u00ed adrenalin za\u017eil na dr\u00e1ze | \u0160koda We Love Cycling - \u010cesk\u00e1 republika","robots":{"index":"index","follow":"follow","max-snippet":"max-snippet:-1","max-image-preview":"max-image-preview:large","max-video-preview":"max-video-preview:-1"},"canonical":"https:\/\/www.welovecycling.com\/cs\/2020\/06\/16\/po-pivu-mi-tezknou-nohy-smeje-se-svetovy-kardiochirurg-nejvetsi-adrenalin-zazil-na-draze\/","og_locale":"cs_CZ","og_type":"article","og_title":"Po pivu mi t\u011b\u017eknou nohy, sm\u011bje se sv\u011btov\u00fd kardiochirurg. Nejv\u011bt\u0161\u00ed adrenalin za\u017eil na dr\u00e1ze","og_description":"Je uzn\u00e1vanou a ct\u011bnou kapacitou v\u00a0oboru. Jeho n\u00e1zory jsou \u017e\u00e1dan\u00e9 na sv\u011btov\u00fdch f\u00f3rech. Jan Pirk, \u010desk\u00fd kardiochirurg a p\u0159ednosta Kadiocentra [&hellip;]","og_url":"https:\/\/www.welovecycling.com\/cs\/2020\/06\/16\/po-pivu-mi-tezknou-nohy-smeje-se-svetovy-kardiochirurg-nejvetsi-adrenalin-zazil-na-draze\/","og_site_name":"\u0160koda We Love Cycling - \u010cesk\u00e1 republika","article_published_time":"2020-06-16T08:00:08+00:00","og_image":[{"width":2048,"height":1365,"url":"https:\/\/d2p6e6u75xmxt8.cloudfront.net\/13\/2020\/04\/nova-cup-pirk-2.webp","type":"image\/webp"}],"twitter_card":"summary_large_image","twitter_misc":{"Written by":"Jan Kr\u016fta","Est. reading time":"9"},"schema":{"@context":"https:\/\/schema.org","@graph":[{"@type":"WebPage","@id":"https:\/\/www.welovecycling.com\/cs\/2020\/06\/16\/po-pivu-mi-tezknou-nohy-smeje-se-svetovy-kardiochirurg-nejvetsi-adrenalin-zazil-na-draze\/","url":"https:\/\/www.welovecycling.com\/cs\/2020\/06\/16\/po-pivu-mi-tezknou-nohy-smeje-se-svetovy-kardiochirurg-nejvetsi-adrenalin-zazil-na-draze\/","name":"Po pivu mi t\u011b\u017eknou nohy, sm\u011bje se sv\u011btov\u00fd kardiochirurg. Nejv\u011bt\u0161\u00ed adrenalin za\u017eil na dr\u00e1ze | \u0160koda We Love Cycling - \u010cesk\u00e1 republika","isPartOf":{"@id":"https:\/\/www.welovecycling.com\/cs\/#website"},"primaryImageOfPage":{"@id":"https:\/\/www.welovecycling.com\/cs\/2020\/06\/16\/po-pivu-mi-tezknou-nohy-smeje-se-svetovy-kardiochirurg-nejvetsi-adrenalin-zazil-na-draze\/#primaryimage"},"image":{"@id":"https:\/\/www.welovecycling.com\/cs\/2020\/06\/16\/po-pivu-mi-tezknou-nohy-smeje-se-svetovy-kardiochirurg-nejvetsi-adrenalin-zazil-na-draze\/#primaryimage"},"thumbnailUrl":"https:\/\/d2p6e6u75xmxt8.cloudfront.net\/13\/2020\/04\/nova-cup-pirk-2.webp","datePublished":"2020-06-16T08:00:08+00:00","author":{"@id":""},"inLanguage":"cs","potentialAction":[{"@type":"ReadAction","target":["https:\/\/www.welovecycling.com\/cs\/2020\/06\/16\/po-pivu-mi-tezknou-nohy-smeje-se-svetovy-kardiochirurg-nejvetsi-adrenalin-zazil-na-draze\/"]}]},{"@type":"ImageObject","inLanguage":"cs","@id":"https:\/\/www.welovecycling.com\/cs\/2020\/06\/16\/po-pivu-mi-tezknou-nohy-smeje-se-svetovy-kardiochirurg-nejvetsi-adrenalin-zazil-na-draze\/#primaryimage","url":"https:\/\/d2p6e6u75xmxt8.cloudfront.net\/13\/2020\/04\/nova-cup-pirk-2.webp","contentUrl":"https:\/\/d2p6e6u75xmxt8.cloudfront.net\/13\/2020\/04\/nova-cup-pirk-2.webp","width":2048,"height":1365,"caption":"Jan Pirk by nem\u011bl chyb\u011bt na startu \u00favodn\u00edho d\u00edlu seri\u00e1lu Nova Cup."},{"@type":"WebSite","@id":"https:\/\/www.welovecycling.com\/cs\/#website","url":"https:\/\/www.welovecycling.com\/cs\/","name":"\u0160koda We Love Cycling - \u010cesk\u00e1 republika","description":"WeLoveCycling.cz je online magaz\u00edn, kter\u00fd v\u00e1m pravideln\u011b p\u0159in\u00e1\u0161\u00ed rady a tipy, zaj\u00edmav\u00e9 \u010dl\u00e1nky, videa a jedine\u010dn\u00e9 report\u00e1\u017ee ze sv\u011bta cyklistiky.","potentialAction":[{"@type":"SearchAction","target":{"@type":"EntryPoint","urlTemplate":"https:\/\/www.welovecycling.com\/cs\/?s={search_term_string}"},"query-input":{"@type":"PropertyValueSpecification","valueRequired":true,"valueName":"search_term_string"}}],"inLanguage":"cs"},{"@type":"Person","@id":"","url":"https:\/\/www.welovecycling.com\/cs\/author\/"}]}},"_links":{"self":[{"href":"https:\/\/www.welovecycling.com\/cs\/wp-json\/wp\/v2\/posts\/7685","targetHints":{"allow":["GET"]}}],"collection":[{"href":"https:\/\/www.welovecycling.com\/cs\/wp-json\/wp\/v2\/posts"}],"about":[{"href":"https:\/\/www.welovecycling.com\/cs\/wp-json\/wp\/v2\/types\/post"}],"author":[{"embeddable":true,"href":"https:\/\/www.welovecycling.com\/cs\/wp-json\/wp\/v2\/users\/122"}],"replies":[{"embeddable":true,"href":"https:\/\/www.welovecycling.com\/cs\/wp-json\/wp\/v2\/comments?post=7685"}],"version-history":[{"count":2,"href":"https:\/\/www.welovecycling.com\/cs\/wp-json\/wp\/v2\/posts\/7685\/revisions"}],"predecessor-version":[{"id":7740,"href":"https:\/\/www.welovecycling.com\/cs\/wp-json\/wp\/v2\/posts\/7685\/revisions\/7740"}],"wp:featuredmedia":[{"embeddable":true,"href":"https:\/\/www.welovecycling.com\/cs\/wp-json\/wp\/v2\/media\/6705"}],"wp:attachment":[{"href":"https:\/\/www.welovecycling.com\/cs\/wp-json\/wp\/v2\/media?parent=7685"}],"wp:term":[{"taxonomy":"category","embeddable":true,"href":"https:\/\/www.welovecycling.com\/cs\/wp-json\/wp\/v2\/categories?post=7685"},{"taxonomy":"post_tag","embeddable":true,"href":"https:\/\/www.welovecycling.com\/cs\/wp-json\/wp\/v2\/tags?post=7685"},{"taxonomy":"global-categories","embeddable":true,"href":"https:\/\/www.welovecycling.com\/cs\/wp-json\/wp\/v2\/global-categories?post=7685"}],"curies":[{"name":"wp","href":"https:\/\/api.w.org\/{rel}","templated":true}]}}