{"id":7643,"date":"2020-06-10T18:30:56","date_gmt":"2020-06-10T16:30:56","guid":{"rendered":"https:\/\/www.welovecycling.com\/cs\/?p=7643"},"modified":"2020-06-10T13:21:44","modified_gmt":"2020-06-10T11:21:44","slug":"strava-zmenila-system-uzivani-aplikace-za-co-a-kolik-jsme-ochotni-platit","status":"publish","type":"post","link":"https:\/\/www.welovecycling.com\/cs\/2020\/06\/10\/strava-zmenila-system-uzivani-aplikace-za-co-a-kolik-jsme-ochotni-platit\/","title":{"rendered":"Strava zm\u011bnila syst\u00e9m u\u017e\u00edv\u00e1n\u00ed aplikace. Za co a kolik jsme ochotn\u00ed platit?"},"content":{"rendered":"<p><strong>Pades\u00e1t p\u011bt milion\u016f u\u017eivatel\u016f ve \u010dtrn\u00e1cti jazykov\u00fdch mutac\u00edch po cel\u00e9 planet\u011b jasn\u011b deklaruje pozici aplikace Strava po jeden\u00e1cti letech fungov\u00e1n\u00ed. V\u0161ak u\u017e d\u00e1vno zev\u0161edn\u011blo po\u0159ekadlo \u201eCo nen\u00ed na Strav\u011b, to se nestalo\u201c.<\/strong><\/p>\n<p>Sportovn\u00ed aplikace, kter\u00e1 si vydobyla absolutn\u00ed popularitu mezi b\u011b\u017eci a cyklisty, v\u0161ak podobn\u011b jako jin\u00e9 digit\u00e1ln\u00ed produkty narazila na nepom\u011br mezi vyu\u017eit\u00edm \u201ezdarma\u201c a profitabilitou, a proto se Strava ned\u00e1vno odhodlala k\u00a0revolu\u010dn\u00edm zm\u011bn\u00e1m.<\/p>\n<h2><strong>120 korun m\u011bs\u00ed\u010dn\u011b za aplikaci<\/strong><\/h2>\n<p>Principi\u00e1ln\u011b jde kalifornsk\u00e9 spole\u010dnosti o jedin\u00e9: p\u0159eklopit pom\u011br u\u017eivatel\u016f na stranu t\u011bch, kte\u0159\u00ed jsou ochotni zaplatit 5 dolar\u016f m\u011bs\u00ed\u010dn\u011b (cca 120 korun) za u\u017e\u00edv\u00e1n\u00ed pr\u00e9miov\u00e9 \u010d\u00e1sti aplikace ukryt\u00e9 pod n\u00e1zvem Summit.<\/p>\n<figure id=\"attachment_7646\" aria-describedby=\"caption-attachment-7646\" style=\"width: 1500px\" class=\"wp-caption alignnone\"><a href=\"https:\/\/d2p6e6u75xmxt8.cloudfront.net\/13\/2020\/06\/strava-2.jpg\"><img loading=\"lazy\" decoding=\"async\" class=\"size-full wp-image-7646\" src=\"https:\/\/d2p6e6u75xmxt8.cloudfront.net\/13\/2020\/06\/strava-2.jpg\" alt=\"Aplikace Strava umo\u017e\u0148uje sledov\u00e1n\u00ed \u010dasu \u017eiv\u011b v jednotliv\u00fdch segmentech. Foto: Michal \u010cerven\u00fd\" width=\"1500\" height=\"1000\" \/><\/a><figcaption id=\"caption-attachment-7646\" class=\"wp-caption-text\"><em>Aplikace Strava umo\u017e\u0148uje sledov\u00e1n\u00ed \u010dasu \u017eiv\u011b v jednotliv\u00fdch segmentech. Foto: Michal \u010cerven\u00fd<\/em><\/figcaption><\/figure>\n<p>Placen\u00e1 sekce nab\u00edz\u00ed detailn\u011bj\u0161\u00ed analytiku tr\u00e9ninku, bezpe\u010dnostn\u00ed prvky jako mo\u017enost sledov\u00e1n\u00ed polohy u\u017eivatele jeho rodinn\u00fdmi p\u0159\u00edslu\u0161n\u00edky, zobrazen\u00ed pr\u016fb\u011bhu aktivity v\u00a0re\u00e1ln\u00e9m \u010dase apod.<\/p>\n<div class=\"shortcode-ys-post-pinup\"><article class=\"loop-simple post-7547 post type-post status-publish format-standard has-post-thumbnail hentry category-horska-cyklistika tag-ondrej-cink tag-trenink global-categories-cycling\" data-postid=\"7547\" role=\"article\" data-post-id=\"7547\" data-word-count=\"492\" data-headline-length=\"59\" data-category=\"Horsk\u00e1 cyklistika\" data-global-category=\"Cycling\" data-author=\"Radek Malina\" data-published=\"2020-06-05T06:00:50+02:00\" data-published-day=\"Friday\">\n    <div class=\"entry-thumbnail article-thumbnail\" content=\"https:\/\/d2p6e6u75xmxt8.cloudfront.net\/13\/2020\/06\/cink-WLC-150x150.webp\"><a href=\"https:\/\/www.welovecycling.com\/cs\/2020\/06\/05\/lovec-cink-jak-si-cesky-reprezentant-vynahrazuje-zavody\/\" class=\"image-holder\" target=\"_self\"><img decoding=\"async\" loading=\"lazy\" class=\"\" src=\"https:\/\/d2p6e6u75xmxt8.cloudfront.net\/13\/2020\/06\/cink-WLC-819x1024.webp\" srcset=\"https:\/\/d2p6e6u75xmxt8.cloudfront.net\/13\/2020\/06\/cink-WLC.webp 1600w, https:\/\/d2p6e6u75xmxt8.cloudfront.net\/13\/2020\/06\/cink-WLC-240x300.webp 240w, https:\/\/d2p6e6u75xmxt8.cloudfront.net\/13\/2020\/06\/cink-WLC-819x1024.webp 819w, https:\/\/d2p6e6u75xmxt8.cloudfront.net\/13\/2020\/06\/cink-WLC-768x960.webp 768w, https:\/\/d2p6e6u75xmxt8.cloudfront.net\/13\/2020\/06\/cink-WLC-1229x1536.webp 1229w, https:\/\/d2p6e6u75xmxt8.cloudfront.net\/13\/2020\/06\/cink-WLC-1536x1920.webp 1536w, https:\/\/d2p6e6u75xmxt8.cloudfront.net\/13\/2020\/06\/cink-WLC-1536x1920.webp 1536w\" width=\"819\" height=\"1024\" sizes=\"auto, (min-width: 1200px) 300px, (min-width: 768px) 25vw, 100vw\" alt=\"lovec-cink-jak-si-cesky-reprezentant-vynahrazuje-zavody\"\/><\/a><\/div>    <div class=\"entry-meta\">\n        <a class=\"label label-secondary post-category\" href=\"https:\/\/www.welovecycling.com\/cs\/category\/horska-cyklistika\/\" title=\"Horsk\u00e1 cyklistika\">Horsk\u00e1 cyklistika<\/a>\n    <\/div>\n    <div class=\"entry-details\">\n        <a href=\"https:\/\/www.welovecycling.com\/cs\/2020\/06\/05\/lovec-cink-jak-si-cesky-reprezentant-vynahrazuje-zavody\/\" class='entry-title-wrapper'>\n            <h3 class=\"entry-title\"><span>Lovec Cink. Jak si \u010desk\u00fd reprezentant vynahrazuje z\u00e1vody<\/span><\/h3>\n        <\/a>\n    <\/div>\n    <\/article>\n<\/div>\n<p>Aplikaci je samoz\u0159ejm\u011b d\u00e1l mo\u017en\u00e9 vyu\u017e\u00edvat zdarma. Letos v\u00a0kv\u011btnu ale Strava uzamkla do placen\u00e9 sf\u00e9ry i funkcionality, kter\u00e9 jsou j\u00e1drem aplikace a za samoz\u0159ejm\u00e9 je dosud brala i \u201efree\u201c komunita.<\/p>\n<h2><strong>\u017deb\u0159\u00ed\u010dky na segmentech uzam\u010deny<\/strong><\/h2>\n<p>To se t\u00fdk\u00e1 hlavn\u011b \u017eeb\u0159\u00ed\u010dk\u016f na tra\u0165ov\u00fdch segmentech, kter\u00e9 jsou pro aplikaci jedn\u00edm z kl\u00ed\u010dov\u00fdch prvk\u016f. Schv\u00e1ln\u011b zkuste naj\u00edt ve sv\u00e9m okol\u00ed u\u017eivatele aplikace, kter\u00fd by po subjektivn\u011b ostr\u00e9m v\u00fdjezdu na n\u011bkter\u00fd z proslul\u00fdch kopc\u016f ve va\u0161em okol\u00ed nebo solidn\u011b narvan\u00e9m sprintu na vyhl\u00e1\u0161en\u00e9 rovince, s nad\u011bj\u00ed i nap\u011bt\u00edm nehledal, jak si v po\u0159ad\u00ed mezi kamar\u00e1dy i prof\u00edky (ne)polep\u0161il.<\/p>\n<figure id=\"attachment_7647\" aria-describedby=\"caption-attachment-7647\" style=\"width: 735px\" class=\"wp-caption alignnone\"><a href=\"https:\/\/d2p6e6u75xmxt8.cloudfront.net\/13\/2020\/06\/strava-3.jpg\"><img loading=\"lazy\" decoding=\"async\" class=\" wp-image-7647\" src=\"https:\/\/d2p6e6u75xmxt8.cloudfront.net\/13\/2020\/06\/strava-3.jpg\" alt=\"Zobrazen\u00ed segment\u016f v aplikaci Strava, kterou na cel\u00e9m sv\u011bt\u011b u\u017e\u00edvaj\u00ed des\u00edtky milion\u016f lid\u00ed. Foto: Michal \u010cerven\u00fd\" width=\"735\" height=\"1592\" \/><\/a><figcaption id=\"caption-attachment-7647\" class=\"wp-caption-text\"><em>Zobrazen\u00ed segment\u016f v aplikaci Strava, kterou na cel\u00e9m sv\u011bt\u011b u\u017e\u00edvaj\u00ed des\u00edtky milion\u016f lid\u00ed. Foto: Michal \u010cerven\u00fd<\/em><\/figcaption><\/figure>\n<p>V \u017eeb\u0159\u00ed\u010dku se i nad\u00e1le budou umis\u0165ovat u\u017eivatel\u00e9, kte\u0159\u00ed aplikaci vyu\u017e\u00edvaj\u00ed zdarma. Sami ale uvid\u00ed jen po\u0159ad\u00ed TOP 10 a budou ochuzeni o komplexn\u00ed analytiku v\u00fdkonu na dan\u00e9m segmentu. Rovn\u011b\u017e u\u017e nebudou moci vytv\u00e1\u0159et nov\u00e9 trasy.\u00a0 Na druhou stranu ale Strava omezila poskytov\u00e1n\u00ed dat t\u0159et\u00edm stran\u00e1m a kv\u011btnov\u00e9 zm\u011bny obecn\u011b postavila jako odpov\u011b\u010f na masivn\u00ed zp\u011btnou vazbu ze strany u\u017eivatel\u016f.<\/p>\n<h2><strong>P\u0159edplatn\u00e9 jako hlavn\u00ed pil\u00ed\u0159 aplikace Strava<\/strong><\/h2>\n<p>\u201eSt\u00e1le jsme neziskov\u00fdm projektem, co\u017e chceme zm\u011bnit, abychom v\u00e1m mohli poskytovat je\u0161t\u011b lep\u0161\u00ed slu\u017eby ne\u017e dosud. A doj\u00edt k tomu chceme tou jedinou spr\u00e1vnou cestou &#8211; \u010destn\u011b, transparentn\u011b a s respektem v\u016f\u010di v\u0161em u\u017eivatel\u016fm. Proto stav\u00edme p\u0159edplatn\u00e9 jako hlavn\u00ed pil\u00ed\u0159 aplikace,\u201c uv\u00e1d\u00ed Strava v prohl\u00e1\u0161en\u00ed, v n\u011bm\u017e radik\u00e1ln\u00ed zm\u011bny ozn\u00e1mila.<\/p>\n<div class=\"shortcode-ys-post-pinup\"><article class=\"loop-simple post-7581 post type-post status-publish format-standard has-post-thumbnail hentry category-silnicni-cyklistika tag-bob-jungels tag-chris-froome tag-cyklistika tag-maximilian-schachmann tag-profesionalni-smlouvy tag-romain-bardet tag-silnicni-cyklistika tag-simon-yates global-categories-cycling\" data-postid=\"7581\" role=\"article\" data-post-id=\"7581\" data-word-count=\"735\" data-headline-length=\"72\" data-category=\"Silni\u010dn\u00ed cyklistika\" data-global-category=\"Cycling\" data-author=\"Adam Bouda\" data-published=\"2020-06-08T08:00:31+02:00\" data-published-day=\"Monday\">\n    <div class=\"entry-thumbnail article-thumbnail\" content=\"https:\/\/d2p6e6u75xmxt8.cloudfront.net\/13\/2020\/06\/simon-yates-profimedia-150x150.webp\"><a href=\"https:\/\/www.welovecycling.com\/cs\/2020\/06\/08\/peloton-na-uradu-prace-pet-nejvetsich-hvezd-prestupoveho-trhu\/\" class=\"image-holder\" target=\"_self\"><img decoding=\"async\" loading=\"lazy\" class=\"\" src=\"https:\/\/d2p6e6u75xmxt8.cloudfront.net\/13\/2020\/06\/simon-yates-profimedia-1024x681.webp\" srcset=\"https:\/\/d2p6e6u75xmxt8.cloudfront.net\/13\/2020\/06\/simon-yates-profimedia.webp 1800w, https:\/\/d2p6e6u75xmxt8.cloudfront.net\/13\/2020\/06\/simon-yates-profimedia-300x200.webp 300w, https:\/\/d2p6e6u75xmxt8.cloudfront.net\/13\/2020\/06\/simon-yates-profimedia-1024x681.webp 1024w, https:\/\/d2p6e6u75xmxt8.cloudfront.net\/13\/2020\/06\/simon-yates-profimedia-768x511.webp 768w, https:\/\/d2p6e6u75xmxt8.cloudfront.net\/13\/2020\/06\/simon-yates-profimedia-1536x1021.webp 1536w, https:\/\/d2p6e6u75xmxt8.cloudfront.net\/13\/2020\/06\/simon-yates-profimedia-272x182.webp 272w\" width=\"1024\" height=\"681\" sizes=\"auto, (min-width: 1200px) 300px, (min-width: 768px) 25vw, 100vw\" alt=\"peloton-na-uradu-prace-pet-nejvetsich-hvezd-prestupoveho-trhu\"\/><\/a><\/div>    <div class=\"entry-meta\">\n        <a class=\"label label-secondary post-category\" href=\"https:\/\/www.welovecycling.com\/cs\/category\/silnicni-cyklistika\/\" title=\"Silni\u010dn\u00ed cyklistika\">Silni\u010dn\u00ed cyklistika<\/a>\n    <\/div>\n    <div class=\"entry-details\">\n        <a href=\"https:\/\/www.welovecycling.com\/cs\/2020\/06\/08\/peloton-na-uradu-prace-pet-nejvetsich-hvezd-prestupoveho-trhu\/\" class='entry-title-wrapper'>\n            <h3 class=\"entry-title\"><span>Peloton na \u00fa\u0159adu pr\u00e1ce? P\u011bt nejv\u011bt\u0161\u00edch hv\u011bzd p\u0159estupov\u00e9ho trhu<\/span><\/h3>\n        <\/a>\n    <\/div>\n    <\/article>\n<\/div>\n<p>Implementace placen\u00e9ho obsahu je ve v\u0161ech oblastech digit\u00e1ln\u00edho sv\u011bta delik\u00e1tn\u00ed a k\u0159ehkou z\u00e1le\u017eitost\u00ed. Poda\u0159\u00ed se Strav\u011b vykro\u010dit spr\u00e1vnou nohou? \u201eV\u011b\u0159\u00edme, \u017ee p\u011bt dolar\u016f m\u011bs\u00ed\u010dn\u011b jsou dob\u0159e utracen\u00e9 pen\u00edze,\u201c doufaj\u00ed zakladatel\u00e9 slu\u017eby Mark Gainey a Michael Horvath. Zda to tak vn\u00edmaj\u00ed i u\u017eivatel\u00e9, jim\u017e nyn\u00ed aplikace nab\u00edz\u00ed \u0161edes\u00e1t dn\u016f trvaj\u00edc\u00ed zku\u0161ebn\u00ed obdob\u00ed v placen\u00e9m rozhran\u00ed zdarma, uk\u00e1\u017ee \u010das.<\/p>\n<p>Na soci\u00e1ln\u00edch s\u00edt\u00edch u\u017e ale za\u010dala \u0161\u00ed\u0159it parafr\u00e1ze v\u00fd\u0161e zm\u00edn\u011bn\u00e9ho motta. Toti\u017e \u017ee \u201eCo nen\u00ed na Strav\u011b, to nebylo zaplacen\u00e9.\u201c Jak jste se ke zm\u011bn\u00e1m v\u00a0aplikaci postavili vy?<\/p>\n","protected":false},"excerpt":{"rendered":"<p>Pades\u00e1t p\u011bt milion\u016f u\u017eivatel\u016f ve \u010dtrn\u00e1cti jazykov\u00fdch mutac\u00edch po cel\u00e9 planet\u011b jasn\u011b deklaruje pozici aplikace Strava po jeden\u00e1cti letech fungov\u00e1n\u00ed. [&hellip;]<\/p>\n","protected":false},"author":122,"featured_media":7645,"comment_status":"open","ping_status":"open","sticky":false,"template":"","format":"standard","meta":{"footnotes":""},"categories":[660],"tags":[948,549],"global-categories":[411],"class_list":["post-7643","post","type-post","status-publish","format-standard","has-post-thumbnail","hentry","category-https-www-welovecycling-com-cs-category-zabava","tag-aplikace-strava","tag-strava","global-categories-cycling"],"yoast_head":"<!-- This site is optimized with the Yoast SEO Premium plugin v25.3 (Yoast SEO v25.9) - https:\/\/yoast.com\/wordpress\/plugins\/seo\/ -->\n<title>Strava zm\u011bnila syst\u00e9m u\u017e\u00edv\u00e1n\u00ed aplikace. Za co a kolik jsme ochotn\u00ed platit? | \u0160koda We Love Cycling - \u010cesk\u00e1 republika<\/title>\n<meta name=\"robots\" content=\"index, follow, max-snippet:-1, max-image-preview:large, max-video-preview:-1\" \/>\n<link rel=\"canonical\" href=\"https:\/\/www.welovecycling.com\/cs\/2020\/06\/10\/strava-zmenila-system-uzivani-aplikace-za-co-a-kolik-jsme-ochotni-platit\/\" \/>\n<meta property=\"og:locale\" content=\"cs_CZ\" \/>\n<meta property=\"og:type\" content=\"article\" \/>\n<meta property=\"og:title\" content=\"Strava zm\u011bnila syst\u00e9m u\u017e\u00edv\u00e1n\u00ed aplikace. Za co a kolik jsme ochotn\u00ed platit?\" \/>\n<meta property=\"og:description\" content=\"Pades\u00e1t p\u011bt milion\u016f u\u017eivatel\u016f ve \u010dtrn\u00e1cti jazykov\u00fdch mutac\u00edch po cel\u00e9 planet\u011b jasn\u011b deklaruje pozici aplikace Strava po jeden\u00e1cti letech fungov\u00e1n\u00ed. [&hellip;]\" \/>\n<meta property=\"og:url\" content=\"https:\/\/www.welovecycling.com\/cs\/2020\/06\/10\/strava-zmenila-system-uzivani-aplikace-za-co-a-kolik-jsme-ochotni-platit\/\" \/>\n<meta property=\"og:site_name\" content=\"\u0160koda We Love Cycling - \u010cesk\u00e1 republika\" \/>\n<meta property=\"article:published_time\" content=\"2020-06-10T16:30:56+00:00\" \/>\n<meta property=\"og:image\" content=\"https:\/\/d2p6e6u75xmxt8.cloudfront.net\/13\/2020\/06\/strava-1.webp\" \/>\n\t<meta property=\"og:image:width\" content=\"1500\" \/>\n\t<meta property=\"og:image:height\" content=\"1000\" \/>\n\t<meta property=\"og:image:type\" content=\"image\/webp\" \/>\n<meta name=\"twitter:card\" content=\"summary_large_image\" \/>\n<meta name=\"twitter:label1\" content=\"Written by\" \/>\n\t<meta name=\"twitter:data1\" content=\"Adam Bouda\" \/>\n\t<meta name=\"twitter:label2\" content=\"Est. reading time\" \/>\n\t<meta name=\"twitter:data2\" content=\"6\" \/>\n<script type=\"application\/ld+json\" class=\"yoast-schema-graph\">{\"@context\":\"https:\/\/schema.org\",\"@graph\":[{\"@type\":\"WebPage\",\"@id\":\"https:\/\/www.welovecycling.com\/cs\/2020\/06\/10\/strava-zmenila-system-uzivani-aplikace-za-co-a-kolik-jsme-ochotni-platit\/\",\"url\":\"https:\/\/www.welovecycling.com\/cs\/2020\/06\/10\/strava-zmenila-system-uzivani-aplikace-za-co-a-kolik-jsme-ochotni-platit\/\",\"name\":\"Strava zm\u011bnila syst\u00e9m u\u017e\u00edv\u00e1n\u00ed aplikace. Za co a kolik jsme ochotn\u00ed platit? | \u0160koda We Love Cycling - \u010cesk\u00e1 republika\",\"isPartOf\":{\"@id\":\"https:\/\/www.welovecycling.com\/cs\/#website\"},\"primaryImageOfPage\":{\"@id\":\"https:\/\/www.welovecycling.com\/cs\/2020\/06\/10\/strava-zmenila-system-uzivani-aplikace-za-co-a-kolik-jsme-ochotni-platit\/#primaryimage\"},\"image\":{\"@id\":\"https:\/\/www.welovecycling.com\/cs\/2020\/06\/10\/strava-zmenila-system-uzivani-aplikace-za-co-a-kolik-jsme-ochotni-platit\/#primaryimage\"},\"thumbnailUrl\":\"https:\/\/d2p6e6u75xmxt8.cloudfront.net\/13\/2020\/06\/strava-1.webp\",\"datePublished\":\"2020-06-10T16:30:56+00:00\",\"author\":{\"@id\":\"\"},\"inLanguage\":\"cs\",\"potentialAction\":[{\"@type\":\"ReadAction\",\"target\":[\"https:\/\/www.welovecycling.com\/cs\/2020\/06\/10\/strava-zmenila-system-uzivani-aplikace-za-co-a-kolik-jsme-ochotni-platit\/\"]}]},{\"@type\":\"ImageObject\",\"inLanguage\":\"cs\",\"@id\":\"https:\/\/www.welovecycling.com\/cs\/2020\/06\/10\/strava-zmenila-system-uzivani-aplikace-za-co-a-kolik-jsme-ochotni-platit\/#primaryimage\",\"url\":\"https:\/\/d2p6e6u75xmxt8.cloudfront.net\/13\/2020\/06\/strava-1.webp\",\"contentUrl\":\"https:\/\/d2p6e6u75xmxt8.cloudfront.net\/13\/2020\/06\/strava-1.webp\",\"width\":1500,\"height\":1000},{\"@type\":\"WebSite\",\"@id\":\"https:\/\/www.welovecycling.com\/cs\/#website\",\"url\":\"https:\/\/www.welovecycling.com\/cs\/\",\"name\":\"\u0160koda We Love Cycling - \u010cesk\u00e1 republika\",\"description\":\"WeLoveCycling.cz je online magaz\u00edn, kter\u00fd v\u00e1m pravideln\u011b p\u0159in\u00e1\u0161\u00ed rady a tipy, zaj\u00edmav\u00e9 \u010dl\u00e1nky, videa a jedine\u010dn\u00e9 report\u00e1\u017ee ze sv\u011bta cyklistiky.\",\"potentialAction\":[{\"@type\":\"SearchAction\",\"target\":{\"@type\":\"EntryPoint\",\"urlTemplate\":\"https:\/\/www.welovecycling.com\/cs\/?s={search_term_string}\"},\"query-input\":{\"@type\":\"PropertyValueSpecification\",\"valueRequired\":true,\"valueName\":\"search_term_string\"}}],\"inLanguage\":\"cs\"},{\"@type\":\"Person\",\"@id\":\"\",\"url\":\"https:\/\/www.welovecycling.com\/cs\/author\/\"}]}<\/script>\n<!-- \/ Yoast SEO Premium plugin. -->","yoast_head_json":{"title":"Strava zm\u011bnila syst\u00e9m u\u017e\u00edv\u00e1n\u00ed aplikace. Za co a kolik jsme ochotn\u00ed platit? | \u0160koda We Love Cycling - \u010cesk\u00e1 republika","robots":{"index":"index","follow":"follow","max-snippet":"max-snippet:-1","max-image-preview":"max-image-preview:large","max-video-preview":"max-video-preview:-1"},"canonical":"https:\/\/www.welovecycling.com\/cs\/2020\/06\/10\/strava-zmenila-system-uzivani-aplikace-za-co-a-kolik-jsme-ochotni-platit\/","og_locale":"cs_CZ","og_type":"article","og_title":"Strava zm\u011bnila syst\u00e9m u\u017e\u00edv\u00e1n\u00ed aplikace. Za co a kolik jsme ochotn\u00ed platit?","og_description":"Pades\u00e1t p\u011bt milion\u016f u\u017eivatel\u016f ve \u010dtrn\u00e1cti jazykov\u00fdch mutac\u00edch po cel\u00e9 planet\u011b jasn\u011b deklaruje pozici aplikace Strava po jeden\u00e1cti letech fungov\u00e1n\u00ed. [&hellip;]","og_url":"https:\/\/www.welovecycling.com\/cs\/2020\/06\/10\/strava-zmenila-system-uzivani-aplikace-za-co-a-kolik-jsme-ochotni-platit\/","og_site_name":"\u0160koda We Love Cycling - \u010cesk\u00e1 republika","article_published_time":"2020-06-10T16:30:56+00:00","og_image":[{"width":1500,"height":1000,"url":"https:\/\/d2p6e6u75xmxt8.cloudfront.net\/13\/2020\/06\/strava-1.webp","type":"image\/webp"}],"twitter_card":"summary_large_image","twitter_misc":{"Written by":"Adam Bouda","Est. reading time":"6"},"schema":{"@context":"https:\/\/schema.org","@graph":[{"@type":"WebPage","@id":"https:\/\/www.welovecycling.com\/cs\/2020\/06\/10\/strava-zmenila-system-uzivani-aplikace-za-co-a-kolik-jsme-ochotni-platit\/","url":"https:\/\/www.welovecycling.com\/cs\/2020\/06\/10\/strava-zmenila-system-uzivani-aplikace-za-co-a-kolik-jsme-ochotni-platit\/","name":"Strava zm\u011bnila syst\u00e9m u\u017e\u00edv\u00e1n\u00ed aplikace. Za co a kolik jsme ochotn\u00ed platit? | \u0160koda We Love Cycling - \u010cesk\u00e1 republika","isPartOf":{"@id":"https:\/\/www.welovecycling.com\/cs\/#website"},"primaryImageOfPage":{"@id":"https:\/\/www.welovecycling.com\/cs\/2020\/06\/10\/strava-zmenila-system-uzivani-aplikace-za-co-a-kolik-jsme-ochotni-platit\/#primaryimage"},"image":{"@id":"https:\/\/www.welovecycling.com\/cs\/2020\/06\/10\/strava-zmenila-system-uzivani-aplikace-za-co-a-kolik-jsme-ochotni-platit\/#primaryimage"},"thumbnailUrl":"https:\/\/d2p6e6u75xmxt8.cloudfront.net\/13\/2020\/06\/strava-1.webp","datePublished":"2020-06-10T16:30:56+00:00","author":{"@id":""},"inLanguage":"cs","potentialAction":[{"@type":"ReadAction","target":["https:\/\/www.welovecycling.com\/cs\/2020\/06\/10\/strava-zmenila-system-uzivani-aplikace-za-co-a-kolik-jsme-ochotni-platit\/"]}]},{"@type":"ImageObject","inLanguage":"cs","@id":"https:\/\/www.welovecycling.com\/cs\/2020\/06\/10\/strava-zmenila-system-uzivani-aplikace-za-co-a-kolik-jsme-ochotni-platit\/#primaryimage","url":"https:\/\/d2p6e6u75xmxt8.cloudfront.net\/13\/2020\/06\/strava-1.webp","contentUrl":"https:\/\/d2p6e6u75xmxt8.cloudfront.net\/13\/2020\/06\/strava-1.webp","width":1500,"height":1000},{"@type":"WebSite","@id":"https:\/\/www.welovecycling.com\/cs\/#website","url":"https:\/\/www.welovecycling.com\/cs\/","name":"\u0160koda We Love Cycling - \u010cesk\u00e1 republika","description":"WeLoveCycling.cz je online magaz\u00edn, kter\u00fd v\u00e1m pravideln\u011b p\u0159in\u00e1\u0161\u00ed rady a tipy, zaj\u00edmav\u00e9 \u010dl\u00e1nky, videa a jedine\u010dn\u00e9 report\u00e1\u017ee ze sv\u011bta cyklistiky.","potentialAction":[{"@type":"SearchAction","target":{"@type":"EntryPoint","urlTemplate":"https:\/\/www.welovecycling.com\/cs\/?s={search_term_string}"},"query-input":{"@type":"PropertyValueSpecification","valueRequired":true,"valueName":"search_term_string"}}],"inLanguage":"cs"},{"@type":"Person","@id":"","url":"https:\/\/www.welovecycling.com\/cs\/author\/"}]}},"_links":{"self":[{"href":"https:\/\/www.welovecycling.com\/cs\/wp-json\/wp\/v2\/posts\/7643","targetHints":{"allow":["GET"]}}],"collection":[{"href":"https:\/\/www.welovecycling.com\/cs\/wp-json\/wp\/v2\/posts"}],"about":[{"href":"https:\/\/www.welovecycling.com\/cs\/wp-json\/wp\/v2\/types\/post"}],"author":[{"embeddable":true,"href":"https:\/\/www.welovecycling.com\/cs\/wp-json\/wp\/v2\/users\/122"}],"replies":[{"embeddable":true,"href":"https:\/\/www.welovecycling.com\/cs\/wp-json\/wp\/v2\/comments?post=7643"}],"version-history":[{"count":2,"href":"https:\/\/www.welovecycling.com\/cs\/wp-json\/wp\/v2\/posts\/7643\/revisions"}],"predecessor-version":[{"id":7653,"href":"https:\/\/www.welovecycling.com\/cs\/wp-json\/wp\/v2\/posts\/7643\/revisions\/7653"}],"wp:featuredmedia":[{"embeddable":true,"href":"https:\/\/www.welovecycling.com\/cs\/wp-json\/wp\/v2\/media\/7645"}],"wp:attachment":[{"href":"https:\/\/www.welovecycling.com\/cs\/wp-json\/wp\/v2\/media?parent=7643"}],"wp:term":[{"taxonomy":"category","embeddable":true,"href":"https:\/\/www.welovecycling.com\/cs\/wp-json\/wp\/v2\/categories?post=7643"},{"taxonomy":"post_tag","embeddable":true,"href":"https:\/\/www.welovecycling.com\/cs\/wp-json\/wp\/v2\/tags?post=7643"},{"taxonomy":"global-categories","embeddable":true,"href":"https:\/\/www.welovecycling.com\/cs\/wp-json\/wp\/v2\/global-categories?post=7643"}],"curies":[{"name":"wp","href":"https:\/\/api.w.org\/{rel}","templated":true}]}}