{"id":7486,"date":"2020-06-02T09:30:06","date_gmt":"2020-06-02T07:30:06","guid":{"rendered":"https:\/\/www.welovecycling.com\/cs\/?p=7486"},"modified":"2020-06-02T09:00:00","modified_gmt":"2020-06-02T07:00:00","slug":"prvni-zavod-ery-po-koronaviru-kola-pelotonu-se-roztocila-ve-vietnamu","status":"publish","type":"post","link":"https:\/\/www.welovecycling.com\/cs\/2020\/06\/02\/prvni-zavod-ery-po-koronaviru-kola-pelotonu-se-roztocila-ve-vietnamu\/","title":{"rendered":"Prvn\u00ed z\u00e1vod \u00e9ry po koronaviru. Kola pelotonu se rozto\u010dila ve Vietnamu"},"content":{"rendered":"<p><strong>Osmn\u00e1ct etap ze severu na jih. Dvan\u00e1ct t\u00fdm\u016f o sedmi jezdc\u00edch, \u010dili 84 mu\u017e\u016f na startu. A tak\u0159ka \u010dist\u011b dom\u00e1c\u00ed startovn\u00ed pole, proto\u017ee vstup do zem\u011b je st\u00e1le uzav\u0159en a nikdo ne\u017e domorodci na start nemohl. Sout\u011b\u017e o to, kdo uspo\u0159\u00e1d\u00e1 prvn\u00ed post-koronavirov\u00fd z\u00e1vod, vyhr\u00e1l Vietnam \u2013 jeho HTV Cup odstartoval 19. kv\u011btna.<\/strong><\/p>\n<p>P\u0159esto\u017ee maj\u00ed populaci 97 milion\u016f obyvatel a p\u0159edlouhou hranici s \u010c\u00ednou, kter\u00e1 covidov\u00e9 tr\u00e1pen\u00ed sv\u011btu zp\u016fsobila, nezaznamenali ve Vietnamu kv\u016fli nemoci \u017e\u00e1dn\u00e9 \u00famrt\u00ed a jen t\u0159i stovky naka\u017een\u00fdch. Mohlo za to hermetick\u00e9 uzav\u0159en\u00ed hranic, kter\u00e9 nekontrolovateln\u00e9 \u0161\u00ed\u0159en\u00ed zastavilo, a posledn\u00ed pacient s n\u00e1kazou Covid-19 byl diagnostikov\u00e1n p\u0159ed \u0161esti t\u00fddny.<\/p>\n<div class=\"shortcode-ys-post-pinup\"><article class=\"loop-simple post-7430 post type-post status-publish format-standard has-post-thumbnail hentry category-silnicni-cyklistika tag-chris-froome tag-israel-start-up-nation global-categories-cycling\" data-postid=\"7430\" role=\"article\" data-post-id=\"7430\" data-word-count=\"404\" data-headline-length=\"95\" data-category=\"Silni\u010dn\u00ed cyklistika\" data-global-category=\"Cycling\" data-author=\"Jan Kr\u016fta\" data-published=\"2020-05-29T17:30:11+02:00\" data-published-day=\"Friday\">\n    <div class=\"entry-thumbnail article-thumbnail\" content=\"https:\/\/d2p6e6u75xmxt8.cloudfront.net\/13\/2020\/05\/chris-froome-INEOS-profimedia-150x150.webp\"><a href=\"https:\/\/www.welovecycling.com\/cs\/2020\/05\/29\/froome-a-prestup-v-srpnu-je-realny-zajem-ma-i-tym-s-ceskym-sportovnim-reditelem\/\" class=\"image-holder\" target=\"_self\"><img decoding=\"async\" loading=\"lazy\" class=\"\" src=\"https:\/\/d2p6e6u75xmxt8.cloudfront.net\/13\/2020\/05\/chris-froome-INEOS-profimedia-1024x681.webp\" srcset=\"https:\/\/d2p6e6u75xmxt8.cloudfront.net\/13\/2020\/05\/chris-froome-INEOS-profimedia.webp 1800w, https:\/\/d2p6e6u75xmxt8.cloudfront.net\/13\/2020\/05\/chris-froome-INEOS-profimedia-300x200.webp 300w, https:\/\/d2p6e6u75xmxt8.cloudfront.net\/13\/2020\/05\/chris-froome-INEOS-profimedia-1024x681.webp 1024w, https:\/\/d2p6e6u75xmxt8.cloudfront.net\/13\/2020\/05\/chris-froome-INEOS-profimedia-768x511.webp 768w, https:\/\/d2p6e6u75xmxt8.cloudfront.net\/13\/2020\/05\/chris-froome-INEOS-profimedia-1536x1021.webp 1536w, https:\/\/d2p6e6u75xmxt8.cloudfront.net\/13\/2020\/05\/chris-froome-INEOS-profimedia-272x182.webp 272w\" width=\"1024\" height=\"681\" sizes=\"auto, (min-width: 1200px) 300px, (min-width: 768px) 25vw, 100vw\" alt=\"froome-a-prestup-v-srpnu-je-realny-zajem-ma-i-tym-s-ceskym-sportovnim-reditelem\"\/><\/a><\/div>    <div class=\"entry-meta\">\n        <a class=\"label label-secondary post-category\" href=\"https:\/\/www.welovecycling.com\/cs\/category\/silnicni-cyklistika\/\" title=\"Silni\u010dn\u00ed cyklistika\">Silni\u010dn\u00ed cyklistika<\/a>\n    <\/div>\n    <div class=\"entry-details\">\n        <a href=\"https:\/\/www.welovecycling.com\/cs\/2020\/05\/29\/froome-a-prestup-v-srpnu-je-realny-zajem-ma-i-tym-s-ceskym-sportovnim-reditelem\/\" class='entry-title-wrapper'>\n            <h3 class=\"entry-title\"><span>Froome a p\u0159estup v\u00a0srpnu? Je to re\u00e1ln\u00e9! Z\u00e1jem m\u00e1 i t\u00fdm s \u010desk\u00fdm sportovn\u00edm \u0159editelem<\/span><\/h3>\n        <\/a>\n    <\/div>\n    <\/article>\n<\/div>\n<p>P\u0159esto jeden dopad tahle krize m\u011bla \u2013 obvykle v dubnu konan\u00fd HTV Cup musel b\u00fdt o m\u011bs\u00edc odsunut a jeho leto\u0161n\u00ed pozd\u011bj\u0161\u00ed term\u00edn p\u0159inesl vy\u0161\u0161\u00ed teploty kolem 35 stup\u0148\u016f a je\u0161t\u011b vy\u0161\u0161\u00ed vlhkost.<\/p>\n<h2><strong>Porce etap p\u0159ekonala Tour de France<\/strong><\/h2>\n<p>HTV Cup je nejv\u011bt\u0161\u00ed a taky nejstar\u0161\u00ed vietnamsk\u00fd z\u00e1vod. Letos se kon\u00e1 jeho 32. ro\u010dn\u00edk, kter\u00fd m\u00e1 napl\u00e1novan\u00fdch tolik etap, jako by \u0161lo o Grand Tour, jeden z trojice slavn\u00fdch t\u0159\u00edt\u00fddenn\u00edch etap\u00e1k\u016f. A to d\u0159\u00edv byl je\u0161t\u011b krut\u011bj\u0161\u00ed, proto\u017ee p\u0159ed dv\u011bma roky to byl z\u00e1vod o t\u0159iceti etap\u00e1ch, kter\u00e9 proj\u00ed\u017ed\u011bly i Laosem a Kambod\u017eou. A to je porce, jakou nezn\u00e1 ani Tour de France.<\/p>\n<p><a href=\"https:\/\/d2p6e6u75xmxt8.cloudfront.net\/13\/2020\/06\/Vietnam2.jpg\"><img loading=\"lazy\" decoding=\"async\" class=\"alignnone size-full wp-image-7492\" src=\"https:\/\/d2p6e6u75xmxt8.cloudfront.net\/13\/2020\/06\/Vietnam2.jpg\" alt=\"\" width=\"1220\" height=\"783\" \/><\/a><\/p>\n<p>HTV je zkratkou Ho \u010ci Minovy televize, kter\u00e1 z\u00e1vod po\u0159\u00e1d\u00e1 a p\u0159es Facebook a YouTube taky u\u017e druh\u00fd rok vys\u00edl\u00e1 do sv\u011bta. Jeho prvn\u00ed ro\u010dn\u00edk se konal v roce 1988: na Tour de France tou dobou triumfoval Pedro Delgado, Giro pat\u0159ilo Ameri\u010danu Hampstenovi a \u010deskoslovensk\u00fdm mistrem se na silnici stal Lud\u011bk \u0160tyks. A v Ho \u010ci Minov\u011b m\u011bst\u011b alias Saigonu \u0159e\u0161ili, jak zviditelnit tamn\u00ed televizn\u00ed stanici a jak zam\u011bstnance nau\u010dit \u017eiv\u00fdm p\u0159enos\u016fm.<\/p>\n<h2><strong>Fini\u0161 p\u0159ed Pal\u00e1cem nez\u00e1vislosti<\/strong><\/h2>\n<p>Z\u00e1vod rostl, a\u017e v roce 2006 p\u0159erostl vietnamsk\u00e9 hranice, ale jedno z\u016fst\u00e1valo roky nem\u011bnn\u00e9 \u2013 jako Tour doj\u00ed\u017ed\u00ed pravideln\u011b na Elysejsk\u00fdch pol\u00edch v Pa\u0159\u00ed\u017ei, kon\u010d\u00ed HTV Cup p\u0159ed Pal\u00e1cem nez\u00e1vislosti a to 30. dubna na po\u010dest dne sjednocen\u00ed v roce 1975.<\/p>\n<p><a href=\"https:\/\/d2p6e6u75xmxt8.cloudfront.net\/13\/2020\/06\/Vietnam3.jpg\"><img loading=\"lazy\" decoding=\"async\" class=\"alignnone size-full wp-image-7493\" src=\"https:\/\/d2p6e6u75xmxt8.cloudfront.net\/13\/2020\/06\/Vietnam3.jpg\" alt=\"\" width=\"1080\" height=\"1080\" \/><\/a><\/p>\n<p>Jestli\u017ee z\u00e1vodu sch\u00e1zej\u00ed sponzo\u0159i, televizn\u00ed pokryt\u00ed a taky v\u011bhlas, jak\u00e9ho si u\u017e\u00edvaj\u00ed Grand Tours, spole\u010dn\u00e9 s nejv\u011bt\u0161\u00edm evropsk\u00fdmi etapov\u00fdmi bitvy m\u00e1\u00a0 d\u00e9lku a ambice. Distance leto\u0161n\u00edho ro\u010dn\u00edku je 2183 kilometr\u016f nasekan\u00fdch do dvan\u00e1cti rovinat\u00fdch a \u0161esti horsk\u00fdch nebo alespo\u0148 kopcovit\u00fdch etap.<\/p>\n<p>Nejdel\u0161\u00ed, dvacetikilometrov\u00fd kopec s pr\u016fm\u011brn\u00fdm sklonem 9 % ukr\u00fdv\u00e1 15. etapa. A kdy\u017e si n\u00e1zev sedla Ngoan Muc zad\u00e1te na googlu, prvn\u00edm heslem, kter\u00e9 se zjev\u00ed, je str\u00e1nka o nejnebezpe\u010dn\u011bj\u0161\u00edch silnic\u00edch sv\u011bta.<\/p>\n<h2><strong>Dva z\u00e1stupci z Evropy<\/strong><\/h2>\n<p>\u201eHory a scen\u00e9rie by vysta\u010dily na samostatn\u00fd rozhovor,\u201c \u0159\u00edk\u00e1 \u0160pan\u011bl Javier Sard\u00e1 P\u00e9rez, kter\u00fd spolu s Francouzem Lo\u00efcem Desriacem tvo\u0159\u00ed skromn\u00fd evropsk\u00fd kontingent ve vietnamsk\u00fdch t\u00fdmech.<\/p>\n<p>Desriac do zem\u011b \u201eemigroval\u201c, kdy\u017e se o\u017eenil s Vietnamkou, p\u0159itom ve Francii t\u0159i roky profesion\u00e1ln\u011b z\u00e1vodil za celek Roubaix-Lille M\u00e9tropole a v roce 2009 byl i st\u00e1\u017eistou u prvodivizn\u00edho t\u00fdmu Ag2r La Mondiale.<\/p>\n<p><a href=\"https:\/\/d2p6e6u75xmxt8.cloudfront.net\/13\/2020\/06\/Vietnam-mapa-002.jpg\"><img loading=\"lazy\" decoding=\"async\" class=\"alignnone size-full wp-image-7491\" src=\"https:\/\/d2p6e6u75xmxt8.cloudfront.net\/13\/2020\/06\/Vietnam-mapa-002.jpg\" alt=\"\" width=\"777\" height=\"960\" \/><\/a><\/p>\n<p>I P\u00e9rez \u201edoma\u201c ve \u0160pan\u011blsku demonstroval talent, ale proto\u017ee v roce 2016 nedostal dal\u0161\u00ed nab\u00eddky, k\u00fdvl na tu japonskou od t\u00fdmu Victoire-Hiroshima. \u201eA byla to t\u011b\u017ek\u00e1 sezona. Ale nakonec jsem se adaptoval a dosahoval v seri\u00e1lu Japan Pro Tour slu\u0161n\u00fdch v\u00fdsledk\u016f,\u201c \u0159\u00edk\u00e1.<\/p>\n<div class=\"shortcode-ys-post-pinup\"><article class=\"loop-simple post-7265 post type-post status-publish format-standard has-post-thumbnail hentry category-rady-tipy category-tipy-na-vylet category-https-www-welovecycling-com-cs-category-zabava tag-cyklistika tag-klub-ceskych-turistu tag-zdravi-a-trenink global-categories-cycling\" data-postid=\"7265\" role=\"article\" data-post-id=\"7265\" data-word-count=\"544\" data-headline-length=\"78\" data-category=\"Tipy na v\u00fdlet\" data-global-category=\"Cycling\" data-author=\"Adam Bouda\" data-published=\"2020-05-21T08:30:28+02:00\" data-published-day=\"Thursday\">\n    <div class=\"entry-thumbnail article-thumbnail\" content=\"https:\/\/d2p6e6u75xmxt8.cloudfront.net\/13\/2020\/05\/K\u010cT-Jir\u00e1skova-chata-2-150x150.webp\"><a href=\"https:\/\/www.welovecycling.com\/cs\/2020\/05\/21\/klub-ceskych-turistu-pripravil-projekt-na-kole-po-chatach-propoji-krkonose-a-orlicke-hory\/\" class=\"image-holder\" target=\"_self\"><img decoding=\"async\" loading=\"lazy\" class=\"\" src=\"https:\/\/d2p6e6u75xmxt8.cloudfront.net\/13\/2020\/05\/K\u010cT-Jir\u00e1skova-chata-2-1024x683.webp\" srcset=\"https:\/\/d2p6e6u75xmxt8.cloudfront.net\/13\/2020\/05\/K\u010cT-Jir\u00e1skova-chata-2-scaled.webp 2560w, https:\/\/d2p6e6u75xmxt8.cloudfront.net\/13\/2020\/05\/K\u010cT-Jir\u00e1skova-chata-2-300x200.webp 300w, https:\/\/d2p6e6u75xmxt8.cloudfront.net\/13\/2020\/05\/K\u010cT-Jir\u00e1skova-chata-2-1024x683.webp 1024w, https:\/\/d2p6e6u75xmxt8.cloudfront.net\/13\/2020\/05\/K\u010cT-Jir\u00e1skova-chata-2-768x512.webp 768w, https:\/\/d2p6e6u75xmxt8.cloudfront.net\/13\/2020\/05\/K\u010cT-Jir\u00e1skova-chata-2-1536x1024.webp 1536w, https:\/\/d2p6e6u75xmxt8.cloudfront.net\/13\/2020\/05\/K\u010cT-Jir\u00e1skova-chata-2-2048x1365.webp 2048w, https:\/\/d2p6e6u75xmxt8.cloudfront.net\/13\/2020\/05\/K\u010cT-Jir\u00e1skova-chata-2-1920x1280.webp 1920w, https:\/\/d2p6e6u75xmxt8.cloudfront.net\/13\/2020\/05\/K\u010cT-Jir\u00e1skova-chata-2-272x182.webp 272w, https:\/\/d2p6e6u75xmxt8.cloudfront.net\/13\/2020\/05\/K\u010cT-Jir\u00e1skova-chata-2-1920x1280.webp 1920w\" width=\"1024\" height=\"683\" sizes=\"auto, (min-width: 1200px) 300px, (min-width: 768px) 25vw, 100vw\" alt=\"klub-ceskych-turistu-pripravil-projekt-na-kole-po-chatach-propoji-krkonose-a-orlicke-hory\"\/><\/a><\/div>    <div class=\"entry-meta\">\n        <a class=\"label label-secondary post-category\" href=\"https:\/\/www.welovecycling.com\/cs\/category\/https-www-welovecycling-com-cs-otestovano-jizdou\/tipy-na-vylet\/\" title=\"Tipy na v\u00fdlet\">Tipy na v\u00fdlet<\/a>\n    <\/div>\n    <div class=\"entry-details\">\n        <a href=\"https:\/\/www.welovecycling.com\/cs\/2020\/05\/21\/klub-ceskych-turistu-pripravil-projekt-na-kole-po-chatach-propoji-krkonose-a-orlicke-hory\/\" class='entry-title-wrapper'>\n            <h3 class=\"entry-title\"><span>Na kole po chat\u00e1ch Klubu \u010desk\u00fdch turist\u016f. Z Krkono\u0161 a\u017e do Orlick\u00fdch hor<\/span><\/h3>\n        <\/a>\n    <\/div>\n    <\/article>\n<\/div>\n<p>Dal\u0161\u00ed rok p\u0159estoupil do vietnamsk\u00e9ho t\u00fdmu Bikelife, v HTV Cupu pak vyhr\u00e1l kr\u00e1lovskou etapu a skon\u010dil celkov\u011b druh\u00fd. A loni u\u017e tuhle exotickou tour ovl\u00e1dl, na co\u017e si mysl\u00ed i letos: \u201eB\u011bhem pauzy jsem tr\u00e9noval jako bl\u00e1zen a p\u0159em\u00fd\u0161lel jen o HTV Cupu. Douf\u00e1m, \u017ee m\u00e9 nohy i t\u00fdm budou fungovat a \u017ee znovu p\u0159ivezeme \u017elut\u00fd dres do Ho \u010ci Minova m\u011bsta.\u201c<\/p>\n<h2><strong>U\u017e dorazil i Evans, \u0161ampion Tour de France<\/strong><\/h2>\n<p>Vietnam m\u00e1 \u010dtrn\u00e1ct t\u00fdm\u016f a ka\u017ed\u00fd rok organizuje \u010dty\u0159i z\u00e1vody pro mu\u017ee i \u017eeny. Ale je to po\u0159\u00e1d tak trochu d\u017eungle a P\u00e9rezovi n\u011bjakou dobu trvalo, ne\u017e navykl na cyklistick\u00fd \u017eivot v z\u00e1plav\u011b moped\u016f, kter\u00e9 jsou vedle kol nej\u010dast\u011bj\u0161\u00edm dopravn\u00edm prost\u0159edkem.<\/p>\n<p>Renom\u00e9 cyklistiky tu p\u0159irovn\u00e1vaj\u00ed k situaci v Brit\u00e1nii p\u0159ed p\u0159\u00edchodem t\u00fdmu Sky a jeho skv\u011bl\u00fdch v\u00fdkon\u016f. Tedy v rozpuku. \u201eAle popularita cyklistiky \u0161la v posledn\u00edch p\u011bti letech \u0161\u00edlen\u00fdm zp\u016fsobem nahoru. T\u0159eba loni se tu po\u0159\u00e1dal Coupe de Hue, kde startoval i Cadel Evans, v\u00edt\u011bz Tour, a j\u00e1 vyhr\u00e1l,\u201c \u0159\u00edk\u00e1 P\u00e9rez.<\/p>\n<figure id=\"attachment_7509\" aria-describedby=\"caption-attachment-7509\" style=\"width: 1008px\" class=\"wp-caption alignnone\"><a href=\"https:\/\/d2p6e6u75xmxt8.cloudfront.net\/13\/2020\/06\/per\u00e9z-vietnam.jpg\"><img loading=\"lazy\" decoding=\"async\" class=\"size-full wp-image-7509\" src=\"https:\/\/d2p6e6u75xmxt8.cloudfront.net\/13\/2020\/06\/per\u00e9z-vietnam.jpg\" alt=\"\u0160pan\u011blsk\u00fd cyklista Javier Sard\u00e1 P\u00e9rez ve slu\u017eb\u00e1ch vietnamsk\u00e9ho t\u00fdmu. Foto: facebook Javiera P\u00e9reze\" width=\"1008\" height=\"781\" \/><\/a><figcaption id=\"caption-attachment-7509\" class=\"wp-caption-text\"><em>\u0160pan\u011blsk\u00fd cyklista Javier Sard\u00e1 P\u00e9rez ve slu\u017eb\u00e1ch vietnamsk\u00e9ho t\u00fdmu. Foto: facebook Javiera P\u00e9reze<\/em><\/figcaption><\/figure>\n<p>A proto\u017ee za\u017eil dva p\u00f3ly cyklistiky, m\u016f\u017ee srovn\u00e1vat: \u201eTr\u00e9nujeme \u010dasto spolu. To evrop\u0161t\u00ed jezdci se staraj\u00ed sami o sebe, tady se v\u00edc pracuje pro t\u00fdm,\u201c \u0159\u00edk\u00e1 ten, kter\u00fd je \u010dlenem celku Thanh Ph\u00f4 Ho Chi Minh. Jinak je ale z\u00e1vod\u011bn\u00ed povietnamsku celkem standardn\u00ed: o \u00fanic\u00edch, o jejich dosti\u017een\u00ed kousek p\u0159ed c\u00edlem, o hektick\u00fdch hromadn\u00fdch dojezdech.<\/p>\n<p>V n\u011b\u010dem je ale letos p\u0159esto unik\u00e1tn\u00ed \u2013 19. kv\u011btna se nikde jinde na sv\u011bt\u011b nez\u00e1vodilo.<\/p>\n","protected":false},"excerpt":{"rendered":"<p>Osmn\u00e1ct etap ze severu na jih. Dvan\u00e1ct t\u00fdm\u016f o sedmi jezdc\u00edch, \u010dili 84 mu\u017e\u016f na startu. A tak\u0159ka \u010dist\u011b dom\u00e1c\u00ed [&hellip;]<\/p>\n","protected":false},"author":122,"featured_media":7492,"comment_status":"open","ping_status":"open","sticky":false,"template":"","format":"standard","meta":{"footnotes":""},"categories":[10,660],"tags":[126,935,936],"global-categories":[411],"class_list":["post-7486","post","type-post","status-publish","format-standard","has-post-thumbnail","hentry","category-silnicni-cyklistika","category-https-www-welovecycling-com-cs-category-zabava","tag-cyklistika","tag-htv-cupu","tag-vietnam","global-categories-cycling"],"yoast_head":"<!-- This site is optimized with the Yoast SEO Premium plugin v25.3 (Yoast SEO v25.9) - https:\/\/yoast.com\/wordpress\/plugins\/seo\/ -->\n<title>Prvn\u00ed z\u00e1vod \u00e9ry po koronaviru. Kola pelotonu se rozto\u010dila ve Vietnamu | \u0160koda We Love Cycling - \u010cesk\u00e1 republika<\/title>\n<meta name=\"robots\" content=\"index, follow, max-snippet:-1, max-image-preview:large, max-video-preview:-1\" \/>\n<link rel=\"canonical\" href=\"https:\/\/www.welovecycling.com\/cs\/2020\/06\/02\/prvni-zavod-ery-po-koronaviru-kola-pelotonu-se-roztocila-ve-vietnamu\/\" \/>\n<meta property=\"og:locale\" content=\"cs_CZ\" \/>\n<meta property=\"og:type\" content=\"article\" \/>\n<meta property=\"og:title\" content=\"Prvn\u00ed z\u00e1vod \u00e9ry po koronaviru. Kola pelotonu se rozto\u010dila ve Vietnamu\" \/>\n<meta property=\"og:description\" content=\"Osmn\u00e1ct etap ze severu na jih. Dvan\u00e1ct t\u00fdm\u016f o sedmi jezdc\u00edch, \u010dili 84 mu\u017e\u016f na startu. A tak\u0159ka \u010dist\u011b dom\u00e1c\u00ed [&hellip;]\" \/>\n<meta property=\"og:url\" content=\"https:\/\/www.welovecycling.com\/cs\/2020\/06\/02\/prvni-zavod-ery-po-koronaviru-kola-pelotonu-se-roztocila-ve-vietnamu\/\" \/>\n<meta property=\"og:site_name\" content=\"\u0160koda We Love Cycling - \u010cesk\u00e1 republika\" \/>\n<meta property=\"article:published_time\" content=\"2020-06-02T07:30:06+00:00\" \/>\n<meta property=\"og:image\" content=\"https:\/\/d2p6e6u75xmxt8.cloudfront.net\/13\/2020\/06\/Vietnam2.webp\" \/>\n\t<meta property=\"og:image:width\" content=\"1220\" \/>\n\t<meta property=\"og:image:height\" content=\"783\" \/>\n\t<meta property=\"og:image:type\" content=\"image\/webp\" \/>\n<meta name=\"twitter:card\" content=\"summary_large_image\" \/>\n<meta name=\"twitter:label1\" content=\"Written by\" \/>\n\t<meta name=\"twitter:data1\" content=\"Adam Bouda\" \/>\n\t<meta name=\"twitter:label2\" content=\"Est. reading time\" \/>\n\t<meta name=\"twitter:data2\" content=\"6\" \/>\n<script type=\"application\/ld+json\" class=\"yoast-schema-graph\">{\"@context\":\"https:\/\/schema.org\",\"@graph\":[{\"@type\":\"WebPage\",\"@id\":\"https:\/\/www.welovecycling.com\/cs\/2020\/06\/02\/prvni-zavod-ery-po-koronaviru-kola-pelotonu-se-roztocila-ve-vietnamu\/\",\"url\":\"https:\/\/www.welovecycling.com\/cs\/2020\/06\/02\/prvni-zavod-ery-po-koronaviru-kola-pelotonu-se-roztocila-ve-vietnamu\/\",\"name\":\"Prvn\u00ed z\u00e1vod \u00e9ry po koronaviru. Kola pelotonu se rozto\u010dila ve Vietnamu | \u0160koda We Love Cycling - \u010cesk\u00e1 republika\",\"isPartOf\":{\"@id\":\"https:\/\/www.welovecycling.com\/cs\/#website\"},\"primaryImageOfPage\":{\"@id\":\"https:\/\/www.welovecycling.com\/cs\/2020\/06\/02\/prvni-zavod-ery-po-koronaviru-kola-pelotonu-se-roztocila-ve-vietnamu\/#primaryimage\"},\"image\":{\"@id\":\"https:\/\/www.welovecycling.com\/cs\/2020\/06\/02\/prvni-zavod-ery-po-koronaviru-kola-pelotonu-se-roztocila-ve-vietnamu\/#primaryimage\"},\"thumbnailUrl\":\"https:\/\/d2p6e6u75xmxt8.cloudfront.net\/13\/2020\/06\/Vietnam2.webp\",\"datePublished\":\"2020-06-02T07:30:06+00:00\",\"author\":{\"@id\":\"\"},\"inLanguage\":\"cs\",\"potentialAction\":[{\"@type\":\"ReadAction\",\"target\":[\"https:\/\/www.welovecycling.com\/cs\/2020\/06\/02\/prvni-zavod-ery-po-koronaviru-kola-pelotonu-se-roztocila-ve-vietnamu\/\"]}]},{\"@type\":\"ImageObject\",\"inLanguage\":\"cs\",\"@id\":\"https:\/\/www.welovecycling.com\/cs\/2020\/06\/02\/prvni-zavod-ery-po-koronaviru-kola-pelotonu-se-roztocila-ve-vietnamu\/#primaryimage\",\"url\":\"https:\/\/d2p6e6u75xmxt8.cloudfront.net\/13\/2020\/06\/Vietnam2.webp\",\"contentUrl\":\"https:\/\/d2p6e6u75xmxt8.cloudfront.net\/13\/2020\/06\/Vietnam2.webp\",\"width\":1220,\"height\":783},{\"@type\":\"WebSite\",\"@id\":\"https:\/\/www.welovecycling.com\/cs\/#website\",\"url\":\"https:\/\/www.welovecycling.com\/cs\/\",\"name\":\"\u0160koda We Love Cycling - \u010cesk\u00e1 republika\",\"description\":\"WeLoveCycling.cz je online magaz\u00edn, kter\u00fd v\u00e1m pravideln\u011b p\u0159in\u00e1\u0161\u00ed rady a tipy, zaj\u00edmav\u00e9 \u010dl\u00e1nky, videa a jedine\u010dn\u00e9 report\u00e1\u017ee ze sv\u011bta cyklistiky.\",\"potentialAction\":[{\"@type\":\"SearchAction\",\"target\":{\"@type\":\"EntryPoint\",\"urlTemplate\":\"https:\/\/www.welovecycling.com\/cs\/?s={search_term_string}\"},\"query-input\":{\"@type\":\"PropertyValueSpecification\",\"valueRequired\":true,\"valueName\":\"search_term_string\"}}],\"inLanguage\":\"cs\"},{\"@type\":\"Person\",\"@id\":\"\",\"url\":\"https:\/\/www.welovecycling.com\/cs\/author\/\"}]}<\/script>\n<!-- \/ Yoast SEO Premium plugin. -->","yoast_head_json":{"title":"Prvn\u00ed z\u00e1vod \u00e9ry po koronaviru. Kola pelotonu se rozto\u010dila ve Vietnamu | \u0160koda We Love Cycling - \u010cesk\u00e1 republika","robots":{"index":"index","follow":"follow","max-snippet":"max-snippet:-1","max-image-preview":"max-image-preview:large","max-video-preview":"max-video-preview:-1"},"canonical":"https:\/\/www.welovecycling.com\/cs\/2020\/06\/02\/prvni-zavod-ery-po-koronaviru-kola-pelotonu-se-roztocila-ve-vietnamu\/","og_locale":"cs_CZ","og_type":"article","og_title":"Prvn\u00ed z\u00e1vod \u00e9ry po koronaviru. Kola pelotonu se rozto\u010dila ve Vietnamu","og_description":"Osmn\u00e1ct etap ze severu na jih. Dvan\u00e1ct t\u00fdm\u016f o sedmi jezdc\u00edch, \u010dili 84 mu\u017e\u016f na startu. A tak\u0159ka \u010dist\u011b dom\u00e1c\u00ed [&hellip;]","og_url":"https:\/\/www.welovecycling.com\/cs\/2020\/06\/02\/prvni-zavod-ery-po-koronaviru-kola-pelotonu-se-roztocila-ve-vietnamu\/","og_site_name":"\u0160koda We Love Cycling - \u010cesk\u00e1 republika","article_published_time":"2020-06-02T07:30:06+00:00","og_image":[{"width":1220,"height":783,"url":"https:\/\/d2p6e6u75xmxt8.cloudfront.net\/13\/2020\/06\/Vietnam2.webp","type":"image\/webp"}],"twitter_card":"summary_large_image","twitter_misc":{"Written by":"Adam Bouda","Est. reading time":"6"},"schema":{"@context":"https:\/\/schema.org","@graph":[{"@type":"WebPage","@id":"https:\/\/www.welovecycling.com\/cs\/2020\/06\/02\/prvni-zavod-ery-po-koronaviru-kola-pelotonu-se-roztocila-ve-vietnamu\/","url":"https:\/\/www.welovecycling.com\/cs\/2020\/06\/02\/prvni-zavod-ery-po-koronaviru-kola-pelotonu-se-roztocila-ve-vietnamu\/","name":"Prvn\u00ed z\u00e1vod \u00e9ry po koronaviru. Kola pelotonu se rozto\u010dila ve Vietnamu | \u0160koda We Love Cycling - \u010cesk\u00e1 republika","isPartOf":{"@id":"https:\/\/www.welovecycling.com\/cs\/#website"},"primaryImageOfPage":{"@id":"https:\/\/www.welovecycling.com\/cs\/2020\/06\/02\/prvni-zavod-ery-po-koronaviru-kola-pelotonu-se-roztocila-ve-vietnamu\/#primaryimage"},"image":{"@id":"https:\/\/www.welovecycling.com\/cs\/2020\/06\/02\/prvni-zavod-ery-po-koronaviru-kola-pelotonu-se-roztocila-ve-vietnamu\/#primaryimage"},"thumbnailUrl":"https:\/\/d2p6e6u75xmxt8.cloudfront.net\/13\/2020\/06\/Vietnam2.webp","datePublished":"2020-06-02T07:30:06+00:00","author":{"@id":""},"inLanguage":"cs","potentialAction":[{"@type":"ReadAction","target":["https:\/\/www.welovecycling.com\/cs\/2020\/06\/02\/prvni-zavod-ery-po-koronaviru-kola-pelotonu-se-roztocila-ve-vietnamu\/"]}]},{"@type":"ImageObject","inLanguage":"cs","@id":"https:\/\/www.welovecycling.com\/cs\/2020\/06\/02\/prvni-zavod-ery-po-koronaviru-kola-pelotonu-se-roztocila-ve-vietnamu\/#primaryimage","url":"https:\/\/d2p6e6u75xmxt8.cloudfront.net\/13\/2020\/06\/Vietnam2.webp","contentUrl":"https:\/\/d2p6e6u75xmxt8.cloudfront.net\/13\/2020\/06\/Vietnam2.webp","width":1220,"height":783},{"@type":"WebSite","@id":"https:\/\/www.welovecycling.com\/cs\/#website","url":"https:\/\/www.welovecycling.com\/cs\/","name":"\u0160koda We Love Cycling - \u010cesk\u00e1 republika","description":"WeLoveCycling.cz je online magaz\u00edn, kter\u00fd v\u00e1m pravideln\u011b p\u0159in\u00e1\u0161\u00ed rady a tipy, zaj\u00edmav\u00e9 \u010dl\u00e1nky, videa a jedine\u010dn\u00e9 report\u00e1\u017ee ze sv\u011bta cyklistiky.","potentialAction":[{"@type":"SearchAction","target":{"@type":"EntryPoint","urlTemplate":"https:\/\/www.welovecycling.com\/cs\/?s={search_term_string}"},"query-input":{"@type":"PropertyValueSpecification","valueRequired":true,"valueName":"search_term_string"}}],"inLanguage":"cs"},{"@type":"Person","@id":"","url":"https:\/\/www.welovecycling.com\/cs\/author\/"}]}},"_links":{"self":[{"href":"https:\/\/www.welovecycling.com\/cs\/wp-json\/wp\/v2\/posts\/7486","targetHints":{"allow":["GET"]}}],"collection":[{"href":"https:\/\/www.welovecycling.com\/cs\/wp-json\/wp\/v2\/posts"}],"about":[{"href":"https:\/\/www.welovecycling.com\/cs\/wp-json\/wp\/v2\/types\/post"}],"author":[{"embeddable":true,"href":"https:\/\/www.welovecycling.com\/cs\/wp-json\/wp\/v2\/users\/122"}],"replies":[{"embeddable":true,"href":"https:\/\/www.welovecycling.com\/cs\/wp-json\/wp\/v2\/comments?post=7486"}],"version-history":[{"count":2,"href":"https:\/\/www.welovecycling.com\/cs\/wp-json\/wp\/v2\/posts\/7486\/revisions"}],"predecessor-version":[{"id":7513,"href":"https:\/\/www.welovecycling.com\/cs\/wp-json\/wp\/v2\/posts\/7486\/revisions\/7513"}],"wp:featuredmedia":[{"embeddable":true,"href":"https:\/\/www.welovecycling.com\/cs\/wp-json\/wp\/v2\/media\/7492"}],"wp:attachment":[{"href":"https:\/\/www.welovecycling.com\/cs\/wp-json\/wp\/v2\/media?parent=7486"}],"wp:term":[{"taxonomy":"category","embeddable":true,"href":"https:\/\/www.welovecycling.com\/cs\/wp-json\/wp\/v2\/categories?post=7486"},{"taxonomy":"post_tag","embeddable":true,"href":"https:\/\/www.welovecycling.com\/cs\/wp-json\/wp\/v2\/tags?post=7486"},{"taxonomy":"global-categories","embeddable":true,"href":"https:\/\/www.welovecycling.com\/cs\/wp-json\/wp\/v2\/global-categories?post=7486"}],"curies":[{"name":"wp","href":"https:\/\/api.w.org\/{rel}","templated":true}]}}