{"id":7465,"date":"2020-06-01T19:00:26","date_gmt":"2020-06-01T17:00:26","guid":{"rendered":"https:\/\/www.welovecycling.com\/cs\/?p=7465"},"modified":"2020-06-08T21:34:29","modified_gmt":"2020-06-08T19:34:29","slug":"na-kole-detem-ani-pandemie-nezastavi-cyklisty-pomahajici-nejmensim","status":"publish","type":"post","link":"https:\/\/www.welovecycling.com\/cs\/2020\/06\/01\/na-kole-detem-ani-pandemie-nezastavi-cyklisty-pomahajici-nejmensim\/","title":{"rendered":"Na kole d\u011btem! Ani pandemie nezastav\u00ed cyklisty pom\u00e1haj\u00edc\u00ed nejmen\u0161\u00edm"},"content":{"rendered":"<p><strong>U\u017e pojeden\u00e1ct\u00e9 se \u010ceskou republikou pro\u017eene b\u011bhem \u010dervna cyklistick\u00fd peloton, jeho\u017e c\u00edlem nen\u00ed bitva o sl\u00e1vu a presti\u017en\u00ed trikoty, ale snaha z\u00edskat finan\u010dn\u00ed prost\u0159edky na pomoc a podporu onkologicky nemocn\u00fdch d\u011bt\u00ed. Sportovn\u00ed projekt Na kole d\u011btem startuje 10. \u010dervna v\u00a0Hlu\u010d\u00edn\u011b, c\u00edlov\u00fdm m\u011bstem bude 20. \u010dervna Lan\u0161kroun.<\/strong><\/p>\n<p>Prvn\u00ed d\u00edl akce je na programu 10. \u010dervna, kdy peloton vyraz\u00ed z\u00a0Hlu\u010d\u00edna do Kop\u0159ivnice k\u00a0sedmdes\u00e1t kilometr\u016f dlouh\u00e9mu prologu. Celkem b\u011bhem jeden\u00e1cti dn\u016f \u00fa\u010dastn\u00edci zvl\u00e1dnou jeden\u00e1ct etap o celkov\u00e9 d\u00e9lce 1238 kilometr\u016f. V\u00a0itiner\u00e1\u0159i je 60 zast\u00e1vkov\u00fdch m\u011bst a 335 projet\u00fdch obc\u00ed \u010di m\u011bst.<\/p>\n<h2><strong>Do pelotonu m\u016f\u017ee ka\u017ed\u00fd, startovn\u00e9 je dobrovoln\u00e9<\/strong><\/h2>\n<p>Do pelotonu s\u00a0doprovodn\u00fdm vozidlem se m\u016f\u017ee zapojit ka\u017ed\u00fd na libovoln\u011b dlouhou dobu. Nez\u00e1le\u017e\u00ed, zda p\u016fjde o stovky metr\u016f, des\u00edtky kilometr\u016f \u010di celou cyklotour, p\u0159i n\u00ed\u017e ka\u017ed\u00e1 etapa startuje na p\u0159edem stanoven\u00e9m m\u00edst\u011b\u00a0a jede se dle itiner\u00e1\u0159e k dal\u0161\u00edmu m\u011bstu, kde je kr\u00e1tk\u00e1 p\u0159est\u00e1vka v j\u00edzd\u011b.<\/p>\n<p><a href=\"https:\/\/d2p6e6u75xmxt8.cloudfront.net\/13\/2020\/06\/na-kole-d\u011btem-7.-etapa.jpg\"><img loading=\"lazy\" decoding=\"async\" class=\"alignnone size-full wp-image-7474\" src=\"https:\/\/d2p6e6u75xmxt8.cloudfront.net\/13\/2020\/06\/na-kole-d\u011btem-7.-etapa.jpg\" alt=\"\" width=\"1000\" height=\"667\" \/><\/a><\/p>\n<p>Startovn\u00e9 je dobrovoln\u00e9 a plat\u00ed se do pokladni\u010dky ve\u0159ejn\u00e9 nada\u010dn\u00ed sb\u00edrky p\u0159i zast\u00e1vk\u00e1ch v hostitelsk\u00fdch m\u011bstech. P\u0159isp\u011bt na podporu projektu je mo\u017en\u00e9 i do zape\u010det\u011bn\u00e9 pokladny nadace Na kole d\u011btem um\u00edst\u011bn\u00e9 u doprovodn\u00e9ho vozidla b\u011bhem cel\u00e9 trasy.<\/p>\n<h2><strong>Na \u010dele Zimov\u010d\u00e1k, v\u00a0bal\u00edku Pafko \u010di Pirk<\/strong><\/h2>\n<p>Jedine\u010dn\u00fd sportovn\u00ed projekt nezastavila ani pandemie koronaviru, p\u0159esto\u017ee k\u00a0jist\u00fdm omezen\u00edm organiz\u00e1to\u0159i s\u00e1hnout museli. V pelotonu veden\u00e9m Josefem Zimov\u010d\u00e1kem nebudou chyb\u011bt profeso\u0159i Pavel Pafko a Jan Pirk, p\u0159ipojit se v\u0161ak m\u016f\u017ee kdokoliv, proto\u017ee uvol\u0148uj\u00edc\u00ed se pravidla v\u00a0souvislost\u00ed s\u00a0pandemi\u00ed koronaviru umo\u017enila organiz\u00e1tor\u016fm uspo\u0159\u00e1dat j\u00edzdu jako ve\u0159ejnou.<\/p>\n<figure id=\"attachment_7476\" aria-describedby=\"caption-attachment-7476\" style=\"width: 900px\" class=\"wp-caption alignnone\"><a href=\"https:\/\/d2p6e6u75xmxt8.cloudfront.net\/13\/2020\/06\/na-kole-d\u011btem-pafko-zimov\u010d\u00e1k.jpg\"><img loading=\"lazy\" decoding=\"async\" class=\"size-full wp-image-7476\" src=\"https:\/\/d2p6e6u75xmxt8.cloudfront.net\/13\/2020\/06\/na-kole-d\u011btem-pafko-zimov\u010d\u00e1k.jpg\" alt=\"Josef Zimov\u010d\u00e1k, patron projektu Na kole d\u011btem, spole\u010dn\u011b s profesorem Pavlem Pafkem u jednoho z mal\u00fdch pacient\u016f, pro n\u011b\u017e je ur\u010den v\u00fdt\u011b\u017eek cel\u00e9 akce.\" width=\"900\" height=\"601\" \/><\/a><figcaption id=\"caption-attachment-7476\" class=\"wp-caption-text\"><em>Josef Zimov\u010d\u00e1k, patron projektu Na kole d\u011btem, s profesorem Pavlem Pafkem u jednoho z mal\u00fdch pacient\u016f, pro n\u011b\u017e je ur\u010den v\u00fdt\u011b\u017eek cel\u00e9 akce.<\/em><\/figcaption><\/figure>\n<p>\u201eNedejte si vz\u00edt radost z\u00a0pohybu a p\u0159\u00e1telstv\u00ed. Myslete na nemocn\u00e9 d\u011bti, kte\u0159\u00ed si svou situaci nevybraly dobrovoln\u011b a mus\u00ed ji zvl\u00e1dnout. Poj\u010fme jim to uleh\u010dit, jak jen to bude mo\u017en\u00e9,\u201c nab\u00e1d\u00e1 Josef Zimov\u010d\u00e1k, zakladatel projektu Na kole d\u011btem, jeho\u017e m\u00e1 ve\u0159ejnost spojen\u00e9ho s\u00a0j\u00edzdou na vysok\u00e9m kole.<\/p>\n<div class=\"shortcode-ys-post-pinup\"><article class=\"loop-simple post-7432 post type-post status-publish format-standard has-post-thumbnail hentry category-tipy-na-vylet category-https-www-welovecycling-com-cs-category-zabava category-zdravi-a-trenink tag-cyklotrasy tag-cyklovylet tag-jiri-jezek tag-tip-na-cyklovylet tag-trenink global-categories-cycling\" data-postid=\"7432\" role=\"article\" data-post-id=\"7432\" data-word-count=\"425\" data-headline-length=\"73\" data-category=\"Tipy na v\u00fdlet\" data-global-category=\"Cycling\" data-author=\"Radek Malina\" data-published=\"2020-05-29T07:00:59+02:00\" data-published-day=\"Friday\">\n    <div class=\"entry-thumbnail article-thumbnail\" content=\"https:\/\/d2p6e6u75xmxt8.cloudfront.net\/13\/2019\/10\/JK_20190313_WE_LOVE_CYCLING_BEZDEZ_0027-150x150.webp\"><a href=\"https:\/\/www.welovecycling.com\/cs\/2020\/05\/29\/tip-na-vylet-jiriho-jezka-po-ceskych-hradech-krajem-karla-iv\/\" class=\"image-holder\" target=\"_self\"><img decoding=\"async\" loading=\"lazy\" class=\"\" src=\"https:\/\/d2p6e6u75xmxt8.cloudfront.net\/13\/2019\/10\/JK_20190313_WE_LOVE_CYCLING_BEZDEZ_0027-1024x683.webp\" srcset=\"https:\/\/d2p6e6u75xmxt8.cloudfront.net\/13\/2019\/10\/JK_20190313_WE_LOVE_CYCLING_BEZDEZ_0027-scaled.webp 2560w, https:\/\/d2p6e6u75xmxt8.cloudfront.net\/13\/2019\/10\/JK_20190313_WE_LOVE_CYCLING_BEZDEZ_0027-300x200.webp 300w, https:\/\/d2p6e6u75xmxt8.cloudfront.net\/13\/2019\/10\/JK_20190313_WE_LOVE_CYCLING_BEZDEZ_0027-1024x683.webp 1024w, https:\/\/d2p6e6u75xmxt8.cloudfront.net\/13\/2019\/10\/JK_20190313_WE_LOVE_CYCLING_BEZDEZ_0027-768x512.webp 768w, https:\/\/d2p6e6u75xmxt8.cloudfront.net\/13\/2019\/10\/JK_20190313_WE_LOVE_CYCLING_BEZDEZ_0027-1536x1024.webp 1536w, https:\/\/d2p6e6u75xmxt8.cloudfront.net\/13\/2019\/10\/JK_20190313_WE_LOVE_CYCLING_BEZDEZ_0027-2048x1366.webp 2048w, https:\/\/d2p6e6u75xmxt8.cloudfront.net\/13\/2019\/10\/JK_20190313_WE_LOVE_CYCLING_BEZDEZ_0027-1920x1280.webp 1920w, https:\/\/d2p6e6u75xmxt8.cloudfront.net\/13\/2019\/10\/JK_20190313_WE_LOVE_CYCLING_BEZDEZ_0027-272x182.webp 272w, https:\/\/d2p6e6u75xmxt8.cloudfront.net\/13\/2019\/10\/JK_20190313_WE_LOVE_CYCLING_BEZDEZ_0027-1920x1280.webp 1920w\" width=\"1024\" height=\"683\" sizes=\"auto, (min-width: 1200px) 300px, (min-width: 768px) 25vw, 100vw\" alt=\"tip-na-vylet-jiriho-jezka-po-ceskych-hradech-krajem-karla-iv\"\/><\/a><\/div>    <div class=\"entry-meta\">\n        <a class=\"label label-secondary post-category\" href=\"https:\/\/www.welovecycling.com\/cs\/category\/https-www-welovecycling-com-cs-otestovano-jizdou\/tipy-na-vylet\/\" title=\"Tipy na v\u00fdlet\">Tipy na v\u00fdlet<\/a>\n    <\/div>\n    <div class=\"entry-details\">\n        <a href=\"https:\/\/www.welovecycling.com\/cs\/2020\/05\/29\/tip-na-vylet-jiriho-jezka-po-ceskych-hradech-krajem-karla-iv\/\" class='entry-title-wrapper'>\n            <h3 class=\"entry-title\"><span>Tip Ji\u0159\u00edho Je\u017eka na cyklov\u00fdlet: po \u010desk\u00fdch hradech krajem Karla IV.<\/span><\/h3>\n        <\/a>\n    <\/div>\n    <\/article>\n<\/div>\n<p>Z\u00e1le\u017e\u00ed jen na v\u016fli a chuti ka\u017ed\u00e9ho cyklisty p\u0159i dodr\u017een\u00ed stanoven\u00fdch pravidel. Ve srovn\u00e1n\u00ed s\u00a0minul\u00fdmi ro\u010dn\u00edky v\u0161ak budou p\u0159est\u00e1vky na n\u00e1m\u011bst\u00edch v\u00a0pr\u016fjezdn\u00fdch obc\u00edch a m\u011bstech krat\u0161\u00ed a bez doprovodn\u00e9ho programu. Celou akci zast\u0159e\u0161uje motto \u2013 \u201eMy, kdo m\u00e1me \u0161t\u011bst\u00ed, \u017ee jsme zdrav\u00ed, mus\u00edme pom\u00e1hat t\u011bm, kdo ho maj\u00ed m\u00e9n\u011b!\u201c<\/p>\n<h2><strong>Malebn\u00e9 Slopn\u00e9, P\u00edsek \u010di Orlick\u00e9 hory<\/strong><\/h2>\n<p>Trasa pelotonu je letos pl\u00e1novan\u00e1 z\u00a0moravskoslezsk\u00e9ho Hlu\u010d\u00edna p\u0159es Ostravu do malebn\u00e9 obce Slopn\u00e9, d\u00e1le do Bzence, Ivan\u010dic a Jind\u0159ichova Hradce. Projedou se ji\u017en\u00ed \u010cechy do P\u00edsku, tradi\u010dn\u00ed zast\u00e1vka bude v\u00a0Dru\u017eici. D\u00e1le peloton bude pokra\u010dovat p\u0159es Prahu do Orlick\u00fdch hor. Konec je pl\u00e1nov\u00e1n v\u00a0Lan\u0161kroun\u011b.<\/p>\n<p><a href=\"https:\/\/d2p6e6u75xmxt8.cloudfront.net\/13\/2020\/05\/na-kole-d\u011btem.jpg\"><img loading=\"lazy\" decoding=\"async\" class=\"alignnone size-full wp-image-7464\" src=\"https:\/\/d2p6e6u75xmxt8.cloudfront.net\/13\/2020\/05\/na-kole-d\u011btem.jpg\" alt=\"\" width=\"1143\" height=\"1614\" \/><\/a><\/p>\n<p>\u201eAkci bychom nemohli uskute\u010dnit bez vydatn\u00e9 podpory m\u011bst, kraj\u016f a spole\u010dnost\u00ed. Velmi mne t\u011b\u0161\u00ed, \u017ee n\u00e1m z\u016fst\u00e1vaj\u00ed v\u011brni v\u00fdznamn\u00ed partne\u0159i a sponzo\u0159i jako \u0160koda AUTO a jej\u00ed platforma We Love Cycling, Nadace \u010cEZ, VITA software, SMO Otrokovice, Interflex, Kareta, spol. TOITOI, stavebn\u00ed spole\u010dnost Kal\u00e1b a mnoho dal\u0161\u00edch, p\u0159edev\u0161\u00edm d\u00edky jejich podpo\u0159e a vst\u0159\u00edcnosti, lze projekt uskute\u010dnit i v\u00a0t\u00e9to slo\u017eit\u00e9 dob\u011b,\u201c d\u011bkuje koordin\u00e1torka projektu Martina St\u0159\u00ed\u017eov\u00e1 a podot\u00fdk\u00e1, \u017ee v\u00a0tour Na kole d\u011btem nevyhr\u00e1v\u00e1 nejrychlej\u0161\u00ed, ale ten, kdo dojede zdrav\u00fd a odnese si dobr\u00fd pocit s nezapomenuteln\u00fdm z\u00e1\u017eitkem.<\/p>\n<div class=\"shortcode-ys-post-pinup\"><article class=\"loop-simple post-7265 post type-post status-publish format-standard has-post-thumbnail hentry category-rady-tipy category-tipy-na-vylet category-https-www-welovecycling-com-cs-category-zabava tag-cyklistika tag-klub-ceskych-turistu tag-zdravi-a-trenink global-categories-cycling\" data-postid=\"7265\" role=\"article\" data-post-id=\"7265\" data-word-count=\"544\" data-headline-length=\"78\" data-category=\"Tipy na v\u00fdlet\" data-global-category=\"Cycling\" data-author=\"Adam Bouda\" data-published=\"2020-05-21T08:30:28+02:00\" data-published-day=\"Thursday\">\n    <div class=\"entry-thumbnail article-thumbnail\" content=\"https:\/\/d2p6e6u75xmxt8.cloudfront.net\/13\/2020\/05\/K\u010cT-Jir\u00e1skova-chata-2-150x150.webp\"><a href=\"https:\/\/www.welovecycling.com\/cs\/2020\/05\/21\/klub-ceskych-turistu-pripravil-projekt-na-kole-po-chatach-propoji-krkonose-a-orlicke-hory\/\" class=\"image-holder\" target=\"_self\"><img decoding=\"async\" loading=\"lazy\" class=\"\" src=\"https:\/\/d2p6e6u75xmxt8.cloudfront.net\/13\/2020\/05\/K\u010cT-Jir\u00e1skova-chata-2-1024x683.webp\" srcset=\"https:\/\/d2p6e6u75xmxt8.cloudfront.net\/13\/2020\/05\/K\u010cT-Jir\u00e1skova-chata-2-scaled.webp 2560w, https:\/\/d2p6e6u75xmxt8.cloudfront.net\/13\/2020\/05\/K\u010cT-Jir\u00e1skova-chata-2-300x200.webp 300w, https:\/\/d2p6e6u75xmxt8.cloudfront.net\/13\/2020\/05\/K\u010cT-Jir\u00e1skova-chata-2-1024x683.webp 1024w, https:\/\/d2p6e6u75xmxt8.cloudfront.net\/13\/2020\/05\/K\u010cT-Jir\u00e1skova-chata-2-768x512.webp 768w, https:\/\/d2p6e6u75xmxt8.cloudfront.net\/13\/2020\/05\/K\u010cT-Jir\u00e1skova-chata-2-1536x1024.webp 1536w, https:\/\/d2p6e6u75xmxt8.cloudfront.net\/13\/2020\/05\/K\u010cT-Jir\u00e1skova-chata-2-2048x1365.webp 2048w, https:\/\/d2p6e6u75xmxt8.cloudfront.net\/13\/2020\/05\/K\u010cT-Jir\u00e1skova-chata-2-1920x1280.webp 1920w, https:\/\/d2p6e6u75xmxt8.cloudfront.net\/13\/2020\/05\/K\u010cT-Jir\u00e1skova-chata-2-272x182.webp 272w, https:\/\/d2p6e6u75xmxt8.cloudfront.net\/13\/2020\/05\/K\u010cT-Jir\u00e1skova-chata-2-1920x1280.webp 1920w\" width=\"1024\" height=\"683\" sizes=\"auto, (min-width: 1200px) 300px, (min-width: 768px) 25vw, 100vw\" alt=\"klub-ceskych-turistu-pripravil-projekt-na-kole-po-chatach-propoji-krkonose-a-orlicke-hory\"\/><\/a><\/div>    <div class=\"entry-meta\">\n        <a class=\"label label-secondary post-category\" href=\"https:\/\/www.welovecycling.com\/cs\/category\/https-www-welovecycling-com-cs-otestovano-jizdou\/tipy-na-vylet\/\" title=\"Tipy na v\u00fdlet\">Tipy na v\u00fdlet<\/a>\n    <\/div>\n    <div class=\"entry-details\">\n        <a href=\"https:\/\/www.welovecycling.com\/cs\/2020\/05\/21\/klub-ceskych-turistu-pripravil-projekt-na-kole-po-chatach-propoji-krkonose-a-orlicke-hory\/\" class='entry-title-wrapper'>\n            <h3 class=\"entry-title\"><span>Na kole po chat\u00e1ch Klubu \u010desk\u00fdch turist\u016f. Z Krkono\u0161 a\u017e do Orlick\u00fdch hor<\/span><\/h3>\n        <\/a>\n    <\/div>\n    <\/article>\n<\/div>\n<p>\u201eM\u011bsta byla letos v\u00a0komunikaci a p\u0159\u00edprav\u00e1ch akce mimo\u0159\u00e1dn\u011b vst\u0159\u00edcn\u00e1, proto jsme se rozhodli, \u017ee p\u0159\u00ed\u0161t\u00ed rok pojedeme stejnou trasu jako letos, kdy jsme museli ud\u011blat z\u00a0ve\u0159ejn\u00e9 akce bohu\u017eel sp\u00ed\u0161e promo. Pevn\u011b v\u011b\u0159\u00edme, \u017ee dvan\u00e1ct\u00fd ro\u010dn\u00edk bude zase v\u00a0pln\u00e9 par\u00e1d\u011b. Ale na to, \u017ee ro\u010dn\u00edk vynech\u00e1me, jsme nepomysleli,\u201c shrnuje hlavn\u00ed mana\u017eer projektu Petr Vesel\u00fd.<\/p>\n<h2><strong>Na kole d\u011btem &#8211; program<\/strong><\/h2>\n<p>10. \u010dervna: Hlu\u010d\u00edn-Kop\u0159ivnice, 70 km; 11. \u010dervna: Kop\u0159ivnice-Slopn\u00e9, 101 km; 12. \u010dervna: Luha\u010dovice-Bzenec, 112 km; 13. \u010dervna Bzenec-Ivan\u010dice, 130 km; 14. \u010dervna: Inva\u010dice-Jind\u0159ich\u016fv Hradec, 123 km; 15. \u010dervna: Jind\u0159ich\u016fv Hradec-P\u00edsek, 125 km; 16. \u010dervna: P\u00edsek-Dru\u017eec, 122 km; 17. \u010dervna: Dru\u017eec-Sobotka, 128 km; Sobotka-Solnice, 132 km; 19. \u010dervna: Rychnov nad Kn\u011b\u017enou (krit\u00e9rium), 101 km; 20. \u010dervna: Rychnov nad Kn\u011b\u017enou-Lan\u0161kroun, 84 km.<\/p>\n","protected":false},"excerpt":{"rendered":"<p>U\u017e pojeden\u00e1ct\u00e9 se \u010ceskou republikou pro\u017eene b\u011bhem \u010dervna cyklistick\u00fd peloton, jeho\u017e c\u00edlem nen\u00ed bitva o sl\u00e1vu a presti\u017en\u00ed trikoty, ale [&hellip;]<\/p>\n","protected":false},"author":122,"featured_media":7477,"comment_status":"open","ping_status":"open","sticky":false,"template":"","format":"standard","meta":{"footnotes":""},"categories":[660,6],"tags":[934,933],"global-categories":[411],"class_list":["post-7465","post","type-post","status-publish","format-standard","has-post-thumbnail","hentry","category-https-www-welovecycling-com-cs-category-zabava","category-zdravi-a-trenink","tag-josef-zimovcak","tag-na-kole-detem","global-categories-cycling"],"yoast_head":"<!-- This site is optimized with the Yoast SEO Premium plugin v25.3 (Yoast SEO v25.9) - https:\/\/yoast.com\/wordpress\/plugins\/seo\/ -->\n<title>Na kole d\u011btem! Ani pandemie nezastav\u00ed cyklisty pom\u00e1haj\u00edc\u00ed nejmen\u0161\u00edm | \u0160koda We Love Cycling - \u010cesk\u00e1 republika<\/title>\n<meta name=\"robots\" content=\"index, follow, max-snippet:-1, max-image-preview:large, max-video-preview:-1\" \/>\n<link rel=\"canonical\" href=\"https:\/\/www.welovecycling.com\/cs\/2020\/06\/01\/na-kole-detem-ani-pandemie-nezastavi-cyklisty-pomahajici-nejmensim\/\" \/>\n<meta property=\"og:locale\" content=\"cs_CZ\" \/>\n<meta property=\"og:type\" content=\"article\" \/>\n<meta property=\"og:title\" content=\"Na kole d\u011btem! Ani pandemie nezastav\u00ed cyklisty pom\u00e1haj\u00edc\u00ed nejmen\u0161\u00edm\" \/>\n<meta property=\"og:description\" content=\"U\u017e pojeden\u00e1ct\u00e9 se \u010ceskou republikou pro\u017eene b\u011bhem \u010dervna cyklistick\u00fd peloton, jeho\u017e c\u00edlem nen\u00ed bitva o sl\u00e1vu a presti\u017en\u00ed trikoty, ale [&hellip;]\" \/>\n<meta property=\"og:url\" content=\"https:\/\/www.welovecycling.com\/cs\/2020\/06\/01\/na-kole-detem-ani-pandemie-nezastavi-cyklisty-pomahajici-nejmensim\/\" \/>\n<meta property=\"og:site_name\" content=\"\u0160koda We Love Cycling - \u010cesk\u00e1 republika\" \/>\n<meta property=\"article:published_time\" content=\"2020-06-01T17:00:26+00:00\" \/>\n<meta property=\"article:modified_time\" content=\"2020-06-08T19:34:29+00:00\" \/>\n<meta property=\"og:image\" content=\"https:\/\/d2p6e6u75xmxt8.cloudfront.net\/13\/2020\/06\/na-kole-d\u011btem-srdce.webp\" \/>\n\t<meta property=\"og:image:width\" content=\"1000\" \/>\n\t<meta property=\"og:image:height\" content=\"667\" \/>\n\t<meta property=\"og:image:type\" content=\"image\/webp\" \/>\n<meta name=\"twitter:card\" content=\"summary_large_image\" \/>\n<meta name=\"twitter:label1\" content=\"Written by\" \/>\n\t<meta name=\"twitter:data1\" content=\"Adam Bouda\" \/>\n\t<meta name=\"twitter:label2\" content=\"Est. reading time\" \/>\n\t<meta name=\"twitter:data2\" content=\"6\" \/>\n<script type=\"application\/ld+json\" class=\"yoast-schema-graph\">{\"@context\":\"https:\/\/schema.org\",\"@graph\":[{\"@type\":\"WebPage\",\"@id\":\"https:\/\/www.welovecycling.com\/cs\/2020\/06\/01\/na-kole-detem-ani-pandemie-nezastavi-cyklisty-pomahajici-nejmensim\/\",\"url\":\"https:\/\/www.welovecycling.com\/cs\/2020\/06\/01\/na-kole-detem-ani-pandemie-nezastavi-cyklisty-pomahajici-nejmensim\/\",\"name\":\"Na kole d\u011btem! Ani pandemie nezastav\u00ed cyklisty pom\u00e1haj\u00edc\u00ed nejmen\u0161\u00edm | \u0160koda We Love Cycling - \u010cesk\u00e1 republika\",\"isPartOf\":{\"@id\":\"https:\/\/www.welovecycling.com\/cs\/#website\"},\"primaryImageOfPage\":{\"@id\":\"https:\/\/www.welovecycling.com\/cs\/2020\/06\/01\/na-kole-detem-ani-pandemie-nezastavi-cyklisty-pomahajici-nejmensim\/#primaryimage\"},\"image\":{\"@id\":\"https:\/\/www.welovecycling.com\/cs\/2020\/06\/01\/na-kole-detem-ani-pandemie-nezastavi-cyklisty-pomahajici-nejmensim\/#primaryimage\"},\"thumbnailUrl\":\"https:\/\/d2p6e6u75xmxt8.cloudfront.net\/13\/2020\/06\/na-kole-d\u011btem-srdce.webp\",\"datePublished\":\"2020-06-01T17:00:26+00:00\",\"dateModified\":\"2020-06-08T19:34:29+00:00\",\"author\":{\"@id\":\"\"},\"inLanguage\":\"cs\",\"potentialAction\":[{\"@type\":\"ReadAction\",\"target\":[\"https:\/\/www.welovecycling.com\/cs\/2020\/06\/01\/na-kole-detem-ani-pandemie-nezastavi-cyklisty-pomahajici-nejmensim\/\"]}]},{\"@type\":\"ImageObject\",\"inLanguage\":\"cs\",\"@id\":\"https:\/\/www.welovecycling.com\/cs\/2020\/06\/01\/na-kole-detem-ani-pandemie-nezastavi-cyklisty-pomahajici-nejmensim\/#primaryimage\",\"url\":\"https:\/\/d2p6e6u75xmxt8.cloudfront.net\/13\/2020\/06\/na-kole-d\u011btem-srdce.webp\",\"contentUrl\":\"https:\/\/d2p6e6u75xmxt8.cloudfront.net\/13\/2020\/06\/na-kole-d\u011btem-srdce.webp\",\"width\":1000,\"height\":667},{\"@type\":\"WebSite\",\"@id\":\"https:\/\/www.welovecycling.com\/cs\/#website\",\"url\":\"https:\/\/www.welovecycling.com\/cs\/\",\"name\":\"\u0160koda We Love Cycling - \u010cesk\u00e1 republika\",\"description\":\"WeLoveCycling.cz je online magaz\u00edn, kter\u00fd v\u00e1m pravideln\u011b p\u0159in\u00e1\u0161\u00ed rady a tipy, zaj\u00edmav\u00e9 \u010dl\u00e1nky, videa a jedine\u010dn\u00e9 report\u00e1\u017ee ze sv\u011bta cyklistiky.\",\"potentialAction\":[{\"@type\":\"SearchAction\",\"target\":{\"@type\":\"EntryPoint\",\"urlTemplate\":\"https:\/\/www.welovecycling.com\/cs\/?s={search_term_string}\"},\"query-input\":{\"@type\":\"PropertyValueSpecification\",\"valueRequired\":true,\"valueName\":\"search_term_string\"}}],\"inLanguage\":\"cs\"},{\"@type\":\"Person\",\"@id\":\"\",\"url\":\"https:\/\/www.welovecycling.com\/cs\/author\/\"}]}<\/script>\n<!-- \/ Yoast SEO Premium plugin. -->","yoast_head_json":{"title":"Na kole d\u011btem! Ani pandemie nezastav\u00ed cyklisty pom\u00e1haj\u00edc\u00ed nejmen\u0161\u00edm | \u0160koda We Love Cycling - \u010cesk\u00e1 republika","robots":{"index":"index","follow":"follow","max-snippet":"max-snippet:-1","max-image-preview":"max-image-preview:large","max-video-preview":"max-video-preview:-1"},"canonical":"https:\/\/www.welovecycling.com\/cs\/2020\/06\/01\/na-kole-detem-ani-pandemie-nezastavi-cyklisty-pomahajici-nejmensim\/","og_locale":"cs_CZ","og_type":"article","og_title":"Na kole d\u011btem! Ani pandemie nezastav\u00ed cyklisty pom\u00e1haj\u00edc\u00ed nejmen\u0161\u00edm","og_description":"U\u017e pojeden\u00e1ct\u00e9 se \u010ceskou republikou pro\u017eene b\u011bhem \u010dervna cyklistick\u00fd peloton, jeho\u017e c\u00edlem nen\u00ed bitva o sl\u00e1vu a presti\u017en\u00ed trikoty, ale [&hellip;]","og_url":"https:\/\/www.welovecycling.com\/cs\/2020\/06\/01\/na-kole-detem-ani-pandemie-nezastavi-cyklisty-pomahajici-nejmensim\/","og_site_name":"\u0160koda We Love Cycling - \u010cesk\u00e1 republika","article_published_time":"2020-06-01T17:00:26+00:00","article_modified_time":"2020-06-08T19:34:29+00:00","og_image":[{"width":1000,"height":667,"url":"https:\/\/d2p6e6u75xmxt8.cloudfront.net\/13\/2020\/06\/na-kole-d\u011btem-srdce.webp","type":"image\/webp"}],"twitter_card":"summary_large_image","twitter_misc":{"Written by":"Adam Bouda","Est. reading time":"6"},"schema":{"@context":"https:\/\/schema.org","@graph":[{"@type":"WebPage","@id":"https:\/\/www.welovecycling.com\/cs\/2020\/06\/01\/na-kole-detem-ani-pandemie-nezastavi-cyklisty-pomahajici-nejmensim\/","url":"https:\/\/www.welovecycling.com\/cs\/2020\/06\/01\/na-kole-detem-ani-pandemie-nezastavi-cyklisty-pomahajici-nejmensim\/","name":"Na kole d\u011btem! Ani pandemie nezastav\u00ed cyklisty pom\u00e1haj\u00edc\u00ed nejmen\u0161\u00edm | \u0160koda We Love Cycling - \u010cesk\u00e1 republika","isPartOf":{"@id":"https:\/\/www.welovecycling.com\/cs\/#website"},"primaryImageOfPage":{"@id":"https:\/\/www.welovecycling.com\/cs\/2020\/06\/01\/na-kole-detem-ani-pandemie-nezastavi-cyklisty-pomahajici-nejmensim\/#primaryimage"},"image":{"@id":"https:\/\/www.welovecycling.com\/cs\/2020\/06\/01\/na-kole-detem-ani-pandemie-nezastavi-cyklisty-pomahajici-nejmensim\/#primaryimage"},"thumbnailUrl":"https:\/\/d2p6e6u75xmxt8.cloudfront.net\/13\/2020\/06\/na-kole-d\u011btem-srdce.webp","datePublished":"2020-06-01T17:00:26+00:00","dateModified":"2020-06-08T19:34:29+00:00","author":{"@id":""},"inLanguage":"cs","potentialAction":[{"@type":"ReadAction","target":["https:\/\/www.welovecycling.com\/cs\/2020\/06\/01\/na-kole-detem-ani-pandemie-nezastavi-cyklisty-pomahajici-nejmensim\/"]}]},{"@type":"ImageObject","inLanguage":"cs","@id":"https:\/\/www.welovecycling.com\/cs\/2020\/06\/01\/na-kole-detem-ani-pandemie-nezastavi-cyklisty-pomahajici-nejmensim\/#primaryimage","url":"https:\/\/d2p6e6u75xmxt8.cloudfront.net\/13\/2020\/06\/na-kole-d\u011btem-srdce.webp","contentUrl":"https:\/\/d2p6e6u75xmxt8.cloudfront.net\/13\/2020\/06\/na-kole-d\u011btem-srdce.webp","width":1000,"height":667},{"@type":"WebSite","@id":"https:\/\/www.welovecycling.com\/cs\/#website","url":"https:\/\/www.welovecycling.com\/cs\/","name":"\u0160koda We Love Cycling - \u010cesk\u00e1 republika","description":"WeLoveCycling.cz je online magaz\u00edn, kter\u00fd v\u00e1m pravideln\u011b p\u0159in\u00e1\u0161\u00ed rady a tipy, zaj\u00edmav\u00e9 \u010dl\u00e1nky, videa a jedine\u010dn\u00e9 report\u00e1\u017ee ze sv\u011bta cyklistiky.","potentialAction":[{"@type":"SearchAction","target":{"@type":"EntryPoint","urlTemplate":"https:\/\/www.welovecycling.com\/cs\/?s={search_term_string}"},"query-input":{"@type":"PropertyValueSpecification","valueRequired":true,"valueName":"search_term_string"}}],"inLanguage":"cs"},{"@type":"Person","@id":"","url":"https:\/\/www.welovecycling.com\/cs\/author\/"}]}},"_links":{"self":[{"href":"https:\/\/www.welovecycling.com\/cs\/wp-json\/wp\/v2\/posts\/7465","targetHints":{"allow":["GET"]}}],"collection":[{"href":"https:\/\/www.welovecycling.com\/cs\/wp-json\/wp\/v2\/posts"}],"about":[{"href":"https:\/\/www.welovecycling.com\/cs\/wp-json\/wp\/v2\/types\/post"}],"author":[{"embeddable":true,"href":"https:\/\/www.welovecycling.com\/cs\/wp-json\/wp\/v2\/users\/122"}],"replies":[{"embeddable":true,"href":"https:\/\/www.welovecycling.com\/cs\/wp-json\/wp\/v2\/comments?post=7465"}],"version-history":[{"count":2,"href":"https:\/\/www.welovecycling.com\/cs\/wp-json\/wp\/v2\/posts\/7465\/revisions"}],"predecessor-version":[{"id":7610,"href":"https:\/\/www.welovecycling.com\/cs\/wp-json\/wp\/v2\/posts\/7465\/revisions\/7610"}],"wp:featuredmedia":[{"embeddable":true,"href":"https:\/\/www.welovecycling.com\/cs\/wp-json\/wp\/v2\/media\/7477"}],"wp:attachment":[{"href":"https:\/\/www.welovecycling.com\/cs\/wp-json\/wp\/v2\/media?parent=7465"}],"wp:term":[{"taxonomy":"category","embeddable":true,"href":"https:\/\/www.welovecycling.com\/cs\/wp-json\/wp\/v2\/categories?post=7465"},{"taxonomy":"post_tag","embeddable":true,"href":"https:\/\/www.welovecycling.com\/cs\/wp-json\/wp\/v2\/tags?post=7465"},{"taxonomy":"global-categories","embeddable":true,"href":"https:\/\/www.welovecycling.com\/cs\/wp-json\/wp\/v2\/global-categories?post=7465"}],"curies":[{"name":"wp","href":"https:\/\/api.w.org\/{rel}","templated":true}]}}