{"id":7432,"date":"2020-05-29T07:00:59","date_gmt":"2020-05-29T05:00:59","guid":{"rendered":"https:\/\/www.welovecycling.com\/cs\/?p=7432"},"modified":"2020-06-12T17:01:31","modified_gmt":"2020-06-12T15:01:31","slug":"tip-na-vylet-jiriho-jezka-po-ceskych-hradech-krajem-karla-iv","status":"publish","type":"post","link":"https:\/\/www.welovecycling.com\/cs\/2020\/05\/29\/tip-na-vylet-jiriho-jezka-po-ceskych-hradech-krajem-karla-iv\/","title":{"rendered":"Tip Ji\u0159\u00edho Je\u017eka na cyklov\u00fdlet: po \u010desk\u00fdch hradech krajem Karla IV."},"content":{"rendered":"<p><strong>Tis\u00edce kilometr\u016f najel v\u00a0sedle kola po \u010desk\u00fdch silnic\u00edch. Rodnou zemi z\u00a0bicyklu m\u00e1 nastudovanou t\u00e9m\u011b\u0159 dokonale. \u0160estin\u00e1sobn\u00fd paralympijsk\u00fd \u0161ampion Ji\u0159\u00ed Je\u017eek m\u00e1 v\u00a0\u010cesku vybran\u00e9 trasy pro dlouh\u00e9 a opakovan\u00e9 tr\u00e9ninkov\u00e9 j\u00edzdy, ale dok\u00e1zal si je u\u017e\u00edt i p\u0159i pohodov\u00e9m v\u00fdletu s\u00a0man\u017eelkou a p\u0159\u00e1teli.<\/strong><\/p>\n<p>Pro We Love Cycling vybral nejobl\u00edben\u011bj\u0161\u00ed destinace, mezi nimi\u017e ko\u010doval v\u00a0r\u00e1mci p\u0159\u00edpravy na velk\u00e9 sportovn\u00ed akce. \u201eNelekejte se, pokud pro v\u00e1s bude trasa dlouh\u00e1. Klidn\u011b si vyberte jen \u010d\u00e1st. P\u0159ibli\u017ete se autem, zaparkujte, sedn\u011bte na kolo, a pak u\u017e jen po\u0159\u00e1dn\u011b \u0161l\u00e1pn\u011bte do ped\u00e1l\u016f,\u201c nab\u00e1d\u00e1 Ji\u0159\u00ed Je\u017eek.<\/p>\n<h2><strong>Cyklostezka z b\u00fdval\u00e9 \u017eelezni\u010dn\u00ed vle\u010dky<\/strong><\/h2>\n<p>V prvn\u00edm z d\u00edl\u016f p\u011bta\u010dty\u0159icetilet\u00fd nej\u00fasp\u011b\u0161n\u011bj\u0161\u00ed paralympionik v\u0161ech dob p\u0159ibli\u017euje trasu Praha-L\u00e1ny-K\u0159ivokl\u00e1t-To\u010dn\u00edk-\u017debr\u00e1k-Karl\u0161tejn-Praha. M\u011b\u0159\u00ed p\u0159ibli\u017en\u011b sto osmdes\u00e1t kilometr\u016f, zahrnuje par\u00e1dn\u00ed stoup\u00e1n\u00ed a nab\u00edz\u00ed jedine\u010dn\u00e9 panoramatick\u00e9 v\u00fdhledy. \u201eHlavn\u011b se nelekejte velk\u00e9 porce kilometr\u016f. Je pochopiteln\u011b mo\u017en\u00e9 absolvovat jen \u010d\u00e1st, kter\u00e1 v\u00e1m bude nejv\u00edce vyhovovat a hlavn\u011b si u\u017e\u00edt \u010das v sedle kola,&#8220; p\u0159ipom\u00edn\u00e1 Je\u017eek, \u017ee z\u00e1kladem je vyrazit a nesed\u011bt doma.<\/p>\n<div class=\"shortcode-ys-post-pinup\"><article class=\"loop-simple post-7372 post type-post status-publish format-standard has-post-thumbnail hentry category-horska-cyklistika tag-everest-challenge tag-everesting tag-jaroslav-kulhavy global-categories-cycling\" data-postid=\"7372\" role=\"article\" data-post-id=\"7372\" data-word-count=\"493\" data-headline-length=\"84\" data-category=\"Horsk\u00e1 cyklistika\" data-global-category=\"Cycling\" data-author=\"Radek Malina\" data-published=\"2020-05-27T07:00:44+02:00\" data-published-day=\"Wednesday\">\n    <div class=\"entry-thumbnail article-thumbnail\" content=\"https:\/\/d2p6e6u75xmxt8.cloudfront.net\/13\/2020\/05\/WLC-kulhav\u00fd-everest-lys\u00e1-hora-2-150x150.webp\"><a href=\"https:\/\/www.welovecycling.com\/cs\/2020\/05\/27\/everesting-je-vyjimecny-stejne-jako-kulhavy-klani-se-reprezentacni-trener\/\" class=\"image-holder\" target=\"_self\"><img decoding=\"async\" loading=\"lazy\" class=\"\" src=\"https:\/\/d2p6e6u75xmxt8.cloudfront.net\/13\/2020\/05\/WLC-kulhav\u00fd-everest-lys\u00e1-hora-2-1024x683.webp\" srcset=\"https:\/\/d2p6e6u75xmxt8.cloudfront.net\/13\/2020\/05\/WLC-kulhav\u00fd-everest-lys\u00e1-hora-2.webp 1600w, https:\/\/d2p6e6u75xmxt8.cloudfront.net\/13\/2020\/05\/WLC-kulhav\u00fd-everest-lys\u00e1-hora-2-300x200.webp 300w, https:\/\/d2p6e6u75xmxt8.cloudfront.net\/13\/2020\/05\/WLC-kulhav\u00fd-everest-lys\u00e1-hora-2-1024x683.webp 1024w, https:\/\/d2p6e6u75xmxt8.cloudfront.net\/13\/2020\/05\/WLC-kulhav\u00fd-everest-lys\u00e1-hora-2-768x512.webp 768w, https:\/\/d2p6e6u75xmxt8.cloudfront.net\/13\/2020\/05\/WLC-kulhav\u00fd-everest-lys\u00e1-hora-2-1536x1024.webp 1536w, https:\/\/d2p6e6u75xmxt8.cloudfront.net\/13\/2020\/05\/WLC-kulhav\u00fd-everest-lys\u00e1-hora-2-272x182.webp 272w\" width=\"1024\" height=\"683\" sizes=\"auto, (min-width: 1200px) 300px, (min-width: 768px) 25vw, 100vw\" alt=\"everesting-je-vyjimecny-stejne-jako-kulhavy-klani-se-reprezentacni-trener\"\/><\/a><\/div>    <div class=\"entry-meta\">\n        <a class=\"label label-secondary post-category\" href=\"https:\/\/www.welovecycling.com\/cs\/category\/horska-cyklistika\/\" title=\"Horsk\u00e1 cyklistika\">Horsk\u00e1 cyklistika<\/a>\n    <\/div>\n    <div class=\"entry-details\">\n        <a href=\"https:\/\/www.welovecycling.com\/cs\/2020\/05\/27\/everesting-je-vyjimecny-stejne-jako-kulhavy-klani-se-reprezentacni-trener\/\" class='entry-title-wrapper'>\n            <h3 class=\"entry-title\"><span>Everesting je v\u00fdjime\u010dn\u00fd. Stejn\u011b jako Kulhav\u00fd, klan\u00ed se reprezenta\u010dn\u00ed tren\u00e9r<\/span><\/h3>\n        <\/a>\n    <\/div>\n    <\/article>\n<\/div>\n<p>\u201eTuhle trasu jsem jezdil asi nej\u010dast\u011bji. V r\u016fzn\u00fdch obm\u011bn\u00e1ch, v r\u016fzn\u00fdch sm\u011brech. Kolem Prahy je na\u0161t\u011bst\u00ed hust\u00e1 s\u00ed\u0165 klidn\u00fdch okresn\u00edch silnic, tak\u017ee tr\u00e9ninky jsem si mohl r\u016fzn\u011b upravovat a m\u011bnit. Podle n\u00e1lady, podle sm\u011bru v\u011btru nebo podle de\u0161\u0165ov\u00fdch mrak\u016f,\u201c komentuje Je\u017eek prvn\u00ed z doporu\u010den\u00fdch tip\u016f.<\/p>\n<p><a href=\"https:\/\/d2p6e6u75xmxt8.cloudfront.net\/13\/2020\/04\/je\u017eek-ji\u0159\u00ed-1.jpg\"><img loading=\"lazy\" decoding=\"async\" class=\"alignnone size-extra-large wp-image-6810\" src=\"https:\/\/d2p6e6u75xmxt8.cloudfront.net\/13\/2020\/04\/je\u017eek-ji\u0159\u00ed-1-1920x1280.jpg\" alt=\"\" width=\"1920\" height=\"1280\" \/><\/a><\/p>\n<p>\u201eZ pra\u017esk\u00fdch Dejvic, kde jsem od d\u011btstv\u00ed bydlel, vyr\u00e1\u017e\u00edm p\u0159es O\u0159echovku na Vypich a odtud p\u0159es \u0158epy po star\u00e9 plze\u0148sk\u00e9 silnici do Rudn\u00e9. D\u00e1l vede trasa p\u0159es Unho\u0161\u0165 a Velkou Dobrou a\u017e do Kladna. Z Kladna se vyd\u00e1me k n\u00e1dra\u017e\u00ed Kamenn\u00e9 \u017dehrovice, u kter\u00e9ho se napoj\u00edme na novou kr\u00e1snou cyklostezku 8185 vybudovanou z b\u00fdval\u00e9 \u017eelezni\u010dn\u00ed vle\u010dky sm\u011brem na Tuchlovice a L\u00e1ny,\u201c vypravuje Je\u017eek, \u017ee se nezdr\u00e1h\u00e1 pou\u017e\u00edt cyklostezky, nad nimi\u017e mnoho profesion\u00e1l\u016f ohrnuje nos.<\/p>\n<div class=\"shortcode-ys-post-pinup\"><article class=\"loop-simple post-7249 post type-post status-publish format-standard has-post-thumbnail hentry category-silnicni-cyklistika tag-cyklistika tag-karel-vacek tag-silnicni-cyklistika global-categories-cycling\" data-postid=\"7249\" role=\"article\" data-post-id=\"7249\" data-word-count=\"687\" data-headline-length=\"97\" data-category=\"Silni\u010dn\u00ed cyklistika\" data-global-category=\"Cycling\" data-author=\"Adam Bouda\" data-published=\"2020-05-23T07:00:17+02:00\" data-published-day=\"Saturday\">\n    <div class=\"entry-thumbnail article-thumbnail\" content=\"https:\/\/d2p6e6u75xmxt8.cloudfront.net\/13\/2019\/06\/vycerpany-karel-vacek-150x150.webp\"><a href=\"https:\/\/www.welovecycling.com\/cs\/2020\/05\/23\/dolce-vita-karla-vacka-proc-talentovany-reprezentant-miluje-zivot-na-apeninskem-poloostrove\/\" class=\"image-holder\" target=\"_self\"><img decoding=\"async\" loading=\"lazy\" class=\"\" src=\"https:\/\/d2p6e6u75xmxt8.cloudfront.net\/13\/2019\/06\/vycerpany-karel-vacek-1024x684.webp\" srcset=\"https:\/\/d2p6e6u75xmxt8.cloudfront.net\/13\/2019\/06\/vycerpany-karel-vacek.webp 2400w, https:\/\/d2p6e6u75xmxt8.cloudfront.net\/13\/2019\/06\/vycerpany-karel-vacek-300x200.webp 300w, https:\/\/d2p6e6u75xmxt8.cloudfront.net\/13\/2019\/06\/vycerpany-karel-vacek-1024x684.webp 1024w, https:\/\/d2p6e6u75xmxt8.cloudfront.net\/13\/2019\/06\/vycerpany-karel-vacek-768x513.webp 768w, https:\/\/d2p6e6u75xmxt8.cloudfront.net\/13\/2019\/06\/vycerpany-karel-vacek-1536x1025.webp 1536w, https:\/\/d2p6e6u75xmxt8.cloudfront.net\/13\/2019\/06\/vycerpany-karel-vacek-2048x1367.webp 2048w, https:\/\/d2p6e6u75xmxt8.cloudfront.net\/13\/2019\/06\/vycerpany-karel-vacek-1920x1282.webp 1920w, https:\/\/d2p6e6u75xmxt8.cloudfront.net\/13\/2019\/06\/vycerpany-karel-vacek-272x182.webp 272w, https:\/\/d2p6e6u75xmxt8.cloudfront.net\/13\/2019\/06\/vycerpany-karel-vacek-1920x1282.webp 1920w\" width=\"1024\" height=\"684\" sizes=\"auto, (min-width: 1200px) 300px, (min-width: 768px) 25vw, 100vw\" alt=\"dolce-vita-karla-vacka-proc-talentovany-reprezentant-miluje-zivot-na-apeninskem-poloostrove\"\/><\/a><\/div>    <div class=\"entry-meta\">\n        <a class=\"label label-secondary post-category\" href=\"https:\/\/www.welovecycling.com\/cs\/category\/silnicni-cyklistika\/\" title=\"Silni\u010dn\u00ed cyklistika\">Silni\u010dn\u00ed cyklistika<\/a>\n    <\/div>\n    <div class=\"entry-details\">\n        <a href=\"https:\/\/www.welovecycling.com\/cs\/2020\/05\/23\/dolce-vita-karla-vacka-proc-talentovany-reprezentant-miluje-zivot-na-apeninskem-poloostrove\/\" class='entry-title-wrapper'>\n            <h3 class=\"entry-title\"><span>Dolce vita Karla Vacka. Pro\u010d talentovan\u00fd reprezentant miluje \u017eivot na Apeninsk\u00e9m poloostrov\u011b<\/span><\/h3>\n        <\/a>\n    <\/div>\n    <\/article>\n<\/div>\n<p>\u201eNa konci cyklostezky mus\u00edme projet p\u0159ibli\u017en\u011b sto metr\u016f lesn\u00ed cesty, ale jde to v\u00a0klidu zvl\u00e1dnout a jde o fajn zpest\u0159en\u00ed. Do L\u00e1n p\u0159ijedeme op\u011bt po asfaltov\u00e9 lesn\u00ed cest\u011b pod\u00e9l L\u00e1nsk\u00e9 obory,\u201c popisuje Je\u017eek. \u201eS\u00eddlo \u010deskoslovensk\u00fdch a \u010desk\u00fdch prezident\u016f sice nen\u00ed hrad, ale je to s\u00eddlo novodob\u00fdch panovn\u00edk\u016f, tak jsem si ho dovolil za\u0159adit mezi \u010desk\u00e9 hrady,\u201c usm\u00edv\u00e1 se Je\u017eek.<\/p>\n<h2><strong>Pod hradem K\u0159ivokl\u00e1t k Berounce<\/strong><\/h2>\n<p>\u201eP\u0159ilehl\u00e1 L\u00e1nsk\u00e1 obora je vlastn\u011b u\u017e p\u0159edzv\u011bst\u00ed Chr\u00e1n\u011bn\u00e9 krajinn\u00e9 oblasti K\u0159ivokl\u00e1tsko. Silnice pod\u00e9l obory sm\u011brem na K\u0159ivokl\u00e1t je kr\u00e1sn\u00fdm \u00fasekem cesty. Tu si prodlou\u017e\u00edme p\u0159es Nov\u00e9 Dvory a M\u011bste\u010dko. Pod hradem K\u0159ivokl\u00e1t projedeme a\u017e k \u0159ece Berounce, od kter\u00e9 mus\u00edme vystoupat na Karlovu Ves a Karlov,\u201c popisuje Je\u017eek spektakul\u00e1rn\u00ed \u010d\u00e1st cesty vedouc\u00ed hlubok\u00fdmi k\u0159ivokl\u00e1tsk\u00fdmi hvozdy.<\/p>\n<figure id=\"attachment_7437\" aria-describedby=\"caption-attachment-7437\" style=\"width: 1800px\" class=\"wp-caption alignnone\"><a href=\"https:\/\/d2p6e6u75xmxt8.cloudfront.net\/13\/2020\/05\/hrad-k\u0159ivokl\u00e1t.jpg\"><img loading=\"lazy\" decoding=\"async\" class=\"size-full wp-image-7437\" src=\"https:\/\/d2p6e6u75xmxt8.cloudfront.net\/13\/2020\/05\/hrad-k\u0159ivokl\u00e1t.jpg\" alt=\"Hrad K\u0159ivokl\u00e1t je skv\u011blou destinac\u00ed pro cyklistick\u00fd v\u00fdlet. Foto: profimedia\" width=\"1800\" height=\"1200\" \/><\/a><figcaption id=\"caption-attachment-7437\" class=\"wp-caption-text\"><em>Hrad K\u0159ivokl\u00e1t je skv\u011blou destinac\u00ed pro cyklistick\u00fd v\u00fdlet. Foto: profimedia<\/em><\/figcaption><\/figure>\n<p>Rovn\u011b\u017e mezi Karlovou Vs\u00ed a Karlovem se m\u016f\u017eete kochat kr\u00e1sn\u00fdm v\u00fdhledem. Ale zdaleka nejste je\u0161t\u011b v\u00a0c\u00edli a po\u0159\u00e1d v\u00e1s \u010dekaj\u00ed mimo\u0159\u00e1dn\u00e9 z\u00e1\u017eitky. \u201eVyd\u00e1me se sm\u011brem na To\u010dn\u00edk a \u017debr\u00e1k, kde budeme m\u00edjet stejnojmenn\u00e9 hrady. Dostaneme se op\u011bt na starou plze\u0148skou silnici, po n\u00ed\u017e budeme \u0161lapat p\u0159es Zdice na Beroun,\u201c l\u00ed\u010d\u00ed Je\u017eek, jak putoval do kr\u00e1lovsk\u00e9ho m\u011bsta na soutoku Berounky a Litavky.<\/p>\n<h2><strong>Z kr\u00e1lovsk\u00e9ho m\u011bsta na Karl\u0161tejn<\/strong><\/h2>\n<p>\u201eNa konci Zdic m\u016f\u017eeme odbo\u010dit vpravo a vyu\u017e\u00edt cyklostezku nazvanou Po stop\u00e1ch \u010desk\u00fdch kr\u00e1l\u016f, kter\u00e1 kop\u00edruje d\u00e1lnici D5. Z Berouna zam\u00ed\u0159\u00edme p\u0159es Srbsko na Karl\u0161tejn. I tenhle \u00fasek pod\u00e9l Berounky je velice atraktivn\u00ed, stejn\u011b jako jedna z na\u0161ich nejzn\u00e1m\u011bj\u0161\u00edch pam\u00e1tek doby Karla IV.,\u201c l\u00e1k\u00e1 cyklisty na mimo\u0159\u00e1dn\u00e9 v\u00fdhledy Je\u017eek.<\/p>\n<figure id=\"attachment_6910\" aria-describedby=\"caption-attachment-6910\" style=\"width: 1920px\" class=\"wp-caption alignnone\"><a href=\"https:\/\/d2p6e6u75xmxt8.cloudfront.net\/13\/2020\/04\/kristian-hynek-martin-sto\u0161ek-karl\u0161tejn.jpg\"><img loading=\"lazy\" decoding=\"async\" class=\"size-extra-large wp-image-6910\" src=\"https:\/\/d2p6e6u75xmxt8.cloudfront.net\/13\/2020\/04\/kristian-hynek-martin-sto\u0161ek-karl\u0161tejn-1920x1280.jpg\" alt=\"Kristian Hynek (vlevo) a Martin Sto\u0161ek na okruhu 13 kopc\u016f s hradem Karl\u0161tejn za z\u00e1dy. Foto: Michal \u010cerven\u00fd\" width=\"1920\" height=\"1280\" \/><\/a><figcaption id=\"caption-attachment-6910\" class=\"wp-caption-text\"><em>Hrad Karl\u0161tejn pat\u0159\u00ed k vyhled\u00e1van\u00fdm c\u00edl\u016fm mnoha cyklistick\u00fdch v\u00fdlet\u016f. Foto: Michal \u010cerven\u00fd<\/em><\/figcaption><\/figure>\n<p>\u201ePokud jste se rozhodli absolvovat kompletn\u00ed okruh, z Karl\u0161tejna u\u017e z\u00e1le\u017e\u00ed na ka\u017ed\u00e9m jednotlivci, jak doraz\u00ed do Prahy. Variant je spousta. V\u010detn\u011b ka\u017edou chv\u00edli jezd\u00edc\u00edho vlaku,\u201c cul\u00ed se Je\u017eek, \u017ee zmo\u017een\u00fdm noh\u00e1m m\u016f\u017eete ulevit i pomoc\u00ed hromadn\u00e9 dopravy.<\/p>\n","protected":false},"excerpt":{"rendered":"<p>Tis\u00edce kilometr\u016f najel v\u00a0sedle kola po \u010desk\u00fdch silnic\u00edch. Rodnou zemi z\u00a0bicyklu m\u00e1 nastudovanou t\u00e9m\u011b\u0159 dokonale. \u0160estin\u00e1sobn\u00fd paralympijsk\u00fd \u0161ampion Ji\u0159\u00ed Je\u017eek [&hellip;]<\/p>\n","protected":false},"author":122,"featured_media":4460,"comment_status":"open","ping_status":"open","sticky":false,"template":"","format":"standard","meta":{"footnotes":""},"categories":[167,660,6],"tags":[117,228,130,149,27],"global-categories":[411],"class_list":["post-7432","post","type-post","status-publish","format-standard","has-post-thumbnail","hentry","category-tipy-na-vylet","category-https-www-welovecycling-com-cs-category-zabava","category-zdravi-a-trenink","tag-cyklotrasy","tag-cyklovylet","tag-jiri-jezek","tag-tip-na-cyklovylet","tag-trenink","global-categories-cycling"],"yoast_head":"<!-- This site is optimized with the Yoast SEO Premium plugin v25.3 (Yoast SEO v25.9) - https:\/\/yoast.com\/wordpress\/plugins\/seo\/ -->\n<title>Tip Ji\u0159\u00edho Je\u017eka na cyklov\u00fdlet: po \u010desk\u00fdch hradech krajem Karla IV. | \u0160koda We Love Cycling - \u010cesk\u00e1 republika<\/title>\n<meta name=\"robots\" content=\"index, follow, max-snippet:-1, max-image-preview:large, max-video-preview:-1\" \/>\n<link rel=\"canonical\" href=\"https:\/\/www.welovecycling.com\/cs\/2020\/05\/29\/tip-na-vylet-jiriho-jezka-po-ceskych-hradech-krajem-karla-iv\/\" \/>\n<meta property=\"og:locale\" content=\"cs_CZ\" \/>\n<meta property=\"og:type\" content=\"article\" \/>\n<meta property=\"og:title\" content=\"Tip Ji\u0159\u00edho Je\u017eka na cyklov\u00fdlet: po \u010desk\u00fdch hradech krajem Karla IV.\" \/>\n<meta property=\"og:description\" content=\"Tis\u00edce kilometr\u016f najel v\u00a0sedle kola po \u010desk\u00fdch silnic\u00edch. Rodnou zemi z\u00a0bicyklu m\u00e1 nastudovanou t\u00e9m\u011b\u0159 dokonale. \u0160estin\u00e1sobn\u00fd paralympijsk\u00fd \u0161ampion Ji\u0159\u00ed Je\u017eek [&hellip;]\" \/>\n<meta property=\"og:url\" content=\"https:\/\/www.welovecycling.com\/cs\/2020\/05\/29\/tip-na-vylet-jiriho-jezka-po-ceskych-hradech-krajem-karla-iv\/\" \/>\n<meta property=\"og:site_name\" content=\"\u0160koda We Love Cycling - \u010cesk\u00e1 republika\" \/>\n<meta property=\"article:published_time\" content=\"2020-05-29T05:00:59+00:00\" \/>\n<meta property=\"article:modified_time\" content=\"2020-06-12T15:01:31+00:00\" \/>\n<meta property=\"og:image\" content=\"https:\/\/d2p6e6u75xmxt8.cloudfront.net\/13\/2019\/10\/JK_20190313_WE_LOVE_CYCLING_BEZDEZ_0027-scaled.webp\" \/>\n\t<meta property=\"og:image:width\" content=\"2560\" \/>\n\t<meta property=\"og:image:height\" content=\"1707\" \/>\n\t<meta property=\"og:image:type\" content=\"image\/webp\" \/>\n<meta name=\"twitter:card\" content=\"summary_large_image\" \/>\n<meta name=\"twitter:label1\" content=\"Written by\" \/>\n\t<meta name=\"twitter:data1\" content=\"Adam Bouda\" \/>\n\t<meta name=\"twitter:label2\" content=\"Est. reading time\" \/>\n\t<meta name=\"twitter:data2\" content=\"8\" \/>\n<script type=\"application\/ld+json\" class=\"yoast-schema-graph\">{\"@context\":\"https:\/\/schema.org\",\"@graph\":[{\"@type\":\"WebPage\",\"@id\":\"https:\/\/www.welovecycling.com\/cs\/2020\/05\/29\/tip-na-vylet-jiriho-jezka-po-ceskych-hradech-krajem-karla-iv\/\",\"url\":\"https:\/\/www.welovecycling.com\/cs\/2020\/05\/29\/tip-na-vylet-jiriho-jezka-po-ceskych-hradech-krajem-karla-iv\/\",\"name\":\"Tip Ji\u0159\u00edho Je\u017eka na cyklov\u00fdlet: po \u010desk\u00fdch hradech krajem Karla IV. | \u0160koda We Love Cycling - \u010cesk\u00e1 republika\",\"isPartOf\":{\"@id\":\"https:\/\/www.welovecycling.com\/cs\/#website\"},\"primaryImageOfPage\":{\"@id\":\"https:\/\/www.welovecycling.com\/cs\/2020\/05\/29\/tip-na-vylet-jiriho-jezka-po-ceskych-hradech-krajem-karla-iv\/#primaryimage\"},\"image\":{\"@id\":\"https:\/\/www.welovecycling.com\/cs\/2020\/05\/29\/tip-na-vylet-jiriho-jezka-po-ceskych-hradech-krajem-karla-iv\/#primaryimage\"},\"thumbnailUrl\":\"https:\/\/d2p6e6u75xmxt8.cloudfront.net\/13\/2019\/10\/JK_20190313_WE_LOVE_CYCLING_BEZDEZ_0027-scaled.webp\",\"datePublished\":\"2020-05-29T05:00:59+00:00\",\"dateModified\":\"2020-06-12T15:01:31+00:00\",\"author\":{\"@id\":\"\"},\"inLanguage\":\"cs\",\"potentialAction\":[{\"@type\":\"ReadAction\",\"target\":[\"https:\/\/www.welovecycling.com\/cs\/2020\/05\/29\/tip-na-vylet-jiriho-jezka-po-ceskych-hradech-krajem-karla-iv\/\"]}]},{\"@type\":\"ImageObject\",\"inLanguage\":\"cs\",\"@id\":\"https:\/\/www.welovecycling.com\/cs\/2020\/05\/29\/tip-na-vylet-jiriho-jezka-po-ceskych-hradech-krajem-karla-iv\/#primaryimage\",\"url\":\"https:\/\/d2p6e6u75xmxt8.cloudfront.net\/13\/2019\/10\/JK_20190313_WE_LOVE_CYCLING_BEZDEZ_0027-scaled.webp\",\"contentUrl\":\"https:\/\/d2p6e6u75xmxt8.cloudfront.net\/13\/2019\/10\/JK_20190313_WE_LOVE_CYCLING_BEZDEZ_0027-scaled.webp\",\"width\":2560,\"height\":1707,\"caption\":\"Ji\u0159\u00ed Je\u017eek.\"},{\"@type\":\"WebSite\",\"@id\":\"https:\/\/www.welovecycling.com\/cs\/#website\",\"url\":\"https:\/\/www.welovecycling.com\/cs\/\",\"name\":\"\u0160koda We Love Cycling - \u010cesk\u00e1 republika\",\"description\":\"WeLoveCycling.cz je online magaz\u00edn, kter\u00fd v\u00e1m pravideln\u011b p\u0159in\u00e1\u0161\u00ed rady a tipy, zaj\u00edmav\u00e9 \u010dl\u00e1nky, videa a jedine\u010dn\u00e9 report\u00e1\u017ee ze sv\u011bta cyklistiky.\",\"potentialAction\":[{\"@type\":\"SearchAction\",\"target\":{\"@type\":\"EntryPoint\",\"urlTemplate\":\"https:\/\/www.welovecycling.com\/cs\/?s={search_term_string}\"},\"query-input\":{\"@type\":\"PropertyValueSpecification\",\"valueRequired\":true,\"valueName\":\"search_term_string\"}}],\"inLanguage\":\"cs\"},{\"@type\":\"Person\",\"@id\":\"\",\"url\":\"https:\/\/www.welovecycling.com\/cs\/author\/\"}]}<\/script>\n<!-- \/ Yoast SEO Premium plugin. -->","yoast_head_json":{"title":"Tip Ji\u0159\u00edho Je\u017eka na cyklov\u00fdlet: po \u010desk\u00fdch hradech krajem Karla IV. | \u0160koda We Love Cycling - \u010cesk\u00e1 republika","robots":{"index":"index","follow":"follow","max-snippet":"max-snippet:-1","max-image-preview":"max-image-preview:large","max-video-preview":"max-video-preview:-1"},"canonical":"https:\/\/www.welovecycling.com\/cs\/2020\/05\/29\/tip-na-vylet-jiriho-jezka-po-ceskych-hradech-krajem-karla-iv\/","og_locale":"cs_CZ","og_type":"article","og_title":"Tip Ji\u0159\u00edho Je\u017eka na cyklov\u00fdlet: po \u010desk\u00fdch hradech krajem Karla IV.","og_description":"Tis\u00edce kilometr\u016f najel v\u00a0sedle kola po \u010desk\u00fdch silnic\u00edch. Rodnou zemi z\u00a0bicyklu m\u00e1 nastudovanou t\u00e9m\u011b\u0159 dokonale. \u0160estin\u00e1sobn\u00fd paralympijsk\u00fd \u0161ampion Ji\u0159\u00ed Je\u017eek [&hellip;]","og_url":"https:\/\/www.welovecycling.com\/cs\/2020\/05\/29\/tip-na-vylet-jiriho-jezka-po-ceskych-hradech-krajem-karla-iv\/","og_site_name":"\u0160koda We Love Cycling - \u010cesk\u00e1 republika","article_published_time":"2020-05-29T05:00:59+00:00","article_modified_time":"2020-06-12T15:01:31+00:00","og_image":[{"width":2560,"height":1707,"url":"https:\/\/d2p6e6u75xmxt8.cloudfront.net\/13\/2019\/10\/JK_20190313_WE_LOVE_CYCLING_BEZDEZ_0027-scaled.webp","type":"image\/webp"}],"twitter_card":"summary_large_image","twitter_misc":{"Written by":"Adam Bouda","Est. reading time":"8"},"schema":{"@context":"https:\/\/schema.org","@graph":[{"@type":"WebPage","@id":"https:\/\/www.welovecycling.com\/cs\/2020\/05\/29\/tip-na-vylet-jiriho-jezka-po-ceskych-hradech-krajem-karla-iv\/","url":"https:\/\/www.welovecycling.com\/cs\/2020\/05\/29\/tip-na-vylet-jiriho-jezka-po-ceskych-hradech-krajem-karla-iv\/","name":"Tip Ji\u0159\u00edho Je\u017eka na cyklov\u00fdlet: po \u010desk\u00fdch hradech krajem Karla IV. | \u0160koda We Love Cycling - \u010cesk\u00e1 republika","isPartOf":{"@id":"https:\/\/www.welovecycling.com\/cs\/#website"},"primaryImageOfPage":{"@id":"https:\/\/www.welovecycling.com\/cs\/2020\/05\/29\/tip-na-vylet-jiriho-jezka-po-ceskych-hradech-krajem-karla-iv\/#primaryimage"},"image":{"@id":"https:\/\/www.welovecycling.com\/cs\/2020\/05\/29\/tip-na-vylet-jiriho-jezka-po-ceskych-hradech-krajem-karla-iv\/#primaryimage"},"thumbnailUrl":"https:\/\/d2p6e6u75xmxt8.cloudfront.net\/13\/2019\/10\/JK_20190313_WE_LOVE_CYCLING_BEZDEZ_0027-scaled.webp","datePublished":"2020-05-29T05:00:59+00:00","dateModified":"2020-06-12T15:01:31+00:00","author":{"@id":""},"inLanguage":"cs","potentialAction":[{"@type":"ReadAction","target":["https:\/\/www.welovecycling.com\/cs\/2020\/05\/29\/tip-na-vylet-jiriho-jezka-po-ceskych-hradech-krajem-karla-iv\/"]}]},{"@type":"ImageObject","inLanguage":"cs","@id":"https:\/\/www.welovecycling.com\/cs\/2020\/05\/29\/tip-na-vylet-jiriho-jezka-po-ceskych-hradech-krajem-karla-iv\/#primaryimage","url":"https:\/\/d2p6e6u75xmxt8.cloudfront.net\/13\/2019\/10\/JK_20190313_WE_LOVE_CYCLING_BEZDEZ_0027-scaled.webp","contentUrl":"https:\/\/d2p6e6u75xmxt8.cloudfront.net\/13\/2019\/10\/JK_20190313_WE_LOVE_CYCLING_BEZDEZ_0027-scaled.webp","width":2560,"height":1707,"caption":"Ji\u0159\u00ed Je\u017eek."},{"@type":"WebSite","@id":"https:\/\/www.welovecycling.com\/cs\/#website","url":"https:\/\/www.welovecycling.com\/cs\/","name":"\u0160koda We Love Cycling - \u010cesk\u00e1 republika","description":"WeLoveCycling.cz je online magaz\u00edn, kter\u00fd v\u00e1m pravideln\u011b p\u0159in\u00e1\u0161\u00ed rady a tipy, zaj\u00edmav\u00e9 \u010dl\u00e1nky, videa a jedine\u010dn\u00e9 report\u00e1\u017ee ze sv\u011bta cyklistiky.","potentialAction":[{"@type":"SearchAction","target":{"@type":"EntryPoint","urlTemplate":"https:\/\/www.welovecycling.com\/cs\/?s={search_term_string}"},"query-input":{"@type":"PropertyValueSpecification","valueRequired":true,"valueName":"search_term_string"}}],"inLanguage":"cs"},{"@type":"Person","@id":"","url":"https:\/\/www.welovecycling.com\/cs\/author\/"}]}},"_links":{"self":[{"href":"https:\/\/www.welovecycling.com\/cs\/wp-json\/wp\/v2\/posts\/7432","targetHints":{"allow":["GET"]}}],"collection":[{"href":"https:\/\/www.welovecycling.com\/cs\/wp-json\/wp\/v2\/posts"}],"about":[{"href":"https:\/\/www.welovecycling.com\/cs\/wp-json\/wp\/v2\/types\/post"}],"author":[{"embeddable":true,"href":"https:\/\/www.welovecycling.com\/cs\/wp-json\/wp\/v2\/users\/122"}],"replies":[{"embeddable":true,"href":"https:\/\/www.welovecycling.com\/cs\/wp-json\/wp\/v2\/comments?post=7432"}],"version-history":[{"count":2,"href":"https:\/\/www.welovecycling.com\/cs\/wp-json\/wp\/v2\/posts\/7432\/revisions"}],"predecessor-version":[{"id":7709,"href":"https:\/\/www.welovecycling.com\/cs\/wp-json\/wp\/v2\/posts\/7432\/revisions\/7709"}],"wp:featuredmedia":[{"embeddable":true,"href":"https:\/\/www.welovecycling.com\/cs\/wp-json\/wp\/v2\/media\/4460"}],"wp:attachment":[{"href":"https:\/\/www.welovecycling.com\/cs\/wp-json\/wp\/v2\/media?parent=7432"}],"wp:term":[{"taxonomy":"category","embeddable":true,"href":"https:\/\/www.welovecycling.com\/cs\/wp-json\/wp\/v2\/categories?post=7432"},{"taxonomy":"post_tag","embeddable":true,"href":"https:\/\/www.welovecycling.com\/cs\/wp-json\/wp\/v2\/tags?post=7432"},{"taxonomy":"global-categories","embeddable":true,"href":"https:\/\/www.welovecycling.com\/cs\/wp-json\/wp\/v2\/global-categories?post=7432"}],"curies":[{"name":"wp","href":"https:\/\/api.w.org\/{rel}","templated":true}]}}