{"id":7395,"date":"2020-06-01T06:00:28","date_gmt":"2020-06-01T04:00:28","guid":{"rendered":"https:\/\/www.welovecycling.com\/cs\/?p=7395"},"modified":"2020-06-05T23:52:55","modified_gmt":"2020-06-05T21:52:55","slug":"karla-stepanova-behem-nucene-pauzy-trenink-pekelny-maraton-i-vyroba-kabelky","status":"publish","type":"post","link":"https:\/\/www.welovecycling.com\/cs\/2020\/06\/01\/karla-stepanova-behem-nucene-pauzy-trenink-pekelny-maraton-i-vyroba-kabelky\/","title":{"rendered":"Karla \u0160t\u011bp\u00e1nov\u00e1 b\u011bhem nucen\u00e9 pauzy: tr\u00e9nink, pekeln\u00fd maraton i v\u00fdroba kabelky"},"content":{"rendered":"<p><strong>Pekeln\u00fd maraton dlouh\u00fd 160 kilometr\u016f, p\u0159i n\u011bm\u017e pro\u017eila v sedle kola dvan\u00e1ct hodin. Tr\u00e9nink. A tak\u00e9 v\u00fdroba ko\u017een\u00e9 kabelky, co\u017e je kon\u00ed\u010dek, na n\u011bj\u017e v b\u011b\u017en\u00e9 sezon\u011b nen\u00ed tolik \u010dasu. Bikerka t\u00fdmu Maloja Pushbikers Karla \u0160t\u011bp\u00e1nov\u00e1 se ani v dob\u011b bez sout\u011b\u017en\u00edho programu zp\u016fsoben\u00e9 pandemi\u00ed koronaviru rozhodn\u011b nenud\u00ed, co\u017e popisuje v rozhovoru pro We Love Cycling.<\/strong><\/p>\n<h2><strong>Sn\u00e1\u0161\u00edte dobu bez z\u00e1vod\u016f hodn\u011b t\u011b\u017ece?<\/strong><\/h2>\n<p>Ze za\u010d\u00e1tku to bylo nep\u0159\u00edjemn\u00fd, proto\u017ee jsme se vraceli ze soust\u0159ed\u011bn\u00ed na Kan\u00e1rech a museli jsme b\u00fdt dva t\u00fddny v karant\u00e9n\u011b. To byl trochu opruz, ale p\u0159e\u017e\u00edt se to dalo. Nev\u00edm, \u017ee bych n\u011bkdy byla dva t\u00fddny v kuse jen doma. Z\u00e1vody mi chyb\u00ed, ale situace je pro v\u0161echny stejn\u00e1. A v n\u011bkter\u00fdch zem\u00edch na tom byli daleko h\u016f\u0159. P\u0159ijde mi docela komick\u00e9, jak n\u011bkte\u0159\u00ed sportovci \u0159\u00edkaj\u00ed, \u017ee ztratili motivaci. To nech\u00e1pu. Jezdit na kole m\u016f\u017eu, tak o co jde? D\u011bl\u00e1m svoj\u00ed pr\u00e1ci, jen nez\u00e1vod\u00edm. A mohla jsem si dod\u011blat aspo\u0148 n\u011bjak\u00e9 resty.<\/p>\n<h2><strong>Jak\u00e9 konkr\u00e9tn\u011b?<\/strong><\/h2>\n<p>Cht\u011bla jsem t\u0159eba uklidit sk\u0159\u00edn\u011b, co\u017e jsem samoz\u0159ejm\u011b neud\u011blala&#8230; Ale dod\u011blala jsem n\u011bjak\u00e9 svoje projekty ohledn\u011b v\u00fdroby v\u011bc\u00ed z k\u016f\u017ee. Pro m\u011b to byl skv\u011bl\u00fd relax. Myslela jsem na \u0161it\u00ed, ud\u011blala jsem dv\u011b rozd\u011blan\u00e9 pen\u011b\u017eenky, n\u011bjak\u00e9 p\u00e1sky k hodink\u00e1m, a pak hlavn\u011b kabelku. Na tu jsem docela py\u0161n\u00e1, v\u0161echny \u0161ablony jsem si d\u011blala sama. Cht\u011bla jsem si to vyzkou\u0161et, tak\u017ee jsem si ji asi dvakr\u00e1t vzala, abych v\u011bd\u011bla, jak sed\u00ed.<\/p>\n<figure id=\"attachment_7398\" aria-describedby=\"caption-attachment-7398\" style=\"width: 1024px\" class=\"wp-caption alignnone\"><a href=\"https:\/\/d2p6e6u75xmxt8.cloudfront.net\/13\/2020\/05\/karla-\u0161t\u011bp\u00e1nov\u00e1-kabelka.jpg\"><img loading=\"lazy\" decoding=\"async\" class=\"size-full wp-image-7398\" src=\"https:\/\/d2p6e6u75xmxt8.cloudfront.net\/13\/2020\/05\/karla-\u0161t\u011bp\u00e1nov\u00e1-kabelka.jpg\" alt=\"Bikerka Karla \u0160t\u011bp\u00e1nov\u00e1 s kabelkou, kterou sama vyrobila. Foto: Michal \u010cerven\u00fd\" width=\"1024\" height=\"682\" \/><\/a><figcaption id=\"caption-attachment-7398\" class=\"wp-caption-text\"><em>Bikerka Karla \u0160t\u011bp\u00e1nov\u00e1 s kabelkou, kterou sama vyrobila. Foto: Michal \u010cerven\u00fd<\/em><\/figcaption><\/figure>\n<h2><strong>Kolik v\u00e1m jej\u00ed v\u00fdroba zabrala \u010dasu?<\/strong><\/h2>\n<p>Podle m\u011b to bylo ke sto hodin\u00e1m pr\u00e1ce. T\u0159eba nat\u00edr\u00e1n\u00ed ko\u017een\u00fdch hran, to bylo n\u011bkdy do zblbnut\u00ed. Celkem osm n\u00e1t\u011br\u016f. Ale kdy\u017e jsem kabelku kone\u010dn\u011b dokon\u010dila, byla jsem fakt spokojen\u00e1. Je z italsk\u00e9 k\u016f\u017ee a v\u0161echno je ru\u010dn\u00ed pr\u00e1ce.<\/p>\n<div class=\"shortcode-ys-post-pinup\"><article class=\"loop-simple post-7249 post type-post status-publish format-standard has-post-thumbnail hentry category-silnicni-cyklistika tag-cyklistika tag-karel-vacek tag-silnicni-cyklistika global-categories-cycling\" data-postid=\"7249\" role=\"article\" data-post-id=\"7249\" data-word-count=\"687\" data-headline-length=\"97\" data-category=\"Silni\u010dn\u00ed cyklistika\" data-global-category=\"Cycling\" data-author=\"Adam Bouda\" data-published=\"2020-05-23T07:00:17+02:00\" data-published-day=\"Saturday\">\n    <div class=\"entry-thumbnail article-thumbnail\" content=\"https:\/\/d2p6e6u75xmxt8.cloudfront.net\/13\/2019\/06\/vycerpany-karel-vacek-150x150.webp\"><a href=\"https:\/\/www.welovecycling.com\/cs\/2020\/05\/23\/dolce-vita-karla-vacka-proc-talentovany-reprezentant-miluje-zivot-na-apeninskem-poloostrove\/\" class=\"image-holder\" target=\"_self\"><img decoding=\"async\" loading=\"lazy\" class=\"\" src=\"https:\/\/d2p6e6u75xmxt8.cloudfront.net\/13\/2019\/06\/vycerpany-karel-vacek-1024x684.webp\" srcset=\"https:\/\/d2p6e6u75xmxt8.cloudfront.net\/13\/2019\/06\/vycerpany-karel-vacek.webp 2400w, https:\/\/d2p6e6u75xmxt8.cloudfront.net\/13\/2019\/06\/vycerpany-karel-vacek-300x200.webp 300w, https:\/\/d2p6e6u75xmxt8.cloudfront.net\/13\/2019\/06\/vycerpany-karel-vacek-1024x684.webp 1024w, https:\/\/d2p6e6u75xmxt8.cloudfront.net\/13\/2019\/06\/vycerpany-karel-vacek-768x513.webp 768w, https:\/\/d2p6e6u75xmxt8.cloudfront.net\/13\/2019\/06\/vycerpany-karel-vacek-1536x1025.webp 1536w, https:\/\/d2p6e6u75xmxt8.cloudfront.net\/13\/2019\/06\/vycerpany-karel-vacek-2048x1367.webp 2048w, https:\/\/d2p6e6u75xmxt8.cloudfront.net\/13\/2019\/06\/vycerpany-karel-vacek-1920x1282.webp 1920w, https:\/\/d2p6e6u75xmxt8.cloudfront.net\/13\/2019\/06\/vycerpany-karel-vacek-272x182.webp 272w, https:\/\/d2p6e6u75xmxt8.cloudfront.net\/13\/2019\/06\/vycerpany-karel-vacek-1920x1282.webp 1920w\" width=\"1024\" height=\"684\" sizes=\"auto, (min-width: 1200px) 300px, (min-width: 768px) 25vw, 100vw\" alt=\"dolce-vita-karla-vacka-proc-talentovany-reprezentant-miluje-zivot-na-apeninskem-poloostrove\"\/><\/a><\/div>    <div class=\"entry-meta\">\n        <a class=\"label label-secondary post-category\" href=\"https:\/\/www.welovecycling.com\/cs\/category\/silnicni-cyklistika\/\" title=\"Silni\u010dn\u00ed cyklistika\">Silni\u010dn\u00ed cyklistika<\/a>\n    <\/div>\n    <div class=\"entry-details\">\n        <a href=\"https:\/\/www.welovecycling.com\/cs\/2020\/05\/23\/dolce-vita-karla-vacka-proc-talentovany-reprezentant-miluje-zivot-na-apeninskem-poloostrove\/\" class='entry-title-wrapper'>\n            <h3 class=\"entry-title\"><span>Dolce vita Karla Vacka. Pro\u010d talentovan\u00fd reprezentant miluje \u017eivot na Apeninsk\u00e9m poloostrov\u011b<\/span><\/h3>\n        <\/a>\n    <\/div>\n    <\/article>\n<\/div>\n<h2><strong>Kdy\u017e si kabelku n\u011bkdo bude cht\u00edt koupit, na kolik ho p\u0159ijde?<\/strong><\/h2>\n<p>Byla by dra\u017e\u0161\u00ed. P\u0159ece jen je to tot\u00e1ln\u00ed zak\u00e1zkov\u00e1 v\u00fdroba. Nem\u00e1m stroj, tak\u017ee jsem v\u0161echno \u0161ila ru\u010dn\u011b jehlami. Ve sv\u011bt\u011b je to te\u010f hodn\u011b cen\u011bn\u00e9, ale ne\u017e jsem se v\u0161e nau\u010dila, byla to dost dlouh\u00e1 cesta. V\u0161echno m\u00e1m vy\u010dten\u00e9 z kn\u00ed\u017eek. Nejde o kabelku, kterou by si \u010dlov\u011bk mohl koupit ka\u017ed\u00fd den. Je s t\u00edm spousta pr\u00e1ce. J\u00e1 si v\u0161echno vyb\u00edrala sama: od k\u016f\u017ee a\u017e p\u0159es barvu nit\u00ed. Jednu kabelku u\u017e jsem vyrobila minul\u00fd rok mamince, ale druh\u00e1 je takov\u00e1 prvn\u00ed topovka. Zat\u00edm jsem na n\u00ed na\u0161la jen dv\u011b chybi\u010dky. Mus\u00edm \u0159\u00edct, \u017ee m\u011b to fakt chytlo. Doma u\u017e m\u00e1me z p\u016flky lo\u017enice d\u00edlnu.<\/p>\n<figure id=\"attachment_7411\" aria-describedby=\"caption-attachment-7411\" style=\"width: 1736px\" class=\"wp-caption alignnone\"><a href=\"https:\/\/d2p6e6u75xmxt8.cloudfront.net\/13\/2020\/05\/Karla_\u0161t\u011bp\u00e1nv\u00e1-ME-Brno-2019-mensi.jpg\"><img loading=\"lazy\" decoding=\"async\" class=\"size-full wp-image-7411\" src=\"https:\/\/d2p6e6u75xmxt8.cloudfront.net\/13\/2020\/05\/Karla_\u0161t\u011bp\u00e1nv\u00e1-ME-Brno-2019-mensi.jpg\" alt=\"Karla \u0160t\u011bp\u00e1nov\u00e1 p\u0159i z\u00e1vod\u011b mistrovstv\u00ed Evropy 2019 v Brn\u011b. Foto: Michal \u010cerven\u00fd\" width=\"1736\" height=\"1157\" \/><\/a><figcaption id=\"caption-attachment-7411\" class=\"wp-caption-text\"><em>Karla \u0160t\u011bp\u00e1nov\u00e1 p\u0159i z\u00e1vod\u011b mistrovstv\u00ed Evropy 2019 v Brn\u011b. Foto: Michal \u010cerven\u00fd<\/em><\/figcaption><\/figure>\n<h2><strong>Jak je pro sportovce t\u011b\u017ek\u00e9 tr\u00e9novat na \u010d\u00e1st sezony, kter\u00e1 je dost nejist\u00e1?<\/strong><\/h2>\n<p>J\u00e1 se s t\u00edm peru docela dost. U\u017e jsem jezdila intervaly, byla jsem na z\u00e1vodech na Kypru, na Kan\u00e1rech jsem cht\u011bla u\u017e jen vyladit formu, abych byla dobr\u00e1 hned na za\u010d\u00e1tku sezony a vyjela n\u011bjak\u00e9 body ve sv\u011b\u0165\u00e1ku. Jen\u017ee pak p\u0159i\u0161la pandemie, omezen\u00ed a v\u0161echno se ru\u0161ilo. S m\u00fdm tren\u00e9rem Emilem Bolkem jsme tr\u00e9nink nastavili tak, aby m\u011b bavil. Jen to musel trochu korigovat, proto\u017ee j\u00e1 bych na kole byla po\u0159\u00e1d&#8230;<\/p>\n<h2><strong>Kolik hodin denn\u011b jezd\u00edte?<\/strong><\/h2>\n<p>Ty del\u0161\u00ed tr\u00e9ninky kolem p\u011bti hodin. Ale taky jsem byla oslovena po\u0159adateli z Berouna na jeden charitativn\u00ed projekt pro hol\u010di\u010dku, co jezd\u00ed na handbiku. \u010cekala jsem pohodovku po \u0161otolin\u011b a lesn\u00edch cest\u00e1ch a nakonec z toho bylo 160 kilometr\u016f v r\u00e1mci projektu Bike Hero, p\u0159i\u010dem\u017e tak stovka vedla po trailech. Nastoupali jsme 4140 metr\u016f. Bylo to docela drsn\u00fd, dvan\u00e1ct hodin na kole. Posledn\u00ed \u00fasek jsme sj\u00ed\u017ed\u011bli v p\u016fl jeden\u00e1ct\u00e9 ve\u010der s jednou \u010delovkou&#8230;<\/p>\n<div class=\"shortcode-ys-post-pinup\"><article class=\"loop-simple post-7210 post type-post status-publish format-standard has-post-thumbnail hentry category-silnicni-cyklistika category-https-www-welovecycling-com-cs-category-zabava tag-cyklistika tag-everesting tag-keegan-swenson tag-trenink global-categories-cycling\" data-postid=\"7210\" role=\"article\" data-post-id=\"7210\" data-word-count=\"316\" data-headline-length=\"80\" data-category=\"Silni\u010dn\u00ed cyklistika\" data-global-category=\"Cycling\" data-author=\"Jan Kr\u016fta\" data-published=\"2020-05-19T17:30:20+02:00\" data-published-day=\"Tuesday\">\n    <div class=\"entry-thumbnail article-thumbnail\" content=\"https:\/\/d2p6e6u75xmxt8.cloudfront.net\/13\/2020\/05\/keegan-swenson-22-150x150.webp\"><a href=\"https:\/\/www.welovecycling.com\/cs\/2020\/05\/19\/na-kole-do-vysky-everestu-swenson-na-novy-rekord-nepotreboval-ani-osm-hodin\/\" class=\"image-holder\" target=\"_self\"><img decoding=\"async\" loading=\"lazy\" class=\"\" src=\"https:\/\/d2p6e6u75xmxt8.cloudfront.net\/13\/2020\/05\/keegan-swenson-22.webp\" srcset=\"https:\/\/d2p6e6u75xmxt8.cloudfront.net\/13\/2020\/05\/keegan-swenson-22.webp 960w, https:\/\/d2p6e6u75xmxt8.cloudfront.net\/13\/2020\/05\/keegan-swenson-22-300x198.webp 300w, https:\/\/d2p6e6u75xmxt8.cloudfront.net\/13\/2020\/05\/keegan-swenson-22-768x507.webp 768w\" width=\"960\" height=\"634\" sizes=\"auto, (min-width: 1200px) 302px, (min-width: 768px) 25vw, 100vw\" alt=\"na-kole-do-vysky-everestu-swenson-na-novy-rekord-nepotreboval-ani-osm-hodin\"\/><\/a><\/div>    <div class=\"entry-meta\">\n        <a class=\"label label-secondary post-category\" href=\"https:\/\/www.welovecycling.com\/cs\/category\/silnicni-cyklistika\/\" title=\"Silni\u010dn\u00ed cyklistika\">Silni\u010dn\u00ed cyklistika<\/a>\n    <\/div>\n    <div class=\"entry-details\">\n        <a href=\"https:\/\/www.welovecycling.com\/cs\/2020\/05\/19\/na-kole-do-vysky-everestu-swenson-na-novy-rekord-nepotreboval-ani-osm-hodin\/\" class='entry-title-wrapper'>\n            <h3 class=\"entry-title\"><span>Na kole do v\u00fd\u0161ky Everestu! Swenson na nov\u00fd rekord nepot\u0159eboval ani osm hodin<\/span><\/h3>\n        <\/a>\n    <\/div>\n    <\/article>\n<\/div>\n<h2><strong>Sezona horsk\u00fdch kol by se na mezin\u00e1rodn\u00ed \u00farovni m\u011bla rozjet v z\u00e1\u0159\u00ed&#8230;<\/strong><\/h2>\n<p>Ale u\u017e te\u010f sly\u0161\u00edm spoustu skeptick\u00fdch hlas\u016f. Ur\u010dit\u011b to nen\u00ed stoprocentn\u00ed. J\u00e1 osobn\u011b to vid\u00edm sedmdes\u00e1t ku t\u0159iceti, \u017ee se v\u0161echno odjede. Mistrovstv\u00ed sv\u011bta se m\u00e1 jet a\u017e v \u0159\u00edjnu v Leogangu, kdy u\u017e m\u016f\u017ee b\u00fdt v Rakousku sn\u00edh. Na druhou stranu u\u017e se za\u010d\u00edn\u00e1 z\u00e1vodit u n\u00e1s doma, jen je po\u0159\u00e1d uzav\u0159en\u00fd \u017eeb\u0159\u00ed\u010dek. Tak\u017ee je to trochu takov\u00fd punk. Zkou\u0161ela jsem n\u011bjak\u00e9 z\u00e1vody na trena\u017eeru, co\u017e je ob\u010das p\u0159\u00edjemn\u00e9 zpest\u0159en\u00ed, ale jinak stra\u0161n\u00e1 blbost&#8230; V ned\u011bli jsem jela \u0160umavsk\u00fd poh\u00e1r a prvn\u00ed vrchol pro m\u011b bude mistrovstv\u00ed republiky, kter\u00e9 by se m\u011blo jet v \u010dervenci.<\/p>\n<figure id=\"attachment_7410\" aria-describedby=\"caption-attachment-7410\" style=\"width: 2240px\" class=\"wp-caption alignnone\"><a href=\"https:\/\/d2p6e6u75xmxt8.cloudfront.net\/13\/2020\/05\/Karla-Stepanova_2020_16-mensi.jpg\"><img loading=\"lazy\" decoding=\"async\" class=\"size-full wp-image-7410\" src=\"https:\/\/d2p6e6u75xmxt8.cloudfront.net\/13\/2020\/05\/Karla-Stepanova_2020_16-mensi.jpg\" alt=\"Karla \u0160t\u011bp\u00e1nov\u00e1 p\u0159ed startem sezony 2020, kterou p\u0159eru\u0161ila pandemie koronaviru. Foto: Michal \u010cerven\u00fd\" width=\"2240\" height=\"1493\" \/><\/a><figcaption id=\"caption-attachment-7410\" class=\"wp-caption-text\"><em>Karla \u0160t\u011bp\u00e1nov\u00e1 p\u0159ed startem sezony 2020, kterou p\u0159eru\u0161ila pandemie koronaviru. Foto: Michal \u010cerven\u00fd<\/em><\/figcaption><\/figure>\n<h2><strong>U\u017e v\u00edte, kdy se sejdete s\u00a0t\u00fdmem?<\/strong><\/h2>\n<p>Asi a\u017e p\u0159ed z\u00e1vody. Dohodlo se, \u017ee budeme vyr\u00e1\u017eet z centr\u00e1ly v N\u011bmecku. Bude to \u0161\u00edlen\u011b nahu\u0161t\u011bn\u00e9. Jestli se bude moct p\u0159es hranice, asi n\u00e1s \u010dek\u00e1 n\u011bjak\u00e9 spole\u010dn\u00e9 soust\u0159ed\u011bn\u00ed. Zat\u00edm jsme toho moc nezvl\u00e1dli. Moje nov\u00e9 kolo je\u0161t\u011b parkuje v N\u011bmecku, oble\u010den\u00ed mi p\u0159i\u0161lo v bal\u00edc\u00edch.<\/p>\n<h2><strong>Pokud se sezona rozjede, jak\u00e1 podle v\u00e1s bude?<\/strong><\/h2>\n<p>Divn\u00e1. Nikdo na ni nebude pohl\u00ed\u017eet jako na norm\u00e1ln\u00ed. Ale lep\u0161\u00ed blb\u00e1 ne\u017e \u017e\u00e1dn\u00e1.<\/p>\n","protected":false},"excerpt":{"rendered":"<p>Pekeln\u00fd maraton dlouh\u00fd 160 kilometr\u016f, p\u0159i n\u011bm\u017e pro\u017eila v sedle kola dvan\u00e1ct hodin. Tr\u00e9nink. A tak\u00e9 v\u00fdroba ko\u017een\u00e9 kabelky, co\u017e [&hellip;]<\/p>\n","protected":false},"author":122,"featured_media":7413,"comment_status":"open","ping_status":"open","sticky":false,"template":"","format":"standard","meta":{"footnotes":""},"categories":[11,5],"tags":[129],"global-categories":[411],"class_list":["post-7395","post","type-post","status-publish","format-standard","has-post-thumbnail","hentry","category-horska-cyklistika","category-zeny","tag-karla-stepanova","global-categories-cycling"],"yoast_head":"<!-- This site is optimized with the Yoast SEO Premium plugin v25.3 (Yoast SEO v25.9) - https:\/\/yoast.com\/wordpress\/plugins\/seo\/ -->\n<title>Karla \u0160t\u011bp\u00e1nov\u00e1 b\u011bhem nucen\u00e9 pauzy: tr\u00e9nink, pekeln\u00fd maraton i v\u00fdroba kabelky | \u0160koda We Love Cycling - \u010cesk\u00e1 republika<\/title>\n<meta name=\"robots\" content=\"index, follow, max-snippet:-1, max-image-preview:large, max-video-preview:-1\" \/>\n<link rel=\"canonical\" href=\"https:\/\/www.welovecycling.com\/cs\/2020\/06\/01\/karla-stepanova-behem-nucene-pauzy-trenink-pekelny-maraton-i-vyroba-kabelky\/\" \/>\n<meta property=\"og:locale\" content=\"cs_CZ\" \/>\n<meta property=\"og:type\" content=\"article\" \/>\n<meta property=\"og:title\" content=\"Karla \u0160t\u011bp\u00e1nov\u00e1 b\u011bhem nucen\u00e9 pauzy: tr\u00e9nink, pekeln\u00fd maraton i v\u00fdroba kabelky\" \/>\n<meta property=\"og:description\" content=\"Pekeln\u00fd maraton dlouh\u00fd 160 kilometr\u016f, p\u0159i n\u011bm\u017e pro\u017eila v sedle kola dvan\u00e1ct hodin. Tr\u00e9nink. A tak\u00e9 v\u00fdroba ko\u017een\u00e9 kabelky, co\u017e [&hellip;]\" \/>\n<meta property=\"og:url\" content=\"https:\/\/www.welovecycling.com\/cs\/2020\/06\/01\/karla-stepanova-behem-nucene-pauzy-trenink-pekelny-maraton-i-vyroba-kabelky\/\" \/>\n<meta property=\"og:site_name\" content=\"\u0160koda We Love Cycling - \u010cesk\u00e1 republika\" \/>\n<meta property=\"article:published_time\" content=\"2020-06-01T04:00:28+00:00\" \/>\n<meta property=\"article:modified_time\" content=\"2020-06-05T21:52:55+00:00\" \/>\n<meta property=\"og:image\" content=\"https:\/\/d2p6e6u75xmxt8.cloudfront.net\/13\/2020\/05\/Karla_\u0161t\u011bp\u00e1nov\u00e1-MS-Auronzo-2018-men.webp\" \/>\n\t<meta property=\"og:image:width\" content=\"2317\" \/>\n\t<meta property=\"og:image:height\" content=\"1544\" \/>\n\t<meta property=\"og:image:type\" content=\"image\/webp\" \/>\n<meta name=\"twitter:card\" content=\"summary_large_image\" \/>\n<meta name=\"twitter:label1\" content=\"Written by\" \/>\n\t<meta name=\"twitter:data1\" content=\"Jan Kr\u016fta\" \/>\n\t<meta name=\"twitter:label2\" content=\"Est. reading time\" \/>\n\t<meta name=\"twitter:data2\" content=\"5\" \/>\n<script type=\"application\/ld+json\" class=\"yoast-schema-graph\">{\"@context\":\"https:\/\/schema.org\",\"@graph\":[{\"@type\":\"WebPage\",\"@id\":\"https:\/\/www.welovecycling.com\/cs\/2020\/06\/01\/karla-stepanova-behem-nucene-pauzy-trenink-pekelny-maraton-i-vyroba-kabelky\/\",\"url\":\"https:\/\/www.welovecycling.com\/cs\/2020\/06\/01\/karla-stepanova-behem-nucene-pauzy-trenink-pekelny-maraton-i-vyroba-kabelky\/\",\"name\":\"Karla \u0160t\u011bp\u00e1nov\u00e1 b\u011bhem nucen\u00e9 pauzy: tr\u00e9nink, pekeln\u00fd maraton i v\u00fdroba kabelky | \u0160koda We Love Cycling - \u010cesk\u00e1 republika\",\"isPartOf\":{\"@id\":\"https:\/\/www.welovecycling.com\/cs\/#website\"},\"primaryImageOfPage\":{\"@id\":\"https:\/\/www.welovecycling.com\/cs\/2020\/06\/01\/karla-stepanova-behem-nucene-pauzy-trenink-pekelny-maraton-i-vyroba-kabelky\/#primaryimage\"},\"image\":{\"@id\":\"https:\/\/www.welovecycling.com\/cs\/2020\/06\/01\/karla-stepanova-behem-nucene-pauzy-trenink-pekelny-maraton-i-vyroba-kabelky\/#primaryimage\"},\"thumbnailUrl\":\"https:\/\/d2p6e6u75xmxt8.cloudfront.net\/13\/2020\/05\/Karla_\u0161t\u011bp\u00e1nov\u00e1-MS-Auronzo-2018-men.webp\",\"datePublished\":\"2020-06-01T04:00:28+00:00\",\"dateModified\":\"2020-06-05T21:52:55+00:00\",\"author\":{\"@id\":\"\"},\"inLanguage\":\"cs\",\"potentialAction\":[{\"@type\":\"ReadAction\",\"target\":[\"https:\/\/www.welovecycling.com\/cs\/2020\/06\/01\/karla-stepanova-behem-nucene-pauzy-trenink-pekelny-maraton-i-vyroba-kabelky\/\"]}]},{\"@type\":\"ImageObject\",\"inLanguage\":\"cs\",\"@id\":\"https:\/\/www.welovecycling.com\/cs\/2020\/06\/01\/karla-stepanova-behem-nucene-pauzy-trenink-pekelny-maraton-i-vyroba-kabelky\/#primaryimage\",\"url\":\"https:\/\/d2p6e6u75xmxt8.cloudfront.net\/13\/2020\/05\/Karla_\u0161t\u011bp\u00e1nov\u00e1-MS-Auronzo-2018-men.webp\",\"contentUrl\":\"https:\/\/d2p6e6u75xmxt8.cloudfront.net\/13\/2020\/05\/Karla_\u0161t\u011bp\u00e1nov\u00e1-MS-Auronzo-2018-men.webp\",\"width\":2317,\"height\":1544,\"caption\":\"Karla \u0160t\u011bp\u00e1nov\u00e1 na mistrovstv\u00ed sv\u011bta 2018, kter\u00e9 hostilo Auronzo. Foto: Michal \u010cerven\u00fd\"},{\"@type\":\"WebSite\",\"@id\":\"https:\/\/www.welovecycling.com\/cs\/#website\",\"url\":\"https:\/\/www.welovecycling.com\/cs\/\",\"name\":\"\u0160koda We Love Cycling - \u010cesk\u00e1 republika\",\"description\":\"WeLoveCycling.cz je online magaz\u00edn, kter\u00fd v\u00e1m pravideln\u011b p\u0159in\u00e1\u0161\u00ed rady a tipy, zaj\u00edmav\u00e9 \u010dl\u00e1nky, videa a jedine\u010dn\u00e9 report\u00e1\u017ee ze sv\u011bta cyklistiky.\",\"potentialAction\":[{\"@type\":\"SearchAction\",\"target\":{\"@type\":\"EntryPoint\",\"urlTemplate\":\"https:\/\/www.welovecycling.com\/cs\/?s={search_term_string}\"},\"query-input\":{\"@type\":\"PropertyValueSpecification\",\"valueRequired\":true,\"valueName\":\"search_term_string\"}}],\"inLanguage\":\"cs\"},{\"@type\":\"Person\",\"@id\":\"\",\"url\":\"https:\/\/www.welovecycling.com\/cs\/author\/\"}]}<\/script>\n<!-- \/ Yoast SEO Premium plugin. -->","yoast_head_json":{"title":"Karla \u0160t\u011bp\u00e1nov\u00e1 b\u011bhem nucen\u00e9 pauzy: tr\u00e9nink, pekeln\u00fd maraton i v\u00fdroba kabelky | \u0160koda We Love Cycling - \u010cesk\u00e1 republika","robots":{"index":"index","follow":"follow","max-snippet":"max-snippet:-1","max-image-preview":"max-image-preview:large","max-video-preview":"max-video-preview:-1"},"canonical":"https:\/\/www.welovecycling.com\/cs\/2020\/06\/01\/karla-stepanova-behem-nucene-pauzy-trenink-pekelny-maraton-i-vyroba-kabelky\/","og_locale":"cs_CZ","og_type":"article","og_title":"Karla \u0160t\u011bp\u00e1nov\u00e1 b\u011bhem nucen\u00e9 pauzy: tr\u00e9nink, pekeln\u00fd maraton i v\u00fdroba kabelky","og_description":"Pekeln\u00fd maraton dlouh\u00fd 160 kilometr\u016f, p\u0159i n\u011bm\u017e pro\u017eila v sedle kola dvan\u00e1ct hodin. Tr\u00e9nink. A tak\u00e9 v\u00fdroba ko\u017een\u00e9 kabelky, co\u017e [&hellip;]","og_url":"https:\/\/www.welovecycling.com\/cs\/2020\/06\/01\/karla-stepanova-behem-nucene-pauzy-trenink-pekelny-maraton-i-vyroba-kabelky\/","og_site_name":"\u0160koda We Love Cycling - \u010cesk\u00e1 republika","article_published_time":"2020-06-01T04:00:28+00:00","article_modified_time":"2020-06-05T21:52:55+00:00","og_image":[{"width":2317,"height":1544,"url":"https:\/\/d2p6e6u75xmxt8.cloudfront.net\/13\/2020\/05\/Karla_\u0161t\u011bp\u00e1nov\u00e1-MS-Auronzo-2018-men.webp","type":"image\/webp"}],"twitter_card":"summary_large_image","twitter_misc":{"Written by":"Jan Kr\u016fta","Est. reading time":"5"},"schema":{"@context":"https:\/\/schema.org","@graph":[{"@type":"WebPage","@id":"https:\/\/www.welovecycling.com\/cs\/2020\/06\/01\/karla-stepanova-behem-nucene-pauzy-trenink-pekelny-maraton-i-vyroba-kabelky\/","url":"https:\/\/www.welovecycling.com\/cs\/2020\/06\/01\/karla-stepanova-behem-nucene-pauzy-trenink-pekelny-maraton-i-vyroba-kabelky\/","name":"Karla \u0160t\u011bp\u00e1nov\u00e1 b\u011bhem nucen\u00e9 pauzy: tr\u00e9nink, pekeln\u00fd maraton i v\u00fdroba kabelky | \u0160koda We Love Cycling - \u010cesk\u00e1 republika","isPartOf":{"@id":"https:\/\/www.welovecycling.com\/cs\/#website"},"primaryImageOfPage":{"@id":"https:\/\/www.welovecycling.com\/cs\/2020\/06\/01\/karla-stepanova-behem-nucene-pauzy-trenink-pekelny-maraton-i-vyroba-kabelky\/#primaryimage"},"image":{"@id":"https:\/\/www.welovecycling.com\/cs\/2020\/06\/01\/karla-stepanova-behem-nucene-pauzy-trenink-pekelny-maraton-i-vyroba-kabelky\/#primaryimage"},"thumbnailUrl":"https:\/\/d2p6e6u75xmxt8.cloudfront.net\/13\/2020\/05\/Karla_\u0161t\u011bp\u00e1nov\u00e1-MS-Auronzo-2018-men.webp","datePublished":"2020-06-01T04:00:28+00:00","dateModified":"2020-06-05T21:52:55+00:00","author":{"@id":""},"inLanguage":"cs","potentialAction":[{"@type":"ReadAction","target":["https:\/\/www.welovecycling.com\/cs\/2020\/06\/01\/karla-stepanova-behem-nucene-pauzy-trenink-pekelny-maraton-i-vyroba-kabelky\/"]}]},{"@type":"ImageObject","inLanguage":"cs","@id":"https:\/\/www.welovecycling.com\/cs\/2020\/06\/01\/karla-stepanova-behem-nucene-pauzy-trenink-pekelny-maraton-i-vyroba-kabelky\/#primaryimage","url":"https:\/\/d2p6e6u75xmxt8.cloudfront.net\/13\/2020\/05\/Karla_\u0161t\u011bp\u00e1nov\u00e1-MS-Auronzo-2018-men.webp","contentUrl":"https:\/\/d2p6e6u75xmxt8.cloudfront.net\/13\/2020\/05\/Karla_\u0161t\u011bp\u00e1nov\u00e1-MS-Auronzo-2018-men.webp","width":2317,"height":1544,"caption":"Karla \u0160t\u011bp\u00e1nov\u00e1 na mistrovstv\u00ed sv\u011bta 2018, kter\u00e9 hostilo Auronzo. Foto: Michal \u010cerven\u00fd"},{"@type":"WebSite","@id":"https:\/\/www.welovecycling.com\/cs\/#website","url":"https:\/\/www.welovecycling.com\/cs\/","name":"\u0160koda We Love Cycling - \u010cesk\u00e1 republika","description":"WeLoveCycling.cz je online magaz\u00edn, kter\u00fd v\u00e1m pravideln\u011b p\u0159in\u00e1\u0161\u00ed rady a tipy, zaj\u00edmav\u00e9 \u010dl\u00e1nky, videa a jedine\u010dn\u00e9 report\u00e1\u017ee ze sv\u011bta cyklistiky.","potentialAction":[{"@type":"SearchAction","target":{"@type":"EntryPoint","urlTemplate":"https:\/\/www.welovecycling.com\/cs\/?s={search_term_string}"},"query-input":{"@type":"PropertyValueSpecification","valueRequired":true,"valueName":"search_term_string"}}],"inLanguage":"cs"},{"@type":"Person","@id":"","url":"https:\/\/www.welovecycling.com\/cs\/author\/"}]}},"_links":{"self":[{"href":"https:\/\/www.welovecycling.com\/cs\/wp-json\/wp\/v2\/posts\/7395","targetHints":{"allow":["GET"]}}],"collection":[{"href":"https:\/\/www.welovecycling.com\/cs\/wp-json\/wp\/v2\/posts"}],"about":[{"href":"https:\/\/www.welovecycling.com\/cs\/wp-json\/wp\/v2\/types\/post"}],"author":[{"embeddable":true,"href":"https:\/\/www.welovecycling.com\/cs\/wp-json\/wp\/v2\/users\/122"}],"replies":[{"embeddable":true,"href":"https:\/\/www.welovecycling.com\/cs\/wp-json\/wp\/v2\/comments?post=7395"}],"version-history":[{"count":2,"href":"https:\/\/www.welovecycling.com\/cs\/wp-json\/wp\/v2\/posts\/7395\/revisions"}],"predecessor-version":[{"id":7568,"href":"https:\/\/www.welovecycling.com\/cs\/wp-json\/wp\/v2\/posts\/7395\/revisions\/7568"}],"wp:featuredmedia":[{"embeddable":true,"href":"https:\/\/www.welovecycling.com\/cs\/wp-json\/wp\/v2\/media\/7413"}],"wp:attachment":[{"href":"https:\/\/www.welovecycling.com\/cs\/wp-json\/wp\/v2\/media?parent=7395"}],"wp:term":[{"taxonomy":"category","embeddable":true,"href":"https:\/\/www.welovecycling.com\/cs\/wp-json\/wp\/v2\/categories?post=7395"},{"taxonomy":"post_tag","embeddable":true,"href":"https:\/\/www.welovecycling.com\/cs\/wp-json\/wp\/v2\/tags?post=7395"},{"taxonomy":"global-categories","embeddable":true,"href":"https:\/\/www.welovecycling.com\/cs\/wp-json\/wp\/v2\/global-categories?post=7395"}],"curies":[{"name":"wp","href":"https:\/\/api.w.org\/{rel}","templated":true}]}}